{"id":1856,"date":"2025-03-13T16:21:10","date_gmt":"2025-03-13T20:21:10","guid":{"rendered":"https:\/\/www.manaus.am.gov.br\/semulsp\/lagoa-do-bombeamento-compensa\/"},"modified":"2025-03-13T16:21:11","modified_gmt":"2025-03-13T20:21:11","slug":"lagoa-do-bombeamento-compensa","status":"publish","type":"post","link":"https:\/\/www.manaus.am.gov.br\/semulsp\/lagoa-do-bombeamento-compensa\/","title":{"rendered":"Revitaliza\u00e7\u00e3o da Lagoa do Bombeamento avan\u00e7a e promete transformar a Compensa em refer\u00eancia de lazer"},"content":{"rendered":"\n<p>As obras de revitaliza\u00e7\u00e3o da Lagoa do Bombeamento, localizada no bairro Compensa, zona Oeste de Manaus, seguem em ritmo acelerado. A <a href=\"https:\/\/www.instagram.com\/prefeiturademanaus\/\">Prefeitura de Manaus<\/a>, por meio da <a href=\"https:\/\/www.manaus.am.gov.br\/semulsp\/\">Secretaria Municipal de Limpeza Urbana (Semulsp)<\/a>, est\u00e1 conduzindo o projeto que visa transformar a \u00e1rea em um espa\u00e7o moderno e seguro, proporcionando lazer, bem-estar e melhor qualidade de vida para os moradores.<\/p>\n\n\n\n<p>O local, que durante anos enfrentou problemas de degrada\u00e7\u00e3o e ac\u00famulo de res\u00edduos, est\u00e1 ganhando uma nova estrutura com ciclovias, \u00e1reas de conviv\u00eancia, uma quadra esportiva reformada e uma pra\u00e7a molhada \u2014 espa\u00e7o interativo onde crian\u00e7as e adultos poder\u00e3o se refrescar nos dias mais quentes. Al\u00e9m disso, a implanta\u00e7\u00e3o de uma pra\u00e7a de alimenta\u00e7\u00e3o e um espa\u00e7o para pedalinhos na lagoa dar\u00e1 mais op\u00e7\u00f5es de lazer aos visitantes.<\/p>\n\n\n\n<p>Outro destaque da revitaliza\u00e7\u00e3o \u00e9 a limpeza e despolui\u00e7\u00e3o da lagoa, essencial para garantir a recupera\u00e7\u00e3o ambiental e a valoriza\u00e7\u00e3o do ecossistema local. O projeto tamb\u00e9m inclui trabalho de jardinagem, com plantio de mudas e \u00e1rvores, ampliando as \u00e1reas verdes e proporcionando mais sombra e conforto para os frequentadores.<\/p>\n\n\n\n<p>Para os apreciadores da natureza e da paisagem urbana, um mirante com vista panor\u00e2mica para a lagoa est\u00e1 sendo constru\u00eddo, permitindo que visitantes desfrutem da beleza do local e acompanhem sua transforma\u00e7\u00e3o.<\/p>\n\n\n\n<p><strong>Hist\u00f3ria e transforma\u00e7\u00e3o<\/strong><\/p>\n\n\n\n<p>A Lagoa do Bombeamento tem uma import\u00e2ncia hist\u00f3rica para a Compensa, sendo parte da vida cotidiana de gera\u00e7\u00f5es de moradores. No passado, a regi\u00e3o era um ponto de encontro e lazer, mas, com o tempo, sofreu com o abandono e a degrada\u00e7\u00e3o. Agora, a revitaliza\u00e7\u00e3o do espa\u00e7o resgata essa hist\u00f3ria e devolve \u00e0 comunidade um ambiente limpo, seguro e estruturado para conviv\u00eancia.<\/p>\n\n\n\n<p>Os avan\u00e7os na obra j\u00e1 est\u00e3o sendo percebidos pelos moradores, que aguardam ansiosos pela entrega do novo espa\u00e7o. Para Maria de F\u00e1tima Silva, moradora da Compensa h\u00e1 mais de 30 anos, a revitaliza\u00e7\u00e3o \u00e9 um sonho realizado.<\/p>\n\n\n\n<p>\u201cEu sempre via essa lagoa esquecida, cheia de lixo e pessoas drogadas, e me entristecia muito. Agora, ver esse trabalho sendo feito me enche de alegria. Finalmente, vamos ter um lugar bonito para trazer as crian\u00e7as e passear com seguran\u00e7a\u201d, disse.<\/p>\n\n\n\n<p>J\u00e1 o comerciante Jos\u00e9 Carlos Matos, que tem um pequeno neg\u00f3cio na regi\u00e3o, acredita que a nova infraestrutura trar\u00e1 mais movimento e oportunidades para a comunidade.<\/p>\n\n\n\n<p>\u201cA reforma est\u00e1 ficando linda, e com a pra\u00e7a de alimenta\u00e7\u00e3o, mais pessoas v\u00e3o frequentar a \u00e1rea. Isso vai ajudar muito os trabalhadores daqui\u201d, afirmou.<\/p>\n\n\n\n<p>A expectativa \u00e9 que as obras sejam conclu\u00eddas nos pr\u00f3ximos meses, garantindo um ambiente totalmente revitalizado e adequado para atividades esportivas e de lazer. Com a transforma\u00e7\u00e3o, a Lagoa do Bombeamento se tornar\u00e1 um modelo de sustentabilidade e urbanismo, resgatando sua import\u00e2ncia hist\u00f3rica e promovendo um ambiente saud\u00e1vel para toda a popula\u00e7\u00e3o da zona Oeste de Manaus.<\/p>\n\n\n\n<p>&#8212; &#8212; &#8212;<\/p>\n\n\n\n<p><strong>Texto &#8211;<\/strong> Dora Tupinamb\u00e1 \/ Semulsp<\/p>\n\n\n\n<p><strong>Foto &#8211;<\/strong> Sergio Vitor \/ Semulsp<\/p>\n","protected":false},"excerpt":{"rendered":"","protected":false},"author":57,"featured_media":1857,"comment_status":"closed","ping_status":"closed","sticky":false,"template":"","format":"standard","meta":{"footnotes":""},"categories":[642],"tags":[610,611,644,10,19],"acf":[],"yoast_head":"<!-- This site is optimized with the Yoast SEO plugin v23.0 - https:\/\/yoast.com\/wordpress\/plugins\/seo\/ -->\n<title>Revitaliza\u00e7\u00e3o da Lagoa do Bombeamento avan\u00e7a na Compensa<\/title>\n<meta name=\"description\" content=\"As obras de revitaliza\u00e7\u00e3o da Lagoa do Bombeamento, localizada no bairro Compensa, zona Oeste de Manaus, seguem em ritmo acelerado.\" \/>\n<meta name=\"robots\" content=\"noindex, follow\" \/>\n<meta property=\"og:locale\" content=\"pt_BR\" \/>\n<meta property=\"og:type\" content=\"article\" \/>\n<meta property=\"og:title\" content=\"Revitaliza\u00e7\u00e3o da Lagoa do Bombeamento avan\u00e7a na Compensa\" \/>\n<meta property=\"og:description\" content=\"As obras de revitaliza\u00e7\u00e3o da Lagoa do Bombeamento, localizada no bairro Compensa, zona Oeste de Manaus, seguem em ritmo acelerado.\" \/>\n<meta property=\"og:url\" content=\"https:\/\/www.manaus.am.gov.br\/semulsp\/lagoa-do-bombeamento-compensa\/\" \/>\n<meta property=\"og:site_name\" content=\"SEMULSP\" \/>\n<meta property=\"article:publisher\" content=\"https:\/\/www.facebook.com\/semulspmanaus\" \/>\n<meta property=\"article:published_time\" content=\"2025-03-13T20:21:10+00:00\" \/>\n<meta property=\"article:modified_time\" content=\"2025-03-13T20:21:11+00:00\" \/>\n<meta property=\"og:image\" content=\"https:\/\/www.manaus.am.gov.br\/semulsp\/wp-content\/uploads\/sites\/23\/2025\/03\/Lagoa-do-Bombeamento-1.jpeg\" \/>\n\t<meta property=\"og:image:width\" content=\"1600\" \/>\n\t<meta property=\"og:image:height\" content=\"1204\" \/>\n\t<meta property=\"og:image:type\" content=\"image\/jpeg\" \/>\n<meta name=\"author\" content=\"Thiago Fernando\" \/>\n<meta name=\"twitter:card\" content=\"summary_large_image\" \/>\n<meta name=\"twitter:label1\" content=\"Written by\" \/>\n\t<meta name=\"twitter:data1\" content=\"Thiago Fernando\" \/>\n\t<meta name=\"twitter:label2\" content=\"Est. reading time\" \/>\n\t<meta name=\"twitter:data2\" content=\"3 minutos\" \/>\n<script type=\"application\/ld+json\" class=\"yoast-schema-graph\">{\"@context\":\"https:\/\/schema.org\",\"@graph\":[{\"@type\":\"Article\",\"@id\":\"https:\/\/www.manaus.am.gov.br\/semulsp\/lagoa-do-bombeamento-compensa\/#article\",\"isPartOf\":{\"@id\":\"https:\/\/www.manaus.am.gov.br\/semulsp\/lagoa-do-bombeamento-compensa\/\"},\"author\":{\"name\":\"Thiago Fernando\",\"@id\":\"https:\/\/www.manaus.am.gov.br\/semulsp\/#\/schema\/person\/a5ee5376db6e21af026374b369f30882\"},\"headline\":\"Revitaliza\u00e7\u00e3o da Lagoa do Bombeamento avan\u00e7a e promete transformar a Compensa em refer\u00eancia de lazer\",\"datePublished\":\"2025-03-13T20:21:10+00:00\",\"dateModified\":\"2025-03-13T20:21:11+00:00\",\"mainEntityOfPage\":{\"@id\":\"https:\/\/www.manaus.am.gov.br\/semulsp\/lagoa-do-bombeamento-compensa\/\"},\"wordCount\":538,\"publisher\":{\"@id\":\"https:\/\/www.manaus.am.gov.br\/semulsp\/#organization\"},\"image\":{\"@id\":\"https:\/\/www.manaus.am.gov.br\/semulsp\/lagoa-do-bombeamento-compensa\/#primaryimage\"},\"thumbnailUrl\":\"https:\/\/www.manaus.am.gov.br\/semulsp\/wp-content\/uploads\/sites\/23\/2025\/03\/Lagoa-do-Bombeamento-1.jpeg\",\"keywords\":[\"compensa\",\"Lagoa do Bombeamento\",\"lazer\",\"prefeitura de manaus\",\"semulsp\"],\"articleSection\":[\"Lazer\"],\"inLanguage\":\"pt-BR\"},{\"@type\":\"WebPage\",\"@id\":\"https:\/\/www.manaus.am.gov.br\/semulsp\/lagoa-do-bombeamento-compensa\/\",\"url\":\"https:\/\/www.manaus.am.gov.br\/semulsp\/lagoa-do-bombeamento-compensa\/\",\"name\":\"Revitaliza\u00e7\u00e3o da Lagoa do Bombeamento avan\u00e7a na Compensa\",\"isPartOf\":{\"@id\":\"https:\/\/www.manaus.am.gov.br\/semulsp\/#website\"},\"primaryImageOfPage\":{\"@id\":\"https:\/\/www.manaus.am.gov.br\/semulsp\/lagoa-do-bombeamento-compensa\/#primaryimage\"},\"image\":{\"@id\":\"https:\/\/www.manaus.am.gov.br\/semulsp\/lagoa-do-bombeamento-compensa\/#primaryimage\"},\"thumbnailUrl\":\"https:\/\/www.manaus.am.gov.br\/semulsp\/wp-content\/uploads\/sites\/23\/2025\/03\/Lagoa-do-Bombeamento-1.jpeg\",\"datePublished\":\"2025-03-13T20:21:10+00:00\",\"dateModified\":\"2025-03-13T20:21:11+00:00\",\"description\":\"As obras de revitaliza\u00e7\u00e3o da Lagoa do Bombeamento, localizada no bairro Compensa, zona Oeste de Manaus, seguem em ritmo acelerado.\",\"breadcrumb\":{\"@id\":\"https:\/\/www.manaus.am.gov.br\/semulsp\/lagoa-do-bombeamento-compensa\/#breadcrumb\"},\"inLanguage\":\"pt-BR\",\"potentialAction\":[{\"@type\":\"ReadAction\",\"target\":[\"https:\/\/www.manaus.am.gov.br\/semulsp\/lagoa-do-bombeamento-compensa\/\"]}]},{\"@type\":\"ImageObject\",\"inLanguage\":\"pt-BR\",\"@id\":\"https:\/\/www.manaus.am.gov.br\/semulsp\/lagoa-do-bombeamento-compensa\/#primaryimage\",\"url\":\"https:\/\/www.manaus.am.gov.br\/semulsp\/wp-content\/uploads\/sites\/23\/2025\/03\/Lagoa-do-Bombeamento-1.jpeg\",\"contentUrl\":\"https:\/\/www.manaus.am.gov.br\/semulsp\/wp-content\/uploads\/sites\/23\/2025\/03\/Lagoa-do-Bombeamento-1.jpeg\",\"width\":1600,\"height\":1204,\"caption\":\"Lagoa do Bombeamento\"},{\"@type\":\"BreadcrumbList\",\"@id\":\"https:\/\/www.manaus.am.gov.br\/semulsp\/lagoa-do-bombeamento-compensa\/#breadcrumb\",\"itemListElement\":[{\"@type\":\"ListItem\",\"position\":1,\"name\":\"Home\",\"item\":\"https:\/\/www.manaus.am.gov.br\/semulsp\/\"},{\"@type\":\"ListItem\",\"position\":2,\"name\":\"Revitaliza\u00e7\u00e3o da Lagoa do Bombeamento avan\u00e7a e promete transformar a Compensa em refer\u00eancia de lazer\"}]},{\"@type\":\"WebSite\",\"@id\":\"https:\/\/www.manaus.am.gov.br\/semulsp\/#website\",\"url\":\"https:\/\/www.manaus.am.gov.br\/semulsp\/\",\"name\":\"SEMULSP\",\"description\":\"Prefeitura de Manaus\",\"publisher\":{\"@id\":\"https:\/\/www.manaus.am.gov.br\/semulsp\/#organization\"},\"alternateName\":\"Secretaria Municipal de Limpeza P\u00fablica\",\"potentialAction\":[{\"@type\":\"SearchAction\",\"target\":{\"@type\":\"EntryPoint\",\"urlTemplate\":\"https:\/\/www.manaus.am.gov.br\/semulsp\/?s={search_term_string}\"},\"query-input\":\"required name=search_term_string\"}],\"inLanguage\":\"pt-BR\"},{\"@type\":\"Organization\",\"@id\":\"https:\/\/www.manaus.am.gov.br\/semulsp\/#organization\",\"name\":\"SEMULSP\",\"alternateName\":\"Secretaria Municipal de Limpeza P\u00fablica\",\"url\":\"https:\/\/www.manaus.am.gov.br\/semulsp\/\",\"logo\":{\"@type\":\"ImageObject\",\"inLanguage\":\"pt-BR\",\"@id\":\"https:\/\/www.manaus.am.gov.br\/semulsp\/#\/schema\/logo\/image\/\",\"url\":\"https:\/\/www.manaus.am.gov.br\/semulsp\/wp-content\/uploads\/sites\/23\/2023\/05\/cropped-favicon.png\",\"contentUrl\":\"https:\/\/www.manaus.am.gov.br\/semulsp\/wp-content\/uploads\/sites\/23\/2023\/05\/cropped-favicon.png\",\"width\":512,\"height\":512,\"caption\":\"SEMULSP\"},\"image\":{\"@id\":\"https:\/\/www.manaus.am.gov.br\/semulsp\/#\/schema\/logo\/image\/\"},\"sameAs\":[\"https:\/\/www.facebook.com\/semulspmanaus\",\"https:\/\/www.instagram.com\/semulspmanaus\/\"]},{\"@type\":\"Person\",\"@id\":\"https:\/\/www.manaus.am.gov.br\/semulsp\/#\/schema\/person\/a5ee5376db6e21af026374b369f30882\",\"name\":\"Thiago Fernando\",\"image\":{\"@type\":\"ImageObject\",\"inLanguage\":\"pt-BR\",\"@id\":\"https:\/\/www.manaus.am.gov.br\/semulsp\/#\/schema\/person\/image\/\",\"url\":\"https:\/\/secure.gravatar.com\/avatar\/f5aab8722444041451501c077052ac07?s=96&d=mm&r=g\",\"contentUrl\":\"https:\/\/secure.gravatar.com\/avatar\/f5aab8722444041451501c077052ac07?s=96&d=mm&r=g\",\"caption\":\"Thiago Fernando\"}}]}<\/script>\n<!-- \/ Yoast SEO plugin. -->","yoast_head_json":{"title":"Revitaliza\u00e7\u00e3o da Lagoa do Bombeamento avan\u00e7a na Compensa","description":"As obras de revitaliza\u00e7\u00e3o da Lagoa do Bombeamento, localizada no bairro Compensa, zona Oeste de Manaus, seguem em ritmo acelerado.","robots":{"index":"noindex","follow":"follow"},"og_locale":"pt_BR","og_type":"article","og_title":"Revitaliza\u00e7\u00e3o da Lagoa do Bombeamento avan\u00e7a na Compensa","og_description":"As obras de revitaliza\u00e7\u00e3o da Lagoa do Bombeamento, localizada no bairro Compensa, zona Oeste de Manaus, seguem em ritmo acelerado.","og_url":"https:\/\/www.manaus.am.gov.br\/semulsp\/lagoa-do-bombeamento-compensa\/","og_site_name":"SEMULSP","article_publisher":"https:\/\/www.facebook.com\/semulspmanaus","article_published_time":"2025-03-13T20:21:10+00:00","article_modified_time":"2025-03-13T20:21:11+00:00","og_image":[{"width":1600,"height":1204,"url":"https:\/\/www.manaus.am.gov.br\/semulsp\/wp-content\/uploads\/sites\/23\/2025\/03\/Lagoa-do-Bombeamento-1.jpeg","type":"image\/jpeg"}],"author":"Thiago Fernando","twitter_card":"summary_large_image","twitter_misc":{"Written by":"Thiago Fernando","Est. reading time":"3 minutos"},"schema":{"@context":"https:\/\/schema.org","@graph":[{"@type":"Article","@id":"https:\/\/www.manaus.am.gov.br\/semulsp\/lagoa-do-bombeamento-compensa\/#article","isPartOf":{"@id":"https:\/\/www.manaus.am.gov.br\/semulsp\/lagoa-do-bombeamento-compensa\/"},"author":{"name":"Thiago Fernando","@id":"https:\/\/www.manaus.am.gov.br\/semulsp\/#\/schema\/person\/a5ee5376db6e21af026374b369f30882"},"headline":"Revitaliza\u00e7\u00e3o da Lagoa do Bombeamento avan\u00e7a e promete transformar a Compensa em refer\u00eancia de lazer","datePublished":"2025-03-13T20:21:10+00:00","dateModified":"2025-03-13T20:21:11+00:00","mainEntityOfPage":{"@id":"https:\/\/www.manaus.am.gov.br\/semulsp\/lagoa-do-bombeamento-compensa\/"},"wordCount":538,"publisher":{"@id":"https:\/\/www.manaus.am.gov.br\/semulsp\/#organization"},"image":{"@id":"https:\/\/www.manaus.am.gov.br\/semulsp\/lagoa-do-bombeamento-compensa\/#primaryimage"},"thumbnailUrl":"https:\/\/www.manaus.am.gov.br\/semulsp\/wp-content\/uploads\/sites\/23\/2025\/03\/Lagoa-do-Bombeamento-1.jpeg","keywords":["compensa","Lagoa do Bombeamento","lazer","prefeitura de manaus","semulsp"],"articleSection":["Lazer"],"inLanguage":"pt-BR"},{"@type":"WebPage","@id":"https:\/\/www.manaus.am.gov.br\/semulsp\/lagoa-do-bombeamento-compensa\/","url":"https:\/\/www.manaus.am.gov.br\/semulsp\/lagoa-do-bombeamento-compensa\/","name":"Revitaliza\u00e7\u00e3o da Lagoa do Bombeamento avan\u00e7a na Compensa","isPartOf":{"@id":"https:\/\/www.manaus.am.gov.br\/semulsp\/#website"},"primaryImageOfPage":{"@id":"https:\/\/www.manaus.am.gov.br\/semulsp\/lagoa-do-bombeamento-compensa\/#primaryimage"},"image":{"@id":"https:\/\/www.manaus.am.gov.br\/semulsp\/lagoa-do-bombeamento-compensa\/#primaryimage"},"thumbnailUrl":"https:\/\/www.manaus.am.gov.br\/semulsp\/wp-content\/uploads\/sites\/23\/2025\/03\/Lagoa-do-Bombeamento-1.jpeg","datePublished":"2025-03-13T20:21:10+00:00","dateModified":"2025-03-13T20:21:11+00:00","description":"As obras de revitaliza\u00e7\u00e3o da Lagoa do Bombeamento, localizada no bairro Compensa, zona Oeste de Manaus, seguem em ritmo acelerado.","breadcrumb":{"@id":"https:\/\/www.manaus.am.gov.br\/semulsp\/lagoa-do-bombeamento-compensa\/#breadcrumb"},"inLanguage":"pt-BR","potentialAction":[{"@type":"ReadAction","target":["https:\/\/www.manaus.am.gov.br\/semulsp\/lagoa-do-bombeamento-compensa\/"]}]},{"@type":"ImageObject","inLanguage":"pt-BR","@id":"https:\/\/www.manaus.am.gov.br\/semulsp\/lagoa-do-bombeamento-compensa\/#primaryimage","url":"https:\/\/www.manaus.am.gov.br\/semulsp\/wp-content\/uploads\/sites\/23\/2025\/03\/Lagoa-do-Bombeamento-1.jpeg","contentUrl":"https:\/\/www.manaus.am.gov.br\/semulsp\/wp-content\/uploads\/sites\/23\/2025\/03\/Lagoa-do-Bombeamento-1.jpeg","width":1600,"height":1204,"caption":"Lagoa do Bombeamento"},{"@type":"BreadcrumbList","@id":"https:\/\/www.manaus.am.gov.br\/semulsp\/lagoa-do-bombeamento-compensa\/#breadcrumb","itemListElement":[{"@type":"ListItem","position":1,"name":"Home","item":"https:\/\/www.manaus.am.gov.br\/semulsp\/"},{"@type":"ListItem","position":2,"name":"Revitaliza\u00e7\u00e3o da Lagoa do Bombeamento avan\u00e7a e promete transformar a Compensa em refer\u00eancia de lazer"}]},{"@type":"WebSite","@id":"https:\/\/www.manaus.am.gov.br\/semulsp\/#website","url":"https:\/\/www.manaus.am.gov.br\/semulsp\/","name":"SEMULSP","description":"Prefeitura de Manaus","publisher":{"@id":"https:\/\/www.manaus.am.gov.br\/semulsp\/#organization"},"alternateName":"Secretaria Municipal de Limpeza P\u00fablica","potentialAction":[{"@type":"SearchAction","target":{"@type":"EntryPoint","urlTemplate":"https:\/\/www.manaus.am.gov.br\/semulsp\/?s={search_term_string}"},"query-input":"required name=search_term_string"}],"inLanguage":"pt-BR"},{"@type":"Organization","@id":"https:\/\/www.manaus.am.gov.br\/semulsp\/#organization","name":"SEMULSP","alternateName":"Secretaria Municipal de Limpeza P\u00fablica","url":"https:\/\/www.manaus.am.gov.br\/semulsp\/","logo":{"@type":"ImageObject","inLanguage":"pt-BR","@id":"https:\/\/www.manaus.am.gov.br\/semulsp\/#\/schema\/logo\/image\/","url":"https:\/\/www.manaus.am.gov.br\/semulsp\/wp-content\/uploads\/sites\/23\/2023\/05\/cropped-favicon.png","contentUrl":"https:\/\/www.manaus.am.gov.br\/semulsp\/wp-content\/uploads\/sites\/23\/2023\/05\/cropped-favicon.png","width":512,"height":512,"caption":"SEMULSP"},"image":{"@id":"https:\/\/www.manaus.am.gov.br\/semulsp\/#\/schema\/logo\/image\/"},"sameAs":["https:\/\/www.facebook.com\/semulspmanaus","https:\/\/www.instagram.com\/semulspmanaus\/"]},{"@type":"Person","@id":"https:\/\/www.manaus.am.gov.br\/semulsp\/#\/schema\/person\/a5ee5376db6e21af026374b369f30882","name":"Thiago Fernando","image":{"@type":"ImageObject","inLanguage":"pt-BR","@id":"https:\/\/www.manaus.am.gov.br\/semulsp\/#\/schema\/person\/image\/","url":"https:\/\/secure.gravatar.com\/avatar\/f5aab8722444041451501c077052ac07?s=96&d=mm&r=g","contentUrl":"https:\/\/secure.gravatar.com\/avatar\/f5aab8722444041451501c077052ac07?s=96&d=mm&r=g","caption":"Thiago Fernando"}}]}},"_links":{"self":[{"href":"https:\/\/www.manaus.am.gov.br\/semulsp\/wp-json\/wp\/v2\/posts\/1856"}],"collection":[{"href":"https:\/\/www.manaus.am.gov.br\/semulsp\/wp-json\/wp\/v2\/posts"}],"about":[{"href":"https:\/\/www.manaus.am.gov.br\/semulsp\/wp-json\/wp\/v2\/types\/post"}],"author":[{"embeddable":true,"href":"https:\/\/www.manaus.am.gov.br\/semulsp\/wp-json\/wp\/v2\/users\/57"}],"replies":[{"embeddable":true,"href":"https:\/\/www.manaus.am.gov.br\/semulsp\/wp-json\/wp\/v2\/comments?post=1856"}],"version-history":[{"count":0,"href":"https:\/\/www.manaus.am.gov.br\/semulsp\/wp-json\/wp\/v2\/posts\/1856\/revisions"}],"wp:featuredmedia":[{"embeddable":true,"href":"https:\/\/www.manaus.am.gov.br\/semulsp\/wp-json\/wp\/v2\/media\/1857"}],"wp:attachment":[{"href":"https:\/\/www.manaus.am.gov.br\/semulsp\/wp-json\/wp\/v2\/media?parent=1856"}],"wp:term":[{"taxonomy":"category","embeddable":true,"href":"https:\/\/www.manaus.am.gov.br\/semulsp\/wp-json\/wp\/v2\/categories?post=1856"},{"taxonomy":"post_tag","embeddable":true,"href":"https:\/\/www.manaus.am.gov.br\/semulsp\/wp-json\/wp\/v2\/tags?post=1856"}],"curies":[{"name":"wp","href":"https:\/\/api.w.org\/{rel}","templated":true}]}}