{"id":1757,"date":"2025-02-19T16:41:59","date_gmt":"2025-02-19T20:41:59","guid":{"rendered":"https:\/\/www.manaus.am.gov.br\/semulsp\/praias-e-comunidades-ribeirinhas\/"},"modified":"2025-02-19T16:42:00","modified_gmt":"2025-02-19T20:42:00","slug":"praias-e-comunidades-ribeirinhas","status":"publish","type":"post","link":"https:\/\/www.manaus.am.gov.br\/semulsp\/praias-e-comunidades-ribeirinhas\/","title":{"rendered":"Prefeitura intensifica limpeza semanal nas praias e comunidades ribeirinhas do Rio Negro"},"content":{"rendered":"\n<p>A <a href=\"https:\/\/www.instagram.com\/prefeiturademanaus\/\">Prefeitura de Manaus<\/a>, por meio da <a href=\"https:\/\/www.manaus.am.gov.br\/semulsp\/\">Secretaria Municipal de Limpeza Urbana (Semulsp)<\/a>, segue firme no compromisso de manter as praias e comunidades ribeirinhas da margem direita do rio Negro limpas e bem cuidadas. Nesta quarta-feira, 19\/2, as equipes iniciaram mais uma opera\u00e7\u00e3o de coleta de res\u00edduos e limpeza, um trabalho essencial para a preserva\u00e7\u00e3o ambiental e a qualidade de vida dos moradores e visitantes.<\/p>\n\n\n\n<p>A a\u00e7\u00e3o, que ocorre regularmente, atende praias bastante frequentadas, como as praias da Lua e do Tup\u00e9, al\u00e9m de comunidades ribeirinhas como Livramento, Nossa Senhora de F\u00e1tima, Abelha, Santa Maria, S\u00e3o Sebasti\u00e3o, Ebenezer, Agrovila, Juli\u00e3o, Baixote, Arara, S\u00e3o Jo\u00e3o do Tup\u00e9 e Bela Vista do Jaraqui. O trabalho se estende ainda \u00e0s comunidades ind\u00edgenas Tatuyo, Tuyuka, Cipi\u00e1 e Diakuru, encerrando o ciclo de limpeza na sexta-feira, 21\/2.<\/p>\n\n\n\n<p>O secret\u00e1rio da Semulsp, Sab\u00e1 Reis, refor\u00e7a que a gest\u00e3o do prefeito David Almeida tem como prioridade cuidar da cidade em todas as suas dimens\u00f5es, do centro urbano \u00e0s \u00e1reas ribeirinhas.<\/p>\n\n\n\n<p>&#8220;Estamos atentos a todas as regi\u00f5es de Manaus para garantir n\u00e3o apenas limpeza, mas tamb\u00e9m qualidade de vida aos moradores e visitantes. As praias e comunidades ribeirinhas s\u00e3o importantes pontos tur\u00edsticos e de lazer e precisamos preserv\u00e1-los para que continuem sendo espa\u00e7os agrad\u00e1veis para todos&#8221;, afirma o secret\u00e1rio.<\/p>\n\n\n\n<p>A opera\u00e7\u00e3o acontece de forma planejada, respeitando a necessidade e o contato das pr\u00f3prias comunidades. Na praia da Lua, por exemplo, a limpeza ocorre uma vez por semana, mas, em algumas comunidades ribeirinhas, como S\u00e3o Jo\u00e3o do Tup\u00e9, h\u00e1 lixeiras constru\u00eddas tanto pela Semulsp quanto pelos pr\u00f3prios moradores, e a coleta \u00e9 acionada quando essas lixeiras atingem sua capacidade m\u00e1xima. Em geral, o intervalo pode variar entre 15 dias e at\u00e9 um m\u00eas e meio, dependendo da solicita\u00e7\u00e3o dos comunit\u00e1rios.<\/p>\n\n\n\n<p>A Semulsp instalou lixeiras flutuantes na maioria das comunidades ribeirinhas para facilitar o trabalho de coleta e evitar o descarte irregular de res\u00edduos nestas \u00e1reas. Essa estrutura permite que os res\u00edduos sejam armazenados de forma adequada at\u00e9 o momento da coleta, minimizando impactos ambientais e garantindo mais higiene para os moradores.<\/p>\n\n\n\n<p>&#8220;A Semulsp atua em parceria com os moradores para garantir um servi\u00e7o eficiente. Algumas localidades precisam de um deslocamento maior, ent\u00e3o organizamos a ida e a volta das equipes para otimizar o trabalho e atender a todos da melhor forma poss\u00edvel&#8221;, explica Marlon Chagas, encarregado das equipes de limpeza. Ele destaca que as comunidades fazem sua parte ao armazenar corretamente os res\u00edduos at\u00e9 o momento da coleta.<\/p>\n\n\n\n<p>Nas comunidades do Jaraqui e do Abelha, h\u00e1 duas lixeiras posicionadas estrategicamente, uma na frente e outra no lago do Acural, pois a localidade tem duas entradas. J\u00e1 nas aldeias ind\u00edgenas, onde n\u00e3o h\u00e1 lixeiras flutuantes, os res\u00edduos s\u00e3o armazenados dentro das comunidades at\u00e9 que as lideran\u00e7as solicitem a coleta \u00e0 Semulsp.<\/p>\n\n\n\n<p>&#8212; &#8212; &#8212;<\/p>\n\n\n\n<p><strong>Texto &#8211;<\/strong> Dora Tupinamb\u00e1 \/Semulsp<\/p>\n\n\n\n<p><strong>Fotos &#8211;<\/strong> Divulga\u00e7\u00e3o \/ Semulsp<\/p>\n\n\n\n<p><strong>Dispon\u00edveis em<\/strong> \u2013 <a href=\"https:\/\/flic.kr\/s\/aHBqjC33xo\">https:\/\/flic.kr\/s\/aHBqjC33xo<\/a><\/p>\n","protected":false},"excerpt":{"rendered":"","protected":false},"author":57,"featured_media":1758,"comment_status":"closed","ping_status":"closed","sticky":false,"template":"","format":"standard","meta":{"footnotes":""},"categories":[38],"tags":[398,615,10,19],"acf":[],"yoast_head":"<!-- This site is optimized with the Yoast SEO plugin v23.0 - https:\/\/yoast.com\/wordpress\/plugins\/seo\/ -->\n<title>Prefeitura intensifica limpeza nas praias e comunidades ribeirinhas<\/title>\n<meta name=\"description\" content=\"A Prefeitura de Manaus segue firme no compromisso de manter as praias e comunidades ribeirinhas da margem direita do rio Negro limpas.\" \/>\n<meta name=\"robots\" content=\"noindex, follow\" \/>\n<meta property=\"og:locale\" content=\"pt_BR\" \/>\n<meta property=\"og:type\" content=\"article\" \/>\n<meta property=\"og:title\" content=\"Prefeitura intensifica limpeza nas praias e comunidades ribeirinhas\" \/>\n<meta property=\"og:description\" content=\"A Prefeitura de Manaus segue firme no compromisso de manter as praias e comunidades ribeirinhas da margem direita do rio Negro limpas.\" \/>\n<meta property=\"og:url\" content=\"https:\/\/www.manaus.am.gov.br\/semulsp\/praias-e-comunidades-ribeirinhas\/\" \/>\n<meta property=\"og:site_name\" content=\"SEMULSP\" \/>\n<meta property=\"article:publisher\" content=\"https:\/\/www.facebook.com\/semulspmanaus\" \/>\n<meta property=\"article:published_time\" content=\"2025-02-19T20:41:59+00:00\" \/>\n<meta property=\"article:modified_time\" content=\"2025-02-19T20:42:00+00:00\" \/>\n<meta property=\"og:image\" content=\"https:\/\/www.manaus.am.gov.br\/semulsp\/wp-content\/uploads\/sites\/23\/2025\/02\/praias-e-comunidades-ribeirinhas-1.jpeg\" \/>\n\t<meta property=\"og:image:width\" content=\"1280\" \/>\n\t<meta property=\"og:image:height\" content=\"960\" \/>\n\t<meta property=\"og:image:type\" content=\"image\/jpeg\" \/>\n<meta name=\"author\" content=\"Thiago Fernando\" \/>\n<meta name=\"twitter:card\" content=\"summary_large_image\" \/>\n<meta name=\"twitter:label1\" content=\"Written by\" \/>\n\t<meta name=\"twitter:data1\" content=\"Thiago Fernando\" \/>\n\t<meta name=\"twitter:label2\" content=\"Est. reading time\" \/>\n\t<meta name=\"twitter:data2\" content=\"3 minutos\" \/>\n<script type=\"application\/ld+json\" class=\"yoast-schema-graph\">{\"@context\":\"https:\/\/schema.org\",\"@graph\":[{\"@type\":\"Article\",\"@id\":\"https:\/\/www.manaus.am.gov.br\/semulsp\/praias-e-comunidades-ribeirinhas\/#article\",\"isPartOf\":{\"@id\":\"https:\/\/www.manaus.am.gov.br\/semulsp\/praias-e-comunidades-ribeirinhas\/\"},\"author\":{\"name\":\"Thiago Fernando\",\"@id\":\"https:\/\/www.manaus.am.gov.br\/semulsp\/#\/schema\/person\/a5ee5376db6e21af026374b369f30882\"},\"headline\":\"Prefeitura intensifica limpeza semanal nas praias e comunidades ribeirinhas do Rio Negro\",\"datePublished\":\"2025-02-19T20:41:59+00:00\",\"dateModified\":\"2025-02-19T20:42:00+00:00\",\"mainEntityOfPage\":{\"@id\":\"https:\/\/www.manaus.am.gov.br\/semulsp\/praias-e-comunidades-ribeirinhas\/\"},\"wordCount\":536,\"publisher\":{\"@id\":\"https:\/\/www.manaus.am.gov.br\/semulsp\/#organization\"},\"image\":{\"@id\":\"https:\/\/www.manaus.am.gov.br\/semulsp\/praias-e-comunidades-ribeirinhas\/#primaryimage\"},\"thumbnailUrl\":\"https:\/\/www.manaus.am.gov.br\/semulsp\/wp-content\/uploads\/sites\/23\/2025\/02\/praias-e-comunidades-ribeirinhas-1.jpeg\",\"keywords\":[\"limpeza urbana\",\"praias e comunidades ribeirinhas\",\"prefeitura de manaus\",\"semulsp\"],\"articleSection\":[\"Limpeza\"],\"inLanguage\":\"pt-BR\"},{\"@type\":\"WebPage\",\"@id\":\"https:\/\/www.manaus.am.gov.br\/semulsp\/praias-e-comunidades-ribeirinhas\/\",\"url\":\"https:\/\/www.manaus.am.gov.br\/semulsp\/praias-e-comunidades-ribeirinhas\/\",\"name\":\"Prefeitura intensifica limpeza nas praias e comunidades ribeirinhas\",\"isPartOf\":{\"@id\":\"https:\/\/www.manaus.am.gov.br\/semulsp\/#website\"},\"primaryImageOfPage\":{\"@id\":\"https:\/\/www.manaus.am.gov.br\/semulsp\/praias-e-comunidades-ribeirinhas\/#primaryimage\"},\"image\":{\"@id\":\"https:\/\/www.manaus.am.gov.br\/semulsp\/praias-e-comunidades-ribeirinhas\/#primaryimage\"},\"thumbnailUrl\":\"https:\/\/www.manaus.am.gov.br\/semulsp\/wp-content\/uploads\/sites\/23\/2025\/02\/praias-e-comunidades-ribeirinhas-1.jpeg\",\"datePublished\":\"2025-02-19T20:41:59+00:00\",\"dateModified\":\"2025-02-19T20:42:00+00:00\",\"description\":\"A Prefeitura de Manaus segue firme no compromisso de manter as praias e comunidades ribeirinhas da margem direita do rio Negro limpas.\",\"breadcrumb\":{\"@id\":\"https:\/\/www.manaus.am.gov.br\/semulsp\/praias-e-comunidades-ribeirinhas\/#breadcrumb\"},\"inLanguage\":\"pt-BR\",\"potentialAction\":[{\"@type\":\"ReadAction\",\"target\":[\"https:\/\/www.manaus.am.gov.br\/semulsp\/praias-e-comunidades-ribeirinhas\/\"]}]},{\"@type\":\"ImageObject\",\"inLanguage\":\"pt-BR\",\"@id\":\"https:\/\/www.manaus.am.gov.br\/semulsp\/praias-e-comunidades-ribeirinhas\/#primaryimage\",\"url\":\"https:\/\/www.manaus.am.gov.br\/semulsp\/wp-content\/uploads\/sites\/23\/2025\/02\/praias-e-comunidades-ribeirinhas-1.jpeg\",\"contentUrl\":\"https:\/\/www.manaus.am.gov.br\/semulsp\/wp-content\/uploads\/sites\/23\/2025\/02\/praias-e-comunidades-ribeirinhas-1.jpeg\",\"width\":1280,\"height\":960,\"caption\":\"#paratodosverem - Servidores da Semulsp realizando limpeza em praias e comunidades ribeirinhas\"},{\"@type\":\"BreadcrumbList\",\"@id\":\"https:\/\/www.manaus.am.gov.br\/semulsp\/praias-e-comunidades-ribeirinhas\/#breadcrumb\",\"itemListElement\":[{\"@type\":\"ListItem\",\"position\":1,\"name\":\"Home\",\"item\":\"https:\/\/www.manaus.am.gov.br\/semulsp\/\"},{\"@type\":\"ListItem\",\"position\":2,\"name\":\"Prefeitura intensifica limpeza semanal nas praias e comunidades ribeirinhas do Rio Negro\"}]},{\"@type\":\"WebSite\",\"@id\":\"https:\/\/www.manaus.am.gov.br\/semulsp\/#website\",\"url\":\"https:\/\/www.manaus.am.gov.br\/semulsp\/\",\"name\":\"SEMULSP\",\"description\":\"Prefeitura de Manaus\",\"publisher\":{\"@id\":\"https:\/\/www.manaus.am.gov.br\/semulsp\/#organization\"},\"alternateName\":\"Secretaria Municipal de Limpeza P\u00fablica\",\"potentialAction\":[{\"@type\":\"SearchAction\",\"target\":{\"@type\":\"EntryPoint\",\"urlTemplate\":\"https:\/\/www.manaus.am.gov.br\/semulsp\/?s={search_term_string}\"},\"query-input\":\"required name=search_term_string\"}],\"inLanguage\":\"pt-BR\"},{\"@type\":\"Organization\",\"@id\":\"https:\/\/www.manaus.am.gov.br\/semulsp\/#organization\",\"name\":\"SEMULSP\",\"alternateName\":\"Secretaria Municipal de Limpeza P\u00fablica\",\"url\":\"https:\/\/www.manaus.am.gov.br\/semulsp\/\",\"logo\":{\"@type\":\"ImageObject\",\"inLanguage\":\"pt-BR\",\"@id\":\"https:\/\/www.manaus.am.gov.br\/semulsp\/#\/schema\/logo\/image\/\",\"url\":\"https:\/\/www.manaus.am.gov.br\/semulsp\/wp-content\/uploads\/sites\/23\/2023\/05\/cropped-favicon.png\",\"contentUrl\":\"https:\/\/www.manaus.am.gov.br\/semulsp\/wp-content\/uploads\/sites\/23\/2023\/05\/cropped-favicon.png\",\"width\":512,\"height\":512,\"caption\":\"SEMULSP\"},\"image\":{\"@id\":\"https:\/\/www.manaus.am.gov.br\/semulsp\/#\/schema\/logo\/image\/\"},\"sameAs\":[\"https:\/\/www.facebook.com\/semulspmanaus\",\"https:\/\/www.instagram.com\/semulspmanaus\/\"]},{\"@type\":\"Person\",\"@id\":\"https:\/\/www.manaus.am.gov.br\/semulsp\/#\/schema\/person\/a5ee5376db6e21af026374b369f30882\",\"name\":\"Thiago Fernando\",\"image\":{\"@type\":\"ImageObject\",\"inLanguage\":\"pt-BR\",\"@id\":\"https:\/\/www.manaus.am.gov.br\/semulsp\/#\/schema\/person\/image\/\",\"url\":\"https:\/\/secure.gravatar.com\/avatar\/f5aab8722444041451501c077052ac07?s=96&d=mm&r=g\",\"contentUrl\":\"https:\/\/secure.gravatar.com\/avatar\/f5aab8722444041451501c077052ac07?s=96&d=mm&r=g\",\"caption\":\"Thiago Fernando\"}}]}<\/script>\n<!-- \/ Yoast SEO plugin. -->","yoast_head_json":{"title":"Prefeitura intensifica limpeza nas praias e comunidades ribeirinhas","description":"A Prefeitura de Manaus segue firme no compromisso de manter as praias e comunidades ribeirinhas da margem direita do rio Negro limpas.","robots":{"index":"noindex","follow":"follow"},"og_locale":"pt_BR","og_type":"article","og_title":"Prefeitura intensifica limpeza nas praias e comunidades ribeirinhas","og_description":"A Prefeitura de Manaus segue firme no compromisso de manter as praias e comunidades ribeirinhas da margem direita do rio Negro limpas.","og_url":"https:\/\/www.manaus.am.gov.br\/semulsp\/praias-e-comunidades-ribeirinhas\/","og_site_name":"SEMULSP","article_publisher":"https:\/\/www.facebook.com\/semulspmanaus","article_published_time":"2025-02-19T20:41:59+00:00","article_modified_time":"2025-02-19T20:42:00+00:00","og_image":[{"width":1280,"height":960,"url":"https:\/\/www.manaus.am.gov.br\/semulsp\/wp-content\/uploads\/sites\/23\/2025\/02\/praias-e-comunidades-ribeirinhas-1.jpeg","type":"image\/jpeg"}],"author":"Thiago Fernando","twitter_card":"summary_large_image","twitter_misc":{"Written by":"Thiago Fernando","Est. reading time":"3 minutos"},"schema":{"@context":"https:\/\/schema.org","@graph":[{"@type":"Article","@id":"https:\/\/www.manaus.am.gov.br\/semulsp\/praias-e-comunidades-ribeirinhas\/#article","isPartOf":{"@id":"https:\/\/www.manaus.am.gov.br\/semulsp\/praias-e-comunidades-ribeirinhas\/"},"author":{"name":"Thiago Fernando","@id":"https:\/\/www.manaus.am.gov.br\/semulsp\/#\/schema\/person\/a5ee5376db6e21af026374b369f30882"},"headline":"Prefeitura intensifica limpeza semanal nas praias e comunidades ribeirinhas do Rio Negro","datePublished":"2025-02-19T20:41:59+00:00","dateModified":"2025-02-19T20:42:00+00:00","mainEntityOfPage":{"@id":"https:\/\/www.manaus.am.gov.br\/semulsp\/praias-e-comunidades-ribeirinhas\/"},"wordCount":536,"publisher":{"@id":"https:\/\/www.manaus.am.gov.br\/semulsp\/#organization"},"image":{"@id":"https:\/\/www.manaus.am.gov.br\/semulsp\/praias-e-comunidades-ribeirinhas\/#primaryimage"},"thumbnailUrl":"https:\/\/www.manaus.am.gov.br\/semulsp\/wp-content\/uploads\/sites\/23\/2025\/02\/praias-e-comunidades-ribeirinhas-1.jpeg","keywords":["limpeza urbana","praias e comunidades ribeirinhas","prefeitura de manaus","semulsp"],"articleSection":["Limpeza"],"inLanguage":"pt-BR"},{"@type":"WebPage","@id":"https:\/\/www.manaus.am.gov.br\/semulsp\/praias-e-comunidades-ribeirinhas\/","url":"https:\/\/www.manaus.am.gov.br\/semulsp\/praias-e-comunidades-ribeirinhas\/","name":"Prefeitura intensifica limpeza nas praias e comunidades ribeirinhas","isPartOf":{"@id":"https:\/\/www.manaus.am.gov.br\/semulsp\/#website"},"primaryImageOfPage":{"@id":"https:\/\/www.manaus.am.gov.br\/semulsp\/praias-e-comunidades-ribeirinhas\/#primaryimage"},"image":{"@id":"https:\/\/www.manaus.am.gov.br\/semulsp\/praias-e-comunidades-ribeirinhas\/#primaryimage"},"thumbnailUrl":"https:\/\/www.manaus.am.gov.br\/semulsp\/wp-content\/uploads\/sites\/23\/2025\/02\/praias-e-comunidades-ribeirinhas-1.jpeg","datePublished":"2025-02-19T20:41:59+00:00","dateModified":"2025-02-19T20:42:00+00:00","description":"A Prefeitura de Manaus segue firme no compromisso de manter as praias e comunidades ribeirinhas da margem direita do rio Negro limpas.","breadcrumb":{"@id":"https:\/\/www.manaus.am.gov.br\/semulsp\/praias-e-comunidades-ribeirinhas\/#breadcrumb"},"inLanguage":"pt-BR","potentialAction":[{"@type":"ReadAction","target":["https:\/\/www.manaus.am.gov.br\/semulsp\/praias-e-comunidades-ribeirinhas\/"]}]},{"@type":"ImageObject","inLanguage":"pt-BR","@id":"https:\/\/www.manaus.am.gov.br\/semulsp\/praias-e-comunidades-ribeirinhas\/#primaryimage","url":"https:\/\/www.manaus.am.gov.br\/semulsp\/wp-content\/uploads\/sites\/23\/2025\/02\/praias-e-comunidades-ribeirinhas-1.jpeg","contentUrl":"https:\/\/www.manaus.am.gov.br\/semulsp\/wp-content\/uploads\/sites\/23\/2025\/02\/praias-e-comunidades-ribeirinhas-1.jpeg","width":1280,"height":960,"caption":"#paratodosverem - Servidores da Semulsp realizando limpeza em praias e comunidades ribeirinhas"},{"@type":"BreadcrumbList","@id":"https:\/\/www.manaus.am.gov.br\/semulsp\/praias-e-comunidades-ribeirinhas\/#breadcrumb","itemListElement":[{"@type":"ListItem","position":1,"name":"Home","item":"https:\/\/www.manaus.am.gov.br\/semulsp\/"},{"@type":"ListItem","position":2,"name":"Prefeitura intensifica limpeza semanal nas praias e comunidades ribeirinhas do Rio Negro"}]},{"@type":"WebSite","@id":"https:\/\/www.manaus.am.gov.br\/semulsp\/#website","url":"https:\/\/www.manaus.am.gov.br\/semulsp\/","name":"SEMULSP","description":"Prefeitura de Manaus","publisher":{"@id":"https:\/\/www.manaus.am.gov.br\/semulsp\/#organization"},"alternateName":"Secretaria Municipal de Limpeza P\u00fablica","potentialAction":[{"@type":"SearchAction","target":{"@type":"EntryPoint","urlTemplate":"https:\/\/www.manaus.am.gov.br\/semulsp\/?s={search_term_string}"},"query-input":"required name=search_term_string"}],"inLanguage":"pt-BR"},{"@type":"Organization","@id":"https:\/\/www.manaus.am.gov.br\/semulsp\/#organization","name":"SEMULSP","alternateName":"Secretaria Municipal de Limpeza P\u00fablica","url":"https:\/\/www.manaus.am.gov.br\/semulsp\/","logo":{"@type":"ImageObject","inLanguage":"pt-BR","@id":"https:\/\/www.manaus.am.gov.br\/semulsp\/#\/schema\/logo\/image\/","url":"https:\/\/www.manaus.am.gov.br\/semulsp\/wp-content\/uploads\/sites\/23\/2023\/05\/cropped-favicon.png","contentUrl":"https:\/\/www.manaus.am.gov.br\/semulsp\/wp-content\/uploads\/sites\/23\/2023\/05\/cropped-favicon.png","width":512,"height":512,"caption":"SEMULSP"},"image":{"@id":"https:\/\/www.manaus.am.gov.br\/semulsp\/#\/schema\/logo\/image\/"},"sameAs":["https:\/\/www.facebook.com\/semulspmanaus","https:\/\/www.instagram.com\/semulspmanaus\/"]},{"@type":"Person","@id":"https:\/\/www.manaus.am.gov.br\/semulsp\/#\/schema\/person\/a5ee5376db6e21af026374b369f30882","name":"Thiago Fernando","image":{"@type":"ImageObject","inLanguage":"pt-BR","@id":"https:\/\/www.manaus.am.gov.br\/semulsp\/#\/schema\/person\/image\/","url":"https:\/\/secure.gravatar.com\/avatar\/f5aab8722444041451501c077052ac07?s=96&d=mm&r=g","contentUrl":"https:\/\/secure.gravatar.com\/avatar\/f5aab8722444041451501c077052ac07?s=96&d=mm&r=g","caption":"Thiago Fernando"}}]}},"_links":{"self":[{"href":"https:\/\/www.manaus.am.gov.br\/semulsp\/wp-json\/wp\/v2\/posts\/1757"}],"collection":[{"href":"https:\/\/www.manaus.am.gov.br\/semulsp\/wp-json\/wp\/v2\/posts"}],"about":[{"href":"https:\/\/www.manaus.am.gov.br\/semulsp\/wp-json\/wp\/v2\/types\/post"}],"author":[{"embeddable":true,"href":"https:\/\/www.manaus.am.gov.br\/semulsp\/wp-json\/wp\/v2\/users\/57"}],"replies":[{"embeddable":true,"href":"https:\/\/www.manaus.am.gov.br\/semulsp\/wp-json\/wp\/v2\/comments?post=1757"}],"version-history":[{"count":0,"href":"https:\/\/www.manaus.am.gov.br\/semulsp\/wp-json\/wp\/v2\/posts\/1757\/revisions"}],"wp:featuredmedia":[{"embeddable":true,"href":"https:\/\/www.manaus.am.gov.br\/semulsp\/wp-json\/wp\/v2\/media\/1758"}],"wp:attachment":[{"href":"https:\/\/www.manaus.am.gov.br\/semulsp\/wp-json\/wp\/v2\/media?parent=1757"}],"wp:term":[{"taxonomy":"category","embeddable":true,"href":"https:\/\/www.manaus.am.gov.br\/semulsp\/wp-json\/wp\/v2\/categories?post=1757"},{"taxonomy":"post_tag","embeddable":true,"href":"https:\/\/www.manaus.am.gov.br\/semulsp\/wp-json\/wp\/v2\/tags?post=1757"}],"curies":[{"name":"wp","href":"https:\/\/api.w.org\/{rel}","templated":true}]}}