{"id":1751,"date":"2025-02-18T16:35:45","date_gmt":"2025-02-18T20:35:45","guid":{"rendered":"https:\/\/www.manaus.am.gov.br\/semulsp\/limpeza-igarapes-cidade\/"},"modified":"2025-02-18T16:35:45","modified_gmt":"2025-02-18T20:35:45","slug":"limpeza-igarapes-cidade","status":"publish","type":"post","link":"https:\/\/www.manaus.am.gov.br\/semulsp\/limpeza-igarapes-cidade\/","title":{"rendered":"Prefeitura amplia frentes de trabalho de limpeza em igarap\u00e9s de Manaus"},"content":{"rendered":"\n<p>A Prefeitura de Manaus, por meio da Secretaria Municipal de Limpeza Urbana (Semulsp), avan\u00e7a com a limpeza e desobstru\u00e7\u00e3o de importantes igarap\u00e9s da cidade. Ap\u00f3s a conclus\u00e3o da revitaliza\u00e7\u00e3o do Igarap\u00e9 do Alvorada, as equipes da secretaria agora concentram esfor\u00e7os em quatro outros cursos d&#8217;\u00e1gua que atravessam a capital amazonense.<br><br>Os trabalhos est\u00e3o em andamento no trecho do Igarap\u00e9 do Mindu, na \u00e1rea do parque Gigantes da Floresta, entre os bairros Tancredo Neves e Novo Aleixo, na zona Leste; na Lagoa do Bombeamento, no bairro Compensa, zona Oeste; e no igarap\u00e9 do Passarinho, que corta os bairros Monte das Oliveiras e Col\u00f4nia Terra Nova, na zona Norte. Al\u00e9m disso, est\u00e1 em fase de conclus\u00e3o a limpeza do Igarap\u00e9 do 40, no trecho entre os bairros Japiim e Crespo.<br><br>Com a amplia\u00e7\u00e3o dessas frentes de trabalho, a Semulsp refor\u00e7a a\u00e7\u00f5es essenciais para prevenir alagamentos e minimizar os impactos das chuvas sobre a popula\u00e7\u00e3o. Entre os servi\u00e7os realizados est\u00e3o a desobstru\u00e7\u00e3o do leito dos igarap\u00e9s, capina\u00e7\u00e3o, poda e coleta de lixo.<\/p>\n\n\n\n<figure class=\"wp-block-image size-large\"><img loading=\"lazy\" decoding=\"async\" width=\"1024\" height=\"576\" src=\"https:\/\/www.manaus.am.gov.br\/semulsp\/wp-content\/uploads\/sites\/23\/2025\/02\/Prefeitura-amplia-frentes-de-trabalho-de-limpeza-em-igarapes-de-Manaus-2-1024x576.jpeg\" alt=\"\" class=\"wp-image-1752\" srcset=\"https:\/\/www.manaus.am.gov.br\/semulsp\/wp-content\/uploads\/sites\/23\/2025\/02\/Prefeitura-amplia-frentes-de-trabalho-de-limpeza-em-igarapes-de-Manaus-2-1024x576.jpeg 1024w, https:\/\/www.manaus.am.gov.br\/semulsp\/wp-content\/uploads\/sites\/23\/2025\/02\/Prefeitura-amplia-frentes-de-trabalho-de-limpeza-em-igarapes-de-Manaus-2-300x169.jpeg 300w, https:\/\/www.manaus.am.gov.br\/semulsp\/wp-content\/uploads\/sites\/23\/2025\/02\/Prefeitura-amplia-frentes-de-trabalho-de-limpeza-em-igarapes-de-Manaus-2-768x432.jpeg 768w, https:\/\/www.manaus.am.gov.br\/semulsp\/wp-content\/uploads\/sites\/23\/2025\/02\/Prefeitura-amplia-frentes-de-trabalho-de-limpeza-em-igarapes-de-Manaus-2-1536x864.jpeg 1536w, https:\/\/www.manaus.am.gov.br\/semulsp\/wp-content\/uploads\/sites\/23\/2025\/02\/Prefeitura-amplia-frentes-de-trabalho-de-limpeza-em-igarapes-de-Manaus-2.jpeg 1599w\" sizes=\"(max-width: 1024px) 100vw, 1024px\" \/><\/figure>\n\n\n\n<p>Segundo o secret\u00e1rio da Semulsp, Sab\u00e1 Reis, o objetivo \u00e9 manter os igarap\u00e9s limpos e garantir seguran\u00e7a para os moradores. &#8220;Estamos atuando em v\u00e1rias frentes para evitar que o lixo acumulado cause transbordamentos e prejudique as fam\u00edlias que vivem nas proximidades desses igarap\u00e9s. Esse \u00e9 um trabalho cont\u00ednuo, que precisa contar tamb\u00e9m com a consci\u00eancia da popula\u00e7\u00e3o para evitar o descarte irregular de lixo&#8221;, afirmou o gestor.<br><br>Moradores das \u00e1reas beneficiadas comemoram a a\u00e7\u00e3o da prefeitura e destacam a melhoria nas condi\u00e7\u00f5es ambientais e na seguran\u00e7a das comunidades. Para Joana Nascimento, moradora do bairro Monte das Oliveiras, a limpeza do Igarap\u00e9 do Passarinho traz al\u00edvio para as fam\u00edlias da regi\u00e3o. &#8220;Todo inverno \u00e9 aquele medo de ver a \u00e1gua subir e invadir as casas. Com essa limpeza, a gente fica mais tranquilo&#8221;, disse.<br><br>O secret\u00e1rio Sab\u00e1 Reis destacou a import\u00e2ncia do trabalho realizado e reafirmou o compromisso da gest\u00e3o do prefeito David Almeida com a qualidade de vida da popula\u00e7\u00e3o. &#8220;Nosso objetivo \u00e9 garantir uma cidade mais limpa e segura para todos. Essas a\u00e7\u00f5es fazem parte de um amplo programa de melhorias que a gest\u00e3o do prefeito David Almeida est\u00e1 implementando para o bem-estar dos manauaras&#8221;, afirmou o secret\u00e1rio.<br><br>Os trabalhos seguem em ritmo acelerado e a prefeitura refor\u00e7a a necessidade do apoio da popula\u00e7\u00e3o na conserva\u00e7\u00e3o dos igarap\u00e9s, evitando o descarte irregular de lixo, que \u00e9 um dos principais causadores de entupimentos e transbordamentos na cidade.<br><br>\u2014 \u2014 \u2014<br><strong>Texto &#8211;<\/strong> Dora Tupinamb\u00e1\/Semulsp<br><strong>Fotos &#8211;<\/strong> Divulga\u00e7\u00e3o \/Semulsp<\/p>\n","protected":false},"excerpt":{"rendered":"","protected":false},"author":68,"featured_media":1753,"comment_status":"closed","ping_status":"closed","sticky":false,"template":"","format":"standard","meta":{"footnotes":""},"categories":[38],"tags":[614,10,499],"acf":[],"yoast_head":"<!-- This site is optimized with the Yoast SEO plugin v23.0 - https:\/\/yoast.com\/wordpress\/plugins\/seo\/ -->\n<title>Prefeitura amplia frentes de trabalho de limpeza em igarap\u00e9s de Manaus<\/title>\n<meta name=\"description\" content=\"A Prefeitura de Manaus, por meio da Secretaria Municipal de Limpeza Urbana (Semulsp), avan\u00e7a com a limpeza e desobstru\u00e7\u00e3o de importantes igarap\u00e9s da cidade.\" \/>\n<meta name=\"robots\" content=\"noindex, follow\" \/>\n<meta property=\"og:locale\" content=\"pt_BR\" \/>\n<meta property=\"og:type\" content=\"article\" \/>\n<meta property=\"og:title\" content=\"Prefeitura amplia frentes de trabalho de limpeza em igarap\u00e9s de Manaus\" \/>\n<meta property=\"og:description\" content=\"A Prefeitura de Manaus, por meio da Secretaria Municipal de Limpeza Urbana (Semulsp), avan\u00e7a com a limpeza e desobstru\u00e7\u00e3o de importantes igarap\u00e9s da cidade.\" \/>\n<meta property=\"og:url\" content=\"https:\/\/www.manaus.am.gov.br\/semulsp\/limpeza-igarapes-cidade\/\" \/>\n<meta property=\"og:site_name\" content=\"SEMULSP\" \/>\n<meta property=\"article:publisher\" content=\"https:\/\/www.facebook.com\/semulspmanaus\" \/>\n<meta property=\"article:published_time\" content=\"2025-02-18T20:35:45+00:00\" \/>\n<meta property=\"og:image\" content=\"https:\/\/www.manaus.am.gov.br\/semulsp\/wp-content\/uploads\/sites\/23\/2025\/02\/Prefeitura-amplia-frentes-de-trabalho-de-limpeza-em-igarapes-de-Manaus-4.jpeg\" \/>\n\t<meta property=\"og:image:width\" content=\"1599\" \/>\n\t<meta property=\"og:image:height\" content=\"899\" \/>\n\t<meta property=\"og:image:type\" content=\"image\/jpeg\" \/>\n<meta name=\"author\" content=\"bvalente\" \/>\n<meta name=\"twitter:card\" content=\"summary_large_image\" \/>\n<meta name=\"twitter:label1\" content=\"Written by\" \/>\n\t<meta name=\"twitter:data1\" content=\"bvalente\" \/>\n\t<meta name=\"twitter:label2\" content=\"Est. reading time\" \/>\n\t<meta name=\"twitter:data2\" content=\"3 minutos\" \/>\n<script type=\"application\/ld+json\" class=\"yoast-schema-graph\">{\"@context\":\"https:\/\/schema.org\",\"@graph\":[{\"@type\":\"Article\",\"@id\":\"https:\/\/www.manaus.am.gov.br\/semulsp\/limpeza-igarapes-cidade\/#article\",\"isPartOf\":{\"@id\":\"https:\/\/www.manaus.am.gov.br\/semulsp\/limpeza-igarapes-cidade\/\"},\"author\":{\"name\":\"bvalente\",\"@id\":\"https:\/\/www.manaus.am.gov.br\/semulsp\/#\/schema\/person\/466a0e03ae4b6062809046bd560ac955\"},\"headline\":\"Prefeitura amplia frentes de trabalho de limpeza em igarap\u00e9s de Manaus\",\"datePublished\":\"2025-02-18T20:35:45+00:00\",\"dateModified\":\"2025-02-18T20:35:45+00:00\",\"mainEntityOfPage\":{\"@id\":\"https:\/\/www.manaus.am.gov.br\/semulsp\/limpeza-igarapes-cidade\/\"},\"wordCount\":470,\"publisher\":{\"@id\":\"https:\/\/www.manaus.am.gov.br\/semulsp\/#organization\"},\"image\":{\"@id\":\"https:\/\/www.manaus.am.gov.br\/semulsp\/limpeza-igarapes-cidade\/#primaryimage\"},\"thumbnailUrl\":\"https:\/\/www.manaus.am.gov.br\/semulsp\/wp-content\/uploads\/sites\/23\/2025\/02\/Prefeitura-amplia-frentes-de-trabalho-de-limpeza-em-igarapes-de-Manaus-4.jpeg\",\"keywords\":[\"limpeza igarapes cidade\",\"prefeitura de manaus\",\"Semulsp. Prefeitura de Manaus\"],\"articleSection\":[\"Limpeza\"],\"inLanguage\":\"pt-BR\"},{\"@type\":\"WebPage\",\"@id\":\"https:\/\/www.manaus.am.gov.br\/semulsp\/limpeza-igarapes-cidade\/\",\"url\":\"https:\/\/www.manaus.am.gov.br\/semulsp\/limpeza-igarapes-cidade\/\",\"name\":\"Prefeitura amplia frentes de trabalho de limpeza em igarap\u00e9s de Manaus\",\"isPartOf\":{\"@id\":\"https:\/\/www.manaus.am.gov.br\/semulsp\/#website\"},\"primaryImageOfPage\":{\"@id\":\"https:\/\/www.manaus.am.gov.br\/semulsp\/limpeza-igarapes-cidade\/#primaryimage\"},\"image\":{\"@id\":\"https:\/\/www.manaus.am.gov.br\/semulsp\/limpeza-igarapes-cidade\/#primaryimage\"},\"thumbnailUrl\":\"https:\/\/www.manaus.am.gov.br\/semulsp\/wp-content\/uploads\/sites\/23\/2025\/02\/Prefeitura-amplia-frentes-de-trabalho-de-limpeza-em-igarapes-de-Manaus-4.jpeg\",\"datePublished\":\"2025-02-18T20:35:45+00:00\",\"dateModified\":\"2025-02-18T20:35:45+00:00\",\"description\":\"A Prefeitura de Manaus, por meio da Secretaria Municipal de Limpeza Urbana (Semulsp), avan\u00e7a com a limpeza e desobstru\u00e7\u00e3o de importantes igarap\u00e9s da cidade.\",\"breadcrumb\":{\"@id\":\"https:\/\/www.manaus.am.gov.br\/semulsp\/limpeza-igarapes-cidade\/#breadcrumb\"},\"inLanguage\":\"pt-BR\",\"potentialAction\":[{\"@type\":\"ReadAction\",\"target\":[\"https:\/\/www.manaus.am.gov.br\/semulsp\/limpeza-igarapes-cidade\/\"]}]},{\"@type\":\"ImageObject\",\"inLanguage\":\"pt-BR\",\"@id\":\"https:\/\/www.manaus.am.gov.br\/semulsp\/limpeza-igarapes-cidade\/#primaryimage\",\"url\":\"https:\/\/www.manaus.am.gov.br\/semulsp\/wp-content\/uploads\/sites\/23\/2025\/02\/Prefeitura-amplia-frentes-de-trabalho-de-limpeza-em-igarapes-de-Manaus-4.jpeg\",\"contentUrl\":\"https:\/\/www.manaus.am.gov.br\/semulsp\/wp-content\/uploads\/sites\/23\/2025\/02\/Prefeitura-amplia-frentes-de-trabalho-de-limpeza-em-igarapes-de-Manaus-4.jpeg\",\"width\":1599,\"height\":899},{\"@type\":\"BreadcrumbList\",\"@id\":\"https:\/\/www.manaus.am.gov.br\/semulsp\/limpeza-igarapes-cidade\/#breadcrumb\",\"itemListElement\":[{\"@type\":\"ListItem\",\"position\":1,\"name\":\"Home\",\"item\":\"https:\/\/www.manaus.am.gov.br\/semulsp\/\"},{\"@type\":\"ListItem\",\"position\":2,\"name\":\"Prefeitura amplia frentes de trabalho de limpeza em igarap\u00e9s de Manaus\"}]},{\"@type\":\"WebSite\",\"@id\":\"https:\/\/www.manaus.am.gov.br\/semulsp\/#website\",\"url\":\"https:\/\/www.manaus.am.gov.br\/semulsp\/\",\"name\":\"SEMULSP\",\"description\":\"Prefeitura de Manaus\",\"publisher\":{\"@id\":\"https:\/\/www.manaus.am.gov.br\/semulsp\/#organization\"},\"alternateName\":\"Secretaria Municipal de Limpeza P\u00fablica\",\"potentialAction\":[{\"@type\":\"SearchAction\",\"target\":{\"@type\":\"EntryPoint\",\"urlTemplate\":\"https:\/\/www.manaus.am.gov.br\/semulsp\/?s={search_term_string}\"},\"query-input\":\"required name=search_term_string\"}],\"inLanguage\":\"pt-BR\"},{\"@type\":\"Organization\",\"@id\":\"https:\/\/www.manaus.am.gov.br\/semulsp\/#organization\",\"name\":\"SEMULSP\",\"alternateName\":\"Secretaria Municipal de Limpeza P\u00fablica\",\"url\":\"https:\/\/www.manaus.am.gov.br\/semulsp\/\",\"logo\":{\"@type\":\"ImageObject\",\"inLanguage\":\"pt-BR\",\"@id\":\"https:\/\/www.manaus.am.gov.br\/semulsp\/#\/schema\/logo\/image\/\",\"url\":\"https:\/\/www.manaus.am.gov.br\/semulsp\/wp-content\/uploads\/sites\/23\/2023\/05\/cropped-favicon.png\",\"contentUrl\":\"https:\/\/www.manaus.am.gov.br\/semulsp\/wp-content\/uploads\/sites\/23\/2023\/05\/cropped-favicon.png\",\"width\":512,\"height\":512,\"caption\":\"SEMULSP\"},\"image\":{\"@id\":\"https:\/\/www.manaus.am.gov.br\/semulsp\/#\/schema\/logo\/image\/\"},\"sameAs\":[\"https:\/\/www.facebook.com\/semulspmanaus\",\"https:\/\/www.instagram.com\/semulspmanaus\/\"]},{\"@type\":\"Person\",\"@id\":\"https:\/\/www.manaus.am.gov.br\/semulsp\/#\/schema\/person\/466a0e03ae4b6062809046bd560ac955\",\"name\":\"bvalente\",\"image\":{\"@type\":\"ImageObject\",\"inLanguage\":\"pt-BR\",\"@id\":\"https:\/\/www.manaus.am.gov.br\/semulsp\/#\/schema\/person\/image\/\",\"url\":\"https:\/\/secure.gravatar.com\/avatar\/3e69bc2b014bdad41adfec3a39de07d2?s=96&d=mm&r=g\",\"contentUrl\":\"https:\/\/secure.gravatar.com\/avatar\/3e69bc2b014bdad41adfec3a39de07d2?s=96&d=mm&r=g\",\"caption\":\"bvalente\"}}]}<\/script>\n<!-- \/ Yoast SEO plugin. -->","yoast_head_json":{"title":"Prefeitura amplia frentes de trabalho de limpeza em igarap\u00e9s de Manaus","description":"A Prefeitura de Manaus, por meio da Secretaria Municipal de Limpeza Urbana (Semulsp), avan\u00e7a com a limpeza e desobstru\u00e7\u00e3o de importantes igarap\u00e9s da cidade.","robots":{"index":"noindex","follow":"follow"},"og_locale":"pt_BR","og_type":"article","og_title":"Prefeitura amplia frentes de trabalho de limpeza em igarap\u00e9s de Manaus","og_description":"A Prefeitura de Manaus, por meio da Secretaria Municipal de Limpeza Urbana (Semulsp), avan\u00e7a com a limpeza e desobstru\u00e7\u00e3o de importantes igarap\u00e9s da cidade.","og_url":"https:\/\/www.manaus.am.gov.br\/semulsp\/limpeza-igarapes-cidade\/","og_site_name":"SEMULSP","article_publisher":"https:\/\/www.facebook.com\/semulspmanaus","article_published_time":"2025-02-18T20:35:45+00:00","og_image":[{"width":1599,"height":899,"url":"https:\/\/www.manaus.am.gov.br\/semulsp\/wp-content\/uploads\/sites\/23\/2025\/02\/Prefeitura-amplia-frentes-de-trabalho-de-limpeza-em-igarapes-de-Manaus-4.jpeg","type":"image\/jpeg"}],"author":"bvalente","twitter_card":"summary_large_image","twitter_misc":{"Written by":"bvalente","Est. reading time":"3 minutos"},"schema":{"@context":"https:\/\/schema.org","@graph":[{"@type":"Article","@id":"https:\/\/www.manaus.am.gov.br\/semulsp\/limpeza-igarapes-cidade\/#article","isPartOf":{"@id":"https:\/\/www.manaus.am.gov.br\/semulsp\/limpeza-igarapes-cidade\/"},"author":{"name":"bvalente","@id":"https:\/\/www.manaus.am.gov.br\/semulsp\/#\/schema\/person\/466a0e03ae4b6062809046bd560ac955"},"headline":"Prefeitura amplia frentes de trabalho de limpeza em igarap\u00e9s de Manaus","datePublished":"2025-02-18T20:35:45+00:00","dateModified":"2025-02-18T20:35:45+00:00","mainEntityOfPage":{"@id":"https:\/\/www.manaus.am.gov.br\/semulsp\/limpeza-igarapes-cidade\/"},"wordCount":470,"publisher":{"@id":"https:\/\/www.manaus.am.gov.br\/semulsp\/#organization"},"image":{"@id":"https:\/\/www.manaus.am.gov.br\/semulsp\/limpeza-igarapes-cidade\/#primaryimage"},"thumbnailUrl":"https:\/\/www.manaus.am.gov.br\/semulsp\/wp-content\/uploads\/sites\/23\/2025\/02\/Prefeitura-amplia-frentes-de-trabalho-de-limpeza-em-igarapes-de-Manaus-4.jpeg","keywords":["limpeza igarapes cidade","prefeitura de manaus","Semulsp. Prefeitura de Manaus"],"articleSection":["Limpeza"],"inLanguage":"pt-BR"},{"@type":"WebPage","@id":"https:\/\/www.manaus.am.gov.br\/semulsp\/limpeza-igarapes-cidade\/","url":"https:\/\/www.manaus.am.gov.br\/semulsp\/limpeza-igarapes-cidade\/","name":"Prefeitura amplia frentes de trabalho de limpeza em igarap\u00e9s de Manaus","isPartOf":{"@id":"https:\/\/www.manaus.am.gov.br\/semulsp\/#website"},"primaryImageOfPage":{"@id":"https:\/\/www.manaus.am.gov.br\/semulsp\/limpeza-igarapes-cidade\/#primaryimage"},"image":{"@id":"https:\/\/www.manaus.am.gov.br\/semulsp\/limpeza-igarapes-cidade\/#primaryimage"},"thumbnailUrl":"https:\/\/www.manaus.am.gov.br\/semulsp\/wp-content\/uploads\/sites\/23\/2025\/02\/Prefeitura-amplia-frentes-de-trabalho-de-limpeza-em-igarapes-de-Manaus-4.jpeg","datePublished":"2025-02-18T20:35:45+00:00","dateModified":"2025-02-18T20:35:45+00:00","description":"A Prefeitura de Manaus, por meio da Secretaria Municipal de Limpeza Urbana (Semulsp), avan\u00e7a com a limpeza e desobstru\u00e7\u00e3o de importantes igarap\u00e9s da cidade.","breadcrumb":{"@id":"https:\/\/www.manaus.am.gov.br\/semulsp\/limpeza-igarapes-cidade\/#breadcrumb"},"inLanguage":"pt-BR","potentialAction":[{"@type":"ReadAction","target":["https:\/\/www.manaus.am.gov.br\/semulsp\/limpeza-igarapes-cidade\/"]}]},{"@type":"ImageObject","inLanguage":"pt-BR","@id":"https:\/\/www.manaus.am.gov.br\/semulsp\/limpeza-igarapes-cidade\/#primaryimage","url":"https:\/\/www.manaus.am.gov.br\/semulsp\/wp-content\/uploads\/sites\/23\/2025\/02\/Prefeitura-amplia-frentes-de-trabalho-de-limpeza-em-igarapes-de-Manaus-4.jpeg","contentUrl":"https:\/\/www.manaus.am.gov.br\/semulsp\/wp-content\/uploads\/sites\/23\/2025\/02\/Prefeitura-amplia-frentes-de-trabalho-de-limpeza-em-igarapes-de-Manaus-4.jpeg","width":1599,"height":899},{"@type":"BreadcrumbList","@id":"https:\/\/www.manaus.am.gov.br\/semulsp\/limpeza-igarapes-cidade\/#breadcrumb","itemListElement":[{"@type":"ListItem","position":1,"name":"Home","item":"https:\/\/www.manaus.am.gov.br\/semulsp\/"},{"@type":"ListItem","position":2,"name":"Prefeitura amplia frentes de trabalho de limpeza em igarap\u00e9s de Manaus"}]},{"@type":"WebSite","@id":"https:\/\/www.manaus.am.gov.br\/semulsp\/#website","url":"https:\/\/www.manaus.am.gov.br\/semulsp\/","name":"SEMULSP","description":"Prefeitura de Manaus","publisher":{"@id":"https:\/\/www.manaus.am.gov.br\/semulsp\/#organization"},"alternateName":"Secretaria Municipal de Limpeza P\u00fablica","potentialAction":[{"@type":"SearchAction","target":{"@type":"EntryPoint","urlTemplate":"https:\/\/www.manaus.am.gov.br\/semulsp\/?s={search_term_string}"},"query-input":"required name=search_term_string"}],"inLanguage":"pt-BR"},{"@type":"Organization","@id":"https:\/\/www.manaus.am.gov.br\/semulsp\/#organization","name":"SEMULSP","alternateName":"Secretaria Municipal de Limpeza P\u00fablica","url":"https:\/\/www.manaus.am.gov.br\/semulsp\/","logo":{"@type":"ImageObject","inLanguage":"pt-BR","@id":"https:\/\/www.manaus.am.gov.br\/semulsp\/#\/schema\/logo\/image\/","url":"https:\/\/www.manaus.am.gov.br\/semulsp\/wp-content\/uploads\/sites\/23\/2023\/05\/cropped-favicon.png","contentUrl":"https:\/\/www.manaus.am.gov.br\/semulsp\/wp-content\/uploads\/sites\/23\/2023\/05\/cropped-favicon.png","width":512,"height":512,"caption":"SEMULSP"},"image":{"@id":"https:\/\/www.manaus.am.gov.br\/semulsp\/#\/schema\/logo\/image\/"},"sameAs":["https:\/\/www.facebook.com\/semulspmanaus","https:\/\/www.instagram.com\/semulspmanaus\/"]},{"@type":"Person","@id":"https:\/\/www.manaus.am.gov.br\/semulsp\/#\/schema\/person\/466a0e03ae4b6062809046bd560ac955","name":"bvalente","image":{"@type":"ImageObject","inLanguage":"pt-BR","@id":"https:\/\/www.manaus.am.gov.br\/semulsp\/#\/schema\/person\/image\/","url":"https:\/\/secure.gravatar.com\/avatar\/3e69bc2b014bdad41adfec3a39de07d2?s=96&d=mm&r=g","contentUrl":"https:\/\/secure.gravatar.com\/avatar\/3e69bc2b014bdad41adfec3a39de07d2?s=96&d=mm&r=g","caption":"bvalente"}}]}},"_links":{"self":[{"href":"https:\/\/www.manaus.am.gov.br\/semulsp\/wp-json\/wp\/v2\/posts\/1751"}],"collection":[{"href":"https:\/\/www.manaus.am.gov.br\/semulsp\/wp-json\/wp\/v2\/posts"}],"about":[{"href":"https:\/\/www.manaus.am.gov.br\/semulsp\/wp-json\/wp\/v2\/types\/post"}],"author":[{"embeddable":true,"href":"https:\/\/www.manaus.am.gov.br\/semulsp\/wp-json\/wp\/v2\/users\/68"}],"replies":[{"embeddable":true,"href":"https:\/\/www.manaus.am.gov.br\/semulsp\/wp-json\/wp\/v2\/comments?post=1751"}],"version-history":[{"count":1,"href":"https:\/\/www.manaus.am.gov.br\/semulsp\/wp-json\/wp\/v2\/posts\/1751\/revisions"}],"predecessor-version":[{"id":1754,"href":"https:\/\/www.manaus.am.gov.br\/semulsp\/wp-json\/wp\/v2\/posts\/1751\/revisions\/1754"}],"wp:featuredmedia":[{"embeddable":true,"href":"https:\/\/www.manaus.am.gov.br\/semulsp\/wp-json\/wp\/v2\/media\/1753"}],"wp:attachment":[{"href":"https:\/\/www.manaus.am.gov.br\/semulsp\/wp-json\/wp\/v2\/media?parent=1751"}],"wp:term":[{"taxonomy":"category","embeddable":true,"href":"https:\/\/www.manaus.am.gov.br\/semulsp\/wp-json\/wp\/v2\/categories?post=1751"},{"taxonomy":"post_tag","embeddable":true,"href":"https:\/\/www.manaus.am.gov.br\/semulsp\/wp-json\/wp\/v2\/tags?post=1751"}],"curies":[{"name":"wp","href":"https:\/\/api.w.org\/{rel}","templated":true}]}}