{"id":1692,"date":"2025-01-20T15:17:36","date_gmt":"2025-01-20T19:17:36","guid":{"rendered":"https:\/\/www.manaus.am.gov.br\/semulsp\/operacao-limpeza-orla\/"},"modified":"2025-01-20T15:17:38","modified_gmt":"2025-01-20T19:17:38","slug":"operacao-limpeza-orla","status":"publish","type":"post","link":"https:\/\/www.manaus.am.gov.br\/semulsp\/operacao-limpeza-orla\/","title":{"rendered":"Prefeitura de Manaus intensifica limpeza nas orlas da cidade\u00a0"},"content":{"rendered":"\n<p>A Prefeitura de Manaus, por meio da Secretaria Municipal de Limpeza Urbana (Semulsp), est\u00e1 promovendo um intenso trabalho de limpeza nas orlas da cidade, com aten\u00e7\u00e3o especial ao p\u00eder tur\u00edstico Manaus 355. As equipes, que atuam diariamente na \u00e1rea, realizam a remo\u00e7\u00e3o de res\u00edduos tanto nas \u00e1guas quanto na faixa de areia. Entre os materiais recolhidos est\u00e3o garrafas pet, pl\u00e1sticos, carca\u00e7as de eletrodom\u00e9sticos, sof\u00e1s e uma grande quantidade de canaranas, um tipo de vegeta\u00e7\u00e3o aqu\u00e1tica que cresce descontroladamente e prejudica a navega\u00e7\u00e3o e o transporte dos ribeirinhos.<\/p>\n\n\n\n<p>O servi\u00e7o \u00e9 realizado com o aux\u00edlio de m\u00e1quinas pesadas, como balsas, retroescavadeiras e botes, al\u00e9m de trabalhadores devidamente equipados com vestimentas adequadas para garantir a seguran\u00e7a. A opera\u00e7\u00e3o ocorre de domingo a domingo, sem interrup\u00e7\u00f5es, visando manter as orlas limpas e acess\u00edveis para a popula\u00e7\u00e3o.<\/p>\n\n\n\n<p>O titular da Semulsp, Sab\u00e1 Reis, destacou a import\u00e2ncia da popula\u00e7\u00e3o colaborar para evitar o descarte irregular de lixo.<\/p>\n\n\n\n<p>\u201cEstamos realizando um trabalho di\u00e1rio e cont\u00ednuo para manter as orlas limpas e garantir a mobilidade dos ribeirinhos, mas precisamos da ajuda de todos. Quando o lixo \u00e9 jogado nas ruas ou em locais inadequados, ele acaba chegando aos rios, poluindo nossas \u00e1guas e prejudicando nossa cidade. Vamos cuidar de Manaus juntos\u201d.&nbsp;<\/p>\n\n\n\n<p>A limpeza das orlas, al\u00e9m de garantir a preserva\u00e7\u00e3o do meio ambiente, tamb\u00e9m busca melhorar a qualidade de vida da popula\u00e7\u00e3o ribeirinha e manter os espa\u00e7os naturais agrad\u00e1veis e acess\u00edveis. A prefeitura refor\u00e7a o pedido para que os moradores adotem pr\u00e1ticas sustent\u00e1veis e evitem o descarte irregular de res\u00edduos.<\/p>\n\n\n\n<p>&#8212; &#8212; &#8212;<br><strong>Texto e fotos \u2013<\/strong> Divulga\u00e7\u00e3o\/Semulsp (em anexo)<\/p>\n","protected":false},"excerpt":{"rendered":"","protected":false},"author":68,"featured_media":1693,"comment_status":"closed","ping_status":"closed","sticky":false,"template":"","format":"standard","meta":{"footnotes":""},"categories":[132],"tags":[57,453,595,10,499],"acf":[],"yoast_head":"<!-- This site is optimized with the Yoast SEO plugin v23.0 - https:\/\/yoast.com\/wordpress\/plugins\/seo\/ -->\n<title>Prefeitura de Manaus intensifica limpeza nas orlas da cidade\u00a0<\/title>\n<meta name=\"description\" content=\"A Prefeitura de Manaus, est\u00e1 promovendo um intenso trabalho de limpeza nas orlas da cidade, com aten\u00e7\u00e3o especial ao p\u00eder tur\u00edstico Manaus 355.\" \/>\n<meta name=\"robots\" content=\"noindex, follow\" \/>\n<meta property=\"og:locale\" content=\"pt_BR\" \/>\n<meta property=\"og:type\" content=\"article\" \/>\n<meta property=\"og:title\" content=\"Prefeitura de Manaus intensifica limpeza nas orlas da cidade\u00a0\" \/>\n<meta property=\"og:description\" content=\"A Prefeitura de Manaus, est\u00e1 promovendo um intenso trabalho de limpeza nas orlas da cidade, com aten\u00e7\u00e3o especial ao p\u00eder tur\u00edstico Manaus 355.\" \/>\n<meta property=\"og:url\" content=\"https:\/\/www.manaus.am.gov.br\/semulsp\/operacao-limpeza-orla\/\" \/>\n<meta property=\"og:site_name\" content=\"SEMULSP\" \/>\n<meta property=\"article:publisher\" content=\"https:\/\/www.facebook.com\/semulspmanaus\" \/>\n<meta property=\"article:published_time\" content=\"2025-01-20T19:17:36+00:00\" \/>\n<meta property=\"article:modified_time\" content=\"2025-01-20T19:17:38+00:00\" \/>\n<meta property=\"og:image\" content=\"https:\/\/www.manaus.am.gov.br\/semulsp\/wp-content\/uploads\/sites\/23\/2025\/01\/Prefeitura-de-Manaus-intensifica-limpeza-nas-orlas-da-cidade-.jpg\" \/>\n\t<meta property=\"og:image:width\" content=\"800\" \/>\n\t<meta property=\"og:image:height\" content=\"600\" \/>\n\t<meta property=\"og:image:type\" content=\"image\/jpeg\" \/>\n<meta name=\"author\" content=\"bvalente\" \/>\n<meta name=\"twitter:card\" content=\"summary_large_image\" \/>\n<meta name=\"twitter:label1\" content=\"Written by\" \/>\n\t<meta name=\"twitter:data1\" content=\"bvalente\" \/>\n\t<meta name=\"twitter:label2\" content=\"Est. reading time\" \/>\n\t<meta name=\"twitter:data2\" content=\"2 minutos\" \/>\n<script type=\"application\/ld+json\" class=\"yoast-schema-graph\">{\"@context\":\"https:\/\/schema.org\",\"@graph\":[{\"@type\":\"Article\",\"@id\":\"https:\/\/www.manaus.am.gov.br\/semulsp\/operacao-limpeza-orla\/#article\",\"isPartOf\":{\"@id\":\"https:\/\/www.manaus.am.gov.br\/semulsp\/operacao-limpeza-orla\/\"},\"author\":{\"name\":\"bvalente\",\"@id\":\"https:\/\/www.manaus.am.gov.br\/semulsp\/#\/schema\/person\/466a0e03ae4b6062809046bd560ac955\"},\"headline\":\"Prefeitura de Manaus intensifica limpeza nas orlas da cidade\u00a0\",\"datePublished\":\"2025-01-20T19:17:36+00:00\",\"dateModified\":\"2025-01-20T19:17:38+00:00\",\"mainEntityOfPage\":{\"@id\":\"https:\/\/www.manaus.am.gov.br\/semulsp\/operacao-limpeza-orla\/\"},\"wordCount\":308,\"publisher\":{\"@id\":\"https:\/\/www.manaus.am.gov.br\/semulsp\/#organization\"},\"image\":{\"@id\":\"https:\/\/www.manaus.am.gov.br\/semulsp\/operacao-limpeza-orla\/#primaryimage\"},\"thumbnailUrl\":\"https:\/\/www.manaus.am.gov.br\/semulsp\/wp-content\/uploads\/sites\/23\/2025\/01\/Prefeitura-de-Manaus-intensifica-limpeza-nas-orlas-da-cidade-.jpg\",\"keywords\":[\"a\u00e7\u00e3o de limpeza\",\"Orla de Manaus\",\"pier tur\u00edstico\",\"prefeitura de manaus\",\"Semulsp. Prefeitura de Manaus\"],\"articleSection\":[\"Preserva\u00e7\u00e3o\"],\"inLanguage\":\"pt-BR\"},{\"@type\":\"WebPage\",\"@id\":\"https:\/\/www.manaus.am.gov.br\/semulsp\/operacao-limpeza-orla\/\",\"url\":\"https:\/\/www.manaus.am.gov.br\/semulsp\/operacao-limpeza-orla\/\",\"name\":\"Prefeitura de Manaus intensifica limpeza nas orlas da cidade\u00a0\",\"isPartOf\":{\"@id\":\"https:\/\/www.manaus.am.gov.br\/semulsp\/#website\"},\"primaryImageOfPage\":{\"@id\":\"https:\/\/www.manaus.am.gov.br\/semulsp\/operacao-limpeza-orla\/#primaryimage\"},\"image\":{\"@id\":\"https:\/\/www.manaus.am.gov.br\/semulsp\/operacao-limpeza-orla\/#primaryimage\"},\"thumbnailUrl\":\"https:\/\/www.manaus.am.gov.br\/semulsp\/wp-content\/uploads\/sites\/23\/2025\/01\/Prefeitura-de-Manaus-intensifica-limpeza-nas-orlas-da-cidade-.jpg\",\"datePublished\":\"2025-01-20T19:17:36+00:00\",\"dateModified\":\"2025-01-20T19:17:38+00:00\",\"description\":\"A Prefeitura de Manaus, est\u00e1 promovendo um intenso trabalho de limpeza nas orlas da cidade, com aten\u00e7\u00e3o especial ao p\u00eder tur\u00edstico Manaus 355.\",\"breadcrumb\":{\"@id\":\"https:\/\/www.manaus.am.gov.br\/semulsp\/operacao-limpeza-orla\/#breadcrumb\"},\"inLanguage\":\"pt-BR\",\"potentialAction\":[{\"@type\":\"ReadAction\",\"target\":[\"https:\/\/www.manaus.am.gov.br\/semulsp\/operacao-limpeza-orla\/\"]}]},{\"@type\":\"ImageObject\",\"inLanguage\":\"pt-BR\",\"@id\":\"https:\/\/www.manaus.am.gov.br\/semulsp\/operacao-limpeza-orla\/#primaryimage\",\"url\":\"https:\/\/www.manaus.am.gov.br\/semulsp\/wp-content\/uploads\/sites\/23\/2025\/01\/Prefeitura-de-Manaus-intensifica-limpeza-nas-orlas-da-cidade-.jpg\",\"contentUrl\":\"https:\/\/www.manaus.am.gov.br\/semulsp\/wp-content\/uploads\/sites\/23\/2025\/01\/Prefeitura-de-Manaus-intensifica-limpeza-nas-orlas-da-cidade-.jpg\",\"width\":800,\"height\":600},{\"@type\":\"BreadcrumbList\",\"@id\":\"https:\/\/www.manaus.am.gov.br\/semulsp\/operacao-limpeza-orla\/#breadcrumb\",\"itemListElement\":[{\"@type\":\"ListItem\",\"position\":1,\"name\":\"Home\",\"item\":\"https:\/\/www.manaus.am.gov.br\/semulsp\/\"},{\"@type\":\"ListItem\",\"position\":2,\"name\":\"Prefeitura de Manaus intensifica limpeza nas orlas da cidade\u00a0\"}]},{\"@type\":\"WebSite\",\"@id\":\"https:\/\/www.manaus.am.gov.br\/semulsp\/#website\",\"url\":\"https:\/\/www.manaus.am.gov.br\/semulsp\/\",\"name\":\"SEMULSP\",\"description\":\"Prefeitura de Manaus\",\"publisher\":{\"@id\":\"https:\/\/www.manaus.am.gov.br\/semulsp\/#organization\"},\"alternateName\":\"Secretaria Municipal de Limpeza P\u00fablica\",\"potentialAction\":[{\"@type\":\"SearchAction\",\"target\":{\"@type\":\"EntryPoint\",\"urlTemplate\":\"https:\/\/www.manaus.am.gov.br\/semulsp\/?s={search_term_string}\"},\"query-input\":\"required name=search_term_string\"}],\"inLanguage\":\"pt-BR\"},{\"@type\":\"Organization\",\"@id\":\"https:\/\/www.manaus.am.gov.br\/semulsp\/#organization\",\"name\":\"SEMULSP\",\"alternateName\":\"Secretaria Municipal de Limpeza P\u00fablica\",\"url\":\"https:\/\/www.manaus.am.gov.br\/semulsp\/\",\"logo\":{\"@type\":\"ImageObject\",\"inLanguage\":\"pt-BR\",\"@id\":\"https:\/\/www.manaus.am.gov.br\/semulsp\/#\/schema\/logo\/image\/\",\"url\":\"https:\/\/www.manaus.am.gov.br\/semulsp\/wp-content\/uploads\/sites\/23\/2023\/05\/cropped-favicon.png\",\"contentUrl\":\"https:\/\/www.manaus.am.gov.br\/semulsp\/wp-content\/uploads\/sites\/23\/2023\/05\/cropped-favicon.png\",\"width\":512,\"height\":512,\"caption\":\"SEMULSP\"},\"image\":{\"@id\":\"https:\/\/www.manaus.am.gov.br\/semulsp\/#\/schema\/logo\/image\/\"},\"sameAs\":[\"https:\/\/www.facebook.com\/semulspmanaus\",\"https:\/\/www.instagram.com\/semulspmanaus\/\"]},{\"@type\":\"Person\",\"@id\":\"https:\/\/www.manaus.am.gov.br\/semulsp\/#\/schema\/person\/466a0e03ae4b6062809046bd560ac955\",\"name\":\"bvalente\",\"image\":{\"@type\":\"ImageObject\",\"inLanguage\":\"pt-BR\",\"@id\":\"https:\/\/www.manaus.am.gov.br\/semulsp\/#\/schema\/person\/image\/\",\"url\":\"https:\/\/secure.gravatar.com\/avatar\/3e69bc2b014bdad41adfec3a39de07d2?s=96&d=mm&r=g\",\"contentUrl\":\"https:\/\/secure.gravatar.com\/avatar\/3e69bc2b014bdad41adfec3a39de07d2?s=96&d=mm&r=g\",\"caption\":\"bvalente\"}}]}<\/script>\n<!-- \/ Yoast SEO plugin. -->","yoast_head_json":{"title":"Prefeitura de Manaus intensifica limpeza nas orlas da cidade\u00a0","description":"A Prefeitura de Manaus, est\u00e1 promovendo um intenso trabalho de limpeza nas orlas da cidade, com aten\u00e7\u00e3o especial ao p\u00eder tur\u00edstico Manaus 355.","robots":{"index":"noindex","follow":"follow"},"og_locale":"pt_BR","og_type":"article","og_title":"Prefeitura de Manaus intensifica limpeza nas orlas da cidade\u00a0","og_description":"A Prefeitura de Manaus, est\u00e1 promovendo um intenso trabalho de limpeza nas orlas da cidade, com aten\u00e7\u00e3o especial ao p\u00eder tur\u00edstico Manaus 355.","og_url":"https:\/\/www.manaus.am.gov.br\/semulsp\/operacao-limpeza-orla\/","og_site_name":"SEMULSP","article_publisher":"https:\/\/www.facebook.com\/semulspmanaus","article_published_time":"2025-01-20T19:17:36+00:00","article_modified_time":"2025-01-20T19:17:38+00:00","og_image":[{"width":800,"height":600,"url":"https:\/\/www.manaus.am.gov.br\/semulsp\/wp-content\/uploads\/sites\/23\/2025\/01\/Prefeitura-de-Manaus-intensifica-limpeza-nas-orlas-da-cidade-.jpg","type":"image\/jpeg"}],"author":"bvalente","twitter_card":"summary_large_image","twitter_misc":{"Written by":"bvalente","Est. reading time":"2 minutos"},"schema":{"@context":"https:\/\/schema.org","@graph":[{"@type":"Article","@id":"https:\/\/www.manaus.am.gov.br\/semulsp\/operacao-limpeza-orla\/#article","isPartOf":{"@id":"https:\/\/www.manaus.am.gov.br\/semulsp\/operacao-limpeza-orla\/"},"author":{"name":"bvalente","@id":"https:\/\/www.manaus.am.gov.br\/semulsp\/#\/schema\/person\/466a0e03ae4b6062809046bd560ac955"},"headline":"Prefeitura de Manaus intensifica limpeza nas orlas da cidade\u00a0","datePublished":"2025-01-20T19:17:36+00:00","dateModified":"2025-01-20T19:17:38+00:00","mainEntityOfPage":{"@id":"https:\/\/www.manaus.am.gov.br\/semulsp\/operacao-limpeza-orla\/"},"wordCount":308,"publisher":{"@id":"https:\/\/www.manaus.am.gov.br\/semulsp\/#organization"},"image":{"@id":"https:\/\/www.manaus.am.gov.br\/semulsp\/operacao-limpeza-orla\/#primaryimage"},"thumbnailUrl":"https:\/\/www.manaus.am.gov.br\/semulsp\/wp-content\/uploads\/sites\/23\/2025\/01\/Prefeitura-de-Manaus-intensifica-limpeza-nas-orlas-da-cidade-.jpg","keywords":["a\u00e7\u00e3o de limpeza","Orla de Manaus","pier tur\u00edstico","prefeitura de manaus","Semulsp. Prefeitura de Manaus"],"articleSection":["Preserva\u00e7\u00e3o"],"inLanguage":"pt-BR"},{"@type":"WebPage","@id":"https:\/\/www.manaus.am.gov.br\/semulsp\/operacao-limpeza-orla\/","url":"https:\/\/www.manaus.am.gov.br\/semulsp\/operacao-limpeza-orla\/","name":"Prefeitura de Manaus intensifica limpeza nas orlas da cidade\u00a0","isPartOf":{"@id":"https:\/\/www.manaus.am.gov.br\/semulsp\/#website"},"primaryImageOfPage":{"@id":"https:\/\/www.manaus.am.gov.br\/semulsp\/operacao-limpeza-orla\/#primaryimage"},"image":{"@id":"https:\/\/www.manaus.am.gov.br\/semulsp\/operacao-limpeza-orla\/#primaryimage"},"thumbnailUrl":"https:\/\/www.manaus.am.gov.br\/semulsp\/wp-content\/uploads\/sites\/23\/2025\/01\/Prefeitura-de-Manaus-intensifica-limpeza-nas-orlas-da-cidade-.jpg","datePublished":"2025-01-20T19:17:36+00:00","dateModified":"2025-01-20T19:17:38+00:00","description":"A Prefeitura de Manaus, est\u00e1 promovendo um intenso trabalho de limpeza nas orlas da cidade, com aten\u00e7\u00e3o especial ao p\u00eder tur\u00edstico Manaus 355.","breadcrumb":{"@id":"https:\/\/www.manaus.am.gov.br\/semulsp\/operacao-limpeza-orla\/#breadcrumb"},"inLanguage":"pt-BR","potentialAction":[{"@type":"ReadAction","target":["https:\/\/www.manaus.am.gov.br\/semulsp\/operacao-limpeza-orla\/"]}]},{"@type":"ImageObject","inLanguage":"pt-BR","@id":"https:\/\/www.manaus.am.gov.br\/semulsp\/operacao-limpeza-orla\/#primaryimage","url":"https:\/\/www.manaus.am.gov.br\/semulsp\/wp-content\/uploads\/sites\/23\/2025\/01\/Prefeitura-de-Manaus-intensifica-limpeza-nas-orlas-da-cidade-.jpg","contentUrl":"https:\/\/www.manaus.am.gov.br\/semulsp\/wp-content\/uploads\/sites\/23\/2025\/01\/Prefeitura-de-Manaus-intensifica-limpeza-nas-orlas-da-cidade-.jpg","width":800,"height":600},{"@type":"BreadcrumbList","@id":"https:\/\/www.manaus.am.gov.br\/semulsp\/operacao-limpeza-orla\/#breadcrumb","itemListElement":[{"@type":"ListItem","position":1,"name":"Home","item":"https:\/\/www.manaus.am.gov.br\/semulsp\/"},{"@type":"ListItem","position":2,"name":"Prefeitura de Manaus intensifica limpeza nas orlas da cidade\u00a0"}]},{"@type":"WebSite","@id":"https:\/\/www.manaus.am.gov.br\/semulsp\/#website","url":"https:\/\/www.manaus.am.gov.br\/semulsp\/","name":"SEMULSP","description":"Prefeitura de Manaus","publisher":{"@id":"https:\/\/www.manaus.am.gov.br\/semulsp\/#organization"},"alternateName":"Secretaria Municipal de Limpeza P\u00fablica","potentialAction":[{"@type":"SearchAction","target":{"@type":"EntryPoint","urlTemplate":"https:\/\/www.manaus.am.gov.br\/semulsp\/?s={search_term_string}"},"query-input":"required name=search_term_string"}],"inLanguage":"pt-BR"},{"@type":"Organization","@id":"https:\/\/www.manaus.am.gov.br\/semulsp\/#organization","name":"SEMULSP","alternateName":"Secretaria Municipal de Limpeza P\u00fablica","url":"https:\/\/www.manaus.am.gov.br\/semulsp\/","logo":{"@type":"ImageObject","inLanguage":"pt-BR","@id":"https:\/\/www.manaus.am.gov.br\/semulsp\/#\/schema\/logo\/image\/","url":"https:\/\/www.manaus.am.gov.br\/semulsp\/wp-content\/uploads\/sites\/23\/2023\/05\/cropped-favicon.png","contentUrl":"https:\/\/www.manaus.am.gov.br\/semulsp\/wp-content\/uploads\/sites\/23\/2023\/05\/cropped-favicon.png","width":512,"height":512,"caption":"SEMULSP"},"image":{"@id":"https:\/\/www.manaus.am.gov.br\/semulsp\/#\/schema\/logo\/image\/"},"sameAs":["https:\/\/www.facebook.com\/semulspmanaus","https:\/\/www.instagram.com\/semulspmanaus\/"]},{"@type":"Person","@id":"https:\/\/www.manaus.am.gov.br\/semulsp\/#\/schema\/person\/466a0e03ae4b6062809046bd560ac955","name":"bvalente","image":{"@type":"ImageObject","inLanguage":"pt-BR","@id":"https:\/\/www.manaus.am.gov.br\/semulsp\/#\/schema\/person\/image\/","url":"https:\/\/secure.gravatar.com\/avatar\/3e69bc2b014bdad41adfec3a39de07d2?s=96&d=mm&r=g","contentUrl":"https:\/\/secure.gravatar.com\/avatar\/3e69bc2b014bdad41adfec3a39de07d2?s=96&d=mm&r=g","caption":"bvalente"}}]}},"_links":{"self":[{"href":"https:\/\/www.manaus.am.gov.br\/semulsp\/wp-json\/wp\/v2\/posts\/1692"}],"collection":[{"href":"https:\/\/www.manaus.am.gov.br\/semulsp\/wp-json\/wp\/v2\/posts"}],"about":[{"href":"https:\/\/www.manaus.am.gov.br\/semulsp\/wp-json\/wp\/v2\/types\/post"}],"author":[{"embeddable":true,"href":"https:\/\/www.manaus.am.gov.br\/semulsp\/wp-json\/wp\/v2\/users\/68"}],"replies":[{"embeddable":true,"href":"https:\/\/www.manaus.am.gov.br\/semulsp\/wp-json\/wp\/v2\/comments?post=1692"}],"version-history":[{"count":0,"href":"https:\/\/www.manaus.am.gov.br\/semulsp\/wp-json\/wp\/v2\/posts\/1692\/revisions"}],"wp:featuredmedia":[{"embeddable":true,"href":"https:\/\/www.manaus.am.gov.br\/semulsp\/wp-json\/wp\/v2\/media\/1693"}],"wp:attachment":[{"href":"https:\/\/www.manaus.am.gov.br\/semulsp\/wp-json\/wp\/v2\/media?parent=1692"}],"wp:term":[{"taxonomy":"category","embeddable":true,"href":"https:\/\/www.manaus.am.gov.br\/semulsp\/wp-json\/wp\/v2\/categories?post=1692"},{"taxonomy":"post_tag","embeddable":true,"href":"https:\/\/www.manaus.am.gov.br\/semulsp\/wp-json\/wp\/v2\/tags?post=1692"}],"curies":[{"name":"wp","href":"https:\/\/api.w.org\/{rel}","templated":true}]}}