{"id":1537,"date":"2024-12-06T10:27:43","date_gmt":"2024-12-06T14:27:43","guid":{"rendered":"https:\/\/www.manaus.am.gov.br\/semulsp\/prefeitura-semulsp-limpezaigarape\/"},"modified":"2024-12-06T10:27:44","modified_gmt":"2024-12-06T14:27:44","slug":"prefeitura-semulsp-limpezaigarape","status":"publish","type":"post","link":"https:\/\/www.manaus.am.gov.br\/semulsp\/prefeitura-semulsp-limpezaigarape\/","title":{"rendered":"Prefeitura de Manaus realiza limpeza no igarap\u00e9 do Novo Aleixo"},"content":{"rendered":"\n<p>A Prefeitura de Manaus, por meio da Secretaria Municipal de Limpeza Urbana (Semulsp), promove, nesta sexta-feira, 6\/12, uma a\u00e7\u00e3o intensiva de limpeza no igarap\u00e9 do Passarinho, nas proximidades do parque Gigantes da Floresta, no bairro Novo Aleixo, zona Norte da cidade. A interven\u00e7\u00e3o visa desobstruir e revitalizar o espa\u00e7o, essencial para a drenagem natural da regi\u00e3o e a melhoria da qualidade de vida dos moradores.<\/p>\n\n\n\n<p>De acordo o titular da Semulsp, Sab\u00e1 Reis, a manuten\u00e7\u00e3o do igarap\u00e9 n\u00e3o \u00e9 apenas uma quest\u00e3o de est\u00e9tica urbana, mas tamb\u00e9m de sa\u00fade p\u00fablica. \u201cCuidar dos igarap\u00e9s \u00e9 preservar o meio ambiente e proteger as fam\u00edlias que vivem pr\u00f3ximas. O igarap\u00e9 do Passarinho \u00e9 um s\u00edmbolo dessa necessidade. Nossa miss\u00e3o \u00e9 deix\u00e1-lo limpo e funcional, evitando alagamentos e garantindo que a cidade esteja preparada para o per\u00edodo chuvoso\u201d, destacou.<\/p>\n\n\n\n<p>Al\u00e9m do igarap\u00e9 no Novo Aleixo, a Semulsp realiza servi\u00e7os de limpeza em toda a avenida Alphaville. A via \u00e9 uma das principais avenidas do bairro, e o trabalho preventivo busca evitar enchentes, acidentes de tr\u00e2nsito e transtornos aos moradores.<\/p>\n\n\n\n<p>Essas a\u00e7\u00f5es fazem parte de um conjunto de interven\u00e7\u00f5es estrat\u00e9gicas conduzidas pela Semulsp em diversos pontos da capital amazonense. A \u00e1rea central da cidade, incluindo a avenida Leonardo Malcher, a avenida Get\u00falio Vargas e a orla do rio Negro, tamb\u00e9m recebe aten\u00e7\u00e3o especial. Outro destaque \u00e9 a elimina\u00e7\u00e3o de lixeiras viciadas, locais onde o descarte irregular de res\u00edduos compromete a limpeza urbana e a sa\u00fade da popula\u00e7\u00e3o.<\/p>\n\n\n\n<p>\u201cEstamos trabalhando em todas as zonas da cidade, cuidando n\u00e3o apenas de grandes \u00e1reas, mas tamb\u00e9m de pontos cr\u00edticos. Queremos que Manaus seja uma refer\u00eancia em limpeza urbana e qualidade de vida. Pedimos \u00e0 popula\u00e7\u00e3o que tamb\u00e9m fa\u00e7a sua parte, descartando o lixo de maneira correta\u201d, ressaltou Sab\u00e1 Reis.<\/p>\n\n\n\n<p>&#8212; &#8212; &#8212;<\/p>\n\n\n\n<p><strong>Texto\u00a0<\/strong>\u2013 Alex Melo\/Semulsp<\/p>\n\n\n\n<p><strong>Fotos\u00a0<\/strong>\u2013 Divulga\u00e7\u00e3o\/Semulsp<\/p>\n","protected":false},"excerpt":{"rendered":"","protected":false},"author":23,"featured_media":1538,"comment_status":"closed","ping_status":"closed","sticky":false,"template":"","format":"standard","meta":{"footnotes":""},"categories":[132],"tags":[447,103,535,10,19,328],"acf":[],"yoast_head":"<!-- This site is optimized with the Yoast SEO plugin v23.0 - https:\/\/yoast.com\/wordpress\/plugins\/seo\/ -->\n<title>Prefeitura de Manaus realiza limpeza no igarap\u00e9 do Novo Aleixo<\/title>\n<meta name=\"description\" content=\"A Prefeitura de Manaus, por meio da Secretaria Municipal de Limpeza Urbana (Semulsp), promove, nesta sexta-feira, 6\/12, uma a\u00e7\u00e3o intensiva de limpeza no igarap\u00e9 do Passarinho, no bairro Novo Aleixo, zona Norte da cidade.\" \/>\n<meta name=\"robots\" content=\"noindex, follow\" \/>\n<meta property=\"og:locale\" content=\"pt_BR\" \/>\n<meta property=\"og:type\" content=\"article\" \/>\n<meta property=\"og:title\" content=\"Prefeitura de Manaus realiza limpeza no igarap\u00e9 do Novo Aleixo\" \/>\n<meta property=\"og:description\" content=\"A Prefeitura de Manaus, por meio da Secretaria Municipal de Limpeza Urbana (Semulsp), promove, nesta sexta-feira, 6\/12, uma a\u00e7\u00e3o intensiva de limpeza no igarap\u00e9 do Passarinho, no bairro Novo Aleixo, zona Norte da cidade.\" \/>\n<meta property=\"og:url\" content=\"https:\/\/www.manaus.am.gov.br\/semulsp\/prefeitura-semulsp-limpezaigarape\/\" \/>\n<meta property=\"og:site_name\" content=\"SEMULSP\" \/>\n<meta property=\"article:publisher\" content=\"https:\/\/www.facebook.com\/semulspmanaus\" \/>\n<meta property=\"article:published_time\" content=\"2024-12-06T14:27:43+00:00\" \/>\n<meta property=\"article:modified_time\" content=\"2024-12-06T14:27:44+00:00\" \/>\n<meta property=\"og:image\" content=\"https:\/\/www.manaus.am.gov.br\/semulsp\/wp-content\/uploads\/sites\/23\/2024\/12\/WhatsApp-Image-2024-12-06-at-08.52.42.jpeg\" \/>\n\t<meta property=\"og:image:width\" content=\"1600\" \/>\n\t<meta property=\"og:image:height\" content=\"1204\" \/>\n\t<meta property=\"og:image:type\" content=\"image\/jpeg\" \/>\n<meta name=\"author\" content=\"Adriana Costa\" \/>\n<meta name=\"twitter:card\" content=\"summary_large_image\" \/>\n<meta name=\"twitter:label1\" content=\"Written by\" \/>\n\t<meta name=\"twitter:data1\" content=\"Adriana Costa\" \/>\n\t<meta name=\"twitter:label2\" content=\"Est. reading time\" \/>\n\t<meta name=\"twitter:data2\" content=\"2 minutos\" \/>\n<script type=\"application\/ld+json\" class=\"yoast-schema-graph\">{\"@context\":\"https:\/\/schema.org\",\"@graph\":[{\"@type\":\"Article\",\"@id\":\"https:\/\/www.manaus.am.gov.br\/semulsp\/prefeitura-semulsp-limpezaigarape\/#article\",\"isPartOf\":{\"@id\":\"https:\/\/www.manaus.am.gov.br\/semulsp\/prefeitura-semulsp-limpezaigarape\/\"},\"author\":{\"name\":\"Adriana Costa\",\"@id\":\"https:\/\/www.manaus.am.gov.br\/semulsp\/#\/schema\/person\/4e49f4e267757a06ca072ec61b2b9968\"},\"headline\":\"Prefeitura de Manaus realiza limpeza no igarap\u00e9 do Novo Aleixo\",\"datePublished\":\"2024-12-06T14:27:43+00:00\",\"dateModified\":\"2024-12-06T14:27:44+00:00\",\"mainEntityOfPage\":{\"@id\":\"https:\/\/www.manaus.am.gov.br\/semulsp\/prefeitura-semulsp-limpezaigarape\/\"},\"wordCount\":342,\"publisher\":{\"@id\":\"https:\/\/www.manaus.am.gov.br\/semulsp\/#organization\"},\"image\":{\"@id\":\"https:\/\/www.manaus.am.gov.br\/semulsp\/prefeitura-semulsp-limpezaigarape\/#primaryimage\"},\"thumbnailUrl\":\"https:\/\/www.manaus.am.gov.br\/semulsp\/wp-content\/uploads\/sites\/23\/2024\/12\/WhatsApp-Image-2024-12-06-at-08.52.42.jpeg\",\"keywords\":[\"Igarap\u00e9 do Passarinho\",\"limpeza\",\"novo aleixo\",\"prefeitura de manaus\",\"semulsp\",\"zona norte\"],\"articleSection\":[\"Preserva\u00e7\u00e3o\"],\"inLanguage\":\"pt-BR\"},{\"@type\":\"WebPage\",\"@id\":\"https:\/\/www.manaus.am.gov.br\/semulsp\/prefeitura-semulsp-limpezaigarape\/\",\"url\":\"https:\/\/www.manaus.am.gov.br\/semulsp\/prefeitura-semulsp-limpezaigarape\/\",\"name\":\"Prefeitura de Manaus realiza limpeza no igarap\u00e9 do Novo Aleixo\",\"isPartOf\":{\"@id\":\"https:\/\/www.manaus.am.gov.br\/semulsp\/#website\"},\"primaryImageOfPage\":{\"@id\":\"https:\/\/www.manaus.am.gov.br\/semulsp\/prefeitura-semulsp-limpezaigarape\/#primaryimage\"},\"image\":{\"@id\":\"https:\/\/www.manaus.am.gov.br\/semulsp\/prefeitura-semulsp-limpezaigarape\/#primaryimage\"},\"thumbnailUrl\":\"https:\/\/www.manaus.am.gov.br\/semulsp\/wp-content\/uploads\/sites\/23\/2024\/12\/WhatsApp-Image-2024-12-06-at-08.52.42.jpeg\",\"datePublished\":\"2024-12-06T14:27:43+00:00\",\"dateModified\":\"2024-12-06T14:27:44+00:00\",\"description\":\"A Prefeitura de Manaus, por meio da Secretaria Municipal de Limpeza Urbana (Semulsp), promove, nesta sexta-feira, 6\/12, uma a\u00e7\u00e3o intensiva de limpeza no igarap\u00e9 do Passarinho, no bairro Novo Aleixo, zona Norte da cidade.\",\"breadcrumb\":{\"@id\":\"https:\/\/www.manaus.am.gov.br\/semulsp\/prefeitura-semulsp-limpezaigarape\/#breadcrumb\"},\"inLanguage\":\"pt-BR\",\"potentialAction\":[{\"@type\":\"ReadAction\",\"target\":[\"https:\/\/www.manaus.am.gov.br\/semulsp\/prefeitura-semulsp-limpezaigarape\/\"]}]},{\"@type\":\"ImageObject\",\"inLanguage\":\"pt-BR\",\"@id\":\"https:\/\/www.manaus.am.gov.br\/semulsp\/prefeitura-semulsp-limpezaigarape\/#primaryimage\",\"url\":\"https:\/\/www.manaus.am.gov.br\/semulsp\/wp-content\/uploads\/sites\/23\/2024\/12\/WhatsApp-Image-2024-12-06-at-08.52.42.jpeg\",\"contentUrl\":\"https:\/\/www.manaus.am.gov.br\/semulsp\/wp-content\/uploads\/sites\/23\/2024\/12\/WhatsApp-Image-2024-12-06-at-08.52.42.jpeg\",\"width\":1600,\"height\":1204},{\"@type\":\"BreadcrumbList\",\"@id\":\"https:\/\/www.manaus.am.gov.br\/semulsp\/prefeitura-semulsp-limpezaigarape\/#breadcrumb\",\"itemListElement\":[{\"@type\":\"ListItem\",\"position\":1,\"name\":\"Home\",\"item\":\"https:\/\/www.manaus.am.gov.br\/semulsp\/\"},{\"@type\":\"ListItem\",\"position\":2,\"name\":\"Prefeitura de Manaus realiza limpeza no igarap\u00e9 do Novo Aleixo\"}]},{\"@type\":\"WebSite\",\"@id\":\"https:\/\/www.manaus.am.gov.br\/semulsp\/#website\",\"url\":\"https:\/\/www.manaus.am.gov.br\/semulsp\/\",\"name\":\"SEMULSP\",\"description\":\"Prefeitura de Manaus\",\"publisher\":{\"@id\":\"https:\/\/www.manaus.am.gov.br\/semulsp\/#organization\"},\"alternateName\":\"Secretaria Municipal de Limpeza P\u00fablica\",\"potentialAction\":[{\"@type\":\"SearchAction\",\"target\":{\"@type\":\"EntryPoint\",\"urlTemplate\":\"https:\/\/www.manaus.am.gov.br\/semulsp\/?s={search_term_string}\"},\"query-input\":\"required name=search_term_string\"}],\"inLanguage\":\"pt-BR\"},{\"@type\":\"Organization\",\"@id\":\"https:\/\/www.manaus.am.gov.br\/semulsp\/#organization\",\"name\":\"SEMULSP\",\"alternateName\":\"Secretaria Municipal de Limpeza P\u00fablica\",\"url\":\"https:\/\/www.manaus.am.gov.br\/semulsp\/\",\"logo\":{\"@type\":\"ImageObject\",\"inLanguage\":\"pt-BR\",\"@id\":\"https:\/\/www.manaus.am.gov.br\/semulsp\/#\/schema\/logo\/image\/\",\"url\":\"https:\/\/www.manaus.am.gov.br\/semulsp\/wp-content\/uploads\/sites\/23\/2023\/05\/cropped-favicon.png\",\"contentUrl\":\"https:\/\/www.manaus.am.gov.br\/semulsp\/wp-content\/uploads\/sites\/23\/2023\/05\/cropped-favicon.png\",\"width\":512,\"height\":512,\"caption\":\"SEMULSP\"},\"image\":{\"@id\":\"https:\/\/www.manaus.am.gov.br\/semulsp\/#\/schema\/logo\/image\/\"},\"sameAs\":[\"https:\/\/www.facebook.com\/semulspmanaus\",\"https:\/\/www.instagram.com\/semulspmanaus\/\"]},{\"@type\":\"Person\",\"@id\":\"https:\/\/www.manaus.am.gov.br\/semulsp\/#\/schema\/person\/4e49f4e267757a06ca072ec61b2b9968\",\"name\":\"Adriana Costa\",\"image\":{\"@type\":\"ImageObject\",\"inLanguage\":\"pt-BR\",\"@id\":\"https:\/\/www.manaus.am.gov.br\/semulsp\/#\/schema\/person\/image\/\",\"url\":\"https:\/\/secure.gravatar.com\/avatar\/576258617ef7194f718179e766d57bd4?s=96&d=mm&r=g\",\"contentUrl\":\"https:\/\/secure.gravatar.com\/avatar\/576258617ef7194f718179e766d57bd4?s=96&d=mm&r=g\",\"caption\":\"Adriana Costa\"}}]}<\/script>\n<!-- \/ Yoast SEO plugin. -->","yoast_head_json":{"title":"Prefeitura de Manaus realiza limpeza no igarap\u00e9 do Novo Aleixo","description":"A Prefeitura de Manaus, por meio da Secretaria Municipal de Limpeza Urbana (Semulsp), promove, nesta sexta-feira, 6\/12, uma a\u00e7\u00e3o intensiva de limpeza no igarap\u00e9 do Passarinho, no bairro Novo Aleixo, zona Norte da cidade.","robots":{"index":"noindex","follow":"follow"},"og_locale":"pt_BR","og_type":"article","og_title":"Prefeitura de Manaus realiza limpeza no igarap\u00e9 do Novo Aleixo","og_description":"A Prefeitura de Manaus, por meio da Secretaria Municipal de Limpeza Urbana (Semulsp), promove, nesta sexta-feira, 6\/12, uma a\u00e7\u00e3o intensiva de limpeza no igarap\u00e9 do Passarinho, no bairro Novo Aleixo, zona Norte da cidade.","og_url":"https:\/\/www.manaus.am.gov.br\/semulsp\/prefeitura-semulsp-limpezaigarape\/","og_site_name":"SEMULSP","article_publisher":"https:\/\/www.facebook.com\/semulspmanaus","article_published_time":"2024-12-06T14:27:43+00:00","article_modified_time":"2024-12-06T14:27:44+00:00","og_image":[{"width":1600,"height":1204,"url":"https:\/\/www.manaus.am.gov.br\/semulsp\/wp-content\/uploads\/sites\/23\/2024\/12\/WhatsApp-Image-2024-12-06-at-08.52.42.jpeg","type":"image\/jpeg"}],"author":"Adriana Costa","twitter_card":"summary_large_image","twitter_misc":{"Written by":"Adriana Costa","Est. reading time":"2 minutos"},"schema":{"@context":"https:\/\/schema.org","@graph":[{"@type":"Article","@id":"https:\/\/www.manaus.am.gov.br\/semulsp\/prefeitura-semulsp-limpezaigarape\/#article","isPartOf":{"@id":"https:\/\/www.manaus.am.gov.br\/semulsp\/prefeitura-semulsp-limpezaigarape\/"},"author":{"name":"Adriana Costa","@id":"https:\/\/www.manaus.am.gov.br\/semulsp\/#\/schema\/person\/4e49f4e267757a06ca072ec61b2b9968"},"headline":"Prefeitura de Manaus realiza limpeza no igarap\u00e9 do Novo Aleixo","datePublished":"2024-12-06T14:27:43+00:00","dateModified":"2024-12-06T14:27:44+00:00","mainEntityOfPage":{"@id":"https:\/\/www.manaus.am.gov.br\/semulsp\/prefeitura-semulsp-limpezaigarape\/"},"wordCount":342,"publisher":{"@id":"https:\/\/www.manaus.am.gov.br\/semulsp\/#organization"},"image":{"@id":"https:\/\/www.manaus.am.gov.br\/semulsp\/prefeitura-semulsp-limpezaigarape\/#primaryimage"},"thumbnailUrl":"https:\/\/www.manaus.am.gov.br\/semulsp\/wp-content\/uploads\/sites\/23\/2024\/12\/WhatsApp-Image-2024-12-06-at-08.52.42.jpeg","keywords":["Igarap\u00e9 do Passarinho","limpeza","novo aleixo","prefeitura de manaus","semulsp","zona norte"],"articleSection":["Preserva\u00e7\u00e3o"],"inLanguage":"pt-BR"},{"@type":"WebPage","@id":"https:\/\/www.manaus.am.gov.br\/semulsp\/prefeitura-semulsp-limpezaigarape\/","url":"https:\/\/www.manaus.am.gov.br\/semulsp\/prefeitura-semulsp-limpezaigarape\/","name":"Prefeitura de Manaus realiza limpeza no igarap\u00e9 do Novo Aleixo","isPartOf":{"@id":"https:\/\/www.manaus.am.gov.br\/semulsp\/#website"},"primaryImageOfPage":{"@id":"https:\/\/www.manaus.am.gov.br\/semulsp\/prefeitura-semulsp-limpezaigarape\/#primaryimage"},"image":{"@id":"https:\/\/www.manaus.am.gov.br\/semulsp\/prefeitura-semulsp-limpezaigarape\/#primaryimage"},"thumbnailUrl":"https:\/\/www.manaus.am.gov.br\/semulsp\/wp-content\/uploads\/sites\/23\/2024\/12\/WhatsApp-Image-2024-12-06-at-08.52.42.jpeg","datePublished":"2024-12-06T14:27:43+00:00","dateModified":"2024-12-06T14:27:44+00:00","description":"A Prefeitura de Manaus, por meio da Secretaria Municipal de Limpeza Urbana (Semulsp), promove, nesta sexta-feira, 6\/12, uma a\u00e7\u00e3o intensiva de limpeza no igarap\u00e9 do Passarinho, no bairro Novo Aleixo, zona Norte da cidade.","breadcrumb":{"@id":"https:\/\/www.manaus.am.gov.br\/semulsp\/prefeitura-semulsp-limpezaigarape\/#breadcrumb"},"inLanguage":"pt-BR","potentialAction":[{"@type":"ReadAction","target":["https:\/\/www.manaus.am.gov.br\/semulsp\/prefeitura-semulsp-limpezaigarape\/"]}]},{"@type":"ImageObject","inLanguage":"pt-BR","@id":"https:\/\/www.manaus.am.gov.br\/semulsp\/prefeitura-semulsp-limpezaigarape\/#primaryimage","url":"https:\/\/www.manaus.am.gov.br\/semulsp\/wp-content\/uploads\/sites\/23\/2024\/12\/WhatsApp-Image-2024-12-06-at-08.52.42.jpeg","contentUrl":"https:\/\/www.manaus.am.gov.br\/semulsp\/wp-content\/uploads\/sites\/23\/2024\/12\/WhatsApp-Image-2024-12-06-at-08.52.42.jpeg","width":1600,"height":1204},{"@type":"BreadcrumbList","@id":"https:\/\/www.manaus.am.gov.br\/semulsp\/prefeitura-semulsp-limpezaigarape\/#breadcrumb","itemListElement":[{"@type":"ListItem","position":1,"name":"Home","item":"https:\/\/www.manaus.am.gov.br\/semulsp\/"},{"@type":"ListItem","position":2,"name":"Prefeitura de Manaus realiza limpeza no igarap\u00e9 do Novo Aleixo"}]},{"@type":"WebSite","@id":"https:\/\/www.manaus.am.gov.br\/semulsp\/#website","url":"https:\/\/www.manaus.am.gov.br\/semulsp\/","name":"SEMULSP","description":"Prefeitura de Manaus","publisher":{"@id":"https:\/\/www.manaus.am.gov.br\/semulsp\/#organization"},"alternateName":"Secretaria Municipal de Limpeza P\u00fablica","potentialAction":[{"@type":"SearchAction","target":{"@type":"EntryPoint","urlTemplate":"https:\/\/www.manaus.am.gov.br\/semulsp\/?s={search_term_string}"},"query-input":"required name=search_term_string"}],"inLanguage":"pt-BR"},{"@type":"Organization","@id":"https:\/\/www.manaus.am.gov.br\/semulsp\/#organization","name":"SEMULSP","alternateName":"Secretaria Municipal de Limpeza P\u00fablica","url":"https:\/\/www.manaus.am.gov.br\/semulsp\/","logo":{"@type":"ImageObject","inLanguage":"pt-BR","@id":"https:\/\/www.manaus.am.gov.br\/semulsp\/#\/schema\/logo\/image\/","url":"https:\/\/www.manaus.am.gov.br\/semulsp\/wp-content\/uploads\/sites\/23\/2023\/05\/cropped-favicon.png","contentUrl":"https:\/\/www.manaus.am.gov.br\/semulsp\/wp-content\/uploads\/sites\/23\/2023\/05\/cropped-favicon.png","width":512,"height":512,"caption":"SEMULSP"},"image":{"@id":"https:\/\/www.manaus.am.gov.br\/semulsp\/#\/schema\/logo\/image\/"},"sameAs":["https:\/\/www.facebook.com\/semulspmanaus","https:\/\/www.instagram.com\/semulspmanaus\/"]},{"@type":"Person","@id":"https:\/\/www.manaus.am.gov.br\/semulsp\/#\/schema\/person\/4e49f4e267757a06ca072ec61b2b9968","name":"Adriana Costa","image":{"@type":"ImageObject","inLanguage":"pt-BR","@id":"https:\/\/www.manaus.am.gov.br\/semulsp\/#\/schema\/person\/image\/","url":"https:\/\/secure.gravatar.com\/avatar\/576258617ef7194f718179e766d57bd4?s=96&d=mm&r=g","contentUrl":"https:\/\/secure.gravatar.com\/avatar\/576258617ef7194f718179e766d57bd4?s=96&d=mm&r=g","caption":"Adriana Costa"}}]}},"_links":{"self":[{"href":"https:\/\/www.manaus.am.gov.br\/semulsp\/wp-json\/wp\/v2\/posts\/1537"}],"collection":[{"href":"https:\/\/www.manaus.am.gov.br\/semulsp\/wp-json\/wp\/v2\/posts"}],"about":[{"href":"https:\/\/www.manaus.am.gov.br\/semulsp\/wp-json\/wp\/v2\/types\/post"}],"author":[{"embeddable":true,"href":"https:\/\/www.manaus.am.gov.br\/semulsp\/wp-json\/wp\/v2\/users\/23"}],"replies":[{"embeddable":true,"href":"https:\/\/www.manaus.am.gov.br\/semulsp\/wp-json\/wp\/v2\/comments?post=1537"}],"version-history":[{"count":0,"href":"https:\/\/www.manaus.am.gov.br\/semulsp\/wp-json\/wp\/v2\/posts\/1537\/revisions"}],"wp:featuredmedia":[{"embeddable":true,"href":"https:\/\/www.manaus.am.gov.br\/semulsp\/wp-json\/wp\/v2\/media\/1538"}],"wp:attachment":[{"href":"https:\/\/www.manaus.am.gov.br\/semulsp\/wp-json\/wp\/v2\/media?parent=1537"}],"wp:term":[{"taxonomy":"category","embeddable":true,"href":"https:\/\/www.manaus.am.gov.br\/semulsp\/wp-json\/wp\/v2\/categories?post=1537"},{"taxonomy":"post_tag","embeddable":true,"href":"https:\/\/www.manaus.am.gov.br\/semulsp\/wp-json\/wp\/v2\/tags?post=1537"}],"curies":[{"name":"wp","href":"https:\/\/api.w.org\/{rel}","templated":true}]}}