{"id":1517,"date":"2024-11-29T11:21:42","date_gmt":"2024-11-29T15:21:42","guid":{"rendered":"https:\/\/www.manaus.am.gov.br\/semulsp\/prefeitura-semulsp-limpeza-igarape\/"},"modified":"2024-11-29T11:21:43","modified_gmt":"2024-11-29T15:21:43","slug":"prefeitura-semulsp-limpeza-igarape","status":"publish","type":"post","link":"https:\/\/www.manaus.am.gov.br\/semulsp\/prefeitura-semulsp-limpeza-igarape\/","title":{"rendered":"Prefeitura conclui limpeza do igarap\u00e9 da avenida Timbiras e refor\u00e7a apelo por colabora\u00e7\u00e3o da popula\u00e7\u00e3o"},"content":{"rendered":"\n<p>A Prefeitura de Manaus, por meio da Secretaria Municipal de Limpeza Urbana (Semulsp), concluiu, nesta semana, os trabalhos de revitaliza\u00e7\u00e3o no igarap\u00e9 da avenida Timbiras, no bairro Cidade Nova, zona Norte da cidade. Ap\u00f3s dias de esfor\u00e7o intensivo, que envolveu trabalhadores e maquin\u00e1rio especializado, foi poss\u00edvel retirar todo o lixo acumulado no local, totalizando toneladas de res\u00edduos descartados de forma irregular.<\/p>\n\n\n\n<p>Entre os materiais removidos estavam garrafas PET, pl\u00e1sticos, peda\u00e7os de madeira, carca\u00e7as de eletrodom\u00e9sticos, como geladeiras e fog\u00f5es, al\u00e9m de outros detritos que prejudicavam a circula\u00e7\u00e3o da \u00e1gua e a qualidade ambiental do espa\u00e7o.<\/p>\n\n\n\n<p>O titular da Semulsp, Sab\u00e1 Reis, celebrou a finaliza\u00e7\u00e3o do servi\u00e7o, mas ressaltou a import\u00e2ncia da conscientiza\u00e7\u00e3o da popula\u00e7\u00e3o para evitar que o problema se repita. \u201cFizemos a nossa parte, mas precisamos do apoio de todos. N\u00e3o adianta limparmos hoje, se amanh\u00e3 continuarem jogando lixo nas ruas e nos igarap\u00e9s. O descarte correto, no hor\u00e1rio e local do carro coletor, \u00e9 essencial para evitar situa\u00e7\u00f5es como essa. \u00c9 uma quest\u00e3o de respeito com o meio ambiente e com a nossa cidade\u201d, declarou.<\/p>\n\n\n\n<p><strong>Outros<\/strong> <strong>servi\u00e7os<\/strong><\/p>\n\n\n\n<p>Al\u00e9m da limpeza do igarap\u00e9 na avenida Timbiras, a Semulsp segue atuando em outras regi\u00f5es da cidade. Na orla do porto de Manaus, equipes realizam a remo\u00e7\u00e3o de res\u00edduos acumulados na margem do rio, garantindo um ambiente mais limpo e seguro para quem transita na \u00e1rea.<\/p>\n\n\n\n<p>Na avenida Cosme Ferreira, uma das principais vias da capital, est\u00e1 em andamento a manuten\u00e7\u00e3o das cal\u00e7adas e a remo\u00e7\u00e3o de entulhos, promovendo mais seguran\u00e7a e mobilidade para os pedestres. J\u00e1 no bairro Planalto, na rua Hava\u00ed, trabalhadores retiram os res\u00edduos volumosos descartados irregularmente.<\/p>\n\n\n\n<p>Outras a\u00e7\u00f5es incluem a lavagem e higieniza\u00e7\u00e3o da escada na Baixada Fluminense, na zona Norte, e servi\u00e7os de manuten\u00e7\u00e3o urbana em diversas \u00e1reas do centro da cidade.<\/p>\n\n\n\n<p><strong>Conscientiza\u00e7\u00e3o ambiental<\/strong><\/p>\n\n\n\n<p>Os esfor\u00e7os cont\u00ednuos da Semulsp v\u00e3o al\u00e9m da limpeza, com o objetivo de fomentar uma mudan\u00e7a cultural entre os manauaras. Segundo o secret\u00e1rio Sab\u00e1 Reis, a prefeitura intensifica as campanhas educativas para conscientizar a popula\u00e7\u00e3o sobre os impactos do descarte incorreto de res\u00edduos.<\/p>\n\n\n\n<p>\u201cO lixo nas ruas n\u00e3o \u00e9 s\u00f3 feio. Ele entope bueiros, provoca enchentes, polui os igarap\u00e9s e coloca em risco a sa\u00fade p\u00fablica. Precisamos que cada cidad\u00e3o entenda o papel que tem na preserva\u00e7\u00e3o da cidade. Juntos, podemos construir uma Manaus mais limpa e mais saud\u00e1vel para todos\u201d, afirmou o secret\u00e1rio.<\/p>\n\n\n\n<p>Enquanto a prefeitura cumpre sua parte com a\u00e7\u00f5es em diversas frentes, o apelo principal \u00e9 para que cada morador fa\u00e7a o esfor\u00e7o de manter a cidade de Manaus limpa. \u201cA solu\u00e7\u00e3o para o lixo urbano come\u00e7a com a colabora\u00e7\u00e3o de todos\u201d, refor\u00e7ou o secret\u00e1rio Sab\u00e1 Reis.<\/p>\n\n\n\n<p>&#8212; &#8212; &#8212;<\/p>\n\n\n\n<p><strong>Texto<\/strong>\u00a0\u2013 Alex Melo\/Semulsp<\/p>\n\n\n\n<p><strong>Fotos<\/strong>\u00a0\u2013 Divulga\u00e7\u00e3o\/Semulsp<\/p>\n\n\n\n<p><\/p>\n","protected":false},"excerpt":{"rendered":"","protected":false},"author":23,"featured_media":1518,"comment_status":"closed","ping_status":"closed","sticky":false,"template":"","format":"standard","meta":{"footnotes":""},"categories":[132],"tags":[527,370,103,10,19],"acf":[],"yoast_head":"<!-- This site is optimized with the Yoast SEO plugin v23.0 - https:\/\/yoast.com\/wordpress\/plugins\/seo\/ -->\n<title>Prefeitura conclui limpeza do igarap\u00e9 da avenida Timbiras e refor\u00e7a apelo por colabora\u00e7\u00e3o da popula\u00e7\u00e3o<\/title>\n<meta name=\"description\" content=\"A Prefeitura de Manaus, por meio da Secretaria Municipal de Limpeza Urbana (Semulsp), concluiu, nesta semana, os trabalhos de revitaliza\u00e7\u00e3o no igarap\u00e9 da avenida Timbiras, no bairro Cidade Nova, zona Norte da cidade.\" \/>\n<meta name=\"robots\" content=\"noindex, follow\" \/>\n<meta property=\"og:locale\" content=\"pt_BR\" \/>\n<meta property=\"og:type\" content=\"article\" \/>\n<meta property=\"og:title\" content=\"Prefeitura conclui limpeza do igarap\u00e9 da avenida Timbiras e refor\u00e7a apelo por colabora\u00e7\u00e3o da popula\u00e7\u00e3o\" \/>\n<meta property=\"og:description\" content=\"A Prefeitura de Manaus, por meio da Secretaria Municipal de Limpeza Urbana (Semulsp), concluiu, nesta semana, os trabalhos de revitaliza\u00e7\u00e3o no igarap\u00e9 da avenida Timbiras, no bairro Cidade Nova, zona Norte da cidade.\" \/>\n<meta property=\"og:url\" content=\"https:\/\/www.manaus.am.gov.br\/semulsp\/prefeitura-semulsp-limpeza-igarape\/\" \/>\n<meta property=\"og:site_name\" content=\"SEMULSP\" \/>\n<meta property=\"article:publisher\" content=\"https:\/\/www.facebook.com\/semulspmanaus\" \/>\n<meta property=\"article:published_time\" content=\"2024-11-29T15:21:42+00:00\" \/>\n<meta property=\"article:modified_time\" content=\"2024-11-29T15:21:43+00:00\" \/>\n<meta property=\"og:image\" content=\"https:\/\/www.manaus.am.gov.br\/semulsp\/wp-content\/uploads\/sites\/23\/2024\/11\/WhatsApp-Image-2024-11-29-at-05.12.13-1.jpg\" \/>\n\t<meta property=\"og:image:width\" content=\"1600\" \/>\n\t<meta property=\"og:image:height\" content=\"1006\" \/>\n\t<meta property=\"og:image:type\" content=\"image\/jpeg\" \/>\n<meta name=\"author\" content=\"Adriana Costa\" \/>\n<meta name=\"twitter:card\" content=\"summary_large_image\" \/>\n<meta name=\"twitter:label1\" content=\"Written by\" \/>\n\t<meta name=\"twitter:data1\" content=\"Adriana Costa\" \/>\n\t<meta name=\"twitter:label2\" content=\"Est. reading time\" \/>\n\t<meta name=\"twitter:data2\" content=\"3 minutos\" \/>\n<script type=\"application\/ld+json\" class=\"yoast-schema-graph\">{\"@context\":\"https:\/\/schema.org\",\"@graph\":[{\"@type\":\"Article\",\"@id\":\"https:\/\/www.manaus.am.gov.br\/semulsp\/prefeitura-semulsp-limpeza-igarape\/#article\",\"isPartOf\":{\"@id\":\"https:\/\/www.manaus.am.gov.br\/semulsp\/prefeitura-semulsp-limpeza-igarape\/\"},\"author\":{\"name\":\"Adriana Costa\",\"@id\":\"https:\/\/www.manaus.am.gov.br\/semulsp\/#\/schema\/person\/4e49f4e267757a06ca072ec61b2b9968\"},\"headline\":\"Prefeitura conclui limpeza do igarap\u00e9 da avenida Timbiras e refor\u00e7a apelo por colabora\u00e7\u00e3o da popula\u00e7\u00e3o\",\"datePublished\":\"2024-11-29T15:21:42+00:00\",\"dateModified\":\"2024-11-29T15:21:43+00:00\",\"mainEntityOfPage\":{\"@id\":\"https:\/\/www.manaus.am.gov.br\/semulsp\/prefeitura-semulsp-limpeza-igarape\/\"},\"wordCount\":526,\"publisher\":{\"@id\":\"https:\/\/www.manaus.am.gov.br\/semulsp\/#organization\"},\"image\":{\"@id\":\"https:\/\/www.manaus.am.gov.br\/semulsp\/prefeitura-semulsp-limpeza-igarape\/#primaryimage\"},\"thumbnailUrl\":\"https:\/\/www.manaus.am.gov.br\/semulsp\/wp-content\/uploads\/sites\/23\/2024\/11\/WhatsApp-Image-2024-11-29-at-05.12.13-1.jpg\",\"keywords\":[\"avenida timbiras\",\"igarap\u00e9\",\"limpeza\",\"prefeitura de manaus\",\"semulsp\"],\"articleSection\":[\"Preserva\u00e7\u00e3o\"],\"inLanguage\":\"pt-BR\"},{\"@type\":\"WebPage\",\"@id\":\"https:\/\/www.manaus.am.gov.br\/semulsp\/prefeitura-semulsp-limpeza-igarape\/\",\"url\":\"https:\/\/www.manaus.am.gov.br\/semulsp\/prefeitura-semulsp-limpeza-igarape\/\",\"name\":\"Prefeitura conclui limpeza do igarap\u00e9 da avenida Timbiras e refor\u00e7a apelo por colabora\u00e7\u00e3o da popula\u00e7\u00e3o\",\"isPartOf\":{\"@id\":\"https:\/\/www.manaus.am.gov.br\/semulsp\/#website\"},\"primaryImageOfPage\":{\"@id\":\"https:\/\/www.manaus.am.gov.br\/semulsp\/prefeitura-semulsp-limpeza-igarape\/#primaryimage\"},\"image\":{\"@id\":\"https:\/\/www.manaus.am.gov.br\/semulsp\/prefeitura-semulsp-limpeza-igarape\/#primaryimage\"},\"thumbnailUrl\":\"https:\/\/www.manaus.am.gov.br\/semulsp\/wp-content\/uploads\/sites\/23\/2024\/11\/WhatsApp-Image-2024-11-29-at-05.12.13-1.jpg\",\"datePublished\":\"2024-11-29T15:21:42+00:00\",\"dateModified\":\"2024-11-29T15:21:43+00:00\",\"description\":\"A Prefeitura de Manaus, por meio da Secretaria Municipal de Limpeza Urbana (Semulsp), concluiu, nesta semana, os trabalhos de revitaliza\u00e7\u00e3o no igarap\u00e9 da avenida Timbiras, no bairro Cidade Nova, zona Norte da cidade.\",\"breadcrumb\":{\"@id\":\"https:\/\/www.manaus.am.gov.br\/semulsp\/prefeitura-semulsp-limpeza-igarape\/#breadcrumb\"},\"inLanguage\":\"pt-BR\",\"potentialAction\":[{\"@type\":\"ReadAction\",\"target\":[\"https:\/\/www.manaus.am.gov.br\/semulsp\/prefeitura-semulsp-limpeza-igarape\/\"]}]},{\"@type\":\"ImageObject\",\"inLanguage\":\"pt-BR\",\"@id\":\"https:\/\/www.manaus.am.gov.br\/semulsp\/prefeitura-semulsp-limpeza-igarape\/#primaryimage\",\"url\":\"https:\/\/www.manaus.am.gov.br\/semulsp\/wp-content\/uploads\/sites\/23\/2024\/11\/WhatsApp-Image-2024-11-29-at-05.12.13-1.jpg\",\"contentUrl\":\"https:\/\/www.manaus.am.gov.br\/semulsp\/wp-content\/uploads\/sites\/23\/2024\/11\/WhatsApp-Image-2024-11-29-at-05.12.13-1.jpg\",\"width\":1600,\"height\":1006},{\"@type\":\"BreadcrumbList\",\"@id\":\"https:\/\/www.manaus.am.gov.br\/semulsp\/prefeitura-semulsp-limpeza-igarape\/#breadcrumb\",\"itemListElement\":[{\"@type\":\"ListItem\",\"position\":1,\"name\":\"Home\",\"item\":\"https:\/\/www.manaus.am.gov.br\/semulsp\/\"},{\"@type\":\"ListItem\",\"position\":2,\"name\":\"Prefeitura conclui limpeza do igarap\u00e9 da avenida Timbiras e refor\u00e7a apelo por colabora\u00e7\u00e3o da popula\u00e7\u00e3o\"}]},{\"@type\":\"WebSite\",\"@id\":\"https:\/\/www.manaus.am.gov.br\/semulsp\/#website\",\"url\":\"https:\/\/www.manaus.am.gov.br\/semulsp\/\",\"name\":\"SEMULSP\",\"description\":\"Prefeitura de Manaus\",\"publisher\":{\"@id\":\"https:\/\/www.manaus.am.gov.br\/semulsp\/#organization\"},\"alternateName\":\"Secretaria Municipal de Limpeza P\u00fablica\",\"potentialAction\":[{\"@type\":\"SearchAction\",\"target\":{\"@type\":\"EntryPoint\",\"urlTemplate\":\"https:\/\/www.manaus.am.gov.br\/semulsp\/?s={search_term_string}\"},\"query-input\":\"required name=search_term_string\"}],\"inLanguage\":\"pt-BR\"},{\"@type\":\"Organization\",\"@id\":\"https:\/\/www.manaus.am.gov.br\/semulsp\/#organization\",\"name\":\"SEMULSP\",\"alternateName\":\"Secretaria Municipal de Limpeza P\u00fablica\",\"url\":\"https:\/\/www.manaus.am.gov.br\/semulsp\/\",\"logo\":{\"@type\":\"ImageObject\",\"inLanguage\":\"pt-BR\",\"@id\":\"https:\/\/www.manaus.am.gov.br\/semulsp\/#\/schema\/logo\/image\/\",\"url\":\"https:\/\/www.manaus.am.gov.br\/semulsp\/wp-content\/uploads\/sites\/23\/2023\/05\/cropped-favicon.png\",\"contentUrl\":\"https:\/\/www.manaus.am.gov.br\/semulsp\/wp-content\/uploads\/sites\/23\/2023\/05\/cropped-favicon.png\",\"width\":512,\"height\":512,\"caption\":\"SEMULSP\"},\"image\":{\"@id\":\"https:\/\/www.manaus.am.gov.br\/semulsp\/#\/schema\/logo\/image\/\"},\"sameAs\":[\"https:\/\/www.facebook.com\/semulspmanaus\",\"https:\/\/www.instagram.com\/semulspmanaus\/\"]},{\"@type\":\"Person\",\"@id\":\"https:\/\/www.manaus.am.gov.br\/semulsp\/#\/schema\/person\/4e49f4e267757a06ca072ec61b2b9968\",\"name\":\"Adriana Costa\",\"image\":{\"@type\":\"ImageObject\",\"inLanguage\":\"pt-BR\",\"@id\":\"https:\/\/www.manaus.am.gov.br\/semulsp\/#\/schema\/person\/image\/\",\"url\":\"https:\/\/secure.gravatar.com\/avatar\/576258617ef7194f718179e766d57bd4?s=96&d=mm&r=g\",\"contentUrl\":\"https:\/\/secure.gravatar.com\/avatar\/576258617ef7194f718179e766d57bd4?s=96&d=mm&r=g\",\"caption\":\"Adriana Costa\"}}]}<\/script>\n<!-- \/ Yoast SEO plugin. -->","yoast_head_json":{"title":"Prefeitura conclui limpeza do igarap\u00e9 da avenida Timbiras e refor\u00e7a apelo por colabora\u00e7\u00e3o da popula\u00e7\u00e3o","description":"A Prefeitura de Manaus, por meio da Secretaria Municipal de Limpeza Urbana (Semulsp), concluiu, nesta semana, os trabalhos de revitaliza\u00e7\u00e3o no igarap\u00e9 da avenida Timbiras, no bairro Cidade Nova, zona Norte da cidade.","robots":{"index":"noindex","follow":"follow"},"og_locale":"pt_BR","og_type":"article","og_title":"Prefeitura conclui limpeza do igarap\u00e9 da avenida Timbiras e refor\u00e7a apelo por colabora\u00e7\u00e3o da popula\u00e7\u00e3o","og_description":"A Prefeitura de Manaus, por meio da Secretaria Municipal de Limpeza Urbana (Semulsp), concluiu, nesta semana, os trabalhos de revitaliza\u00e7\u00e3o no igarap\u00e9 da avenida Timbiras, no bairro Cidade Nova, zona Norte da cidade.","og_url":"https:\/\/www.manaus.am.gov.br\/semulsp\/prefeitura-semulsp-limpeza-igarape\/","og_site_name":"SEMULSP","article_publisher":"https:\/\/www.facebook.com\/semulspmanaus","article_published_time":"2024-11-29T15:21:42+00:00","article_modified_time":"2024-11-29T15:21:43+00:00","og_image":[{"width":1600,"height":1006,"url":"https:\/\/www.manaus.am.gov.br\/semulsp\/wp-content\/uploads\/sites\/23\/2024\/11\/WhatsApp-Image-2024-11-29-at-05.12.13-1.jpg","type":"image\/jpeg"}],"author":"Adriana Costa","twitter_card":"summary_large_image","twitter_misc":{"Written by":"Adriana Costa","Est. reading time":"3 minutos"},"schema":{"@context":"https:\/\/schema.org","@graph":[{"@type":"Article","@id":"https:\/\/www.manaus.am.gov.br\/semulsp\/prefeitura-semulsp-limpeza-igarape\/#article","isPartOf":{"@id":"https:\/\/www.manaus.am.gov.br\/semulsp\/prefeitura-semulsp-limpeza-igarape\/"},"author":{"name":"Adriana Costa","@id":"https:\/\/www.manaus.am.gov.br\/semulsp\/#\/schema\/person\/4e49f4e267757a06ca072ec61b2b9968"},"headline":"Prefeitura conclui limpeza do igarap\u00e9 da avenida Timbiras e refor\u00e7a apelo por colabora\u00e7\u00e3o da popula\u00e7\u00e3o","datePublished":"2024-11-29T15:21:42+00:00","dateModified":"2024-11-29T15:21:43+00:00","mainEntityOfPage":{"@id":"https:\/\/www.manaus.am.gov.br\/semulsp\/prefeitura-semulsp-limpeza-igarape\/"},"wordCount":526,"publisher":{"@id":"https:\/\/www.manaus.am.gov.br\/semulsp\/#organization"},"image":{"@id":"https:\/\/www.manaus.am.gov.br\/semulsp\/prefeitura-semulsp-limpeza-igarape\/#primaryimage"},"thumbnailUrl":"https:\/\/www.manaus.am.gov.br\/semulsp\/wp-content\/uploads\/sites\/23\/2024\/11\/WhatsApp-Image-2024-11-29-at-05.12.13-1.jpg","keywords":["avenida timbiras","igarap\u00e9","limpeza","prefeitura de manaus","semulsp"],"articleSection":["Preserva\u00e7\u00e3o"],"inLanguage":"pt-BR"},{"@type":"WebPage","@id":"https:\/\/www.manaus.am.gov.br\/semulsp\/prefeitura-semulsp-limpeza-igarape\/","url":"https:\/\/www.manaus.am.gov.br\/semulsp\/prefeitura-semulsp-limpeza-igarape\/","name":"Prefeitura conclui limpeza do igarap\u00e9 da avenida Timbiras e refor\u00e7a apelo por colabora\u00e7\u00e3o da popula\u00e7\u00e3o","isPartOf":{"@id":"https:\/\/www.manaus.am.gov.br\/semulsp\/#website"},"primaryImageOfPage":{"@id":"https:\/\/www.manaus.am.gov.br\/semulsp\/prefeitura-semulsp-limpeza-igarape\/#primaryimage"},"image":{"@id":"https:\/\/www.manaus.am.gov.br\/semulsp\/prefeitura-semulsp-limpeza-igarape\/#primaryimage"},"thumbnailUrl":"https:\/\/www.manaus.am.gov.br\/semulsp\/wp-content\/uploads\/sites\/23\/2024\/11\/WhatsApp-Image-2024-11-29-at-05.12.13-1.jpg","datePublished":"2024-11-29T15:21:42+00:00","dateModified":"2024-11-29T15:21:43+00:00","description":"A Prefeitura de Manaus, por meio da Secretaria Municipal de Limpeza Urbana (Semulsp), concluiu, nesta semana, os trabalhos de revitaliza\u00e7\u00e3o no igarap\u00e9 da avenida Timbiras, no bairro Cidade Nova, zona Norte da cidade.","breadcrumb":{"@id":"https:\/\/www.manaus.am.gov.br\/semulsp\/prefeitura-semulsp-limpeza-igarape\/#breadcrumb"},"inLanguage":"pt-BR","potentialAction":[{"@type":"ReadAction","target":["https:\/\/www.manaus.am.gov.br\/semulsp\/prefeitura-semulsp-limpeza-igarape\/"]}]},{"@type":"ImageObject","inLanguage":"pt-BR","@id":"https:\/\/www.manaus.am.gov.br\/semulsp\/prefeitura-semulsp-limpeza-igarape\/#primaryimage","url":"https:\/\/www.manaus.am.gov.br\/semulsp\/wp-content\/uploads\/sites\/23\/2024\/11\/WhatsApp-Image-2024-11-29-at-05.12.13-1.jpg","contentUrl":"https:\/\/www.manaus.am.gov.br\/semulsp\/wp-content\/uploads\/sites\/23\/2024\/11\/WhatsApp-Image-2024-11-29-at-05.12.13-1.jpg","width":1600,"height":1006},{"@type":"BreadcrumbList","@id":"https:\/\/www.manaus.am.gov.br\/semulsp\/prefeitura-semulsp-limpeza-igarape\/#breadcrumb","itemListElement":[{"@type":"ListItem","position":1,"name":"Home","item":"https:\/\/www.manaus.am.gov.br\/semulsp\/"},{"@type":"ListItem","position":2,"name":"Prefeitura conclui limpeza do igarap\u00e9 da avenida Timbiras e refor\u00e7a apelo por colabora\u00e7\u00e3o da popula\u00e7\u00e3o"}]},{"@type":"WebSite","@id":"https:\/\/www.manaus.am.gov.br\/semulsp\/#website","url":"https:\/\/www.manaus.am.gov.br\/semulsp\/","name":"SEMULSP","description":"Prefeitura de Manaus","publisher":{"@id":"https:\/\/www.manaus.am.gov.br\/semulsp\/#organization"},"alternateName":"Secretaria Municipal de Limpeza P\u00fablica","potentialAction":[{"@type":"SearchAction","target":{"@type":"EntryPoint","urlTemplate":"https:\/\/www.manaus.am.gov.br\/semulsp\/?s={search_term_string}"},"query-input":"required name=search_term_string"}],"inLanguage":"pt-BR"},{"@type":"Organization","@id":"https:\/\/www.manaus.am.gov.br\/semulsp\/#organization","name":"SEMULSP","alternateName":"Secretaria Municipal de Limpeza P\u00fablica","url":"https:\/\/www.manaus.am.gov.br\/semulsp\/","logo":{"@type":"ImageObject","inLanguage":"pt-BR","@id":"https:\/\/www.manaus.am.gov.br\/semulsp\/#\/schema\/logo\/image\/","url":"https:\/\/www.manaus.am.gov.br\/semulsp\/wp-content\/uploads\/sites\/23\/2023\/05\/cropped-favicon.png","contentUrl":"https:\/\/www.manaus.am.gov.br\/semulsp\/wp-content\/uploads\/sites\/23\/2023\/05\/cropped-favicon.png","width":512,"height":512,"caption":"SEMULSP"},"image":{"@id":"https:\/\/www.manaus.am.gov.br\/semulsp\/#\/schema\/logo\/image\/"},"sameAs":["https:\/\/www.facebook.com\/semulspmanaus","https:\/\/www.instagram.com\/semulspmanaus\/"]},{"@type":"Person","@id":"https:\/\/www.manaus.am.gov.br\/semulsp\/#\/schema\/person\/4e49f4e267757a06ca072ec61b2b9968","name":"Adriana Costa","image":{"@type":"ImageObject","inLanguage":"pt-BR","@id":"https:\/\/www.manaus.am.gov.br\/semulsp\/#\/schema\/person\/image\/","url":"https:\/\/secure.gravatar.com\/avatar\/576258617ef7194f718179e766d57bd4?s=96&d=mm&r=g","contentUrl":"https:\/\/secure.gravatar.com\/avatar\/576258617ef7194f718179e766d57bd4?s=96&d=mm&r=g","caption":"Adriana Costa"}}]}},"_links":{"self":[{"href":"https:\/\/www.manaus.am.gov.br\/semulsp\/wp-json\/wp\/v2\/posts\/1517"}],"collection":[{"href":"https:\/\/www.manaus.am.gov.br\/semulsp\/wp-json\/wp\/v2\/posts"}],"about":[{"href":"https:\/\/www.manaus.am.gov.br\/semulsp\/wp-json\/wp\/v2\/types\/post"}],"author":[{"embeddable":true,"href":"https:\/\/www.manaus.am.gov.br\/semulsp\/wp-json\/wp\/v2\/users\/23"}],"replies":[{"embeddable":true,"href":"https:\/\/www.manaus.am.gov.br\/semulsp\/wp-json\/wp\/v2\/comments?post=1517"}],"version-history":[{"count":0,"href":"https:\/\/www.manaus.am.gov.br\/semulsp\/wp-json\/wp\/v2\/posts\/1517\/revisions"}],"wp:featuredmedia":[{"embeddable":true,"href":"https:\/\/www.manaus.am.gov.br\/semulsp\/wp-json\/wp\/v2\/media\/1518"}],"wp:attachment":[{"href":"https:\/\/www.manaus.am.gov.br\/semulsp\/wp-json\/wp\/v2\/media?parent=1517"}],"wp:term":[{"taxonomy":"category","embeddable":true,"href":"https:\/\/www.manaus.am.gov.br\/semulsp\/wp-json\/wp\/v2\/categories?post=1517"},{"taxonomy":"post_tag","embeddable":true,"href":"https:\/\/www.manaus.am.gov.br\/semulsp\/wp-json\/wp\/v2\/tags?post=1517"}],"curies":[{"name":"wp","href":"https:\/\/api.w.org\/{rel}","templated":true}]}}