{"id":1396,"date":"2024-11-07T15:36:45","date_gmt":"2024-11-07T19:36:45","guid":{"rendered":"https:\/\/www.manaus.am.gov.br\/semulsp\/manutencao\/"},"modified":"2024-11-07T15:36:46","modified_gmt":"2024-11-07T19:36:46","slug":"manutencao","status":"publish","type":"post","link":"https:\/\/www.manaus.am.gov.br\/semulsp\/manutencao\/","title":{"rendered":"Prefeitura de Manaus realiza servi\u00e7os de poda e reparos na avenida Eduardo Ribeiro"},"content":{"rendered":"\n<p>A Prefeitura de Manaus, por meio da Secretaria Municipal de Limpeza Urbana (Semulsp), realizou, nesta quinta-feira, 7\/11, um intenso trabalho de poda de \u00e1rvores e pintura de meios-fios ao longo da avenida Eduardo Ribeiro, no Centro. A a\u00e7\u00e3o visa n\u00e3o apenas melhorar a visibilidade para motoristas e pedestres, mas tamb\u00e9m trazer um aspecto mais agrad\u00e1vel para a regi\u00e3o, um dos pontos tur\u00edsticos e hist\u00f3ricos da cidade.<\/p>\n\n\n\n<p>Segundo o titular da Semulsp, Sab\u00e1 Reis, os trabalhos fazem parte de um compromisso cont\u00ednuo da prefeitura com a qualidade de vida dos manauaras e a conserva\u00e7\u00e3o dos espa\u00e7os p\u00fablicos. &#8220;Nossa cidade \u00e9 um patrim\u00f4nio precioso, e cuidar dela \u00e9 uma de nossas miss\u00f5es. Esses servi\u00e7os de poda e pintura s\u00e3o fundamentais para manter a seguran\u00e7a no tr\u00e2nsito e valorizar as belezas naturais e hist\u00f3ricas de Manaus&#8221;, enfatizou Reis.<\/p>\n\n\n\n<p>Simultaneamente, a Semulsp tamb\u00e9m executou uma manuten\u00e7\u00e3o geral na pra\u00e7a da Matriz, outro ponto hist\u00f3rico da cidade. O espa\u00e7o recebeu cuidados especiais, com limpeza, reparo de estruturas e verifica\u00e7\u00e3o das \u00e1reas de circula\u00e7\u00e3o, em um esfor\u00e7o para garantir que a pra\u00e7a continue a ser um local agrad\u00e1vel para a popula\u00e7\u00e3o e turistas.<\/p>\n\n\n\n<p>Al\u00e9m disso, a orla do rio Negro, nas proximidades do mirante L\u00facia Almeida, foi alvo de uma opera\u00e7\u00e3o de recolhimento de res\u00edduos. Equipamentos pesados, como retroescavadeiras, balsas e botes, foram utilizados para remover detritos acumulados, especialmente ap\u00f3s o per\u00edodo de cheia. Essa a\u00e7\u00e3o tem como objetivo preservar o meio ambiente e proporcionar um local limpo e seguro.<\/p>\n\n\n\n<p>As atividades integram parte de um programa cont\u00ednuo da Semulsp, que, de acordo com Sab\u00e1 Reis, est\u00e1 comprometida com a manuten\u00e7\u00e3o e limpeza da cidade. &#8220;Esse trabalho \u00e9 di\u00e1rio e faz parte do nosso compromisso em oferecer \u00e0 popula\u00e7\u00e3o um espa\u00e7o urbano bem cuidado. Queremos que o povo de Manaus sinta orgulho da sua cidade&#8221;, concluiu o secret\u00e1rio.<\/p>\n\n\n\n<p>&#8212; &#8212; &#8212;<\/p>\n\n\n\n<p><strong>Texto<\/strong>\u00a0\u2013 Alex Melo\/Semulsp<\/p>\n\n\n\n<p><strong>Fotos\u00a0<\/strong>\u2013 Divulga\u00e7\u00e3o\/Semulsp<\/p>\n","protected":false},"excerpt":{"rendered":"","protected":false},"author":23,"featured_media":1399,"comment_status":"closed","ping_status":"closed","sticky":false,"template":"","format":"standard","meta":{"footnotes":""},"categories":[210],"tags":[497,498,137,10,19],"acf":[],"yoast_head":"<!-- This site is optimized with the Yoast SEO plugin v23.0 - https:\/\/yoast.com\/wordpress\/plugins\/seo\/ -->\n<title>Prefeitura de Manaus realiza servi\u00e7os de poda e pintura na avenida Eduardo Ribeiro<\/title>\n<meta name=\"description\" content=\"A Prefeitura de Manaus, por meio da Secretaria Municipal de Limpeza Urbana (Semulsp), realizou, nesta quinta-feira, 7\/11, um intenso trabalho de poda de \u00e1rvores e pintura de meios-fios ao longo da avenida Eduardo Ribeiro, no Centro.\" \/>\n<meta name=\"robots\" content=\"noindex, follow\" \/>\n<meta property=\"og:locale\" content=\"pt_BR\" \/>\n<meta property=\"og:type\" content=\"article\" \/>\n<meta property=\"og:title\" content=\"Prefeitura de Manaus realiza servi\u00e7os de poda e pintura na avenida Eduardo Ribeiro\" \/>\n<meta property=\"og:description\" content=\"A Prefeitura de Manaus, por meio da Secretaria Municipal de Limpeza Urbana (Semulsp), realizou, nesta quinta-feira, 7\/11, um intenso trabalho de poda de \u00e1rvores e pintura de meios-fios ao longo da avenida Eduardo Ribeiro, no Centro.\" \/>\n<meta property=\"og:url\" content=\"https:\/\/www.manaus.am.gov.br\/semulsp\/manutencao\/\" \/>\n<meta property=\"og:site_name\" content=\"SEMULSP\" \/>\n<meta property=\"article:publisher\" content=\"https:\/\/www.facebook.com\/semulspmanaus\" \/>\n<meta property=\"article:published_time\" content=\"2024-11-07T19:36:45+00:00\" \/>\n<meta property=\"article:modified_time\" content=\"2024-11-07T19:36:46+00:00\" \/>\n<meta property=\"og:image\" content=\"https:\/\/www.manaus.am.gov.br\/semulsp\/wp-content\/uploads\/sites\/23\/2024\/11\/Semulsp_Eduardo-Ribeiro-3.jpeg\" \/>\n\t<meta property=\"og:image:width\" content=\"1600\" \/>\n\t<meta property=\"og:image:height\" content=\"1200\" \/>\n\t<meta property=\"og:image:type\" content=\"image\/jpeg\" \/>\n<meta name=\"author\" content=\"Adriana Costa\" \/>\n<meta name=\"twitter:card\" content=\"summary_large_image\" \/>\n<meta name=\"twitter:label1\" content=\"Written by\" \/>\n\t<meta name=\"twitter:data1\" content=\"Adriana Costa\" \/>\n\t<meta name=\"twitter:label2\" content=\"Est. reading time\" \/>\n\t<meta name=\"twitter:data2\" content=\"2 minutos\" \/>\n<script type=\"application\/ld+json\" class=\"yoast-schema-graph\">{\"@context\":\"https:\/\/schema.org\",\"@graph\":[{\"@type\":\"Article\",\"@id\":\"https:\/\/www.manaus.am.gov.br\/semulsp\/manutencao\/#article\",\"isPartOf\":{\"@id\":\"https:\/\/www.manaus.am.gov.br\/semulsp\/manutencao\/\"},\"author\":{\"name\":\"Adriana Costa\",\"@id\":\"https:\/\/www.manaus.am.gov.br\/semulsp\/#\/schema\/person\/4e49f4e267757a06ca072ec61b2b9968\"},\"headline\":\"Prefeitura de Manaus realiza servi\u00e7os de poda e reparos na avenida Eduardo Ribeiro\",\"datePublished\":\"2024-11-07T19:36:45+00:00\",\"dateModified\":\"2024-11-07T19:36:46+00:00\",\"mainEntityOfPage\":{\"@id\":\"https:\/\/www.manaus.am.gov.br\/semulsp\/manutencao\/\"},\"wordCount\":364,\"publisher\":{\"@id\":\"https:\/\/www.manaus.am.gov.br\/semulsp\/#organization\"},\"image\":{\"@id\":\"https:\/\/www.manaus.am.gov.br\/semulsp\/manutencao\/#primaryimage\"},\"thumbnailUrl\":\"https:\/\/www.manaus.am.gov.br\/semulsp\/wp-content\/uploads\/sites\/23\/2024\/11\/Semulsp_Eduardo-Ribeiro-3.jpeg\",\"keywords\":[\"conserva\u00e7\u00e3o\",\"eduardo ribeiro\",\"pintura\",\"prefeitura de manaus\",\"semulsp\"],\"articleSection\":[\"Manaus\"],\"inLanguage\":\"pt-BR\"},{\"@type\":\"WebPage\",\"@id\":\"https:\/\/www.manaus.am.gov.br\/semulsp\/manutencao\/\",\"url\":\"https:\/\/www.manaus.am.gov.br\/semulsp\/manutencao\/\",\"name\":\"Prefeitura de Manaus realiza servi\u00e7os de poda e pintura na avenida Eduardo Ribeiro\",\"isPartOf\":{\"@id\":\"https:\/\/www.manaus.am.gov.br\/semulsp\/#website\"},\"primaryImageOfPage\":{\"@id\":\"https:\/\/www.manaus.am.gov.br\/semulsp\/manutencao\/#primaryimage\"},\"image\":{\"@id\":\"https:\/\/www.manaus.am.gov.br\/semulsp\/manutencao\/#primaryimage\"},\"thumbnailUrl\":\"https:\/\/www.manaus.am.gov.br\/semulsp\/wp-content\/uploads\/sites\/23\/2024\/11\/Semulsp_Eduardo-Ribeiro-3.jpeg\",\"datePublished\":\"2024-11-07T19:36:45+00:00\",\"dateModified\":\"2024-11-07T19:36:46+00:00\",\"description\":\"A Prefeitura de Manaus, por meio da Secretaria Municipal de Limpeza Urbana (Semulsp), realizou, nesta quinta-feira, 7\/11, um intenso trabalho de poda de \u00e1rvores e pintura de meios-fios ao longo da avenida Eduardo Ribeiro, no Centro.\",\"breadcrumb\":{\"@id\":\"https:\/\/www.manaus.am.gov.br\/semulsp\/manutencao\/#breadcrumb\"},\"inLanguage\":\"pt-BR\",\"potentialAction\":[{\"@type\":\"ReadAction\",\"target\":[\"https:\/\/www.manaus.am.gov.br\/semulsp\/manutencao\/\"]}]},{\"@type\":\"ImageObject\",\"inLanguage\":\"pt-BR\",\"@id\":\"https:\/\/www.manaus.am.gov.br\/semulsp\/manutencao\/#primaryimage\",\"url\":\"https:\/\/www.manaus.am.gov.br\/semulsp\/wp-content\/uploads\/sites\/23\/2024\/11\/Semulsp_Eduardo-Ribeiro-3.jpeg\",\"contentUrl\":\"https:\/\/www.manaus.am.gov.br\/semulsp\/wp-content\/uploads\/sites\/23\/2024\/11\/Semulsp_Eduardo-Ribeiro-3.jpeg\",\"width\":1600,\"height\":1200},{\"@type\":\"BreadcrumbList\",\"@id\":\"https:\/\/www.manaus.am.gov.br\/semulsp\/manutencao\/#breadcrumb\",\"itemListElement\":[{\"@type\":\"ListItem\",\"position\":1,\"name\":\"Home\",\"item\":\"https:\/\/www.manaus.am.gov.br\/semulsp\/\"},{\"@type\":\"ListItem\",\"position\":2,\"name\":\"Prefeitura de Manaus realiza servi\u00e7os de poda e reparos na avenida Eduardo Ribeiro\"}]},{\"@type\":\"WebSite\",\"@id\":\"https:\/\/www.manaus.am.gov.br\/semulsp\/#website\",\"url\":\"https:\/\/www.manaus.am.gov.br\/semulsp\/\",\"name\":\"SEMULSP\",\"description\":\"Prefeitura de Manaus\",\"publisher\":{\"@id\":\"https:\/\/www.manaus.am.gov.br\/semulsp\/#organization\"},\"alternateName\":\"Secretaria Municipal de Limpeza P\u00fablica\",\"potentialAction\":[{\"@type\":\"SearchAction\",\"target\":{\"@type\":\"EntryPoint\",\"urlTemplate\":\"https:\/\/www.manaus.am.gov.br\/semulsp\/?s={search_term_string}\"},\"query-input\":\"required name=search_term_string\"}],\"inLanguage\":\"pt-BR\"},{\"@type\":\"Organization\",\"@id\":\"https:\/\/www.manaus.am.gov.br\/semulsp\/#organization\",\"name\":\"SEMULSP\",\"alternateName\":\"Secretaria Municipal de Limpeza P\u00fablica\",\"url\":\"https:\/\/www.manaus.am.gov.br\/semulsp\/\",\"logo\":{\"@type\":\"ImageObject\",\"inLanguage\":\"pt-BR\",\"@id\":\"https:\/\/www.manaus.am.gov.br\/semulsp\/#\/schema\/logo\/image\/\",\"url\":\"https:\/\/www.manaus.am.gov.br\/semulsp\/wp-content\/uploads\/sites\/23\/2023\/05\/cropped-favicon.png\",\"contentUrl\":\"https:\/\/www.manaus.am.gov.br\/semulsp\/wp-content\/uploads\/sites\/23\/2023\/05\/cropped-favicon.png\",\"width\":512,\"height\":512,\"caption\":\"SEMULSP\"},\"image\":{\"@id\":\"https:\/\/www.manaus.am.gov.br\/semulsp\/#\/schema\/logo\/image\/\"},\"sameAs\":[\"https:\/\/www.facebook.com\/semulspmanaus\",\"https:\/\/www.instagram.com\/semulspmanaus\/\"]},{\"@type\":\"Person\",\"@id\":\"https:\/\/www.manaus.am.gov.br\/semulsp\/#\/schema\/person\/4e49f4e267757a06ca072ec61b2b9968\",\"name\":\"Adriana Costa\",\"image\":{\"@type\":\"ImageObject\",\"inLanguage\":\"pt-BR\",\"@id\":\"https:\/\/www.manaus.am.gov.br\/semulsp\/#\/schema\/person\/image\/\",\"url\":\"https:\/\/secure.gravatar.com\/avatar\/576258617ef7194f718179e766d57bd4?s=96&d=mm&r=g\",\"contentUrl\":\"https:\/\/secure.gravatar.com\/avatar\/576258617ef7194f718179e766d57bd4?s=96&d=mm&r=g\",\"caption\":\"Adriana Costa\"}}]}<\/script>\n<!-- \/ Yoast SEO plugin. -->","yoast_head_json":{"title":"Prefeitura de Manaus realiza servi\u00e7os de poda e pintura na avenida Eduardo Ribeiro","description":"A Prefeitura de Manaus, por meio da Secretaria Municipal de Limpeza Urbana (Semulsp), realizou, nesta quinta-feira, 7\/11, um intenso trabalho de poda de \u00e1rvores e pintura de meios-fios ao longo da avenida Eduardo Ribeiro, no Centro.","robots":{"index":"noindex","follow":"follow"},"og_locale":"pt_BR","og_type":"article","og_title":"Prefeitura de Manaus realiza servi\u00e7os de poda e pintura na avenida Eduardo Ribeiro","og_description":"A Prefeitura de Manaus, por meio da Secretaria Municipal de Limpeza Urbana (Semulsp), realizou, nesta quinta-feira, 7\/11, um intenso trabalho de poda de \u00e1rvores e pintura de meios-fios ao longo da avenida Eduardo Ribeiro, no Centro.","og_url":"https:\/\/www.manaus.am.gov.br\/semulsp\/manutencao\/","og_site_name":"SEMULSP","article_publisher":"https:\/\/www.facebook.com\/semulspmanaus","article_published_time":"2024-11-07T19:36:45+00:00","article_modified_time":"2024-11-07T19:36:46+00:00","og_image":[{"width":1600,"height":1200,"url":"https:\/\/www.manaus.am.gov.br\/semulsp\/wp-content\/uploads\/sites\/23\/2024\/11\/Semulsp_Eduardo-Ribeiro-3.jpeg","type":"image\/jpeg"}],"author":"Adriana Costa","twitter_card":"summary_large_image","twitter_misc":{"Written by":"Adriana Costa","Est. reading time":"2 minutos"},"schema":{"@context":"https:\/\/schema.org","@graph":[{"@type":"Article","@id":"https:\/\/www.manaus.am.gov.br\/semulsp\/manutencao\/#article","isPartOf":{"@id":"https:\/\/www.manaus.am.gov.br\/semulsp\/manutencao\/"},"author":{"name":"Adriana Costa","@id":"https:\/\/www.manaus.am.gov.br\/semulsp\/#\/schema\/person\/4e49f4e267757a06ca072ec61b2b9968"},"headline":"Prefeitura de Manaus realiza servi\u00e7os de poda e reparos na avenida Eduardo Ribeiro","datePublished":"2024-11-07T19:36:45+00:00","dateModified":"2024-11-07T19:36:46+00:00","mainEntityOfPage":{"@id":"https:\/\/www.manaus.am.gov.br\/semulsp\/manutencao\/"},"wordCount":364,"publisher":{"@id":"https:\/\/www.manaus.am.gov.br\/semulsp\/#organization"},"image":{"@id":"https:\/\/www.manaus.am.gov.br\/semulsp\/manutencao\/#primaryimage"},"thumbnailUrl":"https:\/\/www.manaus.am.gov.br\/semulsp\/wp-content\/uploads\/sites\/23\/2024\/11\/Semulsp_Eduardo-Ribeiro-3.jpeg","keywords":["conserva\u00e7\u00e3o","eduardo ribeiro","pintura","prefeitura de manaus","semulsp"],"articleSection":["Manaus"],"inLanguage":"pt-BR"},{"@type":"WebPage","@id":"https:\/\/www.manaus.am.gov.br\/semulsp\/manutencao\/","url":"https:\/\/www.manaus.am.gov.br\/semulsp\/manutencao\/","name":"Prefeitura de Manaus realiza servi\u00e7os de poda e pintura na avenida Eduardo Ribeiro","isPartOf":{"@id":"https:\/\/www.manaus.am.gov.br\/semulsp\/#website"},"primaryImageOfPage":{"@id":"https:\/\/www.manaus.am.gov.br\/semulsp\/manutencao\/#primaryimage"},"image":{"@id":"https:\/\/www.manaus.am.gov.br\/semulsp\/manutencao\/#primaryimage"},"thumbnailUrl":"https:\/\/www.manaus.am.gov.br\/semulsp\/wp-content\/uploads\/sites\/23\/2024\/11\/Semulsp_Eduardo-Ribeiro-3.jpeg","datePublished":"2024-11-07T19:36:45+00:00","dateModified":"2024-11-07T19:36:46+00:00","description":"A Prefeitura de Manaus, por meio da Secretaria Municipal de Limpeza Urbana (Semulsp), realizou, nesta quinta-feira, 7\/11, um intenso trabalho de poda de \u00e1rvores e pintura de meios-fios ao longo da avenida Eduardo Ribeiro, no Centro.","breadcrumb":{"@id":"https:\/\/www.manaus.am.gov.br\/semulsp\/manutencao\/#breadcrumb"},"inLanguage":"pt-BR","potentialAction":[{"@type":"ReadAction","target":["https:\/\/www.manaus.am.gov.br\/semulsp\/manutencao\/"]}]},{"@type":"ImageObject","inLanguage":"pt-BR","@id":"https:\/\/www.manaus.am.gov.br\/semulsp\/manutencao\/#primaryimage","url":"https:\/\/www.manaus.am.gov.br\/semulsp\/wp-content\/uploads\/sites\/23\/2024\/11\/Semulsp_Eduardo-Ribeiro-3.jpeg","contentUrl":"https:\/\/www.manaus.am.gov.br\/semulsp\/wp-content\/uploads\/sites\/23\/2024\/11\/Semulsp_Eduardo-Ribeiro-3.jpeg","width":1600,"height":1200},{"@type":"BreadcrumbList","@id":"https:\/\/www.manaus.am.gov.br\/semulsp\/manutencao\/#breadcrumb","itemListElement":[{"@type":"ListItem","position":1,"name":"Home","item":"https:\/\/www.manaus.am.gov.br\/semulsp\/"},{"@type":"ListItem","position":2,"name":"Prefeitura de Manaus realiza servi\u00e7os de poda e reparos na avenida Eduardo Ribeiro"}]},{"@type":"WebSite","@id":"https:\/\/www.manaus.am.gov.br\/semulsp\/#website","url":"https:\/\/www.manaus.am.gov.br\/semulsp\/","name":"SEMULSP","description":"Prefeitura de Manaus","publisher":{"@id":"https:\/\/www.manaus.am.gov.br\/semulsp\/#organization"},"alternateName":"Secretaria Municipal de Limpeza P\u00fablica","potentialAction":[{"@type":"SearchAction","target":{"@type":"EntryPoint","urlTemplate":"https:\/\/www.manaus.am.gov.br\/semulsp\/?s={search_term_string}"},"query-input":"required name=search_term_string"}],"inLanguage":"pt-BR"},{"@type":"Organization","@id":"https:\/\/www.manaus.am.gov.br\/semulsp\/#organization","name":"SEMULSP","alternateName":"Secretaria Municipal de Limpeza P\u00fablica","url":"https:\/\/www.manaus.am.gov.br\/semulsp\/","logo":{"@type":"ImageObject","inLanguage":"pt-BR","@id":"https:\/\/www.manaus.am.gov.br\/semulsp\/#\/schema\/logo\/image\/","url":"https:\/\/www.manaus.am.gov.br\/semulsp\/wp-content\/uploads\/sites\/23\/2023\/05\/cropped-favicon.png","contentUrl":"https:\/\/www.manaus.am.gov.br\/semulsp\/wp-content\/uploads\/sites\/23\/2023\/05\/cropped-favicon.png","width":512,"height":512,"caption":"SEMULSP"},"image":{"@id":"https:\/\/www.manaus.am.gov.br\/semulsp\/#\/schema\/logo\/image\/"},"sameAs":["https:\/\/www.facebook.com\/semulspmanaus","https:\/\/www.instagram.com\/semulspmanaus\/"]},{"@type":"Person","@id":"https:\/\/www.manaus.am.gov.br\/semulsp\/#\/schema\/person\/4e49f4e267757a06ca072ec61b2b9968","name":"Adriana Costa","image":{"@type":"ImageObject","inLanguage":"pt-BR","@id":"https:\/\/www.manaus.am.gov.br\/semulsp\/#\/schema\/person\/image\/","url":"https:\/\/secure.gravatar.com\/avatar\/576258617ef7194f718179e766d57bd4?s=96&d=mm&r=g","contentUrl":"https:\/\/secure.gravatar.com\/avatar\/576258617ef7194f718179e766d57bd4?s=96&d=mm&r=g","caption":"Adriana Costa"}}]}},"_links":{"self":[{"href":"https:\/\/www.manaus.am.gov.br\/semulsp\/wp-json\/wp\/v2\/posts\/1396"}],"collection":[{"href":"https:\/\/www.manaus.am.gov.br\/semulsp\/wp-json\/wp\/v2\/posts"}],"about":[{"href":"https:\/\/www.manaus.am.gov.br\/semulsp\/wp-json\/wp\/v2\/types\/post"}],"author":[{"embeddable":true,"href":"https:\/\/www.manaus.am.gov.br\/semulsp\/wp-json\/wp\/v2\/users\/23"}],"replies":[{"embeddable":true,"href":"https:\/\/www.manaus.am.gov.br\/semulsp\/wp-json\/wp\/v2\/comments?post=1396"}],"version-history":[{"count":0,"href":"https:\/\/www.manaus.am.gov.br\/semulsp\/wp-json\/wp\/v2\/posts\/1396\/revisions"}],"wp:featuredmedia":[{"embeddable":true,"href":"https:\/\/www.manaus.am.gov.br\/semulsp\/wp-json\/wp\/v2\/media\/1399"}],"wp:attachment":[{"href":"https:\/\/www.manaus.am.gov.br\/semulsp\/wp-json\/wp\/v2\/media?parent=1396"}],"wp:term":[{"taxonomy":"category","embeddable":true,"href":"https:\/\/www.manaus.am.gov.br\/semulsp\/wp-json\/wp\/v2\/categories?post=1396"},{"taxonomy":"post_tag","embeddable":true,"href":"https:\/\/www.manaus.am.gov.br\/semulsp\/wp-json\/wp\/v2\/tags?post=1396"}],"curies":[{"name":"wp","href":"https:\/\/api.w.org\/{rel}","templated":true}]}}