{"id":1385,"date":"2024-11-05T15:22:48","date_gmt":"2024-11-05T19:22:48","guid":{"rendered":"https:\/\/www.manaus.am.gov.br\/semulsp\/limpeza-semulsp-bariri\/"},"modified":"2024-11-05T15:22:49","modified_gmt":"2024-11-05T19:22:49","slug":"limpeza-semulsp-bariri","status":"publish","type":"post","link":"https:\/\/www.manaus.am.gov.br\/semulsp\/limpeza-semulsp-bariri\/","title":{"rendered":"Prefeitura de Manaus intensifica limpeza no Bariri e outros pontos da capital"},"content":{"rendered":"\n<p>A&nbsp;<a href=\"https:\/\/www.manaus.am.gov.br\/noticia\/qualificacao\/semasc-bolsaverde\/\">Prefeitura&nbsp;de Manaus<\/a> tem realizado uma s\u00e9rie de atividades de limpeza e manuten\u00e7\u00e3o urbana no Bariri, bairro Presidente Vargas, zona Sul da capital amazonense. O servi\u00e7o, que faz parte do cronograma estrat\u00e9gico da Secretaria Municipal de Limpeza Urbana (Semulsp), inclui poda de \u00e1rvores, capina, raspagem de areia, al\u00e9m de&nbsp;podas art\u00edsticas, contribuindo para embelezar o espa\u00e7o p\u00fablico e torn\u00e1-lo mais agrad\u00e1vel aos moradores.<\/p>\n\n\n\n<p>O titular da pasta, Sab\u00e1 Reis, refor\u00e7ou a miss\u00e3o da Semulsp de transformar Manaus em uma cidade mais limpa e acolhedora. \u201cEstamos trabalhando com o objetivo de tornar Manaus uma cidade mais linda, mais humana e agrad\u00e1vel para todos os moradores e visitantes. Nosso cronograma \u00e9 intenso, e a\u00e7\u00f5es como as que est\u00e3o sendo realizadas no Bariri e em outras \u00e1reas s\u00e3o essenciais para garantir essa meta\u201d, afirmou o secret\u00e1rio.<\/p>\n\n\n\n<p>Al\u00e9m do Bariri, outros pontos de Manaus t\u00eam recebido aten\u00e7\u00e3o especial da Semulsp. No centro da cidade, equipes realizam a varri\u00e7\u00e3o di\u00e1ria em ruas e avenidas, como a Get\u00falio Vargas, com o aux\u00edlio de coletores e pequenas ca\u00e7ambas para o recolhimento dos res\u00edduos. A pra\u00e7a da Matriz tamb\u00e9m passa por limpeza constante, incluindo lavagem, mantendo o local em boas condi\u00e7\u00f5es para os frequentadores. A \u00e1rea, conhecida como \u201cBoca da On\u00e7a\u201d, que atrai grande fluxo de pessoas, \u00e9 beneficiada com as atividades da Semulsp, assegurando a conserva\u00e7\u00e3o de espa\u00e7os importantes para a capital.<\/p>\n\n\n\n<p>O trabalho tamb\u00e9m se estende \u00e0s orlas da cidade, onde a Semulsp tem promovido a limpeza cont\u00ednua das margens, contribuindo para a preserva\u00e7\u00e3o ambiental e a valoriza\u00e7\u00e3o do rio como ponto tur\u00edstico e de lazer para a popula\u00e7\u00e3o. A zona Sul tamb\u00e9m conta com as atividades de manuten\u00e7\u00e3o, como as a\u00e7\u00f5es no Amarelinho, localizado no bairro Educandos, onde a limpeza urbana \u00e9 refor\u00e7ada para atender \u00e0s demandas da regi\u00e3o.<\/p>\n\n\n\n<p>&#8212; &#8212; &#8212;<\/p>\n\n\n\n<p><strong>Texto<\/strong> \u2013 Alex Melo\/Semulsp<\/p>\n\n\n\n<p><strong>Fotos<\/strong> \u2013 Divulga\u00e7\u00e3o\/Semulsp<\/p>\n","protected":false},"excerpt":{"rendered":"","protected":false},"author":23,"featured_media":1386,"comment_status":"closed","ping_status":"closed","sticky":false,"template":"","format":"standard","meta":{"footnotes":""},"categories":[106],"tags":[493,107,10,19,110],"acf":[],"yoast_head":"<!-- This site is optimized with the Yoast SEO plugin v23.0 - https:\/\/yoast.com\/wordpress\/plugins\/seo\/ -->\n<title>Prefeitura de Manaus intensifica limpeza no Bariri e outros pontos da capital<\/title>\n<meta name=\"description\" content=\"A Prefeitura de Manaus tem realizado uma s\u00e9rie de atividades de limpeza e manuten\u00e7\u00e3o urbana no Bariri, bairro Presidente Vargas, zona Sul da capital amazonense.\" \/>\n<meta name=\"robots\" content=\"noindex, follow\" \/>\n<meta property=\"og:locale\" content=\"pt_BR\" \/>\n<meta property=\"og:type\" content=\"article\" \/>\n<meta property=\"og:title\" content=\"Prefeitura de Manaus intensifica limpeza no Bariri e outros pontos da capital\" \/>\n<meta property=\"og:description\" content=\"A Prefeitura de Manaus tem realizado uma s\u00e9rie de atividades de limpeza e manuten\u00e7\u00e3o urbana no Bariri, bairro Presidente Vargas, zona Sul da capital amazonense.\" \/>\n<meta property=\"og:url\" content=\"https:\/\/www.manaus.am.gov.br\/semulsp\/limpeza-semulsp-bariri\/\" \/>\n<meta property=\"og:site_name\" content=\"SEMULSP\" \/>\n<meta property=\"article:publisher\" content=\"https:\/\/www.facebook.com\/semulspmanaus\" \/>\n<meta property=\"article:published_time\" content=\"2024-11-05T19:22:48+00:00\" \/>\n<meta property=\"article:modified_time\" content=\"2024-11-05T19:22:49+00:00\" \/>\n<meta property=\"og:image\" content=\"https:\/\/www.manaus.am.gov.br\/semulsp\/wp-content\/uploads\/sites\/23\/2024\/11\/WhatsApp-Image-2024-11-05-at-15.18.21-1.jpeg\" \/>\n\t<meta property=\"og:image:width\" content=\"1600\" \/>\n\t<meta property=\"og:image:height\" content=\"1200\" \/>\n\t<meta property=\"og:image:type\" content=\"image\/jpeg\" \/>\n<meta name=\"author\" content=\"Adriana Costa\" \/>\n<meta name=\"twitter:card\" content=\"summary_large_image\" \/>\n<meta name=\"twitter:label1\" content=\"Written by\" \/>\n\t<meta name=\"twitter:data1\" content=\"Adriana Costa\" \/>\n\t<meta name=\"twitter:label2\" content=\"Est. reading time\" \/>\n\t<meta name=\"twitter:data2\" content=\"2 minutos\" \/>\n<script type=\"application\/ld+json\" class=\"yoast-schema-graph\">{\"@context\":\"https:\/\/schema.org\",\"@graph\":[{\"@type\":\"Article\",\"@id\":\"https:\/\/www.manaus.am.gov.br\/semulsp\/limpeza-semulsp-bariri\/#article\",\"isPartOf\":{\"@id\":\"https:\/\/www.manaus.am.gov.br\/semulsp\/limpeza-semulsp-bariri\/\"},\"author\":{\"name\":\"Adriana Costa\",\"@id\":\"https:\/\/www.manaus.am.gov.br\/semulsp\/#\/schema\/person\/4e49f4e267757a06ca072ec61b2b9968\"},\"headline\":\"Prefeitura de Manaus intensifica limpeza no Bariri e outros pontos da capital\",\"datePublished\":\"2024-11-05T19:22:48+00:00\",\"dateModified\":\"2024-11-05T19:22:49+00:00\",\"mainEntityOfPage\":{\"@id\":\"https:\/\/www.manaus.am.gov.br\/semulsp\/limpeza-semulsp-bariri\/\"},\"wordCount\":361,\"publisher\":{\"@id\":\"https:\/\/www.manaus.am.gov.br\/semulsp\/#organization\"},\"image\":{\"@id\":\"https:\/\/www.manaus.am.gov.br\/semulsp\/limpeza-semulsp-bariri\/#primaryimage\"},\"thumbnailUrl\":\"https:\/\/www.manaus.am.gov.br\/semulsp\/wp-content\/uploads\/sites\/23\/2024\/11\/WhatsApp-Image-2024-11-05-at-15.18.21-1.jpeg\",\"keywords\":[\"Bariri\",\"centro\",\"prefeitura de manaus\",\"semulsp\",\"servi\u00e7os\"],\"articleSection\":[\"Servi\u00e7os\"],\"inLanguage\":\"pt-BR\"},{\"@type\":\"WebPage\",\"@id\":\"https:\/\/www.manaus.am.gov.br\/semulsp\/limpeza-semulsp-bariri\/\",\"url\":\"https:\/\/www.manaus.am.gov.br\/semulsp\/limpeza-semulsp-bariri\/\",\"name\":\"Prefeitura de Manaus intensifica limpeza no Bariri e outros pontos da capital\",\"isPartOf\":{\"@id\":\"https:\/\/www.manaus.am.gov.br\/semulsp\/#website\"},\"primaryImageOfPage\":{\"@id\":\"https:\/\/www.manaus.am.gov.br\/semulsp\/limpeza-semulsp-bariri\/#primaryimage\"},\"image\":{\"@id\":\"https:\/\/www.manaus.am.gov.br\/semulsp\/limpeza-semulsp-bariri\/#primaryimage\"},\"thumbnailUrl\":\"https:\/\/www.manaus.am.gov.br\/semulsp\/wp-content\/uploads\/sites\/23\/2024\/11\/WhatsApp-Image-2024-11-05-at-15.18.21-1.jpeg\",\"datePublished\":\"2024-11-05T19:22:48+00:00\",\"dateModified\":\"2024-11-05T19:22:49+00:00\",\"description\":\"A Prefeitura de Manaus tem realizado uma s\u00e9rie de atividades de limpeza e manuten\u00e7\u00e3o urbana no Bariri, bairro Presidente Vargas, zona Sul da capital amazonense.\",\"breadcrumb\":{\"@id\":\"https:\/\/www.manaus.am.gov.br\/semulsp\/limpeza-semulsp-bariri\/#breadcrumb\"},\"inLanguage\":\"pt-BR\",\"potentialAction\":[{\"@type\":\"ReadAction\",\"target\":[\"https:\/\/www.manaus.am.gov.br\/semulsp\/limpeza-semulsp-bariri\/\"]}]},{\"@type\":\"ImageObject\",\"inLanguage\":\"pt-BR\",\"@id\":\"https:\/\/www.manaus.am.gov.br\/semulsp\/limpeza-semulsp-bariri\/#primaryimage\",\"url\":\"https:\/\/www.manaus.am.gov.br\/semulsp\/wp-content\/uploads\/sites\/23\/2024\/11\/WhatsApp-Image-2024-11-05-at-15.18.21-1.jpeg\",\"contentUrl\":\"https:\/\/www.manaus.am.gov.br\/semulsp\/wp-content\/uploads\/sites\/23\/2024\/11\/WhatsApp-Image-2024-11-05-at-15.18.21-1.jpeg\",\"width\":1600,\"height\":1200},{\"@type\":\"BreadcrumbList\",\"@id\":\"https:\/\/www.manaus.am.gov.br\/semulsp\/limpeza-semulsp-bariri\/#breadcrumb\",\"itemListElement\":[{\"@type\":\"ListItem\",\"position\":1,\"name\":\"Home\",\"item\":\"https:\/\/www.manaus.am.gov.br\/semulsp\/\"},{\"@type\":\"ListItem\",\"position\":2,\"name\":\"Prefeitura de Manaus intensifica limpeza no Bariri e outros pontos da capital\"}]},{\"@type\":\"WebSite\",\"@id\":\"https:\/\/www.manaus.am.gov.br\/semulsp\/#website\",\"url\":\"https:\/\/www.manaus.am.gov.br\/semulsp\/\",\"name\":\"SEMULSP\",\"description\":\"Prefeitura de Manaus\",\"publisher\":{\"@id\":\"https:\/\/www.manaus.am.gov.br\/semulsp\/#organization\"},\"alternateName\":\"Secretaria Municipal de Limpeza P\u00fablica\",\"potentialAction\":[{\"@type\":\"SearchAction\",\"target\":{\"@type\":\"EntryPoint\",\"urlTemplate\":\"https:\/\/www.manaus.am.gov.br\/semulsp\/?s={search_term_string}\"},\"query-input\":\"required name=search_term_string\"}],\"inLanguage\":\"pt-BR\"},{\"@type\":\"Organization\",\"@id\":\"https:\/\/www.manaus.am.gov.br\/semulsp\/#organization\",\"name\":\"SEMULSP\",\"alternateName\":\"Secretaria Municipal de Limpeza P\u00fablica\",\"url\":\"https:\/\/www.manaus.am.gov.br\/semulsp\/\",\"logo\":{\"@type\":\"ImageObject\",\"inLanguage\":\"pt-BR\",\"@id\":\"https:\/\/www.manaus.am.gov.br\/semulsp\/#\/schema\/logo\/image\/\",\"url\":\"https:\/\/www.manaus.am.gov.br\/semulsp\/wp-content\/uploads\/sites\/23\/2023\/05\/cropped-favicon.png\",\"contentUrl\":\"https:\/\/www.manaus.am.gov.br\/semulsp\/wp-content\/uploads\/sites\/23\/2023\/05\/cropped-favicon.png\",\"width\":512,\"height\":512,\"caption\":\"SEMULSP\"},\"image\":{\"@id\":\"https:\/\/www.manaus.am.gov.br\/semulsp\/#\/schema\/logo\/image\/\"},\"sameAs\":[\"https:\/\/www.facebook.com\/semulspmanaus\",\"https:\/\/www.instagram.com\/semulspmanaus\/\"]},{\"@type\":\"Person\",\"@id\":\"https:\/\/www.manaus.am.gov.br\/semulsp\/#\/schema\/person\/4e49f4e267757a06ca072ec61b2b9968\",\"name\":\"Adriana Costa\",\"image\":{\"@type\":\"ImageObject\",\"inLanguage\":\"pt-BR\",\"@id\":\"https:\/\/www.manaus.am.gov.br\/semulsp\/#\/schema\/person\/image\/\",\"url\":\"https:\/\/secure.gravatar.com\/avatar\/576258617ef7194f718179e766d57bd4?s=96&d=mm&r=g\",\"contentUrl\":\"https:\/\/secure.gravatar.com\/avatar\/576258617ef7194f718179e766d57bd4?s=96&d=mm&r=g\",\"caption\":\"Adriana Costa\"}}]}<\/script>\n<!-- \/ Yoast SEO plugin. -->","yoast_head_json":{"title":"Prefeitura de Manaus intensifica limpeza no Bariri e outros pontos da capital","description":"A Prefeitura de Manaus tem realizado uma s\u00e9rie de atividades de limpeza e manuten\u00e7\u00e3o urbana no Bariri, bairro Presidente Vargas, zona Sul da capital amazonense.","robots":{"index":"noindex","follow":"follow"},"og_locale":"pt_BR","og_type":"article","og_title":"Prefeitura de Manaus intensifica limpeza no Bariri e outros pontos da capital","og_description":"A Prefeitura de Manaus tem realizado uma s\u00e9rie de atividades de limpeza e manuten\u00e7\u00e3o urbana no Bariri, bairro Presidente Vargas, zona Sul da capital amazonense.","og_url":"https:\/\/www.manaus.am.gov.br\/semulsp\/limpeza-semulsp-bariri\/","og_site_name":"SEMULSP","article_publisher":"https:\/\/www.facebook.com\/semulspmanaus","article_published_time":"2024-11-05T19:22:48+00:00","article_modified_time":"2024-11-05T19:22:49+00:00","og_image":[{"width":1600,"height":1200,"url":"https:\/\/www.manaus.am.gov.br\/semulsp\/wp-content\/uploads\/sites\/23\/2024\/11\/WhatsApp-Image-2024-11-05-at-15.18.21-1.jpeg","type":"image\/jpeg"}],"author":"Adriana Costa","twitter_card":"summary_large_image","twitter_misc":{"Written by":"Adriana Costa","Est. reading time":"2 minutos"},"schema":{"@context":"https:\/\/schema.org","@graph":[{"@type":"Article","@id":"https:\/\/www.manaus.am.gov.br\/semulsp\/limpeza-semulsp-bariri\/#article","isPartOf":{"@id":"https:\/\/www.manaus.am.gov.br\/semulsp\/limpeza-semulsp-bariri\/"},"author":{"name":"Adriana Costa","@id":"https:\/\/www.manaus.am.gov.br\/semulsp\/#\/schema\/person\/4e49f4e267757a06ca072ec61b2b9968"},"headline":"Prefeitura de Manaus intensifica limpeza no Bariri e outros pontos da capital","datePublished":"2024-11-05T19:22:48+00:00","dateModified":"2024-11-05T19:22:49+00:00","mainEntityOfPage":{"@id":"https:\/\/www.manaus.am.gov.br\/semulsp\/limpeza-semulsp-bariri\/"},"wordCount":361,"publisher":{"@id":"https:\/\/www.manaus.am.gov.br\/semulsp\/#organization"},"image":{"@id":"https:\/\/www.manaus.am.gov.br\/semulsp\/limpeza-semulsp-bariri\/#primaryimage"},"thumbnailUrl":"https:\/\/www.manaus.am.gov.br\/semulsp\/wp-content\/uploads\/sites\/23\/2024\/11\/WhatsApp-Image-2024-11-05-at-15.18.21-1.jpeg","keywords":["Bariri","centro","prefeitura de manaus","semulsp","servi\u00e7os"],"articleSection":["Servi\u00e7os"],"inLanguage":"pt-BR"},{"@type":"WebPage","@id":"https:\/\/www.manaus.am.gov.br\/semulsp\/limpeza-semulsp-bariri\/","url":"https:\/\/www.manaus.am.gov.br\/semulsp\/limpeza-semulsp-bariri\/","name":"Prefeitura de Manaus intensifica limpeza no Bariri e outros pontos da capital","isPartOf":{"@id":"https:\/\/www.manaus.am.gov.br\/semulsp\/#website"},"primaryImageOfPage":{"@id":"https:\/\/www.manaus.am.gov.br\/semulsp\/limpeza-semulsp-bariri\/#primaryimage"},"image":{"@id":"https:\/\/www.manaus.am.gov.br\/semulsp\/limpeza-semulsp-bariri\/#primaryimage"},"thumbnailUrl":"https:\/\/www.manaus.am.gov.br\/semulsp\/wp-content\/uploads\/sites\/23\/2024\/11\/WhatsApp-Image-2024-11-05-at-15.18.21-1.jpeg","datePublished":"2024-11-05T19:22:48+00:00","dateModified":"2024-11-05T19:22:49+00:00","description":"A Prefeitura de Manaus tem realizado uma s\u00e9rie de atividades de limpeza e manuten\u00e7\u00e3o urbana no Bariri, bairro Presidente Vargas, zona Sul da capital amazonense.","breadcrumb":{"@id":"https:\/\/www.manaus.am.gov.br\/semulsp\/limpeza-semulsp-bariri\/#breadcrumb"},"inLanguage":"pt-BR","potentialAction":[{"@type":"ReadAction","target":["https:\/\/www.manaus.am.gov.br\/semulsp\/limpeza-semulsp-bariri\/"]}]},{"@type":"ImageObject","inLanguage":"pt-BR","@id":"https:\/\/www.manaus.am.gov.br\/semulsp\/limpeza-semulsp-bariri\/#primaryimage","url":"https:\/\/www.manaus.am.gov.br\/semulsp\/wp-content\/uploads\/sites\/23\/2024\/11\/WhatsApp-Image-2024-11-05-at-15.18.21-1.jpeg","contentUrl":"https:\/\/www.manaus.am.gov.br\/semulsp\/wp-content\/uploads\/sites\/23\/2024\/11\/WhatsApp-Image-2024-11-05-at-15.18.21-1.jpeg","width":1600,"height":1200},{"@type":"BreadcrumbList","@id":"https:\/\/www.manaus.am.gov.br\/semulsp\/limpeza-semulsp-bariri\/#breadcrumb","itemListElement":[{"@type":"ListItem","position":1,"name":"Home","item":"https:\/\/www.manaus.am.gov.br\/semulsp\/"},{"@type":"ListItem","position":2,"name":"Prefeitura de Manaus intensifica limpeza no Bariri e outros pontos da capital"}]},{"@type":"WebSite","@id":"https:\/\/www.manaus.am.gov.br\/semulsp\/#website","url":"https:\/\/www.manaus.am.gov.br\/semulsp\/","name":"SEMULSP","description":"Prefeitura de Manaus","publisher":{"@id":"https:\/\/www.manaus.am.gov.br\/semulsp\/#organization"},"alternateName":"Secretaria Municipal de Limpeza P\u00fablica","potentialAction":[{"@type":"SearchAction","target":{"@type":"EntryPoint","urlTemplate":"https:\/\/www.manaus.am.gov.br\/semulsp\/?s={search_term_string}"},"query-input":"required name=search_term_string"}],"inLanguage":"pt-BR"},{"@type":"Organization","@id":"https:\/\/www.manaus.am.gov.br\/semulsp\/#organization","name":"SEMULSP","alternateName":"Secretaria Municipal de Limpeza P\u00fablica","url":"https:\/\/www.manaus.am.gov.br\/semulsp\/","logo":{"@type":"ImageObject","inLanguage":"pt-BR","@id":"https:\/\/www.manaus.am.gov.br\/semulsp\/#\/schema\/logo\/image\/","url":"https:\/\/www.manaus.am.gov.br\/semulsp\/wp-content\/uploads\/sites\/23\/2023\/05\/cropped-favicon.png","contentUrl":"https:\/\/www.manaus.am.gov.br\/semulsp\/wp-content\/uploads\/sites\/23\/2023\/05\/cropped-favicon.png","width":512,"height":512,"caption":"SEMULSP"},"image":{"@id":"https:\/\/www.manaus.am.gov.br\/semulsp\/#\/schema\/logo\/image\/"},"sameAs":["https:\/\/www.facebook.com\/semulspmanaus","https:\/\/www.instagram.com\/semulspmanaus\/"]},{"@type":"Person","@id":"https:\/\/www.manaus.am.gov.br\/semulsp\/#\/schema\/person\/4e49f4e267757a06ca072ec61b2b9968","name":"Adriana Costa","image":{"@type":"ImageObject","inLanguage":"pt-BR","@id":"https:\/\/www.manaus.am.gov.br\/semulsp\/#\/schema\/person\/image\/","url":"https:\/\/secure.gravatar.com\/avatar\/576258617ef7194f718179e766d57bd4?s=96&d=mm&r=g","contentUrl":"https:\/\/secure.gravatar.com\/avatar\/576258617ef7194f718179e766d57bd4?s=96&d=mm&r=g","caption":"Adriana Costa"}}]}},"_links":{"self":[{"href":"https:\/\/www.manaus.am.gov.br\/semulsp\/wp-json\/wp\/v2\/posts\/1385"}],"collection":[{"href":"https:\/\/www.manaus.am.gov.br\/semulsp\/wp-json\/wp\/v2\/posts"}],"about":[{"href":"https:\/\/www.manaus.am.gov.br\/semulsp\/wp-json\/wp\/v2\/types\/post"}],"author":[{"embeddable":true,"href":"https:\/\/www.manaus.am.gov.br\/semulsp\/wp-json\/wp\/v2\/users\/23"}],"replies":[{"embeddable":true,"href":"https:\/\/www.manaus.am.gov.br\/semulsp\/wp-json\/wp\/v2\/comments?post=1385"}],"version-history":[{"count":0,"href":"https:\/\/www.manaus.am.gov.br\/semulsp\/wp-json\/wp\/v2\/posts\/1385\/revisions"}],"wp:featuredmedia":[{"embeddable":true,"href":"https:\/\/www.manaus.am.gov.br\/semulsp\/wp-json\/wp\/v2\/media\/1386"}],"wp:attachment":[{"href":"https:\/\/www.manaus.am.gov.br\/semulsp\/wp-json\/wp\/v2\/media?parent=1385"}],"wp:term":[{"taxonomy":"category","embeddable":true,"href":"https:\/\/www.manaus.am.gov.br\/semulsp\/wp-json\/wp\/v2\/categories?post=1385"},{"taxonomy":"post_tag","embeddable":true,"href":"https:\/\/www.manaus.am.gov.br\/semulsp\/wp-json\/wp\/v2\/tags?post=1385"}],"curies":[{"name":"wp","href":"https:\/\/api.w.org\/{rel}","templated":true}]}}