{"id":1101,"date":"2024-03-08T15:31:52","date_gmt":"2024-03-08T19:31:52","guid":{"rendered":"https:\/\/www.manaus.am.gov.br\/semulsp\/limpeza-igarape\/"},"modified":"2024-03-08T15:34:07","modified_gmt":"2024-03-08T19:34:07","slug":"limpeza-igarape","status":"publish","type":"post","link":"https:\/\/www.manaus.am.gov.br\/semulsp\/limpeza-igarape\/","title":{"rendered":"Prefeitura de Manaus realiza a\u00e7\u00e3o de limpeza no igarap\u00e9 do Franco"},"content":{"rendered":"\n<p>A Prefeitura de Manaus, por meio da Secretaria Municipal de Limpeza Urbana (Semulsp), promoveu, nesta sexta-feira, 8\/3, uma a\u00e7\u00e3o de limpeza no Igarap\u00e9 do Franco, localizado na avenida Brasil, bairro Compensa, zona Oeste da cidade. A opera\u00e7\u00e3o envolveu a remo\u00e7\u00e3o de lixo, entulho, garrafas PET, sacos pl\u00e1sticos e vegeta\u00e7\u00e3o excessiva, com a utiliza\u00e7\u00e3o de uma balsa, botes, telas de prote\u00e7\u00e3o e uma equipe de aproximadamente 70 servidores.<\/p>\n\n\n\n<p>O objetivo principal da iniciativa foi melhorar as condi\u00e7\u00f5es ambientais do igarap\u00e9, visando a preserva\u00e7\u00e3o dos recursos naturais, a preven\u00e7\u00e3o de enchentes e o combate a poss\u00edveis focos de prolifera\u00e7\u00e3o de doen\u00e7as. Por meio da remo\u00e7\u00e3o de res\u00edduos s\u00f3lidos e do desassoreamento do curso d&#8217;\u00e1gua, a prefeitura busca garantir a fluidez adequada do igarap\u00e9, reduzindo assim o risco de alagamentos durante os per\u00edodos de chuvas.<\/p>\n\n\n\n<p>A equipe respons\u00e1vel pela limpeza utilizou equipamentos como botes e uma balsa, que facilitaram o acesso \u00e0s \u00e1reas de dif\u00edcil alcance. Os trabalhadores, devidamente equipados e treinados, realizaram a remo\u00e7\u00e3o manual dos detritos e a poda do mato em \u00e1reas espec\u00edficas.<\/p>\n\n\n\n<p>Segundo o secret\u00e1rio da pasta, Sab\u00e1 Reis, esta a\u00e7\u00e3o faz parte de um plano abrangente de limpeza dos igarap\u00e9s da cidade. Ele destacou a import\u00e2ncia da participa\u00e7\u00e3o da popula\u00e7\u00e3o, e da conscientiza\u00e7\u00e3o sobre a destina\u00e7\u00e3o correta dos res\u00edduos, evitando assim a polui\u00e7\u00e3o dos igarap\u00e9s. \u201cSe todos colaborarem, vamos poder enfim viver em um ambiente mais agrad\u00e1vel e oferecer para os nossos filhos um futuro melhor. Estamos todos os dias nas ruas fazendo o nosso trabalho, esperamos que a popula\u00e7\u00e3o colabore\u201d, disse.<\/p>\n\n\n\n<p>Al\u00e9m dos servi\u00e7os dentro do c\u00f3rrego, uma segunda equipe utilizando escov\u00f5es, e um carro-pipa, realizaram de ponta a ponta a lavagem da mureta de prote\u00e7\u00e3o, higienizado o espa\u00e7o por onde passam os moradores. Seu Miguel Santos, morador do bairro, agradeceu o servi\u00e7o. \u201cEsse servi\u00e7o de limpeza faz um bem para n\u00f3s que voc\u00eas nem imaginam. Parab\u00e9ns, prefeitura\u201d, salientou.<\/p>\n\n\n\n<p>A a\u00e7\u00e3o de limpeza no Igarap\u00e9 do Franco representa um passo importante para a melhoria da qualidade de vida dos moradores de Manaus, bem como para a preserva\u00e7\u00e3o do meio ambiente. A conscientiza\u00e7\u00e3o sobre a import\u00e2ncia do descarte correto dos res\u00edduos, evita que o lixo chegue at\u00e9 as orlas dos rios e igarap\u00e9s, preservando o meio ambiente e a sociedade como um todo.<\/p>\n\n\n\n<p>&#8212; &#8212; \u2013<br><strong>Texto e Fotos<\/strong> \u2013 Divulga\u00e7\u00e3o \/ Semulsp<\/p>\n","protected":false},"excerpt":{"rendered":"","protected":false},"author":68,"featured_media":1102,"comment_status":"closed","ping_status":"closed","sticky":false,"template":"","format":"standard","meta":{"footnotes":""},"categories":[210,157],"tags":[370,103,19],"acf":[],"yoast_head":"<!-- This site is optimized with the Yoast SEO plugin v23.0 - https:\/\/yoast.com\/wordpress\/plugins\/seo\/ -->\n<title>Prefeitura realiza a\u00e7\u00e3o de limpeza no igarap\u00e9 do Franco<\/title>\n<meta name=\"description\" content=\"A Prefeitura de Manaus, promoveu, nesta sexta-feira, 8\/3, uma a\u00e7\u00e3o de limpeza no Igarap\u00e9 do Franco, localizado na zona Oeste da cidade.\" \/>\n<meta name=\"robots\" content=\"noindex, follow\" \/>\n<meta property=\"og:locale\" content=\"pt_BR\" \/>\n<meta property=\"og:type\" content=\"article\" \/>\n<meta property=\"og:title\" content=\"Prefeitura realiza a\u00e7\u00e3o de limpeza no igarap\u00e9 do Franco\" \/>\n<meta property=\"og:description\" content=\"A Prefeitura de Manaus, promoveu, nesta sexta-feira, 8\/3, uma a\u00e7\u00e3o de limpeza no Igarap\u00e9 do Franco, localizado na zona Oeste da cidade.\" \/>\n<meta property=\"og:url\" content=\"https:\/\/www.manaus.am.gov.br\/semulsp\/limpeza-igarape\/\" \/>\n<meta property=\"og:site_name\" content=\"SEMULSP\" \/>\n<meta property=\"article:publisher\" content=\"https:\/\/www.facebook.com\/semulspmanaus\" \/>\n<meta property=\"article:published_time\" content=\"2024-03-08T19:31:52+00:00\" \/>\n<meta property=\"article:modified_time\" content=\"2024-03-08T19:34:07+00:00\" \/>\n<meta property=\"og:image\" content=\"https:\/\/www.manaus.am.gov.br\/semulsp\/wp-content\/uploads\/sites\/23\/2024\/03\/OPERACAO-1024x498.jpg\" \/>\n\t<meta property=\"og:image:width\" content=\"1024\" \/>\n\t<meta property=\"og:image:height\" content=\"498\" \/>\n\t<meta property=\"og:image:type\" content=\"image\/jpeg\" \/>\n<meta name=\"author\" content=\"bvalente\" \/>\n<meta name=\"twitter:card\" content=\"summary_large_image\" \/>\n<meta name=\"twitter:label1\" content=\"Written by\" \/>\n\t<meta name=\"twitter:data1\" content=\"bvalente\" \/>\n\t<meta name=\"twitter:label2\" content=\"Est. reading time\" \/>\n\t<meta name=\"twitter:data2\" content=\"3 minutos\" \/>\n<script type=\"application\/ld+json\" class=\"yoast-schema-graph\">{\"@context\":\"https:\/\/schema.org\",\"@graph\":[{\"@type\":\"Article\",\"@id\":\"https:\/\/www.manaus.am.gov.br\/semulsp\/limpeza-igarape\/#article\",\"isPartOf\":{\"@id\":\"https:\/\/www.manaus.am.gov.br\/semulsp\/limpeza-igarape\/\"},\"author\":{\"name\":\"bvalente\",\"@id\":\"https:\/\/www.manaus.am.gov.br\/semulsp\/#\/schema\/person\/466a0e03ae4b6062809046bd560ac955\"},\"headline\":\"Prefeitura de Manaus realiza a\u00e7\u00e3o de limpeza no igarap\u00e9 do Franco\",\"datePublished\":\"2024-03-08T19:31:52+00:00\",\"dateModified\":\"2024-03-08T19:34:07+00:00\",\"mainEntityOfPage\":{\"@id\":\"https:\/\/www.manaus.am.gov.br\/semulsp\/limpeza-igarape\/\"},\"wordCount\":445,\"publisher\":{\"@id\":\"https:\/\/www.manaus.am.gov.br\/semulsp\/#organization\"},\"image\":{\"@id\":\"https:\/\/www.manaus.am.gov.br\/semulsp\/limpeza-igarape\/#primaryimage\"},\"thumbnailUrl\":\"https:\/\/www.manaus.am.gov.br\/semulsp\/wp-content\/uploads\/sites\/23\/2024\/03\/OPERACAO.jpg\",\"keywords\":[\"igarap\u00e9\",\"limpeza\",\"semulsp\"],\"articleSection\":[\"Manaus\",\"Opera\u00e7\u00e3o\"],\"inLanguage\":\"pt-BR\"},{\"@type\":\"WebPage\",\"@id\":\"https:\/\/www.manaus.am.gov.br\/semulsp\/limpeza-igarape\/\",\"url\":\"https:\/\/www.manaus.am.gov.br\/semulsp\/limpeza-igarape\/\",\"name\":\"Prefeitura realiza a\u00e7\u00e3o de limpeza no igarap\u00e9 do Franco\",\"isPartOf\":{\"@id\":\"https:\/\/www.manaus.am.gov.br\/semulsp\/#website\"},\"primaryImageOfPage\":{\"@id\":\"https:\/\/www.manaus.am.gov.br\/semulsp\/limpeza-igarape\/#primaryimage\"},\"image\":{\"@id\":\"https:\/\/www.manaus.am.gov.br\/semulsp\/limpeza-igarape\/#primaryimage\"},\"thumbnailUrl\":\"https:\/\/www.manaus.am.gov.br\/semulsp\/wp-content\/uploads\/sites\/23\/2024\/03\/OPERACAO.jpg\",\"datePublished\":\"2024-03-08T19:31:52+00:00\",\"dateModified\":\"2024-03-08T19:34:07+00:00\",\"description\":\"A Prefeitura de Manaus, promoveu, nesta sexta-feira, 8\/3, uma a\u00e7\u00e3o de limpeza no Igarap\u00e9 do Franco, localizado na zona Oeste da cidade.\",\"breadcrumb\":{\"@id\":\"https:\/\/www.manaus.am.gov.br\/semulsp\/limpeza-igarape\/#breadcrumb\"},\"inLanguage\":\"pt-BR\",\"potentialAction\":[{\"@type\":\"ReadAction\",\"target\":[\"https:\/\/www.manaus.am.gov.br\/semulsp\/limpeza-igarape\/\"]}]},{\"@type\":\"ImageObject\",\"inLanguage\":\"pt-BR\",\"@id\":\"https:\/\/www.manaus.am.gov.br\/semulsp\/limpeza-igarape\/#primaryimage\",\"url\":\"https:\/\/www.manaus.am.gov.br\/semulsp\/wp-content\/uploads\/sites\/23\/2024\/03\/OPERACAO.jpg\",\"contentUrl\":\"https:\/\/www.manaus.am.gov.br\/semulsp\/wp-content\/uploads\/sites\/23\/2024\/03\/OPERACAO.jpg\",\"width\":4032,\"height\":1960},{\"@type\":\"BreadcrumbList\",\"@id\":\"https:\/\/www.manaus.am.gov.br\/semulsp\/limpeza-igarape\/#breadcrumb\",\"itemListElement\":[{\"@type\":\"ListItem\",\"position\":1,\"name\":\"Home\",\"item\":\"https:\/\/www.manaus.am.gov.br\/semulsp\/\"},{\"@type\":\"ListItem\",\"position\":2,\"name\":\"Prefeitura de Manaus realiza a\u00e7\u00e3o de limpeza no igarap\u00e9 do Franco\"}]},{\"@type\":\"WebSite\",\"@id\":\"https:\/\/www.manaus.am.gov.br\/semulsp\/#website\",\"url\":\"https:\/\/www.manaus.am.gov.br\/semulsp\/\",\"name\":\"SEMULSP\",\"description\":\"Prefeitura de Manaus\",\"publisher\":{\"@id\":\"https:\/\/www.manaus.am.gov.br\/semulsp\/#organization\"},\"alternateName\":\"Secretaria Municipal de Limpeza P\u00fablica\",\"potentialAction\":[{\"@type\":\"SearchAction\",\"target\":{\"@type\":\"EntryPoint\",\"urlTemplate\":\"https:\/\/www.manaus.am.gov.br\/semulsp\/?s={search_term_string}\"},\"query-input\":\"required name=search_term_string\"}],\"inLanguage\":\"pt-BR\"},{\"@type\":\"Organization\",\"@id\":\"https:\/\/www.manaus.am.gov.br\/semulsp\/#organization\",\"name\":\"SEMULSP\",\"alternateName\":\"Secretaria Municipal de Limpeza P\u00fablica\",\"url\":\"https:\/\/www.manaus.am.gov.br\/semulsp\/\",\"logo\":{\"@type\":\"ImageObject\",\"inLanguage\":\"pt-BR\",\"@id\":\"https:\/\/www.manaus.am.gov.br\/semulsp\/#\/schema\/logo\/image\/\",\"url\":\"https:\/\/www.manaus.am.gov.br\/semulsp\/wp-content\/uploads\/sites\/23\/2023\/05\/cropped-favicon.png\",\"contentUrl\":\"https:\/\/www.manaus.am.gov.br\/semulsp\/wp-content\/uploads\/sites\/23\/2023\/05\/cropped-favicon.png\",\"width\":512,\"height\":512,\"caption\":\"SEMULSP\"},\"image\":{\"@id\":\"https:\/\/www.manaus.am.gov.br\/semulsp\/#\/schema\/logo\/image\/\"},\"sameAs\":[\"https:\/\/www.facebook.com\/semulspmanaus\",\"https:\/\/www.instagram.com\/semulspmanaus\/\"]},{\"@type\":\"Person\",\"@id\":\"https:\/\/www.manaus.am.gov.br\/semulsp\/#\/schema\/person\/466a0e03ae4b6062809046bd560ac955\",\"name\":\"bvalente\",\"image\":{\"@type\":\"ImageObject\",\"inLanguage\":\"pt-BR\",\"@id\":\"https:\/\/www.manaus.am.gov.br\/semulsp\/#\/schema\/person\/image\/\",\"url\":\"https:\/\/secure.gravatar.com\/avatar\/3e69bc2b014bdad41adfec3a39de07d2?s=96&d=mm&r=g\",\"contentUrl\":\"https:\/\/secure.gravatar.com\/avatar\/3e69bc2b014bdad41adfec3a39de07d2?s=96&d=mm&r=g\",\"caption\":\"bvalente\"}}]}<\/script>\n<!-- \/ Yoast SEO plugin. -->","yoast_head_json":{"title":"Prefeitura realiza a\u00e7\u00e3o de limpeza no igarap\u00e9 do Franco","description":"A Prefeitura de Manaus, promoveu, nesta sexta-feira, 8\/3, uma a\u00e7\u00e3o de limpeza no Igarap\u00e9 do Franco, localizado na zona Oeste da cidade.","robots":{"index":"noindex","follow":"follow"},"og_locale":"pt_BR","og_type":"article","og_title":"Prefeitura realiza a\u00e7\u00e3o de limpeza no igarap\u00e9 do Franco","og_description":"A Prefeitura de Manaus, promoveu, nesta sexta-feira, 8\/3, uma a\u00e7\u00e3o de limpeza no Igarap\u00e9 do Franco, localizado na zona Oeste da cidade.","og_url":"https:\/\/www.manaus.am.gov.br\/semulsp\/limpeza-igarape\/","og_site_name":"SEMULSP","article_publisher":"https:\/\/www.facebook.com\/semulspmanaus","article_published_time":"2024-03-08T19:31:52+00:00","article_modified_time":"2024-03-08T19:34:07+00:00","og_image":[{"width":1024,"height":498,"url":"https:\/\/www.manaus.am.gov.br\/semulsp\/wp-content\/uploads\/sites\/23\/2024\/03\/OPERACAO-1024x498.jpg","type":"image\/jpeg"}],"author":"bvalente","twitter_card":"summary_large_image","twitter_misc":{"Written by":"bvalente","Est. reading time":"3 minutos"},"schema":{"@context":"https:\/\/schema.org","@graph":[{"@type":"Article","@id":"https:\/\/www.manaus.am.gov.br\/semulsp\/limpeza-igarape\/#article","isPartOf":{"@id":"https:\/\/www.manaus.am.gov.br\/semulsp\/limpeza-igarape\/"},"author":{"name":"bvalente","@id":"https:\/\/www.manaus.am.gov.br\/semulsp\/#\/schema\/person\/466a0e03ae4b6062809046bd560ac955"},"headline":"Prefeitura de Manaus realiza a\u00e7\u00e3o de limpeza no igarap\u00e9 do Franco","datePublished":"2024-03-08T19:31:52+00:00","dateModified":"2024-03-08T19:34:07+00:00","mainEntityOfPage":{"@id":"https:\/\/www.manaus.am.gov.br\/semulsp\/limpeza-igarape\/"},"wordCount":445,"publisher":{"@id":"https:\/\/www.manaus.am.gov.br\/semulsp\/#organization"},"image":{"@id":"https:\/\/www.manaus.am.gov.br\/semulsp\/limpeza-igarape\/#primaryimage"},"thumbnailUrl":"https:\/\/www.manaus.am.gov.br\/semulsp\/wp-content\/uploads\/sites\/23\/2024\/03\/OPERACAO.jpg","keywords":["igarap\u00e9","limpeza","semulsp"],"articleSection":["Manaus","Opera\u00e7\u00e3o"],"inLanguage":"pt-BR"},{"@type":"WebPage","@id":"https:\/\/www.manaus.am.gov.br\/semulsp\/limpeza-igarape\/","url":"https:\/\/www.manaus.am.gov.br\/semulsp\/limpeza-igarape\/","name":"Prefeitura realiza a\u00e7\u00e3o de limpeza no igarap\u00e9 do Franco","isPartOf":{"@id":"https:\/\/www.manaus.am.gov.br\/semulsp\/#website"},"primaryImageOfPage":{"@id":"https:\/\/www.manaus.am.gov.br\/semulsp\/limpeza-igarape\/#primaryimage"},"image":{"@id":"https:\/\/www.manaus.am.gov.br\/semulsp\/limpeza-igarape\/#primaryimage"},"thumbnailUrl":"https:\/\/www.manaus.am.gov.br\/semulsp\/wp-content\/uploads\/sites\/23\/2024\/03\/OPERACAO.jpg","datePublished":"2024-03-08T19:31:52+00:00","dateModified":"2024-03-08T19:34:07+00:00","description":"A Prefeitura de Manaus, promoveu, nesta sexta-feira, 8\/3, uma a\u00e7\u00e3o de limpeza no Igarap\u00e9 do Franco, localizado na zona Oeste da cidade.","breadcrumb":{"@id":"https:\/\/www.manaus.am.gov.br\/semulsp\/limpeza-igarape\/#breadcrumb"},"inLanguage":"pt-BR","potentialAction":[{"@type":"ReadAction","target":["https:\/\/www.manaus.am.gov.br\/semulsp\/limpeza-igarape\/"]}]},{"@type":"ImageObject","inLanguage":"pt-BR","@id":"https:\/\/www.manaus.am.gov.br\/semulsp\/limpeza-igarape\/#primaryimage","url":"https:\/\/www.manaus.am.gov.br\/semulsp\/wp-content\/uploads\/sites\/23\/2024\/03\/OPERACAO.jpg","contentUrl":"https:\/\/www.manaus.am.gov.br\/semulsp\/wp-content\/uploads\/sites\/23\/2024\/03\/OPERACAO.jpg","width":4032,"height":1960},{"@type":"BreadcrumbList","@id":"https:\/\/www.manaus.am.gov.br\/semulsp\/limpeza-igarape\/#breadcrumb","itemListElement":[{"@type":"ListItem","position":1,"name":"Home","item":"https:\/\/www.manaus.am.gov.br\/semulsp\/"},{"@type":"ListItem","position":2,"name":"Prefeitura de Manaus realiza a\u00e7\u00e3o de limpeza no igarap\u00e9 do Franco"}]},{"@type":"WebSite","@id":"https:\/\/www.manaus.am.gov.br\/semulsp\/#website","url":"https:\/\/www.manaus.am.gov.br\/semulsp\/","name":"SEMULSP","description":"Prefeitura de Manaus","publisher":{"@id":"https:\/\/www.manaus.am.gov.br\/semulsp\/#organization"},"alternateName":"Secretaria Municipal de Limpeza P\u00fablica","potentialAction":[{"@type":"SearchAction","target":{"@type":"EntryPoint","urlTemplate":"https:\/\/www.manaus.am.gov.br\/semulsp\/?s={search_term_string}"},"query-input":"required name=search_term_string"}],"inLanguage":"pt-BR"},{"@type":"Organization","@id":"https:\/\/www.manaus.am.gov.br\/semulsp\/#organization","name":"SEMULSP","alternateName":"Secretaria Municipal de Limpeza P\u00fablica","url":"https:\/\/www.manaus.am.gov.br\/semulsp\/","logo":{"@type":"ImageObject","inLanguage":"pt-BR","@id":"https:\/\/www.manaus.am.gov.br\/semulsp\/#\/schema\/logo\/image\/","url":"https:\/\/www.manaus.am.gov.br\/semulsp\/wp-content\/uploads\/sites\/23\/2023\/05\/cropped-favicon.png","contentUrl":"https:\/\/www.manaus.am.gov.br\/semulsp\/wp-content\/uploads\/sites\/23\/2023\/05\/cropped-favicon.png","width":512,"height":512,"caption":"SEMULSP"},"image":{"@id":"https:\/\/www.manaus.am.gov.br\/semulsp\/#\/schema\/logo\/image\/"},"sameAs":["https:\/\/www.facebook.com\/semulspmanaus","https:\/\/www.instagram.com\/semulspmanaus\/"]},{"@type":"Person","@id":"https:\/\/www.manaus.am.gov.br\/semulsp\/#\/schema\/person\/466a0e03ae4b6062809046bd560ac955","name":"bvalente","image":{"@type":"ImageObject","inLanguage":"pt-BR","@id":"https:\/\/www.manaus.am.gov.br\/semulsp\/#\/schema\/person\/image\/","url":"https:\/\/secure.gravatar.com\/avatar\/3e69bc2b014bdad41adfec3a39de07d2?s=96&d=mm&r=g","contentUrl":"https:\/\/secure.gravatar.com\/avatar\/3e69bc2b014bdad41adfec3a39de07d2?s=96&d=mm&r=g","caption":"bvalente"}}]}},"_links":{"self":[{"href":"https:\/\/www.manaus.am.gov.br\/semulsp\/wp-json\/wp\/v2\/posts\/1101"}],"collection":[{"href":"https:\/\/www.manaus.am.gov.br\/semulsp\/wp-json\/wp\/v2\/posts"}],"about":[{"href":"https:\/\/www.manaus.am.gov.br\/semulsp\/wp-json\/wp\/v2\/types\/post"}],"author":[{"embeddable":true,"href":"https:\/\/www.manaus.am.gov.br\/semulsp\/wp-json\/wp\/v2\/users\/68"}],"replies":[{"embeddable":true,"href":"https:\/\/www.manaus.am.gov.br\/semulsp\/wp-json\/wp\/v2\/comments?post=1101"}],"version-history":[{"count":0,"href":"https:\/\/www.manaus.am.gov.br\/semulsp\/wp-json\/wp\/v2\/posts\/1101\/revisions"}],"wp:featuredmedia":[{"embeddable":true,"href":"https:\/\/www.manaus.am.gov.br\/semulsp\/wp-json\/wp\/v2\/media\/1102"}],"wp:attachment":[{"href":"https:\/\/www.manaus.am.gov.br\/semulsp\/wp-json\/wp\/v2\/media?parent=1101"}],"wp:term":[{"taxonomy":"category","embeddable":true,"href":"https:\/\/www.manaus.am.gov.br\/semulsp\/wp-json\/wp\/v2\/categories?post=1101"},{"taxonomy":"post_tag","embeddable":true,"href":"https:\/\/www.manaus.am.gov.br\/semulsp\/wp-json\/wp\/v2\/tags?post=1101"}],"curies":[{"name":"wp","href":"https:\/\/api.w.org\/{rel}","templated":true}]}}