{"id":1038,"date":"2024-01-29T13:36:55","date_gmt":"2024-01-29T17:36:55","guid":{"rendered":"https:\/\/www.manaus.am.gov.br\/semulsp\/prefeito-vistoria-ecobarreira\/"},"modified":"2024-01-29T13:36:56","modified_gmt":"2024-01-29T17:36:56","slug":"prefeito-vistoria-ecobarreira","status":"publish","type":"post","link":"https:\/\/www.manaus.am.gov.br\/semulsp\/prefeito-vistoria-ecobarreira\/","title":{"rendered":"Prefeito vistoria projeto-piloto de limpeza dos igarap\u00e9s implementado na zona Leste"},"content":{"rendered":"\n<p>O prefeito de Manaus, David Almeida, realizou, nesta segunda-feira, 29\/1, uma vistoria na ecobarreira implementada no igarap\u00e9 entre as avenidas Beira-Rio e Beira-Mar, no bairro Coroado, na zona Leste da capital amazonense. A a\u00e7\u00e3o \u00e9 um projeto-piloto e faz parte das iniciativas da Prefeitura de Manaus, por meio da Secretaria Municipal de Limpeza P\u00fablica (Semulsp), de limpeza e preserva\u00e7\u00e3o dos igarap\u00e9s da cidade.<\/p>\n\n\n\n<p>Na oportunidade, o chefe do Executivo municipal tamb\u00e9m determinou o in\u00edcio de servi\u00e7os de limpeza e infraestrutura no entorno do igarap\u00e9 para a recupera\u00e7\u00e3o total da \u00e1rea.<\/p>\n\n\n\n<p>\u201cEsse \u00e9 um trabalho fant\u00e1stico que est\u00e1 sendo feito com ecobarreiras naturais, que \u00e9 um projeto-piloto que n\u00f3s vamos levar para os demais igarap\u00e9s da cidade de Manaus. Ap\u00f3s o Carnaval, a gente vai entrar aqui nessa \u00e1rea fazendo a sarjeta, melhorando as muretas, recuperando essa \u00e1rea para devolver o paisagismo para o bairro Coroado. Vamos entrar tamb\u00e9m com limpeza, recapeamento de ruas, um trabalho que a prefeitura tem de poder melhorar a qualidade de vida do povo da nossa cidade\u201d, assegurou Almeida.<\/p>\n\n\n\n<p>O modelo, que j\u00e1 \u00e9 utilizado com sucesso em diferentes Estados, consiste em uma estrutura, em forma de \u201cgrade\u201d flutuante, capaz de conter res\u00edduos s\u00f3lidos, concentrando o lixo em uma \u00fanica \u00e1rea, principalmente as garrafas PET. Uma vez retido, o lixo \u00e9 recolhido e removido de maneira adequada.<\/p>\n\n\n\n<p>O idealizador do projeto, ativista social e ambiental, Manuel Ademar, popularmente conhecido como \u201cMazinho da Carbr\u00e1s\u201d, explicou que a implementa\u00e7\u00e3o conta com cinco etapas.<\/p>\n\n\n\n<p>\u201cO igarap\u00e9 do Coroado era um dos igarap\u00e9s mais sujos de Manaus e n\u00f3s come\u00e7amos esse trabalho h\u00e1 tr\u00eas anos. Na primeira fase foi realizada a retirada de lixo, em seguida, a conscientiza\u00e7\u00e3o dos moradores, e arboriza\u00e7\u00e3o com plantas pr\u00f3prias para igarap\u00e9, ap\u00f3s isso fizemos a instala\u00e7\u00e3o de uma ecobarreira diferenciada com dois filtros naturais com pedra e uma esta\u00e7\u00e3o de tratamento d&#8217;\u00e1gua com muriru\u201d, disse.<\/p>\n\n\n\n<p><strong>Mais servi\u00e7os<\/strong><\/p>\n\n\n\n<p>Al\u00e9m do projeto socioambiental, as equipes da Semulsp realizam a limpeza de toda a \u00e1rea, com servi\u00e7os de capina\u00e7\u00e3o e retirada dos res\u00edduos. \u201cEsse \u00e9 um trabalho que ser\u00e1 expandido para outros igarap\u00e9s da cidade e se faz necess\u00e1rio para a popula\u00e7\u00e3o, que sofre h\u00e1 anos com a falta de limpeza desses igarap\u00e9s. Com certeza essa iniciativa vai mudar mais ainda a cara da nossa cidade\u201d, completou o titular da Semulsp, Sab\u00e1 Reis.<\/p>\n\n\n\n<p>A \u00e1rea no entorno do igarap\u00e9 tamb\u00e9m ser\u00e1 totalmente reestruturada com servi\u00e7os executados por meio da Secretaria Municipal de Infraestrutura (Seminf).<\/p>\n\n\n\n<p>\u201cO prefeito David que j\u00e1 tem feito muito pelo Coroado, tamb\u00e9m determinou que n\u00f3s fiz\u00e9ssemos a revitaliza\u00e7\u00e3o das cal\u00e7adas, meio-fio e sarjetas, e refizesse uma nova mureta e tamb\u00e9m o restabelecimento dos seus alambrados. Trabalharemos nessa transversalidade, as secretarias se falam, se comunicam e trabalham para o bem maior da popula\u00e7\u00e3o\u201d, afirmou o titular da<\/p>\n\n\n\n<p>Seminf, Renato Junior.<\/p>\n\n\n\n<p>&#8212; &#8212; &#8212;<\/p>\n\n\n\n<p><strong>Texto<\/strong>&nbsp;&#8211; Beathriz Torres \/ Semcom<\/p>\n\n\n\n<p><strong>Fotos<\/strong>&nbsp;&#8211; Dhyeizo Lemos\/Semcom<\/p>\n\n\n\n<p><strong>Dispon\u00edveis em<\/strong> &#8211; <a href=\"https:\/\/flic.kr\/s\/aHBqjBcihw\">https:\/\/flic.kr\/s\/aHBqjBcihw<\/a><\/p>\n","protected":false},"excerpt":{"rendered":"","protected":false},"author":23,"featured_media":1039,"comment_status":"closed","ping_status":"closed","sticky":false,"template":"","format":"standard","meta":{"footnotes":""},"categories":[132],"tags":[364,365,212,10,366,26],"acf":[],"yoast_head":"<!-- This site is optimized with the Yoast SEO plugin v23.0 - https:\/\/yoast.com\/wordpress\/plugins\/seo\/ -->\n<title>Prefeito vistoria projeto-piloto de limpeza dos igarap\u00e9s implementado na zona Leste<\/title>\n<meta name=\"description\" content=\"O prefeito de Manaus, David Almeida, realizou, nesta segunda-feira, 29\/1, uma vistoria na ecobarreira implementada no igarap\u00e9 entre as avenidas Beira-Rio e Beira-Mar, no bairro Coroado, na zona Leste da capital amazonense. A a\u00e7\u00e3o \u00e9 um projeto-piloto e faz parte das iniciativas da Prefeitura de Manaus, por meio da Secretaria Municipal de Limpeza P\u00fablica (Semulsp), de limpeza e preserva\u00e7\u00e3o dos igarap\u00e9s da cidade.\" \/>\n<meta name=\"robots\" content=\"noindex, follow\" \/>\n<meta property=\"og:locale\" content=\"pt_BR\" \/>\n<meta property=\"og:type\" content=\"article\" \/>\n<meta property=\"og:title\" content=\"Prefeito vistoria projeto-piloto de limpeza dos igarap\u00e9s implementado na zona Leste\" \/>\n<meta property=\"og:description\" content=\"O prefeito de Manaus, David Almeida, realizou, nesta segunda-feira, 29\/1, uma vistoria na ecobarreira implementada no igarap\u00e9 entre as avenidas Beira-Rio e Beira-Mar, no bairro Coroado, na zona Leste da capital amazonense. A a\u00e7\u00e3o \u00e9 um projeto-piloto e faz parte das iniciativas da Prefeitura de Manaus, por meio da Secretaria Municipal de Limpeza P\u00fablica (Semulsp), de limpeza e preserva\u00e7\u00e3o dos igarap\u00e9s da cidade.\" \/>\n<meta property=\"og:url\" content=\"https:\/\/www.manaus.am.gov.br\/semulsp\/prefeito-vistoria-ecobarreira\/\" \/>\n<meta property=\"og:site_name\" content=\"SEMULSP\" \/>\n<meta property=\"article:publisher\" content=\"https:\/\/www.facebook.com\/semulspmanaus\" \/>\n<meta property=\"article:published_time\" content=\"2024-01-29T17:36:55+00:00\" \/>\n<meta property=\"article:modified_time\" content=\"2024-01-29T17:36:56+00:00\" \/>\n<meta property=\"og:image\" content=\"https:\/\/www.manaus.am.gov.br\/semulsp\/wp-content\/uploads\/sites\/23\/2024\/01\/53496294990_c3d23eba7d_c.jpg\" \/>\n\t<meta property=\"og:image:width\" content=\"799\" \/>\n\t<meta property=\"og:image:height\" content=\"533\" \/>\n\t<meta property=\"og:image:type\" content=\"image\/jpeg\" \/>\n<meta name=\"author\" content=\"Adriana Costa\" \/>\n<meta name=\"twitter:card\" content=\"summary_large_image\" \/>\n<meta name=\"twitter:label1\" content=\"Written by\" \/>\n\t<meta name=\"twitter:data1\" content=\"Adriana Costa\" \/>\n\t<meta name=\"twitter:label2\" content=\"Est. reading time\" \/>\n\t<meta name=\"twitter:data2\" content=\"3 minutos\" \/>\n<script type=\"application\/ld+json\" class=\"yoast-schema-graph\">{\"@context\":\"https:\/\/schema.org\",\"@graph\":[{\"@type\":\"Article\",\"@id\":\"https:\/\/www.manaus.am.gov.br\/semulsp\/prefeito-vistoria-ecobarreira\/#article\",\"isPartOf\":{\"@id\":\"https:\/\/www.manaus.am.gov.br\/semulsp\/prefeito-vistoria-ecobarreira\/\"},\"author\":{\"name\":\"Adriana Costa\",\"@id\":\"https:\/\/www.manaus.am.gov.br\/semulsp\/#\/schema\/person\/4e49f4e267757a06ca072ec61b2b9968\"},\"headline\":\"Prefeito vistoria projeto-piloto de limpeza dos igarap\u00e9s implementado na zona Leste\",\"datePublished\":\"2024-01-29T17:36:55+00:00\",\"dateModified\":\"2024-01-29T17:36:56+00:00\",\"mainEntityOfPage\":{\"@id\":\"https:\/\/www.manaus.am.gov.br\/semulsp\/prefeito-vistoria-ecobarreira\/\"},\"wordCount\":540,\"publisher\":{\"@id\":\"https:\/\/www.manaus.am.gov.br\/semulsp\/#organization\"},\"image\":{\"@id\":\"https:\/\/www.manaus.am.gov.br\/semulsp\/prefeito-vistoria-ecobarreira\/#primaryimage\"},\"thumbnailUrl\":\"https:\/\/www.manaus.am.gov.br\/semulsp\/wp-content\/uploads\/sites\/23\/2024\/01\/53496294990_c3d23eba7d_c.jpg\",\"keywords\":[\"ecobarreira\",\"igarap\u00e9 do Coroado\",\"prefeito David Almeida\",\"prefeitura de manaus\",\"projeto-piloto\",\"zona leste\"],\"articleSection\":[\"Preserva\u00e7\u00e3o\"],\"inLanguage\":\"pt-BR\"},{\"@type\":\"WebPage\",\"@id\":\"https:\/\/www.manaus.am.gov.br\/semulsp\/prefeito-vistoria-ecobarreira\/\",\"url\":\"https:\/\/www.manaus.am.gov.br\/semulsp\/prefeito-vistoria-ecobarreira\/\",\"name\":\"Prefeito vistoria projeto-piloto de limpeza dos igarap\u00e9s implementado na zona Leste\",\"isPartOf\":{\"@id\":\"https:\/\/www.manaus.am.gov.br\/semulsp\/#website\"},\"primaryImageOfPage\":{\"@id\":\"https:\/\/www.manaus.am.gov.br\/semulsp\/prefeito-vistoria-ecobarreira\/#primaryimage\"},\"image\":{\"@id\":\"https:\/\/www.manaus.am.gov.br\/semulsp\/prefeito-vistoria-ecobarreira\/#primaryimage\"},\"thumbnailUrl\":\"https:\/\/www.manaus.am.gov.br\/semulsp\/wp-content\/uploads\/sites\/23\/2024\/01\/53496294990_c3d23eba7d_c.jpg\",\"datePublished\":\"2024-01-29T17:36:55+00:00\",\"dateModified\":\"2024-01-29T17:36:56+00:00\",\"description\":\"O prefeito de Manaus, David Almeida, realizou, nesta segunda-feira, 29\/1, uma vistoria na ecobarreira implementada no igarap\u00e9 entre as avenidas Beira-Rio e Beira-Mar, no bairro Coroado, na zona Leste da capital amazonense. A a\u00e7\u00e3o \u00e9 um projeto-piloto e faz parte das iniciativas da Prefeitura de Manaus, por meio da Secretaria Municipal de Limpeza P\u00fablica (Semulsp), de limpeza e preserva\u00e7\u00e3o dos igarap\u00e9s da cidade.\",\"breadcrumb\":{\"@id\":\"https:\/\/www.manaus.am.gov.br\/semulsp\/prefeito-vistoria-ecobarreira\/#breadcrumb\"},\"inLanguage\":\"pt-BR\",\"potentialAction\":[{\"@type\":\"ReadAction\",\"target\":[\"https:\/\/www.manaus.am.gov.br\/semulsp\/prefeito-vistoria-ecobarreira\/\"]}]},{\"@type\":\"ImageObject\",\"inLanguage\":\"pt-BR\",\"@id\":\"https:\/\/www.manaus.am.gov.br\/semulsp\/prefeito-vistoria-ecobarreira\/#primaryimage\",\"url\":\"https:\/\/www.manaus.am.gov.br\/semulsp\/wp-content\/uploads\/sites\/23\/2024\/01\/53496294990_c3d23eba7d_c.jpg\",\"contentUrl\":\"https:\/\/www.manaus.am.gov.br\/semulsp\/wp-content\/uploads\/sites\/23\/2024\/01\/53496294990_c3d23eba7d_c.jpg\",\"width\":799,\"height\":533},{\"@type\":\"BreadcrumbList\",\"@id\":\"https:\/\/www.manaus.am.gov.br\/semulsp\/prefeito-vistoria-ecobarreira\/#breadcrumb\",\"itemListElement\":[{\"@type\":\"ListItem\",\"position\":1,\"name\":\"Home\",\"item\":\"https:\/\/www.manaus.am.gov.br\/semulsp\/\"},{\"@type\":\"ListItem\",\"position\":2,\"name\":\"Prefeito vistoria projeto-piloto de limpeza dos igarap\u00e9s implementado na zona Leste\"}]},{\"@type\":\"WebSite\",\"@id\":\"https:\/\/www.manaus.am.gov.br\/semulsp\/#website\",\"url\":\"https:\/\/www.manaus.am.gov.br\/semulsp\/\",\"name\":\"SEMULSP\",\"description\":\"Prefeitura de Manaus\",\"publisher\":{\"@id\":\"https:\/\/www.manaus.am.gov.br\/semulsp\/#organization\"},\"alternateName\":\"Secretaria Municipal de Limpeza P\u00fablica\",\"potentialAction\":[{\"@type\":\"SearchAction\",\"target\":{\"@type\":\"EntryPoint\",\"urlTemplate\":\"https:\/\/www.manaus.am.gov.br\/semulsp\/?s={search_term_string}\"},\"query-input\":\"required name=search_term_string\"}],\"inLanguage\":\"pt-BR\"},{\"@type\":\"Organization\",\"@id\":\"https:\/\/www.manaus.am.gov.br\/semulsp\/#organization\",\"name\":\"SEMULSP\",\"alternateName\":\"Secretaria Municipal de Limpeza P\u00fablica\",\"url\":\"https:\/\/www.manaus.am.gov.br\/semulsp\/\",\"logo\":{\"@type\":\"ImageObject\",\"inLanguage\":\"pt-BR\",\"@id\":\"https:\/\/www.manaus.am.gov.br\/semulsp\/#\/schema\/logo\/image\/\",\"url\":\"https:\/\/www.manaus.am.gov.br\/semulsp\/wp-content\/uploads\/sites\/23\/2023\/05\/cropped-favicon.png\",\"contentUrl\":\"https:\/\/www.manaus.am.gov.br\/semulsp\/wp-content\/uploads\/sites\/23\/2023\/05\/cropped-favicon.png\",\"width\":512,\"height\":512,\"caption\":\"SEMULSP\"},\"image\":{\"@id\":\"https:\/\/www.manaus.am.gov.br\/semulsp\/#\/schema\/logo\/image\/\"},\"sameAs\":[\"https:\/\/www.facebook.com\/semulspmanaus\",\"https:\/\/www.instagram.com\/semulspmanaus\/\"]},{\"@type\":\"Person\",\"@id\":\"https:\/\/www.manaus.am.gov.br\/semulsp\/#\/schema\/person\/4e49f4e267757a06ca072ec61b2b9968\",\"name\":\"Adriana Costa\",\"image\":{\"@type\":\"ImageObject\",\"inLanguage\":\"pt-BR\",\"@id\":\"https:\/\/www.manaus.am.gov.br\/semulsp\/#\/schema\/person\/image\/\",\"url\":\"https:\/\/secure.gravatar.com\/avatar\/576258617ef7194f718179e766d57bd4?s=96&d=mm&r=g\",\"contentUrl\":\"https:\/\/secure.gravatar.com\/avatar\/576258617ef7194f718179e766d57bd4?s=96&d=mm&r=g\",\"caption\":\"Adriana Costa\"}}]}<\/script>\n<!-- \/ Yoast SEO plugin. -->","yoast_head_json":{"title":"Prefeito vistoria projeto-piloto de limpeza dos igarap\u00e9s implementado na zona Leste","description":"O prefeito de Manaus, David Almeida, realizou, nesta segunda-feira, 29\/1, uma vistoria na ecobarreira implementada no igarap\u00e9 entre as avenidas Beira-Rio e Beira-Mar, no bairro Coroado, na zona Leste da capital amazonense. A a\u00e7\u00e3o \u00e9 um projeto-piloto e faz parte das iniciativas da Prefeitura de Manaus, por meio da Secretaria Municipal de Limpeza P\u00fablica (Semulsp), de limpeza e preserva\u00e7\u00e3o dos igarap\u00e9s da cidade.","robots":{"index":"noindex","follow":"follow"},"og_locale":"pt_BR","og_type":"article","og_title":"Prefeito vistoria projeto-piloto de limpeza dos igarap\u00e9s implementado na zona Leste","og_description":"O prefeito de Manaus, David Almeida, realizou, nesta segunda-feira, 29\/1, uma vistoria na ecobarreira implementada no igarap\u00e9 entre as avenidas Beira-Rio e Beira-Mar, no bairro Coroado, na zona Leste da capital amazonense. A a\u00e7\u00e3o \u00e9 um projeto-piloto e faz parte das iniciativas da Prefeitura de Manaus, por meio da Secretaria Municipal de Limpeza P\u00fablica (Semulsp), de limpeza e preserva\u00e7\u00e3o dos igarap\u00e9s da cidade.","og_url":"https:\/\/www.manaus.am.gov.br\/semulsp\/prefeito-vistoria-ecobarreira\/","og_site_name":"SEMULSP","article_publisher":"https:\/\/www.facebook.com\/semulspmanaus","article_published_time":"2024-01-29T17:36:55+00:00","article_modified_time":"2024-01-29T17:36:56+00:00","og_image":[{"width":799,"height":533,"url":"https:\/\/www.manaus.am.gov.br\/semulsp\/wp-content\/uploads\/sites\/23\/2024\/01\/53496294990_c3d23eba7d_c.jpg","type":"image\/jpeg"}],"author":"Adriana Costa","twitter_card":"summary_large_image","twitter_misc":{"Written by":"Adriana Costa","Est. reading time":"3 minutos"},"schema":{"@context":"https:\/\/schema.org","@graph":[{"@type":"Article","@id":"https:\/\/www.manaus.am.gov.br\/semulsp\/prefeito-vistoria-ecobarreira\/#article","isPartOf":{"@id":"https:\/\/www.manaus.am.gov.br\/semulsp\/prefeito-vistoria-ecobarreira\/"},"author":{"name":"Adriana Costa","@id":"https:\/\/www.manaus.am.gov.br\/semulsp\/#\/schema\/person\/4e49f4e267757a06ca072ec61b2b9968"},"headline":"Prefeito vistoria projeto-piloto de limpeza dos igarap\u00e9s implementado na zona Leste","datePublished":"2024-01-29T17:36:55+00:00","dateModified":"2024-01-29T17:36:56+00:00","mainEntityOfPage":{"@id":"https:\/\/www.manaus.am.gov.br\/semulsp\/prefeito-vistoria-ecobarreira\/"},"wordCount":540,"publisher":{"@id":"https:\/\/www.manaus.am.gov.br\/semulsp\/#organization"},"image":{"@id":"https:\/\/www.manaus.am.gov.br\/semulsp\/prefeito-vistoria-ecobarreira\/#primaryimage"},"thumbnailUrl":"https:\/\/www.manaus.am.gov.br\/semulsp\/wp-content\/uploads\/sites\/23\/2024\/01\/53496294990_c3d23eba7d_c.jpg","keywords":["ecobarreira","igarap\u00e9 do Coroado","prefeito David Almeida","prefeitura de manaus","projeto-piloto","zona leste"],"articleSection":["Preserva\u00e7\u00e3o"],"inLanguage":"pt-BR"},{"@type":"WebPage","@id":"https:\/\/www.manaus.am.gov.br\/semulsp\/prefeito-vistoria-ecobarreira\/","url":"https:\/\/www.manaus.am.gov.br\/semulsp\/prefeito-vistoria-ecobarreira\/","name":"Prefeito vistoria projeto-piloto de limpeza dos igarap\u00e9s implementado na zona Leste","isPartOf":{"@id":"https:\/\/www.manaus.am.gov.br\/semulsp\/#website"},"primaryImageOfPage":{"@id":"https:\/\/www.manaus.am.gov.br\/semulsp\/prefeito-vistoria-ecobarreira\/#primaryimage"},"image":{"@id":"https:\/\/www.manaus.am.gov.br\/semulsp\/prefeito-vistoria-ecobarreira\/#primaryimage"},"thumbnailUrl":"https:\/\/www.manaus.am.gov.br\/semulsp\/wp-content\/uploads\/sites\/23\/2024\/01\/53496294990_c3d23eba7d_c.jpg","datePublished":"2024-01-29T17:36:55+00:00","dateModified":"2024-01-29T17:36:56+00:00","description":"O prefeito de Manaus, David Almeida, realizou, nesta segunda-feira, 29\/1, uma vistoria na ecobarreira implementada no igarap\u00e9 entre as avenidas Beira-Rio e Beira-Mar, no bairro Coroado, na zona Leste da capital amazonense. A a\u00e7\u00e3o \u00e9 um projeto-piloto e faz parte das iniciativas da Prefeitura de Manaus, por meio da Secretaria Municipal de Limpeza P\u00fablica (Semulsp), de limpeza e preserva\u00e7\u00e3o dos igarap\u00e9s da cidade.","breadcrumb":{"@id":"https:\/\/www.manaus.am.gov.br\/semulsp\/prefeito-vistoria-ecobarreira\/#breadcrumb"},"inLanguage":"pt-BR","potentialAction":[{"@type":"ReadAction","target":["https:\/\/www.manaus.am.gov.br\/semulsp\/prefeito-vistoria-ecobarreira\/"]}]},{"@type":"ImageObject","inLanguage":"pt-BR","@id":"https:\/\/www.manaus.am.gov.br\/semulsp\/prefeito-vistoria-ecobarreira\/#primaryimage","url":"https:\/\/www.manaus.am.gov.br\/semulsp\/wp-content\/uploads\/sites\/23\/2024\/01\/53496294990_c3d23eba7d_c.jpg","contentUrl":"https:\/\/www.manaus.am.gov.br\/semulsp\/wp-content\/uploads\/sites\/23\/2024\/01\/53496294990_c3d23eba7d_c.jpg","width":799,"height":533},{"@type":"BreadcrumbList","@id":"https:\/\/www.manaus.am.gov.br\/semulsp\/prefeito-vistoria-ecobarreira\/#breadcrumb","itemListElement":[{"@type":"ListItem","position":1,"name":"Home","item":"https:\/\/www.manaus.am.gov.br\/semulsp\/"},{"@type":"ListItem","position":2,"name":"Prefeito vistoria projeto-piloto de limpeza dos igarap\u00e9s implementado na zona Leste"}]},{"@type":"WebSite","@id":"https:\/\/www.manaus.am.gov.br\/semulsp\/#website","url":"https:\/\/www.manaus.am.gov.br\/semulsp\/","name":"SEMULSP","description":"Prefeitura de Manaus","publisher":{"@id":"https:\/\/www.manaus.am.gov.br\/semulsp\/#organization"},"alternateName":"Secretaria Municipal de Limpeza P\u00fablica","potentialAction":[{"@type":"SearchAction","target":{"@type":"EntryPoint","urlTemplate":"https:\/\/www.manaus.am.gov.br\/semulsp\/?s={search_term_string}"},"query-input":"required name=search_term_string"}],"inLanguage":"pt-BR"},{"@type":"Organization","@id":"https:\/\/www.manaus.am.gov.br\/semulsp\/#organization","name":"SEMULSP","alternateName":"Secretaria Municipal de Limpeza P\u00fablica","url":"https:\/\/www.manaus.am.gov.br\/semulsp\/","logo":{"@type":"ImageObject","inLanguage":"pt-BR","@id":"https:\/\/www.manaus.am.gov.br\/semulsp\/#\/schema\/logo\/image\/","url":"https:\/\/www.manaus.am.gov.br\/semulsp\/wp-content\/uploads\/sites\/23\/2023\/05\/cropped-favicon.png","contentUrl":"https:\/\/www.manaus.am.gov.br\/semulsp\/wp-content\/uploads\/sites\/23\/2023\/05\/cropped-favicon.png","width":512,"height":512,"caption":"SEMULSP"},"image":{"@id":"https:\/\/www.manaus.am.gov.br\/semulsp\/#\/schema\/logo\/image\/"},"sameAs":["https:\/\/www.facebook.com\/semulspmanaus","https:\/\/www.instagram.com\/semulspmanaus\/"]},{"@type":"Person","@id":"https:\/\/www.manaus.am.gov.br\/semulsp\/#\/schema\/person\/4e49f4e267757a06ca072ec61b2b9968","name":"Adriana Costa","image":{"@type":"ImageObject","inLanguage":"pt-BR","@id":"https:\/\/www.manaus.am.gov.br\/semulsp\/#\/schema\/person\/image\/","url":"https:\/\/secure.gravatar.com\/avatar\/576258617ef7194f718179e766d57bd4?s=96&d=mm&r=g","contentUrl":"https:\/\/secure.gravatar.com\/avatar\/576258617ef7194f718179e766d57bd4?s=96&d=mm&r=g","caption":"Adriana Costa"}}]}},"_links":{"self":[{"href":"https:\/\/www.manaus.am.gov.br\/semulsp\/wp-json\/wp\/v2\/posts\/1038"}],"collection":[{"href":"https:\/\/www.manaus.am.gov.br\/semulsp\/wp-json\/wp\/v2\/posts"}],"about":[{"href":"https:\/\/www.manaus.am.gov.br\/semulsp\/wp-json\/wp\/v2\/types\/post"}],"author":[{"embeddable":true,"href":"https:\/\/www.manaus.am.gov.br\/semulsp\/wp-json\/wp\/v2\/users\/23"}],"replies":[{"embeddable":true,"href":"https:\/\/www.manaus.am.gov.br\/semulsp\/wp-json\/wp\/v2\/comments?post=1038"}],"version-history":[{"count":0,"href":"https:\/\/www.manaus.am.gov.br\/semulsp\/wp-json\/wp\/v2\/posts\/1038\/revisions"}],"wp:featuredmedia":[{"embeddable":true,"href":"https:\/\/www.manaus.am.gov.br\/semulsp\/wp-json\/wp\/v2\/media\/1039"}],"wp:attachment":[{"href":"https:\/\/www.manaus.am.gov.br\/semulsp\/wp-json\/wp\/v2\/media?parent=1038"}],"wp:term":[{"taxonomy":"category","embeddable":true,"href":"https:\/\/www.manaus.am.gov.br\/semulsp\/wp-json\/wp\/v2\/categories?post=1038"},{"taxonomy":"post_tag","embeddable":true,"href":"https:\/\/www.manaus.am.gov.br\/semulsp\/wp-json\/wp\/v2\/tags?post=1038"}],"curies":[{"name":"wp","href":"https:\/\/api.w.org\/{rel}","templated":true}]}}