{"id":8715,"date":"2026-09-03T12:49:09","date_gmt":"2026-09-03T16:49:09","guid":{"rendered":"https:\/\/www.manaus.am.gov.br\/semtepi\/sem-categoria\/prefeitura-semtepi-programacao-sougamer\/"},"modified":"2026-09-03T13:15:06","modified_gmt":"2026-09-03T17:15:06","slug":"prefeitura-semtepi-programacao-sougamer-sougeek","status":"publish","type":"post","link":"https:\/\/www.manaus.am.gov.br\/semtepi\/eventos\/prefeitura-semtepi-programacao-sougamer-sougeek\/","title":{"rendered":"Prefeitura divulga programa\u00e7\u00e3o completa do \u2018SouGamer SouGeek\u2019 no Casar\u00e3o Cassina e Bernardo Ramos"},"content":{"rendered":"\n<p>A <a href=\"https:\/\/www.manaus.am.gov.br\/\">Prefeitura de Manaus<\/a>, por meio da <a href=\"https:\/\/www.instagram.com\/semtepimanaus\/\">Secretaria Municipal do Trabalho, Empreendedorismo e Inova\u00e7\u00e3o<\/a> (Semtepi), divulgou a programa\u00e7\u00e3o detalhada do \u201c#SouGamer #SouGeek\u201d, que integra o festival #SouManaus Passo a Pa\u00e7o 2026. O evento ocorre desta sexta-feira a segunda-feira, 4 a 7 de setembro, no centro hist\u00f3rico, dividido entre o Casar\u00e3o da Inova\u00e7\u00e3o Cassina e a rua Bernardo Ramos com o palco Geek e tendas tem\u00e1ticas.<\/p>\n\n\n\n<p>A iniciativa re\u00fane tecnologia, jogos eletr\u00f4nicos, cultura pop e economia criativa, conectando diferentes gera\u00e7\u00f5es e valorizando empreendedores e artistas locais.&nbsp;<\/p>\n\n\n\n<p>\u201cQuando falamos de games e cultura geek, estamos falando tamb\u00e9m de economia, trabalho, tecnologia e gera\u00e7\u00e3o de renda. O &#8216;#SouGamer #SouGeek&#8217; chega \u00e0 segunda edi\u00e7\u00e3o justamente com o prop\u00f3sito de transformar criatividade e entretenimento em oportunidade. Essa \u00e9 uma pol\u00edtica da Prefeitura de Manaus: criar ambientes para que quem produz, cria e empreende na nossa cidade possa gerar renda, ganhar visibilidade e crescer\u201d, enfatizou o secret\u00e1rio da Semtepi, Alonso Oliveira.<\/p>\n\n\n\n<p>O espa\u00e7o mobiliza aproximadamente 40 neg\u00f3cios criativos e mais de 80 artistas, entre&nbsp;<em>cosplayers<\/em>, m\u00fasicos e dan\u00e7arinos, com uma proje\u00e7\u00e3o de movimenta\u00e7\u00e3o de aproximadamente R$ 500 mil para os empreendedores da economia criativa do munic\u00edpio.<\/p>\n\n\n\n<p>Programa\u00e7\u00e3o completa<\/p>\n\n\n\n<p>4 de setembro (sexta-feira)<\/p>\n\n\n\n<ul>\n<li>Casar\u00e3o da Inova\u00e7\u00e3o Cassina:<\/li>\n<\/ul>\n\n\n\n<ul>\n<li>16h \u00e0s 22h \u2013 Free Play: Arena PC (1\u00ba Andar &#8211; Coworking)<\/li>\n\n\n\n<li>16h \u00e0s 18h \u2013 Campeonato de Brawl Stars (1\u00ba Andar &#8211; Coworking)<\/li>\n\n\n\n<li>18h \u00e0s 22h \u2013 Campeonato de Clash Royale (1\u00ba Andar &#8211; Coworking)<\/li>\n\n\n\n<li>16h \u00e0s 22h \u2013 Arena Rob\u00f3tica (T\u00e9rreo &#8211; Sal\u00e3o Nobre)<\/li>\n\n\n\n<li>16h \u00e0s 22h \u2013 Consoles \/ PS5 (T\u00e9rreo &#8211; Sala 02)<\/li>\n\n\n\n<li>16h \u00e0s 22h \u2013 Oficina de Boardgames (1\u00ba Andar &#8211; Sala 01)<\/li>\n\n\n\n<li>16h \u00e0s 22h \u2013 Oficina de Papercraft (1\u00ba Andar &#8211; Sala de Vidro)<\/li>\n\n\n\n<li>16h \u00e0s 22h \u2013 Podcast ao vivo (T\u00e9rreo &#8211; Sala 04)<\/li>\n<\/ul>\n\n\n\n<ul>\n<li>Rua Bernardo Ramos &amp; Palco Geek:<\/li>\n<\/ul>\n\n\n\n<ul>\n<li>16h \u00e0s 22h \u2013 Free Play: Arena Retr\u00f4 (Tenda Retr\u00f4)<\/li>\n\n\n\n<li>16h \u00e0s 22h \u2013 Free Play: Fliperama (Tenda Fliperama)<\/li>\n\n\n\n<li>16h \u00e0s 22h \u2013 Concurso Solo de Just Dance (Tenda Just Dance)<\/li>\n\n\n\n<li>17h \u2013 Apresentadores (Palco Geek)<\/li>\n\n\n\n<li>18h \u2013 DJ Belfort (Palco Geek)<\/li>\n\n\n\n<li>19h \u00e0s 20h30 \u2013 Apresenta\u00e7\u00e3o K-Pop Grupo (Palco Geek)<\/li>\n\n\n\n<li>20h30 \u00e0s 22h \u2013 Banda Reckles (Especial Geek &#8211; Palco Geek)<\/li>\n<\/ul>\n\n\n\n<p>5 de Setembro (s\u00e1bado)<\/p>\n\n\n\n<ul>\n<li>Casar\u00e3o da Inova\u00e7\u00e3o Cassina:<\/li>\n\n\n\n<li>16h \u00e0s 22h \u2013 Free Play: Arena PC (1\u00ba Andar &#8211; Coworking)<\/li>\n\n\n\n<li>17h \u00e0s 22h \u2013 Campeonato de Free Fire Inclusivo (1\u00ba Andar &#8211; Coworking)<\/li>\n\n\n\n<li>16h \u00e0s 22h \u2013 Arena Rob\u00f3tica (T\u00e9rreo &#8211; Sal\u00e3o Nobre)<\/li>\n\n\n\n<li>16h \u00e0s 22h \u2013 Campeonato de Fifa (T\u00e9rreo &#8211; Sala 02)<\/li>\n\n\n\n<li>16h \u00e0s 22h \u2013 Oficina de Boardgames (1\u00ba Andar &#8211; Sala 01)<\/li>\n\n\n\n<li>16h \u00e0s 22h \u2013 Oficina de Papercraft (1\u00ba Andar &#8211; Sala de Vidro)<\/li>\n\n\n\n<li>16h \u00e0s 22h \u2013 Podcast ao vivo (T\u00e9rreo &#8211; Sala 04)<\/li>\n<\/ul>\n\n\n\n<ul>\n<li>Rua Bernardo Ramos &amp; Palco Geek:<\/li>\n<\/ul>\n\n\n\n<ul>\n<li>16h \u00e0s 22h \u2013 Free Play: Arena Retr\u00f4 (Tenda Retr\u00f4)<\/li>\n\n\n\n<li>16h \u00e0s 22h \u2013 Free Play: Fliperama (Tenda Fliperama)<\/li>\n\n\n\n<li>19h \u00e0s 22h \u2013 Concurso Grupo de Just Dance (Tenda Just Dance)<\/li>\n\n\n\n<li>16h30 \u2013 Apresentadores (Palco Geek)<\/li>\n\n\n\n<li>17h \u2013 DJ Belfort (Palco Geek)<\/li>\n\n\n\n<li>18h30 \u00e0s 20h \u2013 Apresenta\u00e7\u00e3o K-Pop Solo (Palco Geek)<\/li>\n\n\n\n<li>20h30 \u00e0s 22h30 \u2013 Show com a banda Chora Cachorro (Palco Geek)<\/li>\n<\/ul>\n\n\n\n<p>6 de Setembro (domingo)<\/p>\n\n\n\n<ul>\n<li>Casar\u00e3o da Inova\u00e7\u00e3o Cassina:<\/li>\n<\/ul>\n\n\n\n<ul>\n<li>16h \u00e0s 22h \u2013 Free Play: Arena PC (1\u00ba Andar &#8211; Coworking)<\/li>\n\n\n\n<li>17h \u00e0s 22h \u2013 Campeonato de Free Fire Masculino (1\u00ba Andar &#8211; Coworking)<\/li>\n\n\n\n<li>16h \u2013 Vira Vira (Subsolo Cassina)<\/li>\n\n\n\n<li>16h \u00e0s 22h \u2013 Arena Rob\u00f3tica (T\u00e9rreo &#8211; Sal\u00e3o Nobre)<\/li>\n\n\n\n<li>16h \u00e0s 22h \u2013 Campeonato de Mortal Kombat 1 (T\u00e9rreo &#8211; Sala 02)<\/li>\n\n\n\n<li>16h \u00e0s 22h \u2013 Torneio Pok\u00e9mon Champions (1\u00ba Andar &#8211; Sala 01)<\/li>\n\n\n\n<li>16h \u00e0s 22h \u2013 Oficina de Papercraft (1\u00ba Andar &#8211; Sala de Vidro)<\/li>\n\n\n\n<li>16h \u00e0s 22h \u2013 Podcast ao vivo (T\u00e9rreo &#8211; Sala 04)<\/li>\n<\/ul>\n\n\n\n<ul>\n<li>Rua Bernardo Ramos &amp; Palco Geek:<\/li>\n<\/ul>\n\n\n\n<ul>\n<li>16h \u00e0s 22h \u2013 Free Play: Arena Retr\u00f4 (Tenda Retr\u00f4)<\/li>\n\n\n\n<li>16h \u00e0s 22h \u2013 Free Play: Fliperama (Tenda Fliperama)<\/li>\n\n\n\n<li>19h \u00e0s 22h \u2013 Free Play: Just Dance (Tenda Just Dance)<\/li>\n\n\n\n<li>17h \u2013 Apresentadores (Palco Geek)<\/li>\n\n\n\n<li>17h30 \u2013 DJ Belfort (Palco Geek)<\/li>\n\n\n\n<li>18h30 \u00e0s 20h \u2013 Desfile e Concurso de Cosplay (Palco Geek)<\/li>\n\n\n\n<li>20h30 \u00e0s 22h30 \u2013 Show banda Blacksheep (Especial Avenged Sevenfold &#8211; Palco Geek)<\/li>\n<\/ul>\n\n\n\n<p>7 de Setembro (Segunda-feira)<\/p>\n\n\n\n<ul>\n<li>Casar\u00e3o da Inova\u00e7\u00e3o Cassina:<\/li>\n<\/ul>\n\n\n\n<ul>\n<li>16h \u00e0s 22h \u2013 Free Play: Arena PC (1\u00ba Andar &#8211; Coworking)<\/li>\n\n\n\n<li>17h \u00e0s 20h \u2013 Torneio de League of Legends: Wild Rift (1\u00ba Andar &#8211; Coworking)<\/li>\n\n\n\n<li>16h \u00e0s 22h \u2013 Arena Rob\u00f3tica (T\u00e9rreo &#8211; Sal\u00e3o Nobre)<\/li>\n\n\n\n<li>16h \u00e0s 22h \u2013 Consoles \/ PS5 (T\u00e9rreo &#8211; Sala 02)<\/li>\n\n\n\n<li>16h \u00e0s 22h \u2013 Torneio de Pok\u00e9mon TCG (1\u00ba Andar &#8211; Sala 01)<\/li>\n\n\n\n<li>16h \u00e0s 22h \u2013 Oficina de Papercraft (1\u00ba Andar &#8211; Sala de Vidro)<\/li>\n\n\n\n<li>16h \u00e0s 22h \u2013 Podcast ao vivo (T\u00e9rreo &#8211; Sala 04)<\/li>\n<\/ul>\n\n\n\n<ul>\n<li>Rua Bernardo Ramos &amp; Palco Geek:<\/li>\n<\/ul>\n\n\n\n<ul>\n<li>16h \u00e0s 22h \u2013 Free Play: Arena Retr\u00f4 (Tenda Retr\u00f4)<\/li>\n\n\n\n<li>16h \u00e0s 22h \u2013 Free Play: Just Dance (Tenda Just Dance)<\/li>\n\n\n\n<li>17h \u00e0s 22h \u2013 Campeonato The King of Fighters (KOF) (Tenda Fliperama)<\/li>\n\n\n\n<li>17h \u2013 Apresentadores (Palco Geek)<\/li>\n\n\n\n<li>18h \u2013 Batalha de Karaok\u00ea com DJ Belfort (Palco Geek)<\/li>\n\n\n\n<li>20h \u2013 Show Power of Gaga (Palco Geek)<\/li>\n\n\n\n<li>22h \u2013 Encerramento oficial<\/li>\n<\/ul>\n\n\n\n<p>&#8211; \u2013 &#8211; &#8211;<\/p>\n\n\n\n<p><strong>Texto&nbsp;<\/strong>&#8211; Asafe Augusto\/Semtepi<\/p>\n\n\n\n<p><strong>Fotos&nbsp;<\/strong>&#8211; Vin\u00edcius Paz\/Semtepi<\/p>\n","protected":false},"excerpt":{"rendered":"","protected":false},"author":23,"featured_media":8716,"comment_status":"closed","ping_status":"closed","sticky":false,"template":"","format":"standard","meta":{"footnotes":""},"categories":[123],"tags":[1957,515,8,1961,9,1510,1511],"acf":[],"yoast_head":"<!-- This site is optimized with the Yoast SEO plugin v23.0 - https:\/\/yoast.com\/wordpress\/plugins\/seo\/ -->\n<title>Prefeitura divulga programa\u00e7\u00e3o completa do \u2018SouGamer SouGeek\u2019 no Casar\u00e3o Cassina e Bernardo Ramos<\/title>\n<meta name=\"description\" content=\"A Prefeitura de Manaus, por meio da Secretaria Municipal do Trabalho, Empreendedorismo e Inova\u00e7\u00e3o (Semtepi), divulgou a programa\u00e7\u00e3o detalhada do \u201c#SouGamer #SouGeek\u201d, que integra o festival #SouManaus Passo a Pa\u00e7o 2026.\" \/>\n<meta name=\"robots\" content=\"noindex, follow\" \/>\n<meta property=\"og:locale\" content=\"pt_BR\" \/>\n<meta property=\"og:type\" content=\"article\" \/>\n<meta property=\"og:title\" content=\"Prefeitura divulga programa\u00e7\u00e3o completa do \u2018SouGamer SouGeek\u2019 no Casar\u00e3o Cassina e Bernardo Ramos\" \/>\n<meta property=\"og:description\" content=\"A Prefeitura de Manaus, por meio da Secretaria Municipal do Trabalho, Empreendedorismo e Inova\u00e7\u00e3o (Semtepi), divulgou a programa\u00e7\u00e3o detalhada do \u201c#SouGamer #SouGeek\u201d, que integra o festival #SouManaus Passo a Pa\u00e7o 2026.\" \/>\n<meta property=\"og:url\" content=\"https:\/\/www.manaus.am.gov.br\/semtepi\/eventos\/prefeitura-semtepi-programacao-sougamer\/\" \/>\n<meta property=\"og:site_name\" content=\"SEMTEPI\" \/>\n<meta property=\"article:published_time\" content=\"2026-09-03T16:49:09+00:00\" \/>\n<meta property=\"article:modified_time\" content=\"2026-09-03T17:15:06+00:00\" \/>\n<meta property=\"og:image\" content=\"https:\/\/www.manaus.am.gov.br\/semtepi\/wp-content\/uploads\/sites\/20\/2026\/09\/WhatsApp-Image-2026-09-03-at-12.47.32-1.jpeg\" \/>\n\t<meta property=\"og:image:width\" content=\"1600\" \/>\n\t<meta property=\"og:image:height\" content=\"1070\" \/>\n\t<meta property=\"og:image:type\" content=\"image\/jpeg\" \/>\n<meta name=\"author\" content=\"Adriana Costa\" \/>\n<meta name=\"twitter:card\" content=\"summary_large_image\" \/>\n<meta name=\"twitter:label1\" content=\"Written by\" \/>\n\t<meta name=\"twitter:data1\" content=\"Adriana Costa\" \/>\n\t<meta name=\"twitter:label2\" content=\"Est. reading time\" \/>\n\t<meta name=\"twitter:data2\" content=\"5 minutos\" \/>\n<script type=\"application\/ld+json\" class=\"yoast-schema-graph\">{\"@context\":\"https:\/\/schema.org\",\"@graph\":[{\"@type\":\"Article\",\"@id\":\"https:\/\/www.manaus.am.gov.br\/semtepi\/eventos\/prefeitura-semtepi-programacao-sougamer\/#article\",\"isPartOf\":{\"@id\":\"https:\/\/www.manaus.am.gov.br\/semtepi\/eventos\/prefeitura-semtepi-programacao-sougamer\/\"},\"author\":{\"name\":\"Adriana Costa\",\"@id\":\"https:\/\/www.manaus.am.gov.br\/semtepi\/#\/schema\/person\/4e49f4e267757a06ca072ec61b2b9968\"},\"headline\":\"Prefeitura divulga programa\u00e7\u00e3o completa do \u2018SouGamer SouGeek\u2019 no Casar\u00e3o Cassina e Bernardo Ramos\",\"datePublished\":\"2026-09-03T16:49:09+00:00\",\"dateModified\":\"2026-09-03T17:15:06+00:00\",\"mainEntityOfPage\":{\"@id\":\"https:\/\/www.manaus.am.gov.br\/semtepi\/eventos\/prefeitura-semtepi-programacao-sougamer\/\"},\"wordCount\":837,\"publisher\":{\"@id\":\"https:\/\/www.manaus.am.gov.br\/semtepi\/#organization\"},\"image\":{\"@id\":\"https:\/\/www.manaus.am.gov.br\/semtepi\/eventos\/prefeitura-semtepi-programacao-sougamer\/#primaryimage\"},\"thumbnailUrl\":\"https:\/\/www.manaus.am.gov.br\/semtepi\/wp-content\/uploads\/sites\/20\/2026\/09\/WhatsApp-Image-2026-09-03-at-12.47.32-1.jpeg\",\"keywords\":[\"#SouManaus Passo a Pa\u00e7o 2026\",\"Casar\u00e3o Cassina\",\"prefeitura de manaus\",\"rua Bernardo Ramos\",\"Semtepi\",\"SouGamer\",\"SouGeek\"],\"articleSection\":[\"Eventos\"],\"inLanguage\":\"pt-BR\"},{\"@type\":\"WebPage\",\"@id\":\"https:\/\/www.manaus.am.gov.br\/semtepi\/eventos\/prefeitura-semtepi-programacao-sougamer\/\",\"url\":\"https:\/\/www.manaus.am.gov.br\/semtepi\/eventos\/prefeitura-semtepi-programacao-sougamer\/\",\"name\":\"Prefeitura divulga programa\u00e7\u00e3o completa do \u2018SouGamer SouGeek\u2019 no Casar\u00e3o Cassina e Bernardo Ramos\",\"isPartOf\":{\"@id\":\"https:\/\/www.manaus.am.gov.br\/semtepi\/#website\"},\"primaryImageOfPage\":{\"@id\":\"https:\/\/www.manaus.am.gov.br\/semtepi\/eventos\/prefeitura-semtepi-programacao-sougamer\/#primaryimage\"},\"image\":{\"@id\":\"https:\/\/www.manaus.am.gov.br\/semtepi\/eventos\/prefeitura-semtepi-programacao-sougamer\/#primaryimage\"},\"thumbnailUrl\":\"https:\/\/www.manaus.am.gov.br\/semtepi\/wp-content\/uploads\/sites\/20\/2026\/09\/WhatsApp-Image-2026-09-03-at-12.47.32-1.jpeg\",\"datePublished\":\"2026-09-03T16:49:09+00:00\",\"dateModified\":\"2026-09-03T17:15:06+00:00\",\"description\":\"A Prefeitura de Manaus, por meio da Secretaria Municipal do Trabalho, Empreendedorismo e Inova\u00e7\u00e3o (Semtepi), divulgou a programa\u00e7\u00e3o detalhada do \u201c#SouGamer #SouGeek\u201d, que integra o festival #SouManaus Passo a Pa\u00e7o 2026.\",\"breadcrumb\":{\"@id\":\"https:\/\/www.manaus.am.gov.br\/semtepi\/eventos\/prefeitura-semtepi-programacao-sougamer\/#breadcrumb\"},\"inLanguage\":\"pt-BR\",\"potentialAction\":[{\"@type\":\"ReadAction\",\"target\":[\"https:\/\/www.manaus.am.gov.br\/semtepi\/eventos\/prefeitura-semtepi-programacao-sougamer\/\"]}]},{\"@type\":\"ImageObject\",\"inLanguage\":\"pt-BR\",\"@id\":\"https:\/\/www.manaus.am.gov.br\/semtepi\/eventos\/prefeitura-semtepi-programacao-sougamer\/#primaryimage\",\"url\":\"https:\/\/www.manaus.am.gov.br\/semtepi\/wp-content\/uploads\/sites\/20\/2026\/09\/WhatsApp-Image-2026-09-03-at-12.47.32-1.jpeg\",\"contentUrl\":\"https:\/\/www.manaus.am.gov.br\/semtepi\/wp-content\/uploads\/sites\/20\/2026\/09\/WhatsApp-Image-2026-09-03-at-12.47.32-1.jpeg\",\"width\":1600,\"height\":1070,\"caption\":\"#paratodosverem - Imagem da rua Bernardo Ramos com p\u00fablico do \\\"#SouGamer #SouGeek\\\"\"},{\"@type\":\"BreadcrumbList\",\"@id\":\"https:\/\/www.manaus.am.gov.br\/semtepi\/eventos\/prefeitura-semtepi-programacao-sougamer\/#breadcrumb\",\"itemListElement\":[{\"@type\":\"ListItem\",\"position\":1,\"name\":\"Home\",\"item\":\"https:\/\/www.manaus.am.gov.br\/semtepi\/\"},{\"@type\":\"ListItem\",\"position\":2,\"name\":\"Prefeitura divulga programa\u00e7\u00e3o completa do \u2018SouGamer SouGeek\u2019 no Casar\u00e3o Cassina e Bernardo Ramos\"}]},{\"@type\":\"WebSite\",\"@id\":\"https:\/\/www.manaus.am.gov.br\/semtepi\/#website\",\"url\":\"https:\/\/www.manaus.am.gov.br\/semtepi\/\",\"name\":\"SEMTEPI\",\"description\":\"Prefeitura de Manaus\",\"publisher\":{\"@id\":\"https:\/\/www.manaus.am.gov.br\/semtepi\/#organization\"},\"alternateName\":\"Secretaria Municipal do Trabalho, Empreendedorismo e Inova\u00e7\u00e3o\",\"potentialAction\":[{\"@type\":\"SearchAction\",\"target\":{\"@type\":\"EntryPoint\",\"urlTemplate\":\"https:\/\/www.manaus.am.gov.br\/semtepi\/?s={search_term_string}\"},\"query-input\":\"required name=search_term_string\"}],\"inLanguage\":\"pt-BR\"},{\"@type\":\"Organization\",\"@id\":\"https:\/\/www.manaus.am.gov.br\/semtepi\/#organization\",\"name\":\"Prefeitura Municipal de Manaus\",\"alternateName\":\"Prefeitura de Manaus\",\"url\":\"https:\/\/www.manaus.am.gov.br\/semtepi\/\",\"logo\":{\"@type\":\"ImageObject\",\"inLanguage\":\"pt-BR\",\"@id\":\"https:\/\/www.manaus.am.gov.br\/semtepi\/#\/schema\/logo\/image\/\",\"url\":\"https:\/\/www.manaus.am.gov.br\/semtepi\/wp-content\/uploads\/sites\/20\/2024\/07\/favicon.png\",\"contentUrl\":\"https:\/\/www.manaus.am.gov.br\/semtepi\/wp-content\/uploads\/sites\/20\/2024\/07\/favicon.png\",\"width\":300,\"height\":300,\"caption\":\"Prefeitura Municipal de Manaus\"},\"image\":{\"@id\":\"https:\/\/www.manaus.am.gov.br\/semtepi\/#\/schema\/logo\/image\/\"}},{\"@type\":\"Person\",\"@id\":\"https:\/\/www.manaus.am.gov.br\/semtepi\/#\/schema\/person\/4e49f4e267757a06ca072ec61b2b9968\",\"name\":\"Adriana Costa\",\"image\":{\"@type\":\"ImageObject\",\"inLanguage\":\"pt-BR\",\"@id\":\"https:\/\/www.manaus.am.gov.br\/semtepi\/#\/schema\/person\/image\/\",\"url\":\"https:\/\/secure.gravatar.com\/avatar\/576258617ef7194f718179e766d57bd4?s=96&d=mm&r=g\",\"contentUrl\":\"https:\/\/secure.gravatar.com\/avatar\/576258617ef7194f718179e766d57bd4?s=96&d=mm&r=g\",\"caption\":\"Adriana Costa\"}}]}<\/script>\n<!-- \/ Yoast SEO plugin. -->","yoast_head_json":{"title":"Prefeitura divulga programa\u00e7\u00e3o completa do \u2018SouGamer SouGeek\u2019 no Casar\u00e3o Cassina e Bernardo Ramos","description":"A Prefeitura de Manaus, por meio da Secretaria Municipal do Trabalho, Empreendedorismo e Inova\u00e7\u00e3o (Semtepi), divulgou a programa\u00e7\u00e3o detalhada do \u201c#SouGamer #SouGeek\u201d, que integra o festival #SouManaus Passo a Pa\u00e7o 2026.","robots":{"index":"noindex","follow":"follow"},"og_locale":"pt_BR","og_type":"article","og_title":"Prefeitura divulga programa\u00e7\u00e3o completa do \u2018SouGamer SouGeek\u2019 no Casar\u00e3o Cassina e Bernardo Ramos","og_description":"A Prefeitura de Manaus, por meio da Secretaria Municipal do Trabalho, Empreendedorismo e Inova\u00e7\u00e3o (Semtepi), divulgou a programa\u00e7\u00e3o detalhada do \u201c#SouGamer #SouGeek\u201d, que integra o festival #SouManaus Passo a Pa\u00e7o 2026.","og_url":"https:\/\/www.manaus.am.gov.br\/semtepi\/eventos\/prefeitura-semtepi-programacao-sougamer\/","og_site_name":"SEMTEPI","article_published_time":"2026-09-03T16:49:09+00:00","article_modified_time":"2026-09-03T17:15:06+00:00","og_image":[{"width":1600,"height":1070,"url":"https:\/\/www.manaus.am.gov.br\/semtepi\/wp-content\/uploads\/sites\/20\/2026\/09\/WhatsApp-Image-2026-09-03-at-12.47.32-1.jpeg","type":"image\/jpeg"}],"author":"Adriana Costa","twitter_card":"summary_large_image","twitter_misc":{"Written by":"Adriana Costa","Est. reading time":"5 minutos"},"schema":{"@context":"https:\/\/schema.org","@graph":[{"@type":"Article","@id":"https:\/\/www.manaus.am.gov.br\/semtepi\/eventos\/prefeitura-semtepi-programacao-sougamer\/#article","isPartOf":{"@id":"https:\/\/www.manaus.am.gov.br\/semtepi\/eventos\/prefeitura-semtepi-programacao-sougamer\/"},"author":{"name":"Adriana Costa","@id":"https:\/\/www.manaus.am.gov.br\/semtepi\/#\/schema\/person\/4e49f4e267757a06ca072ec61b2b9968"},"headline":"Prefeitura divulga programa\u00e7\u00e3o completa do \u2018SouGamer SouGeek\u2019 no Casar\u00e3o Cassina e Bernardo Ramos","datePublished":"2026-09-03T16:49:09+00:00","dateModified":"2026-09-03T17:15:06+00:00","mainEntityOfPage":{"@id":"https:\/\/www.manaus.am.gov.br\/semtepi\/eventos\/prefeitura-semtepi-programacao-sougamer\/"},"wordCount":837,"publisher":{"@id":"https:\/\/www.manaus.am.gov.br\/semtepi\/#organization"},"image":{"@id":"https:\/\/www.manaus.am.gov.br\/semtepi\/eventos\/prefeitura-semtepi-programacao-sougamer\/#primaryimage"},"thumbnailUrl":"https:\/\/www.manaus.am.gov.br\/semtepi\/wp-content\/uploads\/sites\/20\/2026\/09\/WhatsApp-Image-2026-09-03-at-12.47.32-1.jpeg","keywords":["#SouManaus Passo a Pa\u00e7o 2026","Casar\u00e3o Cassina","prefeitura de manaus","rua Bernardo Ramos","Semtepi","SouGamer","SouGeek"],"articleSection":["Eventos"],"inLanguage":"pt-BR"},{"@type":"WebPage","@id":"https:\/\/www.manaus.am.gov.br\/semtepi\/eventos\/prefeitura-semtepi-programacao-sougamer\/","url":"https:\/\/www.manaus.am.gov.br\/semtepi\/eventos\/prefeitura-semtepi-programacao-sougamer\/","name":"Prefeitura divulga programa\u00e7\u00e3o completa do \u2018SouGamer SouGeek\u2019 no Casar\u00e3o Cassina e Bernardo Ramos","isPartOf":{"@id":"https:\/\/www.manaus.am.gov.br\/semtepi\/#website"},"primaryImageOfPage":{"@id":"https:\/\/www.manaus.am.gov.br\/semtepi\/eventos\/prefeitura-semtepi-programacao-sougamer\/#primaryimage"},"image":{"@id":"https:\/\/www.manaus.am.gov.br\/semtepi\/eventos\/prefeitura-semtepi-programacao-sougamer\/#primaryimage"},"thumbnailUrl":"https:\/\/www.manaus.am.gov.br\/semtepi\/wp-content\/uploads\/sites\/20\/2026\/09\/WhatsApp-Image-2026-09-03-at-12.47.32-1.jpeg","datePublished":"2026-09-03T16:49:09+00:00","dateModified":"2026-09-03T17:15:06+00:00","description":"A Prefeitura de Manaus, por meio da Secretaria Municipal do Trabalho, Empreendedorismo e Inova\u00e7\u00e3o (Semtepi), divulgou a programa\u00e7\u00e3o detalhada do \u201c#SouGamer #SouGeek\u201d, que integra o festival #SouManaus Passo a Pa\u00e7o 2026.","breadcrumb":{"@id":"https:\/\/www.manaus.am.gov.br\/semtepi\/eventos\/prefeitura-semtepi-programacao-sougamer\/#breadcrumb"},"inLanguage":"pt-BR","potentialAction":[{"@type":"ReadAction","target":["https:\/\/www.manaus.am.gov.br\/semtepi\/eventos\/prefeitura-semtepi-programacao-sougamer\/"]}]},{"@type":"ImageObject","inLanguage":"pt-BR","@id":"https:\/\/www.manaus.am.gov.br\/semtepi\/eventos\/prefeitura-semtepi-programacao-sougamer\/#primaryimage","url":"https:\/\/www.manaus.am.gov.br\/semtepi\/wp-content\/uploads\/sites\/20\/2026\/09\/WhatsApp-Image-2026-09-03-at-12.47.32-1.jpeg","contentUrl":"https:\/\/www.manaus.am.gov.br\/semtepi\/wp-content\/uploads\/sites\/20\/2026\/09\/WhatsApp-Image-2026-09-03-at-12.47.32-1.jpeg","width":1600,"height":1070,"caption":"#paratodosverem - Imagem da rua Bernardo Ramos com p\u00fablico do \"#SouGamer #SouGeek\""},{"@type":"BreadcrumbList","@id":"https:\/\/www.manaus.am.gov.br\/semtepi\/eventos\/prefeitura-semtepi-programacao-sougamer\/#breadcrumb","itemListElement":[{"@type":"ListItem","position":1,"name":"Home","item":"https:\/\/www.manaus.am.gov.br\/semtepi\/"},{"@type":"ListItem","position":2,"name":"Prefeitura divulga programa\u00e7\u00e3o completa do \u2018SouGamer SouGeek\u2019 no Casar\u00e3o Cassina e Bernardo Ramos"}]},{"@type":"WebSite","@id":"https:\/\/www.manaus.am.gov.br\/semtepi\/#website","url":"https:\/\/www.manaus.am.gov.br\/semtepi\/","name":"SEMTEPI","description":"Prefeitura de Manaus","publisher":{"@id":"https:\/\/www.manaus.am.gov.br\/semtepi\/#organization"},"alternateName":"Secretaria Municipal do Trabalho, Empreendedorismo e Inova\u00e7\u00e3o","potentialAction":[{"@type":"SearchAction","target":{"@type":"EntryPoint","urlTemplate":"https:\/\/www.manaus.am.gov.br\/semtepi\/?s={search_term_string}"},"query-input":"required name=search_term_string"}],"inLanguage":"pt-BR"},{"@type":"Organization","@id":"https:\/\/www.manaus.am.gov.br\/semtepi\/#organization","name":"Prefeitura Municipal de Manaus","alternateName":"Prefeitura de Manaus","url":"https:\/\/www.manaus.am.gov.br\/semtepi\/","logo":{"@type":"ImageObject","inLanguage":"pt-BR","@id":"https:\/\/www.manaus.am.gov.br\/semtepi\/#\/schema\/logo\/image\/","url":"https:\/\/www.manaus.am.gov.br\/semtepi\/wp-content\/uploads\/sites\/20\/2024\/07\/favicon.png","contentUrl":"https:\/\/www.manaus.am.gov.br\/semtepi\/wp-content\/uploads\/sites\/20\/2024\/07\/favicon.png","width":300,"height":300,"caption":"Prefeitura Municipal de Manaus"},"image":{"@id":"https:\/\/www.manaus.am.gov.br\/semtepi\/#\/schema\/logo\/image\/"}},{"@type":"Person","@id":"https:\/\/www.manaus.am.gov.br\/semtepi\/#\/schema\/person\/4e49f4e267757a06ca072ec61b2b9968","name":"Adriana Costa","image":{"@type":"ImageObject","inLanguage":"pt-BR","@id":"https:\/\/www.manaus.am.gov.br\/semtepi\/#\/schema\/person\/image\/","url":"https:\/\/secure.gravatar.com\/avatar\/576258617ef7194f718179e766d57bd4?s=96&d=mm&r=g","contentUrl":"https:\/\/secure.gravatar.com\/avatar\/576258617ef7194f718179e766d57bd4?s=96&d=mm&r=g","caption":"Adriana Costa"}}]}},"_links":{"self":[{"href":"https:\/\/www.manaus.am.gov.br\/semtepi\/wp-json\/wp\/v2\/posts\/8715"}],"collection":[{"href":"https:\/\/www.manaus.am.gov.br\/semtepi\/wp-json\/wp\/v2\/posts"}],"about":[{"href":"https:\/\/www.manaus.am.gov.br\/semtepi\/wp-json\/wp\/v2\/types\/post"}],"author":[{"embeddable":true,"href":"https:\/\/www.manaus.am.gov.br\/semtepi\/wp-json\/wp\/v2\/users\/23"}],"replies":[{"embeddable":true,"href":"https:\/\/www.manaus.am.gov.br\/semtepi\/wp-json\/wp\/v2\/comments?post=8715"}],"version-history":[{"count":1,"href":"https:\/\/www.manaus.am.gov.br\/semtepi\/wp-json\/wp\/v2\/posts\/8715\/revisions"}],"predecessor-version":[{"id":8718,"href":"https:\/\/www.manaus.am.gov.br\/semtepi\/wp-json\/wp\/v2\/posts\/8715\/revisions\/8718"}],"wp:featuredmedia":[{"embeddable":true,"href":"https:\/\/www.manaus.am.gov.br\/semtepi\/wp-json\/wp\/v2\/media\/8716"}],"wp:attachment":[{"href":"https:\/\/www.manaus.am.gov.br\/semtepi\/wp-json\/wp\/v2\/media?parent=8715"}],"wp:term":[{"taxonomy":"category","embeddable":true,"href":"https:\/\/www.manaus.am.gov.br\/semtepi\/wp-json\/wp\/v2\/categories?post=8715"},{"taxonomy":"post_tag","embeddable":true,"href":"https:\/\/www.manaus.am.gov.br\/semtepi\/wp-json\/wp\/v2\/tags?post=8715"}],"curies":[{"name":"wp","href":"https:\/\/api.w.org\/{rel}","templated":true}]}}