{"id":8712,"date":"2026-09-03T08:37:55","date_gmt":"2026-09-03T12:37:55","guid":{"rendered":"https:\/\/www.manaus.am.gov.br\/semtepi\/sem-categoria\/prefeitura-semtepi-empretec-inscricoes\/"},"modified":"2026-09-03T13:06:19","modified_gmt":"2026-09-03T17:06:19","slug":"prefeitura-semtepi-empretec-inscricoes","status":"publish","type":"post","link":"https:\/\/www.manaus.am.gov.br\/semtepi\/qualificacao\/prefeitura-semtepi-empretec-inscricoes\/","title":{"rendered":"Prefeitura de Manaus abre inscri\u00e7\u00f5es para nova turma do Empretec com 16 vagas"},"content":{"rendered":"\n<p>A <a href=\"https:\/\/www.manaus.am.gov.br\/\">Prefeitura de Manaus<\/a>, por meio da <a href=\"https:\/\/www.instagram.com\/semtepimanaus\/\">Secretaria Municipal do Trabalho, Empreendedorismo e Inova\u00e7\u00e3o<\/a> (Semtepi), em parceria com o Servi\u00e7o Brasileiro de Apoio \u00e0s Micro e Pequenas Empresas (Sebrae-AM), abre, nesta quinta-feira, 3\/9, as inscri\u00e7\u00f5es para uma nova turma do Empretec, semin\u00e1rio de forma\u00e7\u00e3o empreendedora voltado ao desenvolvimento de compet\u00eancias e comportamentos essenciais para quem deseja empreender ou fortalecer o pr\u00f3prio neg\u00f3cio.<\/p>\n\n\n\n<p>Ao todo, s\u00e3o disponibilizadas 16 vagas. Os interessados devem realizar a inscri\u00e7\u00e3o at\u00e9 o dia 8\/9, por meio do link:&nbsp;<a href=\"https:\/\/docs.google.com\/forms\/d\/e\/1FAIpQLSfnIDvQ_QfTEyCUhGHV-OvMX2ooTCvy0PDIv5ejkGEhdQlIow\/viewform?usp=send_form\" target=\"_blank\" rel=\"noreferrer noopener\">https:\/\/docs.google.com\/forms\/d\/e\/1FAIpQLSfnIDvQ_QfTEyCUhGHV-OvMX2ooTCvy0PDIv5ejkGEhdQlIow\/viewform?usp=send_form<\/a>. A lista de selecionados ser\u00e1 divulgada no dia 18\/9.<\/p>\n\n\n\n<p>Para o titular da Semtepi, Alonso Oliveira, a iniciativa refor\u00e7a o compromisso da Prefeitura de Manaus com a qualifica\u00e7\u00e3o e o fortalecimento dos pequenos neg\u00f3cios na capital.&nbsp; \u201cO Empretec \u00e9 uma oportunidade de transforma\u00e7\u00e3o para quem j\u00e1 empreende ou deseja desenvolver uma ideia de neg\u00f3cio. Por meio dessa metodologia reconhecida internacionalmente, os participantes t\u00eam acesso a uma experi\u00eancia pr\u00e1tica que estimula novas atitudes, amplia a vis\u00e3o sobre o mercado e fortalece compet\u00eancias importantes para alcan\u00e7ar melhores resultados. A Prefeitura de Manaus segue trabalhando para ampliar o acesso \u00e0 qualifica\u00e7\u00e3o e fortalecer o empreendedorismo na nossa cidade\u201d, destacou o secret\u00e1rio.<\/p>\n\n\n\n<p>A forma\u00e7\u00e3o ser\u00e1 realizada em duas etapas. A primeira corresponde ao pr\u00e9-semin\u00e1rio, em formato remoto, de 23 a 27 de setembro, das 8h \u00e0s 18h. Na sequ\u00eancia, a etapa presencial acontece de 28 de setembro a 2 de outubro, das 8h \u00e0s 12h e das 14h \u00e0s 18h, na sede do Sebrae Amazonas, localizada na&nbsp;<a href=\"https:\/\/www.google.com\/maps\/search\/rua%0D%0ALeonardo+Malcher,+n%C2%BA+924?entry=gmail&amp;source=g\" target=\"_blank\" rel=\"noreferrer noopener\">rua Leonardo Malcher, n\u00ba 924<\/a>, Centro.<\/p>\n\n\n\n<p>Reconhecido internacionalmente, o Empretec \u00e9 um semin\u00e1rio imersivo de alta performance cuja metodologia foi desenvolvida pela Organiza\u00e7\u00e3o das Na\u00e7\u00f5es Unidas (ONU) e \u00e9 aplicada em mais de 40 pa\u00edses. A capacita\u00e7\u00e3o possui 60 horas de forma\u00e7\u00e3o, com atividades pr\u00e1ticas e conte\u00fados voltados ao desenvolvimento de caracter\u00edsticas do comportamento empreendedor e \u00e0 identifica\u00e7\u00e3o de novas oportunidades de neg\u00f3cios.<\/p>\n\n\n\n<p>Durante a jornada, os participantes entram em contato com os dez comportamentos caracter\u00edsticos de empreendedores de sucesso, desenvolvendo habilidades relacionadas \u00e0 tomada de decis\u00f5es, planejamento, identifica\u00e7\u00e3o de oportunidades, estabelecimento de metas e busca por resultados.<\/p>\n\n\n\n<p>&#8212; &#8212; &#8212;<\/p>\n\n\n\n<p><strong>Texto e fotos<\/strong>&nbsp;&#8211; Fabiane Monteiro \/ Semtepi<\/p>\n","protected":false},"excerpt":{"rendered":"","protected":false},"author":23,"featured_media":8713,"comment_status":"closed","ping_status":"closed","sticky":false,"template":"","format":"standard","meta":{"footnotes":""},"categories":[82],"tags":[121,953,116,8,9,1960],"acf":[],"yoast_head":"<!-- This site is optimized with the Yoast SEO plugin v23.0 - https:\/\/yoast.com\/wordpress\/plugins\/seo\/ -->\n<title>Prefeitura de Manaus abre inscri\u00e7\u00f5es para nova turma do Empretec com 16 vagas<\/title>\n<meta name=\"description\" content=\"A Prefeitura de Manaus, por meio da Secretaria Municipal do Trabalho, Empreendedorismo e Inova\u00e7\u00e3o (Semtepi), em parceria com o Servi\u00e7o Brasileiro de Apoio \u00e0s Micro e Pequenas Empresas (Sebrae-AM), abre, nesta quinta-feira, 3\/9, as inscri\u00e7\u00f5es para uma nova turma do Empretec\" \/>\n<meta name=\"robots\" content=\"noindex, follow\" \/>\n<meta property=\"og:locale\" content=\"pt_BR\" \/>\n<meta property=\"og:type\" content=\"article\" \/>\n<meta property=\"og:title\" content=\"Prefeitura de Manaus abre inscri\u00e7\u00f5es para nova turma do Empretec com 16 vagas\" \/>\n<meta property=\"og:description\" content=\"A Prefeitura de Manaus, por meio da Secretaria Municipal do Trabalho, Empreendedorismo e Inova\u00e7\u00e3o (Semtepi), em parceria com o Servi\u00e7o Brasileiro de Apoio \u00e0s Micro e Pequenas Empresas (Sebrae-AM), abre, nesta quinta-feira, 3\/9, as inscri\u00e7\u00f5es para uma nova turma do Empretec\" \/>\n<meta property=\"og:url\" content=\"https:\/\/www.manaus.am.gov.br\/semtepi\/qualificacao\/prefeitura-semtepi-empretec-inscricoes\/\" \/>\n<meta property=\"og:site_name\" content=\"SEMTEPI\" \/>\n<meta property=\"article:published_time\" content=\"2026-09-03T12:37:55+00:00\" \/>\n<meta property=\"article:modified_time\" content=\"2026-09-03T17:06:19+00:00\" \/>\n<meta property=\"og:image\" content=\"https:\/\/www.manaus.am.gov.br\/semtepi\/wp-content\/uploads\/sites\/20\/2026\/09\/WhatsApp-Image-2026-09-03-at-08.11.37-2.jpeg\" \/>\n\t<meta property=\"og:image:width\" content=\"1600\" \/>\n\t<meta property=\"og:image:height\" content=\"1200\" \/>\n\t<meta property=\"og:image:type\" content=\"image\/jpeg\" \/>\n<meta name=\"author\" content=\"Adriana Costa\" \/>\n<meta name=\"twitter:card\" content=\"summary_large_image\" \/>\n<meta name=\"twitter:label1\" content=\"Written by\" \/>\n\t<meta name=\"twitter:data1\" content=\"Adriana Costa\" \/>\n\t<meta name=\"twitter:label2\" content=\"Est. reading time\" \/>\n\t<meta name=\"twitter:data2\" content=\"3 minutos\" \/>\n<script type=\"application\/ld+json\" class=\"yoast-schema-graph\">{\"@context\":\"https:\/\/schema.org\",\"@graph\":[{\"@type\":\"Article\",\"@id\":\"https:\/\/www.manaus.am.gov.br\/semtepi\/qualificacao\/prefeitura-semtepi-empretec-inscricoes\/#article\",\"isPartOf\":{\"@id\":\"https:\/\/www.manaus.am.gov.br\/semtepi\/qualificacao\/prefeitura-semtepi-empretec-inscricoes\/\"},\"author\":{\"name\":\"Adriana Costa\",\"@id\":\"https:\/\/www.manaus.am.gov.br\/semtepi\/#\/schema\/person\/4e49f4e267757a06ca072ec61b2b9968\"},\"headline\":\"Prefeitura de Manaus abre inscri\u00e7\u00f5es para nova turma do Empretec com 16 vagas\",\"datePublished\":\"2026-09-03T12:37:55+00:00\",\"dateModified\":\"2026-09-03T17:06:19+00:00\",\"mainEntityOfPage\":{\"@id\":\"https:\/\/www.manaus.am.gov.br\/semtepi\/qualificacao\/prefeitura-semtepi-empretec-inscricoes\/\"},\"wordCount\":410,\"publisher\":{\"@id\":\"https:\/\/www.manaus.am.gov.br\/semtepi\/#organization\"},\"image\":{\"@id\":\"https:\/\/www.manaus.am.gov.br\/semtepi\/qualificacao\/prefeitura-semtepi-empretec-inscricoes\/#primaryimage\"},\"thumbnailUrl\":\"https:\/\/www.manaus.am.gov.br\/semtepi\/wp-content\/uploads\/sites\/20\/2026\/09\/WhatsApp-Image-2026-09-03-at-08.11.37-2.jpeg\",\"keywords\":[\"empreendedorismo\",\"Empretec\",\"inscri\u00e7\u00f5es\",\"prefeitura de manaus\",\"Semtepi\",\"turma\"],\"articleSection\":[\"Qualifica\u00e7\u00e3o\"],\"inLanguage\":\"pt-BR\"},{\"@type\":\"WebPage\",\"@id\":\"https:\/\/www.manaus.am.gov.br\/semtepi\/qualificacao\/prefeitura-semtepi-empretec-inscricoes\/\",\"url\":\"https:\/\/www.manaus.am.gov.br\/semtepi\/qualificacao\/prefeitura-semtepi-empretec-inscricoes\/\",\"name\":\"Prefeitura de Manaus abre inscri\u00e7\u00f5es para nova turma do Empretec com 16 vagas\",\"isPartOf\":{\"@id\":\"https:\/\/www.manaus.am.gov.br\/semtepi\/#website\"},\"primaryImageOfPage\":{\"@id\":\"https:\/\/www.manaus.am.gov.br\/semtepi\/qualificacao\/prefeitura-semtepi-empretec-inscricoes\/#primaryimage\"},\"image\":{\"@id\":\"https:\/\/www.manaus.am.gov.br\/semtepi\/qualificacao\/prefeitura-semtepi-empretec-inscricoes\/#primaryimage\"},\"thumbnailUrl\":\"https:\/\/www.manaus.am.gov.br\/semtepi\/wp-content\/uploads\/sites\/20\/2026\/09\/WhatsApp-Image-2026-09-03-at-08.11.37-2.jpeg\",\"datePublished\":\"2026-09-03T12:37:55+00:00\",\"dateModified\":\"2026-09-03T17:06:19+00:00\",\"description\":\"A Prefeitura de Manaus, por meio da Secretaria Municipal do Trabalho, Empreendedorismo e Inova\u00e7\u00e3o (Semtepi), em parceria com o Servi\u00e7o Brasileiro de Apoio \u00e0s Micro e Pequenas Empresas (Sebrae-AM), abre, nesta quinta-feira, 3\/9, as inscri\u00e7\u00f5es para uma nova turma do Empretec\",\"breadcrumb\":{\"@id\":\"https:\/\/www.manaus.am.gov.br\/semtepi\/qualificacao\/prefeitura-semtepi-empretec-inscricoes\/#breadcrumb\"},\"inLanguage\":\"pt-BR\",\"potentialAction\":[{\"@type\":\"ReadAction\",\"target\":[\"https:\/\/www.manaus.am.gov.br\/semtepi\/qualificacao\/prefeitura-semtepi-empretec-inscricoes\/\"]}]},{\"@type\":\"ImageObject\",\"inLanguage\":\"pt-BR\",\"@id\":\"https:\/\/www.manaus.am.gov.br\/semtepi\/qualificacao\/prefeitura-semtepi-empretec-inscricoes\/#primaryimage\",\"url\":\"https:\/\/www.manaus.am.gov.br\/semtepi\/wp-content\/uploads\/sites\/20\/2026\/09\/WhatsApp-Image-2026-09-03-at-08.11.37-2.jpeg\",\"contentUrl\":\"https:\/\/www.manaus.am.gov.br\/semtepi\/wp-content\/uploads\/sites\/20\/2026\/09\/WhatsApp-Image-2026-09-03-at-08.11.37-2.jpeg\",\"width\":1600,\"height\":1200,\"caption\":\"#paratodosverem - Turma do Empretec com secret\u00e1rio da Semtepi, Alonso Oliveira. Alunos seguram certificado de conclus\u00e3o do curso de qualifica\u00e7\u00e3o\"},{\"@type\":\"BreadcrumbList\",\"@id\":\"https:\/\/www.manaus.am.gov.br\/semtepi\/qualificacao\/prefeitura-semtepi-empretec-inscricoes\/#breadcrumb\",\"itemListElement\":[{\"@type\":\"ListItem\",\"position\":1,\"name\":\"Home\",\"item\":\"https:\/\/www.manaus.am.gov.br\/semtepi\/\"},{\"@type\":\"ListItem\",\"position\":2,\"name\":\"Prefeitura de Manaus abre inscri\u00e7\u00f5es para nova turma do Empretec com 16 vagas\"}]},{\"@type\":\"WebSite\",\"@id\":\"https:\/\/www.manaus.am.gov.br\/semtepi\/#website\",\"url\":\"https:\/\/www.manaus.am.gov.br\/semtepi\/\",\"name\":\"SEMTEPI\",\"description\":\"Prefeitura de Manaus\",\"publisher\":{\"@id\":\"https:\/\/www.manaus.am.gov.br\/semtepi\/#organization\"},\"alternateName\":\"Secretaria Municipal do Trabalho, Empreendedorismo e Inova\u00e7\u00e3o\",\"potentialAction\":[{\"@type\":\"SearchAction\",\"target\":{\"@type\":\"EntryPoint\",\"urlTemplate\":\"https:\/\/www.manaus.am.gov.br\/semtepi\/?s={search_term_string}\"},\"query-input\":\"required name=search_term_string\"}],\"inLanguage\":\"pt-BR\"},{\"@type\":\"Organization\",\"@id\":\"https:\/\/www.manaus.am.gov.br\/semtepi\/#organization\",\"name\":\"Prefeitura Municipal de Manaus\",\"alternateName\":\"Prefeitura de Manaus\",\"url\":\"https:\/\/www.manaus.am.gov.br\/semtepi\/\",\"logo\":{\"@type\":\"ImageObject\",\"inLanguage\":\"pt-BR\",\"@id\":\"https:\/\/www.manaus.am.gov.br\/semtepi\/#\/schema\/logo\/image\/\",\"url\":\"https:\/\/www.manaus.am.gov.br\/semtepi\/wp-content\/uploads\/sites\/20\/2024\/07\/favicon.png\",\"contentUrl\":\"https:\/\/www.manaus.am.gov.br\/semtepi\/wp-content\/uploads\/sites\/20\/2024\/07\/favicon.png\",\"width\":300,\"height\":300,\"caption\":\"Prefeitura Municipal de Manaus\"},\"image\":{\"@id\":\"https:\/\/www.manaus.am.gov.br\/semtepi\/#\/schema\/logo\/image\/\"}},{\"@type\":\"Person\",\"@id\":\"https:\/\/www.manaus.am.gov.br\/semtepi\/#\/schema\/person\/4e49f4e267757a06ca072ec61b2b9968\",\"name\":\"Adriana Costa\",\"image\":{\"@type\":\"ImageObject\",\"inLanguage\":\"pt-BR\",\"@id\":\"https:\/\/www.manaus.am.gov.br\/semtepi\/#\/schema\/person\/image\/\",\"url\":\"https:\/\/secure.gravatar.com\/avatar\/576258617ef7194f718179e766d57bd4?s=96&d=mm&r=g\",\"contentUrl\":\"https:\/\/secure.gravatar.com\/avatar\/576258617ef7194f718179e766d57bd4?s=96&d=mm&r=g\",\"caption\":\"Adriana Costa\"}}]}<\/script>\n<!-- \/ Yoast SEO plugin. -->","yoast_head_json":{"title":"Prefeitura de Manaus abre inscri\u00e7\u00f5es para nova turma do Empretec com 16 vagas","description":"A Prefeitura de Manaus, por meio da Secretaria Municipal do Trabalho, Empreendedorismo e Inova\u00e7\u00e3o (Semtepi), em parceria com o Servi\u00e7o Brasileiro de Apoio \u00e0s Micro e Pequenas Empresas (Sebrae-AM), abre, nesta quinta-feira, 3\/9, as inscri\u00e7\u00f5es para uma nova turma do Empretec","robots":{"index":"noindex","follow":"follow"},"og_locale":"pt_BR","og_type":"article","og_title":"Prefeitura de Manaus abre inscri\u00e7\u00f5es para nova turma do Empretec com 16 vagas","og_description":"A Prefeitura de Manaus, por meio da Secretaria Municipal do Trabalho, Empreendedorismo e Inova\u00e7\u00e3o (Semtepi), em parceria com o Servi\u00e7o Brasileiro de Apoio \u00e0s Micro e Pequenas Empresas (Sebrae-AM), abre, nesta quinta-feira, 3\/9, as inscri\u00e7\u00f5es para uma nova turma do Empretec","og_url":"https:\/\/www.manaus.am.gov.br\/semtepi\/qualificacao\/prefeitura-semtepi-empretec-inscricoes\/","og_site_name":"SEMTEPI","article_published_time":"2026-09-03T12:37:55+00:00","article_modified_time":"2026-09-03T17:06:19+00:00","og_image":[{"width":1600,"height":1200,"url":"https:\/\/www.manaus.am.gov.br\/semtepi\/wp-content\/uploads\/sites\/20\/2026\/09\/WhatsApp-Image-2026-09-03-at-08.11.37-2.jpeg","type":"image\/jpeg"}],"author":"Adriana Costa","twitter_card":"summary_large_image","twitter_misc":{"Written by":"Adriana Costa","Est. reading time":"3 minutos"},"schema":{"@context":"https:\/\/schema.org","@graph":[{"@type":"Article","@id":"https:\/\/www.manaus.am.gov.br\/semtepi\/qualificacao\/prefeitura-semtepi-empretec-inscricoes\/#article","isPartOf":{"@id":"https:\/\/www.manaus.am.gov.br\/semtepi\/qualificacao\/prefeitura-semtepi-empretec-inscricoes\/"},"author":{"name":"Adriana Costa","@id":"https:\/\/www.manaus.am.gov.br\/semtepi\/#\/schema\/person\/4e49f4e267757a06ca072ec61b2b9968"},"headline":"Prefeitura de Manaus abre inscri\u00e7\u00f5es para nova turma do Empretec com 16 vagas","datePublished":"2026-09-03T12:37:55+00:00","dateModified":"2026-09-03T17:06:19+00:00","mainEntityOfPage":{"@id":"https:\/\/www.manaus.am.gov.br\/semtepi\/qualificacao\/prefeitura-semtepi-empretec-inscricoes\/"},"wordCount":410,"publisher":{"@id":"https:\/\/www.manaus.am.gov.br\/semtepi\/#organization"},"image":{"@id":"https:\/\/www.manaus.am.gov.br\/semtepi\/qualificacao\/prefeitura-semtepi-empretec-inscricoes\/#primaryimage"},"thumbnailUrl":"https:\/\/www.manaus.am.gov.br\/semtepi\/wp-content\/uploads\/sites\/20\/2026\/09\/WhatsApp-Image-2026-09-03-at-08.11.37-2.jpeg","keywords":["empreendedorismo","Empretec","inscri\u00e7\u00f5es","prefeitura de manaus","Semtepi","turma"],"articleSection":["Qualifica\u00e7\u00e3o"],"inLanguage":"pt-BR"},{"@type":"WebPage","@id":"https:\/\/www.manaus.am.gov.br\/semtepi\/qualificacao\/prefeitura-semtepi-empretec-inscricoes\/","url":"https:\/\/www.manaus.am.gov.br\/semtepi\/qualificacao\/prefeitura-semtepi-empretec-inscricoes\/","name":"Prefeitura de Manaus abre inscri\u00e7\u00f5es para nova turma do Empretec com 16 vagas","isPartOf":{"@id":"https:\/\/www.manaus.am.gov.br\/semtepi\/#website"},"primaryImageOfPage":{"@id":"https:\/\/www.manaus.am.gov.br\/semtepi\/qualificacao\/prefeitura-semtepi-empretec-inscricoes\/#primaryimage"},"image":{"@id":"https:\/\/www.manaus.am.gov.br\/semtepi\/qualificacao\/prefeitura-semtepi-empretec-inscricoes\/#primaryimage"},"thumbnailUrl":"https:\/\/www.manaus.am.gov.br\/semtepi\/wp-content\/uploads\/sites\/20\/2026\/09\/WhatsApp-Image-2026-09-03-at-08.11.37-2.jpeg","datePublished":"2026-09-03T12:37:55+00:00","dateModified":"2026-09-03T17:06:19+00:00","description":"A Prefeitura de Manaus, por meio da Secretaria Municipal do Trabalho, Empreendedorismo e Inova\u00e7\u00e3o (Semtepi), em parceria com o Servi\u00e7o Brasileiro de Apoio \u00e0s Micro e Pequenas Empresas (Sebrae-AM), abre, nesta quinta-feira, 3\/9, as inscri\u00e7\u00f5es para uma nova turma do Empretec","breadcrumb":{"@id":"https:\/\/www.manaus.am.gov.br\/semtepi\/qualificacao\/prefeitura-semtepi-empretec-inscricoes\/#breadcrumb"},"inLanguage":"pt-BR","potentialAction":[{"@type":"ReadAction","target":["https:\/\/www.manaus.am.gov.br\/semtepi\/qualificacao\/prefeitura-semtepi-empretec-inscricoes\/"]}]},{"@type":"ImageObject","inLanguage":"pt-BR","@id":"https:\/\/www.manaus.am.gov.br\/semtepi\/qualificacao\/prefeitura-semtepi-empretec-inscricoes\/#primaryimage","url":"https:\/\/www.manaus.am.gov.br\/semtepi\/wp-content\/uploads\/sites\/20\/2026\/09\/WhatsApp-Image-2026-09-03-at-08.11.37-2.jpeg","contentUrl":"https:\/\/www.manaus.am.gov.br\/semtepi\/wp-content\/uploads\/sites\/20\/2026\/09\/WhatsApp-Image-2026-09-03-at-08.11.37-2.jpeg","width":1600,"height":1200,"caption":"#paratodosverem - Turma do Empretec com secret\u00e1rio da Semtepi, Alonso Oliveira. Alunos seguram certificado de conclus\u00e3o do curso de qualifica\u00e7\u00e3o"},{"@type":"BreadcrumbList","@id":"https:\/\/www.manaus.am.gov.br\/semtepi\/qualificacao\/prefeitura-semtepi-empretec-inscricoes\/#breadcrumb","itemListElement":[{"@type":"ListItem","position":1,"name":"Home","item":"https:\/\/www.manaus.am.gov.br\/semtepi\/"},{"@type":"ListItem","position":2,"name":"Prefeitura de Manaus abre inscri\u00e7\u00f5es para nova turma do Empretec com 16 vagas"}]},{"@type":"WebSite","@id":"https:\/\/www.manaus.am.gov.br\/semtepi\/#website","url":"https:\/\/www.manaus.am.gov.br\/semtepi\/","name":"SEMTEPI","description":"Prefeitura de Manaus","publisher":{"@id":"https:\/\/www.manaus.am.gov.br\/semtepi\/#organization"},"alternateName":"Secretaria Municipal do Trabalho, Empreendedorismo e Inova\u00e7\u00e3o","potentialAction":[{"@type":"SearchAction","target":{"@type":"EntryPoint","urlTemplate":"https:\/\/www.manaus.am.gov.br\/semtepi\/?s={search_term_string}"},"query-input":"required name=search_term_string"}],"inLanguage":"pt-BR"},{"@type":"Organization","@id":"https:\/\/www.manaus.am.gov.br\/semtepi\/#organization","name":"Prefeitura Municipal de Manaus","alternateName":"Prefeitura de Manaus","url":"https:\/\/www.manaus.am.gov.br\/semtepi\/","logo":{"@type":"ImageObject","inLanguage":"pt-BR","@id":"https:\/\/www.manaus.am.gov.br\/semtepi\/#\/schema\/logo\/image\/","url":"https:\/\/www.manaus.am.gov.br\/semtepi\/wp-content\/uploads\/sites\/20\/2024\/07\/favicon.png","contentUrl":"https:\/\/www.manaus.am.gov.br\/semtepi\/wp-content\/uploads\/sites\/20\/2024\/07\/favicon.png","width":300,"height":300,"caption":"Prefeitura Municipal de Manaus"},"image":{"@id":"https:\/\/www.manaus.am.gov.br\/semtepi\/#\/schema\/logo\/image\/"}},{"@type":"Person","@id":"https:\/\/www.manaus.am.gov.br\/semtepi\/#\/schema\/person\/4e49f4e267757a06ca072ec61b2b9968","name":"Adriana Costa","image":{"@type":"ImageObject","inLanguage":"pt-BR","@id":"https:\/\/www.manaus.am.gov.br\/semtepi\/#\/schema\/person\/image\/","url":"https:\/\/secure.gravatar.com\/avatar\/576258617ef7194f718179e766d57bd4?s=96&d=mm&r=g","contentUrl":"https:\/\/secure.gravatar.com\/avatar\/576258617ef7194f718179e766d57bd4?s=96&d=mm&r=g","caption":"Adriana Costa"}}]}},"_links":{"self":[{"href":"https:\/\/www.manaus.am.gov.br\/semtepi\/wp-json\/wp\/v2\/posts\/8712"}],"collection":[{"href":"https:\/\/www.manaus.am.gov.br\/semtepi\/wp-json\/wp\/v2\/posts"}],"about":[{"href":"https:\/\/www.manaus.am.gov.br\/semtepi\/wp-json\/wp\/v2\/types\/post"}],"author":[{"embeddable":true,"href":"https:\/\/www.manaus.am.gov.br\/semtepi\/wp-json\/wp\/v2\/users\/23"}],"replies":[{"embeddable":true,"href":"https:\/\/www.manaus.am.gov.br\/semtepi\/wp-json\/wp\/v2\/comments?post=8712"}],"version-history":[{"count":1,"href":"https:\/\/www.manaus.am.gov.br\/semtepi\/wp-json\/wp\/v2\/posts\/8712\/revisions"}],"predecessor-version":[{"id":8717,"href":"https:\/\/www.manaus.am.gov.br\/semtepi\/wp-json\/wp\/v2\/posts\/8712\/revisions\/8717"}],"wp:featuredmedia":[{"embeddable":true,"href":"https:\/\/www.manaus.am.gov.br\/semtepi\/wp-json\/wp\/v2\/media\/8713"}],"wp:attachment":[{"href":"https:\/\/www.manaus.am.gov.br\/semtepi\/wp-json\/wp\/v2\/media?parent=8712"}],"wp:term":[{"taxonomy":"category","embeddable":true,"href":"https:\/\/www.manaus.am.gov.br\/semtepi\/wp-json\/wp\/v2\/categories?post=8712"},{"taxonomy":"post_tag","embeddable":true,"href":"https:\/\/www.manaus.am.gov.br\/semtepi\/wp-json\/wp\/v2\/tags?post=8712"}],"curies":[{"name":"wp","href":"https:\/\/api.w.org\/{rel}","templated":true}]}}