{"id":8709,"date":"2026-09-02T14:29:57","date_gmt":"2026-09-02T18:29:57","guid":{"rendered":"https:\/\/www.manaus.am.gov.br\/semtepi\/sem-categoria\/prefeitura-sougamer-soumanaus\/"},"modified":"2026-09-02T14:43:01","modified_gmt":"2026-09-02T18:43:01","slug":"prefeitura-sougamer-sougeek-soumanaus","status":"publish","type":"post","link":"https:\/\/www.manaus.am.gov.br\/semtepi\/sou-manaus\/prefeitura-sougamer-sougeek-soumanaus\/","title":{"rendered":"Prefeitura realiza 2\u00aa edi\u00e7\u00e3o do \u2018SouGamer SouGeek\u2019 no Centro Hist\u00f3rico de Manaus"},"content":{"rendered":"\n<p>A <a href=\"https:\/\/www.manaus.am.gov.br\/\">Prefeitura de Manaus<\/a>, por meio da <a href=\"https:\/\/www.instagram.com\/semtepimanaus\/\">Secretaria Municipal do Trabalho, Empreendedorismo e Inova\u00e7\u00e3o<\/a> (Semtepi), realiza, nos dias 4, 5, 6 e 7 de setembro, das 17h \u00e0s 22h, a segunda edi\u00e7\u00e3o do \u201c#SouGamer #SouGeek\u201d, dentro do \u201c#SouManaus Passo a Pa\u00e7o 2026\u201d. Os\u00a0representantes\u00a0da\u00a0Semtepi\u00a0e Tecnogame se reuniram, na ter\u00e7a-feira, 1\u00ba\/9, para alinhar as tratativas do evento que une tecnologia, games, cultura pop, entretenimento, empreendedorismo e economia criativa no centro hist\u00f3rico da capital amazonense.<\/p>\n\n\n\n<p>Integrado \u00e0 programa\u00e7\u00e3o do #SouManaus, o evento ter\u00e1 atividades concentradas em dois espa\u00e7os: a rua Bernardo Ramos, que ser\u00e1 transformada em um corredor da economia criativa e da cultura geek, e o Casar\u00e3o da Inova\u00e7\u00e3o Cassina, que receber\u00e1 competi\u00e7\u00f5es e experi\u00eancias voltadas ao universo gamer.<\/p>\n\n\n\n<p>\u201cQuando falamos de games e cultura geek, estamos falando tamb\u00e9m de economia, trabalho, tecnologia e gera\u00e7\u00e3o de renda. O \u2018#SouGamer #SouGeek\u2019 chega \u00e0 segunda edi\u00e7\u00e3o justamente com o prop\u00f3sito de transformar criatividade e entretenimento em oportunidade. Essa \u00e9 uma pol\u00edtica da Prefeitura de Manaus: criar ambientes para que quem produz, cria e empreende na nossa cidade possa gerar renda, ganhar visibilidade e crescer\u201d, destacou o secret\u00e1rio da Semtepi, Alonso Oliveira.<\/p>\n\n\n\n<p>Nesta segunda edi\u00e7\u00e3o, quase 40 empreendedores da economia criativa participar\u00e3o da programa\u00e7\u00e3o, com neg\u00f3cios ligados \u00e0 cultura geek, cultura pop, games, artesanato criativo, colecion\u00e1veis, moda, acess\u00f3rios, gastronomia tem\u00e1tica e outros segmentos.<\/p>\n\n\n\n<p>Al\u00e9m dos empreendedores, o evento mobilizar\u00e1 mais de 80 artistas, entre m\u00fasicos,&nbsp;<em>cosplayers<\/em>, dan\u00e7arinos, performers, apresentadores e outros profissionais. Somados, s\u00e3o mais de uma centena de agentes da cadeia produtiva criativa diretamente envolvidos na realiza\u00e7\u00e3o do \u201c#SouGamer #SouGeek\u201d.<\/p>\n\n\n\n<p>A estimativa \u00e9 de que a iniciativa contribua para uma movimenta\u00e7\u00e3o de aproximadamente R$ 500 mil na economia criativa, considerando as oportunidades econ\u00f4micas geradas aos participantes e a movimenta\u00e7\u00e3o associada \u00e0 realiza\u00e7\u00e3o do evento.<\/p>\n\n\n\n<p>Corredor geek e da economia criativa<\/p>\n\n\n\n<p>Durante os tr\u00eas dias de programa\u00e7\u00e3o, a hist\u00f3rica rua Bernardo Ramos ganhar\u00e1 uma nova din\u00e2mica, reunindo empreendedorismo, m\u00fasica, dan\u00e7a, games e manifesta\u00e7\u00f5es da cultura pop.<\/p>\n\n\n\n<p>Al\u00e9m da participa\u00e7\u00e3o dos quase 40 empreendedores, o p\u00fablico encontrar\u00e1 apresenta\u00e7\u00f5es de K-pop, cosplay, Just Dance, bandas e shows musicais, al\u00e9m de espa\u00e7o Retro Gamer, Card Games, fliperamas e exposi\u00e7\u00e3o de consoles, equipamentos e jogos antigos.<\/p>\n\n\n\n<p>A programa\u00e7\u00e3o foi pensada para conectar diferentes gera\u00e7\u00f5es do universo gamer, permitindo ao p\u00fablico revisitar cl\u00e1ssicos dos videogames e, ao mesmo tempo, acompanhar novas manifesta\u00e7\u00f5es da cultura digital e competitiva.<\/p>\n\n\n\n<p>Arena gamer<\/p>\n\n\n\n<p>O Casar\u00e3o da Inova\u00e7\u00e3o Cassina ser\u00e1 outro ponto central da programa\u00e7\u00e3o. O espa\u00e7o hist\u00f3rico receber\u00e1 competi\u00e7\u00f5es destinadas \u00e0 comunidade gamer, incluindo modalidades como Free Fire e League of Legends (LoL), al\u00e9m de outros jogos e atividades competitivas.<\/p>\n\n\n\n<p>O terra\u00e7o do Cassina tamb\u00e9m entrar\u00e1 no circuito do evento e receber\u00e1 uma competi\u00e7\u00e3o de karaok\u00ea, ampliando a programa\u00e7\u00e3o cultural e proporcionando ao p\u00fablico uma experi\u00eancia diferenciada em um dos pr\u00e9dios hist\u00f3ricos mais emblem\u00e1ticos do centro de Manaus.<\/p>\n\n\n\n<p>O Free Game \u00e9 aberto ao p\u00fablico e n\u00e3o exige inscri\u00e7\u00e3o. Os interessados em competir nos torneios e disputar as modalidades do evento dever\u00e3o realizar a inscri\u00e7\u00e3o previamente pelo link&nbsp;<a href=\"https:\/\/linktr.ee\/AyraProducoes\" target=\"_blank\" rel=\"noreferrer noopener\">https:\/\/linktr.ee\/AyraProducoes<\/a>.<\/p>\n\n\n\n<p>&#8212; &#8212; &#8212;<\/p>\n\n\n\n<p><strong>Texto<\/strong>&nbsp;\u2013 Fabiane Monteiro \/ Semtepi<\/p>\n\n\n\n<p><strong>Fotos<\/strong>&nbsp;\u2013 Vin\u00edcius Paz \/ Semtepi<\/p>\n","protected":false},"excerpt":{"rendered":"","protected":false},"author":23,"featured_media":8710,"comment_status":"closed","ping_status":"closed","sticky":false,"template":"","format":"standard","meta":{"footnotes":""},"categories":[554],"tags":[1957,1958,542,8,9,1959],"acf":[],"yoast_head":"<!-- This site is optimized with the Yoast SEO plugin v23.0 - https:\/\/yoast.com\/wordpress\/plugins\/seo\/ -->\n<title>Prefeitura realiza 2\u00aa edi\u00e7\u00e3o do \u2018SouGamer SouGeek\u2019 no Centro Hist\u00f3rico de Manaus<\/title>\n<meta name=\"description\" content=\"A Prefeitura de Manaus, por meio da Secretaria Municipal do Trabalho, Empreendedorismo e Inova\u00e7\u00e3o (Semtepi), realiza, nos dias 4, 5, 6 e 7 de setembro, das 17h \u00e0s 22h, a segunda edi\u00e7\u00e3o do \u201c#SouGamer #SouGeek\u201d, dentro do \u201c#SouManaus Passo a Pa\u00e7o 2026\u201d.\" \/>\n<meta name=\"robots\" content=\"noindex, follow\" \/>\n<meta property=\"og:locale\" content=\"pt_BR\" \/>\n<meta property=\"og:type\" content=\"article\" \/>\n<meta property=\"og:title\" content=\"Prefeitura realiza 2\u00aa edi\u00e7\u00e3o do \u2018SouGamer SouGeek\u2019 no Centro Hist\u00f3rico de Manaus\" \/>\n<meta property=\"og:description\" content=\"A Prefeitura de Manaus, por meio da Secretaria Municipal do Trabalho, Empreendedorismo e Inova\u00e7\u00e3o (Semtepi), realiza, nos dias 4, 5, 6 e 7 de setembro, das 17h \u00e0s 22h, a segunda edi\u00e7\u00e3o do \u201c#SouGamer #SouGeek\u201d, dentro do \u201c#SouManaus Passo a Pa\u00e7o 2026\u201d.\" \/>\n<meta property=\"og:url\" content=\"https:\/\/www.manaus.am.gov.br\/semtepi\/sou-manaus\/prefeitura-sougamer-soumanaus\/\" \/>\n<meta property=\"og:site_name\" content=\"SEMTEPI\" \/>\n<meta property=\"article:published_time\" content=\"2026-09-02T18:29:57+00:00\" \/>\n<meta property=\"article:modified_time\" content=\"2026-09-02T18:43:01+00:00\" \/>\n<meta property=\"og:image\" content=\"https:\/\/www.manaus.am.gov.br\/semtepi\/wp-content\/uploads\/sites\/20\/2026\/09\/DSC_0088.jpg-1024x683.jpeg\" \/>\n\t<meta property=\"og:image:width\" content=\"1024\" \/>\n\t<meta property=\"og:image:height\" content=\"683\" \/>\n\t<meta property=\"og:image:type\" content=\"image\/jpeg\" \/>\n<meta name=\"author\" content=\"Adriana Costa\" \/>\n<meta name=\"twitter:card\" content=\"summary_large_image\" \/>\n<meta name=\"twitter:label1\" content=\"Written by\" \/>\n\t<meta name=\"twitter:data1\" content=\"Adriana Costa\" \/>\n\t<meta name=\"twitter:label2\" content=\"Est. reading time\" \/>\n\t<meta name=\"twitter:data2\" content=\"4 minutos\" \/>\n<script type=\"application\/ld+json\" class=\"yoast-schema-graph\">{\"@context\":\"https:\/\/schema.org\",\"@graph\":[{\"@type\":\"Article\",\"@id\":\"https:\/\/www.manaus.am.gov.br\/semtepi\/sou-manaus\/prefeitura-sougamer-soumanaus\/#article\",\"isPartOf\":{\"@id\":\"https:\/\/www.manaus.am.gov.br\/semtepi\/sou-manaus\/prefeitura-sougamer-soumanaus\/\"},\"author\":{\"name\":\"Adriana Costa\",\"@id\":\"https:\/\/www.manaus.am.gov.br\/semtepi\/#\/schema\/person\/4e49f4e267757a06ca072ec61b2b9968\"},\"headline\":\"Prefeitura realiza 2\u00aa edi\u00e7\u00e3o do \u2018SouGamer SouGeek\u2019 no Centro Hist\u00f3rico de Manaus\",\"datePublished\":\"2026-09-02T18:29:57+00:00\",\"dateModified\":\"2026-09-02T18:43:01+00:00\",\"mainEntityOfPage\":{\"@id\":\"https:\/\/www.manaus.am.gov.br\/semtepi\/sou-manaus\/prefeitura-sougamer-soumanaus\/\"},\"wordCount\":586,\"publisher\":{\"@id\":\"https:\/\/www.manaus.am.gov.br\/semtepi\/#organization\"},\"image\":{\"@id\":\"https:\/\/www.manaus.am.gov.br\/semtepi\/sou-manaus\/prefeitura-sougamer-soumanaus\/#primaryimage\"},\"thumbnailUrl\":\"https:\/\/www.manaus.am.gov.br\/semtepi\/wp-content\/uploads\/sites\/20\/2026\/09\/DSC_0088.jpg.jpeg\",\"keywords\":[\"#SouManaus Passo a Pa\u00e7o 2026\",\"cultura pop\",\"games\",\"prefeitura de manaus\",\"Semtepi\",\"Sou Gamer Sou Geek\"],\"articleSection\":[\"#SouManaus\"],\"inLanguage\":\"pt-BR\"},{\"@type\":\"WebPage\",\"@id\":\"https:\/\/www.manaus.am.gov.br\/semtepi\/sou-manaus\/prefeitura-sougamer-soumanaus\/\",\"url\":\"https:\/\/www.manaus.am.gov.br\/semtepi\/sou-manaus\/prefeitura-sougamer-soumanaus\/\",\"name\":\"Prefeitura realiza 2\u00aa edi\u00e7\u00e3o do \u2018SouGamer SouGeek\u2019 no Centro Hist\u00f3rico de Manaus\",\"isPartOf\":{\"@id\":\"https:\/\/www.manaus.am.gov.br\/semtepi\/#website\"},\"primaryImageOfPage\":{\"@id\":\"https:\/\/www.manaus.am.gov.br\/semtepi\/sou-manaus\/prefeitura-sougamer-soumanaus\/#primaryimage\"},\"image\":{\"@id\":\"https:\/\/www.manaus.am.gov.br\/semtepi\/sou-manaus\/prefeitura-sougamer-soumanaus\/#primaryimage\"},\"thumbnailUrl\":\"https:\/\/www.manaus.am.gov.br\/semtepi\/wp-content\/uploads\/sites\/20\/2026\/09\/DSC_0088.jpg.jpeg\",\"datePublished\":\"2026-09-02T18:29:57+00:00\",\"dateModified\":\"2026-09-02T18:43:01+00:00\",\"description\":\"A Prefeitura de Manaus, por meio da Secretaria Municipal do Trabalho, Empreendedorismo e Inova\u00e7\u00e3o (Semtepi), realiza, nos dias 4, 5, 6 e 7 de setembro, das 17h \u00e0s 22h, a segunda edi\u00e7\u00e3o do \u201c#SouGamer #SouGeek\u201d, dentro do \u201c#SouManaus Passo a Pa\u00e7o 2026\u201d.\",\"breadcrumb\":{\"@id\":\"https:\/\/www.manaus.am.gov.br\/semtepi\/sou-manaus\/prefeitura-sougamer-soumanaus\/#breadcrumb\"},\"inLanguage\":\"pt-BR\",\"potentialAction\":[{\"@type\":\"ReadAction\",\"target\":[\"https:\/\/www.manaus.am.gov.br\/semtepi\/sou-manaus\/prefeitura-sougamer-soumanaus\/\"]}]},{\"@type\":\"ImageObject\",\"inLanguage\":\"pt-BR\",\"@id\":\"https:\/\/www.manaus.am.gov.br\/semtepi\/sou-manaus\/prefeitura-sougamer-soumanaus\/#primaryimage\",\"url\":\"https:\/\/www.manaus.am.gov.br\/semtepi\/wp-content\/uploads\/sites\/20\/2026\/09\/DSC_0088.jpg.jpeg\",\"contentUrl\":\"https:\/\/www.manaus.am.gov.br\/semtepi\/wp-content\/uploads\/sites\/20\/2026\/09\/DSC_0088.jpg.jpeg\",\"width\":6000,\"height\":4000,\"caption\":\"#paratodosverem - Reuni\u00e3o de alinhamento para o \\\"#SouGamer #SouGeek\\\"\"},{\"@type\":\"BreadcrumbList\",\"@id\":\"https:\/\/www.manaus.am.gov.br\/semtepi\/sou-manaus\/prefeitura-sougamer-soumanaus\/#breadcrumb\",\"itemListElement\":[{\"@type\":\"ListItem\",\"position\":1,\"name\":\"Home\",\"item\":\"https:\/\/www.manaus.am.gov.br\/semtepi\/\"},{\"@type\":\"ListItem\",\"position\":2,\"name\":\"Prefeitura realiza 2\u00aa edi\u00e7\u00e3o do \u2018SouGamer SouGeek\u2019 no Centro Hist\u00f3rico de Manaus\"}]},{\"@type\":\"WebSite\",\"@id\":\"https:\/\/www.manaus.am.gov.br\/semtepi\/#website\",\"url\":\"https:\/\/www.manaus.am.gov.br\/semtepi\/\",\"name\":\"SEMTEPI\",\"description\":\"Prefeitura de Manaus\",\"publisher\":{\"@id\":\"https:\/\/www.manaus.am.gov.br\/semtepi\/#organization\"},\"alternateName\":\"Secretaria Municipal do Trabalho, Empreendedorismo e Inova\u00e7\u00e3o\",\"potentialAction\":[{\"@type\":\"SearchAction\",\"target\":{\"@type\":\"EntryPoint\",\"urlTemplate\":\"https:\/\/www.manaus.am.gov.br\/semtepi\/?s={search_term_string}\"},\"query-input\":\"required name=search_term_string\"}],\"inLanguage\":\"pt-BR\"},{\"@type\":\"Organization\",\"@id\":\"https:\/\/www.manaus.am.gov.br\/semtepi\/#organization\",\"name\":\"Prefeitura Municipal de Manaus\",\"alternateName\":\"Prefeitura de Manaus\",\"url\":\"https:\/\/www.manaus.am.gov.br\/semtepi\/\",\"logo\":{\"@type\":\"ImageObject\",\"inLanguage\":\"pt-BR\",\"@id\":\"https:\/\/www.manaus.am.gov.br\/semtepi\/#\/schema\/logo\/image\/\",\"url\":\"https:\/\/www.manaus.am.gov.br\/semtepi\/wp-content\/uploads\/sites\/20\/2024\/07\/favicon.png\",\"contentUrl\":\"https:\/\/www.manaus.am.gov.br\/semtepi\/wp-content\/uploads\/sites\/20\/2024\/07\/favicon.png\",\"width\":300,\"height\":300,\"caption\":\"Prefeitura Municipal de Manaus\"},\"image\":{\"@id\":\"https:\/\/www.manaus.am.gov.br\/semtepi\/#\/schema\/logo\/image\/\"}},{\"@type\":\"Person\",\"@id\":\"https:\/\/www.manaus.am.gov.br\/semtepi\/#\/schema\/person\/4e49f4e267757a06ca072ec61b2b9968\",\"name\":\"Adriana Costa\",\"image\":{\"@type\":\"ImageObject\",\"inLanguage\":\"pt-BR\",\"@id\":\"https:\/\/www.manaus.am.gov.br\/semtepi\/#\/schema\/person\/image\/\",\"url\":\"https:\/\/secure.gravatar.com\/avatar\/576258617ef7194f718179e766d57bd4?s=96&d=mm&r=g\",\"contentUrl\":\"https:\/\/secure.gravatar.com\/avatar\/576258617ef7194f718179e766d57bd4?s=96&d=mm&r=g\",\"caption\":\"Adriana Costa\"}}]}<\/script>\n<!-- \/ Yoast SEO plugin. -->","yoast_head_json":{"title":"Prefeitura realiza 2\u00aa edi\u00e7\u00e3o do \u2018SouGamer SouGeek\u2019 no Centro Hist\u00f3rico de Manaus","description":"A Prefeitura de Manaus, por meio da Secretaria Municipal do Trabalho, Empreendedorismo e Inova\u00e7\u00e3o (Semtepi), realiza, nos dias 4, 5, 6 e 7 de setembro, das 17h \u00e0s 22h, a segunda edi\u00e7\u00e3o do \u201c#SouGamer #SouGeek\u201d, dentro do \u201c#SouManaus Passo a Pa\u00e7o 2026\u201d.","robots":{"index":"noindex","follow":"follow"},"og_locale":"pt_BR","og_type":"article","og_title":"Prefeitura realiza 2\u00aa edi\u00e7\u00e3o do \u2018SouGamer SouGeek\u2019 no Centro Hist\u00f3rico de Manaus","og_description":"A Prefeitura de Manaus, por meio da Secretaria Municipal do Trabalho, Empreendedorismo e Inova\u00e7\u00e3o (Semtepi), realiza, nos dias 4, 5, 6 e 7 de setembro, das 17h \u00e0s 22h, a segunda edi\u00e7\u00e3o do \u201c#SouGamer #SouGeek\u201d, dentro do \u201c#SouManaus Passo a Pa\u00e7o 2026\u201d.","og_url":"https:\/\/www.manaus.am.gov.br\/semtepi\/sou-manaus\/prefeitura-sougamer-soumanaus\/","og_site_name":"SEMTEPI","article_published_time":"2026-09-02T18:29:57+00:00","article_modified_time":"2026-09-02T18:43:01+00:00","og_image":[{"width":1024,"height":683,"url":"https:\/\/www.manaus.am.gov.br\/semtepi\/wp-content\/uploads\/sites\/20\/2026\/09\/DSC_0088.jpg-1024x683.jpeg","type":"image\/jpeg"}],"author":"Adriana Costa","twitter_card":"summary_large_image","twitter_misc":{"Written by":"Adriana Costa","Est. reading time":"4 minutos"},"schema":{"@context":"https:\/\/schema.org","@graph":[{"@type":"Article","@id":"https:\/\/www.manaus.am.gov.br\/semtepi\/sou-manaus\/prefeitura-sougamer-soumanaus\/#article","isPartOf":{"@id":"https:\/\/www.manaus.am.gov.br\/semtepi\/sou-manaus\/prefeitura-sougamer-soumanaus\/"},"author":{"name":"Adriana Costa","@id":"https:\/\/www.manaus.am.gov.br\/semtepi\/#\/schema\/person\/4e49f4e267757a06ca072ec61b2b9968"},"headline":"Prefeitura realiza 2\u00aa edi\u00e7\u00e3o do \u2018SouGamer SouGeek\u2019 no Centro Hist\u00f3rico de Manaus","datePublished":"2026-09-02T18:29:57+00:00","dateModified":"2026-09-02T18:43:01+00:00","mainEntityOfPage":{"@id":"https:\/\/www.manaus.am.gov.br\/semtepi\/sou-manaus\/prefeitura-sougamer-soumanaus\/"},"wordCount":586,"publisher":{"@id":"https:\/\/www.manaus.am.gov.br\/semtepi\/#organization"},"image":{"@id":"https:\/\/www.manaus.am.gov.br\/semtepi\/sou-manaus\/prefeitura-sougamer-soumanaus\/#primaryimage"},"thumbnailUrl":"https:\/\/www.manaus.am.gov.br\/semtepi\/wp-content\/uploads\/sites\/20\/2026\/09\/DSC_0088.jpg.jpeg","keywords":["#SouManaus Passo a Pa\u00e7o 2026","cultura pop","games","prefeitura de manaus","Semtepi","Sou Gamer Sou Geek"],"articleSection":["#SouManaus"],"inLanguage":"pt-BR"},{"@type":"WebPage","@id":"https:\/\/www.manaus.am.gov.br\/semtepi\/sou-manaus\/prefeitura-sougamer-soumanaus\/","url":"https:\/\/www.manaus.am.gov.br\/semtepi\/sou-manaus\/prefeitura-sougamer-soumanaus\/","name":"Prefeitura realiza 2\u00aa edi\u00e7\u00e3o do \u2018SouGamer SouGeek\u2019 no Centro Hist\u00f3rico de Manaus","isPartOf":{"@id":"https:\/\/www.manaus.am.gov.br\/semtepi\/#website"},"primaryImageOfPage":{"@id":"https:\/\/www.manaus.am.gov.br\/semtepi\/sou-manaus\/prefeitura-sougamer-soumanaus\/#primaryimage"},"image":{"@id":"https:\/\/www.manaus.am.gov.br\/semtepi\/sou-manaus\/prefeitura-sougamer-soumanaus\/#primaryimage"},"thumbnailUrl":"https:\/\/www.manaus.am.gov.br\/semtepi\/wp-content\/uploads\/sites\/20\/2026\/09\/DSC_0088.jpg.jpeg","datePublished":"2026-09-02T18:29:57+00:00","dateModified":"2026-09-02T18:43:01+00:00","description":"A Prefeitura de Manaus, por meio da Secretaria Municipal do Trabalho, Empreendedorismo e Inova\u00e7\u00e3o (Semtepi), realiza, nos dias 4, 5, 6 e 7 de setembro, das 17h \u00e0s 22h, a segunda edi\u00e7\u00e3o do \u201c#SouGamer #SouGeek\u201d, dentro do \u201c#SouManaus Passo a Pa\u00e7o 2026\u201d.","breadcrumb":{"@id":"https:\/\/www.manaus.am.gov.br\/semtepi\/sou-manaus\/prefeitura-sougamer-soumanaus\/#breadcrumb"},"inLanguage":"pt-BR","potentialAction":[{"@type":"ReadAction","target":["https:\/\/www.manaus.am.gov.br\/semtepi\/sou-manaus\/prefeitura-sougamer-soumanaus\/"]}]},{"@type":"ImageObject","inLanguage":"pt-BR","@id":"https:\/\/www.manaus.am.gov.br\/semtepi\/sou-manaus\/prefeitura-sougamer-soumanaus\/#primaryimage","url":"https:\/\/www.manaus.am.gov.br\/semtepi\/wp-content\/uploads\/sites\/20\/2026\/09\/DSC_0088.jpg.jpeg","contentUrl":"https:\/\/www.manaus.am.gov.br\/semtepi\/wp-content\/uploads\/sites\/20\/2026\/09\/DSC_0088.jpg.jpeg","width":6000,"height":4000,"caption":"#paratodosverem - Reuni\u00e3o de alinhamento para o \"#SouGamer #SouGeek\""},{"@type":"BreadcrumbList","@id":"https:\/\/www.manaus.am.gov.br\/semtepi\/sou-manaus\/prefeitura-sougamer-soumanaus\/#breadcrumb","itemListElement":[{"@type":"ListItem","position":1,"name":"Home","item":"https:\/\/www.manaus.am.gov.br\/semtepi\/"},{"@type":"ListItem","position":2,"name":"Prefeitura realiza 2\u00aa edi\u00e7\u00e3o do \u2018SouGamer SouGeek\u2019 no Centro Hist\u00f3rico de Manaus"}]},{"@type":"WebSite","@id":"https:\/\/www.manaus.am.gov.br\/semtepi\/#website","url":"https:\/\/www.manaus.am.gov.br\/semtepi\/","name":"SEMTEPI","description":"Prefeitura de Manaus","publisher":{"@id":"https:\/\/www.manaus.am.gov.br\/semtepi\/#organization"},"alternateName":"Secretaria Municipal do Trabalho, Empreendedorismo e Inova\u00e7\u00e3o","potentialAction":[{"@type":"SearchAction","target":{"@type":"EntryPoint","urlTemplate":"https:\/\/www.manaus.am.gov.br\/semtepi\/?s={search_term_string}"},"query-input":"required name=search_term_string"}],"inLanguage":"pt-BR"},{"@type":"Organization","@id":"https:\/\/www.manaus.am.gov.br\/semtepi\/#organization","name":"Prefeitura Municipal de Manaus","alternateName":"Prefeitura de Manaus","url":"https:\/\/www.manaus.am.gov.br\/semtepi\/","logo":{"@type":"ImageObject","inLanguage":"pt-BR","@id":"https:\/\/www.manaus.am.gov.br\/semtepi\/#\/schema\/logo\/image\/","url":"https:\/\/www.manaus.am.gov.br\/semtepi\/wp-content\/uploads\/sites\/20\/2024\/07\/favicon.png","contentUrl":"https:\/\/www.manaus.am.gov.br\/semtepi\/wp-content\/uploads\/sites\/20\/2024\/07\/favicon.png","width":300,"height":300,"caption":"Prefeitura Municipal de Manaus"},"image":{"@id":"https:\/\/www.manaus.am.gov.br\/semtepi\/#\/schema\/logo\/image\/"}},{"@type":"Person","@id":"https:\/\/www.manaus.am.gov.br\/semtepi\/#\/schema\/person\/4e49f4e267757a06ca072ec61b2b9968","name":"Adriana Costa","image":{"@type":"ImageObject","inLanguage":"pt-BR","@id":"https:\/\/www.manaus.am.gov.br\/semtepi\/#\/schema\/person\/image\/","url":"https:\/\/secure.gravatar.com\/avatar\/576258617ef7194f718179e766d57bd4?s=96&d=mm&r=g","contentUrl":"https:\/\/secure.gravatar.com\/avatar\/576258617ef7194f718179e766d57bd4?s=96&d=mm&r=g","caption":"Adriana Costa"}}]}},"_links":{"self":[{"href":"https:\/\/www.manaus.am.gov.br\/semtepi\/wp-json\/wp\/v2\/posts\/8709"}],"collection":[{"href":"https:\/\/www.manaus.am.gov.br\/semtepi\/wp-json\/wp\/v2\/posts"}],"about":[{"href":"https:\/\/www.manaus.am.gov.br\/semtepi\/wp-json\/wp\/v2\/types\/post"}],"author":[{"embeddable":true,"href":"https:\/\/www.manaus.am.gov.br\/semtepi\/wp-json\/wp\/v2\/users\/23"}],"replies":[{"embeddable":true,"href":"https:\/\/www.manaus.am.gov.br\/semtepi\/wp-json\/wp\/v2\/comments?post=8709"}],"version-history":[{"count":1,"href":"https:\/\/www.manaus.am.gov.br\/semtepi\/wp-json\/wp\/v2\/posts\/8709\/revisions"}],"predecessor-version":[{"id":8711,"href":"https:\/\/www.manaus.am.gov.br\/semtepi\/wp-json\/wp\/v2\/posts\/8709\/revisions\/8711"}],"wp:featuredmedia":[{"embeddable":true,"href":"https:\/\/www.manaus.am.gov.br\/semtepi\/wp-json\/wp\/v2\/media\/8710"}],"wp:attachment":[{"href":"https:\/\/www.manaus.am.gov.br\/semtepi\/wp-json\/wp\/v2\/media?parent=8709"}],"wp:term":[{"taxonomy":"category","embeddable":true,"href":"https:\/\/www.manaus.am.gov.br\/semtepi\/wp-json\/wp\/v2\/categories?post=8709"},{"taxonomy":"post_tag","embeddable":true,"href":"https:\/\/www.manaus.am.gov.br\/semtepi\/wp-json\/wp\/v2\/tags?post=8709"}],"curies":[{"name":"wp","href":"https:\/\/api.w.org\/{rel}","templated":true}]}}