{"id":8695,"date":"2026-08-31T16:31:43","date_gmt":"2026-08-31T20:31:43","guid":{"rendered":"https:\/\/www.manaus.am.gov.br\/semtepi\/sem-categoria\/encerramento-campanha-dia-dos-pais-premiado\/"},"modified":"2026-08-31T16:31:43","modified_gmt":"2026-08-31T20:31:43","slug":"encerramento-campanha-dia-dos-pais-premiado","status":"publish","type":"post","link":"https:\/\/www.manaus.am.gov.br\/semtepi\/premiacao\/encerramento-campanha-dia-dos-pais-premiado\/","title":{"rendered":"Prefeitura de Manaus encerra campanha \u2018Dia dos Pais Premiado\u2019 com sorteio de pr\u00eamios e incentivo ao com\u00e9rcio popular"},"content":{"rendered":"\n<p>A Prefeitura de Manaus, por meio da Secretaria Municipal do Trabalho, Empreendedorismo e Inova\u00e7\u00e3o (Semtepi), realizou, nesta segunda-feira, 31\/8, o sorteio da campanha \u201cDia dos Pais Premiado\u201d, iniciativa criada para fortalecer o com\u00e9rcio popular e ampliar a movimenta\u00e7\u00e3o de consumidores nas galerias administradas pelo munic\u00edpio.<\/p>\n\n\n\n<p>Os sorteios aconteceram consecutivamente nos tr\u00eas espa\u00e7os participantes: galeria Esp\u00edrito Santo e galeria dos Rem\u00e9dios, na zona Sul, e shopping Phelippe Daou, na zona Norte. Em cada local, foram sorteados um notebook, uma televis\u00e3o, um celular, uma bicicleta e um ar-condicionado.<\/p>\n\n\n\n<p>Para o secret\u00e1rio da Semtepi, Alonso Oliveira, a\u00e7\u00f5es como o \u201cDia dos Pais Premiado\u201d s\u00e3o importantes para criar oportunidades para quem trabalha diariamente no com\u00e9rcio popular.<\/p>\n\n\n\n<p>\u201cQuando a prefeitura cria uma campanha como essa, ela n\u00e3o est\u00e1 apenas entregando pr\u00eamios. Estamos criando movimento, levando o consumidor para dentro das galerias e fortalecendo quem trabalha nesses espa\u00e7os todos os dias. \u00c9 uma forma de valorizar o empreendedor e mostrar para a popula\u00e7\u00e3o que o com\u00e9rcio popular de Manaus tem variedade, pre\u00e7o e qualidade\u201d, destacou o secret\u00e1rio.<\/p>\n\n\n\n<p>A campanha contemplou consumidores que realizaram compras nas lojas credenciadas durante o per\u00edodo da a\u00e7\u00e3o. A cada R$ 30 em compras, o cliente recebeu um cupom para concorrer aos pr\u00eamios, fortalecendo a rela\u00e7\u00e3o entre consumidores e permission\u00e1rios e estimulando a circula\u00e7\u00e3o de pessoas nos centros comerciais municipais.<\/p>\n\n\n\n<p>A realiza\u00e7\u00e3o do sorteio nos tr\u00eas espa\u00e7os refor\u00e7a a estrat\u00e9gia da Prefeitura de Manaus de descentralizar as a\u00e7\u00f5es de incentivo e contemplar diferentes regi\u00f5es da cidade e contribuir para aproximar os permission\u00e1rios da popula\u00e7\u00e3o.<\/p>\n\n\n\n<p>O permission\u00e1rio do shopping Phelippe Daou, Demetrius Nunes, destacou que iniciativas como a campanha \u201cDia dos Pais Premiado\u201d ajudam a aproximar os consumidores dos empreendedores e a movimentar o com\u00e9rcio.<\/p>\n\n\n\n<p>\u201cEssas a\u00e7\u00f5es s\u00e3o muito importantes para n\u00f3s, permission\u00e1rios, porque atraem ainda mais clientes para o shopping. \u00c9 uma forma de incentivar as pessoas a conhecerem nossos produtos, realizarem suas compras e, consequentemente, fortalecerem o nosso trabalho. Para quem empreende, ter esse apoio e esse movimento faz toda a diferen\u00e7a\u201d, concluiu.<\/p>\n\n\n\n<figure class=\"wp-block-image size-large\"><img loading=\"lazy\" decoding=\"async\" width=\"1024\" height=\"768\" src=\"https:\/\/www.manaus.am.gov.br\/semtepi\/wp-content\/uploads\/sites\/20\/2026\/08\/WhatsApp-Image-2026-08-31-at-15.21.44-1024x768.jpeg\" alt=\"\" class=\"wp-image-8697\" srcset=\"https:\/\/www.manaus.am.gov.br\/semtepi\/wp-content\/uploads\/sites\/20\/2026\/08\/WhatsApp-Image-2026-08-31-at-15.21.44-1024x768.jpeg 1024w, https:\/\/www.manaus.am.gov.br\/semtepi\/wp-content\/uploads\/sites\/20\/2026\/08\/WhatsApp-Image-2026-08-31-at-15.21.44-300x225.jpeg 300w, https:\/\/www.manaus.am.gov.br\/semtepi\/wp-content\/uploads\/sites\/20\/2026\/08\/WhatsApp-Image-2026-08-31-at-15.21.44-768x576.jpeg 768w, https:\/\/www.manaus.am.gov.br\/semtepi\/wp-content\/uploads\/sites\/20\/2026\/08\/WhatsApp-Image-2026-08-31-at-15.21.44.jpeg 1280w\" sizes=\"(max-width: 1024px) 100vw, 1024px\" \/><figcaption class=\"wp-element-caption\">#paratodosverem &#8211; Sorteio<\/figcaption><\/figure>\n\n\n\n<p>&#8212; &#8212; &#8212;<\/p>\n\n\n\n<p><strong>Texto e fotos \u2013&nbsp;<\/strong>Fabiane Monteiro\/Semtepi<\/p>\n","protected":false},"excerpt":{"rendered":"","protected":false},"author":39,"featured_media":8696,"comment_status":"closed","ping_status":"closed","sticky":false,"template":"","format":"standard","meta":{"footnotes":""},"categories":[1954],"tags":[1930,1955,597,8,9],"acf":[],"yoast_head":"<!-- This site is optimized with the Yoast SEO plugin v23.0 - https:\/\/yoast.com\/wordpress\/plugins\/seo\/ -->\n<title>Prefeitura de Manaus encerra campanha \u2018Dia dos Pais Premiado\u2019<\/title>\n<meta name=\"description\" content=\"Prefeitura de Manaus encerra campanha \u2018Dia dos Pais Premiado\u2019 com sorteio de pr\u00eamios e incentivo ao com\u00e9rcio popular.\" \/>\n<meta name=\"robots\" content=\"noindex, follow\" \/>\n<meta property=\"og:locale\" content=\"pt_BR\" \/>\n<meta property=\"og:type\" content=\"article\" \/>\n<meta property=\"og:title\" content=\"Prefeitura de Manaus encerra campanha \u2018Dia dos Pais Premiado\u2019\" \/>\n<meta property=\"og:description\" content=\"Prefeitura de Manaus encerra campanha \u2018Dia dos Pais Premiado\u2019 com sorteio de pr\u00eamios e incentivo ao com\u00e9rcio popular.\" \/>\n<meta property=\"og:url\" content=\"https:\/\/www.manaus.am.gov.br\/semtepi\/premiacao\/encerramento-campanha-dia-dos-pais-premiado\/\" \/>\n<meta property=\"og:site_name\" content=\"SEMTEPI\" \/>\n<meta property=\"article:published_time\" content=\"2026-08-31T20:31:43+00:00\" \/>\n<meta property=\"og:image\" content=\"https:\/\/www.manaus.am.gov.br\/semtepi\/wp-content\/uploads\/sites\/20\/2026\/08\/WhatsApp-Image-2026-08-31-at-15.21.43-1.jpeg\" \/>\n\t<meta property=\"og:image:width\" content=\"1280\" \/>\n\t<meta property=\"og:image:height\" content=\"960\" \/>\n\t<meta property=\"og:image:type\" content=\"image\/jpeg\" \/>\n<meta name=\"author\" content=\"Bruna Greco\" \/>\n<meta name=\"twitter:card\" content=\"summary_large_image\" \/>\n<meta name=\"twitter:label1\" content=\"Written by\" \/>\n\t<meta name=\"twitter:data1\" content=\"Bruna Greco\" \/>\n\t<meta name=\"twitter:label2\" content=\"Est. reading time\" \/>\n\t<meta name=\"twitter:data2\" content=\"3 minutos\" \/>\n<script type=\"application\/ld+json\" class=\"yoast-schema-graph\">{\"@context\":\"https:\/\/schema.org\",\"@graph\":[{\"@type\":\"Article\",\"@id\":\"https:\/\/www.manaus.am.gov.br\/semtepi\/premiacao\/encerramento-campanha-dia-dos-pais-premiado\/#article\",\"isPartOf\":{\"@id\":\"https:\/\/www.manaus.am.gov.br\/semtepi\/premiacao\/encerramento-campanha-dia-dos-pais-premiado\/\"},\"author\":{\"name\":\"Bruna Greco\",\"@id\":\"https:\/\/www.manaus.am.gov.br\/semtepi\/#\/schema\/person\/05d223aea2bf115f9883a6ff3683d81b\"},\"headline\":\"Prefeitura de Manaus encerra campanha \u2018Dia dos Pais Premiado\u2019 com sorteio de pr\u00eamios e incentivo ao com\u00e9rcio popular\",\"datePublished\":\"2026-08-31T20:31:43+00:00\",\"dateModified\":\"2026-08-31T20:31:43+00:00\",\"mainEntityOfPage\":{\"@id\":\"https:\/\/www.manaus.am.gov.br\/semtepi\/premiacao\/encerramento-campanha-dia-dos-pais-premiado\/\"},\"wordCount\":403,\"publisher\":{\"@id\":\"https:\/\/www.manaus.am.gov.br\/semtepi\/#organization\"},\"image\":{\"@id\":\"https:\/\/www.manaus.am.gov.br\/semtepi\/premiacao\/encerramento-campanha-dia-dos-pais-premiado\/#primaryimage\"},\"thumbnailUrl\":\"https:\/\/www.manaus.am.gov.br\/semtepi\/wp-content\/uploads\/sites\/20\/2026\/08\/WhatsApp-Image-2026-08-31-at-15.21.43-1.jpeg\",\"keywords\":[\"campanha \u2018Dia dos Pais Premiado\u2019\",\"Com\u00e9rcio popular\",\"encerramento\",\"prefeitura de manaus\",\"Semtepi\"],\"articleSection\":[\"Premia\u00e7\u00e3o\"],\"inLanguage\":\"pt-BR\"},{\"@type\":\"WebPage\",\"@id\":\"https:\/\/www.manaus.am.gov.br\/semtepi\/premiacao\/encerramento-campanha-dia-dos-pais-premiado\/\",\"url\":\"https:\/\/www.manaus.am.gov.br\/semtepi\/premiacao\/encerramento-campanha-dia-dos-pais-premiado\/\",\"name\":\"Prefeitura de Manaus encerra campanha \u2018Dia dos Pais Premiado\u2019\",\"isPartOf\":{\"@id\":\"https:\/\/www.manaus.am.gov.br\/semtepi\/#website\"},\"primaryImageOfPage\":{\"@id\":\"https:\/\/www.manaus.am.gov.br\/semtepi\/premiacao\/encerramento-campanha-dia-dos-pais-premiado\/#primaryimage\"},\"image\":{\"@id\":\"https:\/\/www.manaus.am.gov.br\/semtepi\/premiacao\/encerramento-campanha-dia-dos-pais-premiado\/#primaryimage\"},\"thumbnailUrl\":\"https:\/\/www.manaus.am.gov.br\/semtepi\/wp-content\/uploads\/sites\/20\/2026\/08\/WhatsApp-Image-2026-08-31-at-15.21.43-1.jpeg\",\"datePublished\":\"2026-08-31T20:31:43+00:00\",\"dateModified\":\"2026-08-31T20:31:43+00:00\",\"description\":\"Prefeitura de Manaus encerra campanha \u2018Dia dos Pais Premiado\u2019 com sorteio de pr\u00eamios e incentivo ao com\u00e9rcio popular.\",\"breadcrumb\":{\"@id\":\"https:\/\/www.manaus.am.gov.br\/semtepi\/premiacao\/encerramento-campanha-dia-dos-pais-premiado\/#breadcrumb\"},\"inLanguage\":\"pt-BR\",\"potentialAction\":[{\"@type\":\"ReadAction\",\"target\":[\"https:\/\/www.manaus.am.gov.br\/semtepi\/premiacao\/encerramento-campanha-dia-dos-pais-premiado\/\"]}]},{\"@type\":\"ImageObject\",\"inLanguage\":\"pt-BR\",\"@id\":\"https:\/\/www.manaus.am.gov.br\/semtepi\/premiacao\/encerramento-campanha-dia-dos-pais-premiado\/#primaryimage\",\"url\":\"https:\/\/www.manaus.am.gov.br\/semtepi\/wp-content\/uploads\/sites\/20\/2026\/08\/WhatsApp-Image-2026-08-31-at-15.21.43-1.jpeg\",\"contentUrl\":\"https:\/\/www.manaus.am.gov.br\/semtepi\/wp-content\/uploads\/sites\/20\/2026\/08\/WhatsApp-Image-2026-08-31-at-15.21.43-1.jpeg\",\"width\":1280,\"height\":960,\"caption\":\"#paratodosverem - Permission\u00e1ria de galeria popular com cupons da campanha \\\"Dia dos Pais Premiado\\\"\"},{\"@type\":\"BreadcrumbList\",\"@id\":\"https:\/\/www.manaus.am.gov.br\/semtepi\/premiacao\/encerramento-campanha-dia-dos-pais-premiado\/#breadcrumb\",\"itemListElement\":[{\"@type\":\"ListItem\",\"position\":1,\"name\":\"Home\",\"item\":\"https:\/\/www.manaus.am.gov.br\/semtepi\/\"},{\"@type\":\"ListItem\",\"position\":2,\"name\":\"Prefeitura de Manaus encerra campanha \u2018Dia dos Pais Premiado\u2019 com sorteio de pr\u00eamios e incentivo ao com\u00e9rcio popular\"}]},{\"@type\":\"WebSite\",\"@id\":\"https:\/\/www.manaus.am.gov.br\/semtepi\/#website\",\"url\":\"https:\/\/www.manaus.am.gov.br\/semtepi\/\",\"name\":\"SEMTEPI\",\"description\":\"Prefeitura de Manaus\",\"publisher\":{\"@id\":\"https:\/\/www.manaus.am.gov.br\/semtepi\/#organization\"},\"alternateName\":\"Secretaria Municipal do Trabalho, Empreendedorismo e Inova\u00e7\u00e3o\",\"potentialAction\":[{\"@type\":\"SearchAction\",\"target\":{\"@type\":\"EntryPoint\",\"urlTemplate\":\"https:\/\/www.manaus.am.gov.br\/semtepi\/?s={search_term_string}\"},\"query-input\":\"required name=search_term_string\"}],\"inLanguage\":\"pt-BR\"},{\"@type\":\"Organization\",\"@id\":\"https:\/\/www.manaus.am.gov.br\/semtepi\/#organization\",\"name\":\"Prefeitura Municipal de Manaus\",\"alternateName\":\"Prefeitura de Manaus\",\"url\":\"https:\/\/www.manaus.am.gov.br\/semtepi\/\",\"logo\":{\"@type\":\"ImageObject\",\"inLanguage\":\"pt-BR\",\"@id\":\"https:\/\/www.manaus.am.gov.br\/semtepi\/#\/schema\/logo\/image\/\",\"url\":\"https:\/\/www.manaus.am.gov.br\/semtepi\/wp-content\/uploads\/sites\/20\/2024\/07\/favicon.png\",\"contentUrl\":\"https:\/\/www.manaus.am.gov.br\/semtepi\/wp-content\/uploads\/sites\/20\/2024\/07\/favicon.png\",\"width\":300,\"height\":300,\"caption\":\"Prefeitura Municipal de Manaus\"},\"image\":{\"@id\":\"https:\/\/www.manaus.am.gov.br\/semtepi\/#\/schema\/logo\/image\/\"}},{\"@type\":\"Person\",\"@id\":\"https:\/\/www.manaus.am.gov.br\/semtepi\/#\/schema\/person\/05d223aea2bf115f9883a6ff3683d81b\",\"name\":\"Bruna Greco\",\"image\":{\"@type\":\"ImageObject\",\"inLanguage\":\"pt-BR\",\"@id\":\"https:\/\/www.manaus.am.gov.br\/semtepi\/#\/schema\/person\/image\/\",\"url\":\"https:\/\/secure.gravatar.com\/avatar\/9c877d1a6adc2a055330e5c09a8653ce?s=96&d=mm&r=g\",\"contentUrl\":\"https:\/\/secure.gravatar.com\/avatar\/9c877d1a6adc2a055330e5c09a8653ce?s=96&d=mm&r=g\",\"caption\":\"Bruna Greco\"}}]}<\/script>\n<!-- \/ Yoast SEO plugin. -->","yoast_head_json":{"title":"Prefeitura de Manaus encerra campanha \u2018Dia dos Pais Premiado\u2019","description":"Prefeitura de Manaus encerra campanha \u2018Dia dos Pais Premiado\u2019 com sorteio de pr\u00eamios e incentivo ao com\u00e9rcio popular.","robots":{"index":"noindex","follow":"follow"},"og_locale":"pt_BR","og_type":"article","og_title":"Prefeitura de Manaus encerra campanha \u2018Dia dos Pais Premiado\u2019","og_description":"Prefeitura de Manaus encerra campanha \u2018Dia dos Pais Premiado\u2019 com sorteio de pr\u00eamios e incentivo ao com\u00e9rcio popular.","og_url":"https:\/\/www.manaus.am.gov.br\/semtepi\/premiacao\/encerramento-campanha-dia-dos-pais-premiado\/","og_site_name":"SEMTEPI","article_published_time":"2026-08-31T20:31:43+00:00","og_image":[{"width":1280,"height":960,"url":"https:\/\/www.manaus.am.gov.br\/semtepi\/wp-content\/uploads\/sites\/20\/2026\/08\/WhatsApp-Image-2026-08-31-at-15.21.43-1.jpeg","type":"image\/jpeg"}],"author":"Bruna Greco","twitter_card":"summary_large_image","twitter_misc":{"Written by":"Bruna Greco","Est. reading time":"3 minutos"},"schema":{"@context":"https:\/\/schema.org","@graph":[{"@type":"Article","@id":"https:\/\/www.manaus.am.gov.br\/semtepi\/premiacao\/encerramento-campanha-dia-dos-pais-premiado\/#article","isPartOf":{"@id":"https:\/\/www.manaus.am.gov.br\/semtepi\/premiacao\/encerramento-campanha-dia-dos-pais-premiado\/"},"author":{"name":"Bruna Greco","@id":"https:\/\/www.manaus.am.gov.br\/semtepi\/#\/schema\/person\/05d223aea2bf115f9883a6ff3683d81b"},"headline":"Prefeitura de Manaus encerra campanha \u2018Dia dos Pais Premiado\u2019 com sorteio de pr\u00eamios e incentivo ao com\u00e9rcio popular","datePublished":"2026-08-31T20:31:43+00:00","dateModified":"2026-08-31T20:31:43+00:00","mainEntityOfPage":{"@id":"https:\/\/www.manaus.am.gov.br\/semtepi\/premiacao\/encerramento-campanha-dia-dos-pais-premiado\/"},"wordCount":403,"publisher":{"@id":"https:\/\/www.manaus.am.gov.br\/semtepi\/#organization"},"image":{"@id":"https:\/\/www.manaus.am.gov.br\/semtepi\/premiacao\/encerramento-campanha-dia-dos-pais-premiado\/#primaryimage"},"thumbnailUrl":"https:\/\/www.manaus.am.gov.br\/semtepi\/wp-content\/uploads\/sites\/20\/2026\/08\/WhatsApp-Image-2026-08-31-at-15.21.43-1.jpeg","keywords":["campanha \u2018Dia dos Pais Premiado\u2019","Com\u00e9rcio popular","encerramento","prefeitura de manaus","Semtepi"],"articleSection":["Premia\u00e7\u00e3o"],"inLanguage":"pt-BR"},{"@type":"WebPage","@id":"https:\/\/www.manaus.am.gov.br\/semtepi\/premiacao\/encerramento-campanha-dia-dos-pais-premiado\/","url":"https:\/\/www.manaus.am.gov.br\/semtepi\/premiacao\/encerramento-campanha-dia-dos-pais-premiado\/","name":"Prefeitura de Manaus encerra campanha \u2018Dia dos Pais Premiado\u2019","isPartOf":{"@id":"https:\/\/www.manaus.am.gov.br\/semtepi\/#website"},"primaryImageOfPage":{"@id":"https:\/\/www.manaus.am.gov.br\/semtepi\/premiacao\/encerramento-campanha-dia-dos-pais-premiado\/#primaryimage"},"image":{"@id":"https:\/\/www.manaus.am.gov.br\/semtepi\/premiacao\/encerramento-campanha-dia-dos-pais-premiado\/#primaryimage"},"thumbnailUrl":"https:\/\/www.manaus.am.gov.br\/semtepi\/wp-content\/uploads\/sites\/20\/2026\/08\/WhatsApp-Image-2026-08-31-at-15.21.43-1.jpeg","datePublished":"2026-08-31T20:31:43+00:00","dateModified":"2026-08-31T20:31:43+00:00","description":"Prefeitura de Manaus encerra campanha \u2018Dia dos Pais Premiado\u2019 com sorteio de pr\u00eamios e incentivo ao com\u00e9rcio popular.","breadcrumb":{"@id":"https:\/\/www.manaus.am.gov.br\/semtepi\/premiacao\/encerramento-campanha-dia-dos-pais-premiado\/#breadcrumb"},"inLanguage":"pt-BR","potentialAction":[{"@type":"ReadAction","target":["https:\/\/www.manaus.am.gov.br\/semtepi\/premiacao\/encerramento-campanha-dia-dos-pais-premiado\/"]}]},{"@type":"ImageObject","inLanguage":"pt-BR","@id":"https:\/\/www.manaus.am.gov.br\/semtepi\/premiacao\/encerramento-campanha-dia-dos-pais-premiado\/#primaryimage","url":"https:\/\/www.manaus.am.gov.br\/semtepi\/wp-content\/uploads\/sites\/20\/2026\/08\/WhatsApp-Image-2026-08-31-at-15.21.43-1.jpeg","contentUrl":"https:\/\/www.manaus.am.gov.br\/semtepi\/wp-content\/uploads\/sites\/20\/2026\/08\/WhatsApp-Image-2026-08-31-at-15.21.43-1.jpeg","width":1280,"height":960,"caption":"#paratodosverem - Permission\u00e1ria de galeria popular com cupons da campanha \"Dia dos Pais Premiado\""},{"@type":"BreadcrumbList","@id":"https:\/\/www.manaus.am.gov.br\/semtepi\/premiacao\/encerramento-campanha-dia-dos-pais-premiado\/#breadcrumb","itemListElement":[{"@type":"ListItem","position":1,"name":"Home","item":"https:\/\/www.manaus.am.gov.br\/semtepi\/"},{"@type":"ListItem","position":2,"name":"Prefeitura de Manaus encerra campanha \u2018Dia dos Pais Premiado\u2019 com sorteio de pr\u00eamios e incentivo ao com\u00e9rcio popular"}]},{"@type":"WebSite","@id":"https:\/\/www.manaus.am.gov.br\/semtepi\/#website","url":"https:\/\/www.manaus.am.gov.br\/semtepi\/","name":"SEMTEPI","description":"Prefeitura de Manaus","publisher":{"@id":"https:\/\/www.manaus.am.gov.br\/semtepi\/#organization"},"alternateName":"Secretaria Municipal do Trabalho, Empreendedorismo e Inova\u00e7\u00e3o","potentialAction":[{"@type":"SearchAction","target":{"@type":"EntryPoint","urlTemplate":"https:\/\/www.manaus.am.gov.br\/semtepi\/?s={search_term_string}"},"query-input":"required name=search_term_string"}],"inLanguage":"pt-BR"},{"@type":"Organization","@id":"https:\/\/www.manaus.am.gov.br\/semtepi\/#organization","name":"Prefeitura Municipal de Manaus","alternateName":"Prefeitura de Manaus","url":"https:\/\/www.manaus.am.gov.br\/semtepi\/","logo":{"@type":"ImageObject","inLanguage":"pt-BR","@id":"https:\/\/www.manaus.am.gov.br\/semtepi\/#\/schema\/logo\/image\/","url":"https:\/\/www.manaus.am.gov.br\/semtepi\/wp-content\/uploads\/sites\/20\/2024\/07\/favicon.png","contentUrl":"https:\/\/www.manaus.am.gov.br\/semtepi\/wp-content\/uploads\/sites\/20\/2024\/07\/favicon.png","width":300,"height":300,"caption":"Prefeitura Municipal de Manaus"},"image":{"@id":"https:\/\/www.manaus.am.gov.br\/semtepi\/#\/schema\/logo\/image\/"}},{"@type":"Person","@id":"https:\/\/www.manaus.am.gov.br\/semtepi\/#\/schema\/person\/05d223aea2bf115f9883a6ff3683d81b","name":"Bruna Greco","image":{"@type":"ImageObject","inLanguage":"pt-BR","@id":"https:\/\/www.manaus.am.gov.br\/semtepi\/#\/schema\/person\/image\/","url":"https:\/\/secure.gravatar.com\/avatar\/9c877d1a6adc2a055330e5c09a8653ce?s=96&d=mm&r=g","contentUrl":"https:\/\/secure.gravatar.com\/avatar\/9c877d1a6adc2a055330e5c09a8653ce?s=96&d=mm&r=g","caption":"Bruna Greco"}}]}},"_links":{"self":[{"href":"https:\/\/www.manaus.am.gov.br\/semtepi\/wp-json\/wp\/v2\/posts\/8695"}],"collection":[{"href":"https:\/\/www.manaus.am.gov.br\/semtepi\/wp-json\/wp\/v2\/posts"}],"about":[{"href":"https:\/\/www.manaus.am.gov.br\/semtepi\/wp-json\/wp\/v2\/types\/post"}],"author":[{"embeddable":true,"href":"https:\/\/www.manaus.am.gov.br\/semtepi\/wp-json\/wp\/v2\/users\/39"}],"replies":[{"embeddable":true,"href":"https:\/\/www.manaus.am.gov.br\/semtepi\/wp-json\/wp\/v2\/comments?post=8695"}],"version-history":[{"count":1,"href":"https:\/\/www.manaus.am.gov.br\/semtepi\/wp-json\/wp\/v2\/posts\/8695\/revisions"}],"predecessor-version":[{"id":8698,"href":"https:\/\/www.manaus.am.gov.br\/semtepi\/wp-json\/wp\/v2\/posts\/8695\/revisions\/8698"}],"wp:featuredmedia":[{"embeddable":true,"href":"https:\/\/www.manaus.am.gov.br\/semtepi\/wp-json\/wp\/v2\/media\/8696"}],"wp:attachment":[{"href":"https:\/\/www.manaus.am.gov.br\/semtepi\/wp-json\/wp\/v2\/media?parent=8695"}],"wp:term":[{"taxonomy":"category","embeddable":true,"href":"https:\/\/www.manaus.am.gov.br\/semtepi\/wp-json\/wp\/v2\/categories?post=8695"},{"taxonomy":"post_tag","embeddable":true,"href":"https:\/\/www.manaus.am.gov.br\/semtepi\/wp-json\/wp\/v2\/tags?post=8695"}],"curies":[{"name":"wp","href":"https:\/\/api.w.org\/{rel}","templated":true}]}}