{"id":7945,"date":"2026-04-29T14:25:50","date_gmt":"2026-04-29T18:25:50","guid":{"rendered":"https:\/\/www.manaus.am.gov.br\/semtepi\/sem-categoria\/sine-manaus-481-vagas-emprego-30-4\/"},"modified":"2026-04-29T14:30:52","modified_gmt":"2026-04-29T18:30:52","slug":"sine-manaus-481-vagas-emprego-30-4","status":"publish","type":"post","link":"https:\/\/www.manaus.am.gov.br\/semtepi\/oportunidade\/sine-manaus-481-vagas-emprego-30-4\/","title":{"rendered":"Sine Manaus oferta 481 vagas de emprego nesta quinta-feira, 30\/4"},"content":{"rendered":"\n<p>A <a href=\"https:\/\/www.manaus.am.gov.br\/\">Prefeitura de Manaus<\/a>, por meio do Sine Manaus, oferta 481 vagas de emprego em v\u00e1rias \u00e1reas de atua\u00e7\u00e3o, nesta quinta-feira, 30\/4,\u00a0das 8h \u00e0s 14h. O candidato pode validar a Carteira Digital e Previd\u00eancia Social (CTPS) no aplicativo \u201cCarteira de Trabalho Digital\u201d ou acessar o site\u00a0<a href=\"http:\/\/gov.br\/trabalho\">http:\/\/gov.br\/trabalho<\/a>.<\/p>\n\n\n\n<p>Para participar da pr\u00e9-sele\u00e7\u00e3o e concorrer a uma das vagas dispon\u00edveis, ou receber orienta\u00e7\u00e3o de cadastro, Carteira de Trabalho Digital e seguro-desemprego, os candidatos devem comparecer a um dos postos do Sine Manaus: na avenida Constantino Nery, n\u00ba 1.272, bairro S\u00e3o Geraldo, zona Centro-Sul; ou no shopping Phelippe Daou, na avenida Camapu\u00e3, n\u00ba 2.939, bairro Cidade de Deus, zona Norte.<\/p>\n\n\n\n<p>Os interessados devem estar munidos do comprovante de vacina\u00e7\u00e3o (Covid-19), curr\u00edculo, certificados de cursos e documentos pessoais (RG, CPF, PIS, CTPS, comprovante de escolaridade e resid\u00eancia). N\u00e3o \u00e9 necess\u00e1rio apresentar c\u00f3pias, somente os documentos originais.<\/p>\n\n\n\n<p>\u00c9 importante que os candidatos mantenham seus cadastros atualizados, especialmente ao finalizarem novas qualifica\u00e7\u00f5es. Para vagas espec\u00edficas, podem ser solicitados documentos adicionais, como cursos ou certifica\u00e7\u00f5es, por isso, \u00e9 essencial estar atento aos &#8220;Requisitos Obrigat\u00f3rios&#8221; de cada vaga.<\/p>\n\n\n\n<p>A Semtepi ressalta que, obedecendo ao disposto no artigo 5\u00ba, da Constitui\u00e7\u00e3o Federal, e ao artigo 373-A, da Consolida\u00e7\u00e3o das Leis Trabalhistas (CLT), crit\u00e9rios referentes a sexo, idade, cor ou situa\u00e7\u00e3o familiar, n\u00e3o podem ser informados na divulga\u00e7\u00e3o das vagas disponibilizadas.<\/p>\n\n\n\n<p>Os candidatos devem estar cientes das diretrizes de vestimenta estabelecidas pelo \u00f3rg\u00e3o, as quais incluem a proibi\u00e7\u00e3o de vestimentas como bermudas, shorts, minissaias, camisetas regatas e chinelos durante a entrada.<\/p>\n\n\n\n<p><strong>VAGAS NOVAS &#8211; 102<\/strong><\/p>\n\n\n\n<p><strong>2 vagas &#8211; Funileiro<\/strong><\/p>\n\n\n\n<p><strong>Escolaridade &#8211;<\/strong> ensino fundamental completo;<\/p>\n\n\n\n<p><strong>Experi\u00eancia &#8211; <\/strong>seis meses na Carteira de Trabalho;<\/p>\n\n\n\n<p><strong>Requisitos Obrigat\u00f3rios <\/strong>&#8211; possuir documenta\u00e7\u00e3o completa (com dispensa militar);<\/p>\n\n\n\n<p><strong>Atividades &#8211; <\/strong>desamassar, recuperar e reconstruir a lataria (carroceria) de ve\u00edculos.<\/p>\n\n\n\n<p><strong>Dispon\u00edvel at\u00e9 30\/4\/2026 ou encerramento da vaga<\/strong><\/p>\n\n\n\n<p><strong>1 vaga &#8211; Motoboy<\/strong><\/p>\n\n\n\n<p><strong>Escolaridade &#8211;<\/strong> ensino fundamental completo;<\/p>\n\n\n\n<p><strong>Experi\u00eancia &#8211; <\/strong>seis meses na Carteira de Trabalho;<\/p>\n\n\n\n<p><strong>Requisitos Obrigat\u00f3rios <\/strong>&#8211; possuir documenta\u00e7\u00e3o completa (com dispensa militar);<\/p>\n\n\n\n<p><strong>Atividades &#8211; <\/strong>realizar entregas r\u00e1pidas de documentos, mercadorias, alimentos e medicamentos.<\/p>\n\n\n\n<p><strong>Dispon\u00edvel at\u00e9 30\/4\/2026 ou encerramento da vaga<\/strong><\/p>\n\n\n\n<p><strong>40 vagas &#8211; Operador de Linha de Montagem<\/strong><\/p>\n\n\n\n<p><strong>Escolaridade &#8211;<\/strong> ensino m\u00e9dio completo;<\/p>\n\n\n\n<p><strong>Experi\u00eancia &#8211; <\/strong>seis meses na Carteira de Trabalho;<\/p>\n\n\n\n<p><strong>Requisitos Obrigat\u00f3rios <\/strong>&#8211; ter curso de TBO, disponibilidade de hor\u00e1rio, trabalhar em escala 6&#215;1 e possuir documenta\u00e7\u00e3o completa (com dispensa militar);<\/p>\n\n\n\n<p><strong>Atividades &#8211; <\/strong>operar na linha de montagem dos componentes eletr\u00f4nicos.<\/p>\n\n\n\n<p><strong>Dispon\u00edvel at\u00e9 30\/4\/2026 ou encerramento da vaga<\/strong><\/p>\n\n\n\n<p><strong>1 vaga &#8211; Faxineira<\/strong><\/p>\n\n\n\n<p><strong>Escolaridade &#8211;<\/strong> ensino m\u00e9dio completo;<\/p>\n\n\n\n<p><strong>Experi\u00eancia &#8211; <\/strong>registrada na Carteira de Trabalho;<\/p>\n\n\n\n<p><strong>Requisitos Obrigat\u00f3rios <\/strong>&#8211; possuir documenta\u00e7\u00e3o completa;<\/p>\n\n\n\n<p><strong>Atividades &#8211; <\/strong>garantir a limpeza,&nbsp; a organiza\u00e7\u00e3o e o funcionamento b\u00e1sico do ambiente de trabalho.<\/p>\n\n\n\n<p><strong>Dispon\u00edvel at\u00e9 30\/4\/2026 ou encerramento da vaga<\/strong><\/p>\n\n\n\n<p><strong>1 vaga &#8211; Estoquista<\/strong><\/p>\n\n\n\n<p><strong>Escolaridade &#8211;<\/strong> ensino m\u00e9dio completo;<\/p>\n\n\n\n<p><strong>Experi\u00eancia &#8211; <\/strong>seis meses na Carteira de Trabalho;<\/p>\n\n\n\n<p><strong>Requisitos Obrigat\u00f3rios <\/strong>&#8211; ter curso de Inform\u00e1tica, Almoxarifado e possuir documenta\u00e7\u00e3o completa;<\/p>\n\n\n\n<p><strong>Atividades &#8211; <\/strong>receber, conferir, armazenar e organizar mercadorias, garantindo a acuracidade do invent\u00e1rio.<\/p>\n\n\n\n<p><strong>Dispon\u00edvel at\u00e9 30\/4\/2026 ou encerramento da vaga<\/strong><\/p>\n\n\n\n<p><strong>1 vaga &#8211; Operador de Empilhadeira<\/strong><\/p>\n\n\n\n<p><strong>Escolaridade &#8211;<\/strong> ensino fundamental completo;<\/p>\n\n\n\n<p><strong>Experi\u00eancia &#8211; <\/strong>seis meses na Carteira de Trabalho;<\/p>\n\n\n\n<p><strong>Requisitos Obrigat\u00f3rios <\/strong>&#8211; ter curso de Operador de Empilhadeira, Carteira Nacional de Habilita\u00e7\u00e3o categoria B e possuir documenta\u00e7\u00e3o completa;<\/p>\n\n\n\n<p><strong>Atividades &#8211; <\/strong>operar empilhadeira e outros equipamentos de movimenta\u00e7\u00e3o para carregar, descarregar, empilhar e armazenar mercadorias e produtos de forma segura e eficiente no galp\u00e3o e caminh\u00f5es.<\/p>\n\n\n\n<p><strong>Dispon\u00edvel at\u00e9 30\/4\/2026 ou encerramento da vaga<\/strong><\/p>\n\n\n\n<p><strong>1 vaga &#8211; Promotor de Vendas<\/strong><\/p>\n\n\n\n<p><strong>Escolaridade &#8211;<\/strong> ensino m\u00e9dio completo;<\/p>\n\n\n\n<p><strong>Experi\u00eancia &#8211; <\/strong>seis meses na Carteira de Trabalho;<\/p>\n\n\n\n<p><strong>Requisitos Obrigat\u00f3rios <\/strong>&#8211; ter conhecimento em merchandising, conceito de layout, organiza\u00e7\u00e3o de g\u00f4ndolas e possuir documenta\u00e7\u00e3o completa (com dispensa militar);<\/p>\n\n\n\n<p><strong>Atividades &#8211; <\/strong>promover e repor os produtos das g\u00f4ndolas dos estabelecimentos comerciais como lojas, supermercados e distribuidoras.<\/p>\n\n\n\n<p><strong>Dispon\u00edvel at\u00e9 30\/4\/2026 ou encerramento da vaga<\/strong><\/p>\n\n\n\n<p><strong>1 vaga &#8211; Comprador (a)<\/strong><\/p>\n\n\n\n<p><strong>Escolaridade &#8211;<\/strong> ensino m\u00e9dio completo ou cursando ensino superior em Administra\u00e7\u00e3o;<\/p>\n\n\n\n<p><strong>Experi\u00eancia &#8211; <\/strong>seis meses na Carteira de Trabalho;<\/p>\n\n\n\n<p><strong>Requisitos Obrigat\u00f3rios <\/strong>&#8211; ter conhecimento em Inform\u00e1tica, estoque (via sistema), experi\u00eancia no ramo industrial e possuir documenta\u00e7\u00e3o completa;<\/p>\n\n\n\n<p><strong>Atividades &#8211; <\/strong>adquirir insumos, mat\u00e9rias-primas e componentes essenciais para a produ\u00e7\u00e3o, visando qualidade, baixo custo e prazos.<\/p>\n\n\n\n<p><strong>Dispon\u00edvel at\u00e9 30\/4\/2026 ou encerramento da vaga<\/strong><\/p>\n\n\n\n<p><strong>1 vaga &#8211; Fiscal de Caixa<\/strong><\/p>\n\n\n\n<p><strong>Escolaridade &#8211;<\/strong> ensino m\u00e9dio completo;<\/p>\n\n\n\n<p><strong>Experi\u00eancia &#8211; <\/strong>seis meses na Carteira de Trabalho;<\/p>\n\n\n\n<p><strong>Requisitos Obrigat\u00f3rios <\/strong>&#8211; possuir documenta\u00e7\u00e3o completa;<\/p>\n\n\n\n<p><strong>Atividades &#8211; <\/strong>atuar na supervis\u00e3o da frente de caixa, validando cancelamentos, estornos e sangrias, al\u00e9m de fechar o caixa e treinar operadores.<\/p>\n\n\n\n<p><strong>Dispon\u00edvel at\u00e9 30\/4\/2026 ou encerramento da vaga<\/strong><\/p>\n\n\n\n<p><strong>1 vaga &#8211; Gerente de \u00d3tica<\/strong><\/p>\n\n\n\n<p><strong>Escolaridade &#8211;<\/strong> ensino m\u00e9dio completo;<\/p>\n\n\n\n<p><strong>Experi\u00eancia &#8211; <\/strong>seis meses na Carteira de Trabalho;<\/p>\n\n\n\n<p><strong>Requisitos Obrigat\u00f3rios <\/strong>&#8211; possuir documenta\u00e7\u00e3o completa;<\/p>\n\n\n\n<p><strong>Atividades &#8211; <\/strong>garantir o cumprimento de metas comerciais e administrativas da \u00f3tica.<\/p>\n\n\n\n<p><strong>Dispon\u00edvel at\u00e9 30\/4\/2026 ou encerramento da vaga<\/strong><\/p>\n\n\n\n<p><strong>3 vagas &#8211; Est\u00e1gio em Engenharia<\/strong><\/p>\n\n\n\n<p><strong>Escolaridade &#8211;<\/strong> cursando ensino superior em Engenharia, Mec\u00e2nica, El\u00e9trica ou Produ\u00e7\u00e3o (a partir do 3\u00ba per\u00edodo);<\/p>\n\n\n\n<p><strong>Experi\u00eancia &#8211; <\/strong>n\u00e3o \u00e9 necess\u00e1rio;<\/p>\n\n\n\n<p><strong>Requisitos Obrigat\u00f3rios <\/strong>&#8211; possuir documenta\u00e7\u00e3o completa (com dispensa militar);<\/p>\n\n\n\n<p><strong>Atividades &#8211; <\/strong>atuar como um apoio entre a parte t\u00e9cnica e a parte organizacional\/administrativa da empresa; auxiliar no controle de documentos t\u00e9cnicos, como projetos, relat\u00f3rios, medi\u00e7\u00f5es e cronogramas, garantindo que tudo esteja atualizado e bem organizado; ajudar no lan\u00e7amento de dados em sistemas e planilhas, acompanhando custos, materiais, prazos de obra ou manuten\u00e7\u00e3o; dar suporte ao planejamento, ajudando engenheiros a montar cronogramas, acompanhar o andamento de atividades e registrar o progresso das tarefa; ajudar na comunica\u00e7\u00e3o entre setores, alinhando informa\u00e7\u00f5es entre equipe de campo, engenharia e administrativo, participar de reuni\u00f5es, fazer atas ou relat\u00f3rios simples.<\/p>\n\n\n\n<p><strong>Dispon\u00edvel at\u00e9 30\/4\/2026 ou encerramento da vaga<\/strong><\/p>\n\n\n\n<p><strong>1 vaga &#8211; Operador de Empilhadeira<\/strong><\/p>\n\n\n\n<p><strong>Escolaridade &#8211;<\/strong> ensino m\u00e9dio completo;<\/p>\n\n\n\n<p><strong>Experi\u00eancia &#8211; <\/strong>seis meses na Carteira de Trabalho;<\/p>\n\n\n\n<p><strong>Requisitos Obrigat\u00f3rios <\/strong>&#8211; possuir documenta\u00e7\u00e3o completa (com dispensa militar);<\/p>\n\n\n\n<p><strong>Atividades &#8211; <\/strong>conduzir e manusear empilhadeiras com seguran\u00e7a e efici\u00eancia; recebimento de mercadorias, carga e descarga de materiais e expedi\u00e7\u00e3o de produtos.<\/p>\n\n\n\n<p><strong>Dispon\u00edvel at\u00e9 30\/4\/2026 ou encerramento da vaga<\/strong><\/p>\n\n\n\n<p><strong>2 vagas &#8211; Servente de Obras &#8211; Vagas exclusivas para Pessoa com Defici\u00eancia (PCD)<\/strong><\/p>\n\n\n\n<p><strong>Escolaridade &#8211;<\/strong> ensino m\u00e9dio completo;<\/p>\n\n\n\n<p><strong>Experi\u00eancia &#8211; <\/strong>n\u00e3o \u00e9 necess\u00e1rio;<\/p>\n\n\n\n<p><strong>Requisitos Obrigat\u00f3rios <\/strong>&#8211; possuir documenta\u00e7\u00e3o completa (com dispensa militar);<\/p>\n\n\n\n<p><strong>Atividades &#8211; <\/strong>demolir edifica\u00e7\u00f5es de concreto, de alvenaria e outras estruturas; preparam canteiros de obras, limpando a \u00e1rea e compactando solos; efetuar manuten\u00e7\u00e3o de primeiro n\u00edvel, limpando m\u00e1quinas e ferramentas, verificando condi\u00e7\u00f5es dos equipamentos e reparando eventuais defeitos mec\u00e2nicos nos mesmos; realizar escava\u00e7\u00f5es e preparar massa de concreto e outros materiais.<\/p>\n\n\n\n<p><strong>Dispon\u00edvel at\u00e9 30\/4\/2026 ou encerramento da vaga<\/strong><\/p>\n\n\n\n<p><strong>2 vagas &#8211; Auxiliar de Servi\u00e7os Gerais &#8211; Vagas exclusivas para Pessoa com Defici\u00eancia (PCD)<\/strong><\/p>\n\n\n\n<p><strong>Escolaridade &#8211;<\/strong> ensino m\u00e9dio completo;<\/p>\n\n\n\n<p><strong>Experi\u00eancia &#8211; <\/strong>n\u00e3o \u00e9 necess\u00e1rio;<\/p>\n\n\n\n<p><strong>Requisitos Obrigat\u00f3rios <\/strong>&#8211; possuir documenta\u00e7\u00e3o completa;<\/p>\n\n\n\n<p><strong>Atividades &#8211; <\/strong>limpeza e conserva\u00e7\u00e3o de ambientes, organiza\u00e7\u00e3o de espa\u00e7os, reposi\u00e7\u00e3o de materiais de higiene, realiza\u00e7\u00e3o de pequenas manuten\u00e7\u00f5es, suporte em outras tarefas como servir caf\u00e9, auxiliar na movimenta\u00e7\u00e3o de m\u00f3veis e controle de estoque de materiais de limpeza.<\/p>\n\n\n\n<p><strong>Dispon\u00edvel at\u00e9 30\/4\/2026 ou encerramento da vaga<\/strong><\/p>\n\n\n\n<p><strong>1 vaga &#8211; Monitor Externo de Alarmes<\/strong><\/p>\n\n\n\n<p><strong>Escolaridade &#8211;<\/strong> ensino m\u00e9dio completo;<\/p>\n\n\n\n<p><strong>Experi\u00eancia &#8211; <\/strong>n\u00e3o \u00e9 necess\u00e1rio;<\/p>\n\n\n\n<p><strong>Requisitos Obrigat\u00f3rios <\/strong>&#8211; ter Carteira Nacional de Habilita\u00e7\u00e3o categoria A, curso de Inform\u00e1tica intermedi\u00e1ria, trabalhar em escala 12&#215;36 e possuir documenta\u00e7\u00e3o completa;<\/p>\n\n\n\n<p><strong>Atividades &#8211; <\/strong>realizar a inspe\u00e7\u00e3o t\u00e9cnica presencial no local de disparos de alarmes, falhas t\u00e9cnicas ou eventos suspeitos, se deslocar at\u00e9 o cliente para verificar arrombamentos, comunicar-se com a central, emitir relat\u00f3rios, garantir a seguran\u00e7a da propriedade e zelar pelos equipamentos.<\/p>\n\n\n\n<p><strong>Dispon\u00edvel at\u00e9 30\/4\/2026 ou encerramento da vaga<\/strong><\/p>\n\n\n\n<p><strong>4 vagas &#8211; Servente de Obras<\/strong><\/p>\n\n\n\n<p><strong>Escolaridade &#8211;<\/strong> ensino fundamental completo;<\/p>\n\n\n\n<p><strong>Experi\u00eancia &#8211; <\/strong>tr\u00eas meses na Carteira de Trabalho;<\/p>\n\n\n\n<p><strong>Requisitos Obrigat\u00f3rios <\/strong>&#8211; possuir documenta\u00e7\u00e3o completa (com dispensa militar);<\/p>\n\n\n\n<p><strong>Atividades &#8211; <\/strong>preparar o canteiro, transportar materiais (cimento, areia, tijolos), preparar argamassa e concreto, al\u00e9m de auxiliar pedreiros, carpinteiros e eletricistas. Eles tamb\u00e9m realizam a limpeza, organiza\u00e7\u00e3o da \u00e1rea, montagem de andaimes e pequenas demoli\u00e7\u00f5es, seguindo normas de seguran\u00e7a.<\/p>\n\n\n\n<p><strong>Dispon\u00edvel at\u00e9 30\/4\/2026 ou encerramento da vaga<\/strong><\/p>\n\n\n\n<p><strong>2 vagas &#8211; Pedreiro<\/strong><\/p>\n\n\n\n<p><strong>Escolaridade &#8211;<\/strong> ensino fundamental completo;<\/p>\n\n\n\n<p><strong>Experi\u00eancia &#8211; <\/strong>tr\u00eas meses na Carteira de Trabalho;<\/p>\n\n\n\n<p><strong>Requisitos Obrigat\u00f3rios <\/strong>&#8211; possuir documenta\u00e7\u00e3o completa (com dispensa militar);<\/p>\n\n\n\n<p><strong>Atividades &#8211; <\/strong>executar estruturas de alvenaria, concreto e acabamentos, seguindo plantas e projetos; erguer paredes, construir funda\u00e7\u00f5es, rebocar superf\u00edcies, assentar pisos e azulejos, al\u00e9m de realizar manuten\u00e7\u00e3o e reformas, operando ferramentas espec\u00edficas e betoneiras.<\/p>\n\n\n\n<p><strong>Dispon\u00edvel at\u00e9 30\/4\/2026 ou encerramento da vaga<\/strong><\/p>\n\n\n\n<p><strong>2 vagas &#8211; Pedreiro<\/strong><\/p>\n\n\n\n<p><strong>Escolaridade &#8211;<\/strong> ensino fundamental incompleto;<\/p>\n\n\n\n<p><strong>Experi\u00eancia &#8211; <\/strong>seis meses na Carteira de Trabalho;<\/p>\n\n\n\n<p><strong>Requisitos Obrigat\u00f3rios <\/strong>&#8211; possuir documenta\u00e7\u00e3o completa (com dispensa militar);<\/p>\n\n\n\n<p><strong>Atividades &#8211; <\/strong>atuar na constru\u00e7\u00e3o civil levantando estruturas, alvenarias, paredes, muros e alicerces.<\/p>\n\n\n\n<p><strong>Dispon\u00edvel at\u00e9 30\/4\/2026 ou encerramento da vaga<\/strong><\/p>\n\n\n\n<p><strong>2 vagas &#8211; Carpinteiro<\/strong><\/p>\n\n\n\n<p><strong>Escolaridade &#8211;<\/strong> ensino fundamental incompleto;<\/p>\n\n\n\n<p><strong>Experi\u00eancia &#8211; <\/strong>seis meses na Carteira de Trabalho;<\/p>\n\n\n\n<p><strong>Requisitos Obrigat\u00f3rios <\/strong>&#8211; possuir documenta\u00e7\u00e3o completa (com dispensa militar);<\/p>\n\n\n\n<p><strong>Atividades &#8211; <\/strong>trabalhar com madeira na constru\u00e7\u00e3o, montagem e reparo de estruturas e pe\u00e7as.<\/p>\n\n\n\n<p><strong>Dispon\u00edvel at\u00e9 30\/4\/2026 ou encerramento da vaga<\/strong><\/p>\n\n\n\n<p><strong>2 vagas &#8211; Servente de Obras<\/strong><\/p>\n\n\n\n<p><strong>Escolaridade &#8211;<\/strong> ensino fundamental incompleto;<\/p>\n\n\n\n<p><strong>Experi\u00eancia &#8211; <\/strong>seis meses na Carteira de Trabalho;<\/p>\n\n\n\n<p><strong>Requisitos Obrigat\u00f3rios <\/strong>&#8211; possuir documenta\u00e7\u00e3o completa (com dispensa militar);<\/p>\n\n\n\n<p><strong>Atividades &#8211; <\/strong>realizar servi\u00e7os de apoio na constru\u00e7\u00e3o civil, como transporte de materiais, prepara\u00e7\u00e3o de massa, limpeza e organiza\u00e7\u00e3o do canteiro.<\/p>\n\n\n\n<p><strong>Dispon\u00edvel at\u00e9 30\/4\/2026 ou encerramento da vaga<\/strong><\/p>\n\n\n\n<p><strong>2 vagas &#8211; Padeiro<\/strong><\/p>\n\n\n\n<p><strong>Escolaridade &#8211;<\/strong> ensino m\u00e9dio completo;<\/p>\n\n\n\n<p><strong>Experi\u00eancia &#8211; <\/strong>registrada na Carteira de Trabalho;<\/p>\n\n\n\n<p><strong>Requisitos Obrigat\u00f3rios <\/strong>&#8211; possuir documenta\u00e7\u00e3o completa (com dispensa militar);<\/p>\n\n\n\n<p><strong>Atividades &#8211; <\/strong>preparar massas de p\u00e3es, utilizando ingredientes e seguindo receitas; realizar pesagem, mistura, sovamento e modelagem das massas; operar fornos e equipamentos de panifica\u00e7\u00e3o; assar p\u00e3es e outros produtos, controlando tempo e temperatura.<\/p>\n\n\n\n<p><strong>Dispon\u00edvel at\u00e9 30\/4\/2026 ou encerramento da vaga<\/strong><\/p>\n\n\n\n<p><strong>3 vagas &#8211; Assistente Administrativo<\/strong><\/p>\n\n\n\n<p><strong>Escolaridade &#8211;<\/strong> ensino m\u00e9dio completo;<\/p>\n\n\n\n<p><strong>Experi\u00eancia &#8211; <\/strong>seis meses na Carteira de Trabalho;<\/p>\n\n\n\n<p><strong>Requisitos Obrigat\u00f3rios <\/strong>&#8211; ter curso de Inform\u00e1tica b\u00e1sica e possuir documenta\u00e7\u00e3o completa;<\/p>\n\n\n\n<p><strong>Atividades &#8211; <\/strong>controlar entrada e sa\u00edda de mercadorias no sistema; acompanhar processos de recebimento, armazenagem e expedi\u00e7\u00e3o; realizar contato com transportadoras e fornecedores; organizar documentos e arquivos da \u00e1rea log\u00edstica<\/p>\n\n\n\n<p><strong>Dispon\u00edvel at\u00e9 30\/4\/2026 ou encerramento da vaga<\/strong><\/p>\n\n\n\n<p><strong>3 vagas &#8211; Peixeiro<\/strong><\/p>\n\n\n\n<p><strong>Escolaridade &#8211;<\/strong> ensino fundamental incompleto;<\/p>\n\n\n\n<p><strong>Experi\u00eancia &#8211; <\/strong>seis meses na Carteira de Trabalho;<\/p>\n\n\n\n<p><strong>Requisitos Obrigat\u00f3rios <\/strong>&#8211; possuir documenta\u00e7\u00e3o completa (com dispensa militar);<\/p>\n\n\n\n<p><strong>Atividades &#8211; <\/strong>realizar servi\u00e7os de apoio na constru\u00e7\u00e3o civil, como transporte de materiais, prepara\u00e7\u00e3o de massa, limpeza e organiza\u00e7\u00e3o do canteiro.<\/p>\n\n\n\n<p><strong>Dispon\u00edvel at\u00e9 30\/4\/2026 ou encerramento da vaga<\/strong><\/p>\n\n\n\n<p><strong>1 vaga &#8211; Jardineiro<\/strong><\/p>\n\n\n\n<p><strong>Escolaridade &#8211;<\/strong> ensino m\u00e9dio completo;<\/p>\n\n\n\n<p><strong>Experi\u00eancia &#8211; <\/strong>registrada na Carteira de Trabalho;<\/p>\n\n\n\n<p><strong>Requisitos Obrigat\u00f3rios <\/strong>&#8211; possuir documenta\u00e7\u00e3o completa (com dispensa militar);<\/p>\n\n\n\n<p><strong>Atividades &#8211; <\/strong>atuar no plantio, trato e manejo de \u00e1rvores ornamentais e plantas, incluindo podas, aduba\u00e7\u00e3o, irriga\u00e7\u00e3o, combate a pragas, preparo do solo e limpeza de \u00e1reas verdes.<\/p>\n\n\n\n<p><strong>Dispon\u00edvel at\u00e9 30\/4\/2026 ou encerramento da vaga<\/strong><\/p>\n\n\n\n<p><strong>1 vaga &#8211; Servi\u00e7os Gerais<\/strong><\/p>\n\n\n\n<p><strong>Escolaridade &#8211;<\/strong> ensino m\u00e9dio completo;<\/p>\n\n\n\n<p><strong>Experi\u00eancia &#8211; <\/strong>registrada na Carteira de Trabalho;<\/p>\n\n\n\n<p><strong>Requisitos Obrigat\u00f3rios <\/strong>&#8211; possuir documenta\u00e7\u00e3o completa (com dispensa militar);<\/p>\n\n\n\n<p><strong>Atividades &#8211; <\/strong>atuar na limpeza, conserva\u00e7\u00e3o e manuten\u00e7\u00e3o b\u00e1sica de ambientes residenciais, comerciais ou industriais. Suas principais fun\u00e7\u00f5es incluem varrer, passar pano, higienizar banheiros, remover lixo, repor materiais de consumo (papel, sab\u00e3o) e realizar pequenos reparos como trocar l\u00e2mpadas.<\/p>\n\n\n\n<p><strong>Dispon\u00edvel at\u00e9 30\/4\/2026 ou encerramento da vaga<\/strong><\/p>\n\n\n\n<p><strong>2 vagas &#8211; Auxiliar de Manuten\u00e7\u00e3o Predial<\/strong><\/p>\n\n\n\n<p><strong>Escolaridade &#8211;<\/strong> ensino fundamental incompleto;<\/p>\n\n\n\n<p><strong>Experi\u00eancia &#8211; <\/strong>registrada na Carteira de Trabalho;<\/p>\n\n\n\n<p><strong>Requisitos Obrigat\u00f3rios <\/strong>&#8211; possuir documenta\u00e7\u00e3o completa (com dispensa militar);<\/p>\n\n\n\n<p><strong>Atividades &#8211; <\/strong>auxiliar na execu\u00e7\u00e3o de reparos em sistemas el\u00e9tricos, hidr\u00e1ulicos, pintura, alvenaria, entre outros, conforme orienta\u00e7\u00e3o; auxiliar a troca de l\u00e2mpadas, tomadas, interruptores e demais componentes el\u00e9tricos, seguindo as normas de seguran\u00e7a estabelecidas; auxiliar na identifica\u00e7\u00e3o de patologias e vazamentos, contribuindo para a manuten\u00e7\u00e3o preventiva das edifica\u00e7\u00f5es; auxiliar a equipe de manuten\u00e7\u00e3o predial na execu\u00e7\u00e3o de atividades programadas e emergenciais.<\/p>\n\n\n\n<p><strong>Dispon\u00edvel at\u00e9 30\/4\/2026 ou encerramento da vaga<\/strong><\/p>\n\n\n\n<p><strong>4 vagas &#8211; Pedreiro<\/strong><\/p>\n\n\n\n<p><strong>Escolaridade &#8211;<\/strong> ensino fundamental incompleto;<\/p>\n\n\n\n<p><strong>Experi\u00eancia &#8211; <\/strong>registrada na Carteira de Trabalho;<\/p>\n\n\n\n<p><strong>Requisitos Obrigat\u00f3rios <\/strong>&#8211; possuir documenta\u00e7\u00e3o completa (com dispensa militar);<\/p>\n\n\n\n<p><strong>Atividades &#8211; <\/strong>organizar e preparar o local de trabalho na obra; construir funda\u00e7\u00f5es e estruturas de alvenaria; aplicar revestimentos e contrapisos; assentar tijolos, ladrilhos, alvenarias e materiais afins; construir alicerces, levantar paredes, muros e constru\u00e7\u00f5es similares.<\/p>\n\n\n\n<p><strong>Dispon\u00edvel at\u00e9 30\/4\/2026 ou encerramento da vaga<\/strong><\/p>\n\n\n\n<p><strong>2 vagas &#8211; Servente de Obras<\/strong><\/p>\n\n\n\n<p><strong>Escolaridade &#8211;<\/strong> ensino fundamental incompleto;<\/p>\n\n\n\n<p><strong>Experi\u00eancia &#8211; <\/strong>registrada na Carteira de Trabalho;<\/p>\n\n\n\n<p><strong>Requisitos Obrigat\u00f3rios <\/strong>&#8211; possuir documenta\u00e7\u00e3o completa (com dispensa militar);<\/p>\n\n\n\n<p><strong>Atividades &#8211; <\/strong>preparar canteiros de obras, limpando a \u00e1rea e compactando solos; efetuar manuten\u00e7\u00e3o de primeiro n\u00edvel, limpando m\u00e1quinas e ferramentas; realizar escava\u00e7\u00f5es e preparam massa de concreto e outros materiais; preparar e transportar materiais, ferramentas, aparelhos ou qualquer pe\u00e7a, limpando-as e arrumando-as de acordo com instru\u00e7\u00f5es.<\/p>\n\n\n\n<p><strong>Dispon\u00edvel at\u00e9 30\/4\/2026 ou encerramento da vaga<\/strong><\/p>\n\n\n\n<p><strong>1 vaga &#8211; Serralheiro<\/strong><\/p>\n\n\n\n<p><strong>Escolaridade &#8211;<\/strong> ensino fundamental incompleto;<\/p>\n\n\n\n<p><strong>Experi\u00eancia &#8211; <\/strong>registrada na Carteira de Trabalho;<\/p>\n\n\n\n<p><strong>Requisitos Obrigat\u00f3rios <\/strong>&#8211; possuir documenta\u00e7\u00e3o completa (com dispensa militar);<\/p>\n\n\n\n<p><strong>Atividades &#8211; <\/strong>realizar o processo de corte conforme especifica\u00e7\u00e3o t\u00e9cnica do projeto; respons\u00e1vel por realizar as manuten\u00e7\u00f5es, reparos e ajuste das f\u00f4rmas met\u00e1licas;<\/p>\n\n\n\n<p>realizar a desmontagem, retrabalhar as medidas, esquadrejar para fabrica\u00e7\u00e3o de novas f\u00f4rmas; unir e cortar pe\u00e7as de ligas met\u00e1licas usando processos de soldagem e corte, tais como eletrodo revestido, tig, mig, mag, oxig\u00e1s, arco submerso, brasagem, plasma.<\/p>\n\n\n\n<p><strong>Dispon\u00edvel at\u00e9 30\/4\/2026 ou encerramento da vaga<\/strong><\/p>\n\n\n\n<p><strong>2 vagas &#8211; Ajudante de Carga e Descarga<\/strong><\/p>\n\n\n\n<p><strong>Escolaridade &#8211;<\/strong> ensino fundamental incompleto;<\/p>\n\n\n\n<p><strong>Experi\u00eancia &#8211; <\/strong>registrada na Carteira de Trabalho;<\/p>\n\n\n\n<p><strong>Requisitos Obrigat\u00f3rios <\/strong>&#8211; possuir documenta\u00e7\u00e3o completa (com dispensa militar);<\/p>\n\n\n\n<p><strong>Atividades &#8211; <\/strong>apoiar o carregamento, descarregamento e movimenta\u00e7\u00e3o de pe\u00e7as e materiais; organizar e posicionar cargas em caminh\u00f5es conforme crit\u00e9rios de seguran\u00e7a; realizar amarra\u00e7\u00e3o e fixa\u00e7\u00e3o adequada das cargas para transporte seguro; zelar pela qualidade e integridade dos materiais durante todo o processo; manter o p\u00e1tio, estoque e equipamentos organizados e em conformidade com normas.<\/p>\n\n\n\n<p><strong>Dispon\u00edvel at\u00e9 30\/4\/2026 ou encerramento da vaga<\/strong><\/p>\n\n\n\n<p><strong>2 vagas &#8211; Auxiliar de Produ\u00e7\u00e3o<\/strong><\/p>\n\n\n\n<p><strong>Escolaridade &#8211;<\/strong> ensino m\u00e9dio completo;<\/p>\n\n\n\n<p><strong>Experi\u00eancia &#8211; <\/strong>seis meses na Carteira de Trabalho;<\/p>\n\n\n\n<p><strong>Requisitos Obrigat\u00f3rios <\/strong>&#8211; possuir documenta\u00e7\u00e3o completa (com dispensa militar);<\/p>\n\n\n\n<p><strong>Atividades &#8211; <\/strong>auxiliar na produ\u00e7\u00e3o de bobinas e realizar embalagem, carregamento e descarregamento de bobinas.&nbsp;<\/p>\n\n\n\n<p><strong>Dispon\u00edvel at\u00e9 30\/4\/2026 ou encerramento da vaga<\/strong><\/p>\n\n\n\n<p><strong>5 vagas &#8211; Auxiliar de Produ\u00e7\u00e3o<\/strong><\/p>\n\n\n\n<p><strong>Escolaridade &#8211;<\/strong> ensino m\u00e9dio completo;<\/p>\n\n\n\n<p><strong>Experi\u00eancia &#8211; <\/strong>n\u00e3o \u00e9 necess\u00e1rio;<\/p>\n\n\n\n<p><strong>Requisitos Obrigat\u00f3rios <\/strong>&#8211; possuir documenta\u00e7\u00e3o completa (com dispensa militar);<\/p>\n\n\n\n<p><strong>Atividades &#8211; <\/strong>prepara\u00e7\u00e3o de mat\u00e9rias-primas, a assist\u00eancia nas linhas de montagem, o controle de estoque e a prepara\u00e7\u00e3o de embalagens; realizar manuten\u00e7\u00f5es simples de m\u00e1quinas e equipamentos.&nbsp;<\/p>\n\n\n\n<p><strong>Dispon\u00edvel at\u00e9 30\/4\/2026 ou encerramento da vaga<\/strong><\/p>\n\n\n\n<p><strong>1 vaga &#8211; Assistente de Vendas<\/strong><\/p>\n\n\n\n<p><strong>Escolaridade &#8211;<\/strong> ensino m\u00e9dio completo;<\/p>\n\n\n\n<p><strong>Experi\u00eancia &#8211; <\/strong>seis meses na Carteira de Trabalho;<\/p>\n\n\n\n<p><strong>Requisitos Obrigat\u00f3rios <\/strong>&#8211; possuir documenta\u00e7\u00e3o completa;<\/p>\n\n\n\n<p><strong>Atividades &#8211; <\/strong>garantir uma experi\u00eancia completa ao cliente, desde o acolhimento inicial at\u00e9 o servi\u00e7o \u00e0 mesa, apoiando tamb\u00e9m nas atividades criativas do ateli\u00ea bot\u00e2nico, viv\u00eancias sensoriais e terapias.<\/p>\n\n\n\n<p><strong>Dispon\u00edvel at\u00e9 30\/4\/2026 ou encerramento da vaga<\/strong><\/p>\n\n\n\n<p><strong>2 vagas &#8211; Frentista<\/strong><\/p>\n\n\n\n<p><strong>Escolaridade &#8211;<\/strong> ensino m\u00e9dio completo;<\/p>\n\n\n\n<p><strong>Experi\u00eancia &#8211; <\/strong>n\u00e3o \u00e9 necess\u00e1rio;<\/p>\n\n\n\n<p><strong>Requisitos Obrigat\u00f3rios <\/strong>&#8211; ter no\u00e7\u00f5es basicas de Inform\u00e1tica e possuir documenta\u00e7\u00e3o completa (com dispensa militar);<\/p>\n\n\n\n<p><strong>Atividades &#8211; <\/strong>abastecer ve\u00edculos com combust\u00edveis em postos de servi\u00e7os; operar as bombas, ele verifica itens b\u00e1sicos de manuten\u00e7\u00e3o, como \u00f3leo e \u00e1gua, calibra pneus, limpa para-brisas, realiza a cobran\u00e7a e oferece produtos adicionais, garantindo o atendimento ao cliente.<\/p>\n\n\n\n<p><strong>Dispon\u00edvel at\u00e9 30\/4\/2026 ou encerramento da vaga<\/strong><\/p>\n\n\n\n<p><strong>VAGAS NO COM\u00c9RCIO &#8211; 24<\/strong><\/p>\n\n\n\n<p><strong>1 vaga &#8211; Repositor<\/strong><\/p>\n\n\n\n<p><strong>Escolaridade &#8211;<\/strong> ensino m\u00e9dio completo;<\/p>\n\n\n\n<p><strong>Experi\u00eancia &#8211; <\/strong>seis meses na Carteira de Trabalho;<\/p>\n\n\n\n<p><strong>Requisitos Obrigat\u00f3rios <\/strong>&#8211; possuir documenta\u00e7\u00e3o completa (com dispensa militar);<\/p>\n\n\n\n<p><strong>Atividades &#8211; <\/strong>repor e organizar produtos em prateleiras e g\u00f4ndolas, precificar itens, conferir validades, controlar estoque e atender clientes no ponto de venda.<\/p>\n\n\n\n<p><strong>Dispon\u00edvel at\u00e9 30\/4\/2026 ou encerramento da vaga<\/strong><\/p>\n\n\n\n<p><strong>1 vaga &#8211; Cozinheira<\/strong><\/p>\n\n\n\n<p><strong>Escolaridade &#8211;<\/strong> ensino fundamental completo;<\/p>\n\n\n\n<p><strong>Experi\u00eancia &#8211; <\/strong>avulsa;<\/p>\n\n\n\n<p><strong>Requisitos Obrigat\u00f3rios <\/strong>&#8211; possuir documenta\u00e7\u00e3o completa;<\/p>\n\n\n\n<p><strong>Atividades &#8211; <\/strong>preparar refei\u00e7\u00f5es, organizar a cozinha e gerenciar estoques em restaurantes, hot\u00e9is e similares; elaborar card\u00e1pios, higienizar alimentos, cozinhar e seguir normas de seguran\u00e7a alimentar.<\/p>\n\n\n\n<p><strong>Dispon\u00edvel at\u00e9 30\/4\/2026 ou encerramento da vaga<\/strong><\/p>\n\n\n\n<p><strong>1 vaga &#8211; Auxiliar de Limpeza<\/strong><\/p>\n\n\n\n<p><strong>Escolaridade &#8211;<\/strong> ensino fundamental completo;<\/p>\n\n\n\n<p><strong>Experi\u00eancia &#8211; <\/strong>seis meses na Carteira de Trabalho;<\/p>\n\n\n\n<p><strong>Requisitos Obrigat\u00f3rios <\/strong>&#8211; possuir documenta\u00e7\u00e3o completa;<\/p>\n\n\n\n<p><strong>Atividades &#8211; <\/strong>garantir a higiene, organiza\u00e7\u00e3o e conserva\u00e7\u00e3o de \u00e1reas internas e externas, assegurando um ambiente seguro e agrad\u00e1vel para clientes e funcion\u00e1rios.<\/p>\n\n\n\n<p><strong>Dispon\u00edvel at\u00e9 30\/4\/2026 ou encerramento da vaga<\/strong><\/p>\n\n\n\n<p><strong>1 vaga &#8211; Monitor de Sistemas Eletr\u00f4nicos de Seguran\u00e7a Interno<\/strong><\/p>\n\n\n\n<p><strong>Escolaridade &#8211;<\/strong> ensino m\u00e9dio completo;<\/p>\n\n\n\n<p><strong>Experi\u00eancia &#8211; <\/strong>seis meses na Carteira de Trabalho;<\/p>\n\n\n\n<p><strong>Requisitos Obrigat\u00f3rios <\/strong>&#8211; ter curso de Inform\u00e1tica b\u00e1sica, trabalhar em escala 12&#215;36 e possuir documenta\u00e7\u00e3o completa (com dispensa militar);<\/p>\n\n\n\n<p><strong>Atividades &#8211; <\/strong>monitorar e controlar sistemas eletr\u00f4nicos de seguran\u00e7a, como alarmes e c\u00e2meras de vigil\u00e2ncia, dentro de uma organiza\u00e7\u00e3o; analisar eventos, identificar problemas e acionar as medidas necess\u00e1rias para garantir a seguran\u00e7a do local.<\/p>\n\n\n\n<p><strong>Dispon\u00edvel at\u00e9 30\/4\/2026 ou encerramento da vaga<\/strong><\/p>\n\n\n\n<p><strong>10 vagas &#8211; Auxiliar de Log\u00edstica<\/strong><\/p>\n\n\n\n<p><strong>Escolaridade &#8211;<\/strong> ensino fundamental completo;<\/p>\n\n\n\n<p><strong>Experi\u00eancia &#8211; <\/strong>n\u00e3o \u00e9 necess\u00e1rio;<\/p>\n\n\n\n<p><strong>Requisitos Obrigat\u00f3rios <\/strong>&#8211; ter disponibilidade de hor\u00e1rio e possuir documenta\u00e7\u00e3o completa (com dispensa militar);<\/p>\n\n\n\n<p><strong>Atividades &#8211; <\/strong>separa\u00e7\u00e3o, armazenamento, expedi\u00e7\u00e3o, movimenta\u00e7\u00e3o de carga, descarga, entre outras atividades correlatas \u00e0 fun\u00e7\u00e3o.<\/p>\n\n\n\n<p><strong>Dispon\u00edvel at\u00e9 30\/4\/2026 ou encerramento da vaga<\/strong><\/p>\n\n\n\n<p><strong>10 vagas &#8211; Auxiliar de Loja<\/strong><\/p>\n\n\n\n<p><strong>Escolaridade &#8211;<\/strong> ensino m\u00e9dio completo;<\/p>\n\n\n\n<p><strong>Experi\u00eancia &#8211; <\/strong>n\u00e3o \u00e9 necess\u00e1rio;<\/p>\n\n\n\n<p><strong>Requisitos Obrigat\u00f3rios <\/strong>&#8211; possuir documenta\u00e7\u00e3o completa;<\/p>\n\n\n\n<p><strong>Atividades &#8211; <\/strong>auxiliar no suporte e na organiza\u00e7\u00e3o das atividades relacionadas ao departamento de vendas.<\/p>\n\n\n\n<p><strong>Dispon\u00edvel at\u00e9 30\/4\/2026 ou encerramento da vaga<\/strong><\/p>\n\n\n\n<p><strong>VAGAS NA IND\u00daSTRIA &#8211; 150<\/strong><\/p>\n\n\n\n<p><strong>1 vaga &#8211; Faxineiro<\/strong><\/p>\n\n\n\n<p><strong>Escolaridade &#8211;<\/strong> ensino fundamental incompleto;<\/p>\n\n\n\n<p><strong>Experi\u00eancia &#8211; <\/strong>registrada na Carteira de Trabalho;<\/p>\n\n\n\n<p><strong>Requisitos Obrigat\u00f3rios <\/strong>&#8211; possuir documenta\u00e7\u00e3o completa (com dispensa militar);<\/p>\n\n\n\n<p><strong>Atividades &#8211; <\/strong>garantir a higiene e conserva\u00e7\u00e3o, realizar varri\u00e7\u00e3o, lavagem, aspira\u00e7\u00e3o de pisos, desinfec\u00e7\u00e3o de \u00e1reas comuns e banheiros, remo\u00e7\u00e3o de lixo industrial e reposi\u00e7\u00e3o de materiais; manuten\u00e7\u00e3o de \u00e1reas internas\/externas, uso de EPIs, manuseio seguro de produtos qu\u00edmicos e conformidade com normas de seguran\u00e7a.<\/p>\n\n\n\n<p><strong>Dispon\u00edvel at\u00e9 30\/4\/2026 ou encerramento da vaga<\/strong><\/p>\n\n\n\n<p><strong>1 vaga &#8211; Motorista de Caminh\u00e3o<\/strong><\/p>\n\n\n\n<p><strong>Escolaridade &#8211;<\/strong> ensino fundamental completo;<\/p>\n\n\n\n<p><strong>Experi\u00eancia &#8211; <\/strong>seis meses na Carteira de Trabalho;<\/p>\n\n\n\n<p><strong>Requisitos Obrigat\u00f3rios <\/strong>&#8211; ter Carteira Nacional de Habilita\u00e7\u00e3o categoria D, residir na Zona Oeste e possuir documenta\u00e7\u00e3o completa (com dispensa militar);<\/p>\n\n\n\n<p><strong>Atividades &#8211; <\/strong>transportar cargas por diversos itiner\u00e1rios, garantindo a entrega segura e no prazo.<\/p>\n\n\n\n<p><strong>Dispon\u00edvel at\u00e9 30\/4\/2026 ou encerramento da vaga<\/strong><\/p>\n\n\n\n<p><strong>1 vaga &#8211; T\u00e9cnico em Eletromec\u00e2nica<\/strong><\/p>\n\n\n\n<p><strong>Escolaridade &#8211;<\/strong> ensino t\u00e9cnico completo em El\u00e9trica ou Eletrot\u00e9cnica;<\/p>\n\n\n\n<p><strong>Experi\u00eancia &#8211; <\/strong>seis meses na Carteira de Trabalho;<\/p>\n\n\n\n<p><strong>Requisitos Obrigat\u00f3rios <\/strong>&#8211; ter curso de Inform\u00e1tica b\u00e1sica, experi\u00eancia em manuten\u00e7\u00e3o industrial de extrusoras, bal\u00e3o e possuir documenta\u00e7\u00e3o completa (com dispensa militar);<\/p>\n\n\n\n<p><strong>Atividades &#8211; <\/strong>atuar na integra\u00e7\u00e3o de componentes el\u00e9tricos e mec\u00e2nicos, interpretando projetos e garantindo a automa\u00e7\u00e3o e funcionamento eficiente. Planejar, instalar, operar e realizar a manuten\u00e7\u00e3o de sistemas eletromec\u00e2nicos, m\u00e1quinas e equipamentos industriais.<\/p>\n\n\n\n<p><strong>Dispon\u00edvel at\u00e9 30\/4\/2026 ou encerramento da vaga<\/strong><\/p>\n\n\n\n<p><strong>10 vagas &#8211; Auxiliar de Produ\u00e7\u00e3o<\/strong><\/p>\n\n\n\n<p><strong>Escolaridade &#8211;<\/strong> ensino m\u00e9dio completo;<\/p>\n\n\n\n<p><strong>Experi\u00eancia &#8211; <\/strong>primeiro emprego ou seis meses na Carteira de Trabalho;<\/p>\n\n\n\n<p><strong>Requisitos Obrigat\u00f3rios <\/strong>&#8211; ter curso de Inform\u00e1tica, TBO e possuir documenta\u00e7\u00e3o completa (com dispensa militar);<\/p>\n\n\n\n<p><strong>Atividades &#8211; <\/strong>preparar materiais para alimenta\u00e7\u00e3o de linhas de produ\u00e7\u00e3o; organizar a \u00e1rea de servi\u00e7o; abastecer linhas de produ\u00e7\u00e3o; alimentar m\u00e1quinas e separar materiais para reaproveitamento.<\/p>\n\n\n\n<p><strong>Dispon\u00edvel at\u00e9 30\/4\/2026 ou encerramento da vaga<\/strong><\/p>\n\n\n\n<p><strong>1 vaga &#8211; Bombeiro Hidr\u00e1ulico<\/strong><\/p>\n\n\n\n<p><strong>Escolaridade &#8211;<\/strong> ensino t\u00e9cnico completo em Edifica\u00e7\u00f5es;<\/p>\n\n\n\n<p><strong>Experi\u00eancia &#8211; <\/strong>registrada na Carteira de Trabalho;<\/p>\n\n\n\n<p><strong>Requisitos Obrigat\u00f3rios <\/strong>&#8211; ter curso de Bombeiro Hidr\u00e1ulico e possuir documenta\u00e7\u00e3o completa (com dispensa militar);<\/p>\n\n\n\n<p><strong>Atividades &#8211; <\/strong>atuar na manuten\u00e7\u00e3o industrial; realizar manuten\u00e7\u00f5es corretivas e preventivas; executar manuten\u00e7\u00e3o em v\u00e1lvulas de banheiros, caixas d\u2019\u00e1gua e tubula\u00e7\u00f5es hidr\u00e1ulicas em geral; realizar manuten\u00e7\u00e3o em mict\u00f3rios e sanit\u00e1rios; interpretar plantas e projetos hidr\u00e1ulicos.<\/p>\n\n\n\n<p><strong>Dispon\u00edvel at\u00e9 30\/4\/2026 ou encerramento da vaga<\/strong><\/p>\n\n\n\n<p><strong>1 vaga &#8211; T\u00e9cnico em Metrologia<\/strong><\/p>\n\n\n\n<p><strong>Escolaridade &#8211;<\/strong> ensino t\u00e9cnico completo em Metrologia ou Mecatr\u00f4nica;<\/p>\n\n\n\n<p><strong>Experi\u00eancia &#8211; <\/strong>registrada na Carteira de Trabalho;<\/p>\n\n\n\n<p><strong>Requisitos Obrigat\u00f3rios <\/strong>&#8211; ter curso de Inform\u00e1tica b\u00e1sica e possuir documenta\u00e7\u00e3o completa (com dispensa militar);<\/p>\n\n\n\n<p><strong>Atividades &#8211; <\/strong>calibra\u00e7\u00e3o e manuten\u00e7\u00e3o de dispositivos de medi\u00e7\u00e3o.<\/p>\n\n\n\n<p><strong>Dispon\u00edvel at\u00e9 30\/4\/2026 ou encerramento da vaga<\/strong><\/p>\n\n\n\n<p><strong>50 vagas &#8211; Operador de Produ\u00e7\u00e3o<\/strong><\/p>\n\n\n\n<p><strong>Escolaridade &#8211; <\/strong>ensino fundamental incompleto;<\/p>\n\n\n\n<p><strong>Experi\u00eancia &#8211;<\/strong> n\u00e3o \u00e9 necess\u00e1rio;<\/p>\n\n\n\n<p><strong>Requisitos Obrigat\u00f3rios &#8211; <\/strong>a vaga \u00e9 destinada para candidatos que est\u00e3o em busca de novos desafios; o candidato vai precisar morar em: Videira\/SC e possuir documenta\u00e7\u00e3o completa;<\/p>\n\n\n\n<p><strong>Atividades &#8211; <\/strong>trabalhar com processamento de carne de frango, em setores diversos, com utiliza\u00e7\u00e3o de facas, ambiente climatizado; corte, coleta, pesagem e embalagem de alimentos; desossar, embalar, pesar, processar alimentos, derivados de carne de frango e su\u00ednos.<\/p>\n\n\n\n<p><strong>Dispon\u00edvel at\u00e9 30\/4\/2026 ou encerramento da vaga<\/strong><\/p>\n\n\n\n<p><strong>5 vagas &#8211; Auxiliar de Log\u00edstica<\/strong><\/p>\n\n\n\n<p><strong>Escolaridade &#8211;<\/strong> ensino m\u00e9dio completo;<\/p>\n\n\n\n<p><strong>Experi\u00eancia &#8211; <\/strong>tr\u00eas meses na Carteira de Trabalho;<\/p>\n\n\n\n<p><strong>Requisitos Obrigat\u00f3rios <\/strong>&#8211; possuir documenta\u00e7\u00e3o completa (com dispensa militar);<\/p>\n\n\n\n<p><strong>Atividades &#8211; <\/strong>carga e descarga de ve\u00edculos, verificando os itens conforme s\u00e3o carregados e descarregados; auxiliar na organiza\u00e7\u00e3o das rotas de entrega, garantindo que os produtos sejam entregues de forma eficiente e no prazo.<\/p>\n\n\n\n<p><strong>Dispon\u00edvel at\u00e9 30\/4\/2026 ou encerramento da vaga<\/strong><\/p>\n\n\n\n<p><strong>10 vagas &#8211; Operador de Empilhadeira<\/strong><\/p>\n\n\n\n<p><strong>Escolaridade &#8211;<\/strong> ensino m\u00e9dio completo;<\/p>\n\n\n\n<p><strong>Experi\u00eancia &#8211; <\/strong>seis meses na Carteira de Trabalho;<\/p>\n\n\n\n<p><strong>Requisitos Obrigat\u00f3rios <\/strong>&#8211; ter curso de NR 11, disponibilidade de hor\u00e1rio e possuir documenta\u00e7\u00e3o completa (com dispensa militar);<\/p>\n\n\n\n<p><strong>Atividades &#8211; <\/strong>operar m\u00e1quina empilhadeira, transportando materiais diversos pelas \u00e1reas da empresa; remover paletes de produto acabado para estocagem e carregamento de caminh\u00f5es; operar o equipamento obedecendo \u00e0s normas de seguran\u00e7a e sinaliza\u00e7\u00e3o do local; cuidar da ordem e limpeza do equipamento solicitando sua manuten\u00e7\u00e3o sempre que necess\u00e1rio; separar os produtos acabados para carregamento, conferir na balan\u00e7a; passar para a lideran\u00e7a o check-list com os dados para gerar a ordem de carregamento; armazenagem de produtos acabados; participar do invent\u00e1rio f\u00edsico do estoque efetuando a contagem de produtos acabados; auxiliar na limpeza e ordem do local de trabalho.<\/p>\n\n\n\n<p><strong>Dispon\u00edvel at\u00e9 30\/4\/2026 ou encerramento da vaga<\/strong><\/p>\n\n\n\n<p><strong>10 vagas &#8211; Operador de Produ\u00e7\u00e3o Especializado<\/strong><\/p>\n\n\n\n<p><strong>Escolaridade &#8211;<\/strong> ensino superior\/ t\u00e9cnico completo ou cursando Farm\u00e1cia, Engenharia ou Qu\u00edmica ;<\/p>\n\n\n\n<p><strong>Experi\u00eancia &#8211; <\/strong>n\u00e3o \u00e9 necess\u00e1rio;<\/p>\n\n\n\n<p><strong>Requisitos Obrigat\u00f3rios <\/strong>&#8211; ter curso de Inform\u00e1tica b\u00e1sica, disponibilidade de hor\u00e1rio, n\u00e3o residir nos bairros: Mauazinho, Col\u00f4nia Ant\u00f4nio Aleixo, Puraquequara, Vila da felicidade (Porto da Ceasa), Nova Vit\u00f3ria, Gilberto Mestrinho, Tarum\u00e3 (Ramal do Anaconda), Adrian\u00f3polis, Vila municipal, Eldorado, Bairro da Uni\u00e3o, Villa Amazonas, Nossa Senhora das Gra\u00e7as, Br-174 e possuir documenta\u00e7\u00e3o completa (com dispensa militar);<\/p>\n\n\n\n<p><strong>Atividades &#8211; <\/strong>executar atividades de apoio aos processos produtivos prim\u00e1rios e secund\u00e1rios, conforme Procedimentos Operacionais Padr\u00e3o, Normas Reguladoras e diretrizes de SSMA; realizar abastecimento de materiais, organiza\u00e7\u00e3o da \u00e1rea, limpeza de equipamentos e controle b\u00e1sico de documentos; atuar no monitoramento das condi\u00e7\u00f5es de higiene, armazenamento e limpeza.<\/p>\n\n\n\n<p><strong>Dispon\u00edvel at\u00e9 30\/4\/2026 ou encerramento da vaga<\/strong><\/p>\n\n\n\n<p><strong>60 vagas &#8211; Auxiliar de Produ\u00e7\u00e3o<\/strong><\/p>\n\n\n\n<p><strong>Escolaridade &#8211;<\/strong> ensino m\u00e9dio completo;<\/p>\n\n\n\n<p><strong>Experi\u00eancia &#8211; <\/strong>n\u00e3o \u00e9 necess\u00e1rio;<\/p>\n\n\n\n<p><strong>Requisitos Obrigat\u00f3rios <\/strong>&#8211; ter curso de Inform\u00e1tica b\u00e1sica, disponibilidade de hor\u00e1rio, n\u00e3o residir nos bairros: Mauazinho, Col\u00f4nia Ant\u00f4nio Aleixo, Puraquequara, Vila da felicidade (Porto da Ceasa), Nova Vit\u00f3ria, Gilberto Mestrinho, Tarum\u00e3 (Ramal do Anaconda), Adrian\u00f3polis, Vila municipal, Eldorado, Bairro da Uni\u00e3o, Villa Amazonas, Nossa Senhora das Gra\u00e7as, Br-174 e possuir documenta\u00e7\u00e3o completa (com dispensa militar);<\/p>\n\n\n\n<p><strong>Atividades &#8211; <\/strong>executar atividades de apoio aos processos produtivos prim\u00e1rios e secund\u00e1rios, conforme Procedimentos Operacionais Padr\u00e3o, Normas Reguladoras e diretrizes de SSMA; realizar abastecimento de materiais, organiza\u00e7\u00e3o da \u00e1rea, limpeza de equipamentos e controle b\u00e1sico de documentos; atuar no monitoramento das condi\u00e7\u00f5es de higiene, armazenamento e limpeza.<\/p>\n\n\n\n<p><strong>Dispon\u00edvel at\u00e9 30\/4\/2026 ou encerramento da vaga<\/strong><\/p>\n\n\n\n<p><strong>VAGAS EM SERVI\u00c7O &#8211; 185<\/strong><\/p>\n\n\n\n<p><strong>50 vagas &#8211; Auxiliar de Linha de Produ\u00e7\u00e3o<\/strong><\/p>\n\n\n\n<p><strong>Escolaridade &#8211; <\/strong>ensino fundamental incompleto;<\/p>\n\n\n\n<p><strong>Experi\u00eancia &#8211;<\/strong> n\u00e3o \u00e9 necess\u00e1rio;<\/p>\n\n\n\n<p><strong>Requisitos Obrigat\u00f3rios &#8211; <\/strong>a vaga \u00e9 destinada para candidatos que est\u00e3o em busca de novos desafios; o candidato vai precisar morar em: V\u00e1rzea Grande &#8211; MT e possuir documenta\u00e7\u00e3o completa (com dispensa militar);<\/p>\n\n\n\n<p><strong>Atividades &#8211; <\/strong>executar atividades operacionais em setores de apoio ou produ\u00e7\u00e3o de frios, visando garantir a manuten\u00e7\u00e3o, organiza\u00e7\u00e3o, limpeza ou opera\u00e7\u00e3o de atividades na unidade.<\/p>\n\n\n\n<p><strong>Dispon\u00edvel at\u00e9 30\/4\/2026 ou encerramento da vaga<\/strong><\/p>\n\n\n\n<p><strong>25 vagas &#8211; Auxiliar de Cozinha<\/strong><\/p>\n\n\n\n<p><strong>Escolaridade &#8211; <\/strong>ensino fundamental completo;<\/p>\n\n\n\n<p><strong>Experi\u00eancia &#8211;<\/strong> n\u00e3o \u00e9 necess\u00e1rio;<\/p>\n\n\n\n<p><strong>Requisitos Obrigat\u00f3rios &#8211; <\/strong>a vaga \u00e9 destinada para candidatos que est\u00e3o em busca de novos desafios; o candidato vai precisar morar em: Minas Gerais, Belo Horizonte ou Nordeste e possuir documenta\u00e7\u00e3o completa (com dispensa militar);<\/p>\n\n\n\n<p><strong>Atividades &#8211; <\/strong>prepara\u00e7\u00e3o e organiza\u00e7\u00e3o de alimentos, a higieniza\u00e7\u00e3o do ambiente e dos utens\u00edlios, e o apoio direto aos cozinheiros.<\/p>\n\n\n\n<p><strong>Dispon\u00edvel at\u00e9 30\/4\/2026 ou encerramento da vaga<\/strong><\/p>\n\n\n\n<p><strong>1 vaga &#8211; Auxiliar de Refrigera\u00e7\u00e3o<\/strong><\/p>\n\n\n\n<p><strong>Escolaridade &#8211;<\/strong> ensino m\u00e9dio completo;<\/p>\n\n\n\n<p><strong>Experi\u00eancia &#8211; <\/strong>seis meses na Carteira de Trabalho;<\/p>\n\n\n\n<p><strong>Requisitos Obrigat\u00f3rios <\/strong>&#8211; possuir documenta\u00e7\u00e3o completa (com dispensa militar);<\/p>\n\n\n\n<p><strong>Atividades &#8211; <\/strong>prestar apoio t\u00e9cnico em instala\u00e7\u00e3o e manuten\u00e7\u00e3o de sistemas de refrigera\u00e7\u00e3o.<\/p>\n\n\n\n<p><strong>Dispon\u00edvel at\u00e9 30\/4\/2026 ou encerramento da vaga<\/strong><\/p>\n\n\n\n<p><strong>5 vagas &#8211; Art\u00edfice<\/strong><\/p>\n\n\n\n<p><strong>Escolaridade &#8211;<\/strong> ensino fundamental incompleto;<\/p>\n\n\n\n<p><strong>Experi\u00eancia &#8211; <\/strong>tr\u00eas meses na Carteira de Trabalho ou avulsa;<\/p>\n\n\n\n<p><strong>Requisitos Obrigat\u00f3rios <\/strong>&#8211; possuir documenta\u00e7\u00e3o completa (com dispensa militar);<\/p>\n\n\n\n<p><strong>Atividades &#8211; <\/strong>executar servi\u00e7os manuais em diversas \u00e1reas, incluindo manuten\u00e7\u00e3o preventiva e corretiva em sistemas de refrigera\u00e7\u00e3o; realizar pequenos reparos e inspe\u00e7\u00f5es em equipamentos e estruturas, contribuindo para a conserva\u00e7\u00e3o e organiza\u00e7\u00e3o dos ambientes.<\/p>\n\n\n\n<p><strong>Dispon\u00edvel at\u00e9 30\/4\/2026 ou encerramento da vaga<\/strong><\/p>\n\n\n\n<p><strong>2 vagas &#8211; Motorista de Caminh\u00e3o<\/strong><\/p>\n\n\n\n<p><strong>Escolaridade &#8211;<\/strong> ensino fundamental completo;<\/p>\n\n\n\n<p><strong>Experi\u00eancia &#8211; <\/strong>tr\u00eas meses na Carteira de Trabalho;<\/p>\n\n\n\n<p><strong>Requisitos Obrigat\u00f3rios <\/strong>&#8211; ter disponibilidade de hor\u00e1rio (inclusive aos s\u00e1bados), Carteira Nacional de Habilita\u00e7\u00e3o categoria D, curso MOPP, experi\u00eancia com roll on, roll off ou poli guincho e possuir documenta\u00e7\u00e3o completa (com dispensa militar);<\/p>\n\n\n\n<p><strong>Atividades &#8211; <\/strong>conduzir caminh\u00e3o para coleta e transporte de res\u00edduos; realizar check-list di\u00e1rio do ve\u00edculo; cumprir rotas e cronogramas estabelecidos; seguir as normas de tr\u00e2nsito e meio ambiente; zelar pelo ve\u00edculo e demais equipamentos de trabalho.<\/p>\n\n\n\n<p><strong>Dispon\u00edvel at\u00e9 30\/4\/2026 ou encerramento da vaga<\/strong><\/p>\n\n\n\n<p><strong>1 vaga &#8211; Serralheiro<\/strong><\/p>\n\n\n\n<p><strong>Escolaridade &#8211;<\/strong> ensino m\u00e9dio completo;<\/p>\n\n\n\n<p><strong>Experi\u00eancia &#8211; <\/strong>registrada na Carteira de Trabalho;<\/p>\n\n\n\n<p><strong>Requisitos Obrigat\u00f3rios <\/strong>&#8211; ter curso de NR 10, NR 35 e possuir documenta\u00e7\u00e3o completa (com dispensa militar);<\/p>\n\n\n\n<p><strong>Atividades &#8211; <\/strong>reparos em portas, port\u00f5es, fechaduras, dobradi\u00e7as e outros componentes met\u00e1licos; executar servi\u00e7os de serralheria em geral, incluindo fabrica\u00e7\u00e3o e instala\u00e7\u00e3o de estruturas met\u00e1licas; realizar cortes, furos, solda (MIG, TIG) e acabamento em pe\u00e7as met\u00e1licas.<\/p>\n\n\n\n<p><strong>Dispon\u00edvel at\u00e9 30\/4\/2026 ou encerramento da vaga<\/strong><\/p>\n\n\n\n<p><strong>1 vaga &#8211; Art\u00edfice<\/strong><\/p>\n\n\n\n<p><strong>Escolaridade &#8211;<\/strong> ensino fundamental completo;<\/p>\n\n\n\n<p><strong>Experi\u00eancia &#8211; <\/strong>registrada na Carteira de Trabalho;<\/p>\n\n\n\n<p><strong>Requisitos Obrigat\u00f3rios <\/strong>&#8211; ter curso de NR 10, NR 35 e possuir documenta\u00e7\u00e3o completa (com dispensa militar);<\/p>\n\n\n\n<p><strong>Atividades &#8211; <\/strong>reparos civis, hidr\u00e1ulicos e pintura predial; manuten\u00e7\u00e3o preventiva e corretiva; levantamento de materiais para execu\u00e7\u00e3o e or\u00e7amento; organiza\u00e7\u00e3o e preserva\u00e7\u00e3o dos ambientes durante os servi\u00e7os.<\/p>\n\n\n\n<p><strong>Dispon\u00edvel at\u00e9 30\/4\/2026 ou encerramento da vaga<\/strong><\/p>\n\n\n\n<p><strong>1 vaga &#8211; Auxiliar Administrativo<\/strong><\/p>\n\n\n\n<p><strong>Escolaridade &#8211;<\/strong> cursando ensino superior em Administra\u00e7\u00e3o ou Contabilidade (a partir do 2\u00ba per\u00edodo);<\/p>\n\n\n\n<p><strong>Experi\u00eancia &#8211; <\/strong>seis meses na Carteira de Trabalho;<\/p>\n\n\n\n<p><strong>Requisitos Obrigat\u00f3rios <\/strong>&#8211; ter Carteira Nacional de Habilita\u00e7\u00e3o categoria B, conhecimento em rotina fiscal&nbsp; e possuir documenta\u00e7\u00e3o completa (com dispensa militar);<\/p>\n\n\n\n<p><strong>Atividades &#8211; <\/strong>suporte geral \u00e0 organiza\u00e7\u00e3o, focando em organiza\u00e7\u00e3o de documentos, atendimento, controle financeiro b\u00e1sico, gest\u00e3o de agendas, elabora\u00e7\u00e3o de relat\u00f3rios e planilhas, suporte a RH e log\u00edstica, manuten\u00e7\u00e3o de cadastros e outras atividades.<\/p>\n\n\n\n<p><strong>Dispon\u00edvel at\u00e9 30\/4\/2026 ou encerramento da vaga<\/strong><\/p>\n\n\n\n<p><strong>3 vagas &#8211; T\u00e9cnico e Instalador de Purificador de \u00c1gua<\/strong><\/p>\n\n\n\n<p><strong>Escolaridade &#8211;<\/strong> ensino m\u00e9dio completo;<\/p>\n\n\n\n<p><strong>Experi\u00eancia &#8211; <\/strong>n\u00e3o \u00e9 necess\u00e1rio;<\/p>\n\n\n\n<p><strong>Requisitos Obrigat\u00f3rios <\/strong>&#8211; ter Carteira Nacional de Habilita\u00e7\u00e3o categoria AB, no\u00e7\u00f5es de hidr\u00e1ulica, afinidade com ferramentas e possuir documenta\u00e7\u00e3o completa (com dispensa militar);<\/p>\n\n\n\n<p><strong>Atividades &#8211; <\/strong>atendimento por rota; locomo\u00e7\u00e3o de purificadores; instala\u00e7\u00e3o de purificadores; troca de refil de purificadores.<\/p>\n\n\n\n<p><strong>Dispon\u00edvel at\u00e9 30\/4\/2026 ou encerramento da vaga<\/strong><\/p>\n\n\n\n<p><strong>15 vagas &#8211; Montador de M\u00f3veis<\/strong><\/p>\n\n\n\n<p><strong>Escolaridade &#8211;<\/strong> ensino m\u00e9dio completo;<\/p>\n\n\n\n<p><strong>Experi\u00eancia &#8211; <\/strong>registrada na Carteira de Trabalho;<\/p>\n\n\n\n<p><strong>Requisitos Obrigat\u00f3rios <\/strong>&#8211; possuir documenta\u00e7\u00e3o completa (com dispensa militar);<\/p>\n\n\n\n<p><strong>Atividades &#8211; <\/strong>preparar locais, montar m\u00f3veis padr\u00e3o e planejado, instalar e reparar m\u00f3veis de madeira ou materiais derivados (mdf\/mdp) em s\u00e9rie ou sob encomenda, seguindo projetos, normas de seguran\u00e7a e qualidade.<\/p>\n\n\n\n<p><strong>Dispon\u00edvel at\u00e9 30\/4\/2026 ou encerramento da vaga<\/strong><\/p>\n\n\n\n<p><strong>3 vagas &#8211; Ajudante de Carga e Descarga<\/strong><\/p>\n\n\n\n<p><strong>Escolaridade &#8211;<\/strong> ensino fundamental completo;<\/p>\n\n\n\n<p><strong>Experi\u00eancia &#8211; <\/strong>n\u00e3o \u00e9 necess\u00e1rio;<\/p>\n\n\n\n<p><strong>Requisitos Obrigat\u00f3rios <\/strong>&#8211; possuir documenta\u00e7\u00e3o completa (com dispensa militar);<\/p>\n\n\n\n<p><strong>Atividades &#8211; <\/strong>movimentar mercadorias, carregando e descarregando ve\u00edculos (caminh\u00f5es, vans), garantindo a seguran\u00e7a e integridade dos produtos e auxiliando na organiza\u00e7\u00e3o do estoque, separa\u00e7\u00e3o, confer\u00eancia (notas fiscais) e expedi\u00e7\u00e3o de itens.<\/p>\n\n\n\n<p><strong>Dispon\u00edvel at\u00e9 30\/4\/2026 ou encerramento da vaga<\/strong><\/p>\n\n\n\n<p><strong>1 vaga &#8211; Cozinheiro<\/strong><\/p>\n\n\n\n<p><strong>Escolaridade &#8211;<\/strong> ensino m\u00e9dio completo;<\/p>\n\n\n\n<p><strong>Experi\u00eancia &#8211; <\/strong>registrada na Carteira de Trabalho;<\/p>\n\n\n\n<p><strong>Requisitos Obrigat\u00f3rios <\/strong>&#8211; possuir documenta\u00e7\u00e3o completa;<\/p>\n\n\n\n<p><strong>Atividades &#8211; <\/strong>criar e elaborar pratos e card\u00e1pios, atuar direta e indiretamente na prepara\u00e7\u00e3o dos alimentos; gerenciar brigada de cozinha e planejar as rotinas de trabalho; gerenciar, ainda, os estoques e atuar na capacita\u00e7\u00e3o de funcion\u00e1rios.<\/p>\n\n\n\n<p><strong>Dispon\u00edvel at\u00e9 30\/4\/2026 ou encerramento da vaga<\/strong><\/p>\n\n\n\n<p><strong>1 vaga &#8211; Motorista de Caminh\u00e3o Ba\u00fa<\/strong><\/p>\n\n\n\n<p><strong>Escolaridade &#8211;<\/strong> ensino fundamental completo;<\/p>\n\n\n\n<p><strong>Experi\u00eancia &#8211; <\/strong>registrada na Carteira de Trabalho;<\/p>\n\n\n\n<p><strong>Requisitos Obrigat\u00f3rios <\/strong>&#8211; ter Carteira Nacional de Habilita\u00e7\u00e3o categoria D, disponibilidade de hor\u00e1rio, disponibilidade para viagens interestaduais e possuir documenta\u00e7\u00e3o completa (com dispensa militar);<\/p>\n\n\n\n<p><strong>Atividades &#8211; <\/strong>conduzir os ve\u00edculos automotivos da institui\u00e7\u00e3o, seguindo as solicita\u00e7\u00f5es, mantendo-se informado sobre a agenda de entregas, respeitando as leis nacionais de tr\u00e2nsito e promovendo dire\u00e7\u00e3o defensiva, transporte da equipe de eventos, transporte de equipamentos.<\/p>\n\n\n\n<p><strong>Dispon\u00edvel at\u00e9 30\/4\/2026 ou encerramento da vaga<\/strong><\/p>\n\n\n\n<p><strong>2 vagas &#8211; Jardineiro<\/strong><\/p>\n\n\n\n<p><strong>Escolaridade &#8211;<\/strong> ensino fundamental completo;<\/p>\n\n\n\n<p><strong>Experi\u00eancia &#8211; <\/strong>seis meses na Carteira de Trabalho;<\/p>\n\n\n\n<p><strong>Requisitos Obrigat\u00f3rios <\/strong>&#8211; possuir documenta\u00e7\u00e3o completa (com dispensa militar);<\/p>\n\n\n\n<p><strong>Atividades &#8211; <\/strong>cria\u00e7\u00e3o, manuten\u00e7\u00e3o e conserva\u00e7\u00e3o de jardins, parques e \u00e1reas verdes.<\/p>\n\n\n\n<p><strong>Dispon\u00edvel at\u00e9 30\/4\/2026 ou encerramento da vaga<\/strong><\/p>\n\n\n\n<p><strong>1 vaga &#8211; Mec\u00e2nico de Manuten\u00e7\u00e3o de M\u00e1quinas<\/strong><\/p>\n\n\n\n<p><strong>Escolaridade &#8211;<\/strong> ensino m\u00e9dio completo;<\/p>\n\n\n\n<p><strong>Experi\u00eancia &#8211; <\/strong>registrada na Carteira de Trabalho;<\/p>\n\n\n\n<p><strong>Requisitos Obrigat\u00f3rios <\/strong>&#8211; ter experi\u00eancia com equipamentos industriais e possuir documenta\u00e7\u00e3o completa (com dispensa militar);<\/p>\n\n\n\n<p><strong>Atividades &#8211; <\/strong>realizar manuten\u00e7\u00f5es preventivas e corretivas para garantir o funcionamento de m\u00e1quinas, equipamentos e instala\u00e7\u00f5es.<\/p>\n\n\n\n<p><strong>Dispon\u00edvel at\u00e9 30\/4\/2026 ou encerramento da vaga<\/strong><\/p>\n\n\n\n<p><strong>1 vaga &#8211; Mec\u00e2nico de Refrigera\u00e7\u00e3o<\/strong><\/p>\n\n\n\n<p><strong>Escolaridade &#8211;<\/strong> ensino m\u00e9dio completo;<\/p>\n\n\n\n<p><strong>Experi\u00eancia &#8211; <\/strong>registrada na Carteira de Trabalho;<\/p>\n\n\n\n<p><strong>Requisitos Obrigat\u00f3rios <\/strong>&#8211; possuir documenta\u00e7\u00e3o completa (com dispensa militar);<\/p>\n\n\n\n<p><strong>Atividades &#8211; <\/strong>instalar, manter e reparar sistemas de refrigera\u00e7\u00e3o, climatiza\u00e7\u00e3o e ar-condicionado.<\/p>\n\n\n\n<p><strong>Dispon\u00edvel at\u00e9 30\/4\/2026 ou encerramento da vaga<\/strong><\/p>\n\n\n\n<p><strong>5 vagas &#8211; Mec\u00e2nico de Refrigera\u00e7\u00e3o e Climatiza\u00e7\u00e3o<\/strong><\/p>\n\n\n\n<p><strong>Escolaridade &#8211;<\/strong> ensino t\u00e9cnico completo em Refrigera\u00e7\u00e3o e Climatiza\u00e7\u00e3o;<\/p>\n\n\n\n<p><strong>Experi\u00eancia &#8211; <\/strong>seis meses na Carteira de Trabalho;<\/p>\n\n\n\n<p><strong>Requisitos Obrigat\u00f3rios <\/strong>&#8211; ter conhecimento em ferramentas e equipamentos acima de 60.000 BTUs (Chiller, Cassete, Piso Teto, VRF), preenchimento de PMOC, O.S e possuir documenta\u00e7\u00e3o completa (com dispensa militar);<\/p>\n\n\n\n<p><strong>Atividades &#8211; <\/strong>instalar, manter e consertar sistemas como ar-condicionado e c\u00e2maras frias, garantindo seu bom funcionamento; identificar falhas, realizar manuten\u00e7\u00f5es, fazer recarga de g\u00e1s e seguir normas de seguran\u00e7a e qualidade, assegurando efici\u00eancia e conserva\u00e7\u00e3o adequada.<\/p>\n\n\n\n<p><strong>Dispon\u00edvel at\u00e9 30\/4\/2026 ou encerramento da vaga<\/strong><\/p>\n\n\n\n<p><strong>1 vaga &#8211; Oficial de Manuten\u00e7\u00e3o<\/strong><\/p>\n\n\n\n<p><strong>Escolaridade &#8211;<\/strong> ensino m\u00e9dio completo;<\/p>\n\n\n\n<p><strong>Experi\u00eancia &#8211; <\/strong>seis meses na Carteira de Trabalho;<\/p>\n\n\n\n<p><strong>Requisitos Obrigat\u00f3rios <\/strong>&#8211; possuir documenta\u00e7\u00e3o completa (com dispensa militar);<\/p>\n\n\n\n<p><strong>Atividades &#8211; <\/strong>realizar manuten\u00e7\u00e3o predial em telhado; hidr\u00e1ulica; alvenaria; assentamento de cer\u00e2micas; pintura.<\/p>\n\n\n\n<p><strong>Dispon\u00edvel at\u00e9 30\/4\/2026 ou encerramento da vaga<\/strong><\/p>\n\n\n\n<p><strong>1 vaga &#8211; T\u00e9cnico de Refrigera\u00e7\u00e3o<\/strong><\/p>\n\n\n\n<p><strong>Escolaridade &#8211;<\/strong> ensino m\u00e9dio completo;<\/p>\n\n\n\n<p><strong>Experi\u00eancia &#8211; <\/strong>registrada na Carteira de Trabalho;<\/p>\n\n\n\n<p><strong>Requisitos Obrigat\u00f3rios <\/strong>&#8211; ter Carteira Nacional de Habilita\u00e7\u00e3o categoria B, curso T\u00e9cnico em Refrigera\u00e7\u00e3o, NR 10, NR 35, disponibilidade para viagens e possuir documenta\u00e7\u00e3o completa (com dispensa militar);<\/p>\n\n\n\n<p><strong>Atividades &#8211; <\/strong>avalia\u00e7\u00e3o e dimensionamento de locais para instala\u00e7\u00e3o de equipamentos de refrigera\u00e7\u00e3o, calefa\u00e7\u00e3o e ar-condicionado; especifica\u00e7\u00e3o de materiais e acess\u00f3rios e instala\u00e7\u00e3o de equipamentos de refrigera\u00e7\u00e3o e ventila\u00e7\u00e3o; Instala\u00e7\u00e3o de ramais de dutos, montagem de tubula\u00e7\u00f5es de refrigera\u00e7\u00e3o, aplica\u00e7\u00e3o de v\u00e1cuo em sistemas de refrigera\u00e7\u00e3o; carregamento de sistemas de refrigera\u00e7\u00e3o com fluido refrigerante; realiza\u00e7\u00e3o de testes nos sistemas de refrigera\u00e7\u00e3o.<\/p>\n\n\n\n<p><strong>Dispon\u00edvel at\u00e9 30\/4\/2026 ou encerramento da vaga<\/strong><\/p>\n\n\n\n<p><strong>15 vagas &#8211; T\u00e9cnico de Telefonia<\/strong><\/p>\n\n\n\n<p><strong>Escolaridade &#8211;<\/strong> ensino m\u00e9dio completo;<\/p>\n\n\n\n<p><strong>Experi\u00eancia &#8211; <\/strong>n\u00e3o \u00e9 necess\u00e1rio;<\/p>\n\n\n\n<p><strong>Requisitos Obrigat\u00f3rios <\/strong>&#8211; ter Carteira Nacional de Habilita\u00e7\u00e3o categoria B e possuir documenta\u00e7\u00e3o completa (com dispensa militar);<\/p>\n\n\n\n<p><strong>Atividades &#8211; <\/strong>verificar equipamentos de telecomunica\u00e7\u00f5es; fazer teste de rotina; identificar e corrigir falhas no sistema de telecomunica\u00e7\u00f5es; instala\u00e7\u00e3o de internet fibra \u00f3ptica; configura\u00e7\u00e3o de roteadores e antenas da empresa de telefonia.<\/p>\n\n\n\n<p><strong>Dispon\u00edvel at\u00e9 30\/4\/2026 ou encerramento da vaga<\/strong><\/p>\n\n\n\n<p><strong>1 vaga &#8211; T\u00e9cnico de Som<\/strong><\/p>\n\n\n\n<p><strong>Escolaridade &#8211;<\/strong> ensino m\u00e9dio completo;<\/p>\n\n\n\n<p><strong>Experi\u00eancia &#8211; <\/strong>registrada na Carteira de Trabalho;<\/p>\n\n\n\n<p><strong>Requisitos Obrigat\u00f3rios <\/strong>&#8211;&nbsp; possuir documenta\u00e7\u00e3o completa;<\/p>\n\n\n\n<p><strong>Atividades &#8211; <\/strong>configurar, operar e monitorar sistemas de sonoriza\u00e7\u00e3o e grava\u00e7\u00e3o; editar, misturar, pr\u00e9-masterizar e restaurar registros sonoros de discos, fitas, v\u00eddeo, filmes; criar projetos de sistemas de sonoriza\u00e7\u00e3o e grava\u00e7\u00e3o; preparar, instalar e desinstalar equipamentos de \u00e1udio e acess\u00f3rios.<\/p>\n\n\n\n<p><strong>Dispon\u00edvel at\u00e9 30\/4\/2026 ou encerramento da vaga<\/strong><\/p>\n\n\n\n<p><strong>2 vagas &#8211; Agente de Limpeza<\/strong><\/p>\n\n\n\n<p><strong>Escolaridade &#8211;<\/strong> ensino fundamental completo;<\/p>\n\n\n\n<p><strong>Experi\u00eancia &#8211; <\/strong>seis meses na Carteira de Trabalho;<\/p>\n\n\n\n<p><strong>Requisitos Obrigat\u00f3rios <\/strong>&#8211; possuir documenta\u00e7\u00e3o completa (com dispensa militar);<\/p>\n\n\n\n<p><strong>Atividades &#8211; <\/strong>manuten\u00e7\u00e3o da limpeza e conserva\u00e7\u00e3o de ambientes, utilizando equipamentos e produtos adequados para a remo\u00e7\u00e3o de sujidades, limpeza de pisos, paredes, vidros, m\u00f3veis, entre outros; executar atividades como coleta de lixo, reposi\u00e7\u00e3o de materiais de higiene, e sinaliza\u00e7\u00e3o de \u00e1reas em manuten\u00e7\u00e3o.<\/p>\n\n\n\n<p><strong>Dispon\u00edvel at\u00e9 30\/4\/2026 ou encerramento da vaga<\/strong><\/p>\n\n\n\n<p><strong>5 vagas &#8211; Ajudante de Eletricista<\/strong><\/p>\n\n\n\n<p><strong>Escolaridade &#8211;<\/strong> ensino fundamental completo;<\/p>\n\n\n\n<p><strong>Experi\u00eancia &#8211; <\/strong>seis meses na Carteira de Trabalho;<\/p>\n\n\n\n<p><strong>Requisitos Obrigat\u00f3rios <\/strong>&#8211; ter curso de Eletricidade b\u00e1sico, no\u00e7\u00f5es de leitura e interpreta\u00e7\u00e3o de diagramas el\u00e9tricos, e possuir documenta\u00e7\u00e3o completa (com dispensa militar);<\/p>\n\n\n\n<p><strong>Atividades &#8211; <\/strong>auxiliar na execu\u00e7\u00e3o de servi\u00e7os de instala\u00e7\u00e3o, manuten\u00e7\u00e3o preventiva e corretiva em sistemas el\u00e9tricos de baixa e m\u00e9dia tens\u00e3o, atuando sob supervis\u00e3o de eletricistas ou t\u00e9cnicos respons\u00e1veis; contribuir para o funcionamento seguro e eficiente das instala\u00e7\u00f5es el\u00e9tricas, seguindo normas t\u00e9cnicas e de seguran\u00e7a; auxiliar na montagem e instala\u00e7\u00e3o de sistemas el\u00e9tricos, como fia\u00e7\u00e3o, eletrodutos, quadros de distribui\u00e7\u00e3o e dispositivos el\u00e9tricos; apoiar na manuten\u00e7\u00e3o preventiva e corretiva de equipamentos e instala\u00e7\u00f5es el\u00e9tricas; realiza passagem de cabos, fixa\u00e7\u00e3o de componentes e organiza\u00e7\u00e3o de materiais; efetuar testes simples e medi\u00e7\u00f5es com instrumentos sob orienta\u00e7\u00e3o; identificar poss\u00edveis falhas e comunicar ao respons\u00e1vel t\u00e9cnico; zelar pela conserva\u00e7\u00e3o de ferramentas, equipamentos e local de trabalho.<\/p>\n\n\n\n<p><strong>Dispon\u00edvel at\u00e9 30\/4\/2026 ou encerramento da vaga<\/strong><\/p>\n\n\n\n<p><strong>1 vaga &#8211; Auxiliar de Manuten\u00e7\u00e3o Predial<\/strong><\/p>\n\n\n\n<p><strong>Escolaridade &#8211;<\/strong> ensino m\u00e9dio completo;<\/p>\n\n\n\n<p><strong>Experi\u00eancia &#8211; <\/strong>seis meses na Carteira de Trabalho;<\/p>\n\n\n\n<p><strong>Requisitos Obrigat\u00f3rios <\/strong>&#8211; ter experi\u00eancia em Drywall, Gesso, El\u00e9trica b\u00e1sica e possuir documenta\u00e7\u00e3o completa (com dispensa militar);<\/p>\n\n\n\n<p><strong>Atividades &#8211; <\/strong>realizar a conserva\u00e7\u00e3o, reparos e ajustes em instala\u00e7\u00f5es el\u00e9tricas, hidr\u00e1ulicas, pintura, alvenaria e carpintaria de edif\u00edcios, seguindo cronogramas preventivos e ordens de servi\u00e7o.<\/p>\n\n\n\n<p><strong>Dispon\u00edvel at\u00e9 30\/4\/2026 ou encerramento da vaga<\/strong><\/p>\n\n\n\n<p><strong>1 vaga &#8211; Auxiliar de Cozinha<\/strong><\/p>\n\n\n\n<p><strong>Escolaridade &#8211;<\/strong> ensino fundamental completo;<\/p>\n\n\n\n<p><strong>Experi\u00eancia &#8211; <\/strong>seis meses na Carteira de Trabalho;<\/p>\n\n\n\n<p><strong>Requisitos Obrigat\u00f3rios <\/strong>&#8211; ter disponibilidade de hor\u00e1rio e possuir documenta\u00e7\u00e3o completa (com dispensa militar);<\/p>\n\n\n\n<p><strong>Atividades &#8211; <\/strong>pr\u00e9-preparo (cortar, lavar, descascar), montagem de pratos, higieniza\u00e7\u00e3o do local e equipamentos; controle de estoque de insumos e descarte de res\u00edduos.<\/p>\n\n\n\n<p><strong>Dispon\u00edvel at\u00e9 30\/4\/2026 ou encerramento da vaga<\/strong><\/p>\n\n\n\n<p><strong>7 vagas &#8211; Servente de Obra<\/strong><\/p>\n\n\n\n<p><strong>Escolaridade &#8211;<\/strong> ensino fundamental completo;<\/p>\n\n\n\n<p><strong>Experi\u00eancia &#8211; <\/strong>n\u00e3o \u00e9 necess\u00e1rio;<\/p>\n\n\n\n<p><strong>Requisitos Obrigat\u00f3rios <\/strong>&#8211; possuir documenta\u00e7\u00e3o completa (com dispensa militar);<\/p>\n\n\n\n<p><strong>Atividades &#8211; <\/strong>preparar canteiros, misturando argamassa, transportando materiais e auxiliando pedreiros em funda\u00e7\u00f5es e alvenaria; limpeza em geral na obra, mas especificamente para limpeza de formas de concretos.<\/p>\n\n\n\n<p><strong>Dispon\u00edvel at\u00e9 30\/4\/2026 ou encerramento da vaga<\/strong><\/p>\n\n\n\n<p><strong>2 vagas &#8211; Soldador<\/strong><\/p>\n\n\n\n<p><strong>Escolaridade &#8211;<\/strong> ensino m\u00e9dio completo;<\/p>\n\n\n\n<p><strong>Experi\u00eancia &#8211; <\/strong>seis meses na Carteira de Trabalho;<\/p>\n\n\n\n<p><strong>Requisitos Obrigat\u00f3rios <\/strong>&#8211; ter curso de NR 10 e possuir documenta\u00e7\u00e3o completa (com dispensa militar);<\/p>\n\n\n\n<p><strong>Atividades &#8211; <\/strong>soldar pe\u00e7as met\u00e1licas, para fabrica\u00e7\u00e3o, manuten\u00e7\u00e3o e recupera\u00e7\u00e3o dessas pe\u00e7as, por meio de processos diversificados, tais como, eletrodo revestido, processos de soldagem como Solda MIG; aplicar m\u00e9todos e t\u00e9cnicas de soldagem, orientando-se por desenhos, especifica\u00e7\u00f5es e documenta\u00e7\u00e3o t\u00e9cnicas; selecionar, preparar e utilizar m\u00e1quinas, equipamentos, ferramentas, consum\u00edveis, materiais e acess\u00f3rios espec\u00edficos.<\/p>\n\n\n\n<p><strong>Dispon\u00edvel at\u00e9 30\/4\/2026 ou encerramento da vaga<\/strong><\/p>\n\n\n\n<p><strong>1 vaga &#8211; Analista Cont\u00e1bil<\/strong><\/p>\n\n\n\n<p><strong>Escolaridade &#8211;<\/strong> ensino superior completo em Contabilidade;<\/p>\n\n\n\n<p><strong>Experi\u00eancia &#8211; <\/strong>registrada na Carteira de Trabalho;<\/p>\n\n\n\n<p><strong>Requisitos Obrigat\u00f3rios <\/strong>&#8211; possuir documenta\u00e7\u00e3o completa;<\/p>\n\n\n\n<p><strong>Atividades &#8211; <\/strong>realizar lan\u00e7amentos cont\u00e1beis; elaborar demonstrativos financeiros; realizar concilia\u00e7\u00e3o banc\u00e1ria; preparar declara\u00e7\u00f5es cont\u00e1beis; fechamento de balan\u00e7os.<\/p>\n\n\n\n<p><strong>Dispon\u00edvel at\u00e9 30\/4\/2026 ou encerramento da vaga<\/strong><\/p>\n\n\n\n<p><strong>1 vaga &#8211; Analista Fiscal<\/strong><\/p>\n\n\n\n<p><strong>Escolaridade &#8211;<\/strong> ensino superior completo em Contabilidade;<\/p>\n\n\n\n<p><strong>Experi\u00eancia &#8211; <\/strong>registrada na Carteira de Trabalho;<\/p>\n\n\n\n<p><strong>Requisitos Obrigat\u00f3rios <\/strong>&#8211; ter conhecimento em apura\u00e7\u00f5es de impostos diretos e indiretos (ICMS, IPI, PIS, COFINS, IRPJ, CSLL) e possuir documenta\u00e7\u00e3o completa;<\/p>\n\n\n\n<p><strong>Atividades &#8211; <\/strong>elaborar e entregar declara\u00e7\u00f5es fiscais obrigat\u00f3rias, como SPED Fiscal, EFD-Contribui\u00e7\u00f5es e DCTF; analisar notas fiscais de entrada e sa\u00edda; identificar oportunidades para reduzir a carga tribut\u00e1ria; atender fiscaliza\u00e7\u00f5es e auditorias<\/p>\n\n\n\n<p><strong>Dispon\u00edvel at\u00e9 30\/4\/2026 ou encerramento da vaga<\/strong><\/p>\n\n\n\n<p><strong>1 vaga &#8211; Cuidador de Idosos<\/strong><\/p>\n\n\n\n<p><strong>Escolaridade &#8211;<\/strong> ensino m\u00e9dio completo;<\/p>\n\n\n\n<p><strong>Experi\u00eancia &#8211; <\/strong>seis meses na Carteira de Trabalho ou avulsa;<\/p>\n\n\n\n<p><strong>Requisitos Obrigat\u00f3rios <\/strong>&#8211; possuir documenta\u00e7\u00e3o completa (com dispensa militar);<\/p>\n\n\n\n<p><strong>Atividades &#8211; <\/strong>fornecer assist\u00eancia f\u00edsica e emocional a pessoas mais velhas, ajudando em rotinas di\u00e1rias como higiene, alimenta\u00e7\u00e3o, mobilidade e administra\u00e7\u00e3o de medicamentos, al\u00e9m de garantir seguran\u00e7a, bem-estar e lazer.<\/p>\n\n\n\n<p><strong>Dispon\u00edvel at\u00e9 30\/4\/2026 ou encerramento da vaga<\/strong><\/p>\n\n\n\n<p><strong>1 vaga &#8211; Analista Financeiro<\/strong><\/p>\n\n\n\n<p><strong>Escolaridade &#8211;<\/strong> ensino superior completo em Economia, Contabilidade ou Administra\u00e7\u00e3o;<\/p>\n\n\n\n<p><strong>Experi\u00eancia &#8211; <\/strong>registrada na Carteira de Trabalho;<\/p>\n\n\n\n<p><strong>Requisitos Obrigat\u00f3rios <\/strong>&#8211; ter Pacote Office, experi\u00eancia em processo financeiro, conhecimento cont\u00e1bil, fiscal e possuir documenta\u00e7\u00e3o completa (com dispensa militar);<\/p>\n\n\n\n<p><strong>Atividades &#8211; <\/strong>realizar o pagamento e recebimento de contas, a an\u00e1lise de faturamento, a concilia\u00e7\u00e3o banc\u00e1ria, a confer\u00eancia de boletos e notas fiscais, al\u00e9m do controle de gastos.<\/p>\n\n\n\n<p><strong>Dispon\u00edvel at\u00e9 30\/4\/2026 ou encerramento da vaga<\/strong><\/p>\n\n\n\n<p><strong>3 vagas &#8211; Ajudante de Motorista<\/strong><\/p>\n\n\n\n<p><strong>Escolaridade &#8211;<\/strong> ensino m\u00e9dio completo;<\/p>\n\n\n\n<p><strong>Experi\u00eancia &#8211; <\/strong>seis meses na Carteira de Trabalho;<\/p>\n\n\n\n<p><strong>Requisitos Obrigat\u00f3rios <\/strong>&#8211; possuir documenta\u00e7\u00e3o completa (com dispensa militar);<\/p>\n\n\n\n<p><strong>Atividades &#8211; <\/strong>realizar embalagem de materiais, garantir a seguran\u00e7a da carga e auxiliar na limpeza e conserva\u00e7\u00e3o do ve\u00edculo.<\/p>\n\n\n\n<p><strong>Dispon\u00edvel at\u00e9 30\/4\/2026 ou encerramento da vaga<\/strong><\/p>\n\n\n\n<p><strong>2 vagas &#8211; Auxiliar de Limpeza<\/strong><\/p>\n\n\n\n<p><strong>Escolaridade &#8211;<\/strong> ensino m\u00e9dio completo;<\/p>\n\n\n\n<p><strong>Experi\u00eancia &#8211; <\/strong>seis meses na Carteira de Trabalho;<\/p>\n\n\n\n<p><strong>Requisitos Obrigat\u00f3rios <\/strong>&#8211; ter experi\u00eancia com lavagem de carros, motos e possuir documenta\u00e7\u00e3o completa (com dispensa militar);<\/p>\n\n\n\n<p><strong>Atividades &#8211; <\/strong>realizar limpeza geral, lavar banheiro, manter a copa organizada, lavar lou\u00e7a, servir visitantes, manter os m\u00f3veis e objetos limpos, controlar material de limpeza.<\/p>\n\n\n\n<p><strong>Dispon\u00edvel at\u00e9 30\/4\/2026 ou encerramento da vaga<\/strong><\/p>\n\n\n\n<p><strong>2 vagas &#8211; Art\u00edfice de Manuten\u00e7\u00e3o<\/strong><\/p>\n\n\n\n<p><strong>Escolaridade &#8211;<\/strong> ensino m\u00e9dio completo;<\/p>\n\n\n\n<p><strong>Experi\u00eancia &#8211; <\/strong>seis meses na Carteira de Trabalho;<\/p>\n\n\n\n<p><strong>Requisitos Obrigat\u00f3rios <\/strong>&#8211; possuir documenta\u00e7\u00e3o completa (com dispensa militar);<\/p>\n\n\n\n<p><strong>Atividades &#8211; <\/strong>manuten\u00e7\u00e3o predial em geral, servi\u00e7os de carpintaria, pedreiro.<\/p>\n\n\n\n<p><strong>Dispon\u00edvel at\u00e9 30\/4\/2026 ou encerramento da vaga<\/strong><\/p>\n\n\n\n<p><strong>10 vagas &#8211; Art\u00edfice de Manuten\u00e7\u00e3o Predial e Civil<\/strong><\/p>\n\n\n\n<p><strong>Escolaridade &#8211;<\/strong> ensino m\u00e9dio completo;<\/p>\n\n\n\n<p><strong>Experi\u00eancia &#8211; <\/strong>tr\u00eas meses na Carteira de Trabalho;<\/p>\n\n\n\n<p><strong>Requisitos Obrigat\u00f3rios <\/strong>&#8211; possuir documenta\u00e7\u00e3o completa (com dispensa militar);<\/p>\n\n\n\n<p><strong>Atividades &#8211; <\/strong>atuar na conserva\u00e7\u00e3o geral de edifica\u00e7\u00f5es, realizando manuten\u00e7\u00e3o preventiva e corretiva em alvenaria, pintura, instala\u00e7\u00f5es hidr\u00e1ulicas e el\u00e9tricas b\u00e1sicas.<\/p>\n\n\n\n<p><strong>Dispon\u00edvel at\u00e9 30\/4\/2026 ou encerramento da vaga<\/strong><\/p>\n\n\n\n<p><strong>10 vagas &#8211; Servente de Obras<\/strong><\/p>\n\n\n\n<p><strong>Escolaridade &#8211;<\/strong> ensino fundamental completo;<\/p>\n\n\n\n<p><strong>Experi\u00eancia &#8211; <\/strong>n\u00e3o \u00e9 necess\u00e1rio;<\/p>\n\n\n\n<p><strong>Requisitos Obrigat\u00f3rios <\/strong>&#8211; possuir documenta\u00e7\u00e3o completa (com dispensa militar);<\/p>\n\n\n\n<p><strong>Atividades &#8211; <\/strong>realizar servi\u00e7os de apoio na constru\u00e7\u00e3o civil, como transporte de materiais, prepara\u00e7\u00e3o de massa, limpeza e organiza\u00e7\u00e3o do canteiro.<\/p>\n\n\n\n<p><strong>Dispon\u00edvel at\u00e9 30\/4\/2026 ou encerramento da vaga<\/strong><\/p>\n\n\n\n<p><strong>VAGAS DESTINADAS \u00c0 PESSOAS COM DEFICI\u00caNCIA (PCDS) &#8211; 20<\/strong><\/p>\n\n\n\n<p><strong>3 vagas &#8211; Promotor de Vendas &#8211; Vagas exclusivas para Pessoa com Defici\u00eancia (PcD)<\/strong><\/p>\n\n\n\n<p><strong>Escolaridade &#8211;<\/strong> ensino m\u00e9dio completo;<\/p>\n\n\n\n<p><strong>Experi\u00eancia &#8211; <\/strong>n\u00e3o \u00e9 necess\u00e1rio;<\/p>\n\n\n\n<p><strong>Requisitos Obrigat\u00f3rios <\/strong>&#8211; possuir documenta\u00e7\u00e3o completa;<\/p>\n\n\n\n<p><strong>Atividades &#8211; <\/strong>garantir a organiza\u00e7\u00e3o do departamento, oferecendo atendimento diferenciado ao cliente e impulsionando resultados por meio da oferta de produtos; atender prontamente solicita\u00e7\u00f5es do caixa, assegurando integridade das mercadorias e precifica\u00e7\u00e3o adequada; monitorar entrada e sa\u00edda de pe\u00e7as no provador, entre outras atividades correlatas \u00e0 fun\u00e7\u00e3o.<\/p>\n\n\n\n<p><strong>Dispon\u00edvel at\u00e9 30\/4\/2026 ou encerramento da vaga<\/strong><\/p>\n\n\n\n<p><strong>10 vagas &#8211; Atendente de Lanchonete &#8211; Vagas exclusivas para Pessoa com Defici\u00eancia (PcD)<\/strong><\/p>\n\n\n\n<p><strong>Escolaridade &#8211;<\/strong> ensino m\u00e9dio completo ou cursando;<\/p>\n\n\n\n<p><strong>Experi\u00eancia &#8211; <\/strong>n\u00e3o \u00e9 necess\u00e1rio;<\/p>\n\n\n\n<p><strong>Requisitos Obrigat\u00f3rios <\/strong>&#8211; possuir documenta\u00e7\u00e3o completa;<\/p>\n\n\n\n<p><strong>Atividades &#8211; <\/strong>realizar atendimento ao cliente de forma cordial, clara e eficiente; prestar informa\u00e7\u00f5es sobre produtos, servi\u00e7os e procedimentos; esclarecer d\u00favidas e orientar os clientes conforme suas necessidades.<\/p>\n\n\n\n<p><strong>Dispon\u00edvel at\u00e9 30\/4\/2026 ou encerramento da vaga<\/strong><\/p>\n\n\n\n<p><strong>3 vagas &#8211; Consultor de Vendas &#8211; Vagas exclusivas para Pessoa com Defici\u00eancia (PcD)<\/strong><\/p>\n\n\n\n<p><strong>Escolaridade &#8211;<\/strong> ensino m\u00e9dio completo;<\/p>\n\n\n\n<p><strong>Experi\u00eancia &#8211; <\/strong>n\u00e3o \u00e9 necess\u00e1rio;<\/p>\n\n\n\n<p><strong>Requisitos Obrigat\u00f3rios <\/strong>&#8211; possuir documenta\u00e7\u00e3o completa;<\/p>\n\n\n\n<p><strong>Atividades &#8211; <\/strong>entender as necessidades do cliente para oferecer solu\u00e7\u00f5es personalizadas, atuando de forma estrat\u00e9gica, al\u00e9m da simples transa\u00e7\u00e3o, vender planos e matricular novos alunos.<\/p>\n\n\n\n<p><strong>Dispon\u00edvel at\u00e9 30\/4\/2026 ou encerramento da vaga<\/strong><\/p>\n\n\n\n<p><strong>1 vaga &#8211; Auxiliar de Produ\u00e7\u00e3o &#8211; Vagas exclusivas para Pessoa com Defici\u00eancia (PcD)<\/strong><\/p>\n\n\n\n<p><strong>Escolaridade &#8211;<\/strong> ensino m\u00e9dio completo;<\/p>\n\n\n\n<p><strong>Experi\u00eancia &#8211; <\/strong>n\u00e3o \u00e9 necess\u00e1rio;<\/p>\n\n\n\n<p><strong>Requisitos Obrigat\u00f3rios <\/strong>&#8211; trabalhar em escala 12&#215;36 e possuir documenta\u00e7\u00e3o completa (com dispensa militar);<\/p>\n\n\n\n<p><strong>Atividades &#8211; <\/strong>atuar na ind\u00fastria aliment\u00edcia, sendo respons\u00e1vel por preparar mat\u00e9rias-primas, operar e abastecer m\u00e1quinas, embalar produtos acabados e garantir a limpeza da \u00e1rea de produ\u00e7\u00e3o; controle de estoque, movimenta\u00e7\u00e3o de materiais e inspe\u00e7\u00e3o de qualidade, com foco na efici\u00eancia da linha de produtos como farinhas e massas.<\/p>\n\n\n\n<p><strong>Dispon\u00edvel at\u00e9 30\/4\/2026 ou encerramento da vaga<\/strong><\/p>\n\n\n\n<p><strong>2 vagas &#8211; Auxiliar de Limpeza &#8211; Vagas exclusivas para Pessoa com Defici\u00eancia (PcD)<\/strong><\/p>\n\n\n\n<p><strong>Escolaridade &#8211;<\/strong> ensino fundamental completo;<\/p>\n\n\n\n<p><strong>Experi\u00eancia &#8211; <\/strong>n\u00e3o \u00e9 necess\u00e1rio;<\/p>\n\n\n\n<p><strong>Requisitos Obrigat\u00f3rios <\/strong>&#8211; possuir documenta\u00e7\u00e3o completa;<\/p>\n\n\n\n<p><strong>Atividades &#8211; <\/strong>auxiliar na limpeza de utens\u00edlios em geral, cozinha, sal\u00e3o, balc\u00e3o, fog\u00e3o, chapa e exaustor (quando necess\u00e1rio); lavagem dos utens\u00edlios, freezers, das lixeiras e c\u00e2mara de lixo; reposi\u00e7\u00e3o dos pratos e talheres e etc.; assepsia dos pratos, talheres e utens\u00edlios e separar e recolher o lixo.<\/p>\n\n\n\n<p><strong>Dispon\u00edvel at\u00e9 30\/4\/2026 ou encerramento da vaga<\/strong><\/p>\n\n\n\n<p><strong>1 vaga &#8211; Auxiliar Administrativo &#8211; Vagas exclusivas para Pessoa com Defici\u00eancia (PcD)<\/strong><\/p>\n\n\n\n<p><strong>Escolaridade &#8211;<\/strong> ensino fundamental completo;<\/p>\n\n\n\n<p><strong>Experi\u00eancia &#8211; <\/strong>n\u00e3o \u00e9 necess\u00e1rio;<\/p>\n\n\n\n<p><strong>Requisitos Obrigat\u00f3rios <\/strong>&#8211; possuir documenta\u00e7\u00e3o completa;<\/p>\n\n\n\n<p><strong>Atividades &#8211; <\/strong>realizar a organiza\u00e7\u00e3o e arquivamento de documentos f\u00edsicos e digitais, lan\u00e7amento de dados em sistemas e planilhas, apoio nas rotinas de RH, financeiro e administrativo, emiss\u00e3o e controle de relat\u00f3rios, controle de correspond\u00eancias e e-mails, apoio em processos internos e aux\u00edlio na elabora\u00e7\u00e3o de documentos e planilhas.<\/p>\n\n\n\n<p><strong>Dispon\u00edvel at\u00e9 30\/4\/2026 ou encerramento da vaga<\/strong><\/p>\n\n\n\n<p>&#8212; &#8212; &#8212;<\/p>\n\n\n\n<p><strong>Texto<\/strong>&nbsp;&#8211;&nbsp;Divulga\u00e7\u00e3o\/Semtepi<\/p>\n\n\n\n<p><strong>Fotos<\/strong>&nbsp;&#8211;&nbsp;Arquivo\/Semcom<\/p>\n\n\n\n<p><strong>Dispon\u00edveis em<\/strong>&nbsp;&#8211;&nbsp;<a href=\"https:\/\/flic.kr\/s\/aHBqjCetWK\">https:\/\/flic.kr\/s\/aHBqjCetWK<\/a><\/p>\n","protected":false},"excerpt":{"rendered":"","protected":false},"author":39,"featured_media":7419,"comment_status":"closed","ping_status":"closed","sticky":false,"template":"","format":"standard","meta":{"footnotes":""},"categories":[5],"tags":[1769,1770,7,8,9,10],"acf":[],"yoast_head":"<!-- This site is optimized with the Yoast SEO plugin v23.0 - https:\/\/yoast.com\/wordpress\/plugins\/seo\/ -->\n<title>Sine Manaus oferta 481 vagas de emprego nesta quinta-feira, 30\/4<\/title>\n<meta name=\"description\" content=\"A Prefeitura de Manaus, por meio do Sine Manaus, oferta 481 vagas de emprego em v\u00e1rias \u00e1reas de atua\u00e7\u00e3o, nesta quinta-feira, 30\/4.\" \/>\n<meta name=\"robots\" content=\"noindex, follow\" \/>\n<meta property=\"og:locale\" content=\"pt_BR\" \/>\n<meta property=\"og:type\" content=\"article\" \/>\n<meta property=\"og:title\" content=\"Sine Manaus oferta 481 vagas de emprego nesta quinta-feira, 30\/4\" \/>\n<meta property=\"og:description\" content=\"A Prefeitura de Manaus, por meio do Sine Manaus, oferta 481 vagas de emprego em v\u00e1rias \u00e1reas de atua\u00e7\u00e3o, nesta quinta-feira, 30\/4.\" \/>\n<meta property=\"og:url\" content=\"https:\/\/www.manaus.am.gov.br\/semtepi\/oportunidade\/sine-manaus-481-vagas-emprego-30-4\/\" \/>\n<meta property=\"og:site_name\" content=\"SEMTEPI\" \/>\n<meta property=\"article:published_time\" content=\"2026-04-29T18:25:50+00:00\" \/>\n<meta property=\"article:modified_time\" content=\"2026-04-29T18:30:52+00:00\" \/>\n<meta property=\"og:image\" content=\"https:\/\/www.manaus.am.gov.br\/semtepi\/wp-content\/uploads\/sites\/20\/2025\/12\/54523927824_f1e50dbf0a_c.jpg\" \/>\n\t<meta property=\"og:image:width\" content=\"799\" \/>\n\t<meta property=\"og:image:height\" content=\"533\" \/>\n\t<meta property=\"og:image:type\" content=\"image\/jpeg\" \/>\n<meta name=\"author\" content=\"Bruna Greco\" \/>\n<meta name=\"twitter:card\" content=\"summary_large_image\" \/>\n<meta name=\"twitter:label1\" content=\"Written by\" \/>\n\t<meta name=\"twitter:data1\" content=\"Bruna Greco\" \/>\n\t<meta name=\"twitter:label2\" content=\"Est. reading time\" \/>\n\t<meta name=\"twitter:data2\" content=\"36 minutos\" \/>\n<script type=\"application\/ld+json\" class=\"yoast-schema-graph\">{\"@context\":\"https:\/\/schema.org\",\"@graph\":[{\"@type\":\"Article\",\"@id\":\"https:\/\/www.manaus.am.gov.br\/semtepi\/oportunidade\/sine-manaus-481-vagas-emprego-30-4\/#article\",\"isPartOf\":{\"@id\":\"https:\/\/www.manaus.am.gov.br\/semtepi\/oportunidade\/sine-manaus-481-vagas-emprego-30-4\/\"},\"author\":{\"name\":\"Bruna Greco\",\"@id\":\"https:\/\/www.manaus.am.gov.br\/semtepi\/#\/schema\/person\/05d223aea2bf115f9883a6ff3683d81b\"},\"headline\":\"Sine Manaus oferta 481 vagas de emprego nesta quinta-feira, 30\/4\",\"datePublished\":\"2026-04-29T18:25:50+00:00\",\"dateModified\":\"2026-04-29T18:30:52+00:00\",\"mainEntityOfPage\":{\"@id\":\"https:\/\/www.manaus.am.gov.br\/semtepi\/oportunidade\/sine-manaus-481-vagas-emprego-30-4\/\"},\"wordCount\":7871,\"publisher\":{\"@id\":\"https:\/\/www.manaus.am.gov.br\/semtepi\/#organization\"},\"image\":{\"@id\":\"https:\/\/www.manaus.am.gov.br\/semtepi\/oportunidade\/sine-manaus-481-vagas-emprego-30-4\/#primaryimage\"},\"thumbnailUrl\":\"https:\/\/www.manaus.am.gov.br\/semtepi\/wp-content\/uploads\/sites\/20\/2025\/12\/54523927824_f1e50dbf0a_c.jpg\",\"keywords\":[\"30\/4\",\"481 vagas de emprego\",\"oportunidade\",\"prefeitura de manaus\",\"Semtepi\",\"sine manaus\"],\"articleSection\":[\"Oportunidade\"],\"inLanguage\":\"pt-BR\"},{\"@type\":\"WebPage\",\"@id\":\"https:\/\/www.manaus.am.gov.br\/semtepi\/oportunidade\/sine-manaus-481-vagas-emprego-30-4\/\",\"url\":\"https:\/\/www.manaus.am.gov.br\/semtepi\/oportunidade\/sine-manaus-481-vagas-emprego-30-4\/\",\"name\":\"Sine Manaus oferta 481 vagas de emprego nesta quinta-feira, 30\/4\",\"isPartOf\":{\"@id\":\"https:\/\/www.manaus.am.gov.br\/semtepi\/#website\"},\"primaryImageOfPage\":{\"@id\":\"https:\/\/www.manaus.am.gov.br\/semtepi\/oportunidade\/sine-manaus-481-vagas-emprego-30-4\/#primaryimage\"},\"image\":{\"@id\":\"https:\/\/www.manaus.am.gov.br\/semtepi\/oportunidade\/sine-manaus-481-vagas-emprego-30-4\/#primaryimage\"},\"thumbnailUrl\":\"https:\/\/www.manaus.am.gov.br\/semtepi\/wp-content\/uploads\/sites\/20\/2025\/12\/54523927824_f1e50dbf0a_c.jpg\",\"datePublished\":\"2026-04-29T18:25:50+00:00\",\"dateModified\":\"2026-04-29T18:30:52+00:00\",\"description\":\"A Prefeitura de Manaus, por meio do Sine Manaus, oferta 481 vagas de emprego em v\u00e1rias \u00e1reas de atua\u00e7\u00e3o, nesta quinta-feira, 30\/4.\",\"breadcrumb\":{\"@id\":\"https:\/\/www.manaus.am.gov.br\/semtepi\/oportunidade\/sine-manaus-481-vagas-emprego-30-4\/#breadcrumb\"},\"inLanguage\":\"pt-BR\",\"potentialAction\":[{\"@type\":\"ReadAction\",\"target\":[\"https:\/\/www.manaus.am.gov.br\/semtepi\/oportunidade\/sine-manaus-481-vagas-emprego-30-4\/\"]}]},{\"@type\":\"ImageObject\",\"inLanguage\":\"pt-BR\",\"@id\":\"https:\/\/www.manaus.am.gov.br\/semtepi\/oportunidade\/sine-manaus-481-vagas-emprego-30-4\/#primaryimage\",\"url\":\"https:\/\/www.manaus.am.gov.br\/semtepi\/wp-content\/uploads\/sites\/20\/2025\/12\/54523927824_f1e50dbf0a_c.jpg\",\"contentUrl\":\"https:\/\/www.manaus.am.gov.br\/semtepi\/wp-content\/uploads\/sites\/20\/2025\/12\/54523927824_f1e50dbf0a_c.jpg\",\"width\":799,\"height\":533,\"caption\":\"#paratodosverem - Atendimento na entrada de posto do Sine Manaus\"},{\"@type\":\"BreadcrumbList\",\"@id\":\"https:\/\/www.manaus.am.gov.br\/semtepi\/oportunidade\/sine-manaus-481-vagas-emprego-30-4\/#breadcrumb\",\"itemListElement\":[{\"@type\":\"ListItem\",\"position\":1,\"name\":\"Home\",\"item\":\"https:\/\/www.manaus.am.gov.br\/semtepi\/\"},{\"@type\":\"ListItem\",\"position\":2,\"name\":\"Sine Manaus oferta 481 vagas de emprego nesta quinta-feira, 30\/4\"}]},{\"@type\":\"WebSite\",\"@id\":\"https:\/\/www.manaus.am.gov.br\/semtepi\/#website\",\"url\":\"https:\/\/www.manaus.am.gov.br\/semtepi\/\",\"name\":\"SEMTEPI\",\"description\":\"Prefeitura de Manaus\",\"publisher\":{\"@id\":\"https:\/\/www.manaus.am.gov.br\/semtepi\/#organization\"},\"alternateName\":\"Secretaria Municipal do Trabalho, Empreendedorismo e Inova\u00e7\u00e3o\",\"potentialAction\":[{\"@type\":\"SearchAction\",\"target\":{\"@type\":\"EntryPoint\",\"urlTemplate\":\"https:\/\/www.manaus.am.gov.br\/semtepi\/?s={search_term_string}\"},\"query-input\":\"required name=search_term_string\"}],\"inLanguage\":\"pt-BR\"},{\"@type\":\"Organization\",\"@id\":\"https:\/\/www.manaus.am.gov.br\/semtepi\/#organization\",\"name\":\"Prefeitura Municipal de Manaus\",\"alternateName\":\"Prefeitura de Manaus\",\"url\":\"https:\/\/www.manaus.am.gov.br\/semtepi\/\",\"logo\":{\"@type\":\"ImageObject\",\"inLanguage\":\"pt-BR\",\"@id\":\"https:\/\/www.manaus.am.gov.br\/semtepi\/#\/schema\/logo\/image\/\",\"url\":\"https:\/\/www.manaus.am.gov.br\/semtepi\/wp-content\/uploads\/sites\/20\/2024\/07\/favicon.png\",\"contentUrl\":\"https:\/\/www.manaus.am.gov.br\/semtepi\/wp-content\/uploads\/sites\/20\/2024\/07\/favicon.png\",\"width\":300,\"height\":300,\"caption\":\"Prefeitura Municipal de Manaus\"},\"image\":{\"@id\":\"https:\/\/www.manaus.am.gov.br\/semtepi\/#\/schema\/logo\/image\/\"}},{\"@type\":\"Person\",\"@id\":\"https:\/\/www.manaus.am.gov.br\/semtepi\/#\/schema\/person\/05d223aea2bf115f9883a6ff3683d81b\",\"name\":\"Bruna Greco\",\"image\":{\"@type\":\"ImageObject\",\"inLanguage\":\"pt-BR\",\"@id\":\"https:\/\/www.manaus.am.gov.br\/semtepi\/#\/schema\/person\/image\/\",\"url\":\"https:\/\/secure.gravatar.com\/avatar\/9c877d1a6adc2a055330e5c09a8653ce?s=96&d=mm&r=g\",\"contentUrl\":\"https:\/\/secure.gravatar.com\/avatar\/9c877d1a6adc2a055330e5c09a8653ce?s=96&d=mm&r=g\",\"caption\":\"Bruna Greco\"}}]}<\/script>\n<!-- \/ Yoast SEO plugin. -->","yoast_head_json":{"title":"Sine Manaus oferta 481 vagas de emprego nesta quinta-feira, 30\/4","description":"A Prefeitura de Manaus, por meio do Sine Manaus, oferta 481 vagas de emprego em v\u00e1rias \u00e1reas de atua\u00e7\u00e3o, nesta quinta-feira, 30\/4.","robots":{"index":"noindex","follow":"follow"},"og_locale":"pt_BR","og_type":"article","og_title":"Sine Manaus oferta 481 vagas de emprego nesta quinta-feira, 30\/4","og_description":"A Prefeitura de Manaus, por meio do Sine Manaus, oferta 481 vagas de emprego em v\u00e1rias \u00e1reas de atua\u00e7\u00e3o, nesta quinta-feira, 30\/4.","og_url":"https:\/\/www.manaus.am.gov.br\/semtepi\/oportunidade\/sine-manaus-481-vagas-emprego-30-4\/","og_site_name":"SEMTEPI","article_published_time":"2026-04-29T18:25:50+00:00","article_modified_time":"2026-04-29T18:30:52+00:00","og_image":[{"width":799,"height":533,"url":"https:\/\/www.manaus.am.gov.br\/semtepi\/wp-content\/uploads\/sites\/20\/2025\/12\/54523927824_f1e50dbf0a_c.jpg","type":"image\/jpeg"}],"author":"Bruna Greco","twitter_card":"summary_large_image","twitter_misc":{"Written by":"Bruna Greco","Est. reading time":"36 minutos"},"schema":{"@context":"https:\/\/schema.org","@graph":[{"@type":"Article","@id":"https:\/\/www.manaus.am.gov.br\/semtepi\/oportunidade\/sine-manaus-481-vagas-emprego-30-4\/#article","isPartOf":{"@id":"https:\/\/www.manaus.am.gov.br\/semtepi\/oportunidade\/sine-manaus-481-vagas-emprego-30-4\/"},"author":{"name":"Bruna Greco","@id":"https:\/\/www.manaus.am.gov.br\/semtepi\/#\/schema\/person\/05d223aea2bf115f9883a6ff3683d81b"},"headline":"Sine Manaus oferta 481 vagas de emprego nesta quinta-feira, 30\/4","datePublished":"2026-04-29T18:25:50+00:00","dateModified":"2026-04-29T18:30:52+00:00","mainEntityOfPage":{"@id":"https:\/\/www.manaus.am.gov.br\/semtepi\/oportunidade\/sine-manaus-481-vagas-emprego-30-4\/"},"wordCount":7871,"publisher":{"@id":"https:\/\/www.manaus.am.gov.br\/semtepi\/#organization"},"image":{"@id":"https:\/\/www.manaus.am.gov.br\/semtepi\/oportunidade\/sine-manaus-481-vagas-emprego-30-4\/#primaryimage"},"thumbnailUrl":"https:\/\/www.manaus.am.gov.br\/semtepi\/wp-content\/uploads\/sites\/20\/2025\/12\/54523927824_f1e50dbf0a_c.jpg","keywords":["30\/4","481 vagas de emprego","oportunidade","prefeitura de manaus","Semtepi","sine manaus"],"articleSection":["Oportunidade"],"inLanguage":"pt-BR"},{"@type":"WebPage","@id":"https:\/\/www.manaus.am.gov.br\/semtepi\/oportunidade\/sine-manaus-481-vagas-emprego-30-4\/","url":"https:\/\/www.manaus.am.gov.br\/semtepi\/oportunidade\/sine-manaus-481-vagas-emprego-30-4\/","name":"Sine Manaus oferta 481 vagas de emprego nesta quinta-feira, 30\/4","isPartOf":{"@id":"https:\/\/www.manaus.am.gov.br\/semtepi\/#website"},"primaryImageOfPage":{"@id":"https:\/\/www.manaus.am.gov.br\/semtepi\/oportunidade\/sine-manaus-481-vagas-emprego-30-4\/#primaryimage"},"image":{"@id":"https:\/\/www.manaus.am.gov.br\/semtepi\/oportunidade\/sine-manaus-481-vagas-emprego-30-4\/#primaryimage"},"thumbnailUrl":"https:\/\/www.manaus.am.gov.br\/semtepi\/wp-content\/uploads\/sites\/20\/2025\/12\/54523927824_f1e50dbf0a_c.jpg","datePublished":"2026-04-29T18:25:50+00:00","dateModified":"2026-04-29T18:30:52+00:00","description":"A Prefeitura de Manaus, por meio do Sine Manaus, oferta 481 vagas de emprego em v\u00e1rias \u00e1reas de atua\u00e7\u00e3o, nesta quinta-feira, 30\/4.","breadcrumb":{"@id":"https:\/\/www.manaus.am.gov.br\/semtepi\/oportunidade\/sine-manaus-481-vagas-emprego-30-4\/#breadcrumb"},"inLanguage":"pt-BR","potentialAction":[{"@type":"ReadAction","target":["https:\/\/www.manaus.am.gov.br\/semtepi\/oportunidade\/sine-manaus-481-vagas-emprego-30-4\/"]}]},{"@type":"ImageObject","inLanguage":"pt-BR","@id":"https:\/\/www.manaus.am.gov.br\/semtepi\/oportunidade\/sine-manaus-481-vagas-emprego-30-4\/#primaryimage","url":"https:\/\/www.manaus.am.gov.br\/semtepi\/wp-content\/uploads\/sites\/20\/2025\/12\/54523927824_f1e50dbf0a_c.jpg","contentUrl":"https:\/\/www.manaus.am.gov.br\/semtepi\/wp-content\/uploads\/sites\/20\/2025\/12\/54523927824_f1e50dbf0a_c.jpg","width":799,"height":533,"caption":"#paratodosverem - Atendimento na entrada de posto do Sine Manaus"},{"@type":"BreadcrumbList","@id":"https:\/\/www.manaus.am.gov.br\/semtepi\/oportunidade\/sine-manaus-481-vagas-emprego-30-4\/#breadcrumb","itemListElement":[{"@type":"ListItem","position":1,"name":"Home","item":"https:\/\/www.manaus.am.gov.br\/semtepi\/"},{"@type":"ListItem","position":2,"name":"Sine Manaus oferta 481 vagas de emprego nesta quinta-feira, 30\/4"}]},{"@type":"WebSite","@id":"https:\/\/www.manaus.am.gov.br\/semtepi\/#website","url":"https:\/\/www.manaus.am.gov.br\/semtepi\/","name":"SEMTEPI","description":"Prefeitura de Manaus","publisher":{"@id":"https:\/\/www.manaus.am.gov.br\/semtepi\/#organization"},"alternateName":"Secretaria Municipal do Trabalho, Empreendedorismo e Inova\u00e7\u00e3o","potentialAction":[{"@type":"SearchAction","target":{"@type":"EntryPoint","urlTemplate":"https:\/\/www.manaus.am.gov.br\/semtepi\/?s={search_term_string}"},"query-input":"required name=search_term_string"}],"inLanguage":"pt-BR"},{"@type":"Organization","@id":"https:\/\/www.manaus.am.gov.br\/semtepi\/#organization","name":"Prefeitura Municipal de Manaus","alternateName":"Prefeitura de Manaus","url":"https:\/\/www.manaus.am.gov.br\/semtepi\/","logo":{"@type":"ImageObject","inLanguage":"pt-BR","@id":"https:\/\/www.manaus.am.gov.br\/semtepi\/#\/schema\/logo\/image\/","url":"https:\/\/www.manaus.am.gov.br\/semtepi\/wp-content\/uploads\/sites\/20\/2024\/07\/favicon.png","contentUrl":"https:\/\/www.manaus.am.gov.br\/semtepi\/wp-content\/uploads\/sites\/20\/2024\/07\/favicon.png","width":300,"height":300,"caption":"Prefeitura Municipal de Manaus"},"image":{"@id":"https:\/\/www.manaus.am.gov.br\/semtepi\/#\/schema\/logo\/image\/"}},{"@type":"Person","@id":"https:\/\/www.manaus.am.gov.br\/semtepi\/#\/schema\/person\/05d223aea2bf115f9883a6ff3683d81b","name":"Bruna Greco","image":{"@type":"ImageObject","inLanguage":"pt-BR","@id":"https:\/\/www.manaus.am.gov.br\/semtepi\/#\/schema\/person\/image\/","url":"https:\/\/secure.gravatar.com\/avatar\/9c877d1a6adc2a055330e5c09a8653ce?s=96&d=mm&r=g","contentUrl":"https:\/\/secure.gravatar.com\/avatar\/9c877d1a6adc2a055330e5c09a8653ce?s=96&d=mm&r=g","caption":"Bruna Greco"}}]}},"_links":{"self":[{"href":"https:\/\/www.manaus.am.gov.br\/semtepi\/wp-json\/wp\/v2\/posts\/7945"}],"collection":[{"href":"https:\/\/www.manaus.am.gov.br\/semtepi\/wp-json\/wp\/v2\/posts"}],"about":[{"href":"https:\/\/www.manaus.am.gov.br\/semtepi\/wp-json\/wp\/v2\/types\/post"}],"author":[{"embeddable":true,"href":"https:\/\/www.manaus.am.gov.br\/semtepi\/wp-json\/wp\/v2\/users\/39"}],"replies":[{"embeddable":true,"href":"https:\/\/www.manaus.am.gov.br\/semtepi\/wp-json\/wp\/v2\/comments?post=7945"}],"version-history":[{"count":1,"href":"https:\/\/www.manaus.am.gov.br\/semtepi\/wp-json\/wp\/v2\/posts\/7945\/revisions"}],"predecessor-version":[{"id":7946,"href":"https:\/\/www.manaus.am.gov.br\/semtepi\/wp-json\/wp\/v2\/posts\/7945\/revisions\/7946"}],"wp:featuredmedia":[{"embeddable":true,"href":"https:\/\/www.manaus.am.gov.br\/semtepi\/wp-json\/wp\/v2\/media\/7419"}],"wp:attachment":[{"href":"https:\/\/www.manaus.am.gov.br\/semtepi\/wp-json\/wp\/v2\/media?parent=7945"}],"wp:term":[{"taxonomy":"category","embeddable":true,"href":"https:\/\/www.manaus.am.gov.br\/semtepi\/wp-json\/wp\/v2\/categories?post=7945"},{"taxonomy":"post_tag","embeddable":true,"href":"https:\/\/www.manaus.am.gov.br\/semtepi\/wp-json\/wp\/v2\/tags?post=7945"}],"curies":[{"name":"wp","href":"https:\/\/api.w.org\/{rel}","templated":true}]}}