{"id":7706,"date":"2026-03-15T09:00:00","date_gmt":"2026-03-15T13:00:00","guid":{"rendered":"https:\/\/www.manaus.am.gov.br\/semtepi\/?p=7706"},"modified":"2026-03-14T23:58:36","modified_gmt":"2026-03-15T03:58:36","slug":"231-vagas-de-emprego-sine-manaus","status":"publish","type":"post","link":"https:\/\/www.manaus.am.gov.br\/semtepi\/emprego\/231-vagas-de-emprego-sine-manaus\/","title":{"rendered":"Sine Manaus oferta 231 vagas de emprego nesta segunda\u2013feira, 16\/03"},"content":{"rendered":"\n<p><a><\/a>A Prefeitura de Manaus, por meio do Sine Manaus, oferta 231 vagas de emprego em v\u00e1rias \u00e1reas de atua\u00e7\u00e3o, nesta segunda\u2013feira, 16\/03,&nbsp;de 8h \u00e0s 14h. O candidato pode validar a Carteira Digital e Previd\u00eancia Social (CTPS) no aplicativo \u201cCarteira de Trabalho Digital\u201d ou acessar o site&nbsp;<a href=\"http:\/\/gov.br\/trabalho\">http:\/\/gov.br\/trabalho<\/a>.<\/p>\n\n\n\n<p>Para participar da pr\u00e9\u2013sele\u00e7\u00e3o e concorrer a uma das vagas dispon\u00edveis, ou receber orienta\u00e7\u00e3o de cadastro, Carteira de Trabalho Digital e seguro\u2013desemprego, os candidatos devem comparecer a um dos postos do Sine Manaus: na avenida Constantino Nery, n\u00ba 1.272, bairro S\u00e3o Geraldo, zona Centro\u2013Sul; ou no shopping Phelippe Daou, na avenida Camapu\u00e3, n\u00ba 2.939, bairro Cidade de Deus, zona Leste.<\/p>\n\n\n\n<p>Os interessados devem estar munidos do comprovante de vacina\u00e7\u00e3o (Covid\u201319), curr\u00edculo, certificados de cursos e documentos pessoais (RG, CPF, PIS, CTPS, comprovante de escolaridade e resid\u00eancia). N\u00e3o \u00e9 necess\u00e1rio apresentar c\u00f3pias, somente os documentos originais.<\/p>\n\n\n\n<p>\u00c9 importante que os candidatos mantenham seus cadastros atualizados, especialmente ao finalizarem novas qualifica\u00e7\u00f5es. Para vagas espec\u00edficas, podem ser solicitados documentos adicionais, como cursos ou certifica\u00e7\u00f5es, por isso, \u00e9 essencial estar atento aos &#8220;Requisitos Obrigat\u00f3rios&#8221; de cada vaga.<\/p>\n\n\n\n<p>A Semtepi ressalta que, obedecendo ao disposto no artigo 5\u00ba, da Constitui\u00e7\u00e3o Federal, e ao artigo 373\u2013A, da Consolida\u00e7\u00e3o das Leis Trabalhistas (CLT), crit\u00e9rios referentes a sexo, idade, cor ou situa\u00e7\u00e3o familiar, n\u00e3o podem ser informados na divulga\u00e7\u00e3o das vagas disponibilizadas.<\/p>\n\n\n\n<p>Os candidatos devem estar cientes das diretrizes de vestimenta estabelecidas pelo \u00f3rg\u00e3o, as quais incluem a proibi\u00e7\u00e3o de vestimentas como bermudas, shorts, minissaias, camisetas regatas e chinelos durante a entrada.<\/p>\n\n\n\n<p><strong>VAGAS NOVAS \u2013 41<\/strong><\/p>\n\n\n\n<p><strong>3 vagas &#8211; Promotor de Vendas &#8211; Vagas destinadas para Pessoa com Defici\u00eancia (PCD)<\/strong><\/p>\n\n\n\n<p><strong>Escolaridade &#8211;<\/strong> ensino m\u00e9dio completo;<\/p>\n\n\n\n<p><strong>Experi\u00eancia \u2013 <\/strong>n\u00e3o \u00e9 necess\u00e1rio;<\/p>\n\n\n\n<p><strong>Requisitos Obrigat\u00f3rios <\/strong>&#8211; possuir documenta\u00e7\u00e3o completa;<\/p>\n\n\n\n<p><strong>Atividades &#8211; <\/strong>garantir a organiza\u00e7\u00e3o do departamento, oferecendo atendimento diferenciado ao cliente e impulsionando resultados por meio da oferta de produtos; atender prontamente solicita\u00e7\u00f5es do caixa, assegurando integridade das mercadorias e precifica\u00e7\u00e3o adequada; monitorar entrada e sa\u00edda de pe\u00e7as no provador, entre outras atividades correlatas \u00e0 fun\u00e7\u00e3o.<\/p>\n\n\n\n<p><strong>Dispon\u00edvel at\u00e9 16\/03\/2026 ou encerramento da vaga<\/strong><\/p>\n\n\n\n<p><strong>1 vaga &#8211; Auxiliar de Manuten\u00e7\u00e3o<\/strong><\/p>\n\n\n\n<p><strong>Escolaridade &#8211;<\/strong> ensino t\u00e9cnico completo ou cursando Mec\u00e2nica, Eletromec\u00e2nica ou Manuten\u00e7\u00e3o Industrial;<\/p>\n\n\n\n<p><strong>Experi\u00eancia \u2013 <\/strong>dois meses na Carteira de Trabalho;<\/p>\n\n\n\n<p><strong>Requisitos Obrigat\u00f3rios <\/strong>&#8211; ter curso de NR 10, NR 12, conhecimento b\u00e1sico em pneum\u00e1tica, el\u00e9trica, leitura de diagramas t\u00e9cnicos, ajustes mec\u00e2nicos, lubrifica\u00e7\u00e3o, troca de componentes e possuir documenta\u00e7\u00e3o completa (com dispensa militar);<\/p>\n\n\n\n<p><strong>Atividades &#8211; <\/strong>auxiliar nas manuten\u00e7\u00f5es peri\u00f3dicas das m\u00e1quinas sacoleiras, extrusoras, impressoras; realizar inspe\u00e7\u00f5es visuais, limpeza de pe\u00e7as e ajustes; apoiar o setor t\u00e9cnico na desmontagem, substitui\u00e7\u00e3o e montagem de componentes e equipamentos; preencher relat\u00f3rios simples de manuten\u00e7\u00e3o e comunicar problemas operacionais.<\/p>\n\n\n\n<p><strong>Dispon\u00edvel at\u00e9 16\/03\/2026 ou encerramento da vaga<\/strong><\/p>\n\n\n\n<p><strong>15 vagas &#8211; Auxiliar de Servi\u00e7os Gerais<\/strong><\/p>\n\n\n\n<p><strong>Escolaridade &#8211;<\/strong> ensino fundamental completo;<\/p>\n\n\n\n<p><strong>Experi\u00eancia \u2013 <\/strong>seis meses na Carteira de Trabalho;<\/p>\n\n\n\n<p><strong>Requisitos Obrigat\u00f3rios <\/strong>&#8211; possuir documenta\u00e7\u00e3o completa;<\/p>\n\n\n\n<p><strong>Atividades &#8211; <\/strong>realizar limpezas em geral.<\/p>\n\n\n\n<p><strong>Dispon\u00edvel at\u00e9 16\/03\/2026 ou encerramento da vaga<\/strong><\/p>\n\n\n\n<p><strong>1 vaga &#8211; Servi\u00e7os Gerais<\/strong><\/p>\n\n\n\n<p><strong>Escolaridade &#8211;<\/strong> ensino fundamental completo;<\/p>\n\n\n\n<p><strong>Experi\u00eancia \u2013 <\/strong>n\u00e3o \u00e9 necess\u00e1rio;<\/p>\n\n\n\n<p><strong>Requisitos Obrigat\u00f3rios <\/strong>&#8211; residir nas proximidades do bairro Dom Pedro e possuir documenta\u00e7\u00e3o completa (com dispensa militar);<\/p>\n\n\n\n<p><strong>Atividades &#8211; <\/strong>limpeza, higieniza\u00e7\u00e3o e conserva\u00e7\u00e3o de ambientes residenciais, comerciais e industriais.<\/p>\n\n\n\n<p><strong>Dispon\u00edvel at\u00e9 16\/03\/2026 ou encerramento da vaga<\/strong><\/p>\n\n\n\n<p><strong>2 vagas &#8211; Jardineiro<\/strong><\/p>\n\n\n\n<p><strong>Escolaridade &#8211;<\/strong> ensino m\u00e9dio incompleto;<\/p>\n\n\n\n<p><strong>Experi\u00eancia \u2013 <\/strong>registrada na Carteira de Trabalho;<\/p>\n\n\n\n<p><strong>Requisitos Obrigat\u00f3rios <\/strong>&#8211; possuir documenta\u00e7\u00e3o completa (com dispensa militar);<\/p>\n\n\n\n<p><strong>Atividades &#8211; <\/strong>atuar no plantio, trato e manejo de \u00e1rvores ornamentais e plantas, incluindo podas, aduba\u00e7\u00e3o, irriga\u00e7\u00e3o, combate a pragas, preparo do solo e limpeza de \u00e1reas verdes.<\/p>\n\n\n\n<p><strong>Dispon\u00edvel at\u00e9 16\/03\/2026 ou encerramento da vaga<\/strong><\/p>\n\n\n\n<p><strong>2 vagas &#8211; Servi\u00e7os Gerais<\/strong><\/p>\n\n\n\n<p><strong>Escolaridade &#8211;<\/strong> ensino m\u00e9dio incompleto;<\/p>\n\n\n\n<p><strong>Experi\u00eancia \u2013 <\/strong>registrada na Carteira de Trabalho;<\/p>\n\n\n\n<p><strong>Requisitos Obrigat\u00f3rios <\/strong>&#8211; possuir documenta\u00e7\u00e3o completa (com dispensa militar);<\/p>\n\n\n\n<p><strong>Atividades &#8211; <\/strong>atuar na limpeza, conserva\u00e7\u00e3o e manuten\u00e7\u00e3o b\u00e1sica de ambientes residenciais, comerciais ou industriais; varrer, passar pano, higienizar banheiros, remover lixo, repor materiais de consumo e realizar pequenos reparos.<\/p>\n\n\n\n<p><strong>Dispon\u00edvel at\u00e9 16\/03\/2026 ou encerramento da vaga<\/strong><\/p>\n\n\n\n<p><strong>1 vaga &#8211; Auxiliar de Refrigera\u00e7\u00e3o<\/strong><\/p>\n\n\n\n<p><strong>Escolaridade &#8211;<\/strong> ensino m\u00e9dio completo;<\/p>\n\n\n\n<p><strong>Experi\u00eancia \u2013 <\/strong>registrada na Carteira de Trabalho;<\/p>\n\n\n\n<p><strong>Requisitos Obrigat\u00f3rios <\/strong>&#8211; possuir documenta\u00e7\u00e3o completa (com dispensa militar);<\/p>\n\n\n\n<p><strong>Atividades &#8211; <\/strong>auxiliar na instala\u00e7\u00e3o de sistemas de ar condicionado; apoiar na manuten\u00e7\u00e3o preventiva e corretiva de equipamentos de refrigera\u00e7\u00e3o; auxiliar na passagem de tubula\u00e7\u00e3o de cobre; realizar limpeza de evaporadoras e condensadoras.<\/p>\n\n\n\n<p><strong>Dispon\u00edvel at\u00e9 16\/03\/2026 ou encerramento da vaga<\/strong><\/p>\n\n\n\n<p><strong>1 vaga &#8211; Bab\u00e1<\/strong><\/p>\n\n\n\n<p><strong>Escolaridade &#8211;<\/strong> ensino m\u00e9dio completo;<\/p>\n\n\n\n<p><strong>Experi\u00eancia \u2013 <\/strong>registrada na Carteira de Trabalho;<\/p>\n\n\n\n<p><strong>Requisitos Obrigat\u00f3rios <\/strong>&#8211; possuir documenta\u00e7\u00e3o completa;<\/p>\n\n\n\n<p><strong>Atividades &#8211; <\/strong>acompanhar nas atividades di\u00e1rias e momentos de lazer, organizar brinquedos, roupas e objetos da crian\u00e7a, auxiliar na organiza\u00e7\u00e3o b\u00e1sica da casa relacionada \u00e0 rotina da crian\u00e7a.<\/p>\n\n\n\n<p><strong>Dispon\u00edvel at\u00e9 16\/03\/2026 ou encerramento da vaga<\/strong><\/p>\n\n\n\n<p><strong>1 vaga &#8211; Auxiliar de Refrigera\u00e7\u00e3o<\/strong><\/p>\n\n\n\n<p><strong>Escolaridade &#8211;<\/strong> ensino fundamental incompleto;<\/p>\n\n\n\n<p><strong>Experi\u00eancia \u2013 <\/strong>seis meses na Carteira de Trabalho;<\/p>\n\n\n\n<p><strong>Requisitos Obrigat\u00f3rios <\/strong>&#8211; ter curso de Refrigera\u00e7\u00e3o de Ve\u00edculos Pesados, residir nas proximidades do bairro Santo Agostinho e possuir documenta\u00e7\u00e3o completa (com dispensa militar);<\/p>\n\n\n\n<p><strong>Atividades &#8211; <\/strong>atuar na manuten\u00e7\u00e3o preventiva e corretiva dos sistemas de ar-condicionado e climatiza\u00e7\u00e3o, realizando limpeza, troca de filtros, verifica\u00e7\u00e3o de vazamentos, carga de g\u00e1s e aux\u00edlio na instala\u00e7\u00e3o de componentes.<\/p>\n\n\n\n<p><strong>Dispon\u00edvel at\u00e9 16\/03\/2026 ou encerramento da vaga<\/strong><\/p>\n\n\n\n<p><strong>5 vagas &#8211; Auxiliar de Limpeza &#8211; Vagas destinadas para Pessoa com Defici\u00eancia (PCD)<\/strong><\/p>\n\n\n\n<p><strong>Escolaridade &#8211;<\/strong> ensino fundamental completo;<\/p>\n\n\n\n<p><strong>Experi\u00eancia \u2013 <\/strong>registrada na Carteira de Trabalho;<\/p>\n\n\n\n<p><strong>Requisitos Obrigat\u00f3rios <\/strong>&#8211; possuir documenta\u00e7\u00e3o completa;<\/p>\n\n\n\n<p><strong>Atividades &#8211; <\/strong>manter a higiene, organiza\u00e7\u00e3o e conserva\u00e7\u00e3o de ambientes internos e externos, varrendo, lavando, espanando e higienizando superf\u00edcies; realizar a coleta de lixo, reposi\u00e7\u00e3o de materiais e utilizar produtos de limpeza com seguran\u00e7a.<\/p>\n\n\n\n<p><strong>Dispon\u00edvel at\u00e9 16\/03\/2026 ou encerramento da vaga<\/strong><\/p>\n\n\n\n<p><strong>1 vaga &#8211; Comprador<\/strong><\/p>\n\n\n\n<p><strong>Escolaridade &#8211;<\/strong> cursando ensino superior em Administra\u00e7\u00e3o, Contabilidade ou Log\u00edstica;<\/p>\n\n\n\n<p><strong>Experi\u00eancia \u2013 <\/strong>registrada na Carteira de Trabalho;<\/p>\n\n\n\n<p><strong>Requisitos Obrigat\u00f3rios <\/strong>&#8211; ter conhecimento em Pacote Office ou Sistema de Gest\u00e3o e possuir documenta\u00e7\u00e3o completa;<\/p>\n\n\n\n<p><strong>Atividades &#8211; <\/strong>adquirir materiais, insumos, produtos ou servi\u00e7os para uma empresa, buscando o melhor custo-benef\u00edcio, qualidade e prazo<\/p>\n\n\n\n<p><strong>Dispon\u00edvel at\u00e9 16\/03\/2026 ou encerramento da vaga<\/strong><\/p>\n\n\n\n<p><strong>2 vagas &#8211; Auxiliar de Estoque<\/strong><\/p>\n\n\n\n<p><strong>Escolaridade &#8211;<\/strong> ensino m\u00e9dio completo;<\/p>\n\n\n\n<p><strong>Experi\u00eancia \u2013 <\/strong>seis meses na Carteira de Trabalho;<\/p>\n\n\n\n<p><strong>Requisitos Obrigat\u00f3rios <\/strong>&#8211; residir na Zona Norte e possuir documenta\u00e7\u00e3o completa (com dispensa militar);<\/p>\n\n\n\n<p><strong>Atividades &#8211; <\/strong>garantir a organiza\u00e7\u00e3o, controle e movimenta\u00e7\u00e3o eficiente de produtos em um estoque, recebendo, conferindo, armazenando, separando para vendas\/expedi\u00e7\u00e3o e mantendo o local limpo e organizado, com foco em evitar perdas e agilizar processos para vendas e produ\u00e7\u00e3o.<\/p>\n\n\n\n<p><strong>Dispon\u00edvel at\u00e9 16\/03\/2026 ou encerramento da vaga<\/strong><\/p>\n\n\n\n<p><strong>2 vagas &#8211; Auxiliar de Limpeza Industrial<\/strong><\/p>\n\n\n\n<p><strong>Escolaridade &#8211;<\/strong> ensino m\u00e9dio completo;<\/p>\n\n\n\n<p><strong>Experi\u00eancia \u2013 <\/strong>seis meses na Carteira de Trabalho;<\/p>\n\n\n\n<p><strong>Requisitos Obrigat\u00f3rios <\/strong>&#8211; residir na Zona Norte e possuir documenta\u00e7\u00e3o completa (com dispensa militar);<\/p>\n\n\n\n<p><strong>Atividades &#8211; <\/strong>higienizar e conservar \u00e1reas fabris, m\u00e1quinas, equipamentos e ambientes administrativos, garantindo a organiza\u00e7\u00e3o, seguran\u00e7a e o descarte correto de res\u00edduos industriais.<\/p>\n\n\n\n<p><strong>Dispon\u00edvel at\u00e9 16\/03\/2026 ou encerramento da vaga<\/strong><\/p>\n\n\n\n<p><strong>2 vagas &#8211; Auxiliar de Produ\u00e7\u00e3o<\/strong><\/p>\n\n\n\n<p><strong>Escolaridade &#8211;<\/strong> ensino m\u00e9dio completo;<\/p>\n\n\n\n<p><strong>Experi\u00eancia \u2013 <\/strong>seis meses na Carteira de Trabalho;<\/p>\n\n\n\n<p><strong>Requisitos Obrigat\u00f3rios <\/strong>&#8211; residir na Zona Norte e possuir documenta\u00e7\u00e3o completa ;<\/p>\n\n\n\n<p><strong>Atividades &#8211; <\/strong>atuar no suporte t\u00e9cnico ao a\u00e7ougueiro, realizando a limpeza, desossa, preparo de cortes, embalagem e pesagem de carnes, al\u00e9m de higienizar equipamentos e organizar o balc\u00e3o.<\/p>\n\n\n\n<p><strong>Dispon\u00edvel at\u00e9 16\/03\/2026 ou encerramento da vaga<\/strong><\/p>\n\n\n\n<p><strong>2 vagas &#8211; Auxiliar Administrativo &#8211; Vagas destinadas para Pessoa com Defici\u00eancia (PCD)<\/strong><\/p>\n\n\n\n<p><strong>Escolaridade &#8211;<\/strong> ensino m\u00e9dio completo;<\/p>\n\n\n\n<p><strong>Experi\u00eancia \u2013 <\/strong>seis meses na Carteira de Trabalho;<\/p>\n\n\n\n<p><strong>Requisitos Obrigat\u00f3rios <\/strong>&#8211; ter experi\u00eancia com p\u00fablico, demandas administrativas e possuir documenta\u00e7\u00e3o completa;<\/p>\n\n\n\n<p><strong>Atividades &#8211; <\/strong>organizar documentos, atender p\u00fablico e telefone, atualizar planilhas, controlar estoque, emitir notas fiscais e auxiliar em rotinas de RH e financeiro.<\/p>\n\n\n\n<p><strong>Dispon\u00edvel at\u00e9 16\/03\/2026 ou encerramento da vaga<\/strong><\/p>\n\n\n\n<p><strong>VAGAS NO COM\u00c9RCIO \u2013 6<\/strong><\/p>\n\n\n\n<p><strong>2 vagas &#8211; Churrasqueiro<\/strong><\/p>\n\n\n\n<p><strong>Escolaridade &#8211;<\/strong> ensino fundamental completo;<\/p>\n\n\n\n<p><strong>Experi\u00eancia \u2013 <\/strong>seis meses na Carteira de Trabalho;<\/p>\n\n\n\n<p><strong>Requisitos Obrigat\u00f3rios <\/strong>&#8211; possuir documenta\u00e7\u00e3o completa (com dispensa militar);<\/p>\n\n\n\n<p><strong>Atividades &#8211; <\/strong>respons\u00e1vel por todo o processo de um churrasco, abrangendo desde a sele\u00e7\u00e3o, preparo e tempero das carnes at\u00e9 o controle do fogo (brasa), assamento no ponto ideal e corte para servir.<\/p>\n\n\n\n<p><strong>Dispon\u00edvel at\u00e9 16\/03\/2026 ou encerramento da vaga<\/strong><\/p>\n\n\n\n<p><strong>2 vagas &#8211; Saladeiro<\/strong><\/p>\n\n\n\n<p><strong>Escolaridade &#8211;<\/strong> ensino fundamental completo;<\/p>\n\n\n\n<p><strong>Experi\u00eancia \u2013 <\/strong>seis meses na Carteira de Trabalho;<\/p>\n\n\n\n<p><strong>Requisitos Obrigat\u00f3rios <\/strong>&#8211; possuir documenta\u00e7\u00e3o completa;<\/p>\n\n\n\n<p><strong>Atividades &#8211; <\/strong>respons\u00e1vel por higienizar, cortar e preparar verduras, legumes, frutas, molhos e pastas, montando saladas e pratos frios de forma atrativa.<\/p>\n\n\n\n<p><strong>Dispon\u00edvel at\u00e9 16\/03\/2026 ou encerramento da vaga<\/strong><\/p>\n\n\n\n<p><strong>1 vaga &#8211; Atendente de Confeitaria<\/strong><\/p>\n\n\n\n<p><strong>Escolaridade &#8211;<\/strong> ensino m\u00e9dio completo;<\/p>\n\n\n\n<p><strong>Experi\u00eancia \u2013 <\/strong>seis meses na Carteira de Trabalho;<\/p>\n\n\n\n<p><strong>Requisitos Obrigat\u00f3rios <\/strong>&#8211; possuir documenta\u00e7\u00e3o completa;<\/p>\n\n\n\n<p><strong>Atividades &#8211; <\/strong>atender os clientes, servir alimentos e bebidas; manipular alimentos e preparar sucos, drinks, e caf\u00e9s.<\/p>\n\n\n\n<p><strong>Dispon\u00edvel at\u00e9 16\/03\/2026 ou encerramento da vaga<\/strong><\/p>\n\n\n\n<p><strong>1 vaga &#8211; Motorista Entregador<\/strong><\/p>\n\n\n\n<p><strong>Escolaridade &#8211;<\/strong> ensino m\u00e9dio completo;<\/p>\n\n\n\n<p><strong>Experi\u00eancia \u2013 <\/strong>seis meses na Carteira de Trabalho;<\/p>\n\n\n\n<p><strong>Requisitos Obrigat\u00f3rios <\/strong>&#8211; possuir documenta\u00e7\u00e3o completa (com dispensa militar);<\/p>\n\n\n\n<p><strong>Atividades &#8211; <\/strong>transportar, coletar e entregar mercadorias, documentos ou produtos de forma segura e \u00e1gil, seguindo rotas definidas.<\/p>\n\n\n\n<p><strong>Dispon\u00edvel at\u00e9 16\/03\/2026 ou encerramento da vaga<\/strong><\/p>\n\n\n\n<p><strong>VAGAS NA IND\u00daSTRIA \u2013 4<\/strong><\/p>\n\n\n\n<p><strong>1 vaga &#8211; Engenheiro de Seguran\u00e7a do Trabalho<\/strong><\/p>\n\n\n\n<p><strong>Escolaridade &#8211;<\/strong> ensino superior completo em engenharia de seguran\u00e7a do trabalho;<\/p>\n\n\n\n<p><strong>Experi\u00eancia \u2013 <\/strong>registrada na Carteira de Trabalho;<\/p>\n\n\n\n<p><strong>Requisitos Obrigat\u00f3rios <\/strong>&#8211; ter conhecimento s\u00f3lido da legisla\u00e7\u00e3o de SST, normas regulamentadoras (NRs), viv\u00eancia na elabora\u00e7\u00e3o e gest\u00e3o de LTCAT,&nbsp; PPRA\/PGR, em EPI, EPC, sistemas de prote\u00e7\u00e3o contra inc\u00eandio, dom\u00ednio do pacote office; viv\u00eancia no polo industrial de ,manaus e possuir documenta\u00e7\u00e3o completa (com dispensa militar);<\/p>\n\n\n\n<p><strong>Atividades &#8211; <\/strong>atua\u00e7\u00e3o no acompanhamento e implementa\u00e7\u00e3o de planos de a\u00e7\u00e3o em SST, elabora\u00e7\u00e3o de procedimentos t\u00e9cnicos de seguran\u00e7a do trabalho, elabora\u00e7\u00e3o de relat\u00f3rios e controles t\u00e9cnicos, condu\u00e7\u00e3o de reuni\u00f5es e treinamentos, executar levantamento, an\u00e1lise e gest\u00e3o de riscos (f\u00edsicos, qu\u00edmicos, biol\u00f3gicos, ergon\u00f4micos e de acidentes), trabalhar com gest\u00e3o de seguran\u00e7a e sa\u00fade do trabalho: documenta\u00e7\u00e3o e conformidade legal, preven\u00e7\u00e3o de acidentes, doen\u00e7as ocupacionais e cultura de seguran\u00e7a.<\/p>\n\n\n\n<p><strong>Dispon\u00edvel at\u00e9 16\/03\/2026 ou encerramento da vaga<\/strong><\/p>\n\n\n\n<p><strong>3 vagas &#8211; Auxiliar de Produ\u00e7\u00e3o de M\u00f3veis Artesanais<\/strong><\/p>\n\n\n\n<p><strong>Escolaridade &#8211;<\/strong> ensino fundamental completo;<\/p>\n\n\n\n<p><strong>Experi\u00eancia \u2013 <\/strong>seis meses na Carteira de Trabalho;<\/p>\n\n\n\n<p><strong>Requisitos Obrigat\u00f3rios <\/strong>&#8211; ter experi\u00eancia em fabrica\u00e7\u00e3o de m\u00f3veis de fibra sint\u00e9tica e possuir documenta\u00e7\u00e3o completa;<\/p>\n\n\n\n<p><strong>Atividades &#8211; <\/strong>tecelagem de m\u00f3veis em geral; incluir fibras e cordas n\u00e1uticas nos m\u00f3veis.<\/p>\n\n\n\n<p><strong>Dispon\u00edvel at\u00e9 16\/03\/2026 ou encerramento da vaga<\/strong><\/p>\n\n\n\n<p><strong>VAGAS EM SERVI\u00c7O \u2013 177<\/strong><\/p>\n\n\n\n<p><strong>50 vagas &#8211; Auxiliar de Linha de Produ\u00e7\u00e3o<\/strong><\/p>\n\n\n\n<p><strong>Escolaridade &#8211; <\/strong>ensino fundamental incompleto;<\/p>\n\n\n\n<p><strong>Experi\u00eancia \u2013<\/strong> n\u00e3o \u00e9 necess\u00e1rio;<\/p>\n\n\n\n<p><strong>Requisitos Obrigat\u00f3rios &#8211; <\/strong>a vaga \u00e9 destinada para candidatos que est\u00e3o em busca de novos desafios; o candidato vai precisar morar em: V\u00e1rzea Grande (MT) e possuir documenta\u00e7\u00e3o completa (com dispensa militar);<\/p>\n\n\n\n<p><strong>Atividades &#8211; <\/strong>respons\u00e1vel por executar atividades operacionais em setores de apoio ou produ\u00e7\u00e3o de frios, visando garantir a manuten\u00e7\u00e3o, organiza\u00e7\u00e3o, limpeza ou opera\u00e7\u00e3o de atividades na unidade.<\/p>\n\n\n\n<p><strong>Dispon\u00edvel at\u00e9 10\/02\/2026 ou encerramento da vaga<\/strong><\/p>\n\n\n\n<p><strong>25 vagas &#8211; Atendente<\/strong><\/p>\n\n\n\n<p><strong>Escolaridade &#8211; <\/strong>ensino fundamental completo;<\/p>\n\n\n\n<p><strong>Experi\u00eancia \u2013<\/strong> n\u00e3o \u00e9 necess\u00e1rio;<\/p>\n\n\n\n<p><strong>Requisitos Obrigat\u00f3rios &#8211; <\/strong>a vaga \u00e9 destinada para candidatos que est\u00e3o em busca de novos desafios; o candidato vai precisar morar em: MG | RJ | ES | PA | Nordeste e possuir documenta\u00e7\u00e3o completa;<\/p>\n\n\n\n<p><strong>Atividades &#8211; <\/strong>recepcionar os clientes de forma cordial e atenciosa; realizar o atendimento e auxiliar na escolha do card\u00e1pio; registrar os pedidos e encaminh\u00e1-los \u00e0 cozinha; auxiliar na montagem e organiza\u00e7\u00e3o das mesas; realizar a manuten\u00e7\u00e3o, organiza\u00e7\u00e3o e limpeza do ambiente.<\/p>\n\n\n\n<p><strong>Dispon\u00edvel at\u00e9 10\/02\/2026 ou encerramento da vaga<\/strong><\/p>\n\n\n\n<p><strong>25 vagas &#8211; Auxiliar de Cozinha<\/strong><\/p>\n\n\n\n<p><strong>Escolaridade &#8211; <\/strong>ensino fundamental completo;<\/p>\n\n\n\n<p><strong>Experi\u00eancia \u2013<\/strong> n\u00e3o \u00e9 necess\u00e1rio;<\/p>\n\n\n\n<p><strong>Requisitos Obrigat\u00f3rios &#8211; <\/strong>a vaga \u00e9 destinada para candidatos que est\u00e3o em busca de novos desafios; o candidato vai precisar morar em: MG | RJ | ES | PA | Nordeste e possuir documenta\u00e7\u00e3o completa;<\/p>\n\n\n\n<p><strong>Atividades &#8211; <\/strong>prepara\u00e7\u00e3o e organiza\u00e7\u00e3o de alimentos, a higieniza\u00e7\u00e3o do ambiente e dos utens\u00edlios, e o apoio direto aos cozinheiros.<\/p>\n\n\n\n<p><strong>Dispon\u00edvel at\u00e9 10\/02\/2026 ou encerramento da vaga<\/strong><\/p>\n\n\n\n<p><strong>1 vaga &#8211; Analista Comercial<\/strong><\/p>\n\n\n\n<p><strong>Escolaridade &#8211;<\/strong> ensino m\u00e9dio completo;<\/p>\n\n\n\n<p><strong>Experi\u00eancia \u2013 <\/strong>seis meses na Carteira de Trabalho;<\/p>\n\n\n\n<p><strong>Requisitos Obrigat\u00f3rios <\/strong>&#8211; ter conhecimento do CRM agendor e possuir documenta\u00e7\u00e3o completa;<\/p>\n\n\n\n<p><strong>Atividades &#8211; <\/strong>pesquisar mercado e analisar dados coletados para identificar o potencial de vendas dos produtos e monitorar a performance dos vendedores, al\u00e9m disso, \u00e9 o profissional respons\u00e1vel por monitorar os concorrentes no mercado local<\/p>\n\n\n\n<p><strong>Dispon\u00edvel at\u00e9 16\/03\/2026 ou encerramento da vaga<\/strong><\/p>\n\n\n\n<p><strong>1 vaga &#8211; Costureira<\/strong><\/p>\n\n\n\n<p><strong>Escolaridade &#8211;<\/strong> ensino fundamental completo;<\/p>\n\n\n\n<p><strong>Experi\u00eancia \u2013 <\/strong>seis meses na Carteira de Trabalho;<\/p>\n\n\n\n<p><strong>Requisitos Obrigat\u00f3rios <\/strong>&#8211; possuir documenta\u00e7\u00e3o completa;<\/p>\n\n\n\n<p><strong>Atividades &#8211; <\/strong>modelagem, corte e costura, utilizando m\u00e1quinas e t\u00e9cnicas manuais para criar roupas personalizadas ou realizar ajustes em pe\u00e7as prontas.<\/p>\n\n\n\n<p><strong>Dispon\u00edvel at\u00e9 16\/03\/2026 ou encerramento da vaga<\/strong><\/p>\n\n\n\n<p><strong>1 vaga &#8211; Auxiliar de Manuten\u00e7\u00e3o El\u00e9trica e Hidr\u00e1ulica<\/strong><\/p>\n\n\n\n<p><strong>Escolaridade &#8211;<\/strong> ensino m\u00e9dio completo;<\/p>\n\n\n\n<p><strong>Experi\u00eancia \u2013 <\/strong>tres meses na Carteira de Trabalho;<\/p>\n\n\n\n<p><strong>Requisitos Obrigat\u00f3rios <\/strong>&#8211; ter Carteira Nacional de Habilita\u00e7\u00e3o categorias (B), conhecimento em el\u00e9trica e hidr\u00e1ulica e possuir documenta\u00e7\u00e3o completa (com dispensa militar);<\/p>\n\n\n\n<p><strong>Atividades &#8211; <\/strong>instala\u00e7\u00e3o e manuten\u00e7\u00e3o de quadros el\u00e9tricos, instala\u00e7\u00e3o de bombas em esta\u00e7\u00e3o de tratamento ETE, instala\u00e7\u00e3o e reparos hidr\u00e1ulicos.<\/p>\n\n\n\n<p><strong>Dispon\u00edvel at\u00e9 16\/03\/2026 ou encerramento da vaga<\/strong><\/p>\n\n\n\n<p><strong>3 vagas &#8211; Auxiliar de Servi\u00e7os Gerais<\/strong><\/p>\n\n\n\n<p><strong>Escolaridade &#8211;<\/strong> ensino fundamental completo;<\/p>\n\n\n\n<p><strong>Experi\u00eancia \u2013 <\/strong>seis meses na Carteira de Trabalho;<\/p>\n\n\n\n<p><strong>Requisitos Obrigat\u00f3rios <\/strong>&#8211;&nbsp; residir na zona oeste e possuir documenta\u00e7\u00e3o completa;<\/p>\n\n\n\n<p><strong>Atividades &#8211; <\/strong>executar limpeza e manuten\u00e7\u00e3o de ambientes para garantir que a empresa funcione corretamente, incluindo a limpeza de \u00e1reas comuns, a organiza\u00e7\u00e3o e reposi\u00e7\u00e3o de materiais.<\/p>\n\n\n\n<p><strong>Dispon\u00edvel at\u00e9 16\/03\/2026 ou encerramento da vaga<\/strong><\/p>\n\n\n\n<p><strong>3 vagas &#8211; L\u00edder de Servi\u00e7os Gerais<\/strong><\/p>\n\n\n\n<p><strong>Escolaridade &#8211;<\/strong> ensino fundamental completo;<\/p>\n\n\n\n<p><strong>Experi\u00eancia \u2013 <\/strong>registrada na Carteira de Trabalho;<\/p>\n\n\n\n<p><strong>Requisitos Obrigat\u00f3rios <\/strong>&#8211; ter experi\u00eancia em condom\u00ednio, residir na zona oeste e possuir documenta\u00e7\u00e3o completa;<\/p>\n\n\n\n<p><strong>Atividades &#8211; <\/strong>coordenar escalas, treinar funcion\u00e1rios, controlar o estoque de materiais, supervisionar a qualidade dos servi\u00e7os e garantir o uso de equipamentos de seguran\u00e7a (EPIs).<\/p>\n\n\n\n<p><strong>Dispon\u00edvel at\u00e9 16\/03\/2026 ou encerramento da vaga<\/strong><\/p>\n\n\n\n<p><strong>15 vagas &#8211; Montador de M\u00f3veis<\/strong><\/p>\n\n\n\n<p><strong>Escolaridade &#8211;<\/strong> ensino m\u00e9dio completo;<\/p>\n\n\n\n<p><strong>Experi\u00eancia \u2013 <\/strong>registrada na Carteira de Trabalho;<\/p>\n\n\n\n<p><strong>Requisitos Obrigat\u00f3rios <\/strong>&#8211; possuir documenta\u00e7\u00e3o completa (com dispensa militar);<\/p>\n\n\n\n<p><strong>Atividades &#8211; <\/strong>preparar locais, montar m\u00f3veis padr\u00e3o e planejado, instalar e reparar m\u00f3veis de madeira ou materiais derivados (mdf\/mdp) em s\u00e9rie ou sob encomenda, seguindo projetos, normas de seguran\u00e7a e qualidade.<\/p>\n\n\n\n<p><strong>Dispon\u00edvel at\u00e9 16\/03\/2026 ou encerramento da vaga<\/strong><\/p>\n\n\n\n<p><strong>1 vaga &#8211; Motorista de Caminh\u00e3o Ba\u00fa<\/strong><\/p>\n\n\n\n<p><strong>Escolaridade &#8211;<\/strong> ensino fundamental completo;<\/p>\n\n\n\n<p><strong>Experi\u00eancia \u2013 <\/strong>registrada na Carteira de Trabalho;<\/p>\n\n\n\n<p><strong>Requisitos Obrigat\u00f3rios <\/strong>&#8211; ter Carteira nacional de Habilita\u00e7\u00e3o categoria \u201cD\u201d, disponibilidade de hor\u00e1rio, disponibilidade para viagens interestaduais e possuir documenta\u00e7\u00e3o completa (com dispensa militar);<\/p>\n\n\n\n<p><strong>Atividades &#8211; <\/strong>conduzir os ve\u00edculos automotivos da institui\u00e7\u00e3o, seguindo as solicita\u00e7\u00f5es, mantendo-se informado sobre a agenda de entregas, respeitando as leis nacionais de tr\u00e2nsito e promovendo dire\u00e7\u00e3o defensiva, transporte da equipe de eventos, transporte de equipamentos.<\/p>\n\n\n\n<p><strong>Dispon\u00edvel at\u00e9 16\/03\/2026 ou encerramento da vaga<\/strong><\/p>\n\n\n\n<p><strong>50 vagas &#8211; Ajudante de Carga e Descarga<\/strong><\/p>\n\n\n\n<p><strong>Escolaridade &#8211;<\/strong> ensino fundamental completo;<\/p>\n\n\n\n<p><strong>Experi\u00eancia \u2013 <\/strong>n\u00e3o \u00e9 necess\u00e1rio;<\/p>\n\n\n\n<p><strong>Requisitos Obrigat\u00f3rios <\/strong>&#8211; possuir documenta\u00e7\u00e3o completa (com dispensa militar);<\/p>\n\n\n\n<p><strong>Atividades &#8211; <\/strong>movimentar mercadorias, carregando e descarregando ve\u00edculos, organiza o estoque, confere produtos, prepara embalagens e mant\u00e9m o local de trabalho limpo e seguro, operando equipamentos como paleteiras e carrinhos para garantir que os produtos cheguem intactos ao destino, auxiliando em toda a log\u00edstica de recebimento e expedi\u00e7\u00e3o de materiais.<\/p>\n\n\n\n<p><strong>Dispon\u00edvel at\u00e9 16\/03\/2026 ou encerramento da vaga<\/strong><\/p>\n\n\n\n<p><strong>1 vaga &#8211; Supervisor de Log\u00edstica<\/strong><\/p>\n\n\n\n<p><strong>Escolaridade &#8211;<\/strong> ensino m\u00e9dio completo;<\/p>\n\n\n\n<p><strong>Experi\u00eancia \u2013 <\/strong>seis meses na Carteira de Trabalho;<\/p>\n\n\n\n<p><strong>Requisitos Obrigat\u00f3rios <\/strong>&#8211; possuir documenta\u00e7\u00e3o completa (com dispensa militar);<\/p>\n\n\n\n<p><strong>Atividades &#8211; <\/strong>planejar e executar os processos de limpeza e lavagem dos ve\u00edculos de Showroom, indicar melhorias e corre\u00e7\u00f5es, supervisionar equipe, recomendar aquisi\u00e7\u00e3o de produtos e equipamentos, elaborar relat\u00f3rios, controlar a expedi\u00e7\u00e3o e recebimento de produtos e garantir a melhoria cont\u00ednua dos processos operacionais.<\/p>\n\n\n\n<p><strong>Dispon\u00edvel at\u00e9 16\/03\/2026 ou encerramento da vaga<\/strong><\/p>\n\n\n\n<p><strong>VAGAS DESTINADAS \u00c0 PESSOAS COM DEFICI\u00caNCIA (PCD) \u2013 3<\/strong><\/p>\n\n\n\n<p><strong>1 vaga &#8211; Auxiliar de Dep\u00f3sito &#8211; Vagas destinadas para Pessoa com Defici\u00eancia (PCD)<\/strong><\/p>\n\n\n\n<p><strong>Escolaridade &#8211;<\/strong> ensino m\u00e9dio completo;<\/p>\n\n\n\n<p><strong>Experi\u00eancia \u2013 <\/strong>tr\u00eas meses na Carteira de Trabalho ou avulso;<\/p>\n\n\n\n<p><strong>Requisitos Obrigat\u00f3rios <\/strong>&#8211; ter curso de inform\u00e1tica b\u00e1sica e possuir documenta\u00e7\u00e3o completa (com dispensa militar);<\/p>\n\n\n\n<p><strong>Atividades &#8211; <\/strong>embarque e desembarque de mercadorias, etiquetagem e organiza\u00e7\u00e3o do ambiente de trabalho.<\/p>\n\n\n\n<p><strong>Dispon\u00edvel at\u00e9 16\/03\/2026 ou encerramento da vaga<\/strong><\/p>\n\n\n\n<p><strong>2 vagas &#8211; Agente de Limpeza &#8211; Vagas destinadas para Pessoa com Defici\u00eancia (PCD)<\/strong><\/p>\n\n\n\n<p><strong>Escolaridade &#8211;<\/strong> ensino fundamental completo;<\/p>\n\n\n\n<p><strong>Experi\u00eancia \u2013 <\/strong>n\u00e3o \u00e9 necess\u00e1rio;<\/p>\n\n\n\n<p><strong>Requisitos Obrigat\u00f3rios <\/strong>&#8211; possuir documenta\u00e7\u00e3o completa;<\/p>\n\n\n\n<p><strong>Atividades &#8211; <\/strong>higieniza\u00e7\u00e3o, organiza\u00e7\u00e3o e conserva\u00e7\u00e3o de ambientes internos e externos, como escrit\u00f3rios, hospitais e \u00e1reas comuns; varrer, lavar, tirar o p\u00f3, limpar banheiros, remover lixo e repor materiais de higiene, garantindo sa\u00fade e bem-estar.<\/p>\n\n\n\n<p><strong>Dispon\u00edvel at\u00e9 16\/03\/2026 ou encerramento da vaga<\/strong><\/p>\n\n\n\n<p>&#8212; &#8212; &#8212;<\/p>\n\n\n\n<p><strong>Texto<\/strong>&nbsp;\u2013&nbsp;Divulga\u00e7\u00e3o \/ Semtepi<\/p>\n\n\n\n<p><strong>Fotos<\/strong>&nbsp;\u2013&nbsp;Arquivo \/ Semcom<\/p>\n","protected":false},"excerpt":{"rendered":"","protected":false},"author":57,"featured_media":7707,"comment_status":"closed","ping_status":"closed","sticky":false,"template":"","format":"standard","meta":{"footnotes":""},"categories":[760],"tags":[1707,7,8,9],"acf":[],"yoast_head":"<!-- This site is optimized with the Yoast SEO plugin v23.0 - https:\/\/yoast.com\/wordpress\/plugins\/seo\/ -->\n<title>Sine Manaus oferta 231 vagas de emprego nesta segunda\u2013feira<\/title>\n<meta name=\"description\" content=\"A Prefeitura de Manaus oferta 231 vagas de emprego em v\u00e1rias \u00e1reas de atua\u00e7\u00e3o, nesta segunda\u2013feira, 16\/03,\u00a0de 8h \u00e0s 14h.\" \/>\n<meta name=\"robots\" content=\"noindex, follow\" \/>\n<meta property=\"og:locale\" content=\"pt_BR\" \/>\n<meta property=\"og:type\" content=\"article\" \/>\n<meta property=\"og:title\" content=\"Sine Manaus oferta 231 vagas de emprego nesta segunda\u2013feira\" \/>\n<meta property=\"og:description\" content=\"A Prefeitura de Manaus oferta 231 vagas de emprego em v\u00e1rias \u00e1reas de atua\u00e7\u00e3o, nesta segunda\u2013feira, 16\/03,\u00a0de 8h \u00e0s 14h.\" \/>\n<meta property=\"og:url\" content=\"https:\/\/www.manaus.am.gov.br\/semtepi\/emprego\/231-vagas-de-emprego-sine-manaus\/\" \/>\n<meta property=\"og:site_name\" content=\"SEMTEPI\" \/>\n<meta property=\"article:published_time\" content=\"2026-03-15T13:00:00+00:00\" \/>\n<meta property=\"article:modified_time\" content=\"2026-03-15T03:58:36+00:00\" \/>\n<meta property=\"og:image\" content=\"https:\/\/www.manaus.am.gov.br\/semtepi\/wp-content\/uploads\/sites\/20\/2026\/03\/54524089640_43c9cc85d1_c.jpg\" \/>\n\t<meta property=\"og:image:width\" content=\"799\" \/>\n\t<meta property=\"og:image:height\" content=\"533\" \/>\n\t<meta property=\"og:image:type\" content=\"image\/jpeg\" \/>\n<meta name=\"author\" content=\"Thiago Fernando\" \/>\n<meta name=\"twitter:card\" content=\"summary_large_image\" \/>\n<meta name=\"twitter:label1\" content=\"Written by\" \/>\n\t<meta name=\"twitter:data1\" content=\"Thiago Fernando\" \/>\n\t<meta name=\"twitter:label2\" content=\"Est. reading time\" \/>\n\t<meta name=\"twitter:data2\" content=\"15 minutos\" \/>\n<script type=\"application\/ld+json\" class=\"yoast-schema-graph\">{\"@context\":\"https:\/\/schema.org\",\"@graph\":[{\"@type\":\"Article\",\"@id\":\"https:\/\/www.manaus.am.gov.br\/semtepi\/emprego\/231-vagas-de-emprego-sine-manaus\/#article\",\"isPartOf\":{\"@id\":\"https:\/\/www.manaus.am.gov.br\/semtepi\/emprego\/231-vagas-de-emprego-sine-manaus\/\"},\"author\":{\"name\":\"Thiago Fernando\",\"@id\":\"https:\/\/www.manaus.am.gov.br\/semtepi\/#\/schema\/person\/a5ee5376db6e21af026374b369f30882\"},\"headline\":\"Sine Manaus oferta 231 vagas de emprego nesta segunda\u2013feira, 16\/03\",\"datePublished\":\"2026-03-15T13:00:00+00:00\",\"dateModified\":\"2026-03-15T03:58:36+00:00\",\"mainEntityOfPage\":{\"@id\":\"https:\/\/www.manaus.am.gov.br\/semtepi\/emprego\/231-vagas-de-emprego-sine-manaus\/\"},\"wordCount\":3065,\"publisher\":{\"@id\":\"https:\/\/www.manaus.am.gov.br\/semtepi\/#organization\"},\"image\":{\"@id\":\"https:\/\/www.manaus.am.gov.br\/semtepi\/emprego\/231-vagas-de-emprego-sine-manaus\/#primaryimage\"},\"thumbnailUrl\":\"https:\/\/www.manaus.am.gov.br\/semtepi\/wp-content\/uploads\/sites\/20\/2026\/03\/54524089640_43c9cc85d1_c.jpg\",\"keywords\":[\"231 vagas de emprego\",\"oportunidade\",\"prefeitura de manaus\",\"Semtepi\"],\"articleSection\":[\"Emprego\"],\"inLanguage\":\"pt-BR\"},{\"@type\":\"WebPage\",\"@id\":\"https:\/\/www.manaus.am.gov.br\/semtepi\/emprego\/231-vagas-de-emprego-sine-manaus\/\",\"url\":\"https:\/\/www.manaus.am.gov.br\/semtepi\/emprego\/231-vagas-de-emprego-sine-manaus\/\",\"name\":\"Sine Manaus oferta 231 vagas de emprego nesta segunda\u2013feira\",\"isPartOf\":{\"@id\":\"https:\/\/www.manaus.am.gov.br\/semtepi\/#website\"},\"primaryImageOfPage\":{\"@id\":\"https:\/\/www.manaus.am.gov.br\/semtepi\/emprego\/231-vagas-de-emprego-sine-manaus\/#primaryimage\"},\"image\":{\"@id\":\"https:\/\/www.manaus.am.gov.br\/semtepi\/emprego\/231-vagas-de-emprego-sine-manaus\/#primaryimage\"},\"thumbnailUrl\":\"https:\/\/www.manaus.am.gov.br\/semtepi\/wp-content\/uploads\/sites\/20\/2026\/03\/54524089640_43c9cc85d1_c.jpg\",\"datePublished\":\"2026-03-15T13:00:00+00:00\",\"dateModified\":\"2026-03-15T03:58:36+00:00\",\"description\":\"A Prefeitura de Manaus oferta 231 vagas de emprego em v\u00e1rias \u00e1reas de atua\u00e7\u00e3o, nesta segunda\u2013feira, 16\/03,\u00a0de 8h \u00e0s 14h.\",\"breadcrumb\":{\"@id\":\"https:\/\/www.manaus.am.gov.br\/semtepi\/emprego\/231-vagas-de-emprego-sine-manaus\/#breadcrumb\"},\"inLanguage\":\"pt-BR\",\"potentialAction\":[{\"@type\":\"ReadAction\",\"target\":[\"https:\/\/www.manaus.am.gov.br\/semtepi\/emprego\/231-vagas-de-emprego-sine-manaus\/\"]}]},{\"@type\":\"ImageObject\",\"inLanguage\":\"pt-BR\",\"@id\":\"https:\/\/www.manaus.am.gov.br\/semtepi\/emprego\/231-vagas-de-emprego-sine-manaus\/#primaryimage\",\"url\":\"https:\/\/www.manaus.am.gov.br\/semtepi\/wp-content\/uploads\/sites\/20\/2026\/03\/54524089640_43c9cc85d1_c.jpg\",\"contentUrl\":\"https:\/\/www.manaus.am.gov.br\/semtepi\/wp-content\/uploads\/sites\/20\/2026\/03\/54524089640_43c9cc85d1_c.jpg\",\"width\":799,\"height\":533,\"caption\":\"#paratodosverem - Carteira de trabalhos\"},{\"@type\":\"BreadcrumbList\",\"@id\":\"https:\/\/www.manaus.am.gov.br\/semtepi\/emprego\/231-vagas-de-emprego-sine-manaus\/#breadcrumb\",\"itemListElement\":[{\"@type\":\"ListItem\",\"position\":1,\"name\":\"Home\",\"item\":\"https:\/\/www.manaus.am.gov.br\/semtepi\/\"},{\"@type\":\"ListItem\",\"position\":2,\"name\":\"Sine Manaus oferta 231 vagas de emprego nesta segunda\u2013feira, 16\/03\"}]},{\"@type\":\"WebSite\",\"@id\":\"https:\/\/www.manaus.am.gov.br\/semtepi\/#website\",\"url\":\"https:\/\/www.manaus.am.gov.br\/semtepi\/\",\"name\":\"SEMTEPI\",\"description\":\"Prefeitura de Manaus\",\"publisher\":{\"@id\":\"https:\/\/www.manaus.am.gov.br\/semtepi\/#organization\"},\"alternateName\":\"Secretaria Municipal do Trabalho, Empreendedorismo e Inova\u00e7\u00e3o\",\"potentialAction\":[{\"@type\":\"SearchAction\",\"target\":{\"@type\":\"EntryPoint\",\"urlTemplate\":\"https:\/\/www.manaus.am.gov.br\/semtepi\/?s={search_term_string}\"},\"query-input\":\"required name=search_term_string\"}],\"inLanguage\":\"pt-BR\"},{\"@type\":\"Organization\",\"@id\":\"https:\/\/www.manaus.am.gov.br\/semtepi\/#organization\",\"name\":\"Prefeitura Municipal de Manaus\",\"alternateName\":\"Prefeitura de Manaus\",\"url\":\"https:\/\/www.manaus.am.gov.br\/semtepi\/\",\"logo\":{\"@type\":\"ImageObject\",\"inLanguage\":\"pt-BR\",\"@id\":\"https:\/\/www.manaus.am.gov.br\/semtepi\/#\/schema\/logo\/image\/\",\"url\":\"https:\/\/www.manaus.am.gov.br\/semtepi\/wp-content\/uploads\/sites\/20\/2024\/07\/favicon.png\",\"contentUrl\":\"https:\/\/www.manaus.am.gov.br\/semtepi\/wp-content\/uploads\/sites\/20\/2024\/07\/favicon.png\",\"width\":300,\"height\":300,\"caption\":\"Prefeitura Municipal de Manaus\"},\"image\":{\"@id\":\"https:\/\/www.manaus.am.gov.br\/semtepi\/#\/schema\/logo\/image\/\"}},{\"@type\":\"Person\",\"@id\":\"https:\/\/www.manaus.am.gov.br\/semtepi\/#\/schema\/person\/a5ee5376db6e21af026374b369f30882\",\"name\":\"Thiago Fernando\",\"image\":{\"@type\":\"ImageObject\",\"inLanguage\":\"pt-BR\",\"@id\":\"https:\/\/www.manaus.am.gov.br\/semtepi\/#\/schema\/person\/image\/\",\"url\":\"https:\/\/secure.gravatar.com\/avatar\/f5aab8722444041451501c077052ac07?s=96&d=mm&r=g\",\"contentUrl\":\"https:\/\/secure.gravatar.com\/avatar\/f5aab8722444041451501c077052ac07?s=96&d=mm&r=g\",\"caption\":\"Thiago Fernando\"}}]}<\/script>\n<!-- \/ Yoast SEO plugin. -->","yoast_head_json":{"title":"Sine Manaus oferta 231 vagas de emprego nesta segunda\u2013feira","description":"A Prefeitura de Manaus oferta 231 vagas de emprego em v\u00e1rias \u00e1reas de atua\u00e7\u00e3o, nesta segunda\u2013feira, 16\/03,\u00a0de 8h \u00e0s 14h.","robots":{"index":"noindex","follow":"follow"},"og_locale":"pt_BR","og_type":"article","og_title":"Sine Manaus oferta 231 vagas de emprego nesta segunda\u2013feira","og_description":"A Prefeitura de Manaus oferta 231 vagas de emprego em v\u00e1rias \u00e1reas de atua\u00e7\u00e3o, nesta segunda\u2013feira, 16\/03,\u00a0de 8h \u00e0s 14h.","og_url":"https:\/\/www.manaus.am.gov.br\/semtepi\/emprego\/231-vagas-de-emprego-sine-manaus\/","og_site_name":"SEMTEPI","article_published_time":"2026-03-15T13:00:00+00:00","article_modified_time":"2026-03-15T03:58:36+00:00","og_image":[{"width":799,"height":533,"url":"https:\/\/www.manaus.am.gov.br\/semtepi\/wp-content\/uploads\/sites\/20\/2026\/03\/54524089640_43c9cc85d1_c.jpg","type":"image\/jpeg"}],"author":"Thiago Fernando","twitter_card":"summary_large_image","twitter_misc":{"Written by":"Thiago Fernando","Est. reading time":"15 minutos"},"schema":{"@context":"https:\/\/schema.org","@graph":[{"@type":"Article","@id":"https:\/\/www.manaus.am.gov.br\/semtepi\/emprego\/231-vagas-de-emprego-sine-manaus\/#article","isPartOf":{"@id":"https:\/\/www.manaus.am.gov.br\/semtepi\/emprego\/231-vagas-de-emprego-sine-manaus\/"},"author":{"name":"Thiago Fernando","@id":"https:\/\/www.manaus.am.gov.br\/semtepi\/#\/schema\/person\/a5ee5376db6e21af026374b369f30882"},"headline":"Sine Manaus oferta 231 vagas de emprego nesta segunda\u2013feira, 16\/03","datePublished":"2026-03-15T13:00:00+00:00","dateModified":"2026-03-15T03:58:36+00:00","mainEntityOfPage":{"@id":"https:\/\/www.manaus.am.gov.br\/semtepi\/emprego\/231-vagas-de-emprego-sine-manaus\/"},"wordCount":3065,"publisher":{"@id":"https:\/\/www.manaus.am.gov.br\/semtepi\/#organization"},"image":{"@id":"https:\/\/www.manaus.am.gov.br\/semtepi\/emprego\/231-vagas-de-emprego-sine-manaus\/#primaryimage"},"thumbnailUrl":"https:\/\/www.manaus.am.gov.br\/semtepi\/wp-content\/uploads\/sites\/20\/2026\/03\/54524089640_43c9cc85d1_c.jpg","keywords":["231 vagas de emprego","oportunidade","prefeitura de manaus","Semtepi"],"articleSection":["Emprego"],"inLanguage":"pt-BR"},{"@type":"WebPage","@id":"https:\/\/www.manaus.am.gov.br\/semtepi\/emprego\/231-vagas-de-emprego-sine-manaus\/","url":"https:\/\/www.manaus.am.gov.br\/semtepi\/emprego\/231-vagas-de-emprego-sine-manaus\/","name":"Sine Manaus oferta 231 vagas de emprego nesta segunda\u2013feira","isPartOf":{"@id":"https:\/\/www.manaus.am.gov.br\/semtepi\/#website"},"primaryImageOfPage":{"@id":"https:\/\/www.manaus.am.gov.br\/semtepi\/emprego\/231-vagas-de-emprego-sine-manaus\/#primaryimage"},"image":{"@id":"https:\/\/www.manaus.am.gov.br\/semtepi\/emprego\/231-vagas-de-emprego-sine-manaus\/#primaryimage"},"thumbnailUrl":"https:\/\/www.manaus.am.gov.br\/semtepi\/wp-content\/uploads\/sites\/20\/2026\/03\/54524089640_43c9cc85d1_c.jpg","datePublished":"2026-03-15T13:00:00+00:00","dateModified":"2026-03-15T03:58:36+00:00","description":"A Prefeitura de Manaus oferta 231 vagas de emprego em v\u00e1rias \u00e1reas de atua\u00e7\u00e3o, nesta segunda\u2013feira, 16\/03,\u00a0de 8h \u00e0s 14h.","breadcrumb":{"@id":"https:\/\/www.manaus.am.gov.br\/semtepi\/emprego\/231-vagas-de-emprego-sine-manaus\/#breadcrumb"},"inLanguage":"pt-BR","potentialAction":[{"@type":"ReadAction","target":["https:\/\/www.manaus.am.gov.br\/semtepi\/emprego\/231-vagas-de-emprego-sine-manaus\/"]}]},{"@type":"ImageObject","inLanguage":"pt-BR","@id":"https:\/\/www.manaus.am.gov.br\/semtepi\/emprego\/231-vagas-de-emprego-sine-manaus\/#primaryimage","url":"https:\/\/www.manaus.am.gov.br\/semtepi\/wp-content\/uploads\/sites\/20\/2026\/03\/54524089640_43c9cc85d1_c.jpg","contentUrl":"https:\/\/www.manaus.am.gov.br\/semtepi\/wp-content\/uploads\/sites\/20\/2026\/03\/54524089640_43c9cc85d1_c.jpg","width":799,"height":533,"caption":"#paratodosverem - Carteira de trabalhos"},{"@type":"BreadcrumbList","@id":"https:\/\/www.manaus.am.gov.br\/semtepi\/emprego\/231-vagas-de-emprego-sine-manaus\/#breadcrumb","itemListElement":[{"@type":"ListItem","position":1,"name":"Home","item":"https:\/\/www.manaus.am.gov.br\/semtepi\/"},{"@type":"ListItem","position":2,"name":"Sine Manaus oferta 231 vagas de emprego nesta segunda\u2013feira, 16\/03"}]},{"@type":"WebSite","@id":"https:\/\/www.manaus.am.gov.br\/semtepi\/#website","url":"https:\/\/www.manaus.am.gov.br\/semtepi\/","name":"SEMTEPI","description":"Prefeitura de Manaus","publisher":{"@id":"https:\/\/www.manaus.am.gov.br\/semtepi\/#organization"},"alternateName":"Secretaria Municipal do Trabalho, Empreendedorismo e Inova\u00e7\u00e3o","potentialAction":[{"@type":"SearchAction","target":{"@type":"EntryPoint","urlTemplate":"https:\/\/www.manaus.am.gov.br\/semtepi\/?s={search_term_string}"},"query-input":"required name=search_term_string"}],"inLanguage":"pt-BR"},{"@type":"Organization","@id":"https:\/\/www.manaus.am.gov.br\/semtepi\/#organization","name":"Prefeitura Municipal de Manaus","alternateName":"Prefeitura de Manaus","url":"https:\/\/www.manaus.am.gov.br\/semtepi\/","logo":{"@type":"ImageObject","inLanguage":"pt-BR","@id":"https:\/\/www.manaus.am.gov.br\/semtepi\/#\/schema\/logo\/image\/","url":"https:\/\/www.manaus.am.gov.br\/semtepi\/wp-content\/uploads\/sites\/20\/2024\/07\/favicon.png","contentUrl":"https:\/\/www.manaus.am.gov.br\/semtepi\/wp-content\/uploads\/sites\/20\/2024\/07\/favicon.png","width":300,"height":300,"caption":"Prefeitura Municipal de Manaus"},"image":{"@id":"https:\/\/www.manaus.am.gov.br\/semtepi\/#\/schema\/logo\/image\/"}},{"@type":"Person","@id":"https:\/\/www.manaus.am.gov.br\/semtepi\/#\/schema\/person\/a5ee5376db6e21af026374b369f30882","name":"Thiago Fernando","image":{"@type":"ImageObject","inLanguage":"pt-BR","@id":"https:\/\/www.manaus.am.gov.br\/semtepi\/#\/schema\/person\/image\/","url":"https:\/\/secure.gravatar.com\/avatar\/f5aab8722444041451501c077052ac07?s=96&d=mm&r=g","contentUrl":"https:\/\/secure.gravatar.com\/avatar\/f5aab8722444041451501c077052ac07?s=96&d=mm&r=g","caption":"Thiago Fernando"}}]}},"_links":{"self":[{"href":"https:\/\/www.manaus.am.gov.br\/semtepi\/wp-json\/wp\/v2\/posts\/7706"}],"collection":[{"href":"https:\/\/www.manaus.am.gov.br\/semtepi\/wp-json\/wp\/v2\/posts"}],"about":[{"href":"https:\/\/www.manaus.am.gov.br\/semtepi\/wp-json\/wp\/v2\/types\/post"}],"author":[{"embeddable":true,"href":"https:\/\/www.manaus.am.gov.br\/semtepi\/wp-json\/wp\/v2\/users\/57"}],"replies":[{"embeddable":true,"href":"https:\/\/www.manaus.am.gov.br\/semtepi\/wp-json\/wp\/v2\/comments?post=7706"}],"version-history":[{"count":1,"href":"https:\/\/www.manaus.am.gov.br\/semtepi\/wp-json\/wp\/v2\/posts\/7706\/revisions"}],"predecessor-version":[{"id":7708,"href":"https:\/\/www.manaus.am.gov.br\/semtepi\/wp-json\/wp\/v2\/posts\/7706\/revisions\/7708"}],"wp:featuredmedia":[{"embeddable":true,"href":"https:\/\/www.manaus.am.gov.br\/semtepi\/wp-json\/wp\/v2\/media\/7707"}],"wp:attachment":[{"href":"https:\/\/www.manaus.am.gov.br\/semtepi\/wp-json\/wp\/v2\/media?parent=7706"}],"wp:term":[{"taxonomy":"category","embeddable":true,"href":"https:\/\/www.manaus.am.gov.br\/semtepi\/wp-json\/wp\/v2\/categories?post=7706"},{"taxonomy":"post_tag","embeddable":true,"href":"https:\/\/www.manaus.am.gov.br\/semtepi\/wp-json\/wp\/v2\/tags?post=7706"}],"curies":[{"name":"wp","href":"https:\/\/api.w.org\/{rel}","templated":true}]}}