{"id":7671,"date":"2026-03-10T21:53:21","date_gmt":"2026-03-11T01:53:21","guid":{"rendered":"https:\/\/www.manaus.am.gov.br\/semtepi\/sem-categoria\/sine-eficiente-brasil\/"},"modified":"2026-03-11T12:01:59","modified_gmt":"2026-03-11T16:01:59","slug":"sine-eficiente-brasil","status":"publish","type":"post","link":"https:\/\/www.manaus.am.gov.br\/semtepi\/emprego\/sine-eficiente-brasil\/","title":{"rendered":"Manaus tem o Sine mais eficiente do Brasil e lidera ranking nacional de empregabilidade"},"content":{"rendered":"\n<p>O prefeito de<a href=\"https:\/\/www.instagram.com\/prefeiturademanaus\/\"> Manaus<\/a>, David Almeida, anunciou nesta ter\u00e7a-feira, 10\/3, durante agenda no Centro de Coopera\u00e7\u00e3o da Cidade <a href=\"https:\/\/www.manaus.am.gov.br\/\">(CCC), <\/a>ao lado do secret\u00e1rio municipal do Trabalho, Empreendedorismo e Inova\u00e7\u00e3o, Alonso Oliveira, que o Sine Manaus alcan\u00e7ou o primeiro lugar no ranking nacional de efici\u00eancia da Rede Sine, sistema coordenado pelo Minist\u00e9rio do Trabalho e Emprego que avalia o desempenho das unidades p\u00fablicas respons\u00e1veis pela intermedia\u00e7\u00e3o de vagas de trabalho em todo o pa\u00eds.<\/p>\n\n\n\n<p>O levantamento mostra que Manaus registrou 67,32% de efici\u00eancia nos encaminhamentos para o mercado de trabalho, liderando com ampla vantagem entre os servi\u00e7os municipais de emprego do pa\u00eds. O \u00edndice mede a capacidade das unidades do Sine de intermediar vagas de trabalho e transformar encaminhamentos em contrata\u00e7\u00f5es efetivas.<\/p>\n\n\n\n<p>O prefeito de Manaus, David Almeida, destacou que o resultado confirma a efetividade das pol\u00edticas p\u00fablicas de gera\u00e7\u00e3o de oportunidades implementadas pela gest\u00e3o municipal.<\/p>\n\n\n\n<p>\u201cVoc\u00eas lembram dos feir\u00f5es da empregabilidade do Sine Manaus? Eles deram resultado. Hoje o Sine Manaus foi classificado como o mais eficiente do Brasil. Encaminhamos 7.090 pessoas para o mercado de trabalho e, desse total, 6.202 foram contratadas. Isso mostra que Manaus est\u00e1 trabalhando para garantir mais emprego e mais oportunidade para a nossa popula\u00e7\u00e3o\u201d, afirmou o prefeito.<\/p>\n\n\n<div class=\"wp-block-image\">\n<figure class=\"aligncenter size-large\"><img loading=\"lazy\" decoding=\"async\" width=\"1024\" height=\"682\" src=\"https:\/\/www.manaus.am.gov.br\/semtepi\/wp-content\/uploads\/sites\/20\/2026\/03\/Prefeito-Sine-2-1024x682.jpeg\" alt=\"\" class=\"wp-image-7673\" srcset=\"https:\/\/www.manaus.am.gov.br\/semtepi\/wp-content\/uploads\/sites\/20\/2026\/03\/Prefeito-Sine-2-1024x682.jpeg 1024w, https:\/\/www.manaus.am.gov.br\/semtepi\/wp-content\/uploads\/sites\/20\/2026\/03\/Prefeito-Sine-2-300x200.jpeg 300w, https:\/\/www.manaus.am.gov.br\/semtepi\/wp-content\/uploads\/sites\/20\/2026\/03\/Prefeito-Sine-2-768x512.jpeg 768w, https:\/\/www.manaus.am.gov.br\/semtepi\/wp-content\/uploads\/sites\/20\/2026\/03\/Prefeito-Sine-2-1536x1023.jpeg 1536w, https:\/\/www.manaus.am.gov.br\/semtepi\/wp-content\/uploads\/sites\/20\/2026\/03\/Prefeito-Sine-2.jpeg 1600w\" sizes=\"(max-width: 1024px) 100vw, 1024px\" \/><figcaption class=\"wp-element-caption\">#paratodosverem &#8211; fachada do Sine Manaus<\/figcaption><\/figure><\/div>\n\n\n<p>Os n\u00fameros consolidados representam o melhor desempenho da hist\u00f3ria do servi\u00e7o na capital amazonense. Ao longo do per\u00edodo avaliado, o Sine Manaus registrou 7.090 vagas ofertadas, 9.211 encaminhamentos para processos seletivos e 6.202 trabalhadores efetivamente colocados no mercado de trabalho.<\/p>\n\n\n\n<p>Outro indicador que refor\u00e7a o desempenho da capital amazonense \u00e9 o ranking nacional de adequa\u00e7\u00e3o entre o perfil do trabalhador e as vagas oferecidas, que mede o grau de compatibilidade entre os candidatos encaminhados e as exig\u00eancias das empresas. Nesse crit\u00e9rio, Manaus aparece na segunda coloca\u00e7\u00e3o nacional, com 87,48% de adequa\u00e7\u00e3o.<\/p>\n\n\n\n<figure class=\"wp-block-image size-large\"><img loading=\"lazy\" decoding=\"async\" width=\"1024\" height=\"682\" src=\"https:\/\/www.manaus.am.gov.br\/semtepi\/wp-content\/uploads\/sites\/20\/2026\/03\/Prefeito-Sine-3-1024x682.jpeg\" alt=\"\" class=\"wp-image-7672\" srcset=\"https:\/\/www.manaus.am.gov.br\/semtepi\/wp-content\/uploads\/sites\/20\/2026\/03\/Prefeito-Sine-3-1024x682.jpeg 1024w, https:\/\/www.manaus.am.gov.br\/semtepi\/wp-content\/uploads\/sites\/20\/2026\/03\/Prefeito-Sine-3-300x200.jpeg 300w, https:\/\/www.manaus.am.gov.br\/semtepi\/wp-content\/uploads\/sites\/20\/2026\/03\/Prefeito-Sine-3-768x512.jpeg 768w, https:\/\/www.manaus.am.gov.br\/semtepi\/wp-content\/uploads\/sites\/20\/2026\/03\/Prefeito-Sine-3.jpeg 1160w\" sizes=\"(max-width: 1024px) 100vw, 1024px\" \/><figcaption class=\"wp-element-caption\">#paratodosverem &#8211; prefeito David Almeida observa os indicadores do Sine Manaus<\/figcaption><\/figure>\n\n\n\n<p>\u201cO resultado mostra que Manaus est\u00e1 no caminho certo quando o assunto \u00e9 gera\u00e7\u00e3o de emprego e renda. O Sine Manaus tem trabalhado para aproximar quem precisa de uma oportunidade das empresas que est\u00e3o contratando. Alcan\u00e7ar o primeiro lugar no Brasil em efici\u00eancia de encaminhamentos demonstra que o servi\u00e7o est\u00e1 funcionando e que a pol\u00edtica de empregabilidade da Prefeitura de Manaus tem produzido resultados concretos para a popula\u00e7\u00e3o\u201d, destacou o secret\u00e1rio municipal do Trabalho, Empreendedorismo e Inova\u00e7\u00e3o, Alonso Oliveira.<\/p>\n\n\n\n<p>O desempenho tamb\u00e9m se reflete nas unidades municipais do servi\u00e7o. No ranking nacional por postos de atendimento, as duas unidades do Sine Manaus ocupam as primeiras posi\u00e7\u00f5es do pa\u00eds. O posto do bairro Cidade de Deus alcan\u00e7ou 67,44% de efici\u00eancia, enquanto a unidade da avenida Constantino Nery registrou 67,22%.<\/p>\n\n\n\n<p>Os resultados consolidam Manaus como refer\u00eancia nacional na intermedia\u00e7\u00e3o de empregos e demonstram a efici\u00eancia das pol\u00edticas p\u00fablicas de empregabilidade implementadas pela Prefeitura de Manaus, ampliando oportunidades de trabalho e fortalecendo a economia da capital amazonense.<\/p>\n\n\n\n<p><strong>Ranking nacional de efici\u00eancia da Rede Sine<\/strong><\/p>\n\n\n\n<p>(Encaminhamentos para o mercado de trabalho)<\/p>\n\n\n\n<p>1\u00ba Manaus (AM) \u2013 67,32%<\/p>\n\n\n\n<p>2\u00ba Campina Grande (PB) \u2013 46,24%<\/p>\n\n\n\n<p>3\u00ba Macei\u00f3 (AL) \u2013 28,67%<\/p>\n\n\n\n<p>4\u00ba Imperatriz (MA) \u2013 19,61%<\/p>\n\n\n\n<p>5\u00ba S\u00e3o Carlos (SP) \u2013 15,76%<\/p>\n\n\n\n<p>6\u00ba S\u00e3o Bernardo do Campo (SP) \u2013 14,96%<\/p>\n\n\n\n<p>7\u00ba Contagem (MG) \u2013 14,33%<\/p>\n\n\n\n<p>8\u00ba Salvador (BA) \u2013 13,67%<\/p>\n\n\n\n<p>9\u00ba Porto Velho (RO) \u2013 10,53%<\/p>\n\n\n\n<p>10\u00ba Arapiraca (AL) \u2013 10,29%<\/p>\n\n\n\n<p>(Fonte: Minist\u00e9rio do Trabalho e Emprego \/ Rede Sine)<\/p>\n\n\n\n<p><strong>Indicadores do Sine Manaus (2025)<\/strong><\/p>\n\n\n\n<p>&nbsp;7.090 vagas oferecidas<\/p>\n\n\n\n<p>&nbsp;9.211 encaminhamentos realizados<\/p>\n\n\n\n<p>&nbsp;6.202 trabalhadores colocados no mercado de trabalho<\/p>\n\n\n\n<p>&nbsp;67,32% de efici\u00eancia nos encaminhamentos (1\u00ba lugar no Brasil)<\/p>\n\n\n\n<p>&nbsp;87,48% de adequa\u00e7\u00e3o entre perfil do trabalhador e vaga (2\u00ba lugar no Brasil)<\/p>\n\n\n\n<p>(Fonte: Minist\u00e9rio do Trabalho e Emprego \/ Rede Sine)<\/p>\n\n\n\n<p><strong>Destaque nacional das unidades de Manaus<\/strong><\/p>\n\n\n\n<p>Ranking por posto de atendimento da Rede Sine:<\/p>\n\n\n\n<p>1\u00ba Sine Municipal Manaus \u2013 Cidade de Deus \u2013 67,44%<\/p>\n\n\n\n<p>2\u00ba Sine Municipal Manaus \u2013 Avenida Constantino Nery \u2013 67,22%<\/p>\n\n\n\n<p>(Fonte: Minist\u00e9rio do Trabalho e Emprego \/ Rede Sine)<\/p>\n\n\n\n<p>&#8212; &#8212; &#8212;<\/p>\n\n\n\n<p><strong>Texto<\/strong> &#8211; Emanuelle Baires \/ Semcom-Prefeito<\/p>\n\n\n\n<p><strong>Fotos<\/strong> &#8211; Dhyeizo Lemos \/ Semcom-Prefeito<\/p>\n","protected":false},"excerpt":{"rendered":"","protected":false},"author":61,"featured_media":7675,"comment_status":"closed","ping_status":"closed","sticky":false,"template":"","format":"standard","meta":{"footnotes":""},"categories":[760],"tags":[32,1702,8,10],"acf":[],"yoast_head":"<!-- This site is optimized with the Yoast SEO plugin v23.0 - https:\/\/yoast.com\/wordpress\/plugins\/seo\/ -->\n<title>Manaus tem o Sine mais eficiente do Brasil e lidera ranking nacional de empregabilidade<\/title>\n<meta name=\"description\" content=\"O prefeito de Manaus, David Almeida, anunciou nesta ter\u00e7a-feira, 10\/3, durante agenda no Centro de Coopera\u00e7\u00e3o da Cidade (CCC), ao lado do secret\u00e1rio municipal do Trabalho, Empreendedorismo e Inova\u00e7\u00e3o, Alonso Oliveira, que o Sine Manaus alcan\u00e7ou o primeiro lugar no ranking nacional de efici\u00eancia da Rede Sine.\" \/>\n<meta name=\"robots\" content=\"noindex, follow\" \/>\n<meta property=\"og:locale\" content=\"pt_BR\" \/>\n<meta property=\"og:type\" content=\"article\" \/>\n<meta property=\"og:title\" content=\"Manaus tem o Sine mais eficiente do Brasil e lidera ranking nacional de empregabilidade\" \/>\n<meta property=\"og:description\" content=\"O prefeito de Manaus, David Almeida, anunciou nesta ter\u00e7a-feira, 10\/3, durante agenda no Centro de Coopera\u00e7\u00e3o da Cidade (CCC), ao lado do secret\u00e1rio municipal do Trabalho, Empreendedorismo e Inova\u00e7\u00e3o, Alonso Oliveira, que o Sine Manaus alcan\u00e7ou o primeiro lugar no ranking nacional de efici\u00eancia da Rede Sine.\" \/>\n<meta property=\"og:url\" content=\"https:\/\/www.manaus.am.gov.br\/semtepi\/emprego\/sine-eficiente-brasil\/\" \/>\n<meta property=\"og:site_name\" content=\"SEMTEPI\" \/>\n<meta property=\"article:published_time\" content=\"2026-03-11T01:53:21+00:00\" \/>\n<meta property=\"article:modified_time\" content=\"2026-03-11T16:01:59+00:00\" \/>\n<meta property=\"og:image\" content=\"https:\/\/www.manaus.am.gov.br\/semtepi\/wp-content\/uploads\/sites\/20\/2026\/03\/Prefeito-Sine-4.jpeg\" \/>\n\t<meta property=\"og:image:width\" content=\"1160\" \/>\n\t<meta property=\"og:image:height\" content=\"773\" \/>\n\t<meta property=\"og:image:type\" content=\"image\/jpeg\" \/>\n<meta name=\"author\" content=\"smonteiro\" \/>\n<meta name=\"twitter:card\" content=\"summary_large_image\" \/>\n<meta name=\"twitter:label1\" content=\"Written by\" \/>\n\t<meta name=\"twitter:data1\" content=\"smonteiro\" \/>\n\t<meta name=\"twitter:label2\" content=\"Est. reading time\" \/>\n\t<meta name=\"twitter:data2\" content=\"5 minutos\" \/>\n<script type=\"application\/ld+json\" class=\"yoast-schema-graph\">{\"@context\":\"https:\/\/schema.org\",\"@graph\":[{\"@type\":\"Article\",\"@id\":\"https:\/\/www.manaus.am.gov.br\/semtepi\/emprego\/sine-eficiente-brasil\/#article\",\"isPartOf\":{\"@id\":\"https:\/\/www.manaus.am.gov.br\/semtepi\/emprego\/sine-eficiente-brasil\/\"},\"author\":{\"name\":\"smonteiro\",\"@id\":\"https:\/\/www.manaus.am.gov.br\/semtepi\/#\/schema\/person\/ab4dcf766a54dff74e8d267f5c591961\"},\"headline\":\"Manaus tem o Sine mais eficiente do Brasil e lidera ranking nacional de empregabilidade\",\"datePublished\":\"2026-03-11T01:53:21+00:00\",\"dateModified\":\"2026-03-11T16:01:59+00:00\",\"mainEntityOfPage\":{\"@id\":\"https:\/\/www.manaus.am.gov.br\/semtepi\/emprego\/sine-eficiente-brasil\/\"},\"wordCount\":676,\"publisher\":{\"@id\":\"https:\/\/www.manaus.am.gov.br\/semtepi\/#organization\"},\"image\":{\"@id\":\"https:\/\/www.manaus.am.gov.br\/semtepi\/emprego\/sine-eficiente-brasil\/#primaryimage\"},\"thumbnailUrl\":\"https:\/\/www.manaus.am.gov.br\/semtepi\/wp-content\/uploads\/sites\/20\/2026\/03\/Prefeito-Sine-4.jpeg\",\"keywords\":[\"David Almeida\",\"lider no ranking nacionalde empregabilidade\",\"prefeitura de manaus\",\"sine manaus\"],\"articleSection\":[\"Emprego\"],\"inLanguage\":\"pt-BR\"},{\"@type\":\"WebPage\",\"@id\":\"https:\/\/www.manaus.am.gov.br\/semtepi\/emprego\/sine-eficiente-brasil\/\",\"url\":\"https:\/\/www.manaus.am.gov.br\/semtepi\/emprego\/sine-eficiente-brasil\/\",\"name\":\"Manaus tem o Sine mais eficiente do Brasil e lidera ranking nacional de empregabilidade\",\"isPartOf\":{\"@id\":\"https:\/\/www.manaus.am.gov.br\/semtepi\/#website\"},\"primaryImageOfPage\":{\"@id\":\"https:\/\/www.manaus.am.gov.br\/semtepi\/emprego\/sine-eficiente-brasil\/#primaryimage\"},\"image\":{\"@id\":\"https:\/\/www.manaus.am.gov.br\/semtepi\/emprego\/sine-eficiente-brasil\/#primaryimage\"},\"thumbnailUrl\":\"https:\/\/www.manaus.am.gov.br\/semtepi\/wp-content\/uploads\/sites\/20\/2026\/03\/Prefeito-Sine-4.jpeg\",\"datePublished\":\"2026-03-11T01:53:21+00:00\",\"dateModified\":\"2026-03-11T16:01:59+00:00\",\"description\":\"O prefeito de Manaus, David Almeida, anunciou nesta ter\u00e7a-feira, 10\/3, durante agenda no Centro de Coopera\u00e7\u00e3o da Cidade (CCC), ao lado do secret\u00e1rio municipal do Trabalho, Empreendedorismo e Inova\u00e7\u00e3o, Alonso Oliveira, que o Sine Manaus alcan\u00e7ou o primeiro lugar no ranking nacional de efici\u00eancia da Rede Sine.\",\"breadcrumb\":{\"@id\":\"https:\/\/www.manaus.am.gov.br\/semtepi\/emprego\/sine-eficiente-brasil\/#breadcrumb\"},\"inLanguage\":\"pt-BR\",\"potentialAction\":[{\"@type\":\"ReadAction\",\"target\":[\"https:\/\/www.manaus.am.gov.br\/semtepi\/emprego\/sine-eficiente-brasil\/\"]}]},{\"@type\":\"ImageObject\",\"inLanguage\":\"pt-BR\",\"@id\":\"https:\/\/www.manaus.am.gov.br\/semtepi\/emprego\/sine-eficiente-brasil\/#primaryimage\",\"url\":\"https:\/\/www.manaus.am.gov.br\/semtepi\/wp-content\/uploads\/sites\/20\/2026\/03\/Prefeito-Sine-4.jpeg\",\"contentUrl\":\"https:\/\/www.manaus.am.gov.br\/semtepi\/wp-content\/uploads\/sites\/20\/2026\/03\/Prefeito-Sine-4.jpeg\",\"width\":1160,\"height\":773,\"caption\":\"#paratodosverem - Prefeito David Almeida e o secret\u00e1rio da Semtempi, Alonso Oliveira, anunciando a conquista do Sine Manaus\"},{\"@type\":\"BreadcrumbList\",\"@id\":\"https:\/\/www.manaus.am.gov.br\/semtepi\/emprego\/sine-eficiente-brasil\/#breadcrumb\",\"itemListElement\":[{\"@type\":\"ListItem\",\"position\":1,\"name\":\"Home\",\"item\":\"https:\/\/www.manaus.am.gov.br\/semtepi\/\"},{\"@type\":\"ListItem\",\"position\":2,\"name\":\"Manaus tem o Sine mais eficiente do Brasil e lidera ranking nacional de empregabilidade\"}]},{\"@type\":\"WebSite\",\"@id\":\"https:\/\/www.manaus.am.gov.br\/semtepi\/#website\",\"url\":\"https:\/\/www.manaus.am.gov.br\/semtepi\/\",\"name\":\"SEMTEPI\",\"description\":\"Prefeitura de Manaus\",\"publisher\":{\"@id\":\"https:\/\/www.manaus.am.gov.br\/semtepi\/#organization\"},\"alternateName\":\"Secretaria Municipal do Trabalho, Empreendedorismo e Inova\u00e7\u00e3o\",\"potentialAction\":[{\"@type\":\"SearchAction\",\"target\":{\"@type\":\"EntryPoint\",\"urlTemplate\":\"https:\/\/www.manaus.am.gov.br\/semtepi\/?s={search_term_string}\"},\"query-input\":\"required name=search_term_string\"}],\"inLanguage\":\"pt-BR\"},{\"@type\":\"Organization\",\"@id\":\"https:\/\/www.manaus.am.gov.br\/semtepi\/#organization\",\"name\":\"Prefeitura Municipal de Manaus\",\"alternateName\":\"Prefeitura de Manaus\",\"url\":\"https:\/\/www.manaus.am.gov.br\/semtepi\/\",\"logo\":{\"@type\":\"ImageObject\",\"inLanguage\":\"pt-BR\",\"@id\":\"https:\/\/www.manaus.am.gov.br\/semtepi\/#\/schema\/logo\/image\/\",\"url\":\"https:\/\/www.manaus.am.gov.br\/semtepi\/wp-content\/uploads\/sites\/20\/2024\/07\/favicon.png\",\"contentUrl\":\"https:\/\/www.manaus.am.gov.br\/semtepi\/wp-content\/uploads\/sites\/20\/2024\/07\/favicon.png\",\"width\":300,\"height\":300,\"caption\":\"Prefeitura Municipal de Manaus\"},\"image\":{\"@id\":\"https:\/\/www.manaus.am.gov.br\/semtepi\/#\/schema\/logo\/image\/\"}},{\"@type\":\"Person\",\"@id\":\"https:\/\/www.manaus.am.gov.br\/semtepi\/#\/schema\/person\/ab4dcf766a54dff74e8d267f5c591961\",\"name\":\"smonteiro\",\"image\":{\"@type\":\"ImageObject\",\"inLanguage\":\"pt-BR\",\"@id\":\"https:\/\/www.manaus.am.gov.br\/semtepi\/#\/schema\/person\/image\/\",\"url\":\"https:\/\/secure.gravatar.com\/avatar\/21c8776ef61d9272c73322052e042d77?s=96&d=mm&r=g\",\"contentUrl\":\"https:\/\/secure.gravatar.com\/avatar\/21c8776ef61d9272c73322052e042d77?s=96&d=mm&r=g\",\"caption\":\"smonteiro\"}}]}<\/script>\n<!-- \/ Yoast SEO plugin. -->","yoast_head_json":{"title":"Manaus tem o Sine mais eficiente do Brasil e lidera ranking nacional de empregabilidade","description":"O prefeito de Manaus, David Almeida, anunciou nesta ter\u00e7a-feira, 10\/3, durante agenda no Centro de Coopera\u00e7\u00e3o da Cidade (CCC), ao lado do secret\u00e1rio municipal do Trabalho, Empreendedorismo e Inova\u00e7\u00e3o, Alonso Oliveira, que o Sine Manaus alcan\u00e7ou o primeiro lugar no ranking nacional de efici\u00eancia da Rede Sine.","robots":{"index":"noindex","follow":"follow"},"og_locale":"pt_BR","og_type":"article","og_title":"Manaus tem o Sine mais eficiente do Brasil e lidera ranking nacional de empregabilidade","og_description":"O prefeito de Manaus, David Almeida, anunciou nesta ter\u00e7a-feira, 10\/3, durante agenda no Centro de Coopera\u00e7\u00e3o da Cidade (CCC), ao lado do secret\u00e1rio municipal do Trabalho, Empreendedorismo e Inova\u00e7\u00e3o, Alonso Oliveira, que o Sine Manaus alcan\u00e7ou o primeiro lugar no ranking nacional de efici\u00eancia da Rede Sine.","og_url":"https:\/\/www.manaus.am.gov.br\/semtepi\/emprego\/sine-eficiente-brasil\/","og_site_name":"SEMTEPI","article_published_time":"2026-03-11T01:53:21+00:00","article_modified_time":"2026-03-11T16:01:59+00:00","og_image":[{"width":1160,"height":773,"url":"https:\/\/www.manaus.am.gov.br\/semtepi\/wp-content\/uploads\/sites\/20\/2026\/03\/Prefeito-Sine-4.jpeg","type":"image\/jpeg"}],"author":"smonteiro","twitter_card":"summary_large_image","twitter_misc":{"Written by":"smonteiro","Est. reading time":"5 minutos"},"schema":{"@context":"https:\/\/schema.org","@graph":[{"@type":"Article","@id":"https:\/\/www.manaus.am.gov.br\/semtepi\/emprego\/sine-eficiente-brasil\/#article","isPartOf":{"@id":"https:\/\/www.manaus.am.gov.br\/semtepi\/emprego\/sine-eficiente-brasil\/"},"author":{"name":"smonteiro","@id":"https:\/\/www.manaus.am.gov.br\/semtepi\/#\/schema\/person\/ab4dcf766a54dff74e8d267f5c591961"},"headline":"Manaus tem o Sine mais eficiente do Brasil e lidera ranking nacional de empregabilidade","datePublished":"2026-03-11T01:53:21+00:00","dateModified":"2026-03-11T16:01:59+00:00","mainEntityOfPage":{"@id":"https:\/\/www.manaus.am.gov.br\/semtepi\/emprego\/sine-eficiente-brasil\/"},"wordCount":676,"publisher":{"@id":"https:\/\/www.manaus.am.gov.br\/semtepi\/#organization"},"image":{"@id":"https:\/\/www.manaus.am.gov.br\/semtepi\/emprego\/sine-eficiente-brasil\/#primaryimage"},"thumbnailUrl":"https:\/\/www.manaus.am.gov.br\/semtepi\/wp-content\/uploads\/sites\/20\/2026\/03\/Prefeito-Sine-4.jpeg","keywords":["David Almeida","lider no ranking nacionalde empregabilidade","prefeitura de manaus","sine manaus"],"articleSection":["Emprego"],"inLanguage":"pt-BR"},{"@type":"WebPage","@id":"https:\/\/www.manaus.am.gov.br\/semtepi\/emprego\/sine-eficiente-brasil\/","url":"https:\/\/www.manaus.am.gov.br\/semtepi\/emprego\/sine-eficiente-brasil\/","name":"Manaus tem o Sine mais eficiente do Brasil e lidera ranking nacional de empregabilidade","isPartOf":{"@id":"https:\/\/www.manaus.am.gov.br\/semtepi\/#website"},"primaryImageOfPage":{"@id":"https:\/\/www.manaus.am.gov.br\/semtepi\/emprego\/sine-eficiente-brasil\/#primaryimage"},"image":{"@id":"https:\/\/www.manaus.am.gov.br\/semtepi\/emprego\/sine-eficiente-brasil\/#primaryimage"},"thumbnailUrl":"https:\/\/www.manaus.am.gov.br\/semtepi\/wp-content\/uploads\/sites\/20\/2026\/03\/Prefeito-Sine-4.jpeg","datePublished":"2026-03-11T01:53:21+00:00","dateModified":"2026-03-11T16:01:59+00:00","description":"O prefeito de Manaus, David Almeida, anunciou nesta ter\u00e7a-feira, 10\/3, durante agenda no Centro de Coopera\u00e7\u00e3o da Cidade (CCC), ao lado do secret\u00e1rio municipal do Trabalho, Empreendedorismo e Inova\u00e7\u00e3o, Alonso Oliveira, que o Sine Manaus alcan\u00e7ou o primeiro lugar no ranking nacional de efici\u00eancia da Rede Sine.","breadcrumb":{"@id":"https:\/\/www.manaus.am.gov.br\/semtepi\/emprego\/sine-eficiente-brasil\/#breadcrumb"},"inLanguage":"pt-BR","potentialAction":[{"@type":"ReadAction","target":["https:\/\/www.manaus.am.gov.br\/semtepi\/emprego\/sine-eficiente-brasil\/"]}]},{"@type":"ImageObject","inLanguage":"pt-BR","@id":"https:\/\/www.manaus.am.gov.br\/semtepi\/emprego\/sine-eficiente-brasil\/#primaryimage","url":"https:\/\/www.manaus.am.gov.br\/semtepi\/wp-content\/uploads\/sites\/20\/2026\/03\/Prefeito-Sine-4.jpeg","contentUrl":"https:\/\/www.manaus.am.gov.br\/semtepi\/wp-content\/uploads\/sites\/20\/2026\/03\/Prefeito-Sine-4.jpeg","width":1160,"height":773,"caption":"#paratodosverem - Prefeito David Almeida e o secret\u00e1rio da Semtempi, Alonso Oliveira, anunciando a conquista do Sine Manaus"},{"@type":"BreadcrumbList","@id":"https:\/\/www.manaus.am.gov.br\/semtepi\/emprego\/sine-eficiente-brasil\/#breadcrumb","itemListElement":[{"@type":"ListItem","position":1,"name":"Home","item":"https:\/\/www.manaus.am.gov.br\/semtepi\/"},{"@type":"ListItem","position":2,"name":"Manaus tem o Sine mais eficiente do Brasil e lidera ranking nacional de empregabilidade"}]},{"@type":"WebSite","@id":"https:\/\/www.manaus.am.gov.br\/semtepi\/#website","url":"https:\/\/www.manaus.am.gov.br\/semtepi\/","name":"SEMTEPI","description":"Prefeitura de Manaus","publisher":{"@id":"https:\/\/www.manaus.am.gov.br\/semtepi\/#organization"},"alternateName":"Secretaria Municipal do Trabalho, Empreendedorismo e Inova\u00e7\u00e3o","potentialAction":[{"@type":"SearchAction","target":{"@type":"EntryPoint","urlTemplate":"https:\/\/www.manaus.am.gov.br\/semtepi\/?s={search_term_string}"},"query-input":"required name=search_term_string"}],"inLanguage":"pt-BR"},{"@type":"Organization","@id":"https:\/\/www.manaus.am.gov.br\/semtepi\/#organization","name":"Prefeitura Municipal de Manaus","alternateName":"Prefeitura de Manaus","url":"https:\/\/www.manaus.am.gov.br\/semtepi\/","logo":{"@type":"ImageObject","inLanguage":"pt-BR","@id":"https:\/\/www.manaus.am.gov.br\/semtepi\/#\/schema\/logo\/image\/","url":"https:\/\/www.manaus.am.gov.br\/semtepi\/wp-content\/uploads\/sites\/20\/2024\/07\/favicon.png","contentUrl":"https:\/\/www.manaus.am.gov.br\/semtepi\/wp-content\/uploads\/sites\/20\/2024\/07\/favicon.png","width":300,"height":300,"caption":"Prefeitura Municipal de Manaus"},"image":{"@id":"https:\/\/www.manaus.am.gov.br\/semtepi\/#\/schema\/logo\/image\/"}},{"@type":"Person","@id":"https:\/\/www.manaus.am.gov.br\/semtepi\/#\/schema\/person\/ab4dcf766a54dff74e8d267f5c591961","name":"smonteiro","image":{"@type":"ImageObject","inLanguage":"pt-BR","@id":"https:\/\/www.manaus.am.gov.br\/semtepi\/#\/schema\/person\/image\/","url":"https:\/\/secure.gravatar.com\/avatar\/21c8776ef61d9272c73322052e042d77?s=96&d=mm&r=g","contentUrl":"https:\/\/secure.gravatar.com\/avatar\/21c8776ef61d9272c73322052e042d77?s=96&d=mm&r=g","caption":"smonteiro"}}]}},"_links":{"self":[{"href":"https:\/\/www.manaus.am.gov.br\/semtepi\/wp-json\/wp\/v2\/posts\/7671"}],"collection":[{"href":"https:\/\/www.manaus.am.gov.br\/semtepi\/wp-json\/wp\/v2\/posts"}],"about":[{"href":"https:\/\/www.manaus.am.gov.br\/semtepi\/wp-json\/wp\/v2\/types\/post"}],"author":[{"embeddable":true,"href":"https:\/\/www.manaus.am.gov.br\/semtepi\/wp-json\/wp\/v2\/users\/61"}],"replies":[{"embeddable":true,"href":"https:\/\/www.manaus.am.gov.br\/semtepi\/wp-json\/wp\/v2\/comments?post=7671"}],"version-history":[{"count":3,"href":"https:\/\/www.manaus.am.gov.br\/semtepi\/wp-json\/wp\/v2\/posts\/7671\/revisions"}],"predecessor-version":[{"id":7678,"href":"https:\/\/www.manaus.am.gov.br\/semtepi\/wp-json\/wp\/v2\/posts\/7671\/revisions\/7678"}],"wp:featuredmedia":[{"embeddable":true,"href":"https:\/\/www.manaus.am.gov.br\/semtepi\/wp-json\/wp\/v2\/media\/7675"}],"wp:attachment":[{"href":"https:\/\/www.manaus.am.gov.br\/semtepi\/wp-json\/wp\/v2\/media?parent=7671"}],"wp:term":[{"taxonomy":"category","embeddable":true,"href":"https:\/\/www.manaus.am.gov.br\/semtepi\/wp-json\/wp\/v2\/categories?post=7671"},{"taxonomy":"post_tag","embeddable":true,"href":"https:\/\/www.manaus.am.gov.br\/semtepi\/wp-json\/wp\/v2\/tags?post=7671"}],"curies":[{"name":"wp","href":"https:\/\/api.w.org\/{rel}","templated":true}]}}