{"id":7656,"date":"2026-03-10T13:08:30","date_gmt":"2026-03-10T17:08:30","guid":{"rendered":"https:\/\/www.manaus.am.gov.br\/semtepi\/sem-categoria\/prefeitura-semtepi-oficina-ovosdepascoa\/"},"modified":"2026-03-10T13:23:55","modified_gmt":"2026-03-10T17:23:55","slug":"prefeitura-semtepi-oficina-de-ovos-artesanais","status":"publish","type":"post","link":"https:\/\/www.manaus.am.gov.br\/semtepi\/manaus\/prefeitura-semtepi-oficina-de-ovos-artesanais\/","title":{"rendered":"Prefeitura abre inscri\u00e7\u00f5es para oficina gratuita de produ\u00e7\u00e3o de ovos artesanais voltada \u00e0 gera\u00e7\u00e3o de renda na P\u00e1scoa"},"content":{"rendered":"\n<p>A <a href=\"https:\/\/www.manaus.am.gov.br\/\">Prefeitura de Manaus<\/a>, por meio do departamento de Qualifica\u00e7\u00e3o Profissional, abre, nesta ter\u00e7a-feira, 10\/3, as inscri\u00e7\u00f5es para a Oficina de Ovos Artesanais. As aulas acontecer\u00e3o de 17 a 20 de mar\u00e7o, das 9h \u00e0s 12h, no Centro de Refer\u00eancia de Assist\u00eancia Social (Cras), do bairro S\u00e3o Jos\u00e9 Oper\u00e1rio 4, localizado na rua Barreirinha, zona Leste da cidade.<\/p>\n\n\n\n<p>Realizado em parceria com a Aret\u00ea Del\u00edcias Regionais, o curso Oficina de Ovos Artesanais oferecer\u00e1 35 vagas com a proposta de capacitar os participantes com t\u00e9cnicas profissionais de produ\u00e7\u00e3o de ovos de P\u00e1scoa artesanais, incluindo preparo, recheio, acabamento, embalagem e montagem de cestas.<\/p>\n\n\n\n<p>O secret\u00e1rio da pasta, Alonso Oliveira, destacou a import\u00e2ncia da iniciativa para incentivar o empreendedorismo e fortalecer a renda das fam\u00edlias. \u201cEsse curso \u00e9 uma oportunidade para que as pessoas aprendam uma nova habilidade e possam aproveitar o per\u00edodo da P\u00e1scoa para gerar renda. Nosso objetivo \u00e9 oferecer capacita\u00e7\u00e3o pr\u00e1tica que ajude os participantes a empreender e conquistar autonomia financeira\u201d, afirmou.<\/p>\n\n\n\n<p>A capacita\u00e7\u00e3o \u00e9 voltada especialmente para pessoas que desejam iniciar um neg\u00f3cio na \u00e1rea de confeitaria, mulheres que buscam renda extra, jovens interessados no primeiro empreendimento, pessoas desempregadas e empreendedores informais que desejam se profissionalizar.<\/p>\n\n\n\n<p>As inscri\u00e7\u00f5es ser\u00e3o realizadas por meio do link:&nbsp;<a href=\"https:\/\/forms.gle\/wuYqQxiArX1SWvbz9\" target=\"_blank\" rel=\"noreferrer noopener\">https:\/\/forms.gle\/wuYqQxiArX1SWvbz9<\/a>, e ficar\u00e1 dispon\u00edvel at\u00e9 as 17h de quarta-feira, 11\/3. A lista com os selecionados ser\u00e1 divulgada na quinta-feira, 12\/3, a partir das 12h.<\/p>\n\n\n\n<p>&#8212; &#8212; &#8212;<\/p>\n\n\n\n<p><strong>Texto<\/strong> \u2013&nbsp;Fabiane Monteiro \/ Semtepi<\/p>\n\n\n\n<p><strong>Fotos<\/strong> \u2013&nbsp;Divulga\u00e7\u00e3o \/ Semtepi<\/p>\n","protected":false},"excerpt":{"rendered":"","protected":false},"author":23,"featured_media":7657,"comment_status":"closed","ping_status":"closed","sticky":false,"template":"","format":"standard","meta":{"footnotes":""},"categories":[270],"tags":[252,121,116,1313,8,9],"acf":[],"yoast_head":"<!-- This site is optimized with the Yoast SEO plugin v23.0 - https:\/\/yoast.com\/wordpress\/plugins\/seo\/ -->\n<title>Prefeitura abre inscri\u00e7\u00f5es para oficina gratuita de produ\u00e7\u00e3o de ovos artesanais voltada \u00e0 gera\u00e7\u00e3o de renda na P\u00e1scoa<\/title>\n<meta name=\"description\" content=\"A Prefeitura de Manaus, por meio do departamento de Qualifica\u00e7\u00e3o Profissional, abre, nesta ter\u00e7a-feira, 10\/3, as inscri\u00e7\u00f5es para a Oficina de Ovos Artesanais. As aulas acontecer\u00e3o de 17 a 20 de mar\u00e7o, das 9h \u00e0s 12h, no Centro de Refer\u00eancia de Assist\u00eancia Social (Cras), do bairro S\u00e3o Jos\u00e9 Oper\u00e1rio 4, localizado na rua Barreirinha, zona Leste da cidade.\" \/>\n<meta name=\"robots\" content=\"noindex, follow\" \/>\n<meta property=\"og:locale\" content=\"pt_BR\" \/>\n<meta property=\"og:type\" content=\"article\" \/>\n<meta property=\"og:title\" content=\"Prefeitura abre inscri\u00e7\u00f5es para oficina gratuita de produ\u00e7\u00e3o de ovos artesanais voltada \u00e0 gera\u00e7\u00e3o de renda na P\u00e1scoa\" \/>\n<meta property=\"og:description\" content=\"A Prefeitura de Manaus, por meio do departamento de Qualifica\u00e7\u00e3o Profissional, abre, nesta ter\u00e7a-feira, 10\/3, as inscri\u00e7\u00f5es para a Oficina de Ovos Artesanais. As aulas acontecer\u00e3o de 17 a 20 de mar\u00e7o, das 9h \u00e0s 12h, no Centro de Refer\u00eancia de Assist\u00eancia Social (Cras), do bairro S\u00e3o Jos\u00e9 Oper\u00e1rio 4, localizado na rua Barreirinha, zona Leste da cidade.\" \/>\n<meta property=\"og:url\" content=\"https:\/\/www.manaus.am.gov.br\/semtepi\/manaus\/prefeitura-semtepi-oficina-ovosdepascoa\/\" \/>\n<meta property=\"og:site_name\" content=\"SEMTEPI\" \/>\n<meta property=\"article:published_time\" content=\"2026-03-10T17:08:30+00:00\" \/>\n<meta property=\"article:modified_time\" content=\"2026-03-10T17:23:55+00:00\" \/>\n<meta property=\"og:image\" content=\"https:\/\/www.manaus.am.gov.br\/semtepi\/wp-content\/uploads\/sites\/20\/2026\/03\/Foto-3.jpeg\" \/>\n\t<meta property=\"og:image:width\" content=\"1600\" \/>\n\t<meta property=\"og:image:height\" content=\"1200\" \/>\n\t<meta property=\"og:image:type\" content=\"image\/jpeg\" \/>\n<meta name=\"author\" content=\"Adriana Costa\" \/>\n<meta name=\"twitter:card\" content=\"summary_large_image\" \/>\n<meta name=\"twitter:label1\" content=\"Written by\" \/>\n\t<meta name=\"twitter:data1\" content=\"Adriana Costa\" \/>\n\t<meta name=\"twitter:label2\" content=\"Est. reading time\" \/>\n\t<meta name=\"twitter:data2\" content=\"2 minutos\" \/>\n<script type=\"application\/ld+json\" class=\"yoast-schema-graph\">{\"@context\":\"https:\/\/schema.org\",\"@graph\":[{\"@type\":\"Article\",\"@id\":\"https:\/\/www.manaus.am.gov.br\/semtepi\/manaus\/prefeitura-semtepi-oficina-ovosdepascoa\/#article\",\"isPartOf\":{\"@id\":\"https:\/\/www.manaus.am.gov.br\/semtepi\/manaus\/prefeitura-semtepi-oficina-ovosdepascoa\/\"},\"author\":{\"name\":\"Adriana Costa\",\"@id\":\"https:\/\/www.manaus.am.gov.br\/semtepi\/#\/schema\/person\/4e49f4e267757a06ca072ec61b2b9968\"},\"headline\":\"Prefeitura abre inscri\u00e7\u00f5es para oficina gratuita de produ\u00e7\u00e3o de ovos artesanais voltada \u00e0 gera\u00e7\u00e3o de renda na P\u00e1scoa\",\"datePublished\":\"2026-03-10T17:08:30+00:00\",\"dateModified\":\"2026-03-10T17:23:55+00:00\",\"mainEntityOfPage\":{\"@id\":\"https:\/\/www.manaus.am.gov.br\/semtepi\/manaus\/prefeitura-semtepi-oficina-ovosdepascoa\/\"},\"wordCount\":283,\"publisher\":{\"@id\":\"https:\/\/www.manaus.am.gov.br\/semtepi\/#organization\"},\"image\":{\"@id\":\"https:\/\/www.manaus.am.gov.br\/semtepi\/manaus\/prefeitura-semtepi-oficina-ovosdepascoa\/#primaryimage\"},\"thumbnailUrl\":\"https:\/\/www.manaus.am.gov.br\/semtepi\/wp-content\/uploads\/sites\/20\/2026\/03\/Foto-3.jpeg\",\"keywords\":[\"curso\",\"empreendedorismo\",\"inscri\u00e7\u00f5es\",\"ovos de P\u00e1scoa\",\"prefeitura de manaus\",\"Semtepi\"],\"articleSection\":[\"Manaus\"],\"inLanguage\":\"pt-BR\"},{\"@type\":\"WebPage\",\"@id\":\"https:\/\/www.manaus.am.gov.br\/semtepi\/manaus\/prefeitura-semtepi-oficina-ovosdepascoa\/\",\"url\":\"https:\/\/www.manaus.am.gov.br\/semtepi\/manaus\/prefeitura-semtepi-oficina-ovosdepascoa\/\",\"name\":\"Prefeitura abre inscri\u00e7\u00f5es para oficina gratuita de produ\u00e7\u00e3o de ovos artesanais voltada \u00e0 gera\u00e7\u00e3o de renda na P\u00e1scoa\",\"isPartOf\":{\"@id\":\"https:\/\/www.manaus.am.gov.br\/semtepi\/#website\"},\"primaryImageOfPage\":{\"@id\":\"https:\/\/www.manaus.am.gov.br\/semtepi\/manaus\/prefeitura-semtepi-oficina-ovosdepascoa\/#primaryimage\"},\"image\":{\"@id\":\"https:\/\/www.manaus.am.gov.br\/semtepi\/manaus\/prefeitura-semtepi-oficina-ovosdepascoa\/#primaryimage\"},\"thumbnailUrl\":\"https:\/\/www.manaus.am.gov.br\/semtepi\/wp-content\/uploads\/sites\/20\/2026\/03\/Foto-3.jpeg\",\"datePublished\":\"2026-03-10T17:08:30+00:00\",\"dateModified\":\"2026-03-10T17:23:55+00:00\",\"description\":\"A Prefeitura de Manaus, por meio do departamento de Qualifica\u00e7\u00e3o Profissional, abre, nesta ter\u00e7a-feira, 10\/3, as inscri\u00e7\u00f5es para a Oficina de Ovos Artesanais. As aulas acontecer\u00e3o de 17 a 20 de mar\u00e7o, das 9h \u00e0s 12h, no Centro de Refer\u00eancia de Assist\u00eancia Social (Cras), do bairro S\u00e3o Jos\u00e9 Oper\u00e1rio 4, localizado na rua Barreirinha, zona Leste da cidade.\",\"breadcrumb\":{\"@id\":\"https:\/\/www.manaus.am.gov.br\/semtepi\/manaus\/prefeitura-semtepi-oficina-ovosdepascoa\/#breadcrumb\"},\"inLanguage\":\"pt-BR\",\"potentialAction\":[{\"@type\":\"ReadAction\",\"target\":[\"https:\/\/www.manaus.am.gov.br\/semtepi\/manaus\/prefeitura-semtepi-oficina-ovosdepascoa\/\"]}]},{\"@type\":\"ImageObject\",\"inLanguage\":\"pt-BR\",\"@id\":\"https:\/\/www.manaus.am.gov.br\/semtepi\/manaus\/prefeitura-semtepi-oficina-ovosdepascoa\/#primaryimage\",\"url\":\"https:\/\/www.manaus.am.gov.br\/semtepi\/wp-content\/uploads\/sites\/20\/2026\/03\/Foto-3.jpeg\",\"contentUrl\":\"https:\/\/www.manaus.am.gov.br\/semtepi\/wp-content\/uploads\/sites\/20\/2026\/03\/Foto-3.jpeg\",\"width\":1600,\"height\":1200,\"caption\":\"#paratodosverem - Mesa com produtos de chocolate voltados \u00e0 comercializa\u00e7\u00e3o na P\u00e1scoa\"},{\"@type\":\"BreadcrumbList\",\"@id\":\"https:\/\/www.manaus.am.gov.br\/semtepi\/manaus\/prefeitura-semtepi-oficina-ovosdepascoa\/#breadcrumb\",\"itemListElement\":[{\"@type\":\"ListItem\",\"position\":1,\"name\":\"Home\",\"item\":\"https:\/\/www.manaus.am.gov.br\/semtepi\/\"},{\"@type\":\"ListItem\",\"position\":2,\"name\":\"Prefeitura abre inscri\u00e7\u00f5es para oficina gratuita de produ\u00e7\u00e3o de ovos artesanais voltada \u00e0 gera\u00e7\u00e3o de renda na P\u00e1scoa\"}]},{\"@type\":\"WebSite\",\"@id\":\"https:\/\/www.manaus.am.gov.br\/semtepi\/#website\",\"url\":\"https:\/\/www.manaus.am.gov.br\/semtepi\/\",\"name\":\"SEMTEPI\",\"description\":\"Prefeitura de Manaus\",\"publisher\":{\"@id\":\"https:\/\/www.manaus.am.gov.br\/semtepi\/#organization\"},\"alternateName\":\"Secretaria Municipal do Trabalho, Empreendedorismo e Inova\u00e7\u00e3o\",\"potentialAction\":[{\"@type\":\"SearchAction\",\"target\":{\"@type\":\"EntryPoint\",\"urlTemplate\":\"https:\/\/www.manaus.am.gov.br\/semtepi\/?s={search_term_string}\"},\"query-input\":\"required name=search_term_string\"}],\"inLanguage\":\"pt-BR\"},{\"@type\":\"Organization\",\"@id\":\"https:\/\/www.manaus.am.gov.br\/semtepi\/#organization\",\"name\":\"Prefeitura Municipal de Manaus\",\"alternateName\":\"Prefeitura de Manaus\",\"url\":\"https:\/\/www.manaus.am.gov.br\/semtepi\/\",\"logo\":{\"@type\":\"ImageObject\",\"inLanguage\":\"pt-BR\",\"@id\":\"https:\/\/www.manaus.am.gov.br\/semtepi\/#\/schema\/logo\/image\/\",\"url\":\"https:\/\/www.manaus.am.gov.br\/semtepi\/wp-content\/uploads\/sites\/20\/2024\/07\/favicon.png\",\"contentUrl\":\"https:\/\/www.manaus.am.gov.br\/semtepi\/wp-content\/uploads\/sites\/20\/2024\/07\/favicon.png\",\"width\":300,\"height\":300,\"caption\":\"Prefeitura Municipal de Manaus\"},\"image\":{\"@id\":\"https:\/\/www.manaus.am.gov.br\/semtepi\/#\/schema\/logo\/image\/\"}},{\"@type\":\"Person\",\"@id\":\"https:\/\/www.manaus.am.gov.br\/semtepi\/#\/schema\/person\/4e49f4e267757a06ca072ec61b2b9968\",\"name\":\"Adriana Costa\",\"image\":{\"@type\":\"ImageObject\",\"inLanguage\":\"pt-BR\",\"@id\":\"https:\/\/www.manaus.am.gov.br\/semtepi\/#\/schema\/person\/image\/\",\"url\":\"https:\/\/secure.gravatar.com\/avatar\/576258617ef7194f718179e766d57bd4?s=96&d=mm&r=g\",\"contentUrl\":\"https:\/\/secure.gravatar.com\/avatar\/576258617ef7194f718179e766d57bd4?s=96&d=mm&r=g\",\"caption\":\"Adriana Costa\"}}]}<\/script>\n<!-- \/ Yoast SEO plugin. -->","yoast_head_json":{"title":"Prefeitura abre inscri\u00e7\u00f5es para oficina gratuita de produ\u00e7\u00e3o de ovos artesanais voltada \u00e0 gera\u00e7\u00e3o de renda na P\u00e1scoa","description":"A Prefeitura de Manaus, por meio do departamento de Qualifica\u00e7\u00e3o Profissional, abre, nesta ter\u00e7a-feira, 10\/3, as inscri\u00e7\u00f5es para a Oficina de Ovos Artesanais. As aulas acontecer\u00e3o de 17 a 20 de mar\u00e7o, das 9h \u00e0s 12h, no Centro de Refer\u00eancia de Assist\u00eancia Social (Cras), do bairro S\u00e3o Jos\u00e9 Oper\u00e1rio 4, localizado na rua Barreirinha, zona Leste da cidade.","robots":{"index":"noindex","follow":"follow"},"og_locale":"pt_BR","og_type":"article","og_title":"Prefeitura abre inscri\u00e7\u00f5es para oficina gratuita de produ\u00e7\u00e3o de ovos artesanais voltada \u00e0 gera\u00e7\u00e3o de renda na P\u00e1scoa","og_description":"A Prefeitura de Manaus, por meio do departamento de Qualifica\u00e7\u00e3o Profissional, abre, nesta ter\u00e7a-feira, 10\/3, as inscri\u00e7\u00f5es para a Oficina de Ovos Artesanais. As aulas acontecer\u00e3o de 17 a 20 de mar\u00e7o, das 9h \u00e0s 12h, no Centro de Refer\u00eancia de Assist\u00eancia Social (Cras), do bairro S\u00e3o Jos\u00e9 Oper\u00e1rio 4, localizado na rua Barreirinha, zona Leste da cidade.","og_url":"https:\/\/www.manaus.am.gov.br\/semtepi\/manaus\/prefeitura-semtepi-oficina-ovosdepascoa\/","og_site_name":"SEMTEPI","article_published_time":"2026-03-10T17:08:30+00:00","article_modified_time":"2026-03-10T17:23:55+00:00","og_image":[{"width":1600,"height":1200,"url":"https:\/\/www.manaus.am.gov.br\/semtepi\/wp-content\/uploads\/sites\/20\/2026\/03\/Foto-3.jpeg","type":"image\/jpeg"}],"author":"Adriana Costa","twitter_card":"summary_large_image","twitter_misc":{"Written by":"Adriana Costa","Est. reading time":"2 minutos"},"schema":{"@context":"https:\/\/schema.org","@graph":[{"@type":"Article","@id":"https:\/\/www.manaus.am.gov.br\/semtepi\/manaus\/prefeitura-semtepi-oficina-ovosdepascoa\/#article","isPartOf":{"@id":"https:\/\/www.manaus.am.gov.br\/semtepi\/manaus\/prefeitura-semtepi-oficina-ovosdepascoa\/"},"author":{"name":"Adriana Costa","@id":"https:\/\/www.manaus.am.gov.br\/semtepi\/#\/schema\/person\/4e49f4e267757a06ca072ec61b2b9968"},"headline":"Prefeitura abre inscri\u00e7\u00f5es para oficina gratuita de produ\u00e7\u00e3o de ovos artesanais voltada \u00e0 gera\u00e7\u00e3o de renda na P\u00e1scoa","datePublished":"2026-03-10T17:08:30+00:00","dateModified":"2026-03-10T17:23:55+00:00","mainEntityOfPage":{"@id":"https:\/\/www.manaus.am.gov.br\/semtepi\/manaus\/prefeitura-semtepi-oficina-ovosdepascoa\/"},"wordCount":283,"publisher":{"@id":"https:\/\/www.manaus.am.gov.br\/semtepi\/#organization"},"image":{"@id":"https:\/\/www.manaus.am.gov.br\/semtepi\/manaus\/prefeitura-semtepi-oficina-ovosdepascoa\/#primaryimage"},"thumbnailUrl":"https:\/\/www.manaus.am.gov.br\/semtepi\/wp-content\/uploads\/sites\/20\/2026\/03\/Foto-3.jpeg","keywords":["curso","empreendedorismo","inscri\u00e7\u00f5es","ovos de P\u00e1scoa","prefeitura de manaus","Semtepi"],"articleSection":["Manaus"],"inLanguage":"pt-BR"},{"@type":"WebPage","@id":"https:\/\/www.manaus.am.gov.br\/semtepi\/manaus\/prefeitura-semtepi-oficina-ovosdepascoa\/","url":"https:\/\/www.manaus.am.gov.br\/semtepi\/manaus\/prefeitura-semtepi-oficina-ovosdepascoa\/","name":"Prefeitura abre inscri\u00e7\u00f5es para oficina gratuita de produ\u00e7\u00e3o de ovos artesanais voltada \u00e0 gera\u00e7\u00e3o de renda na P\u00e1scoa","isPartOf":{"@id":"https:\/\/www.manaus.am.gov.br\/semtepi\/#website"},"primaryImageOfPage":{"@id":"https:\/\/www.manaus.am.gov.br\/semtepi\/manaus\/prefeitura-semtepi-oficina-ovosdepascoa\/#primaryimage"},"image":{"@id":"https:\/\/www.manaus.am.gov.br\/semtepi\/manaus\/prefeitura-semtepi-oficina-ovosdepascoa\/#primaryimage"},"thumbnailUrl":"https:\/\/www.manaus.am.gov.br\/semtepi\/wp-content\/uploads\/sites\/20\/2026\/03\/Foto-3.jpeg","datePublished":"2026-03-10T17:08:30+00:00","dateModified":"2026-03-10T17:23:55+00:00","description":"A Prefeitura de Manaus, por meio do departamento de Qualifica\u00e7\u00e3o Profissional, abre, nesta ter\u00e7a-feira, 10\/3, as inscri\u00e7\u00f5es para a Oficina de Ovos Artesanais. As aulas acontecer\u00e3o de 17 a 20 de mar\u00e7o, das 9h \u00e0s 12h, no Centro de Refer\u00eancia de Assist\u00eancia Social (Cras), do bairro S\u00e3o Jos\u00e9 Oper\u00e1rio 4, localizado na rua Barreirinha, zona Leste da cidade.","breadcrumb":{"@id":"https:\/\/www.manaus.am.gov.br\/semtepi\/manaus\/prefeitura-semtepi-oficina-ovosdepascoa\/#breadcrumb"},"inLanguage":"pt-BR","potentialAction":[{"@type":"ReadAction","target":["https:\/\/www.manaus.am.gov.br\/semtepi\/manaus\/prefeitura-semtepi-oficina-ovosdepascoa\/"]}]},{"@type":"ImageObject","inLanguage":"pt-BR","@id":"https:\/\/www.manaus.am.gov.br\/semtepi\/manaus\/prefeitura-semtepi-oficina-ovosdepascoa\/#primaryimage","url":"https:\/\/www.manaus.am.gov.br\/semtepi\/wp-content\/uploads\/sites\/20\/2026\/03\/Foto-3.jpeg","contentUrl":"https:\/\/www.manaus.am.gov.br\/semtepi\/wp-content\/uploads\/sites\/20\/2026\/03\/Foto-3.jpeg","width":1600,"height":1200,"caption":"#paratodosverem - Mesa com produtos de chocolate voltados \u00e0 comercializa\u00e7\u00e3o na P\u00e1scoa"},{"@type":"BreadcrumbList","@id":"https:\/\/www.manaus.am.gov.br\/semtepi\/manaus\/prefeitura-semtepi-oficina-ovosdepascoa\/#breadcrumb","itemListElement":[{"@type":"ListItem","position":1,"name":"Home","item":"https:\/\/www.manaus.am.gov.br\/semtepi\/"},{"@type":"ListItem","position":2,"name":"Prefeitura abre inscri\u00e7\u00f5es para oficina gratuita de produ\u00e7\u00e3o de ovos artesanais voltada \u00e0 gera\u00e7\u00e3o de renda na P\u00e1scoa"}]},{"@type":"WebSite","@id":"https:\/\/www.manaus.am.gov.br\/semtepi\/#website","url":"https:\/\/www.manaus.am.gov.br\/semtepi\/","name":"SEMTEPI","description":"Prefeitura de Manaus","publisher":{"@id":"https:\/\/www.manaus.am.gov.br\/semtepi\/#organization"},"alternateName":"Secretaria Municipal do Trabalho, Empreendedorismo e Inova\u00e7\u00e3o","potentialAction":[{"@type":"SearchAction","target":{"@type":"EntryPoint","urlTemplate":"https:\/\/www.manaus.am.gov.br\/semtepi\/?s={search_term_string}"},"query-input":"required name=search_term_string"}],"inLanguage":"pt-BR"},{"@type":"Organization","@id":"https:\/\/www.manaus.am.gov.br\/semtepi\/#organization","name":"Prefeitura Municipal de Manaus","alternateName":"Prefeitura de Manaus","url":"https:\/\/www.manaus.am.gov.br\/semtepi\/","logo":{"@type":"ImageObject","inLanguage":"pt-BR","@id":"https:\/\/www.manaus.am.gov.br\/semtepi\/#\/schema\/logo\/image\/","url":"https:\/\/www.manaus.am.gov.br\/semtepi\/wp-content\/uploads\/sites\/20\/2024\/07\/favicon.png","contentUrl":"https:\/\/www.manaus.am.gov.br\/semtepi\/wp-content\/uploads\/sites\/20\/2024\/07\/favicon.png","width":300,"height":300,"caption":"Prefeitura Municipal de Manaus"},"image":{"@id":"https:\/\/www.manaus.am.gov.br\/semtepi\/#\/schema\/logo\/image\/"}},{"@type":"Person","@id":"https:\/\/www.manaus.am.gov.br\/semtepi\/#\/schema\/person\/4e49f4e267757a06ca072ec61b2b9968","name":"Adriana Costa","image":{"@type":"ImageObject","inLanguage":"pt-BR","@id":"https:\/\/www.manaus.am.gov.br\/semtepi\/#\/schema\/person\/image\/","url":"https:\/\/secure.gravatar.com\/avatar\/576258617ef7194f718179e766d57bd4?s=96&d=mm&r=g","contentUrl":"https:\/\/secure.gravatar.com\/avatar\/576258617ef7194f718179e766d57bd4?s=96&d=mm&r=g","caption":"Adriana Costa"}}]}},"_links":{"self":[{"href":"https:\/\/www.manaus.am.gov.br\/semtepi\/wp-json\/wp\/v2\/posts\/7656"}],"collection":[{"href":"https:\/\/www.manaus.am.gov.br\/semtepi\/wp-json\/wp\/v2\/posts"}],"about":[{"href":"https:\/\/www.manaus.am.gov.br\/semtepi\/wp-json\/wp\/v2\/types\/post"}],"author":[{"embeddable":true,"href":"https:\/\/www.manaus.am.gov.br\/semtepi\/wp-json\/wp\/v2\/users\/23"}],"replies":[{"embeddable":true,"href":"https:\/\/www.manaus.am.gov.br\/semtepi\/wp-json\/wp\/v2\/comments?post=7656"}],"version-history":[{"count":1,"href":"https:\/\/www.manaus.am.gov.br\/semtepi\/wp-json\/wp\/v2\/posts\/7656\/revisions"}],"predecessor-version":[{"id":7661,"href":"https:\/\/www.manaus.am.gov.br\/semtepi\/wp-json\/wp\/v2\/posts\/7656\/revisions\/7661"}],"wp:featuredmedia":[{"embeddable":true,"href":"https:\/\/www.manaus.am.gov.br\/semtepi\/wp-json\/wp\/v2\/media\/7657"}],"wp:attachment":[{"href":"https:\/\/www.manaus.am.gov.br\/semtepi\/wp-json\/wp\/v2\/media?parent=7656"}],"wp:term":[{"taxonomy":"category","embeddable":true,"href":"https:\/\/www.manaus.am.gov.br\/semtepi\/wp-json\/wp\/v2\/categories?post=7656"},{"taxonomy":"post_tag","embeddable":true,"href":"https:\/\/www.manaus.am.gov.br\/semtepi\/wp-json\/wp\/v2\/tags?post=7656"}],"curies":[{"name":"wp","href":"https:\/\/api.w.org\/{rel}","templated":true}]}}