{"id":7653,"date":"2026-03-09T15:35:07","date_gmt":"2026-03-09T19:35:07","guid":{"rendered":"https:\/\/www.manaus.am.gov.br\/semtepi\/sem-categoria\/lista-selecionados-treinamento\/"},"modified":"2026-03-09T15:55:56","modified_gmt":"2026-03-09T19:55:56","slug":"lista-selecionados-treinamento-tbo","status":"publish","type":"post","link":"https:\/\/www.manaus.am.gov.br\/semtepi\/treinamento\/lista-selecionados-treinamento-tbo\/","title":{"rendered":"Prefeitura divulga lista de selecionados para curso de Treinamento B\u00e1sico Operacional (TBO)"},"content":{"rendered":"\n<p>A <a href=\"https:\/\/www.manaus.am.gov.br\/\">Prefeitura de Manaus<\/a>, por meio da <a href=\"https:\/\/www.instagram.com\/semtepimanaus\/\">Secretaria Municipal do Trabalho, Empreendedorismo e Inova\u00e7\u00e3o<\/a> (Semtepi), divulgou a lista dos 100 selecionados para o curso de Treinamento B\u00e1sico Operacional (TBO), que ser\u00e1 realizado neste s\u00e1bado, 14\/03. Clique aqui para consultar a rela\u00e7\u00e3o dos classificados: https:\/\/www.manaus.am.gov.br\/wp-content\/uploads\/2026\/03\/Semtepi-LISTA-DE-SELECIONADOS-.pdf.<\/p>\n\n\n\n<p>A capacita\u00e7\u00e3o ser\u00e1 realizada das 8h \u00e0s 16h30, na Galeria dos Rem\u00e9dios, localizada na rua Miranda Le\u00e3o, n\u00ba 82, no Centro da capital. O curso ser\u00e1 ministrado de forma presencial e conta com parceria da empresa Rockstar Consultoria e Treinamento.<\/p>\n\n\n\n<p>\u201cNosso objetivo \u00e9 preparar cada vez mais a popula\u00e7\u00e3o para o mercado de trabalho. O curso de Treinamento B\u00e1sico Operacional \u00e9 uma porta de entrada para muitas oportunidades, especialmente no setor industrial. A determina\u00e7\u00e3o da gest\u00e3o do prefeito David Almeida \u00e9 ampliar o acesso \u00e0 qualifica\u00e7\u00e3o gratuita e garantir que mais manauaras estejam prontos para conquistar uma vaga e melhorar sua renda\u201d, afirmou o secret\u00e1rio da Semtepi, Alonso Oliveira.<\/p>\n\n\n\n<p>De acordo com a Semtepi, os candidatos selecionados devem comparecer no local indicado portando um documento oficial com foto. A secretaria alerta ainda que quem n\u00e3o comparecer no primeiro dia de aula perder\u00e1 automaticamente a vaga, que ser\u00e1 destinada aos candidatos da lista de espera.<\/p>\n\n\n\n<p>O Treinamento B\u00e1sico Operacional tem como objetivo preparar trabalhadores para atuar em fun\u00e7\u00f5es operacionais, principalmente no setor industrial, com conte\u00fados voltados para organiza\u00e7\u00e3o do trabalho, procedimentos operacionais e postura profissional no ambiente produtivo.<\/p>\n\n\n\n<p>&#8212; &#8212; &#8212;<\/p>\n\n\n\n<p><strong>Texto<\/strong> &#8211; Asafe Augusto\/Semtepi<\/p>\n\n\n\n<p><strong>Fotos<\/strong> &#8211; Divulga\u00e7\u00e3o\/Semtepi<\/p>\n","protected":false},"excerpt":{"rendered":"","protected":false},"author":61,"featured_media":7654,"comment_status":"closed","ping_status":"closed","sticky":false,"template":"","format":"standard","meta":{"footnotes":""},"categories":[1700],"tags":[8,225,9,968,152],"acf":[],"yoast_head":"<!-- This site is optimized with the Yoast SEO plugin v23.0 - https:\/\/yoast.com\/wordpress\/plugins\/seo\/ -->\n<title>Prefeitura divulga lista de selecionados para curso de Treinamento B\u00e1sico Operacional (TBO)<\/title>\n<meta name=\"description\" content=\"A Prefeitura de Manaus, por meio da Secretaria Municipal do Trabalho, Empreendedorismo e Inova\u00e7\u00e3o (Semtepi), divulgou a lista dos 100 selecionados para o curso de Treinamento B\u00e1sico Operacional (TBO).\" \/>\n<meta name=\"robots\" content=\"noindex, follow\" \/>\n<meta property=\"og:locale\" content=\"pt_BR\" \/>\n<meta property=\"og:type\" content=\"article\" \/>\n<meta property=\"og:title\" content=\"Prefeitura divulga lista de selecionados para curso de Treinamento B\u00e1sico Operacional (TBO)\" \/>\n<meta property=\"og:description\" content=\"A Prefeitura de Manaus, por meio da Secretaria Municipal do Trabalho, Empreendedorismo e Inova\u00e7\u00e3o (Semtepi), divulgou a lista dos 100 selecionados para o curso de Treinamento B\u00e1sico Operacional (TBO).\" \/>\n<meta property=\"og:url\" content=\"https:\/\/www.manaus.am.gov.br\/semtepi\/treinamento\/lista-selecionados-treinamento\/\" \/>\n<meta property=\"og:site_name\" content=\"SEMTEPI\" \/>\n<meta property=\"article:published_time\" content=\"2026-03-09T19:35:07+00:00\" \/>\n<meta property=\"article:modified_time\" content=\"2026-03-09T19:55:56+00:00\" \/>\n<meta property=\"og:image\" content=\"https:\/\/www.manaus.am.gov.br\/semtepi\/wp-content\/uploads\/sites\/20\/2026\/03\/Semtepi-LISTA-DE-SELECIONADOS-.jpeg\" \/>\n\t<meta property=\"og:image:width\" content=\"1280\" \/>\n\t<meta property=\"og:image:height\" content=\"960\" \/>\n\t<meta property=\"og:image:type\" content=\"image\/jpeg\" \/>\n<meta name=\"author\" content=\"smonteiro\" \/>\n<meta name=\"twitter:card\" content=\"summary_large_image\" \/>\n<meta name=\"twitter:label1\" content=\"Written by\" \/>\n\t<meta name=\"twitter:data1\" content=\"smonteiro\" \/>\n\t<meta name=\"twitter:label2\" content=\"Est. reading time\" \/>\n\t<meta name=\"twitter:data2\" content=\"2 minutos\" \/>\n<script type=\"application\/ld+json\" class=\"yoast-schema-graph\">{\"@context\":\"https:\/\/schema.org\",\"@graph\":[{\"@type\":\"Article\",\"@id\":\"https:\/\/www.manaus.am.gov.br\/semtepi\/treinamento\/lista-selecionados-treinamento\/#article\",\"isPartOf\":{\"@id\":\"https:\/\/www.manaus.am.gov.br\/semtepi\/treinamento\/lista-selecionados-treinamento\/\"},\"author\":{\"name\":\"smonteiro\",\"@id\":\"https:\/\/www.manaus.am.gov.br\/semtepi\/#\/schema\/person\/ab4dcf766a54dff74e8d267f5c591961\"},\"headline\":\"Prefeitura divulga lista de selecionados para curso de Treinamento B\u00e1sico Operacional (TBO)\",\"datePublished\":\"2026-03-09T19:35:07+00:00\",\"dateModified\":\"2026-03-09T19:55:56+00:00\",\"mainEntityOfPage\":{\"@id\":\"https:\/\/www.manaus.am.gov.br\/semtepi\/treinamento\/lista-selecionados-treinamento\/\"},\"wordCount\":277,\"publisher\":{\"@id\":\"https:\/\/www.manaus.am.gov.br\/semtepi\/#organization\"},\"image\":{\"@id\":\"https:\/\/www.manaus.am.gov.br\/semtepi\/treinamento\/lista-selecionados-treinamento\/#primaryimage\"},\"thumbnailUrl\":\"https:\/\/www.manaus.am.gov.br\/semtepi\/wp-content\/uploads\/sites\/20\/2026\/03\/Semtepi-LISTA-DE-SELECIONADOS-.jpeg\",\"keywords\":[\"prefeitura de manaus\",\"selecionados\",\"Semtepi\",\"TBO\",\"treinamento\"],\"articleSection\":[\"Treinamento\"],\"inLanguage\":\"pt-BR\"},{\"@type\":\"WebPage\",\"@id\":\"https:\/\/www.manaus.am.gov.br\/semtepi\/treinamento\/lista-selecionados-treinamento\/\",\"url\":\"https:\/\/www.manaus.am.gov.br\/semtepi\/treinamento\/lista-selecionados-treinamento\/\",\"name\":\"Prefeitura divulga lista de selecionados para curso de Treinamento B\u00e1sico Operacional (TBO)\",\"isPartOf\":{\"@id\":\"https:\/\/www.manaus.am.gov.br\/semtepi\/#website\"},\"primaryImageOfPage\":{\"@id\":\"https:\/\/www.manaus.am.gov.br\/semtepi\/treinamento\/lista-selecionados-treinamento\/#primaryimage\"},\"image\":{\"@id\":\"https:\/\/www.manaus.am.gov.br\/semtepi\/treinamento\/lista-selecionados-treinamento\/#primaryimage\"},\"thumbnailUrl\":\"https:\/\/www.manaus.am.gov.br\/semtepi\/wp-content\/uploads\/sites\/20\/2026\/03\/Semtepi-LISTA-DE-SELECIONADOS-.jpeg\",\"datePublished\":\"2026-03-09T19:35:07+00:00\",\"dateModified\":\"2026-03-09T19:55:56+00:00\",\"description\":\"A Prefeitura de Manaus, por meio da Secretaria Municipal do Trabalho, Empreendedorismo e Inova\u00e7\u00e3o (Semtepi), divulgou a lista dos 100 selecionados para o curso de Treinamento B\u00e1sico Operacional (TBO).\",\"breadcrumb\":{\"@id\":\"https:\/\/www.manaus.am.gov.br\/semtepi\/treinamento\/lista-selecionados-treinamento\/#breadcrumb\"},\"inLanguage\":\"pt-BR\",\"potentialAction\":[{\"@type\":\"ReadAction\",\"target\":[\"https:\/\/www.manaus.am.gov.br\/semtepi\/treinamento\/lista-selecionados-treinamento\/\"]}]},{\"@type\":\"ImageObject\",\"inLanguage\":\"pt-BR\",\"@id\":\"https:\/\/www.manaus.am.gov.br\/semtepi\/treinamento\/lista-selecionados-treinamento\/#primaryimage\",\"url\":\"https:\/\/www.manaus.am.gov.br\/semtepi\/wp-content\/uploads\/sites\/20\/2026\/03\/Semtepi-LISTA-DE-SELECIONADOS-.jpeg\",\"contentUrl\":\"https:\/\/www.manaus.am.gov.br\/semtepi\/wp-content\/uploads\/sites\/20\/2026\/03\/Semtepi-LISTA-DE-SELECIONADOS-.jpeg\",\"width\":1280,\"height\":960,\"caption\":\"#paratodosverem - a prefeitura oferece capacita\u00e7\u00e3o gratuita em diversas \u00e1reas\"},{\"@type\":\"BreadcrumbList\",\"@id\":\"https:\/\/www.manaus.am.gov.br\/semtepi\/treinamento\/lista-selecionados-treinamento\/#breadcrumb\",\"itemListElement\":[{\"@type\":\"ListItem\",\"position\":1,\"name\":\"Home\",\"item\":\"https:\/\/www.manaus.am.gov.br\/semtepi\/\"},{\"@type\":\"ListItem\",\"position\":2,\"name\":\"Prefeitura divulga lista de selecionados para curso de Treinamento B\u00e1sico Operacional (TBO)\"}]},{\"@type\":\"WebSite\",\"@id\":\"https:\/\/www.manaus.am.gov.br\/semtepi\/#website\",\"url\":\"https:\/\/www.manaus.am.gov.br\/semtepi\/\",\"name\":\"SEMTEPI\",\"description\":\"Prefeitura de Manaus\",\"publisher\":{\"@id\":\"https:\/\/www.manaus.am.gov.br\/semtepi\/#organization\"},\"alternateName\":\"Secretaria Municipal do Trabalho, Empreendedorismo e Inova\u00e7\u00e3o\",\"potentialAction\":[{\"@type\":\"SearchAction\",\"target\":{\"@type\":\"EntryPoint\",\"urlTemplate\":\"https:\/\/www.manaus.am.gov.br\/semtepi\/?s={search_term_string}\"},\"query-input\":\"required name=search_term_string\"}],\"inLanguage\":\"pt-BR\"},{\"@type\":\"Organization\",\"@id\":\"https:\/\/www.manaus.am.gov.br\/semtepi\/#organization\",\"name\":\"Prefeitura Municipal de Manaus\",\"alternateName\":\"Prefeitura de Manaus\",\"url\":\"https:\/\/www.manaus.am.gov.br\/semtepi\/\",\"logo\":{\"@type\":\"ImageObject\",\"inLanguage\":\"pt-BR\",\"@id\":\"https:\/\/www.manaus.am.gov.br\/semtepi\/#\/schema\/logo\/image\/\",\"url\":\"https:\/\/www.manaus.am.gov.br\/semtepi\/wp-content\/uploads\/sites\/20\/2024\/07\/favicon.png\",\"contentUrl\":\"https:\/\/www.manaus.am.gov.br\/semtepi\/wp-content\/uploads\/sites\/20\/2024\/07\/favicon.png\",\"width\":300,\"height\":300,\"caption\":\"Prefeitura Municipal de Manaus\"},\"image\":{\"@id\":\"https:\/\/www.manaus.am.gov.br\/semtepi\/#\/schema\/logo\/image\/\"}},{\"@type\":\"Person\",\"@id\":\"https:\/\/www.manaus.am.gov.br\/semtepi\/#\/schema\/person\/ab4dcf766a54dff74e8d267f5c591961\",\"name\":\"smonteiro\",\"image\":{\"@type\":\"ImageObject\",\"inLanguage\":\"pt-BR\",\"@id\":\"https:\/\/www.manaus.am.gov.br\/semtepi\/#\/schema\/person\/image\/\",\"url\":\"https:\/\/secure.gravatar.com\/avatar\/21c8776ef61d9272c73322052e042d77?s=96&d=mm&r=g\",\"contentUrl\":\"https:\/\/secure.gravatar.com\/avatar\/21c8776ef61d9272c73322052e042d77?s=96&d=mm&r=g\",\"caption\":\"smonteiro\"}}]}<\/script>\n<!-- \/ Yoast SEO plugin. -->","yoast_head_json":{"title":"Prefeitura divulga lista de selecionados para curso de Treinamento B\u00e1sico Operacional (TBO)","description":"A Prefeitura de Manaus, por meio da Secretaria Municipal do Trabalho, Empreendedorismo e Inova\u00e7\u00e3o (Semtepi), divulgou a lista dos 100 selecionados para o curso de Treinamento B\u00e1sico Operacional (TBO).","robots":{"index":"noindex","follow":"follow"},"og_locale":"pt_BR","og_type":"article","og_title":"Prefeitura divulga lista de selecionados para curso de Treinamento B\u00e1sico Operacional (TBO)","og_description":"A Prefeitura de Manaus, por meio da Secretaria Municipal do Trabalho, Empreendedorismo e Inova\u00e7\u00e3o (Semtepi), divulgou a lista dos 100 selecionados para o curso de Treinamento B\u00e1sico Operacional (TBO).","og_url":"https:\/\/www.manaus.am.gov.br\/semtepi\/treinamento\/lista-selecionados-treinamento\/","og_site_name":"SEMTEPI","article_published_time":"2026-03-09T19:35:07+00:00","article_modified_time":"2026-03-09T19:55:56+00:00","og_image":[{"width":1280,"height":960,"url":"https:\/\/www.manaus.am.gov.br\/semtepi\/wp-content\/uploads\/sites\/20\/2026\/03\/Semtepi-LISTA-DE-SELECIONADOS-.jpeg","type":"image\/jpeg"}],"author":"smonteiro","twitter_card":"summary_large_image","twitter_misc":{"Written by":"smonteiro","Est. reading time":"2 minutos"},"schema":{"@context":"https:\/\/schema.org","@graph":[{"@type":"Article","@id":"https:\/\/www.manaus.am.gov.br\/semtepi\/treinamento\/lista-selecionados-treinamento\/#article","isPartOf":{"@id":"https:\/\/www.manaus.am.gov.br\/semtepi\/treinamento\/lista-selecionados-treinamento\/"},"author":{"name":"smonteiro","@id":"https:\/\/www.manaus.am.gov.br\/semtepi\/#\/schema\/person\/ab4dcf766a54dff74e8d267f5c591961"},"headline":"Prefeitura divulga lista de selecionados para curso de Treinamento B\u00e1sico Operacional (TBO)","datePublished":"2026-03-09T19:35:07+00:00","dateModified":"2026-03-09T19:55:56+00:00","mainEntityOfPage":{"@id":"https:\/\/www.manaus.am.gov.br\/semtepi\/treinamento\/lista-selecionados-treinamento\/"},"wordCount":277,"publisher":{"@id":"https:\/\/www.manaus.am.gov.br\/semtepi\/#organization"},"image":{"@id":"https:\/\/www.manaus.am.gov.br\/semtepi\/treinamento\/lista-selecionados-treinamento\/#primaryimage"},"thumbnailUrl":"https:\/\/www.manaus.am.gov.br\/semtepi\/wp-content\/uploads\/sites\/20\/2026\/03\/Semtepi-LISTA-DE-SELECIONADOS-.jpeg","keywords":["prefeitura de manaus","selecionados","Semtepi","TBO","treinamento"],"articleSection":["Treinamento"],"inLanguage":"pt-BR"},{"@type":"WebPage","@id":"https:\/\/www.manaus.am.gov.br\/semtepi\/treinamento\/lista-selecionados-treinamento\/","url":"https:\/\/www.manaus.am.gov.br\/semtepi\/treinamento\/lista-selecionados-treinamento\/","name":"Prefeitura divulga lista de selecionados para curso de Treinamento B\u00e1sico Operacional (TBO)","isPartOf":{"@id":"https:\/\/www.manaus.am.gov.br\/semtepi\/#website"},"primaryImageOfPage":{"@id":"https:\/\/www.manaus.am.gov.br\/semtepi\/treinamento\/lista-selecionados-treinamento\/#primaryimage"},"image":{"@id":"https:\/\/www.manaus.am.gov.br\/semtepi\/treinamento\/lista-selecionados-treinamento\/#primaryimage"},"thumbnailUrl":"https:\/\/www.manaus.am.gov.br\/semtepi\/wp-content\/uploads\/sites\/20\/2026\/03\/Semtepi-LISTA-DE-SELECIONADOS-.jpeg","datePublished":"2026-03-09T19:35:07+00:00","dateModified":"2026-03-09T19:55:56+00:00","description":"A Prefeitura de Manaus, por meio da Secretaria Municipal do Trabalho, Empreendedorismo e Inova\u00e7\u00e3o (Semtepi), divulgou a lista dos 100 selecionados para o curso de Treinamento B\u00e1sico Operacional (TBO).","breadcrumb":{"@id":"https:\/\/www.manaus.am.gov.br\/semtepi\/treinamento\/lista-selecionados-treinamento\/#breadcrumb"},"inLanguage":"pt-BR","potentialAction":[{"@type":"ReadAction","target":["https:\/\/www.manaus.am.gov.br\/semtepi\/treinamento\/lista-selecionados-treinamento\/"]}]},{"@type":"ImageObject","inLanguage":"pt-BR","@id":"https:\/\/www.manaus.am.gov.br\/semtepi\/treinamento\/lista-selecionados-treinamento\/#primaryimage","url":"https:\/\/www.manaus.am.gov.br\/semtepi\/wp-content\/uploads\/sites\/20\/2026\/03\/Semtepi-LISTA-DE-SELECIONADOS-.jpeg","contentUrl":"https:\/\/www.manaus.am.gov.br\/semtepi\/wp-content\/uploads\/sites\/20\/2026\/03\/Semtepi-LISTA-DE-SELECIONADOS-.jpeg","width":1280,"height":960,"caption":"#paratodosverem - a prefeitura oferece capacita\u00e7\u00e3o gratuita em diversas \u00e1reas"},{"@type":"BreadcrumbList","@id":"https:\/\/www.manaus.am.gov.br\/semtepi\/treinamento\/lista-selecionados-treinamento\/#breadcrumb","itemListElement":[{"@type":"ListItem","position":1,"name":"Home","item":"https:\/\/www.manaus.am.gov.br\/semtepi\/"},{"@type":"ListItem","position":2,"name":"Prefeitura divulga lista de selecionados para curso de Treinamento B\u00e1sico Operacional (TBO)"}]},{"@type":"WebSite","@id":"https:\/\/www.manaus.am.gov.br\/semtepi\/#website","url":"https:\/\/www.manaus.am.gov.br\/semtepi\/","name":"SEMTEPI","description":"Prefeitura de Manaus","publisher":{"@id":"https:\/\/www.manaus.am.gov.br\/semtepi\/#organization"},"alternateName":"Secretaria Municipal do Trabalho, Empreendedorismo e Inova\u00e7\u00e3o","potentialAction":[{"@type":"SearchAction","target":{"@type":"EntryPoint","urlTemplate":"https:\/\/www.manaus.am.gov.br\/semtepi\/?s={search_term_string}"},"query-input":"required name=search_term_string"}],"inLanguage":"pt-BR"},{"@type":"Organization","@id":"https:\/\/www.manaus.am.gov.br\/semtepi\/#organization","name":"Prefeitura Municipal de Manaus","alternateName":"Prefeitura de Manaus","url":"https:\/\/www.manaus.am.gov.br\/semtepi\/","logo":{"@type":"ImageObject","inLanguage":"pt-BR","@id":"https:\/\/www.manaus.am.gov.br\/semtepi\/#\/schema\/logo\/image\/","url":"https:\/\/www.manaus.am.gov.br\/semtepi\/wp-content\/uploads\/sites\/20\/2024\/07\/favicon.png","contentUrl":"https:\/\/www.manaus.am.gov.br\/semtepi\/wp-content\/uploads\/sites\/20\/2024\/07\/favicon.png","width":300,"height":300,"caption":"Prefeitura Municipal de Manaus"},"image":{"@id":"https:\/\/www.manaus.am.gov.br\/semtepi\/#\/schema\/logo\/image\/"}},{"@type":"Person","@id":"https:\/\/www.manaus.am.gov.br\/semtepi\/#\/schema\/person\/ab4dcf766a54dff74e8d267f5c591961","name":"smonteiro","image":{"@type":"ImageObject","inLanguage":"pt-BR","@id":"https:\/\/www.manaus.am.gov.br\/semtepi\/#\/schema\/person\/image\/","url":"https:\/\/secure.gravatar.com\/avatar\/21c8776ef61d9272c73322052e042d77?s=96&d=mm&r=g","contentUrl":"https:\/\/secure.gravatar.com\/avatar\/21c8776ef61d9272c73322052e042d77?s=96&d=mm&r=g","caption":"smonteiro"}}]}},"_links":{"self":[{"href":"https:\/\/www.manaus.am.gov.br\/semtepi\/wp-json\/wp\/v2\/posts\/7653"}],"collection":[{"href":"https:\/\/www.manaus.am.gov.br\/semtepi\/wp-json\/wp\/v2\/posts"}],"about":[{"href":"https:\/\/www.manaus.am.gov.br\/semtepi\/wp-json\/wp\/v2\/types\/post"}],"author":[{"embeddable":true,"href":"https:\/\/www.manaus.am.gov.br\/semtepi\/wp-json\/wp\/v2\/users\/61"}],"replies":[{"embeddable":true,"href":"https:\/\/www.manaus.am.gov.br\/semtepi\/wp-json\/wp\/v2\/comments?post=7653"}],"version-history":[{"count":1,"href":"https:\/\/www.manaus.am.gov.br\/semtepi\/wp-json\/wp\/v2\/posts\/7653\/revisions"}],"predecessor-version":[{"id":7655,"href":"https:\/\/www.manaus.am.gov.br\/semtepi\/wp-json\/wp\/v2\/posts\/7653\/revisions\/7655"}],"wp:featuredmedia":[{"embeddable":true,"href":"https:\/\/www.manaus.am.gov.br\/semtepi\/wp-json\/wp\/v2\/media\/7654"}],"wp:attachment":[{"href":"https:\/\/www.manaus.am.gov.br\/semtepi\/wp-json\/wp\/v2\/media?parent=7653"}],"wp:term":[{"taxonomy":"category","embeddable":true,"href":"https:\/\/www.manaus.am.gov.br\/semtepi\/wp-json\/wp\/v2\/categories?post=7653"},{"taxonomy":"post_tag","embeddable":true,"href":"https:\/\/www.manaus.am.gov.br\/semtepi\/wp-json\/wp\/v2\/tags?post=7653"}],"curies":[{"name":"wp","href":"https:\/\/api.w.org\/{rel}","templated":true}]}}