{"id":7644,"date":"2026-03-08T10:35:48","date_gmt":"2026-03-08T14:35:48","guid":{"rendered":"https:\/\/www.manaus.am.gov.br\/semtepi\/sem-categoria\/prefeitura-semtepi-vagas-sinemanaus-3\/"},"modified":"2026-03-09T12:45:19","modified_gmt":"2026-03-09T16:45:19","slug":"prefeitura-semtepi-vagas-sine-manaus-3","status":"publish","type":"post","link":"https:\/\/www.manaus.am.gov.br\/semtepi\/oportunidade\/prefeitura-semtepi-vagas-sine-manaus-3\/","title":{"rendered":"Sine Manaus oferta 315 vagas de emprego nesta segunda\u2013feira, 9\/3"},"content":{"rendered":"\n<p>A <a href=\"https:\/\/www.manaus.am.gov.br\/\">Prefeitura de Manaus<\/a>, por meio do Sine Manaus, oferta 315 vagas de emprego em v\u00e1rias \u00e1reas de atua\u00e7\u00e3o, nesta segunda\u2013feira, 9\/3,\u00a0das 8h \u00e0s 14h. O candidato pode validar a Carteira Digital e Previd\u00eancia Social (CTPS) no aplicativo \u201cCarteira de Trabalho Digital\u201d ou acessar o site\u00a0<a href=\"http:\/\/gov.br\/trabalho\">http:\/\/gov.br\/trabalho<\/a>.<\/p>\n\n\n\n<p>Para participar da pr\u00e9\u2013sele\u00e7\u00e3o e concorrer a uma das vagas dispon\u00edveis, ou receber orienta\u00e7\u00e3o de cadastro, Carteira de Trabalho Digital e seguro\u2013desemprego, os candidatos devem comparecer a um dos postos do Sine Manaus: na avenida Constantino Nery, n\u00ba 1.272, bairro S\u00e3o Geraldo, zona Centro\u2013Sul; ou no shopping Phelippe Daou, na avenida Camapu\u00e3, n\u00ba 2.939, bairro Cidade de Deus, zona Norte.<\/p>\n\n\n\n<p>Os interessados devem estar munidos do comprovante de vacina\u00e7\u00e3o (Covid\u201319), curr\u00edculo, certificados de cursos e documentos pessoais (RG, CPF, PIS, CTPS, comprovante de escolaridade e resid\u00eancia). N\u00e3o \u00e9 necess\u00e1rio apresentar c\u00f3pias, somente os documentos originais.<\/p>\n\n\n\n<p>\u00c9 importante que os candidatos mantenham seus cadastros atualizados, especialmente ao finalizarem novas qualifica\u00e7\u00f5es. Para vagas espec\u00edficas, podem ser solicitados documentos adicionais, como cursos ou certifica\u00e7\u00f5es, por isso, \u00e9 essencial estar atento aos &#8220;Requisitos Obrigat\u00f3rios&#8221; de cada vaga.<\/p>\n\n\n\n<p>A Semtepi ressalta que, obedecendo ao disposto no artigo 5\u00ba, da Constitui\u00e7\u00e3o Federal, e ao artigo 373\u2013A, da Consolida\u00e7\u00e3o das Leis Trabalhistas (CLT), crit\u00e9rios referentes a sexo, idade, cor ou situa\u00e7\u00e3o familiar, n\u00e3o podem ser informados na divulga\u00e7\u00e3o das vagas disponibilizadas.<\/p>\n\n\n\n<p>Os candidatos devem estar cientes das diretrizes de vestimenta estabelecidas pelo \u00f3rg\u00e3o, as quais incluem a proibi\u00e7\u00e3o de vestimentas como bermudas, shorts, minissaias, camisetas regatas e chinelos durante a entrada.<\/p>\n\n\n\n<p><strong>VAGAS NOVAS \u2013 51<\/strong><\/p>\n\n\n\n<p><strong>2 vagas \u2013 Encarregado de Obras<\/strong><\/p>\n\n\n\n<p><strong>Escolaridade \u2013<\/strong> ensino m\u00e9dio completo;<\/p>\n\n\n\n<p><strong>Experi\u00eancia \u2013 <\/strong>registrada na Carteira de Trabalho;<\/p>\n\n\n\n<p><strong>Requisitos Obrigat\u00f3rios <\/strong>\u2013 ter documenta\u00e7\u00e3o completa (com dispensa militar);<\/p>\n\n\n\n<p><strong>Atividades \u2013 <\/strong>coordenar equipes, interpretar projetos t\u00e9cnicos, gerenciar o uso de materiais e garantir o cumprimento de prazos e normas de seguran\u00e7a (como o uso de EPIs).<\/p>\n\n\n\n<p><strong>Dispon\u00edvel at\u00e9 09\/03\/2026 ou encerramento da vaga.<\/strong><\/p>\n\n\n\n<p><strong>1 vaga \u2013 Auxiliar Administrativo<\/strong><\/p>\n\n\n\n<p><strong>Escolaridade \u2013<\/strong> ensino m\u00e9dio completo;<\/p>\n\n\n\n<p><strong>Experi\u00eancia \u2013 <\/strong>tres meses na Carteira de Trabalho;<\/p>\n\n\n\n<p><strong>Requisitos Obrigat\u00f3rios <\/strong>\u2013 ter documenta\u00e7\u00e3o completa;<\/p>\n\n\n\n<p><strong>Atividades \u2013 <\/strong>pois a gest\u00e3o de empresas executando rotinas di\u00e1rias como organiza\u00e7\u00e3o de documentos, atendimento a clientes\/fornecedores, controle de agendas, alimenta\u00e7\u00e3o de planilhas e suporte financeiro (emiss\u00e3o de notas, contas).<\/p>\n\n\n\n<p><strong>Dispon\u00edvel at\u00e9 09\/03\/2026 ou encerramento da vaga.<\/strong><\/p>\n\n\n\n<p><strong>1 vaga \u2013 Padeiro<\/strong><\/p>\n\n\n\n<p><strong>Escolaridade \u2013<\/strong> ensino m\u00e9dio completo;<\/p>\n\n\n\n<p><strong>Experi\u00eancia \u2013 <\/strong>registrada na Carteira de Trabalho;<\/p>\n\n\n\n<p><strong>Requisitos Obrigat\u00f3rios <\/strong>\u2013 ter documenta\u00e7\u00e3o completa;<\/p>\n\n\n\n<p><strong>Atividades \u2013 <\/strong>produzir p\u00e3es e derivados e manter limpo e organizado o seu setor de trabalho.<\/p>\n\n\n\n<p><strong>Dispon\u00edvel at\u00e9 09\/03\/2026 ou encerramento da vaga.<\/strong><\/p>\n\n\n\n<p><strong>1 vaga \u2013 Auxiliar de Padaria<\/strong><\/p>\n\n\n\n<p><strong>Escolaridade \u2013<\/strong> ensino m\u00e9dio completo;<\/p>\n\n\n\n<p><strong>Experi\u00eancia \u2013 <\/strong>seis meses Carteira de Trabalho;<\/p>\n\n\n\n<p><strong>Requisitos Obrigat\u00f3rios <\/strong>\u2013 ter documenta\u00e7\u00e3o completa;<\/p>\n\n\n\n<p><strong>Atividades \u2013 <\/strong>auxiliar o padeiro na confec\u00e7\u00e3o dos produtos, lavar os equipamentos e utens\u00edlios, manter o local limpo e organizado do seu setor de trabalho.<\/p>\n\n\n\n<p><strong>Dispon\u00edvel at\u00e9 09\/03\/2026 ou encerramento da vaga.<\/strong><\/p>\n\n\n\n<p><strong>1 vaga \u2013 Bombeiro Hidr\u00e1ulico<\/strong><\/p>\n\n\n\n<p><strong>Escolaridade \u2013<\/strong> ensino m\u00e9dio completo;<\/p>\n\n\n\n<p><strong>Experi\u00eancia \u2013 <\/strong>registrada na Carteira de Trabalho;<\/p>\n\n\n\n<p><strong>Requisitos Obrigat\u00f3rios <\/strong>\u2013 ter curso bombeiro hidr\u00e1ulico, metrologia b\u00e1sica e ter documenta\u00e7\u00e3o completa (com dispensa militar);<\/p>\n\n\n\n<p><strong>Atividades \u2013 <\/strong>realizar an\u00e1lise e reparos na instala\u00e7\u00e3o da rede hidr\u00e1ulica, verificando defeitos em instala\u00e7\u00f5es e substitui\u00e7\u00f5es de pe\u00e7as componentes para evitar vazamentos, acidentes, desperd\u00edcio de pe\u00e7as e de \u00e1gua, manter o sistema hidr\u00e1ulico em perfeito funcionamento, executar, checar e reparar instala\u00e7\u00f5es de equipamentos da rede hidr\u00e1ulica da obra, prevenir danos e vazamentos, sempre atento \u00e0 preven\u00e7\u00e3o de acidentes e doen\u00e7as ocupacionais, analisar desenhos e esquemas hidr\u00e1ulicos para facilitar a an\u00e1lise da rede instalada, testar canaliza\u00e7\u00f5es, utilizando ar comprimido ou \u00e1gua sob press\u00e3o, especificar materiais e equipamentos utilizados e em falta para solicita\u00e7\u00f5es, lavar e fazer tratamento de caixas d&#8217;\u00e1gua e de caixas de gordura, instalar tubos e conex\u00f5es de PVC, FG, FF, a\u00e7o carbono e cobre, executar roscas, colagem, veda\u00e7\u00f5es, chumbagem e soldagem em tubula\u00e7\u00f5es da rede hidr\u00e1ulica, executar a remo\u00e7\u00e3o e instala\u00e7\u00e3o de eletrobombas e fix\u00e1\u2013las.<\/p>\n\n\n\n<p><strong>Dispon\u00edvel at\u00e9 09\/03\/2026 ou encerramento da vaga.<\/strong><\/p>\n\n\n\n<p><strong>1 vaga \u2013 Ajudante de Manuten\u00e7\u00e3o<\/strong><\/p>\n\n\n\n<p><strong>Escolaridade \u2013<\/strong> ensino fundamental completo;<\/p>\n\n\n\n<p><strong>Experi\u00eancia \u2013 <\/strong>registrada na Carteira de Trabalho;<\/p>\n\n\n\n<p><strong>Requisitos Obrigat\u00f3rios <\/strong>\u2013 ter disponibilidade de hor\u00e1rio, disponibilidade para trabalho bra\u00e7al e ter documenta\u00e7\u00e3o completa (com dispensa militar);<\/p>\n\n\n\n<p><strong>Atividades \u2013 <\/strong>auxiliar na instala\u00e7\u00e3o e manuten\u00e7\u00e3o de m\u00e1quinas e equipamentos de refrigera\u00e7\u00e3o e climatiza\u00e7\u00e3o, apoiar na montagem de tubula\u00e7\u00f5es hidr\u00e1ulicas, dutos de ar e suportes; Auxiliar na movimenta\u00e7\u00e3o de materiais e uso de plataformas; Apoiar atividades de montagem industrial, regulagem e nivelamento de tubula\u00e7\u00f5es, manter a organiza\u00e7\u00e3o, limpeza e conserva\u00e7\u00e3o de ferramentas, equipamentos e do local de trabalho.<\/p>\n\n\n\n<p><strong>Dispon\u00edvel at\u00e9 09\/03\/2026 ou encerramento da vaga.<\/strong><\/p>\n\n\n\n<p><strong>1 vaga \u2013 Atendente<\/strong><\/p>\n\n\n\n<p><strong>Escolaridade \u2013<\/strong> ensino m\u00e9dio completo;<\/p>\n\n\n\n<p><strong>Experi\u00eancia \u2013 <\/strong>seis meses na Carteira de Trabalho;<\/p>\n\n\n\n<p><strong>Requisitos Obrigat\u00f3rios <\/strong>\u2013 ter disponibilidade de hor\u00e1rio, experi\u00eancia em cozinha quente, fria, com sobremesas e ter documenta\u00e7\u00e3o completa;<\/p>\n\n\n\n<p><strong>Atividades \u2013 <\/strong>atendimento ao cliente, montar os pratos, fritar salgados, fazer sucos e gomas, servir tacac\u00e1 e manter limpo o local de trabalho.<\/p>\n\n\n\n<p><strong>Dispon\u00edvel at\u00e9 09\/03\/2026 ou encerramento da vaga.<\/strong><\/p>\n\n\n\n<p><strong>1 vaga \u2013 Auxiliar de Cozinha<\/strong><\/p>\n\n\n\n<p><strong>Escolaridade \u2013<\/strong> ensino fundamental completo;<\/p>\n\n\n\n<p><strong>Experi\u00eancia \u2013 <\/strong>seis meses na Carteira de Trabalho;<\/p>\n\n\n\n<p><strong>Requisitos Obrigat\u00f3rios <\/strong>\u2013 ter disponibilidade de hor\u00e1rio e ter documenta\u00e7\u00e3o completa;<\/p>\n\n\n\n<p><strong>Atividades \u2013 <\/strong>auxiliar nos servi\u00e7os de alimenta\u00e7\u00e3o, ajudar outros profissionais da \u00e1rea no pr\u00e9\u2013preparo, preparo e processamento de alimentos, na montagem de pratos, verificar a qualidade dos g\u00eaneros aliment\u00edcios, minimizar os riscos de contamina\u00e7\u00e3o, trabalhar em conformidade a normas e procedimentos t\u00e9cnicos e de qualidade, seguran\u00e7a, higiene e sa\u00fade.<\/p>\n\n\n\n<p><strong>Dispon\u00edvel at\u00e9 09\/03\/2026 ou encerramento da vaga.<\/strong><\/p>\n\n\n\n<p><strong>1 vaga \u2013 Auxiliar de Servi\u00e7os Gerais<\/strong><\/p>\n\n\n\n<p><strong>Escolaridade \u2013<\/strong> ensino m\u00e9dio completo;<\/p>\n\n\n\n<p><strong>Experi\u00eancia \u2013 <\/strong>seis meses na Carteira de Trabalho;<\/p>\n\n\n\n<p><strong>Requisitos Obrigat\u00f3rios <\/strong>\u2013 ter documenta\u00e7\u00e3o completa (com dispensa militar);<\/p>\n\n\n\n<p><strong>Atividades \u2013 <\/strong>limpeza e conserva\u00e7\u00e3o; seguir normas de seguran\u00e7a e higiene do trabalho; comunicar defeitos ou problemas maiores aos respons\u00e1veis.<\/p>\n\n\n\n<p><strong>Dispon\u00edvel at\u00e9 09\/03\/2026 ou encerramento da vaga.<\/strong><\/p>\n\n\n\n<p><strong>20 vagas \u2013 Operadora de Caixa<\/strong><\/p>\n\n\n\n<p><strong>Escolaridade \u2013<\/strong> ensino fundamental completo;<\/p>\n\n\n\n<p><strong>Experi\u00eancia \u2013 <\/strong>n\u00e3o \u00e9 necess\u00e1rio;<\/p>\n\n\n\n<p><strong>Requisitos Obrigat\u00f3rios <\/strong>\u2013 ter documenta\u00e7\u00e3o completa (com dispensa militar);<\/p>\n\n\n\n<p><strong>Atividades \u2013 <\/strong>respons\u00e1vel por gerenciar todas as transa\u00e7\u00f5es financeiras, garantindo que cada compra seja processada de forma eficiente e precisa, no dia a dia, suas tarefas incluem registrar produtos, receber pagamentos em dinheiro ou cart\u00f5es, emitir recibos e troco, e manter o caixa equilibrado e organizado.<\/p>\n\n\n\n<p><strong>Dispon\u00edvel at\u00e9 09\/03\/2026 ou encerramento da vaga.<\/strong><\/p>\n\n\n\n<p><strong>1 vaga \u2013 Engenheiro de Seguran\u00e7a do Trabalho<\/strong><\/p>\n\n\n\n<p><strong>Escolaridade \u2013<\/strong> ensino superior completo em engenharia de seguran\u00e7a do trabalho;<\/p>\n\n\n\n<p><strong>Experi\u00eancia \u2013 <\/strong>registrada na Carteira de Trabalho;<\/p>\n\n\n\n<p><strong>Requisitos Obrigat\u00f3rios <\/strong>\u2013 ter conhecimento s\u00f3lido da legisla\u00e7\u00e3o de SST, normas regulamentadoras (NRs), viv\u00eancia na elabora\u00e7\u00e3o e gest\u00e3o de LTCAT,&nbsp; PPRA\/PGR, em EPI, EPC, sistemas de prote\u00e7\u00e3o contra inc\u00eandio, dom\u00ednio do pacote office; viv\u00eancia no polo industrial de ,manaus e ter documenta\u00e7\u00e3o completa (com dispensa militar);<\/p>\n\n\n\n<p><strong>Atividades \u2013 <\/strong>atua\u00e7\u00e3o no acompanhamento e implementa\u00e7\u00e3o de planos de a\u00e7\u00e3o em SST, elabora\u00e7\u00e3o de procedimentos t\u00e9cnicos de seguran\u00e7a do trabalho, elabora\u00e7\u00e3o de relat\u00f3rios e controles t\u00e9cnicos, condu\u00e7\u00e3o de reuni\u00f5es e treinamentos, executar levantamento, an\u00e1lise e gest\u00e3o de riscos (f\u00edsicos, qu\u00edmicos, biol\u00f3gicos, ergon\u00f4micos e de acidentes), trabalhar com gest\u00e3o de seguran\u00e7a e sa\u00fade do trabalho: documenta\u00e7\u00e3o e conformidade legal, preven\u00e7\u00e3o de acidentes, doen\u00e7as ocupacionais e cultura de seguran\u00e7a.<\/p>\n\n\n\n<p><strong>Dispon\u00edvel at\u00e9 09\/03\/2026 ou encerramento da vaga.<\/strong><\/p>\n\n\n\n<p><strong>1 vaga \u2013 Auxiliar de Produ\u00e7\u00e3o<\/strong><\/p>\n\n\n\n<p><strong>Escolaridade \u2013<\/strong> ensino m\u00e9dio completo;<\/p>\n\n\n\n<p><strong>Experi\u00eancia \u2013 <\/strong>seis meses na Carteira de Trabalho;<\/p>\n\n\n\n<p><strong>Requisitos Obrigat\u00f3rios <\/strong>\u2013 ter documenta\u00e7\u00e3o completa (com dispensa militar);<\/p>\n\n\n\n<p><strong>Atividades \u2013 <\/strong>auxiliar na produ\u00e7\u00e3o de bobinas, embalagem, carregamento e descarregamento de bobinas.&nbsp;<\/p>\n\n\n\n<p><strong>Dispon\u00edvel at\u00e9 09\/03\/2026 ou encerramento da vaga.<\/strong><\/p>\n\n\n\n<p><strong>1 vaga \u2013 Auxiliar de Manuten\u00e7\u00e3o El\u00e9trica e Hidr\u00e1ulica<\/strong><\/p>\n\n\n\n<p><strong>Escolaridade \u2013<\/strong> ensino m\u00e9dio completo;<\/p>\n\n\n\n<p><strong>Experi\u00eancia \u2013 <\/strong>tres meses na Carteira de Trabalho;<\/p>\n\n\n\n<p><strong>Requisitos Obrigat\u00f3rios <\/strong>\u2013 ter Carteira Nacional de Habilita\u00e7\u00e3o categorias (B), conhecimento em el\u00e9trica e hidr\u00e1ulica e ter documenta\u00e7\u00e3o completa (com dispensa militar);<\/p>\n\n\n\n<p><strong>Atividades \u2013 <\/strong>instala\u00e7\u00e3o e manuten\u00e7\u00e3o de quadros el\u00e9tricos, instala\u00e7\u00e3o de bombas em esta\u00e7\u00e3o de tratamento ETE, instala\u00e7\u00e3o e reparos hidr\u00e1ulicos.<\/p>\n\n\n\n<p><strong>Dispon\u00edvel at\u00e9 09\/03\/2026 ou encerramento da vaga.<\/strong><\/p>\n\n\n\n<p><strong>4 vagas\u2013 Auxiliar de Cozinha<\/strong><\/p>\n\n\n\n<p><strong>Escolaridade \u2013<\/strong> ensino fundamental completo;<\/p>\n\n\n\n<p><strong>Experi\u00eancia \u2013 <\/strong>seis meses na Carteira de Trabalho;<\/p>\n\n\n\n<p><strong>Requisitos Obrigat\u00f3rios <\/strong>\u2013 ter documenta\u00e7\u00e3o completa;<\/p>\n\n\n\n<p><strong>Atividades \u2013 <\/strong>apoia o chef e cozinheiros, cuidando da higieniza\u00e7\u00e3o, organiza\u00e7\u00e3o, pr\u00e9\u2013preparo de alimentos (lavar, cortar), controle de estoque e limpeza geral do ambiente, sendo o &#8220;bra\u00e7o direito&#8221; essencial para o fluxo de trabalho, preparando ingredientes e mantendo a cozinha funcional e segura.<\/p>\n\n\n\n<p><strong>Dispon\u00edvel at\u00e9 09\/03\/2026 ou encerramento da vaga.<\/strong><\/p>\n\n\n\n<p><strong>2 vagas \u2013 Auxiliar de manuten\u00e7\u00e3o predial<\/strong><\/p>\n\n\n\n<p><strong>Escolaridade \u2013<\/strong> ensino m\u00e9dio completo;<\/p>\n\n\n\n<p><strong>Experi\u00eancia \u2013 <\/strong>registrada na Carteira de Trabalho;<\/p>\n\n\n\n<p><strong>Requisitos Obrigat\u00f3rios <\/strong>\u2013 ter Carteira Nacional de Habilita\u00e7\u00e3o categorias (A) ou (B) e ter documenta\u00e7\u00e3o completa (com dispensa militar);<\/p>\n\n\n\n<p><strong>Atividades \u2013 <\/strong>realiza servi\u00e7os de reparo, substitui\u00e7\u00e3o e instala\u00e7\u00e3o el\u00e9trica, hidr\u00e1ulica, mec\u00e2nica, alvenaria e pintura. eles garantem o funcionamento de equipamentos e instala\u00e7\u00f5es, seguindo normas de seguran\u00e7a e qualidade, as atividades incluem desentupimentos, pequenos consertos de marcenaria, limpeza t\u00e9cnica e opera\u00e7\u00e3o de equipamentos de seguran\u00e7a.<\/p>\n\n\n\n<p><strong>Dispon\u00edvel at\u00e9 09\/03\/2026 ou encerramento da vaga.<\/strong><\/p>\n\n\n\n<p><strong>1 vaga \u2013 Auxiliar Administrativo<\/strong><\/p>\n\n\n\n<p><strong>Escolaridade \u2013<\/strong> ensino m\u00e9dio completo;<\/p>\n\n\n\n<p><strong>Experi\u00eancia \u2013 <\/strong>seis meses na Carteira de Trabalho;<\/p>\n\n\n\n<p><strong>Requisitos Obrigat\u00f3rios <\/strong>\u2013 ter Carteira Nacional de Habilita\u00e7\u00e3o categorias (AB), conhecimento b\u00e1sico de inform\u00e1tica pacote office ou similar e ter documenta\u00e7\u00e3o completa (com dispensa militar);<\/p>\n\n\n\n<p><strong>Atividades \u2013 <\/strong>apoiar a gest\u00e3o de empresas executando rotinas di\u00e1rias como organiza\u00e7\u00e3o de documentos, atendimento a clientes\/fornecedores, controle de agendas, alimenta\u00e7\u00e3o de planilhas e suporte financeiro (emiss\u00e3o de notas, contas).<\/p>\n\n\n\n<p><strong>Dispon\u00edvel at\u00e9 09\/03\/2026 ou encerramento da vaga.<\/strong><\/p>\n\n\n\n<p><strong>1 vaga \u2013 Mec\u00e2nico de Manuten\u00e7\u00e3o de M\u00e1quinas<\/strong><\/p>\n\n\n\n<p><strong>Escolaridade \u2013<\/strong> ensino m\u00e9dio completo;<\/p>\n\n\n\n<p><strong>Experi\u00eancia \u2013 <\/strong>registrada na Carteira de Trabalho;<\/p>\n\n\n\n<p><strong>Requisitos Obrigat\u00f3rios <\/strong>\u2013 ter Carteira Nacional de Habilita\u00e7\u00e3o categorias (A) ou (B), conhecimento em manuten\u00e7\u00e3o de motores 2 e 4 tempos e ter documenta\u00e7\u00e3o completa (com dispensa militar);<\/p>\n\n\n\n<p><strong>Atividades \u2013 <\/strong>repara e ajusta equipamentos industriais, realizando manuten\u00e7\u00f5es preventivas, corretivas e preditivas, suas atividades incluem diagnosticar falhas mec\u00e2nicas, hidr\u00e1ulicas e pneum\u00e1ticas, substituir pe\u00e7as, lubrificar componentes, alinhar maquin\u00e1rio e elaborar relat\u00f3rios t\u00e9cnicos, garantindo a efici\u00eancia operacional e seguindo normas de seguran\u00e7a.<\/p>\n\n\n\n<p><strong>Dispon\u00edvel at\u00e9 09\/03\/2026 ou encerramento da vaga.<\/strong><\/p>\n\n\n\n<p><strong>1 vaga \u2013 T\u00e9cnico em Mec\u00e2nica<\/strong><\/p>\n\n\n\n<p><strong>Escolaridade \u2013<\/strong> cursando ensino t\u00e9cnico&nbsp; em mec\u00e2nica;<\/p>\n\n\n\n<p><strong>Experi\u00eancia \u2013 <\/strong>registrada na Carteira de Trabalho;<\/p>\n\n\n\n<p><strong>Requisitos Obrigat\u00f3rios <\/strong>\u2013 ter cursos NR 12, NR 33, NR 35, NR 10, soldagem, leitura interpreta\u00e7\u00e3o de desenhos t\u00e9cnicos, pneum\u00e1tica, hidr\u00e1ulica industrial, metrologia industrial, lubrifica\u00e7\u00e3o industrial e ter documenta\u00e7\u00e3o completa (com dispensa militar);<\/p>\n\n\n\n<p><strong>Atividades \u2013 <\/strong>atua no planejamento, opera\u00e7\u00e3o e manuten\u00e7\u00e3o de m\u00e1quinas e equipamentos, realizando montagens, manuten\u00e7\u00e3o preventiva e corretiva, calibra\u00e7\u00e3o de instrumentos, usinagem, soldagem e leitura de desenhos t\u00e9cnicos.<\/p>\n\n\n\n<p><strong>Dispon\u00edvel at\u00e9 09\/03\/2026 ou encerramento da vaga.<\/strong><\/p>\n\n\n\n<p><strong>1 vaga \u2013 T\u00e9cnico de Manuten\u00e7\u00e3o Predial<\/strong><\/p>\n\n\n\n<p><strong>Escolaridade \u2013<\/strong> ensino m\u00e9dio completo;<\/p>\n\n\n\n<p><strong>Experi\u00eancia \u2013 <\/strong>seis meses na Carteira de Trabalho;<\/p>\n\n\n\n<p><strong>Requisitos Obrigat\u00f3rios <\/strong>\u2013 ter curso t\u00e9cnico em eletricidade, experi\u00eancia refrigera\u00e7\u00e3o, hidr\u00e1ulica, el\u00e9trica, civil e ter documenta\u00e7\u00e3o completa (com dispensa militar);<\/p>\n\n\n\n<p><strong>Atividades \u2013 <\/strong>executar manuten\u00e7\u00e3o el\u00e9trica, hidr\u00e1ulica, mec\u00e2nica, alvenaria e marcenaria, realizar reparos preventivos e corretivos, instalar pe\u00e7as e inspecionar equipamentos em edif\u00edcios, garantindo o bom funcionamento e conserva\u00e7\u00e3o predial.<\/p>\n\n\n\n<p><strong>Dispon\u00edvel at\u00e9 09\/03\/2026 ou encerramento da vaga.<\/strong><\/p>\n\n\n\n<p><strong>1 vaga \u2013 Oficial de Manuten\u00e7\u00e3o<\/strong><\/p>\n\n\n\n<p><strong>Escolaridade \u2013<\/strong> ensino m\u00e9dio completo;<\/p>\n\n\n\n<p><strong>Experi\u00eancia \u2013 <\/strong>seis meses na Carteira de Trabalho;<\/p>\n\n\n\n<p><strong>Requisitos Obrigat\u00f3rios <\/strong>\u2013 ter documenta\u00e7\u00e3o completa (com dispensa militar);<\/p>\n\n\n\n<p><strong>Atividades \u2013 <\/strong>realizar manuten\u00e7\u00e3o predial em telhado (instala\u00e7\u00e3o, corre\u00e7\u00e3o), hidr\u00e1ulica (instala\u00e7\u00e3o, manuten\u00e7\u00e3o corretiva), alvenaria, assentamento de cer\u00e2micas, pintura ( lixamento, pintura em geral).<\/p>\n\n\n\n<p><strong>Dispon\u00edvel at\u00e9 09\/03\/2026 ou encerramento da vaga.<\/strong><\/p>\n\n\n\n<p><strong>2 vagas \u2013 Servente de Obras<\/strong><\/p>\n\n\n\n<p><strong>Escolaridade \u2013<\/strong> ensino fundamental incompleto;<\/p>\n\n\n\n<p><strong>Experi\u00eancia \u2013 <\/strong>n\u00e3o \u00e9 necess\u00e1rio;<\/p>\n\n\n\n<p><strong>Requisitos Obrigat\u00f3rios <\/strong>\u2013 ter documenta\u00e7\u00e3o completa;<\/p>\n\n\n\n<p><strong>Atividades \u2013 <\/strong>realizar servi\u00e7os de apoio na constru\u00e7\u00e3o civil, como transporte de materiais, prepara\u00e7\u00e3o de massa, limpeza e organiza\u00e7\u00e3o do canteiro.<\/p>\n\n\n\n<p><strong>Dispon\u00edvel at\u00e9 09\/03\/2026 ou encerramento da vaga.<\/strong><\/p>\n\n\n\n<p><strong>2 vagas \u2013 Encarregado de Obras<\/strong><\/p>\n\n\n\n<p><strong>Escolaridade \u2013<\/strong> ensino m\u00e9dio completo;<\/p>\n\n\n\n<p><strong>Experi\u00eancia \u2013 <\/strong>seis meses na Carteira de Trabalho;<\/p>\n\n\n\n<p><strong>Requisitos Obrigat\u00f3rios <\/strong>\u2013 ter documenta\u00e7\u00e3o completa;<\/p>\n\n\n\n<p><strong>Atividades \u2013 <\/strong>supervisiona equipes de trabalhadores da constru\u00e7\u00e3o civil no canteiro de obras, coordena a execu\u00e7\u00e3o das etapas da obra, controlando cronograma, prazos e etapas de execu\u00e7\u00e3o, controlar recursos produtivos: materiais, equipamentos, insumos, m\u00e3o de obra, verifica padr\u00f5es de qualidade da obra: inspeciona materiais\/servi\u00e7os e assegura conformidade com especifica\u00e7\u00f5es e normas t\u00e9cnicas, garante cumprimento de normas de seguran\u00e7a, sa\u00fade e meio ambiente no canteiro de obras, prepara e acompanha documenta\u00e7\u00e3o t\u00e9cnica e relat\u00f3rios de produ\u00e7\u00e3o ou progresso da obra.<\/p>\n\n\n\n<p><strong>Dispon\u00edvel at\u00e9 09\/03\/2026 ou encerramento da vaga.<\/strong><\/p>\n\n\n\n<p><strong>2 vagas \u2013 Auxiliar Administrativo<\/strong><\/p>\n\n\n\n<p><strong>Escolaridade \u2013<\/strong> ensino m\u00e9dio completo;<\/p>\n\n\n\n<p><strong>Experi\u00eancia \u2013 <\/strong>seis meses na Carteira de Trabalho;<\/p>\n\n\n\n<p><strong>Requisitos Obrigat\u00f3rios <\/strong>\u2013 ter documenta\u00e7\u00e3o completa;<\/p>\n\n\n\n<p><strong>Atividades \u2013 <\/strong>realizar tarefas organizacionais di\u00e1rias para garantir o funcionamento eficiente da empresa, incluindo o controle de documentos, atendimento a clientes\/fornecedores, agendamento de reuni\u00f5es, atualiza\u00e7\u00e3o de planilhas e suporte a departamentos como RH e financeiro. eles tamb\u00e9m emitem notas fiscais e organizam arquivos.<\/p>\n\n\n\n<p><strong>Dispon\u00edvel at\u00e9 09\/03\/2026 ou encerramento da vaga.<\/strong><\/p>\n\n\n\n<p><strong>VAGAS NO COM\u00c9RCIO \u2013 37<\/strong><\/p>\n\n\n\n<p><strong>1 vaga \u2013 Eletricista de Autos<\/strong><\/p>\n\n\n\n<p><strong>Escolaridade \u2013<\/strong> ensino fundamental&nbsp; incompleto;<\/p>\n\n\n\n<p><strong>Experi\u00eancia \u2013 <\/strong>seis meses na Carteira de Trabalho;<\/p>\n\n\n\n<p><strong>Requisitos Obrigat\u00f3rios <\/strong>\u2013 ter experi\u00eancia em alternador, motor de partida e ter documenta\u00e7\u00e3o completa (com dispensa militar);<\/p>\n\n\n\n<p><strong>Atividades \u2013 <\/strong>realizar instala\u00e7\u00e3o e manuten\u00e7\u00e3o el\u00e9trica preventiva e corretiva em ve\u00edculos (\u00d4nibus), analisa as necessidades de troca e regulagem, monta sistemas e aplica teste de funcionamento.<\/p>\n\n\n\n<p><strong>Dispon\u00edvel at\u00e9 09\/03\/2026 ou encerramento da vaga.<\/strong><\/p>\n\n\n\n<p><strong>1 vaga \u2013 Pintor de Autos<\/strong><\/p>\n\n\n\n<p><strong>Escolaridade \u2013<\/strong> ensino fundamental&nbsp; incompleto;<\/p>\n\n\n\n<p><strong>Experi\u00eancia \u2013 <\/strong>tres meses na Carteira de Trabalho;<\/p>\n\n\n\n<p><strong>Requisitos Obrigat\u00f3rios <\/strong>\u2013 ter disponibilidade de hor\u00e1rio, experi\u00eancia em pintura de \u00f4nibus e ter documenta\u00e7\u00e3o completa (com dispensa militar);<\/p>\n\n\n\n<p><strong>Atividades \u2013 <\/strong>preparar, pintar e finalizar a lataria de ve\u00edculos, aplicando t\u00e9cnicas de lixamento, aplica\u00e7\u00e3o de fundo, mistura de tintas, pulveriza\u00e7\u00e3o e polimento para garantir a est\u00e9tica e prote\u00e7\u00e3o.<\/p>\n\n\n\n<p><strong>Dispon\u00edvel at\u00e9 09\/03\/2026 ou encerramento da vaga.<\/strong><\/p>\n\n\n\n<p><strong>1 vaga \u2013 Motorista de Carro Pesado<\/strong><\/p>\n\n\n\n<p><strong>Escolaridade \u2013<\/strong> ensino fundamental&nbsp; incompleto;<\/p>\n\n\n\n<p><strong>Experi\u00eancia \u2013 <\/strong>seis meses na Carteira de Trabalho;<\/p>\n\n\n\n<p><strong>Requisitos Obrigat\u00f3rios <\/strong>\u2013 ter Carteira Nacional de Habilita\u00e7\u00e3o, categorias (D), cursos de Dire\u00e7\u00e3o Defensiva e de Transporte Coletivo de Passageiros (TCP) e ter documenta\u00e7\u00e3o completa (com dispensa militar);<\/p>\n\n\n\n<p><strong>Atividades \u2013 <\/strong>transportar cargas volumosas ou produtos diversos, operando caminh\u00f5es e carretas em curtas ou longas dist\u00e2ncias, garantindo a integridade da carga e seguran\u00e7a no tr\u00e2nsito.<\/p>\n\n\n\n<p><strong>Dispon\u00edvel at\u00e9 09\/03\/2026 ou encerramento da vaga.<\/strong><\/p>\n\n\n\n<p><strong>1 vaga \u2013 Mec\u00e2nico de Autos<\/strong><\/p>\n\n\n\n<p><strong>Escolaridade \u2013<\/strong> ensino fundamental&nbsp; incompleto;<\/p>\n\n\n\n<p><strong>Experi\u00eancia \u2013 <\/strong>seis meses na Carteira de Trabalho;<\/p>\n\n\n\n<p><strong>Requisitos Obrigat\u00f3rios <\/strong>\u2013 ter Carteira Nacional de Habilita\u00e7\u00e3o, categorias (D) e ter documenta\u00e7\u00e3o completa (com dispensa militar);<\/p>\n\n\n\n<p><strong>Atividades \u2013 <\/strong>ir\u00e1 realizar a manuten\u00e7\u00e3o preventiva e corretiva de \u00f4nibus, al\u00e9m de identificar e solucionar problemas mec\u00e2nicos.<\/p>\n\n\n\n<p><strong>Dispon\u00edvel at\u00e9 09\/03\/2026 ou encerramento da vaga.<\/strong><\/p>\n\n\n\n<p><strong>2 vagas \u2013 Churrasqueiro<\/strong><\/p>\n\n\n\n<p><strong>Escolaridade \u2013<\/strong> ensino fundamental completo;<\/p>\n\n\n\n<p><strong>Experi\u00eancia \u2013 <\/strong>seis meses na Carteira de Trabalho;<\/p>\n\n\n\n<p><strong>Requisitos Obrigat\u00f3rios <\/strong>\u2013 ter curso de agente de portaria e ter documenta\u00e7\u00e3o completa (com dispensa militar);<\/p>\n\n\n\n<p><strong>Atividades \u2013 <\/strong>respons\u00e1vel por todo o processo de um churrasco, abrangendo desde a sele\u00e7\u00e3o, preparo e tempero das carnes at\u00e9 o controle do fogo (brasa), assamento no ponto ideal e corte para servir.<\/p>\n\n\n\n<p><strong>Dispon\u00edvel at\u00e9 09\/03\/2026 ou encerramento da vaga.<\/strong><\/p>\n\n\n\n<p><strong>4 vagas \u2013 Auxiliar de Confeiteiro<\/strong><\/p>\n\n\n\n<p><strong>Escolaridade \u2013<\/strong> ensino fundamental completo;<\/p>\n\n\n\n<p><strong>Experi\u00eancia \u2013 <\/strong>seis meses na Carteira de Trabalho;<\/p>\n\n\n\n<p><strong>Requisitos Obrigat\u00f3rios <\/strong>\u2013 ter documenta\u00e7\u00e3o completa;<\/p>\n\n\n\n<p><strong>Atividades \u2013 <\/strong>preparar ingredientes (pesagem\/mis\u2013en\u2013place), auxiliar na produ\u00e7\u00e3o de massas, recheios e coberturas, decorar produtos simples, montar vitrines e higienizar utens\u00edlios e equipamentos. Tamb\u00e9m atua no controle de estoque, verifica validade de produtos e mant\u00e9m a organiza\u00e7\u00e3o e limpeza da cozinha.<\/p>\n\n\n\n<p><strong>Dispon\u00edvel at\u00e9 09\/03\/2026 ou encerramento da vaga.<\/strong><\/p>\n\n\n\n<p><strong>4 vagas \u2013 Confeiteiro<\/strong><\/p>\n\n\n\n<p><strong>Escolaridade \u2013<\/strong> ensino fundamental completo;<\/p>\n\n\n\n<p><strong>Experi\u00eancia \u2013 <\/strong>seis meses na Carteira de Trabalho;<\/p>\n\n\n\n<p><strong>Requisitos Obrigat\u00f3rios <\/strong>\u2013 ter documenta\u00e7\u00e3o completa;<\/p>\n\n\n\n<p><strong>Atividades \u2013 <\/strong>prepara, assa e decora bolos, doces, tortas, biscoitos e sobremesas, equilibrando sabor, texturas e apelo visual, suas atividades incluem o controle de estoque, preparo de massas e recheios, opera\u00e7\u00e3o de maquin\u00e1rio, rigor com a higiene e, muitas vezes, a cria\u00e7\u00e3o de novas receitas e atendimento personalizado ao cliente.<\/p>\n\n\n\n<p><strong>Dispon\u00edvel at\u00e9 09\/03\/2026 ou encerramento da vaga.<\/strong><\/p>\n\n\n\n<p><strong>4 vagas \u2013 Comprador<\/strong><\/p>\n\n\n\n<p><strong>Escolaridade \u2013<\/strong> ensino m\u00e9dio completo;<\/p>\n\n\n\n<p><strong>Experi\u00eancia \u2013 <\/strong>seis meses na Carteira de Trabalho;<\/p>\n\n\n\n<p><strong>Requisitos Obrigat\u00f3rios <\/strong>\u2013&nbsp; ter experi\u00eancia na fun\u00e7\u00e3o em compras de material expediente, escolar, escrit\u00f3rio, limpeza<\/p>\n\n\n\n<p>e ter documenta\u00e7\u00e3o completa;<\/p>\n\n\n\n<p><strong>Atividades \u2013 <\/strong>analisar as compras de materiais, equipamentos, mat\u00e9rias\u2013primas e servi\u00e7os, realizar cota\u00e7\u00e3o e negocia\u00e7\u00e3o com fornecedores, emitir pedidos e acompanhar o fluxo de entrega para cumprimento de todas as condi\u00e7\u00f5es negociadas.<\/p>\n\n\n\n<p><strong>Dispon\u00edvel at\u00e9 09\/03\/2026 ou encerramento da vaga.<\/strong><\/p>\n\n\n\n<p><strong>2 vagas \u2013 Auxiliar de Produ\u00e7\u00e3o<\/strong><\/p>\n\n\n\n<p><strong>Escolaridade \u2013<\/strong> ensino m\u00e9dio completo;<\/p>\n\n\n\n<p><strong>Experi\u00eancia \u2013 <\/strong>seis meses na Carteira de Trabalho;<\/p>\n\n\n\n<p><strong>Requisitos Obrigat\u00f3rios <\/strong>\u2013&nbsp; residir na zona norte, experi\u00eancia em a\u00e7ougue, no\u00e7\u00e3o com m\u00e1quina de serra e ter documenta\u00e7\u00e3o completa (com dispensa militar);<\/p>\n\n\n\n<p><strong>Atividades \u2013 <\/strong>atua no suporte t\u00e9cnico ao a\u00e7ougueiro, realizando a limpeza, desossa, preparo de cortes, embalagem e pesagem de carnes, al\u00e9m de higienizar equipamentos e organizar o balc\u00e3o.<\/p>\n\n\n\n<p><strong>Dispon\u00edvel at\u00e9 09\/03\/2026 ou encerramento da vaga.<\/strong><\/p>\n\n\n\n<p><strong>2 vagas \u2013 Auxiliar de Estoque<\/strong><\/p>\n\n\n\n<p><strong>Escolaridade \u2013<\/strong> ensino m\u00e9dio completo;<\/p>\n\n\n\n<p><strong>Experi\u00eancia \u2013 <\/strong>seis meses na Carteira de Trabalho;<\/p>\n\n\n\n<p><strong>Requisitos Obrigat\u00f3rios <\/strong>\u2013&nbsp; residir na zona norte e ter documenta\u00e7\u00e3o completa (com dispensa militar);<\/p>\n\n\n\n<p><strong>Atividades \u2013 <\/strong>profissional que garante a organiza\u00e7\u00e3o, controle e movimenta\u00e7\u00e3o eficiente de produtos em um estoque, recebendo, conferindo, armazenando, separando para vendas\/expedi\u00e7\u00e3o e mantendo o local limpo e organizado, com foco em evitar perdas e agilizar processos para vendas e produ\u00e7\u00e3o.<\/p>\n\n\n\n<p><strong>Dispon\u00edvel at\u00e9 09\/03\/2026 ou encerramento da vaga.<\/strong><\/p>\n\n\n\n<p><strong>2 vagas \u2013 Repositor<\/strong><\/p>\n\n\n\n<p><strong>Escolaridade \u2013<\/strong> ensino m\u00e9dio completo;<\/p>\n\n\n\n<p><strong>Experi\u00eancia \u2013 <\/strong>seis meses na Carteira de Trabalho;<\/p>\n\n\n\n<p><strong>Requisitos Obrigat\u00f3rios <\/strong>\u2013&nbsp; residir na zona norte e ter documenta\u00e7\u00e3o completa (com dispensa militar);<\/p>\n\n\n\n<p><strong>Atividades \u2013 <\/strong>abastecer prateleiras, organizar g\u00f4ndolas e controlar o estoque em supermercados, lojas e armaz\u00e9ns.<\/p>\n\n\n\n<p><strong>Dispon\u00edvel at\u00e9 09\/03\/2026 ou encerramento da vaga.<\/strong><\/p>\n\n\n\n<p><strong>2 vagas \u2013 Operador de Loja<\/strong><\/p>\n\n\n\n<p><strong>Escolaridade \u2013<\/strong> ensino m\u00e9dio completo;<\/p>\n\n\n\n<p><strong>Experi\u00eancia \u2013 <\/strong>seis meses na Carteira de Trabalho;<\/p>\n\n\n\n<p><strong>Requisitos Obrigat\u00f3rios <\/strong>\u2013&nbsp; residir na zona norte e ter documenta\u00e7\u00e3o completa (com dispensa militar);<\/p>\n\n\n\n<p><strong>Atividades \u2013 <\/strong>atender clientes, organizar produtos em g\u00f4ndolas, repor mercadorias e verificar validades.<\/p>\n\n\n\n<p><strong>Dispon\u00edvel at\u00e9 09\/03\/2026 ou encerramento da vaga.<\/strong><\/p>\n\n\n\n<p><strong>2 vagas \u2013 Auxiliar de Limpeza Industrial<\/strong><\/p>\n\n\n\n<p><strong>Escolaridade \u2013<\/strong> ensino m\u00e9dio completo;<\/p>\n\n\n\n<p><strong>Experi\u00eancia \u2013 <\/strong>seis meses na Carteira de Trabalho;<\/p>\n\n\n\n<p><strong>Requisitos Obrigat\u00f3rios <\/strong>\u2013&nbsp; residir na zona norte e ter documenta\u00e7\u00e3o completa (com dispensa militar);<\/p>\n\n\n\n<p><strong>Atividades \u2013 <\/strong>higienizar e conservar \u00e1reas fabris, m\u00e1quinas, equipamentos e ambientes administrativos, garantindo a organiza\u00e7\u00e3o, seguran\u00e7a e o descarte correto de res\u00edduos industriais.<\/p>\n\n\n\n<p><strong>Dispon\u00edvel at\u00e9 09\/03\/2026 ou encerramento da vaga.<\/strong><\/p>\n\n\n\n<p><strong>2 vagas \u2013 Desossador<\/strong><\/p>\n\n\n\n<p><strong>Escolaridade \u2013<\/strong> ensino m\u00e9dio completo;<\/p>\n\n\n\n<p><strong>Experi\u00eancia \u2013 <\/strong>seis meses na Carteira de Trabalho;<\/p>\n\n\n\n<p><strong>Requisitos Obrigat\u00f3rios <\/strong>\u2013&nbsp; residir na zona norte e ter documenta\u00e7\u00e3o completa (com dispensa militar);<\/p>\n\n\n\n<p><strong>Atividades \u2013 <\/strong>respons\u00e1vel por separar a carne dos ossos de carca\u00e7as bovinas, su\u00ednas, aves ou ovinos em frigor\u00edficos ou a\u00e7ougues, suas atividades incluem cortar e padronizar cortes, limpar carnes (retirar pelancas\/gorduras), acondicionar produtos, afiar facas e garantir normas de higiene (PPHO) e seguran\u00e7a.<\/p>\n\n\n\n<p><strong>Dispon\u00edvel at\u00e9 09\/03\/2026 ou encerramento da vaga.<\/strong><\/p>\n\n\n\n<p><strong>3 vagas \u2013 Assistente de Vendas<\/strong><\/p>\n\n\n\n<p><strong>Escolaridade \u2013<\/strong> ensino m\u00e9dio completo;<\/p>\n\n\n\n<p><strong>Experi\u00eancia \u2013 <\/strong>seis meses na Carteira de Trabalho;<\/p>\n\n\n\n<p><strong>Requisitos Obrigat\u00f3rios <\/strong>\u2013 ter documenta\u00e7\u00e3o completa;<\/p>\n\n\n\n<p><strong>Atividades \u2013 <\/strong>atua no suporte administrativo e operacional ao departamento comercial, facilitando o processo de venda.<\/p>\n\n\n\n<p><strong>Dispon\u00edvel at\u00e9 09\/03\/2026 ou encerramento da vaga.<\/strong><\/p>\n\n\n\n<p><strong>1 vaga \u2013 Estagi\u00e1rio de Qualidade<\/strong><\/p>\n\n\n\n<p><strong>Escolaridade \u2013<\/strong> cursando ensino superior em Administra\u00e7\u00e3o, Engenharia de Produ\u00e7\u00e3o, Gest\u00e3o da Qualidade;<\/p>\n\n\n\n<p><strong>Experi\u00eancia \u2013 <\/strong>seis meses na Carteira de Trabalho;<\/p>\n\n\n\n<p><strong>Requisitos Obrigat\u00f3rios <\/strong>\u2013 ter conhecimento b\u00e1sico em inform\u00e1tica, excel e ter documenta\u00e7\u00e3o completa (com dispensa militar);<\/p>\n\n\n\n<p><strong>Atividades \u2013 <\/strong>auxilia na verifica\u00e7\u00e3o de conformidade de processos, produtos e mat\u00e9rias\u2013primas, utilizando ferramentas da qualidade, coletando amostras e analisando relat\u00f3rios t\u00e9cnicos para assegurar normas, atua na inspe\u00e7\u00e3o de recebimento, produ\u00e7\u00e3o e produtos finais, contribuindo para a melhoria cont\u00ednua e a\u00e7\u00f5es corretivas.<\/p>\n\n\n\n<p><strong>Dispon\u00edvel at\u00e9 09\/03\/2026 ou encerramento da vaga.<\/strong><\/p>\n\n\n\n<p><strong>1 vaga \u2013 Costureira<\/strong><\/p>\n\n\n\n<p><strong>Escolaridade \u2013<\/strong> ensino m\u00e9dio completo;<\/p>\n\n\n\n<p><strong>Experi\u00eancia \u2013 <\/strong>tres meses na Carteira de Trabalho ou avulso;<\/p>\n\n\n\n<p><strong>Requisitos Obrigat\u00f3rios <\/strong>\u2013 ter documenta\u00e7\u00e3o completa;<\/p>\n\n\n\n<p><strong>Atividades \u2013 <\/strong>confec\u00e7\u00e3o, conserto e ajuste de pe\u00e7as de vestu\u00e1rio e tecidos, utilizando m\u00e1quinas de costura (reta, overloque) ou t\u00e9cnicas manuais, entre outras atividades correlatas \u00e0 fun\u00e7\u00e3o<\/p>\n\n\n\n<p><strong>Dispon\u00edvel at\u00e9 09\/03\/2026 ou encerramento da vaga.<\/strong><\/p>\n\n\n\n<p><strong>1 vaga \u2013 Costureira<\/strong><\/p>\n\n\n\n<p><strong>Escolaridade \u2013<\/strong> ensino m\u00e9dio completo;<\/p>\n\n\n\n<p><strong>Experi\u00eancia \u2013 <\/strong>tres meses na Carteira de Trabalho;<\/p>\n\n\n\n<p><strong>Requisitos Obrigat\u00f3rios <\/strong>\u2013 ter curso t\u00e9cnico em modelagem e conhecimento de tecidos, caimento e acabamento e ter documenta\u00e7\u00e3o completa;<\/p>\n\n\n\n<p><strong>Atividades \u2013 <\/strong>realizar confec\u00e7\u00e3o de moldes, tirar medidas, cortar tecidos, alinhavar, costurar partes da pe\u00e7a, colocar acabamentos (forros, bot\u00f5es, z\u00edperes) e realizar bainhas, entre outras atividades correlatas \u00e0 fun\u00e7\u00e3o.<\/p>\n\n\n\n<p><strong>Dispon\u00edvel at\u00e9 09\/03\/2026 ou encerramento da vaga.<\/strong><\/p>\n\n\n\n<p><strong>1 vaga \u2013 Assistente de Marketing<\/strong><\/p>\n\n\n\n<p><strong>Escolaridade \u2013<\/strong>&nbsp; cursando ensino superior em Marketing;<\/p>\n\n\n\n<p><strong>Experi\u00eancia \u2013 <\/strong>seis meses na Carteira de Trabalho ou avulso;<\/p>\n\n\n\n<p><strong>Requisitos Obrigat\u00f3rios <\/strong>\u2013 ter conhecimento em edi\u00e7\u00e3o de v\u00eddeo e app e ter documenta\u00e7\u00e3o completa;<\/p>\n\n\n\n<p><strong>Atividades \u2013 <\/strong>auxilia na execu\u00e7\u00e3o de campanhas, gerenciamento de redes sociais, cria\u00e7\u00e3o de materiais promocionais e an\u00e1lise de m\u00e9tricas de desempenho, eles oferecem suporte operacional \u00e0 equipe, atuando em tarefas como produ\u00e7\u00e3o de conte\u00fado, contato com fornecedores e monitoramento de resultados, visando aumentar a visibilidade da marca.<\/p>\n\n\n\n<p><strong>Dispon\u00edvel at\u00e9 09\/03\/2026 ou encerramento da vaga.<\/strong><\/p>\n\n\n\n<p><strong>1 vaga \u2013 Cartazeiro<\/strong><\/p>\n\n\n\n<p><strong>Escolaridade \u2013<\/strong> ensino m\u00e9dio completo;<\/p>\n\n\n\n<p><strong>Experi\u00eancia \u2013 <\/strong>seis meses na Carteira de Trabalho;<\/p>\n\n\n\n<p><strong>Requisitos Obrigat\u00f3rios <\/strong>\u2013 ter documenta\u00e7\u00e3o completa;<\/p>\n\n\n\n<p><strong>Atividades \u2013 <\/strong>respons\u00e1vel por fazer e anexar cartazes e etiquetas conforme os padr\u00f5es de marketing e comunica\u00e7\u00e3o visual pr\u00e9 estabelecidos, confeccionar cartazes conforme requisi\u00e7\u00e3o com a utiliza\u00e7\u00e3o de m\u00e1quinas espec\u00edficas e anexar nos pontos da \u00e1rea de venda, participar da decora\u00e7\u00e3o da loja conforme padr\u00f5es de marketing e comunica\u00e7\u00e3o visual pr\u00e9\u2013estabelecidos, afixar os cartazes e etiquetas na \u00e1rea de venda e vistoriar a necessidade de cartazes avariados para realizar novas confec\u00e7\u00f5es, prestar suporte a todas as \u00e1reas confeccionando cartazes e banners.<\/p>\n\n\n\n<p><strong>Dispon\u00edvel at\u00e9 09\/03\/2026 ou encerramento da vaga.<\/strong><\/p>\n\n\n\n<p><strong>2 vagas \u2013 Saladeiro<\/strong><\/p>\n\n\n\n<p><strong>Escolaridade \u2013<\/strong> ensino fundamental completo;<\/p>\n\n\n\n<p><strong>Experi\u00eancia \u2013 <\/strong>seis meses na Carteira de Trabalho;<\/p>\n\n\n\n<p><strong>Requisitos Obrigat\u00f3rios <\/strong>\u2013 ter documenta\u00e7\u00e3o completa;<\/p>\n\n\n\n<p><strong>Atividades \u2013 <\/strong>respons\u00e1vel por higienizar, cortar e preparar verduras, legumes, frutas, molhos e pastas, montando saladas e pratos frios de forma atrativa, entre outras atividades correlatas \u00e0 fun\u00e7\u00e3o.<\/p>\n\n\n\n<p><strong>Dispon\u00edvel at\u00e9 09\/03\/2026 ou encerramento da vaga.<\/strong><\/p>\n\n\n\n<p><strong>VAGAS NA IND\u00daSTRIA \u2013 109<\/strong><\/p>\n\n\n\n<p><strong>50 vagas \u2013 Auxiliar de Linha de Produ\u00e7\u00e3o<\/strong><\/p>\n\n\n\n<p><strong>Escolaridade \u2013 <\/strong>ensino fundamental incompleto;<\/p>\n\n\n\n<p><strong>Experi\u00eancia \u2013<\/strong> n\u00e3o \u00e9 necess\u00e1rio;<\/p>\n\n\n\n<p><strong>Requisitos Obrigat\u00f3rios \u2013 <\/strong>a vaga \u00e9 destinada para candidatos que est\u00e3o em busca de novos desafios; o candidato vai precisar morar em: V\u00e1rzea Grande (MT) e ter documenta\u00e7\u00e3o completa (com dispensa militar);<\/p>\n\n\n\n<p><strong>Atividades \u2013 <\/strong>respons\u00e1vel por executar atividades operacionais em setores de apoio ou produ\u00e7\u00e3o de frios, visando garantir a manuten\u00e7\u00e3o, organiza\u00e7\u00e3o, limpeza ou opera\u00e7\u00e3o de atividades na unidade.<\/p>\n\n\n\n<p><strong>Dispon\u00edvel at\u00e9 10\/02\/2026 ou encerramento da vaga<\/strong><\/p>\n\n\n\n<p><strong>1 vaga \u2013 Auxiliar de Faturamento<\/strong><\/p>\n\n\n\n<p><strong>Escolaridade \u2013<\/strong> ensino superior&nbsp; completo Contabilidade, Administra\u00e7\u00e3o ou Log\u00edstica;<\/p>\n\n\n\n<p><strong>Experi\u00eancia \u2013 <\/strong>registrada na Carteira de Trabalho;<\/p>\n\n\n\n<p><strong>Requisitos Obrigat\u00f3rios <\/strong>\u2013 ter documenta\u00e7\u00e3o completa;<\/p>\n\n\n\n<p><strong>Atividades \u2013 <\/strong>trabalhar com recebimento e baixa de NF, emiss\u00e3o de notas fiscais e boletos e lan\u00e7amentos de dados no sistema.<\/p>\n\n\n\n<p><strong>Dispon\u00edvel at\u00e9 09\/03\/2026 ou encerramento da vaga.<\/strong><\/p>\n\n\n\n<p><strong>1 vaga \u2013 T\u00e9cnico em Seguran\u00e7a do Trabalho<\/strong><\/p>\n\n\n\n<p><strong>Escolaridade \u2013<\/strong> ensino t\u00e9cnico&nbsp; completo na \u00e1rea de seguran\u00e7a;<\/p>\n\n\n\n<p><strong>Experi\u00eancia \u2013 <\/strong>seis meses na Carteira de Trabalho;<\/p>\n\n\n\n<p><strong>Requisitos Obrigat\u00f3rios <\/strong>\u2013 ter documenta\u00e7\u00e3o completa;<\/p>\n\n\n\n<p><strong>Atividades \u2013 <\/strong>respons\u00e1vel por elaborar e implementar pol\u00edticas de sa\u00fade e seguran\u00e7a, visando a preven\u00e7\u00e3o de acidentes e doen\u00e7as ocupacionais, analisar riscos, orientar sobre o uso de EPIs\/EPCs, treinar funcion\u00e1rios, elaborar laudos e assegurar o cumprimento das normas regulamentadoras (NRs).<\/p>\n\n\n\n<p><strong>Dispon\u00edvel at\u00e9 09\/03\/2026 ou encerramento da vaga.<\/strong><\/p>\n\n\n\n<p><strong>1 vaga \u2013 Auxiliar de Servi\u00e7os Gerais<\/strong><\/p>\n\n\n\n<p><strong>Escolaridade \u2013<\/strong> ensino m\u00e9dio&nbsp; completo;<\/p>\n\n\n\n<p><strong>Experi\u00eancia \u2013 <\/strong>seis meses na Carteira de Trabalho;<\/p>\n\n\n\n<p><strong>Requisitos Obrigat\u00f3rios <\/strong>\u2013 ter disponibilidade de hor\u00e1rio, residir no bairros: Alvorada, Augusto Montenegro, Bairro da Paz, Compensa, Crespo, Dom Pedro, Gloria, Hileia, Japiim, L\u00edrio de Vale, Nova Esperan\u00e7a, Petr\u00f3polis, Planalto, Reden\u00e7\u00e3o, Santa Luzia, Santo Agostinho, Santo Ant\u00f4nio, Santos Dumont, S\u00e3o L\u00e1zaro, S\u00e3o Jorge, S\u00e3o Raimundo, Uni\u00e3o da Vit\u00f3ria ou Vila da Prata e ter documenta\u00e7\u00e3o completa (com dispensa militar);<\/p>\n\n\n\n<p><strong>Atividades \u2013 <\/strong>varrer, passar pano, recolher lixo, limpar m\u00f3veis das salas, corredores e \u00e1rea externa; efetuar a limpeza e higieniza\u00e7\u00e3o de banheiros, pias e instala\u00e7\u00f5es da empresa, abastecer conforme necessidade os suportes de \u00e1lcool em gel e l\u00edquido das salas, sabonete l\u00edquido e copos descart\u00e1veis dos setores, papel toalha e higi\u00eanico dos banheiros e vesti\u00e1rios, corredores e \u00e1rea externa, abastecer conforme necessidade os garraf\u00f5es de \u00e1gua das salas, corredores e \u00e1rea externa, separar e enviar roupas (toalhas da produ\u00e7\u00e3o, uniformes setoriais, len\u00e7\u00f3is de cama, toalhas de banho, toalhas de mesas) para a lavanderia, providenciar caf\u00e9 e lanches em geral, incluindo visitantes, quando solicitado, realizar a limpeza das mesas e cadeiras da \u00e1rea de lazer (pra\u00e7a), retirar os lixos dos setores e \u00e1rea externa, regar e capinar as plantas da \u00e1rea externa, manter a limpeza e higieniza\u00e7\u00e3o da \u00e1rea externa da f\u00e1brica, recolher e organizar os res\u00edduos (papel\u00e3o, pl\u00e1stico), realizando o descarte correto, manter limpa e organizada suas ferramentas de trabalho e cuidar dos bens patrimoniais da empresa sob sua responsabilidade, zelando pela limpeza, manuseio e respectiva guarda, com o objetivo de conserva\u00e7\u00e3o, utiliza\u00e7\u00e3o plena e prolongamento de vida \u00fatil.<\/p>\n\n\n\n<p><strong>Dispon\u00edvel at\u00e9 09\/03\/2026 ou encerramento da vaga.<\/strong><\/p>\n\n\n\n<p><strong>2 vagas \u2013 Atendente de Balc\u00e3o<\/strong><\/p>\n\n\n\n<p><strong>Escolaridade \u2013<\/strong> ensino m\u00e9dio&nbsp; completo;<\/p>\n\n\n\n<p><strong>Experi\u00eancia \u2013&nbsp; <\/strong>registrada na Carteira de Trabalho;<\/p>\n\n\n\n<p><strong>Requisitos Obrigat\u00f3rios <\/strong>\u2013 ter curso de t\u00e9cnicas em vendas e inform\u00e1tica intermedi\u00e1ria ou avan\u00e7ada e ter documenta\u00e7\u00e3o completa;<\/p>\n\n\n\n<p><strong>Atividades \u2013 <\/strong>auxiliar no recebimento dos rel\u00f3gios que ser\u00e3o comercializados na loja, realizar a confer\u00eancia dos rel\u00f3gios que s\u00e3o recebidos na loja, realizar, se necess\u00e1rio, o ajuste das pulseiras dos clientes, organizar os rel\u00f3gios nas prateleiras de forma funcional e atrativa, atender os clientes, apresentando os modelos dispon\u00edveis e informando pre\u00e7os, sugerir modelos de rel\u00f3gios alinhados ao perfil e prefer\u00eancias do cliente, efetuar as vendas, garantindo um atendimento de qualidade e uma boa experi\u00eancia de compra, elaborar, juntamente com o superior imediato, estrat\u00e9gias de vendas e campanhas nas datas comemorativas, manter a loja limpa e organizada a fim de assegurar o aspecto visual da mesma.<\/p>\n\n\n\n<p><strong>Dispon\u00edvel at\u00e9 09\/03\/2026 ou encerramento da vaga.<\/strong><\/p>\n\n\n\n<p><strong>1 vaga \u2013 Analista Fiscal<\/strong><\/p>\n\n\n\n<p><strong>Escolaridade \u2013<\/strong> ensino superior completo em Administra\u00e7\u00e3o, Ci\u00eancias Cont\u00e1beis, Ci\u00eancias Econ\u00f4micas.;<\/p>\n\n\n\n<p><strong>Experi\u00eancia \u2013 <\/strong>seis meses na Carteira de Trabalho;<\/p>\n\n\n\n<p><strong>Requisitos Obrigat\u00f3rios <\/strong>\u2013 ter documenta\u00e7\u00e3o completa;<\/p>\n\n\n\n<p><strong>Atividades \u2013 <\/strong>respons\u00e1vel por realizar an\u00e1lises e confer\u00eancias de documentos fiscais, garantindo o cumprimento das obriga\u00e7\u00f5es tribut\u00e1rias da empresa, al\u00e9m disso, atua na apura\u00e7\u00e3o de impostos, elabora\u00e7\u00e3o de relat\u00f3rios e no acompanhamento de legisla\u00e7\u00f5es fiscais, este profissional desempenha um papel fundamental na gest\u00e3o tribut\u00e1ria da organiza\u00e7\u00e3o, contribuindo para a conformidade fiscal e para a otimiza\u00e7\u00e3o dos processos internos.<\/p>\n\n\n\n<p><strong>Dispon\u00edvel at\u00e9 09\/03\/2026 ou encerramento da vaga.<\/strong><\/p>\n\n\n\n<p><strong>50 vagas \u2013 Auxiliar de Produ\u00e7\u00e3o<\/strong><\/p>\n\n\n\n<p><strong>Escolaridade \u2013<\/strong> ensino fundamental completo;<\/p>\n\n\n\n<p><strong>Experi\u00eancia \u2013 <\/strong>n\u00e3o \u00e9 necess\u00e1rio;<\/p>\n\n\n\n<p><strong>Requisitos Obrigat\u00f3rios <\/strong>\u2013 residir nos bairros: Lagoa Azul, Santa Etelvina, Uni\u00e3o da Vit\u00f3ria, Comunidade 23 de Setembro, Novo Israel, Viver Melhor, Ismail Aziz, Parque S\u00e3o Pedro e Nova Cidade e ter documenta\u00e7\u00e3o completa (com dispensa militar);<\/p>\n\n\n\n<p><strong>Atividades \u2013 <\/strong>abastecer linhas de produ\u00e7\u00e3o, operar m\u00e1quinas, embalar produtos finais, realizar controle de qualidade e organizar\/limpar o ambiente de trabalho.<\/p>\n\n\n\n<p><strong>Dispon\u00edvel at\u00e9 09\/03\/2026 ou encerramento da vaga.<\/strong><\/p>\n\n\n\n<p><strong>2 vagas \u2013 Auxiliar de Servi\u00e7os Gerais<\/strong><\/p>\n\n\n\n<p><strong>Escolaridade \u2013<\/strong> ensino m\u00e9dio completo;<\/p>\n\n\n\n<p><strong>Experi\u00eancia \u2013 <\/strong>seis meses na Carteira de Trabalho;<\/p>\n\n\n\n<p><strong>Requisitos Obrigat\u00f3rios <\/strong>\u2013 ter documenta\u00e7\u00e3o completa (com dispensa militar);<\/p>\n\n\n\n<p><strong>Atividades \u2013 <\/strong>cuidar da limpeza, organiza\u00e7\u00e3o, manuten\u00e7\u00e3o b\u00e1sica e apoio operacional, garantindo o bom funcionamento e conserva\u00e7\u00e3o do local de trabalho, sendo mais abrangente que um auxiliar de limpeza.<\/p>\n\n\n\n<p><strong>Dispon\u00edvel at\u00e9 09\/03\/2026 ou encerramento da vaga.<\/strong><\/p>\n\n\n\n<p><strong>1 vaga \u2013 Motorista de Caminh\u00e3o<\/strong><\/p>\n\n\n\n<p><strong>Escolaridade \u2013<\/strong> ensino m\u00e9dio completo;<\/p>\n\n\n\n<p><strong>Experi\u00eancia \u2013 <\/strong>seis meses na Carteira de Trabalho;<\/p>\n\n\n\n<p><strong>Requisitos Obrigat\u00f3rios <\/strong>\u2013 ter Carteira Nacional de Habilita\u00e7\u00e3o categorias (D) ou (E) e ter documenta\u00e7\u00e3o completa (com dispensa militar);;<\/p>\n\n\n\n<p><strong>Atividades \u2013 <\/strong>conduzir ve\u00edculos de carga para transportar mercadorias entre cidades, estados ou pa\u00edses, garantindo a entrega segura e no prazo.<\/p>\n\n\n\n<p><strong>Dispon\u00edvel at\u00e9 09\/03\/2026 ou encerramento da vaga.<\/strong><\/p>\n\n\n\n<p><strong>VAGAS EM SERVI\u00c7O \u2013 108<\/strong><\/p>\n\n\n\n<p><strong>25 vagas \u2013 Atendente<\/strong><\/p>\n\n\n\n<p><strong>Escolaridade \u2013 <\/strong>ensino fundamental incompleto;<\/p>\n\n\n\n<p><strong>Experi\u00eancia \u2013<\/strong> n\u00e3o \u00e9 necess\u00e1rio;<\/p>\n\n\n\n<p><strong>Requisitos Obrigat\u00f3rios \u2013 <\/strong>a vaga \u00e9 destinada para candidatos que est\u00e3o em busca de novos desafios; o candidato vai precisar morar em: (MG), (RJ), (ES), (PA) e ter documenta\u00e7\u00e3o completa;<\/p>\n\n\n\n<p><strong>Atividades \u2013 <\/strong>recepcionar os clientes de forma cordial e atenciosa, realizar o atendimento e auxiliar na escolha do card\u00e1pio, registrar os pedidos e encaminh\u00e1\u2013los \u00e0 cozinha, auxiliar na montagem e organiza\u00e7\u00e3o das mesas, realizar a manuten\u00e7\u00e3o, organiza\u00e7\u00e3o e limpeza do ambiente.<\/p>\n\n\n\n<p><strong>Dispon\u00edvel at\u00e9 10\/02\/2026 ou encerramento da vaga<\/strong><\/p>\n\n\n\n<p><strong>25 vagas \u2013 Auxiliar de Cozinha<\/strong><\/p>\n\n\n\n<p><strong>Escolaridade \u2013 <\/strong>ensino fundamental incompleto;<\/p>\n\n\n\n<p><strong>Experi\u00eancia \u2013<\/strong> n\u00e3o \u00e9 necess\u00e1rio;<\/p>\n\n\n\n<p><strong>Requisitos Obrigat\u00f3rios \u2013 <\/strong>a vaga \u00e9 destinada para candidatos que est\u00e3o em busca de novos desafios; o candidato vai precisar morar em: (MG), (RJ), (ES), (PA) e ter documenta\u00e7\u00e3o completa;<\/p>\n\n\n\n<p><strong>Atividades \u2013 <\/strong>prepara\u00e7\u00e3o e organiza\u00e7\u00e3o de alimentos, a higieniza\u00e7\u00e3o do ambiente e dos utens\u00edlios, e o apoio direto aos cozinheiros.<\/p>\n\n\n\n<p><strong>Dispon\u00edvel at\u00e9 10\/02\/2026 ou encerramento da vaga<\/strong><\/p>\n\n\n\n<p><strong>2 vagas \u2013 Auxiliar de Limpeza<\/strong><\/p>\n\n\n\n<p><strong>Escolaridade \u2013<\/strong> ensino m\u00e9dio completo;<\/p>\n\n\n\n<p><strong>Experi\u00eancia \u2013 <\/strong>seis meses na Carteira de Trabalho;<\/p>\n\n\n\n<p><strong>Requisitos Obrigat\u00f3rios <\/strong>\u2013 ter documenta\u00e7\u00e3o completa (com dispensa militar);<\/p>\n\n\n\n<p><strong>Atividades \u2013 <\/strong>realizar limpeza geral, lavar banheiro, manter a copa organizada, lavar lou\u00e7a, servir visitantes, manter os m\u00f3veis e objetos limpos, controlar material de limpeza.<\/p>\n\n\n\n<p><strong>Dispon\u00edvel at\u00e9 09\/03\/2026 ou encerramento da vaga.<\/strong><\/p>\n\n\n\n<p><strong>1 vaga \u2013 Auxiliar de Sa\u00fade Bucal<\/strong><\/p>\n\n\n\n<p><strong>Escolaridade \u2013<\/strong> ensino m\u00e9dio completo;<\/p>\n\n\n\n<p><strong>Experi\u00eancia \u2013 <\/strong>registrada na Carteira de Trabalho;&nbsp;<\/p>\n\n\n\n<p><strong>Requisitos Obrigat\u00f3rios <\/strong>\u2013 ter curso de auxiliar de sa\u00fade bucal, registro ativo no conselho regional de odontologia \u2013 CRO\u2013AM, conhecimento em biosseguran\u00e7a e protocolos de esteriliza\u00e7\u00e3o e ter documenta\u00e7\u00e3o completa;<\/p>\n\n\n\n<p><strong>Atividades \u2013 <\/strong>prepara\u00e7\u00e3o de bandejas e instrumentais cl\u00ednicos, aux\u00edlio direto ao cirurgi\u00e3o\u2013dentista durante procedimentos, organiza\u00e7\u00e3o e assepsia do ambiente cl\u00ednico, controle de materiais e suporte em processos de esteriliza\u00e7\u00e3o, acolhimento inicial e preparo do paciente para atendimento, agendamento do paciente.<\/p>\n\n\n\n<p><strong>Dispon\u00edvel at\u00e9 09\/03\/2026 ou encerramento da vaga.<\/strong><\/p>\n\n\n\n<p><strong>15 vagas \u2013 Auxiliar de Servi\u00e7os Gerais<\/strong><\/p>\n\n\n\n<p><strong>Escolaridade \u2013<\/strong> ensino fundamental completo;<\/p>\n\n\n\n<p><strong>Experi\u00eancia \u2013 <\/strong>seis meses na Carteira de Trabalho;<\/p>\n\n\n\n<p><strong>Requisitos Obrigat\u00f3rios <\/strong>\u2013 ter documenta\u00e7\u00e3o completa;<\/p>\n\n\n\n<p><strong>Atividades \u2013 <\/strong>realizar limpezas em gerais<\/p>\n\n\n\n<p><strong>Dispon\u00edvel at\u00e9 09\/03\/2026 ou encerramento da vaga.<\/strong><\/p>\n\n\n\n<p><strong>1 vaga \u2013 T\u00e9cnico de Telecomunica\u00e7\u00f5es<\/strong><\/p>\n\n\n\n<p><strong>Escolaridade \u2013<\/strong> ensino m\u00e9dio completo;<\/p>\n\n\n\n<p><strong>Experi\u00eancia \u2013 <\/strong>seis meses na Carteira de Trabalho;<\/p>\n\n\n\n<p><strong>Requisitos Obrigat\u00f3rios <\/strong>\u2013 ter curso de inform\u00e1tica b\u00e1sica, conhecimento em instala\u00e7\u00e3o de redes de fibra \u00f3ptica e ter documenta\u00e7\u00e3o completa (com dispensa militar);<\/p>\n\n\n\n<p><strong>Atividades \u2013 <\/strong>realizar instala\u00e7\u00e3o, manuten\u00e7\u00e3o preventiva e corretiva de redes de fibra \u00f3ptica, incluindo lan\u00e7amento, fus\u00e3o, testes e configura\u00e7\u00e3o, executar ativa\u00e7\u00e3o de clientes (quando necess\u00e1rio), configurando equipamentos e garantindo o correto funcionamento dos servi\u00e7os, efetuar instala\u00e7\u00e3o, alinhamento e configura\u00e7\u00e3o de r\u00e1dios digitais, assegurando a qualidade do sinal e a estabilidade da conex\u00e3o, atuar em trabalhos em altura (torres e postes), realizando instala\u00e7\u00e3o, manuten\u00e7\u00e3o e ajustes de equipamentos, respeitando as normas de seguran\u00e7a, identificar e solucionar falhas, instabilidades e interrup\u00e7\u00f5es de servi\u00e7os, prestando suporte t\u00e9cnico em campo, realizar testes, medi\u00e7\u00f5es e diagn\u00f3sticos em redes de fibra \u00f3ptica e r\u00e1dio, cumprir rigorosamente as normas de seguran\u00e7a do trabalho, incluindo o uso obrigat\u00f3rio de EPIs, preencher relat\u00f3rios t\u00e9cnicos e registrar atendimentos e interven\u00e7\u00f5es realizadas.<\/p>\n\n\n\n<p><strong>Dispon\u00edvel at\u00e9 09\/03\/2026 ou encerramento da vaga.<\/strong><\/p>\n\n\n\n<p><strong>15 vagas \u2013 Montador de M\u00f3veis<\/strong><\/p>\n\n\n\n<p><strong>Escolaridade \u2013<\/strong> ensino m\u00e9dio completo;<\/p>\n\n\n\n<p><strong>Experi\u00eancia \u2013 <\/strong>registrada na Carteira de Trabalho;<\/p>\n\n\n\n<p><strong>Requisitos Obrigat\u00f3rios <\/strong>\u2013 ter documenta\u00e7\u00e3o completa (com dispensa militar);<\/p>\n\n\n\n<p><strong>Atividades \u2013 <\/strong>preparar locais, montar m\u00f3veis padr\u00e3o e planejado, instalar e reparar m\u00f3veis de madeira ou materiais derivados (mdf\/mdp) em s\u00e9rie ou sob encomenda, seguindo projetos, normas de seguran\u00e7a e qualidade.<\/p>\n\n\n\n<p><strong>Dispon\u00edvel at\u00e9 09\/03\/2026 ou encerramento da vaga.<\/strong><\/p>\n\n\n\n<p><strong>3 vagas \u2013 Encanador \/ Bombeira Hidr\u00e1ulica<\/strong><\/p>\n\n\n\n<p><strong>Escolaridade \u2013<\/strong> ensino m\u00e9dio completo;<\/p>\n\n\n\n<p><strong>Experi\u00eancia \u2013 <\/strong>registrada na Carteira de Trabalho;<\/p>\n\n\n\n<p><strong>Requisitos Obrigat\u00f3rios <\/strong>\u2013 ter documenta\u00e7\u00e3o completa;<\/p>\n\n\n\n<p><strong>Atividades \u2013 <\/strong>instala\u00e7\u00e3o e manuten\u00e7\u00e3o de sistemas hidr\u00e1ulicos, testes de press\u00e3o e estanqueidade, substitui\u00e7\u00e3o de tubula\u00e7\u00f5es e conex\u00f5es, leitura b\u00e1sica de projetos e cumprimento das normas de seguran\u00e7a.<\/p>\n\n\n\n<p><strong>Dispon\u00edvel at\u00e9 09\/03\/2026 ou encerramento da vaga.<\/strong><\/p>\n\n\n\n<p><strong>3 vagas \u2013 Pintora de Obras<\/strong><\/p>\n\n\n\n<p><strong>Escolaridade \u2013<\/strong> ensino m\u00e9dio completo;<\/p>\n\n\n\n<p><strong>Experi\u00eancia \u2013 <\/strong>registrada na Carteira de Trabalho;<\/p>\n\n\n\n<p><strong>Requisitos Obrigat\u00f3rios <\/strong>\u2013 ter documenta\u00e7\u00e3o completa;<\/p>\n\n\n\n<p><strong>Atividades \u2013 <\/strong>prepara\u00e7\u00e3o de superf\u00edcies, aplica\u00e7\u00e3o de tintas e acabamentos, controle de qualidade do servi\u00e7o e organiza\u00e7\u00e3o e seguran\u00e7a do ambiente.<\/p>\n\n\n\n<p><strong>Dispon\u00edvel at\u00e9 09\/03\/2026 ou encerramento da vaga.<\/strong><\/p>\n\n\n\n<p><strong>3 vagas \u2013 Pedreiro<\/strong><\/p>\n\n\n\n<p><strong>Escolaridade \u2013<\/strong> ensino m\u00e9dio completo;<\/p>\n\n\n\n<p><strong>Experi\u00eancia \u2013 <\/strong>registrada na Carteira de Trabalho;<\/p>\n\n\n\n<p><strong>Requisitos Obrigat\u00f3rios <\/strong>\u2013 ter documenta\u00e7\u00e3o completa;<\/p>\n\n\n\n<p><strong>Atividades \u2013 <\/strong>assentamento de blocos e revestimentos; Prepara\u00e7\u00e3o de argamassa e concreto, execu\u00e7\u00e3o de reboco e acabamento e cumprimento das normas de seguran\u00e7a.<\/p>\n\n\n\n<p><strong>Dispon\u00edvel at\u00e9 09\/03\/2026 ou encerramento da vaga.<\/strong><\/p>\n\n\n\n<p><strong>3 vagas \u2013 Marceneiro<\/strong><\/p>\n\n\n\n<p><strong>Escolaridade \u2013<\/strong> ensino m\u00e9dio completo;<\/p>\n\n\n\n<p><strong>Experi\u00eancia \u2013 <\/strong>registrada na Carteira de Trabalho;<\/p>\n\n\n\n<p><strong>Requisitos Obrigat\u00f3rios <\/strong>\u2013 ter documenta\u00e7\u00e3o completa;<\/p>\n\n\n\n<p><strong>Atividades \u2013 <\/strong>corte e montagem de pe\u00e7as em madeira, opera\u00e7\u00e3o de m\u00e1quinas e ferramentas, instala\u00e7\u00e3o e acabamento de mobili\u00e1rio e cumprimento das normas de seguran\u00e7a.<\/p>\n\n\n\n<p><strong>Dispon\u00edvel at\u00e9 09\/03\/2026 ou encerramento da vaga.<\/strong><\/p>\n\n\n\n<p><strong>1 vaga \u2013 Lanterneiro<\/strong><\/p>\n\n\n\n<p><strong>Escolaridade \u2013<\/strong> ensino fundamental&nbsp; incompleto;<\/p>\n\n\n\n<p><strong>Experi\u00eancia \u2013 <\/strong>registrada na Carteira de Trabalho;<\/p>\n\n\n\n<p><strong>Requisitos Obrigat\u00f3rios <\/strong>\u2013 ter disponibilidade de hor\u00e1rio, experi\u00eancia com \u00f4nibus e ter documenta\u00e7\u00e3o completa (com dispensa militar);<\/p>\n\n\n\n<p><strong>Atividades \u2013 <\/strong>ter experi\u00eancia com carros pesados(no nosso caso, \u00f4nibus), lanternagem e repara\u00e7\u00e3o.<\/p>\n\n\n\n<p><strong>Dispon\u00edvel at\u00e9 09\/03\/2026 ou encerramento da vaga.<\/strong><\/p>\n\n\n\n<p><strong>1 vaga \u2013 Auxiliar Administrativo<\/strong><\/p>\n\n\n\n<p><strong>Escolaridade \u2013<\/strong> cursando ensino superior em Administra\u00e7\u00e3o ou Contabilidade (partir do 2\u00b0 per\u00edodo);<\/p>\n\n\n\n<p><strong>Experi\u00eancia \u2013 <\/strong>seis meses na Carteira de Trabalho;<\/p>\n\n\n\n<p><strong>Requisitos Obrigat\u00f3rios <\/strong>\u2013&nbsp; ter Carteira Nacional de Habilita\u00e7\u00e3o (B),&nbsp; conhecimento em rotina fiscal e administrativa e ter documenta\u00e7\u00e3o completa (com dispensa militar);<\/p>\n\n\n\n<p><strong>Atividades \u2013 <\/strong>suporte geral \u00e0 organiza\u00e7\u00e3o, focando em organiza\u00e7\u00e3o de documentos (f\u00edsicos\/digitais), atendimento (telefone, e\u2013mail, presencial), controle financeiro b\u00e1sico (contas a pagar\/receber, notas fiscais), gest\u00e3o de agendas, elabora\u00e7\u00e3o de relat\u00f3rios e planilhas, suporte a RH e log\u00edstica, manuten\u00e7\u00e3o de cadastros e outras atividades.<\/p>\n\n\n\n<p><strong>Dispon\u00edvel at\u00e9 09\/03\/2026 ou encerramento da vaga.<\/strong><\/p>\n\n\n\n<p><strong>3 vagas \u2013 Atendente de Call Center<\/strong><\/p>\n\n\n\n<p><strong>Escolaridade \u2013<\/strong> ensino m\u00e9dio completo;<\/p>\n\n\n\n<p><strong>Experi\u00eancia \u2013 <\/strong>seis meses na Carteira de Trabalho;<\/p>\n\n\n\n<p><strong>Requisitos Obrigat\u00f3rios <\/strong>\u2013 ter curso na \u00e1rea de atendimento, telemarketing ou vendas, preparo t\u00e9cnico para comunica\u00e7\u00e3o com clientes e condu\u00e7\u00e3o de negocia\u00e7\u00f5es, experi\u00eancia com atendimento ao p\u00fablico ou vendas e ter documenta\u00e7\u00e3o completa;<\/p>\n\n\n\n<p><strong>Atividades \u2013 <\/strong>contato ativo com clientes da base para agendamento de manuten\u00e7\u00f5es peri\u00f3dicas (troca de refil a cada 6 meses), atendimento a clientes de forma receptiva, esclarecendo d\u00favidas e oferecendo solu\u00e7\u00f5es, oferecimento de servi\u00e7os, or\u00e7amentos e condi\u00e7\u00f5es de pagamento, negocia\u00e7\u00e3o e outras atividades pertinentes, confirma\u00e7\u00e3o de dados cadastrais e organiza\u00e7\u00e3o da agenda de atendimentos por rota, excel\u00eancia no atendimento e satisfa\u00e7\u00e3o do cliente<\/p>\n\n\n\n<p><strong>Dispon\u00edvel at\u00e9 09\/03\/2026 ou encerramento da vaga.<\/strong><\/p>\n\n\n\n<p><strong>2 vagas \u2013 T\u00e9cnico e Instalador de Purificador de \u00c1gua<\/strong><\/p>\n\n\n\n<p><strong>Escolaridade \u2013<\/strong> ensino m\u00e9dio completo;<\/p>\n\n\n\n<p><strong>Experi\u00eancia \u2013 <\/strong>n\u00e3o \u00e9 necess\u00e1rio;<\/p>\n\n\n\n<p><strong>Requisitos Obrigat\u00f3rios <\/strong>\u2013&nbsp; ter Carteira Nacional de Habilita\u00e7\u00e3o (A), (B), habilidade para dirigir carro, moto, no\u00e7\u00f5es hidr\u00e1ulicas e afinidade com ferramentas e ter documenta\u00e7\u00e3o completa (com dispensa militar);<\/p>\n\n\n\n<p><strong>Atividades \u2013 <\/strong>atendimento por rota; locomo\u00e7\u00e3o de purificadores, instala\u00e7\u00e3o de purificadores, troca de refil de purificadores.<\/p>\n\n\n\n<p><strong>Dispon\u00edvel at\u00e9 09\/03\/2026 ou encerramento da vaga.<\/strong><\/p>\n\n\n\n<p><strong>3 vagas \u2013 Auxiliar de Limpeza<\/strong><\/p>\n\n\n\n<p><strong>Escolaridade \u2013<\/strong> ensino fundamental completo;<\/p>\n\n\n\n<p><strong>Experi\u00eancia \u2013 <\/strong>seis meses na Carteira de Trabalho ou primeiro emprego;<\/p>\n\n\n\n<p><strong>Requisitos Obrigat\u00f3rios <\/strong>\u2013 residir nos bairros: Armando Mendes, Japiim, Petr\u00f3polis, S\u00e3o Jos\u00e9, Cidade Nova, Cidade de Deus, S\u00e3o L\u00e1zaro, Bet\u00e2nia&nbsp; e ter documenta\u00e7\u00e3o completa;<\/p>\n\n\n\n<p><strong>Atividades \u2013 <\/strong>faz a limpeza das depend\u00eancias da empresa, utilizando\u2013se de material (desinfetante, cera, removedores, etc.) e equipamento espec\u00edfico (vassoura, aspirador de p\u00f3, etc.) remove o p\u00f3 dos m\u00f3veis, faz a varredura do piso, aspira detritos, limpa ou lava vidros e janelas, remove o lixo das lixeiras, higienizar os banheiros e rep\u00f5e materiais (sabonete, papel higi\u00eanico, papel toalha, etc.).<\/p>\n\n\n\n<p><strong>Dispon\u00edvel at\u00e9 09\/03\/2026 ou encerramento da vaga.<\/strong><\/p>\n\n\n\n<p><strong>1 vaga \u2013 Analista Comercial<\/strong><\/p>\n\n\n\n<p><strong>Escolaridade \u2013<\/strong> ensino m\u00e9dio completo;<\/p>\n\n\n\n<p><strong>Experi\u00eancia \u2013 <\/strong>seis meses na Carteira de Trabalho;<\/p>\n\n\n\n<p><strong>Requisitos Obrigat\u00f3rios <\/strong>\u2013 ter conhecimento do CRM agendor e ter documenta\u00e7\u00e3o completa;<\/p>\n\n\n\n<p><strong>Atividades \u2013 <\/strong>pesquisar mercado e analisar dados coletados para identificar o potencial de vendas dos produtos e monitorar a performance dos vendedores, al\u00e9m disso, \u00e9 o profissional respons\u00e1vel por monitorar os concorrentes no mercado local<\/p>\n\n\n\n<p><strong>Dispon\u00edvel at\u00e9 09\/03\/2026 ou encerramento da vaga.<\/strong><\/p>\n\n\n\n<p><strong>1 vaga \u2013 Costureira<\/strong><\/p>\n\n\n\n<p><strong>Escolaridade \u2013<\/strong> ensino fundamental completo;<\/p>\n\n\n\n<p><strong>Experi\u00eancia \u2013 <\/strong>seis meses na Carteira de Trabalho;<\/p>\n\n\n\n<p><strong>Requisitos Obrigat\u00f3rios <\/strong>\u2013 ter documenta\u00e7\u00e3o completa;<\/p>\n\n\n\n<p><strong>Atividades \u2013 <\/strong>modelagem, corte e costura, utilizando m\u00e1quinas e t\u00e9cnicas manuais para criar roupas personalizadas ou realizar ajustes em pe\u00e7as prontas.<\/p>\n\n\n\n<p><strong>Dispon\u00edvel at\u00e9 09\/03\/2026 ou encerramento da vaga.<\/strong><\/p>\n\n\n\n<p><strong>VAGAS DESTINADAS \u00c0 PESSOAS COM DEFICI\u00caNCIA (PCD) \u2013 10<\/strong><\/p>\n\n\n\n<p><strong>1 vaga \u2013 Auxiliar de Dep\u00f3sito \u2013 Vagas destinadas para Pessoa com Defici\u00eancia (PCD)<\/strong><\/p>\n\n\n\n<p><strong>Escolaridade \u2013<\/strong> ensino m\u00e9dio completo;<\/p>\n\n\n\n<p><strong>Experi\u00eancia \u2013 <\/strong>tres meses na Carteira de Trabalho ou avulso;<\/p>\n\n\n\n<p><strong>Requisitos Obrigat\u00f3rios <\/strong>\u2013 ter documenta\u00e7\u00e3o completa (com dispensa militar);<\/p>\n\n\n\n<p><strong>Atividades \u2013 <\/strong>embarque e desembarque de mercadorias. Etiquetagem e organiza\u00e7\u00e3o do ambiente de trabalho.<\/p>\n\n\n\n<p><strong>Dispon\u00edvel at\u00e9 09\/03\/2026 ou encerramento da vaga.<\/strong><\/p>\n\n\n\n<p><strong>9 vagas \u2013 Auxiliar de Limpeza \u2013 Vagas destinadas para Pessoa com Defici\u00eancia (PCD)<\/strong><\/p>\n\n\n\n<p><strong>Escolaridade \u2013<\/strong> ensino fundamental completo;<\/p>\n\n\n\n<p><strong>Experi\u00eancia \u2013 <\/strong>registrada na Carteira de Trabalho ou avulso;<\/p>\n\n\n\n<p><strong>Requisitos Obrigat\u00f3rios <\/strong>\u2013 ter documenta\u00e7\u00e3o completa;<\/p>\n\n\n\n<p><strong>Atividades \u2013 <\/strong>manter a higiene, organiza\u00e7\u00e3o e conserva\u00e7\u00e3o de ambientes internos e externos (escrit\u00f3rios, banheiros, \u00e1reas comuns), varrendo, lavando, espanando e higienizando superf\u00edcies. Tamb\u00e9m realiza a coleta de lixo, reposi\u00e7\u00e3o de materiais (papel, sabonete) e utiliza produtos de limpeza com seguran\u00e7a.<\/p>\n\n\n\n<p><strong>Dispon\u00edvel at\u00e9 09\/03\/2026 ou encerramento da vaga.<\/strong><\/p>\n\n\n\n<p>\u2014 \u2014 \u2014<\/p>\n\n\n\n<p><strong>Texto<\/strong>&nbsp;\u2013&nbsp;Divulga\u00e7\u00e3o\/Semtepi<\/p>\n\n\n\n<p><strong>Fotos<\/strong>&nbsp;\u2013&nbsp;Arquivo\/Semcom<\/p>\n\n\n\n<p><strong>Dispon\u00edveis em<\/strong>&nbsp;\u2013&nbsp;<a href=\"https:\/\/flic.kr\/s\/aHBqjCetWK\">https:\/\/flic.kr\/s\/aHBqjCetWK<\/a><\/p>\n","protected":false},"excerpt":{"rendered":"","protected":false},"author":23,"featured_media":7213,"comment_status":"closed","ping_status":"closed","sticky":false,"template":"","format":"standard","meta":{"footnotes":""},"categories":[5],"tags":[250,68,8,9,10],"acf":[],"yoast_head":"<!-- This site is optimized with the Yoast SEO plugin v23.0 - https:\/\/yoast.com\/wordpress\/plugins\/seo\/ -->\n<title>Sine Manaus oferta 315 vagas de emprego nesta segunda\u2013feira, 9\/3<\/title>\n<meta name=\"description\" content=\"A Prefeitura de Manaus, por meio do Sine Manaus, oferta 315 vagas de emprego em v\u00e1rias \u00e1reas de atua\u00e7\u00e3o, nesta segunda\u2013feira, 9\/3, das 8h \u00e0s 14h.\" \/>\n<meta name=\"robots\" content=\"noindex, follow\" \/>\n<meta property=\"og:locale\" content=\"pt_BR\" \/>\n<meta property=\"og:type\" content=\"article\" \/>\n<meta property=\"og:title\" content=\"Sine Manaus oferta 315 vagas de emprego nesta segunda\u2013feira, 9\/3\" \/>\n<meta property=\"og:description\" content=\"A Prefeitura de Manaus, por meio do Sine Manaus, oferta 315 vagas de emprego em v\u00e1rias \u00e1reas de atua\u00e7\u00e3o, nesta segunda\u2013feira, 9\/3, das 8h \u00e0s 14h.\" \/>\n<meta property=\"og:url\" content=\"https:\/\/www.manaus.am.gov.br\/semtepi\/oportunidade\/prefeitura-semtepi-vagas-sinemanaus-3\/\" \/>\n<meta property=\"og:site_name\" content=\"SEMTEPI\" \/>\n<meta property=\"article:published_time\" content=\"2026-03-08T14:35:48+00:00\" \/>\n<meta property=\"article:modified_time\" content=\"2026-03-09T16:45:19+00:00\" \/>\n<meta property=\"og:image\" content=\"https:\/\/www.manaus.am.gov.br\/semtepi\/wp-content\/uploads\/sites\/20\/2025\/11\/54523734181_78a9ef535b_c.jpg\" \/>\n\t<meta property=\"og:image:width\" content=\"799\" \/>\n\t<meta property=\"og:image:height\" content=\"533\" \/>\n\t<meta property=\"og:image:type\" content=\"image\/jpeg\" \/>\n<meta name=\"author\" content=\"Adriana Costa\" \/>\n<meta name=\"twitter:card\" content=\"summary_large_image\" \/>\n<meta name=\"twitter:label1\" content=\"Written by\" \/>\n\t<meta name=\"twitter:data1\" content=\"Adriana Costa\" \/>\n\t<meta name=\"twitter:label2\" content=\"Est. reading time\" \/>\n\t<meta name=\"twitter:data2\" content=\"33 minutos\" \/>\n<script type=\"application\/ld+json\" class=\"yoast-schema-graph\">{\"@context\":\"https:\/\/schema.org\",\"@graph\":[{\"@type\":\"Article\",\"@id\":\"https:\/\/www.manaus.am.gov.br\/semtepi\/oportunidade\/prefeitura-semtepi-vagas-sinemanaus-3\/#article\",\"isPartOf\":{\"@id\":\"https:\/\/www.manaus.am.gov.br\/semtepi\/oportunidade\/prefeitura-semtepi-vagas-sinemanaus-3\/\"},\"author\":{\"name\":\"Adriana Costa\",\"@id\":\"https:\/\/www.manaus.am.gov.br\/semtepi\/#\/schema\/person\/4e49f4e267757a06ca072ec61b2b9968\"},\"headline\":\"Sine Manaus oferta 315 vagas de emprego nesta segunda\u2013feira, 9\/3\",\"datePublished\":\"2026-03-08T14:35:48+00:00\",\"dateModified\":\"2026-03-09T16:45:19+00:00\",\"mainEntityOfPage\":{\"@id\":\"https:\/\/www.manaus.am.gov.br\/semtepi\/oportunidade\/prefeitura-semtepi-vagas-sinemanaus-3\/\"},\"wordCount\":6639,\"publisher\":{\"@id\":\"https:\/\/www.manaus.am.gov.br\/semtepi\/#organization\"},\"image\":{\"@id\":\"https:\/\/www.manaus.am.gov.br\/semtepi\/oportunidade\/prefeitura-semtepi-vagas-sinemanaus-3\/#primaryimage\"},\"thumbnailUrl\":\"https:\/\/www.manaus.am.gov.br\/semtepi\/wp-content\/uploads\/sites\/20\/2025\/11\/54523734181_78a9ef535b_c.jpg\",\"keywords\":[\"Empregos\",\"oportunidades\",\"prefeitura de manaus\",\"Semtepi\",\"sine manaus\"],\"articleSection\":[\"Oportunidade\"],\"inLanguage\":\"pt-BR\"},{\"@type\":\"WebPage\",\"@id\":\"https:\/\/www.manaus.am.gov.br\/semtepi\/oportunidade\/prefeitura-semtepi-vagas-sinemanaus-3\/\",\"url\":\"https:\/\/www.manaus.am.gov.br\/semtepi\/oportunidade\/prefeitura-semtepi-vagas-sinemanaus-3\/\",\"name\":\"Sine Manaus oferta 315 vagas de emprego nesta segunda\u2013feira, 9\/3\",\"isPartOf\":{\"@id\":\"https:\/\/www.manaus.am.gov.br\/semtepi\/#website\"},\"primaryImageOfPage\":{\"@id\":\"https:\/\/www.manaus.am.gov.br\/semtepi\/oportunidade\/prefeitura-semtepi-vagas-sinemanaus-3\/#primaryimage\"},\"image\":{\"@id\":\"https:\/\/www.manaus.am.gov.br\/semtepi\/oportunidade\/prefeitura-semtepi-vagas-sinemanaus-3\/#primaryimage\"},\"thumbnailUrl\":\"https:\/\/www.manaus.am.gov.br\/semtepi\/wp-content\/uploads\/sites\/20\/2025\/11\/54523734181_78a9ef535b_c.jpg\",\"datePublished\":\"2026-03-08T14:35:48+00:00\",\"dateModified\":\"2026-03-09T16:45:19+00:00\",\"description\":\"A Prefeitura de Manaus, por meio do Sine Manaus, oferta 315 vagas de emprego em v\u00e1rias \u00e1reas de atua\u00e7\u00e3o, nesta segunda\u2013feira, 9\/3, das 8h \u00e0s 14h.\",\"breadcrumb\":{\"@id\":\"https:\/\/www.manaus.am.gov.br\/semtepi\/oportunidade\/prefeitura-semtepi-vagas-sinemanaus-3\/#breadcrumb\"},\"inLanguage\":\"pt-BR\",\"potentialAction\":[{\"@type\":\"ReadAction\",\"target\":[\"https:\/\/www.manaus.am.gov.br\/semtepi\/oportunidade\/prefeitura-semtepi-vagas-sinemanaus-3\/\"]}]},{\"@type\":\"ImageObject\",\"inLanguage\":\"pt-BR\",\"@id\":\"https:\/\/www.manaus.am.gov.br\/semtepi\/oportunidade\/prefeitura-semtepi-vagas-sinemanaus-3\/#primaryimage\",\"url\":\"https:\/\/www.manaus.am.gov.br\/semtepi\/wp-content\/uploads\/sites\/20\/2025\/11\/54523734181_78a9ef535b_c.jpg\",\"contentUrl\":\"https:\/\/www.manaus.am.gov.br\/semtepi\/wp-content\/uploads\/sites\/20\/2025\/11\/54523734181_78a9ef535b_c.jpg\",\"width\":799,\"height\":533,\"caption\":\"#paratodosverem - M\u00e3o segura carteira de trabalho; ao fundo, banner do Sine Manaus\"},{\"@type\":\"BreadcrumbList\",\"@id\":\"https:\/\/www.manaus.am.gov.br\/semtepi\/oportunidade\/prefeitura-semtepi-vagas-sinemanaus-3\/#breadcrumb\",\"itemListElement\":[{\"@type\":\"ListItem\",\"position\":1,\"name\":\"Home\",\"item\":\"https:\/\/www.manaus.am.gov.br\/semtepi\/\"},{\"@type\":\"ListItem\",\"position\":2,\"name\":\"Sine Manaus oferta 315 vagas de emprego nesta segunda\u2013feira, 9\/3\"}]},{\"@type\":\"WebSite\",\"@id\":\"https:\/\/www.manaus.am.gov.br\/semtepi\/#website\",\"url\":\"https:\/\/www.manaus.am.gov.br\/semtepi\/\",\"name\":\"SEMTEPI\",\"description\":\"Prefeitura de Manaus\",\"publisher\":{\"@id\":\"https:\/\/www.manaus.am.gov.br\/semtepi\/#organization\"},\"alternateName\":\"Secretaria Municipal do Trabalho, Empreendedorismo e Inova\u00e7\u00e3o\",\"potentialAction\":[{\"@type\":\"SearchAction\",\"target\":{\"@type\":\"EntryPoint\",\"urlTemplate\":\"https:\/\/www.manaus.am.gov.br\/semtepi\/?s={search_term_string}\"},\"query-input\":\"required name=search_term_string\"}],\"inLanguage\":\"pt-BR\"},{\"@type\":\"Organization\",\"@id\":\"https:\/\/www.manaus.am.gov.br\/semtepi\/#organization\",\"name\":\"Prefeitura Municipal de Manaus\",\"alternateName\":\"Prefeitura de Manaus\",\"url\":\"https:\/\/www.manaus.am.gov.br\/semtepi\/\",\"logo\":{\"@type\":\"ImageObject\",\"inLanguage\":\"pt-BR\",\"@id\":\"https:\/\/www.manaus.am.gov.br\/semtepi\/#\/schema\/logo\/image\/\",\"url\":\"https:\/\/www.manaus.am.gov.br\/semtepi\/wp-content\/uploads\/sites\/20\/2024\/07\/favicon.png\",\"contentUrl\":\"https:\/\/www.manaus.am.gov.br\/semtepi\/wp-content\/uploads\/sites\/20\/2024\/07\/favicon.png\",\"width\":300,\"height\":300,\"caption\":\"Prefeitura Municipal de Manaus\"},\"image\":{\"@id\":\"https:\/\/www.manaus.am.gov.br\/semtepi\/#\/schema\/logo\/image\/\"}},{\"@type\":\"Person\",\"@id\":\"https:\/\/www.manaus.am.gov.br\/semtepi\/#\/schema\/person\/4e49f4e267757a06ca072ec61b2b9968\",\"name\":\"Adriana Costa\",\"image\":{\"@type\":\"ImageObject\",\"inLanguage\":\"pt-BR\",\"@id\":\"https:\/\/www.manaus.am.gov.br\/semtepi\/#\/schema\/person\/image\/\",\"url\":\"https:\/\/secure.gravatar.com\/avatar\/576258617ef7194f718179e766d57bd4?s=96&d=mm&r=g\",\"contentUrl\":\"https:\/\/secure.gravatar.com\/avatar\/576258617ef7194f718179e766d57bd4?s=96&d=mm&r=g\",\"caption\":\"Adriana Costa\"}}]}<\/script>\n<!-- \/ Yoast SEO plugin. -->","yoast_head_json":{"title":"Sine Manaus oferta 315 vagas de emprego nesta segunda\u2013feira, 9\/3","description":"A Prefeitura de Manaus, por meio do Sine Manaus, oferta 315 vagas de emprego em v\u00e1rias \u00e1reas de atua\u00e7\u00e3o, nesta segunda\u2013feira, 9\/3, das 8h \u00e0s 14h.","robots":{"index":"noindex","follow":"follow"},"og_locale":"pt_BR","og_type":"article","og_title":"Sine Manaus oferta 315 vagas de emprego nesta segunda\u2013feira, 9\/3","og_description":"A Prefeitura de Manaus, por meio do Sine Manaus, oferta 315 vagas de emprego em v\u00e1rias \u00e1reas de atua\u00e7\u00e3o, nesta segunda\u2013feira, 9\/3, das 8h \u00e0s 14h.","og_url":"https:\/\/www.manaus.am.gov.br\/semtepi\/oportunidade\/prefeitura-semtepi-vagas-sinemanaus-3\/","og_site_name":"SEMTEPI","article_published_time":"2026-03-08T14:35:48+00:00","article_modified_time":"2026-03-09T16:45:19+00:00","og_image":[{"width":799,"height":533,"url":"https:\/\/www.manaus.am.gov.br\/semtepi\/wp-content\/uploads\/sites\/20\/2025\/11\/54523734181_78a9ef535b_c.jpg","type":"image\/jpeg"}],"author":"Adriana Costa","twitter_card":"summary_large_image","twitter_misc":{"Written by":"Adriana Costa","Est. reading time":"33 minutos"},"schema":{"@context":"https:\/\/schema.org","@graph":[{"@type":"Article","@id":"https:\/\/www.manaus.am.gov.br\/semtepi\/oportunidade\/prefeitura-semtepi-vagas-sinemanaus-3\/#article","isPartOf":{"@id":"https:\/\/www.manaus.am.gov.br\/semtepi\/oportunidade\/prefeitura-semtepi-vagas-sinemanaus-3\/"},"author":{"name":"Adriana Costa","@id":"https:\/\/www.manaus.am.gov.br\/semtepi\/#\/schema\/person\/4e49f4e267757a06ca072ec61b2b9968"},"headline":"Sine Manaus oferta 315 vagas de emprego nesta segunda\u2013feira, 9\/3","datePublished":"2026-03-08T14:35:48+00:00","dateModified":"2026-03-09T16:45:19+00:00","mainEntityOfPage":{"@id":"https:\/\/www.manaus.am.gov.br\/semtepi\/oportunidade\/prefeitura-semtepi-vagas-sinemanaus-3\/"},"wordCount":6639,"publisher":{"@id":"https:\/\/www.manaus.am.gov.br\/semtepi\/#organization"},"image":{"@id":"https:\/\/www.manaus.am.gov.br\/semtepi\/oportunidade\/prefeitura-semtepi-vagas-sinemanaus-3\/#primaryimage"},"thumbnailUrl":"https:\/\/www.manaus.am.gov.br\/semtepi\/wp-content\/uploads\/sites\/20\/2025\/11\/54523734181_78a9ef535b_c.jpg","keywords":["Empregos","oportunidades","prefeitura de manaus","Semtepi","sine manaus"],"articleSection":["Oportunidade"],"inLanguage":"pt-BR"},{"@type":"WebPage","@id":"https:\/\/www.manaus.am.gov.br\/semtepi\/oportunidade\/prefeitura-semtepi-vagas-sinemanaus-3\/","url":"https:\/\/www.manaus.am.gov.br\/semtepi\/oportunidade\/prefeitura-semtepi-vagas-sinemanaus-3\/","name":"Sine Manaus oferta 315 vagas de emprego nesta segunda\u2013feira, 9\/3","isPartOf":{"@id":"https:\/\/www.manaus.am.gov.br\/semtepi\/#website"},"primaryImageOfPage":{"@id":"https:\/\/www.manaus.am.gov.br\/semtepi\/oportunidade\/prefeitura-semtepi-vagas-sinemanaus-3\/#primaryimage"},"image":{"@id":"https:\/\/www.manaus.am.gov.br\/semtepi\/oportunidade\/prefeitura-semtepi-vagas-sinemanaus-3\/#primaryimage"},"thumbnailUrl":"https:\/\/www.manaus.am.gov.br\/semtepi\/wp-content\/uploads\/sites\/20\/2025\/11\/54523734181_78a9ef535b_c.jpg","datePublished":"2026-03-08T14:35:48+00:00","dateModified":"2026-03-09T16:45:19+00:00","description":"A Prefeitura de Manaus, por meio do Sine Manaus, oferta 315 vagas de emprego em v\u00e1rias \u00e1reas de atua\u00e7\u00e3o, nesta segunda\u2013feira, 9\/3, das 8h \u00e0s 14h.","breadcrumb":{"@id":"https:\/\/www.manaus.am.gov.br\/semtepi\/oportunidade\/prefeitura-semtepi-vagas-sinemanaus-3\/#breadcrumb"},"inLanguage":"pt-BR","potentialAction":[{"@type":"ReadAction","target":["https:\/\/www.manaus.am.gov.br\/semtepi\/oportunidade\/prefeitura-semtepi-vagas-sinemanaus-3\/"]}]},{"@type":"ImageObject","inLanguage":"pt-BR","@id":"https:\/\/www.manaus.am.gov.br\/semtepi\/oportunidade\/prefeitura-semtepi-vagas-sinemanaus-3\/#primaryimage","url":"https:\/\/www.manaus.am.gov.br\/semtepi\/wp-content\/uploads\/sites\/20\/2025\/11\/54523734181_78a9ef535b_c.jpg","contentUrl":"https:\/\/www.manaus.am.gov.br\/semtepi\/wp-content\/uploads\/sites\/20\/2025\/11\/54523734181_78a9ef535b_c.jpg","width":799,"height":533,"caption":"#paratodosverem - M\u00e3o segura carteira de trabalho; ao fundo, banner do Sine Manaus"},{"@type":"BreadcrumbList","@id":"https:\/\/www.manaus.am.gov.br\/semtepi\/oportunidade\/prefeitura-semtepi-vagas-sinemanaus-3\/#breadcrumb","itemListElement":[{"@type":"ListItem","position":1,"name":"Home","item":"https:\/\/www.manaus.am.gov.br\/semtepi\/"},{"@type":"ListItem","position":2,"name":"Sine Manaus oferta 315 vagas de emprego nesta segunda\u2013feira, 9\/3"}]},{"@type":"WebSite","@id":"https:\/\/www.manaus.am.gov.br\/semtepi\/#website","url":"https:\/\/www.manaus.am.gov.br\/semtepi\/","name":"SEMTEPI","description":"Prefeitura de Manaus","publisher":{"@id":"https:\/\/www.manaus.am.gov.br\/semtepi\/#organization"},"alternateName":"Secretaria Municipal do Trabalho, Empreendedorismo e Inova\u00e7\u00e3o","potentialAction":[{"@type":"SearchAction","target":{"@type":"EntryPoint","urlTemplate":"https:\/\/www.manaus.am.gov.br\/semtepi\/?s={search_term_string}"},"query-input":"required name=search_term_string"}],"inLanguage":"pt-BR"},{"@type":"Organization","@id":"https:\/\/www.manaus.am.gov.br\/semtepi\/#organization","name":"Prefeitura Municipal de Manaus","alternateName":"Prefeitura de Manaus","url":"https:\/\/www.manaus.am.gov.br\/semtepi\/","logo":{"@type":"ImageObject","inLanguage":"pt-BR","@id":"https:\/\/www.manaus.am.gov.br\/semtepi\/#\/schema\/logo\/image\/","url":"https:\/\/www.manaus.am.gov.br\/semtepi\/wp-content\/uploads\/sites\/20\/2024\/07\/favicon.png","contentUrl":"https:\/\/www.manaus.am.gov.br\/semtepi\/wp-content\/uploads\/sites\/20\/2024\/07\/favicon.png","width":300,"height":300,"caption":"Prefeitura Municipal de Manaus"},"image":{"@id":"https:\/\/www.manaus.am.gov.br\/semtepi\/#\/schema\/logo\/image\/"}},{"@type":"Person","@id":"https:\/\/www.manaus.am.gov.br\/semtepi\/#\/schema\/person\/4e49f4e267757a06ca072ec61b2b9968","name":"Adriana Costa","image":{"@type":"ImageObject","inLanguage":"pt-BR","@id":"https:\/\/www.manaus.am.gov.br\/semtepi\/#\/schema\/person\/image\/","url":"https:\/\/secure.gravatar.com\/avatar\/576258617ef7194f718179e766d57bd4?s=96&d=mm&r=g","contentUrl":"https:\/\/secure.gravatar.com\/avatar\/576258617ef7194f718179e766d57bd4?s=96&d=mm&r=g","caption":"Adriana Costa"}}]}},"_links":{"self":[{"href":"https:\/\/www.manaus.am.gov.br\/semtepi\/wp-json\/wp\/v2\/posts\/7644"}],"collection":[{"href":"https:\/\/www.manaus.am.gov.br\/semtepi\/wp-json\/wp\/v2\/posts"}],"about":[{"href":"https:\/\/www.manaus.am.gov.br\/semtepi\/wp-json\/wp\/v2\/types\/post"}],"author":[{"embeddable":true,"href":"https:\/\/www.manaus.am.gov.br\/semtepi\/wp-json\/wp\/v2\/users\/23"}],"replies":[{"embeddable":true,"href":"https:\/\/www.manaus.am.gov.br\/semtepi\/wp-json\/wp\/v2\/comments?post=7644"}],"version-history":[{"count":1,"href":"https:\/\/www.manaus.am.gov.br\/semtepi\/wp-json\/wp\/v2\/posts\/7644\/revisions"}],"predecessor-version":[{"id":7650,"href":"https:\/\/www.manaus.am.gov.br\/semtepi\/wp-json\/wp\/v2\/posts\/7644\/revisions\/7650"}],"wp:featuredmedia":[{"embeddable":true,"href":"https:\/\/www.manaus.am.gov.br\/semtepi\/wp-json\/wp\/v2\/media\/7213"}],"wp:attachment":[{"href":"https:\/\/www.manaus.am.gov.br\/semtepi\/wp-json\/wp\/v2\/media?parent=7644"}],"wp:term":[{"taxonomy":"category","embeddable":true,"href":"https:\/\/www.manaus.am.gov.br\/semtepi\/wp-json\/wp\/v2\/categories?post=7644"},{"taxonomy":"post_tag","embeddable":true,"href":"https:\/\/www.manaus.am.gov.br\/semtepi\/wp-json\/wp\/v2\/tags?post=7644"}],"curies":[{"name":"wp","href":"https:\/\/api.w.org\/{rel}","templated":true}]}}