{"id":7517,"date":"2026-01-22T14:02:34","date_gmt":"2026-01-22T18:02:34","guid":{"rendered":"https:\/\/www.manaus.am.gov.br\/semtepi\/sem-categoria\/prefeitura-sinemanaus-vagas2301\/"},"modified":"2026-01-22T14:37:12","modified_gmt":"2026-01-22T18:37:12","slug":"prefeitura-sine-manaus-vagas2301","status":"publish","type":"post","link":"https:\/\/www.manaus.am.gov.br\/semtepi\/oportunidade\/prefeitura-sine-manaus-vagas2301\/","title":{"rendered":"Sine Manaus oferta 299 vagas de emprego nesta sexta\u2013feira, 23\/1"},"content":{"rendered":"\n<p>A <a href=\"https:\/\/www.manaus.am.gov.br\">Prefeitura de Manaus<\/a>, por meio do Sine Manaus, oferta 299 vagas de emprego em v\u00e1rias \u00e1reas de atua\u00e7\u00e3o, nesta sexta\u2013feira, 23\/1,\u00a0das 8h \u00e0s 14h. O candidato pode validar a Carteira Digital e Previd\u00eancia Social (CTPS) no aplicativo \u201cCarteira de Trabalho Digital\u201d ou acessar o site\u00a0<a href=\"http:\/\/gov.br\/trabalho\">http:\/\/gov.br\/trabalho<\/a>.<\/p>\n\n\n\n<p>Para participar da pr\u00e9\u2013sele\u00e7\u00e3o e concorrer a uma das vagas dispon\u00edveis, ou receber orienta\u00e7\u00e3o de cadastro, Carteira de Trabalho Digital e seguro\u2013desemprego, os candidatos devem comparecer a um dos postos do Sine Manaus: na avenida Constantino Nery, n\u00ba 1.272, bairro S\u00e3o Geraldo, zona Centro\u2013Sul; ou no shopping Phelippe Daou, na avenida Camapu\u00e3, n\u00ba 2.939, bairro Cidade de Deus, zona Norte.<\/p>\n\n\n\n<p>Os interessados devem estar munidos do comprovante de vacina\u00e7\u00e3o (Covid\u201319), curr\u00edculo, certificados de cursos e documentos pessoais (RG, CPF, PIS, CTPS, comprovante de escolaridade e resid\u00eancia). N\u00e3o \u00e9 necess\u00e1rio apresentar c\u00f3pias, somente os documentos originais.<\/p>\n\n\n\n<p>\u00c9 importante que os candidatos mantenham seus cadastros atualizados, especialmente ao finalizarem novas qualifica\u00e7\u00f5es. Para vagas espec\u00edficas, podem ser solicitados documentos adicionais, como cursos ou certifica\u00e7\u00f5es, por isso, \u00e9 essencial estar atento aos &#8220;Requisitos Obrigat\u00f3rios&#8221; de cada vaga.<\/p>\n\n\n\n<p>A Semtepi ressalta que, obedecendo ao disposto no artigo 5\u00ba, da Constitui\u00e7\u00e3o Federal, e ao artigo 373\u2013A, da Consolida\u00e7\u00e3o das Leis Trabalhistas (CLT), crit\u00e9rios referentes a sexo, idade, cor ou situa\u00e7\u00e3o familiar, n\u00e3o podem ser informados na divulga\u00e7\u00e3o das vagas disponibilizadas.<\/p>\n\n\n\n<p>Os candidatos devem estar cientes das diretrizes de vestimenta estabelecidas pelo \u00f3rg\u00e3o, as quais incluem a proibi\u00e7\u00e3o de vestimentas como bermudas, shorts, minissaias, camisetas regatas e chinelos durante a entrada.<\/p>\n\n\n\n<p><strong>VAGAS NOVAS \u2013 144<\/strong><\/p>\n\n\n\n<p><strong>2 vagas \u2013 Estoquista<\/strong><\/p>\n\n\n\n<p>Escolaridade \u2013 ensino m\u00e9dio completo;<\/p>\n\n\n\n<p>Experi\u00eancia \u2013 tr\u00eas meses na Carteira de Trabalho;<\/p>\n\n\n\n<p>Requisitos Obrigat\u00f3rios \u2013 ter disponibilidade de hor\u00e1rio e ter documenta\u00e7\u00e3o completa (com dispensa militar);<\/p>\n\n\n\n<p>Atividades \u2013 receber, conferir, armazenar e distribuir produtos, al\u00e9m de realizar contagens e registros de estoque.<\/p>\n\n\n\n<p>Dispon\u00edvel at\u00e9 23\/1\/2026 ou encerramento da vaga.<\/p>\n\n\n\n<p><strong>2 vagas \u2013 Motorista de Caminh\u00e3o Munck<\/strong><\/p>\n\n\n\n<p>Escolaridade \u2013 ensino m\u00e9dio completo;<\/p>\n\n\n\n<p>Experi\u00eancia \u2013 seis meses na Carteira de Trabalho;<\/p>\n\n\n\n<p>Requisitos Obrigat\u00f3rios \u2013 ter Carteira Nacional de Habilita\u00e7\u00e3o categoria \u201cD\u201d ou \u201cE\u201d e ter documenta\u00e7\u00e3o completa (com dispensa militar);<\/p>\n\n\n\n<p>Atividades \u2013 transporte, carga, descarga e movimenta\u00e7\u00e3o de materiais pesados e volumosos, operando o guindaste hidr\u00e1ulico, garantindo a amarra\u00e7\u00e3o segura da carga e o cumprimento das normas de tr\u00e2nsito e seguran\u00e7a, com inspe\u00e7\u00f5es pr\u00e9vias do ve\u00edculo e equipamento, al\u00e9m de manuten\u00e7\u00f5es b\u00e1sicas e relat\u00f3rios.<\/p>\n\n\n\n<p>Dispon\u00edvel at\u00e9 23\/1\/2026 ou encerramento da vaga.<\/p>\n\n\n\n<p><strong>1 vaga \u2013 Auxiliar Administrativo<\/strong><\/p>\n\n\n\n<p>Escolaridade \u2013 ensino m\u00e9dio completo;<\/p>\n\n\n\n<p>Experi\u00eancia \u2013 seis meses na Carteira de Trabalho;<\/p>\n\n\n\n<p>Requisitos Obrigat\u00f3rios \u2013 ter Pacote Office, conhecimento na \u00e1rea RH, financeira e ter documenta\u00e7\u00e3o completa;<\/p>\n\n\n\n<p>Atividades \u2013 abrir, organizar e separar ordens de servi\u00e7o, realizar comunica\u00e7\u00e3o com f\u00e1bricas e fornecedores, lidar diretamente com clientes, fazer triagem de produtos dentro e fora da garantia, agendar e acompanhar as visitas t\u00e9cnicas.<\/p>\n\n\n\n<p>Dispon\u00edvel at\u00e9 23\/1\/2026 ou encerramento da vaga.<\/p>\n\n\n\n<p><strong>2 vagas \u2013 Auxiliar de Expedi\u00e7\u00e3o Carga e Descarga<\/strong><\/p>\n\n\n\n<p>Escolaridade \u2013 ensino fundamental completo;<\/p>\n\n\n\n<p>Experi\u00eancia \u2013 seis meses na Carteira de Trabalho;<\/p>\n\n\n\n<p>Requisitos Obrigat\u00f3rios \u2013 ter documenta\u00e7\u00e3o completa (com dispensa militar);<\/p>\n\n\n\n<p>Atividades \u2013 acompanhando o motorista na prepara\u00e7\u00e3o e na entrega de mercadorias para transporte e movimenta\u00e7\u00e3o; fazer confer\u00eancias, organizar os materiais e ter manuseio com equipamentos como paleteiras e empilhadeiras.<\/p>\n\n\n\n<p>Dispon\u00edvel at\u00e9 23\/1\/2026 ou encerramento da vaga.<\/p>\n\n\n\n<p><strong>15 vagas \u2013 Auxiliar de Servi\u00e7os Gerais<\/strong><\/p>\n\n\n\n<p>Escolaridade \u2013 ensino fundamental completo;<\/p>\n\n\n\n<p>Experi\u00eancia \u2013 seis meses na Carteira de Trabalho;<\/p>\n\n\n\n<p>Requisitos Obrigat\u00f3rios \u2013 ter documenta\u00e7\u00e3o completa;<\/p>\n\n\n\n<p>Atividades \u2013 realizar limpezas em geral.<\/p>\n\n\n\n<p>Dispon\u00edvel at\u00e9 23\/1\/2026 ou encerramento da vaga.<\/p>\n\n\n\n<p><strong>20 vagas \u2013 Ajudante de Produ\u00e7\u00e3o<\/strong><\/p>\n\n\n\n<p>Escolaridade \u2013 ensino m\u00e9dio completo;<\/p>\n\n\n\n<p>Experi\u00eancia \u2013 n\u00e3o \u00e9 necess\u00e1rio;<\/p>\n\n\n\n<p>Requisitos Obrigat\u00f3rios \u2013 disponibilidade para trabalho bra\u00e7al, residir nos bairros: Tancredo Neves, Coroado, Zumbi, S\u00e3o Jos\u00e9 Oper\u00e1rio, Mauazinho, Distrito Industrial II, Gilberto Mestrinho ou Cidade Nova e ter documenta\u00e7\u00e3o completa (com dispensa militar);<\/p>\n\n\n\n<p>Atividades \u2013 preparar materiais para alimenta\u00e7\u00e3o de linhas de produ\u00e7\u00e3o; organizar a \u00e1rea de servi\u00e7o; abastecer linhas de produ\u00e7\u00e3o; alimentar m\u00e1quinas e separar materiais para reaproveitamento.<\/p>\n\n\n\n<p>Dispon\u00edvel at\u00e9 23\/1\/2026 ou encerramento da vaga.<\/p>\n\n\n\n<p><strong>1 vaga \u2013 Assistente Dom\u00e9stico<\/strong><\/p>\n\n\n\n<p>Escolaridade \u2013 ensino fundamental completo;<\/p>\n\n\n\n<p>Experi\u00eancia \u2013 seis meses na Carteira de Trabalho ou avulsa;<\/p>\n\n\n\n<p>Requisitos Obrigat\u00f3rios \u2013 residir no Tarum\u00e3 ou proximidades e ter documenta\u00e7\u00e3o completa;<\/p>\n\n\n\n<p>Atividades \u2013 limpeza completa da casa com alto padr\u00e3o de higiene; organiza\u00e7\u00e3o de ambientes, gavetas, arm\u00e1rios e despensa; lavar, passar e guardar roupas, preparar alimenta\u00e7\u00e3o do dia a dia dos idosos e ser comunicativa com eles; manuten\u00e7\u00e3o da cozinha ap\u00f3s o preparo dos alimentos.<\/p>\n\n\n\n<p>Dispon\u00edvel at\u00e9 23\/1\/2026 ou encerramento da vaga.<\/p>\n\n\n\n<p><strong>1 vaga \u2013 Motorista de Caminh\u00e3o<\/strong><\/p>\n\n\n\n<p>Escolaridade \u2013 ensino m\u00e9dio completo;<\/p>\n\n\n\n<p>Experi\u00eancia \u2013 tr\u00eas meses na Carteira de Trabalho;<\/p>\n\n\n\n<p>Requisitos Obrigat\u00f3rios \u2013 ter Carteira Nacional de Habilita\u00e7\u00e3o categoria \u201cD\u201d, experi\u00eancia com caminh\u00e3o ba\u00fa e ter documenta\u00e7\u00e3o completa (com dispensa militar);<\/p>\n\n\n\n<p>Atividades \u2013 transportar, coletar e entregar cargas em geral; guinchar, destombar e remover ve\u00edculos avariados e prestar socorro mec\u00e2nico; movimentar cargas volumosas e pesadas, pode, tamb\u00e9m, operar equipamentos, realizar inspe\u00e7\u00f5es e reparar ve\u00edculos, vistoriar cargas, al\u00e9m de verificar documenta\u00e7\u00e3o de ve\u00edculos e de cargas; definir rotas e assegurar a regularidade do transporte.<\/p>\n\n\n\n<p>Dispon\u00edvel at\u00e9 23\/1\/2026 ou encerramento da vaga.<\/p>\n\n\n\n<p><strong>2 vagas \u2013 Bombeiro Hidr\u00e1ulico<\/strong><\/p>\n\n\n\n<p>Escolaridade \u2013 ensino fundamental completo;<\/p>\n\n\n\n<p>Experi\u00eancia \u2013 seis meses na Carteira de Trabalho;<\/p>\n\n\n\n<p>Requisitos Obrigat\u00f3rios \u2013 residir no Tarum\u00e3 ou proximidades e ter documenta\u00e7\u00e3o completa;<\/p>\n\n\n\n<p>Atividades \u2013 instalar, manter e reparar sistemas de tubula\u00e7\u00f5es para \u00e1gua, esgoto, g\u00e1s e outras redes de fluidos, garantindo o fluxo adequado e prevenindo vazamentos, entupimentos e falhas, atuando desde a montagem de projetos at\u00e9 reparos emergenciais e sistemas de combate a inc\u00eandio.<\/p>\n\n\n\n<p>Dispon\u00edvel at\u00e9 23\/1\/2026 ou encerramento da vaga.<\/p>\n\n\n\n<p><strong>40 vagas \u2013 Auxiliar de Log\u00edstica<\/strong><\/p>\n\n\n\n<p>Escolaridade \u2013 ensino m\u00e9dio completo;<\/p>\n\n\n\n<p>Experi\u00eancia \u2013 seis meses na Carteira de Trabalho ou primeiro emprego;<\/p>\n\n\n\n<p>Requisitos Obrigat\u00f3rios \u2013 residir nos Bairros: Ajuricaba, Alian\u00e7a com Deus, Alvorada, Amazonino Mendes, Armando mendes, Bairro da paz, Braga Mendes, Bet\u00e2nia, Cachoeirinha, Campo Dourado,Castanheira, Cidade de Deus, Cidade Nova, Col\u00f4nia Oliveira Machado , Compensa, Coroado, Crespo, Dom Pedro, Educandos, Gilberto Mestrinho, Grande Vit\u00f3ria, Japiim, Jo\u00e3o Paulo, L\u00edrio do vale, Monte das Oliveiras, Morro da Liberdade, Nova cidade, Nova esperan\u00e7a, Nova Vit\u00f3ria, N\u00facleo 15 e 16, Osvaldo Frota, Ouro Verde, Parque 10, Parque das Na\u00e7\u00f5es, Petr\u00f3polis, Planalto, Reden\u00e7\u00e3o, Riacho doce, Santa Luzia, Santo Agostinho, Santo Ant\u00f4nio, S\u00e3o Francisco, S\u00e3o Jorge, S\u00e3o Jos\u00e9, S\u00e3o L\u00e1zaro, S\u00e3o Raimundo, Tancredo Neves, Terra Nova, Vila da Prata ou Zumbi e ter documenta\u00e7\u00e3o completa (com dispensa militar);<\/p>\n\n\n\n<p>Atividades \u2013 verificar os itens conforme s\u00e3o carregados e descarregados; auxiliar na organiza\u00e7\u00e3o das rotas de entrega, garantindo que os produtos sejam entregues de forma eficiente e no prazo.<\/p>\n\n\n\n<p>Dispon\u00edvel at\u00e9 23\/1\/2026 ou encerramento da vaga.<\/p>\n\n\n\n<p><strong>5 vagas \u2013 Auxiliar de Log\u00edstica<\/strong><\/p>\n\n\n\n<p>Escolaridade \u2013 ensino m\u00e9dio completo;<\/p>\n\n\n\n<p>Experi\u00eancia \u2013 tr\u00eas meses na Carteira de Trabalho;<\/p>\n\n\n\n<p>Requisitos Obrigat\u00f3rios \u2013 ter documenta\u00e7\u00e3o completa (com dispensa militar);<\/p>\n\n\n\n<p>Atividades \u2013 verificar os itens conforme s\u00e3o carregados e descarregados; auxiliar na organiza\u00e7\u00e3o das rotas de entrega, garantindo que os produtos sejam entregues de forma eficiente e no prazo.<\/p>\n\n\n\n<p>Dispon\u00edvel at\u00e9 23\/1\/2026 ou encerramento da vaga.<\/p>\n\n\n\n<p><strong>10 vagas \u2013 Auxiliar de Cozinha<\/strong><\/p>\n\n\n\n<p>Escolaridade \u2013 ensino fundamental completo;<\/p>\n\n\n\n<p>Experi\u00eancia \u2013 seis meses na Carteira de Trabalho;<\/p>\n\n\n\n<p>Requisitos Obrigat\u00f3rios \u2013 ter curso de Manual de Boas Pr\u00e1ticas, Manipula\u00e7\u00e3o de Alimentos e ter documenta\u00e7\u00e3o completa;<\/p>\n\n\n\n<p>Atividades \u2013 auxiliar na elabora\u00e7\u00e3o de alimentos in natura em URP de infraestrutura do cliente, de acordo com os card\u00e1pios previamente definidos; elaborar arroz, feij\u00e3o, farofa e guarni\u00e7\u00f5es conforme receitas previamente definidas, seguindo e observando as orienta\u00e7\u00f5es nutricionais de seguran\u00e7a alimentar; auxiliar na prepara\u00e7\u00e3o dos lanches; auxiliar na higieniza\u00e7\u00e3o da cozinha; auxiliar nas atividades de higieniza\u00e7\u00e3o e limpeza do setor de trabalho, periodicamente; pode substituir o a\u00e7ougueiro em realizar cortes de pe\u00e7as de prote\u00ednas de acordo com a per capta e preparos, estabelecidos em card\u00e1pios previamente planejados para o dia e\/ou turnos de atendimento.<\/p>\n\n\n\n<p>Dispon\u00edvel at\u00e9 23\/1\/2026 ou encerramento da vaga.<\/p>\n\n\n\n<p><strong>10 vagas \u2013 Auxiliar de Limpeza<\/strong><\/p>\n\n\n\n<p>Escolaridade \u2013 ensino fundamental completo;<\/p>\n\n\n\n<p>Experi\u00eancia \u2013 seis meses na Carteira de Trabalho;<\/p>\n\n\n\n<p>Requisitos Obrigat\u00f3rios \u2013 ter documenta\u00e7\u00e3o completa (com dispensa militar);<\/p>\n\n\n\n<p>Atividades \u2013 realizar higieniza\u00e7\u00e3o e limpeza da UPR em geral diariamente; higienizar panelas, lou\u00e7as e utens\u00edlios em geral, utilizados em prepara\u00e7\u00f5es de alimentos; lavagem de m\u00e1quinas e equipamentos de bebidas diariamente; recolher e armazenar res\u00edduos org\u00e2nicos e inorg\u00e2nicos, dos ambientes de cozinha, atendimento e escrit\u00f3rios; lavar todas as \u00e1reas de uso da equipe da UPR, \u00e1reas externas, banheiros, com os produtos de higieniza\u00e7\u00e3o adequados e aprovados pela Vigil\u00e2ncia Sanit\u00e1ria; realizar limpeza pesada do ambiente da UPR, materiais e equipamentos; realizar tarefas correlatas a crit\u00e9rio e necessidade de seu superior imediato; participar de eventos festivos do cliente. pode em necessidade eventual auxiliar na organiza\u00e7\u00e3o do estoque e recebimento de mercadorias.<\/p>\n\n\n\n<p>Dispon\u00edvel at\u00e9 23\/1\/2026 ou encerramento da vaga.<\/p>\n\n\n\n<p><strong>10 vagas \u2013 Cozinheiro Industrial<\/strong><\/p>\n\n\n\n<p>Escolaridade \u2013 ensino fundamental completo;<\/p>\n\n\n\n<p>Experi\u00eancia \u2013 seis meses na Carteira de Trabalho;<\/p>\n\n\n\n<p>Requisitos Obrigat\u00f3rios \u2013 ter documenta\u00e7\u00e3o completa;<\/p>\n\n\n\n<p>Atividades \u2013 elaborar alimentos in natura em URP de infraestrutura do cliente, de acordo com os card\u00e1pios previamente definidos; coordenar equipe da UPR; finalizar o processamento dos alimentos pr\u00e9\u2013preparados pelo auxiliar de cozinha; elaborar os pratos principais conforme receitas previamente definidas, seguindo e observando as orienta\u00e7\u00f5es nutricionais de seguran\u00e7a alimentar; verificar e executar t\u00e9cnicas de apresenta\u00e7\u00e3o dos alimentos prontos na rampa de atendimento; proceder a conserva\u00e7\u00e3o dos alimentos in natura e processados no ambiente da cozinha; realizar devolu\u00e7\u00e3o de materiais para estoque sempre que necess\u00e1rio; analisar e verificar itens para card\u00e1pio do dia seguinte; pode participar da elabora\u00e7\u00e3o de card\u00e1pio; pode substituir o a\u00e7ougueiro em realizar cortes de pe\u00e7as de prote\u00ednas de acordo com a per capta e preparos, estabelecidos em card\u00e1pios previamente planejados; liderar equipe da UPR; executar eventualmente outras tarefas correlatas.<\/p>\n\n\n\n<p>Dispon\u00edvel at\u00e9 23\/1\/2026 ou encerramento da vaga.<\/p>\n\n\n\n<p><strong>1 vaga \u2013 Atendente<\/strong><\/p>\n\n\n\n<p>Escolaridade \u2013 ensino m\u00e9dio completo;<\/p>\n\n\n\n<p>Experi\u00eancia \u2013 n\u00e3o \u00e9 necess\u00e1rio;<\/p>\n\n\n\n<p>Requisitos Obrigat\u00f3rios \u2013 ter documenta\u00e7\u00e3o completa;<\/p>\n\n\n\n<p>Atividades \u2013 receber, acolher e direcionar clientes, entendendo suas necessidades e oferecendo solu\u00e7\u00f5es.<\/p>\n\n\n\n<p>Dispon\u00edvel at\u00e9 23\/1\/2026 ou encerramento da vaga.<\/p>\n\n\n\n<p><strong>1 vaga \u2013 Auxiliar de Cozinha<\/strong><\/p>\n\n\n\n<p>Escolaridade \u2013 ensino m\u00e9dio completo;<\/p>\n\n\n\n<p>Experi\u00eancia \u2013 n\u00e3o \u00e9 necess\u00e1rio;<\/p>\n\n\n\n<p>Requisitos Obrigat\u00f3rios \u2013 ter documenta\u00e7\u00e3o completa;<\/p>\n\n\n\n<p>Atividades \u2013 pr\u00e9\u2013preparo, manuten\u00e7\u00e3o da limpeza e organiza\u00e7\u00e3o da cozinha, higieniza\u00e7\u00e3o de utens\u00edlios e superf\u00edcies, e apoio geral na execu\u00e7\u00e3o de receitas e montagem de pratos, garantindo o fluxo de trabalho e a seguran\u00e7a alimentar.<\/p>\n\n\n\n<p>Dispon\u00edvel at\u00e9 23\/1\/2026 ou encerramento da vaga.<\/p>\n\n\n\n<p><strong>10 vagas \u2013 Motorista de Ca\u00e7amba<\/strong><\/p>\n\n\n\n<p>Escolaridade \u2013 ensino m\u00e9dio completo;<\/p>\n\n\n\n<p>Experi\u00eancia \u2013 seis meses na Carteira de Trabalho;<\/p>\n\n\n\n<p>Requisitos Obrigat\u00f3rios \u2013 ter documenta\u00e7\u00e3o completa (com dispensa militar);<\/p>\n\n\n\n<p>Atividades \u2013 transportar, coletar e entregar cargas em geral; guincham, destombam e removem ve\u00edculos avariados e prestam socorro mec\u00e2nico; movimentar cargas volumosas e pesadas, podem, tamb\u00e9m, operar equipamentos, realizar inspe\u00e7\u00f5es e reparos em ve\u00edculos, vistoriar cargas.<\/p>\n\n\n\n<p>Dispon\u00edvel at\u00e9 23\/1\/2026 ou encerramento da vaga.<\/p>\n\n\n\n<p><strong>10 vagas \u2013 Operador de M\u00e1quinas<\/strong><\/p>\n\n\n\n<p>Escolaridade \u2013 ensino m\u00e9dio completo;<\/p>\n\n\n\n<p>Experi\u00eancia \u2013 seis meses na Carteira de Trabalho;<\/p>\n\n\n\n<p>Requisitos Obrigat\u00f3rios \u2013 m\u00e1quinas para realizar opera\u00e7\u00e3o: Rolo Compactador, Retro Escavadeira, Motoniveladora, P\u00e1 Carregadeira, Escavadeira Hidr\u00e1ulica, Mini\u2013carregadeira, ter disponibilidade de hor\u00e1rio e ter documenta\u00e7\u00e3o completa (com dispensa militar);<\/p>\n\n\n\n<p>Atividades \u2013 ligar, ajustar e controlar o funcionamento da m\u00e1quina durante o processo produtivo, garantindo que funcione dentro das especifica\u00e7\u00f5es.<\/p>\n\n\n\n<p>Dispon\u00edvel at\u00e9 23\/1\/2026 ou encerramento da vaga.<\/p>\n\n\n\n<p><strong>1 vaga \u2013 Garagista<\/strong><\/p>\n\n\n\n<p>Escolaridade \u2013 ensino m\u00e9dio completo;<\/p>\n\n\n\n<p>Experi\u00eancia \u2013 seis meses na Carteira de Trabalho;<\/p>\n\n\n\n<p>Requisitos Obrigat\u00f3rios \u2013 ter documenta\u00e7\u00e3o completa (com dispensa militar);<\/p>\n\n\n\n<p>Atividades \u2013 manobrar e organizar ve\u00edculos em garagens, controlar entrada e sa\u00edda, zelar pela seguran\u00e7a, receber pagamentos e manter o local limpo, atuando em edif\u00edcios comerciais, residenciais e estacionamentos.<\/p>\n\n\n\n<p>Dispon\u00edvel at\u00e9 23\/1\/2026 ou encerramento da vaga.<\/p>\n\n\n\n<p><strong>VAGAS NO COM\u00c9RCIO \u2013 22<\/strong><\/p>\n\n\n\n<p><strong>20 vagas \u2013 Operador de Caixa<\/strong><\/p>\n\n\n\n<p>Escolaridade \u2013 ensino m\u00e9dio completo;<\/p>\n\n\n\n<p>Experi\u00eancia \u2013 seis meses na Carteira de Trabalho;<\/p>\n\n\n\n<p>Requisitos Obrigat\u00f3rios \u2013 ter documenta\u00e7\u00e3o completa (com dispensa militar);<\/p>\n\n\n\n<p>Atividades \u2013 realizar o atendimento dos clientes com cortesia; realizar a abertura, opera\u00e7\u00e3o e fechamento do caixa, verificando o saldo final para garantir a integridade das transa\u00e7\u00f5es; receber pagamentos em dinheiro, cart\u00f5es, PIX, vales e outras formas de pagamento com agilidade e precis\u00e3o; registrar produtos e servi\u00e7os no sistema de ponto de venda, assegurando a correta leitura dos c\u00f3digos de barras e pre\u00e7os.<\/p>\n\n\n\n<p>Dispon\u00edvel at\u00e9 23\/1\/2026 ou encerramento da vaga.<\/p>\n\n\n\n<p><strong>1 vaga \u2013 Auxiliar de Expedi\u00e7\u00e3o<\/strong><\/p>\n\n\n\n<p>Escolaridade \u2013 ensino m\u00e9dio completo;<\/p>\n\n\n\n<p>Experi\u00eancia \u2013 seis meses na Carteira de Trabalho;<\/p>\n\n\n\n<p>Requisitos Obrigat\u00f3rios \u2013 ter documenta\u00e7\u00e3o completa (com dispensa militar);<\/p>\n\n\n\n<p>Atividades \u2013 recepcionar, conferir e armazenar produtos e materiais em almoxarifados, armaz\u00e9ns, silos e dep\u00f3sitos; fazer os lan\u00e7amentos da movimenta\u00e7\u00e3o de entradas e sa\u00eddas e controlam os estoques; distribuir produtos e materiais a serem expedidos; organizar o almoxarifado para facilitar a movimenta\u00e7\u00e3o dos itens armazenados e a armazenar, preservando o estoque limpo e organizado; empacotar ou desempacotar os produtos, realizar expedi\u00e7\u00e3o materiais e produtos, examinando\u2013os, providenciando os despachos dos mesmos e auxiliam no processo de log\u00edstica.<\/p>\n\n\n\n<p>Dispon\u00edvel at\u00e9 23\/1\/2026 ou encerramento da vaga.<\/p>\n\n\n\n<p><strong>1 vaga \u2013 Auxiliar de Estoque<\/strong><\/p>\n\n\n\n<p>Escolaridade \u2013 ensino fundamental completo;<\/p>\n\n\n\n<p>Experi\u00eancia \u2013 seis meses na Carteira de Trabalho;<\/p>\n\n\n\n<p>Requisitos Obrigat\u00f3rios \u2013 ter documenta\u00e7\u00e3o completa (com dispensa militar);<\/p>\n\n\n\n<p>Atividades \u2013 organizar e manter o estoque limpo e ordenado; Auxiliar no recebimento, confer\u00eancia e separa\u00e7\u00e3o de mercadorias; prestar suporte ao estoquista nas rotinas di\u00e1rias.<\/p>\n\n\n\n<p>Dispon\u00edvel at\u00e9 23\/1\/2026 ou encerramento da vaga.<\/p>\n\n\n\n<p><strong>VAGAS NA IND\u00daSTRIA \u2013 50<\/strong><\/p>\n\n\n\n<p><strong>50 vagas \u2013 Auxiliar de Linha de Produ\u00e7\u00e3o<\/strong><\/p>\n\n\n\n<p>Escolaridade \u2013 ensino fundamental incompleto;<\/p>\n\n\n\n<p>Experi\u00eancia \u2013 n\u00e3o \u00e9 necess\u00e1rio;<\/p>\n\n\n\n<p>Requisitos Obrigat\u00f3rios \u2013 a vaga \u00e9 destinada para candidatos que est\u00e3o em busca de novos desafios; o candidato vai precisar morar em: V\u00e1rzea Grande \u2013 MT e ter documenta\u00e7\u00e3o completa (com dispensa militar);<\/p>\n\n\n\n<p>Atividades \u2013 executar atividades operacionais em setores de apoio ou produ\u00e7\u00e3o de frios, visando garantir a manuten\u00e7\u00e3o, organiza\u00e7\u00e3o, limpeza ou opera\u00e7\u00e3o de atividades na unidade.<\/p>\n\n\n\n<p>Dispon\u00edvel at\u00e9 23\/1\/2026 ou encerramento da vaga.<\/p>\n\n\n\n<p><strong>VAGAS EM SERVI\u00c7O \u2013 69<\/strong><\/p>\n\n\n\n<p><strong>25 vagas \u2013 Atendente<\/strong><\/p>\n\n\n\n<p>Escolaridade \u2013 ensino fundamental completo;<\/p>\n\n\n\n<p>Experi\u00eancia \u2013 n\u00e3o \u00e9 necess\u00e1rio;<\/p>\n\n\n\n<p>Requisitos Obrigat\u00f3rios \u2013 a vaga \u00e9 destinada para candidatos que est\u00e3o em busca de novos desafios; o candidato vai precisar morar em: MG | RJ | ES | PA | Nordeste, trabalhar em escala 6&#215;1 e ter documenta\u00e7\u00e3o completa;<\/p>\n\n\n\n<p>Atividades \u2013 recepcionar os clientes de forma cordial e atenciosa; realizar o atendimento e auxiliar na escolha do card\u00e1pio; registrar os pedidos e encaminh\u00e1\u2013los \u00e0 cozinha; auxiliar na montagem e organiza\u00e7\u00e3o das mesas; realizar a manuten\u00e7\u00e3o, organiza\u00e7\u00e3o e limpeza do ambiente.<\/p>\n\n\n\n<p>Dispon\u00edvel at\u00e9 23\/1\/2026 ou encerramento da vaga.<\/p>\n\n\n\n<p><strong>2 vagas \u2013 Serralheiro<\/strong><\/p>\n\n\n\n<p>Escolaridade \u2013 ensino fundamental completo;<\/p>\n\n\n\n<p>Experi\u00eancia \u2013 seis meses na Carteira de Trabalho;<\/p>\n\n\n\n<p>Requisitos Obrigat\u00f3rios \u2013 ter documenta\u00e7\u00e3o completa (com dispensa militar);<\/p>\n\n\n\n<p>Atividades \u2013 confeccionar, reparar e instalar pe\u00e7as e elementos diversos em chapas de metal como a\u00e7o, ferro galvanizado, cobre, estanho, lat\u00e3o, alum\u00ednio e zinco; trabalhar barras perfiladas de materiais ferrosos e n\u00e3o ferrosos para fabricar esquadrias, portas, grades, vitrais e pe\u00e7as similares.<\/p>\n\n\n\n<p>Dispon\u00edvel at\u00e9 23\/1\/2026 ou encerramento da vaga.<\/p>\n\n\n\n<p><strong>1 vaga \u2013 Mec\u00e2nico Automotivo<\/strong><\/p>\n\n\n\n<p>Escolaridade \u2013 ensino fundamental completo;<\/p>\n\n\n\n<p>Experi\u00eancia \u2013 seis meses na Carteira de Trabalho;<\/p>\n\n\n\n<p>Requisitos Obrigat\u00f3rios \u2013 ter Carteira Nacional de Habilita\u00e7\u00e3o categoria \u201cB\u201d e ter documenta\u00e7\u00e3o completa (com dispensa militar);<\/p>\n\n\n\n<p>Atividades \u2013 diagn\u00f3stico, manuten\u00e7\u00e3o preventiva e corretiva de ve\u00edculos, abrangendo troca de \u00f3leo, freios, suspens\u00e3o, alinhamento, balanceamento, reparos no motor e sistemas eletr\u00f4nicos, al\u00e9m de instala\u00e7\u00e3o de acess\u00f3rios.<\/p>\n\n\n\n<p>Dispon\u00edvel at\u00e9 23\/1\/2026 ou encerramento da vaga.<\/p>\n\n\n\n<p><strong>2 vagas \u2013 Auxiliar de Mec\u00e2nico Automotivo<\/strong><\/p>\n\n\n\n<p>Escolaridade \u2013 ensino fundamental completo;<\/p>\n\n\n\n<p>Experi\u00eancia \u2013 seis meses na Carteira de Trabalho;<\/p>\n\n\n\n<p>Requisitos Obrigat\u00f3rios \u2013 ter Carteira Nacional de Habilita\u00e7\u00e3o categoria \u201cB\u201d e ter documenta\u00e7\u00e3o completa (com dispensa militar);<\/p>\n\n\n\n<p>Atividades \u2013 realizar reparos e consertos de m\u00e1quinas carros leves e pesados; auxiliar na montagem e desmontagem de m\u00e1quinas e equipamentos; executar atividades de ajustes, regulagens e lubrifica\u00e7\u00e3o.<\/p>\n\n\n\n<p>Dispon\u00edvel at\u00e9 23\/1\/2026 ou encerramento da vaga.<\/p>\n\n\n\n<p><strong>5 vagas \u2013 Auxiliar T\u00e9cnico de Telefonia<\/strong><\/p>\n\n\n\n<p>Escolaridade \u2013 ensino m\u00e9dio completo;<\/p>\n\n\n\n<p>Experi\u00eancia \u2013 n\u00e3o \u00e9 necess\u00e1rio;<\/p>\n\n\n\n<p>Requisitos Obrigat\u00f3rios \u2013 ter Carteira Nacional de Habilita\u00e7\u00e3o categoria \u201cB\u201d e ter documenta\u00e7\u00e3o completa (com dispensa militar);<\/p>\n\n\n\n<p>Atividades \u2013 dar suporte \u00e0 instala\u00e7\u00e3o, configura\u00e7\u00e3o e manuten\u00e7\u00e3o de redes de telecomunica\u00e7\u00f5es em empresas de diferentes setores; configura\u00e7\u00e3o de roteadores e antenas da empresa de telefonia.<\/p>\n\n\n\n<p>Dispon\u00edvel at\u00e9 23\/1\/2026 ou encerramento da vaga.<\/p>\n\n\n\n<p><strong>2 vagas \u2013 Carpinteiro<\/strong><\/p>\n\n\n\n<p>Escolaridade \u2013 ensino m\u00e9dio completo;<\/p>\n\n\n\n<p>Experi\u00eancia \u2013 seis meses na Carteira de Trabalho;<\/p>\n\n\n\n<p>Requisitos Obrigat\u00f3rios \u2013 ter documenta\u00e7\u00e3o completa (com dispensa militar);<\/p>\n\n\n\n<p>Atividades \u2013 planejar trabalhos de carpintaria, preparar canteiro de obras e montar formas met\u00e1licas; confeccionar formas de madeira e forro de laje, construir andaimes e prote\u00e7\u00e3o de madeira e estruturas de madeira para telhado.<\/p>\n\n\n\n<p>Dispon\u00edvel at\u00e9 23\/1\/2026 ou encerramento da vaga.<\/p>\n\n\n\n<p><strong>3 vagas \u2013 Servente de Obras<\/strong><\/p>\n\n\n\n<p>Escolaridade \u2013 ensino m\u00e9dio completo;<\/p>\n\n\n\n<p>Experi\u00eancia \u2013 n\u00e3o \u00e9 necess\u00e1rio;<\/p>\n\n\n\n<p>Requisitos Obrigat\u00f3rios \u2013 ter documenta\u00e7\u00e3o completa (com dispensa militar);<\/p>\n\n\n\n<p>Atividades \u2013 demolir edifica\u00e7\u00f5es de concreto, de alvenaria e outras estruturas; preparam canteiros de obras, limpando a \u00e1rea e compactando solos; efetuar manuten\u00e7\u00e3o de primeiro n\u00edvel, limpando m\u00e1quinas e ferramentas, verificando condi\u00e7\u00f5es dos equipamentos e reparando eventuais defeitos mec\u00e2nicos nos mesmos; realizar escava\u00e7\u00f5es e preparam massa de concreto e outros materiais.<\/p>\n\n\n\n<p>Dispon\u00edvel at\u00e9 23\/1\/2026 ou encerramento da vaga.<\/p>\n\n\n\n<p><strong>1 vaga \u2013 Motorista de Caminh\u00e3o<\/strong><\/p>\n\n\n\n<p>Escolaridade \u2013 ensino fundamental completo;<\/p>\n\n\n\n<p>Experi\u00eancia \u2013 seis meses na Carteira de Trabalho;<\/p>\n\n\n\n<p>Requisitos Obrigat\u00f3rios \u2013 ter Carteira Nacional de Habilita\u00e7\u00e3o categoria \u201cD\u201d e ter documenta\u00e7\u00e3o completa (com dispensa militar);<\/p>\n\n\n\n<p>Atividades \u2013 abrir, organizar e separar ordens de servi\u00e7o, realizar comunica\u00e7\u00e3o com f\u00e1bricas e fornecedores, lidar diretamente com clientes, fazer triagem de produtos dentro e fora da garantia, agendar e acompanhar as visitas t\u00e9cnicas.<\/p>\n\n\n\n<p>Dispon\u00edvel at\u00e9 23\/1\/2026 ou encerramento da vaga.<\/p>\n\n\n\n<p><strong>1 vaga \u2013 Servi\u00e7os Gerais<\/strong><\/p>\n\n\n\n<p>Escolaridade \u2013 ensino m\u00e9dio completo;<\/p>\n\n\n\n<p>Experi\u00eancia \u2013 n\u00e3o \u00e9 necess\u00e1rio;<\/p>\n\n\n\n<p>Requisitos Obrigat\u00f3rios \u2013 ter documenta\u00e7\u00e3o completa (com dispensa militar);<\/p>\n\n\n\n<p>Atividades \u2013 varrer, aspirar, lavar, espanar pisos, vidros, m\u00f3veis, banheiros e outras \u00e1reas internas e externas, al\u00e9m de descartar o lixo corretamente.<\/p>\n\n\n\n<p>Dispon\u00edvel at\u00e9 23\/1\/2026 ou encerramento da vaga.<\/p>\n\n\n\n<p><strong>2 vagas \u2013 Copeiro<\/strong><\/p>\n\n\n\n<p>Escolaridade \u2013 ensino m\u00e9dio completo;<\/p>\n\n\n\n<p>Experi\u00eancia \u2013 n\u00e3o \u00e9 necess\u00e1rio;<\/p>\n\n\n\n<p>Requisitos Obrigat\u00f3rios \u2013 ter documenta\u00e7\u00e3o completa (com dispensa militar);<\/p>\n\n\n\n<p>Atividades \u2013 manter a copa, utens\u00edlios e equipamentos limpos e organizados.<\/p>\n\n\n\n<p>Dispon\u00edvel at\u00e9 23\/1\/2026 ou encerramento da vaga.<\/p>\n\n\n\n<p><strong>3 vagas \u2013 Servi\u00e7os Gerais<\/strong><\/p>\n\n\n\n<p>Escolaridade \u2013 ensino fundamental completo;<\/p>\n\n\n\n<p>Experi\u00eancia \u2013 seis meses na Carteira de Trabalho;<\/p>\n\n\n\n<p>Requisitos Obrigat\u00f3rios \u2013 residir nos bairros pr\u00f3ximo a Ambev da Constantino Nery e ter documenta\u00e7\u00e3o completa;<\/p>\n\n\n\n<p>Atividades \u2013 varrer, aspirar, lavar, espanar pisos, vidros, m\u00f3veis, banheiros e outras \u00e1reas internas e externas, al\u00e9m de descartar o lixo corretamente.<\/p>\n\n\n\n<p>Dispon\u00edvel at\u00e9 23\/1\/2026 ou encerramento da vaga.<\/p>\n\n\n\n<p><strong>1 vaga \u2013 Pedreiro<\/strong><\/p>\n\n\n\n<p>Escolaridade \u2013 ensino fundamental completo;<\/p>\n\n\n\n<p>Experi\u00eancia \u2013 seis meses na Carteira de Trabalho;<\/p>\n\n\n\n<p>Requisitos Obrigat\u00f3rios \u2013 ter documenta\u00e7\u00e3o completa (com dispensa militar);<\/p>\n\n\n\n<p>Atividades \u2013 construir, reformar e reparar estruturas usando materiais como tijolos, blocos, cimento e argamassa, executando tarefas como levantar paredes, assentar pisos, aplicar revestimentos, rebocar, fazer contrapisos, e interpretar projetos para garantir a qualidade e seguran\u00e7a da obra.<\/p>\n\n\n\n<p>Dispon\u00edvel at\u00e9 23\/1\/2026 ou encerramento da vaga.<\/p>\n\n\n\n<p><strong>1 vaga \u2013 Bombeiro Hidr\u00e1ulico<\/strong><\/p>\n\n\n\n<p>Escolaridade \u2013 ensino m\u00e9dio completo;<\/p>\n\n\n\n<p>Experi\u00eancia \u2013 seis meses na Carteira de Trabalho;<\/p>\n\n\n\n<p>Requisitos Obrigat\u00f3rios \u2013 ter documenta\u00e7\u00e3o completa (com dispensa militar);<\/p>\n\n\n\n<p>Atividades \u2013 instalar, manter e reparar sistemas de tubula\u00e7\u00f5es para \u00e1gua, esgoto, g\u00e1s e preven\u00e7\u00e3o de inc\u00eandios.<\/p>\n\n\n\n<p>Dispon\u00edvel at\u00e9 23\/1\/2026 ou encerramento da vaga.<\/p>\n\n\n\n<p><strong>2 vagas \u2013 Ajudante de Pedreiro<\/strong><\/p>\n\n\n\n<p>Escolaridade \u2013 ensino fundamental completo;<\/p>\n\n\n\n<p>Experi\u00eancia \u2013 seis meses na Carteira de Trabalho;<\/p>\n\n\n\n<p>Requisitos Obrigat\u00f3rios \u2013 ter documenta\u00e7\u00e3o completa (com dispensa militar);<\/p>\n\n\n\n<p>Atividades \u2013 realizar tarefas manuais de suporte essencial em um canteiro de obras, como preparar argamassa e concreto, transportar materiais, limpar o local e ferramentas, escavar valas, auxiliar pedreiros, carpinteiros e outros profissionais, e fazer a manuten\u00e7\u00e3o b\u00e1sica de equipamentos, garantindo a organiza\u00e7\u00e3o e fluidez da constru\u00e7\u00e3o.<\/p>\n\n\n\n<p>Dispon\u00edvel at\u00e9 23\/1\/2026 ou encerramento da vaga.<\/p>\n\n\n\n<p><strong>1 vaga \u2013 Mec\u00e2nico de Refrigera\u00e7\u00e3o de Autom\u00f3veis<\/strong><\/p>\n\n\n\n<p>Escolaridade \u2013 ensino m\u00e9dio completo;<\/p>\n\n\n\n<p>Experi\u00eancia \u2013 seis meses na Carteira de Trabalho;<\/p>\n\n\n\n<p>Requisitos Obrigat\u00f3rios \u2013 ter documenta\u00e7\u00e3o completa (com dispensa militar);<\/p>\n\n\n\n<p>Atividades \u2013 montar, instalar e colocar em funcionamento equipamentos de refrigera\u00e7\u00e3o e ar condicionado, realizar an\u00e1lises e ajustes de performance.<\/p>\n\n\n\n<p>Dispon\u00edvel at\u00e9 23\/1\/2026 ou encerramento da vaga.<\/p>\n\n\n\n<p><strong>1 vaga \u2013 Jardineiro<\/strong><\/p>\n\n\n\n<p>Escolaridade \u2013 ensino fundamental completo;<\/p>\n\n\n\n<p>Experi\u00eancia \u2013 registrada na Carteira de Trabalho;<\/p>\n\n\n\n<p>Requisitos Obrigat\u00f3rios \u2013 ter documenta\u00e7\u00e3o completa (com dispensa militar);<\/p>\n\n\n\n<p>Atividades \u2013 cuidar de mudas de plantas e realizar tarefas como plantio, poda, aduba\u00e7\u00e3o, controle de pragas e doen\u00e7as, irriga\u00e7\u00e3o, corte de grama e limpeza, garantindo a sa\u00fade e a beleza das plantas, \u00e1rvores e flores, desde a prepara\u00e7\u00e3o do solo at\u00e9 a manuten\u00e7\u00e3o cont\u00ednua.<\/p>\n\n\n\n<p>Dispon\u00edvel at\u00e9 23\/1\/2026 ou encerramento da vaga.<\/p>\n\n\n\n<p><strong>5 vagas \u2013 Mec\u00e2nico Diesel<\/strong><\/p>\n\n\n\n<p>Escolaridade \u2013 ensino m\u00e9dio completo;<\/p>\n\n\n\n<p>Experi\u00eancia \u2013 seis meses na Carteira de Trabalho;<\/p>\n\n\n\n<p>Requisitos Obrigat\u00f3rios \u2013 ter documenta\u00e7\u00e3o completa;<\/p>\n\n\n\n<p>Atividades \u2013 executar servi\u00e7os de manuten\u00e7\u00e3o corretiva e preventiva dos semirreboques e equipamentos; montagem e desmontagem de ve\u00edculos e conhecimento em sistemas de freios, pneum\u00e1ticos, suspens\u00e3o, sistema de transmiss\u00e3o e motores diesel.<\/p>\n\n\n\n<p>Dispon\u00edvel at\u00e9 23\/1\/2026 ou encerramento da vaga.<\/p>\n\n\n\n<p><strong>5 vagas \u2013 Auxiliar de Limpeza<\/strong><\/p>\n\n\n\n<p>Escolaridade \u2013 ensino m\u00e9dio completo;<\/p>\n\n\n\n<p>Experi\u00eancia \u2013 seis meses na Carteira de Trabalho;<\/p>\n\n\n\n<p>Requisitos Obrigat\u00f3rios \u2013 ter documenta\u00e7\u00e3o completa;<\/p>\n\n\n\n<p>Atividades \u2013 executar servi\u00e7os de limpeza; substituir, trocar, limpar, reparar e instalar pe\u00e7as, componentes e equipamentos; conservar vidros e fachadas, limpar recintos e acess\u00f3rios.<\/p>\n\n\n\n<p>Dispon\u00edvel at\u00e9 23\/1\/2026 ou encerramento da vaga.<\/p>\n\n\n\n<p><strong>3 vagas \u2013 Auxiliar de Limpeza<\/strong><\/p>\n\n\n\n<p>Escolaridade \u2013 ensino m\u00e9dio completo;<\/p>\n\n\n\n<p>Experi\u00eancia \u2013 seis meses na Carteira de Trabalho;<\/p>\n\n\n\n<p>Requisitos Obrigat\u00f3rios \u2013 ter documenta\u00e7\u00e3o completa;<\/p>\n\n\n\n<p>Atividades \u2013 manter a higiene e organiza\u00e7\u00e3o de ambientes, como varrer, esfregar, limpar, desinfetar e remover o lixo.<\/p>\n\n\n\n<p>Dispon\u00edvel at\u00e9 23\/1\/2026 ou encerramento da vaga.<\/p>\n\n\n\n<p><strong>1 vaga \u2013 Servi\u00e7os Gerais<\/strong><\/p>\n\n\n\n<p>Escolaridade \u2013 ensino fundamental completo;<\/p>\n\n\n\n<p>Experi\u00eancia \u2013 tr\u00eas meses na Carteira de Trabalho;<\/p>\n\n\n\n<p>Requisitos Obrigat\u00f3rios \u2013 ter documenta\u00e7\u00e3o completa;<\/p>\n\n\n\n<p>Atividades \u2013 varrer, aspirar, lavar, espanar pisos, vidros, m\u00f3veis, banheiros e outras \u00e1reas internas e externas, al\u00e9m de descartar o lixo corretamente.<\/p>\n\n\n\n<p>Dispon\u00edvel at\u00e9 23\/1\/2026 ou encerramento da vaga.<\/p>\n\n\n\n<p><strong>1 vaga \u2013 Auxiliar Administrativo<\/strong><\/p>\n\n\n\n<p>Escolaridade \u2013 ensino m\u00e9dio completo;<\/p>\n\n\n\n<p>Experi\u00eancia \u2013 seis meses na Carteira de Trabalho;<\/p>\n\n\n\n<p>Requisitos Obrigat\u00f3rios \u2013 ter curso de Inform\u00e1tica, conhecimento em Departamento Pessoal e ter documenta\u00e7\u00e3o completa;<\/p>\n\n\n\n<p>Atividades \u2013 abrir, organizar e separar ordens de servi\u00e7o, realizar comunica\u00e7\u00e3o com f\u00e1bricas e fornecedores, lidar diretamente com clientes, fazer triagem de produtos dentro e fora da garantia, agendar e acompanhar as visitas t\u00e9cnicas.<\/p>\n\n\n\n<p>Dispon\u00edvel at\u00e9 23\/1\/2026 ou encerramento da vaga.<\/p>\n\n\n\n<p><strong>1 vaga \u2013 Auxiliar de Estoque<\/strong><\/p>\n\n\n\n<p>Escolaridade \u2013 ensino m\u00e9dio completo;<\/p>\n\n\n\n<p>Experi\u00eancia \u2013 tr\u00eas meses na Carteira de Trabalho;<\/p>\n\n\n\n<p>Requisitos Obrigat\u00f3rios \u2013 ter documenta\u00e7\u00e3o completa (com dispensa militar);<\/p>\n\n\n\n<p>Atividades \u2013 receber, conferir e armazenar produtos, fazer lan\u00e7amentos de entrada e sa\u00edda em sistemas, separar e embalar pedidos para expedi\u00e7\u00e3o, realizar invent\u00e1rios peri\u00f3dicos, manter a limpeza e organiza\u00e7\u00e3o do local, e auxiliar na movimenta\u00e7\u00e3o de cargas.<\/p>\n\n\n\n<p>Dispon\u00edvel at\u00e9 23\/1\/2026 ou encerramento da vaga.<\/p>\n\n\n\n<p><strong>VAGAS DESTINADAS \u00c0 PESSOAS COM DEFICI\u00caNCIA (PCD) \u2013 14<\/strong><\/p>\n\n\n\n<p><strong>1 vaga \u2013 Auxiliar de Servi\u00e7os Gerais \u2013 Vagas destinadas para Pessoa com Defici\u00eancia (PCD)<\/strong><\/p>\n\n\n\n<p>Escolaridade \u2013 ensino fundamental completo;<\/p>\n\n\n\n<p>Experi\u00eancia \u2013 seis meses na Carteira de Trabalho;<\/p>\n\n\n\n<p>Requisitos Obrigat\u00f3rios \u2013 ter documenta\u00e7\u00e3o completa;<\/p>\n\n\n\n<p>Atividades \u2013 atender as necessidades de limpeza, manuten\u00e7\u00e3o e conserva\u00e7\u00e3o das instala\u00e7\u00f5es da institui\u00e7\u00e3o, removendo p\u00f3 de m\u00f3veis, paredes, tetos, portas, janelas e equipamentos.<\/p>\n\n\n\n<p>Dispon\u00edvel at\u00e9 23\/1\/2026 ou encerramento da vaga.<\/p>\n\n\n\n<p><strong>4 vagas \u2013 Servente de Obras \u2013 Vagas destinadas para Pessoa com Defici\u00eancia (PCD)<\/strong><\/p>\n\n\n\n<p>Escolaridade \u2013 ensino m\u00e9dio completo;<\/p>\n\n\n\n<p>Experi\u00eancia \u2013 n\u00e3o \u00e9 necess\u00e1rio;<\/p>\n\n\n\n<p>Requisitos Obrigat\u00f3rios \u2013 ter documenta\u00e7\u00e3o completa;<\/p>\n\n\n\n<p>Atividades \u2013 demolir edifica\u00e7\u00f5es de concreto, de alvenaria e outras estruturas; preparar canteiros de obras, limpando a \u00e1rea e compactando solos; efetuar manuten\u00e7\u00e3o de primeiro n\u00edvel, limpando m\u00e1quinas e ferramentas, verificando condi\u00e7\u00f5es dos equipamentos e reparando eventuais defeitos mec\u00e2nicos nos mesmos; realizar escava\u00e7\u00f5es e preparam massa de concreto e outros materiais.<\/p>\n\n\n\n<p>Dispon\u00edvel at\u00e9 23\/1\/2026 ou encerramento da vaga.<\/p>\n\n\n\n<p><strong>4 vagas \u2013 Auxiliar Administrativo \u2013 Vagas destinadas para Pessoa com Defici\u00eancia (PCD)<\/strong><\/p>\n\n\n\n<p>Escolaridade \u2013 ensino m\u00e9dio completo;<\/p>\n\n\n\n<p>Experi\u00eancia \u2013 n\u00e3o \u00e9 necess\u00e1rio;<\/p>\n\n\n\n<p>Requisitos Obrigat\u00f3rios \u2013 ter conhecimentos em Inform\u00e1tica e ter documenta\u00e7\u00e3o completa;<\/p>\n\n\n\n<p>Atividades \u2013 dar suporte em \u00e1reas como recursos humanos, administra\u00e7\u00e3o, finan\u00e7as e log\u00edstica, al\u00e9m de atender clientes e fornecedores, tratar e arquivar documentos e auxiliar na elabora\u00e7\u00e3o de relat\u00f3rios e planilhas.<\/p>\n\n\n\n<p>Dispon\u00edvel at\u00e9 23\/1\/2026 ou encerramento da vaga.<\/p>\n\n\n\n<p><strong>5 vagas \u2013 Auxiliar de Servi\u00e7os Gerais \u2013 Vagas destinadas para Pessoa com Defici\u00eancia (PCD)<\/strong><\/p>\n\n\n\n<p>Escolaridade \u2013 ensino m\u00e9dio completo;<\/p>\n\n\n\n<p>Experi\u00eancia \u2013 n\u00e3o \u00e9 necess\u00e1rio;<\/p>\n\n\n\n<p>Requisitos Obrigat\u00f3rios \u2013 ter documenta\u00e7\u00e3o completa;<\/p>\n\n\n\n<p>Atividades \u2013 limpeza e conserva\u00e7\u00e3o de ambientes, organiza\u00e7\u00e3o de espa\u00e7os, reposi\u00e7\u00e3o de materiais de higiene, realiza\u00e7\u00e3o de pequenas manuten\u00e7\u00f5es, suporte em outras tarefas como servir caf\u00e9, auxiliar na movimenta\u00e7\u00e3o de m\u00f3veis e controle de estoque de materiais de limpeza.<\/p>\n\n\n\n<p>Dispon\u00edvel at\u00e9 23\/1\/2026 ou encerramento da vaga.<\/p>\n\n\n\n<p>\u2014 \u2014 \u2014<\/p>\n\n\n\n<p><strong>Texto<\/strong>&nbsp;\u2013&nbsp;Divulga\u00e7\u00e3o\/Semtepi<\/p>\n\n\n\n<p><strong>Fotos<\/strong>&nbsp;\u2013&nbsp;Arquivo\/Semcom<\/p>\n\n\n\n<p><strong>Dispon\u00edveis em<\/strong>&nbsp;\u2013&nbsp;<a href=\"https:\/\/flic.kr\/s\/aHBqjCetWK\">https:\/\/flic.kr\/s\/aHBqjCetWK<\/a><\/p>\n","protected":false},"excerpt":{"rendered":"","protected":false},"author":23,"featured_media":7205,"comment_status":"closed","ping_status":"closed","sticky":false,"template":"","format":"standard","meta":{"footnotes":""},"categories":[5],"tags":[250,68,8,12],"acf":[],"yoast_head":"<!-- This site is optimized with the Yoast SEO plugin v23.0 - https:\/\/yoast.com\/wordpress\/plugins\/seo\/ -->\n<title>Sine Manaus oferta 299 vagas de emprego nesta sexta\u2013feira, 23\/1<\/title>\n<meta name=\"description\" content=\"A Prefeitura de Manaus, por meio do Sine Manaus, oferta 299 vagas de emprego em v\u00e1rias \u00e1reas de atua\u00e7\u00e3o, nesta sexta\u2013feira, 23\/1, das 8h \u00e0s 14h. O candidato pode validar a Carteira Digital e Previd\u00eancia Social (CTPS) no aplicativo \u201cCarteira de Trabalho Digital\u201d ou acessar o site http:\/\/gov.br\/trabalho.\" \/>\n<meta name=\"robots\" content=\"noindex, follow\" \/>\n<meta property=\"og:locale\" content=\"pt_BR\" \/>\n<meta property=\"og:type\" content=\"article\" \/>\n<meta property=\"og:title\" content=\"Sine Manaus oferta 299 vagas de emprego nesta sexta\u2013feira, 23\/1\" \/>\n<meta property=\"og:description\" content=\"A Prefeitura de Manaus, por meio do Sine Manaus, oferta 299 vagas de emprego em v\u00e1rias \u00e1reas de atua\u00e7\u00e3o, nesta sexta\u2013feira, 23\/1, das 8h \u00e0s 14h. O candidato pode validar a Carteira Digital e Previd\u00eancia Social (CTPS) no aplicativo \u201cCarteira de Trabalho Digital\u201d ou acessar o site http:\/\/gov.br\/trabalho.\" \/>\n<meta property=\"og:url\" content=\"https:\/\/www.manaus.am.gov.br\/semtepi\/oportunidade\/prefeitura-sinemanaus-vagas2301\/\" \/>\n<meta property=\"og:site_name\" content=\"SEMTEPI\" \/>\n<meta property=\"article:published_time\" content=\"2026-01-22T18:02:34+00:00\" \/>\n<meta property=\"article:modified_time\" content=\"2026-01-22T18:37:12+00:00\" \/>\n<meta property=\"og:image\" content=\"https:\/\/www.manaus.am.gov.br\/semtepi\/wp-content\/uploads\/sites\/20\/2025\/10\/54524090395_0d019834ba_c-3.jpg\" \/>\n\t<meta property=\"og:image:width\" content=\"799\" \/>\n\t<meta property=\"og:image:height\" content=\"533\" \/>\n\t<meta property=\"og:image:type\" content=\"image\/jpeg\" \/>\n<meta name=\"author\" content=\"Adriana Costa\" \/>\n<meta name=\"twitter:card\" content=\"summary_large_image\" \/>\n<meta name=\"twitter:label1\" content=\"Written by\" \/>\n\t<meta name=\"twitter:data1\" content=\"Adriana Costa\" \/>\n\t<meta name=\"twitter:label2\" content=\"Est. reading time\" \/>\n\t<meta name=\"twitter:data2\" content=\"22 minutos\" \/>\n<script type=\"application\/ld+json\" class=\"yoast-schema-graph\">{\"@context\":\"https:\/\/schema.org\",\"@graph\":[{\"@type\":\"Article\",\"@id\":\"https:\/\/www.manaus.am.gov.br\/semtepi\/oportunidade\/prefeitura-sinemanaus-vagas2301\/#article\",\"isPartOf\":{\"@id\":\"https:\/\/www.manaus.am.gov.br\/semtepi\/oportunidade\/prefeitura-sinemanaus-vagas2301\/\"},\"author\":{\"name\":\"Adriana Costa\",\"@id\":\"https:\/\/www.manaus.am.gov.br\/semtepi\/#\/schema\/person\/4e49f4e267757a06ca072ec61b2b9968\"},\"headline\":\"Sine Manaus oferta 299 vagas de emprego nesta sexta\u2013feira, 23\/1\",\"datePublished\":\"2026-01-22T18:02:34+00:00\",\"dateModified\":\"2026-01-22T18:37:12+00:00\",\"mainEntityOfPage\":{\"@id\":\"https:\/\/www.manaus.am.gov.br\/semtepi\/oportunidade\/prefeitura-sinemanaus-vagas2301\/\"},\"wordCount\":4318,\"publisher\":{\"@id\":\"https:\/\/www.manaus.am.gov.br\/semtepi\/#organization\"},\"image\":{\"@id\":\"https:\/\/www.manaus.am.gov.br\/semtepi\/oportunidade\/prefeitura-sinemanaus-vagas2301\/#primaryimage\"},\"thumbnailUrl\":\"https:\/\/www.manaus.am.gov.br\/semtepi\/wp-content\/uploads\/sites\/20\/2025\/10\/54524090395_0d019834ba_c-3.jpg\",\"keywords\":[\"Empregos\",\"oportunidades\",\"prefeitura de manaus\",\"vagas\"],\"articleSection\":[\"Oportunidade\"],\"inLanguage\":\"pt-BR\"},{\"@type\":\"WebPage\",\"@id\":\"https:\/\/www.manaus.am.gov.br\/semtepi\/oportunidade\/prefeitura-sinemanaus-vagas2301\/\",\"url\":\"https:\/\/www.manaus.am.gov.br\/semtepi\/oportunidade\/prefeitura-sinemanaus-vagas2301\/\",\"name\":\"Sine Manaus oferta 299 vagas de emprego nesta sexta\u2013feira, 23\/1\",\"isPartOf\":{\"@id\":\"https:\/\/www.manaus.am.gov.br\/semtepi\/#website\"},\"primaryImageOfPage\":{\"@id\":\"https:\/\/www.manaus.am.gov.br\/semtepi\/oportunidade\/prefeitura-sinemanaus-vagas2301\/#primaryimage\"},\"image\":{\"@id\":\"https:\/\/www.manaus.am.gov.br\/semtepi\/oportunidade\/prefeitura-sinemanaus-vagas2301\/#primaryimage\"},\"thumbnailUrl\":\"https:\/\/www.manaus.am.gov.br\/semtepi\/wp-content\/uploads\/sites\/20\/2025\/10\/54524090395_0d019834ba_c-3.jpg\",\"datePublished\":\"2026-01-22T18:02:34+00:00\",\"dateModified\":\"2026-01-22T18:37:12+00:00\",\"description\":\"A Prefeitura de Manaus, por meio do Sine Manaus, oferta 299 vagas de emprego em v\u00e1rias \u00e1reas de atua\u00e7\u00e3o, nesta sexta\u2013feira, 23\/1, das 8h \u00e0s 14h. O candidato pode validar a Carteira Digital e Previd\u00eancia Social (CTPS) no aplicativo \u201cCarteira de Trabalho Digital\u201d ou acessar o site http:\/\/gov.br\/trabalho.\",\"breadcrumb\":{\"@id\":\"https:\/\/www.manaus.am.gov.br\/semtepi\/oportunidade\/prefeitura-sinemanaus-vagas2301\/#breadcrumb\"},\"inLanguage\":\"pt-BR\",\"potentialAction\":[{\"@type\":\"ReadAction\",\"target\":[\"https:\/\/www.manaus.am.gov.br\/semtepi\/oportunidade\/prefeitura-sinemanaus-vagas2301\/\"]}]},{\"@type\":\"ImageObject\",\"inLanguage\":\"pt-BR\",\"@id\":\"https:\/\/www.manaus.am.gov.br\/semtepi\/oportunidade\/prefeitura-sinemanaus-vagas2301\/#primaryimage\",\"url\":\"https:\/\/www.manaus.am.gov.br\/semtepi\/wp-content\/uploads\/sites\/20\/2025\/10\/54524090395_0d019834ba_c-3.jpg\",\"contentUrl\":\"https:\/\/www.manaus.am.gov.br\/semtepi\/wp-content\/uploads\/sites\/20\/2025\/10\/54524090395_0d019834ba_c-3.jpg\",\"width\":799,\"height\":533,\"caption\":\"#paratodosverem - Atendimento em posto do Sine Manaus\"},{\"@type\":\"BreadcrumbList\",\"@id\":\"https:\/\/www.manaus.am.gov.br\/semtepi\/oportunidade\/prefeitura-sinemanaus-vagas2301\/#breadcrumb\",\"itemListElement\":[{\"@type\":\"ListItem\",\"position\":1,\"name\":\"Home\",\"item\":\"https:\/\/www.manaus.am.gov.br\/semtepi\/\"},{\"@type\":\"ListItem\",\"position\":2,\"name\":\"Sine Manaus oferta 299 vagas de emprego nesta sexta\u2013feira, 23\/1\"}]},{\"@type\":\"WebSite\",\"@id\":\"https:\/\/www.manaus.am.gov.br\/semtepi\/#website\",\"url\":\"https:\/\/www.manaus.am.gov.br\/semtepi\/\",\"name\":\"SEMTEPI\",\"description\":\"Prefeitura de Manaus\",\"publisher\":{\"@id\":\"https:\/\/www.manaus.am.gov.br\/semtepi\/#organization\"},\"alternateName\":\"Secretaria Municipal do Trabalho, Empreendedorismo e Inova\u00e7\u00e3o\",\"potentialAction\":[{\"@type\":\"SearchAction\",\"target\":{\"@type\":\"EntryPoint\",\"urlTemplate\":\"https:\/\/www.manaus.am.gov.br\/semtepi\/?s={search_term_string}\"},\"query-input\":\"required name=search_term_string\"}],\"inLanguage\":\"pt-BR\"},{\"@type\":\"Organization\",\"@id\":\"https:\/\/www.manaus.am.gov.br\/semtepi\/#organization\",\"name\":\"Prefeitura Municipal de Manaus\",\"alternateName\":\"Prefeitura de Manaus\",\"url\":\"https:\/\/www.manaus.am.gov.br\/semtepi\/\",\"logo\":{\"@type\":\"ImageObject\",\"inLanguage\":\"pt-BR\",\"@id\":\"https:\/\/www.manaus.am.gov.br\/semtepi\/#\/schema\/logo\/image\/\",\"url\":\"https:\/\/www.manaus.am.gov.br\/semtepi\/wp-content\/uploads\/sites\/20\/2024\/07\/favicon.png\",\"contentUrl\":\"https:\/\/www.manaus.am.gov.br\/semtepi\/wp-content\/uploads\/sites\/20\/2024\/07\/favicon.png\",\"width\":300,\"height\":300,\"caption\":\"Prefeitura Municipal de Manaus\"},\"image\":{\"@id\":\"https:\/\/www.manaus.am.gov.br\/semtepi\/#\/schema\/logo\/image\/\"}},{\"@type\":\"Person\",\"@id\":\"https:\/\/www.manaus.am.gov.br\/semtepi\/#\/schema\/person\/4e49f4e267757a06ca072ec61b2b9968\",\"name\":\"Adriana Costa\",\"image\":{\"@type\":\"ImageObject\",\"inLanguage\":\"pt-BR\",\"@id\":\"https:\/\/www.manaus.am.gov.br\/semtepi\/#\/schema\/person\/image\/\",\"url\":\"https:\/\/secure.gravatar.com\/avatar\/576258617ef7194f718179e766d57bd4?s=96&d=mm&r=g\",\"contentUrl\":\"https:\/\/secure.gravatar.com\/avatar\/576258617ef7194f718179e766d57bd4?s=96&d=mm&r=g\",\"caption\":\"Adriana Costa\"}}]}<\/script>\n<!-- \/ Yoast SEO plugin. -->","yoast_head_json":{"title":"Sine Manaus oferta 299 vagas de emprego nesta sexta\u2013feira, 23\/1","description":"A Prefeitura de Manaus, por meio do Sine Manaus, oferta 299 vagas de emprego em v\u00e1rias \u00e1reas de atua\u00e7\u00e3o, nesta sexta\u2013feira, 23\/1, das 8h \u00e0s 14h. O candidato pode validar a Carteira Digital e Previd\u00eancia Social (CTPS) no aplicativo \u201cCarteira de Trabalho Digital\u201d ou acessar o site http:\/\/gov.br\/trabalho.","robots":{"index":"noindex","follow":"follow"},"og_locale":"pt_BR","og_type":"article","og_title":"Sine Manaus oferta 299 vagas de emprego nesta sexta\u2013feira, 23\/1","og_description":"A Prefeitura de Manaus, por meio do Sine Manaus, oferta 299 vagas de emprego em v\u00e1rias \u00e1reas de atua\u00e7\u00e3o, nesta sexta\u2013feira, 23\/1, das 8h \u00e0s 14h. O candidato pode validar a Carteira Digital e Previd\u00eancia Social (CTPS) no aplicativo \u201cCarteira de Trabalho Digital\u201d ou acessar o site http:\/\/gov.br\/trabalho.","og_url":"https:\/\/www.manaus.am.gov.br\/semtepi\/oportunidade\/prefeitura-sinemanaus-vagas2301\/","og_site_name":"SEMTEPI","article_published_time":"2026-01-22T18:02:34+00:00","article_modified_time":"2026-01-22T18:37:12+00:00","og_image":[{"width":799,"height":533,"url":"https:\/\/www.manaus.am.gov.br\/semtepi\/wp-content\/uploads\/sites\/20\/2025\/10\/54524090395_0d019834ba_c-3.jpg","type":"image\/jpeg"}],"author":"Adriana Costa","twitter_card":"summary_large_image","twitter_misc":{"Written by":"Adriana Costa","Est. reading time":"22 minutos"},"schema":{"@context":"https:\/\/schema.org","@graph":[{"@type":"Article","@id":"https:\/\/www.manaus.am.gov.br\/semtepi\/oportunidade\/prefeitura-sinemanaus-vagas2301\/#article","isPartOf":{"@id":"https:\/\/www.manaus.am.gov.br\/semtepi\/oportunidade\/prefeitura-sinemanaus-vagas2301\/"},"author":{"name":"Adriana Costa","@id":"https:\/\/www.manaus.am.gov.br\/semtepi\/#\/schema\/person\/4e49f4e267757a06ca072ec61b2b9968"},"headline":"Sine Manaus oferta 299 vagas de emprego nesta sexta\u2013feira, 23\/1","datePublished":"2026-01-22T18:02:34+00:00","dateModified":"2026-01-22T18:37:12+00:00","mainEntityOfPage":{"@id":"https:\/\/www.manaus.am.gov.br\/semtepi\/oportunidade\/prefeitura-sinemanaus-vagas2301\/"},"wordCount":4318,"publisher":{"@id":"https:\/\/www.manaus.am.gov.br\/semtepi\/#organization"},"image":{"@id":"https:\/\/www.manaus.am.gov.br\/semtepi\/oportunidade\/prefeitura-sinemanaus-vagas2301\/#primaryimage"},"thumbnailUrl":"https:\/\/www.manaus.am.gov.br\/semtepi\/wp-content\/uploads\/sites\/20\/2025\/10\/54524090395_0d019834ba_c-3.jpg","keywords":["Empregos","oportunidades","prefeitura de manaus","vagas"],"articleSection":["Oportunidade"],"inLanguage":"pt-BR"},{"@type":"WebPage","@id":"https:\/\/www.manaus.am.gov.br\/semtepi\/oportunidade\/prefeitura-sinemanaus-vagas2301\/","url":"https:\/\/www.manaus.am.gov.br\/semtepi\/oportunidade\/prefeitura-sinemanaus-vagas2301\/","name":"Sine Manaus oferta 299 vagas de emprego nesta sexta\u2013feira, 23\/1","isPartOf":{"@id":"https:\/\/www.manaus.am.gov.br\/semtepi\/#website"},"primaryImageOfPage":{"@id":"https:\/\/www.manaus.am.gov.br\/semtepi\/oportunidade\/prefeitura-sinemanaus-vagas2301\/#primaryimage"},"image":{"@id":"https:\/\/www.manaus.am.gov.br\/semtepi\/oportunidade\/prefeitura-sinemanaus-vagas2301\/#primaryimage"},"thumbnailUrl":"https:\/\/www.manaus.am.gov.br\/semtepi\/wp-content\/uploads\/sites\/20\/2025\/10\/54524090395_0d019834ba_c-3.jpg","datePublished":"2026-01-22T18:02:34+00:00","dateModified":"2026-01-22T18:37:12+00:00","description":"A Prefeitura de Manaus, por meio do Sine Manaus, oferta 299 vagas de emprego em v\u00e1rias \u00e1reas de atua\u00e7\u00e3o, nesta sexta\u2013feira, 23\/1, das 8h \u00e0s 14h. O candidato pode validar a Carteira Digital e Previd\u00eancia Social (CTPS) no aplicativo \u201cCarteira de Trabalho Digital\u201d ou acessar o site http:\/\/gov.br\/trabalho.","breadcrumb":{"@id":"https:\/\/www.manaus.am.gov.br\/semtepi\/oportunidade\/prefeitura-sinemanaus-vagas2301\/#breadcrumb"},"inLanguage":"pt-BR","potentialAction":[{"@type":"ReadAction","target":["https:\/\/www.manaus.am.gov.br\/semtepi\/oportunidade\/prefeitura-sinemanaus-vagas2301\/"]}]},{"@type":"ImageObject","inLanguage":"pt-BR","@id":"https:\/\/www.manaus.am.gov.br\/semtepi\/oportunidade\/prefeitura-sinemanaus-vagas2301\/#primaryimage","url":"https:\/\/www.manaus.am.gov.br\/semtepi\/wp-content\/uploads\/sites\/20\/2025\/10\/54524090395_0d019834ba_c-3.jpg","contentUrl":"https:\/\/www.manaus.am.gov.br\/semtepi\/wp-content\/uploads\/sites\/20\/2025\/10\/54524090395_0d019834ba_c-3.jpg","width":799,"height":533,"caption":"#paratodosverem - Atendimento em posto do Sine Manaus"},{"@type":"BreadcrumbList","@id":"https:\/\/www.manaus.am.gov.br\/semtepi\/oportunidade\/prefeitura-sinemanaus-vagas2301\/#breadcrumb","itemListElement":[{"@type":"ListItem","position":1,"name":"Home","item":"https:\/\/www.manaus.am.gov.br\/semtepi\/"},{"@type":"ListItem","position":2,"name":"Sine Manaus oferta 299 vagas de emprego nesta sexta\u2013feira, 23\/1"}]},{"@type":"WebSite","@id":"https:\/\/www.manaus.am.gov.br\/semtepi\/#website","url":"https:\/\/www.manaus.am.gov.br\/semtepi\/","name":"SEMTEPI","description":"Prefeitura de Manaus","publisher":{"@id":"https:\/\/www.manaus.am.gov.br\/semtepi\/#organization"},"alternateName":"Secretaria Municipal do Trabalho, Empreendedorismo e Inova\u00e7\u00e3o","potentialAction":[{"@type":"SearchAction","target":{"@type":"EntryPoint","urlTemplate":"https:\/\/www.manaus.am.gov.br\/semtepi\/?s={search_term_string}"},"query-input":"required name=search_term_string"}],"inLanguage":"pt-BR"},{"@type":"Organization","@id":"https:\/\/www.manaus.am.gov.br\/semtepi\/#organization","name":"Prefeitura Municipal de Manaus","alternateName":"Prefeitura de Manaus","url":"https:\/\/www.manaus.am.gov.br\/semtepi\/","logo":{"@type":"ImageObject","inLanguage":"pt-BR","@id":"https:\/\/www.manaus.am.gov.br\/semtepi\/#\/schema\/logo\/image\/","url":"https:\/\/www.manaus.am.gov.br\/semtepi\/wp-content\/uploads\/sites\/20\/2024\/07\/favicon.png","contentUrl":"https:\/\/www.manaus.am.gov.br\/semtepi\/wp-content\/uploads\/sites\/20\/2024\/07\/favicon.png","width":300,"height":300,"caption":"Prefeitura Municipal de Manaus"},"image":{"@id":"https:\/\/www.manaus.am.gov.br\/semtepi\/#\/schema\/logo\/image\/"}},{"@type":"Person","@id":"https:\/\/www.manaus.am.gov.br\/semtepi\/#\/schema\/person\/4e49f4e267757a06ca072ec61b2b9968","name":"Adriana Costa","image":{"@type":"ImageObject","inLanguage":"pt-BR","@id":"https:\/\/www.manaus.am.gov.br\/semtepi\/#\/schema\/person\/image\/","url":"https:\/\/secure.gravatar.com\/avatar\/576258617ef7194f718179e766d57bd4?s=96&d=mm&r=g","contentUrl":"https:\/\/secure.gravatar.com\/avatar\/576258617ef7194f718179e766d57bd4?s=96&d=mm&r=g","caption":"Adriana Costa"}}]}},"_links":{"self":[{"href":"https:\/\/www.manaus.am.gov.br\/semtepi\/wp-json\/wp\/v2\/posts\/7517"}],"collection":[{"href":"https:\/\/www.manaus.am.gov.br\/semtepi\/wp-json\/wp\/v2\/posts"}],"about":[{"href":"https:\/\/www.manaus.am.gov.br\/semtepi\/wp-json\/wp\/v2\/types\/post"}],"author":[{"embeddable":true,"href":"https:\/\/www.manaus.am.gov.br\/semtepi\/wp-json\/wp\/v2\/users\/23"}],"replies":[{"embeddable":true,"href":"https:\/\/www.manaus.am.gov.br\/semtepi\/wp-json\/wp\/v2\/comments?post=7517"}],"version-history":[{"count":1,"href":"https:\/\/www.manaus.am.gov.br\/semtepi\/wp-json\/wp\/v2\/posts\/7517\/revisions"}],"predecessor-version":[{"id":7519,"href":"https:\/\/www.manaus.am.gov.br\/semtepi\/wp-json\/wp\/v2\/posts\/7517\/revisions\/7519"}],"wp:featuredmedia":[{"embeddable":true,"href":"https:\/\/www.manaus.am.gov.br\/semtepi\/wp-json\/wp\/v2\/media\/7205"}],"wp:attachment":[{"href":"https:\/\/www.manaus.am.gov.br\/semtepi\/wp-json\/wp\/v2\/media?parent=7517"}],"wp:term":[{"taxonomy":"category","embeddable":true,"href":"https:\/\/www.manaus.am.gov.br\/semtepi\/wp-json\/wp\/v2\/categories?post=7517"},{"taxonomy":"post_tag","embeddable":true,"href":"https:\/\/www.manaus.am.gov.br\/semtepi\/wp-json\/wp\/v2\/tags?post=7517"}],"curies":[{"name":"wp","href":"https:\/\/api.w.org\/{rel}","templated":true}]}}