{"id":7498,"date":"2026-01-19T13:50:37","date_gmt":"2026-01-19T17:50:37","guid":{"rendered":"https:\/\/www.manaus.am.gov.br\/semtepi\/sem-categoria\/sine-manaus-240-vagas-emprego-20-1\/"},"modified":"2026-01-19T14:49:05","modified_gmt":"2026-01-19T18:49:05","slug":"sine-manaus-240-vagas-emprego-20-1","status":"publish","type":"post","link":"https:\/\/www.manaus.am.gov.br\/semtepi\/oportunidade\/sine-manaus-240-vagas-emprego-20-1\/","title":{"rendered":"Sine Manaus oferta 240 vagas de emprego nesta ter\u00e7a-feira, 20\/1"},"content":{"rendered":"\n<p>A <a href=\"https:\/\/www.manaus.am.gov.br\">Prefeitura de Manaus<\/a>, por meio do Sine Manaus, oferta 240 vagas de emprego em v\u00e1rias \u00e1reas de atua\u00e7\u00e3o, nesta ter\u00e7a-feira, 20\/1,\u00a0das 8h \u00e0s 14h. O candidato pode validar a Carteira Digital e Previd\u00eancia Social (CTPS) no aplicativo \u201cCarteira de Trabalho Digital\u201d ou acessar o site\u00a0<a href=\"http:\/\/gov.br\/trabalho\">http:\/\/gov.br\/trabalho<\/a>.<\/p>\n\n\n\n<p>Para participar da pr\u00e9-sele\u00e7\u00e3o e concorrer a uma das vagas dispon\u00edveis, ou receber orienta\u00e7\u00e3o de cadastro, Carteira de Trabalho Digital e seguro-desemprego, os candidatos devem comparecer a um dos postos do Sine Manaus: na avenida Constantino Nery, n\u00ba 1.272, bairro S\u00e3o Geraldo, zona Centro-Sul; ou no shopping Phelippe Daou, na avenida Camapu\u00e3, n\u00ba 2.939, bairro Cidade de Deus, zona Norte.<\/p>\n\n\n\n<p>Os interessados devem estar munidos do comprovante de vacina\u00e7\u00e3o (Covid-19), curr\u00edculo, certificados de cursos e documentos pessoais (RG, CPF, PIS, CTPS, comprovante de escolaridade e resid\u00eancia). N\u00e3o \u00e9 necess\u00e1rio apresentar c\u00f3pias, somente os documentos originais.<\/p>\n\n\n\n<p>\u00c9 importante que os candidatos mantenham seus cadastros atualizados, especialmente ao finalizarem novas qualifica\u00e7\u00f5es. Para vagas espec\u00edficas, podem ser solicitados documentos adicionais, como cursos ou certifica\u00e7\u00f5es, por isso, \u00e9 essencial estar atento aos &#8220;Requisitos Obrigat\u00f3rios&#8221; de cada vaga.<\/p>\n\n\n\n<p>A Semtepi ressalta que, obedecendo ao disposto no artigo 5\u00ba, da Constitui\u00e7\u00e3o Federal, e ao artigo 373-A, da Consolida\u00e7\u00e3o das Leis Trabalhistas (CLT), crit\u00e9rios referentes a sexo, idade, cor ou situa\u00e7\u00e3o familiar, n\u00e3o podem ser informados na divulga\u00e7\u00e3o das vagas disponibilizadas.<\/p>\n\n\n\n<p>Os candidatos devem estar cientes das diretrizes de vestimenta estabelecidas pelo \u00f3rg\u00e3o, as quais incluem a proibi\u00e7\u00e3o de vestimentas como bermudas, shorts, minissaias, camisetas regatas e chinelos durante a entrada.<\/p>\n\n\n\n<p><strong>VAGAS NOVAS &#8211; 76<\/strong><\/p>\n\n\n\n<p><strong>1 vaga &#8211; Auxiliar de Manuten\u00e7\u00e3o Industrial<\/strong><\/p>\n\n\n\n<p><strong>Escolaridade &#8211;<\/strong> ensino m\u00e9dio completo;<\/p>\n\n\n\n<p><strong>Experi\u00eancia &#8211; <\/strong>seis meses na Carteira de Trabalho;<\/p>\n\n\n\n<p><strong>Requisitos Obrigat\u00f3rios <\/strong>&#8211; possuir documenta\u00e7\u00e3o completa (com dispensa militar);<\/p>\n\n\n\n<p><strong>Atividades &#8211;<\/strong> apoiar a conserva\u00e7\u00e3o e reparo de equipamentos e instala\u00e7\u00f5es, realizando tarefas como lubrifica\u00e7\u00e3o, limpeza, montagem\/desmontagem de pe\u00e7as, troca de componentes, aux\u00edlio em manuten\u00e7\u00f5es el\u00e9tricas\/hidr\u00e1ulicas e organiza\u00e7\u00e3o de ferramentas.<\/p>\n\n\n\n<p><strong>Dispon\u00edvel at\u00e9 20\/1\/2026 ou encerramento da vaga<\/strong><\/p>\n\n\n\n<p><strong>5 vagas &#8211; Estoquista<\/strong><\/p>\n\n\n\n<p><strong>Escolaridade &#8211;<\/strong> ensino m\u00e9dio completo;<\/p>\n\n\n\n<p><strong>Experi\u00eancia &#8211; <\/strong>n\u00e3o \u00e9 necess\u00e1rio;<\/p>\n\n\n\n<p><strong>Requisitos Obrigat\u00f3rios <\/strong>&#8211; possuir documenta\u00e7\u00e3o completa (com dispensa militar);<\/p>\n\n\n\n<p><strong>Atividades &#8211;<\/strong> receber, conferir, armazenar, organizar e controlar mercadorias, materiais e produtos.<\/p>\n\n\n\n<p><strong>Dispon\u00edvel at\u00e9 20\/1\/2026 ou encerramento da vaga<\/strong><\/p>\n\n\n\n<p><strong>3 vagas &#8211; Auxiliar de Limpeza<\/strong><\/p>\n\n\n\n<p><strong>Escolaridade &#8211;<\/strong> ensino m\u00e9dio completo;<\/p>\n\n\n\n<p><strong>Experi\u00eancia &#8211; <\/strong>seis meses na Carteira de Trabalho;<\/p>\n\n\n\n<p><strong>Requisitos Obrigat\u00f3rios <\/strong>&#8211; possuir documenta\u00e7\u00e3o completa;<\/p>\n\n\n\n<p><strong>Atividades &#8211;<\/strong> realizar a higieniza\u00e7\u00e3o e conserva\u00e7\u00e3o de ambientes, incluindo varrer, passar pano, limpar vidros, desinfetar banheiros e cozinhas, coletar e descartar lixo, repor materiais de higiene, limpar m\u00f3veis, pisos, \u00e1reas comuns e zelar pelos materiais e equipamentos de limpeza.<\/p>\n\n\n\n<p><strong>Dispon\u00edvel at\u00e9 20\/1\/2026 ou encerramento da vaga<\/strong><\/p>\n\n\n\n<p><strong>2 vagas &#8211; Servi\u00e7os Gerais<\/strong><\/p>\n\n\n\n<p><strong>Escolaridade &#8211;<\/strong> ensino m\u00e9dio completo;<\/p>\n\n\n\n<p><strong>Experi\u00eancia &#8211; <\/strong>seis meses na Carteira de Trabalho;<\/p>\n\n\n\n<p><strong>Requisitos Obrigat\u00f3rios <\/strong>&#8211; possuir documenta\u00e7\u00e3o completa (com dispensa militar);<\/p>\n\n\n\n<p><strong>Atividades &#8211;<\/strong> executar servi\u00e7os de limpeza; substituir, trocar, limpar e instalar pe\u00e7as, componentes e equipamentos; conservar vidros e fachadas, limpar recintos e acess\u00f3rios.<\/p>\n\n\n\n<p><strong>Dispon\u00edvel at\u00e9 20\/1\/2026 ou encerramento da vaga<\/strong><\/p>\n\n\n\n<p><strong>2 vagas &#8211; Fiscal de Loja<\/strong><\/p>\n\n\n\n<p><strong>Escolaridade &#8211;<\/strong> ensino m\u00e9dio completo;<\/p>\n\n\n\n<p><strong>Experi\u00eancia &#8211; <\/strong>seis meses na Carteira de Trabalho;<\/p>\n\n\n\n<p><strong>Requisitos Obrigat\u00f3rios <\/strong>&#8211; possuir documenta\u00e7\u00e3o completa (com dispensa militar);<\/p>\n\n\n\n<p><strong>Atividades &#8211;<\/strong> monitorar processos internos e externos, prevenir furtos, danos e fraudes, e implementar medidas de seguran\u00e7a para proteger o patrim\u00f4nio da empresa.<\/p>\n\n\n\n<p><strong>Dispon\u00edvel at\u00e9 20\/1\/2026 ou encerramento da vaga<\/strong><\/p>\n\n\n\n<p><strong>3 vagas &#8211; Atendente de A\u00e7ougue<\/strong><\/p>\n\n\n\n<p><strong>Escolaridade &#8211;<\/strong> ensino m\u00e9dio completo;<\/p>\n\n\n\n<p><strong>Experi\u00eancia &#8211; <\/strong>seis meses na Carteira de Trabalho;<\/p>\n\n\n\n<p><strong>Requisitos Obrigat\u00f3rios <\/strong>&#8211; possuir documenta\u00e7\u00e3o completa (com dispensa militar);<\/p>\n\n\n\n<p><strong>Atividades &#8211;<\/strong> fazer atendimento ao cliente e fornecer orienta\u00e7\u00e3o sobre carnes, adquirindo habilidade no preparo; ajudar o a\u00e7ougueiro no corte de carne, separa\u00e7\u00e3o e desossa; reportar-se ao l\u00edder de a\u00e7ougue.<\/p>\n\n\n\n<p><strong>Dispon\u00edvel at\u00e9 20\/1\/2026 ou encerramento da vaga<\/strong><\/p>\n\n\n\n<p><strong>3 vagas &#8211; Atendente de Padaria<\/strong><\/p>\n\n\n\n<p><strong>Escolaridade &#8211;<\/strong> ensino m\u00e9dio completo;<\/p>\n\n\n\n<p><strong>Experi\u00eancia &#8211; <\/strong>seis meses na Carteira de Trabalho;<\/p>\n\n\n\n<p><strong>Requisitos Obrigat\u00f3rios <\/strong>&#8211; possuir documenta\u00e7\u00e3o completa (com dispensa militar);<\/p>\n\n\n\n<p><strong>Atividades &#8211;<\/strong> vender mercadorias em estabelecimentos do com\u00e9rcio varejista ou atacadista, auxiliando os clientes na escolha; expor mercadorias de forma atrativa, em pontos estrat\u00e9gicos de vendas, com etiquetas de pre\u00e7o; abastecer pontos de venda, g\u00f4ndolas e balc\u00f5es e atender clientes.<\/p>\n\n\n\n<p><strong>Dispon\u00edvel at\u00e9 20\/1\/2026 ou encerramento da vaga<\/strong><\/p>\n\n\n\n<p><strong>2 vagas &#8211; Auxiliar de Padaria<\/strong><\/p>\n\n\n\n<p><strong>Escolaridade &#8211;<\/strong> ensino m\u00e9dio completo;<\/p>\n\n\n\n<p><strong>Experi\u00eancia &#8211; <\/strong>seis meses na Carteira de Trabalho;<\/p>\n\n\n\n<p><strong>Requisitos Obrigat\u00f3rios <\/strong>&#8211; possuir documenta\u00e7\u00e3o completa (com dispensa militar);<\/p>\n\n\n\n<p><strong>Atividades &#8211;<\/strong> auxiliar o padeiro na produ\u00e7\u00e3o de p\u00e3es, bolos, tortas e outros produtos de padaria.<\/p>\n\n\n\n<p><strong>Dispon\u00edvel at\u00e9 20\/1\/2026 ou encerramento da vaga<\/strong><\/p>\n\n\n\n<p><strong>50 vagas &#8211; Auxiliar de Produ\u00e7\u00e3o<\/strong><\/p>\n\n\n\n<p><strong>Escolaridade &#8211;<\/strong> ensino m\u00e9dio completo;<\/p>\n\n\n\n<p><strong>Experi\u00eancia &#8211; <\/strong>seis meses na Carteira de Trabalho;<\/p>\n\n\n\n<p><strong>Requisitos Obrigat\u00f3rios <\/strong>&#8211; ter experi\u00eancia em ind\u00fastria de pl\u00e1stico, disponibilidade de hor\u00e1rio e possuir documenta\u00e7\u00e3o completa (com dispensa militar);<\/p>\n\n\n\n<p><strong>Atividades &#8211;<\/strong> apoio no processo produtivo; abastecimento de m\u00e1quinas; separa\u00e7\u00e3o, embalagem e inspe\u00e7\u00e3o visual de pe\u00e7as; organiza\u00e7\u00e3o do setor; cumprimento das normas de seguran\u00e7a.<\/p>\n\n\n\n<p><strong>Dispon\u00edvel at\u00e9 20\/1\/2026 ou encerramento da vaga<\/strong><\/p>\n\n\n\n<p><strong>1 vaga &#8211; Auxiliar de Refrigera\u00e7\u00e3o<\/strong><\/p>\n\n\n\n<p><strong>Escolaridade &#8211;<\/strong> ensino m\u00e9dio completo;<\/p>\n\n\n\n<p><strong>Experi\u00eancia &#8211; <\/strong>n\u00e3o \u00e9 necess\u00e1rio;<\/p>\n\n\n\n<p><strong>Requisitos Obrigat\u00f3rios <\/strong>&#8211; possuir documenta\u00e7\u00e3o completa (com dispensa militar);<\/p>\n\n\n\n<p><strong>Atividades &#8211;<\/strong> realizar limpeza em ar-condicionado, lavador de g\u00e1s, coifas, exaustores, caixas de ar, bombas d&#8217;\u00e1gua, motores el\u00e9tricos.<\/p>\n\n\n\n<p><strong>Dispon\u00edvel at\u00e9 20\/1\/2026 ou encerramento da vaga<\/strong><\/p>\n\n\n\n<p><strong>4 vagas &#8211; Motorista de Caminh\u00e3o<\/strong><\/p>\n\n\n\n<p><strong>Escolaridade &#8211;<\/strong> ensino fundamental completo;<\/p>\n\n\n\n<p><strong>Experi\u00eancia &#8211; <\/strong>n\u00e3o \u00e9 necess\u00e1rio;<\/p>\n\n\n\n<p><strong>Requisitos Obrigat\u00f3rios <\/strong>&#8211; ter Carteira Nacional de Habilita\u00e7\u00e3o categoria \u201cD\u201d, disponibilidade para viagem e possuir documenta\u00e7\u00e3o completa (com dispensa militar);<\/p>\n\n\n\n<p><strong>Atividades &#8211;<\/strong> conferir cargas, transportar cargas, realizar inspe\u00e7\u00f5es e reparos b\u00e1sicos no ve\u00edculo e comunicar-se em tempo real com os superiores, entre outras atividades correlatas \u00e0 fun\u00e7\u00e3o.<\/p>\n\n\n\n<p><strong>Dispon\u00edvel at\u00e9 20\/1\/2026 ou encerramento da vaga<\/strong><\/p>\n\n\n\n<p><strong>COM\u00c9RCIO &#8211; 6<\/strong><\/p>\n\n\n\n<p><strong>1 vaga &#8211; Vendedora<\/strong><\/p>\n\n\n\n<p><strong>Escolaridade &#8211;<\/strong> ensino m\u00e9dio completo;<\/p>\n\n\n\n<p><strong>Experi\u00eancia &#8211; <\/strong>seis meses na Carteira de Trabalho;<\/p>\n\n\n\n<p><strong>Requisitos Obrigat\u00f3rios <\/strong>&#8211; ter disponibilidade de hor\u00e1rio, trabalhar em escala 6&#215;1 e possuir documenta\u00e7\u00e3o completa;<\/p>\n\n\n\n<p><strong>Atividades &#8211;<\/strong> atendimento ao cliente; fechamento de vendas no sistema.<\/p>\n\n\n\n<p><strong>Dispon\u00edvel at\u00e9 20\/1\/2026 ou encerramento da vaga<\/strong><\/p>\n\n\n\n<p><strong>5 vagas &#8211; Auxiliar Peixeiro<\/strong><\/p>\n\n\n\n<p><strong>Escolaridade &#8211;<\/strong> ensino m\u00e9dio completo;<\/p>\n\n\n\n<p><strong>Experi\u00eancia &#8211; <\/strong>n\u00e3o \u00e9 necess\u00e1rio;<\/p>\n\n\n\n<p><strong>Requisitos Obrigat\u00f3rios <\/strong>&#8211; possuir documenta\u00e7\u00e3o completa (com dispensa militar);<\/p>\n\n\n\n<p><strong>Atividades &#8211;<\/strong> atender clientes em lojas e mercados, para venda de mercadorias; prepara-se para realizar as atividades, informando-se sobre novos produtos e promo\u00e7\u00f5es; descreve e demonstra a mercadoria ao cliente; calcular e informar ao cliente o valor a pagar.<\/p>\n\n\n\n<p><strong>Dispon\u00edvel at\u00e9 20\/1\/2026 ou encerramento da vaga<\/strong><\/p>\n\n\n\n<p><strong>IND\u00daSTRIA &#8211;&nbsp; 19<\/strong><\/p>\n\n\n\n<p><strong>2 vagas &#8211; Auxiliar de Expedi\u00e7\u00e3o Carga e Descarga<\/strong><\/p>\n\n\n\n<p><strong>Escolaridade &#8211;<\/strong> ensino m\u00e9dio completo;<\/p>\n\n\n\n<p><strong>Experi\u00eancia &#8211; <\/strong>seis meses na Carteira de Trabalho;<\/p>\n\n\n\n<p><strong>Requisitos Obrigat\u00f3rios <\/strong>&#8211; possuir documenta\u00e7\u00e3o completa (com dispensa militar);<\/p>\n\n\n\n<p><strong>Atividades &#8211;<\/strong> acompanhar o motorista na prepara\u00e7\u00e3o e na entrega de mercadorias para transporte e movimenta\u00e7\u00e3o; fazer confer\u00eancias, organizar os materiais e ter manuseio com equipamentos como paleteiras e empilhadeiras.<\/p>\n\n\n\n<p><strong>Dispon\u00edvel at\u00e9 20\/1\/2026 ou encerramento da vaga<\/strong><\/p>\n\n\n\n<p><strong>1 vaga &#8211; Eletromec\u00e2nico Industrial Jr<\/strong><\/p>\n\n\n\n<p><strong>Escolaridade &#8211;<\/strong> ensino t\u00e9cnico completo em El\u00e9trica ou Eletrot\u00e9cnica;<\/p>\n\n\n\n<p><strong>Experi\u00eancia &#8211; <\/strong>seis meses na Carteira de Trabalho;<\/p>\n\n\n\n<p><strong>Requisitos Obrigat\u00f3rios <\/strong>&#8211; possuir documenta\u00e7\u00e3o completa (com dispensa militar);<\/p>\n\n\n\n<p><strong>Atividades &#8211;<\/strong> realizar manuten\u00e7\u00f5es corretivas e preventivas em equipamentos eletromec\u00e2nicos.<\/p>\n\n\n\n<p><strong>Dispon\u00edvel at\u00e9 20\/1\/2026 ou encerramento da vaga<\/strong><\/p>\n\n\n\n<p><strong>2 vagas &#8211; Auxiliar de Contas a Receber<\/strong><\/p>\n\n\n\n<p><strong>Escolaridade &#8211;<\/strong> ensino m\u00e9dio completo;<\/p>\n\n\n\n<p><strong>Experi\u00eancia &#8211; <\/strong>seis meses na Carteira de Trabalho;<\/p>\n\n\n\n<p><strong>Requisitos Obrigat\u00f3rios <\/strong>&#8211; ter curso de Assistente Administrativo e possuir documenta\u00e7\u00e3o completa;<\/p>\n\n\n\n<p><strong>Atividades &#8211;<\/strong> contas a receber; tesouraria; cobran\u00e7a; rotinas administrativas; atendimento ao p\u00fablico e viv\u00eancia em escrit\u00f3rio.<\/p>\n\n\n\n<p><strong>Dispon\u00edvel at\u00e9 20\/1\/2026 ou encerramento da vaga<\/strong><\/p>\n\n\n\n<p><strong>2 vagas &#8211; T\u00e9cnico de Controle de Qualidade<\/strong><\/p>\n\n\n\n<p><strong>Escolaridade &#8211;<\/strong> ensino m\u00e9dio completo;<\/p>\n\n\n\n<p><strong>Experi\u00eancia &#8211; <\/strong>seis meses na Carteira de Trabalho;<\/p>\n\n\n\n<p><strong>Requisitos Obrigat\u00f3rios <\/strong>&#8211; ter curso t\u00e9cnico de Controle de Qualidade ou Produ\u00e7\u00e3o, experi\u00eancia na \u00e1rea de ind\u00fastria, disponibilidade de hor\u00e1rio e possuir documenta\u00e7\u00e3o completa (com dispensa militar);<\/p>\n\n\n\n<p><strong>Atividades &#8211;<\/strong> inspe\u00e7\u00e3o e controle de qualidade dos produtos e processos; acompanhamento do processo produtivo; preenchimento de registros e relat\u00f3rios de qualidade; identifica\u00e7\u00e3o de n\u00e3o conformidades e apoio nas a\u00e7\u00f5es corretivas; garantir o cumprimento dos padr\u00f5es de qualidade e normas internas; apoio \u00e0s auditorias internas; cumprimento das normas de seguran\u00e7a e qualidade.<\/p>\n\n\n\n<p><strong>Dispon\u00edvel at\u00e9 20\/1\/2026 ou encerramento da vaga<\/strong><\/p>\n\n\n\n<p><strong>2 vagas &#8211; T\u00e9cnico de Planejamento de Produ\u00e7\u00e3o<\/strong><\/p>\n\n\n\n<p><strong>Escolaridade &#8211;<\/strong> cursando ensino superior em Engenharia de Produ\u00e7\u00e3o, Mec\u00e2nica ou Industrial;<\/p>\n\n\n\n<p><strong>Experi\u00eancia &#8211; <\/strong>registrada na Carteira de Trabalho;<\/p>\n\n\n\n<p><strong>Requisitos Obrigat\u00f3rios <\/strong>&#8211; ter disponibilidade de hor\u00e1rio e possuir documenta\u00e7\u00e3o completa (com dispensa militar);<\/p>\n\n\n\n<p><strong>Atividades &#8211;<\/strong> zelar pelas boas pr\u00e1ticas e cumprir as determina\u00e7\u00f5es legais previstas na LGPD e demais legisla\u00e7\u00f5es aplic\u00e1veis no uso de sistemas, internet e informa\u00e7\u00f5es corporativas; programar e controlar a produ\u00e7\u00e3o e a manuten\u00e7\u00e3o; definir cronogramas e prioridades de produ\u00e7\u00e3o; identificar oportunidades e propor a\u00e7\u00f5es de melhoria cont\u00ednua; registrar, monitorar e controlar par\u00e2metros do processo produtivo; comunicar imediatamente qualquer situa\u00e7\u00e3o adversa ou divergente dos processos e procedimentos da empresa; responder e acompanhar planos de a\u00e7\u00e3o de n\u00e3o conformidades; controlar e validar os lan\u00e7amentos de dados no sistema; executar atividades utilizando sistemas informatizados (ERP), especialmente no m\u00f3dulo de programa\u00e7\u00e3o e controle da produ\u00e7\u00e3o; controlar estoques de mat\u00e9ria-prima, insumos e produtos acabados; realizar o acompanhamento da produ\u00e7\u00e3o e an\u00e1lise da capacidade produtiva; apoiar os processos e procedimentos do setor de produ\u00e7\u00e3o; programar e controlar planos de manuten\u00e7\u00e3o preventiva e corretiva; analisar falhas em m\u00e1quinas e equipamentos de produ\u00e7\u00e3o; apoiar no desenvolvimento de novos fornecedores.<\/p>\n\n\n\n<p><strong>Dispon\u00edvel at\u00e9 20\/1\/2026 ou encerramento da vaga<\/strong><\/p>\n\n\n\n<p><strong>1 vaga &#8211; Assistente Financeiro<\/strong><\/p>\n\n\n\n<p><strong>Escolaridade &#8211;<\/strong> ensino superior completo em Contabilidade ou Administra\u00e7\u00e3o;<\/p>\n\n\n\n<p><strong>Experi\u00eancia &#8211; <\/strong>seis meses na Carteira de Trabalho;<\/p>\n\n\n\n<p><strong>Requisitos Obrigat\u00f3rios <\/strong>&#8211; ter conhecimento em ERP; experi\u00eancia em fechamento cont\u00e1bil e possuir documenta\u00e7\u00e3o completa;<\/p>\n\n\n\n<p><strong>Atividades &#8211;<\/strong> controlar e conciliar o processo de contas a receber; acompanhar e cobrar clientes inadimplentes, garantindo o fluxo de receb\u00edveis; realizar lan\u00e7amentos cont\u00e1beis e concilia\u00e7\u00e3o banc\u00e1ria relacionada a recebimentos; elaborar relat\u00f3rios de fluxo de caixa, inadimpl\u00eancia e proje\u00e7\u00f5es financeiras.<\/p>\n\n\n\n<p><strong>Dispon\u00edvel at\u00e9 20\/1\/2026 ou encerramento da vaga<\/strong><\/p>\n\n\n\n<p><strong>3 vagas &#8211; Operador de M\u00e1quina<\/strong><\/p>\n\n\n\n<p><strong>Escolaridade &#8211;<\/strong> ensino fundamental completo;<\/p>\n\n\n\n<p><strong>Experi\u00eancia &#8211; <\/strong>registrada na Carteira de Trabalho;<\/p>\n\n\n\n<p><strong>Requisitos Obrigat\u00f3rios <\/strong>&#8211; ter disponibilidade de hor\u00e1rio e possuir documenta\u00e7\u00e3o completa;<\/p>\n\n\n\n<p><strong>Atividades &#8211;<\/strong> preparar, regular e operar m\u00e1quinas lixadeiras e politrizes para dar acabamento em pe\u00e7as met\u00e1licas, lixando&nbsp; e polindo superf\u00edcies para nivelar, uniformizar, remover rebarbas ou preparar para pintura, sempre seguindo normas de seguran\u00e7a, controlando a qualidade e realizando manuten\u00e7\u00f5es b\u00e1sicas no equipamento.<\/p>\n\n\n\n<p><strong>Dispon\u00edvel at\u00e9 20\/1\/2026 ou encerramento da vaga<\/strong><\/p>\n\n\n\n<p><strong>3 vagas &#8211; Inspetor de Qualidade<\/strong><\/p>\n\n\n\n<p><strong>Escolaridade &#8211;<\/strong> ensino fundamental completo;<\/p>\n\n\n\n<p><strong>Experi\u00eancia &#8211; <\/strong>registrada na Carteira de Trabalho;<\/p>\n\n\n\n<p><strong>Requisitos Obrigat\u00f3rios <\/strong>&#8211; possuir documenta\u00e7\u00e3o completa;<\/p>\n\n\n\n<p><strong>Atividades &#8211;<\/strong> inspecionar produtos e servi\u00e7os; verificar conformidade de processos; informar setores sobre n\u00e3o conformidades e emitir libera\u00e7\u00e3o; atuar com normas t\u00e9cnicas, regulamentadoras e de seguran\u00e7a.<\/p>\n\n\n\n<p><strong>Dispon\u00edvel at\u00e9 20\/1\/2026 ou encerramento da vaga<\/strong><\/p>\n\n\n\n<p><strong>3 vagas &#8211; Analista de PCP<\/strong><\/p>\n\n\n\n<p><strong>Escolaridade &#8211;<\/strong> ensino m\u00e9dio completo;<\/p>\n\n\n\n<p><strong>Experi\u00eancia &#8211; <\/strong>registrada na Carteira de Trabalho;<\/p>\n\n\n\n<p><strong>Requisitos Obrigat\u00f3rios <\/strong>&#8211; possuir documenta\u00e7\u00e3o completa;<\/p>\n\n\n\n<p><strong>Atividades &#8211;<\/strong> acompanhar a execu\u00e7\u00e3o dos planos, identificando desvios e propondo a\u00e7\u00f5es corretivas; processar informa\u00e7\u00f5es da produ\u00e7\u00e3o para avaliar desempenho e tomar decis\u00f5es; buscar a melhoria cont\u00ednua dos processos, utilizando ferramentas e m\u00e9tricas espec\u00edficas; colaborar com diversas \u00e1reas.<\/p>\n\n\n\n<p><strong>Dispon\u00edvel at\u00e9 20\/1\/2026 ou encerramento da vaga<\/strong><\/p>\n\n\n\n<p><strong>SERVI\u00c7O &#8211; 125<\/strong><\/p>\n\n\n\n<p><strong>25 vagas &#8211; Atendente<\/strong><\/p>\n\n\n\n<p><strong>Escolaridade &#8211; <\/strong>ensino fundamental completo;<\/p>\n\n\n\n<p><strong>Experi\u00eancia &#8211;<\/strong> n\u00e3o \u00e9 necess\u00e1rio;<\/p>\n\n\n\n<p><strong>Requisitos Obrigat\u00f3rios &#8211; <\/strong>a vaga \u00e9 destinada para candidatos que est\u00e3o em busca de novos desafios; o candidato vai precisar morar em: MG | RJ | ES | PA | Nordeste, trabalhar em escala 6&#215;1 e possuir documenta\u00e7\u00e3o completa;<\/p>\n\n\n\n<p><strong>Atividades &#8211; <\/strong>recepcionar os clientes de forma cordial e atenciosa; realizar o atendimento e auxiliar na escolha do card\u00e1pio; registrar os pedidos e encaminh\u00e1-los \u00e0 cozinha; auxiliar na montagem e organiza\u00e7\u00e3o das mesas; realizar a manuten\u00e7\u00e3o, organiza\u00e7\u00e3o e limpeza do ambiente.<\/p>\n\n\n\n<p><strong>Dispon\u00edvel at\u00e9 20\/1\/2026 ou encerramento da vaga<\/strong><\/p>\n\n\n\n<p><strong>25 vagas &#8211; Auxiliar de Cozinha<\/strong><\/p>\n\n\n\n<p><strong>Escolaridade &#8211; <\/strong>ensino fundamental completo;<\/p>\n\n\n\n<p><strong>Experi\u00eancia &#8211;<\/strong> n\u00e3o \u00e9 necess\u00e1rio;<\/p>\n\n\n\n<p><strong>Requisitos Obrigat\u00f3rios &#8211; <\/strong>a vaga \u00e9 destinada para candidatos que est\u00e3o em busca de novos desafios; o candidato vai precisar morar em: MG | RJ | ES | PA | Nordeste, trabalhar em escala 6&#215;1 e possuir documenta\u00e7\u00e3o completa;<\/p>\n\n\n\n<p><strong>Atividades &#8211; <\/strong>prepara\u00e7\u00e3o e organiza\u00e7\u00e3o de alimentos, a higieniza\u00e7\u00e3o do ambiente e dos utens\u00edlios, e o apoio direto aos cozinheiros.<\/p>\n\n\n\n<p><strong>Dispon\u00edvel at\u00e9 20\/1\/2026 ou encerramento da vaga<\/strong><\/p>\n\n\n\n<p><strong>1 vaga &#8211; Churrasqueiro<\/strong><\/p>\n\n\n\n<p><strong>Escolaridade &#8211;<\/strong> ensino fundamental completo;<\/p>\n\n\n\n<p><strong>Experi\u00eancia &#8211; <\/strong>seis meses na Carteira de Trabalho ou avulsa;<\/p>\n\n\n\n<p><strong>Requisitos Obrigat\u00f3rios <\/strong>&#8211; ter disponibilidade de hor\u00e1rio e possuir documenta\u00e7\u00e3o completa (com dispensa militar);<\/p>\n\n\n\n<p><strong>Atividades &#8211;<\/strong> planejar as quantidades de carnes bovinas e su\u00ednas, de aves e de peixes, os tipos de acompanhamentos e o volume de carv\u00e3o, de modo a atender ao card\u00e1pio pr\u00e9-definido e a quantidade de comensais.<\/p>\n\n\n\n<p><strong>Dispon\u00edvel at\u00e9 20\/1\/2026 ou encerramento da vaga<\/strong><\/p>\n\n\n\n<p><strong>1 vaga &#8211; Est\u00e1gio em Administra\u00e7\u00e3o<\/strong><\/p>\n\n\n\n<p><strong>Escolaridade &#8211;<\/strong> cursando ensino superior em Administra\u00e7\u00e3o, Recursos Humanos ou Psicologia (a partir do 3\u00ba per\u00edodo);<\/p>\n\n\n\n<p><strong>Experi\u00eancia &#8211; <\/strong>n\u00e3o \u00e9 necess\u00e1rio;<\/p>\n\n\n\n<p><strong>Requisitos Obrigat\u00f3rios <\/strong>&#8211; ter curso de Inform\u00e1tica b\u00e1sica e possuir documenta\u00e7\u00e3o completa;<\/p>\n\n\n\n<p><strong>Atividades &#8211;<\/strong> emiss\u00e3o de notas; suporte em rotinas administrativas; alimenta\u00e7\u00e3o de planilhas; organizar documentos.<\/p>\n\n\n\n<p><strong>Dispon\u00edvel at\u00e9 20\/1\/2026 ou encerramento da vaga<\/strong><\/p>\n\n\n\n<p><strong>1 vaga &#8211; Atendente<\/strong><\/p>\n\n\n\n<p><strong>Escolaridade &#8211;<\/strong> ensino m\u00e9dio completo;<\/p>\n\n\n\n<p><strong>Experi\u00eancia &#8211; <\/strong>seis meses na Carteira de Trabalho;<\/p>\n\n\n\n<p><strong>Requisitos Obrigat\u00f3rios <\/strong>&#8211; ter disponibilidade de hor\u00e1rio e possuir documenta\u00e7\u00e3o completa;<\/p>\n\n\n\n<p><strong>Atividades &#8211;<\/strong> atendimento ao cliente, montar os pratos, fritar salgados, fazer sucos e gomas, servir tacac\u00e1 e manter limpo o local de trabalho<\/p>\n\n\n\n<p><strong>Dispon\u00edvel at\u00e9 20\/1\/2026 ou encerramento da vaga<\/strong><\/p>\n\n\n\n<p><strong>1 vaga &#8211; Est\u00e1gio de Marketing<\/strong><\/p>\n\n\n\n<p><strong>Escolaridade &#8211;<\/strong> cursando ensino superior em Marketing, Publicidade ou Jornalismo (a partir do 2\u00ba per\u00edodo);<\/p>\n\n\n\n<p><strong>Experi\u00eancia &#8211; <\/strong>n\u00e3o \u00e9 necess\u00e1rio;<\/p>\n\n\n\n<p><strong>Requisitos Obrigat\u00f3rios <\/strong>&#8211; ter disponibilidade de hor\u00e1rio e possuir documenta\u00e7\u00e3o completa;<\/p>\n\n\n\n<p><strong>Atividades &#8211;<\/strong> criar conte\u00fados visuais e publica\u00e7\u00f5es para redes sociais, com suporte \u00e0s \u00e1reas internas e participa\u00e7\u00e3o em campanhas de engajamento da marca.<\/p>\n\n\n\n<p><strong>Dispon\u00edvel at\u00e9 20\/1\/2026 ou encerramento da vaga<\/strong><\/p>\n\n\n\n<p><strong>1 vaga &#8211; Assistente de Supervis\u00e3o<\/strong><\/p>\n\n\n\n<p><strong>Escolaridade &#8211;<\/strong> ensino m\u00e9dio completo;<\/p>\n\n\n\n<p><strong>Experi\u00eancia &#8211; <\/strong>seis meses na Carteira de Trabalho;<\/p>\n\n\n\n<p><strong>Requisitos Obrigat\u00f3rios <\/strong>&#8211; ter disponibilidade de hor\u00e1rio, curso e Inform\u00e1tica avan\u00e7ada e possuir documenta\u00e7\u00e3o completa;<\/p>\n\n\n\n<p><strong>Atividades &#8211;<\/strong> distribuir tarefas e orientar os colaboradores; acompanhar prazos, metas e qualidade do trabalho; fazer relat\u00f3rios e analisar dados para sugerir melhorias; servir de elo entre equipe e supervis\u00e3o.<\/p>\n\n\n\n<p><strong>Dispon\u00edvel at\u00e9 20\/1\/2026 ou encerramento da vaga<\/strong><\/p>\n\n\n\n<p><strong>1 vaga &#8211; Chapeiro<\/strong><\/p>\n\n\n\n<p><strong>Escolaridade &#8211;<\/strong> ensino m\u00e9dio completo;<\/p>\n\n\n\n<p><strong>Experi\u00eancia &#8211; <\/strong>tr\u00eas meses na Carteira de Trabalho ou avulsa;<\/p>\n\n\n\n<p><strong>Requisitos Obrigat\u00f3rios <\/strong>&#8211; ter disponibilidade de hor\u00e1rio e possuir documenta\u00e7\u00e3o completa (com dispensa militar);<\/p>\n\n\n\n<p><strong>Atividades &#8211;<\/strong> preparar carne; limpeza e higieniza\u00e7\u00e3o dos equipamentos; manter o local de trabalho organizado; armazenar corretamente os produtos.<\/p>\n\n\n\n<p><strong>Dispon\u00edvel at\u00e9 20\/1\/2026 ou encerramento da vaga<\/strong><\/p>\n\n\n\n<p><strong>1 vaga &#8211; Operador de Retroescavadeira<\/strong><\/p>\n\n\n\n<p><strong>Escolaridade &#8211;<\/strong> ensino fundamental completo;<\/p>\n\n\n\n<p><strong>Experi\u00eancia &#8211; <\/strong>registrada na Carteira de Trabalho;<\/p>\n\n\n\n<p><strong>Requisitos Obrigat\u00f3rios <\/strong>&#8211; ter Carteira Nacional de Habilita\u00e7\u00e3o categoria \u201cD\u201d e possuir documenta\u00e7\u00e3o completa (com dispensa militar);<\/p>\n\n\n\n<p><strong>Atividades &#8211;<\/strong> executar os trabalhos de cortes das \u00e1rvores, na \u00e1rea de supress\u00e3o garantindo o desempenho das atividades nos projetos executados pela fonte geot\u00e9cnica, seguindo determina\u00e7\u00f5es do superior imediato, normas t\u00e9cnicas e miss\u00e3o da empresa.<\/p>\n\n\n\n<p><strong>Dispon\u00edvel at\u00e9 20\/1\/2026 ou encerramento da vaga<\/strong><\/p>\n\n\n\n<p><strong>1 vaga &#8211; Confeiteiro<\/strong><\/p>\n\n\n\n<p><strong>Escolaridade &#8211;<\/strong> ensino fundamental completo;<\/p>\n\n\n\n<p><strong>Experi\u00eancia &#8211; <\/strong>seis meses na Carteira de Trabalho;<\/p>\n\n\n\n<p><strong>Requisitos Obrigat\u00f3rios <\/strong>&#8211; possuir documenta\u00e7\u00e3o completa;<\/p>\n\n\n\n<p><strong>Atividades &#8211;<\/strong> fazer massas, salgados, biscoitos, bolos, tortas e outros doces.<\/p>\n\n\n\n<p><strong>Dispon\u00edvel at\u00e9 20\/1\/2026 ou encerramento da vaga<\/strong><\/p>\n\n\n\n<p><strong>10 vagas &#8211; Jovem Aprendiz &#8211; Auxiliar Administrativo<\/strong><\/p>\n\n\n\n<p><strong>Escolaridade &#8211;<\/strong> ensino m\u00e9dio completo;<\/p>\n\n\n\n<p><strong>Experi\u00eancia &#8211; <\/strong>n\u00e3o \u00e9 necess\u00e1rio;<\/p>\n\n\n\n<p><strong>Requisitos Obrigat\u00f3rios <\/strong>&#8211; ter curso de Inform\u00e1tica b\u00e1sica e possuir documenta\u00e7\u00e3o completa (com dispensa militar);<\/p>\n\n\n\n<p><strong>Atividades &#8211;<\/strong> dar suporte nas atividades do setor de compras, controle de documentos e apoio nas rotinas operacionais, solicitar e comparar pre\u00e7os com fornecedores, manter o cadastro de fornecedores e produtos atualizados no sistema, auxiliar no controle e confer\u00eancia de notas fiscais.<\/p>\n\n\n\n<p><strong>Dispon\u00edvel at\u00e9 20\/1\/2026 ou encerramento da vaga<\/strong><\/p>\n\n\n\n<p><strong>2 vagas &#8211; Art\u00edfice de Manuten\u00e7\u00e3o Predial<\/strong><\/p>\n\n\n\n<p><strong>Escolaridade &#8211;<\/strong> ensino m\u00e9dio completo;<\/p>\n\n\n\n<p><strong>Experi\u00eancia &#8211; <\/strong>tr\u00eas meses na Carteira de Trabalho;<\/p>\n\n\n\n<p><strong>Requisitos Obrigat\u00f3rios <\/strong>&#8211; possuir documenta\u00e7\u00e3o completa (com dispensa militar);<\/p>\n\n\n\n<p><strong>Atividades &#8211;<\/strong> realizar inspe\u00e7\u00f5es e ajustes em equipamentos e instala\u00e7\u00f5es para evitar falhas, trocar pe\u00e7as desgastadas ou defeituosas; limpeza e manuten\u00e7\u00e3o e manter em bom estado instala\u00e7\u00f5es como encanamentos, sistemas el\u00e9tricos; realizar reparos em paredes, tetos e pisos.<\/p>\n\n\n\n<p><strong>Dispon\u00edvel at\u00e9 20\/1\/2026 ou encerramento da vaga<\/strong><\/p>\n\n\n\n<p><strong>2 vagas &#8211; Analista de Recursos Humanos<\/strong><\/p>\n\n\n\n<p><strong>Escolaridade &#8211;<\/strong> ensino superior completo em Psicologia;<\/p>\n\n\n\n<p><strong>Experi\u00eancia &#8211; <\/strong>seis meses na Carteira de Trabalho;<\/p>\n\n\n\n<p><strong>Requisitos Obrigat\u00f3rios <\/strong>&#8211; ter CRP ativo, Pacote Office, conhecimento nas normas NBR ISO 9001, 14001, 45001 e possuir documenta\u00e7\u00e3o completa;<\/p>\n\n\n\n<p><strong>Atividades &#8211;<\/strong> realizar avalia\u00e7\u00f5es de desempenho e acompanhamento do desenvolvimento dos colaboradores, identificando e tratando quest\u00f5es psicol\u00f3gicas que possam impactar o trabalho; identificar fatores de estresse no ambiente corporativo e desenvolve estrat\u00e9gias como programas de bem-estar, para mitig\u00e1-los, promovendo um ambiente mais saud\u00e1vel e produtivo; oferecer apoio psicol\u00f3gico individual e em grupo para lidar com crises pessoais e profissionais, como luto, demiss\u00f5es ou conflitos; atuar na resolu\u00e7\u00e3o de conflitos dentro da equipe e entre diferentes n\u00edveis hier\u00e1rquicos, contribuindo para um clima organizacional mais harmonioso; atendimento emergencial de colaboradores; atender as reclama\u00e7\u00f5es dos colaboradores e apurar as medidas cab\u00edveis a cada caso.<\/p>\n\n\n\n<p><strong>Dispon\u00edvel at\u00e9 20\/1\/2026 ou encerramento da vaga<\/strong><\/p>\n\n\n\n<p><strong>2 vagas &#8211; Supervisor de Armaz\u00e9m<\/strong><\/p>\n\n\n\n<p><strong>Escolaridade &#8211;<\/strong> cursando ensino superior em Administra\u00e7\u00e3o ou Log\u00edstica;<\/p>\n\n\n\n<p><strong>Experi\u00eancia &#8211; <\/strong>tr\u00eas meses na Carteira de Trabalho;<\/p>\n\n\n\n<p><strong>Requisitos Obrigat\u00f3rios <\/strong>&#8211; ter conhecimento em Inform\u00e1tica avan\u00e7ada e possuir documenta\u00e7\u00e3o completa (com dispensa militar);<\/p>\n\n\n\n<p><strong>Atividades &#8211;<\/strong> supervisionar fiscaliza\u00e7\u00e3o f\u00edsica das cargas juntos aos \u00f3rg\u00e3os federais competentes; supervisionar processo de leil\u00f5es da Receita Federal, retirada de carga para destrui\u00e7\u00e3o e cargas em perdimento no armaz\u00e9m; supervisionar libera\u00e7\u00e3o de cargas n\u00e3o desembara\u00e7adas do armaz\u00e9m e averba\u00e7\u00e3o e cargas com reten\u00e7\u00e3o ou com entrega n\u00e3o autorizada; assinar a solicita\u00e7\u00e3o de ingresso em recinto alfandegado, representar a empresa junto aos importadores; atender procedimentos solicitados pela Receita Federal, supervisionar os processos documentais e libera\u00e7\u00f5es de importa\u00e7\u00e3o e exporta\u00e7\u00e3o pela Receita Federal do Brasil: realizar atendimento ao cliente e aos \u00f3rg\u00e3os federais; supervisionar escala para Balsas de transbordo e\/ou vazias que ir\u00e3o operar no terminal e indicadores do Setor.<\/p>\n\n\n\n<p><strong>Dispon\u00edvel at\u00e9 20\/1\/2026 ou encerramento da vaga<\/strong><\/p>\n\n\n\n<p><strong>2 vagas &#8211; Psic\u00f3logo<\/strong><\/p>\n\n\n\n<p><strong>Escolaridade &#8211;<\/strong> ensino superior completo em Psicologia;<\/p>\n\n\n\n<p><strong>Experi\u00eancia &#8211; <\/strong>seis meses na Carteira de Trabalho;<\/p>\n\n\n\n<p><strong>Requisitos Obrigat\u00f3rios <\/strong>&#8211; ter CRP ativo, Pacote Office, conhecimento nas normas NBR ISO 9001, 14001, 45001 e possuir documenta\u00e7\u00e3o completa (com dispensa militar);<\/p>\n\n\n\n<p><strong>Atividades &#8211;<\/strong> realizar avalia\u00e7\u00f5es de desempenho e acompanhamento do desenvolvimento dos colaboradores, identificando e tratando quest\u00f5es psicol\u00f3gicas que possam impactar o trabalho; identificar fatores de estresse no ambiente corporativo e desenvolve estrat\u00e9gias, como programas de bem-estar, para mitig\u00e1-los, promovendo um ambiente mais saud\u00e1vel e produtivo; oferecer apoio psicol\u00f3gico individual e em grupo para lidar com crises pessoais e profissionais, como luto, demiss\u00f5es ou conflitos; atuar na resolu\u00e7\u00e3o de conflitos dentro da equipe e entre diferentes n\u00edveis hier\u00e1rquicos, contribuindo para um clima organizacional mais harmonioso; atendimento emergencial de colaboradores; atender as reclamat\u00f3rias dos colaboradores e apurar as medidas cab\u00edveis a cada caso.<\/p>\n\n\n\n<p><strong>Dispon\u00edvel at\u00e9 20\/1\/2026 ou encerramento da vaga<\/strong><\/p>\n\n\n\n<p><strong>1 vaga &#8211; Churrasqueiro<\/strong><\/p>\n\n\n\n<p><strong>Escolaridade &#8211;<\/strong> ensino fundamental completo;<\/p>\n\n\n\n<p><strong>Experi\u00eancia &#8211; <\/strong>seis meses na Carteira de Trabalho;<\/p>\n\n\n\n<p><strong>Requisitos Obrigat\u00f3rios <\/strong>&#8211; ter disponibilidade de hor\u00e1rio e possuir documenta\u00e7\u00e3o completa (com dispensa militar);<\/p>\n\n\n\n<p><strong>Atividades &#8211;<\/strong> planejar as quantidades de carnes bovinas e su\u00ednas, de aves e de peixes, os tipos de acompanhamentos e o volume de carv\u00e3o, de modo a atender ao card\u00e1pio pr\u00e9-definido e a quantidade de comensais.<\/p>\n\n\n\n<p><strong>Dispon\u00edvel at\u00e9 20\/1\/2026 ou encerramento da vaga<\/strong><\/p>\n\n\n\n<p><strong>2 vagas &#8211; Serralheiro<\/strong><\/p>\n\n\n\n<p><strong>Escolaridade &#8211;<\/strong> ensino fundamental completo;<\/p>\n\n\n\n<p><strong>Experi\u00eancia &#8211; <\/strong>seis meses na Carteira de Trabalho;<\/p>\n\n\n\n<p><strong>Requisitos Obrigat\u00f3rios <\/strong>&#8211; possuir documenta\u00e7\u00e3o completa (com dispensa militar);<\/p>\n\n\n\n<p><strong>Atividades &#8211;<\/strong> confeccionar, reparar e instalar pe\u00e7as e elementos diversos em chapas de metal como a\u00e7o, ferro galvanizado, cobre, estanho, lat\u00e3o, alum\u00ednio e zinco; trabalhar barras perfiladas de materiais ferrosos e n\u00e3o ferrosos para fabricar esquadrias, portas, grades, vitrais e pe\u00e7as similares.<\/p>\n\n\n\n<p><strong>Dispon\u00edvel at\u00e9 20\/1\/2026 ou encerramento da vaga<\/strong><\/p>\n\n\n\n<p><strong>7 vagas &#8211; Servente de Obras<\/strong><\/p>\n\n\n\n<p><strong>Escolaridade &#8211;<\/strong> ensino fundamental completo;<\/p>\n\n\n\n<p><strong>Experi\u00eancia &#8211; <\/strong>seis meses na Carteira de Trabalho;<\/p>\n\n\n\n<p><strong>Requisitos Obrigat\u00f3rios <\/strong>&#8211; ter conhecimento em Lixadeira, Parafusadeira, Martelete e possuir documenta\u00e7\u00e3o completa (com dispensa militar);<\/p>\n\n\n\n<p><strong>Atividades &#8211;<\/strong> atuar com estruturas met\u00e1licas para telhados.<\/p>\n\n\n\n<p><strong>Dispon\u00edvel at\u00e9 20\/1\/2026 ou encerramento da vaga<\/strong><\/p>\n\n\n\n<p><strong>5 vagas &#8211; Pedreiro<\/strong><\/p>\n\n\n\n<p><strong>Escolaridade &#8211;<\/strong> ensino fundamental completo;<\/p>\n\n\n\n<p><strong>Experi\u00eancia &#8211; <\/strong>registrada na Carteira de Trabalho;<\/p>\n\n\n\n<p><strong>Requisitos Obrigat\u00f3rios <\/strong>&#8211; possuir documenta\u00e7\u00e3o completa (com dispensa militar);<\/p>\n\n\n\n<p><strong>Atividades &#8211;<\/strong> executar alvenarias, concretagem, instala\u00e7\u00f5es de pisos e revestimentos, e reparos em edifica\u00e7\u00f5es, seguindo desenhos e especifica\u00e7\u00f5es t\u00e9cnicas.<\/p>\n\n\n\n<p><strong>Dispon\u00edvel at\u00e9 20\/1\/2026 ou encerramento da vaga<\/strong><\/p>\n\n\n\n<p><strong>5 vagas &#8211; Carpinteiro<\/strong><\/p>\n\n\n\n<p><strong>Escolaridade &#8211;<\/strong> ensino fundamental completo;<\/p>\n\n\n\n<p><strong>Experi\u00eancia &#8211; <\/strong>seis meses na Carteira de Trabalho;<\/p>\n\n\n\n<p><strong>Requisitos Obrigat\u00f3rios <\/strong>&#8211; possuir documenta\u00e7\u00e3o completa (com dispensa militar);<\/p>\n\n\n\n<p><strong>Atividades &#8211;<\/strong> cortar, montar e instalar estruturas de madeira, como arma\u00e7\u00f5es de telhados e paredes, portas, janelas e escadas, usando ferramentas manuais e el\u00e9tricas.<\/p>\n\n\n\n<p><strong>Dispon\u00edvel at\u00e9 20\/1\/2026 ou encerramento da vaga<\/strong><\/p>\n\n\n\n<p><strong>1 vaga &#8211; Maqueiro<\/strong><\/p>\n\n\n\n<p><strong>Escolaridade &#8211;<\/strong> ensino m\u00e9dio completo;<\/p>\n\n\n\n<p><strong>Experi\u00eancia &#8211; <\/strong>n\u00e3o \u00e9 necess\u00e1rio;<\/p>\n\n\n\n<p><strong>Requisitos Obrigat\u00f3rios <\/strong>&#8211; possuir documenta\u00e7\u00e3o completa (com dispensa militar);<\/p>\n\n\n\n<p><strong>Atividades &#8211;<\/strong> ajudar no transporte de pacientes entre quartos, salas de exame e \u00e1reas cir\u00fargicas, utilizando macas ou cadeiras de rodas; garantir a limpeza e a organiza\u00e7\u00e3o do ambiente, al\u00e9m de zelar pela conserva\u00e7\u00e3o das instala\u00e7\u00f5es e equipamentos.<\/p>\n\n\n\n<p><strong>Dispon\u00edvel at\u00e9 20\/1\/2026 ou encerramento da vaga<\/strong><\/p>\n\n\n\n<p><strong>1 vaga &#8211; Servi\u00e7os Gerais<\/strong><\/p>\n\n\n\n<p><strong>Escolaridade &#8211;<\/strong> ensino fundamental completo;<\/p>\n\n\n\n<p><strong>Experi\u00eancia &#8211; <\/strong>seis meses na Carteira de Trabalho;<\/p>\n\n\n\n<p><strong>Requisitos Obrigat\u00f3rios <\/strong>&#8211; possuir documenta\u00e7\u00e3o completa;<\/p>\n\n\n\n<p><strong>Atividades &#8211;<\/strong> realizar limpeza e organiza\u00e7\u00e3o de ambientes, manuten\u00e7\u00e3o b\u00e1sica de instala\u00e7\u00f5es, movimenta\u00e7\u00e3o de materiais, suporte a outras \u00e1reas com servi\u00e7os de copa e atendimento, e controle de estoque de materiais de limpeza.<\/p>\n\n\n\n<p><strong>Dispon\u00edvel at\u00e9 20\/1\/2026 ou encerramento da vaga<\/strong><\/p>\n\n\n\n<p><strong>2 vagas &#8211; Pedreiro<\/strong><\/p>\n\n\n\n<p><strong>Escolaridade &#8211;<\/strong> ensino fundamental incompleto;<\/p>\n\n\n\n<p><strong>Experi\u00eancia &#8211; <\/strong>seis meses na Carteira de Trabalho;<\/p>\n\n\n\n<p><strong>Requisitos Obrigat\u00f3rios <\/strong>&#8211; possuir documenta\u00e7\u00e3o completa;<\/p>\n\n\n\n<p><strong>Atividades &#8211;<\/strong> realizar servi\u00e7os de alvenaria e concreto; construir funda\u00e7\u00f5es e paredes, assentar tijolos\/blocos, erguer pilares e lajes, aplicar revestimentos e acabamentos, executar reformas e reparos, interpretar projetos e organizar o canteiro.<\/p>\n\n\n\n<p><strong>Dispon\u00edvel at\u00e9 20\/1\/2026 ou encerramento da vaga<\/strong><\/p>\n\n\n\n<p><strong>2 vagas &#8211; Ferreiro<\/strong><\/p>\n\n\n\n<p><strong>Escolaridade &#8211;<\/strong> ensino fundamental incompleto;<\/p>\n\n\n\n<p><strong>Experi\u00eancia &#8211; <\/strong>seis meses na Carteira de Trabalho;<\/p>\n\n\n\n<p><strong>Requisitos Obrigat\u00f3rios <\/strong>&#8211; possuir documenta\u00e7\u00e3o completa;<\/p>\n\n\n\n<p><strong>Atividades &#8211;<\/strong> executar servi\u00e7os de corte, dobrar e montar ferragens para estruturas de concreto, como pilares, vigas e lajes; preparar, moldar e armar vergalh\u00f5es, fazer amarra\u00e7\u00f5es, conferir medidas conforme projeto estrutural e auxiliar na organiza\u00e7\u00e3o e armazenamento das arma\u00e7\u00f5es no canteiro.<\/p>\n\n\n\n<p><strong>Dispon\u00edvel at\u00e9 20\/1\/2026 ou encerramento da vaga<\/strong><\/p>\n\n\n\n<p><strong>2 vagas &#8211; T\u00e9cnico em Seguran\u00e7a do Trabalho<\/strong><\/p>\n\n\n\n<p><strong>Escolaridade &#8211;<\/strong> ensino t\u00e9cnico completo em Seguran\u00e7a do Trabalho;<\/p>\n\n\n\n<p><strong>Experi\u00eancia &#8211; <\/strong>seis meses na Carteira de Trabalho;<\/p>\n\n\n\n<p><strong>Requisitos Obrigat\u00f3rios <\/strong>&#8211; ter registro ativo e possuir documenta\u00e7\u00e3o completa;<\/p>\n\n\n\n<p><strong>Atividades &#8211;<\/strong> identificar riscos no ambiente de trabalho, fiscalizar condi\u00e7\u00f5es de seguran\u00e7a, sa\u00fade e meio ambiente. Implementa e acompanha pol\u00edticas de sa\u00fade e seguran\u00e7a do trabalho; realizar auditorias, inspe\u00e7\u00f5es, investigar acidentes, elaborar relat\u00f3rios e propor medidas de preven\u00e7\u00e3o e controle, etc.<\/p>\n\n\n\n<p><strong>Dispon\u00edvel at\u00e9 20\/1\/2026 ou encerramento da vaga<\/strong><\/p>\n\n\n\n<p><strong>2 vagas &#8211; Analista de Recursos Humanos<\/strong><\/p>\n\n\n\n<p><strong>Escolaridade &#8211;<\/strong> ensino superior completo em Gest\u00e3o de Recursos Humano, Administra\u00e7\u00e3o ou Psicologia;<\/p>\n\n\n\n<p><strong>Experi\u00eancia &#8211; <\/strong>seis meses na Carteira de Trabalho;<\/p>\n\n\n\n<p><strong>Requisitos Obrigat\u00f3rios <\/strong>&#8211; possuir documenta\u00e7\u00e3o completa;<\/p>\n\n\n\n<p><strong>Atividades &#8211;<\/strong> condu\u00e7\u00e3o de processos de recrutamento e sele\u00e7\u00e3o; organiza\u00e7\u00e3o e execu\u00e7\u00e3o do onboarding de novos colaboradores; apoio em treinamentos, avalia\u00e7\u00f5es e a\u00e7\u00f5es de desenvolvimento; suporte \u00e0s rotinas de administra\u00e7\u00e3o de pessoal e benef\u00edcios; acompanhamento de indicadores de RH e elabora\u00e7\u00e3o de relat\u00f3rios; atendimento a colaboradores e gestores, auxiliando em d\u00favidas e quest\u00f5es de clima e engajamento.<\/p>\n\n\n\n<p><strong>Dispon\u00edvel at\u00e9 20\/1\/2026 ou encerramento da vaga<\/strong><\/p>\n\n\n\n<p><strong>2 vagas &#8211; Encarregado de Obras<\/strong><\/p>\n\n\n\n<p><strong>Escolaridade &#8211;<\/strong> ensino m\u00e9dio completo;<\/p>\n\n\n\n<p><strong>Experi\u00eancia &#8211; <\/strong>seis meses na Carteira de Trabalho;<\/p>\n\n\n\n<p><strong>Requisitos Obrigat\u00f3rios <\/strong>&#8211; possuir documenta\u00e7\u00e3o completa;<\/p>\n\n\n\n<p><strong>Atividades &#8211;<\/strong> supervisionar equipes de trabalhadores da constru\u00e7\u00e3o civil no canteiro de obras, coordena a execu\u00e7\u00e3o das etapas da obra, controlando cronograma, prazos e etapas de execu\u00e7\u00e3o; controlar recursos produtivos: materiais, equipamentos, insumos, m\u00e3o de obra; verificar padr\u00f5es de qualidade da obra: inspeciona materiais\/servi\u00e7os e assegura conformidade com especifica\u00e7\u00f5es e normas t\u00e9cnicas; garantir cumprimento de normas de seguran\u00e7a, sa\u00fade e meio ambiente no canteiro de obras; preparar e acompanhar documenta\u00e7\u00e3o t\u00e9cnica e relat\u00f3rios de produ\u00e7\u00e3o ou progresso da obra.<\/p>\n\n\n\n<p><strong>Dispon\u00edvel at\u00e9 20\/1\/2026 ou encerramento da vaga<\/strong><\/p>\n\n\n\n<p><strong>2 vagas &#8211; Analista de Engenharia<\/strong><\/p>\n\n\n\n<p><strong>Escolaridade &#8211;<\/strong> ensino superior completo em Engenharia Civil;<\/p>\n\n\n\n<p><strong>Experi\u00eancia &#8211; <\/strong>tr\u00eas meses na Carteira de Trabalho;<\/p>\n\n\n\n<p><strong>Requisitos Obrigat\u00f3rios <\/strong>&#8211; possuir documenta\u00e7\u00e3o completa;<\/p>\n\n\n\n<p><strong>Atividades &#8211;<\/strong> atuar no planejamento das obras, acompanhar e controlar cronogramas de obras, or\u00e7amentos, medi\u00e7\u00f5es e custo, verificar requisitos t\u00e9cnicos e de projetos, compatibiliza\u00e7\u00e3o de plantas, especifica\u00e7\u00f5es de materiais, fiscalizar a execu\u00e7\u00e3o da obra com base em projetos e normas t\u00e9cnicas, fazendo vistorias e medi\u00e7\u00f5es; preparar relat\u00f3rios de progresso, quantitativos, controle de materiais e servi\u00e7os, medi\u00e7\u00f5es e controle de qualidade; apoiar planejamento, log\u00edstica de materiais, equipamentos e m\u00e3o de obra; controle de insumos e fornecimento; auxiliar ou supervisionar a parte t\u00e9cnica-administrativa da obra.<\/p>\n\n\n\n<p><strong>Dispon\u00edvel at\u00e9 20\/1\/2026 ou encerramento da vaga<\/strong><\/p>\n\n\n\n<p><strong>2 vagas &#8211; Auxiliar de Engenharia<\/strong><\/p>\n\n\n\n<p><strong>Escolaridade &#8211;<\/strong> ensino superior completo em Engenharia Civil;<\/p>\n\n\n\n<p><strong>Experi\u00eancia &#8211; <\/strong>tr\u00eas meses na Carteira de Trabalho;<\/p>\n\n\n\n<p><strong>Requisitos Obrigat\u00f3rios <\/strong>&#8211; possuir documenta\u00e7\u00e3o completa;<\/p>\n\n\n\n<p><strong>Atividades &#8211;<\/strong> acompanhar a execu\u00e7\u00e3o dos servi\u00e7os na obra, auxiliando o engenheiro\/encarregado no controle de qualidade, prazos e conformidade com projetos; realizar medi\u00e7\u00f5es de servi\u00e7os executados, levantamentos em campo e registro fotogr\u00e1fico; apoiar no controle de materiais, insumos, equipamentos e solicita\u00e7\u00f5es para o almoxarifado; ler e interpretar plantas, projetos e especifica\u00e7\u00f5es t\u00e9cnicas b\u00e1sicas; auxiliar no preparo de relat\u00f3rios t\u00e9cnicos, di\u00e1rios de obra, planilhas e documentos de acompanhamento; fiscalizar servi\u00e7os simples e reportar n\u00e3o conformidades \u00e0 supervis\u00e3o; acompanhar equipes terceirizadas, verificando presen\u00e7a, in\u00edcio dos servi\u00e7os e etapas conclu\u00eddas; auxiliar na organiza\u00e7\u00e3o do canteiro, log\u00edstica de materiais e apoio administrativo da obra.<\/p>\n\n\n\n<p><strong>Dispon\u00edvel at\u00e9 20\/1\/2026 ou encerramento da vaga<\/strong><\/p>\n\n\n\n<p><strong>2 vagas &#8211; Soldador<\/strong><\/p>\n\n\n\n<p><strong>Escolaridade &#8211;<\/strong> ensino fundamental incompleto;<\/p>\n\n\n\n<p><strong>Experi\u00eancia &#8211; <\/strong>seis meses na Carteira de Trabalho;<\/p>\n\n\n\n<p><strong>Requisitos Obrigat\u00f3rios <\/strong>&#8211; possuir documenta\u00e7\u00e3o completa;<\/p>\n\n\n\n<p><strong>Atividades &#8211;<\/strong> unir e cortar pe\u00e7as met\u00e1licas e termopl\u00e1sticas usando calor para fundir os materiais, criando uni\u00f5es fortes em diversas estruturas, como pontes, carros e m\u00e1quinas industriais, utilizando t\u00e9cnicas como MIG, TIG, eletrodo revestido, oxi G\u00e1s, entre outras, e atuando em setores que v\u00e3o da constru\u00e7\u00e3o civil \u00e0 manufatura, sempre seguindo normas de seguran\u00e7a e lendo projetos t\u00e9cnicos.<\/p>\n\n\n\n<p><strong>Dispon\u00edvel at\u00e9 20\/1\/2026 ou encerramento da vaga<\/strong><\/p>\n\n\n\n<p><strong>2 vagas &#8211; Serralheiro<\/strong><\/p>\n\n\n\n<p><strong>Escolaridade &#8211;<\/strong> ensino fundamental incompleto;<\/p>\n\n\n\n<p><strong>Experi\u00eancia &#8211; <\/strong>seis meses na Carteira de Trabalho;<\/p>\n\n\n\n<p><strong>Requisitos Obrigat\u00f3rios <\/strong>&#8211; possuir documenta\u00e7\u00e3o completa;<\/p>\n\n\n\n<p><strong>Atividades &#8211;<\/strong> criar, cortar, dobrar, furar e soldar pe\u00e7as e estruturas met\u00e1licas, como port\u00f5es, grades, corrim\u00e3os, escadas, esquadrias e at\u00e9 arte, utilizando ferramentas espec\u00edficas para fabricar, instalar, reparar e fazer manuten\u00e7\u00e3o desses itens, unindo habilidade manual com leitura de projetos t\u00e9cnicos.<\/p>\n\n\n\n<p><strong>Dispon\u00edvel at\u00e9 20\/1\/2026 ou encerramento da vaga<\/strong><\/p>\n\n\n\n<p><strong>2 vagas &#8211; Azulejista<\/strong><\/p>\n\n\n\n<p><strong>Escolaridade &#8211;<\/strong> ensino fundamental incompleto;<\/p>\n\n\n\n<p><strong>Experi\u00eancia &#8211; <\/strong>seis meses na Carteira de Trabalho;<\/p>\n\n\n\n<p><strong>Requisitos Obrigat\u00f3rios <\/strong>&#8211; possuir documenta\u00e7\u00e3o completa;<\/p>\n\n\n\n<p><strong>Atividades &#8211;<\/strong> executar a prepara\u00e7\u00e3o da superf\u00edcie, o assentamento de revestimentos em pisos, paredes e fachadas, e o acabamento final com rejunte e limpeza, garantindo est\u00e9tica, funcionalidade e durabilidade, com foco em detalhes, cortes precisos e alinhamento, atuando em reformas e constru\u00e7\u00f5es.<\/p>\n\n\n\n<p><strong>Dispon\u00edvel at\u00e9 20\/1\/2026 ou encerramento da vaga<\/strong><\/p>\n\n\n\n<p><strong>2 vagas &#8211; Bombeiro Hidr\u00e1ulico<\/strong><\/p>\n\n\n\n<p><strong>Escolaridade &#8211;<\/strong> ensino fundamental completo;<\/p>\n\n\n\n<p><strong>Experi\u00eancia &#8211; <\/strong>seis meses na Carteira de Trabalho;<\/p>\n\n\n\n<p><strong>Requisitos Obrigat\u00f3rios <\/strong>&#8211; possuir documenta\u00e7\u00e3o completa;<\/p>\n\n\n\n<p><strong>Atividades &#8211;<\/strong> instalar, manter e reparar sistemas de tubula\u00e7\u00f5es para \u00e1gua, esgoto, g\u00e1s e outras redes de fluidos, garantindo o fluxo adequado e prevenindo vazamentos, entupimentos e falhas, atuando desde a montagem de projetos at\u00e9 reparos emergenciais e sistemas de combate a inc\u00eandio.<\/p>\n\n\n\n<p><strong>Dispon\u00edvel at\u00e9 20\/1\/2026 ou encerramento da vaga<\/strong><\/p>\n\n\n\n<p><strong>1 vaga &#8211; Mec\u00e2nico Automotivo<\/strong><\/p>\n\n\n\n<p><strong>Escolaridade &#8211;<\/strong> ensino fundamental completo;<\/p>\n\n\n\n<p><strong>Experi\u00eancia &#8211; <\/strong>seis meses na Carteira de Trabalho;<\/p>\n\n\n\n<p><strong>Requisitos Obrigat\u00f3rios <\/strong>&#8211; ter Carteira Nacional de Habilita\u00e7\u00e3o categoria \u201cB\u201d e possuir documenta\u00e7\u00e3o completa (com dispensa militar);<\/p>\n\n\n\n<p><strong>Atividades &#8211;<\/strong> diagn\u00f3stico, manuten\u00e7\u00e3o preventiva e corretiva de ve\u00edculos, abrangendo troca de \u00f3leo, freios, suspens\u00e3o, alinhamento, balanceamento, reparos no motor e sistemas eletr\u00f4nicos, al\u00e9m de instala\u00e7\u00e3o de acess\u00f3rios.<\/p>\n\n\n\n<p><strong>Dispon\u00edvel at\u00e9 20\/1\/2026 ou encerramento da vaga<\/strong><\/p>\n\n\n\n<p><strong>2 vagas &#8211; Auxiliar de Mec\u00e2nico Automotivo<\/strong><\/p>\n\n\n\n<p><strong>Escolaridade &#8211;<\/strong> ensino fundamental completo;<\/p>\n\n\n\n<p><strong>Experi\u00eancia &#8211; <\/strong>seis meses na Carteira de Trabalho;<\/p>\n\n\n\n<p><strong>Requisitos Obrigat\u00f3rios <\/strong>&#8211; ter Carteira Nacional de Habilita\u00e7\u00e3o categoria \u201cB\u201d e possuir documenta\u00e7\u00e3o completa (com dispensa militar);<\/p>\n\n\n\n<p><strong>Atividades &#8211;<\/strong> realizar reparos e consertos de m\u00e1quinas carros leves e pesados; auxiliar na montagem e desmontagem de m\u00e1quinas e equipamentos; executar atividades de ajustes, regulagens e lubrifica\u00e7\u00e3o.<\/p>\n\n\n\n<p><strong>Dispon\u00edvel at\u00e9 20\/1\/2026 ou encerramento da vaga<\/strong><\/p>\n\n\n\n<p><strong>1 vaga &#8211; Costureira<\/strong><\/p>\n\n\n\n<p><strong>Escolaridade &#8211;<\/strong> ensino fundamental completo;<\/p>\n\n\n\n<p><strong>Experi\u00eancia &#8211; <\/strong>seis meses na Carteira de Trabalho;<\/p>\n\n\n\n<p><strong>Requisitos Obrigat\u00f3rios <\/strong>&#8211; possuir documenta\u00e7\u00e3o completa;<\/p>\n\n\n\n<p><strong>Atividades &#8211;<\/strong> modelagem, corte e costura, utilizando m\u00e1quinas e t\u00e9cnicas manuais para criar roupas personalizadas ou realizar ajustes em pe\u00e7as prontas.<\/p>\n\n\n\n<p><strong>Dispon\u00edvel at\u00e9 20\/1\/2026 ou encerramento da vaga<\/strong><\/p>\n\n\n\n<p><strong>1 vaga &#8211; Marceneiro<\/strong><\/p>\n\n\n\n<p><strong>Escolaridade &#8211;<\/strong> ensino fundamental completo;<\/p>\n\n\n\n<p><strong>Experi\u00eancia &#8211; <\/strong>seis meses na Carteira de Trabalho;<\/p>\n\n\n\n<p><strong>Requisitos Obrigat\u00f3rios <\/strong>&#8211; possuir documenta\u00e7\u00e3o completa (com dispensa militar);<\/p>\n\n\n\n<p><strong>Atividades &#8211;<\/strong> corte e montagem de madeiras, MDF para m\u00f3veis, utilizando ferramentas e m\u00e1quinas para cortar, lixar, montar e dar acabamento a pe\u00e7as, que podem ser personalizadas ou produzidas em s\u00e9rie.<\/p>\n\n\n\n<p><strong>Dispon\u00edvel at\u00e9 20\/1\/2026 ou encerramento da vaga<\/strong><\/p>\n\n\n\n<p><strong>VAGAS DESTINADAS PARA PESSOAS COM DEFICI\u00caNCIA (PCDS) &#8211; 14<\/strong><\/p>\n\n\n\n<p><strong>1 vaga &#8211; Auxiliar de Servi\u00e7os Gerais &#8211; Vagas destinadas para Pessoa com Defici\u00eancia (PcD)<\/strong><\/p>\n\n\n\n<p><strong>Escolaridade &#8211;<\/strong> ensino fundamental completo;<\/p>\n\n\n\n<p><strong>Experi\u00eancia &#8211; <\/strong>seis meses na Carteira de Trabalho;<\/p>\n\n\n\n<p><strong>Requisitos Obrigat\u00f3rios <\/strong>&#8211; possuir documenta\u00e7\u00e3o completa;<\/p>\n\n\n\n<p><strong>Atividades &#8211;<\/strong> atender as necessidades de limpeza, manuten\u00e7\u00e3o e conserva\u00e7\u00e3o das instala\u00e7\u00f5es da institui\u00e7\u00e3o, removendo p\u00f3 de m\u00f3veis, paredes, tetos, portas, janelas e equipamentos.<\/p>\n\n\n\n<p><strong>Dispon\u00edvel at\u00e9 20\/1\/2026 ou encerramento da vaga<\/strong><\/p>\n\n\n\n<p><strong>3 vagas &#8211; Operador de Linha de Montagem &#8211; Vagas destinadas para Pessoa com Defici\u00eancia (PcD)<\/strong><\/p>\n\n\n\n<p><strong>Escolaridade &#8211;<\/strong> ensino m\u00e9dio completo;<\/p>\n\n\n\n<p><strong>Experi\u00eancia &#8211; <\/strong>seis meses na Carteira de Trabalho;<\/p>\n\n\n\n<p><strong>Requisitos Obrigat\u00f3rios <\/strong>&#8211; ter curso de TBO, Leitura de Componentes, disponibilidade de hor\u00e1rio, trabalhar em escala 6&#215;1 e possuir documenta\u00e7\u00e3o completa;<\/p>\n\n\n\n<p><strong>Atividades &#8211;<\/strong> operar na linha de montagem dos componentes eletr\u00f4nicos.<\/p>\n\n\n\n<p><strong>Dispon\u00edvel at\u00e9 20\/1\/2026 ou encerramento da vaga<\/strong><\/p>\n\n\n\n<p><strong>10 vagas &#8211; Operador de Produ\u00e7\u00e3o &#8211; Vagas destinadas para Pessoa com Defici\u00eancia (PcD)<\/strong><\/p>\n\n\n\n<p><strong>Escolaridade &#8211;<\/strong> ensino m\u00e9dio completo;<\/p>\n\n\n\n<p><strong>Experi\u00eancia &#8211; <\/strong>seis meses na Carteira de Trabalho;<\/p>\n\n\n\n<p><strong>Requisitos Obrigat\u00f3rios <\/strong>&#8211; ter curso de TBO e possuir documenta\u00e7\u00e3o completa;<\/p>\n\n\n\n<p><strong>Atividades &#8211;<\/strong> envolve operar m\u00e1quinas e equipamentos na linha de montagem, garantindo a fabrica\u00e7\u00e3o de produtos conforme padr\u00f5es de qualidade e seguran\u00e7a, com tarefas que v\u00e3o desde a alimenta\u00e7\u00e3o da m\u00e1quina, controle de qualidade, embalagem.<\/p>\n\n\n\n<p><strong>Dispon\u00edvel at\u00e9 20\/1\/2026 ou encerramento da vaga<\/strong><\/p>\n\n\n\n<p><strong>&#8212; &#8212; &#8212;<\/strong><\/p>\n\n\n\n<p><strong>Texto \u2013 <\/strong>Divulga\u00e7\u00e3o\/Semtepi<\/p>\n\n\n\n<p><strong>Fotos \u2013 <\/strong>Arquivo\/Semcom<\/p>\n\n\n\n<p><strong>Dispon\u00edveis em &#8211; <\/strong><a href=\"https:\/\/flic.kr\/s\/aHBqjCetWK\">https:\/\/flic.kr\/s\/aHBqjCetWK<\/a><\/p>\n","protected":false},"excerpt":{"rendered":"","protected":false},"author":39,"featured_media":6830,"comment_status":"closed","ping_status":"closed","sticky":false,"template":"","format":"standard","meta":{"footnotes":""},"categories":[5],"tags":[1676,898,7,9,10],"acf":[],"yoast_head":"<!-- This site is optimized with the Yoast SEO plugin v23.0 - https:\/\/yoast.com\/wordpress\/plugins\/seo\/ -->\n<title>Sine Manaus oferta 240 vagas de emprego nesta ter\u00e7a-feira, 20\/1<\/title>\n<meta name=\"description\" content=\"Prefeitura de Manaus, por meio do Sine Manaus, oferta 240 vagas de emprego em v\u00e1rias \u00e1reas de atua\u00e7\u00e3o, nesta ter\u00e7a-feira, 20\/1\" \/>\n<meta name=\"robots\" content=\"noindex, follow\" \/>\n<meta property=\"og:locale\" content=\"pt_BR\" \/>\n<meta property=\"og:type\" content=\"article\" \/>\n<meta property=\"og:title\" content=\"Sine Manaus oferta 240 vagas de emprego nesta ter\u00e7a-feira, 20\/1\" \/>\n<meta property=\"og:description\" content=\"Prefeitura de Manaus, por meio do Sine Manaus, oferta 240 vagas de emprego em v\u00e1rias \u00e1reas de atua\u00e7\u00e3o, nesta ter\u00e7a-feira, 20\/1\" \/>\n<meta property=\"og:url\" content=\"https:\/\/www.manaus.am.gov.br\/semtepi\/oportunidade\/sine-manaus-240-vagas-emprego-20-1\/\" \/>\n<meta property=\"og:site_name\" content=\"SEMTEPI\" \/>\n<meta property=\"article:published_time\" content=\"2026-01-19T17:50:37+00:00\" \/>\n<meta property=\"article:modified_time\" content=\"2026-01-19T18:49:05+00:00\" \/>\n<meta property=\"og:image\" content=\"https:\/\/www.manaus.am.gov.br\/semtepi\/wp-content\/uploads\/sites\/20\/2025\/08\/54522862502_85a80cbd64_k.jpg\" \/>\n\t<meta property=\"og:image:width\" content=\"2048\" \/>\n\t<meta property=\"og:image:height\" content=\"1365\" \/>\n\t<meta property=\"og:image:type\" content=\"image\/jpeg\" \/>\n<meta name=\"author\" content=\"Bruna Greco\" \/>\n<meta name=\"twitter:card\" content=\"summary_large_image\" \/>\n<meta name=\"twitter:label1\" content=\"Written by\" \/>\n\t<meta name=\"twitter:data1\" content=\"Bruna Greco\" \/>\n\t<meta name=\"twitter:label2\" content=\"Est. reading time\" \/>\n\t<meta name=\"twitter:data2\" content=\"1 minuto\" \/>\n<script type=\"application\/ld+json\" class=\"yoast-schema-graph\">{\"@context\":\"https:\/\/schema.org\",\"@graph\":[{\"@type\":\"Article\",\"@id\":\"https:\/\/www.manaus.am.gov.br\/semtepi\/oportunidade\/sine-manaus-240-vagas-emprego-20-1\/#article\",\"isPartOf\":{\"@id\":\"https:\/\/www.manaus.am.gov.br\/semtepi\/oportunidade\/sine-manaus-240-vagas-emprego-20-1\/\"},\"author\":{\"name\":\"Bruna Greco\",\"@id\":\"https:\/\/www.manaus.am.gov.br\/semtepi\/#\/schema\/person\/05d223aea2bf115f9883a6ff3683d81b\"},\"headline\":\"Sine Manaus oferta 240 vagas de emprego nesta ter\u00e7a-feira, 20\/1\",\"datePublished\":\"2026-01-19T17:50:37+00:00\",\"dateModified\":\"2026-01-19T18:49:05+00:00\",\"mainEntityOfPage\":{\"@id\":\"https:\/\/www.manaus.am.gov.br\/semtepi\/oportunidade\/sine-manaus-240-vagas-emprego-20-1\/\"},\"wordCount\":5662,\"publisher\":{\"@id\":\"https:\/\/www.manaus.am.gov.br\/semtepi\/#organization\"},\"image\":{\"@id\":\"https:\/\/www.manaus.am.gov.br\/semtepi\/oportunidade\/sine-manaus-240-vagas-emprego-20-1\/#primaryimage\"},\"thumbnailUrl\":\"https:\/\/www.manaus.am.gov.br\/semtepi\/wp-content\/uploads\/sites\/20\/2025\/08\/54522862502_85a80cbd64_k.jpg\",\"keywords\":[\"20\/1\",\"240 vagas de emprego\",\"oportunidade\",\"Semtepi\",\"sine manaus\"],\"articleSection\":[\"Oportunidade\"],\"inLanguage\":\"pt-BR\"},{\"@type\":\"WebPage\",\"@id\":\"https:\/\/www.manaus.am.gov.br\/semtepi\/oportunidade\/sine-manaus-240-vagas-emprego-20-1\/\",\"url\":\"https:\/\/www.manaus.am.gov.br\/semtepi\/oportunidade\/sine-manaus-240-vagas-emprego-20-1\/\",\"name\":\"Sine Manaus oferta 240 vagas de emprego nesta ter\u00e7a-feira, 20\/1\",\"isPartOf\":{\"@id\":\"https:\/\/www.manaus.am.gov.br\/semtepi\/#website\"},\"primaryImageOfPage\":{\"@id\":\"https:\/\/www.manaus.am.gov.br\/semtepi\/oportunidade\/sine-manaus-240-vagas-emprego-20-1\/#primaryimage\"},\"image\":{\"@id\":\"https:\/\/www.manaus.am.gov.br\/semtepi\/oportunidade\/sine-manaus-240-vagas-emprego-20-1\/#primaryimage\"},\"thumbnailUrl\":\"https:\/\/www.manaus.am.gov.br\/semtepi\/wp-content\/uploads\/sites\/20\/2025\/08\/54522862502_85a80cbd64_k.jpg\",\"datePublished\":\"2026-01-19T17:50:37+00:00\",\"dateModified\":\"2026-01-19T18:49:05+00:00\",\"description\":\"Prefeitura de Manaus, por meio do Sine Manaus, oferta 240 vagas de emprego em v\u00e1rias \u00e1reas de atua\u00e7\u00e3o, nesta ter\u00e7a-feira, 20\/1\",\"breadcrumb\":{\"@id\":\"https:\/\/www.manaus.am.gov.br\/semtepi\/oportunidade\/sine-manaus-240-vagas-emprego-20-1\/#breadcrumb\"},\"inLanguage\":\"pt-BR\",\"potentialAction\":[{\"@type\":\"ReadAction\",\"target\":[\"https:\/\/www.manaus.am.gov.br\/semtepi\/oportunidade\/sine-manaus-240-vagas-emprego-20-1\/\"]}]},{\"@type\":\"ImageObject\",\"inLanguage\":\"pt-BR\",\"@id\":\"https:\/\/www.manaus.am.gov.br\/semtepi\/oportunidade\/sine-manaus-240-vagas-emprego-20-1\/#primaryimage\",\"url\":\"https:\/\/www.manaus.am.gov.br\/semtepi\/wp-content\/uploads\/sites\/20\/2025\/08\/54522862502_85a80cbd64_k.jpg\",\"contentUrl\":\"https:\/\/www.manaus.am.gov.br\/semtepi\/wp-content\/uploads\/sites\/20\/2025\/08\/54522862502_85a80cbd64_k.jpg\",\"width\":2048,\"height\":1365,\"caption\":\"#paratodosverem - Jovem recebendo atendimento de vaga de emprego em guich\u00ea do Sine Manaus\"},{\"@type\":\"BreadcrumbList\",\"@id\":\"https:\/\/www.manaus.am.gov.br\/semtepi\/oportunidade\/sine-manaus-240-vagas-emprego-20-1\/#breadcrumb\",\"itemListElement\":[{\"@type\":\"ListItem\",\"position\":1,\"name\":\"Home\",\"item\":\"https:\/\/www.manaus.am.gov.br\/semtepi\/\"},{\"@type\":\"ListItem\",\"position\":2,\"name\":\"Sine Manaus oferta 240 vagas de emprego nesta ter\u00e7a-feira, 20\/1\"}]},{\"@type\":\"WebSite\",\"@id\":\"https:\/\/www.manaus.am.gov.br\/semtepi\/#website\",\"url\":\"https:\/\/www.manaus.am.gov.br\/semtepi\/\",\"name\":\"SEMTEPI\",\"description\":\"Prefeitura de Manaus\",\"publisher\":{\"@id\":\"https:\/\/www.manaus.am.gov.br\/semtepi\/#organization\"},\"alternateName\":\"Secretaria Municipal do Trabalho, Empreendedorismo e Inova\u00e7\u00e3o\",\"potentialAction\":[{\"@type\":\"SearchAction\",\"target\":{\"@type\":\"EntryPoint\",\"urlTemplate\":\"https:\/\/www.manaus.am.gov.br\/semtepi\/?s={search_term_string}\"},\"query-input\":\"required name=search_term_string\"}],\"inLanguage\":\"pt-BR\"},{\"@type\":\"Organization\",\"@id\":\"https:\/\/www.manaus.am.gov.br\/semtepi\/#organization\",\"name\":\"Prefeitura Municipal de Manaus\",\"alternateName\":\"Prefeitura de Manaus\",\"url\":\"https:\/\/www.manaus.am.gov.br\/semtepi\/\",\"logo\":{\"@type\":\"ImageObject\",\"inLanguage\":\"pt-BR\",\"@id\":\"https:\/\/www.manaus.am.gov.br\/semtepi\/#\/schema\/logo\/image\/\",\"url\":\"https:\/\/www.manaus.am.gov.br\/semtepi\/wp-content\/uploads\/sites\/20\/2024\/07\/favicon.png\",\"contentUrl\":\"https:\/\/www.manaus.am.gov.br\/semtepi\/wp-content\/uploads\/sites\/20\/2024\/07\/favicon.png\",\"width\":300,\"height\":300,\"caption\":\"Prefeitura Municipal de Manaus\"},\"image\":{\"@id\":\"https:\/\/www.manaus.am.gov.br\/semtepi\/#\/schema\/logo\/image\/\"}},{\"@type\":\"Person\",\"@id\":\"https:\/\/www.manaus.am.gov.br\/semtepi\/#\/schema\/person\/05d223aea2bf115f9883a6ff3683d81b\",\"name\":\"Bruna Greco\",\"image\":{\"@type\":\"ImageObject\",\"inLanguage\":\"pt-BR\",\"@id\":\"https:\/\/www.manaus.am.gov.br\/semtepi\/#\/schema\/person\/image\/\",\"url\":\"https:\/\/secure.gravatar.com\/avatar\/9c877d1a6adc2a055330e5c09a8653ce?s=96&d=mm&r=g\",\"contentUrl\":\"https:\/\/secure.gravatar.com\/avatar\/9c877d1a6adc2a055330e5c09a8653ce?s=96&d=mm&r=g\",\"caption\":\"Bruna Greco\"}}]}<\/script>\n<!-- \/ Yoast SEO plugin. -->","yoast_head_json":{"title":"Sine Manaus oferta 240 vagas de emprego nesta ter\u00e7a-feira, 20\/1","description":"Prefeitura de Manaus, por meio do Sine Manaus, oferta 240 vagas de emprego em v\u00e1rias \u00e1reas de atua\u00e7\u00e3o, nesta ter\u00e7a-feira, 20\/1","robots":{"index":"noindex","follow":"follow"},"og_locale":"pt_BR","og_type":"article","og_title":"Sine Manaus oferta 240 vagas de emprego nesta ter\u00e7a-feira, 20\/1","og_description":"Prefeitura de Manaus, por meio do Sine Manaus, oferta 240 vagas de emprego em v\u00e1rias \u00e1reas de atua\u00e7\u00e3o, nesta ter\u00e7a-feira, 20\/1","og_url":"https:\/\/www.manaus.am.gov.br\/semtepi\/oportunidade\/sine-manaus-240-vagas-emprego-20-1\/","og_site_name":"SEMTEPI","article_published_time":"2026-01-19T17:50:37+00:00","article_modified_time":"2026-01-19T18:49:05+00:00","og_image":[{"width":2048,"height":1365,"url":"https:\/\/www.manaus.am.gov.br\/semtepi\/wp-content\/uploads\/sites\/20\/2025\/08\/54522862502_85a80cbd64_k.jpg","type":"image\/jpeg"}],"author":"Bruna Greco","twitter_card":"summary_large_image","twitter_misc":{"Written by":"Bruna Greco","Est. reading time":"1 minuto"},"schema":{"@context":"https:\/\/schema.org","@graph":[{"@type":"Article","@id":"https:\/\/www.manaus.am.gov.br\/semtepi\/oportunidade\/sine-manaus-240-vagas-emprego-20-1\/#article","isPartOf":{"@id":"https:\/\/www.manaus.am.gov.br\/semtepi\/oportunidade\/sine-manaus-240-vagas-emprego-20-1\/"},"author":{"name":"Bruna Greco","@id":"https:\/\/www.manaus.am.gov.br\/semtepi\/#\/schema\/person\/05d223aea2bf115f9883a6ff3683d81b"},"headline":"Sine Manaus oferta 240 vagas de emprego nesta ter\u00e7a-feira, 20\/1","datePublished":"2026-01-19T17:50:37+00:00","dateModified":"2026-01-19T18:49:05+00:00","mainEntityOfPage":{"@id":"https:\/\/www.manaus.am.gov.br\/semtepi\/oportunidade\/sine-manaus-240-vagas-emprego-20-1\/"},"wordCount":5662,"publisher":{"@id":"https:\/\/www.manaus.am.gov.br\/semtepi\/#organization"},"image":{"@id":"https:\/\/www.manaus.am.gov.br\/semtepi\/oportunidade\/sine-manaus-240-vagas-emprego-20-1\/#primaryimage"},"thumbnailUrl":"https:\/\/www.manaus.am.gov.br\/semtepi\/wp-content\/uploads\/sites\/20\/2025\/08\/54522862502_85a80cbd64_k.jpg","keywords":["20\/1","240 vagas de emprego","oportunidade","Semtepi","sine manaus"],"articleSection":["Oportunidade"],"inLanguage":"pt-BR"},{"@type":"WebPage","@id":"https:\/\/www.manaus.am.gov.br\/semtepi\/oportunidade\/sine-manaus-240-vagas-emprego-20-1\/","url":"https:\/\/www.manaus.am.gov.br\/semtepi\/oportunidade\/sine-manaus-240-vagas-emprego-20-1\/","name":"Sine Manaus oferta 240 vagas de emprego nesta ter\u00e7a-feira, 20\/1","isPartOf":{"@id":"https:\/\/www.manaus.am.gov.br\/semtepi\/#website"},"primaryImageOfPage":{"@id":"https:\/\/www.manaus.am.gov.br\/semtepi\/oportunidade\/sine-manaus-240-vagas-emprego-20-1\/#primaryimage"},"image":{"@id":"https:\/\/www.manaus.am.gov.br\/semtepi\/oportunidade\/sine-manaus-240-vagas-emprego-20-1\/#primaryimage"},"thumbnailUrl":"https:\/\/www.manaus.am.gov.br\/semtepi\/wp-content\/uploads\/sites\/20\/2025\/08\/54522862502_85a80cbd64_k.jpg","datePublished":"2026-01-19T17:50:37+00:00","dateModified":"2026-01-19T18:49:05+00:00","description":"Prefeitura de Manaus, por meio do Sine Manaus, oferta 240 vagas de emprego em v\u00e1rias \u00e1reas de atua\u00e7\u00e3o, nesta ter\u00e7a-feira, 20\/1","breadcrumb":{"@id":"https:\/\/www.manaus.am.gov.br\/semtepi\/oportunidade\/sine-manaus-240-vagas-emprego-20-1\/#breadcrumb"},"inLanguage":"pt-BR","potentialAction":[{"@type":"ReadAction","target":["https:\/\/www.manaus.am.gov.br\/semtepi\/oportunidade\/sine-manaus-240-vagas-emprego-20-1\/"]}]},{"@type":"ImageObject","inLanguage":"pt-BR","@id":"https:\/\/www.manaus.am.gov.br\/semtepi\/oportunidade\/sine-manaus-240-vagas-emprego-20-1\/#primaryimage","url":"https:\/\/www.manaus.am.gov.br\/semtepi\/wp-content\/uploads\/sites\/20\/2025\/08\/54522862502_85a80cbd64_k.jpg","contentUrl":"https:\/\/www.manaus.am.gov.br\/semtepi\/wp-content\/uploads\/sites\/20\/2025\/08\/54522862502_85a80cbd64_k.jpg","width":2048,"height":1365,"caption":"#paratodosverem - Jovem recebendo atendimento de vaga de emprego em guich\u00ea do Sine Manaus"},{"@type":"BreadcrumbList","@id":"https:\/\/www.manaus.am.gov.br\/semtepi\/oportunidade\/sine-manaus-240-vagas-emprego-20-1\/#breadcrumb","itemListElement":[{"@type":"ListItem","position":1,"name":"Home","item":"https:\/\/www.manaus.am.gov.br\/semtepi\/"},{"@type":"ListItem","position":2,"name":"Sine Manaus oferta 240 vagas de emprego nesta ter\u00e7a-feira, 20\/1"}]},{"@type":"WebSite","@id":"https:\/\/www.manaus.am.gov.br\/semtepi\/#website","url":"https:\/\/www.manaus.am.gov.br\/semtepi\/","name":"SEMTEPI","description":"Prefeitura de Manaus","publisher":{"@id":"https:\/\/www.manaus.am.gov.br\/semtepi\/#organization"},"alternateName":"Secretaria Municipal do Trabalho, Empreendedorismo e Inova\u00e7\u00e3o","potentialAction":[{"@type":"SearchAction","target":{"@type":"EntryPoint","urlTemplate":"https:\/\/www.manaus.am.gov.br\/semtepi\/?s={search_term_string}"},"query-input":"required name=search_term_string"}],"inLanguage":"pt-BR"},{"@type":"Organization","@id":"https:\/\/www.manaus.am.gov.br\/semtepi\/#organization","name":"Prefeitura Municipal de Manaus","alternateName":"Prefeitura de Manaus","url":"https:\/\/www.manaus.am.gov.br\/semtepi\/","logo":{"@type":"ImageObject","inLanguage":"pt-BR","@id":"https:\/\/www.manaus.am.gov.br\/semtepi\/#\/schema\/logo\/image\/","url":"https:\/\/www.manaus.am.gov.br\/semtepi\/wp-content\/uploads\/sites\/20\/2024\/07\/favicon.png","contentUrl":"https:\/\/www.manaus.am.gov.br\/semtepi\/wp-content\/uploads\/sites\/20\/2024\/07\/favicon.png","width":300,"height":300,"caption":"Prefeitura Municipal de Manaus"},"image":{"@id":"https:\/\/www.manaus.am.gov.br\/semtepi\/#\/schema\/logo\/image\/"}},{"@type":"Person","@id":"https:\/\/www.manaus.am.gov.br\/semtepi\/#\/schema\/person\/05d223aea2bf115f9883a6ff3683d81b","name":"Bruna Greco","image":{"@type":"ImageObject","inLanguage":"pt-BR","@id":"https:\/\/www.manaus.am.gov.br\/semtepi\/#\/schema\/person\/image\/","url":"https:\/\/secure.gravatar.com\/avatar\/9c877d1a6adc2a055330e5c09a8653ce?s=96&d=mm&r=g","contentUrl":"https:\/\/secure.gravatar.com\/avatar\/9c877d1a6adc2a055330e5c09a8653ce?s=96&d=mm&r=g","caption":"Bruna Greco"}}]}},"_links":{"self":[{"href":"https:\/\/www.manaus.am.gov.br\/semtepi\/wp-json\/wp\/v2\/posts\/7498"}],"collection":[{"href":"https:\/\/www.manaus.am.gov.br\/semtepi\/wp-json\/wp\/v2\/posts"}],"about":[{"href":"https:\/\/www.manaus.am.gov.br\/semtepi\/wp-json\/wp\/v2\/types\/post"}],"author":[{"embeddable":true,"href":"https:\/\/www.manaus.am.gov.br\/semtepi\/wp-json\/wp\/v2\/users\/39"}],"replies":[{"embeddable":true,"href":"https:\/\/www.manaus.am.gov.br\/semtepi\/wp-json\/wp\/v2\/comments?post=7498"}],"version-history":[{"count":1,"href":"https:\/\/www.manaus.am.gov.br\/semtepi\/wp-json\/wp\/v2\/posts\/7498\/revisions"}],"predecessor-version":[{"id":7500,"href":"https:\/\/www.manaus.am.gov.br\/semtepi\/wp-json\/wp\/v2\/posts\/7498\/revisions\/7500"}],"wp:featuredmedia":[{"embeddable":true,"href":"https:\/\/www.manaus.am.gov.br\/semtepi\/wp-json\/wp\/v2\/media\/6830"}],"wp:attachment":[{"href":"https:\/\/www.manaus.am.gov.br\/semtepi\/wp-json\/wp\/v2\/media?parent=7498"}],"wp:term":[{"taxonomy":"category","embeddable":true,"href":"https:\/\/www.manaus.am.gov.br\/semtepi\/wp-json\/wp\/v2\/categories?post=7498"},{"taxonomy":"post_tag","embeddable":true,"href":"https:\/\/www.manaus.am.gov.br\/semtepi\/wp-json\/wp\/v2\/tags?post=7498"}],"curies":[{"name":"wp","href":"https:\/\/api.w.org\/{rel}","templated":true}]}}