{"id":7489,"date":"2026-01-15T16:21:59","date_gmt":"2026-01-15T20:21:59","guid":{"rendered":"https:\/\/www.manaus.am.gov.br\/semtepi\/sem-categoria\/sorteio-das-galerias\/"},"modified":"2026-02-06T11:55:55","modified_gmt":"2026-02-06T15:55:55","slug":"sorteio-das-galerias","status":"publish","type":"post","link":"https:\/\/www.manaus.am.gov.br\/semtepi\/campanha\/sorteio-das-galerias\/","title":{"rendered":"Sorteio das galerias populares \u00e9 prorrogado at\u00e9 6 de fevereiro"},"content":{"rendered":"\n<p>A <a href=\"https:\/\/www.instagram.com\/prefeiturademanaus\/\">Prefeitura de Manaus,<\/a> por meio da Secretaria Municipal do Trabalho, Empreendedorismo e Inova\u00e7\u00e3o <a href=\"https:\/\/www.manaus.am.gov.br\/\">(Semtepi)<\/a>, prorrogou o prazo do sorteio da campanha promocional realizada nas galerias populares da cidade. Com a mudan\u00e7a, os consumidores ter\u00e3o at\u00e9 o dia 6 de fevereiro para realizar compras nos espa\u00e7os participantes, trocar seus comprovantes por cupons e concorrer aos pr\u00eamios.<\/p>\n\n\n\n<p>Entre os pr\u00eamios do sorteio est\u00e3o um carro zero quil\u00f4metro, uma motocicleta, al\u00e9m de eletrodom\u00e9sticos, como televisores e geladeiras, que ser\u00e3o distribu\u00eddos aos consumidores contemplados.<\/p>\n\n\n\n<p>A prorroga\u00e7\u00e3o amplia as oportunidades de participa\u00e7\u00e3o do p\u00fablico e refor\u00e7a o objetivo da campanha, que \u00e9 estimular o consumo no com\u00e9rcio popular, mantendo a circula\u00e7\u00e3o de clientes nas galerias e fortalecendo a economia local. A medida tamb\u00e9m beneficia diretamente os empreendedores, que ganham mais tempo para aumentar as vendas e divulgar seus produtos, nas galerias Esp\u00edrito Santo, Rem\u00e9dios e shopping Phelipe Daou.<\/p>\n\n\n\n<p>\u201cCom mais tempo, mais pessoas conseguem comprar, trocar seus cupons e participar, ao mesmo tempo em que garantimos a continuidade da movimenta\u00e7\u00e3o de clientes nesses espa\u00e7os, beneficiando diretamente os empreendedores. Essa \u00e9 uma a\u00e7\u00e3o que estimula a economia local e valoriza quem trabalha todos os dias para manter as galerias ativas e atrativas para a popula\u00e7\u00e3o\u201d, disse o secret\u00e1rio da Semtepi, Alonso Oliveira.<\/p>\n\n\n\n<p><strong>Como participar&nbsp;<\/strong><\/p>\n\n\n\n<p>Para participar, os consumidores precisam realizar compras a partir do valor m\u00ednimo estabelecido, de R$ 25, trocar o comprovante por um cupom nos pontos indicados e deposit\u00e1-lo nas urnas dispon\u00edveis.<\/p>\n\n\n\n<p>Com a extens\u00e3o do prazo, a expectativa \u00e9 de que mais pessoas aproveitem a iniciativa, fortalecendo o com\u00e9rcio das galerias e aumentando a participa\u00e7\u00e3o no sorteio, que tem como proposta valorizar tanto os consumidores quanto os trabalhadores do setor.<\/p>\n\n\n\n<p>\u2014- \u2014- \u2014-<\/p>\n\n\n\n<p><strong>Texto &#8211; <\/strong>Asafe Augusto\/Semtepi<\/p>\n\n\n\n<p><strong>Fotos &#8211; <\/strong>Jo\u00e3o Vianna\/Arquivo Semcom&nbsp;<\/p>\n","protected":false},"excerpt":{"rendered":"","protected":false},"author":68,"featured_media":7490,"comment_status":"closed","ping_status":"closed","sticky":false,"template":"","format":"standard","meta":{"footnotes":""},"categories":[1665],"tags":[8,9,1674],"acf":[],"yoast_head":"<!-- This site is optimized with the Yoast SEO plugin v23.0 - https:\/\/yoast.com\/wordpress\/plugins\/seo\/ -->\n<title>Sorteio das galerias populares \u00e9 prorrogado at\u00e9 6 de fevereiro<\/title>\n<meta name=\"description\" content=\"A Prefeitura de Manaus, por meio da Secretaria Municipal do Trabalho, Empreendedorismo e Inova\u00e7\u00e3o (Semtepi), prorrogou o prazo do sorteio da campanha promocional realizada nas galerias populares da cidade.\" \/>\n<meta name=\"robots\" content=\"noindex, follow\" \/>\n<meta property=\"og:locale\" content=\"pt_BR\" \/>\n<meta property=\"og:type\" content=\"article\" \/>\n<meta property=\"og:title\" content=\"Sorteio das galerias populares \u00e9 prorrogado at\u00e9 6 de fevereiro\" \/>\n<meta property=\"og:description\" content=\"A Prefeitura de Manaus, por meio da Secretaria Municipal do Trabalho, Empreendedorismo e Inova\u00e7\u00e3o (Semtepi), prorrogou o prazo do sorteio da campanha promocional realizada nas galerias populares da cidade.\" \/>\n<meta property=\"og:url\" content=\"https:\/\/www.manaus.am.gov.br\/semtepi\/campanha\/sorteio-das-galerias\/\" \/>\n<meta property=\"og:site_name\" content=\"SEMTEPI\" \/>\n<meta property=\"article:published_time\" content=\"2026-01-15T20:21:59+00:00\" \/>\n<meta property=\"article:modified_time\" content=\"2026-02-06T15:55:55+00:00\" \/>\n<meta property=\"og:image\" content=\"https:\/\/www.manaus.am.gov.br\/semtepi\/wp-content\/uploads\/sites\/20\/2026\/01\/Sorteio-3.jpg\" \/>\n\t<meta property=\"og:image:width\" content=\"2048\" \/>\n\t<meta property=\"og:image:height\" content=\"1365\" \/>\n\t<meta property=\"og:image:type\" content=\"image\/jpeg\" \/>\n<meta name=\"author\" content=\"bvalente\" \/>\n<meta name=\"twitter:card\" content=\"summary_large_image\" \/>\n<meta name=\"twitter:label1\" content=\"Written by\" \/>\n\t<meta name=\"twitter:data1\" content=\"bvalente\" \/>\n\t<meta name=\"twitter:label2\" content=\"Est. reading time\" \/>\n\t<meta name=\"twitter:data2\" content=\"2 minutos\" \/>\n<script type=\"application\/ld+json\" class=\"yoast-schema-graph\">{\"@context\":\"https:\/\/schema.org\",\"@graph\":[{\"@type\":\"Article\",\"@id\":\"https:\/\/www.manaus.am.gov.br\/semtepi\/campanha\/sorteio-das-galerias\/#article\",\"isPartOf\":{\"@id\":\"https:\/\/www.manaus.am.gov.br\/semtepi\/campanha\/sorteio-das-galerias\/\"},\"author\":{\"name\":\"bvalente\",\"@id\":\"https:\/\/www.manaus.am.gov.br\/semtepi\/#\/schema\/person\/466a0e03ae4b6062809046bd560ac955\"},\"headline\":\"Sorteio das galerias populares \u00e9 prorrogado at\u00e9 6 de fevereiro\",\"datePublished\":\"2026-01-15T20:21:59+00:00\",\"dateModified\":\"2026-02-06T15:55:55+00:00\",\"mainEntityOfPage\":{\"@id\":\"https:\/\/www.manaus.am.gov.br\/semtepi\/campanha\/sorteio-das-galerias\/\"},\"wordCount\":330,\"publisher\":{\"@id\":\"https:\/\/www.manaus.am.gov.br\/semtepi\/#organization\"},\"image\":{\"@id\":\"https:\/\/www.manaus.am.gov.br\/semtepi\/campanha\/sorteio-das-galerias\/#primaryimage\"},\"thumbnailUrl\":\"https:\/\/www.manaus.am.gov.br\/semtepi\/wp-content\/uploads\/sites\/20\/2026\/01\/Sorteio-3.jpg\",\"keywords\":[\"prefeitura de manaus\",\"Semtepi\",\"Sorteio das galerias\"],\"articleSection\":[\"Campanha\"],\"inLanguage\":\"pt-BR\"},{\"@type\":\"WebPage\",\"@id\":\"https:\/\/www.manaus.am.gov.br\/semtepi\/campanha\/sorteio-das-galerias\/\",\"url\":\"https:\/\/www.manaus.am.gov.br\/semtepi\/campanha\/sorteio-das-galerias\/\",\"name\":\"Sorteio das galerias populares \u00e9 prorrogado at\u00e9 6 de fevereiro\",\"isPartOf\":{\"@id\":\"https:\/\/www.manaus.am.gov.br\/semtepi\/#website\"},\"primaryImageOfPage\":{\"@id\":\"https:\/\/www.manaus.am.gov.br\/semtepi\/campanha\/sorteio-das-galerias\/#primaryimage\"},\"image\":{\"@id\":\"https:\/\/www.manaus.am.gov.br\/semtepi\/campanha\/sorteio-das-galerias\/#primaryimage\"},\"thumbnailUrl\":\"https:\/\/www.manaus.am.gov.br\/semtepi\/wp-content\/uploads\/sites\/20\/2026\/01\/Sorteio-3.jpg\",\"datePublished\":\"2026-01-15T20:21:59+00:00\",\"dateModified\":\"2026-02-06T15:55:55+00:00\",\"description\":\"A Prefeitura de Manaus, por meio da Secretaria Municipal do Trabalho, Empreendedorismo e Inova\u00e7\u00e3o (Semtepi), prorrogou o prazo do sorteio da campanha promocional realizada nas galerias populares da cidade.\",\"breadcrumb\":{\"@id\":\"https:\/\/www.manaus.am.gov.br\/semtepi\/campanha\/sorteio-das-galerias\/#breadcrumb\"},\"inLanguage\":\"pt-BR\",\"potentialAction\":[{\"@type\":\"ReadAction\",\"target\":[\"https:\/\/www.manaus.am.gov.br\/semtepi\/campanha\/sorteio-das-galerias\/\"]}]},{\"@type\":\"ImageObject\",\"inLanguage\":\"pt-BR\",\"@id\":\"https:\/\/www.manaus.am.gov.br\/semtepi\/campanha\/sorteio-das-galerias\/#primaryimage\",\"url\":\"https:\/\/www.manaus.am.gov.br\/semtepi\/wp-content\/uploads\/sites\/20\/2026\/01\/Sorteio-3.jpg\",\"contentUrl\":\"https:\/\/www.manaus.am.gov.br\/semtepi\/wp-content\/uploads\/sites\/20\/2026\/01\/Sorteio-3.jpg\",\"width\":2048,\"height\":1365,\"caption\":\"#paratodosverem \u2013 Cliente depositando seu cupom na urna em galeria popular para sorteio de pr\u00eamios\"},{\"@type\":\"BreadcrumbList\",\"@id\":\"https:\/\/www.manaus.am.gov.br\/semtepi\/campanha\/sorteio-das-galerias\/#breadcrumb\",\"itemListElement\":[{\"@type\":\"ListItem\",\"position\":1,\"name\":\"Home\",\"item\":\"https:\/\/www.manaus.am.gov.br\/semtepi\/\"},{\"@type\":\"ListItem\",\"position\":2,\"name\":\"Sorteio das galerias populares \u00e9 prorrogado at\u00e9 6 de fevereiro\"}]},{\"@type\":\"WebSite\",\"@id\":\"https:\/\/www.manaus.am.gov.br\/semtepi\/#website\",\"url\":\"https:\/\/www.manaus.am.gov.br\/semtepi\/\",\"name\":\"SEMTEPI\",\"description\":\"Prefeitura de Manaus\",\"publisher\":{\"@id\":\"https:\/\/www.manaus.am.gov.br\/semtepi\/#organization\"},\"alternateName\":\"Secretaria Municipal do Trabalho, Empreendedorismo e Inova\u00e7\u00e3o\",\"potentialAction\":[{\"@type\":\"SearchAction\",\"target\":{\"@type\":\"EntryPoint\",\"urlTemplate\":\"https:\/\/www.manaus.am.gov.br\/semtepi\/?s={search_term_string}\"},\"query-input\":\"required name=search_term_string\"}],\"inLanguage\":\"pt-BR\"},{\"@type\":\"Organization\",\"@id\":\"https:\/\/www.manaus.am.gov.br\/semtepi\/#organization\",\"name\":\"Prefeitura Municipal de Manaus\",\"alternateName\":\"Prefeitura de Manaus\",\"url\":\"https:\/\/www.manaus.am.gov.br\/semtepi\/\",\"logo\":{\"@type\":\"ImageObject\",\"inLanguage\":\"pt-BR\",\"@id\":\"https:\/\/www.manaus.am.gov.br\/semtepi\/#\/schema\/logo\/image\/\",\"url\":\"https:\/\/www.manaus.am.gov.br\/semtepi\/wp-content\/uploads\/sites\/20\/2024\/07\/favicon.png\",\"contentUrl\":\"https:\/\/www.manaus.am.gov.br\/semtepi\/wp-content\/uploads\/sites\/20\/2024\/07\/favicon.png\",\"width\":300,\"height\":300,\"caption\":\"Prefeitura Municipal de Manaus\"},\"image\":{\"@id\":\"https:\/\/www.manaus.am.gov.br\/semtepi\/#\/schema\/logo\/image\/\"}},{\"@type\":\"Person\",\"@id\":\"https:\/\/www.manaus.am.gov.br\/semtepi\/#\/schema\/person\/466a0e03ae4b6062809046bd560ac955\",\"name\":\"bvalente\",\"image\":{\"@type\":\"ImageObject\",\"inLanguage\":\"pt-BR\",\"@id\":\"https:\/\/www.manaus.am.gov.br\/semtepi\/#\/schema\/person\/image\/\",\"url\":\"https:\/\/secure.gravatar.com\/avatar\/3e69bc2b014bdad41adfec3a39de07d2?s=96&d=mm&r=g\",\"contentUrl\":\"https:\/\/secure.gravatar.com\/avatar\/3e69bc2b014bdad41adfec3a39de07d2?s=96&d=mm&r=g\",\"caption\":\"bvalente\"}}]}<\/script>\n<!-- \/ Yoast SEO plugin. -->","yoast_head_json":{"title":"Sorteio das galerias populares \u00e9 prorrogado at\u00e9 6 de fevereiro","description":"A Prefeitura de Manaus, por meio da Secretaria Municipal do Trabalho, Empreendedorismo e Inova\u00e7\u00e3o (Semtepi), prorrogou o prazo do sorteio da campanha promocional realizada nas galerias populares da cidade.","robots":{"index":"noindex","follow":"follow"},"og_locale":"pt_BR","og_type":"article","og_title":"Sorteio das galerias populares \u00e9 prorrogado at\u00e9 6 de fevereiro","og_description":"A Prefeitura de Manaus, por meio da Secretaria Municipal do Trabalho, Empreendedorismo e Inova\u00e7\u00e3o (Semtepi), prorrogou o prazo do sorteio da campanha promocional realizada nas galerias populares da cidade.","og_url":"https:\/\/www.manaus.am.gov.br\/semtepi\/campanha\/sorteio-das-galerias\/","og_site_name":"SEMTEPI","article_published_time":"2026-01-15T20:21:59+00:00","article_modified_time":"2026-02-06T15:55:55+00:00","og_image":[{"width":2048,"height":1365,"url":"https:\/\/www.manaus.am.gov.br\/semtepi\/wp-content\/uploads\/sites\/20\/2026\/01\/Sorteio-3.jpg","type":"image\/jpeg"}],"author":"bvalente","twitter_card":"summary_large_image","twitter_misc":{"Written by":"bvalente","Est. reading time":"2 minutos"},"schema":{"@context":"https:\/\/schema.org","@graph":[{"@type":"Article","@id":"https:\/\/www.manaus.am.gov.br\/semtepi\/campanha\/sorteio-das-galerias\/#article","isPartOf":{"@id":"https:\/\/www.manaus.am.gov.br\/semtepi\/campanha\/sorteio-das-galerias\/"},"author":{"name":"bvalente","@id":"https:\/\/www.manaus.am.gov.br\/semtepi\/#\/schema\/person\/466a0e03ae4b6062809046bd560ac955"},"headline":"Sorteio das galerias populares \u00e9 prorrogado at\u00e9 6 de fevereiro","datePublished":"2026-01-15T20:21:59+00:00","dateModified":"2026-02-06T15:55:55+00:00","mainEntityOfPage":{"@id":"https:\/\/www.manaus.am.gov.br\/semtepi\/campanha\/sorteio-das-galerias\/"},"wordCount":330,"publisher":{"@id":"https:\/\/www.manaus.am.gov.br\/semtepi\/#organization"},"image":{"@id":"https:\/\/www.manaus.am.gov.br\/semtepi\/campanha\/sorteio-das-galerias\/#primaryimage"},"thumbnailUrl":"https:\/\/www.manaus.am.gov.br\/semtepi\/wp-content\/uploads\/sites\/20\/2026\/01\/Sorteio-3.jpg","keywords":["prefeitura de manaus","Semtepi","Sorteio das galerias"],"articleSection":["Campanha"],"inLanguage":"pt-BR"},{"@type":"WebPage","@id":"https:\/\/www.manaus.am.gov.br\/semtepi\/campanha\/sorteio-das-galerias\/","url":"https:\/\/www.manaus.am.gov.br\/semtepi\/campanha\/sorteio-das-galerias\/","name":"Sorteio das galerias populares \u00e9 prorrogado at\u00e9 6 de fevereiro","isPartOf":{"@id":"https:\/\/www.manaus.am.gov.br\/semtepi\/#website"},"primaryImageOfPage":{"@id":"https:\/\/www.manaus.am.gov.br\/semtepi\/campanha\/sorteio-das-galerias\/#primaryimage"},"image":{"@id":"https:\/\/www.manaus.am.gov.br\/semtepi\/campanha\/sorteio-das-galerias\/#primaryimage"},"thumbnailUrl":"https:\/\/www.manaus.am.gov.br\/semtepi\/wp-content\/uploads\/sites\/20\/2026\/01\/Sorteio-3.jpg","datePublished":"2026-01-15T20:21:59+00:00","dateModified":"2026-02-06T15:55:55+00:00","description":"A Prefeitura de Manaus, por meio da Secretaria Municipal do Trabalho, Empreendedorismo e Inova\u00e7\u00e3o (Semtepi), prorrogou o prazo do sorteio da campanha promocional realizada nas galerias populares da cidade.","breadcrumb":{"@id":"https:\/\/www.manaus.am.gov.br\/semtepi\/campanha\/sorteio-das-galerias\/#breadcrumb"},"inLanguage":"pt-BR","potentialAction":[{"@type":"ReadAction","target":["https:\/\/www.manaus.am.gov.br\/semtepi\/campanha\/sorteio-das-galerias\/"]}]},{"@type":"ImageObject","inLanguage":"pt-BR","@id":"https:\/\/www.manaus.am.gov.br\/semtepi\/campanha\/sorteio-das-galerias\/#primaryimage","url":"https:\/\/www.manaus.am.gov.br\/semtepi\/wp-content\/uploads\/sites\/20\/2026\/01\/Sorteio-3.jpg","contentUrl":"https:\/\/www.manaus.am.gov.br\/semtepi\/wp-content\/uploads\/sites\/20\/2026\/01\/Sorteio-3.jpg","width":2048,"height":1365,"caption":"#paratodosverem \u2013 Cliente depositando seu cupom na urna em galeria popular para sorteio de pr\u00eamios"},{"@type":"BreadcrumbList","@id":"https:\/\/www.manaus.am.gov.br\/semtepi\/campanha\/sorteio-das-galerias\/#breadcrumb","itemListElement":[{"@type":"ListItem","position":1,"name":"Home","item":"https:\/\/www.manaus.am.gov.br\/semtepi\/"},{"@type":"ListItem","position":2,"name":"Sorteio das galerias populares \u00e9 prorrogado at\u00e9 6 de fevereiro"}]},{"@type":"WebSite","@id":"https:\/\/www.manaus.am.gov.br\/semtepi\/#website","url":"https:\/\/www.manaus.am.gov.br\/semtepi\/","name":"SEMTEPI","description":"Prefeitura de Manaus","publisher":{"@id":"https:\/\/www.manaus.am.gov.br\/semtepi\/#organization"},"alternateName":"Secretaria Municipal do Trabalho, Empreendedorismo e Inova\u00e7\u00e3o","potentialAction":[{"@type":"SearchAction","target":{"@type":"EntryPoint","urlTemplate":"https:\/\/www.manaus.am.gov.br\/semtepi\/?s={search_term_string}"},"query-input":"required name=search_term_string"}],"inLanguage":"pt-BR"},{"@type":"Organization","@id":"https:\/\/www.manaus.am.gov.br\/semtepi\/#organization","name":"Prefeitura Municipal de Manaus","alternateName":"Prefeitura de Manaus","url":"https:\/\/www.manaus.am.gov.br\/semtepi\/","logo":{"@type":"ImageObject","inLanguage":"pt-BR","@id":"https:\/\/www.manaus.am.gov.br\/semtepi\/#\/schema\/logo\/image\/","url":"https:\/\/www.manaus.am.gov.br\/semtepi\/wp-content\/uploads\/sites\/20\/2024\/07\/favicon.png","contentUrl":"https:\/\/www.manaus.am.gov.br\/semtepi\/wp-content\/uploads\/sites\/20\/2024\/07\/favicon.png","width":300,"height":300,"caption":"Prefeitura Municipal de Manaus"},"image":{"@id":"https:\/\/www.manaus.am.gov.br\/semtepi\/#\/schema\/logo\/image\/"}},{"@type":"Person","@id":"https:\/\/www.manaus.am.gov.br\/semtepi\/#\/schema\/person\/466a0e03ae4b6062809046bd560ac955","name":"bvalente","image":{"@type":"ImageObject","inLanguage":"pt-BR","@id":"https:\/\/www.manaus.am.gov.br\/semtepi\/#\/schema\/person\/image\/","url":"https:\/\/secure.gravatar.com\/avatar\/3e69bc2b014bdad41adfec3a39de07d2?s=96&d=mm&r=g","contentUrl":"https:\/\/secure.gravatar.com\/avatar\/3e69bc2b014bdad41adfec3a39de07d2?s=96&d=mm&r=g","caption":"bvalente"}}]}},"_links":{"self":[{"href":"https:\/\/www.manaus.am.gov.br\/semtepi\/wp-json\/wp\/v2\/posts\/7489"}],"collection":[{"href":"https:\/\/www.manaus.am.gov.br\/semtepi\/wp-json\/wp\/v2\/posts"}],"about":[{"href":"https:\/\/www.manaus.am.gov.br\/semtepi\/wp-json\/wp\/v2\/types\/post"}],"author":[{"embeddable":true,"href":"https:\/\/www.manaus.am.gov.br\/semtepi\/wp-json\/wp\/v2\/users\/68"}],"replies":[{"embeddable":true,"href":"https:\/\/www.manaus.am.gov.br\/semtepi\/wp-json\/wp\/v2\/comments?post=7489"}],"version-history":[{"count":1,"href":"https:\/\/www.manaus.am.gov.br\/semtepi\/wp-json\/wp\/v2\/posts\/7489\/revisions"}],"predecessor-version":[{"id":7559,"href":"https:\/\/www.manaus.am.gov.br\/semtepi\/wp-json\/wp\/v2\/posts\/7489\/revisions\/7559"}],"wp:featuredmedia":[{"embeddable":true,"href":"https:\/\/www.manaus.am.gov.br\/semtepi\/wp-json\/wp\/v2\/media\/7490"}],"wp:attachment":[{"href":"https:\/\/www.manaus.am.gov.br\/semtepi\/wp-json\/wp\/v2\/media?parent=7489"}],"wp:term":[{"taxonomy":"category","embeddable":true,"href":"https:\/\/www.manaus.am.gov.br\/semtepi\/wp-json\/wp\/v2\/categories?post=7489"},{"taxonomy":"post_tag","embeddable":true,"href":"https:\/\/www.manaus.am.gov.br\/semtepi\/wp-json\/wp\/v2\/tags?post=7489"}],"curies":[{"name":"wp","href":"https:\/\/api.w.org\/{rel}","templated":true}]}}