{"id":7485,"date":"2026-01-14T14:01:29","date_gmt":"2026-01-14T18:01:29","guid":{"rendered":"https:\/\/www.manaus.am.gov.br\/semtepi\/sem-categoria\/sine-manaus-194-vagas-emprego-15-1\/"},"modified":"2026-01-14T14:01:31","modified_gmt":"2026-01-14T18:01:31","slug":"sine-manaus-194-vagas-emprego-15-1","status":"publish","type":"post","link":"https:\/\/www.manaus.am.gov.br\/semtepi\/oportunidade\/sine-manaus-194-vagas-emprego-15-1\/","title":{"rendered":"Sine Manaus oferta 194 vagas de emprego nesta quinta-feira, 15\/1"},"content":{"rendered":"\n<p>A Prefeitura de Manaus, por meio do Sine Manaus, oferta 194 vagas de emprego em v\u00e1rias \u00e1reas de atua\u00e7\u00e3o, nesta quinta-feira, 15\/1,&nbsp;das 8h \u00e0s 14h. O candidato pode validar a Carteira Digital e Previd\u00eancia Social (CTPS) no aplicativo \u201cCarteira de Trabalho Digital\u201d ou acessar o site&nbsp;<a href=\"http:\/\/gov.br\/trabalho\">http:\/\/gov.br\/trabalho<\/a>.<\/p>\n\n\n\n<p>Para participar da pr\u00e9-sele\u00e7\u00e3o e concorrer a uma das vagas dispon\u00edveis, ou receber orienta\u00e7\u00e3o de cadastro, Carteira de Trabalho Digital e seguro-desemprego, os candidatos devem comparecer a um dos postos do Sine Manaus: na avenida Constantino Nery, n\u00ba 1.272, bairro S\u00e3o Geraldo, zona Centro-Sul; ou no shopping Phelippe Daou, na avenida Camapu\u00e3, n\u00ba 2.939, bairro Cidade de Deus, zona Norte.<\/p>\n\n\n\n<p>Os interessados devem estar munidos do comprovante de vacina\u00e7\u00e3o (Covid-19), curr\u00edculo, certificados de cursos e documentos pessoais (RG, CPF, PIS, CTPS, comprovante de escolaridade e resid\u00eancia). N\u00e3o \u00e9 necess\u00e1rio apresentar c\u00f3pias, somente os documentos originais.<\/p>\n\n\n\n<p>\u00c9 importante que os candidatos mantenham seus cadastros atualizados, especialmente ao finalizarem novas qualifica\u00e7\u00f5es. Para vagas espec\u00edficas, podem ser solicitados documentos adicionais, como cursos ou certifica\u00e7\u00f5es, por isso, \u00e9 essencial estar atento aos &#8220;Requisitos Obrigat\u00f3rios&#8221; de cada vaga.<\/p>\n\n\n\n<p>A Semtepi ressalta que, obedecendo ao disposto no artigo 5\u00ba, da Constitui\u00e7\u00e3o Federal, e ao artigo 373-A, da Consolida\u00e7\u00e3o das Leis Trabalhistas (CLT), crit\u00e9rios referentes a sexo, idade, cor ou situa\u00e7\u00e3o familiar, n\u00e3o podem ser informados na divulga\u00e7\u00e3o das vagas disponibilizadas.<\/p>\n\n\n\n<p>Os candidatos devem estar cientes das diretrizes de vestimenta estabelecidas pelo \u00f3rg\u00e3o, as quais incluem a proibi\u00e7\u00e3o de vestimentas como bermudas, shorts, minissaias, camisetas regatas e chinelos durante a entrada.<\/p>\n\n\n\n<p><strong>VAGAS NOVAS &#8211; 47<\/strong><\/p>\n\n\n\n<p><strong>1 vaga &#8211; Eletromec\u00e2nico Industrial Jr<\/strong><\/p>\n\n\n\n<p>Escolaridade &#8211; ensino t\u00e9cnico completo em El\u00e9trica ou Eletrot\u00e9cnica;<\/p>\n\n\n\n<p>Experi\u00eancia &#8211; seis meses na Carteira de Trabalho;<\/p>\n\n\n\n<p>Requisitos Obrigat\u00f3rios &#8211; possuir documenta\u00e7\u00e3o completa (com dispensa militar);<\/p>\n\n\n\n<p>Atividades &#8211; realizar manuten\u00e7\u00f5es corretivas e preventivas em equipamentos eletromec\u00e2nicos.<\/p>\n\n\n\n<p>Dispon\u00edvel at\u00e9 15\/1\/2026 ou encerramento da vaga<\/p>\n\n\n\n<p><strong>1 vaga &#8211; Monitorador(a) de CFTV II<\/strong><\/p>\n\n\n\n<p>Escolaridade &#8211; ensino m\u00e9dio completo;<\/p>\n\n\n\n<p>Experi\u00eancia &#8211; seis meses na Carteira de Trabalho;<\/p>\n\n\n\n<p>Requisitos Obrigat\u00f3rios &#8211; ter curso de Inform\u00e1tica intermedi\u00e1ria ou avan\u00e7ada, Monitoramento de CFTV, disponibilidade de hor\u00e1rio e possuir documenta\u00e7\u00e3o completa;<\/p>\n\n\n\n<p>Atividades &#8211; acompanhar em tempo real imagens de c\u00e2meras, detectar atividades suspeitas, controlar acesso, registrar e elaborar relat\u00f3rios de ocorr\u00eancias, acionar alarmes\/equipes, e a revisar grava\u00e7\u00f5es para auditorias, visando garantir a seguran\u00e7a patrimonial e de pessoas, operando sistemas de controle e reportando irregularidades.<\/p>\n\n\n\n<p>Dispon\u00edvel at\u00e9 15\/1\/2026 ou encerramento da vaga<\/p>\n\n\n\n<p><strong>1 vaga &#8211; Auxiliar Administrativo<\/strong><\/p>\n\n\n\n<p>Escolaridade &#8211; ensino m\u00e9dio completo;<\/p>\n\n\n\n<p>Experi\u00eancia &#8211; seis meses na Carteira de Trabalho;<\/p>\n\n\n\n<p>Requisitos Obrigat\u00f3rios &#8211; ter curso de Inform\u00e1tica avan\u00e7ada ou Excel e possuir documenta\u00e7\u00e3o completa;<\/p>\n\n\n\n<p>Atividades &#8211; rotinas administrativas, almoxarifado, recrutamento e sele\u00e7\u00e3o.<\/p>\n\n\n\n<p>Dispon\u00edvel at\u00e9 15\/1\/2026 ou encerramento da vaga<\/p>\n\n\n\n<p><strong>1 vaga &#8211; Auxiliar Administrativo<\/strong><\/p>\n\n\n\n<p>Escolaridade &#8211; ensino m\u00e9dio completo;<\/p>\n\n\n\n<p>Experi\u00eancia &#8211; seis meses na Carteira de Trabalho;<\/p>\n\n\n\n<p>Requisitos Obrigat\u00f3rios &#8211; possuir documenta\u00e7\u00e3o completa;<\/p>\n\n\n\n<p>Atividades &#8211; rotinas administrativas, almoxarifado, recrutamento e sele\u00e7\u00e3o.<\/p>\n\n\n\n<p>Dispon\u00edvel at\u00e9 15\/1\/2026 ou encerramento da vaga<\/p>\n\n\n\n<p><strong>1 vaga &#8211; Auxiliar de Limpeza<\/strong><\/p>\n\n\n\n<p>Escolaridade &#8211; ensino m\u00e9dio completo;<\/p>\n\n\n\n<p>Experi\u00eancia &#8211; seis meses na Carteira de Trabalho;<\/p>\n\n\n\n<p>Requisitos Obrigat\u00f3rios &#8211; ter experi\u00eancia com m\u00e1quina de ro\u00e7ar e possuir documenta\u00e7\u00e3o completa (com dispensa militar);<\/p>\n\n\n\n<p>Atividades &#8211; atender as necessidades de limpeza, manuten\u00e7\u00e3o e conserva\u00e7\u00e3o das instala\u00e7\u00f5es da Institui\u00e7\u00e3o, removendo p\u00f3 de m\u00f3veis, paredes, tetos, portas, janelas e equipamentos.<\/p>\n\n\n\n<p>Dispon\u00edvel at\u00e9 15\/1\/2026 ou encerramento da vaga<\/p>\n\n\n\n<p><strong>2 vagas &#8211; Motorista<\/strong><\/p>\n\n\n\n<p>Escolaridade &#8211; ensino m\u00e9dio completo;<\/p>\n\n\n\n<p>Experi\u00eancia &#8211; seis meses na Carteira de Trabalho;<\/p>\n\n\n\n<p>Requisitos Obrigat\u00f3rios &#8211; ter Carteira Nacional de Habilita\u00e7\u00e3o categoria \u201cD\u201d, curso MOPP e possuir documenta\u00e7\u00e3o completa (com dispensa militar);<\/p>\n\n\n\n<p>Atividades &#8211; conferir mercadorias; dar suporte em carga e descarga de materiais e produtos; movimentar mercadorias para entrega ao cliente; demais atividades pertinentes a fun\u00e7\u00e3o.<\/p>\n\n\n\n<p>Dispon\u00edvel at\u00e9 15\/1\/2026 ou encerramento da vaga<\/p>\n\n\n\n<p><strong>1 vaga &#8211; Agente de Portaria<\/strong><\/p>\n\n\n\n<p>Escolaridade &#8211; ensino m\u00e9dio completo;<\/p>\n\n\n\n<p>Experi\u00eancia &#8211; seis meses na Carteira de Trabalho ou avulsa;<\/p>\n\n\n\n<p>Requisitos Obrigat\u00f3rios &#8211; ter curso de Agente de Portaria e possuir documenta\u00e7\u00e3o completa (com dispensa militar);<\/p>\n\n\n\n<p>Atividades &#8211; monitorar a entrada e sa\u00edda de pessoas, ve\u00edculos e materiais, garantindo que apenas pessoas autorizadas entrem; zelar pela seguran\u00e7a do local, fiscalizando depend\u00eancias, monitorando c\u00e2meras e alarmes, e acionando autoridades em caso de irregularidades.<\/p>\n\n\n\n<p>Dispon\u00edvel at\u00e9 15\/1\/2026 ou encerramento da vaga<\/p>\n\n\n\n<p><strong>1 vaga &#8211; Confeiteiro<\/strong><\/p>\n\n\n\n<p>Escolaridade &#8211; ensino fundamental completo;<\/p>\n\n\n\n<p>Experi\u00eancia &#8211; seis meses na Carteira de Trabalho;<\/p>\n\n\n\n<p>Requisitos Obrigat\u00f3rios &#8211; possuir documenta\u00e7\u00e3o completa;<\/p>\n\n\n\n<p>Atividades &#8211; fazer massas, salgados, biscoitos, bolos, tortas e outros doces.<\/p>\n\n\n\n<p>Dispon\u00edvel at\u00e9 15\/1\/2026 ou encerramento da vaga<\/p>\n\n\n\n<p><strong>1 vaga &#8211; Motorista de Caminh\u00e3o Munck<\/strong><\/p>\n\n\n\n<p>Escolaridade &#8211; ensino fundamental completo;<\/p>\n\n\n\n<p>Experi\u00eancia &#8211; registrada na Carteira de Trabalho;<\/p>\n\n\n\n<p>Requisitos Obrigat\u00f3rios &#8211; ter Carteira Nacional de Habilita\u00e7\u00e3o categoria \u201cD\u201d e possuir documenta\u00e7\u00e3o completa (com dispensa militar);<\/p>\n\n\n\n<p>Atividades &#8211; dirigir o caminh\u00e3o equipado com transporte e operar o equipamento para levantar, transportar e descarregar cargas pesadas.<\/p>\n\n\n\n<p>Dispon\u00edvel at\u00e9 15\/1\/2026 ou encerramento da vaga<\/p>\n\n\n\n<p><strong>2 vagas &#8211; Auxiliar de Pintor<\/strong><\/p>\n\n\n\n<p>Escolaridade &#8211; ensino fundamental completo;<\/p>\n\n\n\n<p>Experi\u00eancia &#8211; seis meses na Carteira de Trabalho;<\/p>\n\n\n\n<p>Requisitos Obrigat\u00f3rios &#8211; possuir documenta\u00e7\u00e3o completa (com dispensa militar);<\/p>\n\n\n\n<p>Atividades &#8211; prepara\u00e7\u00e3o de superf\u00edcies, organiza\u00e7\u00e3o do local de trabalho, apoio na aplica\u00e7\u00e3o de tintas e vernizes, manuten\u00e7\u00e3o de ferramentas e cuidado com EPIs e normas de seguran\u00e7a.<\/p>\n\n\n\n<p>Dispon\u00edvel at\u00e9 15\/1\/2026 ou encerramento da vaga<\/p>\n\n\n\n<p><strong>1 vaga &#8211; Operador de Monitoramento de CFTV<\/strong><\/p>\n\n\n\n<p>Escolaridade &#8211; ensino m\u00e9dio completo;<\/p>\n\n\n\n<p>Experi\u00eancia &#8211; n\u00e3o \u00e9 necess\u00e1rio;<\/p>\n\n\n\n<p>Requisitos Obrigat\u00f3rios &#8211; ter curso de CFTV e possuir documenta\u00e7\u00e3o completa (com dispensa militar);<\/p>\n\n\n\n<p>Atividades &#8211; monitorar as c\u00e2meras de CFTV e lidar com a mesa controladora; manter o monitoramento constante durante todo o per\u00edodo de trabalho; manter o controle de acesso e seguran\u00e7a, dentre outros crit\u00e9rios estabelecidos.<\/p>\n\n\n\n<p>Dispon\u00edvel at\u00e9 15\/1\/2026 ou encerramento da vaga<\/p>\n\n\n\n<p><strong>2 vagas &#8211; Lavador de Ve\u00edculos<\/strong><\/p>\n\n\n\n<p>Escolaridade &#8211; ensino fundamental completo;<\/p>\n\n\n\n<p>Experi\u00eancia &#8211; seis meses na Carteira de Trabalho;<\/p>\n\n\n\n<p>Requisitos Obrigat\u00f3rios &#8211; ter Carteira Nacional de Habilita\u00e7\u00e3o categoria \u201cAB\u201d e possuir documenta\u00e7\u00e3o completa (com dispensa militar);<\/p>\n\n\n\n<p>Atividades &#8211; executar a lavagem e limpeza de carros.<\/p>\n\n\n\n<p>Dispon\u00edvel at\u00e9 15\/1\/2026 ou encerramento da vaga<\/p>\n\n\n\n<p><strong>10 vagas &#8211; Jovem Aprendiz &#8211; Auxiliar Administrativo<\/strong><\/p>\n\n\n\n<p>Escolaridade &#8211; ensino m\u00e9dio completo;<\/p>\n\n\n\n<p>Experi\u00eancia &#8211; n\u00e3o \u00e9 necess\u00e1rio;<\/p>\n\n\n\n<p>Requisitos Obrigat\u00f3rios &#8211; ter curso de Inform\u00e1tica b\u00e1sica e possuir documenta\u00e7\u00e3o completa (com dispensa militar);<\/p>\n\n\n\n<p>Atividades &#8211; dar suporte nas atividades do setor de compras, controle de documentos e apoio nas rotinas operacionais, solicitar e comparar pre\u00e7os com fornecedores, manter o cadastro de fornecedores e produtos atualizados no sistema, auxiliar no controle e confer\u00eancia de notas fiscais.<\/p>\n\n\n\n<p>Dispon\u00edvel at\u00e9 15\/1\/2026 ou encerramento da vaga<\/p>\n\n\n\n<p><strong>2 vagas &#8211; Art\u00edfice de Manuten\u00e7\u00e3o Predial<\/strong><\/p>\n\n\n\n<p>Escolaridade &#8211; ensino m\u00e9dio completo;<\/p>\n\n\n\n<p>Experi\u00eancia &#8211; tr\u00eas meses na Carteira de Trabalho;<\/p>\n\n\n\n<p>Requisitos Obrigat\u00f3rios &#8211; possuir documenta\u00e7\u00e3o completa (com dispensa militar);<\/p>\n\n\n\n<p>Atividades &#8211; realizar inspe\u00e7\u00f5es e ajustes em equipamentos e instala\u00e7\u00f5es para evitar falhas, trocar pe\u00e7as desgastadas ou defeituosas; limpeza e manuten\u00e7\u00e3o e manter em bom estado instala\u00e7\u00f5es como encanamentos, sistemas el\u00e9tricos; realizar reparos em paredes, tetos e pisos.<\/p>\n\n\n\n<p>Dispon\u00edvel at\u00e9 15\/1\/2026 ou encerramento da vaga<\/p>\n\n\n\n<p><strong>2 vagas &#8211; Analista de Recursos Humanos<\/strong><\/p>\n\n\n\n<p>Escolaridade &#8211; ensino superior completo em Psicologia;<\/p>\n\n\n\n<p>Experi\u00eancia &#8211; seis meses na Carteira de Trabalho;<\/p>\n\n\n\n<p>Requisitos Obrigat\u00f3rios &#8211; ter CRP ativo, Pacote Office, conhecimento nas normas NBR ISO 9001, 14001, 45001 e possuir documenta\u00e7\u00e3o completa;<\/p>\n\n\n\n<p>Atividades &#8211; realizar avalia\u00e7\u00f5es de desempenho e acompanhamento do desenvolvimento dos colaboradores, identificando e tratando quest\u00f5es psicol\u00f3gicas que possam impactar o trabalho; identificar fatores de estresse no ambiente corporativo e desenvolve estrat\u00e9gias como programas de bem-estar, para mitig\u00e1-los, promovendo um ambiente mais saud\u00e1vel e produtivo; oferecer apoio psicol\u00f3gico individual e em grupo para lidar com crises pessoais e profissionais, como luto, demiss\u00f5es ou conflitos; atuar na resolu\u00e7\u00e3o de conflitos dentro da equipe e entre diferentes n\u00edveis hier\u00e1rquicos, contribuindo para um clima organizacional mais harmonioso; atendimento emergencial de colaboradores; atender as reclama\u00e7\u00f5es dos colaboradores e apurar as medidas cab\u00edveis a cada caso.<\/p>\n\n\n\n<p>Dispon\u00edvel at\u00e9 15\/1\/2026 ou encerramento da vaga<\/p>\n\n\n\n<p><strong>2 vagas &#8211; Supervisor de Armaz\u00e9m<\/strong><\/p>\n\n\n\n<p>Escolaridade &#8211; cursando ensino superior em Administra\u00e7\u00e3o ou Log\u00edstica;<\/p>\n\n\n\n<p>Experi\u00eancia &#8211; tr\u00eas meses na Carteira de Trabalho;<\/p>\n\n\n\n<p>Requisitos Obrigat\u00f3rios &#8211; ter conhecimento em Inform\u00e1tica avan\u00e7ada e possuir documenta\u00e7\u00e3o completa (com dispensa militar);<\/p>\n\n\n\n<p>Atividades &#8211; supervisionar fiscaliza\u00e7\u00e3o f\u00edsica das cargas juntos aos \u00f3rg\u00e3os federais competentes; supervisionar processo de leil\u00f6es da Receita Federal, retirada de carga para destrui\u00e7\u00e3o e cargas em perdimento no armaz\u00e9m; supervisionar libera\u00e7\u00e3o de cargas n\u00e3o desembara\u00e7adas do armaz\u00e9m e averba\u00e7\u00e3o e cargas com reten\u00e7\u00e3o ou com entrega n\u00e3o autorizada; assinar a solicita\u00e7\u00e3o de ingresso em recinto alfandegado, representar a empresa junto aos importadores; atender procedimentos solicitados pela Receita Federal, supervisionar os processos documentais e libera\u00e7\u00f5es de importa\u00e7\u00e3o e exporta\u00e7\u00e3o pela Receita Federal do Brasil: realizar atendimento ao cliente e aos \u00f3rg\u00e3os federais; supervisionar escala para Balsas de transbordo e\/ou vazias que ir\u00e3o operar no terminal e indicadores do Setor.<\/p>\n\n\n\n<p>Dispon\u00edvel at\u00e9 15\/1\/2026 ou encerramento da vaga<\/p>\n\n\n\n<p><strong>2 vagas &#8211; Psic\u00f3logo<\/strong><\/p>\n\n\n\n<p>Escolaridade &#8211; ensino superior completo em Psicologia;<\/p>\n\n\n\n<p>Experi\u00eancia &#8211; seis meses na Carteira de Trabalho;<\/p>\n\n\n\n<p>Requisitos Obrigat\u00f3rios &#8211; ter CRP ativo, Pacote Office, conhecimento nas normas NBR ISO 9001, 14001, 45001 e possuir documenta\u00e7\u00e3o completa (com dispensa militar);<\/p>\n\n\n\n<p>Atividades &#8211; realizar avalia\u00e7\u00f5es de desempenho e acompanhamento do desenvolvimento dos colaboradores, identificando e tratando quest\u00f5es psicol\u00f3gicas que possam impactar o trabalho; identificar fatores de estresse no ambiente corporativo e desenvolve estrat\u00e9gias, como programas de bem-estar, para mitig\u00e1-los, promovendo um ambiente mais saud\u00e1vel e produtivo; oferecer apoio psicol\u00f3gico individual e em grupo para lidar com crises pessoais e profissionais, como luto, demiss\u00f5es ou conflitos; atuar na resolu\u00e7\u00e3o de conflitos dentro da equipe e entre diferentes n\u00edveis hier\u00e1rquicos, contribuindo para um clima organizacional mais harmonioso; atendimento emergencial de colaboradores; atender as reclamat\u00f3rias dos colaboradores e apurar as medidas cab\u00edveis a cada caso.<\/p>\n\n\n\n<p>Dispon\u00edvel at\u00e9 15\/1\/2026 ou encerramento da vaga<\/p>\n\n\n\n<p><strong>1 vaga &#8211; Assistente de Estoque<\/strong><\/p>\n\n\n\n<p>Escolaridade &#8211; ensino m\u00e9dio completo;<\/p>\n\n\n\n<p>Experi\u00eancia &#8211; seis meses na Carteira de Trabalho;<\/p>\n\n\n\n<p>Requisitos Obrigat\u00f3rios &#8211; ter curso de Inform\u00e1tica b\u00e1sica, disponibilidade de hor\u00e1rio, conhecimento no sistema BIG e possuir documenta\u00e7\u00e3o completa;<\/p>\n\n\n\n<p>Atividades &#8211; receber, conferir, organizar, armazenar e controlar mercadorias, garantindo que estejam no lugar certo, na quantidade certa e no tempo certo, evitando perdas e facilitando o abastecimento de vendas ou produ\u00e7\u00e3o, atrav\u00e9s de tarefas como invent\u00e1rio, registro de entradas\/sa\u00eddas e organiza\u00e7\u00e3o f\u00edsica.<\/p>\n\n\n\n<p>Dispon\u00edvel at\u00e9 15\/1\/2026 ou encerramento da vaga<\/p>\n\n\n\n<p><strong>1 vaga &#8211; Atendente de Farm\u00e1cia<\/strong><\/p>\n\n\n\n<p>Escolaridade &#8211; ensino superior completo em Farm\u00e1cia;<\/p>\n\n\n\n<p>Experi\u00eancia &#8211; seis meses na Carteira de Trabalho;<\/p>\n\n\n\n<p>Requisitos Obrigat\u00f3rios &#8211; ter curso de Atendente de Farm\u00e1cia e possuir documenta\u00e7\u00e3o completa;<\/p>\n\n\n\n<p>Atividades &#8211; acolher clientes, auxiliar na localiza\u00e7\u00e3o e venda de produtos, operar o caixa, organizar estoque e prateleiras, e fornecer orienta\u00e7\u00f5es b\u00e1sicas sobre o uso de produtos de venda livre, sempre sob supervis\u00e3o do farmac\u00eautico para d\u00favidas t\u00e9cnicas ou sobre receitas.<\/p>\n\n\n\n<p>Dispon\u00edvel at\u00e9 15\/1\/2026 ou encerramento da vaga<\/p>\n\n\n\n<p><strong>2 vagas &#8211; Assistente de Layout<\/strong><\/p>\n\n\n\n<p>Escolaridade &#8211; ensino m\u00e9dio completo;<\/p>\n\n\n\n<p>Experi\u00eancia &#8211; seis meses na Carteira de Trabalho;<\/p>\n\n\n\n<p>Requisitos Obrigat\u00f3rios &#8211; ter conhecimento em Inform\u00e1tica, CFTV, disponibilidade de hor\u00e1rio (noturno) e possuir documenta\u00e7\u00e3o completa;<\/p>\n\n\n\n<p>Atividades &#8211; atuar na organiza\u00e7\u00e3o visual e funcional de projetos, seja em design gr\u00e1fico, publicidade, ou at\u00e9 mesmo no varejo.<\/p>\n\n\n\n<p>Dispon\u00edvel at\u00e9 15\/1\/2026 ou encerramento da vaga<\/p>\n\n\n\n<p><strong>2 vagas &#8211; Confeiteiro (a)<\/strong><\/p>\n\n\n\n<p>Escolaridade &#8211; ensino fundamental completo;<\/p>\n\n\n\n<p>Experi\u00eancia &#8211; tr\u00eas meses na Carteira de Trabalho ou avulsa;<\/p>\n\n\n\n<p>Requisitos Obrigat\u00f3rios &#8211; possuir documenta\u00e7\u00e3o completa (com dispensa militar);<\/p>\n\n\n\n<p>Atividades &#8211; criar, preparar e decorar doces, bolos, tortas, biscoitos e outras iguarias.<\/p>\n\n\n\n<p>Dispon\u00edvel at\u00e9 15\/1\/2026 ou encerramento da vaga<\/p>\n\n\n\n<p><strong>1 vaga &#8211; Auxiliar Administrativo<\/strong><\/p>\n\n\n\n<p>Escolaridade &#8211; ensino m\u00e9dio completo;<\/p>\n\n\n\n<p>Experi\u00eancia &#8211; seis meses na Carteira de Trabalho;<\/p>\n\n\n\n<p>Requisitos Obrigat\u00f3rios &#8211; possuir documenta\u00e7\u00e3o completa;<\/p>\n\n\n\n<p>Atividades &#8211; executar rotinas operacionais de escrit\u00f3rio, como atendimento (telefone\/e-mail), organiza\u00e7\u00e3o de arquivos, controle de documentos.<\/p>\n\n\n\n<p>Dispon\u00edvel at\u00e9 15\/1\/2026 ou encerramento da vaga<\/p>\n\n\n\n<p><strong>2 vagas &#8211; Auxiliar de Limpeza<\/strong><\/p>\n\n\n\n<p>Escolaridade &#8211; ensino m\u00e9dio completo;<\/p>\n\n\n\n<p>Experi\u00eancia &#8211; seis meses na Carteira de Trabalho;<\/p>\n\n\n\n<p>Requisitos Obrigat\u00f3rios &#8211; possuir documenta\u00e7\u00e3o completa (com dispensa militar);<\/p>\n\n\n\n<p>Atividades &#8211; realizar limpeza geral, lavar banheiro, manter a copa organizada, lavar lou\u00e7a, servir visitantes, manter os m\u00f3veis e objetos limpos, controlar material de limpeza.<\/p>\n\n\n\n<p>Dispon\u00edvel at\u00e9 15\/1\/2026 ou encerramento da vaga<\/p>\n\n\n\n<p><strong>5 vagas &#8211; Mec\u00e2nico Diesel<\/strong><\/p>\n\n\n\n<p>Escolaridade &#8211; ensino m\u00e9dio completo;<\/p>\n\n\n\n<p>Experi\u00eancia &#8211; seis meses na Carteira de Trabalho;<\/p>\n\n\n\n<p>Requisitos Obrigat\u00f3rios &#8211; possuir documenta\u00e7\u00e3o completa (com dispensa militar);<\/p>\n\n\n\n<p>Atividades &#8211; executar servi\u00e7os de manuten\u00e7\u00e3o corretiva e preventiva dos semirreboques e equipamentos; montagem e desmontagem de ve\u00edculos e conhecimento em sistemas de freios, pneum\u00e1ticos, suspens\u00e3o, sistema de transmiss\u00e3o e motores diesel.<\/p>\n\n\n\n<p>Dispon\u00edvel at\u00e9 15\/1\/2026 ou encerramento da vaga<\/p>\n\n\n\n<p><strong>VAGAS NO COM\u00c9RCIO &#8211; 51<\/strong><\/p>\n\n\n\n<p><strong>5 vagas &#8211; Pedreiro<\/strong><\/p>\n\n\n\n<p>Escolaridade &#8211; ensino m\u00e9dio completo;<\/p>\n\n\n\n<p>Experi\u00eancia &#8211; seis meses na Carteira de Trabalho;<\/p>\n\n\n\n<p>Requisitos Obrigat\u00f3rios &#8211; possuir documenta\u00e7\u00e3o completa (com dispensa militar);<\/p>\n\n\n\n<p>Atividades &#8211; organizar e preparar o local de trabalho na obra, construir funda\u00e7\u00f5es e estruturas de alvenaria, aplicar revestimentos e contrapisos.<\/p>\n\n\n\n<p>Dispon\u00edvel at\u00e9 15\/1\/2026 ou encerramento da vaga<\/p>\n\n\n\n<p><strong>1 vaga &#8211; Vendedora<\/strong><\/p>\n\n\n\n<p>Escolaridade &#8211; ensino m\u00e9dio completo;<\/p>\n\n\n\n<p>Experi\u00eancia &#8211; seis meses na Carteira de Trabalho;<\/p>\n\n\n\n<p>Requisitos Obrigat\u00f3rios &#8211; ter disponibilidade de hor\u00e1rio, trabalhar em escala 6&#215;1 e possuir documenta\u00e7\u00e3o completa;<\/p>\n\n\n\n<p>Atividades &#8211; atendimento ao cliente; fechamento de vendas no sistema.<\/p>\n\n\n\n<p>Dispon\u00edvel at\u00e9 15\/1\/2026 ou encerramento da vaga<\/p>\n\n\n\n<p><strong>1 vaga &#8211; Repositor de Mercadorias<\/strong><\/p>\n\n\n\n<p>Escolaridade &#8211; ensino m\u00e9dio completo;<\/p>\n\n\n\n<p>Experi\u00eancia &#8211; seis meses na Carteira de Trabalho;<\/p>\n\n\n\n<p>Requisitos Obrigat\u00f3rios &#8211; possuir documenta\u00e7\u00e3o completa;<\/p>\n\n\n\n<p>Atividades &#8211; reorganiza\u00e7\u00e3o de prateleiras e g\u00f4ndolas, verifica\u00e7\u00e3o e controle de validade dos produtos, recebimento de mercadorias do estoque e a garantia de que os produtos estejam sempre dispon\u00edveis para os clientes; organiza\u00e7\u00e3o visual da \u00e1rea de vendas, mantendo o local limpo e arrumado.<\/p>\n\n\n\n<p>Dispon\u00edvel at\u00e9 15\/1\/2026 ou encerramento da vaga<\/p>\n\n\n\n<p><strong>1 vaga &#8211; Operador de Caixa<\/strong><\/p>\n\n\n\n<p>Escolaridade &#8211; ensino m\u00e9dio completo;<\/p>\n\n\n\n<p>Experi\u00eancia &#8211; seis meses na Carteira de Trabalho;<\/p>\n\n\n\n<p>Requisitos Obrigat\u00f3rios &#8211; residir no Nova Cidade ou proximidades, ter curso de Inform\u00e1tica b\u00e1sica e possuir documenta\u00e7\u00e3o completa;<\/p>\n\n\n\n<p>Atividades &#8211; receber pagamentos, emitir notas fiscais\/recibos, atender clientes e realizar a manuten\u00e7\u00e3o do caixa.<\/p>\n\n\n\n<p>Dispon\u00edvel at\u00e9 15\/1\/2026 ou encerramento da vaga<\/p>\n\n\n\n<p><strong>1 vaga &#8211; Salgadeiro (a)<\/strong><\/p>\n\n\n\n<p>Escolaridade &#8211; ensino fundamental completo;<\/p>\n\n\n\n<p>Experi\u00eancia &#8211; registrada na Carteira de Trabalho;<\/p>\n\n\n\n<p>Requisitos Obrigat\u00f3rios &#8211; possuir documenta\u00e7\u00e3o completa;<\/p>\n\n\n\n<p>Atividades &#8211; preparo de massas e recheios.<\/p>\n\n\n\n<p>Dispon\u00edvel at\u00e9 15\/1\/2026 ou encerramento da vaga<\/p>\n\n\n\n<p><strong>2 vagas &#8211; Atendente de Padaria<\/strong><\/p>\n\n\n\n<p>Escolaridade &#8211; ensino m\u00e9dio completo;<\/p>\n\n\n\n<p>Experi\u00eancia &#8211; seis meses na Carteira de Trabalho;<\/p>\n\n\n\n<p>Requisitos Obrigat\u00f3rios &#8211; possuir documenta\u00e7\u00e3o completa (com dispensa militar);<\/p>\n\n\n\n<p>Atividades &#8211; vender mercadorias em estabelecimentos do com\u00e9rcio varejista ou atacadista, auxiliando os clientes na escolha; expor mercadorias de forma atrativa, em pontos estrat\u00e9gicos de vendas, com etiquetas de pre\u00e7o; abastecer pontos de venda, g\u00f4ndolas e balc\u00f5es e atender clientes.<\/p>\n\n\n\n<p>Dispon\u00edvel at\u00e9 15\/1\/2026 ou encerramento da vaga<\/p>\n\n\n\n<p><strong>2 vagas &#8211; Operador de Caixa<\/strong><\/p>\n\n\n\n<p>Escolaridade &#8211; ensino m\u00e9dio completo;<\/p>\n\n\n\n<p>Experi\u00eancia &#8211; seis meses na Carteira de Trabalho;<\/p>\n\n\n\n<p>Requisitos Obrigat\u00f3rios &#8211; possuir documenta\u00e7\u00e3o completa (com dispensa militar);<\/p>\n\n\n\n<p>Atividades &#8211; receber pagamentos, emitir notas fiscais\/recibos, atender clientes e realizar a manuten\u00e7\u00e3o do caixa.<\/p>\n\n\n\n<p>Dispon\u00edvel at\u00e9 15\/1\/2026 ou encerramento da vaga<\/p>\n\n\n\n<p><strong>2 vagas &#8211; Repositor<\/strong><\/p>\n\n\n\n<p>Escolaridade &#8211; ensino m\u00e9dio completo;<\/p>\n\n\n\n<p>Experi\u00eancia &#8211; seis meses na Carteira de Trabalho;<\/p>\n\n\n\n<p>Requisitos Obrigat\u00f3rios &#8211; possuir documenta\u00e7\u00e3o completa (com dispensa militar);<\/p>\n\n\n\n<p>Atividades &#8211; receber, conferir e armazenar produtos, rep\u00f4-los nas \u00e1reas de venda, verificar datas de validade e manter a organiza\u00e7\u00e3o e limpeza do local de trabalho.<\/p>\n\n\n\n<p>Dispon\u00edvel at\u00e9 15\/1\/2026 ou encerramento da vaga<\/p>\n\n\n\n<p><strong>2 vagas &#8211; Fiscal de Loja<\/strong><\/p>\n\n\n\n<p>Escolaridade &#8211; ensino m\u00e9dio completo;<\/p>\n\n\n\n<p>Experi\u00eancia &#8211; seis meses na Carteira de Trabalho;<\/p>\n\n\n\n<p>Requisitos Obrigat\u00f3rios &#8211; possuir documenta\u00e7\u00e3o completa (com dispensa militar);<\/p>\n\n\n\n<p>Atividades &#8211; monitorar processos internos e externos, prevenir furtos, danos e fraudes, e implementar medidas de seguran\u00e7a para proteger o patrim\u00f4nio da empresa.<\/p>\n\n\n\n<p>Dispon\u00edvel at\u00e9 15\/1\/2026 ou encerramento da vaga<\/p>\n\n\n\n<p><strong>2 vagas &#8211; Atendente de A\u00e7ougue<\/strong><\/p>\n\n\n\n<p>Escolaridade &#8211; ensino m\u00e9dio completo;<\/p>\n\n\n\n<p>Experi\u00eancia &#8211; seis meses na Carteira de Trabalho;<\/p>\n\n\n\n<p>Requisitos Obrigat\u00f3rios &#8211; possuir documenta\u00e7\u00e3o completa (com dispensa militar);<\/p>\n\n\n\n<p>Atividades &#8211; fazer atendimento ao cliente e fornecer orienta\u00e7\u00e3o sobre carnes, adquirindo habilidade no preparo; ajudar o a\u00e7ougueiro no corte de carne, separa\u00e7\u00e3o e desossa; reportar-se ao l\u00edder de a\u00e7ougue.<\/p>\n\n\n\n<p>Dispon\u00edvel at\u00e9 15\/1\/2026 ou encerramento da vaga<\/p>\n\n\n\n<p><strong>2 vagas &#8211; Atendente de Loja<\/strong><\/p>\n\n\n\n<p>Escolaridade &#8211; ensino m\u00e9dio completo;<\/p>\n\n\n\n<p>Experi\u00eancia &#8211; seis meses na Carteira de Trabalho;<\/p>\n\n\n\n<p>Requisitos Obrigat\u00f3rios &#8211; possuir documenta\u00e7\u00e3o completa (com dispensa militar);<\/p>\n\n\n\n<p>Atividades &#8211; fazer atendimento ao cliente e fornecer orienta\u00e7\u00e3o sobre produtos; ajudar na fatia\u00e7\u00e3o, separa\u00e7\u00e3o e embalagem de frios.<\/p>\n\n\n\n<p>Dispon\u00edvel at\u00e9 15\/1\/2026 ou encerramento da vaga<\/p>\n\n\n\n<p><strong>30 vagas &#8211; Atendente de Perec\u00edveis<\/strong><\/p>\n\n\n\n<p>Escolaridade &#8211; ensino m\u00e9dio completo;<\/p>\n\n\n\n<p>Experi\u00eancia &#8211; n\u00e3o \u00e9 necess\u00e1rio;<\/p>\n\n\n\n<p>Requisitos Obrigat\u00f3rios &#8211; possuir documenta\u00e7\u00e3o completa (com dispensa militar);<\/p>\n\n\n\n<p>Atividades &#8211; realizar o atendimento dos clientes; realizar cortes e fatiamento dos produtos do setor.<\/p>\n\n\n\n<p>Dispon\u00edvel at\u00e9 15\/1\/2026 ou encerramento da vaga<\/p>\n\n\n\n<p><strong>VAGAS NA IND\u00daSTRIA &#8211; 55<\/strong><\/p>\n\n\n\n<p><strong>50 vagas &#8211; Auxiliar de Linha de Produ\u00e7\u00e3o<\/strong><\/p>\n\n\n\n<p>Escolaridade &#8211; ensino fundamental incompleto;<\/p>\n\n\n\n<p>Experi\u00eancia &#8211; n\u00e3o \u00e9 necess\u00e1rio;<\/p>\n\n\n\n<p>Requisitos Obrigat\u00f3rios &#8211; a vaga \u00e9 destinada para candidatos que est\u00e3o em busca de novos desafios; o candidato vai precisar morar em: V\u00e1rzea Grande &#8211; MT e possuir documenta\u00e7\u00e3o completa (com dispensa militar);<\/p>\n\n\n\n<p>Atividades &#8211; executar atividades operacionais em setores de apoio ou produ\u00e7\u00e3o de frios, visando garantir a manuten\u00e7\u00e3o, organiza\u00e7\u00e3o, limpeza ou opera\u00e7\u00e3o de atividades na unidade.<\/p>\n\n\n\n<p>Dispon\u00edvel at\u00e9 15\/1\/2026 ou encerramento da vaga<\/p>\n\n\n\n<p><strong>1 vaga &#8211; Operador de Empilhadeira<\/strong><\/p>\n\n\n\n<p>Escolaridade &#8211; ensino m\u00e9dio completo;<\/p>\n\n\n\n<p>Experi\u00eancia &#8211; seis meses na Carteira de Trabalho;<\/p>\n\n\n\n<p>Requisitos Obrigat\u00f3rios &#8211; possuir documenta\u00e7\u00e3o completa (com dispensa militar);<\/p>\n\n\n\n<p>Atividades &#8211; conduzir e manusear empilhadeiras com seguran\u00e7a e efici\u00eancia; ao recebimento de mercadorias, carga e descarga de materiais e expedi\u00e7\u00e3o de produtos; armazenamento, organiza\u00e7\u00e3o e controle de materiais.<\/p>\n\n\n\n<p>Dispon\u00edvel at\u00e9 15\/1\/2026 ou encerramento da vaga<\/p>\n\n\n\n<p><strong>1 vaga &#8211; Analista de Recursos Humanos<\/strong><\/p>\n\n\n\n<p>Escolaridade &#8211; ensino superior completo em Administra\u00e7\u00e3o, Psicologia ou Gest\u00e3o de Recursos Humanos;<\/p>\n\n\n\n<p>Experi\u00eancia &#8211; registrada na Carteira de Trabalho;<\/p>\n\n\n\n<p>Requisitos Obrigat\u00f3rios &#8211; ter experi\u00eancia em Recursos Humanos ou Departamento Pessoal e possuir documenta\u00e7\u00e3o completa;<\/p>\n\n\n\n<p>Atividades &#8211; recrutamento e sele\u00e7\u00e3o, organiza\u00e7\u00e3o e execu\u00e7\u00e3o do PAT, atualiza\u00e7\u00e3o e cria\u00e7\u00e3o de descri\u00e7\u00f5es de cargo, gest\u00e3o de indicadores, lan\u00e7amento de atestados, justificativas de ponto.<\/p>\n\n\n\n<p>Dispon\u00edvel at\u00e9 15\/1\/2026 ou encerramento da vaga<\/p>\n\n\n\n<p><strong>2 vagas &#8211; Auxiliar de Expedi\u00e7\u00e3o Carga e Descarga<\/strong><\/p>\n\n\n\n<p>Escolaridade &#8211; ensino m\u00e9dio completo;<\/p>\n\n\n\n<p>Experi\u00eancia &#8211; seis meses na Carteira de Trabalho;<\/p>\n\n\n\n<p>Requisitos Obrigat\u00f3rios &#8211; possuir documenta\u00e7\u00e3o completa (com dispensa militar);<\/p>\n\n\n\n<p>Atividades &#8211; acompanhar o motorista na prepara\u00e7\u00e3o e na entrega de mercadorias para transporte e movimenta\u00e7\u00e3o; fazer confer\u00eancias, organizar os materiais e ter manuseio com equipamentos como paleteiras e empilhadeiras.<\/p>\n\n\n\n<p>Dispon\u00edvel at\u00e9 15\/1\/2026 ou encerramento da vaga<\/p>\n\n\n\n<p><strong>1 vaga &#8211; Operador de Empilhadeira<\/strong><\/p>\n\n\n\n<p>Escolaridade &#8211; ensino m\u00e9dio completo;<\/p>\n\n\n\n<p>Experi\u00eancia &#8211; registrada na Carteira de Trabalho;<\/p>\n\n\n\n<p>Requisitos Obrigat\u00f3rios &#8211; possuir documenta\u00e7\u00e3o completa (com dispensa militar);<\/p>\n\n\n\n<p>Atividades &#8211; operar empilhadeiras, transportando, movimentando e empilhando cargas, tendo em vista armazenagem, abastecimento de linha de produ\u00e7\u00e3o e expedi\u00e7\u00e3o de produtos; inspecionar a carga, identificando simbologia das embalagens e separando carga n\u00e3o-conforme.<\/p>\n\n\n\n<p>Dispon\u00edvel at\u00e9 15\/1\/2026 ou encerramento da vaga<\/p>\n\n\n\n<p><strong>VAGAS EM SERVI\u00c7O &#8211; 37<\/strong><\/p>\n\n\n\n<p><strong>2 vagas &#8211; Vendedor de Autope\u00e7as<\/strong><\/p>\n\n\n\n<p>Escolaridade &#8211; ensino m\u00e9dio completo;<\/p>\n\n\n\n<p>Experi\u00eancia &#8211; n\u00e3o \u00e9 necess\u00e1rio;<\/p>\n\n\n\n<p>Requisitos Obrigat\u00f3rios &#8211; possuir documenta\u00e7\u00e3o completa (com dispensa militar);<\/p>\n\n\n\n<p>Atividades &#8211; atendimento ao cliente; indica\u00e7\u00e3o e recomenda\u00e7\u00e3o de pe\u00e7as adequadas; emiss\u00e3o de pedidos e or\u00e7amentos; organiza\u00e7\u00e3o do ambiente de trabalho.<\/p>\n\n\n\n<p>Dispon\u00edvel at\u00e9 15\/1\/2026 ou encerramento da vaga<\/p>\n\n\n\n<p><strong>2 vagas &#8211; Agente de Limpeza<\/strong><\/p>\n\n\n\n<p>Escolaridade &#8211; ensino fundamental completo;<\/p>\n\n\n\n<p>Experi\u00eancia &#8211; seis meses na Carteira de Trabalho;<\/p>\n\n\n\n<p>Requisitos Obrigat\u00f3rios &#8211; possuir documenta\u00e7\u00e3o completa (com dispensa militar);<\/p>\n\n\n\n<p>Atividades &#8211; coletar lixo domiciliar, conserva\u00e7\u00e3o e limpeza dos locais de \u00e1rea comum do condom\u00ednio.<\/p>\n\n\n\n<p>Dispon\u00edvel at\u00e9 15\/1\/2026 ou encerramento da vaga<\/p>\n\n\n\n<p><strong>1 vaga &#8211; Costureira<\/strong><\/p>\n\n\n\n<p>Escolaridade &#8211; ensino fundamental completo;<\/p>\n\n\n\n<p>Experi\u00eancia &#8211; seis meses na Carteira de Trabalho;<\/p>\n\n\n\n<p>Requisitos Obrigat\u00f3rios &#8211; possuir documenta\u00e7\u00e3o completa;<\/p>\n\n\n\n<p>Atividades &#8211; modelagem, corte e costura, utilizando m\u00e1quinas e t\u00e9cnicas manuais para criar roupas personalizadas ou realizar ajustes em pe\u00e7as prontas.<\/p>\n\n\n\n<p>Dispon\u00edvel at\u00e9 15\/1\/2026 ou encerramento da vaga<\/p>\n\n\n\n<p><strong>1 vaga &#8211; Marceneiro<\/strong><\/p>\n\n\n\n<p>Escolaridade &#8211; ensino fundamental completo;<\/p>\n\n\n\n<p>Experi\u00eancia &#8211; seis meses na Carteira de Trabalho;<\/p>\n\n\n\n<p>Requisitos Obrigat\u00f3rios &#8211; possuir documenta\u00e7\u00e3o completa (com dispensa militar);<\/p>\n\n\n\n<p>Atividades &#8211; corte e montagem de madeiras, MDF para m\u00f3veis, utilizando ferramentas e m\u00e1quinas para cortar, lixar, montar e dar acabamento a pe\u00e7as, que podem ser personalizadas ou produzidas em s\u00e9rie.<\/p>\n\n\n\n<p>Dispon\u00edvel at\u00e9 15\/1\/2026 ou encerramento da vaga<\/p>\n\n\n\n<p><strong>1 vaga &#8211; Churrasqueiro<\/strong><\/p>\n\n\n\n<p>Escolaridade &#8211; ensino fundamental completo;<\/p>\n\n\n\n<p>Experi\u00eancia &#8211; seis meses na Carteira de Trabalho ou avulsa;<\/p>\n\n\n\n<p>Requisitos Obrigat\u00f3rios &#8211; ter disponibilidade de hor\u00e1rio e possuir documenta\u00e7\u00e3o completa (com dispensa militar);<\/p>\n\n\n\n<p>Atividades &#8211; planejar as quantidades de carnes bovinas e su\u00ednas, de aves e de peixes, os tipos de acompanhamentos e o volume de carv\u00e3o, de modo a atender ao card\u00e1pio pr\u00e9-definido e a quantidade de comensais.<\/p>\n\n\n\n<p>Dispon\u00edvel at\u00e9 15\/1\/2026 ou encerramento da vaga<\/p>\n\n\n\n<p><strong>1 vaga &#8211; A\u00e7ougueiro<\/strong><\/p>\n\n\n\n<p>Escolaridade &#8211; ensino m\u00e9dio completo;<\/p>\n\n\n\n<p>Experi\u00eancia &#8211; seis meses na Carteira de Trabalho ou avulsa;<\/p>\n\n\n\n<p>Requisitos Obrigat\u00f3rios &#8211; possuir documenta\u00e7\u00e3o completa (com dispensa militar);<\/p>\n\n\n\n<p>Atividades &#8211; manusear e armazenar carne de forma segura e higi\u00eanica; cumprir normas de seguran\u00e7a e higiene alimentar.<\/p>\n\n\n\n<p>Dispon\u00edvel at\u00e9 15\/1\/2026 ou encerramento da vaga<\/p>\n\n\n\n<p><strong>1 vaga &#8211; Est\u00e1gio em Administra\u00e7\u00e3o<\/strong><\/p>\n\n\n\n<p>Escolaridade &#8211; cursando ensino superior em Administra\u00e7\u00e3o, Recursos Humanos ou Psicologia (a partir do 3\u00ba per\u00edodo);<\/p>\n\n\n\n<p>Experi\u00eancia &#8211; n\u00e3o \u00e9 necess\u00e1rio;<\/p>\n\n\n\n<p>Requisitos Obrigat\u00f3rios &#8211; ter curso de Inform\u00e1tica b\u00e1sica e possuir documenta\u00e7\u00e3o completa;<\/p>\n\n\n\n<p>Atividades &#8211; emiss\u00e3o de notas; suporte em rotinas administrativas; alimenta\u00e7\u00e3o de planilhas; organizar documentos.<\/p>\n\n\n\n<p>Dispon\u00edvel at\u00e9 15\/1\/2026 ou encerramento da vaga<\/p>\n\n\n\n<p><strong>1 vaga &#8211; Atendente<\/strong><\/p>\n\n\n\n<p>Escolaridade &#8211; ensino m\u00e9dio completo;<\/p>\n\n\n\n<p>Experi\u00eancia &#8211; seis meses na Carteira de Trabalho;<\/p>\n\n\n\n<p>Requisitos Obrigat\u00f3rios &#8211; ter disponibilidade de hor\u00e1rio e possuir documenta\u00e7\u00e3o completa;<\/p>\n\n\n\n<p>Atividades &#8211; atendimento ao cliente, montar os pratos, fritar salgados, fazer sucos e gomas, servir tacac\u00e1 e manter limpo o local de trabalho<\/p>\n\n\n\n<p>Dispon\u00edvel at\u00e9 15\/1\/2026 ou encerramento da vaga<\/p>\n\n\n\n<p><strong>1 vaga &#8211; Est\u00e1gio de Marketing<\/strong><\/p>\n\n\n\n<p>Escolaridade &#8211; cursando ensino superior em Marketing, Publicidade ou Jornalismo (a partir do 2\u00ba per\u00edodo);<\/p>\n\n\n\n<p>Experi\u00eancia &#8211; n\u00e3o \u00e9 necess\u00e1rio;<\/p>\n\n\n\n<p>Requisitos Obrigat\u00f3rios &#8211; ter disponibilidade de hor\u00e1rio e possuir documenta\u00e7\u00e3o completa;<\/p>\n\n\n\n<p>Atividades &#8211; criar conte\u00fados visuais e publica\u00e7\u00f5es para redes sociais, com suporte \u00e0s \u00e1reas internas e participa\u00e7\u00e3o em campanhas de engajamento da marca.<\/p>\n\n\n\n<p>Dispon\u00edvel at\u00e9 15\/1\/2026 ou encerramento da vaga<\/p>\n\n\n\n<p><strong>1 vaga &#8211; Assistente de Supervis\u00e3o<\/strong><\/p>\n\n\n\n<p>Escolaridade &#8211; ensino m\u00e9dio completo;<\/p>\n\n\n\n<p>Experi\u00eancia &#8211; seis meses na Carteira de Trabalho;<\/p>\n\n\n\n<p>Requisitos Obrigat\u00f3rios &#8211; ter disponibilidade de hor\u00e1rio, curso e Inform\u00e1tica avan\u00e7ada e possuir documenta\u00e7\u00e3o completa;<\/p>\n\n\n\n<p>Atividades &#8211; distribuir tarefas e orientar os colaboradores; acompanhar prazos, metas e qualidade do trabalho; fazer relat\u00f3rios e analisar dados para sugerir melhorias; servir de elo entre equipe e supervis\u00e3o.<\/p>\n\n\n\n<p>Dispon\u00edvel at\u00e9 15\/1\/2026 ou encerramento da vaga<\/p>\n\n\n\n<p><strong>1 vaga &#8211; Chapeiro<\/strong><\/p>\n\n\n\n<p>Escolaridade &#8211; ensino m\u00e9dio completo;<\/p>\n\n\n\n<p>Experi\u00eancia &#8211; tr\u00eas meses na Carteira de Trabalho ou avulsa;<\/p>\n\n\n\n<p>Requisitos Obrigat\u00f3rios &#8211; ter disponibilidade de hor\u00e1rio e possuir documenta\u00e7\u00e3o completa (com dispensa militar);<\/p>\n\n\n\n<p>Atividades &#8211; preparar carne; limpeza e higieniza\u00e7\u00e3o dos equipamentos; manter o local de trabalho organizado; armazenar corretamente os produtos.<\/p>\n\n\n\n<p>Dispon\u00edvel at\u00e9 15\/1\/2026 ou encerramento da vaga<\/p>\n\n\n\n<p><strong>3 vagas &#8211; Auxiliar de Dep\u00f3sito<\/strong><\/p>\n\n\n\n<p>Escolaridade &#8211; ensino m\u00e9dio completo;<\/p>\n\n\n\n<p>Experi\u00eancia &#8211; seis meses na Carteira de Trabalho;<\/p>\n\n\n\n<p>Requisitos Obrigat\u00f3rios &#8211; possuir documenta\u00e7\u00e3o completa (com dispensa militar);<\/p>\n\n\n\n<p>Atividades &#8211; organizar e controlar o fluxo de materiais e produtos em um armaz\u00e9m, realizando tarefas como recebimento, confer\u00eancia, armazenagem, separa\u00e7\u00e3o, embalagem e expedi\u00e7\u00e3o de mercadorias.<\/p>\n\n\n\n<p>Dispon\u00edvel at\u00e9 15\/1\/2026 ou encerramento da vaga<\/p>\n\n\n\n<p><strong>5 vagas &#8211; Servi\u00e7os Gerais<\/strong><\/p>\n\n\n\n<p>Escolaridade &#8211; ensino fundamental completo;<\/p>\n\n\n\n<p>Experi\u00eancia &#8211; tr\u00eas meses na Carteira de Trabalho;<\/p>\n\n\n\n<p>Requisitos Obrigat\u00f3rios &#8211; possuir documenta\u00e7\u00e3o completa (com dispensa militar);<\/p>\n\n\n\n<p>Atividades &#8211; executar limpeza e manuten\u00e7\u00e3o de ambientes para garantir que a empresa funcione corretamente, incluindo a limpeza de \u00e1reas comuns, a organiza\u00e7\u00e3o e reposi\u00e7\u00e3o de materiais.<\/p>\n\n\n\n<p>Dispon\u00edvel at\u00e9 15\/1\/2026 ou encerramento da vaga<\/p>\n\n\n\n<p><strong>1 vaga &#8211; Mec\u00e2nico Automotivo<\/strong><\/p>\n\n\n\n<p>Escolaridade &#8211; ensino fundamental completo;<\/p>\n\n\n\n<p>Experi\u00eancia &#8211; seis meses na Carteira de Trabalho;<\/p>\n\n\n\n<p>Requisitos Obrigat\u00f3rios &#8211; ter Carteira Nacional de Habilita\u00e7\u00e3o categoria \u201cB\u201d e possuir documenta\u00e7\u00e3o completa (com dispensa militar);<\/p>\n\n\n\n<p>Atividades &#8211; diagn\u00f3stico, manuten\u00e7\u00e3o preventiva e corretiva de ve\u00edculos, abrangendo troca de \u00f3leo, freios, suspens\u00e3o, alinhamento, balanceamento, reparos no motor e sistemas eletr\u00f4nicos, al\u00e9m de instala\u00e7\u00e3o de acess\u00f3rios.<\/p>\n\n\n\n<p>Dispon\u00edvel at\u00e9 15\/1\/2026 ou encerramento da vaga<\/p>\n\n\n\n<p><strong>2 vagas &#8211; Auxiliar de Mec\u00e2nico Automotivo<\/strong><\/p>\n\n\n\n<p>Escolaridade &#8211; ensino fundamental completo;<\/p>\n\n\n\n<p>Experi\u00eancia &#8211; seis meses na Carteira de Trabalho;<\/p>\n\n\n\n<p>Requisitos Obrigat\u00f3rios &#8211; ter Carteira Nacional de Habilita\u00e7\u00e3o categoria \u201cB\u201d e possuir documenta\u00e7\u00e3o completa (com dispensa militar);<\/p>\n\n\n\n<p>Atividades &#8211; realizar reparos e consertos de m\u00e1quinas carros leves e pesados; auxiliar na montagem e desmontagem de m\u00e1quinas e equipamentos; executar atividades de ajustes, regulagens e lubrifica\u00e7\u00e3o.<\/p>\n\n\n\n<p>Dispon\u00edvel at\u00e9 15\/1\/2026 ou encerramento da vaga<\/p>\n\n\n\n<p><strong>3 vagas &#8211; Servente de Obras<\/strong><\/p>\n\n\n\n<p>Escolaridade &#8211; ensino m\u00e9dio completo;<\/p>\n\n\n\n<p>Experi\u00eancia &#8211; n\u00e3o \u00e9 necess\u00e1rio;<\/p>\n\n\n\n<p>Requisitos Obrigat\u00f3rios &#8211; possuir documenta\u00e7\u00e3o completa (com dispensa militar);<\/p>\n\n\n\n<p>Atividades &#8211; demolir edifica\u00e7\u00f5es de concreto, de alvenaria e outras estruturas; preparam canteiros de obras, limpando a \u00e1rea e compactando solos; efetuar manuten\u00e7\u00e3o de primeiro n\u00edvel, limpando m\u00e1quinas e ferramentas, verificando condi\u00e7\u00f5es dos equipamentos e reparando eventuais defeitos mec\u00e2nicos nos mesmos; realizar escava\u00e7\u00f5es e preparam massa de concreto e outros materiais.<\/p>\n\n\n\n<p>Dispon\u00edvel at\u00e9 15\/1\/2026 ou encerramento da vaga<\/p>\n\n\n\n<p><strong>2 vagas &#8211; Carpinteiro<\/strong><\/p>\n\n\n\n<p>Escolaridade &#8211; ensino m\u00e9dio completo;<\/p>\n\n\n\n<p>Experi\u00eancia &#8211; seis meses na Carteira de Trabalho;<\/p>\n\n\n\n<p>Requisitos Obrigat\u00f3rios &#8211; possuir documenta\u00e7\u00e3o completa (com dispensa militar);<\/p>\n\n\n\n<p>Atividades &#8211; planejar trabalhos de carpintaria, preparar canteiro de obras e montar formas met\u00e1licas; confeccionar formas de madeira e forro de laje, construir andaimes e prote\u00e7\u00e3o de madeira e estruturas de madeira para telhado, entre outras atividades correlatas \u00e0 fun\u00e7\u00e3o.<\/p>\n\n\n\n<p>Dispon\u00edvel at\u00e9 15\/1\/2026 ou encerramento da vaga<\/p>\n\n\n\n<p><strong>5 vagas &#8211; Auxiliar T\u00e9cnico de Telefonia<\/strong><\/p>\n\n\n\n<p>Escolaridade &#8211; ensino m\u00e9dio completo;<\/p>\n\n\n\n<p>Experi\u00eancia &#8211; n\u00e3o \u00e9 necess\u00e1rio;<\/p>\n\n\n\n<p>Requisitos Obrigat\u00f3rios &#8211; ter Carteira Nacional de Habilita\u00e7\u00e3o categoria \u201cB\u201d e possuir documenta\u00e7\u00e3o completa (com dispensa militar);<\/p>\n\n\n\n<p>Atividades &#8211; dar suporte \u00e0 instala\u00e7\u00e3o, configura\u00e7\u00e3o e manuten\u00e7\u00e3o de redes de telecomunica\u00e7\u00f5es em empresas de diferentes setores; configura\u00e7\u00e3o de roteadores e antenas da empresa de telefonia.<\/p>\n\n\n\n<p>Dispon\u00edvel at\u00e9 15\/1\/2026 ou encerramento da vaga<\/p>\n\n\n\n<p><strong>2 vagas &#8211; Agente de Portaria<\/strong><\/p>\n\n\n\n<p>Escolaridade &#8211; ensino m\u00e9dio completo;<\/p>\n\n\n\n<p>Experi\u00eancia &#8211; seis meses na Carteira de Trabalho;<\/p>\n\n\n\n<p>Requisitos Obrigat\u00f3rios &#8211; ter curso de Agente de Portaria, residir na Zona Norte e possuir documenta\u00e7\u00e3o completa;<\/p>\n\n\n\n<p>Atividades &#8211; monitorar a entrada e sa\u00edda de pessoas, ve\u00edculos e materiais, garantindo que apenas pessoas autorizadas entrem; zelar pela seguran\u00e7a do local, fiscalizando depend\u00eancias, monitorando c\u00e2meras e alarmes, e acionando autoridades em caso de irregularidades.<\/p>\n\n\n\n<p>Dispon\u00edvel at\u00e9 15\/1\/2026 ou encerramento da vaga<\/p>\n\n\n\n<p><strong>1 vaga &#8211; Operador de Retroescavadeira<\/strong><\/p>\n\n\n\n<p>Escolaridade &#8211; ensino fundamental completo;<\/p>\n\n\n\n<p>Experi\u00eancia &#8211; registrada na Carteira de Trabalho;<\/p>\n\n\n\n<p>Requisitos Obrigat\u00f3rios &#8211; ter Carteira Nacional de Habilita\u00e7\u00e3o categoria \u201cD\u201d e possuir documenta\u00e7\u00e3o completa (com dispensa militar);<\/p>\n\n\n\n<p>Atividades &#8211; executar os trabalhos de cortes das \u00e1rvores, na \u00e1rea de supress\u00e3o garantindo o desempenho das atividades nos projetos executados pela fonte geot\u00e9cnica, seguindo determina\u00e7\u00f5es do superior imediato, normas t\u00e9cnicas e miss\u00e3o da empresa.<\/p>\n\n\n\n<p>Dispon\u00edvel at\u00e9 15\/1\/2026 ou encerramento da vaga<\/p>\n\n\n\n<p><strong>VAGAS DESTINADAS \u00c0 PESSOAS COM DEFICI\u00caNCIA (PCDS) &#8211; 4<\/strong><\/p>\n\n\n\n<p><strong>1 vaga &#8211; Auxiliar de Servi\u00e7os Gerais &#8211; Vagas destinadas para Pessoa com Defici\u00eancia (PcD)<\/strong><\/p>\n\n\n\n<p>Escolaridade &#8211; ensino fundamental completo;<\/p>\n\n\n\n<p>Experi\u00eancia &#8211; seis meses na Carteira de Trabalho;<\/p>\n\n\n\n<p>Requisitos Obrigat\u00f3rios &#8211; possuir documenta\u00e7\u00e3o completa;<\/p>\n\n\n\n<p>Atividades &#8211; atender as necessidades de limpeza, manuten\u00e7\u00e3o e conserva\u00e7\u00e3o das instala\u00e7\u00f5es da institui\u00e7\u00e3o, removendo p\u00f3 de m\u00f3veis, paredes, tetos, portas, janelas e equipamentos.<\/p>\n\n\n\n<p>Dispon\u00edvel at\u00e9 15\/1\/2026 ou encerramento da vaga<\/p>\n\n\n\n<p><strong>3 vagas &#8211; Operador de Linha de Montagem &#8211; Vagas destinadas para Pessoa com Defici\u00eancia (PcD)<\/strong><\/p>\n\n\n\n<p>Escolaridade &#8211; ensino m\u00e9dio completo;<\/p>\n\n\n\n<p>Experi\u00eancia &#8211; seis meses na Carteira de Trabalho;<\/p>\n\n\n\n<p>Requisitos Obrigat\u00f3rios &#8211; ter curso de TBO, Leitura de Componentes, disponibilidade de hor\u00e1rio, trabalhar em escala 6&#215;1 e possuir documenta\u00e7\u00e3o completa;<\/p>\n\n\n\n<p>Atividades &#8211; operar na linha de montagem dos componentes eletr\u00f4nicos.<\/p>\n\n\n\n<p>Dispon\u00edvel at\u00e9 15\/1\/2026 ou encerramento da vaga<\/p>\n\n\n\n<p>&#8212; &#8212; &#8212;<\/p>\n\n\n\n<p><strong>Texto<\/strong>&nbsp;&#8211;&nbsp;Divulga\u00e7\u00e3o\/Semtepi<\/p>\n\n\n\n<p><strong>Fotos<\/strong>&nbsp;&#8211;&nbsp;Arquivo\/Semcom<\/p>\n\n\n\n<p><strong>Dispon\u00edveis em<\/strong>&nbsp;&#8211;&nbsp;<a href=\"https:\/\/flic.kr\/s\/aHBqjCetWK\">https:\/\/flic.kr\/s\/aHBqjCetWK<\/a><\/p>\n","protected":false},"excerpt":{"rendered":"","protected":false},"author":39,"featured_media":7155,"comment_status":"closed","ping_status":"closed","sticky":false,"template":"","format":"standard","meta":{"footnotes":""},"categories":[5],"tags":[1671,1672,7,8,9,10],"acf":[],"yoast_head":"<!-- This site is optimized with the Yoast SEO plugin v23.0 - https:\/\/yoast.com\/wordpress\/plugins\/seo\/ -->\n<title>Sine Manaus oferta 194 vagas de emprego nesta quinta-feira, 15\/1<\/title>\n<meta name=\"description\" content=\"Prefeitura de Manaus, por meio do Sine Manaus, oferta 194 vagas de emprego em v\u00e1rias \u00e1reas de atua\u00e7\u00e3o, nesta quinta-feira, 15\/1.\" \/>\n<meta name=\"robots\" content=\"noindex, follow\" \/>\n<meta property=\"og:locale\" content=\"pt_BR\" \/>\n<meta property=\"og:type\" content=\"article\" \/>\n<meta property=\"og:title\" content=\"Sine Manaus oferta 194 vagas de emprego nesta quinta-feira, 15\/1\" \/>\n<meta property=\"og:description\" content=\"Prefeitura de Manaus, por meio do Sine Manaus, oferta 194 vagas de emprego em v\u00e1rias \u00e1reas de atua\u00e7\u00e3o, nesta quinta-feira, 15\/1.\" \/>\n<meta property=\"og:url\" content=\"https:\/\/www.manaus.am.gov.br\/semtepi\/oportunidade\/sine-manaus-194-vagas-emprego-15-1\/\" \/>\n<meta property=\"og:site_name\" content=\"SEMTEPI\" \/>\n<meta property=\"article:published_time\" content=\"2026-01-14T18:01:29+00:00\" \/>\n<meta property=\"article:modified_time\" content=\"2026-01-14T18:01:31+00:00\" \/>\n<meta property=\"og:image\" content=\"https:\/\/www.manaus.am.gov.br\/semtepi\/wp-content\/uploads\/sites\/20\/2025\/10\/54524090395_0d019834ba_c-2.jpg\" \/>\n\t<meta property=\"og:image:width\" content=\"799\" \/>\n\t<meta property=\"og:image:height\" content=\"533\" \/>\n\t<meta property=\"og:image:type\" content=\"image\/jpeg\" \/>\n<meta name=\"author\" content=\"Bruna Greco\" \/>\n<meta name=\"twitter:card\" content=\"summary_large_image\" \/>\n<meta name=\"twitter:label1\" content=\"Written by\" \/>\n\t<meta name=\"twitter:data1\" content=\"Bruna Greco\" \/>\n\t<meta name=\"twitter:label2\" content=\"Est. reading time\" \/>\n\t<meta name=\"twitter:data2\" content=\"24 minutos\" \/>\n<script type=\"application\/ld+json\" class=\"yoast-schema-graph\">{\"@context\":\"https:\/\/schema.org\",\"@graph\":[{\"@type\":\"Article\",\"@id\":\"https:\/\/www.manaus.am.gov.br\/semtepi\/oportunidade\/sine-manaus-194-vagas-emprego-15-1\/#article\",\"isPartOf\":{\"@id\":\"https:\/\/www.manaus.am.gov.br\/semtepi\/oportunidade\/sine-manaus-194-vagas-emprego-15-1\/\"},\"author\":{\"name\":\"Bruna Greco\",\"@id\":\"https:\/\/www.manaus.am.gov.br\/semtepi\/#\/schema\/person\/05d223aea2bf115f9883a6ff3683d81b\"},\"headline\":\"Sine Manaus oferta 194 vagas de emprego nesta quinta-feira, 15\/1\",\"datePublished\":\"2026-01-14T18:01:29+00:00\",\"dateModified\":\"2026-01-14T18:01:31+00:00\",\"mainEntityOfPage\":{\"@id\":\"https:\/\/www.manaus.am.gov.br\/semtepi\/oportunidade\/sine-manaus-194-vagas-emprego-15-1\/\"},\"wordCount\":5097,\"publisher\":{\"@id\":\"https:\/\/www.manaus.am.gov.br\/semtepi\/#organization\"},\"image\":{\"@id\":\"https:\/\/www.manaus.am.gov.br\/semtepi\/oportunidade\/sine-manaus-194-vagas-emprego-15-1\/#primaryimage\"},\"thumbnailUrl\":\"https:\/\/www.manaus.am.gov.br\/semtepi\/wp-content\/uploads\/sites\/20\/2025\/10\/54524090395_0d019834ba_c-2.jpg\",\"keywords\":[\"15\/1\",\"194 vagas de emprego\",\"oportunidade\",\"prefeitura de manaus\",\"Semtepi\",\"sine manaus\"],\"articleSection\":[\"Oportunidade\"],\"inLanguage\":\"pt-BR\"},{\"@type\":\"WebPage\",\"@id\":\"https:\/\/www.manaus.am.gov.br\/semtepi\/oportunidade\/sine-manaus-194-vagas-emprego-15-1\/\",\"url\":\"https:\/\/www.manaus.am.gov.br\/semtepi\/oportunidade\/sine-manaus-194-vagas-emprego-15-1\/\",\"name\":\"Sine Manaus oferta 194 vagas de emprego nesta quinta-feira, 15\/1\",\"isPartOf\":{\"@id\":\"https:\/\/www.manaus.am.gov.br\/semtepi\/#website\"},\"primaryImageOfPage\":{\"@id\":\"https:\/\/www.manaus.am.gov.br\/semtepi\/oportunidade\/sine-manaus-194-vagas-emprego-15-1\/#primaryimage\"},\"image\":{\"@id\":\"https:\/\/www.manaus.am.gov.br\/semtepi\/oportunidade\/sine-manaus-194-vagas-emprego-15-1\/#primaryimage\"},\"thumbnailUrl\":\"https:\/\/www.manaus.am.gov.br\/semtepi\/wp-content\/uploads\/sites\/20\/2025\/10\/54524090395_0d019834ba_c-2.jpg\",\"datePublished\":\"2026-01-14T18:01:29+00:00\",\"dateModified\":\"2026-01-14T18:01:31+00:00\",\"description\":\"Prefeitura de Manaus, por meio do Sine Manaus, oferta 194 vagas de emprego em v\u00e1rias \u00e1reas de atua\u00e7\u00e3o, nesta quinta-feira, 15\/1.\",\"breadcrumb\":{\"@id\":\"https:\/\/www.manaus.am.gov.br\/semtepi\/oportunidade\/sine-manaus-194-vagas-emprego-15-1\/#breadcrumb\"},\"inLanguage\":\"pt-BR\",\"potentialAction\":[{\"@type\":\"ReadAction\",\"target\":[\"https:\/\/www.manaus.am.gov.br\/semtepi\/oportunidade\/sine-manaus-194-vagas-emprego-15-1\/\"]}]},{\"@type\":\"ImageObject\",\"inLanguage\":\"pt-BR\",\"@id\":\"https:\/\/www.manaus.am.gov.br\/semtepi\/oportunidade\/sine-manaus-194-vagas-emprego-15-1\/#primaryimage\",\"url\":\"https:\/\/www.manaus.am.gov.br\/semtepi\/wp-content\/uploads\/sites\/20\/2025\/10\/54524090395_0d019834ba_c-2.jpg\",\"contentUrl\":\"https:\/\/www.manaus.am.gov.br\/semtepi\/wp-content\/uploads\/sites\/20\/2025\/10\/54524090395_0d019834ba_c-2.jpg\",\"width\":799,\"height\":533,\"caption\":\"#paratodosverem - Candidatos aguardam atendimento em posto do Sine Manaus\"},{\"@type\":\"BreadcrumbList\",\"@id\":\"https:\/\/www.manaus.am.gov.br\/semtepi\/oportunidade\/sine-manaus-194-vagas-emprego-15-1\/#breadcrumb\",\"itemListElement\":[{\"@type\":\"ListItem\",\"position\":1,\"name\":\"Home\",\"item\":\"https:\/\/www.manaus.am.gov.br\/semtepi\/\"},{\"@type\":\"ListItem\",\"position\":2,\"name\":\"Sine Manaus oferta 194 vagas de emprego nesta quinta-feira, 15\/1\"}]},{\"@type\":\"WebSite\",\"@id\":\"https:\/\/www.manaus.am.gov.br\/semtepi\/#website\",\"url\":\"https:\/\/www.manaus.am.gov.br\/semtepi\/\",\"name\":\"SEMTEPI\",\"description\":\"Prefeitura de Manaus\",\"publisher\":{\"@id\":\"https:\/\/www.manaus.am.gov.br\/semtepi\/#organization\"},\"alternateName\":\"Secretaria Municipal do Trabalho, Empreendedorismo e Inova\u00e7\u00e3o\",\"potentialAction\":[{\"@type\":\"SearchAction\",\"target\":{\"@type\":\"EntryPoint\",\"urlTemplate\":\"https:\/\/www.manaus.am.gov.br\/semtepi\/?s={search_term_string}\"},\"query-input\":\"required name=search_term_string\"}],\"inLanguage\":\"pt-BR\"},{\"@type\":\"Organization\",\"@id\":\"https:\/\/www.manaus.am.gov.br\/semtepi\/#organization\",\"name\":\"Prefeitura Municipal de Manaus\",\"alternateName\":\"Prefeitura de Manaus\",\"url\":\"https:\/\/www.manaus.am.gov.br\/semtepi\/\",\"logo\":{\"@type\":\"ImageObject\",\"inLanguage\":\"pt-BR\",\"@id\":\"https:\/\/www.manaus.am.gov.br\/semtepi\/#\/schema\/logo\/image\/\",\"url\":\"https:\/\/www.manaus.am.gov.br\/semtepi\/wp-content\/uploads\/sites\/20\/2024\/07\/favicon.png\",\"contentUrl\":\"https:\/\/www.manaus.am.gov.br\/semtepi\/wp-content\/uploads\/sites\/20\/2024\/07\/favicon.png\",\"width\":300,\"height\":300,\"caption\":\"Prefeitura Municipal de Manaus\"},\"image\":{\"@id\":\"https:\/\/www.manaus.am.gov.br\/semtepi\/#\/schema\/logo\/image\/\"}},{\"@type\":\"Person\",\"@id\":\"https:\/\/www.manaus.am.gov.br\/semtepi\/#\/schema\/person\/05d223aea2bf115f9883a6ff3683d81b\",\"name\":\"Bruna Greco\",\"image\":{\"@type\":\"ImageObject\",\"inLanguage\":\"pt-BR\",\"@id\":\"https:\/\/www.manaus.am.gov.br\/semtepi\/#\/schema\/person\/image\/\",\"url\":\"https:\/\/secure.gravatar.com\/avatar\/9c877d1a6adc2a055330e5c09a8653ce?s=96&d=mm&r=g\",\"contentUrl\":\"https:\/\/secure.gravatar.com\/avatar\/9c877d1a6adc2a055330e5c09a8653ce?s=96&d=mm&r=g\",\"caption\":\"Bruna Greco\"}}]}<\/script>\n<!-- \/ Yoast SEO plugin. -->","yoast_head_json":{"title":"Sine Manaus oferta 194 vagas de emprego nesta quinta-feira, 15\/1","description":"Prefeitura de Manaus, por meio do Sine Manaus, oferta 194 vagas de emprego em v\u00e1rias \u00e1reas de atua\u00e7\u00e3o, nesta quinta-feira, 15\/1.","robots":{"index":"noindex","follow":"follow"},"og_locale":"pt_BR","og_type":"article","og_title":"Sine Manaus oferta 194 vagas de emprego nesta quinta-feira, 15\/1","og_description":"Prefeitura de Manaus, por meio do Sine Manaus, oferta 194 vagas de emprego em v\u00e1rias \u00e1reas de atua\u00e7\u00e3o, nesta quinta-feira, 15\/1.","og_url":"https:\/\/www.manaus.am.gov.br\/semtepi\/oportunidade\/sine-manaus-194-vagas-emprego-15-1\/","og_site_name":"SEMTEPI","article_published_time":"2026-01-14T18:01:29+00:00","article_modified_time":"2026-01-14T18:01:31+00:00","og_image":[{"width":799,"height":533,"url":"https:\/\/www.manaus.am.gov.br\/semtepi\/wp-content\/uploads\/sites\/20\/2025\/10\/54524090395_0d019834ba_c-2.jpg","type":"image\/jpeg"}],"author":"Bruna Greco","twitter_card":"summary_large_image","twitter_misc":{"Written by":"Bruna Greco","Est. reading time":"24 minutos"},"schema":{"@context":"https:\/\/schema.org","@graph":[{"@type":"Article","@id":"https:\/\/www.manaus.am.gov.br\/semtepi\/oportunidade\/sine-manaus-194-vagas-emprego-15-1\/#article","isPartOf":{"@id":"https:\/\/www.manaus.am.gov.br\/semtepi\/oportunidade\/sine-manaus-194-vagas-emprego-15-1\/"},"author":{"name":"Bruna Greco","@id":"https:\/\/www.manaus.am.gov.br\/semtepi\/#\/schema\/person\/05d223aea2bf115f9883a6ff3683d81b"},"headline":"Sine Manaus oferta 194 vagas de emprego nesta quinta-feira, 15\/1","datePublished":"2026-01-14T18:01:29+00:00","dateModified":"2026-01-14T18:01:31+00:00","mainEntityOfPage":{"@id":"https:\/\/www.manaus.am.gov.br\/semtepi\/oportunidade\/sine-manaus-194-vagas-emprego-15-1\/"},"wordCount":5097,"publisher":{"@id":"https:\/\/www.manaus.am.gov.br\/semtepi\/#organization"},"image":{"@id":"https:\/\/www.manaus.am.gov.br\/semtepi\/oportunidade\/sine-manaus-194-vagas-emprego-15-1\/#primaryimage"},"thumbnailUrl":"https:\/\/www.manaus.am.gov.br\/semtepi\/wp-content\/uploads\/sites\/20\/2025\/10\/54524090395_0d019834ba_c-2.jpg","keywords":["15\/1","194 vagas de emprego","oportunidade","prefeitura de manaus","Semtepi","sine manaus"],"articleSection":["Oportunidade"],"inLanguage":"pt-BR"},{"@type":"WebPage","@id":"https:\/\/www.manaus.am.gov.br\/semtepi\/oportunidade\/sine-manaus-194-vagas-emprego-15-1\/","url":"https:\/\/www.manaus.am.gov.br\/semtepi\/oportunidade\/sine-manaus-194-vagas-emprego-15-1\/","name":"Sine Manaus oferta 194 vagas de emprego nesta quinta-feira, 15\/1","isPartOf":{"@id":"https:\/\/www.manaus.am.gov.br\/semtepi\/#website"},"primaryImageOfPage":{"@id":"https:\/\/www.manaus.am.gov.br\/semtepi\/oportunidade\/sine-manaus-194-vagas-emprego-15-1\/#primaryimage"},"image":{"@id":"https:\/\/www.manaus.am.gov.br\/semtepi\/oportunidade\/sine-manaus-194-vagas-emprego-15-1\/#primaryimage"},"thumbnailUrl":"https:\/\/www.manaus.am.gov.br\/semtepi\/wp-content\/uploads\/sites\/20\/2025\/10\/54524090395_0d019834ba_c-2.jpg","datePublished":"2026-01-14T18:01:29+00:00","dateModified":"2026-01-14T18:01:31+00:00","description":"Prefeitura de Manaus, por meio do Sine Manaus, oferta 194 vagas de emprego em v\u00e1rias \u00e1reas de atua\u00e7\u00e3o, nesta quinta-feira, 15\/1.","breadcrumb":{"@id":"https:\/\/www.manaus.am.gov.br\/semtepi\/oportunidade\/sine-manaus-194-vagas-emprego-15-1\/#breadcrumb"},"inLanguage":"pt-BR","potentialAction":[{"@type":"ReadAction","target":["https:\/\/www.manaus.am.gov.br\/semtepi\/oportunidade\/sine-manaus-194-vagas-emprego-15-1\/"]}]},{"@type":"ImageObject","inLanguage":"pt-BR","@id":"https:\/\/www.manaus.am.gov.br\/semtepi\/oportunidade\/sine-manaus-194-vagas-emprego-15-1\/#primaryimage","url":"https:\/\/www.manaus.am.gov.br\/semtepi\/wp-content\/uploads\/sites\/20\/2025\/10\/54524090395_0d019834ba_c-2.jpg","contentUrl":"https:\/\/www.manaus.am.gov.br\/semtepi\/wp-content\/uploads\/sites\/20\/2025\/10\/54524090395_0d019834ba_c-2.jpg","width":799,"height":533,"caption":"#paratodosverem - Candidatos aguardam atendimento em posto do Sine Manaus"},{"@type":"BreadcrumbList","@id":"https:\/\/www.manaus.am.gov.br\/semtepi\/oportunidade\/sine-manaus-194-vagas-emprego-15-1\/#breadcrumb","itemListElement":[{"@type":"ListItem","position":1,"name":"Home","item":"https:\/\/www.manaus.am.gov.br\/semtepi\/"},{"@type":"ListItem","position":2,"name":"Sine Manaus oferta 194 vagas de emprego nesta quinta-feira, 15\/1"}]},{"@type":"WebSite","@id":"https:\/\/www.manaus.am.gov.br\/semtepi\/#website","url":"https:\/\/www.manaus.am.gov.br\/semtepi\/","name":"SEMTEPI","description":"Prefeitura de Manaus","publisher":{"@id":"https:\/\/www.manaus.am.gov.br\/semtepi\/#organization"},"alternateName":"Secretaria Municipal do Trabalho, Empreendedorismo e Inova\u00e7\u00e3o","potentialAction":[{"@type":"SearchAction","target":{"@type":"EntryPoint","urlTemplate":"https:\/\/www.manaus.am.gov.br\/semtepi\/?s={search_term_string}"},"query-input":"required name=search_term_string"}],"inLanguage":"pt-BR"},{"@type":"Organization","@id":"https:\/\/www.manaus.am.gov.br\/semtepi\/#organization","name":"Prefeitura Municipal de Manaus","alternateName":"Prefeitura de Manaus","url":"https:\/\/www.manaus.am.gov.br\/semtepi\/","logo":{"@type":"ImageObject","inLanguage":"pt-BR","@id":"https:\/\/www.manaus.am.gov.br\/semtepi\/#\/schema\/logo\/image\/","url":"https:\/\/www.manaus.am.gov.br\/semtepi\/wp-content\/uploads\/sites\/20\/2024\/07\/favicon.png","contentUrl":"https:\/\/www.manaus.am.gov.br\/semtepi\/wp-content\/uploads\/sites\/20\/2024\/07\/favicon.png","width":300,"height":300,"caption":"Prefeitura Municipal de Manaus"},"image":{"@id":"https:\/\/www.manaus.am.gov.br\/semtepi\/#\/schema\/logo\/image\/"}},{"@type":"Person","@id":"https:\/\/www.manaus.am.gov.br\/semtepi\/#\/schema\/person\/05d223aea2bf115f9883a6ff3683d81b","name":"Bruna Greco","image":{"@type":"ImageObject","inLanguage":"pt-BR","@id":"https:\/\/www.manaus.am.gov.br\/semtepi\/#\/schema\/person\/image\/","url":"https:\/\/secure.gravatar.com\/avatar\/9c877d1a6adc2a055330e5c09a8653ce?s=96&d=mm&r=g","contentUrl":"https:\/\/secure.gravatar.com\/avatar\/9c877d1a6adc2a055330e5c09a8653ce?s=96&d=mm&r=g","caption":"Bruna Greco"}}]}},"_links":{"self":[{"href":"https:\/\/www.manaus.am.gov.br\/semtepi\/wp-json\/wp\/v2\/posts\/7485"}],"collection":[{"href":"https:\/\/www.manaus.am.gov.br\/semtepi\/wp-json\/wp\/v2\/posts"}],"about":[{"href":"https:\/\/www.manaus.am.gov.br\/semtepi\/wp-json\/wp\/v2\/types\/post"}],"author":[{"embeddable":true,"href":"https:\/\/www.manaus.am.gov.br\/semtepi\/wp-json\/wp\/v2\/users\/39"}],"replies":[{"embeddable":true,"href":"https:\/\/www.manaus.am.gov.br\/semtepi\/wp-json\/wp\/v2\/comments?post=7485"}],"version-history":[{"count":0,"href":"https:\/\/www.manaus.am.gov.br\/semtepi\/wp-json\/wp\/v2\/posts\/7485\/revisions"}],"wp:featuredmedia":[{"embeddable":true,"href":"https:\/\/www.manaus.am.gov.br\/semtepi\/wp-json\/wp\/v2\/media\/7155"}],"wp:attachment":[{"href":"https:\/\/www.manaus.am.gov.br\/semtepi\/wp-json\/wp\/v2\/media?parent=7485"}],"wp:term":[{"taxonomy":"category","embeddable":true,"href":"https:\/\/www.manaus.am.gov.br\/semtepi\/wp-json\/wp\/v2\/categories?post=7485"},{"taxonomy":"post_tag","embeddable":true,"href":"https:\/\/www.manaus.am.gov.br\/semtepi\/wp-json\/wp\/v2\/tags?post=7485"}],"curies":[{"name":"wp","href":"https:\/\/api.w.org\/{rel}","templated":true}]}}