{"id":7477,"date":"2026-01-13T13:27:48","date_gmt":"2026-01-13T17:27:48","guid":{"rendered":"https:\/\/www.manaus.am.gov.br\/semtepi\/sem-categoria\/sine-manaus-238-vagas-emprego-14-1\/"},"modified":"2026-01-13T13:27:49","modified_gmt":"2026-01-13T17:27:49","slug":"sine-manaus-238-vagas-emprego-14-1","status":"publish","type":"post","link":"https:\/\/www.manaus.am.gov.br\/semtepi\/oportunidade\/sine-manaus-238-vagas-emprego-14-1\/","title":{"rendered":"Sine Manaus oferta 238 vagas de emprego nesta quarta-feira, 14\/1"},"content":{"rendered":"\n<p>A Prefeitura de Manaus, por meio do Sine Manaus, oferta 238 vagas de emprego em v\u00e1rias \u00e1reas de atua\u00e7\u00e3o, nesta quarta-feira, 14\/1,&nbsp;das 8h \u00e0s 14h. O candidato pode validar a Carteira Digital e Previd\u00eancia Social (CTPS) no aplicativo \u201cCarteira de Trabalho Digital\u201d ou acessar o site&nbsp;<a href=\"http:\/\/gov.br\/trabalho\">http:\/\/gov.br\/trabalho<\/a>.<\/p>\n\n\n\n<p>Para participar da pr\u00e9-sele\u00e7\u00e3o e concorrer a uma das vagas dispon\u00edveis, ou receber orienta\u00e7\u00e3o de cadastro, Carteira de Trabalho Digital e seguro-desemprego, os candidatos devem comparecer a um dos postos do Sine Manaus: na avenida Constantino Nery, n\u00ba 1.272, bairro S\u00e3o Geraldo, zona Centro-Sul; ou no shopping Phelippe Daou, na avenida Camapu\u00e3, n\u00ba 2.939, bairro Cidade de Deus, zona Norte.<\/p>\n\n\n\n<p>Os interessados devem estar munidos do comprovante de vacina\u00e7\u00e3o (Covid-19), curr\u00edculo, certificados de cursos e documentos pessoais (RG, CPF, PIS, CTPS, comprovante de escolaridade e resid\u00eancia). N\u00e3o \u00e9 necess\u00e1rio apresentar c\u00f3pias, somente os documentos originais.<\/p>\n\n\n\n<p>\u00c9 importante que os candidatos mantenham seus cadastros atualizados, especialmente ao finalizarem novas qualifica\u00e7\u00f5es. Para vagas espec\u00edficas, podem ser solicitados documentos adicionais, como cursos ou certifica\u00e7\u00f5es, por isso, \u00e9 essencial estar atento aos &#8220;Requisitos Obrigat\u00f3rios&#8221; de cada vaga.<\/p>\n\n\n\n<p>A Semtepi ressalta que, obedecendo ao disposto no artigo 5\u00ba, da Constitui\u00e7\u00e3o Federal, e ao artigo 373-A, da Consolida\u00e7\u00e3o das Leis Trabalhistas (CLT), crit\u00e9rios referentes a sexo, idade, cor ou situa\u00e7\u00e3o familiar, n\u00e3o podem ser informados na divulga\u00e7\u00e3o das vagas disponibilizadas.<\/p>\n\n\n\n<p>Os candidatos devem estar cientes das diretrizes de vestimenta estabelecidas pelo \u00f3rg\u00e3o, as quais incluem a proibi\u00e7\u00e3o de vestimentas como bermudas, shorts, minissaias, camisetas regatas e chinelos durante a entrada.<\/p>\n\n\n\n<p><strong>VAGAS NOVAS &#8211; 54<\/strong><\/p>\n\n\n\n<p><strong>2 vagas &#8211; Atendente de Padaria<\/strong><\/p>\n\n\n\n<p>Escolaridade &#8211; ensino m\u00e9dio completo;<\/p>\n\n\n\n<p>Experi\u00eancia &#8211; seis meses na Carteira de Trabalho;<\/p>\n\n\n\n<p>Requisitos Obrigat\u00f3rios &#8211; ter documenta\u00e7\u00e3o completa (com dispensa militar);<\/p>\n\n\n\n<p>Atividades &#8211; vender mercadorias em estabelecimentos do com\u00e9rcio varejista ou atacadista, auxiliando os clientes na escolha; expor mercadorias de forma atrativa, em pontos estrat\u00e9gicos de vendas, com etiquetas de pre\u00e7o; abastecer pontos de venda, g\u00f4ndolas e balc\u00f5es e atender clientes.<\/p>\n\n\n\n<p>Dispon\u00edvel at\u00e9 14\/1\/2026 ou encerramento da vaga.<\/p>\n\n\n\n<p><strong>2 vagas &#8211; Operador de Caixa<\/strong><\/p>\n\n\n\n<p>Escolaridade &#8211; ensino m\u00e9dio completo;<\/p>\n\n\n\n<p>Experi\u00eancia &#8211; seis meses na Carteira de Trabalho;<\/p>\n\n\n\n<p>Requisitos Obrigat\u00f3rios &#8211; ter documenta\u00e7\u00e3o completa (com dispensa militar);<\/p>\n\n\n\n<p>Atividades &#8211; receber pagamentos, emitir notas fiscais\/recibos, atender clientes e realizar a manuten\u00e7\u00e3o do caixa.<\/p>\n\n\n\n<p>Dispon\u00edvel at\u00e9 14\/1\/2026 ou encerramento da vaga.<\/p>\n\n\n\n<p><strong>2 vagas &#8211; Repositor<\/strong><\/p>\n\n\n\n<p>Escolaridade &#8211; ensino m\u00e9dio completo;<\/p>\n\n\n\n<p>Experi\u00eancia &#8211; seis meses na Carteira de Trabalho;<\/p>\n\n\n\n<p>Requisitos Obrigat\u00f3rios &#8211; ter documenta\u00e7\u00e3o completa (com dispensa militar);<\/p>\n\n\n\n<p>Atividades &#8211; receber, conferir e armazenar produtos, rep\u00f4-los nas \u00e1reas de venda, verificar datas de validade e manter a organiza\u00e7\u00e3o e limpeza do local de trabalho.<\/p>\n\n\n\n<p>Dispon\u00edvel at\u00e9 14\/1\/2026 ou encerramento da vaga.<\/p>\n\n\n\n<p><strong>2 vagas &#8211; Fiscal de Loja<\/strong><\/p>\n\n\n\n<p>Escolaridade &#8211; ensino m\u00e9dio completo;<\/p>\n\n\n\n<p>Experi\u00eancia &#8211; seis meses na Carteira de Trabalho;<\/p>\n\n\n\n<p>Requisitos Obrigat\u00f3rios &#8211; ter documenta\u00e7\u00e3o completa (com dispensa militar);<\/p>\n\n\n\n<p>Atividades &#8211; monitorar processos internos e externos, prevenir furtos, danos e fraudes, e implementar medidas de seguran\u00e7a para proteger o patrim\u00f4nio da empresa.<\/p>\n\n\n\n<p>Dispon\u00edvel at\u00e9 14\/1\/2026 ou encerramento da vaga.<\/p>\n\n\n\n<p><strong>2 vagas &#8211; Atendente de A\u00e7ougue<\/strong><\/p>\n\n\n\n<p>Escolaridade &#8211; ensino m\u00e9dio completo;<\/p>\n\n\n\n<p>Experi\u00eancia &#8211; seis meses na Carteira de Trabalho;<\/p>\n\n\n\n<p>Requisitos Obrigat\u00f3rios &#8211; ter documenta\u00e7\u00e3o completa (com dispensa militar);<\/p>\n\n\n\n<p>Atividades &#8211; fazer atendimento ao cliente e fornecer orienta\u00e7\u00e3o sobre carnes, adquirindo habilidade no preparo; ajudar o a\u00e7ougueiro no corte de carne, separa\u00e7\u00e3o e desossa; reportar-se ao l\u00edder de a\u00e7ougue.<\/p>\n\n\n\n<p>Dispon\u00edvel at\u00e9 14\/1\/2026 ou encerramento da vaga.<\/p>\n\n\n\n<p><strong>2 vagas &#8211; Atendente de Loja<\/strong><\/p>\n\n\n\n<p>Escolaridade &#8211; ensino m\u00e9dio completo;<\/p>\n\n\n\n<p>Experi\u00eancia &#8211; seis meses na Carteira de Trabalho;<\/p>\n\n\n\n<p>Requisitos Obrigat\u00f3rios &#8211; ter documenta\u00e7\u00e3o completa (com dispensa militar);<\/p>\n\n\n\n<p>Atividades &#8211; fazer atendimento ao cliente e fornecer orienta\u00e7\u00e3o sobre produtos; ajudar na fatia\u00e7\u00e3o, separa\u00e7\u00e3o e embalagem de frios.<\/p>\n\n\n\n<p>Dispon\u00edvel at\u00e9 14\/1\/2026 ou encerramento da vaga.<\/p>\n\n\n\n<p><strong>2 vagas &#8211; Auxiliar de Servi\u00e7os Gerais<\/strong><\/p>\n\n\n\n<p>Escolaridade &#8211; ensino m\u00e9dio completo;<\/p>\n\n\n\n<p>Experi\u00eancia &#8211; n\u00e3o \u00e9 necess\u00e1rio;<\/p>\n\n\n\n<p>Requisitos Obrigat\u00f3rios &#8211; ter documenta\u00e7\u00e3o completa;<\/p>\n\n\n\n<p>Atividades &#8211; limpeza e servi\u00e7os gerais de apoio \u00e0s atividades operacionais, organiza\u00e7\u00e3o e manuten\u00e7\u00e3o b\u00e1sica de ambientes, incluindo higieniza\u00e7\u00e3o, remo\u00e7\u00e3o de lixo, reposi\u00e7\u00e3o de materiais, pequenos reparos e apoio log\u00edstico.<\/p>\n\n\n\n<p>Dispon\u00edvel at\u00e9 14\/1\/2026 ou encerramento da vaga.<\/p>\n\n\n\n<p><strong>4 vagas &#8211; Auxiliar de Refrigera\u00e7\u00e3o<\/strong><\/p>\n\n\n\n<p>Escolaridade &#8211; ensino m\u00e9dio completo;<\/p>\n\n\n\n<p>Experi\u00eancia &#8211; n\u00e3o \u00e9 necess\u00e1rio;<\/p>\n\n\n\n<p>Requisitos Obrigat\u00f3rios &#8211; ter curso de Refrigera\u00e7\u00e3o e ter documenta\u00e7\u00e3o completa (com dispensa militar);<\/p>\n\n\n\n<p>Atividades &#8211; prestar apoio t\u00e9cnico em instala\u00e7\u00e3o e manuten\u00e7\u00e3o de sistemas de refrigera\u00e7\u00e3o.<\/p>\n\n\n\n<p>Dispon\u00edvel at\u00e9 14\/1\/2026 ou encerramento da vaga.<\/p>\n\n\n\n<p><strong>2 vagas &#8211; Auxiliar de Expedi\u00e7\u00e3o Carga e Descarga<\/strong><\/p>\n\n\n\n<p>Escolaridade &#8211; ensino m\u00e9dio completo;<\/p>\n\n\n\n<p>Experi\u00eancia &#8211; seis meses na Carteira de Trabalho;<\/p>\n\n\n\n<p>Requisitos Obrigat\u00f3rios &#8211; ter documenta\u00e7\u00e3o completa (com dispensa militar);<\/p>\n\n\n\n<p>Atividades &#8211; acompanhar o motorista na prepara\u00e7\u00e3o e na entrega de mercadorias para transporte e movimenta\u00e7\u00e3o; fazer confer\u00eancias, organizar os materiais e ter manuseio com equipamentos como paleteiras e empilhadeiras.<\/p>\n\n\n\n<p>Dispon\u00edvel at\u00e9 14\/1\/2026 ou encerramento da vaga.<\/p>\n\n\n\n<p><strong>1 vaga &#8211; Operador de Retroescavadeira<\/strong><\/p>\n\n\n\n<p>Escolaridade &#8211; ensino fundamental completo;<\/p>\n\n\n\n<p>Experi\u00eancia &#8211; registrada na Carteira de Trabalho;<\/p>\n\n\n\n<p>Requisitos Obrigat\u00f3rios &#8211; ter Carteira Nacional de Habilita\u00e7\u00e3o categoria \u201cD\u201d e ter documenta\u00e7\u00e3o completa (com dispensa militar);<\/p>\n\n\n\n<p>Atividades &#8211; executar os trabalhos de cortes das \u00e1rvores, na \u00e1rea de supress\u00e3o garantindo o desempenho das atividades nos projetos executados pela fonte geot\u00e9cnica, seguindo determina\u00e7\u00f5es do superior imediato, normas t\u00e9cnicas e miss\u00e3o da empresa.<\/p>\n\n\n\n<p>Dispon\u00edvel at\u00e9 14\/1\/2026 ou encerramento da vaga.<\/p>\n\n\n\n<p><strong>30 vagas &#8211; Atendente de Perec\u00edveis<\/strong><\/p>\n\n\n\n<p>Escolaridade &#8211; ensino m\u00e9dio completo;<\/p>\n\n\n\n<p>Experi\u00eancia &#8211; n\u00e3o \u00e9 necess\u00e1rio;<\/p>\n\n\n\n<p>Requisitos Obrigat\u00f3rios &#8211; ter documenta\u00e7\u00e3o completa (com dispensa militar);<\/p>\n\n\n\n<p>Atividades &#8211; realizar o atendimento dos clientes; realizar cortes e fatiamento dos produtos do setor.<\/p>\n\n\n\n<p>Dispon\u00edvel at\u00e9 14\/1\/2026 ou encerramento da vaga.<\/p>\n\n\n\n<p><strong>2 vagas &#8211; Jovem aprendiz &#8211; Auxiliar de Produ\u00e7\u00e3o<\/strong><\/p>\n\n\n\n<p>Escolaridade &#8211; ensino m\u00e9dio completo ou cursando;<\/p>\n\n\n\n<p>Experi\u00eancia &#8211; n\u00e3o \u00e9 necess\u00e1rio;<\/p>\n\n\n\n<p>Requisitos Obrigat\u00f3rios &#8211; ter documenta\u00e7\u00e3o completa (com dispensa militar);<\/p>\n\n\n\n<p>Atividades &#8211; executar atividades operacionais em setores de apoio ou produ\u00e7\u00e3o visando garantir a manuten\u00e7\u00e3o, organiza\u00e7\u00e3o, limpeza e opera\u00e7\u00e3o de atividades na unidade.<\/p>\n\n\n\n<p>Dispon\u00edvel at\u00e9 14\/1\/2026 ou encerramento da vaga.<\/p>\n\n\n\n<p><strong>1 vaga &#8211; Operador de Empilhadeira<\/strong><\/p>\n\n\n\n<p>Escolaridade &#8211; ensino m\u00e9dio completo;<\/p>\n\n\n\n<p>Experi\u00eancia &#8211; registrada na Carteira de Trabalho;<\/p>\n\n\n\n<p>Requisitos Obrigat\u00f3rios &#8211; ter documenta\u00e7\u00e3o completa (com dispensa militar);<\/p>\n\n\n\n<p>Atividades &#8211; operar empilhadeiras, transportando, movimentando e empilhando cargas, tendo em vista armazenagem, abastecimento de linha de produ\u00e7\u00e3o e expedi\u00e7\u00e3o de produtos; inspecionar a carga, identificando simbologia das embalagens e separando carga n\u00e3o-conforme.<\/p>\n\n\n\n<p>Dispon\u00edvel at\u00e9 14\/1\/2026 ou encerramento da vaga.<\/p>\n\n\n\n<p><strong>VAGAS NO COM\u00c9RCIO &#8211; 9<\/strong><\/p>\n\n\n\n<p><strong>5 vagas &#8211; Pedreiro<\/strong><\/p>\n\n\n\n<p>Escolaridade &#8211; ensino m\u00e9dio completo;<\/p>\n\n\n\n<p>Experi\u00eancia &#8211; seis meses na Carteira de Trabalho;<\/p>\n\n\n\n<p>Requisitos Obrigat\u00f3rios &#8211; ter documenta\u00e7\u00e3o completa (com dispensa militar);<\/p>\n\n\n\n<p>Atividades &#8211; organizar e preparar o local de trabalho na obra, construir funda\u00e7\u00f5es e estruturas de alvenaria, aplicar revestimentos e contrapisos.<\/p>\n\n\n\n<p>Dispon\u00edvel at\u00e9 14\/1\/2026 ou encerramento da vaga.<\/p>\n\n\n\n<p><strong>1 vaga &#8211; Vendedora<\/strong><\/p>\n\n\n\n<p>Escolaridade &#8211; ensino m\u00e9dio completo;<\/p>\n\n\n\n<p>Experi\u00eancia &#8211; seis meses na Carteira de Trabalho;<\/p>\n\n\n\n<p>Requisitos Obrigat\u00f3rios &#8211; ter disponibilidade de hor\u00e1rio, trabalhar em escala 6&#215;1 e ter documenta\u00e7\u00e3o completa;<\/p>\n\n\n\n<p>Atividades &#8211; atendimento ao cliente; fechamento de vendas no sistema.<\/p>\n\n\n\n<p>Dispon\u00edvel at\u00e9 14\/1\/2026 ou encerramento da vaga.<\/p>\n\n\n\n<p><strong>1 vaga &#8211; Repositor de Mercadorias<\/strong><\/p>\n\n\n\n<p>Escolaridade &#8211; ensino m\u00e9dio completo;<\/p>\n\n\n\n<p>Experi\u00eancia &#8211; seis meses na Carteira de Trabalho;<\/p>\n\n\n\n<p>Requisitos Obrigat\u00f3rios &#8211; ter documenta\u00e7\u00e3o completa;<\/p>\n\n\n\n<p>Atividades &#8211; reorganiza\u00e7\u00e3o de prateleiras e g\u00f4ndolas, verifica\u00e7\u00e3o e controle de validade dos produtos, recebimento de mercadorias do estoque e a garantia de que os produtos estejam sempre dispon\u00edveis para os clientes; organiza\u00e7\u00e3o visual da \u00e1rea de vendas, mantendo o local limpo e arrumado.<\/p>\n\n\n\n<p>Dispon\u00edvel at\u00e9 14\/1\/2026 ou encerramento da vaga.<\/p>\n\n\n\n<p><strong>1 vaga &#8211; Operador de Caixa<\/strong><\/p>\n\n\n\n<p>Escolaridade &#8211; ensino m\u00e9dio completo;<\/p>\n\n\n\n<p>Experi\u00eancia &#8211; seis meses na Carteira de Trabalho;<\/p>\n\n\n\n<p>Requisitos Obrigat\u00f3rios &#8211; residir no Nova Cidade ou proximidades, ter curso de Inform\u00e1tica b\u00e1sica e ter documenta\u00e7\u00e3o completa;<\/p>\n\n\n\n<p>Atividades &#8211; receber pagamentos, emitir notas fiscais\/recibos, atender clientes e realizar a manuten\u00e7\u00e3o do caixa.<\/p>\n\n\n\n<p>Dispon\u00edvel at\u00e9 14\/1\/2026 ou encerramento da vaga.<\/p>\n\n\n\n<p><strong>1 vaga &#8211; Salgadeiro (a)<\/strong><\/p>\n\n\n\n<p>Escolaridade &#8211; ensino fundamental completo;<\/p>\n\n\n\n<p>Experi\u00eancia &#8211; registrada na Carteira de Trabalho;<\/p>\n\n\n\n<p>Requisitos Obrigat\u00f3rios &#8211; ter documenta\u00e7\u00e3o completa;<\/p>\n\n\n\n<p>Atividades &#8211; preparo de massas e recheios.<\/p>\n\n\n\n<p>Dispon\u00edvel at\u00e9 14\/1\/2026 ou encerramento da vaga.<\/p>\n\n\n\n<p><strong>VAGAS NA IND\u00daSTRIA &#8211; 60<\/strong><\/p>\n\n\n\n<p><strong>50 vagas &#8211; Auxiliar de Linha de Produ\u00e7\u00e3o<\/strong><\/p>\n\n\n\n<p>Escolaridade &#8211; ensino fundamental incompleto;<\/p>\n\n\n\n<p>Experi\u00eancia &#8211; n\u00e3o \u00e9 necess\u00e1rio;<\/p>\n\n\n\n<p>Requisitos Obrigat\u00f3rios &#8211; a vaga \u00e9 destinada para candidatos que est\u00e3o em busca de novos desafios; o candidato vai precisar morar em: V\u00e1rzea Grande &#8211; MT e ter documenta\u00e7\u00e3o completa (com dispensa militar);<\/p>\n\n\n\n<p>Atividades &#8211; executar atividades operacionais em setores de apoio ou produ\u00e7\u00e3o de frios, visando garantir a manuten\u00e7\u00e3o, organiza\u00e7\u00e3o, limpeza ou opera\u00e7\u00e3o de atividades na unidade.<\/p>\n\n\n\n<p>Dispon\u00edvel at\u00e9 14\/1\/2026 ou encerramento da vaga.<\/p>\n\n\n\n<p><strong>1 vaga &#8211; Operador de Empilhadeira<\/strong><\/p>\n\n\n\n<p>Escolaridade &#8211; ensino m\u00e9dio completo;<\/p>\n\n\n\n<p>Experi\u00eancia &#8211; seis meses na Carteira de Trabalho;<\/p>\n\n\n\n<p>Requisitos Obrigat\u00f3rios &#8211; ter documenta\u00e7\u00e3o completa (com dispensa militar);<\/p>\n\n\n\n<p>Atividades &#8211; conduzir e manusear empilhadeiras com seguran\u00e7a e efici\u00eancia; ao recebimento de mercadorias, carga e descarga de materiais e expedi\u00e7\u00e3o de produtos; armazenamento, organiza\u00e7\u00e3o e controle de materiais.<\/p>\n\n\n\n<p>Dispon\u00edvel at\u00e9 14\/1\/2026 ou encerramento da vaga.<\/p>\n\n\n\n<p><strong>2 vagas &#8211; Operador de Empilhadeira<\/strong><\/p>\n\n\n\n<p>Escolaridade &#8211; ensino m\u00e9dio completo;<\/p>\n\n\n\n<p>Experi\u00eancia &#8211; seis meses na Carteira de Trabalho;<\/p>\n\n\n\n<p>Requisitos Obrigat\u00f3rios &#8211; ter curso de NR 11, Carteira Nacional de Habilita\u00e7\u00e3o categoria \u201cB\u201d e ter documenta\u00e7\u00e3o completa (com dispensa militar);<\/p>\n\n\n\n<p>Atividades &#8211; operar empilhadeiras, transportando, movimentando e empilhando cargas, tendo em vista armazenagem, abastecimento de linha de produ\u00e7\u00e3o e expedi\u00e7\u00e3o de produtos; inspecionar a carga, identificando simbologia das embalagens e separando carga n\u00e3o-conforme.<\/p>\n\n\n\n<p>Dispon\u00edvel at\u00e9 14\/1\/2026 ou encerramento da vaga.<\/p>\n\n\n\n<p><strong>3 vagas &#8211; T\u00e9cnico em Manuten\u00e7\u00e3o<\/strong><\/p>\n\n\n\n<p>Escolaridade &#8211; ensino t\u00e9cnico completo em Mec\u00e2nica ou Eletromec\u00e2nica;<\/p>\n\n\n\n<p>Experi\u00eancia &#8211; seis meses na Carteira de Trabalho;<\/p>\n\n\n\n<p>Requisitos Obrigat\u00f3rios &#8211; ter curso de NR 10, NR 12, NR 35 e ter documenta\u00e7\u00e3o completa (com dispensa militar);<\/p>\n\n\n\n<p>Atividades &#8211; conduzir a manuten\u00e7\u00e3o geral e reparos nos equipamentos das instala\u00e7\u00f5es e estruturas de propriedade.<\/p>\n\n\n\n<p>Dispon\u00edvel at\u00e9 14\/1\/2026 ou encerramento da vaga.<\/p>\n\n\n\n<p><strong>3 vagas &#8211; Analista de SGI Junior<\/strong><\/p>\n\n\n\n<p>Escolaridade &#8211; cursando ensino superior em An\u00e1lise e Desenvolvimento de Sistema (a partir do 5\u00ba per\u00edodo);<\/p>\n\n\n\n<p>Experi\u00eancia &#8211; seis meses na Carteira de Trabalho;<\/p>\n\n\n\n<p>Requisitos Obrigat\u00f3rios &#8211; ter experi\u00eancia em implanta\u00e7\u00e3o de Programas de gest\u00e3o (ISO 9001 ou outra norma) e ter documenta\u00e7\u00e3o completa (com dispensa militar);<\/p>\n\n\n\n<p>Atividades &#8211; integrar e organizar os processos de diferentes \u00e1reas da empresa, como qualidade, seguran\u00e7a, meio ambiente, sa\u00fade ocupacional.<\/p>\n\n\n\n<p>Dispon\u00edvel at\u00e9 14\/1\/2026 ou encerramento da vaga.<\/p>\n\n\n\n<p><strong>1 vaga &#8211; Analista de Recursos Humanos<\/strong><\/p>\n\n\n\n<p>Escolaridade &#8211; ensino superior completo em Administra\u00e7\u00e3o, Psicologia ou Gest\u00e3o de Recursos Humanos;<\/p>\n\n\n\n<p>Experi\u00eancia &#8211; registrada na Carteira de Trabalho;<\/p>\n\n\n\n<p>Requisitos Obrigat\u00f3rios &#8211; ter experi\u00eancia em Recursos Humanos ou Departamento Pessoal e ter documenta\u00e7\u00e3o completa;<\/p>\n\n\n\n<p>Atividades &#8211; recrutamento e sele\u00e7\u00e3o, organiza\u00e7\u00e3o e execu\u00e7\u00e3o do PAT, atualiza\u00e7\u00e3o e cria\u00e7\u00e3o de descri\u00e7\u00f5es de cargo, gest\u00e3o de indicadores, lan\u00e7amento de atestados, justificativas de ponto.<\/p>\n\n\n\n<p>Dispon\u00edvel at\u00e9 14\/1\/2026 ou encerramento da vaga.<\/p>\n\n\n\n<p><strong>VAGAS EM SERVI\u00c7O &#8211; 111<\/strong><\/p>\n\n\n\n<p><strong>25 vagas &#8211; Atendente<\/strong><\/p>\n\n\n\n<p>Escolaridade &#8211; ensino fundamental completo;<\/p>\n\n\n\n<p>Experi\u00eancia &#8211; n\u00e3o \u00e9 necess\u00e1rio;<\/p>\n\n\n\n<p>Requisitos Obrigat\u00f3rios &#8211; a vaga \u00e9 destinada para candidatos que est\u00e3o em busca de novos desafios; o candidato vai precisar morar em: MG\/ RJ\/ ES\/ PA ou Nordeste, disponibilidade para trabalhar em escala 6&#215;1 e ter documenta\u00e7\u00e3o completa;<\/p>\n\n\n\n<p>Atividades &#8211; recepcionar os clientes de forma cordial e atenciosa; realizar o atendimento e auxiliar na escolha do card\u00e1pio; registrar os pedidos e encaminh\u00e1-los \u00e0 cozinha; auxiliar na montagem e organiza\u00e7\u00e3o das mesas; realizar a manuten\u00e7\u00e3o, organiza\u00e7\u00e3o e limpeza do ambiente.<\/p>\n\n\n\n<p>Dispon\u00edvel at\u00e9 14\/1\/2026 ou encerramento da vaga.<\/p>\n\n\n\n<p><strong>25 vagas &#8211; Auxiliar de Cozinha<\/strong><\/p>\n\n\n\n<p>Escolaridade &#8211; ensino fundamental completo;<\/p>\n\n\n\n<p>Experi\u00eancia &#8211; n\u00e3o \u00e9 necess\u00e1rio;<\/p>\n\n\n\n<p>Requisitos Obrigat\u00f3rios &#8211; a vaga \u00e9 destinada para candidatos que est\u00e3o em busca de novos desafios; o candidato vai precisar morar em: MG\/ RJ\/ ES\/ PA ou Nordeste, disponibilidade para trabalhar em escala 6&#215;1 e ter documenta\u00e7\u00e3o completa;<\/p>\n\n\n\n<p>Atividades &#8211; prepara\u00e7\u00e3o e organiza\u00e7\u00e3o de alimentos, a higieniza\u00e7\u00e3o do ambiente e dos utens\u00edlios, e o apoio direto aos cozinheiros.<\/p>\n\n\n\n<p>Dispon\u00edvel at\u00e9 14\/1\/2026 ou encerramento da vaga.<\/p>\n\n\n\n<p><strong>2 vagas &#8211; Vendedor de Autope\u00e7as<\/strong><\/p>\n\n\n\n<p>Escolaridade &#8211; ensino m\u00e9dio completo;<\/p>\n\n\n\n<p>Experi\u00eancia &#8211; n\u00e3o \u00e9 necess\u00e1rio;<\/p>\n\n\n\n<p>Requisitos Obrigat\u00f3rios &#8211; ter documenta\u00e7\u00e3o completa (com dispensa militar);<\/p>\n\n\n\n<p>Atividades &#8211; atendimento ao cliente; indica\u00e7\u00e3o e recomenda\u00e7\u00e3o de pe\u00e7as adequadas; emiss\u00e3o de pedidos e or\u00e7amentos; organiza\u00e7\u00e3o do ambiente de trabalho.<\/p>\n\n\n\n<p>Dispon\u00edvel at\u00e9 14\/1\/2026 ou encerramento da vaga.<\/p>\n\n\n\n<p><strong>2 vagas &#8211; Auxiliar de Limpeza<\/strong><\/p>\n\n\n\n<p>Escolaridade &#8211; ensino m\u00e9dio completo;<\/p>\n\n\n\n<p>Experi\u00eancia &#8211; seis meses na Carteira de Trabalho;<\/p>\n\n\n\n<p>Requisitos Obrigat\u00f3rios &#8211; ter experi\u00eancia com lavagem de carros, motos e ter documenta\u00e7\u00e3o completa (com dispensa militar);<\/p>\n\n\n\n<p>Atividades &#8211; realizar limpeza geral, lavar banheiro, manter a copa organizada, lavar lou\u00e7a, servir visitantes, manter os m\u00f3veis e objetos limpos, controlar material de limpeza.<\/p>\n\n\n\n<p>Dispon\u00edvel at\u00e9 14\/1\/2026 ou encerramento da vaga.<\/p>\n\n\n\n<p><strong>2 vagas &#8211; Agente de Limpeza<\/strong><\/p>\n\n\n\n<p>Escolaridade &#8211; ensino fundamental completo;<\/p>\n\n\n\n<p>Experi\u00eancia &#8211; seis meses na Carteira de Trabalho;<\/p>\n\n\n\n<p>Requisitos Obrigat\u00f3rios &#8211; ter documenta\u00e7\u00e3o completa (com dispensa militar);<\/p>\n\n\n\n<p>Atividades &#8211; coletar lixo domiciliar, conserva\u00e7\u00e3o e limpeza dos locais de \u00e1rea comum do condom\u00ednio.<\/p>\n\n\n\n<p>Dispon\u00edvel at\u00e9 14\/1\/2026 ou encerramento da vaga.<\/p>\n\n\n\n<p><strong>1 vaga &#8211; Costureira<\/strong><\/p>\n\n\n\n<p>Escolaridade &#8211; ensino fundamental completo;<\/p>\n\n\n\n<p>Experi\u00eancia &#8211; seis meses na Carteira de Trabalho;<\/p>\n\n\n\n<p>Requisitos Obrigat\u00f3rios &#8211; ter documenta\u00e7\u00e3o completa;<\/p>\n\n\n\n<p>Atividades &#8211; modelagem, corte e costura, utilizando m\u00e1quinas e t\u00e9cnicas manuais para criar roupas personalizadas ou realizar ajustes em pe\u00e7as prontas.<\/p>\n\n\n\n<p>Dispon\u00edvel at\u00e9 14\/1\/2026 ou encerramento da vaga.<\/p>\n\n\n\n<p><strong>1 vaga &#8211; Marceneiro<\/strong><\/p>\n\n\n\n<p>Escolaridade &#8211; ensino fundamental completo;<\/p>\n\n\n\n<p>Experi\u00eancia &#8211; seis meses na Carteira de Trabalho;<\/p>\n\n\n\n<p>Requisitos Obrigat\u00f3rios &#8211; ter documenta\u00e7\u00e3o completa (com dispensa militar);<\/p>\n\n\n\n<p>Atividades &#8211; corte e montagem de madeiras, MDF para m\u00f3veis, utilizando ferramentas e m\u00e1quinas para cortar, lixar, montar e dar acabamento a pe\u00e7as, que podem ser personalizadas ou produzidas em s\u00e9rie.<\/p>\n\n\n\n<p>Dispon\u00edvel at\u00e9 14\/1\/2026 ou encerramento da vaga.<\/p>\n\n\n\n<p><strong>1 vaga &#8211; Churrasqueiro<\/strong><\/p>\n\n\n\n<p>Escolaridade &#8211; ensino fundamental completo;<\/p>\n\n\n\n<p>Experi\u00eancia &#8211; seis meses na Carteira de Trabalho ou avulsa;<\/p>\n\n\n\n<p>Requisitos Obrigat\u00f3rios &#8211; ter disponibilidade de hor\u00e1rio e ter documenta\u00e7\u00e3o completa (com dispensa militar);<\/p>\n\n\n\n<p>Atividades &#8211; planejar as quantidades de carnes bovinas e su\u00ednas, de aves e de peixes, os tipos de acompanhamentos e o volume de carv\u00e3o, de modo a atender ao card\u00e1pio pr\u00e9-definido e a quantidade de comensais.<\/p>\n\n\n\n<p>Dispon\u00edvel at\u00e9 14\/1\/2026 ou encerramento da vaga.<\/p>\n\n\n\n<p><strong>1 vaga &#8211; A\u00e7ougueiro<\/strong><\/p>\n\n\n\n<p>Escolaridade &#8211; ensino m\u00e9dio completo;<\/p>\n\n\n\n<p>Experi\u00eancia &#8211; seis meses na Carteira de Trabalho ou avulsa;<\/p>\n\n\n\n<p>Requisitos Obrigat\u00f3rios &#8211; ter documenta\u00e7\u00e3o completa (com dispensa militar);<\/p>\n\n\n\n<p>Atividades &#8211; manusear e armazenar carne de forma segura e higi\u00eanica; cumprir normas de seguran\u00e7a e higiene alimentar.<\/p>\n\n\n\n<p>Dispon\u00edvel at\u00e9 14\/1\/2026 ou encerramento da vaga.<\/p>\n\n\n\n<p><strong>1 vaga &#8211; Est\u00e1gio em Administra\u00e7\u00e3o<\/strong><\/p>\n\n\n\n<p>Escolaridade &#8211; cursando ensino superior em Administra\u00e7\u00e3o, Recursos Humanos ou Psicologia (a partir do 3\u00ba per\u00edodo);<\/p>\n\n\n\n<p>Experi\u00eancia &#8211; n\u00e3o \u00e9 necess\u00e1rio;<\/p>\n\n\n\n<p>Requisitos Obrigat\u00f3rios &#8211; ter curso de Inform\u00e1tica b\u00e1sica e ter documenta\u00e7\u00e3o completa;<\/p>\n\n\n\n<p>Atividades &#8211; emiss\u00e3o de notas; suporte em rotinas administrativas; alimenta\u00e7\u00e3o de planilhas; organizar documentos.<\/p>\n\n\n\n<p>Dispon\u00edvel at\u00e9 14\/1\/2026 ou encerramento da vaga.<\/p>\n\n\n\n<p><strong>1 vaga &#8211; Atendente<\/strong><\/p>\n\n\n\n<p>Escolaridade &#8211; ensino m\u00e9dio completo;<\/p>\n\n\n\n<p>Experi\u00eancia &#8211; seis meses na Carteira de Trabalho;<\/p>\n\n\n\n<p>Requisitos Obrigat\u00f3rios &#8211; ter disponibilidade de hor\u00e1rio e ter documenta\u00e7\u00e3o completa;<\/p>\n\n\n\n<p>Atividades &#8211; atendimento ao cliente, montar os pratos, fritar salgados, fazer sucos e gomas, servir tacac\u00e1 e manter limpo o local de trabalho<\/p>\n\n\n\n<p>Dispon\u00edvel at\u00e9 14\/1\/2026 ou encerramento da vaga.<\/p>\n\n\n\n<p><strong>1 vaga &#8211; Est\u00e1gio de Marketing<\/strong><\/p>\n\n\n\n<p>Escolaridade &#8211; cursando ensino superior em Marketing, Publicidade ou Jornalismo (a partir do 2\u00ba per\u00edodo);<\/p>\n\n\n\n<p>Experi\u00eancia &#8211; n\u00e3o \u00e9 necess\u00e1rio;<\/p>\n\n\n\n<p>Requisitos Obrigat\u00f3rios &#8211; ter disponibilidade de hor\u00e1rio e ter documenta\u00e7\u00e3o completa;<\/p>\n\n\n\n<p>Atividades &#8211; criar conte\u00fados visuais e publica\u00e7\u00f5es para redes sociais, com suporte \u00e0s \u00e1reas internas e participa\u00e7\u00e3o em campanhas de engajamento da marca.<\/p>\n\n\n\n<p>Dispon\u00edvel at\u00e9 14\/1\/2026 ou encerramento da vaga.<\/p>\n\n\n\n<p><strong>1 vaga &#8211; Assistente de Supervis\u00e3o<\/strong><\/p>\n\n\n\n<p>Escolaridade &#8211; ensino m\u00e9dio completo;<\/p>\n\n\n\n<p>Experi\u00eancia &#8211; seis meses na Carteira de Trabalho;<\/p>\n\n\n\n<p>Requisitos Obrigat\u00f3rios &#8211; ter disponibilidade de hor\u00e1rio, curso e Inform\u00e1tica avan\u00e7ada e ter documenta\u00e7\u00e3o completa;<\/p>\n\n\n\n<p>Atividades &#8211; distribuir tarefas e orientar os colaboradores; acompanhar prazos, metas e qualidade do trabalho; fazer relat\u00f3rios e analisar dados para sugerir melhorias; servir de elo entre equipe e supervis\u00e3o.<\/p>\n\n\n\n<p>Dispon\u00edvel at\u00e9 14\/1\/2026 ou encerramento da vaga.<\/p>\n\n\n\n<p><strong>1 vaga &#8211; Chapeiro<\/strong><\/p>\n\n\n\n<p>Escolaridade &#8211; ensino m\u00e9dio completo;<\/p>\n\n\n\n<p>Experi\u00eancia &#8211; tr\u00eas meses na Carteira de Trabalho ou avulsa;<\/p>\n\n\n\n<p>Requisitos Obrigat\u00f3rios &#8211; ter disponibilidade de hor\u00e1rio e ter documenta\u00e7\u00e3o completa (com dispensa militar);<\/p>\n\n\n\n<p>Atividades &#8211; preparar carne; limpeza e higieniza\u00e7\u00e3o dos equipamentos; manter o local de trabalho organizado; armazenar corretamente os produtos.<\/p>\n\n\n\n<p>Dispon\u00edvel at\u00e9 14\/1\/2026 ou encerramento da vaga.<\/p>\n\n\n\n<p><strong>1 vaga &#8211; Auxiliar de Cozinha<\/strong><\/p>\n\n\n\n<p>Escolaridade &#8211; ensino fundamental completo;<\/p>\n\n\n\n<p>Experi\u00eancia &#8211; seis meses na Carteira de Trabalho ou avulsa;<\/p>\n\n\n\n<p>Requisitos Obrigat\u00f3rios &#8211; ter disponibilidade de hor\u00e1rio e ter documenta\u00e7\u00e3o completa;<\/p>\n\n\n\n<p>Atividades &#8211; auxiliar os cozinheiros no preparo e manipula\u00e7\u00e3o de alimentos.<\/p>\n\n\n\n<p>Dispon\u00edvel at\u00e9 14\/1\/2026 ou encerramento da vaga.<\/p>\n\n\n\n<p><strong>1 vaga &#8211; Churrasqueiro<\/strong><\/p>\n\n\n\n<p>Escolaridade &#8211; ensino fundamental completo;<\/p>\n\n\n\n<p>Experi\u00eancia &#8211; seis meses na Carteira de Trabalho;<\/p>\n\n\n\n<p>Requisitos Obrigat\u00f3rios &#8211; ter disponibilidade de hor\u00e1rio e ter documenta\u00e7\u00e3o completa (com dispensa militar);<\/p>\n\n\n\n<p>Atividades &#8211; planejar as quantidades de carnes bovinas e su\u00ednas, de aves e de peixes, os tipos de acompanhamentos e o volume de carv\u00e3o, de modo a atender ao card\u00e1pio pr\u00e9-definido e a quantidade de comensais.<\/p>\n\n\n\n<p>Dispon\u00edvel at\u00e9 14\/1\/2026 ou encerramento da vaga.<\/p>\n\n\n\n<p><strong>3 vagas &#8211; Auxiliar de Dep\u00f3sito<\/strong><\/p>\n\n\n\n<p>Escolaridade &#8211; ensino m\u00e9dio completo;<\/p>\n\n\n\n<p>Experi\u00eancia &#8211; seis meses na Carteira de Trabalho;<\/p>\n\n\n\n<p>Requisitos Obrigat\u00f3rios &#8211; ter documenta\u00e7\u00e3o completa (com dispensa militar);<\/p>\n\n\n\n<p>Atividades &#8211; organizar e controlar o fluxo de materiais e produtos em um armaz\u00e9m, realizando tarefas como recebimento, confer\u00eancia, armazenagem, separa\u00e7\u00e3o, embalagem e expedi\u00e7\u00e3o de mercadorias.<\/p>\n\n\n\n<p>Dispon\u00edvel at\u00e9 14\/1\/2026 ou encerramento da vaga.<\/p>\n\n\n\n<p><strong>1 vaga &#8211; Soldador<\/strong><\/p>\n\n\n\n<p>Escolaridade &#8211; ensino fundamental completo;<\/p>\n\n\n\n<p>Experi\u00eancia &#8211; n\u00e3o \u00e9 necess\u00e1rio;<\/p>\n\n\n\n<p>Requisitos Obrigat\u00f3rios &#8211; ter curso de Soldagem ou Soldador e ter documenta\u00e7\u00e3o completa (com dispensa militar);<\/p>\n\n\n\n<p>Atividades &#8211; unir e cortar pe\u00e7as de ligas met\u00e1licas usando processos de soldagem e corte tais como eletrodo revestido, tig, mig, mag, oxig\u00e1s, arco submerso, brasagem, plasma; preparar equipamentos, acess\u00f3rios, consum\u00edveis de soldagem e corte e pe\u00e7as a serem soldadas; aplicar estritas normas de seguran\u00e7a, organiza\u00e7\u00e3o do local de trabalho e meio ambiente.<\/p>\n\n\n\n<p>Dispon\u00edvel at\u00e9 14\/1\/2026 ou encerramento da vaga.<\/p>\n\n\n\n<p><strong>5 vagas &#8211; Servi\u00e7os Gerais<\/strong><\/p>\n\n\n\n<p>Escolaridade &#8211; ensino fundamental completo;<\/p>\n\n\n\n<p>Experi\u00eancia &#8211; tr\u00eas meses na Carteira de Trabalho;<\/p>\n\n\n\n<p>Requisitos Obrigat\u00f3rios &#8211; ter documenta\u00e7\u00e3o completa (com dispensa militar);<\/p>\n\n\n\n<p>Atividades &#8211; executar limpeza e manuten\u00e7\u00e3o de ambientes para garantir que a empresa funcione corretamente, incluindo a limpeza de \u00e1reas comuns, a organiza\u00e7\u00e3o e reposi\u00e7\u00e3o de materiais.<\/p>\n\n\n\n<p>Dispon\u00edvel at\u00e9 14\/1\/2026 ou encerramento da vaga.<\/p>\n\n\n\n<p><strong>5 vagas &#8211; Pedreiro<\/strong><\/p>\n\n\n\n<p>Escolaridade &#8211; ensino fundamental incompleto;<\/p>\n\n\n\n<p>Experi\u00eancia &#8211; n\u00e3o \u00e9 necess\u00e1rio;<\/p>\n\n\n\n<p>Requisitos Obrigat\u00f3rios &#8211; ter documenta\u00e7\u00e3o completa (com dispensa militar);<\/p>\n\n\n\n<p>Atividades &#8211; executar e reformar constru\u00e7\u00f5es civis, lendo projetos e construindo estruturas com tijolos, blocos e argamassa, assentando pisos e revestimentos, e realizando manuten\u00e7\u00f5es.<\/p>\n\n\n\n<p>Dispon\u00edvel at\u00e9 14\/1\/2026 ou encerramento da vaga.<\/p>\n\n\n\n<p><strong>5 vagas &#8211; Azulejista<\/strong><\/p>\n\n\n\n<p>Escolaridade &#8211; ensino fundamental incompleto;<\/p>\n\n\n\n<p>Experi\u00eancia &#8211; n\u00e3o \u00e9 necess\u00e1rio;<\/p>\n\n\n\n<p>Requisitos Obrigat\u00f3rios &#8211; ter documenta\u00e7\u00e3o completa (com dispensa militar);<\/p>\n\n\n\n<p>Atividades &#8211; assentar revestimentos como azulejos, porcelanatos, cer\u00e2micas e pastilhas em pisos, paredes e outras superf\u00edcies.<\/p>\n\n\n\n<p>Dispon\u00edvel at\u00e9 14\/1\/2026 ou encerramento da vaga.<\/p>\n\n\n\n<p><strong>5 vagas &#8211; Carpinteiro<\/strong><\/p>\n\n\n\n<p>Escolaridade &#8211; ensino fundamental incompleto;<\/p>\n\n\n\n<p>Experi\u00eancia &#8211; n\u00e3o \u00e9 necess\u00e1rio;<\/p>\n\n\n\n<p>Requisitos Obrigat\u00f3rios &#8211; ter documenta\u00e7\u00e3o completa (com dispensa militar);<\/p>\n\n\n\n<p>Atividades &#8211; construir e reparar estruturas e pe\u00e7as como telhados, portas, escadas, forros, e andaimes, focando em constru\u00e7\u00f5es mais r\u00fasticas e de grande porte, diferentemente do marceneiro que trabalha com m\u00f3veis finos e detalhes art\u00edsticos, usando ferramentas como serrotes, form\u00f5es e serras para cortar, moldar e montar a madeira.<\/p>\n\n\n\n<p>Dispon\u00edvel at\u00e9 14\/1\/2026 ou encerramento da vaga.<\/p>\n\n\n\n<p><strong>1 vaga &#8211; Caseiro<\/strong><\/p>\n\n\n\n<p>Escolaridade &#8211; ensino fundamental completo;<\/p>\n\n\n\n<p>Experi\u00eancia &#8211; seis meses na Carteira de Trabalho;<\/p>\n\n\n\n<p>Requisitos Obrigat\u00f3rios &#8211; ter disponibilidade para morar no servi\u00e7o e ter documenta\u00e7\u00e3o completa (com dispensa militar);<\/p>\n\n\n\n<p>Atividades &#8211; manuten\u00e7\u00e3o b\u00e1sica do local; limpeza e organiza\u00e7\u00e3o dos ambientes externos; auxiliar no controle e uso adequado de equipamentos e ferramentas; apoio em demandas operacionais da rotina di\u00e1ria.<\/p>\n\n\n\n<p>Dispon\u00edvel at\u00e9 14\/1\/2026 ou encerramento da vaga.<\/p>\n\n\n\n<p><strong>1 vaga &#8211; Mec\u00e2nico Automotivo<\/strong><\/p>\n\n\n\n<p>Escolaridade &#8211; ensino fundamental completo;<\/p>\n\n\n\n<p>Experi\u00eancia &#8211; seis meses na Carteira de Trabalho;<\/p>\n\n\n\n<p>Requisitos Obrigat\u00f3rios &#8211; ter Carteira Nacional de Habilita\u00e7\u00e3o categoria \u201cB\u201d e ter documenta\u00e7\u00e3o completa (com dispensa militar);<\/p>\n\n\n\n<p>Atividades &#8211; diagn\u00f3stico, manuten\u00e7\u00e3o preventiva e corretiva de ve\u00edculos, abrangendo troca de \u00f3leo, freios, suspens\u00e3o, alinhamento, balanceamento, reparos no motor e sistemas eletr\u00f4nicos, al\u00e9m de instala\u00e7\u00e3o de acess\u00f3rios.<\/p>\n\n\n\n<p>Dispon\u00edvel at\u00e9 14\/1\/2026 ou encerramento da vaga.<\/p>\n\n\n\n<p><strong>2 vagas &#8211; Auxiliar de Mec\u00e2nico Automotivo<\/strong><\/p>\n\n\n\n<p>Escolaridade &#8211; ensino fundamental completo;<\/p>\n\n\n\n<p>Experi\u00eancia &#8211; seis meses na Carteira de Trabalho;<\/p>\n\n\n\n<p>Requisitos Obrigat\u00f3rios &#8211; ter Carteira Nacional de Habilita\u00e7\u00e3o categoria \u201cB\u201d e ter documenta\u00e7\u00e3o completa (com dispensa militar);<\/p>\n\n\n\n<p>Atividades &#8211; realizar reparos e consertos de m\u00e1quinas carros leves e pesados; auxiliar na montagem e desmontagem de m\u00e1quinas e equipamentos; executar atividades de ajustes, regulagens e lubrifica\u00e7\u00e3o.<\/p>\n\n\n\n<p>Dispon\u00edvel at\u00e9 14\/1\/2026 ou encerramento da vaga.<\/p>\n\n\n\n<p><strong>3 vagas &#8211; Servente de Obras<\/strong><\/p>\n\n\n\n<p>Escolaridade &#8211; ensino m\u00e9dio completo;<\/p>\n\n\n\n<p>Experi\u00eancia &#8211; n\u00e3o \u00e9 necess\u00e1rio;<\/p>\n\n\n\n<p>Requisitos Obrigat\u00f3rios &#8211; ter documenta\u00e7\u00e3o completa (com dispensa militar);<\/p>\n\n\n\n<p>Atividades &#8211; demolir edifica\u00e7\u00f5es de concreto, de alvenaria e outras estruturas; preparam canteiros de obras, limpando a \u00e1rea e compactando solos; efetuar manuten\u00e7\u00e3o de primeiro n\u00edvel, limpando m\u00e1quinas e ferramentas, verificando condi\u00e7\u00f5es dos equipamentos e reparando eventuais defeitos mec\u00e2nicos nos mesmos; realizar escava\u00e7\u00f5es e preparam massa de concreto e outros materiais.<\/p>\n\n\n\n<p>Dispon\u00edvel at\u00e9 14\/1\/2026 ou encerramento da vaga.<\/p>\n\n\n\n<p><strong>2 vagas &#8211; Carpinteiro<\/strong><\/p>\n\n\n\n<p>Escolaridade &#8211; ensino m\u00e9dio completo;<\/p>\n\n\n\n<p>Experi\u00eancia &#8211; seis meses na Carteira de Trabalho;<\/p>\n\n\n\n<p>Requisitos Obrigat\u00f3rios &#8211; ter documenta\u00e7\u00e3o completa (com dispensa militar);<\/p>\n\n\n\n<p>Atividades &#8211; planejar trabalhos de carpintaria, preparar canteiro de obras e montar formas met\u00e1licas; confeccionar formas de madeira e forro de laje, construir andaimes e prote\u00e7\u00e3o de madeira e estruturas de madeira para telhado, entre outras atividades correlatas \u00e0 fun\u00e7\u00e3o.<\/p>\n\n\n\n<p>Dispon\u00edvel at\u00e9 14\/1\/2026 ou encerramento da vaga.<\/p>\n\n\n\n<p><strong>2 vagas &#8211; Motofretista<\/strong><\/p>\n\n\n\n<p>Escolaridade &#8211; ensino m\u00e9dio completo;<\/p>\n\n\n\n<p>Experi\u00eancia &#8211; n\u00e3o \u00e9 necess\u00e1rio;<\/p>\n\n\n\n<p>Requisitos Obrigat\u00f3rios &#8211; ter Carteira Nacional de Habilita\u00e7\u00e3o categoria \u201cA\u201d, ter ve\u00edculo pr\u00f3prio (moto) e ter documenta\u00e7\u00e3o completa (com dispensa militar);<\/p>\n\n\n\n<p>Atividades &#8211; coletar e entregar documentos, valores, mercadorias e encomendas; transportar pessoas; realizar servi\u00e7os de pagamento e cobran\u00e7a, roteirizar entregas e coletas; localizar e conferir destinat\u00e1rios e endere\u00e7os, emitir e coletar recibos do material transportado.<\/p>\n\n\n\n<p>Dispon\u00edvel at\u00e9 14\/1\/2026 ou encerramento da vaga.<\/p>\n\n\n\n<p><strong>5 vagas &#8211; Auxiliar T\u00e9cnico de Telefonia<\/strong><\/p>\n\n\n\n<p>Escolaridade &#8211; ensino m\u00e9dio completo;<\/p>\n\n\n\n<p>Experi\u00eancia &#8211; n\u00e3o \u00e9 necess\u00e1rio;<\/p>\n\n\n\n<p>Requisitos Obrigat\u00f3rios &#8211; ter Carteira Nacional de Habilita\u00e7\u00e3o categoria \u201cB\u201d e ter documenta\u00e7\u00e3o completa (com dispensa militar);<\/p>\n\n\n\n<p>Atividades &#8211; dar suporte \u00e0 instala\u00e7\u00e3o, configura\u00e7\u00e3o e manuten\u00e7\u00e3o de redes de telecomunica\u00e7\u00f5es em empresas de diferentes setores; configura\u00e7\u00e3o de roteadores e antenas da empresa de telefonia.<\/p>\n\n\n\n<p>Dispon\u00edvel at\u00e9 14\/1\/2026 ou encerramento da vaga.<\/p>\n\n\n\n<p><strong>2 vagas &#8211; Agente de Portaria<\/strong><\/p>\n\n\n\n<p>Escolaridade &#8211; ensino m\u00e9dio completo;<\/p>\n\n\n\n<p>Experi\u00eancia &#8211; seis meses na Carteira de Trabalho;<\/p>\n\n\n\n<p>Requisitos Obrigat\u00f3rios &#8211; ter curso de Agente de Portaria, residir na Zona Norte e ter documenta\u00e7\u00e3o completa;<\/p>\n\n\n\n<p>Atividades &#8211; monitorar a entrada e sa\u00edda de pessoas, ve\u00edculos e materiais, garantindo que apenas pessoas autorizadas entrem; zelar pela seguran\u00e7a do local, fiscalizando depend\u00eancias, monitorando c\u00e2meras e alarmes, e acionando autoridades em caso de irregularidades.<\/p>\n\n\n\n<p>Dispon\u00edvel at\u00e9 14\/1\/2026 ou encerramento da vaga.<\/p>\n\n\n\n<p><strong>1 vaga &#8211; Servente de Obras<\/strong><\/p>\n\n\n\n<p>Escolaridade &#8211; ensino fundamental completo;<\/p>\n\n\n\n<p>Experi\u00eancia &#8211; seis meses na Carteira de Trabalho ou avulsa;<\/p>\n\n\n\n<p>Requisitos Obrigat\u00f3rios &#8211; ter documenta\u00e7\u00e3o completa (com dispensa militar);<\/p>\n\n\n\n<p>Atividades &#8211; auxiliar pedreiros, carpinteiros, armadores e outros profissionais da constru\u00e7\u00e3o civil no preparo de materiais, limpeza e organiza\u00e7\u00e3o do canteiro de obras.<\/p>\n\n\n\n<p>Dispon\u00edvel at\u00e9 14\/1\/2026 ou encerramento da vaga.<\/p>\n\n\n\n<p><strong>1 vaga &#8211; Pedreiro<\/strong><\/p>\n\n\n\n<p>Escolaridade &#8211; ensino fundamental completo;<\/p>\n\n\n\n<p>Experi\u00eancia &#8211; seis meses na Carteira de Trabalho ou avulsa;<\/p>\n\n\n\n<p>Requisitos Obrigat\u00f3rios &#8211; ter documenta\u00e7\u00e3o completa (com dispensa militar);<\/p>\n\n\n\n<p>Atividades &#8211; organizar e preparar o local de trabalho na obra, constroem funda\u00e7\u00f5es e estruturas de alvenaria, aplicar revestimentos e contrapisos.<\/p>\n\n\n\n<p>Dispon\u00edvel at\u00e9 14\/1\/2026 ou encerramento da vaga.<\/p>\n\n\n\n<p><strong>VAGAS DESTINADAS \u00c0 PESSOAS COM DEFICI\u00caNCIA (PCDS) &#8211; 4<\/strong><\/p>\n\n\n\n<p><strong>1 vaga &#8211; Auxiliar de Servi\u00e7os Gerais &#8211; Vagas destinadas para Pessoa com Defici\u00eancia (PcD)<\/strong><\/p>\n\n\n\n<p>Escolaridade &#8211; ensino fundamental completo;<\/p>\n\n\n\n<p>Experi\u00eancia &#8211; seis meses na Carteira de Trabalho;<\/p>\n\n\n\n<p>Requisitos Obrigat\u00f3rios &#8211; ter documenta\u00e7\u00e3o completa;<\/p>\n\n\n\n<p>Atividades &#8211; atender as necessidades de limpeza, manuten\u00e7\u00e3o e conserva\u00e7\u00e3o das instala\u00e7\u00f5es da institui\u00e7\u00e3o, removendo p\u00f3 de m\u00f3veis, paredes, tetos, portas, janelas e equipamentos.<\/p>\n\n\n\n<p>Dispon\u00edvel at\u00e9 14\/1\/2026 ou encerramento da vaga.<\/p>\n\n\n\n<p><strong>3 vagas &#8211; Operador de Linha de Montagem &#8211; Vagas destinadas para Pessoa com Defici\u00eancia (PcD)<\/strong><\/p>\n\n\n\n<p>Escolaridade &#8211; ensino m\u00e9dio completo;<\/p>\n\n\n\n<p>Experi\u00eancia &#8211; seis meses na Carteira de Trabalho;<\/p>\n\n\n\n<p>Requisitos Obrigat\u00f3rios &#8211; ter curso de TBO, Leitura de Componentes, disponibilidade de hor\u00e1rio, trabalhar em escala 6&#215;1 e ter documenta\u00e7\u00e3o completa;<\/p>\n\n\n\n<p>Atividades &#8211; operar na linha de montagem dos componentes eletr\u00f4nicos.<\/p>\n\n\n\n<p>Dispon\u00edvel at\u00e9 14\/1\/2026 ou encerramento da vaga.<\/p>\n\n\n\n<p>&#8212; &#8212; &#8212;<\/p>\n\n\n\n<p><strong>Texto<\/strong>&nbsp;&#8211;&nbsp;Divulga\u00e7\u00e3o\/Semtepi<\/p>\n\n\n\n<p><strong>Fotos<\/strong>&nbsp;&#8211;&nbsp;Arquivo\/Semcom<\/p>\n\n\n\n<p><strong>Dispon\u00edveis em<\/strong>&nbsp;&#8211;&nbsp;<a href=\"https:\/\/flic.kr\/s\/aHBqjCetWK\">https:\/\/flic.kr\/s\/aHBqjCetWK<\/a><\/p>\n","protected":false},"excerpt":{"rendered":"","protected":false},"author":39,"featured_media":7071,"comment_status":"closed","ping_status":"closed","sticky":false,"template":"","format":"standard","meta":{"footnotes":""},"categories":[5],"tags":[1230,733,7,8,9,10],"acf":[],"yoast_head":"<!-- This site is optimized with the Yoast SEO plugin v23.0 - https:\/\/yoast.com\/wordpress\/plugins\/seo\/ -->\n<title>Sine Manaus oferta 238 vagas de emprego nesta quarta-feira, 14\/1<\/title>\n<meta name=\"description\" content=\"Prefeitura de Manaus, por meio do Sine Manaus, oferta 238 vagas de emprego em v\u00e1rias \u00e1reas de atua\u00e7\u00e3o, nesta quarta-feira, 14\/1.\" \/>\n<meta name=\"robots\" content=\"noindex, follow\" \/>\n<meta property=\"og:locale\" content=\"pt_BR\" \/>\n<meta property=\"og:type\" content=\"article\" \/>\n<meta property=\"og:title\" content=\"Sine Manaus oferta 238 vagas de emprego nesta quarta-feira, 14\/1\" \/>\n<meta property=\"og:description\" content=\"Prefeitura de Manaus, por meio do Sine Manaus, oferta 238 vagas de emprego em v\u00e1rias \u00e1reas de atua\u00e7\u00e3o, nesta quarta-feira, 14\/1.\" \/>\n<meta property=\"og:url\" content=\"https:\/\/www.manaus.am.gov.br\/semtepi\/oportunidade\/sine-manaus-238-vagas-emprego-14-1\/\" \/>\n<meta property=\"og:site_name\" content=\"SEMTEPI\" \/>\n<meta property=\"article:published_time\" content=\"2026-01-13T17:27:48+00:00\" \/>\n<meta property=\"article:modified_time\" content=\"2026-01-13T17:27:49+00:00\" \/>\n<meta property=\"og:image\" content=\"https:\/\/www.manaus.am.gov.br\/semtepi\/wp-content\/uploads\/sites\/20\/2025\/09\/422-vagas-de-emprego.jpg\" \/>\n\t<meta property=\"og:image:width\" content=\"799\" \/>\n\t<meta property=\"og:image:height\" content=\"533\" \/>\n\t<meta property=\"og:image:type\" content=\"image\/jpeg\" \/>\n<meta name=\"author\" content=\"Bruna Greco\" \/>\n<meta name=\"twitter:card\" content=\"summary_large_image\" \/>\n<meta name=\"twitter:label1\" content=\"Written by\" \/>\n\t<meta name=\"twitter:data1\" content=\"Bruna Greco\" \/>\n\t<meta name=\"twitter:label2\" content=\"Est. reading time\" \/>\n\t<meta name=\"twitter:data2\" content=\"22 minutos\" \/>\n<script type=\"application\/ld+json\" class=\"yoast-schema-graph\">{\"@context\":\"https:\/\/schema.org\",\"@graph\":[{\"@type\":\"Article\",\"@id\":\"https:\/\/www.manaus.am.gov.br\/semtepi\/oportunidade\/sine-manaus-238-vagas-emprego-14-1\/#article\",\"isPartOf\":{\"@id\":\"https:\/\/www.manaus.am.gov.br\/semtepi\/oportunidade\/sine-manaus-238-vagas-emprego-14-1\/\"},\"author\":{\"name\":\"Bruna Greco\",\"@id\":\"https:\/\/www.manaus.am.gov.br\/semtepi\/#\/schema\/person\/05d223aea2bf115f9883a6ff3683d81b\"},\"headline\":\"Sine Manaus oferta 238 vagas de emprego nesta quarta-feira, 14\/1\",\"datePublished\":\"2026-01-13T17:27:48+00:00\",\"dateModified\":\"2026-01-13T17:27:49+00:00\",\"mainEntityOfPage\":{\"@id\":\"https:\/\/www.manaus.am.gov.br\/semtepi\/oportunidade\/sine-manaus-238-vagas-emprego-14-1\/\"},\"wordCount\":4527,\"publisher\":{\"@id\":\"https:\/\/www.manaus.am.gov.br\/semtepi\/#organization\"},\"image\":{\"@id\":\"https:\/\/www.manaus.am.gov.br\/semtepi\/oportunidade\/sine-manaus-238-vagas-emprego-14-1\/#primaryimage\"},\"thumbnailUrl\":\"https:\/\/www.manaus.am.gov.br\/semtepi\/wp-content\/uploads\/sites\/20\/2025\/09\/422-vagas-de-emprego.jpg\",\"keywords\":[\"14\/1\",\"238 vagas de emprego\",\"oportunidade\",\"prefeitura de manaus\",\"Semtepi\",\"sine manaus\"],\"articleSection\":[\"Oportunidade\"],\"inLanguage\":\"pt-BR\"},{\"@type\":\"WebPage\",\"@id\":\"https:\/\/www.manaus.am.gov.br\/semtepi\/oportunidade\/sine-manaus-238-vagas-emprego-14-1\/\",\"url\":\"https:\/\/www.manaus.am.gov.br\/semtepi\/oportunidade\/sine-manaus-238-vagas-emprego-14-1\/\",\"name\":\"Sine Manaus oferta 238 vagas de emprego nesta quarta-feira, 14\/1\",\"isPartOf\":{\"@id\":\"https:\/\/www.manaus.am.gov.br\/semtepi\/#website\"},\"primaryImageOfPage\":{\"@id\":\"https:\/\/www.manaus.am.gov.br\/semtepi\/oportunidade\/sine-manaus-238-vagas-emprego-14-1\/#primaryimage\"},\"image\":{\"@id\":\"https:\/\/www.manaus.am.gov.br\/semtepi\/oportunidade\/sine-manaus-238-vagas-emprego-14-1\/#primaryimage\"},\"thumbnailUrl\":\"https:\/\/www.manaus.am.gov.br\/semtepi\/wp-content\/uploads\/sites\/20\/2025\/09\/422-vagas-de-emprego.jpg\",\"datePublished\":\"2026-01-13T17:27:48+00:00\",\"dateModified\":\"2026-01-13T17:27:49+00:00\",\"description\":\"Prefeitura de Manaus, por meio do Sine Manaus, oferta 238 vagas de emprego em v\u00e1rias \u00e1reas de atua\u00e7\u00e3o, nesta quarta-feira, 14\/1.\",\"breadcrumb\":{\"@id\":\"https:\/\/www.manaus.am.gov.br\/semtepi\/oportunidade\/sine-manaus-238-vagas-emprego-14-1\/#breadcrumb\"},\"inLanguage\":\"pt-BR\",\"potentialAction\":[{\"@type\":\"ReadAction\",\"target\":[\"https:\/\/www.manaus.am.gov.br\/semtepi\/oportunidade\/sine-manaus-238-vagas-emprego-14-1\/\"]}]},{\"@type\":\"ImageObject\",\"inLanguage\":\"pt-BR\",\"@id\":\"https:\/\/www.manaus.am.gov.br\/semtepi\/oportunidade\/sine-manaus-238-vagas-emprego-14-1\/#primaryimage\",\"url\":\"https:\/\/www.manaus.am.gov.br\/semtepi\/wp-content\/uploads\/sites\/20\/2025\/09\/422-vagas-de-emprego.jpg\",\"contentUrl\":\"https:\/\/www.manaus.am.gov.br\/semtepi\/wp-content\/uploads\/sites\/20\/2025\/09\/422-vagas-de-emprego.jpg\",\"width\":799,\"height\":533,\"caption\":\"#paratodosverem - Servidores orientando popular no Sine Manaus\"},{\"@type\":\"BreadcrumbList\",\"@id\":\"https:\/\/www.manaus.am.gov.br\/semtepi\/oportunidade\/sine-manaus-238-vagas-emprego-14-1\/#breadcrumb\",\"itemListElement\":[{\"@type\":\"ListItem\",\"position\":1,\"name\":\"Home\",\"item\":\"https:\/\/www.manaus.am.gov.br\/semtepi\/\"},{\"@type\":\"ListItem\",\"position\":2,\"name\":\"Sine Manaus oferta 238 vagas de emprego nesta quarta-feira, 14\/1\"}]},{\"@type\":\"WebSite\",\"@id\":\"https:\/\/www.manaus.am.gov.br\/semtepi\/#website\",\"url\":\"https:\/\/www.manaus.am.gov.br\/semtepi\/\",\"name\":\"SEMTEPI\",\"description\":\"Prefeitura de Manaus\",\"publisher\":{\"@id\":\"https:\/\/www.manaus.am.gov.br\/semtepi\/#organization\"},\"alternateName\":\"Secretaria Municipal do Trabalho, Empreendedorismo e Inova\u00e7\u00e3o\",\"potentialAction\":[{\"@type\":\"SearchAction\",\"target\":{\"@type\":\"EntryPoint\",\"urlTemplate\":\"https:\/\/www.manaus.am.gov.br\/semtepi\/?s={search_term_string}\"},\"query-input\":\"required name=search_term_string\"}],\"inLanguage\":\"pt-BR\"},{\"@type\":\"Organization\",\"@id\":\"https:\/\/www.manaus.am.gov.br\/semtepi\/#organization\",\"name\":\"Prefeitura Municipal de Manaus\",\"alternateName\":\"Prefeitura de Manaus\",\"url\":\"https:\/\/www.manaus.am.gov.br\/semtepi\/\",\"logo\":{\"@type\":\"ImageObject\",\"inLanguage\":\"pt-BR\",\"@id\":\"https:\/\/www.manaus.am.gov.br\/semtepi\/#\/schema\/logo\/image\/\",\"url\":\"https:\/\/www.manaus.am.gov.br\/semtepi\/wp-content\/uploads\/sites\/20\/2024\/07\/favicon.png\",\"contentUrl\":\"https:\/\/www.manaus.am.gov.br\/semtepi\/wp-content\/uploads\/sites\/20\/2024\/07\/favicon.png\",\"width\":300,\"height\":300,\"caption\":\"Prefeitura Municipal de Manaus\"},\"image\":{\"@id\":\"https:\/\/www.manaus.am.gov.br\/semtepi\/#\/schema\/logo\/image\/\"}},{\"@type\":\"Person\",\"@id\":\"https:\/\/www.manaus.am.gov.br\/semtepi\/#\/schema\/person\/05d223aea2bf115f9883a6ff3683d81b\",\"name\":\"Bruna Greco\",\"image\":{\"@type\":\"ImageObject\",\"inLanguage\":\"pt-BR\",\"@id\":\"https:\/\/www.manaus.am.gov.br\/semtepi\/#\/schema\/person\/image\/\",\"url\":\"https:\/\/secure.gravatar.com\/avatar\/9c877d1a6adc2a055330e5c09a8653ce?s=96&d=mm&r=g\",\"contentUrl\":\"https:\/\/secure.gravatar.com\/avatar\/9c877d1a6adc2a055330e5c09a8653ce?s=96&d=mm&r=g\",\"caption\":\"Bruna Greco\"}}]}<\/script>\n<!-- \/ Yoast SEO plugin. -->","yoast_head_json":{"title":"Sine Manaus oferta 238 vagas de emprego nesta quarta-feira, 14\/1","description":"Prefeitura de Manaus, por meio do Sine Manaus, oferta 238 vagas de emprego em v\u00e1rias \u00e1reas de atua\u00e7\u00e3o, nesta quarta-feira, 14\/1.","robots":{"index":"noindex","follow":"follow"},"og_locale":"pt_BR","og_type":"article","og_title":"Sine Manaus oferta 238 vagas de emprego nesta quarta-feira, 14\/1","og_description":"Prefeitura de Manaus, por meio do Sine Manaus, oferta 238 vagas de emprego em v\u00e1rias \u00e1reas de atua\u00e7\u00e3o, nesta quarta-feira, 14\/1.","og_url":"https:\/\/www.manaus.am.gov.br\/semtepi\/oportunidade\/sine-manaus-238-vagas-emprego-14-1\/","og_site_name":"SEMTEPI","article_published_time":"2026-01-13T17:27:48+00:00","article_modified_time":"2026-01-13T17:27:49+00:00","og_image":[{"width":799,"height":533,"url":"https:\/\/www.manaus.am.gov.br\/semtepi\/wp-content\/uploads\/sites\/20\/2025\/09\/422-vagas-de-emprego.jpg","type":"image\/jpeg"}],"author":"Bruna Greco","twitter_card":"summary_large_image","twitter_misc":{"Written by":"Bruna Greco","Est. reading time":"22 minutos"},"schema":{"@context":"https:\/\/schema.org","@graph":[{"@type":"Article","@id":"https:\/\/www.manaus.am.gov.br\/semtepi\/oportunidade\/sine-manaus-238-vagas-emprego-14-1\/#article","isPartOf":{"@id":"https:\/\/www.manaus.am.gov.br\/semtepi\/oportunidade\/sine-manaus-238-vagas-emprego-14-1\/"},"author":{"name":"Bruna Greco","@id":"https:\/\/www.manaus.am.gov.br\/semtepi\/#\/schema\/person\/05d223aea2bf115f9883a6ff3683d81b"},"headline":"Sine Manaus oferta 238 vagas de emprego nesta quarta-feira, 14\/1","datePublished":"2026-01-13T17:27:48+00:00","dateModified":"2026-01-13T17:27:49+00:00","mainEntityOfPage":{"@id":"https:\/\/www.manaus.am.gov.br\/semtepi\/oportunidade\/sine-manaus-238-vagas-emprego-14-1\/"},"wordCount":4527,"publisher":{"@id":"https:\/\/www.manaus.am.gov.br\/semtepi\/#organization"},"image":{"@id":"https:\/\/www.manaus.am.gov.br\/semtepi\/oportunidade\/sine-manaus-238-vagas-emprego-14-1\/#primaryimage"},"thumbnailUrl":"https:\/\/www.manaus.am.gov.br\/semtepi\/wp-content\/uploads\/sites\/20\/2025\/09\/422-vagas-de-emprego.jpg","keywords":["14\/1","238 vagas de emprego","oportunidade","prefeitura de manaus","Semtepi","sine manaus"],"articleSection":["Oportunidade"],"inLanguage":"pt-BR"},{"@type":"WebPage","@id":"https:\/\/www.manaus.am.gov.br\/semtepi\/oportunidade\/sine-manaus-238-vagas-emprego-14-1\/","url":"https:\/\/www.manaus.am.gov.br\/semtepi\/oportunidade\/sine-manaus-238-vagas-emprego-14-1\/","name":"Sine Manaus oferta 238 vagas de emprego nesta quarta-feira, 14\/1","isPartOf":{"@id":"https:\/\/www.manaus.am.gov.br\/semtepi\/#website"},"primaryImageOfPage":{"@id":"https:\/\/www.manaus.am.gov.br\/semtepi\/oportunidade\/sine-manaus-238-vagas-emprego-14-1\/#primaryimage"},"image":{"@id":"https:\/\/www.manaus.am.gov.br\/semtepi\/oportunidade\/sine-manaus-238-vagas-emprego-14-1\/#primaryimage"},"thumbnailUrl":"https:\/\/www.manaus.am.gov.br\/semtepi\/wp-content\/uploads\/sites\/20\/2025\/09\/422-vagas-de-emprego.jpg","datePublished":"2026-01-13T17:27:48+00:00","dateModified":"2026-01-13T17:27:49+00:00","description":"Prefeitura de Manaus, por meio do Sine Manaus, oferta 238 vagas de emprego em v\u00e1rias \u00e1reas de atua\u00e7\u00e3o, nesta quarta-feira, 14\/1.","breadcrumb":{"@id":"https:\/\/www.manaus.am.gov.br\/semtepi\/oportunidade\/sine-manaus-238-vagas-emprego-14-1\/#breadcrumb"},"inLanguage":"pt-BR","potentialAction":[{"@type":"ReadAction","target":["https:\/\/www.manaus.am.gov.br\/semtepi\/oportunidade\/sine-manaus-238-vagas-emprego-14-1\/"]}]},{"@type":"ImageObject","inLanguage":"pt-BR","@id":"https:\/\/www.manaus.am.gov.br\/semtepi\/oportunidade\/sine-manaus-238-vagas-emprego-14-1\/#primaryimage","url":"https:\/\/www.manaus.am.gov.br\/semtepi\/wp-content\/uploads\/sites\/20\/2025\/09\/422-vagas-de-emprego.jpg","contentUrl":"https:\/\/www.manaus.am.gov.br\/semtepi\/wp-content\/uploads\/sites\/20\/2025\/09\/422-vagas-de-emprego.jpg","width":799,"height":533,"caption":"#paratodosverem - Servidores orientando popular no Sine Manaus"},{"@type":"BreadcrumbList","@id":"https:\/\/www.manaus.am.gov.br\/semtepi\/oportunidade\/sine-manaus-238-vagas-emprego-14-1\/#breadcrumb","itemListElement":[{"@type":"ListItem","position":1,"name":"Home","item":"https:\/\/www.manaus.am.gov.br\/semtepi\/"},{"@type":"ListItem","position":2,"name":"Sine Manaus oferta 238 vagas de emprego nesta quarta-feira, 14\/1"}]},{"@type":"WebSite","@id":"https:\/\/www.manaus.am.gov.br\/semtepi\/#website","url":"https:\/\/www.manaus.am.gov.br\/semtepi\/","name":"SEMTEPI","description":"Prefeitura de Manaus","publisher":{"@id":"https:\/\/www.manaus.am.gov.br\/semtepi\/#organization"},"alternateName":"Secretaria Municipal do Trabalho, Empreendedorismo e Inova\u00e7\u00e3o","potentialAction":[{"@type":"SearchAction","target":{"@type":"EntryPoint","urlTemplate":"https:\/\/www.manaus.am.gov.br\/semtepi\/?s={search_term_string}"},"query-input":"required name=search_term_string"}],"inLanguage":"pt-BR"},{"@type":"Organization","@id":"https:\/\/www.manaus.am.gov.br\/semtepi\/#organization","name":"Prefeitura Municipal de Manaus","alternateName":"Prefeitura de Manaus","url":"https:\/\/www.manaus.am.gov.br\/semtepi\/","logo":{"@type":"ImageObject","inLanguage":"pt-BR","@id":"https:\/\/www.manaus.am.gov.br\/semtepi\/#\/schema\/logo\/image\/","url":"https:\/\/www.manaus.am.gov.br\/semtepi\/wp-content\/uploads\/sites\/20\/2024\/07\/favicon.png","contentUrl":"https:\/\/www.manaus.am.gov.br\/semtepi\/wp-content\/uploads\/sites\/20\/2024\/07\/favicon.png","width":300,"height":300,"caption":"Prefeitura Municipal de Manaus"},"image":{"@id":"https:\/\/www.manaus.am.gov.br\/semtepi\/#\/schema\/logo\/image\/"}},{"@type":"Person","@id":"https:\/\/www.manaus.am.gov.br\/semtepi\/#\/schema\/person\/05d223aea2bf115f9883a6ff3683d81b","name":"Bruna Greco","image":{"@type":"ImageObject","inLanguage":"pt-BR","@id":"https:\/\/www.manaus.am.gov.br\/semtepi\/#\/schema\/person\/image\/","url":"https:\/\/secure.gravatar.com\/avatar\/9c877d1a6adc2a055330e5c09a8653ce?s=96&d=mm&r=g","contentUrl":"https:\/\/secure.gravatar.com\/avatar\/9c877d1a6adc2a055330e5c09a8653ce?s=96&d=mm&r=g","caption":"Bruna Greco"}}]}},"_links":{"self":[{"href":"https:\/\/www.manaus.am.gov.br\/semtepi\/wp-json\/wp\/v2\/posts\/7477"}],"collection":[{"href":"https:\/\/www.manaus.am.gov.br\/semtepi\/wp-json\/wp\/v2\/posts"}],"about":[{"href":"https:\/\/www.manaus.am.gov.br\/semtepi\/wp-json\/wp\/v2\/types\/post"}],"author":[{"embeddable":true,"href":"https:\/\/www.manaus.am.gov.br\/semtepi\/wp-json\/wp\/v2\/users\/39"}],"replies":[{"embeddable":true,"href":"https:\/\/www.manaus.am.gov.br\/semtepi\/wp-json\/wp\/v2\/comments?post=7477"}],"version-history":[{"count":0,"href":"https:\/\/www.manaus.am.gov.br\/semtepi\/wp-json\/wp\/v2\/posts\/7477\/revisions"}],"wp:featuredmedia":[{"embeddable":true,"href":"https:\/\/www.manaus.am.gov.br\/semtepi\/wp-json\/wp\/v2\/media\/7071"}],"wp:attachment":[{"href":"https:\/\/www.manaus.am.gov.br\/semtepi\/wp-json\/wp\/v2\/media?parent=7477"}],"wp:term":[{"taxonomy":"category","embeddable":true,"href":"https:\/\/www.manaus.am.gov.br\/semtepi\/wp-json\/wp\/v2\/categories?post=7477"},{"taxonomy":"post_tag","embeddable":true,"href":"https:\/\/www.manaus.am.gov.br\/semtepi\/wp-json\/wp\/v2\/tags?post=7477"}],"curies":[{"name":"wp","href":"https:\/\/api.w.org\/{rel}","templated":true}]}}