{"id":7461,"date":"2026-01-12T11:48:42","date_gmt":"2026-01-12T15:48:42","guid":{"rendered":"https:\/\/www.manaus.am.gov.br\/semtepi\/sem-categoria\/sorteio-galerias-populares\/"},"modified":"2026-01-12T16:01:10","modified_gmt":"2026-01-12T20:01:10","slug":"sorteio-galerias-populares","status":"publish","type":"post","link":"https:\/\/www.manaus.am.gov.br\/semtepi\/campanha\/sorteio-galerias-populares\/","title":{"rendered":"Prefeitura de Manaus realiza sorteio com carro zero quil\u00f4metro e outros pr\u00eamios nas galerias populares"},"content":{"rendered":"\n<p>A <a href=\"https:\/\/www.manaus.am.gov.br\">Prefeitura de Manaus<\/a>, por meio da Secretaria Municipal do Trabalho, Empreendedorismo e Inova\u00e7\u00e3o (Semtepi), realiza, nesta sexta-feira, 16\/1, um sorteio com pr\u00eamios para consumidores que realizarem compras nas galerias populares da capital e no shopping Phelippe Daou.\u00a0\u00a0Entre os pr\u00eamios que ser\u00e3o sorteados est\u00e3o um carro zero quil\u00f4metro, uma moto, uma geladeira e uma televis\u00e3o.<\/p>\n\n\n\n<p>A campanha tem como objetivo fortalecer o com\u00e9rcio popular e estimular as compras nos centros comerciais administrados pelo munic\u00edpio.&nbsp;Para participar, o consumidor deve realizar compras a partir de R$ 25 em qualquer loja da galeria Esp\u00edrito Santo, galeria dos Rem\u00e9dios ou do shopping Phelippe Daou. Com o comprovante da compra, o cliente pode trocar o recibo por um cupom, preencher os dados e deposit\u00e1-lo nas urnas dispon\u00edveis nos pr\u00f3prios locais.<\/p>\n\n\n\n<p>O secret\u00e1rio da Semtepi, Alonso Oliveira, destacou que a a\u00e7\u00e3o busca fortalecer o com\u00e9rcio popular e valorizar os empreendedores que atuam nas galerias. Segundo ele, a campanha foi pensada para beneficiar tanto os lojistas quanto os consumidores, incentivando o fluxo de pessoas e movimentando a economia local.<\/p>\n\n\n\n<p>\u201cEsse sorteio \u00e9 uma forma de reconhecer a import\u00e2ncia do com\u00e9rcio popular para a economia de Manaus. As galerias s\u00e3o espa\u00e7os de gera\u00e7\u00e3o de renda, emprego e oportunidade. Ao comprar nesses locais, o consumidor fortalece o pequeno empreendedor e ainda tem a chance de concorrer a pr\u00eamios importantes, como um carro zero quil\u00f4metro. \u00c9 uma iniciativa que estimula as vendas, movimenta as galerias e aproxima ainda mais a popula\u00e7\u00e3o desses espa\u00e7os que s\u00e3o gerenciados pela prefeitura, por meio da Semtepi\u201d, afirmou o secret\u00e1rio.<\/p>\n\n\n\n<p>N\u00e3o h\u00e1 limite de participa\u00e7\u00e3o, a cada compra acima do valor m\u00ednimo, o consumidor pode trocar o comprovante por um novo cupom, aumentando as chances de concorrer aos pr\u00eamios. A a\u00e7\u00e3o segue mesmo ap\u00f3s o per\u00edodo de fim de ano, aproveitando o movimento promocional conhecido como \u201cbota fora\u201d.<\/p>\n\n\n\n<p>O sorteio ser\u00e1 realizado de forma presencial e seguir\u00e1 o cronograma: galeria Esp\u00edrito Santo, \u00e0s 10h45; galeria dos Rem\u00e9dios, \u00e0s 11h45; e shopping Phelippe Daou, \u00e0s 13h45.<\/p>\n\n\n\n<figure class=\"wp-block-image size-large\"><img loading=\"lazy\" decoding=\"async\" width=\"1024\" height=\"683\" src=\"https:\/\/www.manaus.am.gov.br\/semtepi\/wp-content\/uploads\/sites\/20\/2026\/01\/54924053574_789089ac79_k-1024x683.jpg\" alt=\"\" class=\"wp-image-7463\" srcset=\"https:\/\/www.manaus.am.gov.br\/semtepi\/wp-content\/uploads\/sites\/20\/2026\/01\/54924053574_789089ac79_k-1024x683.jpg 1024w, https:\/\/www.manaus.am.gov.br\/semtepi\/wp-content\/uploads\/sites\/20\/2026\/01\/54924053574_789089ac79_k-300x200.jpg 300w, https:\/\/www.manaus.am.gov.br\/semtepi\/wp-content\/uploads\/sites\/20\/2026\/01\/54924053574_789089ac79_k-768x512.jpg 768w, https:\/\/www.manaus.am.gov.br\/semtepi\/wp-content\/uploads\/sites\/20\/2026\/01\/54924053574_789089ac79_k-1536x1024.jpg 1536w, https:\/\/www.manaus.am.gov.br\/semtepi\/wp-content\/uploads\/sites\/20\/2026\/01\/54924053574_789089ac79_k.jpg 2048w\" sizes=\"(max-width: 1024px) 100vw, 1024px\" \/><figcaption class=\"wp-element-caption\">#paratodosverem &#8211; Sorteio no shopping Phelippe Daou<\/figcaption><\/figure>\n\n\n\n<p>&#8212; &#8212; &#8212;<\/p>\n\n\n\n<p><strong>Texto<\/strong>&nbsp;&#8211; Asafe Augusto\/Semtepi<\/p>\n\n\n\n<p><strong>Fotos<\/strong> &#8211; Jo\u00e3o Viana\/Arquivo Semcom<\/p>\n","protected":false},"excerpt":{"rendered":"","protected":false},"author":39,"featured_media":7462,"comment_status":"closed","ping_status":"closed","sticky":false,"template":"","format":"standard","meta":{"footnotes":""},"categories":[1665],"tags":[1666,94,8,9,1559],"acf":[],"yoast_head":"<!-- This site is optimized with the Yoast SEO plugin v23.0 - https:\/\/yoast.com\/wordpress\/plugins\/seo\/ -->\n<title>Sorteio com carro zero quil\u00f4metro e outros pr\u00eamios nas galerias populares<\/title>\n<meta name=\"description\" content=\"Prefeitura de Manaus, por meio da Semtepi, realiza sorteio com carro zero quil\u00f4metro e outros pr\u00eamios nas galerias populares.\" \/>\n<meta name=\"robots\" content=\"noindex, follow\" \/>\n<meta property=\"og:locale\" content=\"pt_BR\" \/>\n<meta property=\"og:type\" content=\"article\" \/>\n<meta property=\"og:title\" content=\"Sorteio com carro zero quil\u00f4metro e outros pr\u00eamios nas galerias populares\" \/>\n<meta property=\"og:description\" content=\"Prefeitura de Manaus, por meio da Semtepi, realiza sorteio com carro zero quil\u00f4metro e outros pr\u00eamios nas galerias populares.\" \/>\n<meta property=\"og:url\" content=\"https:\/\/www.manaus.am.gov.br\/semtepi\/campanha\/sorteio-galerias-populares\/\" \/>\n<meta property=\"og:site_name\" content=\"SEMTEPI\" \/>\n<meta property=\"article:published_time\" content=\"2026-01-12T15:48:42+00:00\" \/>\n<meta property=\"article:modified_time\" content=\"2026-01-12T20:01:10+00:00\" \/>\n<meta property=\"og:image\" content=\"https:\/\/www.manaus.am.gov.br\/semtepi\/wp-content\/uploads\/sites\/20\/2026\/01\/54924110415_4d336a3af5_k.jpg\" \/>\n\t<meta property=\"og:image:width\" content=\"2048\" \/>\n\t<meta property=\"og:image:height\" content=\"1365\" \/>\n\t<meta property=\"og:image:type\" content=\"image\/jpeg\" \/>\n<meta name=\"author\" content=\"Bruna Greco\" \/>\n<meta name=\"twitter:card\" content=\"summary_large_image\" \/>\n<meta name=\"twitter:label1\" content=\"Written by\" \/>\n\t<meta name=\"twitter:data1\" content=\"Bruna Greco\" \/>\n\t<meta name=\"twitter:label2\" content=\"Est. reading time\" \/>\n\t<meta name=\"twitter:data2\" content=\"3 minutos\" \/>\n<script type=\"application\/ld+json\" class=\"yoast-schema-graph\">{\"@context\":\"https:\/\/schema.org\",\"@graph\":[{\"@type\":\"Article\",\"@id\":\"https:\/\/www.manaus.am.gov.br\/semtepi\/campanha\/sorteio-galerias-populares\/#article\",\"isPartOf\":{\"@id\":\"https:\/\/www.manaus.am.gov.br\/semtepi\/campanha\/sorteio-galerias-populares\/\"},\"author\":{\"name\":\"Bruna Greco\",\"@id\":\"https:\/\/www.manaus.am.gov.br\/semtepi\/#\/schema\/person\/05d223aea2bf115f9883a6ff3683d81b\"},\"headline\":\"Prefeitura de Manaus realiza sorteio com carro zero quil\u00f4metro e outros pr\u00eamios nas galerias populares\",\"datePublished\":\"2026-01-12T15:48:42+00:00\",\"dateModified\":\"2026-01-12T20:01:10+00:00\",\"mainEntityOfPage\":{\"@id\":\"https:\/\/www.manaus.am.gov.br\/semtepi\/campanha\/sorteio-galerias-populares\/\"},\"wordCount\":406,\"publisher\":{\"@id\":\"https:\/\/www.manaus.am.gov.br\/semtepi\/#organization\"},\"image\":{\"@id\":\"https:\/\/www.manaus.am.gov.br\/semtepi\/campanha\/sorteio-galerias-populares\/#primaryimage\"},\"thumbnailUrl\":\"https:\/\/www.manaus.am.gov.br\/semtepi\/wp-content\/uploads\/sites\/20\/2026\/01\/54924110415_4d336a3af5_k.jpg\",\"keywords\":[\"campanha\",\"galerias populares\",\"prefeitura de manaus\",\"Semtepi\",\"sorteio\"],\"articleSection\":[\"Campanha\"],\"inLanguage\":\"pt-BR\"},{\"@type\":\"WebPage\",\"@id\":\"https:\/\/www.manaus.am.gov.br\/semtepi\/campanha\/sorteio-galerias-populares\/\",\"url\":\"https:\/\/www.manaus.am.gov.br\/semtepi\/campanha\/sorteio-galerias-populares\/\",\"name\":\"Sorteio com carro zero quil\u00f4metro e outros pr\u00eamios nas galerias populares\",\"isPartOf\":{\"@id\":\"https:\/\/www.manaus.am.gov.br\/semtepi\/#website\"},\"primaryImageOfPage\":{\"@id\":\"https:\/\/www.manaus.am.gov.br\/semtepi\/campanha\/sorteio-galerias-populares\/#primaryimage\"},\"image\":{\"@id\":\"https:\/\/www.manaus.am.gov.br\/semtepi\/campanha\/sorteio-galerias-populares\/#primaryimage\"},\"thumbnailUrl\":\"https:\/\/www.manaus.am.gov.br\/semtepi\/wp-content\/uploads\/sites\/20\/2026\/01\/54924110415_4d336a3af5_k.jpg\",\"datePublished\":\"2026-01-12T15:48:42+00:00\",\"dateModified\":\"2026-01-12T20:01:10+00:00\",\"description\":\"Prefeitura de Manaus, por meio da Semtepi, realiza sorteio com carro zero quil\u00f4metro e outros pr\u00eamios nas galerias populares.\",\"breadcrumb\":{\"@id\":\"https:\/\/www.manaus.am.gov.br\/semtepi\/campanha\/sorteio-galerias-populares\/#breadcrumb\"},\"inLanguage\":\"pt-BR\",\"potentialAction\":[{\"@type\":\"ReadAction\",\"target\":[\"https:\/\/www.manaus.am.gov.br\/semtepi\/campanha\/sorteio-galerias-populares\/\"]}]},{\"@type\":\"ImageObject\",\"inLanguage\":\"pt-BR\",\"@id\":\"https:\/\/www.manaus.am.gov.br\/semtepi\/campanha\/sorteio-galerias-populares\/#primaryimage\",\"url\":\"https:\/\/www.manaus.am.gov.br\/semtepi\/wp-content\/uploads\/sites\/20\/2026\/01\/54924110415_4d336a3af5_k.jpg\",\"contentUrl\":\"https:\/\/www.manaus.am.gov.br\/semtepi\/wp-content\/uploads\/sites\/20\/2026\/01\/54924110415_4d336a3af5_k.jpg\",\"width\":2048,\"height\":1365,\"caption\":\"#paratodosverem - Cliente depositando seu cupom na urna em galeria popular para sorteio de pr\u00eamios\"},{\"@type\":\"BreadcrumbList\",\"@id\":\"https:\/\/www.manaus.am.gov.br\/semtepi\/campanha\/sorteio-galerias-populares\/#breadcrumb\",\"itemListElement\":[{\"@type\":\"ListItem\",\"position\":1,\"name\":\"Home\",\"item\":\"https:\/\/www.manaus.am.gov.br\/semtepi\/\"},{\"@type\":\"ListItem\",\"position\":2,\"name\":\"Prefeitura de Manaus realiza sorteio com carro zero quil\u00f4metro e outros pr\u00eamios nas galerias populares\"}]},{\"@type\":\"WebSite\",\"@id\":\"https:\/\/www.manaus.am.gov.br\/semtepi\/#website\",\"url\":\"https:\/\/www.manaus.am.gov.br\/semtepi\/\",\"name\":\"SEMTEPI\",\"description\":\"Prefeitura de Manaus\",\"publisher\":{\"@id\":\"https:\/\/www.manaus.am.gov.br\/semtepi\/#organization\"},\"alternateName\":\"Secretaria Municipal do Trabalho, Empreendedorismo e Inova\u00e7\u00e3o\",\"potentialAction\":[{\"@type\":\"SearchAction\",\"target\":{\"@type\":\"EntryPoint\",\"urlTemplate\":\"https:\/\/www.manaus.am.gov.br\/semtepi\/?s={search_term_string}\"},\"query-input\":\"required name=search_term_string\"}],\"inLanguage\":\"pt-BR\"},{\"@type\":\"Organization\",\"@id\":\"https:\/\/www.manaus.am.gov.br\/semtepi\/#organization\",\"name\":\"Prefeitura Municipal de Manaus\",\"alternateName\":\"Prefeitura de Manaus\",\"url\":\"https:\/\/www.manaus.am.gov.br\/semtepi\/\",\"logo\":{\"@type\":\"ImageObject\",\"inLanguage\":\"pt-BR\",\"@id\":\"https:\/\/www.manaus.am.gov.br\/semtepi\/#\/schema\/logo\/image\/\",\"url\":\"https:\/\/www.manaus.am.gov.br\/semtepi\/wp-content\/uploads\/sites\/20\/2024\/07\/favicon.png\",\"contentUrl\":\"https:\/\/www.manaus.am.gov.br\/semtepi\/wp-content\/uploads\/sites\/20\/2024\/07\/favicon.png\",\"width\":300,\"height\":300,\"caption\":\"Prefeitura Municipal de Manaus\"},\"image\":{\"@id\":\"https:\/\/www.manaus.am.gov.br\/semtepi\/#\/schema\/logo\/image\/\"}},{\"@type\":\"Person\",\"@id\":\"https:\/\/www.manaus.am.gov.br\/semtepi\/#\/schema\/person\/05d223aea2bf115f9883a6ff3683d81b\",\"name\":\"Bruna Greco\",\"image\":{\"@type\":\"ImageObject\",\"inLanguage\":\"pt-BR\",\"@id\":\"https:\/\/www.manaus.am.gov.br\/semtepi\/#\/schema\/person\/image\/\",\"url\":\"https:\/\/secure.gravatar.com\/avatar\/9c877d1a6adc2a055330e5c09a8653ce?s=96&d=mm&r=g\",\"contentUrl\":\"https:\/\/secure.gravatar.com\/avatar\/9c877d1a6adc2a055330e5c09a8653ce?s=96&d=mm&r=g\",\"caption\":\"Bruna Greco\"}}]}<\/script>\n<!-- \/ Yoast SEO plugin. -->","yoast_head_json":{"title":"Sorteio com carro zero quil\u00f4metro e outros pr\u00eamios nas galerias populares","description":"Prefeitura de Manaus, por meio da Semtepi, realiza sorteio com carro zero quil\u00f4metro e outros pr\u00eamios nas galerias populares.","robots":{"index":"noindex","follow":"follow"},"og_locale":"pt_BR","og_type":"article","og_title":"Sorteio com carro zero quil\u00f4metro e outros pr\u00eamios nas galerias populares","og_description":"Prefeitura de Manaus, por meio da Semtepi, realiza sorteio com carro zero quil\u00f4metro e outros pr\u00eamios nas galerias populares.","og_url":"https:\/\/www.manaus.am.gov.br\/semtepi\/campanha\/sorteio-galerias-populares\/","og_site_name":"SEMTEPI","article_published_time":"2026-01-12T15:48:42+00:00","article_modified_time":"2026-01-12T20:01:10+00:00","og_image":[{"width":2048,"height":1365,"url":"https:\/\/www.manaus.am.gov.br\/semtepi\/wp-content\/uploads\/sites\/20\/2026\/01\/54924110415_4d336a3af5_k.jpg","type":"image\/jpeg"}],"author":"Bruna Greco","twitter_card":"summary_large_image","twitter_misc":{"Written by":"Bruna Greco","Est. reading time":"3 minutos"},"schema":{"@context":"https:\/\/schema.org","@graph":[{"@type":"Article","@id":"https:\/\/www.manaus.am.gov.br\/semtepi\/campanha\/sorteio-galerias-populares\/#article","isPartOf":{"@id":"https:\/\/www.manaus.am.gov.br\/semtepi\/campanha\/sorteio-galerias-populares\/"},"author":{"name":"Bruna Greco","@id":"https:\/\/www.manaus.am.gov.br\/semtepi\/#\/schema\/person\/05d223aea2bf115f9883a6ff3683d81b"},"headline":"Prefeitura de Manaus realiza sorteio com carro zero quil\u00f4metro e outros pr\u00eamios nas galerias populares","datePublished":"2026-01-12T15:48:42+00:00","dateModified":"2026-01-12T20:01:10+00:00","mainEntityOfPage":{"@id":"https:\/\/www.manaus.am.gov.br\/semtepi\/campanha\/sorteio-galerias-populares\/"},"wordCount":406,"publisher":{"@id":"https:\/\/www.manaus.am.gov.br\/semtepi\/#organization"},"image":{"@id":"https:\/\/www.manaus.am.gov.br\/semtepi\/campanha\/sorteio-galerias-populares\/#primaryimage"},"thumbnailUrl":"https:\/\/www.manaus.am.gov.br\/semtepi\/wp-content\/uploads\/sites\/20\/2026\/01\/54924110415_4d336a3af5_k.jpg","keywords":["campanha","galerias populares","prefeitura de manaus","Semtepi","sorteio"],"articleSection":["Campanha"],"inLanguage":"pt-BR"},{"@type":"WebPage","@id":"https:\/\/www.manaus.am.gov.br\/semtepi\/campanha\/sorteio-galerias-populares\/","url":"https:\/\/www.manaus.am.gov.br\/semtepi\/campanha\/sorteio-galerias-populares\/","name":"Sorteio com carro zero quil\u00f4metro e outros pr\u00eamios nas galerias populares","isPartOf":{"@id":"https:\/\/www.manaus.am.gov.br\/semtepi\/#website"},"primaryImageOfPage":{"@id":"https:\/\/www.manaus.am.gov.br\/semtepi\/campanha\/sorteio-galerias-populares\/#primaryimage"},"image":{"@id":"https:\/\/www.manaus.am.gov.br\/semtepi\/campanha\/sorteio-galerias-populares\/#primaryimage"},"thumbnailUrl":"https:\/\/www.manaus.am.gov.br\/semtepi\/wp-content\/uploads\/sites\/20\/2026\/01\/54924110415_4d336a3af5_k.jpg","datePublished":"2026-01-12T15:48:42+00:00","dateModified":"2026-01-12T20:01:10+00:00","description":"Prefeitura de Manaus, por meio da Semtepi, realiza sorteio com carro zero quil\u00f4metro e outros pr\u00eamios nas galerias populares.","breadcrumb":{"@id":"https:\/\/www.manaus.am.gov.br\/semtepi\/campanha\/sorteio-galerias-populares\/#breadcrumb"},"inLanguage":"pt-BR","potentialAction":[{"@type":"ReadAction","target":["https:\/\/www.manaus.am.gov.br\/semtepi\/campanha\/sorteio-galerias-populares\/"]}]},{"@type":"ImageObject","inLanguage":"pt-BR","@id":"https:\/\/www.manaus.am.gov.br\/semtepi\/campanha\/sorteio-galerias-populares\/#primaryimage","url":"https:\/\/www.manaus.am.gov.br\/semtepi\/wp-content\/uploads\/sites\/20\/2026\/01\/54924110415_4d336a3af5_k.jpg","contentUrl":"https:\/\/www.manaus.am.gov.br\/semtepi\/wp-content\/uploads\/sites\/20\/2026\/01\/54924110415_4d336a3af5_k.jpg","width":2048,"height":1365,"caption":"#paratodosverem - Cliente depositando seu cupom na urna em galeria popular para sorteio de pr\u00eamios"},{"@type":"BreadcrumbList","@id":"https:\/\/www.manaus.am.gov.br\/semtepi\/campanha\/sorteio-galerias-populares\/#breadcrumb","itemListElement":[{"@type":"ListItem","position":1,"name":"Home","item":"https:\/\/www.manaus.am.gov.br\/semtepi\/"},{"@type":"ListItem","position":2,"name":"Prefeitura de Manaus realiza sorteio com carro zero quil\u00f4metro e outros pr\u00eamios nas galerias populares"}]},{"@type":"WebSite","@id":"https:\/\/www.manaus.am.gov.br\/semtepi\/#website","url":"https:\/\/www.manaus.am.gov.br\/semtepi\/","name":"SEMTEPI","description":"Prefeitura de Manaus","publisher":{"@id":"https:\/\/www.manaus.am.gov.br\/semtepi\/#organization"},"alternateName":"Secretaria Municipal do Trabalho, Empreendedorismo e Inova\u00e7\u00e3o","potentialAction":[{"@type":"SearchAction","target":{"@type":"EntryPoint","urlTemplate":"https:\/\/www.manaus.am.gov.br\/semtepi\/?s={search_term_string}"},"query-input":"required name=search_term_string"}],"inLanguage":"pt-BR"},{"@type":"Organization","@id":"https:\/\/www.manaus.am.gov.br\/semtepi\/#organization","name":"Prefeitura Municipal de Manaus","alternateName":"Prefeitura de Manaus","url":"https:\/\/www.manaus.am.gov.br\/semtepi\/","logo":{"@type":"ImageObject","inLanguage":"pt-BR","@id":"https:\/\/www.manaus.am.gov.br\/semtepi\/#\/schema\/logo\/image\/","url":"https:\/\/www.manaus.am.gov.br\/semtepi\/wp-content\/uploads\/sites\/20\/2024\/07\/favicon.png","contentUrl":"https:\/\/www.manaus.am.gov.br\/semtepi\/wp-content\/uploads\/sites\/20\/2024\/07\/favicon.png","width":300,"height":300,"caption":"Prefeitura Municipal de Manaus"},"image":{"@id":"https:\/\/www.manaus.am.gov.br\/semtepi\/#\/schema\/logo\/image\/"}},{"@type":"Person","@id":"https:\/\/www.manaus.am.gov.br\/semtepi\/#\/schema\/person\/05d223aea2bf115f9883a6ff3683d81b","name":"Bruna Greco","image":{"@type":"ImageObject","inLanguage":"pt-BR","@id":"https:\/\/www.manaus.am.gov.br\/semtepi\/#\/schema\/person\/image\/","url":"https:\/\/secure.gravatar.com\/avatar\/9c877d1a6adc2a055330e5c09a8653ce?s=96&d=mm&r=g","contentUrl":"https:\/\/secure.gravatar.com\/avatar\/9c877d1a6adc2a055330e5c09a8653ce?s=96&d=mm&r=g","caption":"Bruna Greco"}}]}},"_links":{"self":[{"href":"https:\/\/www.manaus.am.gov.br\/semtepi\/wp-json\/wp\/v2\/posts\/7461"}],"collection":[{"href":"https:\/\/www.manaus.am.gov.br\/semtepi\/wp-json\/wp\/v2\/posts"}],"about":[{"href":"https:\/\/www.manaus.am.gov.br\/semtepi\/wp-json\/wp\/v2\/types\/post"}],"author":[{"embeddable":true,"href":"https:\/\/www.manaus.am.gov.br\/semtepi\/wp-json\/wp\/v2\/users\/39"}],"replies":[{"embeddable":true,"href":"https:\/\/www.manaus.am.gov.br\/semtepi\/wp-json\/wp\/v2\/comments?post=7461"}],"version-history":[{"count":3,"href":"https:\/\/www.manaus.am.gov.br\/semtepi\/wp-json\/wp\/v2\/posts\/7461\/revisions"}],"predecessor-version":[{"id":7469,"href":"https:\/\/www.manaus.am.gov.br\/semtepi\/wp-json\/wp\/v2\/posts\/7461\/revisions\/7469"}],"wp:featuredmedia":[{"embeddable":true,"href":"https:\/\/www.manaus.am.gov.br\/semtepi\/wp-json\/wp\/v2\/media\/7462"}],"wp:attachment":[{"href":"https:\/\/www.manaus.am.gov.br\/semtepi\/wp-json\/wp\/v2\/media?parent=7461"}],"wp:term":[{"taxonomy":"category","embeddable":true,"href":"https:\/\/www.manaus.am.gov.br\/semtepi\/wp-json\/wp\/v2\/categories?post=7461"},{"taxonomy":"post_tag","embeddable":true,"href":"https:\/\/www.manaus.am.gov.br\/semtepi\/wp-json\/wp\/v2\/tags?post=7461"}],"curies":[{"name":"wp","href":"https:\/\/api.w.org\/{rel}","templated":true}]}}