{"id":7453,"date":"2026-01-08T17:47:21","date_gmt":"2026-01-08T21:47:21","guid":{"rendered":"https:\/\/www.manaus.am.gov.br\/semtepi\/sem-categoria\/vagas-sine-manaus-20\/"},"modified":"2026-01-08T17:47:23","modified_gmt":"2026-01-08T21:47:23","slug":"vagas-sine-manaus-20","status":"publish","type":"post","link":"https:\/\/www.manaus.am.gov.br\/semtepi\/oportunidade\/vagas-sine-manaus-20\/","title":{"rendered":"Sine Manaus oferta 693 vagas de emprego nesta sexta\u2013feira, 9\/1"},"content":{"rendered":"\n<p>A Prefeitura de Manaus, por meio do Sine Manaus, oferta 693 vagas de emprego, em v\u00e1rias \u00e1reas de atua\u00e7\u00e3o, nesta sexta\u2013feira, 9\/1,\u00a0de 8h \u00e0s 14h. O candidato pode validar a Carteira Digital e Previd\u00eancia Social (CTPS) no aplicativo \u201cCarteira de Trabalho Digital\u201d ou acessar o site\u00a0<a href=\"http:\/\/gov.br\/trabalho\">http:\/\/gov.br\/trabalho<\/a>.\u00a0\u00a0<\/p>\n\n\n\n<p>Para participar da pr\u00e9\u2013sele\u00e7\u00e3o e concorrer a uma das vagas dispon\u00edveis, ou receber orienta\u00e7\u00e3o de cadastro, Carteira de Trabalho Digital e seguro\u2013desemprego, os candidatos devem comparecer a um dos postos do Sine Manaus: na avenida Constantino Nery, n\u00ba 1.272, bairro S\u00e3o Geraldo, zona Centro\u2013Sul; ou no shopping Phelippe Daou, na avenida Camapu\u00e3, n\u00ba 2.939, bairro Cidade de Deus, zona Norte.<\/p>\n\n\n\n<p>Os interessados devem estar munidos do comprovante de vacina\u00e7\u00e3o (Covid\u201319), curr\u00edculo, certificados de cursos e documentos pessoais (RG, CPF, PIS, CTPS, comprovante de escolaridade e resid\u00eancia). N\u00e3o \u00e9 necess\u00e1rio apresentar c\u00f3pias, somente os documentos originais.&nbsp;<\/p>\n\n\n\n<p>\u00c9 importante que os candidatos mantenham seus cadastros atualizados, especialmente ao finalizarem novas qualifica\u00e7\u00f5es. Para vagas espec\u00edficas, podem ser solicitados documentos adicionais, como cursos ou certifica\u00e7\u00f5es, por isso, \u00e9 essencial estar atento aos &#8220;Requisitos Obrigat\u00f3rios&#8221; de cada vaga.<\/p>\n\n\n\n<p>A Semtepi ressalta que, obedecendo ao disposto no artigo 5\u00ba, da Constitui\u00e7\u00e3o Federal, e ao artigo 373\u2013A, da Consolida\u00e7\u00e3o das Leis Trabalhistas (CLT), crit\u00e9rios referentes a sexo, idade, cor ou situa\u00e7\u00e3o familiar, n\u00e3o podem ser informados na divulga\u00e7\u00e3o das vagas disponibilizadas.<\/p>\n\n\n\n<p>Os candidatos devem estar cientes das diretrizes de vestimenta estabelecidas pelo \u00f3rg\u00e3o, as quais incluem a proibi\u00e7\u00e3o de vestimentas como bermudas, shorts, minissaias, camisetas regatas e chinelos durante a entrada.<\/p>\n\n\n\n<p><strong>Vagas Novas &#8211;&nbsp; 45<\/strong><\/p>\n\n\n\n<p><strong>2 vagas &#8211; Operador de Caixa<\/strong><\/p>\n\n\n\n<p><strong>Escolaridade &#8211;<\/strong> ensino m\u00e9dio completo;<\/p>\n\n\n\n<p><strong>Experi\u00eancia \u2013 <\/strong>seis meses na Carteira de Trabalho;<\/p>\n\n\n\n<p><strong>Requisitos Obrigat\u00f3rios <\/strong>&#8211; possuir documenta\u00e7\u00e3o completa;<\/p>\n\n\n\n<p><strong>Atividades &#8211;<\/strong> atendimento ao cliente, manuseio de valores, opera\u00e7\u00e3o de sistema de caixa.<\/p>\n\n\n\n<p><strong>Dispon\u00edvel at\u00e9 09\/01\/2026 ou encerramento da vaga<\/strong><\/p>\n\n\n\n<p><strong>6 vagas &#8211; Motorista de Caminh\u00e3o<\/strong><\/p>\n\n\n\n<p><strong>Escolaridade &#8211;<\/strong> ensino m\u00e9dio completo;<\/p>\n\n\n\n<p><strong>Experi\u00eancia \u2013 <\/strong>seis meses na Carteira de Trabalho;<\/p>\n\n\n\n<p><strong>Requisitos Obrigat\u00f3rios <\/strong>&#8211; ter Carteira Nacional de Habilita\u00e7\u00e3o categoria \u201cD\u201d e possuir documenta\u00e7\u00e3o completa (com dispensa militar);<\/p>\n\n\n\n<p><strong>Atividades &#8211;<\/strong> movimentar cargas volumosas e pesadas, podem, tamb\u00e9m, operar equipamentos, realizar inspe\u00e7\u00f5es e reparos em ve\u00edculos, vistoriar cargas, al\u00e9m de verificar documenta\u00e7\u00e3o de ve\u00edculos e de cargas; definir rotas e assegurar a regularidade do transporte.<\/p>\n\n\n\n<p><strong>Dispon\u00edvel at\u00e9 09\/01\/2026 ou encerramento da vaga<\/strong><\/p>\n\n\n\n<p><strong>10 vagas &#8211; Ajudante de Carga e Descarga<\/strong><\/p>\n\n\n\n<p><strong>Escolaridade &#8211;<\/strong> ensino fundamental completo;<\/p>\n\n\n\n<p><strong>Experi\u00eancia \u2013 <\/strong>seis meses na Carteira de Trabalho;<\/p>\n\n\n\n<p><strong>Requisitos Obrigat\u00f3rios <\/strong>&#8211; possuir documenta\u00e7\u00e3o completa (com dispensa militar);<\/p>\n\n\n\n<p><strong>Atividades &#8211;<\/strong> preparar cargas e descargas de mercadorias para embarque; movimentar e fixar mercadorias; entregar e coletar encomendas; manusear cargas especiais; preparar embalagens; operar equipamentos de carga e descarga, conectar tubula\u00e7\u00f5es \u00e0s instala\u00e7\u00f5es de embarque de carga e descarga.<\/p>\n\n\n\n<p><strong>Dispon\u00edvel at\u00e9 09\/01\/2026 ou encerramento da vaga<\/strong><\/p>\n\n\n\n<p><strong>3 vagas &#8211; Operador de Empilhadeira<\/strong><\/p>\n\n\n\n<p><strong>Escolaridade &#8211;<\/strong> ensino m\u00e9dio completo;<\/p>\n\n\n\n<p><strong>Experi\u00eancia \u2013 <\/strong>seis meses na Carteira de Trabalho;<\/p>\n\n\n\n<p><strong>Requisitos Obrigat\u00f3rios <\/strong>&#8211; ter Carteira Nacional de Habilita\u00e7\u00e3o categoria \u201cB\u201d, curso de NR 11 e possuir documenta\u00e7\u00e3o completa (com dispensa militar);<\/p>\n\n\n\n<p><strong>Atividades &#8211;<\/strong> operar empilhadeiras, transportando, movimentando e empilhando cargas, tendo em vista armazenagem, abastecimento de linha de produ\u00e7\u00e3o e expedi\u00e7\u00e3o de produtos; inspecionar a carga, identificando simbologia das embalagens e separando carga n\u00e3o-conforme.<\/p>\n\n\n\n<p><strong>Dispon\u00edvel at\u00e9 09\/01\/2026 ou encerramento da vaga<\/strong><\/p>\n\n\n\n<p><strong>2 vagas &#8211; Auxiliar de Limpeza<\/strong><\/p>\n\n\n\n<p><strong>Escolaridade &#8211;<\/strong> ensino fundamental completo;<\/p>\n\n\n\n<p><strong>Experi\u00eancia \u2013 <\/strong>seis meses na Carteira de Trabalho;<\/p>\n\n\n\n<p><strong>Requisitos Obrigat\u00f3rios <\/strong>&#8211; possuir documenta\u00e7\u00e3o completa (com dispensa militar);<\/p>\n\n\n\n<p><strong>Atividades &#8211;<\/strong> executar trabalhos de limpeza e conserva\u00e7\u00e3o em geral nas depend\u00eancias internas e externas da empresa, utilizando os materiais e instrumentos adequados, e rotinas previamente definidas; realizar a limpeza dos banheiros e conserva\u00e7\u00e3o de utens\u00edlios, m\u00f3veis e equipamentos em geral, para mant\u00ea-los em condi\u00e7\u00f5es de uso; reabastecer os banheiros com papel higi\u00eanico, toalhas e sabonetes; reabastecer os garraf\u00f5es dos bebedouros, assim como, mant\u00ea-los limpos e higienizados; conservar as \u00e1reas verdes existentes na empresa;&nbsp; realizar a limpeza da \u00e1rea de produ\u00e7\u00e3o e externa; executar outras atividades de apoio operacional ou correlata, conforme necessidade ou crit\u00e9rio de seu superior.<\/p>\n\n\n\n<p><strong>Dispon\u00edvel at\u00e9 09\/01\/2026 ou encerramento da vaga<\/strong><\/p>\n\n\n\n<p><strong>15 vagas &#8211; Auxiliar de Produ\u00e7\u00e3o&nbsp;<\/strong><\/p>\n\n\n\n<p><strong>Escolaridade &#8211;<\/strong> ensino m\u00e9dio completo;<\/p>\n\n\n\n<p><strong>Experi\u00eancia \u2013 <\/strong>seis meses na Carteira de Trabalho;<\/p>\n\n\n\n<p><strong>Requisitos Obrigat\u00f3rios <\/strong>&#8211; ter curso de TBO, Metrologia e possuir documenta\u00e7\u00e3o completa (com dispensa militar);<\/p>\n\n\n\n<p><strong>Atividades &#8211;<\/strong> atuar em diversas etapas do processo, como controlar o estoque de mat\u00e9ria-prima, separar as pe\u00e7as para a montagem, conferir o funcionamento das m\u00e1quinas, embalar os produtos, realizar a limpeza e manuten\u00e7\u00e3o das instala\u00e7\u00f5es e atender a outras demandas de produ\u00e7\u00e3o.<\/p>\n\n\n\n<p><strong>Dispon\u00edvel at\u00e9 09\/01\/2026 ou encerramento da vaga<\/strong><\/p>\n\n\n\n<p><strong>1 vaga &#8211; Operador de Caixa&nbsp;<\/strong><\/p>\n\n\n\n<p><strong>Escolaridade &#8211;<\/strong> ensino m\u00e9dio completo;<\/p>\n\n\n\n<p><strong>Experi\u00eancia \u2013 <\/strong>seis meses na Carteira de Trabalho;<\/p>\n\n\n\n<p><strong>Requisitos Obrigat\u00f3rios <\/strong>&#8211; residir no bairro Nova Cidade ou proximidades, ter curso de Inform\u00e1tica b\u00e1sica e possuir documenta\u00e7\u00e3o completa;<\/p>\n\n\n\n<p><strong>Atividades &#8211;<\/strong> receber pagamentos, emitir notas fiscais\/recibos, atender clientes e realizar a manuten\u00e7\u00e3o do caixa.<\/p>\n\n\n\n<p><strong>Dispon\u00edvel at\u00e9 09\/01\/2026 ou encerramento da vaga<\/strong><\/p>\n\n\n\n<p><strong>2 vagas &#8211; Agente de Portaria<\/strong><\/p>\n\n\n\n<p><strong>Escolaridade &#8211;<\/strong> ensino m\u00e9dio incompleto;<\/p>\n\n\n\n<p><strong>Experi\u00eancia \u2013 <\/strong>registrada na Carteira de Trabalho;<\/p>\n\n\n\n<p><strong>Requisitos Obrigat\u00f3rios <\/strong>&#8211; ter curso de Agente de Portaria ou Vigilante e possuir documenta\u00e7\u00e3o completa (com dispensa militar);<\/p>\n\n\n\n<p><strong>Atividades &#8211;<\/strong> realizar controle de acesso de pessoas e ve\u00edculos, atendimento telef\u00f4nico, orienta\u00e7\u00e3o, fiscaliza\u00e7\u00e3o de \u00e1reas, preven\u00e7\u00e3o de incidentes, e outras rotinas de portaria e recep\u00e7\u00e3o.<\/p>\n\n\n\n<p><strong>Dispon\u00edvel at\u00e9 09\/01\/2026 ou encerramento da vaga<\/strong><\/p>\n\n\n\n<p><strong>2 vagas &#8211; Agente de Limpeza<\/strong><\/p>\n\n\n\n<p><strong>Escolaridade &#8211;<\/strong> ensino m\u00e9dio incompleto;<\/p>\n\n\n\n<p><strong>Experi\u00eancia \u2013 <\/strong>registrada na Carteira de Trabalho;<\/p>\n\n\n\n<p><strong>Requisitos Obrigat\u00f3rios <\/strong>&#8211; possuir documenta\u00e7\u00e3o completa;<\/p>\n\n\n\n<p><strong>Atividades &#8211;<\/strong> realizar limpeza de escrit\u00f3rios, resid\u00eancias, hospitais, varri\u00e7\u00e3o, lavagem de pisos, limpeza de superf\u00edcies e acess\u00f3rios, manuten\u00e7\u00e3o de vidros e fachadas, garantindo ambientes limpos e funcionais.<\/p>\n\n\n\n<p><strong>Dispon\u00edvel at\u00e9 09\/01\/2026 ou encerramento da vaga<\/strong><\/p>\n\n\n\n<p><strong>2 vagas &#8211; Agente de Limpeza<\/strong><\/p>\n\n\n\n<p><strong>Escolaridade &#8211;<\/strong> ensino fundamental completo;<\/p>\n\n\n\n<p><strong>Experi\u00eancia \u2013 <\/strong>seis meses na Carteira de Trabalho;<\/p>\n\n\n\n<p><strong>Requisitos Obrigat\u00f3rios <\/strong>&#8211; possuir documenta\u00e7\u00e3o completa (com dispensa militar);<\/p>\n\n\n\n<p><strong>Atividades &#8211;<\/strong> coletar lixo domiciliar, conserva\u00e7\u00e3o e limpeza dos locais de \u00e1rea comum do condom\u00ednio.<\/p>\n\n\n\n<p><strong>Dispon\u00edvel at\u00e9 09\/01\/2026 ou encerramento da vaga<\/strong><\/p>\n\n\n\n<p><strong>Com\u00e9rcio &#8211; 134&nbsp;<\/strong><\/p>\n\n\n\n<p><strong>5 vagas &#8211; Auxiliar de Cozinha<\/strong><\/p>\n\n\n\n<p><strong>Escolaridade &#8211;<\/strong> ensino fundamental completo;<\/p>\n\n\n\n<p><strong>Experi\u00eancia \u2013 <\/strong>tr\u00eas meses na Carteira de Trabalho;<\/p>\n\n\n\n<p><strong>Requisitos Obrigat\u00f3rios <\/strong>&#8211; possuir documenta\u00e7\u00e3o completa;<\/p>\n\n\n\n<p><strong>Atividades &#8211;<\/strong> varrer o ch\u00e3o, lavar vidros, remover o lixo, limpar banheiros, salas, quintal e \u00e1reas de conviv\u00eancia; manter os m\u00f3veis e objetos limpos, bem como rep\u00f5e os materiais de limpeza, realizar atividades de apoio, como servir lanches e caf\u00e9s.<\/p>\n\n\n\n<p><strong>Dispon\u00edvel at\u00e9 09\/01\/2026 ou encerramento da vaga<\/strong><\/p>\n\n\n\n<p><strong>60 vagas &#8211; Atendente de Perec\u00edveis&nbsp;&nbsp;<\/strong><\/p>\n\n\n\n<p><strong>Escolaridade &#8211;<\/strong> ensino fundamental completo;<\/p>\n\n\n\n<p><strong>Experi\u00eancia \u2013 <\/strong>n\u00e3o \u00e9 necess\u00e1rio;<\/p>\n\n\n\n<p><strong>Requisitos Obrigat\u00f3rios <\/strong>&#8211; possuir documenta\u00e7\u00e3o completa (com dispensa militar);<\/p>\n\n\n\n<p><strong>Atividades &#8211;<\/strong> realizar o atendimento dos clientes com cortesia, realizar cortes e fatiamento dos produtos do setor, organizar e manter o seu espa\u00e7o de trabalho limpo.<\/p>\n\n\n\n<p><strong>Dispon\u00edvel at\u00e9 09\/01\/2026 ou encerramento da vaga<\/strong><\/p>\n\n\n\n<p><strong>50 vagas &#8211; Auxiliar de Carga e Descarga<\/strong><\/p>\n\n\n\n<p><strong>Escolaridade &#8211;<\/strong> ensino fundamental completo;<\/p>\n\n\n\n<p><strong>Experi\u00eancia \u2013 <\/strong>seis meses na Carteira de Trabalho ou avulsa;<\/p>\n\n\n\n<p><strong>Requisitos Obrigat\u00f3rios <\/strong>&#8211; possuir documenta\u00e7\u00e3o completa (com dispensa militar);<\/p>\n\n\n\n<p><strong>Atividades &#8211;<\/strong> realizar separa\u00e7\u00e3o de produto de acordo com a nota fiscal e realizar carga e descarga dos produtos nos caminh\u00f5es.&nbsp;<\/p>\n\n\n\n<p><strong>Dispon\u00edvel at\u00e9 09\/01\/2026 ou encerramento da vaga<\/strong><\/p>\n\n\n\n<p><strong>8 vagas &#8211; Servente<\/strong><\/p>\n\n\n\n<p><strong>Escolaridade &#8211;<\/strong> ensino fundamental completo;<\/p>\n\n\n\n<p><strong>Experi\u00eancia \u2013 <\/strong>seis meses na Carteira de Trabalho<\/p>\n\n\n\n<p><strong>Requisitos Obrigat\u00f3rios <\/strong>&#8211; possuir documenta\u00e7\u00e3o completa (com dispensa militar);<\/p>\n\n\n\n<p><strong>Atividades &#8211;<\/strong> auxiliar pedreiros, carpinteiros, armadores e outros profissionais da constru\u00e7\u00e3o civil no preparo de materiais, limpeza e organiza\u00e7\u00e3o do canteiro de obras.<\/p>\n\n\n\n<p><strong>Dispon\u00edvel at\u00e9 09\/01\/2026 ou encerramento da vaga<\/strong><\/p>\n\n\n\n<p><strong>6 vagas &#8211; Servente de Obras<\/strong><\/p>\n\n\n\n<p><strong>Escolaridade &#8211;<\/strong> ensino m\u00e9dio completo;<\/p>\n\n\n\n<p><strong>Experi\u00eancia \u2013 <\/strong>n\u00e3o \u00e9 necess\u00e1rio;<\/p>\n\n\n\n<p><strong>Requisitos Obrigat\u00f3rios <\/strong>&#8211; possuir documenta\u00e7\u00e3o completa (com dispensa militar);<\/p>\n\n\n\n<p><strong>Atividades &#8211;<\/strong> demolir edifica\u00e7\u00f5es de concreto, de alvenaria e outras estruturas; preparam canteiros de obras, limpando a \u00e1rea e compactando solos; efetuar manuten\u00e7\u00e3o de primeiro n\u00edvel, limpando m\u00e1quinas e ferramentas, verificando condi\u00e7\u00f5es dos equipamentos e reparando eventuais defeitos mec\u00e2nicos nos mesmos; realizar escava\u00e7\u00f5es e preparam massa de concreto e outros materiais.<\/p>\n\n\n\n<p><strong>Dispon\u00edvel at\u00e9 09\/01\/2026 ou encerramento da vaga<\/strong><\/p>\n\n\n\n<p><strong>5 vagas &#8211; Pedreiro<\/strong><\/p>\n\n\n\n<p><strong>Escolaridade &#8211;<\/strong> ensino m\u00e9dio completo;<\/p>\n\n\n\n<p><strong>Experi\u00eancia \u2013 <\/strong>seis meses na Carteira de Trabalho;<\/p>\n\n\n\n<p><strong>Requisitos Obrigat\u00f3rios <\/strong>&#8211; possuir documenta\u00e7\u00e3o completa (com dispensa militar);<\/p>\n\n\n\n<p><strong>Atividades &#8211;<\/strong> organizar e preparar o local de trabalho na obra, construir funda\u00e7\u00f5es e estruturas de alvenaria, aplicar revestimentos e contrapisos.<\/p>\n\n\n\n<p><strong>Dispon\u00edvel at\u00e9 09\/01\/2026 ou encerramento da vaga<\/strong><\/p>\n\n\n\n<p><strong>Ind\u00fastria &#8211; 417<\/strong><\/p>\n\n\n\n<p><strong>50 vagas &#8211; Auxiliar de Linha de Produ\u00e7\u00e3o<\/strong><\/p>\n\n\n\n<p><strong>Escolaridade &#8211; <\/strong>ensino fundamental incompleto;<\/p>\n\n\n\n<p><strong>Experi\u00eancia \u2013<\/strong> n\u00e3o \u00e9 necess\u00e1rio;<\/p>\n\n\n\n<p><strong>Requisitos Obrigat\u00f3rios &#8211; <\/strong>a vaga \u00e9 destinada para candidatos que est\u00e3o em busca de novos desafios; o candidato vai precisar morar em: V\u00e1rzea Grande &#8211; MT e possuir documenta\u00e7\u00e3o completa (com dispensa militar);&nbsp;<\/p>\n\n\n\n<p><strong>Atividades &#8211; <\/strong>executar atividades operacionais em setores de apoio ou produ\u00e7\u00e3o de frios, visando garantir a manuten\u00e7\u00e3o, organiza\u00e7\u00e3o, limpeza ou opera\u00e7\u00e3o de atividades na unidade.<\/p>\n\n\n\n<p><strong>Dispon\u00edvel at\u00e9 09\/01\/2026 ou encerramento da vaga<\/strong><\/p>\n\n\n\n<p><strong>5 vagas &#8211; Auxiliar de Log\u00edstica<\/strong><\/p>\n\n\n\n<p><strong>Escolaridade &#8211;<\/strong> ensino m\u00e9dio completo;<\/p>\n\n\n\n<p><strong>Experi\u00eancia \u2013 <\/strong>tr\u00eas meses na Carteira de Trabalho;<\/p>\n\n\n\n<p><strong>Requisitos Obrigat\u00f3rios <\/strong>&#8211; possuir documenta\u00e7\u00e3o completa (com dispensa militar);<\/p>\n\n\n\n<p><strong>Atividades &#8211;<\/strong> carga e descarga de ve\u00edculos, verificando os itens conforme s\u00e3o carregados e descarregados; auxiliar na organiza\u00e7\u00e3o das rotas de entrega, garantindo que os produtos sejam entregues de forma eficiente e no prazo.<\/p>\n\n\n\n<p><strong>Dispon\u00edvel at\u00e9 09\/01\/2026 ou encerramento da vaga<\/strong><\/p>\n\n\n\n<p><strong>150 vagas &#8211; Montador Naval&nbsp;<\/strong><\/p>\n\n\n\n<p><strong>Escolaridade &#8211;<\/strong> ensino fundamental completo;<\/p>\n\n\n\n<p><strong>Experi\u00eancia \u2013 <\/strong>seis meses na Carteira de Trabalho;<\/p>\n\n\n\n<p><strong>Requisitos Obrigat\u00f3rios <\/strong>&#8211; possuir documenta\u00e7\u00e3o completa (com dispensa militar);<\/p>\n\n\n\n<p><strong>Atividades &#8211;<\/strong> confeccionar gabaritos e modelos de pe\u00e7as de estruturas met\u00e1licas diversas, incluindo estruturas de embarca\u00e7\u00f5es e aeronaves; preparar pe\u00e7as da estrutura; montar, instalar e recuperar estruturas met\u00e1licas.<\/p>\n\n\n\n<p><strong>Dispon\u00edvel at\u00e9 09\/01\/2026 ou encerramento da vaga<\/strong><\/p>\n\n\n\n<p><strong>100 vagas &#8211; Soldador&nbsp;<\/strong><\/p>\n\n\n\n<p><strong>Escolaridade &#8211;<\/strong> ensino fundamental completo;<\/p>\n\n\n\n<p><strong>Experi\u00eancia \u2013 <\/strong>seis meses na Carteira de Trabalho;<\/p>\n\n\n\n<p><strong>Requisitos Obrigat\u00f3rios <\/strong>&#8211; possuir documenta\u00e7\u00e3o completa (com dispensa militar);<\/p>\n\n\n\n<p><strong>Atividades &#8211;<\/strong> unir e cortar pe\u00e7as de ligas met\u00e1licas usando processos de soldagem e corte tais como eletrodo revestido, tig, mig, mag, oxig\u00e1s, arco submerso, brasagem, plasma; preparar equipamentos, acess\u00f3rios, consum\u00edveis de soldagem e corte e pe\u00e7as a serem soldadas; aplicar estritas normas de seguran\u00e7a, organiza\u00e7\u00e3o do local de trabalho e meio ambiente.<\/p>\n\n\n\n<p><strong>Dispon\u00edvel at\u00e9 09\/01\/2026 ou encerramento da vaga<\/strong><\/p>\n\n\n\n<p><strong>20 vagas &#8211; Polidor de Metais&nbsp;<\/strong><\/p>\n\n\n\n<p><strong>Escolaridade &#8211;<\/strong> ensino fundamental completo;<\/p>\n\n\n\n<p><strong>Experi\u00eancia \u2013 <\/strong>seis meses na Carteira de Trabalho;<\/p>\n\n\n\n<p><strong>Requisitos Obrigat\u00f3rios <\/strong>&#8211; possuir documenta\u00e7\u00e3o completa (com dispensa militar);<\/p>\n\n\n\n<p><strong>Atividades &#8211;<\/strong> planejar o trabalho de polimento de superf\u00edcies met\u00e1licas e de afia\u00e7\u00e3o de ferramentas; fazer polimento e afia\u00e7\u00e3o utilizando processos manuais, semiautom\u00e1ticos e autom\u00e1ticos, controlando a qualidade do servi\u00e7o e aplicando normas de seguran\u00e7a.<\/p>\n\n\n\n<p><strong>Dispon\u00edvel at\u00e9 09\/01\/2026 ou encerramento da vaga<\/strong><\/p>\n\n\n\n<p><strong>16 vagas &#8211; Encarregado de Soldagem&nbsp;<\/strong><\/p>\n\n\n\n<p><strong>Escolaridade &#8211;<\/strong> ensino m\u00e9dio completo;<\/p>\n\n\n\n<p><strong>Experi\u00eancia \u2013 <\/strong>registrada na Carteira de Trabalho;<\/p>\n\n\n\n<p><strong>Requisitos Obrigat\u00f3rios <\/strong>&#8211; possuir documenta\u00e7\u00e3o completa (com dispensa militar);<\/p>\n\n\n\n<p><strong>Atividades &#8211;<\/strong> coordenar, orientar e treinar equipes de trabalho de usinagem, conforma\u00e7\u00e3o e tratamento de metais, nos m\u00e9todos, processos produtivos e da qualidade; organizar equipamentos utilizados nos processos de produ\u00e7\u00e3o, estruturando arranjos f\u00edsicos e c\u00e9lulas de trabalho; monitorar processos de usinagem, conforma\u00e7\u00e3o e tratamento dos metais; garantir a programa\u00e7\u00e3o da produ\u00e7\u00e3o.<\/p>\n\n\n\n<p><strong>Dispon\u00edvel at\u00e9 09\/01\/2026 ou encerramento da vaga<\/strong><\/p>\n\n\n\n<p><strong>16 vagas &#8211; Encarregado de Montagem&nbsp;<\/strong><\/p>\n\n\n\n<p><strong>Escolaridade &#8211;<\/strong> ensino m\u00e9dio completo;<\/p>\n\n\n\n<p><strong>Experi\u00eancia \u2013 <\/strong>registrada na Carteira de Trabalho;<\/p>\n\n\n\n<p><strong>Requisitos Obrigat\u00f3rios <\/strong>&#8211; possuir documenta\u00e7\u00e3o completa (com dispensa militar);<\/p>\n\n\n\n<p><strong>Atividades &#8211;<\/strong> supervisionar equipes, planejar e distribuir tarefas, interpretar projetos, garantir a qualidade e seguran\u00e7a, controlar materiais e equipamentos, e realizar treinamento, atuando na montagem e manuten\u00e7\u00e3o de m\u00e1quinas\/ equipamentos el\u00e9tricos ou tubula\u00e7\u00f5es, focando em produtividade e cumprimento de normas t\u00e9cnicas e de seguran\u00e7a.<\/p>\n\n\n\n<p><strong>Dispon\u00edvel at\u00e9 09\/01\/2026 ou encerramento da vaga<\/strong><\/p>\n\n\n\n<p><strong>5 vagas &#8211; Almoxarife&nbsp;<\/strong><\/p>\n\n\n\n<p><strong>Escolaridade &#8211;<\/strong> ensino m\u00e9dio completo;<\/p>\n\n\n\n<p><strong>Experi\u00eancia \u2013 <\/strong>seis meses na Carteira de Trabalho;<\/p>\n\n\n\n<p><strong>Requisitos Obrigat\u00f3rios <\/strong>&#8211; ter curso de Log\u00edstica ou Almoxarifado e possuir documenta\u00e7\u00e3o completa (com dispensa militar);<\/p>\n\n\n\n<p><strong>Atividades &#8211;<\/strong> controle completo dos materiais: receber, conferir, estocar, organizar e distribuir itens para garantir o funcionamento da empresa, registrando tudo em sistemas, controlando o estoque, realizando invent\u00e1rios e evitando perdas ou faltas, mantendo o local seguro e adequado para cada tipo de item, tudo isso para otimizar custos e processos log\u00edsticos.<\/p>\n\n\n\n<p><strong>Dispon\u00edvel at\u00e9 09\/01\/2026 ou encerramento da vaga<\/strong><\/p>\n\n\n\n<p><strong>5 vagas &#8211; Auxiliar de Almoxarifado&nbsp;&nbsp;<\/strong><\/p>\n\n\n\n<p><strong>Escolaridade &#8211;<\/strong> ensino m\u00e9dio completo;<\/p>\n\n\n\n<p><strong>Experi\u00eancia \u2013 <\/strong>seis meses na Carteira de Trabalho;<\/p>\n\n\n\n<p><strong>Requisitos Obrigat\u00f3rios <\/strong>&#8211; ter curso de Log\u00edstica ou Almoxarifado e possuir documenta\u00e7\u00e3o completa (com dispensa militar);<\/p>\n\n\n\n<p><strong>Atividades &#8211;<\/strong> dar suporte nas opera\u00e7\u00f5es de log\u00edstica, cuidando do recebimento, confer\u00eancia, organiza\u00e7\u00e3o, controle de estoque e distribui\u00e7\u00e3o de materiais e produtos de uma empresa, garantindo que tudo esteja no lugar certo, em boas condi\u00e7\u00f5es e dispon\u00edvel quando necess\u00e1rio.<\/p>\n\n\n\n<p><strong>Dispon\u00edvel at\u00e9 09\/01\/2026 ou encerramento da vaga<\/strong><\/p>\n\n\n\n<p><strong>50 vagas &#8211; Auxiliar de Log\u00edstica&nbsp;<\/strong><\/p>\n\n\n\n<p><strong>Escolaridade &#8211;<\/strong> ensino m\u00e9dio completo;<\/p>\n\n\n\n<p><strong>Experi\u00eancia \u2013 <\/strong>n\u00e3o \u00e9 necess\u00e1rio;<\/p>\n\n\n\n<p><strong>Requisitos Obrigat\u00f3rios <\/strong>&#8211; residir os bairros: Ajuricaba, Alvorada, Alian\u00e7a com Deus, Amazonino Mendes, Armando Mendes, Bairro da Paz, Braga Mendes, Bet\u00e2nia, Cachoeirinha, Campo Dourado, Castanheira, Cidade de Deus, Col\u00f4nia Oliveira Machado, Compensa, Coroado, Crespo, Dom Pedro, Educandos, Gilberto Mestrinho, Grande Vit\u00f3ria, Japiim, Jo\u00e3o Paulo, L\u00edrio do Vale, Monte das Oliveiras, Morro da LIberdade, Nova cidade, Nova Esperan\u00e7a, Nova Vit\u00f3ria, N\u00facleo 15 e 16, Osvaldo Frota, Ouro Verde, Parque 10, Parque das Na\u00e7\u00f5es, Petr\u00f3polis, Planalto, Reden\u00e7\u00e3o, Riacho Doce, Santa Luzia, Santo Agostinho, Santo Ant\u00f4nio, S\u00e3o Francisco, S\u00e3o Jorge, S\u00e3o Jos\u00e9, S\u00e3o L\u00e1zaro, S\u00e3o Raimundo, Tancredo Neves, Terra Nova, Vila da Prata, Zumbi e possuir documenta\u00e7\u00e3o completa (com dispensa militar);<\/p>\n\n\n\n<p><strong>Atividades &#8211;<\/strong> recepcionar, conferir e ser respons\u00e1vel pelo controle e a localiza\u00e7\u00e3o do estoque f\u00edsico; realizar o controle dos materiais, bem como o armazenamento adequado; fazer a assist\u00eancia entre carga e descarga de materiais; fazer o lan\u00e7amento da movimenta\u00e7\u00e3o de entrada e sa\u00edda acompanhado com a nota fiscal.<\/p>\n\n\n\n<p><strong>Dispon\u00edvel at\u00e9 09\/01\/2026 ou encerramento da vaga<\/strong><\/p>\n\n\n\n<p><strong>Servi\u00e7o &#8211; 78<\/strong><\/p>\n\n\n\n<p><strong>25 vagas &#8211; Atendente<\/strong><\/p>\n\n\n\n<p><strong>Escolaridade &#8211;<\/strong> ensino fundamental completo;<\/p>\n\n\n\n<p><strong>Experi\u00eancia \u2013 <\/strong>n\u00e3o \u00e9 necess\u00e1rio;<\/p>\n\n\n\n<p><strong>Requisitos Obrigat\u00f3rios <\/strong>&#8211; a vaga \u00e9 destinada para candidatos que est\u00e3o em busca de novos desafios; o candidato vai precisar morar em: MG\/ RJ\/ ES\/ PA ou Nordeste, disponibilidade para trabalhar em escala 6&#215;1 e possuir documenta\u00e7\u00e3o completa;<\/p>\n\n\n\n<p><strong>Atividades &#8211;<\/strong> recepcionar os clientes de forma cordial e atenciosa; realizar o atendimento e auxiliar na escolha do card\u00e1pio; registrar os pedidos e encaminh\u00e1-los \u00e0 cozinha; auxiliar na montagem e organiza\u00e7\u00e3o das mesas; realizar a manuten\u00e7\u00e3o, organiza\u00e7\u00e3o e limpeza do ambiente.<\/p>\n\n\n\n<p><strong>Dispon\u00edvel at\u00e9 09\/01\/2026 ou encerramento da vaga<\/strong><\/p>\n\n\n\n<p><strong>25 vagas &#8211; Auxiliar de Cozinha<\/strong><\/p>\n\n\n\n<p><strong>Escolaridade &#8211;<\/strong> ensino fundamental completo;<\/p>\n\n\n\n<p><strong>Experi\u00eancia \u2013 <\/strong>n\u00e3o \u00e9 necess\u00e1rio;<\/p>\n\n\n\n<p><strong>Requisitos Obrigat\u00f3rios <\/strong>&#8211; a vaga \u00e9 destinada para candidatos que est\u00e3o em busca de novos desafios; o candidato vai precisar morar em: MG\/ RJ\/ ES\/ PA ou Nordeste, disponibilidade para trabalhar em escala 6&#215;1 e possuir documenta\u00e7\u00e3o completa;<\/p>\n\n\n\n<p><strong>Atividades &#8211;<\/strong> prepara\u00e7\u00e3o e organiza\u00e7\u00e3o de alimentos, a higieniza\u00e7\u00e3o do ambiente e dos utens\u00edlios, e o apoio direto aos cozinheiros.<\/p>\n\n\n\n<p><strong>Dispon\u00edvel at\u00e9 09\/01\/2026 ou encerramento da vaga<\/strong><\/p>\n\n\n\n<p><strong>2 vagas &#8211; Vendedor de Autope\u00e7as<\/strong><\/p>\n\n\n\n<p><strong>Escolaridade &#8211;<\/strong> ensino m\u00e9dio completo;<\/p>\n\n\n\n<p><strong>Experi\u00eancia \u2013 <\/strong>n\u00e3o \u00e9 necess\u00e1rio;<\/p>\n\n\n\n<p><strong>Requisitos Obrigat\u00f3rios <\/strong>&#8211; possuir documenta\u00e7\u00e3o completa (com dispensa militar);<\/p>\n\n\n\n<p><strong>Atividades &#8211;<\/strong> atendimento ao cliente; indica\u00e7\u00e3o e recomenda\u00e7\u00e3o de pe\u00e7as adequadas; emiss\u00e3o de pedidos e or\u00e7amentos; organiza\u00e7\u00e3o do ambiente de trabalho.<\/p>\n\n\n\n<p><strong>Dispon\u00edvel at\u00e9 09\/01\/2026 ou encerramento da vaga<\/strong><\/p>\n\n\n\n<p><strong>2 vagas &#8211; Auxiliar de Limpeza<\/strong><\/p>\n\n\n\n<p><strong>Escolaridade &#8211;<\/strong> ensino m\u00e9dio completo;<\/p>\n\n\n\n<p><strong>Experi\u00eancia \u2013 <\/strong>seis meses na Carteira de Trabalho;<\/p>\n\n\n\n<p><strong>Requisitos Obrigat\u00f3rios <\/strong>&#8211; ter experi\u00eancia com lavagem de carros, motos e possuir documenta\u00e7\u00e3o completa (com dispensa militar);<\/p>\n\n\n\n<p><strong>Atividades &#8211;<\/strong> realizar limpeza geral, lavar banheiro, manter a copa organizada, lavar lou\u00e7a, servir visitantes, manter os m\u00f3veis e objetos limpos, controlar material de limpeza.&nbsp;<\/p>\n\n\n\n<p><strong>Dispon\u00edvel at\u00e9 09\/01\/2026 ou encerramento da vaga<\/strong><\/p>\n\n\n\n<p><strong>2 vagas &#8211; L\u00edder de Transporte<\/strong><\/p>\n\n\n\n<p><strong>Escolaridade &#8211;<\/strong> ensino m\u00e9dio completo;<\/p>\n\n\n\n<p><strong>Experi\u00eancia \u2013 <\/strong>seis meses na Carteira de Trabalho;<\/p>\n\n\n\n<p><strong>Requisitos Obrigat\u00f3rios <\/strong>&#8211; ter Carteira Nacional de Habilita\u00e7\u00e3o categoria \u201cB\u201d e possuir documenta\u00e7\u00e3o completa (com dispensa militar);<\/p>\n\n\n\n<p><strong>Atividades &#8211;<\/strong> organiza o planejamento de rotas, gest\u00e3o de custos, lidera equipes de motoristas garantindo o fluxo eficiente de materiais e pessoas, com foco em efici\u00eancia, acompanhamento de multas junto ao detran, fazer o controle de revis\u00e3o dos carros, fazer o controle de combust\u00edvel.&nbsp;<\/p>\n\n\n\n<p><strong>Dispon\u00edvel at\u00e9 09\/01\/2026 ou encerramento da vaga<\/strong><\/p>\n\n\n\n<p><strong>5 vagas &#8211; Servi\u00e7os Gerais<\/strong><\/p>\n\n\n\n<p><strong>Escolaridade &#8211;<\/strong> ensino fundamental completo;<\/p>\n\n\n\n<p><strong>Experi\u00eancia \u2013 <\/strong>tr\u00eas meses na Carteira de Trabalho;<\/p>\n\n\n\n<p><strong>Requisitos Obrigat\u00f3rios <\/strong>&#8211; possuir documenta\u00e7\u00e3o completa (com dispensa militar);<\/p>\n\n\n\n<p><strong>Atividades &#8211;<\/strong> executar limpeza e manuten\u00e7\u00e3o de ambientes para garantir que a empresa funcione corretamente, incluindo a limpeza de \u00e1reas comuns, a organiza\u00e7\u00e3o e reposi\u00e7\u00e3o de materiais, e o aux\u00edlio em outras atividades operacionais b\u00e1sicas, como carga e descarga.<\/p>\n\n\n\n<p><strong>Dispon\u00edvel at\u00e9 09\/01\/2026 ou encerramento da vaga<\/strong><\/p>\n\n\n\n<p><strong>1 vaga &#8211; Vendedor Interno&nbsp;&nbsp;<\/strong><\/p>\n\n\n\n<p><strong>Escolaridade &#8211;<\/strong> ensino m\u00e9dio completo;<\/p>\n\n\n\n<p><strong>Experi\u00eancia \u2013 <\/strong>seis meses na Carteira de Trabalho;<\/p>\n\n\n\n<p><strong>Requisitos Obrigat\u00f3rios <\/strong>&#8211; ter experi\u00eancia com vendas de ferramentas, equipamentos de prote\u00e7\u00e3o individual (EPI) e possuir documenta\u00e7\u00e3o completa (com dispensa militar);<\/p>\n\n\n\n<p><strong>Atividades &#8211;<\/strong> atender, informar e orientar clientes sobre produtos\/servi\u00e7os, negociar pre\u00e7os\/condi\u00e7\u00f5es, fechar vendas, prospectar novos clientes, e realizar o p\u00f3s-venda para fideliza\u00e7\u00e3o.<\/p>\n\n\n\n<p><strong>Dispon\u00edvel at\u00e9 09\/01\/2026 ou encerramento da vaga<\/strong><\/p>\n\n\n\n<p><strong>1 vaga &#8211; Assistente Administrativo<\/strong><\/p>\n\n\n\n<p><strong>Escolaridade &#8211;<\/strong> ensino m\u00e9dio completo ou ensino superior completo em Administra\u00e7\u00e3o;<\/p>\n\n\n\n<p><strong>Experi\u00eancia \u2013 <\/strong>seis meses na Carteira de Trabalho;<\/p>\n\n\n\n<p><strong>Requisitos Obrigat\u00f3rios <\/strong>&#8211; residir no bairro Col\u00f4nia Oliveira Machado, Educandos, Cachoeirinha ou proximidades e possuir documenta\u00e7\u00e3o completa;<\/p>\n\n\n\n<p><strong>Atividades &#8211;<\/strong> dar suporte a outros departamentos, organizar e arquivar documentos, atender clientes e fornecedores, gerenciar agendas, emitir notas fiscais e atualizar planilhas de dados.<\/p>\n\n\n\n<p><strong>Dispon\u00edvel at\u00e9 09\/01\/2026 ou encerramento da vaga<\/strong><\/p>\n\n\n\n<p><strong>1 vaga &#8211; Analista Cont\u00e1bil<\/strong><\/p>\n\n\n\n<p><strong>Escolaridade &#8211;<\/strong> ensino superior completo em Contabilidade;<\/p>\n\n\n\n<p><strong>Experi\u00eancia \u2013 <\/strong>registrada na Carteira de Trabalho;<\/p>\n\n\n\n<p><strong>Requisitos Obrigat\u00f3rios <\/strong>&#8211; possuir documenta\u00e7\u00e3o completa;<\/p>\n\n\n\n<p><strong>Atividades &#8211;<\/strong> realizar lan\u00e7amentos cont\u00e1beis; elaborar demonstrativos financeiros; realizar concilia\u00e7\u00e3o banc\u00e1ria; preparar declara\u00e7\u00f5es cont\u00e1beis; fechamento de balan\u00e7os; conhecimento em legisla\u00e7\u00e3o tribut\u00e1ria.<\/p>\n\n\n\n<p><strong>Dispon\u00edvel at\u00e9 09\/01\/2026 ou encerramento da vaga<\/strong><\/p>\n\n\n\n<p><strong>1 vaga &#8211; Confeiteiro&nbsp;<\/strong><\/p>\n\n\n\n<p><strong>Escolaridade &#8211;<\/strong> ensino fundamental completo;<\/p>\n\n\n\n<p><strong>Experi\u00eancia \u2013 <\/strong>seis meses na Carteira de Trabalho;<\/p>\n\n\n\n<p><strong>Requisitos Obrigat\u00f3rios <\/strong>&#8211; possuir documenta\u00e7\u00e3o completa;<\/p>\n\n\n\n<p><strong>Atividades &#8211;<\/strong> fazer massas, salgados, biscoitos, bolos, tortas e outros doces.<\/p>\n\n\n\n<p><strong>Dispon\u00edvel at\u00e9 09\/01\/2026 ou encerramento da vaga<\/strong><\/p>\n\n\n\n<p><strong>1 vaga &#8211; Atendente<\/strong><\/p>\n\n\n\n<p><strong>Escolaridade &#8211;<\/strong> ensino fundamental completo;<\/p>\n\n\n\n<p><strong>Experi\u00eancia \u2013 <\/strong>seis meses na Carteira de Trabalho;<\/p>\n\n\n\n<p><strong>Requisitos Obrigat\u00f3rios <\/strong>&#8211; possuir documenta\u00e7\u00e3o completa;<\/p>\n\n\n\n<p><strong>Atividades &#8211;<\/strong> atender os clientes no balc\u00e3o e nas mesas, servir caf\u00e9 da manh\u00e3, sucos e sandu\u00edches e limpar o seu ambiente de trabalho.<\/p>\n\n\n\n<p><strong>Dispon\u00edvel at\u00e9 09\/01\/2026 ou encerramento da vaga<\/strong><\/p>\n\n\n\n<p><strong>2 vagas &#8211; Servente de Obras<\/strong><\/p>\n\n\n\n<p><strong>Escolaridade &#8211;<\/strong> ensino fundamental completo;<\/p>\n\n\n\n<p><strong>Experi\u00eancia \u2013 <\/strong>seis meses na Carteira de Trabalho<\/p>\n\n\n\n<p><strong>Requisitos Obrigat\u00f3rios <\/strong>&#8211; possuir documenta\u00e7\u00e3o completa (com dispensa militar);<\/p>\n\n\n\n<p><strong>Atividades &#8211;<\/strong> auxiliar o pedreiro em suas atividades, executando escava\u00e7\u00f5es, demoli\u00e7\u00f5es e transporte de materiais diversos.<\/p>\n\n\n\n<p><strong>Dispon\u00edvel at\u00e9 09\/01\/2026 ou encerramento da vaga<\/strong><\/p>\n\n\n\n<p><strong>1 vaga &#8211; Caseiro<\/strong><\/p>\n\n\n\n<p><strong>Escolaridade &#8211;<\/strong> ensino fundamental completo;<\/p>\n\n\n\n<p><strong>Experi\u00eancia \u2013 <\/strong>seis meses na Carteira de Trabalho<\/p>\n\n\n\n<p><strong>Requisitos Obrigat\u00f3rios <\/strong>&#8211; ter disponibilidade para residir no trabalho e possuir documenta\u00e7\u00e3o completa (com dispensa militar);<\/p>\n\n\n\n<p><strong>Atividades &#8211;<\/strong> manuten\u00e7\u00e3o b\u00e1sica do local; limpeza e organiza\u00e7\u00e3o dos ambientes externos; aux\u00edlio no controle e uso adequado de equipamentos e ferramentas; apoio em demandas operacionais da rotina di\u00e1ria.<\/p>\n\n\n\n<p><strong>Dispon\u00edvel at\u00e9 09\/01\/2026 ou encerramento da vaga<\/strong><\/p>\n\n\n\n<p><strong>1 vaga &#8211; Mec\u00e2nico Automotivo<\/strong><\/p>\n\n\n\n<p><strong>Escolaridade &#8211;<\/strong> ensino fundamental completo;<\/p>\n\n\n\n<p><strong>Experi\u00eancia \u2013 <\/strong>seis meses na Carteira de Trabalho<\/p>\n\n\n\n<p><strong>Requisitos Obrigat\u00f3rios <\/strong>&#8211; ter Carteira Nacional de Habilita\u00e7\u00e3o categoria \u201cB\u201d e possuir documenta\u00e7\u00e3o completa (com dispensa militar);<\/p>\n\n\n\n<p><strong>Atividades &#8211;<\/strong> diagn\u00f3stico, manuten\u00e7\u00e3o preventiva e corretiva de ve\u00edculos, abrangendo troca de \u00f3leo, freios, suspens\u00e3o, alinhamento, balanceamento, reparos no motor e sistemas eletr\u00f4nicos, al\u00e9m de instala\u00e7\u00e3o de acess\u00f3rios.<\/p>\n\n\n\n<p><strong>Dispon\u00edvel at\u00e9 09\/01\/2026 ou encerramento da vaga<\/strong><\/p>\n\n\n\n<p><strong>2 vagas &#8211; Auxiliar de Mec\u00e2nico Automotivo<\/strong><\/p>\n\n\n\n<p><strong>Escolaridade &#8211;<\/strong> ensino fundamental completo;<\/p>\n\n\n\n<p><strong>Experi\u00eancia \u2013 <\/strong>seis meses na Carteira de Trabalho<\/p>\n\n\n\n<p><strong>Requisitos Obrigat\u00f3rios <\/strong>&#8211; ter Carteira Nacional de Habilita\u00e7\u00e3o categoria \u201cB\u201d e possuir documenta\u00e7\u00e3o completa (com dispensa militar);<\/p>\n\n\n\n<p><strong>Atividades &#8211;<\/strong> realizar reparos e consertos de m\u00e1quinas carros leves e pesados; auxiliar na montagem&nbsp; e desmontagem de m\u00e1quinas e equipamentos; executar atividades de ajustes, regulagens e lubrifica\u00e7\u00e3o.<\/p>\n\n\n\n<p><strong>Dispon\u00edvel at\u00e9 09\/01\/2026 ou encerramento da vaga<\/strong><\/p>\n\n\n\n<p><strong>2 vagas &#8211; T\u00e9cnico em Seguran\u00e7a do Trabalho<\/strong><\/p>\n\n\n\n<p><strong>Escolaridade &#8211;<\/strong> ensino t\u00e9cnico completo em Seguran\u00e7a do Trabalho;<\/p>\n\n\n\n<p><strong>Experi\u00eancia \u2013 <\/strong>registrada na Carteira de Trabalho<\/p>\n\n\n\n<p><strong>Requisitos Obrigat\u00f3rios <\/strong>&#8211; ter Carteira Nacional de Habilita\u00e7\u00e3o categoria \u201cD\u201d e possuir documenta\u00e7\u00e3o completa;<\/p>\n\n\n\n<p><strong>Atividades &#8211;<\/strong> elaborar, participar da elabora\u00e7\u00e3o e implementar pol\u00edtica de sa\u00fade e seguran\u00e7a no trabalho; realizar auditoria, acompanhamento e avalia\u00e7\u00e3o na \u00e1rea; identificar vari\u00e1veis de controle de doen\u00e7as, acidentes, qualidade de vida e meio ambiente; desenvolver a\u00e7\u00f5es educativas na \u00e1rea de sa\u00fade e seguran\u00e7a no trabalho; participar de per\u00edcias e fiscaliza\u00e7\u00f5es e integrar processos de negocia\u00e7\u00e3o; participar da ado\u00e7\u00e3o de tecnologias e processos de trabalho; gerenciar documenta\u00e7\u00e3o de SST; investigar, analisar acidentes e recomendar medidas de preven\u00e7\u00e3o e controle.<\/p>\n\n\n\n<p><strong>Dispon\u00edvel at\u00e9 09\/01\/2026 ou encerramento da vaga<\/strong><\/p>\n\n\n\n<p><strong>4 vagas &#8211; Agente de Portaria<\/strong><\/p>\n\n\n\n<p><strong>Escolaridade &#8211;<\/strong> ensino m\u00e9dio completo;<\/p>\n\n\n\n<p><strong>Experi\u00eancia \u2013 <\/strong>seis meses na Carteira de Trabalho<\/p>\n\n\n\n<p><strong>Requisitos Obrigat\u00f3rios <\/strong>&#8211; ter curso de Agente de Portaria, Carteira Nacional de Habilita\u00e7\u00e3o categoria \u201cAB\u201d e possuir documenta\u00e7\u00e3o completa (com dispensa militar);<\/p>\n\n\n\n<p><strong>Atividades &#8211;<\/strong> zelar pela guarda do patrim\u00f4nio e exercer a vigil\u00e2ncia de f\u00e1bricas, armaz\u00e9ns, resid\u00eancias, estacionamentos, edif\u00edcios p\u00fablicos, privados e outros estabelecimentos, percorrendo-os sistematicamente e inspecionando suas depend\u00eancias, para evitar inc\u00eandios, roubos, entrada de pessoas estranhas e outras anormalidades; controlar fluxo de pessoas, identificar, orientar e encaminhar para os lugares desejados; escoltar pessoas e mercadorias; fazer manuten\u00e7\u00f5es simples nos locais de trabalho.<\/p>\n\n\n\n<p><strong>Dispon\u00edvel at\u00e9 09\/01\/2026 ou encerramento da vaga<\/strong><\/p>\n\n\n\n<p><strong>Vagas destinadas para Pessoas com Defici\u00eancia (PcDs) &#8211; 19<\/strong><\/p>\n\n\n\n<p><strong>1 vaga &#8211; Auxiliar de Servi\u00e7os Gerais &#8211; Vagas destinadas para Pessoa com Defici\u00eancia (PcD)<\/strong><\/p>\n\n\n\n<p><strong>Escolaridade &#8211;<\/strong> ensino fundamental completo;<\/p>\n\n\n\n<p><strong>Experi\u00eancia \u2013 <\/strong>seis meses na Carteira de Trabalho;<\/p>\n\n\n\n<p><strong>Requisitos Obrigat\u00f3rios <\/strong>&#8211; possuir documenta\u00e7\u00e3o completa;<\/p>\n\n\n\n<p><strong>Atividades &#8211;<\/strong> atender as necessidades de limpeza, manuten\u00e7\u00e3o e conserva\u00e7\u00e3o das instala\u00e7\u00f5es da institui\u00e7\u00e3o, removendo p\u00f3 de m\u00f3veis, paredes, tetos, portas, janelas e equipamentos.<\/p>\n\n\n\n<p><strong>Dispon\u00edvel at\u00e9 09\/01\/2026 ou encerramento da vaga<\/strong><\/p>\n\n\n\n<p><strong>5 vagas &#8211; A\u00e7ougueiro &#8211; Vagas destinadas para Pessoa com Defici\u00eancia (PcDs)<\/strong><\/p>\n\n\n\n<p><strong>Escolaridade &#8211;<\/strong> ensino m\u00e9dio completo;<\/p>\n\n\n\n<p><strong>Experi\u00eancia \u2013 <\/strong>seis meses na Carteira de Trabalho;<\/p>\n\n\n\n<p><strong>Requisitos Obrigat\u00f3rios <\/strong>&#8211; possuir documenta\u00e7\u00e3o completa (com dispensa militar);<\/p>\n\n\n\n<p><strong>Atividades &#8211;<\/strong> preparar carnes para comercializa\u00e7\u00e3o desossando, identificando tipos, marcando, fatiando, pesando e cortando; realizar tratamentos especiais em carnes, salgando, secando, prensando e adicionando conservantes.<\/p>\n\n\n\n<p><strong>Dispon\u00edvel at\u00e9 09\/01\/2026 ou encerramento da vaga<\/strong><\/p>\n\n\n\n<p><strong>5 vagas &#8211; Auxiliar de A\u00e7ougueiro &#8211; Vagas destinadas para Pessoa com Defici\u00eancia (PcDs)<\/strong><\/p>\n\n\n\n<p><strong>Escolaridade &#8211;<\/strong> ensino m\u00e9dio completo;<\/p>\n\n\n\n<p><strong>Experi\u00eancia \u2013 <\/strong>seis meses na Carteira de Trabalho;<\/p>\n\n\n\n<p><strong>Requisitos Obrigat\u00f3rios <\/strong>&#8211; possuir documenta\u00e7\u00e3o completa (com dispensa militar);<\/p>\n\n\n\n<p><strong>Atividades &#8211;<\/strong> auxiliar e preparar carnes para comercializa\u00e7\u00e3o desossando, identificando tipos, marcando, fatiando, pesando e cortando; realizar tratamentos especiais em carnes, salgando, secando, prensando e adicionando conservantes.<\/p>\n\n\n\n<p><strong>Dispon\u00edvel at\u00e9 09\/01\/2026 ou encerramento da vaga<\/strong><\/p>\n\n\n\n<p><strong>5 vagas &#8211; Peixeiro &#8211; Vagas destinadas para Pessoa com Defici\u00eancia (PcDs)<\/strong><\/p>\n\n\n\n<p><strong>Escolaridade &#8211;<\/strong> ensino m\u00e9dio completo;<\/p>\n\n\n\n<p><strong>Experi\u00eancia \u2013 <\/strong>seis meses na Carteira de Trabalho;<\/p>\n\n\n\n<p><strong>Requisitos Obrigat\u00f3rios <\/strong>&#8211; possuir documenta\u00e7\u00e3o completa (com dispensa militar);<\/p>\n\n\n\n<p><strong>Atividades &#8211;<\/strong> sele\u00e7\u00e3o, compra, manuseio, preparo e venda de peixes e frutos do mar.<\/p>\n\n\n\n<p><strong>Dispon\u00edvel at\u00e9 09\/01\/2026 ou encerramento da vaga<\/strong><\/p>\n\n\n\n<p><strong>3 vagas &#8211; Operador de Linha de Montagem &#8211; Vagas destinadas para Pessoa com Defici\u00eancia (PcDs)<\/strong><\/p>\n\n\n\n<p><strong>Escolaridade &#8211;<\/strong> ensino m\u00e9dio completo;<\/p>\n\n\n\n<p><strong>Experi\u00eancia \u2013 <\/strong>seis meses na Carteira de Trabalho;<\/p>\n\n\n\n<p><strong>Requisitos Obrigat\u00f3rios <\/strong>&#8211; ter curso de TBO, Leitura de Componentes, disponibilidade de hor\u00e1rio, trabalhar em escala 6&#215;1 e possuir documenta\u00e7\u00e3o completa;<\/p>\n\n\n\n<p><strong>Atividades &#8211;<\/strong> operar na linha de montagem dos componentes eletr\u00f4nicos.<\/p>\n\n\n\n<p><strong>Dispon\u00edvel at\u00e9 09\/01\/2026 ou encerramento da vaga<\/strong><\/p>\n\n\n\n<p><strong>&#8212; &#8212; &#8212;<\/strong><br><strong>Texto &#8211; <\/strong>Divulga\u00e7\u00e3o\/Semtepi<br><strong>Fotos &#8211; <\/strong>Arquivo\/Semcom<br><strong>Dispon\u00edveis em &#8211; <\/strong><a href=\"https:\/\/flic.kr\/s\/aHBqjCetWK\">https:\/\/flic.kr\/s\/aHBqjCetWK<\/a>\u00a0<\/p>\n\n\n\n<p><\/p>\n","protected":false},"excerpt":{"rendered":"","protected":false},"author":68,"featured_media":7454,"comment_status":"closed","ping_status":"closed","sticky":false,"template":"","format":"standard","meta":{"footnotes":""},"categories":[5],"tags":[1663,899,7,8,9,1554],"acf":[],"yoast_head":"<!-- This site is optimized with the Yoast SEO plugin v23.0 - https:\/\/yoast.com\/wordpress\/plugins\/seo\/ -->\n<title>Sine Manaus oferta 693 vagas de emprego nesta sexta\u2013feira, 9\/1<\/title>\n<meta name=\"description\" content=\"A Prefeitura de Manaus, por meio do Sine Manaus, oferta 693 vagas de emprego, em v\u00e1rias \u00e1reas de atua\u00e7\u00e3o, nesta sexta\u2013feira, 9\/1.\" \/>\n<meta name=\"robots\" content=\"noindex, follow\" \/>\n<meta property=\"og:locale\" content=\"pt_BR\" \/>\n<meta property=\"og:type\" content=\"article\" \/>\n<meta property=\"og:title\" content=\"Sine Manaus oferta 693 vagas de emprego nesta sexta\u2013feira, 9\/1\" \/>\n<meta property=\"og:description\" content=\"A Prefeitura de Manaus, por meio do Sine Manaus, oferta 693 vagas de emprego, em v\u00e1rias \u00e1reas de atua\u00e7\u00e3o, nesta sexta\u2013feira, 9\/1.\" \/>\n<meta property=\"og:url\" content=\"https:\/\/www.manaus.am.gov.br\/semtepi\/oportunidade\/vagas-sine-manaus-20\/\" \/>\n<meta property=\"og:site_name\" content=\"SEMTEPI\" \/>\n<meta property=\"article:published_time\" content=\"2026-01-08T21:47:21+00:00\" \/>\n<meta property=\"article:modified_time\" content=\"2026-01-08T21:47:23+00:00\" \/>\n<meta property=\"og:image\" content=\"https:\/\/www.manaus.am.gov.br\/semtepi\/wp-content\/uploads\/sites\/20\/2026\/01\/Vagas-sine-manaus.jpeg\" \/>\n\t<meta property=\"og:image:width\" content=\"799\" \/>\n\t<meta property=\"og:image:height\" content=\"533\" \/>\n\t<meta property=\"og:image:type\" content=\"image\/jpeg\" \/>\n<meta name=\"author\" content=\"bvalente\" \/>\n<meta name=\"twitter:card\" content=\"summary_large_image\" \/>\n<meta name=\"twitter:label1\" content=\"Written by\" \/>\n\t<meta name=\"twitter:data1\" content=\"bvalente\" \/>\n\t<meta name=\"twitter:label2\" content=\"Est. reading time\" \/>\n\t<meta name=\"twitter:data2\" content=\"21 minutos\" \/>\n<script type=\"application\/ld+json\" class=\"yoast-schema-graph\">{\"@context\":\"https:\/\/schema.org\",\"@graph\":[{\"@type\":\"Article\",\"@id\":\"https:\/\/www.manaus.am.gov.br\/semtepi\/oportunidade\/vagas-sine-manaus-20\/#article\",\"isPartOf\":{\"@id\":\"https:\/\/www.manaus.am.gov.br\/semtepi\/oportunidade\/vagas-sine-manaus-20\/\"},\"author\":{\"name\":\"bvalente\",\"@id\":\"https:\/\/www.manaus.am.gov.br\/semtepi\/#\/schema\/person\/466a0e03ae4b6062809046bd560ac955\"},\"headline\":\"Sine Manaus oferta 693 vagas de emprego nesta sexta\u2013feira, 9\/1\",\"datePublished\":\"2026-01-08T21:47:21+00:00\",\"dateModified\":\"2026-01-08T21:47:23+00:00\",\"mainEntityOfPage\":{\"@id\":\"https:\/\/www.manaus.am.gov.br\/semtepi\/oportunidade\/vagas-sine-manaus-20\/\"},\"wordCount\":4283,\"publisher\":{\"@id\":\"https:\/\/www.manaus.am.gov.br\/semtepi\/#organization\"},\"image\":{\"@id\":\"https:\/\/www.manaus.am.gov.br\/semtepi\/oportunidade\/vagas-sine-manaus-20\/#primaryimage\"},\"thumbnailUrl\":\"https:\/\/www.manaus.am.gov.br\/semtepi\/wp-content\/uploads\/sites\/20\/2026\/01\/Vagas-sine-manaus.jpeg\",\"keywords\":[\"693 vagas de emprego nesta sexta\u2013feira\",\"9\/1\",\"oportunidade\",\"prefeitura de manaus\",\"Semtepi\",\"vagas sine manaus\"],\"articleSection\":[\"Oportunidade\"],\"inLanguage\":\"pt-BR\"},{\"@type\":\"WebPage\",\"@id\":\"https:\/\/www.manaus.am.gov.br\/semtepi\/oportunidade\/vagas-sine-manaus-20\/\",\"url\":\"https:\/\/www.manaus.am.gov.br\/semtepi\/oportunidade\/vagas-sine-manaus-20\/\",\"name\":\"Sine Manaus oferta 693 vagas de emprego nesta sexta\u2013feira, 9\/1\",\"isPartOf\":{\"@id\":\"https:\/\/www.manaus.am.gov.br\/semtepi\/#website\"},\"primaryImageOfPage\":{\"@id\":\"https:\/\/www.manaus.am.gov.br\/semtepi\/oportunidade\/vagas-sine-manaus-20\/#primaryimage\"},\"image\":{\"@id\":\"https:\/\/www.manaus.am.gov.br\/semtepi\/oportunidade\/vagas-sine-manaus-20\/#primaryimage\"},\"thumbnailUrl\":\"https:\/\/www.manaus.am.gov.br\/semtepi\/wp-content\/uploads\/sites\/20\/2026\/01\/Vagas-sine-manaus.jpeg\",\"datePublished\":\"2026-01-08T21:47:21+00:00\",\"dateModified\":\"2026-01-08T21:47:23+00:00\",\"description\":\"A Prefeitura de Manaus, por meio do Sine Manaus, oferta 693 vagas de emprego, em v\u00e1rias \u00e1reas de atua\u00e7\u00e3o, nesta sexta\u2013feira, 9\/1.\",\"breadcrumb\":{\"@id\":\"https:\/\/www.manaus.am.gov.br\/semtepi\/oportunidade\/vagas-sine-manaus-20\/#breadcrumb\"},\"inLanguage\":\"pt-BR\",\"potentialAction\":[{\"@type\":\"ReadAction\",\"target\":[\"https:\/\/www.manaus.am.gov.br\/semtepi\/oportunidade\/vagas-sine-manaus-20\/\"]}]},{\"@type\":\"ImageObject\",\"inLanguage\":\"pt-BR\",\"@id\":\"https:\/\/www.manaus.am.gov.br\/semtepi\/oportunidade\/vagas-sine-manaus-20\/#primaryimage\",\"url\":\"https:\/\/www.manaus.am.gov.br\/semtepi\/wp-content\/uploads\/sites\/20\/2026\/01\/Vagas-sine-manaus.jpeg\",\"contentUrl\":\"https:\/\/www.manaus.am.gov.br\/semtepi\/wp-content\/uploads\/sites\/20\/2026\/01\/Vagas-sine-manaus.jpeg\",\"width\":799,\"height\":533},{\"@type\":\"BreadcrumbList\",\"@id\":\"https:\/\/www.manaus.am.gov.br\/semtepi\/oportunidade\/vagas-sine-manaus-20\/#breadcrumb\",\"itemListElement\":[{\"@type\":\"ListItem\",\"position\":1,\"name\":\"Home\",\"item\":\"https:\/\/www.manaus.am.gov.br\/semtepi\/\"},{\"@type\":\"ListItem\",\"position\":2,\"name\":\"Sine Manaus oferta 693 vagas de emprego nesta sexta\u2013feira, 9\/1\"}]},{\"@type\":\"WebSite\",\"@id\":\"https:\/\/www.manaus.am.gov.br\/semtepi\/#website\",\"url\":\"https:\/\/www.manaus.am.gov.br\/semtepi\/\",\"name\":\"SEMTEPI\",\"description\":\"Prefeitura de Manaus\",\"publisher\":{\"@id\":\"https:\/\/www.manaus.am.gov.br\/semtepi\/#organization\"},\"alternateName\":\"Secretaria Municipal do Trabalho, Empreendedorismo e Inova\u00e7\u00e3o\",\"potentialAction\":[{\"@type\":\"SearchAction\",\"target\":{\"@type\":\"EntryPoint\",\"urlTemplate\":\"https:\/\/www.manaus.am.gov.br\/semtepi\/?s={search_term_string}\"},\"query-input\":\"required name=search_term_string\"}],\"inLanguage\":\"pt-BR\"},{\"@type\":\"Organization\",\"@id\":\"https:\/\/www.manaus.am.gov.br\/semtepi\/#organization\",\"name\":\"Prefeitura Municipal de Manaus\",\"alternateName\":\"Prefeitura de Manaus\",\"url\":\"https:\/\/www.manaus.am.gov.br\/semtepi\/\",\"logo\":{\"@type\":\"ImageObject\",\"inLanguage\":\"pt-BR\",\"@id\":\"https:\/\/www.manaus.am.gov.br\/semtepi\/#\/schema\/logo\/image\/\",\"url\":\"https:\/\/www.manaus.am.gov.br\/semtepi\/wp-content\/uploads\/sites\/20\/2024\/07\/favicon.png\",\"contentUrl\":\"https:\/\/www.manaus.am.gov.br\/semtepi\/wp-content\/uploads\/sites\/20\/2024\/07\/favicon.png\",\"width\":300,\"height\":300,\"caption\":\"Prefeitura Municipal de Manaus\"},\"image\":{\"@id\":\"https:\/\/www.manaus.am.gov.br\/semtepi\/#\/schema\/logo\/image\/\"}},{\"@type\":\"Person\",\"@id\":\"https:\/\/www.manaus.am.gov.br\/semtepi\/#\/schema\/person\/466a0e03ae4b6062809046bd560ac955\",\"name\":\"bvalente\",\"image\":{\"@type\":\"ImageObject\",\"inLanguage\":\"pt-BR\",\"@id\":\"https:\/\/www.manaus.am.gov.br\/semtepi\/#\/schema\/person\/image\/\",\"url\":\"https:\/\/secure.gravatar.com\/avatar\/3e69bc2b014bdad41adfec3a39de07d2?s=96&d=mm&r=g\",\"contentUrl\":\"https:\/\/secure.gravatar.com\/avatar\/3e69bc2b014bdad41adfec3a39de07d2?s=96&d=mm&r=g\",\"caption\":\"bvalente\"}}]}<\/script>\n<!-- \/ Yoast SEO plugin. -->","yoast_head_json":{"title":"Sine Manaus oferta 693 vagas de emprego nesta sexta\u2013feira, 9\/1","description":"A Prefeitura de Manaus, por meio do Sine Manaus, oferta 693 vagas de emprego, em v\u00e1rias \u00e1reas de atua\u00e7\u00e3o, nesta sexta\u2013feira, 9\/1.","robots":{"index":"noindex","follow":"follow"},"og_locale":"pt_BR","og_type":"article","og_title":"Sine Manaus oferta 693 vagas de emprego nesta sexta\u2013feira, 9\/1","og_description":"A Prefeitura de Manaus, por meio do Sine Manaus, oferta 693 vagas de emprego, em v\u00e1rias \u00e1reas de atua\u00e7\u00e3o, nesta sexta\u2013feira, 9\/1.","og_url":"https:\/\/www.manaus.am.gov.br\/semtepi\/oportunidade\/vagas-sine-manaus-20\/","og_site_name":"SEMTEPI","article_published_time":"2026-01-08T21:47:21+00:00","article_modified_time":"2026-01-08T21:47:23+00:00","og_image":[{"width":799,"height":533,"url":"https:\/\/www.manaus.am.gov.br\/semtepi\/wp-content\/uploads\/sites\/20\/2026\/01\/Vagas-sine-manaus.jpeg","type":"image\/jpeg"}],"author":"bvalente","twitter_card":"summary_large_image","twitter_misc":{"Written by":"bvalente","Est. reading time":"21 minutos"},"schema":{"@context":"https:\/\/schema.org","@graph":[{"@type":"Article","@id":"https:\/\/www.manaus.am.gov.br\/semtepi\/oportunidade\/vagas-sine-manaus-20\/#article","isPartOf":{"@id":"https:\/\/www.manaus.am.gov.br\/semtepi\/oportunidade\/vagas-sine-manaus-20\/"},"author":{"name":"bvalente","@id":"https:\/\/www.manaus.am.gov.br\/semtepi\/#\/schema\/person\/466a0e03ae4b6062809046bd560ac955"},"headline":"Sine Manaus oferta 693 vagas de emprego nesta sexta\u2013feira, 9\/1","datePublished":"2026-01-08T21:47:21+00:00","dateModified":"2026-01-08T21:47:23+00:00","mainEntityOfPage":{"@id":"https:\/\/www.manaus.am.gov.br\/semtepi\/oportunidade\/vagas-sine-manaus-20\/"},"wordCount":4283,"publisher":{"@id":"https:\/\/www.manaus.am.gov.br\/semtepi\/#organization"},"image":{"@id":"https:\/\/www.manaus.am.gov.br\/semtepi\/oportunidade\/vagas-sine-manaus-20\/#primaryimage"},"thumbnailUrl":"https:\/\/www.manaus.am.gov.br\/semtepi\/wp-content\/uploads\/sites\/20\/2026\/01\/Vagas-sine-manaus.jpeg","keywords":["693 vagas de emprego nesta sexta\u2013feira","9\/1","oportunidade","prefeitura de manaus","Semtepi","vagas sine manaus"],"articleSection":["Oportunidade"],"inLanguage":"pt-BR"},{"@type":"WebPage","@id":"https:\/\/www.manaus.am.gov.br\/semtepi\/oportunidade\/vagas-sine-manaus-20\/","url":"https:\/\/www.manaus.am.gov.br\/semtepi\/oportunidade\/vagas-sine-manaus-20\/","name":"Sine Manaus oferta 693 vagas de emprego nesta sexta\u2013feira, 9\/1","isPartOf":{"@id":"https:\/\/www.manaus.am.gov.br\/semtepi\/#website"},"primaryImageOfPage":{"@id":"https:\/\/www.manaus.am.gov.br\/semtepi\/oportunidade\/vagas-sine-manaus-20\/#primaryimage"},"image":{"@id":"https:\/\/www.manaus.am.gov.br\/semtepi\/oportunidade\/vagas-sine-manaus-20\/#primaryimage"},"thumbnailUrl":"https:\/\/www.manaus.am.gov.br\/semtepi\/wp-content\/uploads\/sites\/20\/2026\/01\/Vagas-sine-manaus.jpeg","datePublished":"2026-01-08T21:47:21+00:00","dateModified":"2026-01-08T21:47:23+00:00","description":"A Prefeitura de Manaus, por meio do Sine Manaus, oferta 693 vagas de emprego, em v\u00e1rias \u00e1reas de atua\u00e7\u00e3o, nesta sexta\u2013feira, 9\/1.","breadcrumb":{"@id":"https:\/\/www.manaus.am.gov.br\/semtepi\/oportunidade\/vagas-sine-manaus-20\/#breadcrumb"},"inLanguage":"pt-BR","potentialAction":[{"@type":"ReadAction","target":["https:\/\/www.manaus.am.gov.br\/semtepi\/oportunidade\/vagas-sine-manaus-20\/"]}]},{"@type":"ImageObject","inLanguage":"pt-BR","@id":"https:\/\/www.manaus.am.gov.br\/semtepi\/oportunidade\/vagas-sine-manaus-20\/#primaryimage","url":"https:\/\/www.manaus.am.gov.br\/semtepi\/wp-content\/uploads\/sites\/20\/2026\/01\/Vagas-sine-manaus.jpeg","contentUrl":"https:\/\/www.manaus.am.gov.br\/semtepi\/wp-content\/uploads\/sites\/20\/2026\/01\/Vagas-sine-manaus.jpeg","width":799,"height":533},{"@type":"BreadcrumbList","@id":"https:\/\/www.manaus.am.gov.br\/semtepi\/oportunidade\/vagas-sine-manaus-20\/#breadcrumb","itemListElement":[{"@type":"ListItem","position":1,"name":"Home","item":"https:\/\/www.manaus.am.gov.br\/semtepi\/"},{"@type":"ListItem","position":2,"name":"Sine Manaus oferta 693 vagas de emprego nesta sexta\u2013feira, 9\/1"}]},{"@type":"WebSite","@id":"https:\/\/www.manaus.am.gov.br\/semtepi\/#website","url":"https:\/\/www.manaus.am.gov.br\/semtepi\/","name":"SEMTEPI","description":"Prefeitura de Manaus","publisher":{"@id":"https:\/\/www.manaus.am.gov.br\/semtepi\/#organization"},"alternateName":"Secretaria Municipal do Trabalho, Empreendedorismo e Inova\u00e7\u00e3o","potentialAction":[{"@type":"SearchAction","target":{"@type":"EntryPoint","urlTemplate":"https:\/\/www.manaus.am.gov.br\/semtepi\/?s={search_term_string}"},"query-input":"required name=search_term_string"}],"inLanguage":"pt-BR"},{"@type":"Organization","@id":"https:\/\/www.manaus.am.gov.br\/semtepi\/#organization","name":"Prefeitura Municipal de Manaus","alternateName":"Prefeitura de Manaus","url":"https:\/\/www.manaus.am.gov.br\/semtepi\/","logo":{"@type":"ImageObject","inLanguage":"pt-BR","@id":"https:\/\/www.manaus.am.gov.br\/semtepi\/#\/schema\/logo\/image\/","url":"https:\/\/www.manaus.am.gov.br\/semtepi\/wp-content\/uploads\/sites\/20\/2024\/07\/favicon.png","contentUrl":"https:\/\/www.manaus.am.gov.br\/semtepi\/wp-content\/uploads\/sites\/20\/2024\/07\/favicon.png","width":300,"height":300,"caption":"Prefeitura Municipal de Manaus"},"image":{"@id":"https:\/\/www.manaus.am.gov.br\/semtepi\/#\/schema\/logo\/image\/"}},{"@type":"Person","@id":"https:\/\/www.manaus.am.gov.br\/semtepi\/#\/schema\/person\/466a0e03ae4b6062809046bd560ac955","name":"bvalente","image":{"@type":"ImageObject","inLanguage":"pt-BR","@id":"https:\/\/www.manaus.am.gov.br\/semtepi\/#\/schema\/person\/image\/","url":"https:\/\/secure.gravatar.com\/avatar\/3e69bc2b014bdad41adfec3a39de07d2?s=96&d=mm&r=g","contentUrl":"https:\/\/secure.gravatar.com\/avatar\/3e69bc2b014bdad41adfec3a39de07d2?s=96&d=mm&r=g","caption":"bvalente"}}]}},"_links":{"self":[{"href":"https:\/\/www.manaus.am.gov.br\/semtepi\/wp-json\/wp\/v2\/posts\/7453"}],"collection":[{"href":"https:\/\/www.manaus.am.gov.br\/semtepi\/wp-json\/wp\/v2\/posts"}],"about":[{"href":"https:\/\/www.manaus.am.gov.br\/semtepi\/wp-json\/wp\/v2\/types\/post"}],"author":[{"embeddable":true,"href":"https:\/\/www.manaus.am.gov.br\/semtepi\/wp-json\/wp\/v2\/users\/68"}],"replies":[{"embeddable":true,"href":"https:\/\/www.manaus.am.gov.br\/semtepi\/wp-json\/wp\/v2\/comments?post=7453"}],"version-history":[{"count":0,"href":"https:\/\/www.manaus.am.gov.br\/semtepi\/wp-json\/wp\/v2\/posts\/7453\/revisions"}],"wp:featuredmedia":[{"embeddable":true,"href":"https:\/\/www.manaus.am.gov.br\/semtepi\/wp-json\/wp\/v2\/media\/7454"}],"wp:attachment":[{"href":"https:\/\/www.manaus.am.gov.br\/semtepi\/wp-json\/wp\/v2\/media?parent=7453"}],"wp:term":[{"taxonomy":"category","embeddable":true,"href":"https:\/\/www.manaus.am.gov.br\/semtepi\/wp-json\/wp\/v2\/categories?post=7453"},{"taxonomy":"post_tag","embeddable":true,"href":"https:\/\/www.manaus.am.gov.br\/semtepi\/wp-json\/wp\/v2\/tags?post=7453"}],"curies":[{"name":"wp","href":"https:\/\/api.w.org\/{rel}","templated":true}]}}