{"id":7377,"date":"2025-12-15T17:48:03","date_gmt":"2025-12-15T21:48:03","guid":{"rendered":"https:\/\/www.manaus.am.gov.br\/semtepi\/sem-categoria\/workshops-formacao\/"},"modified":"2025-12-15T17:48:03","modified_gmt":"2025-12-15T21:48:03","slug":"workshops-formacao","status":"publish","type":"post","link":"https:\/\/www.manaus.am.gov.br\/semtepi\/capacitacao\/workshops-formacao\/","title":{"rendered":"Prefeitura de Manaus divulga lista de selecionados nos workshops \u2018Elabora\u00e7\u00e3o de Projetos\u2019 e \u2018Portf\u00f3lio Profissional\u2019"},"content":{"rendered":"\n<p>A Prefeitura de Manaus, por meio da Secretaria Municipal do Trabalho, Empreendedorismo e Inova\u00e7\u00e3o (Semtepi), em parceria com o projeto \u201cCrescer na Comunidade\u201d do instituto Movimento por Cristo, divulgou, nesta segunda-feira, 15\/12, a lista de selecionados para os dois workshops &#8220;Elabora\u00e7\u00e3o de Projetos&#8221; e &#8220;Portf\u00f3lio Profissional&#8221; voltados ao fortalecimento profissional e ao desenvolvimento de habilidades estrat\u00e9gicas no mercado de trabalho. As capacita\u00e7\u00f5es v\u00e3o acontecer no audit\u00f3rio da \u00c1guas de Manaus, localizado na avenida Andr\u00e9 Ara\u00fajo, Aleixo.<br><br>Os workshops contemplam os temas \u201cElabora\u00e7\u00e3o de Projetos&#8221;, com foco no desenvolvimento de propostas estruturadas e na capta\u00e7\u00e3o de recursos, e \u201cPortf\u00f3lio Profissional&#8221;, direcionado ao fortalecimento da imagem profissional e \u00e0 valoriza\u00e7\u00e3o das compet\u00eancias individuais no mercado.<br><br>&#8220;A iniciativa refor\u00e7a o compromisso da Prefeitura de Manaus em promover oportunidades de capacita\u00e7\u00e3o que contribuam para a gera\u00e7\u00e3o de renda, o empreendedorismo e o crescimento profissional da popula\u00e7\u00e3o manauara. Os participantes ter\u00e3o acesso a conte\u00fados estrat\u00e9gicos, ferramentas pr\u00e1ticas e orienta\u00e7\u00f5es que podem transformar suas trajet\u00f3rias profissionais&#8221;, destacou o secret\u00e1rio da Semtepi, Alonso Oliveira.<br><br>As atividades acontecer\u00e3o em dois dias consecutivos. O workshop \u201cElabora\u00e7\u00e3o de Projetos na Pr\u00e1tica\u201d ser\u00e1 realizado na ter\u00e7a-feira, 16\/12, das 18h \u00e0s 22h. J\u00e1 o workshop \u201cPortf\u00f3lio Profissional\u201d acontece na quarta-feira, 17\/12, tamb\u00e9m das 18h \u00e0s 22h.<br><br>A lista de selecionados j\u00e1 est\u00e1 dispon\u00edvel abaixo.<br><\/p>\n\n\n\n<div data-wp-interactive=\"\" class=\"wp-block-file\"><object data-wp-bind--hidden=\"!selectors.core.file.hasPdfPreview\" hidden class=\"wp-block-file__embed\" data=\"https:\/\/www.manaus.am.gov.br\/semtepi\/wp-content\/uploads\/sites\/20\/2025\/12\/LISTA-ELABORACAO-DE-PROJETOS-16122025.pdf\" type=\"application\/pdf\" style=\"width:100%;height:600px\" aria-label=\"Incorporado de LISTA-ELABORACAO-DE-PROJETOS-16122025.\"><\/object><a id=\"wp-block-file--media-233327ab-15d8-458c-afea-49916deb0bfc\" href=\"https:\/\/www.manaus.am.gov.br\/semtepi\/wp-content\/uploads\/sites\/20\/2025\/12\/LISTA-ELABORACAO-DE-PROJETOS-16122025.pdf\">LISTA-ELABORACAO-DE-PROJETOS-16122025<\/a><a href=\"https:\/\/www.manaus.am.gov.br\/semtepi\/wp-content\/uploads\/sites\/20\/2025\/12\/LISTA-ELABORACAO-DE-PROJETOS-16122025.pdf\" class=\"wp-block-file__button wp-element-button\" download aria-describedby=\"wp-block-file--media-233327ab-15d8-458c-afea-49916deb0bfc\">Baixar<\/a><\/div>\n\n\n\n<p><br><\/p>\n\n\n\n<div data-wp-interactive=\"\" class=\"wp-block-file\"><object data-wp-bind--hidden=\"!selectors.core.file.hasPdfPreview\" hidden class=\"wp-block-file__embed\" data=\"https:\/\/www.manaus.am.gov.br\/semtepi\/wp-content\/uploads\/sites\/20\/2025\/12\/LISTA-PORTFOLIO-PROFISSIONAL-17122025.pdf\" type=\"application\/pdf\" style=\"width:100%;height:600px\" aria-label=\"Incorporado de LISTA-PORTFOLIO-PROFISSIONAL-17122025.\"><\/object><a id=\"wp-block-file--media-bde97c9c-0717-4500-8576-0dafac8d5480\" href=\"https:\/\/www.manaus.am.gov.br\/semtepi\/wp-content\/uploads\/sites\/20\/2025\/12\/LISTA-PORTFOLIO-PROFISSIONAL-17122025.pdf\">LISTA-PORTFOLIO-PROFISSIONAL-17122025<\/a><a href=\"https:\/\/www.manaus.am.gov.br\/semtepi\/wp-content\/uploads\/sites\/20\/2025\/12\/LISTA-PORTFOLIO-PROFISSIONAL-17122025.pdf\" class=\"wp-block-file__button wp-element-button\" download aria-describedby=\"wp-block-file--media-bde97c9c-0717-4500-8576-0dafac8d5480\">Baixar<\/a><\/div>\n\n\n\n<p>\u2014&#8211; \u2014- \u2014-<br><strong>Texto \u2013 <\/strong>Asafe Augusto \/ Semtepi<br><strong>Fotos &#8211; <\/strong>Divulga\u00e7\u00e3o \/ Semtepi<\/p>\n","protected":false},"excerpt":{"rendered":"","protected":false},"author":68,"featured_media":7380,"comment_status":"closed","ping_status":"closed","sticky":false,"template":"","format":"standard","meta":{"footnotes":""},"categories":[51],"tags":[8,9,1642,1643],"acf":[],"yoast_head":"<!-- This site is optimized with the Yoast SEO plugin v23.0 - https:\/\/yoast.com\/wordpress\/plugins\/seo\/ -->\n<title>Prefeitura de Manaus divulga lista de selecionados nos workshops \u2018Elabora\u00e7\u00e3o de Projetos\u2019 e \u2018Portf\u00f3lio Profissional\u2019<\/title>\n<meta name=\"description\" content=\"A Prefeitura de Manaus divulgou, a lista de selecionados para os dois workshops &quot;Elabora\u00e7\u00e3o de Projetos&quot; e &quot;Portf\u00f3lio Profissional&quot;.\" \/>\n<meta name=\"robots\" content=\"noindex, follow\" \/>\n<meta property=\"og:locale\" content=\"pt_BR\" \/>\n<meta property=\"og:type\" content=\"article\" \/>\n<meta property=\"og:title\" content=\"Prefeitura de Manaus divulga lista de selecionados nos workshops \u2018Elabora\u00e7\u00e3o de Projetos\u2019 e \u2018Portf\u00f3lio Profissional\u2019\" \/>\n<meta property=\"og:description\" content=\"A Prefeitura de Manaus divulgou, a lista de selecionados para os dois workshops &quot;Elabora\u00e7\u00e3o de Projetos&quot; e &quot;Portf\u00f3lio Profissional&quot;.\" \/>\n<meta property=\"og:url\" content=\"https:\/\/www.manaus.am.gov.br\/semtepi\/capacitacao\/workshops-formacao\/\" \/>\n<meta property=\"og:site_name\" content=\"SEMTEPI\" \/>\n<meta property=\"article:published_time\" content=\"2025-12-15T21:48:03+00:00\" \/>\n<meta property=\"og:image\" content=\"https:\/\/www.manaus.am.gov.br\/semtepi\/wp-content\/uploads\/sites\/20\/2025\/12\/WhatsApp-Image-2023-01-23-at-18.15.39.jpeg\" \/>\n\t<meta property=\"og:image:width\" content=\"1280\" \/>\n\t<meta property=\"og:image:height\" content=\"960\" \/>\n\t<meta property=\"og:image:type\" content=\"image\/jpeg\" \/>\n<meta name=\"author\" content=\"bvalente\" \/>\n<meta name=\"twitter:card\" content=\"summary_large_image\" \/>\n<meta name=\"twitter:label1\" content=\"Written by\" \/>\n\t<meta name=\"twitter:data1\" content=\"bvalente\" \/>\n\t<meta name=\"twitter:label2\" content=\"Est. reading time\" \/>\n\t<meta name=\"twitter:data2\" content=\"2 minutos\" \/>\n<script type=\"application\/ld+json\" class=\"yoast-schema-graph\">{\"@context\":\"https:\/\/schema.org\",\"@graph\":[{\"@type\":\"Article\",\"@id\":\"https:\/\/www.manaus.am.gov.br\/semtepi\/capacitacao\/workshops-formacao\/#article\",\"isPartOf\":{\"@id\":\"https:\/\/www.manaus.am.gov.br\/semtepi\/capacitacao\/workshops-formacao\/\"},\"author\":{\"name\":\"bvalente\",\"@id\":\"https:\/\/www.manaus.am.gov.br\/semtepi\/#\/schema\/person\/466a0e03ae4b6062809046bd560ac955\"},\"headline\":\"Prefeitura de Manaus divulga lista de selecionados nos workshops \u2018Elabora\u00e7\u00e3o de Projetos\u2019 e \u2018Portf\u00f3lio Profissional\u2019\",\"datePublished\":\"2025-12-15T21:48:03+00:00\",\"dateModified\":\"2025-12-15T21:48:03+00:00\",\"mainEntityOfPage\":{\"@id\":\"https:\/\/www.manaus.am.gov.br\/semtepi\/capacitacao\/workshops-formacao\/\"},\"wordCount\":272,\"publisher\":{\"@id\":\"https:\/\/www.manaus.am.gov.br\/semtepi\/#organization\"},\"image\":{\"@id\":\"https:\/\/www.manaus.am.gov.br\/semtepi\/capacitacao\/workshops-formacao\/#primaryimage\"},\"thumbnailUrl\":\"https:\/\/www.manaus.am.gov.br\/semtepi\/wp-content\/uploads\/sites\/20\/2025\/12\/WhatsApp-Image-2023-01-23-at-18.15.39.jpeg\",\"keywords\":[\"prefeitura de manaus\",\"Semtepi\",\"workshops \u2018Elabora\u00e7\u00e3o de Projetos\u2019 e \u2018Portf\u00f3lio Profissional\u2019\",\"workshops forma\u00e7\u00e3o\"],\"articleSection\":[\"Capacita\u00e7\u00e3o\"],\"inLanguage\":\"pt-BR\"},{\"@type\":\"WebPage\",\"@id\":\"https:\/\/www.manaus.am.gov.br\/semtepi\/capacitacao\/workshops-formacao\/\",\"url\":\"https:\/\/www.manaus.am.gov.br\/semtepi\/capacitacao\/workshops-formacao\/\",\"name\":\"Prefeitura de Manaus divulga lista de selecionados nos workshops \u2018Elabora\u00e7\u00e3o de Projetos\u2019 e \u2018Portf\u00f3lio Profissional\u2019\",\"isPartOf\":{\"@id\":\"https:\/\/www.manaus.am.gov.br\/semtepi\/#website\"},\"primaryImageOfPage\":{\"@id\":\"https:\/\/www.manaus.am.gov.br\/semtepi\/capacitacao\/workshops-formacao\/#primaryimage\"},\"image\":{\"@id\":\"https:\/\/www.manaus.am.gov.br\/semtepi\/capacitacao\/workshops-formacao\/#primaryimage\"},\"thumbnailUrl\":\"https:\/\/www.manaus.am.gov.br\/semtepi\/wp-content\/uploads\/sites\/20\/2025\/12\/WhatsApp-Image-2023-01-23-at-18.15.39.jpeg\",\"datePublished\":\"2025-12-15T21:48:03+00:00\",\"dateModified\":\"2025-12-15T21:48:03+00:00\",\"description\":\"A Prefeitura de Manaus divulgou, a lista de selecionados para os dois workshops \\\"Elabora\u00e7\u00e3o de Projetos\\\" e \\\"Portf\u00f3lio Profissional\\\".\",\"breadcrumb\":{\"@id\":\"https:\/\/www.manaus.am.gov.br\/semtepi\/capacitacao\/workshops-formacao\/#breadcrumb\"},\"inLanguage\":\"pt-BR\",\"potentialAction\":[{\"@type\":\"ReadAction\",\"target\":[\"https:\/\/www.manaus.am.gov.br\/semtepi\/capacitacao\/workshops-formacao\/\"]}]},{\"@type\":\"ImageObject\",\"inLanguage\":\"pt-BR\",\"@id\":\"https:\/\/www.manaus.am.gov.br\/semtepi\/capacitacao\/workshops-formacao\/#primaryimage\",\"url\":\"https:\/\/www.manaus.am.gov.br\/semtepi\/wp-content\/uploads\/sites\/20\/2025\/12\/WhatsApp-Image-2023-01-23-at-18.15.39.jpeg\",\"contentUrl\":\"https:\/\/www.manaus.am.gov.br\/semtepi\/wp-content\/uploads\/sites\/20\/2025\/12\/WhatsApp-Image-2023-01-23-at-18.15.39.jpeg\",\"width\":1280,\"height\":960,\"caption\":\"#paratodosverem - Alunos durante capacita\u00e7\u00e3o da Semtepi\"},{\"@type\":\"BreadcrumbList\",\"@id\":\"https:\/\/www.manaus.am.gov.br\/semtepi\/capacitacao\/workshops-formacao\/#breadcrumb\",\"itemListElement\":[{\"@type\":\"ListItem\",\"position\":1,\"name\":\"Home\",\"item\":\"https:\/\/www.manaus.am.gov.br\/semtepi\/\"},{\"@type\":\"ListItem\",\"position\":2,\"name\":\"Prefeitura de Manaus divulga lista de selecionados nos workshops \u2018Elabora\u00e7\u00e3o de Projetos\u2019 e \u2018Portf\u00f3lio Profissional\u2019\"}]},{\"@type\":\"WebSite\",\"@id\":\"https:\/\/www.manaus.am.gov.br\/semtepi\/#website\",\"url\":\"https:\/\/www.manaus.am.gov.br\/semtepi\/\",\"name\":\"SEMTEPI\",\"description\":\"Prefeitura de Manaus\",\"publisher\":{\"@id\":\"https:\/\/www.manaus.am.gov.br\/semtepi\/#organization\"},\"alternateName\":\"Secretaria Municipal do Trabalho, Empreendedorismo e Inova\u00e7\u00e3o\",\"potentialAction\":[{\"@type\":\"SearchAction\",\"target\":{\"@type\":\"EntryPoint\",\"urlTemplate\":\"https:\/\/www.manaus.am.gov.br\/semtepi\/?s={search_term_string}\"},\"query-input\":\"required name=search_term_string\"}],\"inLanguage\":\"pt-BR\"},{\"@type\":\"Organization\",\"@id\":\"https:\/\/www.manaus.am.gov.br\/semtepi\/#organization\",\"name\":\"Prefeitura Municipal de Manaus\",\"alternateName\":\"Prefeitura de Manaus\",\"url\":\"https:\/\/www.manaus.am.gov.br\/semtepi\/\",\"logo\":{\"@type\":\"ImageObject\",\"inLanguage\":\"pt-BR\",\"@id\":\"https:\/\/www.manaus.am.gov.br\/semtepi\/#\/schema\/logo\/image\/\",\"url\":\"https:\/\/www.manaus.am.gov.br\/semtepi\/wp-content\/uploads\/sites\/20\/2024\/07\/favicon.png\",\"contentUrl\":\"https:\/\/www.manaus.am.gov.br\/semtepi\/wp-content\/uploads\/sites\/20\/2024\/07\/favicon.png\",\"width\":300,\"height\":300,\"caption\":\"Prefeitura Municipal de Manaus\"},\"image\":{\"@id\":\"https:\/\/www.manaus.am.gov.br\/semtepi\/#\/schema\/logo\/image\/\"}},{\"@type\":\"Person\",\"@id\":\"https:\/\/www.manaus.am.gov.br\/semtepi\/#\/schema\/person\/466a0e03ae4b6062809046bd560ac955\",\"name\":\"bvalente\",\"image\":{\"@type\":\"ImageObject\",\"inLanguage\":\"pt-BR\",\"@id\":\"https:\/\/www.manaus.am.gov.br\/semtepi\/#\/schema\/person\/image\/\",\"url\":\"https:\/\/secure.gravatar.com\/avatar\/3e69bc2b014bdad41adfec3a39de07d2?s=96&d=mm&r=g\",\"contentUrl\":\"https:\/\/secure.gravatar.com\/avatar\/3e69bc2b014bdad41adfec3a39de07d2?s=96&d=mm&r=g\",\"caption\":\"bvalente\"}}]}<\/script>\n<!-- \/ Yoast SEO plugin. -->","yoast_head_json":{"title":"Prefeitura de Manaus divulga lista de selecionados nos workshops \u2018Elabora\u00e7\u00e3o de Projetos\u2019 e \u2018Portf\u00f3lio Profissional\u2019","description":"A Prefeitura de Manaus divulgou, a lista de selecionados para os dois workshops \"Elabora\u00e7\u00e3o de Projetos\" e \"Portf\u00f3lio Profissional\".","robots":{"index":"noindex","follow":"follow"},"og_locale":"pt_BR","og_type":"article","og_title":"Prefeitura de Manaus divulga lista de selecionados nos workshops \u2018Elabora\u00e7\u00e3o de Projetos\u2019 e \u2018Portf\u00f3lio Profissional\u2019","og_description":"A Prefeitura de Manaus divulgou, a lista de selecionados para os dois workshops \"Elabora\u00e7\u00e3o de Projetos\" e \"Portf\u00f3lio Profissional\".","og_url":"https:\/\/www.manaus.am.gov.br\/semtepi\/capacitacao\/workshops-formacao\/","og_site_name":"SEMTEPI","article_published_time":"2025-12-15T21:48:03+00:00","og_image":[{"width":1280,"height":960,"url":"https:\/\/www.manaus.am.gov.br\/semtepi\/wp-content\/uploads\/sites\/20\/2025\/12\/WhatsApp-Image-2023-01-23-at-18.15.39.jpeg","type":"image\/jpeg"}],"author":"bvalente","twitter_card":"summary_large_image","twitter_misc":{"Written by":"bvalente","Est. reading time":"2 minutos"},"schema":{"@context":"https:\/\/schema.org","@graph":[{"@type":"Article","@id":"https:\/\/www.manaus.am.gov.br\/semtepi\/capacitacao\/workshops-formacao\/#article","isPartOf":{"@id":"https:\/\/www.manaus.am.gov.br\/semtepi\/capacitacao\/workshops-formacao\/"},"author":{"name":"bvalente","@id":"https:\/\/www.manaus.am.gov.br\/semtepi\/#\/schema\/person\/466a0e03ae4b6062809046bd560ac955"},"headline":"Prefeitura de Manaus divulga lista de selecionados nos workshops \u2018Elabora\u00e7\u00e3o de Projetos\u2019 e \u2018Portf\u00f3lio Profissional\u2019","datePublished":"2025-12-15T21:48:03+00:00","dateModified":"2025-12-15T21:48:03+00:00","mainEntityOfPage":{"@id":"https:\/\/www.manaus.am.gov.br\/semtepi\/capacitacao\/workshops-formacao\/"},"wordCount":272,"publisher":{"@id":"https:\/\/www.manaus.am.gov.br\/semtepi\/#organization"},"image":{"@id":"https:\/\/www.manaus.am.gov.br\/semtepi\/capacitacao\/workshops-formacao\/#primaryimage"},"thumbnailUrl":"https:\/\/www.manaus.am.gov.br\/semtepi\/wp-content\/uploads\/sites\/20\/2025\/12\/WhatsApp-Image-2023-01-23-at-18.15.39.jpeg","keywords":["prefeitura de manaus","Semtepi","workshops \u2018Elabora\u00e7\u00e3o de Projetos\u2019 e \u2018Portf\u00f3lio Profissional\u2019","workshops forma\u00e7\u00e3o"],"articleSection":["Capacita\u00e7\u00e3o"],"inLanguage":"pt-BR"},{"@type":"WebPage","@id":"https:\/\/www.manaus.am.gov.br\/semtepi\/capacitacao\/workshops-formacao\/","url":"https:\/\/www.manaus.am.gov.br\/semtepi\/capacitacao\/workshops-formacao\/","name":"Prefeitura de Manaus divulga lista de selecionados nos workshops \u2018Elabora\u00e7\u00e3o de Projetos\u2019 e \u2018Portf\u00f3lio Profissional\u2019","isPartOf":{"@id":"https:\/\/www.manaus.am.gov.br\/semtepi\/#website"},"primaryImageOfPage":{"@id":"https:\/\/www.manaus.am.gov.br\/semtepi\/capacitacao\/workshops-formacao\/#primaryimage"},"image":{"@id":"https:\/\/www.manaus.am.gov.br\/semtepi\/capacitacao\/workshops-formacao\/#primaryimage"},"thumbnailUrl":"https:\/\/www.manaus.am.gov.br\/semtepi\/wp-content\/uploads\/sites\/20\/2025\/12\/WhatsApp-Image-2023-01-23-at-18.15.39.jpeg","datePublished":"2025-12-15T21:48:03+00:00","dateModified":"2025-12-15T21:48:03+00:00","description":"A Prefeitura de Manaus divulgou, a lista de selecionados para os dois workshops \"Elabora\u00e7\u00e3o de Projetos\" e \"Portf\u00f3lio Profissional\".","breadcrumb":{"@id":"https:\/\/www.manaus.am.gov.br\/semtepi\/capacitacao\/workshops-formacao\/#breadcrumb"},"inLanguage":"pt-BR","potentialAction":[{"@type":"ReadAction","target":["https:\/\/www.manaus.am.gov.br\/semtepi\/capacitacao\/workshops-formacao\/"]}]},{"@type":"ImageObject","inLanguage":"pt-BR","@id":"https:\/\/www.manaus.am.gov.br\/semtepi\/capacitacao\/workshops-formacao\/#primaryimage","url":"https:\/\/www.manaus.am.gov.br\/semtepi\/wp-content\/uploads\/sites\/20\/2025\/12\/WhatsApp-Image-2023-01-23-at-18.15.39.jpeg","contentUrl":"https:\/\/www.manaus.am.gov.br\/semtepi\/wp-content\/uploads\/sites\/20\/2025\/12\/WhatsApp-Image-2023-01-23-at-18.15.39.jpeg","width":1280,"height":960,"caption":"#paratodosverem - Alunos durante capacita\u00e7\u00e3o da Semtepi"},{"@type":"BreadcrumbList","@id":"https:\/\/www.manaus.am.gov.br\/semtepi\/capacitacao\/workshops-formacao\/#breadcrumb","itemListElement":[{"@type":"ListItem","position":1,"name":"Home","item":"https:\/\/www.manaus.am.gov.br\/semtepi\/"},{"@type":"ListItem","position":2,"name":"Prefeitura de Manaus divulga lista de selecionados nos workshops \u2018Elabora\u00e7\u00e3o de Projetos\u2019 e \u2018Portf\u00f3lio Profissional\u2019"}]},{"@type":"WebSite","@id":"https:\/\/www.manaus.am.gov.br\/semtepi\/#website","url":"https:\/\/www.manaus.am.gov.br\/semtepi\/","name":"SEMTEPI","description":"Prefeitura de Manaus","publisher":{"@id":"https:\/\/www.manaus.am.gov.br\/semtepi\/#organization"},"alternateName":"Secretaria Municipal do Trabalho, Empreendedorismo e Inova\u00e7\u00e3o","potentialAction":[{"@type":"SearchAction","target":{"@type":"EntryPoint","urlTemplate":"https:\/\/www.manaus.am.gov.br\/semtepi\/?s={search_term_string}"},"query-input":"required name=search_term_string"}],"inLanguage":"pt-BR"},{"@type":"Organization","@id":"https:\/\/www.manaus.am.gov.br\/semtepi\/#organization","name":"Prefeitura Municipal de Manaus","alternateName":"Prefeitura de Manaus","url":"https:\/\/www.manaus.am.gov.br\/semtepi\/","logo":{"@type":"ImageObject","inLanguage":"pt-BR","@id":"https:\/\/www.manaus.am.gov.br\/semtepi\/#\/schema\/logo\/image\/","url":"https:\/\/www.manaus.am.gov.br\/semtepi\/wp-content\/uploads\/sites\/20\/2024\/07\/favicon.png","contentUrl":"https:\/\/www.manaus.am.gov.br\/semtepi\/wp-content\/uploads\/sites\/20\/2024\/07\/favicon.png","width":300,"height":300,"caption":"Prefeitura Municipal de Manaus"},"image":{"@id":"https:\/\/www.manaus.am.gov.br\/semtepi\/#\/schema\/logo\/image\/"}},{"@type":"Person","@id":"https:\/\/www.manaus.am.gov.br\/semtepi\/#\/schema\/person\/466a0e03ae4b6062809046bd560ac955","name":"bvalente","image":{"@type":"ImageObject","inLanguage":"pt-BR","@id":"https:\/\/www.manaus.am.gov.br\/semtepi\/#\/schema\/person\/image\/","url":"https:\/\/secure.gravatar.com\/avatar\/3e69bc2b014bdad41adfec3a39de07d2?s=96&d=mm&r=g","contentUrl":"https:\/\/secure.gravatar.com\/avatar\/3e69bc2b014bdad41adfec3a39de07d2?s=96&d=mm&r=g","caption":"bvalente"}}]}},"_links":{"self":[{"href":"https:\/\/www.manaus.am.gov.br\/semtepi\/wp-json\/wp\/v2\/posts\/7377"}],"collection":[{"href":"https:\/\/www.manaus.am.gov.br\/semtepi\/wp-json\/wp\/v2\/posts"}],"about":[{"href":"https:\/\/www.manaus.am.gov.br\/semtepi\/wp-json\/wp\/v2\/types\/post"}],"author":[{"embeddable":true,"href":"https:\/\/www.manaus.am.gov.br\/semtepi\/wp-json\/wp\/v2\/users\/68"}],"replies":[{"embeddable":true,"href":"https:\/\/www.manaus.am.gov.br\/semtepi\/wp-json\/wp\/v2\/comments?post=7377"}],"version-history":[{"count":1,"href":"https:\/\/www.manaus.am.gov.br\/semtepi\/wp-json\/wp\/v2\/posts\/7377\/revisions"}],"predecessor-version":[{"id":7381,"href":"https:\/\/www.manaus.am.gov.br\/semtepi\/wp-json\/wp\/v2\/posts\/7377\/revisions\/7381"}],"wp:featuredmedia":[{"embeddable":true,"href":"https:\/\/www.manaus.am.gov.br\/semtepi\/wp-json\/wp\/v2\/media\/7380"}],"wp:attachment":[{"href":"https:\/\/www.manaus.am.gov.br\/semtepi\/wp-json\/wp\/v2\/media?parent=7377"}],"wp:term":[{"taxonomy":"category","embeddable":true,"href":"https:\/\/www.manaus.am.gov.br\/semtepi\/wp-json\/wp\/v2\/categories?post=7377"},{"taxonomy":"post_tag","embeddable":true,"href":"https:\/\/www.manaus.am.gov.br\/semtepi\/wp-json\/wp\/v2\/tags?post=7377"}],"curies":[{"name":"wp","href":"https:\/\/api.w.org\/{rel}","templated":true}]}}