{"id":7340,"date":"2025-12-04T14:20:42","date_gmt":"2025-12-04T18:20:42","guid":{"rendered":"https:\/\/www.manaus.am.gov.br\/semtepi\/sem-categoria\/prefeitura-semtepi-vagasdeemprego0512\/"},"modified":"2025-12-05T13:37:27","modified_gmt":"2025-12-05T17:37:27","slug":"vagas-de-emprego-3","status":"publish","type":"post","link":"https:\/\/www.manaus.am.gov.br\/semtepi\/oportunidade\/vagas-de-emprego-3\/","title":{"rendered":"Sine Manaus oferta 365 vagas de emprego nesta sexta\u2013feira, 5\/12"},"content":{"rendered":"\n<p>A Prefeitura de Manaus, por meio do <a href=\"https:\/\/www.manaus.am.gov.br\/semtepi\/\">Sine Manaus<\/a>, oferta 365 vagas de emprego em v\u00e1rias \u00e1reas de atua\u00e7\u00e3o, nesta sexta\u2013feira, 5\/12,\u00a0das 8h \u00e0s 14h. O candidato pode validar a Carteira Digital e Previd\u00eancia Social (CTPS) no aplicativo \u201cCarteira de Trabalho Digital\u201d ou acessar o site\u00a0<a href=\"http:\/\/gov.br\/trabalho\">http:\/\/gov.br\/trabalho<\/a>.<\/p>\n\n\n\n<p>Para participar da pr\u00e9\u2013sele\u00e7\u00e3o e concorrer a uma das vagas dispon\u00edveis, ou receber orienta\u00e7\u00e3o de cadastro, Carteira de Trabalho Digital e seguro\u2013desemprego, os candidatos devem comparecer a um dos postos do Sine Manaus: na avenida Constantino Nery, n\u00ba 1.272, bairro S\u00e3o Geraldo, zona Centro\u2013Sul; ou no shopping Phelippe Daou, na avenida Camapu\u00e3, n\u00ba 2.939, bairro Cidade de Deus, zona Norte.<\/p>\n\n\n\n<p>Os interessados devem estar munidos do comprovante de vacina\u00e7\u00e3o (Covid\u201319), curr\u00edculo, certificados de cursos e documentos pessoais (RG, CPF, PIS, CTPS, comprovante de escolaridade e resid\u00eancia). N\u00e3o \u00e9 necess\u00e1rio apresentar c\u00f3pias, somente os documentos originais.<\/p>\n\n\n\n<p>\u00c9 importante que os candidatos mantenham seus cadastros atualizados, especialmente ao finalizarem novas qualifica\u00e7\u00f5es. Para vagas espec\u00edficas, podem ser solicitados documentos adicionais, como cursos ou certifica\u00e7\u00f5es, por isso, \u00e9 essencial estar atento aos &#8220;Requisitos Obrigat\u00f3rios&#8221; de cada vaga.<\/p>\n\n\n\n<p>A Semtepi ressalta que, obedecendo ao disposto no artigo 5\u00ba, da Constitui\u00e7\u00e3o Federal, e ao artigo 373\u2013A, da Consolida\u00e7\u00e3o das Leis Trabalhistas (CLT), crit\u00e9rios referentes a sexo, idade, cor ou situa\u00e7\u00e3o familiar, n\u00e3o podem ser informados na divulga\u00e7\u00e3o das vagas disponibilizadas.<\/p>\n\n\n\n<p>Os candidatos devem estar cientes das diretrizes de vestimenta estabelecidas pelo \u00f3rg\u00e3o, as quais incluem a proibi\u00e7\u00e3o de vestimentas como bermudas, shorts, minissaias, camisetas regatas e chinelos durante a entrada.<\/p>\n\n\n\n<p><strong>VAGAS NOVAS \u2013 132<\/strong><\/p>\n\n\n\n<p><strong>1 vaga &#8211; Analista de Engenharia<\/strong><\/p>\n\n\n\n<p><strong>Escolaridade &#8211;<\/strong> ensino superior completo em Engenharia Civil;<\/p>\n\n\n\n<p><strong>Experi\u00eancia \u2013 <\/strong>tr\u00eas meses na Carteira de Trabalho;<\/p>\n\n\n\n<p><strong>Requisitos Obrigat\u00f3rios <\/strong>&#8211; possuir documenta\u00e7\u00e3o completa;<\/p>\n\n\n\n<p><strong>Atividades &#8211;<\/strong> atuar no planejamento das obras, acompanhar e controlar cronogramas de obras, or\u00e7amentos, medi\u00e7\u00f5es e custo, verificar requisitos t\u00e9cnicos e de projetos, compatibiliza\u00e7\u00e3o de plantas, especifica\u00e7\u00f5es de materiais, fiscalizar a execu\u00e7\u00e3o da obra com base em projetos e normas t\u00e9cnicas, fazendo vistorias e medi\u00e7\u00f5es, preparar relat\u00f3rios de progresso, quantitativos, controle de materiais e servi\u00e7os, medi\u00e7\u00f5es e controle de qualidade; apoiar planejamento, log\u00edstica de materiais, equipamentos e m\u00e3o de obra; controle de insumos e fornecimento; auxiliar ou supervisionar a parte t\u00e9cnica\u2013administrativa da obra.<\/p>\n\n\n\n<p><strong>Dispon\u00edvel at\u00e9 5\/12\/2025 ou encerramento da vaga<\/strong><\/p>\n\n\n\n<p><strong>1 vaga &#8211; Auxiliar de Engenharia<\/strong><\/p>\n\n\n\n<p><strong>Escolaridade &#8211;<\/strong> ensino superior completo em Engenharia Civil;<\/p>\n\n\n\n<p><strong>Experi\u00eancia \u2013 <\/strong>tr\u00eas meses na Carteira de Trabalho;<\/p>\n\n\n\n<p><strong>Requisitos Obrigat\u00f3rios <\/strong>&#8211; possuir documenta\u00e7\u00e3o completa;<\/p>\n\n\n\n<p><strong>Atividades &#8211;<\/strong> acompanhar a execu\u00e7\u00e3o dos servi\u00e7os na obra, auxiliando o engenheiro\/encarregado no controle de qualidade, prazos e conformidade com projetos; realizar medi\u00e7\u00f5es de servi\u00e7os executados, levantamentos em campo e registro fotogr\u00e1fico; apoiar no controle de materiais, insumos, equipamentos e solicita\u00e7\u00f5es para o almoxarifado; ler e interpretar plantas, projetos e especifica\u00e7\u00f5es t\u00e9cnicas b\u00e1sicas; auxiliar no preparo de relat\u00f3rios t\u00e9cnicos, di\u00e1rios de obra, planilhas e documentos de acompanhamento; fiscalizar servi\u00e7os simples e reportar n\u00e3o conformidades \u00e0 supervis\u00e3o; acompanhar equipes terceirizadas, verificando presen\u00e7a, in\u00edcio dos servi\u00e7os e etapas conclu\u00eddas; auxiliar na organiza\u00e7\u00e3o do canteiro, log\u00edstica de materiais e apoio administrativo da obra.<\/p>\n\n\n\n<p><strong>Dispon\u00edvel at\u00e9 5\/12\/2025 ou encerramento da vaga<\/strong><\/p>\n\n\n\n<p><strong>1 vaga &#8211; Soldador<\/strong><\/p>\n\n\n\n<p><strong>Escolaridade &#8211;<\/strong> ensino fundamental incompleto;<\/p>\n\n\n\n<p><strong>Experi\u00eancia \u2013 <\/strong>seis meses na Carteira de Trabalho;<\/p>\n\n\n\n<p><strong>Requisitos Obrigat\u00f3rios <\/strong>&#8211; possuir documenta\u00e7\u00e3o completa;<\/p>\n\n\n\n<p><strong>Atividades &#8211;<\/strong> realizar opera\u00e7\u00f5es de soldagem para fabrica\u00e7\u00e3o, montagem e recupera\u00e7\u00e3o de pe\u00e7as.<\/p>\n\n\n\n<p><strong>Dispon\u00edvel at\u00e9 5\/12\/2025 ou encerramento da vaga<\/strong><\/p>\n\n\n\n<p><strong>1 vaga &#8211; Serralheiro<\/strong><\/p>\n\n\n\n<p><strong>Escolaridade &#8211;<\/strong> ensino fundamental incompleto;<\/p>\n\n\n\n<p><strong>Experi\u00eancia \u2013 <\/strong>seis meses na Carteira de Trabalho;<\/p>\n\n\n\n<p><strong>Requisitos Obrigat\u00f3rios <\/strong>&#8211; possuir documenta\u00e7\u00e3o completa;<\/p>\n\n\n\n<p><strong>Atividades &#8211;<\/strong> planejar, preparar, montar e reparar pe\u00e7as e conjuntos met\u00e1licos.<\/p>\n\n\n\n<p><strong>Dispon\u00edvel at\u00e9 5\/12\/2025 ou encerramento da vaga<\/strong><\/p>\n\n\n\n<p><strong>60 vagas &#8211; Auxiliar de Produ\u00e7\u00e3o<\/strong><\/p>\n\n\n\n<p><strong>Escolaridade &#8211;<\/strong> ensino fundamental completo;<\/p>\n\n\n\n<p><strong>Experi\u00eancia \u2013 <\/strong>n\u00e3o \u00e9 necess\u00e1rio;<\/p>\n\n\n\n<p><strong>Requisitos Obrigat\u00f3rios <\/strong>&#8211; ter disponibilidade de hor\u00e1rio e possuir documenta\u00e7\u00e3o completa (com dispensa militar);<\/p>\n\n\n\n<p><strong>Atividades &#8211;<\/strong>&nbsp; prepara\u00e7\u00e3o e montagem de produtos, opera\u00e7\u00e3o de m\u00e1quinas, embalagem e organiza\u00e7\u00e3o do ambiente de trabalho.<\/p>\n\n\n\n<p><strong>Dispon\u00edvel at\u00e9 5\/12\/2025 ou encerramento da vaga<\/strong><\/p>\n\n\n\n<p><strong>2 vagas &#8211; Jardineiro<\/strong><\/p>\n\n\n\n<p><strong>Escolaridade &#8211;<\/strong> ensino fundamental completo;<\/p>\n\n\n\n<p><strong>Experi\u00eancia \u2013 <\/strong>seis meses na Carteira de Trabalho;<\/p>\n\n\n\n<p><strong>Requisitos Obrigat\u00f3rios <\/strong>&#8211; possuir documenta\u00e7\u00e3o completa (com dispensa militar);<\/p>\n\n\n\n<p><strong>Atividades &#8211;<\/strong> respons\u00e1vel pela cria\u00e7\u00e3o, manuten\u00e7\u00e3o e conserva\u00e7\u00e3o de jardins, parques e \u00e1reas verdes.<\/p>\n\n\n\n<p><strong>Dispon\u00edvel at\u00e9 5\/12\/2025 ou encerramento da vaga<\/strong><\/p>\n\n\n\n<p><strong>5 vagas &#8211; Servi\u00e7os de Manuten\u00e7\u00e3o<\/strong><\/p>\n\n\n\n<p><strong>Escolaridade &#8211;<\/strong> ensino m\u00e9dio completo;<\/p>\n\n\n\n<p><strong>Experi\u00eancia \u2013 <\/strong>registrada na Carteira de Trabalho;<\/p>\n\n\n\n<p><strong>Requisitos Obrigat\u00f3rios <\/strong>&#8211; ter conhecimento em inje\u00e7\u00e3o eletr\u00f4nica, suspens\u00e3o, mec\u00e2nica em geral e possuir documenta\u00e7\u00e3o completa;<\/p>\n\n\n\n<p><strong>Atividades &#8211;<\/strong> repara\u00e7\u00f5es mec\u00e2nicas e el\u00e9tricas, manuten\u00e7\u00e3o do sistema de inje\u00e7\u00e3o eletr\u00f4nica, lanternagem e pintura, alinhamento e balanceamento, e servi\u00e7os de vidra\u00e7aria.<\/p>\n\n\n\n<p><strong>Dispon\u00edvel at\u00e9 5\/12\/2025 ou encerramento da vaga<\/strong><\/p>\n\n\n\n<p><strong>1 vaga &#8211; Jardineiro<\/strong><\/p>\n\n\n\n<p><strong>Escolaridade &#8211;<\/strong> ensino fundamental completo;<\/p>\n\n\n\n<p><strong>Experi\u00eancia \u2013 <\/strong>seis meses na Carteira de Trabalho;<\/p>\n\n\n\n<p><strong>Requisitos Obrigat\u00f3rios <\/strong>&#8211; possuir documenta\u00e7\u00e3o completa (com dispensa militar);<\/p>\n\n\n\n<p><strong>Atividades &#8211;<\/strong> realizar plantio, poda, irriga\u00e7\u00e3o e aduba\u00e7\u00e3o das \u00e1reas verdes; manter a limpeza e conserva\u00e7\u00e3o dos jardins e espa\u00e7os externos; garantir o bom estado das plantas e gramados, acompanhando seu desenvolvimento; zelar pelos equipamentos e ferramentas de jardinagem; apoiar a\u00e7\u00f5es de paisagismo e embelezamento dos espa\u00e7os do hospital; cumprir as normas de seguran\u00e7a e sustentabilidade nas atividades di\u00e1rias.<\/p>\n\n\n\n<p><strong>Dispon\u00edvel at\u00e9 5\/12\/2025 ou encerramento da vaga<\/strong><\/p>\n\n\n\n<p><strong>2 vagas &#8211; Vendedor de Autope\u00e7as<\/strong><\/p>\n\n\n\n<p><strong>Escolaridade &#8211;<\/strong> ensino m\u00e9dio completo;<\/p>\n\n\n\n<p><strong>Experi\u00eancia \u2013 <\/strong>n\u00e3o \u00e9 necess\u00e1rio;<\/p>\n\n\n\n<p><strong>Requisitos Obrigat\u00f3rios <\/strong>&#8211; possuir documenta\u00e7\u00e3o completa (com dispensa militar);<\/p>\n\n\n\n<p><strong>Atividades &#8211;<\/strong> atendimento ao cliente; indica\u00e7\u00e3o e recomenda\u00e7\u00e3o de pe\u00e7as adequadas; emiss\u00e3o de pedidos e or\u00e7amentos; organiza\u00e7\u00e3o do ambiente de trabalho.<\/p>\n\n\n\n<p><strong>Dispon\u00edvel at\u00e9 5\/12\/2025 ou encerramento da vaga<\/strong><\/p>\n\n\n\n<p><strong>1 vaga &#8211; Ajudante de Carga e Descarga&nbsp;<\/strong><\/p>\n\n\n\n<p><strong>Escolaridade &#8211;<\/strong> ensino fundamental completo;<\/p>\n\n\n\n<p><strong>Experi\u00eancia \u2013 <\/strong>tr\u00eas meses na Carteira de Trabalho;<\/p>\n\n\n\n<p><strong>Requisitos Obrigat\u00f3rios <\/strong>&#8211; residir na Zona Norte ou Leste e possuir documenta\u00e7\u00e3o completa (com dispensa militar);<\/p>\n\n\n\n<p><strong>Atividades &#8211;<\/strong> carregar e descarregar gelo em caminh\u00f5es e armazenar em c\u00e2maras frigor\u00edficas.<\/p>\n\n\n\n<p><strong>Dispon\u00edvel at\u00e9 5\/12\/2025 ou encerramento da vaga<\/strong><\/p>\n\n\n\n<p><strong>2 vagas &#8211; Vendedor<\/strong><\/p>\n\n\n\n<p><strong>Escolaridade &#8211;<\/strong> ensino m\u00e9dio completo;<\/p>\n\n\n\n<p><strong>Experi\u00eancia \u2013 <\/strong>seis meses na Carteira de Trabalho;<\/p>\n\n\n\n<p><strong>Requisitos Obrigat\u00f3rios <\/strong>&#8211; ter Carteira Nacional de Habilita\u00e7\u00e3o categoria \u201cB\u201d, curso de Inform\u00e1tica b\u00e1sica, Atendimento ao Cliente e possuir documenta\u00e7\u00e3o completa (com dispensa militar);<\/p>\n\n\n\n<p><strong>Atividades &#8211;<\/strong> vender produtos e servi\u00e7os por meio de contatos remotos como telefone, e-mail e videochamadas.<\/p>\n\n\n\n<p><strong>Dispon\u00edvel at\u00e9 5\/12\/2025 ou encerramento da vaga<\/strong><\/p>\n\n\n\n<p><strong>1 vaga &#8211; Operador de Empilhadeira<\/strong><\/p>\n\n\n\n<p><strong>Escolaridade &#8211;<\/strong> ensino m\u00e9dio completo;<\/p>\n\n\n\n<p><strong>Experi\u00eancia \u2013 <\/strong>seis meses na Carteira de Trabalho;<\/p>\n\n\n\n<p><strong>Requisitos Obrigat\u00f3rios <\/strong>&#8211; possuir documenta\u00e7\u00e3o completa (com dispensa militar);<\/p>\n\n\n\n<p><strong>Atividades &#8211;<\/strong> cria\u00e7\u00e3o, manuten\u00e7\u00e3o e conserva\u00e7\u00e3o de jardins, parques e \u00e1reas verdes.<\/p>\n\n\n\n<p><strong>Dispon\u00edvel at\u00e9 5\/12\/2025 ou encerramento da vaga<\/strong><\/p>\n\n\n\n<p><strong>50 vagas &#8211; Vendedor Interno<\/strong><\/p>\n\n\n\n<p><strong>Escolaridade &#8211;<\/strong> ensino m\u00e9dio completo;<\/p>\n\n\n\n<p><strong>Experi\u00eancia \u2013 <\/strong>n\u00e3o \u00e9 necess\u00e1rio;<\/p>\n\n\n\n<p><strong>Requisitos Obrigat\u00f3rios <\/strong>&#8211; possuir documenta\u00e7\u00e3o completa;<\/p>\n\n\n\n<p><strong>Atividades &#8211;<\/strong> preparar movimenta\u00e7\u00e3o de carga e a movimentam; organizar carga, interpretando simbologia das embalagens, armazenando de acordo com o prazo de validade do produto, identificando caracter\u00edsticas da carga para transporte e armazenamento e separando carga n\u00e3o-conforme; realizar manuten\u00e7\u00f5es previstas em equipamentos para movimenta\u00e7\u00e3o de cargas.<\/p>\n\n\n\n<p><strong>Dispon\u00edvel at\u00e9 5\/12\/2025 ou encerramento da vaga<\/strong><\/p>\n\n\n\n<p><strong>1 vaga &#8211; Analista financeiro<\/strong><\/p>\n\n\n\n<p><strong>Escolaridade &#8211;<\/strong> ensino superior completo em Ci\u00eancia Cont\u00e1beis;<\/p>\n\n\n\n<p><strong>Experi\u00eancia \u2013 <\/strong>seis meses na Carteira de Trabalho;<\/p>\n\n\n\n<p><strong>Requisitos Obrigat\u00f3rios <\/strong>&#8211; possuir documenta\u00e7\u00e3o completa;<\/p>\n\n\n\n<p><strong>Atividades &#8211;<\/strong> analisar e consolidar informa\u00e7\u00f5es financeiras, elaborar relat\u00f3rios, calcular indicadores de rentabilidade e viabilidade de neg\u00f3cios e analisar demonstra\u00e7\u00f5es financeiras.<\/p>\n\n\n\n<p><strong>Dispon\u00edvel at\u00e9 5\/12\/2025 ou encerramento da vaga<\/strong><\/p>\n\n\n\n<p><strong>3 vagas &#8211; Cuidador de Idosos<\/strong><\/p>\n\n\n\n<p><strong>Escolaridade &#8211;<\/strong> ensino m\u00e9dio completo;<\/p>\n\n\n\n<p><strong>Experi\u00eancia \u2013 <\/strong>seis meses na Carteira de Trabalho ou avulsa;<\/p>\n\n\n\n<p><strong>Requisitos Obrigat\u00f3rios <\/strong>&#8211; possuir documenta\u00e7\u00e3o completa;<\/p>\n\n\n\n<p><strong>Atividades &#8211;<\/strong> fornecer assist\u00eancia f\u00edsica e emocional a pessoas mais velhas, ajudando em rotinas di\u00e1rias como higiene, alimenta\u00e7\u00e3o, mobilidade e administra\u00e7\u00e3o de medicamentos, al\u00e9m de garantir seguran\u00e7a, bem-estar e lazer.<\/p>\n\n\n\n<p><strong>Dispon\u00edvel at\u00e9 5\/12\/2025 ou encerramento da vaga<\/strong><\/p>\n\n\n\n<p><strong>VAGAS NO COM\u00c9RCIO \u2013 15<\/strong><\/p>\n\n\n\n<p><strong>1 vaga &#8211; Auxiliar de Confeiteiro<\/strong><\/p>\n\n\n\n<p><strong>Escolaridade &#8211;<\/strong> ensino m\u00e9dio completo;<\/p>\n\n\n\n<p><strong>Experi\u00eancia \u2013 <\/strong>registrada na Carteira de Trabalho;<\/p>\n\n\n\n<p><strong>Requisitos Obrigat\u00f3rios <\/strong>&#8211; possuir documenta\u00e7\u00e3o completa;<\/p>\n\n\n\n<p><strong>Atividades &#8211;<\/strong> auxiliar na prepara\u00e7\u00e3o de massas, recheios e coberturas, preparar a montagem de bolos e doces, realizar a decora\u00e7\u00e3o dos produtos, manter a limpeza e a organiza\u00e7\u00e3o da \u00e1rea de trabalho e dos utens\u00edlios, e auxiliar no controle de estoque de ingredientes.<\/p>\n\n\n\n<p><strong>Dispon\u00edvel at\u00e9 5\/12\/2025 ou encerramento da vaga<\/strong><\/p>\n\n\n\n<p><strong>15 vagas &#8211; Atendente de A\u00e7ougue<\/strong><\/p>\n\n\n\n<p><strong>Escolaridade &#8211;<\/strong> ensino fundamental completo;<\/p>\n\n\n\n<p><strong>Experi\u00eancia \u2013 <\/strong>n\u00e3o \u00e9 necess\u00e1rio;<\/p>\n\n\n\n<p><strong>Requisitos Obrigat\u00f3rios <\/strong>&#8211; possuir documenta\u00e7\u00e3o completa (com dispensa militar);<\/p>\n\n\n\n<p><strong>Atividades &#8211;<\/strong> realizar o atendimento dos clientes, cortes e fatiamento dos produtos do setor, organizar e manter o seu espa\u00e7o de trabalho limpo.<\/p>\n\n\n\n<p><strong>Dispon\u00edvel at\u00e9 5\/12\/2025 ou encerramento da vaga<\/strong><\/p>\n\n\n\n<p><strong>10 vagas &#8211; Operador de Caixa<\/strong><\/p>\n\n\n\n<p><strong>Escolaridade &#8211;<\/strong> ensino m\u00e9dio completo;<\/p>\n\n\n\n<p><strong>Experi\u00eancia \u2013 <\/strong>seis meses na Carteira de Trabalho;<\/p>\n\n\n\n<p><strong>Requisitos Obrigat\u00f3rios <\/strong>&#8211; residir nas proximidades do bairros Ponta Negra e possuir documenta\u00e7\u00e3o completa (com dispensa militar);<\/p>\n\n\n\n<p><strong>Atividades &#8211;<\/strong> realizar o atendimento dos clientes, a abertura, opera\u00e7\u00e3o e fechamento do caixa, receber pagamentos em dinheiro, cart\u00f5es, PIX, vales e outras formas de pagamento e registrar produtos e servi\u00e7os no sistema de ponto de venda, assegurando a correta leitura dos c\u00f3digos de barras e pre\u00e7os.<\/p>\n\n\n\n<p><strong>Dispon\u00edvel at\u00e9 5\/12\/2025 ou encerramento da vaga<\/strong><\/p>\n\n\n\n<p><strong>1 vaga &#8211; Monitor de Sistemas Externo<\/strong><\/p>\n\n\n\n<p><strong>Escolaridade &#8211;<\/strong> ensino m\u00e9dio completo;<\/p>\n\n\n\n<p><strong>Experi\u00eancia \u2013 <\/strong>n\u00e3o \u00e9 necess\u00e1rio;<\/p>\n\n\n\n<p><strong>Requisitos Obrigat\u00f3rios <\/strong>&#8211; ter Carteira Nacional de Habilita\u00e7\u00e3o categoria \u201cA\u201d e possuir documenta\u00e7\u00e3o completa (com dispensa militar);<\/p>\n\n\n\n<p><strong>Atividades &#8211;<\/strong> inspecionar, verificar e realizar atendimento de alarme quando necess\u00e1rio de sistemas de seguran\u00e7a em locais monitorados, especialmente ap\u00f3s o acionamento de um alarme; auxiliar o t\u00e9cnico em manuten\u00e7\u00e3o de CFTV e alarme, se deslocar at\u00e9 o local para realizar a inspe\u00e7\u00e3o t\u00e9cnica, identificar e corrigir falhas, garantir que os sistemas estejam funcionando corretamente, elaborar relat\u00f3rios e, se necess\u00e1rio, acionar \u00f3rg\u00e3os competentes como a pol\u00edcia ou bombeiros.<\/p>\n\n\n\n<p><strong>Dispon\u00edvel at\u00e9 5\/12\/2025 ou encerramento da vaga<\/strong><\/p>\n\n\n\n<p><strong>VAGAS NA IND\u00daSTRIA \u2013 90<\/strong><\/p>\n\n\n\n<p><strong>50 vagas &#8211; Auxiliar de Linha de Produ\u00e7\u00e3o<\/strong><\/p>\n\n\n\n<p><strong>Escolaridade &#8211; <\/strong>ensino fundamental incompleto;<\/p>\n\n\n\n<p><strong>Experi\u00eancia \u2013<\/strong> n\u00e3o \u00e9 necess\u00e1rio;<\/p>\n\n\n\n<p><strong>Requisitos Obrigat\u00f3rios &#8211; <\/strong>a vaga \u00e9 destinada para candidatos que est\u00e3o em busca de novos desafios; o candidato vai precisar morar em: V\u00e1rzea Grande &#8211; MT e possuir documenta\u00e7\u00e3o completa (com dispensa militar);<\/p>\n\n\n\n<p><strong>Atividades &#8211; <\/strong>executar atividades operacionais em setores de apoio ou produ\u00e7\u00e3o de frios, visando garantir a manuten\u00e7\u00e3o, organiza\u00e7\u00e3o, limpeza ou opera\u00e7\u00e3o de atividades na unidade.<\/p>\n\n\n\n<p><strong>Dispon\u00edvel at\u00e9 5\/12\/2025 ou encerramento da vaga<\/strong><\/p>\n\n\n\n<p><strong>25 vagas &#8211; Auxiliar de Linha de Produ\u00e7\u00e3o<\/strong><\/p>\n\n\n\n<p><strong>Escolaridade &#8211; <\/strong>ensino fundamental incompleto;<\/p>\n\n\n\n<p><strong>Experi\u00eancia \u2013<\/strong> n\u00e3o \u00e9 necess\u00e1rio;<\/p>\n\n\n\n<p><strong>Requisitos Obrigat\u00f3rios &#8211; <\/strong>a vaga \u00e9 destinada para candidatos que est\u00e3o em busca de novos desafios; o candidato vai precisar morar em: Promiss\u00e3o-SP e possuir documenta\u00e7\u00e3o completa (com dispensa militar);<\/p>\n\n\n\n<p><strong>Atividades &#8211; <\/strong>auxiliar a ind\u00fastria de abate bovino.<\/p>\n\n\n\n<p><strong>Dispon\u00edvel at\u00e9 5\/12\/2025 ou encerramento da vaga<\/strong><\/p>\n\n\n\n<p><strong>2 vagas &#8211; Auxiliar de Expedi\u00e7\u00e3o Carga e Descarga<\/strong><\/p>\n\n\n\n<p><strong>Escolaridade &#8211;<\/strong> ensino m\u00e9dio completo;<\/p>\n\n\n\n<p><strong>Experi\u00eancia \u2013 <\/strong>seis meses na Carteira de Trabalho;<\/p>\n\n\n\n<p><strong>Requisitos Obrigat\u00f3rios <\/strong>&#8211; possuir documenta\u00e7\u00e3o completa (com dispensa militar);<\/p>\n\n\n\n<p><strong>Atividades &#8211;<\/strong> acompanhar o motorista na prepara\u00e7\u00e3o e na entrega de mercadorias para transporte e movimenta\u00e7\u00e3o; fazer confer\u00eancias, organizar os materiais e ter manuseio com equipamentos como paleteiras e empilhadeiras.<\/p>\n\n\n\n<p><strong>Dispon\u00edvel at\u00e9 5\/12\/2025 ou encerramento da vaga<\/strong><\/p>\n\n\n\n<p><strong>1 vaga &#8211; T\u00e9cnico em Seguran\u00e7a do Trabalho<\/strong><\/p>\n\n\n\n<p><strong>Escolaridade &#8211;<\/strong> ensino m\u00e9dio completo;<\/p>\n\n\n\n<p><strong>Experi\u00eancia \u2013 <\/strong>tr\u00eas meses na Carteira de Trabalho;<\/p>\n\n\n\n<p><strong>Requisitos Obrigat\u00f3rios <\/strong>&#8211; ter curso t\u00e9cnico em Seguran\u00e7a do Trabalho, registro ativo no MTE, experi\u00eancia no setor industrial e possuir documenta\u00e7\u00e3o completa (com dispensa militar);<\/p>\n\n\n\n<p><strong>Atividades &#8211;<\/strong> garantir o cumprimento das normas de seguran\u00e7a e sa\u00fade ocupacional; realizar inspe\u00e7\u00f5es nas \u00e1reas da empresa e identificar riscos; promover campanhas e treinamentos de conscientiza\u00e7\u00e3o; elaborar e acompanhar planos de a\u00e7\u00e3o corretivos e preventivos.<\/p>\n\n\n\n<p><strong>Dispon\u00edvel at\u00e9 5\/12\/2025 ou encerramento da vaga<\/strong><\/p>\n\n\n\n<p><strong>VAGAS EM SERVI\u00c7O \u2013 124<\/strong><\/p>\n\n\n\n<p><strong>25 vagas &#8211; Atendente<\/strong><\/p>\n\n\n\n<p><strong>Escolaridade &#8211;<\/strong> ensino fundamental completo;<\/p>\n\n\n\n<p><strong>Experi\u00eancia \u2013 <\/strong>n\u00e3o \u00e9 necess\u00e1rio;<\/p>\n\n\n\n<p><strong>Requisitos Obrigat\u00f3rios <\/strong>&#8211; a vaga \u00e9 destinada para candidatos que est\u00e3o em busca de novos desafios; o candidato vai precisar morar em: MG\/ RJ\/ ES\/ PA ou Nordeste, disponibilidade para trabalhar em escala 6&#215;1 e possuir documenta\u00e7\u00e3o completa;<\/p>\n\n\n\n<p><strong>Atividades &#8211;<\/strong> recepcionar os clientes de forma cordial e atenciosa; realizar o atendimento e auxiliar na escolha do card\u00e1pio; registrar os pedidos e encaminh\u00e1-los \u00e0 cozinha; auxiliar na montagem e organiza\u00e7\u00e3o das mesas; realizar a manuten\u00e7\u00e3o, organiza\u00e7\u00e3o e limpeza do ambiente.<\/p>\n\n\n\n<p><strong>Dispon\u00edvel at\u00e9 5\/12\/2025 ou encerramento da vaga<\/strong><\/p>\n\n\n\n<p><strong>25 vagas &#8211; Auxiliar de Cozinha<\/strong><\/p>\n\n\n\n<p><strong>Escolaridade &#8211;<\/strong> ensino fundamental completo;<\/p>\n\n\n\n<p><strong>Experi\u00eancia \u2013 <\/strong>n\u00e3o \u00e9 necess\u00e1rio;<\/p>\n\n\n\n<p><strong>Requisitos Obrigat\u00f3rios <\/strong>&#8211; a vaga \u00e9 destinada para candidatos que est\u00e3o em busca de novos desafios; o candidato vai precisar morar em: MG\/ RJ\/ ES\/ PA ou Nordeste, disponibilidade para trabalhar em escala 6&#215;1 e possuir documenta\u00e7\u00e3o completa;<\/p>\n\n\n\n<p><strong>Atividades &#8211;<\/strong> prepara\u00e7\u00e3o e organiza\u00e7\u00e3o de alimentos, a higieniza\u00e7\u00e3o do ambiente e dos utens\u00edlios, e o apoio direto aos cozinheiros.<\/p>\n\n\n\n<p><strong>Dispon\u00edvel at\u00e9 5\/12\/2025 ou encerramento da vaga<\/strong><\/p>\n\n\n\n<p><strong>15 vagas &#8211; Auxiliar de Cozinha<\/strong><\/p>\n\n\n\n<p><strong>Escolaridade &#8211;<\/strong> ensino fundamental completo;<\/p>\n\n\n\n<p><strong>Experi\u00eancia \u2013 <\/strong>n\u00e3o \u00e9 necess\u00e1rio;<\/p>\n\n\n\n<p><strong>Requisitos Obrigat\u00f3rios <\/strong>&#8211; a vaga \u00e9 destinada para candidatos que est\u00e3o em busca de novos desafios; o candidato vai precisar morar em: Arauc\u00e1ria ou Curitiba &#8211; PR e possuir documenta\u00e7\u00e3o completa;<\/p>\n\n\n\n<p><strong>Atividades &#8211;<\/strong> auxiliar em todos os processos produtivos: pr\u00e9-preparo, armazenagem, distribui\u00e7\u00e3o, servimento, higieniza\u00e7\u00e3o e organiza\u00e7\u00e3o do ambiente de trabalho.<\/p>\n\n\n\n<p><strong>Dispon\u00edvel at\u00e9 5\/12\/2025 ou encerramento da vaga<\/strong><\/p>\n\n\n\n<p><strong>5 vagas &#8211; Cozinheiro Industrial<\/strong><\/p>\n\n\n\n<p><strong>Escolaridade &#8211;<\/strong> ensino fundamental completo;<\/p>\n\n\n\n<p><strong>Experi\u00eancia \u2013 <\/strong>seis meses na Carteira de Trabalho ou avulsa;<\/p>\n\n\n\n<p><strong>Requisitos Obrigat\u00f3rios <\/strong>&#8211; a vaga \u00e9 destinada para candidatos que est\u00e3o em busca de novos desafios; o candidato vai precisar morar em: Arauc\u00e1ria ou Curitiba &#8211; PR, ter experi\u00eancia em produ\u00e7\u00e3o de grande volume e possuir documenta\u00e7\u00e3o completa;<\/p>\n\n\n\n<p><strong>Atividades &#8211;<\/strong> responder pelo comando da equipe e prepara\u00e7\u00e3o do card\u00e1pio di\u00e1rio, realizando o planejamento da produ\u00e7\u00e3o, monitorando as tarefas e executando a coc\u00e7\u00e3o dos alimentos de acordo com o receitu\u00e1rio e procedimentos da empresa.<\/p>\n\n\n\n<p><strong>Dispon\u00edvel at\u00e9 5\/12\/2025 ou encerramento da vaga<\/strong><\/p>\n\n\n\n<p><strong>2 vagas &#8211; Nutricionista Supervisor<\/strong><\/p>\n\n\n\n<p><strong>Escolaridade &#8211;<\/strong> ensino superior completo em Nutri\u00e7\u00e3o;<\/p>\n\n\n\n<p><strong>Experi\u00eancia \u2013 <\/strong>seis meses na Carteira de Trabalho;<\/p>\n\n\n\n<p><strong>Requisitos Obrigat\u00f3rios <\/strong>&#8211; a vaga \u00e9 destinada para candidatos que est\u00e3o em busca de novos desafios; o candidato vai precisar morar em: Arauc\u00e1ria ou Curitiba &#8211; PR, ter experi\u00eancia em produ\u00e7\u00e3o de grande volume, CRN ativo e possuir documenta\u00e7\u00e3o completa;<\/p>\n\n\n\n<p><strong>Atividades &#8211;<\/strong> supervisionar, orientar, controlar, acompanhar as tarefas, comandar as equipes de trabalho e atender ao cliente.<\/p>\n\n\n\n<p><strong>Dispon\u00edvel at\u00e9 5\/12\/2025 ou encerramento da vaga<\/strong><\/p>\n\n\n\n<p><strong>1 vaga &#8211; Oficial de Manuten\u00e7\u00e3o<\/strong><\/p>\n\n\n\n<p><strong>Escolaridade &#8211;<\/strong> ensino m\u00e9dio completo;<\/p>\n\n\n\n<p><strong>Experi\u00eancia \u2013 <\/strong>seis meses na Carteira de Trabalho;<\/p>\n\n\n\n<p><strong>Requisitos Obrigat\u00f3rios <\/strong>&#8211; possuir documenta\u00e7\u00e3o completa (com dispensa militar);<\/p>\n\n\n\n<p><strong>Atividades &#8211;<\/strong> realizar manuten\u00e7\u00e3o predial em telhado; hidr\u00e1ulica; alvenaria; assentamento de cer\u00e2micas; pintura.<\/p>\n\n\n\n<p><strong>Dispon\u00edvel at\u00e9 5\/12\/2025 ou encerramento da vaga<\/strong><\/p>\n\n\n\n<p><strong>1 vaga &#8211; Mec\u00e2nico de Refrigera\u00e7\u00e3o<\/strong><\/p>\n\n\n\n<p><strong>Escolaridade &#8211;<\/strong> ensino m\u00e9dio completo;<\/p>\n\n\n\n<p><strong>Experi\u00eancia \u2013 <\/strong>registrada na Carteira de Trabalho;<\/p>\n\n\n\n<p><strong>Requisitos Obrigat\u00f3rios <\/strong>&#8211; ter Carteira Nacional de Habilita\u00e7\u00e3o categoria \u201cB\u201d, curso de NR 10, NR 35, T\u00e9cnico em Refrigera\u00e7\u00e3o, disponibilidade para viagens e possuir documenta\u00e7\u00e3o completa (com dispensa militar);<\/p>\n\n\n\n<p><strong>Atividades &#8211;<\/strong> instalar, montar e comissionar equipamentos de refrigera\u00e7\u00e3o e climatiza\u00e7\u00e3o; realizar manuten\u00e7\u00e3o preventiva e corretiva, incluindo reparos e troca de pe\u00e7as; atuar com diversos tipos de equipamentos, como ar condicionado split, inverter, chiller.<\/p>\n\n\n\n<p><strong>Dispon\u00edvel at\u00e9 5\/12\/2025 ou encerramento da vaga<\/strong><\/p>\n\n\n\n<p><strong>10 vagas &#8211; Motorista de Caminh\u00e3o<\/strong><\/p>\n\n\n\n<p><strong>Escolaridade &#8211;<\/strong> ensino m\u00e9dio completo;<\/p>\n\n\n\n<p><strong>Experi\u00eancia \u2013 <\/strong>registrada na Carteira de Trabalho;<\/p>\n\n\n\n<p><strong>Requisitos Obrigat\u00f3rios <\/strong>&#8211; ter Carteira Nacional de Habilita\u00e7\u00e3o categoria \u201cD\u201d, curso MOPP e possuir documenta\u00e7\u00e3o completa;<\/p>\n\n\n\n<p><strong>Atividades &#8211;<\/strong> transportar, coletar e entregar cargas em geral; guinchar, destombar e remover ve\u00edculos avariados e prestar socorro mec\u00e2nico; movimentar cargas volumosas e pesadas, podem, tamb\u00e9m, operar equipamentos, realizar inspe\u00e7\u00f5es e reparos em ve\u00edculos, vistoriar cargas, al\u00e9m de verificar documenta\u00e7\u00e3o de ve\u00edculos e de cargas.<\/p>\n\n\n\n<p><strong>Dispon\u00edvel at\u00e9 5\/12\/2025 ou encerramento da vaga<\/strong><\/p>\n\n\n\n<p><strong>10 vagas &#8211; Ajudante de Carga e Descarga<\/strong><\/p>\n\n\n\n<p><strong>Escolaridade &#8211;<\/strong> ensino fundamental completo;<\/p>\n\n\n\n<p><strong>Experi\u00eancia \u2013 <\/strong>n\u00e3o \u00e9 necess\u00e1rio;<\/p>\n\n\n\n<p><strong>Requisitos Obrigat\u00f3rios <\/strong>&#8211; residir nos bairros Grande Vit\u00f3ria, Gilberto Mestrinho, Jorge Teixeira, Santa In\u00eas ou proximidades e possuir documenta\u00e7\u00e3o completa (com dispensa militar);<\/p>\n\n\n\n<p><strong>Atividades &#8211;<\/strong> carregar e descarregar produtos em ve\u00edculos de transporte, como caminh\u00f5es, bem como organizar a \u00e1rea de trabalho e manter a ordem no armaz\u00e9m ou dep\u00f3sito.<\/p>\n\n\n\n<p><strong>Dispon\u00edvel at\u00e9 5\/12\/2025 ou encerramento da vaga<\/strong><\/p>\n\n\n\n<p><strong>3 vagas &#8211; Piloto Fluvial<\/strong><\/p>\n\n\n\n<p><strong>Escolaridade &#8211;<\/strong> ensino m\u00e9dio completo;<\/p>\n\n\n\n<p><strong>Experi\u00eancia \u2013 <\/strong>n\u00e3o \u00e9 necess\u00e1rio;<\/p>\n\n\n\n<p><strong>Requisitos Obrigat\u00f3rios <\/strong>&#8211; ter CIR v\u00e1lida, curso Aquavi\u00e1rio e possuir documenta\u00e7\u00e3o completa;<\/p>\n\n\n\n<p><strong>Atividades &#8211;<\/strong> garantir a opera\u00e7\u00e3o segura, disciplinada e conforme os regulamentos legais e normativos aplic\u00e1veis \u00e0&nbsp; embarca\u00e7\u00e3o sob sua responsabilidade, assegurando o cumprimento das leis, das ordens de servi\u00e7o e das atribui\u00e7\u00f5es do tripulantes de todas as categorias; promover inspe\u00e7\u00f5es regulares ou delegar sua execu\u00e7\u00e3o para assegurar as condi\u00e7\u00f5es adequadas de limpeza, e seguran\u00e7a a bordo.<\/p>\n\n\n\n<p><strong>Dispon\u00edvel at\u00e9 5\/12\/2025 ou encerramento da vaga<\/strong><\/p>\n\n\n\n<p><strong>3 vagas &#8211; Capit\u00e3o Fluvial<\/strong><\/p>\n\n\n\n<p><strong>Escolaridade &#8211;<\/strong> ensino m\u00e9dio completo;<\/p>\n\n\n\n<p><strong>Experi\u00eancia \u2013 <\/strong>n\u00e3o \u00e9 necess\u00e1rio;<\/p>\n\n\n\n<p><strong>Requisitos Obrigat\u00f3rios <\/strong>&#8211; ter CIR v\u00e1lida, curso Aquavi\u00e1rio e possuir documenta\u00e7\u00e3o completa;<\/p>\n\n\n\n<p><strong>Atividades &#8211;<\/strong>&nbsp; comandar, imediatar e tripular embarca\u00e7\u00f5es na navega\u00e7\u00e3o de longo curso, cabotagem e apoio mar\u00edtimo, coordenam opera\u00e7\u00f5es de navega\u00e7\u00e3o de apoio portu\u00e1rio e \u00e1guas interiores; navegar e orientar a navega\u00e7\u00e3o; operar com cargas; transportar passageiros e manobrar embarca\u00e7\u00f5es.<\/p>\n\n\n\n<p><strong>Dispon\u00edvel at\u00e9 5\/12\/2025 ou encerramento da vaga<\/strong><\/p>\n\n\n\n<p><strong>4 vagas &#8211; Vendedor Interno<\/strong><\/p>\n\n\n\n<p><strong>Escolaridade &#8211;<\/strong> ensino m\u00e9dio completo;<\/p>\n\n\n\n<p><strong>Experi\u00eancia \u2013 <\/strong>seis meses na Carteira de Trabalho;<\/p>\n\n\n\n<p><strong>Requisitos Obrigat\u00f3rios <\/strong>&#8211; ter conhecimento em Inform\u00e1tica e possuir documenta\u00e7\u00e3o completa;<\/p>\n\n\n\n<p><strong>Atividades &#8211;<\/strong> apresentar e vender solu\u00e7\u00f5es da empresa de telefonia, atender e prospectar clientes via telefone e e-mail, alcan\u00e7ar as metas e campanhas da empresa, reunir e encaminhar a documenta\u00e7\u00e3o do cliente para an\u00e1lise de cr\u00e9dito e auditoria, entre outras atividades correlatas \u00e0 fun\u00e7\u00e3o.<\/p>\n\n\n\n<p><strong>Dispon\u00edvel at\u00e9 5\/12\/2025 ou encerramento da vaga<\/strong><\/p>\n\n\n\n<p><strong>1 vaga &#8211; Soldador<\/strong><\/p>\n\n\n\n<p><strong>Escolaridade &#8211;<\/strong> ensino m\u00e9dio completo;<\/p>\n\n\n\n<p><strong>Experi\u00eancia \u2013 <\/strong>registrada na Carteira de Trabalho;<\/p>\n\n\n\n<p><strong>Requisitos Obrigat\u00f3rios <\/strong>&#8211; possuir documenta\u00e7\u00e3o completa (com dispensa militar);<\/p>\n\n\n\n<p><strong>Atividades &#8211;<\/strong> unir e cortar pe\u00e7as de ligas met\u00e1licas usando processos de soldagem e corte tais como eletrodo revestido, tig, mig, mag, oxig\u00e1s, arco submerso, brasagem, plasma; preparar equipamentos, acess\u00f3rios, consum\u00edveis de soldagem e corte e pe\u00e7as a serem soldadas.<\/p>\n\n\n\n<p><strong>Dispon\u00edvel at\u00e9 5\/12\/2025 ou encerramento da vaga<\/strong><\/p>\n\n\n\n<p><strong>1 vaga &#8211; Analista Financeiro<\/strong><\/p>\n\n\n\n<p><strong>Escolaridade &#8211;<\/strong> ensino m\u00e9dio completo;<\/p>\n\n\n\n<p><strong>Experi\u00eancia \u2013 <\/strong>registrada na Carteira de Trabalho;<\/p>\n\n\n\n<p><strong>Requisitos Obrigat\u00f3rios <\/strong>&#8211; possuir documenta\u00e7\u00e3o completa;<\/p>\n\n\n\n<p><strong>Atividades &#8211;<\/strong> planejar, gerenciar e analisar os recursos financeiros, elabora\u00e7\u00e3o de relat\u00f3rios e proje\u00e7\u00f5es, planejamento de pagamento mensal.<\/p>\n\n\n\n<p><strong>Dispon\u00edvel at\u00e9 5\/12\/2025 ou encerramento da vaga<\/strong><\/p>\n\n\n\n<p><strong>1 vaga &#8211; Ajudante de Caminh\u00e3o<\/strong><\/p>\n\n\n\n<p><strong>Escolaridade &#8211;<\/strong> ensino fundamental completo;<\/p>\n\n\n\n<p><strong>Experi\u00eancia \u2013 <\/strong>n\u00e3o \u00e9 necess\u00e1rio;<\/p>\n\n\n\n<p><strong>Requisitos Obrigat\u00f3rios <\/strong>&#8211; possuir documenta\u00e7\u00e3o completa (com dispensa militar);<\/p>\n\n\n\n<p><strong>Atividades &#8211;<\/strong> carregamento e descarregamento de carga de materiais de constru\u00e7\u00e3o.<\/p>\n\n\n\n<p><strong>Dispon\u00edvel at\u00e9 5\/12\/2025 ou encerramento da vaga<\/strong><\/p>\n\n\n\n<p><strong>2 vagas &#8211; Serralheiro<\/strong><\/p>\n\n\n\n<p><strong>Escolaridade &#8211;<\/strong> ensino fundamental completo;<\/p>\n\n\n\n<p><strong>Experi\u00eancia \u2013 <\/strong>seis meses na Carteira de Trabalho;<\/p>\n\n\n\n<p><strong>Requisitos Obrigat\u00f3rios <\/strong>&#8211; possuir documenta\u00e7\u00e3o completa (com dispensa militar);<\/p>\n\n\n\n<p><strong>Atividades &#8211;<\/strong> confeccionar, reparar e instalar pe\u00e7as e elementos diversos em chapas de metal como a\u00e7o, ferro galvanizado, cobre, estanho, lat\u00e3o, alum\u00ednio e zinco; trabalhar barras perfiladas de materiais ferrosos e n\u00e3o ferrosos para fabricar esquadrias, portas, grades, vitrais e pe\u00e7as similares.<\/p>\n\n\n\n<p><strong>Dispon\u00edvel at\u00e9 5\/12\/2025 ou encerramento da vaga<\/strong><\/p>\n\n\n\n<p><strong>4 vagas &#8211; Servente de Obras<\/strong><\/p>\n\n\n\n<p><strong>Escolaridade &#8211;<\/strong> ensino fundamental completo;<\/p>\n\n\n\n<p><strong>Experi\u00eancia \u2013 <\/strong>seis meses na Carteira de Trabalho;<\/p>\n\n\n\n<p><strong>Requisitos Obrigat\u00f3rios <\/strong>&#8211; ter conhecimento em Lixadeira, Parafusadeira, Martelete e possuir documenta\u00e7\u00e3o completa (com dispensa militar);<\/p>\n\n\n\n<p><strong>Atividades &#8211;<\/strong> atuar com estruturas met\u00e1licas para telhados.<\/p>\n\n\n\n<p><strong>Dispon\u00edvel at\u00e9 5\/12\/2025 ou encerramento da vaga<\/strong><\/p>\n\n\n\n<p><strong>1 vaga &#8211; Servente de Obras<\/strong><\/p>\n\n\n\n<p><strong>Escolaridade &#8211;<\/strong> ensino fundamental completo;<\/p>\n\n\n\n<p><strong>Experi\u00eancia \u2013 <\/strong>seis meses na Carteira de Trabalho ou avulsa;<\/p>\n\n\n\n<p><strong>Requisitos Obrigat\u00f3rios <\/strong>&#8211; possuir documenta\u00e7\u00e3o completa (com dispensa militar);<\/p>\n\n\n\n<p><strong>Atividades &#8211;<\/strong> auxiliar pedreiros, carpinteiros, armadores e outros profissionais da constru\u00e7\u00e3o civil no preparo de materiais, limpeza e organiza\u00e7\u00e3o do canteiro de obras.<\/p>\n\n\n\n<p><strong>Dispon\u00edvel at\u00e9 5\/12\/2025 ou encerramento da vaga<\/strong><\/p>\n\n\n\n<p><strong>1 vaga &#8211; Motorista de Caminh\u00e3o Ba\u00fa<\/strong><\/p>\n\n\n\n<p><strong>Escolaridade &#8211;<\/strong> ensino fundamental completo;<\/p>\n\n\n\n<p><strong>Experi\u00eancia \u2013 <\/strong>registrada na Carteira de Trabalho;<\/p>\n\n\n\n<p><strong>Requisitos Obrigat\u00f3rios <\/strong>&#8211; ter Carteira Nacional de habilita\u00e7\u00e3o categoria \u201cD\u201d, disponibilidade de hor\u00e1rio, disponibilidade para viagens interestaduais e possuir documenta\u00e7\u00e3o completa (com dispensa militar);<\/p>\n\n\n\n<p><strong>Atividades &#8211;<\/strong> conduzir os ve\u00edculos automotivos da institui\u00e7\u00e3o, seguindo as solicita\u00e7\u00f5es, mantendo-se informado sobre a agenda de entregas, respeitando as leis nacionais de tr\u00e2nsito e promovendo dire\u00e7\u00e3o defensiva, transporte da equipe de eventos, transporte de equipamentos.<\/p>\n\n\n\n<p><strong>Dispon\u00edvel at\u00e9 5\/12\/2025 ou encerramento da vaga<\/strong><\/p>\n\n\n\n<p><strong>2 vagas &#8211; Servi\u00e7os Gerais<\/strong><\/p>\n\n\n\n<p><strong>Escolaridade &#8211;<\/strong> ensino fundamental completo;<\/p>\n\n\n\n<p><strong>Experi\u00eancia \u2013 <\/strong>seis meses na Carteira de Trabalho;<\/p>\n\n\n\n<p><strong>Requisitos Obrigat\u00f3rios <\/strong>&#8211; ter disponibilidade de hor\u00e1rio e possuir documenta\u00e7\u00e3o completa;<\/p>\n\n\n\n<p><strong>Atividades &#8211;<\/strong> limpeza, organiza\u00e7\u00e3o.<\/p>\n\n\n\n<p><strong>Dispon\u00edvel at\u00e9 5\/12\/2025 ou encerramento da vaga<\/strong><\/p>\n\n\n\n<p><strong>2 vagas &#8211; Servente de Obras<\/strong><\/p>\n\n\n\n<p><strong>Escolaridade &#8211;<\/strong> ensino fundamental completo;<\/p>\n\n\n\n<p><strong>Experi\u00eancia \u2013 <\/strong>seis meses na Carteira de Trabalho;<\/p>\n\n\n\n<p><strong>Requisitos Obrigat\u00f3rios <\/strong>&#8211; ter disponibilidade de hor\u00e1rio e possuir documenta\u00e7\u00e3o completa (com dispensa militar);<\/p>\n\n\n\n<p><strong>Atividades &#8211;<\/strong> auxiliar em diversas tarefas, preparando e transportando materiais, limpando o local de trabalho e auxiliando outros profissionais como pedreiros, carpinteiros e eletricistas.<\/p>\n\n\n\n<p><strong>Dispon\u00edvel at\u00e9 5\/12\/2025 ou encerramento da vaga<\/strong><\/p>\n\n\n\n<p><strong>5 vagas &#8211; Ajudante de Obras<\/strong><\/p>\n\n\n\n<p><strong>Escolaridade &#8211;<\/strong> ensino fundamental completo;<\/p>\n\n\n\n<p><strong>Experi\u00eancia \u2013 <\/strong>tr\u00eas meses na Carteira de Trabalho;<\/p>\n\n\n\n<p><strong>Requisitos Obrigat\u00f3rios <\/strong>&#8211; possuir documenta\u00e7\u00e3o completa (com dispensa militar);<\/p>\n\n\n\n<p><strong>Atividades &#8211;<\/strong> carregar e descarregar materiais, preparar canteiros de obras, misturar materiais como cimento e argamassa, auxiliar pedreiros e outros profissionais, limpar e organizar o local de trabalho, al\u00e9m de realizar pequenas manuten\u00e7\u00f5es em equipamentos e ferramentas.<\/p>\n\n\n\n<p><strong>Dispon\u00edvel at\u00e9 5\/12\/2025 ou encerramento da vaga<\/strong><\/p>\n\n\n\n<p><strong>VAGAS DESTINADAS \u00c0 PESSOAS COM DEFICI\u00caNCIA (PCDs) \u2013 4<\/strong><\/p>\n\n\n\n<p><strong>1 vaga &#8211; Auxiliar de Servi\u00e7os Gerais &#8211; Vagas destinadas para Pessoa com Defici\u00eancia (PCD)<\/strong><\/p>\n\n\n\n<p><strong>Escolaridade &#8211;<\/strong> ensino fundamental completo;<\/p>\n\n\n\n<p><strong>Experi\u00eancia \u2013 <\/strong>seis meses na Carteira de Trabalho;<\/p>\n\n\n\n<p><strong>Requisitos Obrigat\u00f3rios <\/strong>&#8211; possuir documenta\u00e7\u00e3o completa;<\/p>\n\n\n\n<p><strong>Atividades &#8211;<\/strong> atender as necessidades de limpeza, manuten\u00e7\u00e3o e conserva\u00e7\u00e3o das instala\u00e7\u00f5es da institui\u00e7\u00e3o, removendo p\u00f3 de m\u00f3veis, paredes, tetos, portas, janelas e equipamentos.<\/p>\n\n\n\n<p><strong>Dispon\u00edvel at\u00e9 5\/12\/2025 ou encerramento da vaga<\/strong><\/p>\n\n\n\n<p><strong>3 vagas &#8211; Auxiliar de Operador Log\u00edstico &#8211; Vagas destinadas para Pessoa com Defici\u00eancia (PCD)<\/strong><\/p>\n\n\n\n<p><strong>Escolaridade &#8211;<\/strong> ensino m\u00e9dio completo;<\/p>\n\n\n\n<p><strong>Experi\u00eancia \u2013 <\/strong>n\u00e3o \u00e9 necess\u00e1rio;<\/p>\n\n\n\n<p><strong>Requisitos Obrigat\u00f3rios <\/strong>&#8211; possuir documenta\u00e7\u00e3o completa (com dispensa militar);<\/p>\n\n\n\n<p><strong>Atividades &#8211;<\/strong> auxiliar nas atividades de confer\u00eancia de material, separa\u00e7\u00e3o de pe\u00e7as, embalagem e reciclagem.<\/p>\n\n\n\n<p><strong>Dispon\u00edvel at\u00e9 5\/12\/2025 ou encerramento da vaga<\/strong><\/p>\n\n\n\n<p>\u2014 \u2014 \u2014<\/p>\n\n\n\n<p><strong>Texto<\/strong>&nbsp;\u2013&nbsp;Divulga\u00e7\u00e3o\/Semtepi<\/p>\n\n\n\n<p><strong>Fotos<\/strong>&nbsp;\u2013&nbsp;Arquivo\/Semcom<\/p>\n\n\n\n<p><strong>Dispon\u00edveis em<\/strong>&nbsp;\u2013&nbsp;<a href=\"https:\/\/flic.kr\/s\/aHBqjCetWK\">https:\/\/flic.kr\/s\/aHBqjCetWK<\/a><\/p>\n","protected":false},"excerpt":{"rendered":"","protected":false},"author":23,"featured_media":6830,"comment_status":"closed","ping_status":"closed","sticky":false,"template":"","format":"standard","meta":{"footnotes":""},"categories":[5],"tags":[250,68,8,9],"acf":[],"yoast_head":"<!-- This site is optimized with the Yoast SEO plugin v23.0 - https:\/\/yoast.com\/wordpress\/plugins\/seo\/ -->\n<title>Sine Manaus oferta 365 vagas de emprego nesta sexta\u2013feira, 5\/12<\/title>\n<meta name=\"description\" content=\"A Prefeitura de Manaus, por meio do Sine Manaus, oferta 377 vagas de emprego em v\u00e1rias \u00e1reas de atua\u00e7\u00e3o, nesta sexta\u2013feira, 5\/12, das 8h \u00e0s 14h.\" \/>\n<meta name=\"robots\" content=\"noindex, follow\" \/>\n<meta property=\"og:locale\" content=\"pt_BR\" \/>\n<meta property=\"og:type\" content=\"article\" \/>\n<meta property=\"og:title\" content=\"Sine Manaus oferta 365 vagas de emprego nesta sexta\u2013feira, 5\/12\" \/>\n<meta property=\"og:description\" content=\"A Prefeitura de Manaus, por meio do Sine Manaus, oferta 377 vagas de emprego em v\u00e1rias \u00e1reas de atua\u00e7\u00e3o, nesta sexta\u2013feira, 5\/12, das 8h \u00e0s 14h.\" \/>\n<meta property=\"og:url\" content=\"https:\/\/www.manaus.am.gov.br\/semtepi\/oportunidade\/prefeitura-semtepi-vagasdeemprego0512\/\" \/>\n<meta property=\"og:site_name\" content=\"SEMTEPI\" \/>\n<meta property=\"article:published_time\" content=\"2025-12-04T18:20:42+00:00\" \/>\n<meta property=\"article:modified_time\" content=\"2025-12-05T17:37:27+00:00\" \/>\n<meta property=\"og:image\" content=\"https:\/\/www.manaus.am.gov.br\/semtepi\/wp-content\/uploads\/sites\/20\/2025\/08\/54522862502_85a80cbd64_k.jpg\" \/>\n\t<meta property=\"og:image:width\" content=\"2048\" \/>\n\t<meta property=\"og:image:height\" content=\"1365\" \/>\n\t<meta property=\"og:image:type\" content=\"image\/jpeg\" \/>\n<meta name=\"author\" content=\"Adriana Costa\" \/>\n<meta name=\"twitter:card\" content=\"summary_large_image\" \/>\n<meta name=\"twitter:label1\" content=\"Written by\" \/>\n\t<meta name=\"twitter:data1\" content=\"Adriana Costa\" \/>\n\t<meta name=\"twitter:label2\" content=\"Est. reading time\" \/>\n\t<meta name=\"twitter:data2\" content=\"19 minutos\" \/>\n<script type=\"application\/ld+json\" class=\"yoast-schema-graph\">{\"@context\":\"https:\/\/schema.org\",\"@graph\":[{\"@type\":\"Article\",\"@id\":\"https:\/\/www.manaus.am.gov.br\/semtepi\/oportunidade\/prefeitura-semtepi-vagasdeemprego0512\/#article\",\"isPartOf\":{\"@id\":\"https:\/\/www.manaus.am.gov.br\/semtepi\/oportunidade\/prefeitura-semtepi-vagasdeemprego0512\/\"},\"author\":{\"name\":\"Adriana Costa\",\"@id\":\"https:\/\/www.manaus.am.gov.br\/semtepi\/#\/schema\/person\/4e49f4e267757a06ca072ec61b2b9968\"},\"headline\":\"Sine Manaus oferta 365 vagas de emprego nesta sexta\u2013feira, 5\/12\",\"datePublished\":\"2025-12-04T18:20:42+00:00\",\"dateModified\":\"2025-12-05T17:37:27+00:00\",\"mainEntityOfPage\":{\"@id\":\"https:\/\/www.manaus.am.gov.br\/semtepi\/oportunidade\/prefeitura-semtepi-vagasdeemprego0512\/\"},\"wordCount\":4046,\"publisher\":{\"@id\":\"https:\/\/www.manaus.am.gov.br\/semtepi\/#organization\"},\"image\":{\"@id\":\"https:\/\/www.manaus.am.gov.br\/semtepi\/oportunidade\/prefeitura-semtepi-vagasdeemprego0512\/#primaryimage\"},\"thumbnailUrl\":\"https:\/\/www.manaus.am.gov.br\/semtepi\/wp-content\/uploads\/sites\/20\/2025\/08\/54522862502_85a80cbd64_k.jpg\",\"keywords\":[\"Empregos\",\"oportunidades\",\"prefeitura de manaus\",\"Semtepi\"],\"articleSection\":[\"Oportunidade\"],\"inLanguage\":\"pt-BR\"},{\"@type\":\"WebPage\",\"@id\":\"https:\/\/www.manaus.am.gov.br\/semtepi\/oportunidade\/prefeitura-semtepi-vagasdeemprego0512\/\",\"url\":\"https:\/\/www.manaus.am.gov.br\/semtepi\/oportunidade\/prefeitura-semtepi-vagasdeemprego0512\/\",\"name\":\"Sine Manaus oferta 365 vagas de emprego nesta sexta\u2013feira, 5\/12\",\"isPartOf\":{\"@id\":\"https:\/\/www.manaus.am.gov.br\/semtepi\/#website\"},\"primaryImageOfPage\":{\"@id\":\"https:\/\/www.manaus.am.gov.br\/semtepi\/oportunidade\/prefeitura-semtepi-vagasdeemprego0512\/#primaryimage\"},\"image\":{\"@id\":\"https:\/\/www.manaus.am.gov.br\/semtepi\/oportunidade\/prefeitura-semtepi-vagasdeemprego0512\/#primaryimage\"},\"thumbnailUrl\":\"https:\/\/www.manaus.am.gov.br\/semtepi\/wp-content\/uploads\/sites\/20\/2025\/08\/54522862502_85a80cbd64_k.jpg\",\"datePublished\":\"2025-12-04T18:20:42+00:00\",\"dateModified\":\"2025-12-05T17:37:27+00:00\",\"description\":\"A Prefeitura de Manaus, por meio do Sine Manaus, oferta 377 vagas de emprego em v\u00e1rias \u00e1reas de atua\u00e7\u00e3o, nesta sexta\u2013feira, 5\/12, das 8h \u00e0s 14h.\",\"breadcrumb\":{\"@id\":\"https:\/\/www.manaus.am.gov.br\/semtepi\/oportunidade\/prefeitura-semtepi-vagasdeemprego0512\/#breadcrumb\"},\"inLanguage\":\"pt-BR\",\"potentialAction\":[{\"@type\":\"ReadAction\",\"target\":[\"https:\/\/www.manaus.am.gov.br\/semtepi\/oportunidade\/prefeitura-semtepi-vagasdeemprego0512\/\"]}]},{\"@type\":\"ImageObject\",\"inLanguage\":\"pt-BR\",\"@id\":\"https:\/\/www.manaus.am.gov.br\/semtepi\/oportunidade\/prefeitura-semtepi-vagasdeemprego0512\/#primaryimage\",\"url\":\"https:\/\/www.manaus.am.gov.br\/semtepi\/wp-content\/uploads\/sites\/20\/2025\/08\/54522862502_85a80cbd64_k.jpg\",\"contentUrl\":\"https:\/\/www.manaus.am.gov.br\/semtepi\/wp-content\/uploads\/sites\/20\/2025\/08\/54522862502_85a80cbd64_k.jpg\",\"width\":2048,\"height\":1365,\"caption\":\"#paratodosverem - Jovem recebendo atendimento de vaga de emprego em guich\u00ea do Sine Manaus\"},{\"@type\":\"BreadcrumbList\",\"@id\":\"https:\/\/www.manaus.am.gov.br\/semtepi\/oportunidade\/prefeitura-semtepi-vagasdeemprego0512\/#breadcrumb\",\"itemListElement\":[{\"@type\":\"ListItem\",\"position\":1,\"name\":\"Home\",\"item\":\"https:\/\/www.manaus.am.gov.br\/semtepi\/\"},{\"@type\":\"ListItem\",\"position\":2,\"name\":\"Sine Manaus oferta 365 vagas de emprego nesta sexta\u2013feira, 5\/12\"}]},{\"@type\":\"WebSite\",\"@id\":\"https:\/\/www.manaus.am.gov.br\/semtepi\/#website\",\"url\":\"https:\/\/www.manaus.am.gov.br\/semtepi\/\",\"name\":\"SEMTEPI\",\"description\":\"Prefeitura de Manaus\",\"publisher\":{\"@id\":\"https:\/\/www.manaus.am.gov.br\/semtepi\/#organization\"},\"alternateName\":\"Secretaria Municipal do Trabalho, Empreendedorismo e Inova\u00e7\u00e3o\",\"potentialAction\":[{\"@type\":\"SearchAction\",\"target\":{\"@type\":\"EntryPoint\",\"urlTemplate\":\"https:\/\/www.manaus.am.gov.br\/semtepi\/?s={search_term_string}\"},\"query-input\":\"required name=search_term_string\"}],\"inLanguage\":\"pt-BR\"},{\"@type\":\"Organization\",\"@id\":\"https:\/\/www.manaus.am.gov.br\/semtepi\/#organization\",\"name\":\"Prefeitura Municipal de Manaus\",\"alternateName\":\"Prefeitura de Manaus\",\"url\":\"https:\/\/www.manaus.am.gov.br\/semtepi\/\",\"logo\":{\"@type\":\"ImageObject\",\"inLanguage\":\"pt-BR\",\"@id\":\"https:\/\/www.manaus.am.gov.br\/semtepi\/#\/schema\/logo\/image\/\",\"url\":\"https:\/\/www.manaus.am.gov.br\/semtepi\/wp-content\/uploads\/sites\/20\/2024\/07\/favicon.png\",\"contentUrl\":\"https:\/\/www.manaus.am.gov.br\/semtepi\/wp-content\/uploads\/sites\/20\/2024\/07\/favicon.png\",\"width\":300,\"height\":300,\"caption\":\"Prefeitura Municipal de Manaus\"},\"image\":{\"@id\":\"https:\/\/www.manaus.am.gov.br\/semtepi\/#\/schema\/logo\/image\/\"}},{\"@type\":\"Person\",\"@id\":\"https:\/\/www.manaus.am.gov.br\/semtepi\/#\/schema\/person\/4e49f4e267757a06ca072ec61b2b9968\",\"name\":\"Adriana Costa\",\"image\":{\"@type\":\"ImageObject\",\"inLanguage\":\"pt-BR\",\"@id\":\"https:\/\/www.manaus.am.gov.br\/semtepi\/#\/schema\/person\/image\/\",\"url\":\"https:\/\/secure.gravatar.com\/avatar\/576258617ef7194f718179e766d57bd4?s=96&d=mm&r=g\",\"contentUrl\":\"https:\/\/secure.gravatar.com\/avatar\/576258617ef7194f718179e766d57bd4?s=96&d=mm&r=g\",\"caption\":\"Adriana Costa\"}}]}<\/script>\n<!-- \/ Yoast SEO plugin. -->","yoast_head_json":{"title":"Sine Manaus oferta 365 vagas de emprego nesta sexta\u2013feira, 5\/12","description":"A Prefeitura de Manaus, por meio do Sine Manaus, oferta 377 vagas de emprego em v\u00e1rias \u00e1reas de atua\u00e7\u00e3o, nesta sexta\u2013feira, 5\/12, das 8h \u00e0s 14h.","robots":{"index":"noindex","follow":"follow"},"og_locale":"pt_BR","og_type":"article","og_title":"Sine Manaus oferta 365 vagas de emprego nesta sexta\u2013feira, 5\/12","og_description":"A Prefeitura de Manaus, por meio do Sine Manaus, oferta 377 vagas de emprego em v\u00e1rias \u00e1reas de atua\u00e7\u00e3o, nesta sexta\u2013feira, 5\/12, das 8h \u00e0s 14h.","og_url":"https:\/\/www.manaus.am.gov.br\/semtepi\/oportunidade\/prefeitura-semtepi-vagasdeemprego0512\/","og_site_name":"SEMTEPI","article_published_time":"2025-12-04T18:20:42+00:00","article_modified_time":"2025-12-05T17:37:27+00:00","og_image":[{"width":2048,"height":1365,"url":"https:\/\/www.manaus.am.gov.br\/semtepi\/wp-content\/uploads\/sites\/20\/2025\/08\/54522862502_85a80cbd64_k.jpg","type":"image\/jpeg"}],"author":"Adriana Costa","twitter_card":"summary_large_image","twitter_misc":{"Written by":"Adriana Costa","Est. reading time":"19 minutos"},"schema":{"@context":"https:\/\/schema.org","@graph":[{"@type":"Article","@id":"https:\/\/www.manaus.am.gov.br\/semtepi\/oportunidade\/prefeitura-semtepi-vagasdeemprego0512\/#article","isPartOf":{"@id":"https:\/\/www.manaus.am.gov.br\/semtepi\/oportunidade\/prefeitura-semtepi-vagasdeemprego0512\/"},"author":{"name":"Adriana Costa","@id":"https:\/\/www.manaus.am.gov.br\/semtepi\/#\/schema\/person\/4e49f4e267757a06ca072ec61b2b9968"},"headline":"Sine Manaus oferta 365 vagas de emprego nesta sexta\u2013feira, 5\/12","datePublished":"2025-12-04T18:20:42+00:00","dateModified":"2025-12-05T17:37:27+00:00","mainEntityOfPage":{"@id":"https:\/\/www.manaus.am.gov.br\/semtepi\/oportunidade\/prefeitura-semtepi-vagasdeemprego0512\/"},"wordCount":4046,"publisher":{"@id":"https:\/\/www.manaus.am.gov.br\/semtepi\/#organization"},"image":{"@id":"https:\/\/www.manaus.am.gov.br\/semtepi\/oportunidade\/prefeitura-semtepi-vagasdeemprego0512\/#primaryimage"},"thumbnailUrl":"https:\/\/www.manaus.am.gov.br\/semtepi\/wp-content\/uploads\/sites\/20\/2025\/08\/54522862502_85a80cbd64_k.jpg","keywords":["Empregos","oportunidades","prefeitura de manaus","Semtepi"],"articleSection":["Oportunidade"],"inLanguage":"pt-BR"},{"@type":"WebPage","@id":"https:\/\/www.manaus.am.gov.br\/semtepi\/oportunidade\/prefeitura-semtepi-vagasdeemprego0512\/","url":"https:\/\/www.manaus.am.gov.br\/semtepi\/oportunidade\/prefeitura-semtepi-vagasdeemprego0512\/","name":"Sine Manaus oferta 365 vagas de emprego nesta sexta\u2013feira, 5\/12","isPartOf":{"@id":"https:\/\/www.manaus.am.gov.br\/semtepi\/#website"},"primaryImageOfPage":{"@id":"https:\/\/www.manaus.am.gov.br\/semtepi\/oportunidade\/prefeitura-semtepi-vagasdeemprego0512\/#primaryimage"},"image":{"@id":"https:\/\/www.manaus.am.gov.br\/semtepi\/oportunidade\/prefeitura-semtepi-vagasdeemprego0512\/#primaryimage"},"thumbnailUrl":"https:\/\/www.manaus.am.gov.br\/semtepi\/wp-content\/uploads\/sites\/20\/2025\/08\/54522862502_85a80cbd64_k.jpg","datePublished":"2025-12-04T18:20:42+00:00","dateModified":"2025-12-05T17:37:27+00:00","description":"A Prefeitura de Manaus, por meio do Sine Manaus, oferta 377 vagas de emprego em v\u00e1rias \u00e1reas de atua\u00e7\u00e3o, nesta sexta\u2013feira, 5\/12, das 8h \u00e0s 14h.","breadcrumb":{"@id":"https:\/\/www.manaus.am.gov.br\/semtepi\/oportunidade\/prefeitura-semtepi-vagasdeemprego0512\/#breadcrumb"},"inLanguage":"pt-BR","potentialAction":[{"@type":"ReadAction","target":["https:\/\/www.manaus.am.gov.br\/semtepi\/oportunidade\/prefeitura-semtepi-vagasdeemprego0512\/"]}]},{"@type":"ImageObject","inLanguage":"pt-BR","@id":"https:\/\/www.manaus.am.gov.br\/semtepi\/oportunidade\/prefeitura-semtepi-vagasdeemprego0512\/#primaryimage","url":"https:\/\/www.manaus.am.gov.br\/semtepi\/wp-content\/uploads\/sites\/20\/2025\/08\/54522862502_85a80cbd64_k.jpg","contentUrl":"https:\/\/www.manaus.am.gov.br\/semtepi\/wp-content\/uploads\/sites\/20\/2025\/08\/54522862502_85a80cbd64_k.jpg","width":2048,"height":1365,"caption":"#paratodosverem - Jovem recebendo atendimento de vaga de emprego em guich\u00ea do Sine Manaus"},{"@type":"BreadcrumbList","@id":"https:\/\/www.manaus.am.gov.br\/semtepi\/oportunidade\/prefeitura-semtepi-vagasdeemprego0512\/#breadcrumb","itemListElement":[{"@type":"ListItem","position":1,"name":"Home","item":"https:\/\/www.manaus.am.gov.br\/semtepi\/"},{"@type":"ListItem","position":2,"name":"Sine Manaus oferta 365 vagas de emprego nesta sexta\u2013feira, 5\/12"}]},{"@type":"WebSite","@id":"https:\/\/www.manaus.am.gov.br\/semtepi\/#website","url":"https:\/\/www.manaus.am.gov.br\/semtepi\/","name":"SEMTEPI","description":"Prefeitura de Manaus","publisher":{"@id":"https:\/\/www.manaus.am.gov.br\/semtepi\/#organization"},"alternateName":"Secretaria Municipal do Trabalho, Empreendedorismo e Inova\u00e7\u00e3o","potentialAction":[{"@type":"SearchAction","target":{"@type":"EntryPoint","urlTemplate":"https:\/\/www.manaus.am.gov.br\/semtepi\/?s={search_term_string}"},"query-input":"required name=search_term_string"}],"inLanguage":"pt-BR"},{"@type":"Organization","@id":"https:\/\/www.manaus.am.gov.br\/semtepi\/#organization","name":"Prefeitura Municipal de Manaus","alternateName":"Prefeitura de Manaus","url":"https:\/\/www.manaus.am.gov.br\/semtepi\/","logo":{"@type":"ImageObject","inLanguage":"pt-BR","@id":"https:\/\/www.manaus.am.gov.br\/semtepi\/#\/schema\/logo\/image\/","url":"https:\/\/www.manaus.am.gov.br\/semtepi\/wp-content\/uploads\/sites\/20\/2024\/07\/favicon.png","contentUrl":"https:\/\/www.manaus.am.gov.br\/semtepi\/wp-content\/uploads\/sites\/20\/2024\/07\/favicon.png","width":300,"height":300,"caption":"Prefeitura Municipal de Manaus"},"image":{"@id":"https:\/\/www.manaus.am.gov.br\/semtepi\/#\/schema\/logo\/image\/"}},{"@type":"Person","@id":"https:\/\/www.manaus.am.gov.br\/semtepi\/#\/schema\/person\/4e49f4e267757a06ca072ec61b2b9968","name":"Adriana Costa","image":{"@type":"ImageObject","inLanguage":"pt-BR","@id":"https:\/\/www.manaus.am.gov.br\/semtepi\/#\/schema\/person\/image\/","url":"https:\/\/secure.gravatar.com\/avatar\/576258617ef7194f718179e766d57bd4?s=96&d=mm&r=g","contentUrl":"https:\/\/secure.gravatar.com\/avatar\/576258617ef7194f718179e766d57bd4?s=96&d=mm&r=g","caption":"Adriana Costa"}}]}},"_links":{"self":[{"href":"https:\/\/www.manaus.am.gov.br\/semtepi\/wp-json\/wp\/v2\/posts\/7340"}],"collection":[{"href":"https:\/\/www.manaus.am.gov.br\/semtepi\/wp-json\/wp\/v2\/posts"}],"about":[{"href":"https:\/\/www.manaus.am.gov.br\/semtepi\/wp-json\/wp\/v2\/types\/post"}],"author":[{"embeddable":true,"href":"https:\/\/www.manaus.am.gov.br\/semtepi\/wp-json\/wp\/v2\/users\/23"}],"replies":[{"embeddable":true,"href":"https:\/\/www.manaus.am.gov.br\/semtepi\/wp-json\/wp\/v2\/comments?post=7340"}],"version-history":[{"count":2,"href":"https:\/\/www.manaus.am.gov.br\/semtepi\/wp-json\/wp\/v2\/posts\/7340\/revisions"}],"predecessor-version":[{"id":7349,"href":"https:\/\/www.manaus.am.gov.br\/semtepi\/wp-json\/wp\/v2\/posts\/7340\/revisions\/7349"}],"wp:featuredmedia":[{"embeddable":true,"href":"https:\/\/www.manaus.am.gov.br\/semtepi\/wp-json\/wp\/v2\/media\/6830"}],"wp:attachment":[{"href":"https:\/\/www.manaus.am.gov.br\/semtepi\/wp-json\/wp\/v2\/media?parent=7340"}],"wp:term":[{"taxonomy":"category","embeddable":true,"href":"https:\/\/www.manaus.am.gov.br\/semtepi\/wp-json\/wp\/v2\/categories?post=7340"},{"taxonomy":"post_tag","embeddable":true,"href":"https:\/\/www.manaus.am.gov.br\/semtepi\/wp-json\/wp\/v2\/tags?post=7340"}],"curies":[{"name":"wp","href":"https:\/\/api.w.org\/{rel}","templated":true}]}}