{"id":7307,"date":"2025-11-26T11:05:08","date_gmt":"2025-11-26T15:05:08","guid":{"rendered":"https:\/\/www.manaus.am.gov.br\/semtepi\/sem-categoria\/prefeitura-semtepi-conferenciadotrabalho\/"},"modified":"2025-11-26T11:05:10","modified_gmt":"2025-11-26T15:05:10","slug":"prefeitura-semtepi-conferenciadotrabalho","status":"publish","type":"post","link":"https:\/\/www.manaus.am.gov.br\/semtepi\/debates\/prefeitura-semtepi-conferenciadotrabalho\/","title":{"rendered":"Prefeitura de Manaus participa da 2\u00aa Confer\u00eancia Nacional do Trabalho, etapa estadual"},"content":{"rendered":"\n<p>A Prefeitura de Manaus, por meio da Secretaria Municipal do Trabalho, Empreendedorismo e Inova\u00e7\u00e3o (Semtepi), participou, nesta ter\u00e7a-feira, 25\/11, da 2\u00aa Confer\u00eancia Nacional do Trabalho \u2013 etapa estadual Amazonas, realizada nos audit\u00f3rios do Senai, na rotat\u00f3ria da Suframa, zona Sul. O encontro reuniu representantes do governo, trabalhadores e empregadores para discutir os desafios e as transforma\u00e7\u00f5es do mercado de trabalho diante das mudan\u00e7as tecnol\u00f3gicas, sociais e ambientais.<br><br>A Semtepi esteve representada pelo diretor do Sine Manaus, Pedro Lima, que participou do evento acompanhado de uma comitiva t\u00e9cnica da Semtepi\/Sine Manaus. A presen\u00e7a da equipe refor\u00e7ou o papel do munic\u00edpio na constru\u00e7\u00e3o de pol\u00edticas p\u00fablicas voltadas ao emprego, \u00e0 qualifica\u00e7\u00e3o profissional e ao fortalecimento das rela\u00e7\u00f5es de trabalho.<br><br>De acordo com Pedro Lima, participar da etapa estadual da 2\u00aa Confer\u00eancia Nacional do Trabalho \u00e9 fundamental para que Manaus esteja integrada \u00e0s discuss\u00f5es que moldam o futuro do trabalho no Brasil. \u201cA Semtepi vem atuando, de forma estrat\u00e9gica, para ampliar oportunidades de emprego, fortalecer a qualifica\u00e7\u00e3o profissional e acompanhar as transforma\u00e7\u00f5es tecnol\u00f3gicas e sociais que impactam diretamente nossos trabalhadores. Este espa\u00e7o de di\u00e1logo reafirma nosso compromisso com pol\u00edticas p\u00fablicas modernas, inclusivas e voltadas para o desenvolvimento econ\u00f4mico da cidade\u201d, destacou o diretor.<br><br>A confer\u00eancia reuniu 135 delegados, distribu\u00eddos igualmente entre governo, empregadores e trabalhadores. Os participantes debateram dois eixos principais: as transforma\u00e7\u00f5es do mundo do trabalho diante das transi\u00e7\u00f5es tecnol\u00f3gica, digital, ecol\u00f3gica e demogr\u00e1fica; e pol\u00edticas p\u00fablicas para promo\u00e7\u00e3o do emprego, trabalho decente e a transi\u00e7\u00e3o justa.<br><br>Os debates foram realizados em quatro salas tem\u00e1ticas, com relatorias e facilita\u00e7\u00e3o, resultando em 16 propostas que foram apresentadas e votadas em plen\u00e1ria. As delibera\u00e7\u00f5es do Amazonas ser\u00e3o encaminhadas para a etapa nacional da confer\u00eancia, prevista para mar\u00e7o de 2026, em S\u00e3o Paulo.<br><br>Segundo Pedro Lima, a prefeitura tem trabalhado diariamente para aproximar trabalhadores e empregadores, e eventos como este refor\u00e7am a import\u00e2ncia de construir solu\u00e7\u00f5es coletivas para os desafios do mercado de trabalho. \u201cA confer\u00eancia permite ouvir diferentes setores, compartilhar experi\u00eancias e fortalecer a\u00e7\u00f5es que garantam emprego, trabalho decente e melhores condi\u00e7\u00f5es para quem busca oportunidades. \u00c9 uma honra representar o munic\u00edpio e contribuir com esse debate t\u00e3o necess\u00e1rio\u201d, disse o diretor.<br><br>&#8212; &#8212; &#8212;<br><br><strong>Texto <\/strong>\u2013\u00a0Asafe Augusto\/Semtepi<br><strong>Fotos <\/strong>\u2013\u00a0Divulga\u00e7\u00e3o\/Semtepi<\/p>\n","protected":false},"excerpt":{"rendered":"","protected":false},"author":23,"featured_media":7308,"comment_status":"closed","ping_status":"closed","sticky":false,"template":"","format":"standard","meta":{"footnotes":""},"categories":[1612],"tags":[1613,8,9,10],"acf":[],"yoast_head":"<!-- This site is optimized with the Yoast SEO plugin v23.0 - https:\/\/yoast.com\/wordpress\/plugins\/seo\/ -->\n<title>Prefeitura de Manaus participa da 2\u00aa Confer\u00eancia Nacional do Trabalho, etapa estadual<\/title>\n<meta name=\"description\" content=\"A Prefeitura de Manaus, por meio da Secretaria Municipal do Trabalho, Empreendedorismo e Inova\u00e7\u00e3o (Semtepi), participou, nesta ter\u00e7a-feira, 25\/11, da 2\u00aa Confer\u00eancia Nacional do Trabalho \u2013 etapa estadual Amazonas, realizada nos audit\u00f3rios do Senai, na rotat\u00f3ria da Suframa, zona Sul.\" \/>\n<meta name=\"robots\" content=\"noindex, follow\" \/>\n<meta property=\"og:locale\" content=\"pt_BR\" \/>\n<meta property=\"og:type\" content=\"article\" \/>\n<meta property=\"og:title\" content=\"Prefeitura de Manaus participa da 2\u00aa Confer\u00eancia Nacional do Trabalho, etapa estadual\" \/>\n<meta property=\"og:description\" content=\"A Prefeitura de Manaus, por meio da Secretaria Municipal do Trabalho, Empreendedorismo e Inova\u00e7\u00e3o (Semtepi), participou, nesta ter\u00e7a-feira, 25\/11, da 2\u00aa Confer\u00eancia Nacional do Trabalho \u2013 etapa estadual Amazonas, realizada nos audit\u00f3rios do Senai, na rotat\u00f3ria da Suframa, zona Sul.\" \/>\n<meta property=\"og:url\" content=\"https:\/\/www.manaus.am.gov.br\/semtepi\/debates\/prefeitura-semtepi-conferenciadotrabalho\/\" \/>\n<meta property=\"og:site_name\" content=\"SEMTEPI\" \/>\n<meta property=\"article:published_time\" content=\"2025-11-26T15:05:08+00:00\" \/>\n<meta property=\"article:modified_time\" content=\"2025-11-26T15:05:10+00:00\" \/>\n<meta property=\"og:image\" content=\"https:\/\/www.manaus.am.gov.br\/semtepi\/wp-content\/uploads\/sites\/20\/2025\/11\/WhatsApp-Image-2025-11-25-at-20.12.08-4.jpeg\" \/>\n\t<meta property=\"og:image:width\" content=\"1280\" \/>\n\t<meta property=\"og:image:height\" content=\"720\" \/>\n\t<meta property=\"og:image:type\" content=\"image\/jpeg\" \/>\n<meta name=\"author\" content=\"Adriana Costa\" \/>\n<meta name=\"twitter:card\" content=\"summary_large_image\" \/>\n<meta name=\"twitter:label1\" content=\"Written by\" \/>\n\t<meta name=\"twitter:data1\" content=\"Adriana Costa\" \/>\n\t<meta name=\"twitter:label2\" content=\"Est. reading time\" \/>\n\t<meta name=\"twitter:data2\" content=\"3 minutos\" \/>\n<script type=\"application\/ld+json\" class=\"yoast-schema-graph\">{\"@context\":\"https:\/\/schema.org\",\"@graph\":[{\"@type\":\"Article\",\"@id\":\"https:\/\/www.manaus.am.gov.br\/semtepi\/debates\/prefeitura-semtepi-conferenciadotrabalho\/#article\",\"isPartOf\":{\"@id\":\"https:\/\/www.manaus.am.gov.br\/semtepi\/debates\/prefeitura-semtepi-conferenciadotrabalho\/\"},\"author\":{\"name\":\"Adriana Costa\",\"@id\":\"https:\/\/www.manaus.am.gov.br\/semtepi\/#\/schema\/person\/4e49f4e267757a06ca072ec61b2b9968\"},\"headline\":\"Prefeitura de Manaus participa da 2\u00aa Confer\u00eancia Nacional do Trabalho, etapa estadual\",\"datePublished\":\"2025-11-26T15:05:08+00:00\",\"dateModified\":\"2025-11-26T15:05:10+00:00\",\"mainEntityOfPage\":{\"@id\":\"https:\/\/www.manaus.am.gov.br\/semtepi\/debates\/prefeitura-semtepi-conferenciadotrabalho\/\"},\"wordCount\":429,\"publisher\":{\"@id\":\"https:\/\/www.manaus.am.gov.br\/semtepi\/#organization\"},\"image\":{\"@id\":\"https:\/\/www.manaus.am.gov.br\/semtepi\/debates\/prefeitura-semtepi-conferenciadotrabalho\/#primaryimage\"},\"thumbnailUrl\":\"https:\/\/www.manaus.am.gov.br\/semtepi\/wp-content\/uploads\/sites\/20\/2025\/11\/WhatsApp-Image-2025-11-25-at-20.12.08-4.jpeg\",\"keywords\":[\"Confer\u00eancia do Trabalho\",\"prefeitura de manaus\",\"Semtepi\",\"sine manaus\"],\"articleSection\":[\"Debates\"],\"inLanguage\":\"pt-BR\"},{\"@type\":\"WebPage\",\"@id\":\"https:\/\/www.manaus.am.gov.br\/semtepi\/debates\/prefeitura-semtepi-conferenciadotrabalho\/\",\"url\":\"https:\/\/www.manaus.am.gov.br\/semtepi\/debates\/prefeitura-semtepi-conferenciadotrabalho\/\",\"name\":\"Prefeitura de Manaus participa da 2\u00aa Confer\u00eancia Nacional do Trabalho, etapa estadual\",\"isPartOf\":{\"@id\":\"https:\/\/www.manaus.am.gov.br\/semtepi\/#website\"},\"primaryImageOfPage\":{\"@id\":\"https:\/\/www.manaus.am.gov.br\/semtepi\/debates\/prefeitura-semtepi-conferenciadotrabalho\/#primaryimage\"},\"image\":{\"@id\":\"https:\/\/www.manaus.am.gov.br\/semtepi\/debates\/prefeitura-semtepi-conferenciadotrabalho\/#primaryimage\"},\"thumbnailUrl\":\"https:\/\/www.manaus.am.gov.br\/semtepi\/wp-content\/uploads\/sites\/20\/2025\/11\/WhatsApp-Image-2025-11-25-at-20.12.08-4.jpeg\",\"datePublished\":\"2025-11-26T15:05:08+00:00\",\"dateModified\":\"2025-11-26T15:05:10+00:00\",\"description\":\"A Prefeitura de Manaus, por meio da Secretaria Municipal do Trabalho, Empreendedorismo e Inova\u00e7\u00e3o (Semtepi), participou, nesta ter\u00e7a-feira, 25\/11, da 2\u00aa Confer\u00eancia Nacional do Trabalho \u2013 etapa estadual Amazonas, realizada nos audit\u00f3rios do Senai, na rotat\u00f3ria da Suframa, zona Sul.\",\"breadcrumb\":{\"@id\":\"https:\/\/www.manaus.am.gov.br\/semtepi\/debates\/prefeitura-semtepi-conferenciadotrabalho\/#breadcrumb\"},\"inLanguage\":\"pt-BR\",\"potentialAction\":[{\"@type\":\"ReadAction\",\"target\":[\"https:\/\/www.manaus.am.gov.br\/semtepi\/debates\/prefeitura-semtepi-conferenciadotrabalho\/\"]}]},{\"@type\":\"ImageObject\",\"inLanguage\":\"pt-BR\",\"@id\":\"https:\/\/www.manaus.am.gov.br\/semtepi\/debates\/prefeitura-semtepi-conferenciadotrabalho\/#primaryimage\",\"url\":\"https:\/\/www.manaus.am.gov.br\/semtepi\/wp-content\/uploads\/sites\/20\/2025\/11\/WhatsApp-Image-2025-11-25-at-20.12.08-4.jpeg\",\"contentUrl\":\"https:\/\/www.manaus.am.gov.br\/semtepi\/wp-content\/uploads\/sites\/20\/2025\/11\/WhatsApp-Image-2025-11-25-at-20.12.08-4.jpeg\",\"width\":1280,\"height\":720,\"caption\":\"#paratodosverem - Imagem do audit\u00f3rio e palco da Confer\u00eancia Nacional do Trabalho\"},{\"@type\":\"BreadcrumbList\",\"@id\":\"https:\/\/www.manaus.am.gov.br\/semtepi\/debates\/prefeitura-semtepi-conferenciadotrabalho\/#breadcrumb\",\"itemListElement\":[{\"@type\":\"ListItem\",\"position\":1,\"name\":\"Home\",\"item\":\"https:\/\/www.manaus.am.gov.br\/semtepi\/\"},{\"@type\":\"ListItem\",\"position\":2,\"name\":\"Prefeitura de Manaus participa da 2\u00aa Confer\u00eancia Nacional do Trabalho, etapa estadual\"}]},{\"@type\":\"WebSite\",\"@id\":\"https:\/\/www.manaus.am.gov.br\/semtepi\/#website\",\"url\":\"https:\/\/www.manaus.am.gov.br\/semtepi\/\",\"name\":\"SEMTEPI\",\"description\":\"Prefeitura de Manaus\",\"publisher\":{\"@id\":\"https:\/\/www.manaus.am.gov.br\/semtepi\/#organization\"},\"alternateName\":\"Secretaria Municipal do Trabalho, Empreendedorismo e Inova\u00e7\u00e3o\",\"potentialAction\":[{\"@type\":\"SearchAction\",\"target\":{\"@type\":\"EntryPoint\",\"urlTemplate\":\"https:\/\/www.manaus.am.gov.br\/semtepi\/?s={search_term_string}\"},\"query-input\":\"required name=search_term_string\"}],\"inLanguage\":\"pt-BR\"},{\"@type\":\"Organization\",\"@id\":\"https:\/\/www.manaus.am.gov.br\/semtepi\/#organization\",\"name\":\"Prefeitura Municipal de Manaus\",\"alternateName\":\"Prefeitura de Manaus\",\"url\":\"https:\/\/www.manaus.am.gov.br\/semtepi\/\",\"logo\":{\"@type\":\"ImageObject\",\"inLanguage\":\"pt-BR\",\"@id\":\"https:\/\/www.manaus.am.gov.br\/semtepi\/#\/schema\/logo\/image\/\",\"url\":\"https:\/\/www.manaus.am.gov.br\/semtepi\/wp-content\/uploads\/sites\/20\/2024\/07\/favicon.png\",\"contentUrl\":\"https:\/\/www.manaus.am.gov.br\/semtepi\/wp-content\/uploads\/sites\/20\/2024\/07\/favicon.png\",\"width\":300,\"height\":300,\"caption\":\"Prefeitura Municipal de Manaus\"},\"image\":{\"@id\":\"https:\/\/www.manaus.am.gov.br\/semtepi\/#\/schema\/logo\/image\/\"}},{\"@type\":\"Person\",\"@id\":\"https:\/\/www.manaus.am.gov.br\/semtepi\/#\/schema\/person\/4e49f4e267757a06ca072ec61b2b9968\",\"name\":\"Adriana Costa\",\"image\":{\"@type\":\"ImageObject\",\"inLanguage\":\"pt-BR\",\"@id\":\"https:\/\/www.manaus.am.gov.br\/semtepi\/#\/schema\/person\/image\/\",\"url\":\"https:\/\/secure.gravatar.com\/avatar\/576258617ef7194f718179e766d57bd4?s=96&d=mm&r=g\",\"contentUrl\":\"https:\/\/secure.gravatar.com\/avatar\/576258617ef7194f718179e766d57bd4?s=96&d=mm&r=g\",\"caption\":\"Adriana Costa\"}}]}<\/script>\n<!-- \/ Yoast SEO plugin. -->","yoast_head_json":{"title":"Prefeitura de Manaus participa da 2\u00aa Confer\u00eancia Nacional do Trabalho, etapa estadual","description":"A Prefeitura de Manaus, por meio da Secretaria Municipal do Trabalho, Empreendedorismo e Inova\u00e7\u00e3o (Semtepi), participou, nesta ter\u00e7a-feira, 25\/11, da 2\u00aa Confer\u00eancia Nacional do Trabalho \u2013 etapa estadual Amazonas, realizada nos audit\u00f3rios do Senai, na rotat\u00f3ria da Suframa, zona Sul.","robots":{"index":"noindex","follow":"follow"},"og_locale":"pt_BR","og_type":"article","og_title":"Prefeitura de Manaus participa da 2\u00aa Confer\u00eancia Nacional do Trabalho, etapa estadual","og_description":"A Prefeitura de Manaus, por meio da Secretaria Municipal do Trabalho, Empreendedorismo e Inova\u00e7\u00e3o (Semtepi), participou, nesta ter\u00e7a-feira, 25\/11, da 2\u00aa Confer\u00eancia Nacional do Trabalho \u2013 etapa estadual Amazonas, realizada nos audit\u00f3rios do Senai, na rotat\u00f3ria da Suframa, zona Sul.","og_url":"https:\/\/www.manaus.am.gov.br\/semtepi\/debates\/prefeitura-semtepi-conferenciadotrabalho\/","og_site_name":"SEMTEPI","article_published_time":"2025-11-26T15:05:08+00:00","article_modified_time":"2025-11-26T15:05:10+00:00","og_image":[{"width":1280,"height":720,"url":"https:\/\/www.manaus.am.gov.br\/semtepi\/wp-content\/uploads\/sites\/20\/2025\/11\/WhatsApp-Image-2025-11-25-at-20.12.08-4.jpeg","type":"image\/jpeg"}],"author":"Adriana Costa","twitter_card":"summary_large_image","twitter_misc":{"Written by":"Adriana Costa","Est. reading time":"3 minutos"},"schema":{"@context":"https:\/\/schema.org","@graph":[{"@type":"Article","@id":"https:\/\/www.manaus.am.gov.br\/semtepi\/debates\/prefeitura-semtepi-conferenciadotrabalho\/#article","isPartOf":{"@id":"https:\/\/www.manaus.am.gov.br\/semtepi\/debates\/prefeitura-semtepi-conferenciadotrabalho\/"},"author":{"name":"Adriana Costa","@id":"https:\/\/www.manaus.am.gov.br\/semtepi\/#\/schema\/person\/4e49f4e267757a06ca072ec61b2b9968"},"headline":"Prefeitura de Manaus participa da 2\u00aa Confer\u00eancia Nacional do Trabalho, etapa estadual","datePublished":"2025-11-26T15:05:08+00:00","dateModified":"2025-11-26T15:05:10+00:00","mainEntityOfPage":{"@id":"https:\/\/www.manaus.am.gov.br\/semtepi\/debates\/prefeitura-semtepi-conferenciadotrabalho\/"},"wordCount":429,"publisher":{"@id":"https:\/\/www.manaus.am.gov.br\/semtepi\/#organization"},"image":{"@id":"https:\/\/www.manaus.am.gov.br\/semtepi\/debates\/prefeitura-semtepi-conferenciadotrabalho\/#primaryimage"},"thumbnailUrl":"https:\/\/www.manaus.am.gov.br\/semtepi\/wp-content\/uploads\/sites\/20\/2025\/11\/WhatsApp-Image-2025-11-25-at-20.12.08-4.jpeg","keywords":["Confer\u00eancia do Trabalho","prefeitura de manaus","Semtepi","sine manaus"],"articleSection":["Debates"],"inLanguage":"pt-BR"},{"@type":"WebPage","@id":"https:\/\/www.manaus.am.gov.br\/semtepi\/debates\/prefeitura-semtepi-conferenciadotrabalho\/","url":"https:\/\/www.manaus.am.gov.br\/semtepi\/debates\/prefeitura-semtepi-conferenciadotrabalho\/","name":"Prefeitura de Manaus participa da 2\u00aa Confer\u00eancia Nacional do Trabalho, etapa estadual","isPartOf":{"@id":"https:\/\/www.manaus.am.gov.br\/semtepi\/#website"},"primaryImageOfPage":{"@id":"https:\/\/www.manaus.am.gov.br\/semtepi\/debates\/prefeitura-semtepi-conferenciadotrabalho\/#primaryimage"},"image":{"@id":"https:\/\/www.manaus.am.gov.br\/semtepi\/debates\/prefeitura-semtepi-conferenciadotrabalho\/#primaryimage"},"thumbnailUrl":"https:\/\/www.manaus.am.gov.br\/semtepi\/wp-content\/uploads\/sites\/20\/2025\/11\/WhatsApp-Image-2025-11-25-at-20.12.08-4.jpeg","datePublished":"2025-11-26T15:05:08+00:00","dateModified":"2025-11-26T15:05:10+00:00","description":"A Prefeitura de Manaus, por meio da Secretaria Municipal do Trabalho, Empreendedorismo e Inova\u00e7\u00e3o (Semtepi), participou, nesta ter\u00e7a-feira, 25\/11, da 2\u00aa Confer\u00eancia Nacional do Trabalho \u2013 etapa estadual Amazonas, realizada nos audit\u00f3rios do Senai, na rotat\u00f3ria da Suframa, zona Sul.","breadcrumb":{"@id":"https:\/\/www.manaus.am.gov.br\/semtepi\/debates\/prefeitura-semtepi-conferenciadotrabalho\/#breadcrumb"},"inLanguage":"pt-BR","potentialAction":[{"@type":"ReadAction","target":["https:\/\/www.manaus.am.gov.br\/semtepi\/debates\/prefeitura-semtepi-conferenciadotrabalho\/"]}]},{"@type":"ImageObject","inLanguage":"pt-BR","@id":"https:\/\/www.manaus.am.gov.br\/semtepi\/debates\/prefeitura-semtepi-conferenciadotrabalho\/#primaryimage","url":"https:\/\/www.manaus.am.gov.br\/semtepi\/wp-content\/uploads\/sites\/20\/2025\/11\/WhatsApp-Image-2025-11-25-at-20.12.08-4.jpeg","contentUrl":"https:\/\/www.manaus.am.gov.br\/semtepi\/wp-content\/uploads\/sites\/20\/2025\/11\/WhatsApp-Image-2025-11-25-at-20.12.08-4.jpeg","width":1280,"height":720,"caption":"#paratodosverem - Imagem do audit\u00f3rio e palco da Confer\u00eancia Nacional do Trabalho"},{"@type":"BreadcrumbList","@id":"https:\/\/www.manaus.am.gov.br\/semtepi\/debates\/prefeitura-semtepi-conferenciadotrabalho\/#breadcrumb","itemListElement":[{"@type":"ListItem","position":1,"name":"Home","item":"https:\/\/www.manaus.am.gov.br\/semtepi\/"},{"@type":"ListItem","position":2,"name":"Prefeitura de Manaus participa da 2\u00aa Confer\u00eancia Nacional do Trabalho, etapa estadual"}]},{"@type":"WebSite","@id":"https:\/\/www.manaus.am.gov.br\/semtepi\/#website","url":"https:\/\/www.manaus.am.gov.br\/semtepi\/","name":"SEMTEPI","description":"Prefeitura de Manaus","publisher":{"@id":"https:\/\/www.manaus.am.gov.br\/semtepi\/#organization"},"alternateName":"Secretaria Municipal do Trabalho, Empreendedorismo e Inova\u00e7\u00e3o","potentialAction":[{"@type":"SearchAction","target":{"@type":"EntryPoint","urlTemplate":"https:\/\/www.manaus.am.gov.br\/semtepi\/?s={search_term_string}"},"query-input":"required name=search_term_string"}],"inLanguage":"pt-BR"},{"@type":"Organization","@id":"https:\/\/www.manaus.am.gov.br\/semtepi\/#organization","name":"Prefeitura Municipal de Manaus","alternateName":"Prefeitura de Manaus","url":"https:\/\/www.manaus.am.gov.br\/semtepi\/","logo":{"@type":"ImageObject","inLanguage":"pt-BR","@id":"https:\/\/www.manaus.am.gov.br\/semtepi\/#\/schema\/logo\/image\/","url":"https:\/\/www.manaus.am.gov.br\/semtepi\/wp-content\/uploads\/sites\/20\/2024\/07\/favicon.png","contentUrl":"https:\/\/www.manaus.am.gov.br\/semtepi\/wp-content\/uploads\/sites\/20\/2024\/07\/favicon.png","width":300,"height":300,"caption":"Prefeitura Municipal de Manaus"},"image":{"@id":"https:\/\/www.manaus.am.gov.br\/semtepi\/#\/schema\/logo\/image\/"}},{"@type":"Person","@id":"https:\/\/www.manaus.am.gov.br\/semtepi\/#\/schema\/person\/4e49f4e267757a06ca072ec61b2b9968","name":"Adriana Costa","image":{"@type":"ImageObject","inLanguage":"pt-BR","@id":"https:\/\/www.manaus.am.gov.br\/semtepi\/#\/schema\/person\/image\/","url":"https:\/\/secure.gravatar.com\/avatar\/576258617ef7194f718179e766d57bd4?s=96&d=mm&r=g","contentUrl":"https:\/\/secure.gravatar.com\/avatar\/576258617ef7194f718179e766d57bd4?s=96&d=mm&r=g","caption":"Adriana Costa"}}]}},"_links":{"self":[{"href":"https:\/\/www.manaus.am.gov.br\/semtepi\/wp-json\/wp\/v2\/posts\/7307"}],"collection":[{"href":"https:\/\/www.manaus.am.gov.br\/semtepi\/wp-json\/wp\/v2\/posts"}],"about":[{"href":"https:\/\/www.manaus.am.gov.br\/semtepi\/wp-json\/wp\/v2\/types\/post"}],"author":[{"embeddable":true,"href":"https:\/\/www.manaus.am.gov.br\/semtepi\/wp-json\/wp\/v2\/users\/23"}],"replies":[{"embeddable":true,"href":"https:\/\/www.manaus.am.gov.br\/semtepi\/wp-json\/wp\/v2\/comments?post=7307"}],"version-history":[{"count":0,"href":"https:\/\/www.manaus.am.gov.br\/semtepi\/wp-json\/wp\/v2\/posts\/7307\/revisions"}],"wp:featuredmedia":[{"embeddable":true,"href":"https:\/\/www.manaus.am.gov.br\/semtepi\/wp-json\/wp\/v2\/media\/7308"}],"wp:attachment":[{"href":"https:\/\/www.manaus.am.gov.br\/semtepi\/wp-json\/wp\/v2\/media?parent=7307"}],"wp:term":[{"taxonomy":"category","embeddable":true,"href":"https:\/\/www.manaus.am.gov.br\/semtepi\/wp-json\/wp\/v2\/categories?post=7307"},{"taxonomy":"post_tag","embeddable":true,"href":"https:\/\/www.manaus.am.gov.br\/semtepi\/wp-json\/wp\/v2\/tags?post=7307"}],"curies":[{"name":"wp","href":"https:\/\/api.w.org\/{rel}","templated":true}]}}