{"id":7264,"date":"2025-11-19T14:54:09","date_gmt":"2025-11-19T18:54:09","guid":{"rendered":"https:\/\/www.manaus.am.gov.br\/semtepi\/sem-categoria\/acao-credito-empreendedores-galerias\/"},"modified":"2025-11-19T14:54:09","modified_gmt":"2025-11-19T18:54:09","slug":"acao-credito-empreendedores-galerias","status":"publish","type":"post","link":"https:\/\/www.manaus.am.gov.br\/semtepi\/comercio\/acao-credito-empreendedores-galerias\/","title":{"rendered":"A\u00e7\u00e3o da prefeitura em parceria com o Basa e Sebrae leva acesso a at\u00e9 R$ 6 milh\u00f5es em cr\u00e9dito para empreendedores das galerias\u00a0"},"content":{"rendered":"\n<p>A Prefeitura de Manaus, por meio da Secretaria Municipal do Trabalho, Empreendedorismo e Inova\u00e7\u00e3o (Semtepi), realizou uma ampla a\u00e7\u00e3o de democratiza\u00e7\u00e3o do cr\u00e9dito, que disponibilizou at\u00e9 R$ 6 milh\u00f5es em financiamento para empreendedores das principais galerias populares da capital.<\/p>\n\n\n\n<p>A iniciativa, conduzida em parceria com o Banco da Amaz\u00f4nia, por meio do programa BasaAcredita, e com o Sebrae Amazonas, ocorreu na galeria dos Rem\u00e9dios, galeria Esp\u00edrito Santo e shopping Phelippe Daou, encerrando nesta quinta-feira, 19\/11, reunindo permission\u00e1rios e trabalhadores que buscam fortalecer e expandir seus neg\u00f3cios.<\/p>\n\n\n\n<p>\u201cEssa a\u00e7\u00e3o representa o compromisso da Prefeitura de Manaus em fortalecer quem movimenta a economia na base, garantindo acesso a at\u00e9 R$ 6 milh\u00f5es em cr\u00e9dito para nossos empreendedores. Estamos levando oportunidade diretamente \u00e0s galerias populares, onde o trabalho acontece todos os dias. Com o apoio do Basa e do Sebrae, oferecemos orienta\u00e7\u00e3o, condi\u00e7\u00f5es acess\u00edveis e agilidade na libera\u00e7\u00e3o dos recursos. Nosso objetivo \u00e9 impulsionar neg\u00f3cios, gerar renda e transformar realidades\u201d, destacou o titular da Semtepi, Alonso Oliveira.<\/p>\n\n\n\n<p>Durante a programa\u00e7\u00e3o, os participantes receberam informa\u00e7\u00f5es sobre o modelo de cr\u00e9dito solid\u00e1rio, que permite a forma\u00e7\u00e3o de grupos de tr\u00eas a dez empreendedores, preferencialmente entre os pr\u00f3prios permission\u00e1rios das unidades de com\u00e9rcio popular, com o objetivo de garantir maior seguran\u00e7a e confian\u00e7a entre os integrantes. As opera\u00e7\u00f5es t\u00eam valores iniciais de at\u00e9 R$ 6 mil, podendo alcan\u00e7ar R$ 20 mil conforme o andamento do grupo, e o programa n\u00e3o exige formaliza\u00e7\u00e3o, permitindo que empreendedores totalmente informais tenham acesso ao recurso.<\/p>\n\n\n\n<p>A a\u00e7\u00e3o alcan\u00e7ou cerca de mil empreendedores e refor\u00e7ou o compromisso da gest\u00e3o municipal com a oferta de oportunidades reais de crescimento econ\u00f4mico no ambiente das galerias populares. Al\u00e9m do atendimento direto, as equipes do Sebrae e do BasaAcredita permanecem na galeria Esp\u00edrito Santo, onde promovem rodas de conversa com orienta\u00e7\u00f5es completas sobre as condi\u00e7\u00f5es do cr\u00e9dito, incluindo juros reduzidos e possibilidade de acesso mesmo para quem possui restri\u00e7\u00f5es.<\/p>\n\n\n\n<p>A libera\u00e7\u00e3o dos recursos ocorre em prazo curto, podendo ser conclu\u00edda em at\u00e9 cinco dias para aqueles que atenderem aos requisitos do programa, fortalecendo ainda mais a pol\u00edtica de incentivo ao empreendedorismo na cidade de Manaus.<\/p>\n\n\n\n<figure class=\"wp-block-image size-large\"><img loading=\"lazy\" decoding=\"async\" width=\"1024\" height=\"768\" src=\"https:\/\/www.manaus.am.gov.br\/semtepi\/wp-content\/uploads\/sites\/20\/2025\/11\/Acao-3-1024x768.jpeg\" alt=\"\" class=\"wp-image-7265\" srcset=\"https:\/\/www.manaus.am.gov.br\/semtepi\/wp-content\/uploads\/sites\/20\/2025\/11\/Acao-3-1024x768.jpeg 1024w, https:\/\/www.manaus.am.gov.br\/semtepi\/wp-content\/uploads\/sites\/20\/2025\/11\/Acao-3-300x225.jpeg 300w, https:\/\/www.manaus.am.gov.br\/semtepi\/wp-content\/uploads\/sites\/20\/2025\/11\/Acao-3-768x576.jpeg 768w, https:\/\/www.manaus.am.gov.br\/semtepi\/wp-content\/uploads\/sites\/20\/2025\/11\/Acao-3.jpeg 1280w\" sizes=\"(max-width: 1024px) 100vw, 1024px\" \/><\/figure>\n\n\n\n<p>&#8212; &#8212; &#8212;<\/p>\n\n\n\n<p><strong>Texto<\/strong>&nbsp;&#8211; Asafe Augusto\/Semtepi<\/p>\n\n\n\n<p><strong>Fotos<\/strong>&nbsp;&#8211; Fabiane Monteiro\/ Semtepi<\/p>\n","protected":false},"excerpt":{"rendered":"","protected":false},"author":39,"featured_media":7266,"comment_status":"closed","ping_status":"closed","sticky":false,"template":"","format":"standard","meta":{"footnotes":""},"categories":[233],"tags":[1601,1602,1603,8,1604,9],"acf":[],"yoast_head":"<!-- This site is optimized with the Yoast SEO plugin v23.0 - https:\/\/yoast.com\/wordpress\/plugins\/seo\/ -->\n<title>A\u00e7\u00e3o da prefeitura em parceria com o Basa e Sebrae leva acesso a at\u00e9 R$ 6 milh\u00f5es em cr\u00e9dito para empreendedores das galerias<\/title>\n<meta name=\"description\" content=\"A\u00e7\u00e3o da prefeitura em parceria com o Basa e Sebrae leva acesso a at\u00e9 R$ 6 milh\u00f5es em cr\u00e9dito para empreendedores das galerias.\" \/>\n<meta name=\"robots\" content=\"noindex, follow\" \/>\n<meta property=\"og:locale\" content=\"pt_BR\" \/>\n<meta property=\"og:type\" content=\"article\" \/>\n<meta property=\"og:title\" content=\"A\u00e7\u00e3o da prefeitura em parceria com o Basa e Sebrae leva acesso a at\u00e9 R$ 6 milh\u00f5es em cr\u00e9dito para empreendedores das galerias\" \/>\n<meta property=\"og:description\" content=\"A\u00e7\u00e3o da prefeitura em parceria com o Basa e Sebrae leva acesso a at\u00e9 R$ 6 milh\u00f5es em cr\u00e9dito para empreendedores das galerias.\" \/>\n<meta property=\"og:url\" content=\"https:\/\/www.manaus.am.gov.br\/semtepi\/comercio\/acao-credito-empreendedores-galerias\/\" \/>\n<meta property=\"og:site_name\" content=\"SEMTEPI\" \/>\n<meta property=\"article:published_time\" content=\"2025-11-19T18:54:09+00:00\" \/>\n<meta property=\"og:image\" content=\"https:\/\/www.manaus.am.gov.br\/semtepi\/wp-content\/uploads\/sites\/20\/2025\/11\/Acao-1.jpeg\" \/>\n\t<meta property=\"og:image:width\" content=\"1280\" \/>\n\t<meta property=\"og:image:height\" content=\"960\" \/>\n\t<meta property=\"og:image:type\" content=\"image\/jpeg\" \/>\n<meta name=\"author\" content=\"Bruna Greco\" \/>\n<meta name=\"twitter:card\" content=\"summary_large_image\" \/>\n<meta name=\"twitter:label1\" content=\"Written by\" \/>\n\t<meta name=\"twitter:data1\" content=\"Bruna Greco\" \/>\n\t<meta name=\"twitter:label2\" content=\"Est. reading time\" \/>\n\t<meta name=\"twitter:data2\" content=\"3 minutos\" \/>\n<script type=\"application\/ld+json\" class=\"yoast-schema-graph\">{\"@context\":\"https:\/\/schema.org\",\"@graph\":[{\"@type\":\"Article\",\"@id\":\"https:\/\/www.manaus.am.gov.br\/semtepi\/comercio\/acao-credito-empreendedores-galerias\/#article\",\"isPartOf\":{\"@id\":\"https:\/\/www.manaus.am.gov.br\/semtepi\/comercio\/acao-credito-empreendedores-galerias\/\"},\"author\":{\"name\":\"Bruna Greco\",\"@id\":\"https:\/\/www.manaus.am.gov.br\/semtepi\/#\/schema\/person\/05d223aea2bf115f9883a6ff3683d81b\"},\"headline\":\"A\u00e7\u00e3o da prefeitura em parceria com o Basa e Sebrae leva acesso a at\u00e9 R$ 6 milh\u00f5es em cr\u00e9dito para empreendedores das galerias\u00a0\",\"datePublished\":\"2025-11-19T18:54:09+00:00\",\"dateModified\":\"2025-11-19T18:54:09+00:00\",\"mainEntityOfPage\":{\"@id\":\"https:\/\/www.manaus.am.gov.br\/semtepi\/comercio\/acao-credito-empreendedores-galerias\/\"},\"wordCount\":432,\"publisher\":{\"@id\":\"https:\/\/www.manaus.am.gov.br\/semtepi\/#organization\"},\"image\":{\"@id\":\"https:\/\/www.manaus.am.gov.br\/semtepi\/comercio\/acao-credito-empreendedores-galerias\/#primaryimage\"},\"thumbnailUrl\":\"https:\/\/www.manaus.am.gov.br\/semtepi\/wp-content\/uploads\/sites\/20\/2025\/11\/Acao-1.jpeg\",\"keywords\":[\"A\u00e7\u00e3o da prefeitura\",\"cr\u00e9dito para empreendedores das galerias\",\"parceria com o Basa e Sebrae\",\"prefeitura de manaus\",\"R$ 6 milh\u00f5es\",\"Semtepi\"],\"articleSection\":[\"Com\u00e9rcio\"],\"inLanguage\":\"pt-BR\"},{\"@type\":\"WebPage\",\"@id\":\"https:\/\/www.manaus.am.gov.br\/semtepi\/comercio\/acao-credito-empreendedores-galerias\/\",\"url\":\"https:\/\/www.manaus.am.gov.br\/semtepi\/comercio\/acao-credito-empreendedores-galerias\/\",\"name\":\"A\u00e7\u00e3o da prefeitura em parceria com o Basa e Sebrae leva acesso a at\u00e9 R$ 6 milh\u00f5es em cr\u00e9dito para empreendedores das galerias\",\"isPartOf\":{\"@id\":\"https:\/\/www.manaus.am.gov.br\/semtepi\/#website\"},\"primaryImageOfPage\":{\"@id\":\"https:\/\/www.manaus.am.gov.br\/semtepi\/comercio\/acao-credito-empreendedores-galerias\/#primaryimage\"},\"image\":{\"@id\":\"https:\/\/www.manaus.am.gov.br\/semtepi\/comercio\/acao-credito-empreendedores-galerias\/#primaryimage\"},\"thumbnailUrl\":\"https:\/\/www.manaus.am.gov.br\/semtepi\/wp-content\/uploads\/sites\/20\/2025\/11\/Acao-1.jpeg\",\"datePublished\":\"2025-11-19T18:54:09+00:00\",\"dateModified\":\"2025-11-19T18:54:09+00:00\",\"description\":\"A\u00e7\u00e3o da prefeitura em parceria com o Basa e Sebrae leva acesso a at\u00e9 R$ 6 milh\u00f5es em cr\u00e9dito para empreendedores das galerias.\",\"breadcrumb\":{\"@id\":\"https:\/\/www.manaus.am.gov.br\/semtepi\/comercio\/acao-credito-empreendedores-galerias\/#breadcrumb\"},\"inLanguage\":\"pt-BR\",\"potentialAction\":[{\"@type\":\"ReadAction\",\"target\":[\"https:\/\/www.manaus.am.gov.br\/semtepi\/comercio\/acao-credito-empreendedores-galerias\/\"]}]},{\"@type\":\"ImageObject\",\"inLanguage\":\"pt-BR\",\"@id\":\"https:\/\/www.manaus.am.gov.br\/semtepi\/comercio\/acao-credito-empreendedores-galerias\/#primaryimage\",\"url\":\"https:\/\/www.manaus.am.gov.br\/semtepi\/wp-content\/uploads\/sites\/20\/2025\/11\/Acao-1.jpeg\",\"contentUrl\":\"https:\/\/www.manaus.am.gov.br\/semtepi\/wp-content\/uploads\/sites\/20\/2025\/11\/Acao-1.jpeg\",\"width\":1280,\"height\":960,\"caption\":\"#paratodosverem - Microempreendedora de galeria popular participando de a\u00e7\u00e3o para adquirir cr\u00e9dito de financiamento\"},{\"@type\":\"BreadcrumbList\",\"@id\":\"https:\/\/www.manaus.am.gov.br\/semtepi\/comercio\/acao-credito-empreendedores-galerias\/#breadcrumb\",\"itemListElement\":[{\"@type\":\"ListItem\",\"position\":1,\"name\":\"Home\",\"item\":\"https:\/\/www.manaus.am.gov.br\/semtepi\/\"},{\"@type\":\"ListItem\",\"position\":2,\"name\":\"A\u00e7\u00e3o da prefeitura em parceria com o Basa e Sebrae leva acesso a at\u00e9 R$ 6 milh\u00f5es em cr\u00e9dito para empreendedores das galerias\u00a0\"}]},{\"@type\":\"WebSite\",\"@id\":\"https:\/\/www.manaus.am.gov.br\/semtepi\/#website\",\"url\":\"https:\/\/www.manaus.am.gov.br\/semtepi\/\",\"name\":\"SEMTEPI\",\"description\":\"Prefeitura de Manaus\",\"publisher\":{\"@id\":\"https:\/\/www.manaus.am.gov.br\/semtepi\/#organization\"},\"alternateName\":\"Secretaria Municipal do Trabalho, Empreendedorismo e Inova\u00e7\u00e3o\",\"potentialAction\":[{\"@type\":\"SearchAction\",\"target\":{\"@type\":\"EntryPoint\",\"urlTemplate\":\"https:\/\/www.manaus.am.gov.br\/semtepi\/?s={search_term_string}\"},\"query-input\":\"required name=search_term_string\"}],\"inLanguage\":\"pt-BR\"},{\"@type\":\"Organization\",\"@id\":\"https:\/\/www.manaus.am.gov.br\/semtepi\/#organization\",\"name\":\"Prefeitura Municipal de Manaus\",\"alternateName\":\"Prefeitura de Manaus\",\"url\":\"https:\/\/www.manaus.am.gov.br\/semtepi\/\",\"logo\":{\"@type\":\"ImageObject\",\"inLanguage\":\"pt-BR\",\"@id\":\"https:\/\/www.manaus.am.gov.br\/semtepi\/#\/schema\/logo\/image\/\",\"url\":\"https:\/\/www.manaus.am.gov.br\/semtepi\/wp-content\/uploads\/sites\/20\/2024\/07\/favicon.png\",\"contentUrl\":\"https:\/\/www.manaus.am.gov.br\/semtepi\/wp-content\/uploads\/sites\/20\/2024\/07\/favicon.png\",\"width\":300,\"height\":300,\"caption\":\"Prefeitura Municipal de Manaus\"},\"image\":{\"@id\":\"https:\/\/www.manaus.am.gov.br\/semtepi\/#\/schema\/logo\/image\/\"}},{\"@type\":\"Person\",\"@id\":\"https:\/\/www.manaus.am.gov.br\/semtepi\/#\/schema\/person\/05d223aea2bf115f9883a6ff3683d81b\",\"name\":\"Bruna Greco\",\"image\":{\"@type\":\"ImageObject\",\"inLanguage\":\"pt-BR\",\"@id\":\"https:\/\/www.manaus.am.gov.br\/semtepi\/#\/schema\/person\/image\/\",\"url\":\"https:\/\/secure.gravatar.com\/avatar\/9c877d1a6adc2a055330e5c09a8653ce?s=96&d=mm&r=g\",\"contentUrl\":\"https:\/\/secure.gravatar.com\/avatar\/9c877d1a6adc2a055330e5c09a8653ce?s=96&d=mm&r=g\",\"caption\":\"Bruna Greco\"}}]}<\/script>\n<!-- \/ Yoast SEO plugin. -->","yoast_head_json":{"title":"A\u00e7\u00e3o da prefeitura em parceria com o Basa e Sebrae leva acesso a at\u00e9 R$ 6 milh\u00f5es em cr\u00e9dito para empreendedores das galerias","description":"A\u00e7\u00e3o da prefeitura em parceria com o Basa e Sebrae leva acesso a at\u00e9 R$ 6 milh\u00f5es em cr\u00e9dito para empreendedores das galerias.","robots":{"index":"noindex","follow":"follow"},"og_locale":"pt_BR","og_type":"article","og_title":"A\u00e7\u00e3o da prefeitura em parceria com o Basa e Sebrae leva acesso a at\u00e9 R$ 6 milh\u00f5es em cr\u00e9dito para empreendedores das galerias","og_description":"A\u00e7\u00e3o da prefeitura em parceria com o Basa e Sebrae leva acesso a at\u00e9 R$ 6 milh\u00f5es em cr\u00e9dito para empreendedores das galerias.","og_url":"https:\/\/www.manaus.am.gov.br\/semtepi\/comercio\/acao-credito-empreendedores-galerias\/","og_site_name":"SEMTEPI","article_published_time":"2025-11-19T18:54:09+00:00","og_image":[{"width":1280,"height":960,"url":"https:\/\/www.manaus.am.gov.br\/semtepi\/wp-content\/uploads\/sites\/20\/2025\/11\/Acao-1.jpeg","type":"image\/jpeg"}],"author":"Bruna Greco","twitter_card":"summary_large_image","twitter_misc":{"Written by":"Bruna Greco","Est. reading time":"3 minutos"},"schema":{"@context":"https:\/\/schema.org","@graph":[{"@type":"Article","@id":"https:\/\/www.manaus.am.gov.br\/semtepi\/comercio\/acao-credito-empreendedores-galerias\/#article","isPartOf":{"@id":"https:\/\/www.manaus.am.gov.br\/semtepi\/comercio\/acao-credito-empreendedores-galerias\/"},"author":{"name":"Bruna Greco","@id":"https:\/\/www.manaus.am.gov.br\/semtepi\/#\/schema\/person\/05d223aea2bf115f9883a6ff3683d81b"},"headline":"A\u00e7\u00e3o da prefeitura em parceria com o Basa e Sebrae leva acesso a at\u00e9 R$ 6 milh\u00f5es em cr\u00e9dito para empreendedores das galerias\u00a0","datePublished":"2025-11-19T18:54:09+00:00","dateModified":"2025-11-19T18:54:09+00:00","mainEntityOfPage":{"@id":"https:\/\/www.manaus.am.gov.br\/semtepi\/comercio\/acao-credito-empreendedores-galerias\/"},"wordCount":432,"publisher":{"@id":"https:\/\/www.manaus.am.gov.br\/semtepi\/#organization"},"image":{"@id":"https:\/\/www.manaus.am.gov.br\/semtepi\/comercio\/acao-credito-empreendedores-galerias\/#primaryimage"},"thumbnailUrl":"https:\/\/www.manaus.am.gov.br\/semtepi\/wp-content\/uploads\/sites\/20\/2025\/11\/Acao-1.jpeg","keywords":["A\u00e7\u00e3o da prefeitura","cr\u00e9dito para empreendedores das galerias","parceria com o Basa e Sebrae","prefeitura de manaus","R$ 6 milh\u00f5es","Semtepi"],"articleSection":["Com\u00e9rcio"],"inLanguage":"pt-BR"},{"@type":"WebPage","@id":"https:\/\/www.manaus.am.gov.br\/semtepi\/comercio\/acao-credito-empreendedores-galerias\/","url":"https:\/\/www.manaus.am.gov.br\/semtepi\/comercio\/acao-credito-empreendedores-galerias\/","name":"A\u00e7\u00e3o da prefeitura em parceria com o Basa e Sebrae leva acesso a at\u00e9 R$ 6 milh\u00f5es em cr\u00e9dito para empreendedores das galerias","isPartOf":{"@id":"https:\/\/www.manaus.am.gov.br\/semtepi\/#website"},"primaryImageOfPage":{"@id":"https:\/\/www.manaus.am.gov.br\/semtepi\/comercio\/acao-credito-empreendedores-galerias\/#primaryimage"},"image":{"@id":"https:\/\/www.manaus.am.gov.br\/semtepi\/comercio\/acao-credito-empreendedores-galerias\/#primaryimage"},"thumbnailUrl":"https:\/\/www.manaus.am.gov.br\/semtepi\/wp-content\/uploads\/sites\/20\/2025\/11\/Acao-1.jpeg","datePublished":"2025-11-19T18:54:09+00:00","dateModified":"2025-11-19T18:54:09+00:00","description":"A\u00e7\u00e3o da prefeitura em parceria com o Basa e Sebrae leva acesso a at\u00e9 R$ 6 milh\u00f5es em cr\u00e9dito para empreendedores das galerias.","breadcrumb":{"@id":"https:\/\/www.manaus.am.gov.br\/semtepi\/comercio\/acao-credito-empreendedores-galerias\/#breadcrumb"},"inLanguage":"pt-BR","potentialAction":[{"@type":"ReadAction","target":["https:\/\/www.manaus.am.gov.br\/semtepi\/comercio\/acao-credito-empreendedores-galerias\/"]}]},{"@type":"ImageObject","inLanguage":"pt-BR","@id":"https:\/\/www.manaus.am.gov.br\/semtepi\/comercio\/acao-credito-empreendedores-galerias\/#primaryimage","url":"https:\/\/www.manaus.am.gov.br\/semtepi\/wp-content\/uploads\/sites\/20\/2025\/11\/Acao-1.jpeg","contentUrl":"https:\/\/www.manaus.am.gov.br\/semtepi\/wp-content\/uploads\/sites\/20\/2025\/11\/Acao-1.jpeg","width":1280,"height":960,"caption":"#paratodosverem - Microempreendedora de galeria popular participando de a\u00e7\u00e3o para adquirir cr\u00e9dito de financiamento"},{"@type":"BreadcrumbList","@id":"https:\/\/www.manaus.am.gov.br\/semtepi\/comercio\/acao-credito-empreendedores-galerias\/#breadcrumb","itemListElement":[{"@type":"ListItem","position":1,"name":"Home","item":"https:\/\/www.manaus.am.gov.br\/semtepi\/"},{"@type":"ListItem","position":2,"name":"A\u00e7\u00e3o da prefeitura em parceria com o Basa e Sebrae leva acesso a at\u00e9 R$ 6 milh\u00f5es em cr\u00e9dito para empreendedores das galerias\u00a0"}]},{"@type":"WebSite","@id":"https:\/\/www.manaus.am.gov.br\/semtepi\/#website","url":"https:\/\/www.manaus.am.gov.br\/semtepi\/","name":"SEMTEPI","description":"Prefeitura de Manaus","publisher":{"@id":"https:\/\/www.manaus.am.gov.br\/semtepi\/#organization"},"alternateName":"Secretaria Municipal do Trabalho, Empreendedorismo e Inova\u00e7\u00e3o","potentialAction":[{"@type":"SearchAction","target":{"@type":"EntryPoint","urlTemplate":"https:\/\/www.manaus.am.gov.br\/semtepi\/?s={search_term_string}"},"query-input":"required name=search_term_string"}],"inLanguage":"pt-BR"},{"@type":"Organization","@id":"https:\/\/www.manaus.am.gov.br\/semtepi\/#organization","name":"Prefeitura Municipal de Manaus","alternateName":"Prefeitura de Manaus","url":"https:\/\/www.manaus.am.gov.br\/semtepi\/","logo":{"@type":"ImageObject","inLanguage":"pt-BR","@id":"https:\/\/www.manaus.am.gov.br\/semtepi\/#\/schema\/logo\/image\/","url":"https:\/\/www.manaus.am.gov.br\/semtepi\/wp-content\/uploads\/sites\/20\/2024\/07\/favicon.png","contentUrl":"https:\/\/www.manaus.am.gov.br\/semtepi\/wp-content\/uploads\/sites\/20\/2024\/07\/favicon.png","width":300,"height":300,"caption":"Prefeitura Municipal de Manaus"},"image":{"@id":"https:\/\/www.manaus.am.gov.br\/semtepi\/#\/schema\/logo\/image\/"}},{"@type":"Person","@id":"https:\/\/www.manaus.am.gov.br\/semtepi\/#\/schema\/person\/05d223aea2bf115f9883a6ff3683d81b","name":"Bruna Greco","image":{"@type":"ImageObject","inLanguage":"pt-BR","@id":"https:\/\/www.manaus.am.gov.br\/semtepi\/#\/schema\/person\/image\/","url":"https:\/\/secure.gravatar.com\/avatar\/9c877d1a6adc2a055330e5c09a8653ce?s=96&d=mm&r=g","contentUrl":"https:\/\/secure.gravatar.com\/avatar\/9c877d1a6adc2a055330e5c09a8653ce?s=96&d=mm&r=g","caption":"Bruna Greco"}}]}},"_links":{"self":[{"href":"https:\/\/www.manaus.am.gov.br\/semtepi\/wp-json\/wp\/v2\/posts\/7264"}],"collection":[{"href":"https:\/\/www.manaus.am.gov.br\/semtepi\/wp-json\/wp\/v2\/posts"}],"about":[{"href":"https:\/\/www.manaus.am.gov.br\/semtepi\/wp-json\/wp\/v2\/types\/post"}],"author":[{"embeddable":true,"href":"https:\/\/www.manaus.am.gov.br\/semtepi\/wp-json\/wp\/v2\/users\/39"}],"replies":[{"embeddable":true,"href":"https:\/\/www.manaus.am.gov.br\/semtepi\/wp-json\/wp\/v2\/comments?post=7264"}],"version-history":[{"count":1,"href":"https:\/\/www.manaus.am.gov.br\/semtepi\/wp-json\/wp\/v2\/posts\/7264\/revisions"}],"predecessor-version":[{"id":7267,"href":"https:\/\/www.manaus.am.gov.br\/semtepi\/wp-json\/wp\/v2\/posts\/7264\/revisions\/7267"}],"wp:featuredmedia":[{"embeddable":true,"href":"https:\/\/www.manaus.am.gov.br\/semtepi\/wp-json\/wp\/v2\/media\/7266"}],"wp:attachment":[{"href":"https:\/\/www.manaus.am.gov.br\/semtepi\/wp-json\/wp\/v2\/media?parent=7264"}],"wp:term":[{"taxonomy":"category","embeddable":true,"href":"https:\/\/www.manaus.am.gov.br\/semtepi\/wp-json\/wp\/v2\/categories?post=7264"},{"taxonomy":"post_tag","embeddable":true,"href":"https:\/\/www.manaus.am.gov.br\/semtepi\/wp-json\/wp\/v2\/tags?post=7264"}],"curies":[{"name":"wp","href":"https:\/\/api.w.org\/{rel}","templated":true}]}}