{"id":7234,"date":"2025-11-12T13:35:40","date_gmt":"2025-11-12T17:35:40","guid":{"rendered":"https:\/\/www.manaus.am.gov.br\/semtepi\/sem-categoria\/sine-manaus-387-vagas-emprego-13-11\/"},"modified":"2025-11-12T13:39:12","modified_gmt":"2025-11-12T17:39:12","slug":"sine-manaus-387-vagas-emprego-13-11","status":"publish","type":"post","link":"https:\/\/www.manaus.am.gov.br\/semtepi\/oportunidade\/sine-manaus-387-vagas-emprego-13-11\/","title":{"rendered":"Sine Manaus oferta 387 vagas de emprego nesta quinta-feira, 13\/11"},"content":{"rendered":"\n<p>A Prefeitura de Manaus, por meio do Sine Manaus, oferta 387 vagas de emprego em v\u00e1rias \u00e1reas de atua\u00e7\u00e3o, nesta quinta-feira, 13\/11,\u00a0das 8h \u00e0s 14h. O candidato pode validar a Carteira Digital e Previd\u00eancia Social (CTPS) no aplicativo \u201cCarteira de Trabalho Digital\u201d ou acessar o site\u00a0<a href=\"http:\/\/gov.br\/trabalho\">http:\/\/gov.br\/trabalho<\/a>.<\/p>\n\n\n\n<p>Para participar da pr\u00e9-sele\u00e7\u00e3o e concorrer a uma das vagas dispon\u00edveis, ou receber orienta\u00e7\u00e3o de cadastro, Carteira de Trabalho Digital e seguro-desemprego, os candidatos devem comparecer a um dos postos do Sine Manaus: na avenida Constantino Nery, n\u00ba 1.272, bairro S\u00e3o Geraldo, zona Centro-Sul; ou no shopping Phelippe Daou, na avenida Camapu\u00e3, n\u00ba 2.939, bairro Cidade de Deus, zona Norte.<\/p>\n\n\n\n<p>Os interessados devem estar munidos do comprovante de vacina\u00e7\u00e3o (Covid-19), curr\u00edculo, certificados de cursos e documentos pessoais (RG, CPF, PIS, CTPS, comprovante de escolaridade e resid\u00eancia). N\u00e3o \u00e9 necess\u00e1rio apresentar c\u00f3pias, somente os documentos originais.<\/p>\n\n\n\n<p>\u00c9 importante que os candidatos mantenham seus cadastros atualizados, especialmente ao finalizarem novas qualifica\u00e7\u00f5es. Para vagas espec\u00edficas, podem ser solicitados documentos adicionais, como cursos ou certifica\u00e7\u00f5es, por isso, \u00e9 essencial estar atento aos &#8220;Requisitos Obrigat\u00f3rios&#8221; de cada vaga.<\/p>\n\n\n\n<p>A Semtepi ressalta que, obedecendo ao disposto no artigo 5\u00ba, da Constitui\u00e7\u00e3o Federal, e ao artigo 373-A, da Consolida\u00e7\u00e3o das Leis Trabalhistas (CLT), crit\u00e9rios referentes a sexo, idade, cor ou situa\u00e7\u00e3o familiar, n\u00e3o podem ser informados na divulga\u00e7\u00e3o das vagas disponibilizadas.<\/p>\n\n\n\n<p>Os candidatos devem estar cientes das diretrizes de vestimenta estabelecidas pelo \u00f3rg\u00e3o, as quais incluem a proibi\u00e7\u00e3o de vestimentas como bermudas, shorts, minissaias, camisetas regatas e chinelos durante a entrada.<\/p>\n\n\n\n<p><strong>VAGAS NOVAS &#8211; 89<\/strong><\/p>\n\n\n\n<p><strong>6 vagas &#8211; Repositor<\/strong><\/p>\n\n\n\n<p><strong>Escolaridade &#8211;<\/strong> ensino m\u00e9dio completo;<\/p>\n\n\n\n<p><strong>Experi\u00eancia &#8211; <\/strong>seis meses na Carteira de Trabalho;<\/p>\n\n\n\n<p><strong>Requisitos Obrigat\u00f3rios <\/strong>&#8211; possuir documenta\u00e7\u00e3o completa (com dispensa militar);<\/p>\n\n\n\n<p><strong>Atividades &#8211;<\/strong> abastecimento e organiza\u00e7\u00e3o de g\u00f4ndolas, verifica\u00e7\u00e3o de validade dos produtos, controle de estoque, limpeza das prateleiras e atendimento ao cliente.<\/p>\n\n\n\n<p><strong>Dispon\u00edvel at\u00e9 13\/11\/2025 ou encerramento da vaga<\/strong><\/p>\n\n\n\n<p><strong>1 vaga &#8211; Servi\u00e7os Gerais<\/strong><\/p>\n\n\n\n<p><strong>Escolaridade &#8211;<\/strong> ensino m\u00e9dio completo;<\/p>\n\n\n\n<p><strong>Experi\u00eancia &#8211; <\/strong>seis meses na Carteira de Trabalho;<\/p>\n\n\n\n<p><strong>Requisitos Obrigat\u00f3rios <\/strong>&#8211; residir nos bairros: Col\u00f4nia Oliveira Machado, Educandos, Cachoeirinha ou proximidades e possuir documenta\u00e7\u00e3o completa;<\/p>\n\n\n\n<p><strong>Atividades &#8211;<\/strong> realizar limpeza e organiza\u00e7\u00e3o de ambientes, manuten\u00e7\u00e3o b\u00e1sica de instala\u00e7\u00f5es, movimenta\u00e7\u00e3o de materiais, suporte a outras \u00e1reas com servi\u00e7os de copa e atendimento, e controle de estoque de materiais de limpeza.<\/p>\n\n\n\n<p><strong>Dispon\u00edvel at\u00e9 13\/11\/2025 ou encerramento da vaga<\/strong><\/p>\n\n\n\n<p><strong>1 vaga &#8211; Assistente Administrativo Operacional<\/strong><\/p>\n\n\n\n<p><strong>Escolaridade &#8211;<\/strong> ensino m\u00e9dio completo ou ensino superior completo em Administra\u00e7\u00e3o;<\/p>\n\n\n\n<p><strong>Experi\u00eancia &#8211; <\/strong>seis meses na Carteira de Trabalho;<\/p>\n\n\n\n<p><strong>Requisitos Obrigat\u00f3rios <\/strong>&#8211; residir nos bairros: Col\u00f4nia Oliveira Machado, Educandos, Cachoeirinha ou proximidades e possuir documenta\u00e7\u00e3o completa;<\/p>\n\n\n\n<p><strong>Atividades &#8211;<\/strong> dar suporte a outros departamentos, organizar e arquivar documentos, atender clientes e fornecedores, gerenciar agendas, emitir notas fiscais e atualizar planilhas de dados.<\/p>\n\n\n\n<p><strong>Dispon\u00edvel at\u00e9 13\/11\/2025 ou encerramento da vaga<\/strong><\/p>\n\n\n\n<p><strong>1 vaga &#8211; Auxiliar Fiscal<\/strong><\/p>\n\n\n\n<p><strong>Escolaridade &#8211;<\/strong> ensino m\u00e9dio completo ou cursando ensino superior em Administra\u00e7\u00e3o, Ci\u00eancias Cont\u00e1beis ou Economia;<\/p>\n\n\n\n<p><strong>Experi\u00eancia &#8211; <\/strong>seis meses na Carteira de Trabalho;<\/p>\n\n\n\n<p><strong>Requisitos Obrigat\u00f3rios <\/strong>&#8211; possuir documenta\u00e7\u00e3o completa;<\/p>\n\n\n\n<p><strong>Atividades &#8211;<\/strong> auxiliar no controle e cumprimento das obriga\u00e7\u00f5es fiscais, em uso de planilhas excel e faturamento; apoio na emiss\u00e3o e confer\u00eancia de notas fiscais, lan\u00e7amento de dados em sistemas, a apura\u00e7\u00e3o e o recolhimento de impostos, e a organiza\u00e7\u00e3o de documentos fiscais para garantir que a empresa esteja em conformidade com a legisla\u00e7\u00e3o.<\/p>\n\n\n\n<p><strong>Dispon\u00edvel at\u00e9 13\/11\/2025 ou encerramento da vaga<\/strong><\/p>\n\n\n\n<p><strong>2 vagas &#8211; Auxiliar de Expedi\u00e7\u00e3o Carga e Descarga<\/strong><\/p>\n\n\n\n<p><strong>Escolaridade &#8211;<\/strong> ensino m\u00e9dio completo;<\/p>\n\n\n\n<p><strong>Experi\u00eancia &#8211; <\/strong>seis meses na Carteira de Trabalho;<\/p>\n\n\n\n<p><strong>Requisitos Obrigat\u00f3rios <\/strong>&#8211; possuir documenta\u00e7\u00e3o completa (com dispensa militar);<\/p>\n\n\n\n<p><strong>Atividades &#8211;<\/strong> auxiliar de expedi\u00e7\u00e3o de carga e descarga de caminh\u00e3o, acompanhando o motorista na prepara\u00e7\u00e3o e na entrega de mercadorias para transporte e movimenta\u00e7\u00e3o; fazer confer\u00eancias, organizar os materiais e ter manuseio com equipamentos como paleteiras e empilhadeiras.<\/p>\n\n\n\n<p><strong>Dispon\u00edvel at\u00e9 13\/11\/2025 ou encerramento da vaga<\/strong><\/p>\n\n\n\n<p><strong>2 vagas &#8211; Vendedor Interno<\/strong><\/p>\n\n\n\n<p><strong>Escolaridade &#8211;<\/strong> ensino m\u00e9dio completo;<\/p>\n\n\n\n<p><strong>Experi\u00eancia &#8211; <\/strong>tr\u00eas meses na Carteira de Trabalho;<\/p>\n\n\n\n<p><strong>Requisitos Obrigat\u00f3rios <\/strong>&#8211; possuir documenta\u00e7\u00e3o completa;<\/p>\n\n\n\n<p><strong>Atividades &#8211;<\/strong> atender e orientar clientes, apresentar produtos e servi\u00e7os, negociar pre\u00e7os e condi\u00e7\u00f5es de venda e auxiliar na organiza\u00e7\u00e3o da loja.<\/p>\n\n\n\n<p><strong>Dispon\u00edvel at\u00e9 13\/11\/2025 ou encerramento da vaga<\/strong><\/p>\n\n\n\n<p><strong>10 vagas &#8211; T\u00e9cnico de Telefonia<\/strong><\/p>\n\n\n\n<p><strong>Escolaridade &#8211;<\/strong> ensino m\u00e9dio completo;<\/p>\n\n\n\n<p><strong>Experi\u00eancia &#8211; <\/strong>n\u00e3o \u00e9 necess\u00e1rio;<\/p>\n\n\n\n<p><strong>Requisitos Obrigat\u00f3rios <\/strong>&#8211; ter Carteira Nacional de Habilita\u00e7\u00e3o categoria \u201cB\u201d e possuir documenta\u00e7\u00e3o completa (com dispensa militar);<\/p>\n\n\n\n<p><strong>Atividades &#8211;<\/strong> verificar equipamentos de telecomunica\u00e7\u00f5es; fazer teste de rotina; identificar e corrigir falhas no sistema de telecomunica\u00e7\u00f5es; instala\u00e7\u00e3o de internet fibra \u00f3ptica; configura\u00e7\u00e3o de roteadores e antenas da empresa de telefonia.<\/p>\n\n\n\n<p><strong>Dispon\u00edvel at\u00e9 13\/11\/2025 ou encerramento da vaga<\/strong><\/p>\n\n\n\n<p><strong>1 vaga &#8211; T\u00e9cnico em Seguran\u00e7a do Trabalho<\/strong><\/p>\n\n\n\n<p><strong>Escolaridade &#8211;<\/strong> ensino t\u00e9cnico completo em Seguran\u00e7a do Trabalho;<\/p>\n\n\n\n<p><strong>Experi\u00eancia &#8211; <\/strong>seis meses na Carteira de Trabalho;<\/p>\n\n\n\n<p><strong>Requisitos Obrigat\u00f3rios <\/strong>&#8211; residir nos bairros: Grande Vit\u00f3ria, Gilberto Mestrinho, Jorge Teixeira, Santa In\u00eas ou proximidades e possuir documenta\u00e7\u00e3o completa;<\/p>\n\n\n\n<p><strong>Atividades &#8211;<\/strong>&nbsp; implementar a pol\u00edtica de sa\u00fade e seguran\u00e7a, inspecionar o ambiente de trabalho, identificar riscos, elaborar a\u00e7\u00f5es educativas, investigar acidentes e gerenciar a documenta\u00e7\u00e3o de SST, entre outras atividades correlatas \u00e0 fun\u00e7\u00e3o.<\/p>\n\n\n\n<p><strong>Dispon\u00edvel at\u00e9 13\/11\/2025 ou encerramento da vaga<\/strong><\/p>\n\n\n\n<p><strong>5 vagas &#8211; Auxiliar de Log\u00edstica<\/strong><\/p>\n\n\n\n<p><strong>Escolaridade &#8211;<\/strong> ensino fundamental completo;<\/p>\n\n\n\n<p><strong>Experi\u00eancia &#8211; <\/strong>tr\u00eas meses na Carteira de Trabalho;<\/p>\n\n\n\n<p><strong>Requisitos Obrigat\u00f3rios <\/strong>&#8211; residir nas proximidades do Santa Etelvina ou Zona Norte e possuir documenta\u00e7\u00e3o completa (com dispensa militar);<\/p>\n\n\n\n<p><strong>Atividades &#8211;<\/strong> realizar recebimento e expedi\u00e7\u00e3o de mercadorias, controle e organiza\u00e7\u00e3o de estoque, separa\u00e7\u00e3o e embalagem de pedidos, armazenamento adequado de materiais, Operacionaliza\u00e7\u00e3o de distribui\u00e7\u00e3o e entregas, atendimento ao cliente.<\/p>\n\n\n\n<p><strong>Dispon\u00edvel at\u00e9 13\/11\/2025 ou encerramento da vaga<\/strong><\/p>\n\n\n\n<p><strong>2 vagas &#8211; Auxiliar de Marceneiro<\/strong><\/p>\n\n\n\n<p><strong>Escolaridade &#8211;<\/strong> ensino fundamental completo;<\/p>\n\n\n\n<p><strong>Experi\u00eancia &#8211; <\/strong>seis meses na Carteira de Trabalho;<\/p>\n\n\n\n<p><strong>Requisitos Obrigat\u00f3rios <\/strong>&#8211; possuir documenta\u00e7\u00e3o completa (com dispensa militar);<\/p>\n\n\n\n<p><strong>Atividades &#8211;<\/strong> apoiar a confec\u00e7\u00e3o, restaura\u00e7\u00e3o e montagem de pe\u00e7as de madeira, desde o manuseio de ferramentas at\u00e9 o acabamento final.<\/p>\n\n\n\n<p><strong>Dispon\u00edvel at\u00e9 13\/11\/2025 ou encerramento da vaga<\/strong><\/p>\n\n\n\n<p><strong>2 vagas &#8211; Marceneiro<\/strong><\/p>\n\n\n\n<p><strong>Escolaridade &#8211;<\/strong> ensino fundamental completo;<\/p>\n\n\n\n<p><strong>Experi\u00eancia &#8211; <\/strong>seis meses na Carteira de Trabalho;<\/p>\n\n\n\n<p><strong>Requisitos Obrigat\u00f3rios <\/strong>&#8211; possuir documenta\u00e7\u00e3o completa (com dispensa militar);<\/p>\n\n\n\n<p><strong>Atividades &#8211;<\/strong> criar m\u00f3veis sob medida, objetos decorativos e outras estruturas de madeira, seguindo desenhos e especifica\u00e7\u00f5es.<\/p>\n\n\n\n<p><strong>Dispon\u00edvel at\u00e9 13\/11\/2025 ou encerramento da vaga<\/strong><\/p>\n\n\n\n<p><strong>1 vaga &#8211; Auxiliar de Pessoal<\/strong><\/p>\n\n\n\n<p><strong>Escolaridade &#8211;<\/strong> ensino m\u00e9dio completo;<\/p>\n\n\n\n<p><strong>Experi\u00eancia &#8211; <\/strong>seis meses na Carteira de Trabalho;<\/p>\n\n\n\n<p><strong>Requisitos Obrigat\u00f3rios <\/strong>&#8211; possuir documenta\u00e7\u00e3o completa;<\/p>\n\n\n\n<p><strong>Atividades &#8211;<\/strong> suporte em processos de admiss\u00e3o e demiss\u00e3o, o controle de ponto e benef\u00edcios dos colaboradores, a manuten\u00e7\u00e3o da folha de pagamento.<\/p>\n\n\n\n<p><strong>Dispon\u00edvel at\u00e9 13\/11\/2025 ou encerramento da vaga<\/strong><\/p>\n\n\n\n<p><strong>1 vaga &#8211; Analista de Licita\u00e7\u00e3o&nbsp;<\/strong><\/p>\n\n\n\n<p><strong>Escolaridade &#8211;<\/strong> ensino m\u00e9dio completo;<\/p>\n\n\n\n<p><strong>Experi\u00eancia &#8211; <\/strong>seis meses na Carteira de Trabalho;<\/p>\n\n\n\n<p><strong>Requisitos Obrigat\u00f3rios <\/strong>&#8211; possuir documenta\u00e7\u00e3o completa (com dispensa militar);<\/p>\n\n\n\n<p><strong>Atividades &#8211;<\/strong> preparar e conduzir o processo licitat\u00f3rio, que engloba desde a elabora\u00e7\u00e3o do edital, passando pela condu\u00e7\u00e3o da sess\u00e3o p\u00fablica na internet, a an\u00e1lise de propostas e lances, a verifica\u00e7\u00e3o da habilita\u00e7\u00e3o dos fornecedores, at\u00e9 a decis\u00e3o final e encaminhamento do processo.<\/p>\n\n\n\n<p><strong>Dispon\u00edvel at\u00e9 13\/11\/2025 ou encerramento da vaga<\/strong><\/p>\n\n\n\n<p><strong>10 vagas &#8211; Auxiliar de Operador Log\u00edstico<\/strong><\/p>\n\n\n\n<p><strong>Escolaridade &#8211;<\/strong> ensino m\u00e9dio completo;<\/p>\n\n\n\n<p><strong>Experi\u00eancia &#8211; <\/strong>n\u00e3o \u00e9 necess\u00e1rio;<\/p>\n\n\n\n<p><strong>Requisitos Obrigat\u00f3rios <\/strong>&#8211; possuir documenta\u00e7\u00e3o completa (com dispensa militar);<\/p>\n\n\n\n<p><strong>Atividades &#8211;<\/strong> auxiliar na carga e descarga de materiais de caminh\u00f5es, verificar produtos recebidos, triagem de lotes, organiza\u00e7\u00e3o do estoque, manuten\u00e7\u00e3o do estoque atrav\u00e9s de relat\u00f3rios di\u00e1rios; contagem do material estocado; preenchimento de controle de estoque e outras atividades pertinentes ao cargo.<\/p>\n\n\n\n<p><strong>Dispon\u00edvel at\u00e9 13\/11\/2025 ou encerramento da vaga<\/strong><\/p>\n\n\n\n<p><strong>1 vaga &#8211; Servente de Obras<\/strong><\/p>\n\n\n\n<p><strong>Escolaridade &#8211;<\/strong> ensino fundamental completo;<\/p>\n\n\n\n<p><strong>Experi\u00eancia &#8211; <\/strong>seis meses na Carteira de Trabalho ou avulsa;<\/p>\n\n\n\n<p><strong>Requisitos Obrigat\u00f3rios <\/strong>&#8211; possuir documenta\u00e7\u00e3o completa (com dispensa militar);<\/p>\n\n\n\n<p><strong>Atividades &#8211;<\/strong> auxiliar pedreiros, carpinteiros, armadores e outros profissionais da constru\u00e7\u00e3o civil no preparo de materiais, limpeza e organiza\u00e7\u00e3o do canteiro de obras.<\/p>\n\n\n\n<p><strong>Dispon\u00edvel at\u00e9 13\/11\/2025 ou encerramento da vaga<\/strong><\/p>\n\n\n\n<p><strong>3 vagas &#8211; Servi\u00e7os Gerais<\/strong><\/p>\n\n\n\n<p><strong>Escolaridade &#8211;<\/strong> ensino fundamental completo;<\/p>\n\n\n\n<p><strong>Experi\u00eancia &#8211; <\/strong>seis meses na Carteira de Trabalho;<\/p>\n\n\n\n<p><strong>Requisitos Obrigat\u00f3rios <\/strong>&#8211; possuir documenta\u00e7\u00e3o completa;<\/p>\n\n\n\n<p><strong>Atividades &#8211;<\/strong> realizar limpeza e organiza\u00e7\u00e3o de ambientes, manuten\u00e7\u00e3o b\u00e1sica de instala\u00e7\u00f5es, movimenta\u00e7\u00e3o de materiais, suporte a outras \u00e1reas com servi\u00e7os de copa e atendimento, e controle de estoque de materiais de limpeza.<\/p>\n\n\n\n<p><strong>Dispon\u00edvel at\u00e9 13\/11\/2025 ou encerramento da vaga<\/strong><\/p>\n\n\n\n<p><strong>4 vagas &#8211; Motorista de Caminh\u00e3o<\/strong><\/p>\n\n\n\n<p><strong>Escolaridade &#8211;<\/strong> ensino m\u00e9dio completo;<\/p>\n\n\n\n<p><strong>Experi\u00eancia &#8211; <\/strong>registrada na Carteira de Trabalho;<\/p>\n\n\n\n<p><strong>Requisitos Obrigat\u00f3rios <\/strong>&#8211; residir no Tarum\u00e3 ou proximidades e possuir documenta\u00e7\u00e3o completa (com dispensa militar);<\/p>\n\n\n\n<p><strong>Atividades &#8211;<\/strong> transportar e entregar cargas, realizar inspe\u00e7\u00f5es e manuten\u00e7\u00f5es b\u00e1sicas do ve\u00edculo, verificar a documenta\u00e7\u00e3o da carga e do ve\u00edculo, definir rotas e realizar socorro mec\u00e2nico, se necess\u00e1rio.<\/p>\n\n\n\n<p><strong>Dispon\u00edvel at\u00e9 13\/11\/2025 ou encerramento da vaga<\/strong><\/p>\n\n\n\n<p><strong>1 vaga &#8211; Analista de Marketing<\/strong><\/p>\n\n\n\n<p><strong>Escolaridade &#8211;<\/strong> ensino superior completo em Marketing;<\/p>\n\n\n\n<p><strong>Experi\u00eancia &#8211; <\/strong>registrada na Carteira de Trabalho;<\/p>\n\n\n\n<p><strong>Requisitos Obrigat\u00f3rios <\/strong>&#8211; possuir documenta\u00e7\u00e3o completa;<\/p>\n\n\n\n<p><strong>Atividades &#8211;<\/strong> elaborar estrat\u00e9gias de marketing tradicional e digital, com foco em potencializar as vendas, atrair e fidelizar clientes e fortalecer a marca no mercado; desenvolver e implementar planos de marketing e campanhas publicit\u00e1rias, incluindo a cria\u00e7\u00e3o de encartes, pe\u00e7as e materiais de divulga\u00e7\u00e3o no ponto de venda; monitorar e gerenciar a presen\u00e7a da marca nas redes sociais, criar an\u00fancios pagos e conte\u00fado org\u00e2nico e interagir com o p\u00fablico.<\/p>\n\n\n\n<p><strong>Dispon\u00edvel at\u00e9 13\/11\/2025 ou encerramento da vaga<\/strong><\/p>\n\n\n\n<p><strong>2 vagas &#8211; Maqueiro<\/strong><\/p>\n\n\n\n<p><strong>Escolaridade &#8211;<\/strong> ensino m\u00e9dio completo;<\/p>\n\n\n\n<p><strong>Experi\u00eancia &#8211; <\/strong>n\u00e3o \u00e9 necess\u00e1rio;<\/p>\n\n\n\n<p><strong>Requisitos Obrigat\u00f3rios <\/strong>&#8211; possuir documenta\u00e7\u00e3o completa;<\/p>\n\n\n\n<p><strong>Atividades &#8211;<\/strong> ajudar no transporte de pacientes entre quartos, salas de exame e \u00e1reas cir\u00fargicas, utilizando macas ou cadeiras de rodas; garantir a limpeza e a organiza\u00e7\u00e3o do ambiente, al\u00e9m de zelar pela conserva\u00e7\u00e3o das instala\u00e7\u00f5es e equipamentos.<\/p>\n\n\n\n<p><strong>Dispon\u00edvel at\u00e9 13\/11\/2025 ou encerramento da vaga<\/strong><\/p>\n\n\n\n<p><strong>2 vagas &#8211; Ajudante de Carga e Descarga<\/strong><\/p>\n\n\n\n<p><strong>Escolaridade &#8211;<\/strong> ensino fundamental completo;<\/p>\n\n\n\n<p><strong>Experi\u00eancia &#8211; <\/strong>n\u00e3o \u00e9 necess\u00e1rio;<\/p>\n\n\n\n<p><strong>Requisitos Obrigat\u00f3rios <\/strong>&#8211; possuir documenta\u00e7\u00e3o completa (com dispensa militar);<\/p>\n\n\n\n<p><strong>Atividades &#8211;<\/strong> separar mercadorias, carregar, descarregar e entregar mercadorias em diversos pontos de Manaus, garantindo a confer\u00eancia dos pedidos e a sua integridade at\u00e9 o destino.<\/p>\n\n\n\n<p><strong>Dispon\u00edvel at\u00e9 13\/11\/2025 ou encerramento da vaga<\/strong><\/p>\n\n\n\n<p><strong>1 vaga &#8211; Operador de Empilhadeira<\/strong><\/p>\n\n\n\n<p><strong>Escolaridade &#8211;<\/strong> ensino m\u00e9dio completo;<\/p>\n\n\n\n<p><strong>Experi\u00eancia &#8211; <\/strong>seis meses na Carteira de Trabalho;<\/p>\n\n\n\n<p><strong>Requisitos Obrigat\u00f3rios <\/strong>&#8211; possuir documenta\u00e7\u00e3o completa (com dispensa militar);<\/p>\n\n\n\n<p><strong>Atividades &#8211;<\/strong> operar empilhadeira para movimenta\u00e7\u00e3o, carga e descarga de materiais; organizar e armazenar produtos no estoque de acordo com as normas de seguran\u00e7a; realizar inspe\u00e7\u00f5es di\u00e1rias no equipamento; apoiar na confer\u00eancia e controle de materiais; cumprir os procedimentos internos e normas de seguran\u00e7a.<\/p>\n\n\n\n<p><strong>Dispon\u00edvel at\u00e9 13\/11\/2025 ou encerramento da vaga<\/strong><\/p>\n\n\n\n<p><strong>3 vagas &#8211; Agente de Limpeza<\/strong><\/p>\n\n\n\n<p><strong>Escolaridade &#8211;<\/strong> ensino fundamental completo;<\/p>\n\n\n\n<p><strong>Experi\u00eancia &#8211; <\/strong>seis meses na Carteira de Trabalho;<\/p>\n\n\n\n<p><strong>Requisitos Obrigat\u00f3rios <\/strong>&#8211; possuir documenta\u00e7\u00e3o completa;<\/p>\n\n\n\n<p><strong>Atividades &#8211;<\/strong> realizar manuten\u00e7\u00e3o da limpeza e conserva\u00e7\u00e3o de ambientes, utilizando equipamentos e produtos adequados para a remo\u00e7\u00e3o de sujidades, limpeza de pisos, paredes, vidros, m\u00f3veis, entre outros; executar atividades como coleta de lixo, reposi\u00e7\u00e3o de materiais de higiene, e sinaliza\u00e7\u00e3o de \u00e1reas em manuten\u00e7\u00e3o.<\/p>\n\n\n\n<p><strong>Dispon\u00edvel at\u00e9 13\/11\/2025 ou encerramento da vaga<\/strong><\/p>\n\n\n\n<p><strong>1 vaga &#8211; Auxiliar de Servi\u00e7os Gerais &#8211; Vagas destinadas para Pessoa com Defici\u00eancia (PcD)<\/strong><\/p>\n\n\n\n<p><strong>Escolaridade &#8211;<\/strong> ensino m\u00e9dio completo;<\/p>\n\n\n\n<p><strong>Experi\u00eancia &#8211; <\/strong>seis meses na Carteira de Trabalho;<\/p>\n\n\n\n<p><strong>Requisitos Obrigat\u00f3rios <\/strong>&#8211; possuir documenta\u00e7\u00e3o completa;<\/p>\n\n\n\n<p><strong>Atividades &#8211;<\/strong> atender as necessidades de limpeza, manuten\u00e7\u00e3o e conserva\u00e7\u00e3o das instala\u00e7\u00f5es da institui\u00e7\u00e3o, removendo p\u00f3 de m\u00f3veis, paredes, tetos, portas, janelas e equipamentos.<\/p>\n\n\n\n<p><strong>Dispon\u00edvel at\u00e9 13\/11\/2025 ou encerramento da vaga<\/strong><\/p>\n\n\n\n<p><strong>4 vagas &#8211; Atendente<\/strong><\/p>\n\n\n\n<p><strong>Escolaridade &#8211;<\/strong> ensino m\u00e9dio completo;<\/p>\n\n\n\n<p><strong>Experi\u00eancia &#8211; <\/strong>n\u00e3o \u00e9 necess\u00e1rio;<\/p>\n\n\n\n<p><strong>Requisitos Obrigat\u00f3rios <\/strong>&#8211; residir na Zona Oeste, ter disponibilidade de hor\u00e1rio e possuir documenta\u00e7\u00e3o completa;<\/p>\n\n\n\n<p><strong>Atividades &#8211;<\/strong> atendimento ao cliente.<\/p>\n\n\n\n<p><strong>Dispon\u00edvel at\u00e9 13\/11\/2025 ou encerramento da vaga<\/strong><\/p>\n\n\n\n<p><strong>4 vagas &#8211; Auxiliar de Produ\u00e7\u00e3o<\/strong><\/p>\n\n\n\n<p><strong>Escolaridade &#8211;<\/strong> ensino m\u00e9dio completo;<\/p>\n\n\n\n<p><strong>Experi\u00eancia &#8211; <\/strong>n\u00e3o \u00e9 necess\u00e1rio;<\/p>\n\n\n\n<p><strong>Requisitos Obrigat\u00f3rios <\/strong>&#8211; residir na Zona Oeste, ter disponibilidade de hor\u00e1rio e possuir documenta\u00e7\u00e3o completa (com dispensa militar);<\/p>\n\n\n\n<p><strong>Atividades &#8211;<\/strong> auxiliar na prepara\u00e7\u00e3o de massas, assar p\u00e3es e outros produtos, embalar e etiquetar mercadorias, abastecer balc\u00f5es, organizar estoques e manter a limpeza do local de trabalho.<\/p>\n\n\n\n<p><strong>Dispon\u00edvel at\u00e9 13\/11\/2025 ou encerramento da vaga<\/strong><\/p>\n\n\n\n<p><strong>1 vaga &#8211; Auxiliar de Limpeza<\/strong><\/p>\n\n\n\n<p><strong>Escolaridade &#8211;<\/strong> ensino m\u00e9dio completo;<\/p>\n\n\n\n<p><strong>Experi\u00eancia &#8211; <\/strong>registrada na Carteira de Trabalho;<\/p>\n\n\n\n<p><strong>Requisitos Obrigat\u00f3rios <\/strong>&#8211; ter disponibilidade de hor\u00e1rio (inclusive aos fins de semana e feriados), residir nas proximidades do bairro S\u00e3o Jorge e possuir documenta\u00e7\u00e3o completa (com dispensa militar);<\/p>\n\n\n\n<p><strong>Atividades &#8211;<\/strong> realizar limpeza em geral, organiza\u00e7\u00e3o, conhecer material de limpeza e como utilizar, entre outras atividades correlatas \u00e0 fun\u00e7\u00e3o.<\/p>\n\n\n\n<p><strong>Dispon\u00edvel at\u00e9 13\/11\/2025 ou encerramento da vaga<\/strong><\/p>\n\n\n\n<p><strong>1 vaga &#8211; Auxiliar de Servi\u00e7os Gerais<\/strong><\/p>\n\n\n\n<p><strong>Escolaridade &#8211;<\/strong> ensino fundamental completo;<\/p>\n\n\n\n<p><strong>Experi\u00eancia &#8211; <\/strong>seis meses na Carteira de Trabalho;<\/p>\n\n\n\n<p><strong>Requisitos Obrigat\u00f3rios <\/strong>&#8211; ter experi\u00eancia em limpeza hospitalar, disponibilidade de hor\u00e1rio e possuir documenta\u00e7\u00e3o completa (com dispensa militar);<\/p>\n\n\n\n<p><strong>Atividades &#8211;<\/strong> utiliza\u00e7\u00e3o de produtos de limpeza; realizar limpezas concorrentes e terminais; recolher e descartar res\u00edduos hospitalares de forma adequada; seguir os protocolos de seguran\u00e7a e higiene.<\/p>\n\n\n\n<p><strong>Dispon\u00edvel at\u00e9 13\/11\/2025 ou encerramento da vaga<\/strong><\/p>\n\n\n\n<p><strong>6 vagas &#8211; Carpinteiro<\/strong><\/p>\n\n\n\n<p><strong>Escolaridade &#8211;<\/strong> ensino fundamental completo;<\/p>\n\n\n\n<p><strong>Experi\u00eancia &#8211; <\/strong>registrada na Carteira de Trabalho;<\/p>\n\n\n\n<p><strong>Requisitos Obrigat\u00f3rios <\/strong>&#8211; residir no bairro Col\u00f4nia Ant\u00f4nio Aleixo ou proximidades e possuir documenta\u00e7\u00e3o completa (com dispensa militar);<\/p>\n\n\n\n<p><strong>Atividades &#8211;<\/strong> planejar trabalhos de carpintaria, preparar canteiro de obras e montar f\u00f4rmas met\u00e1licas, confeccionar f\u00f4rmas de madeira e forro de laje, construir andaimes e prote\u00e7\u00e3o de madeira e estruturas de madeira para telhado; escorar lajes de pontes, viadutos e grandes v\u00e3os; montar portas e esquadrias, finalizar servi\u00e7os tais como desmonte de andaimes, limpeza e lubrifica\u00e7\u00e3o de f\u00f4rmas met\u00e1licas, sele\u00e7\u00e3o de materiais reutiliz\u00e1veis, armazenamento de pe\u00e7as e equipamentos.<\/p>\n\n\n\n<p><strong>Dispon\u00edvel at\u00e9 13\/11\/2025 ou encerramento da vaga<\/strong><\/p>\n\n\n\n<p><strong>7 vagas &#8211; Servente<\/strong><\/p>\n\n\n\n<p><strong>Escolaridade &#8211;<\/strong> ensino fundamental completo;<\/p>\n\n\n\n<p><strong>Experi\u00eancia &#8211; <\/strong>seis meses na Carteira de Trabalho;<\/p>\n\n\n\n<p><strong>Requisitos Obrigat\u00f3rios <\/strong>&#8211; residir no bairro Col\u00f4nia Ant\u00f4nio Aleixo ou proximidades e possuir documenta\u00e7\u00e3o completa (com dispensa militar);<\/p>\n\n\n\n<p><strong>Atividades &#8211;<\/strong> demolir edifica\u00e7\u00f5es de concreto, de alvenaria e outras estruturas; preparar canteiros de obras, limpar a \u00e1rea e compactando solos; efetuar manuten\u00e7\u00e3o de primeiro n\u00edvel, limpar m\u00e1quinas e ferramentas, verificar condi\u00e7\u00f5es dos equipamentos e reparar eventuais defeitos mec\u00e2nicos nos mesmos; realizar escava\u00e7\u00f5es e preparar massa de concreto e outros materiais.<\/p>\n\n\n\n<p><strong>Dispon\u00edvel at\u00e9 13\/11\/2025 ou encerramento da vaga<\/strong><\/p>\n\n\n\n<p><strong>2 vagas &#8211; Auxiliar de Cozinha<\/strong><\/p>\n\n\n\n<p><strong>Escolaridade &#8211;<\/strong> ensino m\u00e9dio completo;<\/p>\n\n\n\n<p><strong>Experi\u00eancia &#8211; <\/strong>seis meses na Carteira de Trabalho;<\/p>\n\n\n\n<p><strong>Requisitos Obrigat\u00f3rios <\/strong>&#8211; ter curso de Manipula\u00e7\u00e3o de Alimentos, disponibilidade de hor\u00e1rio e possuir documenta\u00e7\u00e3o completa (com dispensa militar);<\/p>\n\n\n\n<p><strong>Atividades &#8211;<\/strong> auxiliar os cozinheiros no preparo e manipula\u00e7\u00e3o de alimentos.<\/p>\n\n\n\n<p><strong>Dispon\u00edvel at\u00e9 13\/11\/2025 ou encerramento da vaga<\/strong><\/p>\n\n\n\n<p><strong>1 vaga &#8211; Vendedor de Com\u00e9rcio Varejista<\/strong><\/p>\n\n\n\n<p><strong>Escolaridade &#8211;<\/strong> ensino m\u00e9dio completo;<\/p>\n\n\n\n<p><strong>Experi\u00eancia &#8211; <\/strong>n\u00e3o \u00e9 necess\u00e1rio;<\/p>\n\n\n\n<p><strong>Requisitos Obrigat\u00f3rios <\/strong>&#8211; ter disponibilidade de hor\u00e1rio e possuir documenta\u00e7\u00e3o completa;<\/p>\n\n\n\n<p><strong>Atividades &#8211;<\/strong> atender e orientar clientes, apresentar produtos e servi\u00e7os, negociar pre\u00e7os e condi\u00e7\u00f5es de venda e auxiliar na organiza\u00e7\u00e3o da loja.<\/p>\n\n\n\n<p><strong>Dispon\u00edvel at\u00e9 13\/11\/2025 ou encerramento da vaga<\/strong><\/p>\n\n\n\n<p><strong>COM\u00c9RCIO &#8211; 3<\/strong><\/p>\n\n\n\n<p><strong>1 vaga &#8211; Comprador<\/strong><\/p>\n\n\n\n<p><strong>Escolaridade &#8211;<\/strong> ensino m\u00e9dio completo;<\/p>\n\n\n\n<p><strong>Experi\u00eancia &#8211; <\/strong>seis meses na Carteira de Trabalho;<\/p>\n\n\n\n<p><strong>Requisitos Obrigat\u00f3rios <\/strong>&#8211; ter experi\u00eancia em compras de medicamentos e possuir documenta\u00e7\u00e3o completa;<\/p>\n\n\n\n<p><strong>Atividades &#8211;<\/strong> analisar as compras de materiais, equipamentos, mat\u00e9rias-primas e servi\u00e7os, realizar cota\u00e7\u00e3o e negocia\u00e7\u00e3o com fornecedores, emitir pedidos e acompanhar o fluxo de entrega para cumprimento de todas as condi\u00e7\u00f5es negociadas.<\/p>\n\n\n\n<p><strong>Dispon\u00edvel at\u00e9 13\/11\/2025 ou encerramento da vaga<\/strong><\/p>\n\n\n\n<p><strong>1 vaga &#8211; Motorista de Caminh\u00e3o<\/strong><\/p>\n\n\n\n<p><strong>Escolaridade &#8211;<\/strong> ensino m\u00e9dio completo;<\/p>\n\n\n\n<p><strong>Experi\u00eancia &#8211; <\/strong>n\u00e3o \u00e9 necess\u00e1rio;<\/p>\n\n\n\n<p><strong>Requisitos Obrigat\u00f3rios <\/strong>&#8211; ter Carteira Nacional de Habilita\u00e7\u00e3o categoria \u201cD\u201d e possuir documenta\u00e7\u00e3o completa (com dispensa militar);<\/p>\n\n\n\n<p><strong>Atividades &#8211;<\/strong> transportar, coletar e entregar cargas em geral.<\/p>\n\n\n\n<p><strong>Dispon\u00edvel at\u00e9 13\/11\/2025 ou encerramento da vaga<\/strong><\/p>\n\n\n\n<p><strong>1 vaga &#8211; Auxiliar de Cozinha<\/strong><\/p>\n\n\n\n<p><strong>Escolaridade &#8211;<\/strong> ensino fundamental completo;<\/p>\n\n\n\n<p><strong>Experi\u00eancia &#8211; <\/strong>seis meses na Carteira de Trabalho ou avulsa;<\/p>\n\n\n\n<p><strong>Requisitos Obrigat\u00f3rios <\/strong>&#8211; ter disponibilidade de hor\u00e1rio e possuir documenta\u00e7\u00e3o completa;<\/p>\n\n\n\n<p><strong>Atividades &#8211;<\/strong> dar suporte ao cozinheiro realizando tarefas como prepara\u00e7\u00e3o de ingredientes, limpeza e organiza\u00e7\u00e3o da cozinha e utens\u00edlios, e a conserva\u00e7\u00e3o dos alimentos; apoiar na montagem e apresenta\u00e7\u00e3o dos pratos, seguindo o padr\u00e3o do card\u00e1pio.<\/p>\n\n\n\n<p><strong>Dispon\u00edvel at\u00e9 13\/11\/2025 ou encerramento da vaga<\/strong><\/p>\n\n\n\n<p><strong>IND\u00daSTRIA &#8211; 179<\/strong><\/p>\n\n\n\n<p><strong>50 vagas &#8211; Auxiliar de Linha de Produ\u00e7\u00e3o<\/strong><\/p>\n\n\n\n<p><strong>Escolaridade &#8211; <\/strong>ensino fundamental incompleto;<\/p>\n\n\n\n<p><strong>Experi\u00eancia &#8211;<\/strong> n\u00e3o \u00e9 necess\u00e1rio;<\/p>\n\n\n\n<p><strong>Requisitos Obrigat\u00f3rios &#8211; <\/strong>a vaga \u00e9 destinada para candidatos que est\u00e3o em busca de novos desafios; o candidato vai precisar morar em: V\u00e1rzea Grande &#8211; MT e possuir documenta\u00e7\u00e3o completa (com dispensa militar);<\/p>\n\n\n\n<p><strong>Atividades &#8211; <\/strong>executar atividades operacionais em setores de apoio ou produ\u00e7\u00e3o de frios, visando garantir a manuten\u00e7\u00e3o, organiza\u00e7\u00e3o, limpeza ou opera\u00e7\u00e3o de atividades na unidade.<\/p>\n\n\n\n<p><strong>Dispon\u00edvel at\u00e9 13\/11\/2025 ou encerramento da vaga<\/strong><\/p>\n\n\n\n<p><strong>25 vagas &#8211; Auxiliar de Linha de Produ\u00e7\u00e3o<\/strong><\/p>\n\n\n\n<p><strong>Escolaridade &#8211; <\/strong>ensino fundamental incompleto;<\/p>\n\n\n\n<p><strong>Experi\u00eancia &#8211;<\/strong> n\u00e3o \u00e9 necess\u00e1rio;<\/p>\n\n\n\n<p><strong>Requisitos Obrigat\u00f3rios &#8211; <\/strong>a vaga \u00e9 destinada para candidatos que est\u00e3o em busca de novos desafios; o candidato vai precisar morar em: Promiss\u00e3o-SP e possuir documenta\u00e7\u00e3o completa (com dispensa militar);<\/p>\n\n\n\n<p><strong>Atividades &#8211; <\/strong>auxiliar a ind\u00fastria de abate bovino.<\/p>\n\n\n\n<p><strong>Dispon\u00edvel at\u00e9 13\/11\/2025 ou encerramento da vaga<\/strong><\/p>\n\n\n\n<p><strong>100 vagas &#8211; Operador de Produ\u00e7\u00e3o II<\/strong><\/p>\n\n\n\n<p><strong>Escolaridade &#8211; <\/strong>ensino fundamental incompleto;<\/p>\n\n\n\n<p><strong>Experi\u00eancia &#8211;<\/strong> n\u00e3o \u00e9 necess\u00e1rio;<\/p>\n\n\n\n<p><strong>Requisitos Obrigat\u00f3rios &#8211; <\/strong>a vaga \u00e9 destinada para candidatos que est\u00e3o em busca de novos desafios; o candidato vai precisar morar em: Lucas do Rio Verde (MT) e possuir documenta\u00e7\u00e3o completa;<\/p>\n\n\n\n<p><strong>Atividades &#8211; <\/strong>trabalhar com processamento de carne de frango, em setores diversos, com utiliza\u00e7\u00e3o de facas, ambiente climatizado; corte, coleta, pesagem e embalagem de alimentos; desossar, embalar, pesar, processar alimentos, derivados de carne de frango e su\u00ednos.<\/p>\n\n\n\n<p><strong>Dispon\u00edvel at\u00e9 13\/11\/2025 ou encerramento da vaga<\/strong><\/p>\n\n\n\n<p><strong>1 vaga &#8211; Empilhador<\/strong><\/p>\n\n\n\n<p><strong>Escolaridade &#8211;<\/strong> ensino m\u00e9dio completo;<\/p>\n\n\n\n<p><strong>Experi\u00eancia &#8211; <\/strong>tr\u00eas meses na Carteira de Trabalho;<\/p>\n\n\n\n<p><strong>Requisitos Obrigat\u00f3rios <\/strong>&#8211; ter Carteira Nacional de Habilita\u00e7\u00e3o categoria \u201cB\u201d e possuir documenta\u00e7\u00e3o completa (com dispensa militar);<\/p>\n\n\n\n<p><strong>Atividades &#8211;<\/strong> operar empilhadeira para carregar, descarregar, empilhar e armazenar mercadorias e produtos de forma segura e eficiente no galp\u00e3o e caminh\u00f5es.<\/p>\n\n\n\n<p><strong>Dispon\u00edvel at\u00e9 13\/11\/2025 ou encerramento da vaga<\/strong><\/p>\n\n\n\n<p><strong>1 vaga &#8211; Motoboy<\/strong><\/p>\n\n\n\n<p><strong>Escolaridade &#8211;<\/strong> ensino m\u00e9dio completo;<\/p>\n\n\n\n<p><strong>Experi\u00eancia &#8211; <\/strong>tr\u00eas meses na Carteira de Trabalho;<\/p>\n\n\n\n<p><strong>Requisitos Obrigat\u00f3rios <\/strong>&#8211; ter Carteira Nacional de Habilita\u00e7\u00e3o categoria \u201cAB\u201d e possuir documenta\u00e7\u00e3o completa (com dispensa militar);<\/p>\n\n\n\n<p><strong>Atividades &#8211;<\/strong> seguir as normas de seguran\u00e7a, higiene e qualidade que s\u00e3o estabelecidas pela empresa; cumprir com as leis de tr\u00e2nsito; cuidar da manuten\u00e7\u00e3o e higiene do ve\u00edculo, podendo ser o respons\u00e1vel por verifica\u00e7\u00f5es, manuten\u00e7\u00f5es b\u00e1sicas e lavagens; fazer entregas e coletas, tra\u00e7ar rotas, fazer confer\u00eancias de objetos como documentos, pacotes, alimentos e medicamentos, utilizando uma motocicleta para garantir agilidade e rapidez ou o ve\u00edculo de pequeno porte.&nbsp;&nbsp;<\/p>\n\n\n\n<p><strong>Dispon\u00edvel at\u00e9 13\/11\/2025 ou encerramento da vaga<\/strong><\/p>\n\n\n\n<p><strong>1 vaga &#8211; Auxiliar de Servi\u00e7os Gerais<\/strong><\/p>\n\n\n\n<p><strong>Escolaridade &#8211;<\/strong> ensino m\u00e9dio completo;<\/p>\n\n\n\n<p><strong>Experi\u00eancia &#8211; <\/strong>seis meses na Carteira de Trabalho;<\/p>\n\n\n\n<p><strong>Requisitos Obrigat\u00f3rios <\/strong>&#8211; ter disponibilidade de hor\u00e1rio, residir nos bairros: Alvorada, Augusto Montenegro, Bairro da Paz, Compensa, Crespo, Dom Pedro, Gloria, Hileia, Japiim, L\u00edrio do Vale, Nova Esperan\u00e7a, Petr\u00f3polis, Planalto, Reden\u00e7\u00e3o, Santa Luzia, Santo Agostinho, Santo Ant\u00f4nio, Santos Dumont, S\u00e3o L\u00e1zaro, S\u00e3o Jorge, S\u00e3o Raimundo, Uni\u00e3o da Vit\u00f3ria ou Vila da Prata e possuir documenta\u00e7\u00e3o completa (com dispensa militar);<\/p>\n\n\n\n<p><strong>Atividades &#8211;<\/strong> realizar manuten\u00e7\u00e3o em componentes, equipamentos e m\u00e1quinas industriais; planejam atividades de manuten\u00e7\u00e3o; avaliam condi\u00e7\u00f5es de funcionamento e desempenho de componentes de m\u00e1quinas e equipamentos; lubrificam m\u00e1quinas, componentes e ferramentas; documentar informa\u00e7\u00f5es t\u00e9cnicas; realizar a\u00e7\u00f5es de qualidade e preserva\u00e7\u00e3o ambiental.<\/p>\n\n\n\n<p><strong>Dispon\u00edvel at\u00e9 13\/11\/2025 ou encerramento da vaga<\/strong><\/p>\n\n\n\n<p><strong>1 vaga &#8211; T\u00e9cnico em Seguran\u00e7a do Trabalho<\/strong><\/p>\n\n\n\n<p><strong>Escolaridade &#8211;<\/strong> ensino m\u00e9dio completo;<\/p>\n\n\n\n<p><strong>Experi\u00eancia &#8211; <\/strong>tr\u00eas meses na Carteira de Trabalho;<\/p>\n\n\n\n<p><strong>Requisitos Obrigat\u00f3rios <\/strong>&#8211; ter curso t\u00e9cnico em Seguran\u00e7a do Trabalho, registro ativo no MTE, experi\u00eancia em ambiente industrial e possuir documenta\u00e7\u00e3o completa (com dispensa militar);<\/p>\n\n\n\n<p><strong>Atividades &#8211;<\/strong> garantir o cumprimento das normas de seguran\u00e7a e sa\u00fade ocupacional; realizar inspe\u00e7\u00f5es nas \u00e1reas da empresa e identificar riscos; promover campanhas e treinamentos de conscientiza\u00e7\u00e3o; elaborar e acompanhar planos de a\u00e7\u00e3o corretivos e preventivos.<\/p>\n\n\n\n<p><strong>Dispon\u00edvel at\u00e9 13\/11\/2025 ou encerramento da vaga<\/strong><\/p>\n\n\n\n<p><strong>SERVI\u00c7O &#8211; 103<\/strong><\/p>\n\n\n\n<p><strong>25 vagas &#8211; Atendente<\/strong><\/p>\n\n\n\n<p><strong>Escolaridade &#8211; <\/strong>ensino fundamental completo;<\/p>\n\n\n\n<p><strong>Experi\u00eancia &#8211;<\/strong> n\u00e3o \u00e9 necess\u00e1rio;<\/p>\n\n\n\n<p><strong>Requisitos Obrigat\u00f3rios &#8211; <\/strong>a vaga \u00e9 destinada para candidatos que est\u00e3o em busca de novos desafios; o candidato vai precisar morar em: MG | RJ | ES | PA | Nordeste, disponibilidade para trabalhar em escala 6&#215;1 e possuir documenta\u00e7\u00e3o completa;<\/p>\n\n\n\n<p><strong>Atividades &#8211; <\/strong>recepcionar os clientes de forma cordial e atenciosa; realizar o atendimento e auxiliar na escolha do card\u00e1pio; registrar os pedidos e encaminh\u00e1-los \u00e0 cozinha; auxiliar na montagem e organiza\u00e7\u00e3o das mesas; realizar a manuten\u00e7\u00e3o, organiza\u00e7\u00e3o e limpeza do ambiente.<\/p>\n\n\n\n<p><strong>Dispon\u00edvel at\u00e9 13\/11\/2025 ou encerramento da vaga<\/strong><\/p>\n\n\n\n<p><strong>25 vagas &#8211; Auxiliar de Cozinha<\/strong><\/p>\n\n\n\n<p><strong>Escolaridade &#8211; <\/strong>ensino fundamental completo;<\/p>\n\n\n\n<p><strong>Experi\u00eancia &#8211;<\/strong> n\u00e3o \u00e9 necess\u00e1rio;<\/p>\n\n\n\n<p><strong>Requisitos Obrigat\u00f3rios &#8211; <\/strong>a vaga \u00e9 destinada para candidatos que est\u00e3o em busca de novos desafios; o candidato vai precisar morar em: MG | RJ | ES | PA | Nordeste, disponibilidade para trabalhar em escala 6&#215;1 e possuir documenta\u00e7\u00e3o completa;<\/p>\n\n\n\n<p><strong>Atividades &#8211; <\/strong>prepara\u00e7\u00e3o e organiza\u00e7\u00e3o de alimentos, a higieniza\u00e7\u00e3o do ambiente e dos utens\u00edlios, e o apoio direto aos cozinheiros.<\/p>\n\n\n\n<p><strong>Dispon\u00edvel at\u00e9 13\/11\/2025 ou encerramento da vaga<\/strong><\/p>\n\n\n\n<p><strong>1 vaga &#8211; Vendedor Interno<\/strong><\/p>\n\n\n\n<p><strong>Escolaridade &#8211;<\/strong> ensino m\u00e9dio completo;<\/p>\n\n\n\n<p><strong>Experi\u00eancia &#8211; <\/strong>n\u00e3o \u00e9 necess\u00e1rio;<\/p>\n\n\n\n<p><strong>Requisitos Obrigat\u00f3rios <\/strong>&#8211; ter conhecimento intermedi\u00e1rio em Inform\u00e1tica, residir nos bairros: Alvorada, Da Paz, Dom Pedro, Planalto e Reden\u00e7\u00e3o, L\u00edrio do Vale ou proximidades e possuir documenta\u00e7\u00e3o completa;<\/p>\n\n\n\n<p><strong>Atividades &#8211;<\/strong> vender produtos e servi\u00e7os em resid\u00eancias e escrit\u00f3rios; planejar e discutir metas e estrat\u00e9gias de venda; contatar, visitar e entrevistar clientes; demonstrar produtos, avaliar o perfil dos clientes e fechar contratos de vendas; orientar, informar e visitar clientes no p\u00f3s-venda; acompanhar a entrega de produtos, requisitar manuten\u00e7\u00e3o de produtos.<\/p>\n\n\n\n<p><strong>Dispon\u00edvel at\u00e9 13\/11\/2025 ou encerramento da vaga<\/strong><\/p>\n\n\n\n<p><strong>4 vagas &#8211; Servente de Obras<\/strong><\/p>\n\n\n\n<p><strong>Escolaridade &#8211;<\/strong> ensino fundamental completo;<\/p>\n\n\n\n<p><strong>Experi\u00eancia &#8211; <\/strong>seis meses na Carteira de Trabalho;<\/p>\n\n\n\n<p><strong>Requisitos Obrigat\u00f3rios <\/strong>&#8211; ter conhecimento em lixadeira, parafusadeira, martelete e possuir documenta\u00e7\u00e3o completa (com dispensa militar);<\/p>\n\n\n\n<p><strong>Atividades &#8211;<\/strong> atuar com estruturas met\u00e1licas para telhados.<\/p>\n\n\n\n<p><strong>Dispon\u00edvel at\u00e9 13\/11\/2025 ou encerramento da vaga<\/strong><\/p>\n\n\n\n<p><strong>15 vagas &#8211; Auxiliar de Cozinha<\/strong><\/p>\n\n\n\n<p><strong>Escolaridade &#8211;<\/strong> ensino fundamental completo;<\/p>\n\n\n\n<p><strong>Experi\u00eancia &#8211; <\/strong>n\u00e3o \u00e9 necess\u00e1rio;<\/p>\n\n\n\n<p><strong>Requisitos Obrigat\u00f3rios <\/strong>&#8211; a vaga \u00e9 destinada para candidatos que est\u00e3o em busca de novos desafios; o candidato vai precisar morar em: Arauc\u00e1ria ou Curitiba &#8211; PR e possuir documenta\u00e7\u00e3o completa;<\/p>\n\n\n\n<p><strong>Atividades &#8211;<\/strong> auxiliar em todos os processos produtivos: pr\u00e9-preparo, armazenagem, distribui\u00e7\u00e3o, servimento, higieniza\u00e7\u00e3o e organiza\u00e7\u00e3o do ambiente de trabalho.<\/p>\n\n\n\n<p><strong>Dispon\u00edvel at\u00e9 13\/11\/2025 ou encerramento da vaga<\/strong><\/p>\n\n\n\n<p><strong>5 vagas &#8211; Cozinheiro Industrial<\/strong><\/p>\n\n\n\n<p><strong>Escolaridade &#8211;<\/strong> ensino fundamental completo;<\/p>\n\n\n\n<p><strong>Experi\u00eancia &#8211; <\/strong>seis meses na Carteira de Trabalho ou avulsa;<\/p>\n\n\n\n<p><strong>Requisitos Obrigat\u00f3rios <\/strong>&#8211; a vaga \u00e9 destinada para candidatos que est\u00e3o em busca de novos desafios; o candidato vai precisar morar em: Arauc\u00e1ria ou Curitiba &#8211; PR, ter experi\u00eancia em produ\u00e7\u00e3o de grande volume e possuir documenta\u00e7\u00e3o completa;<\/p>\n\n\n\n<p><strong>Atividades &#8211;<\/strong> responder pelo comando da equipe e prepara\u00e7\u00e3o do card\u00e1pio di\u00e1rio, realizando o planejamento da produ\u00e7\u00e3o, monitorando as tarefas e executando a coc\u00e7\u00e3o dos alimentos de acordo com o receitu\u00e1rio e procedimentos da empresa.<\/p>\n\n\n\n<p><strong>Dispon\u00edvel at\u00e9 13\/11\/2025 ou encerramento da vaga<\/strong><\/p>\n\n\n\n<p><strong>2 vagas &#8211; Nutricionista Supervisor<\/strong><\/p>\n\n\n\n<p><strong>Escolaridade &#8211;<\/strong> ensino superior completo em Nutri\u00e7\u00e3o;<\/p>\n\n\n\n<p><strong>Experi\u00eancia &#8211; <\/strong>seis meses na Carteira de Trabalho;<\/p>\n\n\n\n<p><strong>Requisitos Obrigat\u00f3rios <\/strong>&#8211; a vaga \u00e9 destinada para candidatos que est\u00e3o em busca de novos desafios; o candidato vai precisar morar em: Arauc\u00e1ria ou Curitiba &#8211; PR, ter experi\u00eancia em produ\u00e7\u00e3o de grande volume, CRN ativo e possuir documenta\u00e7\u00e3o completa;<\/p>\n\n\n\n<p><strong>Atividades &#8211;<\/strong> supervisionar, orientar, controlar, acompanhar as tarefas, comandar as equipes de trabalho e atender ao cliente.<\/p>\n\n\n\n<p><strong>Dispon\u00edvel at\u00e9 13\/11\/2025 ou encerramento da vaga<\/strong><\/p>\n\n\n\n<p><strong>1 vaga &#8211; Art\u00edfice de Manuten\u00e7\u00e3o<\/strong><\/p>\n\n\n\n<p><strong>Escolaridade &#8211;<\/strong> ensino m\u00e9dio completo;<\/p>\n\n\n\n<p><strong>Experi\u00eancia &#8211; <\/strong>registrada na Carteira de Trabalho;<\/p>\n\n\n\n<p><strong>Requisitos Obrigat\u00f3rios <\/strong>&#8211; ter curso de NR 35 e possuir documenta\u00e7\u00e3o completa (com dispensa militar);<\/p>\n\n\n\n<p><strong>Atividades &#8211;<\/strong> executar servi\u00e7os de manuten\u00e7\u00e3o el\u00e9trica, hidr\u00e1ulica, carpintaria e alvenaria; efetuar limpeza no local de execu\u00e7\u00e3o de servi\u00e7os; realizar servi\u00e7os de instala\u00e7\u00e3o, remo\u00e7\u00e3o e conserto de fechaduras; carregar m\u00f3veis e equipamentos para local indicado pela administra\u00e7\u00e3o; diagnosticar anomalias nos equipamentos el\u00e9tricos e sistemas el\u00e9tricos prediais, tomando as medidas necess\u00e1rias; realizar servi\u00e7os de manuten\u00e7\u00e3o civil predial, tais como pintura, alvenaria, gesso, reparos de pisos, montagem e desmontagem de portas, janelas, divis\u00f3rias e acess\u00f3rios.<\/p>\n\n\n\n<p><strong>Dispon\u00edvel at\u00e9 13\/11\/2025 ou encerramento da vaga<\/strong><\/p>\n\n\n\n<p><strong>2 vagas &#8211; T\u00e9cnico Multifuncional<\/strong><\/p>\n\n\n\n<p><strong>Escolaridade &#8211;<\/strong> ensino m\u00e9dio completo;<\/p>\n\n\n\n<p><strong>Experi\u00eancia &#8211; <\/strong>seis meses na Carteira de Trabalho;<\/p>\n\n\n\n<p><strong>Requisitos Obrigat\u00f3rios <\/strong>&#8211; ter conhecimento em redes de dados e telefonia, habilidade para trabalhar em altura, espa\u00e7os confinados, disponibilidade para viagens e plant\u00f5es, e possuir documenta\u00e7\u00e3o completa (com dispensa militar);<\/p>\n\n\n\n<p><strong>Atividades &#8211;<\/strong> instalar e configurar sistemas de telecomunica\u00e7\u00f5es; testar e monitorar sinais de transmiss\u00e3o; interpretar esquemas t\u00e9cnicos e diagramas de rede; documentar atividades e relat\u00f3rios t\u00e9cnicos.<\/p>\n\n\n\n<p><strong>Dispon\u00edvel at\u00e9 13\/11\/2025 ou encerramento da vaga<\/strong><\/p>\n\n\n\n<p><strong>2 vagas &#8211; T\u00e9cnico de Rede<\/strong><\/p>\n\n\n\n<p><strong>Escolaridade &#8211;<\/strong> ensino m\u00e9dio completo;<\/p>\n\n\n\n<p><strong>Experi\u00eancia &#8211; <\/strong>seis meses na Carteira de Trabalho;<\/p>\n\n\n\n<p><strong>Requisitos Obrigat\u00f3rios <\/strong>&#8211; ter conhecimento em instala\u00e7\u00e3o e manuten\u00e7\u00e3o de cabos e equipamentos, e possuir documenta\u00e7\u00e3o completa (com dispensa militar);<\/p>\n\n\n\n<p><strong>Atividades &#8211;<\/strong> instalar e configurar sistemas de telecomunica\u00e7\u00f5es; realizar manuten\u00e7\u00e3o preventiva e corretiva em infraestruturas de rede.<\/p>\n\n\n\n<p><strong>Dispon\u00edvel at\u00e9 13\/11\/2025 ou encerramento da vaga<\/strong><\/p>\n\n\n\n<p><strong>2 vagas &#8211; Art\u00edfice<\/strong><\/p>\n\n\n\n<p><strong>Escolaridade &#8211;<\/strong> ensino fundamental completo;<\/p>\n\n\n\n<p><strong>Experi\u00eancia &#8211; <\/strong>seis meses na Carteira de Trabalho;<\/p>\n\n\n\n<p><strong>Requisitos Obrigat\u00f3rios <\/strong>&#8211; ter disponibilidade de hor\u00e1rio e possuir documenta\u00e7\u00e3o completa (com dispensa militar);<\/p>\n\n\n\n<p><strong>Atividades &#8211;<\/strong> executar tarefas de constru\u00e7\u00e3o, manuten\u00e7\u00e3o e reparo; garantir a qualidade dos materiais e servi\u00e7os utilizados; utilizar ferramentas e equipamentos adequados; realizar medi\u00e7\u00f5es e cortes precisos; identificar e solucionar problemas durante a obra e registrar o progresso das atividades.<\/p>\n\n\n\n<p><strong>Dispon\u00edvel at\u00e9 13\/11\/2025 ou encerramento da vaga<\/strong><\/p>\n\n\n\n<p><strong>3 vagas &#8211; Auxiliar de Refrigera\u00e7\u00e3o&nbsp;<\/strong><\/p>\n\n\n\n<p><strong>Escolaridade &#8211;<\/strong> ensino m\u00e9dio completo;<\/p>\n\n\n\n<p><strong>Experi\u00eancia &#8211; <\/strong>registrada na Carteira de Trabalho;<\/p>\n\n\n\n<p><strong>Requisitos Obrigat\u00f3rios <\/strong>&#8211; possuir documenta\u00e7\u00e3o completa (com dispensa militar);<\/p>\n\n\n\n<p><strong>Atividades &#8211;<\/strong> apoiar a instala\u00e7\u00e3o, manuten\u00e7\u00e3o preventiva e corretiva de sistemas de ar condicionado e refrigera\u00e7\u00e3o, montando tubula\u00e7\u00f5es, realizando limpeza de equipamentos, substituindo pe\u00e7as e componentes sob supervis\u00e3o, al\u00e9m de executar testes e manter o local de trabalho organizado e seguro.<\/p>\n\n\n\n<p><strong>Dispon\u00edvel at\u00e9 13\/11\/2025 ou encerramento da vaga<\/strong><\/p>\n\n\n\n<p><strong>1 vaga &#8211; Representante Comercial<\/strong><\/p>\n\n\n\n<p><strong>Escolaridade &#8211;<\/strong> ensino m\u00e9dio completo ou cursando ensino superior;<\/p>\n\n\n\n<p><strong>Experi\u00eancia &#8211; <\/strong>tr\u00eas meses na Carteira de Trabalho;<\/p>\n\n\n\n<p><strong>Requisitos Obrigat\u00f3rios <\/strong>&#8211; possuir documenta\u00e7\u00e3o completa;<\/p>\n\n\n\n<p><strong>Atividades &#8211;<\/strong> atuar como intermedi\u00e1rio entre empresas e seus clientes, promovendo e vendendo produtos ou servi\u00e7os; atuar na prospec\u00e7\u00e3o de novos clientes, negocia\u00e7\u00e3o de contratos, apresenta\u00e7\u00e3o de cat\u00e1logos, amostras e garantia da satisfa\u00e7\u00e3o do cliente.<\/p>\n\n\n\n<p><strong>Dispon\u00edvel at\u00e9 13\/11\/2025 ou encerramento da vaga<\/strong><\/p>\n\n\n\n<p><strong>2 vagas &#8211; Costureira Profissional<\/strong><\/p>\n\n\n\n<p><strong>Escolaridade &#8211;<\/strong> ensino fundamental completo;<\/p>\n\n\n\n<p><strong>Experi\u00eancia &#8211; <\/strong>seis meses na Carteira de Trabalho;<\/p>\n\n\n\n<p><strong>Requisitos Obrigat\u00f3rios <\/strong>&#8211; possuir documenta\u00e7\u00e3o completa;<\/p>\n\n\n\n<p><strong>Atividades &#8211;<\/strong> costuras de uniformes e fardamentos, social, operacional e malharia.<\/p>\n\n\n\n<p><strong>Dispon\u00edvel at\u00e9 13\/11\/2025 ou encerramento da vaga<\/strong><\/p>\n\n\n\n<p><strong>2 vagas &#8211; Cuidador de Idosos<\/strong><\/p>\n\n\n\n<p><strong>Escolaridade &#8211;<\/strong> ensino m\u00e9dio completo;<\/p>\n\n\n\n<p><strong>Experi\u00eancia &#8211; <\/strong>seis meses na Carteira de Trabalho ou avulsa;<\/p>\n\n\n\n<p><strong>Requisitos Obrigat\u00f3rios <\/strong>&#8211; possuir documenta\u00e7\u00e3o completa;<\/p>\n\n\n\n<p><strong>Atividades &#8211;<\/strong> fornecer assist\u00eancia f\u00edsica e emocional a pessoas mais velhas, ajudando em rotinas di\u00e1rias como higiene, alimenta\u00e7\u00e3o, mobilidade e administra\u00e7\u00e3o de medicamentos, al\u00e9m de garantir seguran\u00e7a, bem-estar e lazer.<\/p>\n\n\n\n<p><strong>Dispon\u00edvel at\u00e9 13\/11\/2025 ou encerramento da vaga<\/strong><\/p>\n\n\n\n<p><strong>5 vagas &#8211; Auxiliar de Servi\u00e7os Gerais<\/strong><\/p>\n\n\n\n<p><strong>Escolaridade &#8211;<\/strong> ensino fundamental completo;<\/p>\n\n\n\n<p><strong>Experi\u00eancia &#8211; <\/strong>seis meses na Carteira de Trabalho;<\/p>\n\n\n\n<p><strong>Requisitos Obrigat\u00f3rios <\/strong>&#8211; residir nos bairros: Jorge Teixeira, Cidade de Deus, Nova Cidade, Petr\u00f3polis, Monte das Oliveiras, Santa Etelvina, Col\u00f4nia Terra Nova, Lago Azul, Terra Nova, Viver Melhor, Cidade Nova ou Uni\u00e3o Vit\u00f3ria e possuir documenta\u00e7\u00e3o completa;<\/p>\n\n\n\n<p><strong>Atividades &#8211;<\/strong> realizar limpezas em geral.<\/p>\n\n\n\n<p><strong>Dispon\u00edvel at\u00e9 13\/11\/2025 ou encerramento da vaga<\/strong><\/p>\n\n\n\n<p><strong>2 vagas &#8211; Jardineiro<\/strong><\/p>\n\n\n\n<p><strong>Escolaridade &#8211;<\/strong> ensino m\u00e9dio incompleto;<\/p>\n\n\n\n<p><strong>Experi\u00eancia &#8211; <\/strong>n\u00e3o \u00e9 necess\u00e1rio;<\/p>\n\n\n\n<p><strong>Requisitos Obrigat\u00f3rios <\/strong>&#8211; possuir documenta\u00e7\u00e3o completa (com dispensa militar);<\/p>\n\n\n\n<p><strong>Atividades &#8211;<\/strong> manuten\u00e7\u00e3o de \u00e1reas verdes, como plantio, poda, irriga\u00e7\u00e3o, controle de pragas e limpeza.<\/p>\n\n\n\n<p><strong>Dispon\u00edvel at\u00e9 13\/11\/2025 ou encerramento da vaga<\/strong><\/p>\n\n\n\n<p><strong>1 vaga &#8211; Apontador de Obras<\/strong><\/p>\n\n\n\n<p><strong>Escolaridade &#8211;<\/strong> ensino fundamental completo;<\/p>\n\n\n\n<p><strong>Experi\u00eancia &#8211; <\/strong>registrada na Carteira de Trabalho;<\/p>\n\n\n\n<p><strong>Requisitos Obrigat\u00f3rios <\/strong>&#8211; possuir documenta\u00e7\u00e3o completa (com dispensa militar);<\/p>\n\n\n\n<p><strong>Atividades &#8211;<\/strong> controlar e registrar a frequ\u00eancia da m\u00e3o de obra e o andamento das atividades no canteiro de obras, garantindo a organiza\u00e7\u00e3o e a efici\u00eancia do local; controle de ponto, a documenta\u00e7\u00e3o de horas trabalhadas, a organiza\u00e7\u00e3o de materiais e ferramentas, e a comunica\u00e7\u00e3o com as equipes e a ger\u00eancia.<\/p>\n\n\n\n<p><strong>Dispon\u00edvel at\u00e9 13\/11\/2025 ou encerramento da vaga<\/strong><\/p>\n\n\n\n<p><strong>1 vaga &#8211; Mec\u00e2nico de Ve\u00edculos a Diesel<\/strong><\/p>\n\n\n\n<p><strong>Escolaridade &#8211;<\/strong> ensino m\u00e9dio completo;<\/p>\n\n\n\n<p><strong>Experi\u00eancia &#8211; <\/strong>seis meses na Carteira de Trabalho;<\/p>\n\n\n\n<p><strong>Requisitos Obrigat\u00f3rios <\/strong>&#8211; possuir documenta\u00e7\u00e3o completa (com dispensa militar);<\/p>\n\n\n\n<p><strong>Atividades &#8211;<\/strong> manuten\u00e7\u00e3o mec\u00e2nica em ve\u00edculos pick up &#8216;s.<\/p>\n\n\n\n<p><strong>Dispon\u00edvel at\u00e9 13\/11\/2025 ou encerramento da vaga<\/strong><\/p>\n\n\n\n<p><strong>2 vagas &#8211; Ajudante de Obras<\/strong><\/p>\n\n\n\n<p><strong>Escolaridade &#8211;<\/strong> ensino m\u00e9dio completo;<\/p>\n\n\n\n<p><strong>Experi\u00eancia &#8211; <\/strong>seis meses na Carteira de Trabalho;<\/p>\n\n\n\n<p><strong>Requisitos Obrigat\u00f3rios <\/strong>&#8211; saber operar serra m\u00e1rmore, martelete 2kg e possuir documenta\u00e7\u00e3o completa (com dispensa militar);<\/p>\n\n\n\n<p><strong>Atividades &#8211;<\/strong> preparar e organizar o canteiro, preparar materiais, limpar e manusear ferramentas, executar tarefas de apoio como carregar e descarregar materiais, cavar valas, e auxiliar na demoli\u00e7\u00e3o, sempre seguindo as normas de seguran\u00e7a e sa\u00fade.<\/p>\n\n\n\n<p><strong>Dispon\u00edvel at\u00e9 13\/11\/2025 ou encerramento da vaga<\/strong><\/p>\n\n\n\n<p><strong>VAGAS DESTINADAS PARA PESSOAS COM DEFICI\u00caNCIA (PCDS) &#8211;&nbsp; 13<\/strong><\/p>\n\n\n\n<p><strong>10 vagas &#8211; Auxiliar de Limpeza &#8211; Vagas destinadas para Pessoa com Defici\u00eancia (PcD)<\/strong><\/p>\n\n\n\n<p><strong>Escolaridade &#8211;<\/strong> ensino fundamental completo;<\/p>\n\n\n\n<p><strong>Experi\u00eancia &#8211; <\/strong>seis meses na Carteira de Trabalho;<\/p>\n\n\n\n<p><strong>Requisitos Obrigat\u00f3rios <\/strong>&#8211; possuir documenta\u00e7\u00e3o completa;<\/p>\n\n\n\n<p><strong>Atividades &#8211;<\/strong> varrer, espanar, raspar, encerar, lavar e polir; limpar e higienizar ambientes, como pisos, sanit\u00e1rios, corredores, escadas, rampas, azulejos, galerias e outras \u00e1reas comuns; remover lixo, poeira e res\u00edduos; manter a organiza\u00e7\u00e3o e limpeza di\u00e1ria dos espa\u00e7os.<\/p>\n\n\n\n<p><strong>Dispon\u00edvel at\u00e9 13\/11\/2025 ou encerramento da vaga<\/strong><\/p>\n\n\n\n<p><strong>1 vaga &#8211; Auxiliar Administrativo &#8211; Vagas destinadas para Pessoa com Defici\u00eancia (PcD)<\/strong><\/p>\n\n\n\n<p><strong>Escolaridade &#8211;<\/strong> ensino m\u00e9dio completo;<\/p>\n\n\n\n<p><strong>Experi\u00eancia &#8211; <\/strong>seis meses na Carteira de Trabalho;<\/p>\n\n\n\n<p><strong>Requisitos Obrigat\u00f3rios <\/strong>&#8211; ter curso de Inform\u00e1tica avan\u00e7ada e possuir documenta\u00e7\u00e3o completa;<\/p>\n\n\n\n<p><strong>Atividades &#8211;<\/strong> executar servi\u00e7os de apoio nas \u00e1reas de recursos humanos, administra\u00e7\u00e3o, finan\u00e7as e log\u00edstica; atender fornecedores e clientes, fornecer e receber informa\u00e7\u00f5es sobre produtos e servi\u00e7os; tratar de documentos variados, cumprir todo o procedimento necess\u00e1rios; preparar relat\u00f3rios e planilhas; executar servi\u00e7os gerais de escrit\u00f3rios.<\/p>\n\n\n\n<p><strong>Dispon\u00edvel at\u00e9 13\/11\/2025 ou encerramento da vaga<\/strong><\/p>\n\n\n\n<p><strong>2 vagas &#8211; Auxiliar de Produ\u00e7\u00e3o &#8211; Vagas destinadas para Pessoa com Defici\u00eancia (PcD)<\/strong><\/p>\n\n\n\n<p><strong>Escolaridade &#8211;<\/strong> ensino m\u00e9dio completo;<\/p>\n\n\n\n<p><strong>Experi\u00eancia &#8211; <\/strong>n\u00e3o \u00e9 necess\u00e1rio;<\/p>\n\n\n\n<p><strong>Requisitos Obrigat\u00f3rios <\/strong>&#8211; possuir documenta\u00e7\u00e3o completa;<\/p>\n\n\n\n<p><strong>Atividades &#8211;<\/strong> realizar as atividades de inspe\u00e7\u00e3o de produtos e\/ou material de acordo com a instru\u00e7\u00e3o de inspe\u00e7\u00e3o, registrar os resultados do processo produtivo: data, horas trabalhadas, horas paradas, quantidade produzida, na folha de servi\u00e7os.<\/p>\n\n\n\n<p><strong>Dispon\u00edvel at\u00e9 13\/11\/2025 ou encerramento da vaga<\/strong><\/p>\n\n\n\n<p>&#8212; &#8212; &#8212;<\/p>\n\n\n\n<p><strong>Texto \u2013 <\/strong>Divulga\u00e7\u00e3o\/Semtepi<\/p>\n\n\n\n<p><strong>Fotos &#8211; <\/strong>Arquivo\/Semcom<\/p>\n\n\n\n<p><strong>Dispon\u00edveis em &#8211; <\/strong><a href=\"https:\/\/flic.kr\/s\/aHBqjCetWK\">https:\/\/flic.kr\/s\/aHBqjCetWK<\/a><\/p>\n","protected":false},"excerpt":{"rendered":"","protected":false},"author":39,"featured_media":5828,"comment_status":"closed","ping_status":"closed","sticky":false,"template":"","format":"standard","meta":{"footnotes":""},"categories":[5],"tags":[1180,1598,7,8,9,10],"acf":[],"yoast_head":"<!-- This site is optimized with the Yoast SEO plugin v23.0 - https:\/\/yoast.com\/wordpress\/plugins\/seo\/ -->\n<title>Sine Manaus oferta 387 vagas de emprego nesta quinta-feira<\/title>\n<meta name=\"description\" content=\"Prefeitura de Manaus, por meio do Sine Manaus, oferta 387 vagas de emprego em v\u00e1rias \u00e1reas de atua\u00e7\u00e3o, nesta quinta-feira, 13\/11.\" \/>\n<meta name=\"robots\" content=\"noindex, follow\" \/>\n<meta property=\"og:locale\" content=\"pt_BR\" \/>\n<meta property=\"og:type\" content=\"article\" \/>\n<meta property=\"og:title\" content=\"Sine Manaus oferta 387 vagas de emprego nesta quinta-feira\" \/>\n<meta property=\"og:description\" content=\"Prefeitura de Manaus, por meio do Sine Manaus, oferta 387 vagas de emprego em v\u00e1rias \u00e1reas de atua\u00e7\u00e3o, nesta quinta-feira, 13\/11.\" \/>\n<meta property=\"og:url\" content=\"https:\/\/www.manaus.am.gov.br\/semtepi\/oportunidade\/sine-manaus-387-vagas-emprego-13-11\/\" \/>\n<meta property=\"og:site_name\" content=\"SEMTEPI\" \/>\n<meta property=\"article:published_time\" content=\"2025-11-12T17:35:40+00:00\" \/>\n<meta property=\"article:modified_time\" content=\"2025-11-12T17:39:12+00:00\" \/>\n<meta property=\"og:image\" content=\"https:\/\/www.manaus.am.gov.br\/semtepi\/wp-content\/uploads\/sites\/20\/2025\/02\/53380651429_f59445234f_c.jpg\" \/>\n\t<meta property=\"og:image:width\" content=\"799\" \/>\n\t<meta property=\"og:image:height\" content=\"533\" \/>\n\t<meta property=\"og:image:type\" content=\"image\/jpeg\" \/>\n<meta name=\"author\" content=\"Bruna Greco\" \/>\n<meta name=\"twitter:card\" content=\"summary_large_image\" \/>\n<meta name=\"twitter:label1\" content=\"Written by\" \/>\n\t<meta name=\"twitter:data1\" content=\"Bruna Greco\" \/>\n\t<meta name=\"twitter:label2\" content=\"Est. reading time\" \/>\n\t<meta name=\"twitter:data2\" content=\"27 minutos\" \/>\n<script type=\"application\/ld+json\" class=\"yoast-schema-graph\">{\"@context\":\"https:\/\/schema.org\",\"@graph\":[{\"@type\":\"Article\",\"@id\":\"https:\/\/www.manaus.am.gov.br\/semtepi\/oportunidade\/sine-manaus-387-vagas-emprego-13-11\/#article\",\"isPartOf\":{\"@id\":\"https:\/\/www.manaus.am.gov.br\/semtepi\/oportunidade\/sine-manaus-387-vagas-emprego-13-11\/\"},\"author\":{\"name\":\"Bruna Greco\",\"@id\":\"https:\/\/www.manaus.am.gov.br\/semtepi\/#\/schema\/person\/05d223aea2bf115f9883a6ff3683d81b\"},\"headline\":\"Sine Manaus oferta 387 vagas de emprego nesta quinta-feira, 13\/11\",\"datePublished\":\"2025-11-12T17:35:40+00:00\",\"dateModified\":\"2025-11-12T17:39:12+00:00\",\"mainEntityOfPage\":{\"@id\":\"https:\/\/www.manaus.am.gov.br\/semtepi\/oportunidade\/sine-manaus-387-vagas-emprego-13-11\/\"},\"wordCount\":5665,\"publisher\":{\"@id\":\"https:\/\/www.manaus.am.gov.br\/semtepi\/#organization\"},\"image\":{\"@id\":\"https:\/\/www.manaus.am.gov.br\/semtepi\/oportunidade\/sine-manaus-387-vagas-emprego-13-11\/#primaryimage\"},\"thumbnailUrl\":\"https:\/\/www.manaus.am.gov.br\/semtepi\/wp-content\/uploads\/sites\/20\/2025\/02\/53380651429_f59445234f_c.jpg\",\"keywords\":[\"13\/11\",\"387 vagas de emprego\",\"oportunidade\",\"prefeitura de manaus\",\"Semtepi\",\"sine manaus\"],\"articleSection\":[\"Oportunidade\"],\"inLanguage\":\"pt-BR\"},{\"@type\":\"WebPage\",\"@id\":\"https:\/\/www.manaus.am.gov.br\/semtepi\/oportunidade\/sine-manaus-387-vagas-emprego-13-11\/\",\"url\":\"https:\/\/www.manaus.am.gov.br\/semtepi\/oportunidade\/sine-manaus-387-vagas-emprego-13-11\/\",\"name\":\"Sine Manaus oferta 387 vagas de emprego nesta quinta-feira\",\"isPartOf\":{\"@id\":\"https:\/\/www.manaus.am.gov.br\/semtepi\/#website\"},\"primaryImageOfPage\":{\"@id\":\"https:\/\/www.manaus.am.gov.br\/semtepi\/oportunidade\/sine-manaus-387-vagas-emprego-13-11\/#primaryimage\"},\"image\":{\"@id\":\"https:\/\/www.manaus.am.gov.br\/semtepi\/oportunidade\/sine-manaus-387-vagas-emprego-13-11\/#primaryimage\"},\"thumbnailUrl\":\"https:\/\/www.manaus.am.gov.br\/semtepi\/wp-content\/uploads\/sites\/20\/2025\/02\/53380651429_f59445234f_c.jpg\",\"datePublished\":\"2025-11-12T17:35:40+00:00\",\"dateModified\":\"2025-11-12T17:39:12+00:00\",\"description\":\"Prefeitura de Manaus, por meio do Sine Manaus, oferta 387 vagas de emprego em v\u00e1rias \u00e1reas de atua\u00e7\u00e3o, nesta quinta-feira, 13\/11.\",\"breadcrumb\":{\"@id\":\"https:\/\/www.manaus.am.gov.br\/semtepi\/oportunidade\/sine-manaus-387-vagas-emprego-13-11\/#breadcrumb\"},\"inLanguage\":\"pt-BR\",\"potentialAction\":[{\"@type\":\"ReadAction\",\"target\":[\"https:\/\/www.manaus.am.gov.br\/semtepi\/oportunidade\/sine-manaus-387-vagas-emprego-13-11\/\"]}]},{\"@type\":\"ImageObject\",\"inLanguage\":\"pt-BR\",\"@id\":\"https:\/\/www.manaus.am.gov.br\/semtepi\/oportunidade\/sine-manaus-387-vagas-emprego-13-11\/#primaryimage\",\"url\":\"https:\/\/www.manaus.am.gov.br\/semtepi\/wp-content\/uploads\/sites\/20\/2025\/02\/53380651429_f59445234f_c.jpg\",\"contentUrl\":\"https:\/\/www.manaus.am.gov.br\/semtepi\/wp-content\/uploads\/sites\/20\/2025\/02\/53380651429_f59445234f_c.jpg\",\"width\":799,\"height\":533,\"caption\":\"#paratodosverem servidor do Sine Manaus segurando uma carteira de trabalho\"},{\"@type\":\"BreadcrumbList\",\"@id\":\"https:\/\/www.manaus.am.gov.br\/semtepi\/oportunidade\/sine-manaus-387-vagas-emprego-13-11\/#breadcrumb\",\"itemListElement\":[{\"@type\":\"ListItem\",\"position\":1,\"name\":\"Home\",\"item\":\"https:\/\/www.manaus.am.gov.br\/semtepi\/\"},{\"@type\":\"ListItem\",\"position\":2,\"name\":\"Sine Manaus oferta 387 vagas de emprego nesta quinta-feira, 13\/11\"}]},{\"@type\":\"WebSite\",\"@id\":\"https:\/\/www.manaus.am.gov.br\/semtepi\/#website\",\"url\":\"https:\/\/www.manaus.am.gov.br\/semtepi\/\",\"name\":\"SEMTEPI\",\"description\":\"Prefeitura de Manaus\",\"publisher\":{\"@id\":\"https:\/\/www.manaus.am.gov.br\/semtepi\/#organization\"},\"alternateName\":\"Secretaria Municipal do Trabalho, Empreendedorismo e Inova\u00e7\u00e3o\",\"potentialAction\":[{\"@type\":\"SearchAction\",\"target\":{\"@type\":\"EntryPoint\",\"urlTemplate\":\"https:\/\/www.manaus.am.gov.br\/semtepi\/?s={search_term_string}\"},\"query-input\":\"required name=search_term_string\"}],\"inLanguage\":\"pt-BR\"},{\"@type\":\"Organization\",\"@id\":\"https:\/\/www.manaus.am.gov.br\/semtepi\/#organization\",\"name\":\"Prefeitura Municipal de Manaus\",\"alternateName\":\"Prefeitura de Manaus\",\"url\":\"https:\/\/www.manaus.am.gov.br\/semtepi\/\",\"logo\":{\"@type\":\"ImageObject\",\"inLanguage\":\"pt-BR\",\"@id\":\"https:\/\/www.manaus.am.gov.br\/semtepi\/#\/schema\/logo\/image\/\",\"url\":\"https:\/\/www.manaus.am.gov.br\/semtepi\/wp-content\/uploads\/sites\/20\/2024\/07\/favicon.png\",\"contentUrl\":\"https:\/\/www.manaus.am.gov.br\/semtepi\/wp-content\/uploads\/sites\/20\/2024\/07\/favicon.png\",\"width\":300,\"height\":300,\"caption\":\"Prefeitura Municipal de Manaus\"},\"image\":{\"@id\":\"https:\/\/www.manaus.am.gov.br\/semtepi\/#\/schema\/logo\/image\/\"}},{\"@type\":\"Person\",\"@id\":\"https:\/\/www.manaus.am.gov.br\/semtepi\/#\/schema\/person\/05d223aea2bf115f9883a6ff3683d81b\",\"name\":\"Bruna Greco\",\"image\":{\"@type\":\"ImageObject\",\"inLanguage\":\"pt-BR\",\"@id\":\"https:\/\/www.manaus.am.gov.br\/semtepi\/#\/schema\/person\/image\/\",\"url\":\"https:\/\/secure.gravatar.com\/avatar\/9c877d1a6adc2a055330e5c09a8653ce?s=96&d=mm&r=g\",\"contentUrl\":\"https:\/\/secure.gravatar.com\/avatar\/9c877d1a6adc2a055330e5c09a8653ce?s=96&d=mm&r=g\",\"caption\":\"Bruna Greco\"}}]}<\/script>\n<!-- \/ Yoast SEO plugin. -->","yoast_head_json":{"title":"Sine Manaus oferta 387 vagas de emprego nesta quinta-feira","description":"Prefeitura de Manaus, por meio do Sine Manaus, oferta 387 vagas de emprego em v\u00e1rias \u00e1reas de atua\u00e7\u00e3o, nesta quinta-feira, 13\/11.","robots":{"index":"noindex","follow":"follow"},"og_locale":"pt_BR","og_type":"article","og_title":"Sine Manaus oferta 387 vagas de emprego nesta quinta-feira","og_description":"Prefeitura de Manaus, por meio do Sine Manaus, oferta 387 vagas de emprego em v\u00e1rias \u00e1reas de atua\u00e7\u00e3o, nesta quinta-feira, 13\/11.","og_url":"https:\/\/www.manaus.am.gov.br\/semtepi\/oportunidade\/sine-manaus-387-vagas-emprego-13-11\/","og_site_name":"SEMTEPI","article_published_time":"2025-11-12T17:35:40+00:00","article_modified_time":"2025-11-12T17:39:12+00:00","og_image":[{"width":799,"height":533,"url":"https:\/\/www.manaus.am.gov.br\/semtepi\/wp-content\/uploads\/sites\/20\/2025\/02\/53380651429_f59445234f_c.jpg","type":"image\/jpeg"}],"author":"Bruna Greco","twitter_card":"summary_large_image","twitter_misc":{"Written by":"Bruna Greco","Est. reading time":"27 minutos"},"schema":{"@context":"https:\/\/schema.org","@graph":[{"@type":"Article","@id":"https:\/\/www.manaus.am.gov.br\/semtepi\/oportunidade\/sine-manaus-387-vagas-emprego-13-11\/#article","isPartOf":{"@id":"https:\/\/www.manaus.am.gov.br\/semtepi\/oportunidade\/sine-manaus-387-vagas-emprego-13-11\/"},"author":{"name":"Bruna Greco","@id":"https:\/\/www.manaus.am.gov.br\/semtepi\/#\/schema\/person\/05d223aea2bf115f9883a6ff3683d81b"},"headline":"Sine Manaus oferta 387 vagas de emprego nesta quinta-feira, 13\/11","datePublished":"2025-11-12T17:35:40+00:00","dateModified":"2025-11-12T17:39:12+00:00","mainEntityOfPage":{"@id":"https:\/\/www.manaus.am.gov.br\/semtepi\/oportunidade\/sine-manaus-387-vagas-emprego-13-11\/"},"wordCount":5665,"publisher":{"@id":"https:\/\/www.manaus.am.gov.br\/semtepi\/#organization"},"image":{"@id":"https:\/\/www.manaus.am.gov.br\/semtepi\/oportunidade\/sine-manaus-387-vagas-emprego-13-11\/#primaryimage"},"thumbnailUrl":"https:\/\/www.manaus.am.gov.br\/semtepi\/wp-content\/uploads\/sites\/20\/2025\/02\/53380651429_f59445234f_c.jpg","keywords":["13\/11","387 vagas de emprego","oportunidade","prefeitura de manaus","Semtepi","sine manaus"],"articleSection":["Oportunidade"],"inLanguage":"pt-BR"},{"@type":"WebPage","@id":"https:\/\/www.manaus.am.gov.br\/semtepi\/oportunidade\/sine-manaus-387-vagas-emprego-13-11\/","url":"https:\/\/www.manaus.am.gov.br\/semtepi\/oportunidade\/sine-manaus-387-vagas-emprego-13-11\/","name":"Sine Manaus oferta 387 vagas de emprego nesta quinta-feira","isPartOf":{"@id":"https:\/\/www.manaus.am.gov.br\/semtepi\/#website"},"primaryImageOfPage":{"@id":"https:\/\/www.manaus.am.gov.br\/semtepi\/oportunidade\/sine-manaus-387-vagas-emprego-13-11\/#primaryimage"},"image":{"@id":"https:\/\/www.manaus.am.gov.br\/semtepi\/oportunidade\/sine-manaus-387-vagas-emprego-13-11\/#primaryimage"},"thumbnailUrl":"https:\/\/www.manaus.am.gov.br\/semtepi\/wp-content\/uploads\/sites\/20\/2025\/02\/53380651429_f59445234f_c.jpg","datePublished":"2025-11-12T17:35:40+00:00","dateModified":"2025-11-12T17:39:12+00:00","description":"Prefeitura de Manaus, por meio do Sine Manaus, oferta 387 vagas de emprego em v\u00e1rias \u00e1reas de atua\u00e7\u00e3o, nesta quinta-feira, 13\/11.","breadcrumb":{"@id":"https:\/\/www.manaus.am.gov.br\/semtepi\/oportunidade\/sine-manaus-387-vagas-emprego-13-11\/#breadcrumb"},"inLanguage":"pt-BR","potentialAction":[{"@type":"ReadAction","target":["https:\/\/www.manaus.am.gov.br\/semtepi\/oportunidade\/sine-manaus-387-vagas-emprego-13-11\/"]}]},{"@type":"ImageObject","inLanguage":"pt-BR","@id":"https:\/\/www.manaus.am.gov.br\/semtepi\/oportunidade\/sine-manaus-387-vagas-emprego-13-11\/#primaryimage","url":"https:\/\/www.manaus.am.gov.br\/semtepi\/wp-content\/uploads\/sites\/20\/2025\/02\/53380651429_f59445234f_c.jpg","contentUrl":"https:\/\/www.manaus.am.gov.br\/semtepi\/wp-content\/uploads\/sites\/20\/2025\/02\/53380651429_f59445234f_c.jpg","width":799,"height":533,"caption":"#paratodosverem servidor do Sine Manaus segurando uma carteira de trabalho"},{"@type":"BreadcrumbList","@id":"https:\/\/www.manaus.am.gov.br\/semtepi\/oportunidade\/sine-manaus-387-vagas-emprego-13-11\/#breadcrumb","itemListElement":[{"@type":"ListItem","position":1,"name":"Home","item":"https:\/\/www.manaus.am.gov.br\/semtepi\/"},{"@type":"ListItem","position":2,"name":"Sine Manaus oferta 387 vagas de emprego nesta quinta-feira, 13\/11"}]},{"@type":"WebSite","@id":"https:\/\/www.manaus.am.gov.br\/semtepi\/#website","url":"https:\/\/www.manaus.am.gov.br\/semtepi\/","name":"SEMTEPI","description":"Prefeitura de Manaus","publisher":{"@id":"https:\/\/www.manaus.am.gov.br\/semtepi\/#organization"},"alternateName":"Secretaria Municipal do Trabalho, Empreendedorismo e Inova\u00e7\u00e3o","potentialAction":[{"@type":"SearchAction","target":{"@type":"EntryPoint","urlTemplate":"https:\/\/www.manaus.am.gov.br\/semtepi\/?s={search_term_string}"},"query-input":"required name=search_term_string"}],"inLanguage":"pt-BR"},{"@type":"Organization","@id":"https:\/\/www.manaus.am.gov.br\/semtepi\/#organization","name":"Prefeitura Municipal de Manaus","alternateName":"Prefeitura de Manaus","url":"https:\/\/www.manaus.am.gov.br\/semtepi\/","logo":{"@type":"ImageObject","inLanguage":"pt-BR","@id":"https:\/\/www.manaus.am.gov.br\/semtepi\/#\/schema\/logo\/image\/","url":"https:\/\/www.manaus.am.gov.br\/semtepi\/wp-content\/uploads\/sites\/20\/2024\/07\/favicon.png","contentUrl":"https:\/\/www.manaus.am.gov.br\/semtepi\/wp-content\/uploads\/sites\/20\/2024\/07\/favicon.png","width":300,"height":300,"caption":"Prefeitura Municipal de Manaus"},"image":{"@id":"https:\/\/www.manaus.am.gov.br\/semtepi\/#\/schema\/logo\/image\/"}},{"@type":"Person","@id":"https:\/\/www.manaus.am.gov.br\/semtepi\/#\/schema\/person\/05d223aea2bf115f9883a6ff3683d81b","name":"Bruna Greco","image":{"@type":"ImageObject","inLanguage":"pt-BR","@id":"https:\/\/www.manaus.am.gov.br\/semtepi\/#\/schema\/person\/image\/","url":"https:\/\/secure.gravatar.com\/avatar\/9c877d1a6adc2a055330e5c09a8653ce?s=96&d=mm&r=g","contentUrl":"https:\/\/secure.gravatar.com\/avatar\/9c877d1a6adc2a055330e5c09a8653ce?s=96&d=mm&r=g","caption":"Bruna Greco"}}]}},"_links":{"self":[{"href":"https:\/\/www.manaus.am.gov.br\/semtepi\/wp-json\/wp\/v2\/posts\/7234"}],"collection":[{"href":"https:\/\/www.manaus.am.gov.br\/semtepi\/wp-json\/wp\/v2\/posts"}],"about":[{"href":"https:\/\/www.manaus.am.gov.br\/semtepi\/wp-json\/wp\/v2\/types\/post"}],"author":[{"embeddable":true,"href":"https:\/\/www.manaus.am.gov.br\/semtepi\/wp-json\/wp\/v2\/users\/39"}],"replies":[{"embeddable":true,"href":"https:\/\/www.manaus.am.gov.br\/semtepi\/wp-json\/wp\/v2\/comments?post=7234"}],"version-history":[{"count":1,"href":"https:\/\/www.manaus.am.gov.br\/semtepi\/wp-json\/wp\/v2\/posts\/7234\/revisions"}],"predecessor-version":[{"id":7235,"href":"https:\/\/www.manaus.am.gov.br\/semtepi\/wp-json\/wp\/v2\/posts\/7234\/revisions\/7235"}],"wp:featuredmedia":[{"embeddable":true,"href":"https:\/\/www.manaus.am.gov.br\/semtepi\/wp-json\/wp\/v2\/media\/5828"}],"wp:attachment":[{"href":"https:\/\/www.manaus.am.gov.br\/semtepi\/wp-json\/wp\/v2\/media?parent=7234"}],"wp:term":[{"taxonomy":"category","embeddable":true,"href":"https:\/\/www.manaus.am.gov.br\/semtepi\/wp-json\/wp\/v2\/categories?post=7234"},{"taxonomy":"post_tag","embeddable":true,"href":"https:\/\/www.manaus.am.gov.br\/semtepi\/wp-json\/wp\/v2\/tags?post=7234"}],"curies":[{"name":"wp","href":"https:\/\/api.w.org\/{rel}","templated":true}]}}