{"id":7220,"date":"2025-11-09T10:00:00","date_gmt":"2025-11-09T14:00:00","guid":{"rendered":"https:\/\/www.manaus.am.gov.br\/semtepi\/?p=7220"},"modified":"2025-11-08T14:17:36","modified_gmt":"2025-11-08T18:17:36","slug":"vagas-sine-manaus-18","status":"publish","type":"post","link":"https:\/\/www.manaus.am.gov.br\/semtepi\/oportunidade\/vagas-sine-manaus-18\/","title":{"rendered":"Sine Manaus oferta 540 vagas de emprego nesta segunda\u2013feira, 10\/11"},"content":{"rendered":"\n<p>A Prefeitura de Manaus, por meio do Sine Manaus, oferta 540 vagas de emprego em v\u00e1rias \u00e1reas de atua\u00e7\u00e3o, nesta segunda\u2013feira, 10\/11,&nbsp;de 8h \u00e0s 14h. O candidato pode validar a Carteira Digital e Previd\u00eancia Social (CTPS) no aplicativo \u201cCarteira de Trabalho Digital\u201d ou acessar o site&nbsp;<a href=\"http:\/\/gov.br\/trabalho\">http:\/\/gov.br\/trabalho<\/a>.<\/p>\n\n\n\n<p>Para participar da pr\u00e9\u2013sele\u00e7\u00e3o e concorrer a uma das vagas dispon\u00edveis, ou receber orienta\u00e7\u00e3o de cadastro, Carteira de Trabalho Digital e seguro\u2013desemprego, os candidatos devem comparecer a um dos postos do Sine Manaus: na avenida Constantino Nery, n\u00ba 1.272, bairro S\u00e3o Geraldo, zona Centro\u2013Sul; ou no shopping Phelippe Daou, na avenida Camapu\u00e3, n\u00ba 2.939, bairro Cidade de Deus, zona Norte.<\/p>\n\n\n\n<p>Os interessados devem estar munidos do comprovante de vacina\u00e7\u00e3o (Covid\u201319), curr\u00edculo, certificados de cursos e documentos pessoais (RG, CPF, PIS, CTPS, comprovante de escolaridade e resid\u00eancia). N\u00e3o \u00e9 necess\u00e1rio apresentar c\u00f3pias, somente os documentos originais.&nbsp;<\/p>\n\n\n\n<p>\u00c9 importante que os candidatos mantenham seus cadastros atualizados, especialmente ao finalizarem novas qualifica\u00e7\u00f5es. Para vagas espec\u00edficas, podem ser solicitados documentos adicionais, como cursos ou certifica\u00e7\u00f5es, por isso, \u00e9 essencial estar atento aos &#8220;Requisitos Obrigat\u00f3rios&#8221; de cada vaga.<\/p>\n\n\n\n<p>A Semtepi ressalta que, obedecendo ao disposto no artigo 5\u00ba, da Constitui\u00e7\u00e3o Federal, e ao artigo 373\u2013A, da Consolida\u00e7\u00e3o das Leis Trabalhistas (CLT), crit\u00e9rios referentes a sexo, idade, cor ou situa\u00e7\u00e3o familiar, n\u00e3o podem ser informados na divulga\u00e7\u00e3o das vagas disponibilizadas.<\/p>\n\n\n\n<p>Os candidatos devem estar cientes das diretrizes de vestimenta estabelecidas pelo \u00f3rg\u00e3o, as quais incluem a proibi\u00e7\u00e3o de vestimentas como bermudas, shorts, minissaias, camisetas regatas e chinelos durante a entrada.<\/p>\n\n\n\n<p><strong>Vagas Novas \u2013 218<\/strong><\/p>\n\n\n\n<p><strong>2 vagas \u2013 Servente de Obras<\/strong><\/p>\n\n\n\n<p>Escolaridade \u2013 ensino fundamental completo;<\/p>\n\n\n\n<p>Experi\u00eancia \u2013 seis meses na Carteira de Trabalho;<\/p>\n\n\n\n<p>Requisitos Obrigat\u00f3rios \u2013 ter documenta\u00e7\u00e3o completa (com dispensa militar);<\/p>\n\n\n\n<p>Atividades \u2013 auxiliar o pedreiro em suas atividades, executando escava\u00e7\u00f5es, demoli\u00e7\u00f5es e transporte de materiais diversos.<\/p>\n\n\n\n<p>Dispon\u00edvel at\u00e9 10\/11\/2025 ou encerramento da vaga.<\/p>\n\n\n\n<p><strong>5 vagas \u2013 Serralheiro<\/strong><\/p>\n\n\n\n<p>Escolaridade \u2013 ensino fundamental completo;<\/p>\n\n\n\n<p>Experi\u00eancia \u2013 registrada na Carteira de Trabalho;<\/p>\n\n\n\n<p>Requisitos Obrigat\u00f3rios \u2013 ter documenta\u00e7\u00e3o completa (com dispensa militar);<\/p>\n\n\n\n<p>Atividades \u2013 planejar, preparar, montar e reparar pe\u00e7as e conjuntos met\u00e1licos, executando atividades como tra\u00e7agem, corte, conforma\u00e7\u00e3o e soldagem.<\/p>\n\n\n\n<p>Dispon\u00edvel at\u00e9 10\/11\/2025 ou encerramento da vaga.<\/p>\n\n\n\n<p><strong>5 vagas \u2013 Mec\u00e2nico<\/strong><\/p>\n\n\n\n<p>Escolaridade \u2013 ensino m\u00e9dio completo;<\/p>\n\n\n\n<p>Experi\u00eancia \u2013 registrada na Carteira de Trabalho;<\/p>\n\n\n\n<p>Requisitos Obrigat\u00f3rios \u2013 ter documenta\u00e7\u00e3o completa (com dispensa militar);<\/p>\n\n\n\n<p>Atividades \u2013 montar, manter e reparar m\u00e1quinas e motores, como carros, caminh\u00f5es e equipamentos industriais; realizar a manuten\u00e7\u00e3o preventiva e corretiva, incluindo a troca de pe\u00e7as, consertos, regulagens e diagn\u00f3sticos de problemas.&nbsp;<\/p>\n\n\n\n<p>Dispon\u00edvel at\u00e9 10\/11\/2025 ou encerramento da vaga.<\/p>\n\n\n\n<p><strong>10 vagas \u2013 Auxiliar Mec\u00e2nico de Refrigera\u00e7\u00e3o<\/strong><\/p>\n\n\n\n<p>Escolaridade \u2013 ensino m\u00e9dio completo;<\/p>\n\n\n\n<p>Experi\u00eancia \u2013 n\u00e3o \u00e9 necess\u00e1rio;<\/p>\n\n\n\n<p>Requisitos Obrigat\u00f3rios \u2013 ter documenta\u00e7\u00e3o completa (com dispensa militar);<\/p>\n\n\n\n<p>Atividades \u2013 auxiliar mec\u00e2nico de refrigera\u00e7\u00e3o presta apoio t\u00e9cnico aos mec\u00e2nicos de refrigera\u00e7\u00e3o, auxiliando em tarefas como instala\u00e7\u00e3o, manuten\u00e7\u00e3o e reparo de sistemas de refrigera\u00e7\u00e3o e climatiza\u00e7\u00e3o, tanto residenciais quanto industriais.&nbsp;<\/p>\n\n\n\n<p>Dispon\u00edvel at\u00e9 10\/11\/2025 ou encerramento da vaga.<\/p>\n\n\n\n<p><strong>5 vagas \u2013 Pintor<\/strong><\/p>\n\n\n\n<p>Escolaridade \u2013 ensino fundamental completo;<\/p>\n\n\n\n<p>Experi\u00eancia \u2013 registrada na Carteira de Trabalho;<\/p>\n\n\n\n<p>Requisitos Obrigat\u00f3rios \u2013 ter documenta\u00e7\u00e3o completa (com dispensa militar);<\/p>\n\n\n\n<p>Atividades \u2013 preparar e aplicar tintas, vernizes e outros produtos em diversas superf\u00edcies, como paredes, m\u00f3veis e ve\u00edculos, com o objetivo de proteger, decorar ou restaurar.<\/p>\n\n\n\n<p>Dispon\u00edvel at\u00e9 10\/11\/2025 ou encerramento da vaga.<\/p>\n\n\n\n<p><strong>5 vagas \u2013 Soldador<\/strong><\/p>\n\n\n\n<p>Escolaridade \u2013 ensino fundamental completo;<\/p>\n\n\n\n<p>Experi\u00eancia \u2013 registrada na Carteira de Trabalho;<\/p>\n\n\n\n<p>Requisitos Obrigat\u00f3rios \u2013 ter documenta\u00e7\u00e3o completa (com dispensa militar);<\/p>\n\n\n\n<p>Atividades \u2013 unir e cortar pe\u00e7as met\u00e1licas usando t\u00e9cnicas como MIG, MAG, TIG e eletrodo revestido. Fabrica\u00e7\u00e3o e reparo de estruturas e equipamentos, exigindo conhecimento t\u00e9cnico, habilidade para ler projetos, aten\u00e7\u00e3o aos detalhes e uso de equipamentos de prote\u00e7\u00e3o para garantir a seguran\u00e7a.&nbsp;<\/p>\n\n\n\n<p>Dispon\u00edvel at\u00e9 10\/11\/2025 ou encerramento da vaga.<\/p>\n\n\n\n<p><strong>5 vagas \u2013 Eletricista<\/strong><\/p>\n\n\n\n<p>Escolaridade \u2013 ensino m\u00e9dio completo;<\/p>\n\n\n\n<p>Experi\u00eancia \u2013 registrada na Carteira de Trabalho;<\/p>\n\n\n\n<p>Requisitos Obrigat\u00f3rios \u2013 ter curso de NR 10 e ter documenta\u00e7\u00e3o completa (com dispensa militar);<\/p>\n\n\n\n<p>Atividades \u2013 instalar, manter e reparar sistemas el\u00e9tricos, fia\u00e7\u00e3o, aparelhos e equipamentos el\u00e9tricos em resid\u00eancias, empresas e ind\u00fastrias.&nbsp;<\/p>\n\n\n\n<p>Dispon\u00edvel at\u00e9 10\/11\/2025 ou encerramento da vaga.<\/p>\n\n\n\n<p><strong>1 vaga \u2013 Cozinheiro<\/strong><\/p>\n\n\n\n<p>Escolaridade \u2013 ensino m\u00e9dio completo;<\/p>\n\n\n\n<p>Experi\u00eancia \u2013 seis meses na Carteira de Trabalho ou avulsa;<\/p>\n\n\n\n<p>Requisitos Obrigat\u00f3rios \u2013 ter documenta\u00e7\u00e3o completa;<\/p>\n\n\n\n<p>Atividades \u2013 planejamento de card\u00e1pios, pr\u00e9\u2013preparo de alimentos, finaliza\u00e7\u00e3o de pratos e gest\u00e3o da cozinha, garantindo padr\u00f5es de higiene, seguran\u00e7a alimentar e qualidade.&nbsp;<\/p>\n\n\n\n<p>Dispon\u00edvel at\u00e9 10\/11\/2025 ou encerramento da vaga.<\/p>\n\n\n\n<p><strong>2 vagas \u2013 Chapeiro de Restaurante&nbsp;<\/strong><\/p>\n\n\n\n<p>Escolaridade \u2013 ensino fundamental completo;<\/p>\n\n\n\n<p>Experi\u00eancia \u2013 seis meses na Carteira de Trabalho ou avulsa;<\/p>\n\n\n\n<p>Requisitos Obrigat\u00f3rios \u2013 ter documenta\u00e7\u00e3o completa;<\/p>\n\n\n\n<p>Atividades \u2013 preparar e cozinhar alimentos na chapa, como hamb\u00fargueres, lanches e por\u00e7\u00f5es, controlando o ponto das carnes, garantindo a qualidade dos produtos, tostar p\u00e3es, preparar acompanhamentos quentes e manter a organiza\u00e7\u00e3o e a limpeza da sua esta\u00e7\u00e3o de trabalho.<\/p>\n\n\n\n<p>Dispon\u00edvel at\u00e9 10\/11\/2025 ou encerramento da vaga.<\/p>\n\n\n\n<p><strong>2 vagas \u2013 Auxiliar de Cozinha<\/strong><\/p>\n\n\n\n<p>Escolaridade \u2013 ensino fundamental completo;<\/p>\n\n\n\n<p>Experi\u00eancia \u2013 seis meses na Carteira de Trabalho;<\/p>\n\n\n\n<p>Requisitos Obrigat\u00f3rios \u2013 ter curso de Manipula\u00e7\u00e3o de Alimentos, disponibilidade de hor\u00e1rio, trabalhar em escala 6&#215;1 e ter documenta\u00e7\u00e3o completa (com dispensa militar);<\/p>\n\n\n\n<p>Atividades \u2013 auxiliar os cozinheiros no preparo e manipula\u00e7\u00e3o de alimentos.<\/p>\n\n\n\n<p>Dispon\u00edvel at\u00e9 10\/11\/2025 ou encerramento da vaga.<\/p>\n\n\n\n<p><strong>10 vagas \u2013 Auxiliar de Limpeza \u2013 Vagas destinadas para Pessoa com Defici\u00eancia (PcDs)<\/strong><\/p>\n\n\n\n<p>Escolaridade \u2013 ensino fundamental completo;<\/p>\n\n\n\n<p>Experi\u00eancia \u2013 seis meses na Carteira de Trabalho;<\/p>\n\n\n\n<p>Requisitos Obrigat\u00f3rios \u2013 ter documenta\u00e7\u00e3o completa;<\/p>\n\n\n\n<p>Atividades \u2013 varrer, espanar, raspar, encerar, lavar e polir; limpar e higienizar ambientes, como pisos, sanit\u00e1rios, corredores, escadas, rampas, azulejos, galerias e outras \u00e1reas comuns; remover lixo, poeira e res\u00edduos; manter a organiza\u00e7\u00e3o e limpeza di\u00e1ria dos espa\u00e7os.<\/p>\n\n\n\n<p>Dispon\u00edvel at\u00e9 10\/11\/2025 ou encerramento da vaga.<\/p>\n\n\n\n<p><strong>1 vaga \u2013 Representante Comercial&nbsp;<\/strong><\/p>\n\n\n\n<p>Escolaridade \u2013 ensino m\u00e9dio completo ou cursando ensino superior;<\/p>\n\n\n\n<p>Experi\u00eancia \u2013 tr\u00eas meses na Carteira de Trabalho;<\/p>\n\n\n\n<p>Requisitos Obrigat\u00f3rios \u2013 ter documenta\u00e7\u00e3o completa;<\/p>\n\n\n\n<p>Atividades \u2013 atuar como intermedi\u00e1rio entre empresas e seus clientes, promovendo e vendendo produtos ou servi\u00e7os; atuar na prospec\u00e7\u00e3o de novos clientes, negocia\u00e7\u00e3o de contratos, apresenta\u00e7\u00e3o de cat\u00e1logos, amostras e garantia da satisfa\u00e7\u00e3o do cliente.<\/p>\n\n\n\n<p>Dispon\u00edvel at\u00e9 10\/11\/2025 ou encerramento da vaga.<\/p>\n\n\n\n<p><strong>2 vagas \u2013 Costureira Profissional<\/strong><\/p>\n\n\n\n<p>Escolaridade \u2013 ensino fundamental completo;<\/p>\n\n\n\n<p>Experi\u00eancia \u2013 seis meses na Carteira de Trabalho;<\/p>\n\n\n\n<p>Requisitos Obrigat\u00f3rios \u2013 ter documenta\u00e7\u00e3o completa;<\/p>\n\n\n\n<p>Atividades \u2013 costuras de uniformes e fardamentos, social, operacional e malharia.<\/p>\n\n\n\n<p>Dispon\u00edvel at\u00e9 10\/11\/2025 ou encerramento da vaga.<\/p>\n\n\n\n<p><strong>2 vagas \u2013 Agente de Limpeza<\/strong><\/p>\n\n\n\n<p>Escolaridade \u2013 ensino fundamental completo;<\/p>\n\n\n\n<p>Experi\u00eancia \u2013 seis meses na Carteira de Trabalho;<\/p>\n\n\n\n<p>Requisitos Obrigat\u00f3rios \u2013 ter experi\u00eancia com enceradeira, lava jato, auto lavadora, residir na Zona Leste e ter documenta\u00e7\u00e3o completa;<\/p>\n\n\n\n<p>Atividades \u2013 manuten\u00e7\u00e3o da limpeza e conserva\u00e7\u00e3o de ambientes, utilizando equipamentos e produtos adequados para a remo\u00e7\u00e3o de sujidades, limpeza de pisos, paredes, vidros, m\u00f3veis, entre outros; executar atividades como coleta de lixo, reposi\u00e7\u00e3o de materiais de higiene, e sinaliza\u00e7\u00e3o de \u00e1reas em manuten\u00e7\u00e3o.<\/p>\n\n\n\n<p>Dispon\u00edvel at\u00e9 10\/11\/2025 ou encerramento da vaga.<\/p>\n\n\n\n<p><strong>1 vaga \u2013 T\u00e9cnico em Seguran\u00e7a do Trabalho<\/strong><\/p>\n\n\n\n<p>Escolaridade \u2013 ensino m\u00e9dio completo;<\/p>\n\n\n\n<p>Experi\u00eancia \u2013 tr\u00eas meses na Carteira de Trabalho;<\/p>\n\n\n\n<p>Requisitos Obrigat\u00f3rios \u2013 ter curso t\u00e9cnico em Seguran\u00e7a do Trabalho, registro ativo no MTE, experi\u00eancia na \u00e1rea industrial e ter documenta\u00e7\u00e3o completa (com dispensa militar);<\/p>\n\n\n\n<p>Atividades \u2013 garantir o cumprimento das normas de seguran\u00e7a e sa\u00fade ocupacional; realizar inspe\u00e7\u00f5es nas \u00e1reas da empresa e identificar riscos; promover campanhas e treinamentos de conscientiza\u00e7\u00e3o; elaborar e acompanhar planos de a\u00e7\u00e3o corretivos e preventivos.<\/p>\n\n\n\n<p>Dispon\u00edvel at\u00e9 10\/11\/2025 ou encerramento da vaga.<\/p>\n\n\n\n<p><strong>1 vaga \u2013 Montador \u2013 Vagas destinadas para Pessoa com Defici\u00eancia (PCD)<\/strong><\/p>\n\n\n\n<p>Escolaridade \u2013 ensino fundamental completo;<\/p>\n\n\n\n<p>Experi\u00eancia \u2013 n\u00e3o \u00e9 necess\u00e1rio;<\/p>\n\n\n\n<p>Requisitos Obrigat\u00f3rios \u2013 ter documenta\u00e7\u00e3o completa (com dispensa militar);<\/p>\n\n\n\n<p>Atividades \u2013 executar servi\u00e7os na linha de produ\u00e7\u00e3o, tais como: montagens de componentes, conex\u00e3o de fia\u00e7\u00e3o, fixando partes, colocando e encaixando as pe\u00e7as nos gabinetes e utilizando\u2013se de parafusadeiras.<\/p>\n\n\n\n<p>Dispon\u00edvel at\u00e9 10\/11\/2025 ou encerramento da vaga.<\/p>\n\n\n\n<p><strong>2 vagas \u2013 Repositor de Mercadorias<\/strong><\/p>\n\n\n\n<p>Escolaridade \u2013 ensino m\u00e9dio completo;<\/p>\n\n\n\n<p>Experi\u00eancia \u2013 seis meses na Carteira de Trabalho;<\/p>\n\n\n\n<p>Requisitos Obrigat\u00f3rios \u2013 ter documenta\u00e7\u00e3o completa (com dispensa militar);<\/p>\n\n\n\n<p>Atividades \u2013 reorganiza\u00e7\u00e3o de prateleiras e g\u00f4ndolas, verifica\u00e7\u00e3o e controle de validade dos produtos, recebimento de mercadorias do estoque e a garantia de que os produtos estejam sempre dispon\u00edveis para os clientes; organiza\u00e7\u00e3o visual da \u00e1rea de vendas, mantendo o local limpo e arrumado.<\/p>\n\n\n\n<p>Dispon\u00edvel at\u00e9 10\/11\/2025 ou encerramento da vaga.<\/p>\n\n\n\n<p><strong>1 vaga \u2013 Auxiliar de Cozinha<\/strong><\/p>\n\n\n\n<p>Escolaridade \u2013 ensino fundamental completo;<\/p>\n\n\n\n<p>Experi\u00eancia \u2013 seis meses na Carteira de Trabalho;<\/p>\n\n\n\n<p>Requisitos Obrigat\u00f3rios \u2013 ter experi\u00eancia em cozinha quente e fria, com sobremesas, disponibilidade de hor\u00e1rio e ter documenta\u00e7\u00e3o completa;<\/p>\n\n\n\n<p>Atividades \u2013 auxiliar nos servi\u00e7os de alimenta\u00e7\u00e3o, ajudar outros profissionais da \u00e1rea no pr\u00e9\u2013preparo, preparo e processamento de alimentos, na montagem de pratos; verificar a qualidade dos g\u00eaneros aliment\u00edcios, minimizar os riscos de contamina\u00e7\u00e3o.&nbsp;<\/p>\n\n\n\n<p>Dispon\u00edvel at\u00e9 10\/11\/2025 ou encerramento da vaga.<\/p>\n\n\n\n<p><strong>1 vaga \u2013 Est\u00e1gio de Marketing<\/strong><\/p>\n\n\n\n<p>Escolaridade \u2013 cursando ensino superior em Marketing, Publicidade ou Jornalismo (a partir do 3\u00b0 per\u00edodo);<\/p>\n\n\n\n<p>Experi\u00eancia \u2013 n\u00e3o \u00e9 necess\u00e1rio;<\/p>\n\n\n\n<p>Requisitos Obrigat\u00f3rios \u2013 ter disponibilidade de hor\u00e1rio, experi\u00eancia com ferramentas de designer e ter documenta\u00e7\u00e3o completa;<\/p>\n\n\n\n<p>Atividades \u2013 criar conte\u00fados visuais e publica\u00e7\u00f5es para redes sociais, com suporte \u00e0s \u00e1reas internas e participa\u00e7\u00e3o em campanhas de engajamento da marca.<\/p>\n\n\n\n<p>Dispon\u00edvel at\u00e9 10\/11\/2025 ou encerramento da vaga.<\/p>\n\n\n\n<p><strong>1 vaga \u2013 Est\u00e1gio de Administra\u00e7\u00e3o<\/strong><\/p>\n\n\n\n<p>Escolaridade \u2013 cursando ensino superior em Contabilidade, Ci\u00eancias Cont\u00e1beis ou Administra\u00e7\u00e3o (a partir do 3\u00b0 per\u00edodo);<\/p>\n\n\n\n<p>Experi\u00eancia \u2013 n\u00e3o \u00e9 necess\u00e1rio;<\/p>\n\n\n\n<p>Requisitos Obrigat\u00f3rios \u2013 ter disponibilidade de hor\u00e1rio e ter documenta\u00e7\u00e3o completa;<\/p>\n\n\n\n<p>Atividades \u2013 emiss\u00e3o de notas; suporte em rotinas administrativas; alimenta\u00e7\u00e3o de planilhas; organizar documentos.<\/p>\n\n\n\n<p>Dispon\u00edvel at\u00e9 10\/11\/2025 ou encerramento da vaga.<\/p>\n\n\n\n<p><strong>1 vaga \u2013 Atendente<\/strong><\/p>\n\n\n\n<p>Escolaridade \u2013 ensino m\u00e9dio completo;<\/p>\n\n\n\n<p>Experi\u00eancia \u2013 seis meses na Carteira de Trabalho;<\/p>\n\n\n\n<p>Requisitos Obrigat\u00f3rios \u2013 ter disponibilidade de hor\u00e1rio e ter documenta\u00e7\u00e3o completa;<\/p>\n\n\n\n<p>Atividades \u2013 atendimento ao cliente, montar os pratos, fritar salgados, fazer sucos e gomas, servir tacac\u00e1 e manter limpo o local de trabalho.<\/p>\n\n\n\n<p>Dispon\u00edvel at\u00e9 10\/11\/2025 ou encerramento da vaga.<\/p>\n\n\n\n<p><strong>1 vaga \u2013 Auxiliar de Servi\u00e7os Gerais<\/strong><\/p>\n\n\n\n<p>Escolaridade \u2013 ensino m\u00e9dio completo;<\/p>\n\n\n\n<p>Experi\u00eancia \u2013 seis meses na Carteira de Trabalho;<\/p>\n\n\n\n<p>Requisitos Obrigat\u00f3rios \u2013 residir na Zona Norte e ter documenta\u00e7\u00e3o completa (com dispensa militar);<\/p>\n\n\n\n<p>Atividades \u2013 limpeza e conserva\u00e7\u00e3o; seguir normas de seguran\u00e7a e higiene do trabalho; comunicar defeitos ou problemas maiores aos respons\u00e1veis.<\/p>\n\n\n\n<p>Dispon\u00edvel at\u00e9 10\/11\/2025 ou encerramento da vaga.<\/p>\n\n\n\n<p><strong>1 vaga \u2013 Churrasqueiro<\/strong><\/p>\n\n\n\n<p>Escolaridade \u2013 ensino fundamental completo;<\/p>\n\n\n\n<p>Experi\u00eancia \u2013 seis meses na Carteira de Trabalho ou avulsa;<\/p>\n\n\n\n<p>Requisitos Obrigat\u00f3rios \u2013 ter experi\u00eancia com cortes de carne, temperos e t\u00e9cnicas de preparo, disponibilidade de hor\u00e1rio e ter documenta\u00e7\u00e3o completa (com dispensa militar);<\/p>\n\n\n\n<p>Atividades \u2013 planejar as quantidades de carnes bovinas e su\u00ednas, de aves e de peixes, os tipos de acompanhamentos e o volume de carv\u00e3o, de modo a atender ao card\u00e1pio pr\u00e9\u2013definido e a quantidade de comensais.<\/p>\n\n\n\n<p>Dispon\u00edvel at\u00e9 10\/11\/2025 ou encerramento da vaga.<\/p>\n\n\n\n<p><strong>1 vaga \u2013 Vendedora<\/strong><\/p>\n\n\n\n<p>Escolaridade \u2013 ensino m\u00e9dio completo;<\/p>\n\n\n\n<p>Experi\u00eancia \u2013 seis meses na Carteira de Trabalho;<\/p>\n\n\n\n<p>Requisitos Obrigat\u00f3rios \u2013 ter experi\u00eancia em vendas, atendimento ao cliente, disponibilidade para trabalhar em escala 6&#215;1 e ter documenta\u00e7\u00e3o completa;<\/p>\n\n\n\n<p>Atividades \u2013 atendimento ao cliente; fechamento de vendas no sistema.<\/p>\n\n\n\n<p>Dispon\u00edvel at\u00e9 10\/11\/2025 ou encerramento da vaga.<\/p>\n\n\n\n<p><strong>1 vaga \u2013 Operador de Caixa<\/strong><\/p>\n\n\n\n<p>Escolaridade \u2013 ensino m\u00e9dio completo;<\/p>\n\n\n\n<p>Experi\u00eancia \u2013 seis meses na Carteira de Trabalho;<\/p>\n\n\n\n<p>Requisitos Obrigat\u00f3rios \u2013 ter documenta\u00e7\u00e3o completa;<\/p>\n\n\n\n<p>Atividades \u2013 respons\u00e1vel pelo atendimento ao cliente, o registro de produtos e a cobran\u00e7a de pagamentos, abertura e fechamento do caixa, controle de estoque e a emiss\u00e3o de notas fiscais.&nbsp;<\/p>\n\n\n\n<p>Dispon\u00edvel at\u00e9 10\/11\/2025 ou encerramento da vaga.<\/p>\n\n\n\n<p><strong>1 vaga \u2013 Motorista de Caminh\u00e3o Munck<\/strong><\/p>\n\n\n\n<p>Escolaridade \u2013 ensino m\u00e9dio completo;<\/p>\n\n\n\n<p>Experi\u00eancia \u2013 registrada na Carteira de Trabalho;<\/p>\n\n\n\n<p>Requisitos Obrigat\u00f3rios \u2013 ter curso de Operador de Caminh\u00e3o Munck, NR 11, NR 12, Carteira Nacional de Habilita\u00e7\u00e3o categoria \u201cD\u201d ou \u201cE\u201d e ter documenta\u00e7\u00e3o completa (com dispensa militar);<\/p>\n\n\n\n<p>Atividades \u2013 operar o guindaste para i\u00e7ar, mover e descarregar cargas pesadas, al\u00e9m de realizar inspe\u00e7\u00f5es de rotina no ve\u00edculo e no equipamento.&nbsp;<\/p>\n\n\n\n<p>Dispon\u00edvel at\u00e9 10\/11\/2025 ou encerramento da vaga.<\/p>\n\n\n\n<p><strong>15 vagas \u2013 Auxiliar de Dep\u00f3sito&nbsp;<\/strong><\/p>\n\n\n\n<p>Escolaridade \u2013 ensino m\u00e9dio completo;<\/p>\n\n\n\n<p>Experi\u00eancia \u2013 registrada na Carteira de Trabalho;<\/p>\n\n\n\n<p>Requisitos Obrigat\u00f3rios \u2013 ter documenta\u00e7\u00e3o completa (com dispensa militar);<\/p>\n\n\n\n<p>Atividades \u2013 auxiliar separa\u00e7\u00e3o de mercadorias; auxiliar atendimento ao p\u00fablico; auxiliar no controle de estoque; auxiliar ajudante de carga e descarga; auxiliar movimenta\u00e7\u00e3o e armazenagem de materiais; auxilia na confer\u00eancia de encomendas; auxiliar na expedi\u00e7\u00e3o de materiais; auxiliar no recebimento de materiais; auxiliar na entrega de produtos nos endere\u00e7os de clientes; auxiliar o motorista do caminh\u00e3o na entrega de produtos nos clientes.<\/p>\n\n\n\n<p>Dispon\u00edvel at\u00e9 10\/11\/2025 ou encerramento da vaga.<\/p>\n\n\n\n<p><strong>1 vaga \u2013 Mec\u00e2nico de Autom\u00f3vel&nbsp;<\/strong><\/p>\n\n\n\n<p>Escolaridade \u2013 ensino m\u00e9dio completo;<\/p>\n\n\n\n<p>Experi\u00eancia \u2013 seis meses na Carteira de Trabalho;<\/p>\n\n\n\n<p>Requisitos Obrigat\u00f3rios \u2013 ter curso t\u00e9cnico em Mec\u00e2nica Automotiva e ter documenta\u00e7\u00e3o completa (com dispensa militar);<\/p>\n\n\n\n<p>Atividades \u2013 realizar inspe\u00e7\u00f5es, diagn\u00f3sticos e manuten\u00e7\u00e3o preventiva e corretiva em ve\u00edculos automotores leves e pesados; executar servi\u00e7os de troca de pe\u00e7as, reparos em sistemas de freios, suspens\u00e3o, dire\u00e7\u00e3o, embreagem e motor; verificar e corrigir falhas mec\u00e2nicas e el\u00e9tricas simples; garantir o bom funcionamento e desempenho dos ve\u00edculos; manter o ambiente de trabalho organizado e zelar pelas ferramentas e equipamentos; preencher relat\u00f3rios de servi\u00e7os realizados e comunicar necessidades de pe\u00e7as ou reparos adicionais.<\/p>\n\n\n\n<p>Dispon\u00edvel at\u00e9 10\/11\/2025 ou encerramento da vaga.<\/p>\n\n\n\n<p><strong>5 vagas \u2013 Fiscal de Loja \u2013 Vagas destinadas para Pessoa com Defici\u00eancia (PcDs)<\/strong><\/p>\n\n\n\n<p>Escolaridade \u2013 ensino m\u00e9dio completo;<\/p>\n\n\n\n<p>Experi\u00eancia \u2013 n\u00e3o \u00e9 necess\u00e1rio;<\/p>\n\n\n\n<p>Requisitos Obrigat\u00f3rios \u2013 ter documenta\u00e7\u00e3o completa;<\/p>\n\n\n\n<p>Atividades \u2013 monitorar o ambiente de uma loja para garantir a seguran\u00e7a, prevenir perdas e garantir o bom funcionamento do estabelecimento.<\/p>\n\n\n\n<p>Dispon\u00edvel at\u00e9 10\/11\/2025 ou encerramento da vaga.<\/p>\n\n\n\n<p><strong>5 vagas \u2013 Auxiliar de Estoque \u2013 Vagas destinadas para Pessoa com Defici\u00eancia (PcDs)<\/strong><\/p>\n\n\n\n<p>Escolaridade \u2013 ensino m\u00e9dio completo;<\/p>\n\n\n\n<p>Experi\u00eancia \u2013 n\u00e3o \u00e9 necess\u00e1rio;<\/p>\n\n\n\n<p>Requisitos Obrigat\u00f3rios \u2013 ter documenta\u00e7\u00e3o completa;<\/p>\n\n\n\n<p>Atividades \u2013 tarefas operacionais essenciais para o bom funcionamento do setor, como receber, conferir, armazenar e distribuir produtos, al\u00e9m de realizar contagens e registros de estoque.<\/p>\n\n\n\n<p>Dispon\u00edvel at\u00e9 10\/11\/2025 ou encerramento da vaga.<\/p>\n\n\n\n<p><strong>5 vagas \u2013 Operador de Caixa \u2013 Vagas destinadas para Pessoa com Defici\u00eancia (PcDs)<\/strong><\/p>\n\n\n\n<p>Escolaridade \u2013 ensino m\u00e9dio completo;<\/p>\n\n\n\n<p>Experi\u00eancia \u2013 n\u00e3o \u00e9 necess\u00e1rio;<\/p>\n\n\n\n<p>Requisitos Obrigat\u00f3rios \u2013 ter documenta\u00e7\u00e3o completa;<\/p>\n\n\n\n<p>Atividades \u2013 atendimento ao cliente, o registro de produtos e a cobran\u00e7a de pagamentos, abertura e fechamento do caixa, controle de estoque e a emiss\u00e3o de notas fiscais.&nbsp;<\/p>\n\n\n\n<p>Dispon\u00edvel at\u00e9 10\/11\/2025 ou encerramento da vaga.<\/p>\n\n\n\n<p><strong>5 vagas \u2013 Garagista \u2013 Vagas destinadas para Pessoa com Defici\u00eancia (PcDs)<\/strong><\/p>\n\n\n\n<p>Escolaridade \u2013 ensino m\u00e9dio completo;<\/p>\n\n\n\n<p>Experi\u00eancia \u2013 n\u00e3o \u00e9 necess\u00e1rio;<\/p>\n\n\n\n<p>Requisitos Obrigat\u00f3rios \u2013 ter documenta\u00e7\u00e3o completa;<\/p>\n\n\n\n<p>Atividades \u2013 controlar a entrada e a sa\u00edda de ve\u00edculos em garagem, registrando os dados e o per\u00edodo de perman\u00eancia de cada um deles; organizar o movimento e o estacionamento dos ve\u00edculos, manobrando\u2013os, quando necess\u00e1rio; zelar pela seguran\u00e7a dos ve\u00edculos estacionados.<\/p>\n\n\n\n<p>Dispon\u00edvel at\u00e9 10\/11\/2025 ou encerramento da vaga.<\/p>\n\n\n\n<p><strong>5 vagas \u2013 Consultor de Vendas \u2013 Vagas destinadas para Pessoa com Defici\u00eancia (PcDs)<\/strong><\/p>\n\n\n\n<p>Escolaridade \u2013 ensino m\u00e9dio completo;<\/p>\n\n\n\n<p>Experi\u00eancia \u2013 seis meses na Carteira de Trabalho;<\/p>\n\n\n\n<p>Requisitos Obrigat\u00f3rios \u2013 ter experi\u00eancia em vendas de medicamentos e ter documenta\u00e7\u00e3o completa;<\/p>\n\n\n\n<p>Atividades \u2013 prospectar clientes para divulga\u00e7\u00e3o de produtos e servi\u00e7os, negociar, elaborar propostas comerciais e fechar neg\u00f3cio.<\/p>\n\n\n\n<p>Dispon\u00edvel at\u00e9 10\/11\/2025 ou encerramento da vaga.<\/p>\n\n\n\n<p><strong>5 vagas \u2013 Farmac\u00eautico \u2013 Vagas destinadas para Pessoa com Defici\u00eancia (PcDs)<\/strong><\/p>\n\n\n\n<p>Escolaridade \u2013 ensino m\u00e9dio completo;<\/p>\n\n\n\n<p>Experi\u00eancia \u2013 seis meses na Carteira de Trabalho;<\/p>\n\n\n\n<p>Requisitos Obrigat\u00f3rios \u2013 ter documenta\u00e7\u00e3o completa;<\/p>\n\n\n\n<p>Atividades \u2013 atendimento ao cliente, o registro de produtos e a cobran\u00e7a de pagamentos, abertura e fechamento do caixa, controle de estoque e a emiss\u00e3o de notas fiscais.<\/p>\n\n\n\n<p>Dispon\u00edvel at\u00e9 10\/11\/2025 ou encerramento da vaga.<\/p>\n\n\n\n<p><strong>1 vaga \u2013 Motorista de Caminh\u00e3o&nbsp;<\/strong><\/p>\n\n\n\n<p>Escolaridade \u2013 ensino m\u00e9dio completo;<\/p>\n\n\n\n<p>Experi\u00eancia \u2013 seis meses na Carteira de Trabalho;<\/p>\n\n\n\n<p>Requisitos Obrigat\u00f3rios \u2013 ter documenta\u00e7\u00e3o completa (com dispensa militar);<\/p>\n\n\n\n<p>Atividades \u2013 transportar, coletar e entregar cargas em geral.<\/p>\n\n\n\n<p>Dispon\u00edvel at\u00e9 10\/11\/2025 ou encerramento da vaga.<\/p>\n\n\n\n<p><strong>1 vaga \u2013 Auxiliar de Estoque&nbsp;<\/strong><\/p>\n\n\n\n<p>Escolaridade \u2013 ensino m\u00e9dio completo;<\/p>\n\n\n\n<p>Experi\u00eancia \u2013 seis meses na Carteira de Trabalho;<\/p>\n\n\n\n<p>Requisitos Obrigat\u00f3rios \u2013 ter documenta\u00e7\u00e3o completa (com dispensa militar);<\/p>\n\n\n\n<p>Atividades \u2013 recepcionar, conferir e armazenar produtos e materiais em almoxarifados, armaz\u00e9ns, silos e dep\u00f3sitos; fazer os lan\u00e7amentos da movimenta\u00e7\u00e3o de entradas e sa\u00eddas e controlar os estoques.<\/p>\n\n\n\n<p>Dispon\u00edvel at\u00e9 10\/11\/2025 ou encerramento da vaga.<\/p>\n\n\n\n<p><strong>100 vagas \u2013 Auxiliar de Carga e Descarga&nbsp;<\/strong><\/p>\n\n\n\n<p>Escolaridade \u2013 ensino fundamental completo;<\/p>\n\n\n\n<p>Experi\u00eancia \u2013 seis meses na Carteira de Trabalho ou avulsa;<\/p>\n\n\n\n<p>Requisitos Obrigat\u00f3rios \u2013 ter documenta\u00e7\u00e3o completa (com dispensa militar);<\/p>\n\n\n\n<p>Atividades \u2013 executar servi\u00e7os de carga e descarga; realizar a confer\u00eancia das cargas recebidas na doca, armazenagem e separa\u00e7\u00e3o de produtos e materiais; organizar e manter o estoque da empresa dentro das pol\u00edticas internas; identificar produtos n\u00e3o conformes entre demais atividades pertinentes a fun\u00e7\u00e3o.<\/p>\n\n\n\n<p>Dispon\u00edvel at\u00e9 10\/11\/2025 ou encerramento da vaga.<\/p>\n\n\n\n<p><strong>Vagas no Com\u00e9rcio \u2013 14<\/strong><\/p>\n\n\n\n<p><strong>2 vagas \u2013 Auxiliar de Cozinha<\/strong><\/p>\n\n\n\n<p>Escolaridade \u2013 ensino fundamental completo;<\/p>\n\n\n\n<p>Experi\u00eancia \u2013 seis meses na Carteira de Trabalho;<\/p>\n\n\n\n<p>Requisitos Obrigat\u00f3rios \u2013 ter documenta\u00e7\u00e3o completa (com dispensa militar);<\/p>\n\n\n\n<p>Atividades \u2013 recepcionar os clientes de forma cordial e atenciosa; realizar o atendimento e auxiliar na escolha do card\u00e1pio; registrar os pedidos, auxiliar na montagem e organiza\u00e7\u00e3o das mesas; realizar a manuten\u00e7\u00e3o, organiza\u00e7\u00e3o e limpeza do ambiente.<\/p>\n\n\n\n<p>Dispon\u00edvel at\u00e9 10\/11\/2025 ou encerramento da vaga.<\/p>\n\n\n\n<p><strong>2 vagas \u2013 Conferente L\u00edder de Carga e Descarga<\/strong><\/p>\n\n\n\n<p>Escolaridade \u2013 ensino m\u00e9dio completo;<\/p>\n\n\n\n<p>Experi\u00eancia \u2013 seis meses na Carteira de Trabalho;<\/p>\n\n\n\n<p>Requisitos Obrigat\u00f3rios \u2013 ter documenta\u00e7\u00e3o completa (com dispensa militar);<\/p>\n\n\n\n<p>Atividades \u2013 coordenar e supervisionar a equipe, lideran\u00e7a da equipe de confer\u00eancia, supervis\u00e3o do recebimento e expedi\u00e7\u00e3o de cargas, organiza\u00e7\u00e3o do estoque, garantia da conformidade de pedidos com notas fiscais, resolu\u00e7\u00e3o de diverg\u00eancias, organiza\u00e7\u00e3o do setor e resolu\u00e7\u00e3o de problemas.<\/p>\n\n\n\n<p>Dispon\u00edvel at\u00e9 10\/11\/2025 ou encerramento da vaga.<\/p>\n\n\n\n<p><strong>1 vaga \u2013 Atendente de Balc\u00e3o<\/strong><\/p>\n\n\n\n<p>Escolaridade \u2013 ensino m\u00e9dio completo;<\/p>\n\n\n\n<p>Experi\u00eancia \u2013 seis meses na Carteira de Trabalho;<\/p>\n\n\n\n<p>Requisitos Obrigat\u00f3rios \u2013 ter experi\u00eancia em atendimento ou delivery, facilidade com tecnologia e ter documenta\u00e7\u00e3o completa (com dispensa militar);<\/p>\n\n\n\n<p>Atividades \u2013 atender pedidos via iFood, WhatsApp e telefone, registrar corretamente os pedidos no sistema Saipos, acompanhar o andamento dos pedidos com a cozinha, conferir, embalar e organizar a sa\u00edda dos pedidos.<\/p>\n\n\n\n<p>Dispon\u00edvel at\u00e9 10\/11\/2025 ou encerramento da vaga.<\/p>\n\n\n\n<p><strong>2 vagas \u2013 Auxiliar de Cozinha<\/strong><\/p>\n\n\n\n<p>Escolaridade \u2013 ensino fundamental completo;<\/p>\n\n\n\n<p>Experi\u00eancia \u2013 seis meses na Carteira de Trabalho ou avulsa;<\/p>\n\n\n\n<p>Requisitos Obrigat\u00f3rios \u2013 ter disponibilidade de hor\u00e1rio e ter documenta\u00e7\u00e3o completa;<\/p>\n\n\n\n<p>Atividades \u2013 dar suporte ao cozinheiro, realizando tarefas como a prepara\u00e7\u00e3o de ingredientes, limpeza e organiza\u00e7\u00e3o da cozinha e utens\u00edlios, e a conserva\u00e7\u00e3o dos alimentos; apoiar na montagem e apresenta\u00e7\u00e3o dos pratos, seguindo o padr\u00e3o do card\u00e1pio.&nbsp;&nbsp;<\/p>\n\n\n\n<p>Dispon\u00edvel at\u00e9 10\/11\/2025 ou encerramento da vaga.<\/p>\n\n\n\n<p><strong>1 vaga \u2013 Comprador<\/strong><\/p>\n\n\n\n<p>Escolaridade \u2013 ensino m\u00e9dio completo;<\/p>\n\n\n\n<p>Experi\u00eancia \u2013 seis meses na Carteira de Trabalho;<\/p>\n\n\n\n<p>Requisitos Obrigat\u00f3rios \u2013 ter experi\u00eancia em compras de medicamentos e ter documenta\u00e7\u00e3o completa;<\/p>\n\n\n\n<p>Atividades \u2013 analisar as compras de materiais, equipamentos, mat\u00e9rias\u2013primas e servi\u00e7os, realizar cota\u00e7\u00e3o e negocia\u00e7\u00e3o com fornecedores, emitir pedidos e acompanhar o fluxo de entrega para cumprimento de todas as condi\u00e7\u00f5es negociadas.<\/p>\n\n\n\n<p>Dispon\u00edvel at\u00e9 10\/11\/2025 ou encerramento da vaga.<\/p>\n\n\n\n<p><strong>1 vaga \u2013 Ajudante Geral<\/strong><\/p>\n\n\n\n<p>Escolaridade \u2013 ensino m\u00e9dio completo;<\/p>\n\n\n\n<p>Experi\u00eancia \u2013 n\u00e3o \u00e9 necess\u00e1rio;<\/p>\n\n\n\n<p>Requisitos Obrigat\u00f3rios \u2013 ter Carteira Nacional de Habilita\u00e7\u00e3o categoria \u201cA\u201d e ter documenta\u00e7\u00e3o completa (com dispensa militar);<\/p>\n\n\n\n<p>Atividades \u2013 realizar lavagem de carros, entre outras atividades correlatas \u00e0 fun\u00e7\u00e3o.<\/p>\n\n\n\n<p>Dispon\u00edvel at\u00e9 10\/11\/2025 ou encerramento da vaga.<\/p>\n\n\n\n<p><strong>Vagas na Ind\u00fastria \u2013 180<\/strong><\/p>\n\n\n\n<p><strong>50 vagas \u2013 Auxiliar de Linha de Produ\u00e7\u00e3o<\/strong><\/p>\n\n\n\n<p>Escolaridade \u2013 ensino fundamental incompleto;<\/p>\n\n\n\n<p>Experi\u00eancia \u2013 n\u00e3o \u00e9 necess\u00e1rio;<\/p>\n\n\n\n<p>Requisitos Obrigat\u00f3rios \u2013 a vaga \u00e9 destinada para candidatos que est\u00e3o em busca de novos desafios; o candidato vai precisar morar em: V\u00e1rzea Grande \u2013 MT e ter documenta\u00e7\u00e3o completa (com dispensa militar);&nbsp;<\/p>\n\n\n\n<p>Atividades \u2013 executar atividades operacionais em setores de apoio ou produ\u00e7\u00e3o de frios, visando garantir a manuten\u00e7\u00e3o, organiza\u00e7\u00e3o, limpeza ou opera\u00e7\u00e3o de atividades na unidade.<\/p>\n\n\n\n<p>Dispon\u00edvel at\u00e9 10\/11\/2025 ou encerramento da vaga.<\/p>\n\n\n\n<p><strong>25 vagas \u2013 Auxiliar de Linha de Produ\u00e7\u00e3o<\/strong><\/p>\n\n\n\n<p>Escolaridade \u2013 ensino fundamental incompleto;<\/p>\n\n\n\n<p>Experi\u00eancia \u2013 n\u00e3o \u00e9 necess\u00e1rio;<\/p>\n\n\n\n<p>Requisitos Obrigat\u00f3rios \u2013 a vaga \u00e9 destinada para candidatos que est\u00e3o em busca de novos desafios; o candidato vai precisar morar em: Promiss\u00e3o\u2013SP e ter documenta\u00e7\u00e3o completa (com dispensa militar);&nbsp;<\/p>\n\n\n\n<p>Atividades \u2013 auxiliar a ind\u00fastria de Abate bovino.<\/p>\n\n\n\n<p>Dispon\u00edvel at\u00e9 10\/11\/2025 ou encerramento da vaga.<\/p>\n\n\n\n<p><strong>1 vaga \u2013 Auxiliar Fiscal<\/strong><\/p>\n\n\n\n<p>Escolaridade \u2013 ensino m\u00e9dio completo ou cursando ensino superior em Administra\u00e7\u00e3o, Ci\u00eancias Cont\u00e1beis ou Economia;<\/p>\n\n\n\n<p>Experi\u00eancia \u2013 seis meses na Carteira de Trabalho;<\/p>\n\n\n\n<p>Requisitos Obrigat\u00f3rios \u2013 ter documenta\u00e7\u00e3o completa;<\/p>\n\n\n\n<p>Atividades \u2013 auxiliar no controle e cumprimento das obriga\u00e7\u00f5es fiscais, em uso de planilhas excel e faturamento; apoio na emiss\u00e3o e confer\u00eancia de notas fiscais, lan\u00e7amento de dados em sistemas, a apura\u00e7\u00e3o e o recolhimento de impostos, e a organiza\u00e7\u00e3o de documentos fiscais para garantir que a empresa esteja em conformidade com a legisla\u00e7\u00e3o.<\/p>\n\n\n\n<p>Dispon\u00edvel at\u00e9 10\/11\/2025 ou encerramento da vaga.<\/p>\n\n\n\n<p><strong>2 vagas \u2013 Soldador MIG<\/strong><\/p>\n\n\n\n<p>Escolaridade \u2013 ensino fundamental completo;<\/p>\n\n\n\n<p>Experi\u00eancia \u2013 registrada na Carteira de Trabalho;<\/p>\n\n\n\n<p>Requisitos Obrigat\u00f3rios \u2013 ter documenta\u00e7\u00e3o completa (com dispensa militar);<\/p>\n\n\n\n<p>Atividades \u2013 realizar solda com Tungst\u00eanio\/Arg\u00f4nio, fabrica\u00e7\u00e3o, manuten\u00e7\u00e3o e montagem de modulados e tubos, de mesas, balc\u00f5es, arm\u00e1rios, etc., entre outros servi\u00e7os relacionados \u00e0 soldagem.<\/p>\n\n\n\n<p>Dispon\u00edvel at\u00e9 10\/11\/2025 ou encerramento da vaga.<\/p>\n\n\n\n<p><strong>2 vagas \u2013 Auxiliar de Expedi\u00e7\u00e3o Carga e Descarga<\/strong><\/p>\n\n\n\n<p>Escolaridade \u2013 ensino m\u00e9dio completo;<\/p>\n\n\n\n<p>Experi\u00eancia \u2013 seis meses na Carteira de Trabalho;<\/p>\n\n\n\n<p>Requisitos Obrigat\u00f3rios \u2013 ter experi\u00eancia com entrega de mercadoria e ter documenta\u00e7\u00e3o completa (com dispensa militar);<\/p>\n\n\n\n<p>Atividades \u2013 auxiliar de expedi\u00e7\u00e3o de carga e descarga de caminh\u00e3o, acompanhando o motorista na prepara\u00e7\u00e3o e na entrega de mercadorias para transporte e movimenta\u00e7\u00e3o; fazer confer\u00eancias, organizar os materiais e ter manuseio com equipamentos como paleteiras e empilhadeiras.<\/p>\n\n\n\n<p>Dispon\u00edvel at\u00e9 10\/11\/2025 ou encerramento da vaga.<\/p>\n\n\n\n<p><strong>100 vagas \u2013 Operador de Produ\u00e7\u00e3o II<\/strong><\/p>\n\n\n\n<p>Escolaridade \u2013 ensino fundamental incompleto;<\/p>\n\n\n\n<p>Experi\u00eancia \u2013 n\u00e3o \u00e9 necess\u00e1rio;<\/p>\n\n\n\n<p>Requisitos Obrigat\u00f3rios \u2013 a vaga \u00e9 destinada para candidatos que est\u00e3o em busca de novos desafios; o candidato vai precisar morar em: Conc\u00f3rdia \u2013 (SC) ou Lucas do Rio Verde (MT) e ter documenta\u00e7\u00e3o completa;&nbsp;<\/p>\n\n\n\n<p>Atividades \u2013 trabalhar com processamento de carne de frango, em setores diversos, com utiliza\u00e7\u00e3o de facas, ambiente climatizado; corte, coleta, pesagem e embalagem de alimentos; desossar, embalar, pesar, processar alimentos, derivados de carne de frango e su\u00ednos.<\/p>\n\n\n\n<p>Dispon\u00edvel at\u00e9 10\/11\/2025 ou encerramento da vaga.<\/p>\n\n\n\n<p><strong>Vagas em servi\u00e7o \u2013 128<\/strong><\/p>\n\n\n\n<p><strong>25 vagas \u2013 Atendente<\/strong><\/p>\n\n\n\n<p>Escolaridade \u2013 ensino fundamental completo;<\/p>\n\n\n\n<p>Experi\u00eancia \u2013 n\u00e3o \u00e9 necess\u00e1rio;<\/p>\n\n\n\n<p>Requisitos Obrigat\u00f3rios \u2013 a vaga \u00e9 destinada para candidatos que est\u00e3o em busca de novos desafios; o candidato vai precisar morar em: MG | RJ | ES | PA | Nordeste, disponibilidade para trabalhar em escala 6&#215;1 e ter documenta\u00e7\u00e3o completa;&nbsp;<\/p>\n\n\n\n<p>Atividades \u2013 recepcionar os clientes de forma cordial e atenciosa; realizar o atendimento e auxiliar na escolha do card\u00e1pio; registrar os pedidos e encaminh\u00e1\u2013los \u00e0 cozinha; auxiliar na montagem e organiza\u00e7\u00e3o das mesas; realizar a manuten\u00e7\u00e3o, organiza\u00e7\u00e3o e limpeza do ambiente.<\/p>\n\n\n\n<p>Dispon\u00edvel at\u00e9 10\/11\/2025 ou encerramento da vaga.<\/p>\n\n\n\n<p><strong>25 vagas \u2013 Auxiliar de Cozinha&nbsp;<\/strong><\/p>\n\n\n\n<p>Escolaridade \u2013 ensino fundamental completo;<\/p>\n\n\n\n<p>Experi\u00eancia \u2013 n\u00e3o \u00e9 necess\u00e1rio;<\/p>\n\n\n\n<p>Requisitos Obrigat\u00f3rios \u2013 a vaga \u00e9 destinada para candidatos que est\u00e3o em busca de novos desafios; o candidato vai precisar morar em: MG | RJ | ES | PA | Nordeste, disponibilidade para trabalhar em escala 6&#215;1 e ter documenta\u00e7\u00e3o completa;&nbsp;<\/p>\n\n\n\n<p>Atividades \u2013 prepara\u00e7\u00e3o e organiza\u00e7\u00e3o de alimentos, a higieniza\u00e7\u00e3o do ambiente e dos utens\u00edlios, e o apoio direto aos cozinheiros.<\/p>\n\n\n\n<p>Dispon\u00edvel at\u00e9 10\/11\/2025 ou encerramento da vaga.<\/p>\n\n\n\n<p><strong>1 vaga \u2013 Vendedor Interno<\/strong><\/p>\n\n\n\n<p>Escolaridade \u2013 ensino m\u00e9dio completo;<\/p>\n\n\n\n<p>Experi\u00eancia \u2013 n\u00e3o \u00e9 necess\u00e1rio;<\/p>\n\n\n\n<p>Requisitos Obrigat\u00f3rios \u2013 ter conhecimento intermedi\u00e1rio em Inform\u00e1tica, residir nos bairros: Alvorada, Da Paz, Dom Pedro, Planalto e Reden\u00e7\u00e3o, L\u00edrio do Vale ou proximidades e ter documenta\u00e7\u00e3o completa;<\/p>\n\n\n\n<p>Atividades \u2013 vender produtos e servi\u00e7os em resid\u00eancias e escrit\u00f3rios; planejar e discutir metas e estrat\u00e9gias de venda; contatar, visitar e entrevistar clientes; demonstrar produtos, avaliar o perfil dos clientes e fechar contratos de vendas; orientar, informar e visitar clientes no p\u00f3s\u2013venda; acompanhar a entrega de produtos, requisitar manuten\u00e7\u00e3o de produtos.<\/p>\n\n\n\n<p>Dispon\u00edvel at\u00e9 10\/11\/2025 ou encerramento da vaga.<\/p>\n\n\n\n<p><strong>4 vagas \u2013 Servente de Obras<\/strong><\/p>\n\n\n\n<p>Escolaridade \u2013 ensino fundamental completo;<\/p>\n\n\n\n<p>Experi\u00eancia \u2013 seis meses na Carteira de Trabalho;<\/p>\n\n\n\n<p>Requisitos Obrigat\u00f3rios \u2013 ter conhecimento em lixadeira, parafusadeira, martelete e ter documenta\u00e7\u00e3o completa (com dispensa militar);<\/p>\n\n\n\n<p>Atividades \u2013 atuar com estruturas met\u00e1licas para telhados.<\/p>\n\n\n\n<p>Dispon\u00edvel at\u00e9 10\/11\/2025 ou encerramento da vaga.<\/p>\n\n\n\n<p><strong>2 vagas \u2013 Serralheiro<\/strong><\/p>\n\n\n\n<p>Escolaridade \u2013 ensino fundamental completo;<\/p>\n\n\n\n<p>Experi\u00eancia \u2013 seis meses na Carteira de Trabalho;<\/p>\n\n\n\n<p>Requisitos Obrigat\u00f3rios \u2013 ter documenta\u00e7\u00e3o completa (com dispensa militar);<\/p>\n\n\n\n<p>Atividades \u2013 confeccionar, reparar e instalar pe\u00e7as e elementos diversos em chapas de metal como a\u00e7o, ferro galvanizado, cobre, estanho, lat\u00e3o, alum\u00ednio e zinco; trabalhar barras perfiladas de materiais ferrosos e n\u00e3o ferrosos para fabricar esquadrias, portas, grades, vitrais e pe\u00e7as similares.<\/p>\n\n\n\n<p>Dispon\u00edvel at\u00e9 10\/11\/2025 ou encerramento da vaga.<\/p>\n\n\n\n<p><strong>15 vagas \u2013 Auxiliar de Cozinha<\/strong><\/p>\n\n\n\n<p>Escolaridade \u2013 ensino fundamental completo;<\/p>\n\n\n\n<p>Experi\u00eancia \u2013 n\u00e3o \u00e9 necess\u00e1rio;<\/p>\n\n\n\n<p>Requisitos Obrigat\u00f3rios \u2013 a vaga \u00e9 destinada para candidatos que est\u00e3o em busca de novos desafios; o candidato vai precisar morar em: Arauc\u00e1ria ou Curitiba \u2013 PR e ter documenta\u00e7\u00e3o completa;<\/p>\n\n\n\n<p>Atividades \u2013 auxiliar em todos os processos produtivos: pr\u00e9\u2013preparo, armazenagem, distribui\u00e7\u00e3o, servimento, higieniza\u00e7\u00e3o e organiza\u00e7\u00e3o do ambiente de trabalho.<\/p>\n\n\n\n<p>Dispon\u00edvel at\u00e9 10\/11\/2025 ou encerramento da vaga.<\/p>\n\n\n\n<p><strong>5 vagas \u2013 Cozinheiro Industrial<\/strong><\/p>\n\n\n\n<p>Escolaridade \u2013 ensino fundamental completo;<\/p>\n\n\n\n<p>Experi\u00eancia \u2013 seis meses na Carteira de Trabalho ou avulsa;<\/p>\n\n\n\n<p>Requisitos Obrigat\u00f3rios \u2013 a vaga \u00e9 destinada para candidatos que est\u00e3o em busca de novos desafios; o candidato vai precisar morar em: Arauc\u00e1ria ou Curitiba \u2013 PR, ter experi\u00eancia em produ\u00e7\u00e3o de grande volume e ter documenta\u00e7\u00e3o completa;<\/p>\n\n\n\n<p>Atividades \u2013 responder pelo comando da equipe e prepara\u00e7\u00e3o do card\u00e1pio di\u00e1rio, realizando o planejamento da produ\u00e7\u00e3o, monitorando as tarefas e executando a coc\u00e7\u00e3o dos alimentos de acordo com o receitu\u00e1rio e procedimentos da empresa.<\/p>\n\n\n\n<p>Dispon\u00edvel at\u00e9 10\/11\/2025 ou encerramento da vaga.<\/p>\n\n\n\n<p><strong>2 vagas \u2013 Nutricionista Supervisor<\/strong><\/p>\n\n\n\n<p>Escolaridade \u2013 ensino superior completo em Nutri\u00e7\u00e3o;<\/p>\n\n\n\n<p>Experi\u00eancia \u2013 seis meses na Carteira de Trabalho;<\/p>\n\n\n\n<p>Requisitos Obrigat\u00f3rios \u2013 a vaga \u00e9 destinada para candidatos que est\u00e3o em busca de novos desafios; o candidato vai precisar morar em: Arauc\u00e1ria ou Curitiba \u2013 PR, ter experi\u00eancia em produ\u00e7\u00e3o de grande volume, CRN ativo e ter documenta\u00e7\u00e3o completa;<\/p>\n\n\n\n<p>Atividades \u2013 supervisionar, orientar, controlar, acompanhar as tarefas, comandar as equipes de trabalho e atender ao cliente.<\/p>\n\n\n\n<p>Dispon\u00edvel at\u00e9 10\/11\/2025 ou encerramento da vaga.<\/p>\n\n\n\n<p><strong>15 vagas \u2013 Ajudante de Carga e Descarga<\/strong><\/p>\n\n\n\n<p>Escolaridade \u2013 ensino fundamental completo;<\/p>\n\n\n\n<p>Experi\u00eancia \u2013 n\u00e3o \u00e9 necess\u00e1rio;<\/p>\n\n\n\n<p>Requisitos Obrigat\u00f3rios \u2013 residir nos bairros: Grande Vit\u00f3ria, Gilberto Mestrinho, Jorge Teixeira, Santa In\u00eas ou proximidades e ter documenta\u00e7\u00e3o completa (com dispensa militar);<\/p>\n\n\n\n<p>Atividades \u2013 carregar e descarregar produtos em ve\u00edculos de transporte, como caminh\u00f5es, bem como organizar a \u00e1rea de trabalho e manter a ordem no armaz\u00e9m ou dep\u00f3sito.&nbsp;<\/p>\n\n\n\n<p>Dispon\u00edvel at\u00e9 10\/11\/2025 ou encerramento da vaga.<\/p>\n\n\n\n<p><strong>1 vaga \u2013 Art\u00edfice de Manuten\u00e7\u00e3o&nbsp;<\/strong><\/p>\n\n\n\n<p>Escolaridade \u2013 ensino m\u00e9dio completo;<\/p>\n\n\n\n<p>Experi\u00eancia \u2013 registrada na Carteira de Trabalho;<\/p>\n\n\n\n<p>Requisitos Obrigat\u00f3rios \u2013 ter curso de NR 35 e ter documenta\u00e7\u00e3o completa (com dispensa militar);<\/p>\n\n\n\n<p>Atividades \u2013 executar servi\u00e7os de manuten\u00e7\u00e3o el\u00e9trica, hidr\u00e1ulica, carpintaria e alvenaria; efetuar limpeza no local de execu\u00e7\u00e3o de servi\u00e7os; realizar servi\u00e7os de instala\u00e7\u00e3o, remo\u00e7\u00e3o e conserto de fechaduras; carregar m\u00f3veis e equipamentos para local indicado pela administra\u00e7\u00e3o; diagnosticar anomalias nos equipamentos el\u00e9tricos e sistemas el\u00e9tricos prediais, tomando as medidas necess\u00e1rias; realizar servi\u00e7os de manuten\u00e7\u00e3o civil predial, tais como pintura, alvenaria, gesso, reparos de pisos, montagem e desmontagem de portas, janelas, divis\u00f3rias e acess\u00f3rios.<\/p>\n\n\n\n<p>Dispon\u00edvel at\u00e9 10\/11\/2025 ou encerramento da vaga.<\/p>\n\n\n\n<p><strong>1 vaga \u2013 Mec\u00e2nico de Ve\u00edculos a Diesel&nbsp;<\/strong><\/p>\n\n\n\n<p>Escolaridade \u2013 ensino m\u00e9dio completo;<\/p>\n\n\n\n<p>Experi\u00eancia \u2013 seis meses na Carteira de Trabalho;<\/p>\n\n\n\n<p>Requisitos Obrigat\u00f3rios \u2013 ter documenta\u00e7\u00e3o completa (com dispensa militar);<\/p>\n\n\n\n<p>Atividades \u2013 manuten\u00e7\u00e3o mec\u00e2nica em ve\u00edculos pick up &#8216;s.<\/p>\n\n\n\n<p>Dispon\u00edvel at\u00e9 10\/11\/2025 ou encerramento da vaga.<\/p>\n\n\n\n<p><strong>1 vaga \u2013 Consultor de Vendas<\/strong><\/p>\n\n\n\n<p>Escolaridade \u2013 ensino m\u00e9dio completo;<\/p>\n\n\n\n<p>Experi\u00eancia \u2013 seis meses na Carteira de Trabalho;<\/p>\n\n\n\n<p>Requisitos Obrigat\u00f3rios \u2013 ter documenta\u00e7\u00e3o completa;<\/p>\n\n\n\n<p>Atividades \u2013 realizar atendimento ao cliente em vendas de varejo e atender as demandas de acordo com a ocupa\u00e7\u00e3o.<\/p>\n\n\n\n<p>Dispon\u00edvel at\u00e9 10\/11\/2025 ou encerramento da vaga.<\/p>\n\n\n\n<p><strong>2 vagas \u2013 T\u00e9cnico Multifuncional&nbsp;<\/strong><\/p>\n\n\n\n<p>Escolaridade \u2013 ensino m\u00e9dio completo;<\/p>\n\n\n\n<p>Experi\u00eancia \u2013 seis meses na Carteira de Trabalho;<\/p>\n\n\n\n<p>Requisitos Obrigat\u00f3rios \u2013 ter conhecimento em redes de dados e telefonia, habilidade para trabalhar em altura, espa\u00e7os confinados, disponibilidade para viagens e plant\u00f5es, e ter documenta\u00e7\u00e3o completa (com dispensa militar);<\/p>\n\n\n\n<p>Atividades \u2013 instalar e configurar sistemas de telecomunica\u00e7\u00f5es; testar e monitorar sinais de transmiss\u00e3o; interpretar esquemas t\u00e9cnicos e diagramas de rede; documentar atividades e relat\u00f3rios t\u00e9cnicos.<\/p>\n\n\n\n<p>Dispon\u00edvel at\u00e9 10\/11\/2025 ou encerramento da vaga.<\/p>\n\n\n\n<p><strong>2 vagas \u2013 T\u00e9cnico de Rede<\/strong><\/p>\n\n\n\n<p>Escolaridade \u2013 ensino m\u00e9dio completo;<\/p>\n\n\n\n<p>Experi\u00eancia \u2013 seis meses na Carteira de Trabalho;<\/p>\n\n\n\n<p>Requisitos Obrigat\u00f3rios \u2013 ter conhecimento em instala\u00e7\u00e3o e manuten\u00e7\u00e3o de cabos e equipamentos, e ter documenta\u00e7\u00e3o completa (com dispensa militar);<\/p>\n\n\n\n<p>Atividades \u2013 instalar e configurar sistemas de telecomunica\u00e7\u00f5es; realizar manuten\u00e7\u00e3o preventiva e corretiva em infraestruturas de rede.<\/p>\n\n\n\n<p>Dispon\u00edvel at\u00e9 10\/11\/2025 ou encerramento da vaga.<\/p>\n\n\n\n<p><strong>2 vagas \u2013 Art\u00edfice<\/strong><\/p>\n\n\n\n<p>Escolaridade \u2013 ensino fundamental completo;<\/p>\n\n\n\n<p>Experi\u00eancia \u2013 seis meses na Carteira de Trabalho;<\/p>\n\n\n\n<p>Requisitos Obrigat\u00f3rios \u2013 ter disponibilidade de hor\u00e1rio e ter documenta\u00e7\u00e3o completa (com dispensa militar);<\/p>\n\n\n\n<p>Atividades \u2013 executar tarefas de constru\u00e7\u00e3o, manuten\u00e7\u00e3o e reparo; garantir a qualidade dos materiais e servi\u00e7os utilizados; utilizar ferramentas e equipamentos adequados; realizar medi\u00e7\u00f5es e cortes precisos; identificar e solucionar problemas durante a obra e registrar o progresso das atividades.<\/p>\n\n\n\n<p>Dispon\u00edvel at\u00e9 10\/11\/2025 ou encerramento da vaga.<\/p>\n\n\n\n<p><strong>3 vagas \u2013 Auxiliar de Refrigera\u00e7\u00e3o&nbsp;&nbsp;<\/strong><\/p>\n\n\n\n<p>Escolaridade \u2013 ensino m\u00e9dio completo;<\/p>\n\n\n\n<p>Experi\u00eancia \u2013 registrada na Carteira de Trabalho;<\/p>\n\n\n\n<p>Requisitos Obrigat\u00f3rios \u2013 ter documenta\u00e7\u00e3o completa (com dispensa militar);<\/p>\n\n\n\n<p>Atividades \u2013 apoiar a instala\u00e7\u00e3o, manuten\u00e7\u00e3o preventiva e corretiva de sistemas de ar condicionado e refrigera\u00e7\u00e3o, montando tubula\u00e7\u00f5es, realizando limpeza de equipamentos, substituindo pe\u00e7as e componentes sob supervis\u00e3o, al\u00e9m de executar testes e manter o local de trabalho organizado e seguro.<\/p>\n\n\n\n<p>Dispon\u00edvel at\u00e9 10\/11\/2025 ou encerramento da vaga.<\/p>\n\n\n\n<p><strong>1 vaga \u2013 Motorista Carreteiro<\/strong><\/p>\n\n\n\n<p>Escolaridade \u2013 ensino fundamental completo;<\/p>\n\n\n\n<p>Experi\u00eancia \u2013 seis meses na Carteira de Trabalho;<\/p>\n\n\n\n<p>Requisitos Obrigat\u00f3rios \u2013 ter Carteira Nacional de Habilita\u00e7\u00e3o categoria \u201cE\u201d e ter documenta\u00e7\u00e3o completa (com dispensa militar);<\/p>\n\n\n\n<p>Atividades \u2013 realizar o transporte e entrega de cargas entre diferentes locais, a realiza\u00e7\u00e3o de inspe\u00e7\u00f5es e pequenos reparos no ve\u00edculo, a verifica\u00e7\u00e3o de documentos do ve\u00edculo e da carga, o planejamento de rotas e a garantia da seguran\u00e7a durante toda a viagem.<\/p>\n\n\n\n<p>Dispon\u00edvel at\u00e9 10\/11\/2025 ou encerramento da vaga.<\/p>\n\n\n\n<p><strong>1 vaga \u2013 Auxiliar de Pessoal&nbsp;<\/strong><\/p>\n\n\n\n<p>Escolaridade \u2013 ensino m\u00e9dio completo;<\/p>\n\n\n\n<p>Experi\u00eancia \u2013 seis meses na Carteira de Trabalho;<\/p>\n\n\n\n<p>Requisitos Obrigat\u00f3rios \u2013 ter curso de Recursos Humanos ou Departamento Pessoal e ter documenta\u00e7\u00e3o completa;<\/p>\n\n\n\n<p>Atividades \u2013 apoio administrativo em RH, como organiza\u00e7\u00e3o de documentos, suporte na folha de pagamento, elabora\u00e7\u00e3o de relat\u00f3rios.&nbsp;<\/p>\n\n\n\n<p>Dispon\u00edvel at\u00e9 10\/11\/2025 ou encerramento da vaga.<\/p>\n\n\n\n<p><strong>20 vagas \u2013 Servente de Obras<\/strong><\/p>\n\n\n\n<p>Escolaridade \u2013 ensino fundamental completo;<\/p>\n\n\n\n<p>Experi\u00eancia \u2013 tr\u00eas meses na Carteira de Trabalho;<\/p>\n\n\n\n<p>Requisitos Obrigat\u00f3rios \u2013 o candidato vai precisar trabalhar em Minera\u00e7\u00e3o Taboca (Vila Pitinga) \u2013 Presidente Figueiredo, escala 12&#215;8 e ter documenta\u00e7\u00e3o completa (com dispensa militar);<\/p>\n\n\n\n<p>Atividades \u2013 auxiliar pedreiros, carpinteiros e outros profissionais da obra; preparar materiais, ferramentas e equipamentos para o trabalho; apoiar em outras atividades operacionais conforme necess\u00e1rio.<\/p>\n\n\n\n<p>Dispon\u00edvel at\u00e9 10\/11\/2025 ou encerramento da vaga.<\/p>\n\n\n\n<p><strong>Vagas exclusivas para Pessoas com Defici\u00eancia (PcDs) \u2013 5<\/strong><\/p>\n\n\n\n<p><strong>5 vagas \u2013 Auxiliar Administrativo \u2013 Vagas destinadas para Pessoa com Defici\u00eancia (PcDs)<\/strong><\/p>\n\n\n\n<p>Escolaridade \u2013 ensino m\u00e9dio completo;<\/p>\n\n\n\n<p>Experi\u00eancia \u2013 seis meses na Carteira de Trabalho;<\/p>\n\n\n\n<p>Requisitos Obrigat\u00f3rios \u2013 ter documenta\u00e7\u00e3o completa;<\/p>\n\n\n\n<p>Atividades \u2013 organiza\u00e7\u00e3o de documentos, atendimento telef\u00f4nico e presencial, preenchimento de planilhas, elabora\u00e7\u00e3o de relat\u00f3rios, controle de estoque e agendamento de reuni\u00f5es<\/p>\n\n\n\n<p>Dispon\u00edvel at\u00e9 10\/11\/2025 ou encerramento da vaga.<\/p>\n\n\n\n<p>\u2014 \u2014 \u2014<br><strong>Texto<\/strong>\u00a0\u2013\u00a0Divulga\u00e7\u00e3o\/Semtepi<br><strong>Fotos<\/strong>\u00a0\u2013\u00a0Arquivo\/Semcom<br><strong>Dispon\u00edveis em<\/strong>\u00a0\u2013\u00a0<a href=\"https:\/\/flic.kr\/s\/aHBqjCetWK\">https:\/\/flic.kr\/s\/aHBqjCetWK<br><\/a><\/p>\n","protected":false},"excerpt":{"rendered":"","protected":false},"author":68,"featured_media":7221,"comment_status":"closed","ping_status":"closed","sticky":false,"template":"","format":"standard","meta":{"footnotes":""},"categories":[5],"tags":[1590,8,9,1554],"acf":[],"yoast_head":"<!-- This site is optimized with the Yoast SEO plugin v23.0 - https:\/\/yoast.com\/wordpress\/plugins\/seo\/ -->\n<title>Sine Manaus oferta 540 vagas de emprego nesta segunda\u2013feira<\/title>\n<meta name=\"description\" content=\"A Prefeitura de Manaus, por meio do Sine Manaus, oferta 540 vagas de emprego em v\u00e1rias \u00e1reas de atua\u00e7\u00e3o, nesta segunda\u2013feira, de 8h \u00e0s 14h.\" \/>\n<meta name=\"robots\" content=\"noindex, follow\" \/>\n<meta property=\"og:locale\" content=\"pt_BR\" \/>\n<meta property=\"og:type\" content=\"article\" \/>\n<meta property=\"og:title\" content=\"Sine Manaus oferta 540 vagas de emprego nesta segunda\u2013feira\" \/>\n<meta property=\"og:description\" content=\"A Prefeitura de Manaus, por meio do Sine Manaus, oferta 540 vagas de emprego em v\u00e1rias \u00e1reas de atua\u00e7\u00e3o, nesta segunda\u2013feira, de 8h \u00e0s 14h.\" \/>\n<meta property=\"og:url\" content=\"https:\/\/www.manaus.am.gov.br\/semtepi\/oportunidade\/vagas-sine-manaus-18\/\" \/>\n<meta property=\"og:site_name\" content=\"SEMTEPI\" \/>\n<meta property=\"article:published_time\" content=\"2025-11-09T14:00:00+00:00\" \/>\n<meta property=\"article:modified_time\" content=\"2025-11-08T18:17:36+00:00\" \/>\n<meta property=\"og:image\" content=\"https:\/\/www.manaus.am.gov.br\/semtepi\/wp-content\/uploads\/sites\/20\/2025\/11\/Vagas-sine-manaus-1.jpeg\" \/>\n\t<meta property=\"og:image:width\" content=\"799\" \/>\n\t<meta property=\"og:image:height\" content=\"533\" \/>\n\t<meta property=\"og:image:type\" content=\"image\/jpeg\" \/>\n<meta name=\"author\" content=\"bvalente\" \/>\n<meta name=\"twitter:card\" content=\"summary_large_image\" \/>\n<meta name=\"twitter:label1\" content=\"Written by\" \/>\n\t<meta name=\"twitter:data1\" content=\"bvalente\" \/>\n\t<meta name=\"twitter:label2\" content=\"Est. reading time\" \/>\n\t<meta name=\"twitter:data2\" content=\"28 minutos\" \/>\n<script type=\"application\/ld+json\" class=\"yoast-schema-graph\">{\"@context\":\"https:\/\/schema.org\",\"@graph\":[{\"@type\":\"Article\",\"@id\":\"https:\/\/www.manaus.am.gov.br\/semtepi\/oportunidade\/vagas-sine-manaus-18\/#article\",\"isPartOf\":{\"@id\":\"https:\/\/www.manaus.am.gov.br\/semtepi\/oportunidade\/vagas-sine-manaus-18\/\"},\"author\":{\"name\":\"bvalente\",\"@id\":\"https:\/\/www.manaus.am.gov.br\/semtepi\/#\/schema\/person\/466a0e03ae4b6062809046bd560ac955\"},\"headline\":\"Sine Manaus oferta 540 vagas de emprego nesta segunda\u2013feira, 10\/11\",\"datePublished\":\"2025-11-09T14:00:00+00:00\",\"dateModified\":\"2025-11-08T18:17:36+00:00\",\"mainEntityOfPage\":{\"@id\":\"https:\/\/www.manaus.am.gov.br\/semtepi\/oportunidade\/vagas-sine-manaus-18\/\"},\"wordCount\":5536,\"publisher\":{\"@id\":\"https:\/\/www.manaus.am.gov.br\/semtepi\/#organization\"},\"image\":{\"@id\":\"https:\/\/www.manaus.am.gov.br\/semtepi\/oportunidade\/vagas-sine-manaus-18\/#primaryimage\"},\"thumbnailUrl\":\"https:\/\/www.manaus.am.gov.br\/semtepi\/wp-content\/uploads\/sites\/20\/2025\/11\/Vagas-sine-manaus-1.jpeg\",\"keywords\":[\"540 vagas de emprego em v\u00e1rias \u00e1reas de atua\u00e7\u00e3o\",\"prefeitura de manaus\",\"Semtepi\",\"vagas sine manaus\"],\"articleSection\":[\"Oportunidade\"],\"inLanguage\":\"pt-BR\"},{\"@type\":\"WebPage\",\"@id\":\"https:\/\/www.manaus.am.gov.br\/semtepi\/oportunidade\/vagas-sine-manaus-18\/\",\"url\":\"https:\/\/www.manaus.am.gov.br\/semtepi\/oportunidade\/vagas-sine-manaus-18\/\",\"name\":\"Sine Manaus oferta 540 vagas de emprego nesta segunda\u2013feira\",\"isPartOf\":{\"@id\":\"https:\/\/www.manaus.am.gov.br\/semtepi\/#website\"},\"primaryImageOfPage\":{\"@id\":\"https:\/\/www.manaus.am.gov.br\/semtepi\/oportunidade\/vagas-sine-manaus-18\/#primaryimage\"},\"image\":{\"@id\":\"https:\/\/www.manaus.am.gov.br\/semtepi\/oportunidade\/vagas-sine-manaus-18\/#primaryimage\"},\"thumbnailUrl\":\"https:\/\/www.manaus.am.gov.br\/semtepi\/wp-content\/uploads\/sites\/20\/2025\/11\/Vagas-sine-manaus-1.jpeg\",\"datePublished\":\"2025-11-09T14:00:00+00:00\",\"dateModified\":\"2025-11-08T18:17:36+00:00\",\"description\":\"A Prefeitura de Manaus, por meio do Sine Manaus, oferta 540 vagas de emprego em v\u00e1rias \u00e1reas de atua\u00e7\u00e3o, nesta segunda\u2013feira, de 8h \u00e0s 14h.\",\"breadcrumb\":{\"@id\":\"https:\/\/www.manaus.am.gov.br\/semtepi\/oportunidade\/vagas-sine-manaus-18\/#breadcrumb\"},\"inLanguage\":\"pt-BR\",\"potentialAction\":[{\"@type\":\"ReadAction\",\"target\":[\"https:\/\/www.manaus.am.gov.br\/semtepi\/oportunidade\/vagas-sine-manaus-18\/\"]}]},{\"@type\":\"ImageObject\",\"inLanguage\":\"pt-BR\",\"@id\":\"https:\/\/www.manaus.am.gov.br\/semtepi\/oportunidade\/vagas-sine-manaus-18\/#primaryimage\",\"url\":\"https:\/\/www.manaus.am.gov.br\/semtepi\/wp-content\/uploads\/sites\/20\/2025\/11\/Vagas-sine-manaus-1.jpeg\",\"contentUrl\":\"https:\/\/www.manaus.am.gov.br\/semtepi\/wp-content\/uploads\/sites\/20\/2025\/11\/Vagas-sine-manaus-1.jpeg\",\"width\":799,\"height\":533},{\"@type\":\"BreadcrumbList\",\"@id\":\"https:\/\/www.manaus.am.gov.br\/semtepi\/oportunidade\/vagas-sine-manaus-18\/#breadcrumb\",\"itemListElement\":[{\"@type\":\"ListItem\",\"position\":1,\"name\":\"Home\",\"item\":\"https:\/\/www.manaus.am.gov.br\/semtepi\/\"},{\"@type\":\"ListItem\",\"position\":2,\"name\":\"Sine Manaus oferta 540 vagas de emprego nesta segunda\u2013feira, 10\/11\"}]},{\"@type\":\"WebSite\",\"@id\":\"https:\/\/www.manaus.am.gov.br\/semtepi\/#website\",\"url\":\"https:\/\/www.manaus.am.gov.br\/semtepi\/\",\"name\":\"SEMTEPI\",\"description\":\"Prefeitura de Manaus\",\"publisher\":{\"@id\":\"https:\/\/www.manaus.am.gov.br\/semtepi\/#organization\"},\"alternateName\":\"Secretaria Municipal do Trabalho, Empreendedorismo e Inova\u00e7\u00e3o\",\"potentialAction\":[{\"@type\":\"SearchAction\",\"target\":{\"@type\":\"EntryPoint\",\"urlTemplate\":\"https:\/\/www.manaus.am.gov.br\/semtepi\/?s={search_term_string}\"},\"query-input\":\"required name=search_term_string\"}],\"inLanguage\":\"pt-BR\"},{\"@type\":\"Organization\",\"@id\":\"https:\/\/www.manaus.am.gov.br\/semtepi\/#organization\",\"name\":\"Prefeitura Municipal de Manaus\",\"alternateName\":\"Prefeitura de Manaus\",\"url\":\"https:\/\/www.manaus.am.gov.br\/semtepi\/\",\"logo\":{\"@type\":\"ImageObject\",\"inLanguage\":\"pt-BR\",\"@id\":\"https:\/\/www.manaus.am.gov.br\/semtepi\/#\/schema\/logo\/image\/\",\"url\":\"https:\/\/www.manaus.am.gov.br\/semtepi\/wp-content\/uploads\/sites\/20\/2024\/07\/favicon.png\",\"contentUrl\":\"https:\/\/www.manaus.am.gov.br\/semtepi\/wp-content\/uploads\/sites\/20\/2024\/07\/favicon.png\",\"width\":300,\"height\":300,\"caption\":\"Prefeitura Municipal de Manaus\"},\"image\":{\"@id\":\"https:\/\/www.manaus.am.gov.br\/semtepi\/#\/schema\/logo\/image\/\"}},{\"@type\":\"Person\",\"@id\":\"https:\/\/www.manaus.am.gov.br\/semtepi\/#\/schema\/person\/466a0e03ae4b6062809046bd560ac955\",\"name\":\"bvalente\",\"image\":{\"@type\":\"ImageObject\",\"inLanguage\":\"pt-BR\",\"@id\":\"https:\/\/www.manaus.am.gov.br\/semtepi\/#\/schema\/person\/image\/\",\"url\":\"https:\/\/secure.gravatar.com\/avatar\/3e69bc2b014bdad41adfec3a39de07d2?s=96&d=mm&r=g\",\"contentUrl\":\"https:\/\/secure.gravatar.com\/avatar\/3e69bc2b014bdad41adfec3a39de07d2?s=96&d=mm&r=g\",\"caption\":\"bvalente\"}}]}<\/script>\n<!-- \/ Yoast SEO plugin. -->","yoast_head_json":{"title":"Sine Manaus oferta 540 vagas de emprego nesta segunda\u2013feira","description":"A Prefeitura de Manaus, por meio do Sine Manaus, oferta 540 vagas de emprego em v\u00e1rias \u00e1reas de atua\u00e7\u00e3o, nesta segunda\u2013feira, de 8h \u00e0s 14h.","robots":{"index":"noindex","follow":"follow"},"og_locale":"pt_BR","og_type":"article","og_title":"Sine Manaus oferta 540 vagas de emprego nesta segunda\u2013feira","og_description":"A Prefeitura de Manaus, por meio do Sine Manaus, oferta 540 vagas de emprego em v\u00e1rias \u00e1reas de atua\u00e7\u00e3o, nesta segunda\u2013feira, de 8h \u00e0s 14h.","og_url":"https:\/\/www.manaus.am.gov.br\/semtepi\/oportunidade\/vagas-sine-manaus-18\/","og_site_name":"SEMTEPI","article_published_time":"2025-11-09T14:00:00+00:00","article_modified_time":"2025-11-08T18:17:36+00:00","og_image":[{"width":799,"height":533,"url":"https:\/\/www.manaus.am.gov.br\/semtepi\/wp-content\/uploads\/sites\/20\/2025\/11\/Vagas-sine-manaus-1.jpeg","type":"image\/jpeg"}],"author":"bvalente","twitter_card":"summary_large_image","twitter_misc":{"Written by":"bvalente","Est. reading time":"28 minutos"},"schema":{"@context":"https:\/\/schema.org","@graph":[{"@type":"Article","@id":"https:\/\/www.manaus.am.gov.br\/semtepi\/oportunidade\/vagas-sine-manaus-18\/#article","isPartOf":{"@id":"https:\/\/www.manaus.am.gov.br\/semtepi\/oportunidade\/vagas-sine-manaus-18\/"},"author":{"name":"bvalente","@id":"https:\/\/www.manaus.am.gov.br\/semtepi\/#\/schema\/person\/466a0e03ae4b6062809046bd560ac955"},"headline":"Sine Manaus oferta 540 vagas de emprego nesta segunda\u2013feira, 10\/11","datePublished":"2025-11-09T14:00:00+00:00","dateModified":"2025-11-08T18:17:36+00:00","mainEntityOfPage":{"@id":"https:\/\/www.manaus.am.gov.br\/semtepi\/oportunidade\/vagas-sine-manaus-18\/"},"wordCount":5536,"publisher":{"@id":"https:\/\/www.manaus.am.gov.br\/semtepi\/#organization"},"image":{"@id":"https:\/\/www.manaus.am.gov.br\/semtepi\/oportunidade\/vagas-sine-manaus-18\/#primaryimage"},"thumbnailUrl":"https:\/\/www.manaus.am.gov.br\/semtepi\/wp-content\/uploads\/sites\/20\/2025\/11\/Vagas-sine-manaus-1.jpeg","keywords":["540 vagas de emprego em v\u00e1rias \u00e1reas de atua\u00e7\u00e3o","prefeitura de manaus","Semtepi","vagas sine manaus"],"articleSection":["Oportunidade"],"inLanguage":"pt-BR"},{"@type":"WebPage","@id":"https:\/\/www.manaus.am.gov.br\/semtepi\/oportunidade\/vagas-sine-manaus-18\/","url":"https:\/\/www.manaus.am.gov.br\/semtepi\/oportunidade\/vagas-sine-manaus-18\/","name":"Sine Manaus oferta 540 vagas de emprego nesta segunda\u2013feira","isPartOf":{"@id":"https:\/\/www.manaus.am.gov.br\/semtepi\/#website"},"primaryImageOfPage":{"@id":"https:\/\/www.manaus.am.gov.br\/semtepi\/oportunidade\/vagas-sine-manaus-18\/#primaryimage"},"image":{"@id":"https:\/\/www.manaus.am.gov.br\/semtepi\/oportunidade\/vagas-sine-manaus-18\/#primaryimage"},"thumbnailUrl":"https:\/\/www.manaus.am.gov.br\/semtepi\/wp-content\/uploads\/sites\/20\/2025\/11\/Vagas-sine-manaus-1.jpeg","datePublished":"2025-11-09T14:00:00+00:00","dateModified":"2025-11-08T18:17:36+00:00","description":"A Prefeitura de Manaus, por meio do Sine Manaus, oferta 540 vagas de emprego em v\u00e1rias \u00e1reas de atua\u00e7\u00e3o, nesta segunda\u2013feira, de 8h \u00e0s 14h.","breadcrumb":{"@id":"https:\/\/www.manaus.am.gov.br\/semtepi\/oportunidade\/vagas-sine-manaus-18\/#breadcrumb"},"inLanguage":"pt-BR","potentialAction":[{"@type":"ReadAction","target":["https:\/\/www.manaus.am.gov.br\/semtepi\/oportunidade\/vagas-sine-manaus-18\/"]}]},{"@type":"ImageObject","inLanguage":"pt-BR","@id":"https:\/\/www.manaus.am.gov.br\/semtepi\/oportunidade\/vagas-sine-manaus-18\/#primaryimage","url":"https:\/\/www.manaus.am.gov.br\/semtepi\/wp-content\/uploads\/sites\/20\/2025\/11\/Vagas-sine-manaus-1.jpeg","contentUrl":"https:\/\/www.manaus.am.gov.br\/semtepi\/wp-content\/uploads\/sites\/20\/2025\/11\/Vagas-sine-manaus-1.jpeg","width":799,"height":533},{"@type":"BreadcrumbList","@id":"https:\/\/www.manaus.am.gov.br\/semtepi\/oportunidade\/vagas-sine-manaus-18\/#breadcrumb","itemListElement":[{"@type":"ListItem","position":1,"name":"Home","item":"https:\/\/www.manaus.am.gov.br\/semtepi\/"},{"@type":"ListItem","position":2,"name":"Sine Manaus oferta 540 vagas de emprego nesta segunda\u2013feira, 10\/11"}]},{"@type":"WebSite","@id":"https:\/\/www.manaus.am.gov.br\/semtepi\/#website","url":"https:\/\/www.manaus.am.gov.br\/semtepi\/","name":"SEMTEPI","description":"Prefeitura de Manaus","publisher":{"@id":"https:\/\/www.manaus.am.gov.br\/semtepi\/#organization"},"alternateName":"Secretaria Municipal do Trabalho, Empreendedorismo e Inova\u00e7\u00e3o","potentialAction":[{"@type":"SearchAction","target":{"@type":"EntryPoint","urlTemplate":"https:\/\/www.manaus.am.gov.br\/semtepi\/?s={search_term_string}"},"query-input":"required name=search_term_string"}],"inLanguage":"pt-BR"},{"@type":"Organization","@id":"https:\/\/www.manaus.am.gov.br\/semtepi\/#organization","name":"Prefeitura Municipal de Manaus","alternateName":"Prefeitura de Manaus","url":"https:\/\/www.manaus.am.gov.br\/semtepi\/","logo":{"@type":"ImageObject","inLanguage":"pt-BR","@id":"https:\/\/www.manaus.am.gov.br\/semtepi\/#\/schema\/logo\/image\/","url":"https:\/\/www.manaus.am.gov.br\/semtepi\/wp-content\/uploads\/sites\/20\/2024\/07\/favicon.png","contentUrl":"https:\/\/www.manaus.am.gov.br\/semtepi\/wp-content\/uploads\/sites\/20\/2024\/07\/favicon.png","width":300,"height":300,"caption":"Prefeitura Municipal de Manaus"},"image":{"@id":"https:\/\/www.manaus.am.gov.br\/semtepi\/#\/schema\/logo\/image\/"}},{"@type":"Person","@id":"https:\/\/www.manaus.am.gov.br\/semtepi\/#\/schema\/person\/466a0e03ae4b6062809046bd560ac955","name":"bvalente","image":{"@type":"ImageObject","inLanguage":"pt-BR","@id":"https:\/\/www.manaus.am.gov.br\/semtepi\/#\/schema\/person\/image\/","url":"https:\/\/secure.gravatar.com\/avatar\/3e69bc2b014bdad41adfec3a39de07d2?s=96&d=mm&r=g","contentUrl":"https:\/\/secure.gravatar.com\/avatar\/3e69bc2b014bdad41adfec3a39de07d2?s=96&d=mm&r=g","caption":"bvalente"}}]}},"_links":{"self":[{"href":"https:\/\/www.manaus.am.gov.br\/semtepi\/wp-json\/wp\/v2\/posts\/7220"}],"collection":[{"href":"https:\/\/www.manaus.am.gov.br\/semtepi\/wp-json\/wp\/v2\/posts"}],"about":[{"href":"https:\/\/www.manaus.am.gov.br\/semtepi\/wp-json\/wp\/v2\/types\/post"}],"author":[{"embeddable":true,"href":"https:\/\/www.manaus.am.gov.br\/semtepi\/wp-json\/wp\/v2\/users\/68"}],"replies":[{"embeddable":true,"href":"https:\/\/www.manaus.am.gov.br\/semtepi\/wp-json\/wp\/v2\/comments?post=7220"}],"version-history":[{"count":1,"href":"https:\/\/www.manaus.am.gov.br\/semtepi\/wp-json\/wp\/v2\/posts\/7220\/revisions"}],"predecessor-version":[{"id":7224,"href":"https:\/\/www.manaus.am.gov.br\/semtepi\/wp-json\/wp\/v2\/posts\/7220\/revisions\/7224"}],"wp:featuredmedia":[{"embeddable":true,"href":"https:\/\/www.manaus.am.gov.br\/semtepi\/wp-json\/wp\/v2\/media\/7221"}],"wp:attachment":[{"href":"https:\/\/www.manaus.am.gov.br\/semtepi\/wp-json\/wp\/v2\/media?parent=7220"}],"wp:term":[{"taxonomy":"category","embeddable":true,"href":"https:\/\/www.manaus.am.gov.br\/semtepi\/wp-json\/wp\/v2\/categories?post=7220"},{"taxonomy":"post_tag","embeddable":true,"href":"https:\/\/www.manaus.am.gov.br\/semtepi\/wp-json\/wp\/v2\/tags?post=7220"}],"curies":[{"name":"wp","href":"https:\/\/api.w.org\/{rel}","templated":true}]}}