{"id":7212,"date":"2025-11-04T13:34:47","date_gmt":"2025-11-04T17:34:47","guid":{"rendered":"https:\/\/www.manaus.am.gov.br\/semtepi\/sem-categoria\/prefeitura-sinemanaus-vagas-0511\/"},"modified":"2025-11-04T13:34:49","modified_gmt":"2025-11-04T17:34:49","slug":"prefeitura-sinemanaus-vagas-0511","status":"publish","type":"post","link":"https:\/\/www.manaus.am.gov.br\/semtepi\/oportunidade\/prefeitura-sinemanaus-vagas-0511\/","title":{"rendered":"Sine Manaus oferta 568 vagas de emprego nesta quarta\u2013feira, 5\/11"},"content":{"rendered":"\n<p><a><\/a>A Prefeitura de Manaus, por meio do Sine Manaus, oferta 568 vagas de emprego em v\u00e1rias \u00e1reas de atua\u00e7\u00e3o, nesta quarta\u2013feira, 5\/11,&nbsp;das 8h \u00e0s 14h. O candidato pode validar a Carteira Digital e Previd\u00eancia Social (CTPS) no aplicativo \u201cCarteira de Trabalho Digital\u201d ou acessar o site&nbsp;<a href=\"http:\/\/gov.br\/trabalho\">http:\/\/gov.br\/trabalho<\/a>.<\/p>\n\n\n\n<p>Para participar da pr\u00e9\u2013sele\u00e7\u00e3o e concorrer a uma das vagas dispon\u00edveis, ou receber orienta\u00e7\u00e3o de cadastro, Carteira de Trabalho Digital e seguro\u2013desemprego, os candidatos devem comparecer a um dos postos do Sine Manaus: na avenida Constantino Nery, n\u00ba 1.272, bairro S\u00e3o Geraldo, zona Centro\u2013Sul; ou no shopping Phelippe Daou, na avenida Camapu\u00e3, n\u00ba 2.939, bairro Cidade de Deus, zona Norte.<\/p>\n\n\n\n<p>Os interessados devem estar munidos do comprovante de vacina\u00e7\u00e3o (Covid\u201319), curr\u00edculo, certificados de cursos e documentos pessoais (RG, CPF, PIS, CTPS, comprovante de escolaridade e resid\u00eancia). N\u00e3o \u00e9 necess\u00e1rio apresentar c\u00f3pias, somente os documentos originais.<\/p>\n\n\n\n<p>\u00c9 importante que os candidatos mantenham seus cadastros atualizados, especialmente ao finalizarem novas qualifica\u00e7\u00f5es. Para vagas espec\u00edficas, podem ser solicitados documentos adicionais, como cursos ou certifica\u00e7\u00f5es, por isso, \u00e9 essencial estar atento aos &#8220;Requisitos Obrigat\u00f3rios&#8221; de cada vaga.<\/p>\n\n\n\n<p>A Semtepi ressalta que, obedecendo ao disposto no artigo 5\u00ba, da Constitui\u00e7\u00e3o Federal, e ao artigo 373\u2013A, da Consolida\u00e7\u00e3o das Leis Trabalhistas (CLT), crit\u00e9rios referentes a sexo, idade, cor ou situa\u00e7\u00e3o familiar, n\u00e3o podem ser informados na divulga\u00e7\u00e3o das vagas disponibilizadas.<\/p>\n\n\n\n<p>Os candidatos devem estar cientes das diretrizes de vestimenta estabelecidas pelo \u00f3rg\u00e3o, as quais incluem a proibi\u00e7\u00e3o de vestimentas como bermudas, shorts, minissaias, camisetas regatas e chinelos durante a entrada.<\/p>\n\n\n\n<p><strong>VAGAS NOVAS \u2013 113<\/strong><\/p>\n\n\n\n<p><strong>15 vagas \u2013 Auxiliar de Cozinha<\/strong><\/p>\n\n\n\n<p>Escolaridade \u2013 ensino fundamental completo;<\/p>\n\n\n\n<p>Experi\u00eancia \u2013 n\u00e3o \u00e9 necess\u00e1rio;<\/p>\n\n\n\n<p>Requisitos Obrigat\u00f3rios \u2013 a vaga \u00e9 destinada para candidatos que est\u00e3o em busca de novos desafios; o candidato vai precisar morar em: Arauc\u00e1ria ou Curitiba \u2013 PR e TER documenta\u00e7\u00e3o completa;<\/p>\n\n\n\n<p>Atividades \u2013 auxiliar em todos os processos produtivos: pr\u00e9\u2013preparo, armazenagem, distribui\u00e7\u00e3o, servimento, higieniza\u00e7\u00e3o e organiza\u00e7\u00e3o do ambiente de trabalho.<\/p>\n\n\n\n<p>Dispon\u00edvel at\u00e9 5\/11\/2025 ou encerramento da vaga.<\/p>\n\n\n\n<p><strong>5 vagas \u2013 Cozinheiro Industrial<\/strong><\/p>\n\n\n\n<p>Escolaridade \u2013 ensino fundamental completo;<\/p>\n\n\n\n<p>Experi\u00eancia \u2013 seis meses na Carteira de Trabalho ou avulsa;<\/p>\n\n\n\n<p>Requisitos Obrigat\u00f3rios \u2013 a vaga \u00e9 destinada para candidatos que est\u00e3o em busca de novos desafios; o candidato vai precisar morar em: Arauc\u00e1ria ou Curitiba \u2013 PR, ter experi\u00eancia em produ\u00e7\u00e3o de grande volume e TER documenta\u00e7\u00e3o completa;<\/p>\n\n\n\n<p>Atividades \u2013 responder pelo comando da equipe e prepara\u00e7\u00e3o do card\u00e1pio di\u00e1rio, realizando o planejamento da produ\u00e7\u00e3o, monitorando as tarefas e executando a coc\u00e7\u00e3o dos alimentos de acordo com o receitu\u00e1rio e procedimentos da empresa.<\/p>\n\n\n\n<p>Dispon\u00edvel at\u00e9 5\/11\/2025 ou encerramento da vaga.<\/p>\n\n\n\n<p><strong>2 vagas \u2013 Nutricionista Supervisor<\/strong><\/p>\n\n\n\n<p>Escolaridade \u2013 ensino superior completo em Nutri\u00e7\u00e3o;<\/p>\n\n\n\n<p>Experi\u00eancia \u2013 seis meses na Carteira de Trabalho;<\/p>\n\n\n\n<p>Requisitos Obrigat\u00f3rios \u2013 a vaga \u00e9 destinada para candidatos que est\u00e3o em busca de novos desafios; o candidato vai precisar morar em: Arauc\u00e1ria ou Curitiba \u2013 PR, ter experi\u00eancia em produ\u00e7\u00e3o de grande volume, CRN ativo e TER documenta\u00e7\u00e3o completa;<\/p>\n\n\n\n<p>Atividades \u2013 supervisionar, orientar, controlar, acompanhar as tarefas, comandar as equipes de trabalho e atender ao cliente.<\/p>\n\n\n\n<p>Dispon\u00edvel at\u00e9 5\/11\/2025 ou encerramento da vaga.<\/p>\n\n\n\n<p><strong>1 vaga \u2013 Atendente de Balc\u00e3o<\/strong><\/p>\n\n\n\n<p>Escolaridade \u2013 ensino m\u00e9dio completo;<\/p>\n\n\n\n<p>Experi\u00eancia \u2013 seis meses na Carteira de Trabalho;<\/p>\n\n\n\n<p>Requisitos Obrigat\u00f3rios \u2013 ter experi\u00eancia em atendimento ou delivery, facilidade com tecnologia e TER documenta\u00e7\u00e3o completa (com dispensa militar);<\/p>\n\n\n\n<p>Atividades \u2013 atender pedidos via iFood, WhatsApp e telefone, registrar corretamente os pedidos no sistema Saipos, acompanhar o andamento dos pedidos com a cozinha, conferir, embalar e organizar a sa\u00edda dos pedidos.<\/p>\n\n\n\n<p>Dispon\u00edvel at\u00e9 5\/11\/2025 ou encerramento da vaga.<\/p>\n\n\n\n<p><strong>2 vagas \u2013 Cuidador de Idosos<\/strong><\/p>\n\n\n\n<p>Escolaridade \u2013 ensino m\u00e9dio completo;<\/p>\n\n\n\n<p>Experi\u00eancia \u2013 seis meses na Carteira de Trabalho ou avulsa;<\/p>\n\n\n\n<p>Requisitos Obrigat\u00f3rios \u2013 ter curso de Cuidador de Idosos e TER documenta\u00e7\u00e3o completa;<\/p>\n\n\n\n<p>Atividades \u2013 fornecer assist\u00eancia f\u00edsica e emocional a pessoas mais velhas, ajudando em rotinas di\u00e1rias como higiene, alimenta\u00e7\u00e3o, mobilidade e administra\u00e7\u00e3o de medicamentos, al\u00e9m de garantir seguran\u00e7a, bem\u2013estar e lazer.<\/p>\n\n\n\n<p>Dispon\u00edvel at\u00e9 5\/11\/2025 ou encerramento da vaga.<\/p>\n\n\n\n<p><strong>2 vagas \u2013 Maqueiro<\/strong><\/p>\n\n\n\n<p>Escolaridade \u2013 ensino m\u00e9dio completo;<\/p>\n\n\n\n<p>Experi\u00eancia \u2013 seis meses na Carteira de Trabalho ou avulsa;<\/p>\n\n\n\n<p>Requisitos Obrigat\u00f3rios \u2013 ter curso de Maqueiro e TER documenta\u00e7\u00e3o completa;<\/p>\n\n\n\n<p>Atividades \u2013 respons\u00e1vel pelo transporte de pacientes, equipamentos e materiais dentro de hospitais e outros estabelecimentos de sa\u00fade.<\/p>\n\n\n\n<p>Dispon\u00edvel at\u00e9 5\/11\/2025 ou encerramento da vaga.<\/p>\n\n\n\n<p><strong>5 vagas \u2013 Auxiliar de Log\u00edstica<\/strong><\/p>\n\n\n\n<p>Escolaridade \u2013 ensino fundamental completo;<\/p>\n\n\n\n<p>Experi\u00eancia \u2013 tr\u00eas meses na Carteira de Trabalho;<\/p>\n\n\n\n<p>Requisitos Obrigat\u00f3rios \u2013 ter conhecimento em redes de dados e telefonia, disponibilidade para trabalhar em altura e espa\u00e7os confinados, disponibilidade para viagens e plant\u00f5es, dom\u00ednio de ferramentas e instrumentos de medi\u00e7\u00e3o, e TER documenta\u00e7\u00e3o completa (com dispensa militar);<\/p>\n\n\n\n<p>Atividades \u2013 instalar e configurar sistemas de telecomunica\u00e7\u00f5es; testar e monitorar sinais de transmiss\u00e3o; interpretar esquemas t\u00e9cnicos e diagramas de rede; documentar atividades e relat\u00f3rios t\u00e9cnicos.<\/p>\n\n\n\n<p>Dispon\u00edvel at\u00e9 5\/11\/2025 ou encerramento da vaga.<\/p>\n\n\n\n<p><strong>10 vagas \u2013 T\u00e9cnico de Telefonia<\/strong><\/p>\n\n\n\n<p>Escolaridade \u2013 ensino m\u00e9dio completo;<\/p>\n\n\n\n<p>Experi\u00eancia \u2013 n\u00e3o \u00e9 necess\u00e1rio;<\/p>\n\n\n\n<p>Requisitos Obrigat\u00f3rios \u2013 ter Carteira Nacional de Habilita\u00e7\u00e3o categoria \u201cB\u201d e TER documenta\u00e7\u00e3o completa (com dispensa militar);<\/p>\n\n\n\n<p>Atividades \u2013 verificar equipamentos de telecomunica\u00e7\u00f5es; fazer teste de rotina; identificar e corrigir falhas no sistema de telecomunica\u00e7\u00f5es; instala\u00e7\u00e3o de internet fibra \u00f3ptica; configura\u00e7\u00e3o de roteadores e antenas da empresa de telefonia<\/p>\n\n\n\n<p>Dispon\u00edvel at\u00e9 5\/11\/2025 ou encerramento da vaga.<\/p>\n\n\n\n<p><strong>15 vagas \u2013 Ajudante de Carga e Descarga<\/strong><\/p>\n\n\n\n<p>Escolaridade \u2013 ensino fundamental completo;<\/p>\n\n\n\n<p>Experi\u00eancia \u2013 n\u00e3o \u00e9 necess\u00e1rio;<\/p>\n\n\n\n<p>Requisitos Obrigat\u00f3rios \u2013 residir nos bairros Grande Vit\u00f3ria, Gilberto Mestrinho, Jorge Teixeira, Santa In\u00eas ou proximidades e TER documenta\u00e7\u00e3o completa (com dispensa militar);<\/p>\n\n\n\n<p>Atividades \u2013 carregar e descarregar produtos em ve\u00edculos de transporte, como caminh\u00f5es, bem como organizar a \u00e1rea de trabalho e manter a ordem no armaz\u00e9m ou dep\u00f3sito.<\/p>\n\n\n\n<p>Dispon\u00edvel at\u00e9 5\/11\/2025 ou encerramento da vaga.<\/p>\n\n\n\n<p><strong>2 vagas \u2013 Servente de Obras<\/strong><\/p>\n\n\n\n<p>Escolaridade \u2013 ensino fundamental completo;<\/p>\n\n\n\n<p>Experi\u00eancia \u2013 seis meses na Carteira de Trabalho;<\/p>\n\n\n\n<p>Requisitos Obrigat\u00f3rios \u2013 TER documenta\u00e7\u00e3o completa (com dispensa militar);<\/p>\n\n\n\n<p>Atividades \u2013 auxiliar o pedreiro em suas atividades, executando escava\u00e7\u00f5es, demoli\u00e7\u00f5es e transporte de materiais diversos.<\/p>\n\n\n\n<p>Dispon\u00edvel at\u00e9 5\/11\/2025 ou encerramento da vaga.<\/p>\n\n\n\n<p><strong>3 vagas \u2013 Auxiliar de Almoxarife<\/strong><\/p>\n\n\n\n<p>Escolaridade \u2013 ensino m\u00e9dio completo;<\/p>\n\n\n\n<p>Experi\u00eancia \u2013 tr\u00eas meses na Carteira de Trabalho;<\/p>\n\n\n\n<p>Requisitos Obrigat\u00f3rios \u2013 TER documenta\u00e7\u00e3o completa;<\/p>\n\n\n\n<p>Atividades \u2013 receber, conferir e organizar materiais e produtos no almoxarifado, controlar entradas e sa\u00eddas de mercadorias, garantindo a precis\u00e3o do estoque.<\/p>\n\n\n\n<p>Dispon\u00edvel at\u00e9 5\/11\/2025 ou encerramento da vaga.<\/p>\n\n\n\n<p><strong>50 vagas \u2013 Atendente de Perec\u00edveis<\/strong><\/p>\n\n\n\n<p>Escolaridade \u2013 ensino m\u00e9dio completo;<\/p>\n\n\n\n<p>Experi\u00eancia \u2013 n\u00e3o \u00e9 necess\u00e1rio;<\/p>\n\n\n\n<p>Requisitos Obrigat\u00f3rios \u2013 TER documenta\u00e7\u00e3o completa (com dispensa militar);<\/p>\n\n\n\n<p>Atividades \u2013 realizar o atendimento dos clientes, cortes e fatiamento dos produtos do setor, entre demais atividades pertinentes \u00e0 fun\u00e7\u00e3o.<\/p>\n\n\n\n<p>Dispon\u00edvel at\u00e9 5\/11\/2025 ou encerramento da vaga.<\/p>\n\n\n\n<p><strong>1 vaga \u2013 Servente de Obras<\/strong><\/p>\n\n\n\n<p>Escolaridade \u2013 ensino fundamental completo;<\/p>\n\n\n\n<p>Experi\u00eancia \u2013 seis meses na Carteira de Trabalho ou avulsa;<\/p>\n\n\n\n<p>Requisitos Obrigat\u00f3rios \u2013 TER documenta\u00e7\u00e3o completa (com dispensa militar);<\/p>\n\n\n\n<p>Atividades \u2013 auxiliar pedreiros, carpinteiros, armadores e outros profissionais da constru\u00e7\u00e3o civil no preparo de materiais, limpeza e organiza\u00e7\u00e3o do canteiro de obras.<\/p>\n\n\n\n<p>Dispon\u00edvel at\u00e9 5\/11\/2025 ou encerramento da vaga.<\/p>\n\n\n\n<p><strong>VAGAS NO COM\u00c9RCIO \u2013 35<\/strong><\/p>\n\n\n\n<p><strong>1 vaga \u2013&nbsp; Vendedor<\/strong><\/p>\n\n\n\n<p>Escolaridade \u2013 ensino m\u00e9dio completo;<\/p>\n\n\n\n<p>Experi\u00eancia \u2013 seis meses na Carteira de Trabalho;<\/p>\n\n\n\n<p>Requisitos Obrigat\u00f3rios \u2013 ter experi\u00eancia com redes sociais e TER documenta\u00e7\u00e3o completo;<\/p>\n\n\n\n<p>Atividades \u2013 atender clientes na loja, apresentando produtos e tirando d\u00favidas; demonstrar e explicar caracter\u00edsticas, vantagens e benef\u00edcios dos produtos; negociar pre\u00e7os, prazos e formas de pagamento; registrar vendas e emitir pedidos; acompanhar p\u00f3s\u2013venda, garantindo a satisfa\u00e7\u00e3o do cliente; manter o ambiente de vendas organizado, com produtos expostos e precificados; cumprir metas de vendas e contribuir para os resultados da loja.<\/p>\n\n\n\n<p>Dispon\u00edvel at\u00e9 5\/11\/2025 ou encerramento da vaga.<\/p>\n\n\n\n<p><strong>1 vaga \u2013 Gerente de Estoque<\/strong><\/p>\n\n\n\n<p>Escolaridade \u2013 ensino superior completo em Log\u00edstica, Administra\u00e7\u00e3o e Engenharia de Produ\u00e7\u00e3o;<\/p>\n\n\n\n<p>Experi\u00eancia \u2013 registrada na Carteira de Trabalho;<\/p>\n\n\n\n<p>Requisitos Obrigat\u00f3rios \u2013 ter curso de Inform\u00e1tica b\u00e1sica, Excel e TER documenta\u00e7\u00e3o completa;<\/p>\n\n\n\n<p>Atividades \u2013 gerenciar e garantir o pleno funcionamento das opera\u00e7\u00f5es do centro de distribui\u00e7\u00e3o, assegurando a efici\u00eancia no recebimento, armazenamento, controle de estoque, separa\u00e7\u00e3o e expedi\u00e7\u00e3o de produtos; garantir o cumprimento dos prazos de entrega, otimiza\u00e7\u00e3o de processos log\u00edsticos, controle de custos operacionais e manuten\u00e7\u00e3o da acuracidade do estoque.<\/p>\n\n\n\n<p>Dispon\u00edvel at\u00e9 5\/11\/2025 ou encerramento da vaga.<\/p>\n\n\n\n<p><strong>1 vaga \u2013 Assistente Administrativo Pleno<\/strong><\/p>\n\n\n\n<p>Escolaridade \u2013 ensino superior completo em Administra\u00e7\u00e3o, Contabilidade e Gest\u00e3o Empresarial;<\/p>\n\n\n\n<p>Experi\u00eancia \u2013 registrada na Carteira de Trabalho;<\/p>\n\n\n\n<p>Requisitos Obrigat\u00f3rios \u2013 ter curso de Inform\u00e1tica b\u00e1sica, Excel e TER documenta\u00e7\u00e3o completa;<\/p>\n\n\n\n<p>Atividades \u2013 garantir a efici\u00eancia e a integridade dos processos administrativos e operacionais da empresa, assegurando o fluxo correto de informa\u00e7\u00f5es, documentos e controles internos; atuar de forma proativa na organiza\u00e7\u00e3o de dados, apoio \u00e0 gest\u00e3o financeira, controle de estoques, faturamento e suporte \u00e0s \u00e1reas de vendas, log\u00edstica e diretoria.<\/p>\n\n\n\n<p>Dispon\u00edvel at\u00e9 5\/11\/2025 ou encerramento da vaga.<\/p>\n\n\n\n<p><strong>1 vaga \u2013 Motorista de Caminh\u00e3o<\/strong><\/p>\n\n\n\n<p>Escolaridade \u2013 ensino m\u00e9dio completo;<\/p>\n\n\n\n<p>Experi\u00eancia \u2013 registrada na Carteira de Trabalho;<\/p>\n\n\n\n<p>Requisitos Obrigat\u00f3rios \u2013 ter Carteira Nacional de Habilita\u00e7\u00e3o categoria \u201cD\u201d, disponibilidade de hor\u00e1rio e TER documenta\u00e7\u00e3o completa (com dispensa militar);<\/p>\n\n\n\n<p>Atividades \u2013 executar com seguran\u00e7a, pontualidade e responsabilidade o transporte, entrega e coleta de produtos, zelando pela integridade da carga, do ve\u00edculo e da imagem da empresa perante clientes e parceiros.<\/p>\n\n\n\n<p>Dispon\u00edvel at\u00e9 5\/11\/2025 ou encerramento da vaga.<\/p>\n\n\n\n<p><strong>2 vagas \u2013 Repositor de Mercadorias<\/strong><\/p>\n\n\n\n<p>Escolaridade \u2013 ensino m\u00e9dio completo;<\/p>\n\n\n\n<p>Experi\u00eancia \u2013 seis meses na Carteira de Trabalho;<\/p>\n\n\n\n<p>Requisitos Obrigat\u00f3rios \u2013 TER documenta\u00e7\u00e3o completa (com dispensa militar);<\/p>\n\n\n\n<p>Atividades \u2013 repor mercadorias, embalar e expor cortes de carne, manter a organiza\u00e7\u00e3o e higiene do local, verificar a validade dos produtos e ajudar no atendimento ao cliente.<\/p>\n\n\n\n<p>Dispon\u00edvel at\u00e9 5\/11\/2025 ou encerramento da vaga.<\/p>\n\n\n\n<p><strong>15 vagas \u2013 Auxiliar de Dep\u00f3sito<\/strong><\/p>\n\n\n\n<p>Escolaridade \u2013 ensino m\u00e9dio completo;<\/p>\n\n\n\n<p>Experi\u00eancia \u2013 registrada na Carteira de Trabalho;<\/p>\n\n\n\n<p>Requisitos Obrigat\u00f3rios \u2013 TER documenta\u00e7\u00e3o completa (com dispensa militar);<\/p>\n\n\n\n<p>Atividades \u2013 auxiliar separa\u00e7\u00e3o de mercadorias; auxiliar atendimento ao p\u00fablico; auxiliar no controle de estoque; auxiliar ajudante de carga e descarga; auxiliar movimenta\u00e7\u00e3o e armazenagem de materiais; auxiliar na confer\u00eancia de encomendas; auxiliar na expedi\u00e7\u00e3o de materiais; auxiliar no recebimento de materiais; auxiliar na entrega de produtos nos endere\u00e7os de clientes; auxiliar o motorista do caminh\u00e3o na entrega de produtos nos clientes.<\/p>\n\n\n\n<p>Dispon\u00edvel at\u00e9 5\/11\/2025 ou encerramento da vaga.<\/p>\n\n\n\n<p><strong>2 vagas \u2013 Auxiliar de Cozinha<\/strong><\/p>\n\n\n\n<p>Escolaridade \u2013 ensino fundamental completo;<\/p>\n\n\n\n<p>Experi\u00eancia \u2013 seis meses na Carteira de Trabalho;<\/p>\n\n\n\n<p>Requisitos Obrigat\u00f3rios \u2013 TER documenta\u00e7\u00e3o completa (com dispensa militar);<\/p>\n\n\n\n<p>Atividades \u2013 recepcionar os clientes de forma cordial e atenciosa; realizar o atendimento e auxiliar na escolha do card\u00e1pio; registrar os pedidos; auxiliar na montagem e organiza\u00e7\u00e3o das mesas; realizar a manuten\u00e7\u00e3o, organiza\u00e7\u00e3o e limpeza do ambiente.<\/p>\n\n\n\n<p>Dispon\u00edvel at\u00e9 5\/11\/2025 ou encerramento da vaga.<\/p>\n\n\n\n<p><strong>3 vagas \u2013 Peixeiro<\/strong><\/p>\n\n\n\n<p>Escolaridade \u2013 ensino m\u00e9dio completo;<\/p>\n\n\n\n<p>Experi\u00eancia \u2013 registrada na Carteira de Trabalho;<\/p>\n\n\n\n<p>Requisitos Obrigat\u00f3rios \u2013 TER documenta\u00e7\u00e3o completa;<\/p>\n\n\n\n<p>Atividades \u2013 selecionar, preparar e vender peixes, crust\u00e1ceos e mariscos, garantindo a qualidade e conserva\u00e7\u00e3o dos produtos; manipular os alimentos, como limpar, eviscerar e filetar, expor a mercadoria para venda, atender clientes e manter o local de trabalho limpo e higienizado.<\/p>\n\n\n\n<p>Dispon\u00edvel at\u00e9 5\/11\/2025 ou encerramento da vaga.<\/p>\n\n\n\n<p><strong>3 vagas \u2013 A\u00e7ougueiro<\/strong><\/p>\n\n\n\n<p>Escolaridade \u2013 ensino m\u00e9dio completo;<\/p>\n\n\n\n<p>Experi\u00eancia \u2013 registrada na Carteira de Trabalho;<\/p>\n\n\n\n<p>Requisitos Obrigat\u00f3rios \u2013 TER documenta\u00e7\u00e3o completa;<\/p>\n\n\n\n<p>Atividades \u2013 desossar, cortar, preparar e conservar carnes, al\u00e9m de manter o ambiente de trabalho limpo e organizado; porcionar pe\u00e7as, embalar e etiquetar produtos, garantir a qualidade e a seguran\u00e7a alimentar e atender os clientes.<\/p>\n\n\n\n<p>Dispon\u00edvel at\u00e9 5\/11\/2025 ou encerramento da vaga.<\/p>\n\n\n\n<p><strong>2 vagas \u2013 Operador de Caixa<\/strong><\/p>\n\n\n\n<p>Escolaridade \u2013 ensino m\u00e9dio completo;<\/p>\n\n\n\n<p>Experi\u00eancia \u2013 n\u00e3o \u00e9 necess\u00e1rio;<\/p>\n\n\n\n<p>Requisitos Obrigat\u00f3rios \u2013 residir no Tarum\u00e3 ou proximidades e TER documenta\u00e7\u00e3o completa;<\/p>\n\n\n\n<p>Atividades \u2013 fazer a abertura e o fechamento de caixa, processar e receber o pagamento e emitir notas fiscais, entre outras atividades correlatas \u00e0 fun\u00e7\u00e3o.<\/p>\n\n\n\n<p>Dispon\u00edvel at\u00e9 5\/11\/2025 ou encerramento da vaga.<\/p>\n\n\n\n<p><strong>2 vagas \u2013 Conferente L\u00edder de Carga e Descarga<\/strong><\/p>\n\n\n\n<p>Escolaridade \u2013 ensino m\u00e9dio completo;<\/p>\n\n\n\n<p>Experi\u00eancia \u2013 seis meses na Carteira de Trabalho;<\/p>\n\n\n\n<p>Requisitos Obrigat\u00f3rios \u2013 TER documenta\u00e7\u00e3o completa (com dispensa militar);<\/p>\n\n\n\n<p>Atividades \u2013 coordenar e supervisionar a equipe, lideran\u00e7a da equipe de confer\u00eancia, supervis\u00e3o do recebimento e expedi\u00e7\u00e3o de cargas, organiza\u00e7\u00e3o do estoque, garantia da conformidade de pedidos com notas fiscais, resolu\u00e7\u00e3o de diverg\u00eancias, organiza\u00e7\u00e3o do setor e resolu\u00e7\u00e3o de problemas.<\/p>\n\n\n\n<p>Dispon\u00edvel at\u00e9 5\/11\/2025 ou encerramento da vaga.<\/p>\n\n\n\n<p><strong>2 vagas \u2013 Estoquista<\/strong><\/p>\n\n\n\n<p>Escolaridade \u2013 ensino m\u00e9dio completo;<\/p>\n\n\n\n<p>Experi\u00eancia \u2013 seis meses na Carteira de Trabalho;<\/p>\n\n\n\n<p>Requisitos Obrigat\u00f3rios \u2013 TER documenta\u00e7\u00e3o completa (com dispensa militar);<\/p>\n\n\n\n<p>Atividades \u2013 recebimento, confer\u00eancia, armazenamento, controle de qualidade, organiza\u00e7\u00e3o e limpeza, separa\u00e7\u00e3o e triagem de produto, comunica\u00e7\u00e3o fluente.<\/p>\n\n\n\n<p>Dispon\u00edvel at\u00e9 5\/11\/2025 ou encerramento da vaga.<\/p>\n\n\n\n<p><strong>VAGAS NA IND\u00daSTRIA \u2013 175<\/strong><\/p>\n\n\n\n<p><strong>50 vagas \u2013 Auxiliar de Linha de Produ\u00e7\u00e3o<\/strong><\/p>\n\n\n\n<p>Escolaridade \u2013 ensino fundamental incompleto;<\/p>\n\n\n\n<p>Experi\u00eancia \u2013 n\u00e3o \u00e9 necess\u00e1rio;<\/p>\n\n\n\n<p>Requisitos Obrigat\u00f3rios \u2013 a vaga \u00e9 destinada para candidatos que est\u00e3o em busca de novos desafios; o candidato vai precisar morar em: V\u00e1rzea Grande \u2013 MT e ter documenta\u00e7\u00e3o completa (com dispensa militar);<\/p>\n\n\n\n<p>Atividades \u2013 executar atividades operacionais em setores de apoio ou produ\u00e7\u00e3o de frios, visando garantir a manuten\u00e7\u00e3o, organiza\u00e7\u00e3o, limpeza ou opera\u00e7\u00e3o de atividades na unidade.<\/p>\n\n\n\n<p>Dispon\u00edvel at\u00e9 28\/10\/2025 ou encerramento da vaga<\/p>\n\n\n\n<p><strong>25 vagas \u2013 Alimentador de Liha de Produ\u00e7\u00e3o<\/strong><\/p>\n\n\n\n<p>Escolaridade \u2013 ensino fundamental incompleto;<\/p>\n\n\n\n<p>Experi\u00eancia \u2013 n\u00e3o \u00e9 necess\u00e1rio;<\/p>\n\n\n\n<p>Requisitos Obrigat\u00f3rios \u2013 a vaga \u00e9 destinada para candidatos que est\u00e3o em busca de novos desafios; o candidato vai precisar morar em: Promiss\u00e3o\u2013SP e documenta\u00e7\u00e3o completa (com dispensa militar);<\/p>\n\n\n\n<p>Atividades \u2013 auxiliar a ind\u00fastria de abate bovino.<\/p>\n\n\n\n<p>Dispon\u00edvel at\u00e9 28\/10\/2025 ou encerramento da vaga<\/p>\n\n\n\n<p><strong>100 vagas \u2013 Operador de Produ\u00e7\u00e3o II<\/strong><\/p>\n\n\n\n<p>Escolaridade \u2013 ensino fundamental incompleto;<\/p>\n\n\n\n<p>Experi\u00eancia \u2013 n\u00e3o \u00e9 necess\u00e1rio;<\/p>\n\n\n\n<p>Requisitos Obrigat\u00f3rios \u2013 a vaga \u00e9 destinada para candidatos que est\u00e3o em busca de novos desafios; o candidato vai precisar morar em: Conc\u00f3rdia \u2013 SC e documenta\u00e7\u00e3o completa; Atividades \u2013 trabalhar com processamento de carne de frango, em setores diversos, com utiliza\u00e7\u00e3o de facas, ambiente climatizado; corte, coleta, pesagem e embalagem de alimentos; desossar, embalar, pesar, processar alimentos, derivados de carne de frango e su\u00ednos.<\/p>\n\n\n\n<p>Dispon\u00edvel at\u00e9 28\/10\/2025 ou encerramento da vaga<\/p>\n\n\n\n<p><strong>VAGAS EM SERVI\u00c7O \u2013 235<\/strong><\/p>\n\n\n\n<p><strong>25 vagas \u2013 Atendente<\/strong><\/p>\n\n\n\n<p>Escolaridade \u2013 ensino fundamental completo;<\/p>\n\n\n\n<p>Experi\u00eancia \u2013 n\u00e3o \u00e9 necess\u00e1rio;<\/p>\n\n\n\n<p>Requisitos Obrigat\u00f3rios \u2013 a vaga \u00e9 destinada para candidatos que est\u00e3o em busca de novos desafios; o candidato vai precisar morar em: MG\/ RJ\/ ES\/ PA, ter disponibilidade para trabalhar em escala 6&#215;1 e TER documenta\u00e7\u00e3o completa;<\/p>\n\n\n\n<p>Atividades \u2013 recepcionar os clientes de forma cordial e atenciosa; realizar o atendimento e auxiliar na escolha do card\u00e1pio; registrar os pedidos e encaminh\u00e1\u2013los \u00e0 cozinha; auxiliar na montagem e organiza\u00e7\u00e3o das mesas; realizar a manuten\u00e7\u00e3o, organiza\u00e7\u00e3o e limpeza do ambiente.<\/p>\n\n\n\n<p>Dispon\u00edvel at\u00e9 5\/11\/2025 ou encerramento da vaga.<\/p>\n\n\n\n<p><strong>25 vagas \u2013 Auxiliar de Cozinha<\/strong><\/p>\n\n\n\n<p>Escolaridade \u2013 ensino fundamental completo;<\/p>\n\n\n\n<p>Experi\u00eancia \u2013 n\u00e3o \u00e9 necess\u00e1rio;<\/p>\n\n\n\n<p>Requisitos Obrigat\u00f3rios \u2013 a vaga \u00e9 destinada para candidatos que est\u00e3o em busca de novos desafios; o candidato vai precisar morar em: MG\/ RJ\/ ES\/ PA, ter disponibilidade para trabalhar em escala 6&#215;1 e TER documenta\u00e7\u00e3o completa;<\/p>\n\n\n\n<p>Atividades \u2013 prepara\u00e7\u00e3o e organiza\u00e7\u00e3o de alimentos, a higieniza\u00e7\u00e3o do ambiente e dos utens\u00edlios, e o apoio direto aos cozinheiros.<\/p>\n\n\n\n<p>Dispon\u00edvel at\u00e9 5\/11\/2025 ou encerramento da vaga.<\/p>\n\n\n\n<p><strong>2 vagas \u2013 Auxiliar de Servi\u00e7os Gerais<\/strong><\/p>\n\n\n\n<p>Escolaridade \u2013 ensino m\u00e9dio completo;<\/p>\n\n\n\n<p>Experi\u00eancia \u2013 seis meses na Carteira de Trabalho;<\/p>\n\n\n\n<p>Requisitos Obrigat\u00f3rios \u2013 ter experi\u00eancia com lavagem de carro e TER documenta\u00e7\u00e3o completa (com dispensa militar);<\/p>\n\n\n\n<p>Atividades \u2013 realiza diversas tarefas essenciais para a manuten\u00e7\u00e3o e organiza\u00e7\u00e3o de um local, como limpeza e higieniza\u00e7\u00e3o de \u00e1reas internas e externas, organiza\u00e7\u00e3o de materiais, apoio em servi\u00e7os de copa, coleta de lixo e pequenos reparos, entre outras atividades correlatas \u00e0 fun\u00e7\u00e3o.&nbsp;<\/p>\n\n\n\n<p>Dispon\u00edvel at\u00e9 5\/11\/2025 ou encerramento da vaga.<\/p>\n\n\n\n<p><strong>2 vagas \u2013 Art\u00edfice de Manuten\u00e7\u00e3o<\/strong><\/p>\n\n\n\n<p>Escolaridade \u2013 ensino m\u00e9dio completo;<\/p>\n\n\n\n<p>Experi\u00eancia \u2013 seis meses na Carteira de Trabalho;<\/p>\n\n\n\n<p>Requisitos Obrigat\u00f3rios \u2013 TER documenta\u00e7\u00e3o completa (com dispensa militar);<\/p>\n\n\n\n<p>Atividades \u2013 realizar atividades de manuten\u00e7\u00e3o predial em geral, servi\u00e7os de carpintaria, pedreiro, entre outras atividades correlatas \u00e0 fun\u00e7\u00e3o.<\/p>\n\n\n\n<p>Dispon\u00edvel at\u00e9 5\/11\/2025 ou encerramento da vaga.<\/p>\n\n\n\n<p><strong>1 vaga \u2013 T\u00e9cnico de Refrigera\u00e7\u00e3o<\/strong><\/p>\n\n\n\n<p>Escolaridade \u2013 ensino m\u00e9dio completo;<\/p>\n\n\n\n<p>Experi\u00eancia \u2013 registrada na Carteira de Trabalho;<\/p>\n\n\n\n<p>Requisitos Obrigat\u00f3rios \u2013 TER documenta\u00e7\u00e3o completa (com dispensa militar);<\/p>\n\n\n\n<p>Atividades \u2013 instalar, manter e reparar equipamentos de refrigera\u00e7\u00e3o e ar\u2013condicionado, garantindo seu bom funcionamento, seguran\u00e7a e performance, al\u00e9m de realizar testes e ajustes necess\u00e1rios.<\/p>\n\n\n\n<p>Dispon\u00edvel at\u00e9 5\/11\/2025 ou encerramento da vaga.<\/p>\n\n\n\n<p><strong>2 vagas \u2013 T\u00e9cnico Multifuncional<\/strong><\/p>\n\n\n\n<p>Escolaridade \u2013 ensino m\u00e9dio completo;<\/p>\n\n\n\n<p>Experi\u00eancia \u2013 seis meses na Carteira de Trabalho;<\/p>\n\n\n\n<p>Requisitos Obrigat\u00f3rios \u2013 ter conhecimento em redes de dados e telefonia, dom\u00ednio de ferramentas em altura e instrumentos de medi\u00e7\u00e3o, habilidade para trabalhar em altura, espa\u00e7os confinados e TER documenta\u00e7\u00e3o completa (com dispensa militar);<\/p>\n\n\n\n<p>Atividades \u2013 instalar e configurar sistemas de telecomunica\u00e7\u00f5es; testar e monitorar sinais de transmiss\u00e3o; interpretar esquemas t\u00e9cnicos e diagramas de rede; documentar atividades e relat\u00f3rios t\u00e9cnicos.<\/p>\n\n\n\n<p>Dispon\u00edvel at\u00e9 5\/11\/2025 ou encerramento da vaga.<\/p>\n\n\n\n<p><strong>2 vagas \u2013 T\u00e9cnico de Rede<\/strong><\/p>\n\n\n\n<p>Escolaridade \u2013 ensino m\u00e9dio completo;<\/p>\n\n\n\n<p>Experi\u00eancia \u2013 seis meses na Carteira de Trabalho;<\/p>\n\n\n\n<p>Requisitos Obrigat\u00f3rios \u2013 ter conhecimento em redes de dados e telefonia, dom\u00ednio de ferramentas em instala\u00e7\u00e3o e manuten\u00e7\u00e3o de cabos e equipamentos, e TER documenta\u00e7\u00e3o completa (com dispensa militar);<\/p>\n\n\n\n<p>Atividades \u2013 instalar e configurar equipamentos de rede de telecomunica\u00e7\u00f5es; realizar manuten\u00e7\u00e3o preventiva e corretiva em infraestruturas de rede.<\/p>\n\n\n\n<p>Dispon\u00edvel at\u00e9 5\/11\/2025 ou encerramento da vaga.<\/p>\n\n\n\n<p><strong>2 vagas \u2013 Art\u00edfice<\/strong><\/p>\n\n\n\n<p>Escolaridade \u2013 ensino fundamental completo;<\/p>\n\n\n\n<p>Experi\u00eancia \u2013 seis meses na Carteira de Trabalho;<\/p>\n\n\n\n<p>Requisitos Obrigat\u00f3rios \u2013 ter habilidade no manuseio de ferramentas manuais e el\u00e9tricas, disponibilidade de hor\u00e1rio e TER documenta\u00e7\u00e3o completa (com dispensa militar);<\/p>\n\n\n\n<p>Atividades \u2013 executar tarefas de constru\u00e7\u00e3o, manuten\u00e7\u00e3o e reparo; garantir a qualidade dos materiais e servi\u00e7os utilizados; utilizar ferramentas e equipamentos adequados; realizar medi\u00e7\u00f5es e cortes precisos; identificar e solucionar problemas durante a obra e registrar o progresso das atividades.<\/p>\n\n\n\n<p>Dispon\u00edvel at\u00e9 5\/11\/2025 ou encerramento da vaga.<\/p>\n\n\n\n<p><strong>1 vaga \u2013 Vendedor Interno<\/strong><\/p>\n\n\n\n<p>Escolaridade \u2013 ensino m\u00e9dio completo;<\/p>\n\n\n\n<p>Experi\u00eancia \u2013 n\u00e3o \u00e9 necess\u00e1rio;<\/p>\n\n\n\n<p>Requisitos Obrigat\u00f3rios \u2013 ter conhecimento intermedi\u00e1rio em Inform\u00e1tica, residir nos bairros: Alvorada, Da Paz, Dom Pedro, Planalto e Reden\u00e7\u00e3o, L\u00edrio do Vale ou proximidades e TER documenta\u00e7\u00e3o completa;<\/p>\n\n\n\n<p>Atividades \u2013 vender produtos e servi\u00e7os em resid\u00eancias e escrit\u00f3rios; planejar e discutir metas e estrat\u00e9gias de venda; contatar, visitar e entrevistar clientes; demonstrar produtos, avaliar o perfil dos clientes e fechar contratos de vendas; orientar, informar e visitar clientes no p\u00f3s\u2013venda; acompanhar a entrega de produtos, requisitar manuten\u00e7\u00e3o de produtos.<\/p>\n\n\n\n<p>Dispon\u00edvel at\u00e9 5\/11\/2025 ou encerramento da vaga.<\/p>\n\n\n\n<p><strong>1 vaga \u2013 Representante Comercial<\/strong><\/p>\n\n\n\n<p>Escolaridade \u2013 ensino m\u00e9dio completo ou ensino superior completo;<\/p>\n\n\n\n<p>Experi\u00eancia \u2013 tr\u00eas meses na Carteira de Trabalho;<\/p>\n\n\n\n<p>Requisitos Obrigat\u00f3rios \u2013 TER documenta\u00e7\u00e3o completa;<\/p>\n\n\n\n<p>Atividades \u2013 atuar como intermedi\u00e1rio entre empresas e seus clientes, promovendo e vendendo produtos ou servi\u00e7os; atuar na prospec\u00e7\u00e3o de novos clientes, negocia\u00e7\u00e3o de contratos, apresenta\u00e7\u00e3o de cat\u00e1logos, amostras e garantia da satisfa\u00e7\u00e3o do cliente.<\/p>\n\n\n\n<p>Dispon\u00edvel at\u00e9 5\/11\/2025 ou encerramento da vaga.<\/p>\n\n\n\n<p><strong>2 vagas \u2013 Costureira Profissional<\/strong><\/p>\n\n\n\n<p>Escolaridade \u2013 ensino fundamental completo;<\/p>\n\n\n\n<p>Experi\u00eancia \u2013 seis meses na Carteira de Trabalho;<\/p>\n\n\n\n<p>Requisitos Obrigat\u00f3rios \u2013 TER documenta\u00e7\u00e3o completa;<\/p>\n\n\n\n<p>Atividades \u2013 costuras de uniformes e fardamentos, social, operacional e malharia.<\/p>\n\n\n\n<p>Dispon\u00edvel at\u00e9 5\/11\/2025 ou encerramento da vaga.<\/p>\n\n\n\n<p><strong>4 vagas \u2013 Pedreiro<\/strong><\/p>\n\n\n\n<p>Escolaridade \u2013 ensino m\u00e9dio completo;<\/p>\n\n\n\n<p>Experi\u00eancia \u2013 seis meses na Carteira de Trabalho;<\/p>\n\n\n\n<p>Requisitos Obrigat\u00f3rios \u2013 TER documenta\u00e7\u00e3o completa;<\/p>\n\n\n\n<p>Atividades \u2013 prepara\u00e7\u00e3o da massa de cimento e concreto; repara\u00e7\u00e3o e\/ou constru\u00e7\u00e3o de andaimes, valas, fossas, po\u00e7os; abertura de buracos, assentar tijolos, cimentar e outros; transportar materiais e ferramentas, bem como limpar o local de trabalho.<\/p>\n\n\n\n<p>Dispon\u00edvel at\u00e9 5\/11\/2025 ou encerramento da vaga.<\/p>\n\n\n\n<p><strong>2 vagas \u2013 Ajudante de Obras<\/strong><\/p>\n\n\n\n<p>Escolaridade \u2013 ensino m\u00e9dio completo;<\/p>\n\n\n\n<p>Experi\u00eancia \u2013 seis meses na Carteira de Trabalho;<\/p>\n\n\n\n<p>Requisitos Obrigat\u00f3rios \u2013&nbsp; saber operar serra m\u00e1rmore, martelete 2kg e TER documenta\u00e7\u00e3o completa (com dispensa militar);<\/p>\n\n\n\n<p>Atividades \u2013 preparar e organizar o canteiro, preparar materiais, limpar e manusear ferramentas, executar tarefas de apoio como carregar e descarregar materiais, cavar valas, e auxiliar na demoli\u00e7\u00e3o, sempre seguindo as normas de seguran\u00e7a e sa\u00fade.<\/p>\n\n\n\n<p>Dispon\u00edvel at\u00e9 5\/11\/2025 ou encerramento da vaga.<\/p>\n\n\n\n<p><strong>2 vagas \u2013 T\u00e9cnico em Seguran\u00e7a do Trabalho<\/strong><\/p>\n\n\n\n<p>Escolaridade \u2013 ensino t\u00e9cnico completo em Seguran\u00e7a do Trabalho;<\/p>\n\n\n\n<p>Experi\u00eancia \u2013 registrada na Carteira de Trabalho;<\/p>\n\n\n\n<p>Requisitos Obrigat\u00f3rios \u2013 TER documenta\u00e7\u00e3o completa;<\/p>\n\n\n\n<p>Atividades \u2013 elaborar, participar da elabora\u00e7\u00e3o e implementar pol\u00edtica de sa\u00fade e seguran\u00e7a no trabalho; realizar auditoria, acompanhamento e avalia\u00e7\u00e3o na \u00e1rea; identificar vari\u00e1veis de controle de doen\u00e7as, acidentes, qualidade de vida e meio ambiente; desenvolver a\u00e7\u00f5es educativas na \u00e1rea de sa\u00fade e seguran\u00e7a no trabalho; participar de per\u00edcias e fiscaliza\u00e7\u00f5es e integrar processos de negocia\u00e7\u00e3o; participar da ado\u00e7\u00e3o de tecnologias e processos de trabalho; gerenciar documenta\u00e7\u00e3o de SST; investigar, analisar acidentes e recomendar medidas de preven\u00e7\u00e3o e controle.<\/p>\n\n\n\n<p>Dispon\u00edvel at\u00e9 5\/11\/2025 ou encerramento da vaga.<\/p>\n\n\n\n<p><strong>1 vaga \u2013 Auxiliar de Recursos Humanos<\/strong><\/p>\n\n\n\n<p>Escolaridade \u2013 ensino superior completo ou cursando Recursos Humanos, Administra\u00e7\u00e3o ou Psicologia;<\/p>\n\n\n\n<p>Experi\u00eancia \u2013 seis meses na Carteira de Trabalho;<\/p>\n\n\n\n<p>Requisitos Obrigat\u00f3rios \u2013 TER documenta\u00e7\u00e3o completa;<\/p>\n\n\n\n<p>Atividades \u2013 gest\u00e3o e organiza\u00e7\u00e3o do setor, atuar \u00e0 frente das rotinas do setor de RH, garantindo o cumprimento de prazos e processos internos, acompanhar e orientar os demais colaboradores do setor, distribuindo demandas conforme a necessidade.<\/p>\n\n\n\n<p>Dispon\u00edvel at\u00e9 5\/11\/2025 ou encerramento da vaga.<\/p>\n\n\n\n<p><strong>1 vaga \u2013 Auxiliar de Almoxarifado<\/strong><\/p>\n\n\n\n<p>Escolaridade \u2013 ensino m\u00e9dio completo;<\/p>\n\n\n\n<p>Experi\u00eancia \u2013 seis meses na Carteira de Trabalho;<\/p>\n\n\n\n<p>Requisitos Obrigat\u00f3rios \u2013 ter Carteira Nacional de Habilita\u00e7\u00e3o categoria \u201cB\u201d e TER documenta\u00e7\u00e3o completa (com dispensa militar);<\/p>\n\n\n\n<p>Atividades \u2013 receber, conferir e organizar materiais e produtos no almoxarifado, controlar entradas e sa\u00eddas de mercadorias, garantindo a precis\u00e3o do estoque.<\/p>\n\n\n\n<p>Dispon\u00edvel at\u00e9 5\/11\/2025 ou encerramento da vaga.<\/p>\n\n\n\n<p><strong>1 vaga \u2013 Analista Cont\u00e1bil<\/strong><\/p>\n\n\n\n<p>Escolaridade \u2013 ensino superior completo em Contabilidade;<\/p>\n\n\n\n<p>Experi\u00eancia \u2013 registrada na Carteira de Trabalho;<\/p>\n\n\n\n<p>Requisitos Obrigat\u00f3rios \u2013 TER documenta\u00e7\u00e3o completa;<\/p>\n\n\n\n<p>Atividades \u2013 realizar lan\u00e7amentos cont\u00e1beis; elaborar demonstrativos financeiros; realizar concilia\u00e7\u00e3o banc\u00e1ria; preparar declara\u00e7\u00f5es cont\u00e1beis; fechamento de balan\u00e7os.<\/p>\n\n\n\n<p>Dispon\u00edvel at\u00e9 5\/11\/2025 ou encerramento da vaga.<\/p>\n\n\n\n<p><strong>5 vagas \u2013 Pedreiro<\/strong><\/p>\n\n\n\n<p>Escolaridade \u2013 ensino fundamental completo;<\/p>\n\n\n\n<p>Experi\u00eancia \u2013 registrada na Carteira de Trabalho;<\/p>\n\n\n\n<p>Requisitos Obrigat\u00f3rios \u2013 TER documenta\u00e7\u00e3o completa (com dispensa militar);<\/p>\n\n\n\n<p>Atividades \u2013 executar alvenarias, concretagens, instala\u00e7\u00f5es de pisos e revestimentos, e reparos em edifica\u00e7\u00f5es, seguindo desenhos e especifica\u00e7\u00f5es t\u00e9cnicas.<\/p>\n\n\n\n<p>Dispon\u00edvel at\u00e9 5\/11\/2025 ou encerramento da vaga.<\/p>\n\n\n\n<p><strong>10 vagas \u2013 Servente de Obras<\/strong><\/p>\n\n\n\n<p>Escolaridade \u2013 ensino fundamental completo;<\/p>\n\n\n\n<p>Experi\u00eancia \u2013 n\u00e3o \u00e9 necess\u00e1rio;<\/p>\n\n\n\n<p>Requisitos Obrigat\u00f3rios \u2013 TER documenta\u00e7\u00e3o completa (com dispensa militar);<\/p>\n\n\n\n<p>Atividades \u2013 carregar e descarregar materiais, preparar misturas de constru\u00e7\u00e3o, manter a limpeza e organiza\u00e7\u00e3o do canteiro, e auxiliar outros profissionais, como pedreiros, em suas tarefas.<\/p>\n\n\n\n<p>Dispon\u00edvel at\u00e9 5\/11\/2025 ou encerramento da vaga.<\/p>\n\n\n\n<p><strong>5 vagas \u2013 Carpinteiro<\/strong><\/p>\n\n\n\n<p>Escolaridade \u2013 ensino fundamental completo;<\/p>\n\n\n\n<p>Experi\u00eancia \u2013 seis meses na Carteira de Trabalho;<\/p>\n\n\n\n<p>Requisitos Obrigat\u00f3rios \u2013 TER documenta\u00e7\u00e3o completa (com dispensa militar);<\/p>\n\n\n\n<p>Atividades \u2013 cortar, montar e instalar estruturas de madeira, como arma\u00e7\u00f5es de telhados e paredes, portas, janelas e escadas, usando ferramentas manuais e el\u00e9tricas.<\/p>\n\n\n\n<p>Dispon\u00edvel at\u00e9 5\/11\/2025 ou encerramento da vaga.<\/p>\n\n\n\n<p><strong>20 vagas \u2013 Ajudante Montador Naval<\/strong><\/p>\n\n\n\n<p>Escolaridade \u2013 ensino fundamental incompleto;<\/p>\n\n\n\n<p>Experi\u00eancia \u2013 n\u00e3o \u00e9 necess\u00e1rio;<\/p>\n\n\n\n<p>Requisitos Obrigat\u00f3rios \u2013 TER documenta\u00e7\u00e3o completa (com dispensa militar);<\/p>\n\n\n\n<p>Atividades \u2013 realizar a montagem e desmontagem de produtos; fazer a configura\u00e7\u00e3o, organiza\u00e7\u00e3o, confer\u00eancia e inspe\u00e7\u00e3o de produtos.<\/p>\n\n\n\n<p>Dispon\u00edvel at\u00e9 5\/11\/2025 ou encerramento da vaga.<\/p>\n\n\n\n<p><strong>20 vagas \u2013 Auxiliar de Soldador<\/strong><\/p>\n\n\n\n<p>Escolaridade \u2013 ensino fundamental incompleto;<\/p>\n\n\n\n<p>Experi\u00eancia \u2013 n\u00e3o \u00e9 necess\u00e1rio;<\/p>\n\n\n\n<p>Requisitos Obrigat\u00f3rios \u2013 TER documenta\u00e7\u00e3o completa (com dispensa militar);<\/p>\n\n\n\n<p>Atividades \u2013 fazer servi\u00e7os de manuten\u00e7\u00e3o, reparo e montagem; organizar pe\u00e7as e local de trabalho na \u00e1rea de produ\u00e7\u00e3o; manusear ferramentas, auxiliar nas soldagens e na interpreta\u00e7\u00e3o de especifica\u00e7\u00f5es.<\/p>\n\n\n\n<p>Dispon\u00edvel at\u00e9 5\/11\/2025 ou encerramento da vaga.<\/p>\n\n\n\n<p><strong>20 vagas \u2013 Ajudante de Operador de Prensa<\/strong><\/p>\n\n\n\n<p>Escolaridade \u2013 ensino fundamental incompleto;<\/p>\n\n\n\n<p>Experi\u00eancia \u2013 n\u00e3o \u00e9 necess\u00e1rio;<\/p>\n\n\n\n<p>Requisitos Obrigat\u00f3rios \u2013 TER documenta\u00e7\u00e3o completa (com dispensa militar);<\/p>\n\n\n\n<p>Atividades \u2013 montar ferramentas e preparar prensa para opera\u00e7\u00e3o, envolvendo a troca, fixa\u00e7\u00e3o e ajuste de ferramenta, realizando o dobramento de chapas e barras met\u00e1licas; abastecer e acondicionar as ferramentas, verificando a auto\u2013inspe\u00e7\u00e3o das pe\u00e7as produzidas.<\/p>\n\n\n\n<p>Dispon\u00edvel at\u00e9 5\/11\/2025 ou encerramento da vaga.<\/p>\n\n\n\n<p><strong>20 vagas \u2013 Soldador<\/strong><\/p>\n\n\n\n<p>Escolaridade \u2013 ensino fundamental incompleto;<\/p>\n\n\n\n<p>Experi\u00eancia \u2013 seis meses na Carteira de Trabalho;<\/p>\n\n\n\n<p>Requisitos Obrigat\u00f3rios \u2013 TER documenta\u00e7\u00e3o completa (com dispensa militar);<\/p>\n\n\n\n<p>Atividades \u2013 definir e preparar o processo de soldagem de acordo com a pe\u00e7a a ser executada, seguindo desenhos e especifica\u00e7\u00f5es t\u00e9cnicas; preparar pe\u00e7as met\u00e1licas para soldagem, realizando inspe\u00e7\u00e3o visual, pr\u00e9 aquecendo a pe\u00e7a com ma\u00e7aricos, chanfrando, escovando e goivando as pe\u00e7as.<\/p>\n\n\n\n<p>Dispon\u00edvel at\u00e9 5\/11\/2025 ou encerramento da vaga.<\/p>\n\n\n\n<p><strong>20 vagas \u2013 Montador Naval<\/strong><\/p>\n\n\n\n<p>Escolaridade \u2013 ensino fundamental incompleto;<\/p>\n\n\n\n<p>Experi\u00eancia \u2013 seis meses na Carteira de Trabalho;<\/p>\n\n\n\n<p>Requisitos Obrigat\u00f3rios \u2013 TER documenta\u00e7\u00e3o completa (com dispensa militar);<\/p>\n\n\n\n<p>Atividades \u2013 montagem de pe\u00e7as, tubula\u00e7\u00f5es, estruturas e ferramentas; auxiliar a pontear as pe\u00e7as; auxiliar no corte, utilizando ma\u00e7arico; efetuar substitui\u00e7\u00e3o de cilindros de gases.<\/p>\n\n\n\n<p>Dispon\u00edvel at\u00e9 5\/11\/2025 ou encerramento da vaga.<\/p>\n\n\n\n<p><strong>4 vagas \u2013 Servente de Obras<\/strong><\/p>\n\n\n\n<p>Escolaridade \u2013 ensino fundamental completo;<\/p>\n\n\n\n<p>Experi\u00eancia \u2013 seis meses na Carteira de Trabalho;<\/p>\n\n\n\n<p>Requisitos Obrigat\u00f3rios \u2013 ter conhecimento em lixadeira, parafusadeira, martelete e TER documenta\u00e7\u00e3o completa (com dispensa militar);<\/p>\n\n\n\n<p>Atividades \u2013 atuar com estruturas met\u00e1licas para telhados.<\/p>\n\n\n\n<p>Dispon\u00edvel at\u00e9 5\/11\/2025 ou encerramento da vaga.<\/p>\n\n\n\n<p><strong>2 vagas \u2013 Serralheiro<\/strong><\/p>\n\n\n\n<p>Escolaridade \u2013 ensino fundamental completo;<\/p>\n\n\n\n<p>Experi\u00eancia \u2013 seis meses na Carteira de Trabalho;<\/p>\n\n\n\n<p>Requisitos Obrigat\u00f3rios \u2013 TER documenta\u00e7\u00e3o completa (com dispensa militar);<\/p>\n\n\n\n<p>Atividades \u2013 confeccionar, reparar e instalar pe\u00e7as e elementos diversos em chapas de metal como a\u00e7o, ferro galvanizado, cobre, estanho, lat\u00e3o, alum\u00ednio e zinco; trabalhar barras perfiladas de materiais ferrosos e n\u00e3o ferrosos para fabricar esquadrias, portas, grades, vitrais e pe\u00e7as similares.<\/p>\n\n\n\n<p>Dispon\u00edvel at\u00e9 5\/11\/2025 ou encerramento da vaga.<\/p>\n\n\n\n<p><strong>5 vagas \u2013 Auxiliar de Limpeza<\/strong><\/p>\n\n\n\n<p>Escolaridade \u2013 ensino m\u00e9dio completo;<\/p>\n\n\n\n<p>Experi\u00eancia \u2013 seis meses na Carteira de Trabalho;<\/p>\n\n\n\n<p>Requisitos Obrigat\u00f3rios \u2013 TER documenta\u00e7\u00e3o completa;<\/p>\n\n\n\n<p>Atividades \u2013 fazer a limpeza das depend\u00eancias da empresa, utilizando\u2013se de material e equipamento espec\u00edfico: remover o p\u00f3 dos m\u00f3veis, fazer a varredura do piso, aspira detritos, limpa ou lava vidros e janelas, remover o lixo das lixeiras, higienizar os banheiros e repor materiais.<\/p>\n\n\n\n<p>Dispon\u00edvel at\u00e9 5\/11\/2025 ou encerramento da vaga.<\/p>\n\n\n\n<p><strong>10 vagas \u2013 Auxiliar de Log\u00edstica<\/strong><\/p>\n\n\n\n<p>Escolaridade \u2013 ensino m\u00e9dio completo;<\/p>\n\n\n\n<p>Experi\u00eancia \u2013 seis meses na Carteira de Trabalho;<\/p>\n\n\n\n<p>Requisitos Obrigat\u00f3rios \u2013 TER documenta\u00e7\u00e3o completa (com dispensa militar);<\/p>\n\n\n\n<p>Atividades \u2013 controlar a entrada e sa\u00edda de materiais, organizar o estoque, separar e embalar mercadorias, conferir produtos, emitir documentos fiscais, auxiliar no carregamento e descarregamento de ve\u00edculos, e acompanhar as entregas.<\/p>\n\n\n\n<p>Dispon\u00edvel at\u00e9 5\/11\/2025 ou encerramento da vaga.<\/p>\n\n\n\n<p><strong>5 vagas \u2013 A\u00e7ougueiro<\/strong><\/p>\n\n\n\n<p>Escolaridade \u2013 ensino m\u00e9dio completo;<\/p>\n\n\n\n<p>Experi\u00eancia \u2013 seis meses na Carteira de Trabalho;<\/p>\n\n\n\n<p>Requisitos Obrigat\u00f3rios \u2013 TER documenta\u00e7\u00e3o completa (com dispensa militar);<\/p>\n\n\n\n<p>Atividades \u2013 cortar, desossar, preparar, porcionar, embalar e armazenar carnes de diversos tipos de animais para venda, garantindo qualidade e higiene.<\/p>\n\n\n\n<p>Dispon\u00edvel at\u00e9 5\/11\/2025 ou encerramento da vaga.<\/p>\n\n\n\n<p><strong>5 vagas \u2013 Peixeiro<\/strong><\/p>\n\n\n\n<p>Escolaridade \u2013 ensino m\u00e9dio completo;<\/p>\n\n\n\n<p>Experi\u00eancia \u2013 seis meses na Carteira de Trabalho;<\/p>\n\n\n\n<p>Requisitos Obrigat\u00f3rios \u2013 TER documenta\u00e7\u00e3o completa (com dispensa militar);<\/p>\n\n\n\n<p>Atividades \u2013 preparando\u2013os para consumo, al\u00e9m de limpar e filetar os pescados de forma a otimizar o produto e atender \u00e0s prefer\u00eancias dos clientes.<\/p>\n\n\n\n<p>Dispon\u00edvel at\u00e9 5\/11\/2025 ou encerramento da vaga.<\/p>\n\n\n\n<p><strong>5 vagas \u2013 Auxiliar de Cozinha<\/strong><\/p>\n\n\n\n<p>Escolaridade \u2013 ensino m\u00e9dio completo;<\/p>\n\n\n\n<p>Experi\u00eancia \u2013 seis meses na Carteira de Trabalho;<\/p>\n\n\n\n<p>Requisitos Obrigat\u00f3rios \u2013 TER documenta\u00e7\u00e3o completa;<\/p>\n\n\n\n<p>Atividades \u2013 auxiliar nos servi\u00e7os de alimenta\u00e7\u00e3o; auxiliar outros profissionais da \u00e1rea no pr\u00e9\u2013preparo, preparo e processamento de alimentos, na montagem de pratos.<\/p>\n\n\n\n<p>Dispon\u00edvel at\u00e9 5\/11\/2025 ou encerramento da vaga.<\/p>\n\n\n\n<p><strong>2 vagas \u2013 Vendedor Interno<\/strong><\/p>\n\n\n\n<p>Escolaridade \u2013 ensino m\u00e9dio completo;<\/p>\n\n\n\n<p>Experi\u00eancia \u2013 seis meses na Carteira de Trabalho;<\/p>\n\n\n\n<p>Requisitos Obrigat\u00f3rios \u2013 ter experi\u00eancia em Corel draw, Wilcom e TER documenta\u00e7\u00e3o completa;<\/p>\n\n\n\n<p>Atividades \u2013 atendimento ao cliente por telefone, redes sociais e WhatsApp, demonstra\u00e7\u00e3o de produtos, negocia\u00e7\u00e3o e fechamento de vendas, cria\u00e7\u00e3o de propostas personalizadas, p\u00f3s\u2013venda e suporte.<\/p>\n\n\n\n<p>Dispon\u00edvel at\u00e9 5\/11\/2025 ou encerramento da vaga.<\/p>\n\n\n\n<p><strong>1 vaga \u2013 Vendedor Interno<\/strong><\/p>\n\n\n\n<p>Escolaridade \u2013 ensino m\u00e9dio completo;<\/p>\n\n\n\n<p>Experi\u00eancia \u2013 seis meses na Carteira de Trabalho;<\/p>\n\n\n\n<p>Requisitos Obrigat\u00f3rios \u2013 TER documenta\u00e7\u00e3o completa;<\/p>\n\n\n\n<p>Atividades \u2013 vender produtos ou servi\u00e7os, utilizando principalmente meios digitais como telefone, e\u2013mail e chat; encontrar novos clientes, apresentar propostas, negociar condi\u00e7\u00f5es, fechar vendas, realizar o p\u00f3s\u2013venda e manter o cadastro de clientes atualizado.<\/p>\n\n\n\n<p>Dispon\u00edvel at\u00e9 5\/11\/2025 ou encerramento da vaga.<\/p>\n\n\n\n<p><strong>VAGAS EXCLUSIVAS PARA PESSOAS COM DEFICI\u00caNIA (PcDc) \u2013 10<\/strong><\/p>\n\n\n\n<p><strong>10 vagas \u2013 Auxiliar de Limpeza \u2013 Vagas destinadas para Pessoa com Defici\u00eancia (PCD)<\/strong><\/p>\n\n\n\n<p>Escolaridade \u2013 ensino fundamental completo;<\/p>\n\n\n\n<p>Experi\u00eancia \u2013 seis meses na Carteira de Trabalho;<\/p>\n\n\n\n<p>Requisitos Obrigat\u00f3rios \u2013 TER documenta\u00e7\u00e3o completa;<\/p>\n\n\n\n<p>Atividades \u2013 varrer, espanar, raspar, encerar, lavar e polir; limpar e higienizar ambientes, como pisos, sanit\u00e1rios, corredores, escadas, rampas, azulejos, galerias e outras \u00e1reas comuns; remover lixo, poeira e res\u00edduos; manter a organiza\u00e7\u00e3o e limpeza di\u00e1ria dos espa\u00e7os.<\/p>\n\n\n\n<p>Dispon\u00edvel at\u00e9 5\/11\/2025 ou encerramento da vaga.<\/p>\n\n\n\n<p>\u2014 \u2014 \u2014<\/p>\n\n\n\n<p><strong>Texto<\/strong>&nbsp;\u2013&nbsp;Divulga\u00e7\u00e3o\/Semtepi<\/p>\n\n\n\n<p><strong>Fotos<\/strong>&nbsp;\u2013&nbsp;Arquivo\/Semcom<\/p>\n\n\n\n<p><strong>Dispon\u00edveis em<\/strong>&nbsp;\u2013&nbsp;<a href=\"https:\/\/flic.kr\/s\/aHBqjCetWK\">https:\/\/flic.kr\/s\/aHBqjCetWK<\/a><\/p>\n","protected":false},"excerpt":{"rendered":"","protected":false},"author":23,"featured_media":7213,"comment_status":"closed","ping_status":"closed","sticky":false,"template":"","format":"standard","meta":{"footnotes":""},"categories":[5],"tags":[250,8,10,12],"acf":[],"yoast_head":"<!-- This site is optimized with the Yoast SEO plugin v23.0 - https:\/\/yoast.com\/wordpress\/plugins\/seo\/ -->\n<title>Sine Manaus oferta 568 vagas de emprego nesta quarta\u2013feira, 5\/11<\/title>\n<meta name=\"description\" content=\"A Prefeitura de Manaus, por meio do Sine Manaus, oferta 568 vagas de emprego em v\u00e1rias \u00e1reas de atua\u00e7\u00e3o, nesta quarta\u2013feira, 5\/11, das 8h \u00e0s 14h.\" \/>\n<meta name=\"robots\" content=\"noindex, follow\" \/>\n<meta property=\"og:locale\" content=\"pt_BR\" \/>\n<meta property=\"og:type\" content=\"article\" \/>\n<meta property=\"og:title\" content=\"Sine Manaus oferta 568 vagas de emprego nesta quarta\u2013feira, 5\/11\" \/>\n<meta property=\"og:description\" content=\"A Prefeitura de Manaus, por meio do Sine Manaus, oferta 568 vagas de emprego em v\u00e1rias \u00e1reas de atua\u00e7\u00e3o, nesta quarta\u2013feira, 5\/11, das 8h \u00e0s 14h.\" \/>\n<meta property=\"og:url\" content=\"https:\/\/www.manaus.am.gov.br\/semtepi\/oportunidade\/prefeitura-sinemanaus-vagas-0511\/\" \/>\n<meta property=\"og:site_name\" content=\"SEMTEPI\" \/>\n<meta property=\"article:published_time\" content=\"2025-11-04T17:34:47+00:00\" \/>\n<meta property=\"article:modified_time\" content=\"2025-11-04T17:34:49+00:00\" \/>\n<meta property=\"og:image\" content=\"https:\/\/www.manaus.am.gov.br\/semtepi\/wp-content\/uploads\/sites\/20\/2025\/11\/54523734181_78a9ef535b_c.jpg\" \/>\n\t<meta property=\"og:image:width\" content=\"799\" \/>\n\t<meta property=\"og:image:height\" content=\"533\" \/>\n\t<meta property=\"og:image:type\" content=\"image\/jpeg\" \/>\n<meta name=\"author\" content=\"Adriana Costa\" \/>\n<meta name=\"twitter:card\" content=\"summary_large_image\" \/>\n<meta name=\"twitter:label1\" content=\"Written by\" \/>\n\t<meta name=\"twitter:data1\" content=\"Adriana Costa\" \/>\n\t<meta name=\"twitter:label2\" content=\"Est. reading time\" \/>\n\t<meta name=\"twitter:data2\" content=\"25 minutos\" \/>\n<script type=\"application\/ld+json\" class=\"yoast-schema-graph\">{\"@context\":\"https:\/\/schema.org\",\"@graph\":[{\"@type\":\"Article\",\"@id\":\"https:\/\/www.manaus.am.gov.br\/semtepi\/oportunidade\/prefeitura-sinemanaus-vagas-0511\/#article\",\"isPartOf\":{\"@id\":\"https:\/\/www.manaus.am.gov.br\/semtepi\/oportunidade\/prefeitura-sinemanaus-vagas-0511\/\"},\"author\":{\"name\":\"Adriana Costa\",\"@id\":\"https:\/\/www.manaus.am.gov.br\/semtepi\/#\/schema\/person\/4e49f4e267757a06ca072ec61b2b9968\"},\"headline\":\"Sine Manaus oferta 568 vagas de emprego nesta quarta\u2013feira, 5\/11\",\"datePublished\":\"2025-11-04T17:34:47+00:00\",\"dateModified\":\"2025-11-04T17:34:49+00:00\",\"mainEntityOfPage\":{\"@id\":\"https:\/\/www.manaus.am.gov.br\/semtepi\/oportunidade\/prefeitura-sinemanaus-vagas-0511\/\"},\"wordCount\":4985,\"publisher\":{\"@id\":\"https:\/\/www.manaus.am.gov.br\/semtepi\/#organization\"},\"image\":{\"@id\":\"https:\/\/www.manaus.am.gov.br\/semtepi\/oportunidade\/prefeitura-sinemanaus-vagas-0511\/#primaryimage\"},\"thumbnailUrl\":\"https:\/\/www.manaus.am.gov.br\/semtepi\/wp-content\/uploads\/sites\/20\/2025\/11\/54523734181_78a9ef535b_c.jpg\",\"keywords\":[\"Empregos\",\"prefeitura de manaus\",\"sine manaus\",\"vagas\"],\"articleSection\":[\"Oportunidade\"],\"inLanguage\":\"pt-BR\"},{\"@type\":\"WebPage\",\"@id\":\"https:\/\/www.manaus.am.gov.br\/semtepi\/oportunidade\/prefeitura-sinemanaus-vagas-0511\/\",\"url\":\"https:\/\/www.manaus.am.gov.br\/semtepi\/oportunidade\/prefeitura-sinemanaus-vagas-0511\/\",\"name\":\"Sine Manaus oferta 568 vagas de emprego nesta quarta\u2013feira, 5\/11\",\"isPartOf\":{\"@id\":\"https:\/\/www.manaus.am.gov.br\/semtepi\/#website\"},\"primaryImageOfPage\":{\"@id\":\"https:\/\/www.manaus.am.gov.br\/semtepi\/oportunidade\/prefeitura-sinemanaus-vagas-0511\/#primaryimage\"},\"image\":{\"@id\":\"https:\/\/www.manaus.am.gov.br\/semtepi\/oportunidade\/prefeitura-sinemanaus-vagas-0511\/#primaryimage\"},\"thumbnailUrl\":\"https:\/\/www.manaus.am.gov.br\/semtepi\/wp-content\/uploads\/sites\/20\/2025\/11\/54523734181_78a9ef535b_c.jpg\",\"datePublished\":\"2025-11-04T17:34:47+00:00\",\"dateModified\":\"2025-11-04T17:34:49+00:00\",\"description\":\"A Prefeitura de Manaus, por meio do Sine Manaus, oferta 568 vagas de emprego em v\u00e1rias \u00e1reas de atua\u00e7\u00e3o, nesta quarta\u2013feira, 5\/11, das 8h \u00e0s 14h.\",\"breadcrumb\":{\"@id\":\"https:\/\/www.manaus.am.gov.br\/semtepi\/oportunidade\/prefeitura-sinemanaus-vagas-0511\/#breadcrumb\"},\"inLanguage\":\"pt-BR\",\"potentialAction\":[{\"@type\":\"ReadAction\",\"target\":[\"https:\/\/www.manaus.am.gov.br\/semtepi\/oportunidade\/prefeitura-sinemanaus-vagas-0511\/\"]}]},{\"@type\":\"ImageObject\",\"inLanguage\":\"pt-BR\",\"@id\":\"https:\/\/www.manaus.am.gov.br\/semtepi\/oportunidade\/prefeitura-sinemanaus-vagas-0511\/#primaryimage\",\"url\":\"https:\/\/www.manaus.am.gov.br\/semtepi\/wp-content\/uploads\/sites\/20\/2025\/11\/54523734181_78a9ef535b_c.jpg\",\"contentUrl\":\"https:\/\/www.manaus.am.gov.br\/semtepi\/wp-content\/uploads\/sites\/20\/2025\/11\/54523734181_78a9ef535b_c.jpg\",\"width\":799,\"height\":533,\"caption\":\"#paratodosverem - M\u00e3o segura carteira de trabalho; ao fundo, banner do Sine Manaus\"},{\"@type\":\"BreadcrumbList\",\"@id\":\"https:\/\/www.manaus.am.gov.br\/semtepi\/oportunidade\/prefeitura-sinemanaus-vagas-0511\/#breadcrumb\",\"itemListElement\":[{\"@type\":\"ListItem\",\"position\":1,\"name\":\"Home\",\"item\":\"https:\/\/www.manaus.am.gov.br\/semtepi\/\"},{\"@type\":\"ListItem\",\"position\":2,\"name\":\"Sine Manaus oferta 568 vagas de emprego nesta quarta\u2013feira, 5\/11\"}]},{\"@type\":\"WebSite\",\"@id\":\"https:\/\/www.manaus.am.gov.br\/semtepi\/#website\",\"url\":\"https:\/\/www.manaus.am.gov.br\/semtepi\/\",\"name\":\"SEMTEPI\",\"description\":\"Prefeitura de Manaus\",\"publisher\":{\"@id\":\"https:\/\/www.manaus.am.gov.br\/semtepi\/#organization\"},\"alternateName\":\"Secretaria Municipal do Trabalho, Empreendedorismo e Inova\u00e7\u00e3o\",\"potentialAction\":[{\"@type\":\"SearchAction\",\"target\":{\"@type\":\"EntryPoint\",\"urlTemplate\":\"https:\/\/www.manaus.am.gov.br\/semtepi\/?s={search_term_string}\"},\"query-input\":\"required name=search_term_string\"}],\"inLanguage\":\"pt-BR\"},{\"@type\":\"Organization\",\"@id\":\"https:\/\/www.manaus.am.gov.br\/semtepi\/#organization\",\"name\":\"Prefeitura Municipal de Manaus\",\"alternateName\":\"Prefeitura de Manaus\",\"url\":\"https:\/\/www.manaus.am.gov.br\/semtepi\/\",\"logo\":{\"@type\":\"ImageObject\",\"inLanguage\":\"pt-BR\",\"@id\":\"https:\/\/www.manaus.am.gov.br\/semtepi\/#\/schema\/logo\/image\/\",\"url\":\"https:\/\/www.manaus.am.gov.br\/semtepi\/wp-content\/uploads\/sites\/20\/2024\/07\/favicon.png\",\"contentUrl\":\"https:\/\/www.manaus.am.gov.br\/semtepi\/wp-content\/uploads\/sites\/20\/2024\/07\/favicon.png\",\"width\":300,\"height\":300,\"caption\":\"Prefeitura Municipal de Manaus\"},\"image\":{\"@id\":\"https:\/\/www.manaus.am.gov.br\/semtepi\/#\/schema\/logo\/image\/\"}},{\"@type\":\"Person\",\"@id\":\"https:\/\/www.manaus.am.gov.br\/semtepi\/#\/schema\/person\/4e49f4e267757a06ca072ec61b2b9968\",\"name\":\"Adriana Costa\",\"image\":{\"@type\":\"ImageObject\",\"inLanguage\":\"pt-BR\",\"@id\":\"https:\/\/www.manaus.am.gov.br\/semtepi\/#\/schema\/person\/image\/\",\"url\":\"https:\/\/secure.gravatar.com\/avatar\/576258617ef7194f718179e766d57bd4?s=96&d=mm&r=g\",\"contentUrl\":\"https:\/\/secure.gravatar.com\/avatar\/576258617ef7194f718179e766d57bd4?s=96&d=mm&r=g\",\"caption\":\"Adriana Costa\"}}]}<\/script>\n<!-- \/ Yoast SEO plugin. -->","yoast_head_json":{"title":"Sine Manaus oferta 568 vagas de emprego nesta quarta\u2013feira, 5\/11","description":"A Prefeitura de Manaus, por meio do Sine Manaus, oferta 568 vagas de emprego em v\u00e1rias \u00e1reas de atua\u00e7\u00e3o, nesta quarta\u2013feira, 5\/11, das 8h \u00e0s 14h.","robots":{"index":"noindex","follow":"follow"},"og_locale":"pt_BR","og_type":"article","og_title":"Sine Manaus oferta 568 vagas de emprego nesta quarta\u2013feira, 5\/11","og_description":"A Prefeitura de Manaus, por meio do Sine Manaus, oferta 568 vagas de emprego em v\u00e1rias \u00e1reas de atua\u00e7\u00e3o, nesta quarta\u2013feira, 5\/11, das 8h \u00e0s 14h.","og_url":"https:\/\/www.manaus.am.gov.br\/semtepi\/oportunidade\/prefeitura-sinemanaus-vagas-0511\/","og_site_name":"SEMTEPI","article_published_time":"2025-11-04T17:34:47+00:00","article_modified_time":"2025-11-04T17:34:49+00:00","og_image":[{"width":799,"height":533,"url":"https:\/\/www.manaus.am.gov.br\/semtepi\/wp-content\/uploads\/sites\/20\/2025\/11\/54523734181_78a9ef535b_c.jpg","type":"image\/jpeg"}],"author":"Adriana Costa","twitter_card":"summary_large_image","twitter_misc":{"Written by":"Adriana Costa","Est. reading time":"25 minutos"},"schema":{"@context":"https:\/\/schema.org","@graph":[{"@type":"Article","@id":"https:\/\/www.manaus.am.gov.br\/semtepi\/oportunidade\/prefeitura-sinemanaus-vagas-0511\/#article","isPartOf":{"@id":"https:\/\/www.manaus.am.gov.br\/semtepi\/oportunidade\/prefeitura-sinemanaus-vagas-0511\/"},"author":{"name":"Adriana Costa","@id":"https:\/\/www.manaus.am.gov.br\/semtepi\/#\/schema\/person\/4e49f4e267757a06ca072ec61b2b9968"},"headline":"Sine Manaus oferta 568 vagas de emprego nesta quarta\u2013feira, 5\/11","datePublished":"2025-11-04T17:34:47+00:00","dateModified":"2025-11-04T17:34:49+00:00","mainEntityOfPage":{"@id":"https:\/\/www.manaus.am.gov.br\/semtepi\/oportunidade\/prefeitura-sinemanaus-vagas-0511\/"},"wordCount":4985,"publisher":{"@id":"https:\/\/www.manaus.am.gov.br\/semtepi\/#organization"},"image":{"@id":"https:\/\/www.manaus.am.gov.br\/semtepi\/oportunidade\/prefeitura-sinemanaus-vagas-0511\/#primaryimage"},"thumbnailUrl":"https:\/\/www.manaus.am.gov.br\/semtepi\/wp-content\/uploads\/sites\/20\/2025\/11\/54523734181_78a9ef535b_c.jpg","keywords":["Empregos","prefeitura de manaus","sine manaus","vagas"],"articleSection":["Oportunidade"],"inLanguage":"pt-BR"},{"@type":"WebPage","@id":"https:\/\/www.manaus.am.gov.br\/semtepi\/oportunidade\/prefeitura-sinemanaus-vagas-0511\/","url":"https:\/\/www.manaus.am.gov.br\/semtepi\/oportunidade\/prefeitura-sinemanaus-vagas-0511\/","name":"Sine Manaus oferta 568 vagas de emprego nesta quarta\u2013feira, 5\/11","isPartOf":{"@id":"https:\/\/www.manaus.am.gov.br\/semtepi\/#website"},"primaryImageOfPage":{"@id":"https:\/\/www.manaus.am.gov.br\/semtepi\/oportunidade\/prefeitura-sinemanaus-vagas-0511\/#primaryimage"},"image":{"@id":"https:\/\/www.manaus.am.gov.br\/semtepi\/oportunidade\/prefeitura-sinemanaus-vagas-0511\/#primaryimage"},"thumbnailUrl":"https:\/\/www.manaus.am.gov.br\/semtepi\/wp-content\/uploads\/sites\/20\/2025\/11\/54523734181_78a9ef535b_c.jpg","datePublished":"2025-11-04T17:34:47+00:00","dateModified":"2025-11-04T17:34:49+00:00","description":"A Prefeitura de Manaus, por meio do Sine Manaus, oferta 568 vagas de emprego em v\u00e1rias \u00e1reas de atua\u00e7\u00e3o, nesta quarta\u2013feira, 5\/11, das 8h \u00e0s 14h.","breadcrumb":{"@id":"https:\/\/www.manaus.am.gov.br\/semtepi\/oportunidade\/prefeitura-sinemanaus-vagas-0511\/#breadcrumb"},"inLanguage":"pt-BR","potentialAction":[{"@type":"ReadAction","target":["https:\/\/www.manaus.am.gov.br\/semtepi\/oportunidade\/prefeitura-sinemanaus-vagas-0511\/"]}]},{"@type":"ImageObject","inLanguage":"pt-BR","@id":"https:\/\/www.manaus.am.gov.br\/semtepi\/oportunidade\/prefeitura-sinemanaus-vagas-0511\/#primaryimage","url":"https:\/\/www.manaus.am.gov.br\/semtepi\/wp-content\/uploads\/sites\/20\/2025\/11\/54523734181_78a9ef535b_c.jpg","contentUrl":"https:\/\/www.manaus.am.gov.br\/semtepi\/wp-content\/uploads\/sites\/20\/2025\/11\/54523734181_78a9ef535b_c.jpg","width":799,"height":533,"caption":"#paratodosverem - M\u00e3o segura carteira de trabalho; ao fundo, banner do Sine Manaus"},{"@type":"BreadcrumbList","@id":"https:\/\/www.manaus.am.gov.br\/semtepi\/oportunidade\/prefeitura-sinemanaus-vagas-0511\/#breadcrumb","itemListElement":[{"@type":"ListItem","position":1,"name":"Home","item":"https:\/\/www.manaus.am.gov.br\/semtepi\/"},{"@type":"ListItem","position":2,"name":"Sine Manaus oferta 568 vagas de emprego nesta quarta\u2013feira, 5\/11"}]},{"@type":"WebSite","@id":"https:\/\/www.manaus.am.gov.br\/semtepi\/#website","url":"https:\/\/www.manaus.am.gov.br\/semtepi\/","name":"SEMTEPI","description":"Prefeitura de Manaus","publisher":{"@id":"https:\/\/www.manaus.am.gov.br\/semtepi\/#organization"},"alternateName":"Secretaria Municipal do Trabalho, Empreendedorismo e Inova\u00e7\u00e3o","potentialAction":[{"@type":"SearchAction","target":{"@type":"EntryPoint","urlTemplate":"https:\/\/www.manaus.am.gov.br\/semtepi\/?s={search_term_string}"},"query-input":"required name=search_term_string"}],"inLanguage":"pt-BR"},{"@type":"Organization","@id":"https:\/\/www.manaus.am.gov.br\/semtepi\/#organization","name":"Prefeitura Municipal de Manaus","alternateName":"Prefeitura de Manaus","url":"https:\/\/www.manaus.am.gov.br\/semtepi\/","logo":{"@type":"ImageObject","inLanguage":"pt-BR","@id":"https:\/\/www.manaus.am.gov.br\/semtepi\/#\/schema\/logo\/image\/","url":"https:\/\/www.manaus.am.gov.br\/semtepi\/wp-content\/uploads\/sites\/20\/2024\/07\/favicon.png","contentUrl":"https:\/\/www.manaus.am.gov.br\/semtepi\/wp-content\/uploads\/sites\/20\/2024\/07\/favicon.png","width":300,"height":300,"caption":"Prefeitura Municipal de Manaus"},"image":{"@id":"https:\/\/www.manaus.am.gov.br\/semtepi\/#\/schema\/logo\/image\/"}},{"@type":"Person","@id":"https:\/\/www.manaus.am.gov.br\/semtepi\/#\/schema\/person\/4e49f4e267757a06ca072ec61b2b9968","name":"Adriana Costa","image":{"@type":"ImageObject","inLanguage":"pt-BR","@id":"https:\/\/www.manaus.am.gov.br\/semtepi\/#\/schema\/person\/image\/","url":"https:\/\/secure.gravatar.com\/avatar\/576258617ef7194f718179e766d57bd4?s=96&d=mm&r=g","contentUrl":"https:\/\/secure.gravatar.com\/avatar\/576258617ef7194f718179e766d57bd4?s=96&d=mm&r=g","caption":"Adriana Costa"}}]}},"_links":{"self":[{"href":"https:\/\/www.manaus.am.gov.br\/semtepi\/wp-json\/wp\/v2\/posts\/7212"}],"collection":[{"href":"https:\/\/www.manaus.am.gov.br\/semtepi\/wp-json\/wp\/v2\/posts"}],"about":[{"href":"https:\/\/www.manaus.am.gov.br\/semtepi\/wp-json\/wp\/v2\/types\/post"}],"author":[{"embeddable":true,"href":"https:\/\/www.manaus.am.gov.br\/semtepi\/wp-json\/wp\/v2\/users\/23"}],"replies":[{"embeddable":true,"href":"https:\/\/www.manaus.am.gov.br\/semtepi\/wp-json\/wp\/v2\/comments?post=7212"}],"version-history":[{"count":0,"href":"https:\/\/www.manaus.am.gov.br\/semtepi\/wp-json\/wp\/v2\/posts\/7212\/revisions"}],"wp:featuredmedia":[{"embeddable":true,"href":"https:\/\/www.manaus.am.gov.br\/semtepi\/wp-json\/wp\/v2\/media\/7213"}],"wp:attachment":[{"href":"https:\/\/www.manaus.am.gov.br\/semtepi\/wp-json\/wp\/v2\/media?parent=7212"}],"wp:term":[{"taxonomy":"category","embeddable":true,"href":"https:\/\/www.manaus.am.gov.br\/semtepi\/wp-json\/wp\/v2\/categories?post=7212"},{"taxonomy":"post_tag","embeddable":true,"href":"https:\/\/www.manaus.am.gov.br\/semtepi\/wp-json\/wp\/v2\/tags?post=7212"}],"curies":[{"name":"wp","href":"https:\/\/api.w.org\/{rel}","templated":true}]}}