{"id":7210,"date":"2025-11-03T13:20:49","date_gmt":"2025-11-03T17:20:49","guid":{"rendered":"https:\/\/www.manaus.am.gov.br\/semtepi\/sem-categoria\/prefeitura-sinemanaus-vagas0411\/"},"modified":"2025-11-03T13:20:50","modified_gmt":"2025-11-03T17:20:50","slug":"prefeitura-sinemanaus-vagas0411","status":"publish","type":"post","link":"https:\/\/www.manaus.am.gov.br\/semtepi\/oportunidade\/prefeitura-sinemanaus-vagas0411\/","title":{"rendered":"Sine Manaus oferta 506 vagas de emprego nesta ter\u00e7a\u2013feira, 4\/11"},"content":{"rendered":"\n<p><a><\/a>A Prefeitura de Manaus, por meio do Sine Manaus, oferta 506 vagas de emprego em v\u00e1rias \u00e1reas de atua\u00e7\u00e3o, nesta ter\u00e7a-feira, 4\/11,&nbsp;das 8h \u00e0s 14h. O candidato pode validar a Carteira Digital e Previd\u00eancia Social (CTPS) no aplicativo \u201cCarteira de Trabalho Digital\u201d ou acessar o site&nbsp;<a href=\"http:\/\/gov.br\/trabalho\">http:\/\/gov.br\/trabalho<\/a>.<\/p>\n\n\n\n<p>Para participar da pr\u00e9\u2013sele\u00e7\u00e3o e concorrer a uma das vagas dispon\u00edveis, ou receber orienta\u00e7\u00e3o de cadastro, Carteira de Trabalho Digital e seguro\u2013desemprego, os candidatos devem comparecer a um dos postos do Sine Manaus: na avenida Constantino Nery, n\u00ba 1.272, bairro S\u00e3o Geraldo, zona Centro\u2013Sul; ou no shopping Phelippe Daou, na avenida Camapu\u00e3, n\u00ba 2.939, bairro Cidade de Deus, zona Norte.<\/p>\n\n\n\n<p>Os interessados devem estar munidos do comprovante de vacina\u00e7\u00e3o (Covid\u201319), curr\u00edculo, certificados de cursos e documentos pessoais (RG, CPF, PIS, CTPS, comprovante de escolaridade e resid\u00eancia). N\u00e3o \u00e9 necess\u00e1rio apresentar c\u00f3pias, somente os documentos originais.<\/p>\n\n\n\n<p>\u00c9 importante que os candidatos mantenham seus cadastros atualizados, especialmente ao finalizarem novas qualifica\u00e7\u00f5es. Para vagas espec\u00edficas, podem ser solicitados documentos adicionais, como cursos ou certifica\u00e7\u00f5es, por isso, \u00e9 essencial estar atento aos &#8220;Requisitos Obrigat\u00f3rios&#8221; de cada vaga.<\/p>\n\n\n\n<p>A Semtepi ressalta que, obedecendo ao disposto no artigo 5\u00ba, da Constitui\u00e7\u00e3o Federal, e ao artigo 373\u2013A, da Consolida\u00e7\u00e3o das Leis Trabalhistas (CLT), crit\u00e9rios referentes a sexo, idade, cor ou situa\u00e7\u00e3o familiar, n\u00e3o podem ser informados na divulga\u00e7\u00e3o das vagas disponibilizadas.<\/p>\n\n\n\n<p>Os candidatos devem estar cientes das diretrizes de vestimenta estabelecidas pelo \u00f3rg\u00e3o, as quais incluem a proibi\u00e7\u00e3o de vestimentas como bermudas, shorts, minissaias, camisetas regatas e chinelos durante a entrada.<\/p>\n\n\n\n<p><strong>VAGAS NOVAS &#8211; 223&nbsp;&nbsp;&nbsp;&nbsp;&nbsp;&nbsp;&nbsp;<\/strong><\/p>\n\n\n\n<p><strong>1 vaga &#8211; Gerente de Estoque<\/strong><\/p>\n\n\n\n<p><strong>Escolaridade &#8211;<\/strong> ensino superior completo em Log\u00edstica, Administra\u00e7\u00e3o e Engenharia de Produ\u00e7\u00e3o;<\/p>\n\n\n\n<p><strong>Experi\u00eancia \u2013 <\/strong>registrada na Carteira de Trabalho;<\/p>\n\n\n\n<p><strong>Requisitos Obrigat\u00f3rios <\/strong>&#8211; ter curso de Inform\u00e1tica b\u00e1sica, Excel e possuir documenta\u00e7\u00e3o completa;<\/p>\n\n\n\n<p><strong>Atividades &#8211;<\/strong> gerenciar e garantir o pleno funcionamento das opera\u00e7\u00f5es do centro de distribui\u00e7\u00e3o, assegurando a efici\u00eancia no recebimento, armazenamento, controle de estoque, separa\u00e7\u00e3o e expedi\u00e7\u00e3o de produtos; garantir o cumprimento dos prazos de entrega, otimiza\u00e7\u00e3o de processos log\u00edsticos, controle de custos operacionais e manuten\u00e7\u00e3o da acuracidade do estoque.<\/p>\n\n\n\n<p><strong>Dispon\u00edvel at\u00e9 4\/11\/2025 ou encerramento da vaga<\/strong><\/p>\n\n\n\n<p><strong>1 vaga &#8211; Assistente Administrativo Pleno<\/strong><\/p>\n\n\n\n<p><strong>Escolaridade &#8211;<\/strong> ensino superior completo em Administra\u00e7\u00e3o, Contabilidade e Gest\u00e3o Empresarial;<\/p>\n\n\n\n<p><strong>Experi\u00eancia \u2013 <\/strong>registrada na Carteira de Trabalho;<\/p>\n\n\n\n<p><strong>Requisitos Obrigat\u00f3rios <\/strong>&#8211; ter curso de Inform\u00e1tica b\u00e1sica, Excel e possuir documenta\u00e7\u00e3o completa;<\/p>\n\n\n\n<p><strong>Atividades &#8211;<\/strong> garantir a efici\u00eancia e a integridade dos processos administrativos e operacionais da empresa, assegurando o fluxo correto de informa\u00e7\u00f5es, documentos e controles internos; atuar de forma proativa na organiza\u00e7\u00e3o de dados, apoio \u00e0 gest\u00e3o financeira, controle de estoques, faturamento e suporte \u00e0s \u00e1reas de vendas, log\u00edstica e diretoria.<\/p>\n\n\n\n<p><strong>Dispon\u00edvel at\u00e9 4\/11\/2025 ou encerramento da vaga<\/strong><\/p>\n\n\n\n<p><strong>1 vaga &#8211; Motorista de Caminh\u00e3o<\/strong><\/p>\n\n\n\n<p><strong>Escolaridade &#8211;<\/strong> ensino m\u00e9dio completo;<\/p>\n\n\n\n<p><strong>Experi\u00eancia \u2013 <\/strong>registrada na Carteira de Trabalho;<\/p>\n\n\n\n<p><strong>Requisitos Obrigat\u00f3rios <\/strong>&#8211; ter Carteira Nacional de Habilita\u00e7\u00e3o categoria \u201cD\u201d, disponibilidade de hor\u00e1rio e possuir documenta\u00e7\u00e3o completa (com dispensa militar);<\/p>\n\n\n\n<p><strong>Atividades &#8211;<\/strong> executar com seguran\u00e7a, pontualidade e responsabilidade o transporte, entrega e coleta de produtos, zelando pela integridade da carga, do ve\u00edculo e da imagem da empresa perante clientes e parceiros.<\/p>\n\n\n\n<p><strong>Dispon\u00edvel at\u00e9 4\/11\/2025 ou encerramento da vaga<\/strong><\/p>\n\n\n\n<p><strong>2 vagas &#8211; Repositor de Mercadorias<\/strong><\/p>\n\n\n\n<p><strong>Escolaridade &#8211;<\/strong> ensino m\u00e9dio completo;<\/p>\n\n\n\n<p><strong>Experi\u00eancia \u2013 <\/strong>seis meses na Carteira de Trabalho;<\/p>\n\n\n\n<p><strong>Requisitos Obrigat\u00f3rios <\/strong>&#8211; possuir documenta\u00e7\u00e3o completa (com dispensa militar);<\/p>\n\n\n\n<p><strong>Atividades &#8211;<\/strong> repor mercadorias, embalar e expor cortes de carne, manter a organiza\u00e7\u00e3o e higiene do local, verificar a validade dos produtos e ajudar no atendimento ao cliente.<\/p>\n\n\n\n<p><strong>Dispon\u00edvel at\u00e9 4\/11\/2025 ou encerramento da vaga<\/strong><\/p>\n\n\n\n<p><strong>15 vagas &#8211; Auxiliar de Dep\u00f3sito<\/strong><\/p>\n\n\n\n<p><strong>Escolaridade &#8211;<\/strong> ensino m\u00e9dio completo;<\/p>\n\n\n\n<p><strong>Experi\u00eancia \u2013 <\/strong>registrada na Carteira de Trabalho;<\/p>\n\n\n\n<p><strong>Requisitos Obrigat\u00f3rios <\/strong>&#8211; possuir documenta\u00e7\u00e3o completa (com dispensa militar);<\/p>\n\n\n\n<p><strong>Atividades &#8211;<\/strong> auxiliar separa\u00e7\u00e3o de mercadorias; auxiliar atendimento ao p\u00fablico; auxiliar no controle de estoque; auxiliar ajudante de carga e descarga; auxiliar movimenta\u00e7\u00e3o e armazenagem de materiais; auxiliar na confer\u00eancia de encomendas; auxiliar na expedi\u00e7\u00e3o de materiais; auxiliar no recebimento de materiais; auxiliar na entrega de produtos nos endere\u00e7os de clientes; auxiliar o motorista do caminh\u00e3o na entrega de produtos nos clientes.<\/p>\n\n\n\n<p><strong>Dispon\u00edvel at\u00e9 4\/11\/2025 ou encerramento da vaga<\/strong><\/p>\n\n\n\n<p><strong>1 vaga &#8211; Analista Cont\u00e1bil<\/strong><\/p>\n\n\n\n<p><strong>Escolaridade &#8211;<\/strong> ensino superior completo em Contabilidade;<\/p>\n\n\n\n<p><strong>Experi\u00eancia \u2013 <\/strong>registrada na Carteira de Trabalho;<\/p>\n\n\n\n<p><strong>Requisitos Obrigat\u00f3rios <\/strong>&#8211; possuir documenta\u00e7\u00e3o completa;<\/p>\n\n\n\n<p><strong>Atividades &#8211;<\/strong> realizar lan\u00e7amentos cont\u00e1beis; elaborar demonstrativos financeiros; realizar concilia\u00e7\u00e3o banc\u00e1ria; preparar declara\u00e7\u00f5es cont\u00e1beis; fechamento de balan\u00e7os.<\/p>\n\n\n\n<p><strong>Dispon\u00edvel at\u00e9 4\/11\/2025 ou encerramento da vaga<\/strong><\/p>\n\n\n\n<p><strong>5 vagas &#8211; Pedreiro<\/strong><\/p>\n\n\n\n<p><strong>Escolaridade &#8211;<\/strong> ensino fundamental completo;<\/p>\n\n\n\n<p><strong>Experi\u00eancia \u2013 <\/strong>registrada na Carteira de Trabalho;<\/p>\n\n\n\n<p><strong>Requisitos Obrigat\u00f3rios <\/strong>&#8211; possuir documenta\u00e7\u00e3o completa (com dispensa militar);<\/p>\n\n\n\n<p><strong>Atividades &#8211;<\/strong> executar alvenarias, concretagens, instala\u00e7\u00f5es de pisos e revestimentos, e reparos em edifica\u00e7\u00f5es, seguindo desenhos e especifica\u00e7\u00f5es t\u00e9cnicas.<\/p>\n\n\n\n<p><strong>Dispon\u00edvel at\u00e9 4\/11\/2025 ou encerramento da vaga<\/strong><\/p>\n\n\n\n<p><strong>10 vagas &#8211; Servente de Obras<\/strong><\/p>\n\n\n\n<p><strong>Escolaridade &#8211;<\/strong> ensino fundamental completo;<\/p>\n\n\n\n<p><strong>Experi\u00eancia \u2013 <\/strong>n\u00e3o \u00e9 necess\u00e1rio;<\/p>\n\n\n\n<p><strong>Requisitos Obrigat\u00f3rios <\/strong>&#8211; possuir documenta\u00e7\u00e3o completa (com dispensa militar);<\/p>\n\n\n\n<p><strong>Atividades &#8211;<\/strong> carregar e descarregar materiais, preparar misturas de constru\u00e7\u00e3o, manter a limpeza e organiza\u00e7\u00e3o do canteiro, e auxiliar outros profissionais, como pedreiros, em suas tarefas.<\/p>\n\n\n\n<p><strong>Dispon\u00edvel at\u00e9 4\/11\/2025 ou encerramento da vaga<\/strong><\/p>\n\n\n\n<p><strong>5 vagas &#8211; Carpinteiro<\/strong><\/p>\n\n\n\n<p><strong>Escolaridade &#8211;<\/strong> ensino fundamental completo;<\/p>\n\n\n\n<p><strong>Experi\u00eancia \u2013 <\/strong>seis meses na Carteira de Trabalho;<\/p>\n\n\n\n<p><strong>Requisitos Obrigat\u00f3rios <\/strong>&#8211; possuir documenta\u00e7\u00e3o completa (com dispensa militar);<\/p>\n\n\n\n<p><strong>Atividades &#8211;<\/strong> cortar, montar e instalar estruturas de madeira, como arma\u00e7\u00f5es de telhados e paredes, portas, janelas e escadas, usando ferramentas manuais e el\u00e9tricas.<\/p>\n\n\n\n<p><strong>Dispon\u00edvel at\u00e9 4\/11\/2025 ou encerramento da vaga<\/strong><\/p>\n\n\n\n<p><strong>20 vagas &#8211; Ajudante Montador Naval<\/strong><\/p>\n\n\n\n<p><strong>Escolaridade &#8211;<\/strong> ensino fundamental incompleto;<\/p>\n\n\n\n<p><strong>Experi\u00eancia \u2013 <\/strong>n\u00e3o \u00e9 necess\u00e1rio;<\/p>\n\n\n\n<p><strong>Requisitos Obrigat\u00f3rios <\/strong>&#8211; possuir documenta\u00e7\u00e3o completa (com dispensa militar);<\/p>\n\n\n\n<p><strong>Atividades &#8211;<\/strong> realizar a montagem e desmontagem de produtos; fazer a configura\u00e7\u00e3o, organiza\u00e7\u00e3o, confer\u00eancia e inspe\u00e7\u00e3o de produtos.<\/p>\n\n\n\n<p><strong>Dispon\u00edvel at\u00e9 4\/11\/2025 ou encerramento da vaga<\/strong><\/p>\n\n\n\n<p><strong>20 vagas &#8211; Auxiliar de Soldador<\/strong><\/p>\n\n\n\n<p><strong>Escolaridade &#8211;<\/strong> ensino fundamental incompleto;<\/p>\n\n\n\n<p><strong>Experi\u00eancia \u2013 <\/strong>n\u00e3o \u00e9 necess\u00e1rio;<\/p>\n\n\n\n<p><strong>Requisitos Obrigat\u00f3rios <\/strong>&#8211; possuir documenta\u00e7\u00e3o completa (com dispensa militar);<\/p>\n\n\n\n<p><strong>Atividades &#8211;<\/strong> fazer servi\u00e7os de manuten\u00e7\u00e3o, reparo e montagem; organizar pe\u00e7as e local de trabalho na \u00e1rea de produ\u00e7\u00e3o; manusear ferramentas, auxiliar nas soldagens e na interpreta\u00e7\u00e3o de especifica\u00e7\u00f5es.<\/p>\n\n\n\n<p><strong>Dispon\u00edvel at\u00e9 4\/11\/2025 ou encerramento da vaga<\/strong><\/p>\n\n\n\n<p><strong>20 vagas &#8211; Ajudante de Operador de Prensa<\/strong><\/p>\n\n\n\n<p><strong>Escolaridade &#8211;<\/strong> ensino fundamental incompleto;<\/p>\n\n\n\n<p><strong>Experi\u00eancia \u2013 <\/strong>n\u00e3o \u00e9 necess\u00e1rio;<\/p>\n\n\n\n<p><strong>Requisitos Obrigat\u00f3rios <\/strong>&#8211; possuir documenta\u00e7\u00e3o completa (com dispensa militar);<\/p>\n\n\n\n<p><strong>Atividades &#8211;<\/strong> montar ferramentas e preparar prensa para opera\u00e7\u00e3o, envolvendo a troca, fixa\u00e7\u00e3o e ajuste de ferramenta, realizando o dobramento de chapas e barras met\u00e1licas; abastecer e acondicionar as ferramentas, verificando a auto-inspe\u00e7\u00e3o das pe\u00e7as produzidas.<\/p>\n\n\n\n<p><strong>Dispon\u00edvel at\u00e9 4\/11\/2025 ou encerramento da vaga<\/strong><\/p>\n\n\n\n<p><strong>20 vagas &#8211; Soldador<\/strong><\/p>\n\n\n\n<p><strong>Escolaridade &#8211;<\/strong> ensino fundamental incompleto;<\/p>\n\n\n\n<p><strong>Experi\u00eancia \u2013 <\/strong>seis meses na Carteira de Trabalho;<\/p>\n\n\n\n<p><strong>Requisitos Obrigat\u00f3rios <\/strong>&#8211; possuir documenta\u00e7\u00e3o completa (com dispensa militar);<\/p>\n\n\n\n<p><strong>Atividades &#8211;<\/strong> definir e preparar o processo de soldagem de acordo com a pe\u00e7a a ser executada, seguindo desenhos e especifica\u00e7\u00f5es t\u00e9cnicas; preparar pe\u00e7as met\u00e1licas para soldagem, realizando inspe\u00e7\u00e3o visual, pr\u00e9 aquecendo a pe\u00e7a com ma\u00e7aricos, chanfrando, escovando e goivando as pe\u00e7as.<\/p>\n\n\n\n<p><strong>Dispon\u00edvel at\u00e9 4\/11\/2025 ou encerramento da vaga<\/strong><\/p>\n\n\n\n<p><strong>20 vagas &#8211; Montador Naval<\/strong><\/p>\n\n\n\n<p><strong>Escolaridade &#8211;<\/strong> ensino fundamental incompleto;<\/p>\n\n\n\n<p><strong>Experi\u00eancia \u2013 <\/strong>seis meses na Carteira de Trabalho;<\/p>\n\n\n\n<p><strong>Requisitos Obrigat\u00f3rios <\/strong>&#8211; possuir documenta\u00e7\u00e3o completa (com dispensa militar);<\/p>\n\n\n\n<p><strong>Atividades &#8211;<\/strong> montagem de pe\u00e7as, tubula\u00e7\u00f5es, estruturas e ferramentas; auxiliar a pontear as pe\u00e7as; auxiliar no corte, utilizando ma\u00e7arico; efetuar substitui\u00e7\u00e3o de cilindros de gases.<\/p>\n\n\n\n<p><strong>Dispon\u00edvel at\u00e9 4\/11\/2025 ou encerramento da vaga<\/strong><\/p>\n\n\n\n<p><strong>2 vagas &#8211; Auxiliar de Cozinha<\/strong><\/p>\n\n\n\n<p><strong>Escolaridade &#8211;<\/strong> ensino fundamental completo;<\/p>\n\n\n\n<p><strong>Experi\u00eancia \u2013 <\/strong>seis meses na Carteira de Trabalho;<\/p>\n\n\n\n<p><strong>Requisitos Obrigat\u00f3rios <\/strong>&#8211; possuir documenta\u00e7\u00e3o completa (com dispensa militar);<\/p>\n\n\n\n<p><strong>Atividades &#8211;<\/strong> recepcionar os clientes de forma cordial e atenciosa; realizar o atendimento e auxiliar na escolha do card\u00e1pio; registrar os pedidos; auxiliar na montagem e organiza\u00e7\u00e3o das mesas; realizar a manuten\u00e7\u00e3o, organiza\u00e7\u00e3o e limpeza do ambiente.<\/p>\n\n\n\n<p><strong>Dispon\u00edvel at\u00e9 4\/11\/2025 ou encerramento da vaga<\/strong><\/p>\n\n\n\n<p><strong>4 vagas &#8211; Atendente<\/strong><\/p>\n\n\n\n<p><strong>Escolaridade &#8211;<\/strong> ensino m\u00e9dio completo;<\/p>\n\n\n\n<p><strong>Experi\u00eancia \u2013 <\/strong>n\u00e3o \u00e9 necess\u00e1rio;<\/p>\n\n\n\n<p><strong>Requisitos Obrigat\u00f3rios <\/strong>&#8211; residir na Zona Oeste, disponibilidade de hor\u00e1rio e possuir documenta\u00e7\u00e3o completa;<\/p>\n\n\n\n<p><strong>Atividades &#8211;<\/strong> atendimento ao cliente.<\/p>\n\n\n\n<p><strong>Dispon\u00edvel at\u00e9 4\/11\/2025 ou encerramento da vaga<\/strong><\/p>\n\n\n\n<p><strong>4 vagas &#8211; Auxiliar de Produ\u00e7\u00e3o<\/strong><\/p>\n\n\n\n<p><strong>Escolaridade &#8211;<\/strong> ensino m\u00e9dio completo;<\/p>\n\n\n\n<p><strong>Experi\u00eancia \u2013 <\/strong>n\u00e3o \u00e9 necess\u00e1rio;<\/p>\n\n\n\n<p><strong>Requisitos Obrigat\u00f3rios <\/strong>&#8211; residir na Zona Oeste, disponibilidade de hor\u00e1rio e possuir documenta\u00e7\u00e3o completa (com dispensa militar);<\/p>\n\n\n\n<p><strong>Atividades &#8211;<\/strong> auxiliar na prepara\u00e7\u00e3o de massas, assar p\u00e3es e outros produtos, embalar e etiquetar mercadorias, abastecer balc\u00f5es, organizar estoques e manter a limpeza do local de trabalho.<\/p>\n\n\n\n<p><strong>Dispon\u00edvel at\u00e9 4\/11\/2025 ou encerramento da vaga<\/strong><\/p>\n\n\n\n<p><strong>4 vagas &#8211; Servente de Obras<\/strong><\/p>\n\n\n\n<p><strong>Escolaridade &#8211;<\/strong> ensino fundamental completo;<\/p>\n\n\n\n<p><strong>Experi\u00eancia \u2013 <\/strong>seis meses na Carteira de Trabalho;<\/p>\n\n\n\n<p><strong>Requisitos Obrigat\u00f3rios <\/strong>&#8211; ter conhecimento em lixadeira, parafusadeira, martelete e possuir documenta\u00e7\u00e3o completa (com dispensa militar);<\/p>\n\n\n\n<p><strong>Atividades &#8211;<\/strong> atuar com estruturas met\u00e1licas para telhados.<\/p>\n\n\n\n<p><strong>Dispon\u00edvel at\u00e9 4\/11\/2025 ou encerramento da vaga<\/strong><\/p>\n\n\n\n<p><strong>2 vagas &#8211; Serralheiro<\/strong><\/p>\n\n\n\n<p><strong>Escolaridade &#8211;<\/strong> ensino fundamental completo;<\/p>\n\n\n\n<p><strong>Experi\u00eancia \u2013 <\/strong>seis meses na Carteira de Trabalho;<\/p>\n\n\n\n<p><strong>Requisitos Obrigat\u00f3rios <\/strong>&#8211; possuir documenta\u00e7\u00e3o completa (com dispensa militar);<\/p>\n\n\n\n<p><strong>Atividades &#8211;<\/strong> confeccionar, reparar e instalar pe\u00e7as e elementos diversos em chapas de metal como a\u00e7o, ferro galvanizado, cobre, estanho, lat\u00e3o, alum\u00ednio e zinco; trabalhar barras perfiladas de materiais ferrosos e n\u00e3o ferrosos para fabricar esquadrias, portas, grades, vitrais e pe\u00e7as similares.<\/p>\n\n\n\n<p><strong>Dispon\u00edvel at\u00e9 4\/11\/2025 ou encerramento da vaga<\/strong><\/p>\n\n\n\n<p><strong>1 vaga &#8211; Auxiliar T\u00e9cnico<\/strong><\/p>\n\n\n\n<p><strong>Escolaridade &#8211;<\/strong> ensino m\u00e9dio completo;<\/p>\n\n\n\n<p><strong>Experi\u00eancia \u2013 <\/strong>n\u00e3o \u00e9 necess\u00e1rio ou seis meses na Carteira de Trabalho;<\/p>\n\n\n\n<p><strong>Requisitos Obrigat\u00f3rios <\/strong>&#8211; ter curso de Atendimento ao Cliente, Inform\u00e1tica b\u00e1sica, NR 35, disponibilidade para viagens, Carteira Nacional de HAbilita\u00e7\u00e3o categoria \u201cAB\u201d e possuir documenta\u00e7\u00e3o completa (com dispensa militar);<\/p>\n\n\n\n<p><strong>Atividades &#8211;<\/strong> realizar as demandas de instala\u00e7\u00e3o de novos clientes; manuten\u00e7\u00e3o de clientes que j\u00e1 se encontram na base realizar os lan\u00e7amentos de fibra; seguir cronograma de atividades estipuladas pelo l\u00edder.<\/p>\n\n\n\n<p><strong>Dispon\u00edvel at\u00e9 4\/11\/2025 ou encerramento da vaga<\/strong><\/p>\n\n\n\n<p><strong>1 vaga &#8211; Promotor de Vendas Externo<\/strong><\/p>\n\n\n\n<p><strong>Escolaridade &#8211;<\/strong> ensino m\u00e9dio completo;<\/p>\n\n\n\n<p><strong>Experi\u00eancia \u2013 <\/strong>n\u00e3o \u00e9 necess\u00e1rio ou seis meses na Carteira de Trabalho;<\/p>\n\n\n\n<p><strong>Requisitos Obrigat\u00f3rios <\/strong>&#8211; ter disponibilidade de hor\u00e1rio, residir na Zona Leste e possuir documenta\u00e7\u00e3o completa;<\/p>\n\n\n\n<p><strong>Atividades &#8211;<\/strong> promover os produtos da empresa nos pontos de venda; realizar abordagem e atendimento aos clientes; realizar panfletagens em eventos; realizar a\u00e7\u00f5es promocionais para impulsionar as vendas; prospectar novos clientes e manter um bom relacionamento com os clientes existente e reportar resultados e sugest\u00f5es para melhoria do desempenho de vendas.<\/p>\n\n\n\n<p><strong>Dispon\u00edvel at\u00e9 4\/11\/2025 ou encerramento da vaga<\/strong><\/p>\n\n\n\n<p><strong>10 vagas &#8211; Operador de Loja<\/strong><\/p>\n\n\n\n<p><strong>Escolaridade &#8211;<\/strong> ensino m\u00e9dio completo;<\/p>\n\n\n\n<p><strong>Experi\u00eancia \u2013 <\/strong>n\u00e3o \u00e9 necess\u00e1rio;<\/p>\n\n\n\n<p><strong>Requisitos Obrigat\u00f3rios <\/strong>&#8211; possuir documenta\u00e7\u00e3o completa;<\/p>\n\n\n\n<p><strong>Atividades &#8211;<\/strong> atendimento ao cliente, organiza\u00e7\u00e3o e reposi\u00e7\u00e3o de produtos nas prateleiras, verifica\u00e7\u00e3o de validade e qualidade das mercadorias, opera\u00e7\u00e3o de caixa, limpeza e manuten\u00e7\u00e3o do ambiente, e aux\u00edlio em atividades promocionais e de estoque.<\/p>\n\n\n\n<p><strong>Dispon\u00edvel at\u00e9 4\/11\/2025 ou encerramento da vaga<\/strong><\/p>\n\n\n\n<p><strong>5 vagas &#8211; Auxiliar de Limpeza<\/strong><\/p>\n\n\n\n<p><strong>Escolaridade &#8211;<\/strong> ensino m\u00e9dio completo;<\/p>\n\n\n\n<p><strong>Experi\u00eancia \u2013 <\/strong>seis meses na Carteira de Trabalho;<\/p>\n\n\n\n<p><strong>Requisitos Obrigat\u00f3rios <\/strong>&#8211; possuir documenta\u00e7\u00e3o completa;<\/p>\n\n\n\n<p><strong>Atividades &#8211;<\/strong> fazer a limpeza das depend\u00eancias da empresa, utilizando-se de material e equipamento espec\u00edfico: remover o p\u00f3 dos m\u00f3veis, fazer a varredura do piso, aspira detritos, limpa ou lava vidros e janelas, remover o lixo das lixeiras, higienizar os banheiros e repor materiais.<\/p>\n\n\n\n<p><strong>Dispon\u00edvel at\u00e9 4\/11\/2025 ou encerramento da vaga<\/strong><\/p>\n\n\n\n<p><strong>10 vagas &#8211; Auxiliar de Log\u00edstica<\/strong><\/p>\n\n\n\n<p><strong>Escolaridade &#8211;<\/strong> ensino m\u00e9dio completo;<\/p>\n\n\n\n<p><strong>Experi\u00eancia \u2013 <\/strong>seis meses na Carteira de Trabalho;<\/p>\n\n\n\n<p><strong>Requisitos Obrigat\u00f3rios <\/strong>&#8211; possuir documenta\u00e7\u00e3o completa (com dispensa militar);<\/p>\n\n\n\n<p><strong>Atividades &#8211;<\/strong> controlar a entrada e sa\u00edda de materiais, organizar o estoque, separar e embalar mercadorias, conferir produtos, emitir documentos fiscais, auxiliar no carregamento e descarregamento de ve\u00edculos, e acompanhar as entregas.<\/p>\n\n\n\n<p><strong>Dispon\u00edvel at\u00e9 4\/11\/2025 ou encerramento da vaga<\/strong><\/p>\n\n\n\n<p><strong>5 vagas &#8211; A\u00e7ougueiro<\/strong><\/p>\n\n\n\n<p><strong>Escolaridade &#8211;<\/strong> ensino m\u00e9dio completo;<\/p>\n\n\n\n<p><strong>Experi\u00eancia \u2013 <\/strong>seis meses na Carteira de Trabalho;<\/p>\n\n\n\n<p><strong>Requisitos Obrigat\u00f3rios <\/strong>&#8211; possuir documenta\u00e7\u00e3o completa (com dispensa militar);<\/p>\n\n\n\n<p><strong>Atividades &#8211;<\/strong> cortar, desossar, preparar, porcionar, embalar e armazenar carnes de diversos tipos de animais para venda, garantindo qualidade e higiene.<\/p>\n\n\n\n<p><strong>Dispon\u00edvel at\u00e9 4\/11\/2025 ou encerramento da vaga<\/strong><\/p>\n\n\n\n<p><strong>5 vagas &#8211; Peixeiro<\/strong><\/p>\n\n\n\n<p><strong>Escolaridade &#8211;<\/strong> ensino m\u00e9dio completo;<\/p>\n\n\n\n<p><strong>Experi\u00eancia \u2013 <\/strong>seis meses na Carteira de Trabalho;<\/p>\n\n\n\n<p><strong>Requisitos Obrigat\u00f3rios <\/strong>&#8211; possuir documenta\u00e7\u00e3o completa (com dispensa militar);<\/p>\n\n\n\n<p><strong>Atividades &#8211;<\/strong> preparando-os para consumo, al\u00e9m de limpar e filetar os pescados de forma a otimizar o produto e atender \u00e0s prefer\u00eancias dos clientes.<\/p>\n\n\n\n<p><strong>Dispon\u00edvel at\u00e9 4\/11\/2025 ou encerramento da vaga<\/strong><\/p>\n\n\n\n<p><strong>5 vagas &#8211; Auxiliar de Cozinha<\/strong><\/p>\n\n\n\n<p><strong>Escolaridade &#8211;<\/strong> ensino m\u00e9dio completo;<\/p>\n\n\n\n<p><strong>Experi\u00eancia \u2013 <\/strong>seis meses na Carteira de Trabalho;<\/p>\n\n\n\n<p><strong>Requisitos Obrigat\u00f3rios <\/strong>&#8211; possuir documenta\u00e7\u00e3o completa;<\/p>\n\n\n\n<p><strong>Atividades &#8211;<\/strong> auxiliar nos servi\u00e7os de alimenta\u00e7\u00e3o; auxiliar outros profissionais da \u00e1rea no pr\u00e9-preparo, preparo e processamento de alimentos, na montagem de pratos.<\/p>\n\n\n\n<p><strong>Dispon\u00edvel at\u00e9 4\/11\/2025 ou encerramento da vaga<\/strong><\/p>\n\n\n\n<p><strong>3 vagas &#8211; Peixeiro<\/strong><\/p>\n\n\n\n<p><strong>Escolaridade &#8211;<\/strong> ensino m\u00e9dio completo;<\/p>\n\n\n\n<p><strong>Experi\u00eancia \u2013 <\/strong>registrada na Carteira de Trabalho;<\/p>\n\n\n\n<p><strong>Requisitos Obrigat\u00f3rios <\/strong>&#8211; possuir documenta\u00e7\u00e3o completa;<\/p>\n\n\n\n<p><strong>Atividades &#8211;<\/strong> selecionar, preparar e vender peixes, crust\u00e1ceos e mariscos, garantindo a qualidade e conserva\u00e7\u00e3o dos produtos; manipular os alimentos, como limpar, eviscerar e filetar, expor a mercadoria para venda, atender clientes e manter o local de trabalho limpo e higienizado.<\/p>\n\n\n\n<p><strong>Dispon\u00edvel at\u00e9 4\/11\/2025 ou encerramento da vaga<\/strong><\/p>\n\n\n\n<p><strong>3 vagas &#8211; A\u00e7ougueiro<\/strong><\/p>\n\n\n\n<p><strong>Escolaridade &#8211;<\/strong> ensino m\u00e9dio completo;<\/p>\n\n\n\n<p><strong>Experi\u00eancia \u2013 <\/strong>registrada na Carteira de Trabalho;<\/p>\n\n\n\n<p><strong>Requisitos Obrigat\u00f3rios <\/strong>&#8211; possuir documenta\u00e7\u00e3o completa;<\/p>\n\n\n\n<p><strong>Atividades &#8211;<\/strong> desossar, cortar, preparar e conservar carnes, al\u00e9m de manter o ambiente de trabalho limpo e organizado; porcionar pe\u00e7as, embalar e etiquetar produtos, garantir a qualidade e a seguran\u00e7a alimentar e atender os clientes.<\/p>\n\n\n\n<p><strong>Dispon\u00edvel at\u00e9 4\/11\/2025 ou encerramento da vaga<\/strong><\/p>\n\n\n\n<p><strong>2 vagas &#8211; Operador de Caixa<\/strong><\/p>\n\n\n\n<p><strong>Escolaridade &#8211;<\/strong> ensino m\u00e9dio completo;<\/p>\n\n\n\n<p><strong>Experi\u00eancia \u2013 <\/strong>n\u00e3o \u00e9 necess\u00e1rio;<\/p>\n\n\n\n<p><strong>Requisitos Obrigat\u00f3rios <\/strong>&#8211; residir no Tarum\u00e3 ou proximidades e possuir documenta\u00e7\u00e3o completa;<\/p>\n\n\n\n<p><strong>Atividades &#8211;<\/strong> fazer a abertura e o fechamento de caixa, processar e receber o pagamento e emitir notas fiscais, entre outras atividades correlatas \u00e0 fun\u00e7\u00e3o.<\/p>\n\n\n\n<p><strong>Dispon\u00edvel at\u00e9 4\/11\/2025 ou encerramento da vaga<\/strong><\/p>\n\n\n\n<p><strong>2 vagas &#8211; Ajudante de Carga e Descarga<\/strong><\/p>\n\n\n\n<p><strong>Escolaridade &#8211;<\/strong> ensino fundamental completo;<\/p>\n\n\n\n<p><strong>Experi\u00eancia \u2013 <\/strong>n\u00e3o \u00e9 necess\u00e1rio;<\/p>\n\n\n\n<p><strong>Requisitos Obrigat\u00f3rios <\/strong>&#8211; ter conhecimento no setor FLV, manuseio de matrim e possuir documenta\u00e7\u00e3o completa (com dispensa militar);<\/p>\n\n\n\n<p><strong>Atividades &#8211;<\/strong> carregamento, descarregamento de carreta, container e caminh\u00e3o, confer\u00eancia de itens, organiza\u00e7\u00e3o do espa\u00e7o, capacidade de realizar atividades f\u00edsicas com facilidade, aten\u00e7\u00e3o aos detalhes, responsabilidade e disponibilidade total de hor\u00e1rio.<\/p>\n\n\n\n<p><strong>Dispon\u00edvel at\u00e9 4\/11\/2025 ou encerramento da vaga<\/strong><\/p>\n\n\n\n<p><strong>2 vagas &#8211; Conferente L\u00edder de Carga e Descarga<\/strong><\/p>\n\n\n\n<p><strong>Escolaridade &#8211;<\/strong> ensino m\u00e9dio completo;<\/p>\n\n\n\n<p><strong>Experi\u00eancia \u2013 <\/strong>seis meses na Carteira de Trabalho;<\/p>\n\n\n\n<p><strong>Requisitos Obrigat\u00f3rios <\/strong>&#8211; possuir documenta\u00e7\u00e3o completa (com dispensa militar);<\/p>\n\n\n\n<p><strong>Atividades &#8211;<\/strong> coordenar e supervisionar a equipe, lideran\u00e7a da equipe de confer\u00eancia, supervis\u00e3o do recebimento e expedi\u00e7\u00e3o de cargas, organiza\u00e7\u00e3o do estoque, garantia da conformidade de pedidos com notas fiscais, resolu\u00e7\u00e3o de diverg\u00eancias, organiza\u00e7\u00e3o do setor e resolu\u00e7\u00e3o de problemas.<\/p>\n\n\n\n<p><strong>Dispon\u00edvel at\u00e9 4\/11\/2025 ou encerramento da vaga<\/strong><\/p>\n\n\n\n<p><strong>2 vagas &#8211; Estoquista<\/strong><\/p>\n\n\n\n<p><strong>Escolaridade &#8211;<\/strong> ensino m\u00e9dio completo;<\/p>\n\n\n\n<p><strong>Experi\u00eancia \u2013 <\/strong>seis meses na Carteira de Trabalho;<\/p>\n\n\n\n<p><strong>Requisitos Obrigat\u00f3rios <\/strong>&#8211; possuir documenta\u00e7\u00e3o completa (com dispensa militar);<\/p>\n\n\n\n<p><strong>Atividades &#8211;<\/strong> recebimento, confer\u00eancia, armazenamento, controle de qualidade, organiza\u00e7\u00e3o e limpeza,&nbsp; separa\u00e7\u00e3o e triagem de produto, comunica\u00e7\u00e3o fluente.<\/p>\n\n\n\n<p><strong>Dispon\u00edvel at\u00e9 4\/11\/2025 ou encerramento da vaga<\/strong><\/p>\n\n\n\n<p><strong>5 vagas &#8211; Auxiliar de Limpeza<\/strong><\/p>\n\n\n\n<p><strong>Escolaridade &#8211;<\/strong> ensino fundamental completo;<\/p>\n\n\n\n<p><strong>Experi\u00eancia \u2013 <\/strong>seis meses na Carteira de Trabalho;<\/p>\n\n\n\n<p><strong>Requisitos Obrigat\u00f3rios <\/strong>&#8211; residir nos bairros: Armando Mendes, S\u00e3o Jos\u00e9, Japiim e possuir documenta\u00e7\u00e3o completa (com dispensa militar);<\/p>\n\n\n\n<p><strong>Atividades &#8211;<\/strong> fazer a limpeza das depend\u00eancias da empresa, utilizando-se de material e equipamento espec\u00edfico: remover o p\u00f3 dos m\u00f3veis, fazer a varredura do piso, aspirar detritos, limpar ou lavar vidros e janelas, remover o lixo das lixeiras, higienizar os banheiros e rep\u00f5e materiais.<\/p>\n\n\n\n<p><strong>Dispon\u00edvel at\u00e9 4\/11\/2025 ou encerramento da vaga<\/strong><\/p>\n\n\n\n<p><strong>2 vagas &#8211; Vendedor Interno<\/strong><\/p>\n\n\n\n<p><strong>Escolaridade &#8211;<\/strong> ensino m\u00e9dio completo;<\/p>\n\n\n\n<p><strong>Experi\u00eancia \u2013 <\/strong>seis meses na Carteira de Trabalho;<\/p>\n\n\n\n<p><strong>Requisitos Obrigat\u00f3rios <\/strong>&#8211; ter experi\u00eancia em Corel draw, Wilcom e possuir documenta\u00e7\u00e3o completa;<\/p>\n\n\n\n<p><strong>Atividades &#8211;<\/strong> atendimento ao cliente por telefone, redes sociais e WhatsApp, demonstra\u00e7\u00e3o de produtos, negocia\u00e7\u00e3o e fechamento de vendas, cria\u00e7\u00e3o de propostas personalizadas, p\u00f3s-venda e suporte.<\/p>\n\n\n\n<p><strong>Dispon\u00edvel at\u00e9 4\/11\/2025 ou encerramento da vaga<\/strong><\/p>\n\n\n\n<p><strong>1 vaga &#8211; Assistente Administrativo<\/strong><\/p>\n\n\n\n<p><strong>Escolaridade &#8211;<\/strong> ensino m\u00e9dio completo;<\/p>\n\n\n\n<p><strong>Experi\u00eancia \u2013 <\/strong>seis meses na Carteira de Trabalho;<\/p>\n\n\n\n<p><strong>Requisitos Obrigat\u00f3rios <\/strong>&#8211; ter Carteira Nacional de Habilita\u00e7\u00e3o categoria \u201cB\u201d e possuir documenta\u00e7\u00e3o completa;<\/p>\n\n\n\n<p><strong>Atividades &#8211;<\/strong> organizar documentos, atender clientes e fornecedores, preparar relat\u00f3rios e prestar suporte geral para o bom funcionamento das rotinas administrativas.<\/p>\n\n\n\n<p><strong>Dispon\u00edvel at\u00e9 4\/11\/2025 ou encerramento da vaga<\/strong><\/p>\n\n\n\n<p><strong>1 vaga &#8211; Vendedor Interno<\/strong><\/p>\n\n\n\n<p><strong>Escolaridade &#8211;<\/strong> ensino m\u00e9dio completo;<\/p>\n\n\n\n<p><strong>Experi\u00eancia \u2013 <\/strong>seis meses na Carteira de Trabalho;<\/p>\n\n\n\n<p><strong>Requisitos Obrigat\u00f3rios <\/strong>&#8211; possuir documenta\u00e7\u00e3o completa;<\/p>\n\n\n\n<p><strong>Atividades &#8211;<\/strong> vender produtos ou servi\u00e7os, utilizando principalmente meios digitais como telefone, e-mail e chat;&nbsp; encontrar novos clientes, apresentar propostas, negociar condi\u00e7\u00f5es, fechar vendas, realizar o p\u00f3s-venda e manter o cadastro de clientes atualizado.<\/p>\n\n\n\n<p><strong>Dispon\u00edvel at\u00e9 4\/11\/2025 ou encerramento da vaga<\/strong><\/p>\n\n\n\n<p><strong>1 vaga &#8211; Recepcionista<\/strong><\/p>\n\n\n\n<p><strong>Escolaridade &#8211;<\/strong> ensino m\u00e9dio completo;<\/p>\n\n\n\n<p><strong>Experi\u00eancia \u2013 <\/strong>seis meses na Carteira de Trabalho;<\/p>\n\n\n\n<p><strong>Requisitos Obrigat\u00f3rios <\/strong>&#8211; ter Carteira Nacional de Habilita\u00e7\u00e3o categoria \u201cB\u201d e possuir documenta\u00e7\u00e3o completa;<\/p>\n\n\n\n<p><strong>Atividades &#8211;<\/strong> atender chamadas telef\u00f4nicas; anotar recados; prestar informa\u00e7\u00f5es; registrar as visitas e os telefonemas recebidos.<\/p>\n\n\n\n<p><strong>Dispon\u00edvel at\u00e9 4\/11\/2025 ou encerramento da vaga<\/strong><\/p>\n\n\n\n<p><strong>COM\u00c9RCIO &#8211; 4<\/strong><\/p>\n\n\n\n<p><strong>2 vagas &#8211;&nbsp; Promotor de Vendas<\/strong><\/p>\n\n\n\n<p><strong>Escolaridade &#8211;<\/strong> ensino m\u00e9dio completo;<\/p>\n\n\n\n<p><strong>Experi\u00eancia \u2013 <\/strong>seis meses na Carteira de Trabalho;<\/p>\n\n\n\n<p><strong>Requisitos Obrigat\u00f3rios <\/strong>&#8211; possuir documenta\u00e7\u00e3o completa;<\/p>\n\n\n\n<p><strong>Atividades &#8211; <\/strong>vendas de produtos automotivos em postos de combust\u00edveis.<\/p>\n\n\n\n<p><strong>Dispon\u00edvel at\u00e9 4\/11\/2025 ou encerramento da vaga<\/strong><\/p>\n\n\n\n<p><strong>1 vaga &#8211;&nbsp; Auxiliar de Limpeza<\/strong><\/p>\n\n\n\n<p><strong>Escolaridade &#8211;<\/strong> ensino m\u00e9dio completo;<\/p>\n\n\n\n<p><strong>Experi\u00eancia \u2013 <\/strong>seis meses na Carteira de Trabalho;<\/p>\n\n\n\n<p><strong>Requisitos Obrigat\u00f3rios <\/strong>&#8211; possuir documenta\u00e7\u00e3o completa;<\/p>\n\n\n\n<p><strong>Atividades &#8211; <\/strong>executar servi\u00e7os de limpeza; substituir, trocar, limpar, reparar e instalar pe\u00e7as, componentes e equipamentos; conservar vidros e fachadas, limpar recintos e acess\u00f3rios.<\/p>\n\n\n\n<p><strong>Dispon\u00edvel at\u00e9 4\/11\/2025 ou encerramento da vaga<\/strong><\/p>\n\n\n\n<p><strong>1 vaga &#8211;&nbsp; Vendedor<\/strong><\/p>\n\n\n\n<p><strong>Escolaridade &#8211;<\/strong> ensino m\u00e9dio completo;<\/p>\n\n\n\n<p><strong>Experi\u00eancia \u2013 <\/strong>seis meses na Carteira de Trabalho;<\/p>\n\n\n\n<p><strong>Requisitos Obrigat\u00f3rios <\/strong>&#8211; ter experi\u00eancia com redes sociais e possuir documenta\u00e7\u00e3o completo;<\/p>\n\n\n\n<p><strong>Atividades &#8211; <\/strong>atender clientes na loja, apresentando produtos e tirando d\u00favidas; demonstrar e explicar caracter\u00edsticas, vantagens e benef\u00edcios dos produtos; negociar pre\u00e7os, prazos e formas de pagamento; registrar vendas e emitir pedidos; acompanhar p\u00f3s-venda, garantindo a satisfa\u00e7\u00e3o do cliente; manter o ambiente de vendas organizado, com produtos expostos e precificados; cumprir metas de vendas e contribuir para os resultados da loja.<\/p>\n\n\n\n<p><strong>Dispon\u00edvel at\u00e9 4\/11\/2025 ou encerramento da vaga<\/strong><\/p>\n\n\n\n<p><strong>IND\u00daSTRIA &#8211; 188<\/strong><\/p>\n\n\n\n<p><strong>50 vagas &#8211; Auxiliar de Linha de Produ\u00e7\u00e3o<\/strong><\/p>\n\n\n\n<p><strong>Escolaridade &#8211; <\/strong>ensino fundamental incompleto;<\/p>\n\n\n\n<p><strong>Experi\u00eancia \u2013<\/strong> n\u00e3o \u00e9 necess\u00e1rio;<\/p>\n\n\n\n<p><strong>Requisitos Obrigat\u00f3rios &#8211; <\/strong>a vaga \u00e9 destinada para candidatos que est\u00e3o em busca de novos desafios; o candidato vai precisar morar em: V\u00e1rzea Grande &#8211; MT e possuir documenta\u00e7\u00e3o completa (com dispensa militar);<\/p>\n\n\n\n<p><strong>Atividades &#8211; <\/strong>executar atividades operacionais em setores de apoio ou produ\u00e7\u00e3o de frios, visando garantir a manuten\u00e7\u00e3o, organiza\u00e7\u00e3o, limpeza ou opera\u00e7\u00e3o de atividades na unidade.<\/p>\n\n\n\n<p><strong>Dispon\u00edvel at\u00e9 4\/11\/2025 ou encerramento da vaga<\/strong><\/p>\n\n\n\n<p><strong>25 vagas &#8211; Auxiliar de Linha de Produ\u00e7\u00e3o<\/strong><\/p>\n\n\n\n<p><strong>Escolaridade &#8211; <\/strong>ensino fundamental incompleto;<\/p>\n\n\n\n<p><strong>Experi\u00eancia \u2013<\/strong> n\u00e3o \u00e9 necess\u00e1rio;<\/p>\n\n\n\n<p><strong>Requisitos Obrigat\u00f3rios &#8211; <\/strong>a vaga \u00e9 destinada para candidatos que est\u00e3o em busca de novos desafios; o candidato vai precisar morar em: Promiss\u00e3o-SP e possuir documenta\u00e7\u00e3o completa (com dispensa militar);<\/p>\n\n\n\n<p><strong>Atividades &#8211; <\/strong>auxiliar a ind\u00fastria de Abate bovino.<\/p>\n\n\n\n<p><strong>Dispon\u00edvel at\u00e9 4\/11\/2025 ou encerramento da vaga<\/strong><\/p>\n\n\n\n<p><strong>2 vagas &#8211; Soldador<\/strong><\/p>\n\n\n\n<p><strong>Escolaridade &#8211;<\/strong> ensino fundamental completo;<\/p>\n\n\n\n<p><strong>Experi\u00eancia \u2013 <\/strong>seis meses na Carteira de Trabalho;<\/p>\n\n\n\n<p><strong>Requisitos Obrigat\u00f3rios <\/strong>&#8211; ter experi\u00eancia em Solda MIG, MAG e eletrodo, curso NR 12, NR 35 e possuir documenta\u00e7\u00e3o completa (com dispensa militar);<\/p>\n\n\n\n<p><strong>Atividades &#8211;<\/strong> definir e preparar o processo de soldagem de acordo com a pe\u00e7a a ser executada, seguindo desenhos e especifica\u00e7\u00f5es t\u00e9cnicas; preparar pe\u00e7as met\u00e1licas para soldagem, realizando inspe\u00e7\u00e3o visual, pr\u00e9 aquecendo a pe\u00e7a com ma\u00e7aricos, chanfrando, escovando e goivando as pe\u00e7as.<\/p>\n\n\n\n<p><strong>Dispon\u00edvel at\u00e9 4\/11\/2025 ou encerramento da vaga<\/strong><\/p>\n\n\n\n<p><strong>4 vagas &#8211; Auxiliar de Pedreiro<\/strong><\/p>\n\n\n\n<p><strong>Escolaridade &#8211;<\/strong> ensino fundamental completo;<\/p>\n\n\n\n<p><strong>Experi\u00eancia \u2013 <\/strong>seis meses na Carteira de Trabalho;<\/p>\n\n\n\n<p><strong>Requisitos Obrigat\u00f3rios <\/strong>&#8211; possuir documenta\u00e7\u00e3o completa (com dispensa militar);<\/p>\n\n\n\n<p><strong>Atividades &#8211;<\/strong> prepara\u00e7\u00e3o da massa de cimento e concreto; repara\u00e7\u00e3o e\/ou constru\u00e7\u00e3o de andaimes, valas, fossas, po\u00e7os; abertura de buracos, assentar tijolos, cimentar e outros; transportar materiais e ferramentas, bem como limpar o local de trabalho.<\/p>\n\n\n\n<p><strong>Dispon\u00edvel at\u00e9 4\/11\/2025 ou encerramento da vaga<\/strong><\/p>\n\n\n\n<p><strong>2 vagas &#8211; Pedreiro<\/strong><\/p>\n\n\n\n<p><strong>Escolaridade &#8211;<\/strong> ensino fundamental completo;<\/p>\n\n\n\n<p><strong>Experi\u00eancia \u2013 <\/strong>seis meses na Carteira de Trabalho;<\/p>\n\n\n\n<p><strong>Requisitos Obrigat\u00f3rios <\/strong>&#8211; possuir documenta\u00e7\u00e3o completa (com dispensa militar);<\/p>\n\n\n\n<p><strong>Atividades &#8211;<\/strong> prepara\u00e7\u00e3o da massa de cimento e concreto; repara\u00e7\u00e3o e\/ou constru\u00e7\u00e3o de andaimes, valas, fossas, po\u00e7os; abertura de buracos, assentar tijolos, cimentar e outros; transportar materiais e ferramentas, bem como limpar o local de trabalho.<\/p>\n\n\n\n<p><strong>Dispon\u00edvel at\u00e9 4\/11\/2025 ou encerramento da vaga<\/strong><\/p>\n\n\n\n<p><strong>1 vaga &#8211; Auxiliar de Servi\u00e7os Gerais<\/strong><\/p>\n\n\n\n<p><strong>Escolaridade &#8211;<\/strong> ensino m\u00e9dio completo;<\/p>\n\n\n\n<p><strong>Experi\u00eancia \u2013 <\/strong>seis meses na Carteira de Trabalho;<\/p>\n\n\n\n<p><strong>Requisitos Obrigat\u00f3rios <\/strong>&#8211; ter disponibilidade de hor\u00e1rio, residir nos bairros: Alvorada, Augusto Montenegro , Bairro da Paz, Compensa, Crespo, Dom Pedro, Gloria, Hileia, Japiim, L\u00edrio de Vale, Nova Esperan\u00e7a, Petr\u00f3polis, Planalto, Reden\u00e7\u00e3o, Santa Luzia, Santo Agostinho, Santo Ant\u00f4nio, Santos Dumont, S\u00e3o L\u00e1zaro, S\u00e3o Jorge, S\u00e3o Raimundo, Uni\u00e3o da Vit\u00f3ria ou Vila da Prata e possuir documenta\u00e7\u00e3o completa (com dispensa militar);<\/p>\n\n\n\n<p><strong>Atividades &#8211;<\/strong> varrer, passar pano, recolher lixo, limpar m\u00f3veis das salas, corredores e \u00e1rea externa; efetuar a limpeza e higieniza\u00e7\u00e3o de banheiros, pias e instala\u00e7\u00f5es da empresa; abastecer conforme necessidade os suportes de \u00e1lcool em gel e l\u00edquido das salas, sabonete l\u00edquido e copos descart\u00e1veis dos setores, papel toalha e higi\u00eanico dos banheiros e vesti\u00e1rios, corredores e \u00e1rea externa; abastecer conforme necessidade os garraf\u00f5es de \u00e1gua das salas, corredores e \u00e1rea externa; separar e enviar roupas para a lavanderia; providenciar caf\u00e9 e lanches em geral, incluindo visitantes, quando solicitado; realizar a limpeza das mesas e cadeiras da \u00e1rea de lazer; retirar os lixos dos setores e \u00e1rea externa; regar e capinar as plantas da \u00e1rea externa; manter a limpeza e higieniza\u00e7\u00e3o da \u00e1rea externa da f\u00e1brica; recolher e organizar os res\u00edduos, realizando o descarte correto; manter limpa e organizada suas ferramentas de trabalho e cuidar dos bens patrimoniais da empresa sob sua responsabilidade, zelando pela limpeza, manuseio e respectiva guarda, com o objetivo de conserva\u00e7\u00e3o, utiliza\u00e7\u00e3o plena e prolongamento de vida \u00fatil.<\/p>\n\n\n\n<p><strong>Dispon\u00edvel at\u00e9 4\/11\/2025 ou encerramento da vaga<\/strong><\/p>\n\n\n\n<p><strong>100 vagas &#8211; Operador de Produ\u00e7\u00e3o II<\/strong><\/p>\n\n\n\n<p><strong>Escolaridade &#8211; <\/strong>ensino fundamental incompleto;<\/p>\n\n\n\n<p><strong>Experi\u00eancia \u2013<\/strong> n\u00e3o \u00e9 necess\u00e1rio;<\/p>\n\n\n\n<p><strong>Requisitos Obrigat\u00f3rios &#8211; <\/strong>a vaga \u00e9 destinada para candidatos que est\u00e3o em busca de novos desafios; o candidato vai precisar morar em: Conc\u00f3rdia &#8211; SC e possuir documenta\u00e7\u00e3o completa;<\/p>\n\n\n\n<p><strong>Atividades &#8211; <\/strong>trabalhar com processamento de carne de frango, em setores diversos, com utiliza\u00e7\u00e3o de facas, ambiente climatizado; corte, coleta, pesagem e embalagem de alimentos; desossar, embalar, pesar, processar alimentos, derivados de carne de frango e su\u00ednos.<\/p>\n\n\n\n<p><strong>Dispon\u00edvel at\u00e9 4\/11\/2025 ou encerramento da vaga<\/strong><\/p>\n\n\n\n<p><strong>2 vagas &#8211; Alimentador de Linha de Produ\u00e7\u00e3o<\/strong><\/p>\n\n\n\n<p><strong>Escolaridade &#8211;<\/strong> ensino m\u00e9dio completo;<\/p>\n\n\n\n<p><strong>Experi\u00eancia \u2013 <\/strong>registrada na Carteira de Trabalho;<\/p>\n\n\n\n<p><strong>Requisitos Obrigat\u00f3rios <\/strong>&#8211; possuir documenta\u00e7\u00e3o completa (com dispensa militar);<\/p>\n\n\n\n<p><strong>Atividades &#8211;<\/strong> auxiliar de produ\u00e7\u00e3o ind\u00fastria; identificar mat\u00e9rias-primas, embalagens ou materiais com defeitos, separando-os e os repondo, para continuidade da produ\u00e7\u00e3o; Pode introduzir, em sistemas computacionais de gest\u00e3o de linhas de produ\u00e7\u00e3o, informa\u00e7\u00f5es sobre a quantidade de itens no posto de trabalho; encaminhar os itens n\u00e3o-conformes, mas que podem ser reciclados, para o setor respons\u00e1vel pelo reaproveitamento; solicitar, em sistema informatizado, baixa e reposi\u00e7\u00e3o dos demais itens; organizar e manter limpa a \u00e1rea de trabalho, acondicionando materiais; recolher e fazer descarte de res\u00edduos, seguindo procedimentos da empresa.<\/p>\n\n\n\n<p><strong>Dispon\u00edvel at\u00e9 4\/11\/2025 ou encerramento da vaga<\/strong><\/p>\n\n\n\n<p><strong>2 vagas &#8211; Auxiliar de Expedi\u00e7\u00e3o Carga e Descarga<\/strong><\/p>\n\n\n\n<p><strong>Escolaridade &#8211;<\/strong> ensino m\u00e9dio completo;<\/p>\n\n\n\n<p><strong>Experi\u00eancia \u2013 <\/strong>seis meses na Carteira de Trabalho;<\/p>\n\n\n\n<p><strong>Requisitos Obrigat\u00f3rios <\/strong>&#8211; ter experi\u00eancia com entrega de mercadoria e possuir documenta\u00e7\u00e3o completa (com dispensa militar);<\/p>\n\n\n\n<p><strong>Atividades &#8211;<\/strong> auxiliar de expedi\u00e7\u00e3o de carga e descarga de caminh\u00e3o, acompanhando o motorista na prepara\u00e7\u00e3o e na entrega de mercadorias para transporte e movimenta\u00e7\u00e3o; fazer confer\u00eancias, organizar os materiais e ter manuseio com equipamentos como paleteiras e empilhadeiras.<\/p>\n\n\n\n<p><strong>Dispon\u00edvel at\u00e9 4\/11\/2025 ou encerramento da vaga<\/strong><\/p>\n\n\n\n<p><strong>SERVI\u00c7O &#8211; 81<\/strong><\/p>\n\n\n\n<p><strong>25 vagas &#8211; Atendente<\/strong><\/p>\n\n\n\n<p><strong>Escolaridade &#8211; <\/strong>ensino fundamental completo;<\/p>\n\n\n\n<p><strong>Experi\u00eancia \u2013<\/strong> n\u00e3o \u00e9 necess\u00e1rio;<\/p>\n\n\n\n<p><strong>Requisitos Obrigat\u00f3rios &#8211; <\/strong>a vaga \u00e9 destinada para candidatos que est\u00e3o em busca de novos desafios; o candidato vai precisar morar em: MG\/ RJ\/ ES\/ PA, ter disponibilidade para trabalhar em escala 6&#215;1 e possuir documenta\u00e7\u00e3o completa;<\/p>\n\n\n\n<p><strong>Atividades &#8211; <\/strong>recepcionar os clientes de forma cordial e atenciosa; realizar o atendimento e auxiliar na escolha do card\u00e1pio; registrar os pedidos e encaminh\u00e1-los \u00e0 cozinha; auxiliar na montagem e organiza\u00e7\u00e3o das mesas; realizar a manuten\u00e7\u00e3o, organiza\u00e7\u00e3o e limpeza do ambiente.<\/p>\n\n\n\n<p><strong>Dispon\u00edvel at\u00e9 4\/11\/2025 ou encerramento da vaga<\/strong><\/p>\n\n\n\n<p><strong>25 vagas &#8211; Auxiliar de Cozinha<\/strong><\/p>\n\n\n\n<p><strong>Escolaridade &#8211; <\/strong>ensino fundamental completo;<\/p>\n\n\n\n<p><strong>Experi\u00eancia \u2013<\/strong> n\u00e3o \u00e9 necess\u00e1rio;<\/p>\n\n\n\n<p><strong>Requisitos Obrigat\u00f3rios &#8211; <\/strong>a vaga \u00e9 destinada para candidatos que est\u00e3o em busca de novos desafios; o candidato vai precisar morar em: MG\/ RJ\/ ES\/ PA, ter disponibilidade para trabalhar em escala 6&#215;1 e possuir documenta\u00e7\u00e3o completa;<\/p>\n\n\n\n<p><strong>Atividades &#8211; <\/strong>prepara\u00e7\u00e3o e organiza\u00e7\u00e3o de alimentos, a higieniza\u00e7\u00e3o do ambiente e dos utens\u00edlios, e o apoio direto aos cozinheiros.<\/p>\n\n\n\n<p><strong>Dispon\u00edvel at\u00e9 4\/11\/2025 ou encerramento da vaga<\/strong><\/p>\n\n\n\n<p><strong>2 vagas &#8211; Auxiliar de Servi\u00e7os Gerais<\/strong><\/p>\n\n\n\n<p><strong>Escolaridade &#8211;<\/strong> ensino m\u00e9dio completo;<\/p>\n\n\n\n<p><strong>Experi\u00eancia \u2013 <\/strong>seis meses na Carteira de Trabalho;<\/p>\n\n\n\n<p><strong>Requisitos Obrigat\u00f3rios <\/strong>&#8211; ter experi\u00eancia com lavagem de carro e possuir documenta\u00e7\u00e3o completa (com dispensa militar);<\/p>\n\n\n\n<p><strong>Atividades &#8211;<\/strong> realiza diversas tarefas essenciais para a manuten\u00e7\u00e3o e organiza\u00e7\u00e3o de um local, como limpeza e higieniza\u00e7\u00e3o de \u00e1reas internas e externas, organiza\u00e7\u00e3o de materiais, apoio em servi\u00e7os de copa, coleta de lixo e pequenos reparos, entre outras atividades correlatas \u00e0 fun\u00e7\u00e3o.&nbsp;<\/p>\n\n\n\n<p><strong>Dispon\u00edvel at\u00e9 4\/11\/2025 ou encerramento da vaga<\/strong><\/p>\n\n\n\n<p><strong>2 vagas &#8211; Art\u00edfice de Manuten\u00e7\u00e3o<\/strong><\/p>\n\n\n\n<p><strong>Escolaridade &#8211;<\/strong> ensino m\u00e9dio completo;<\/p>\n\n\n\n<p><strong>Experi\u00eancia \u2013 <\/strong>seis meses na Carteira de Trabalho;<\/p>\n\n\n\n<p><strong>Requisitos Obrigat\u00f3rios <\/strong>&#8211; possuir documenta\u00e7\u00e3o completa (com dispensa militar);<\/p>\n\n\n\n<p><strong>Atividades &#8211;<\/strong> realizar atividades de manuten\u00e7\u00e3o predial em geral, servi\u00e7os de carpintaria, pedreiro, entre outras atividades correlatas \u00e0 fun\u00e7\u00e3o.<\/p>\n\n\n\n<p><strong>Dispon\u00edvel at\u00e9 4\/11\/2025 ou encerramento da vaga<\/strong><\/p>\n\n\n\n<p><strong>1 vaga &#8211; T\u00e9cnico de Refrigera\u00e7\u00e3o<\/strong><\/p>\n\n\n\n<p><strong>Escolaridade &#8211;<\/strong> ensino m\u00e9dio completo;<\/p>\n\n\n\n<p><strong>Experi\u00eancia \u2013 <\/strong>registrada na Carteira de Trabalho;<\/p>\n\n\n\n<p><strong>Requisitos Obrigat\u00f3rios <\/strong>&#8211; possuir documenta\u00e7\u00e3o completa (com dispensa militar);<\/p>\n\n\n\n<p><strong>Atividades &#8211;<\/strong> instalar, manter e reparar equipamentos de refrigera\u00e7\u00e3o e ar-condicionado, garantindo seu bom funcionamento, seguran\u00e7a e performance, al\u00e9m de realizar testes e ajustes necess\u00e1rios.<\/p>\n\n\n\n<p><strong>Dispon\u00edvel at\u00e9 4\/11\/2025 ou encerramento da vaga<\/strong><\/p>\n\n\n\n<p><strong>2 vagas &#8211; T\u00e9cnico Multifuncional<\/strong><\/p>\n\n\n\n<p><strong>Escolaridade &#8211;<\/strong> ensino m\u00e9dio completo;<\/p>\n\n\n\n<p><strong>Experi\u00eancia \u2013 <\/strong>seis meses na Carteira de Trabalho;<\/p>\n\n\n\n<p><strong>Requisitos Obrigat\u00f3rios <\/strong>&#8211; ter conhecimento em redes de dados e telefonia, dom\u00ednio de ferramentas em altura e instrumentos de medi\u00e7\u00e3o, habilidade para trabalhar em altura, espa\u00e7os confinados e possuir documenta\u00e7\u00e3o completa (com dispensa militar);<\/p>\n\n\n\n<p><strong>Atividades &#8211;<\/strong> instalar e configurar sistemas de telecomunica\u00e7\u00f5es; testar e monitorar sinais de transmiss\u00e3o; interpretar esquemas t\u00e9cnicos e diagramas de rede; documentar atividades e relat\u00f3rios t\u00e9cnicos.<\/p>\n\n\n\n<p><strong>Dispon\u00edvel at\u00e9 4\/11\/2025 ou encerramento da vaga<\/strong><\/p>\n\n\n\n<p><strong>2 vagas &#8211; T\u00e9cnico de Rede<\/strong><\/p>\n\n\n\n<p><strong>Escolaridade &#8211;<\/strong> ensino m\u00e9dio completo;<\/p>\n\n\n\n<p><strong>Experi\u00eancia \u2013 <\/strong>seis meses na Carteira de Trabalho;<\/p>\n\n\n\n<p><strong>Requisitos Obrigat\u00f3rios <\/strong>&#8211; ter conhecimento em redes de dados e telefonia, dom\u00ednio de ferramentas em instala\u00e7\u00e3o e manuten\u00e7\u00e3o de cabos e equipamentos, e possuir documenta\u00e7\u00e3o completa (com dispensa militar);<\/p>\n\n\n\n<p><strong>Atividades &#8211;<\/strong> instalar e configurar equipamentos de rede de telecomunica\u00e7\u00f5es; realizar manuten\u00e7\u00e3o preventiva e corretiva em infraestruturas de rede.<\/p>\n\n\n\n<p><strong>Dispon\u00edvel at\u00e9 4\/11\/2025 ou encerramento da vaga<\/strong><\/p>\n\n\n\n<p><strong>2 vagas &#8211; Art\u00edfice<\/strong><\/p>\n\n\n\n<p><strong>Escolaridade &#8211;<\/strong> ensino fundamental completo;<\/p>\n\n\n\n<p><strong>Experi\u00eancia \u2013 <\/strong>seis meses na Carteira de Trabalho;<\/p>\n\n\n\n<p><strong>Requisitos Obrigat\u00f3rios <\/strong>&#8211; ter habilidade no manuseio de ferramentas manuais e el\u00e9tricas, disponibilidade de hor\u00e1rio e possuir documenta\u00e7\u00e3o completa (com dispensa militar);<\/p>\n\n\n\n<p><strong>Atividades &#8211;<\/strong> executar tarefas de constru\u00e7\u00e3o, manuten\u00e7\u00e3o e reparo; garantir a qualidade dos materiais e servi\u00e7os utilizados; utilizar ferramentas e equipamentos adequados; realizar medi\u00e7\u00f5es e cortes precisos; identificar e solucionar problemas durante a obra e registrar o progresso das atividades.<\/p>\n\n\n\n<p><strong>Dispon\u00edvel at\u00e9 4\/11\/2025 ou encerramento da vaga<\/strong><\/p>\n\n\n\n<p><strong>1 vaga &#8211; Mec\u00e2nico de Ve\u00edculos a Diesel<\/strong><\/p>\n\n\n\n<p><strong>Escolaridade &#8211;<\/strong> ensino m\u00e9dio completo;<\/p>\n\n\n\n<p><strong>Experi\u00eancia \u2013 <\/strong>seis meses na Carteira de Trabalho;<\/p>\n\n\n\n<p><strong>Requisitos Obrigat\u00f3rios <\/strong>&#8211; possuir documenta\u00e7\u00e3o completa (com dispensa militar);<\/p>\n\n\n\n<p><strong>Atividades &#8211;<\/strong> manuten\u00e7\u00e3o mec\u00e2nica em ve\u00edculos pick up &#8216;s.<\/p>\n\n\n\n<p><strong>Dispon\u00edvel at\u00e9 4\/11\/2025 ou encerramento da vaga<\/strong><\/p>\n\n\n\n<p><strong>1 vaga &#8211; Vendedor Interno<\/strong><\/p>\n\n\n\n<p><strong>Escolaridade &#8211;<\/strong> ensino m\u00e9dio completo;<\/p>\n\n\n\n<p><strong>Experi\u00eancia \u2013 <\/strong>n\u00e3o \u00e9 necess\u00e1rio;<\/p>\n\n\n\n<p><strong>Requisitos Obrigat\u00f3rios <\/strong>&#8211; ter conhecimento intermedi\u00e1rio em Inform\u00e1tica, residir nos bairros: Alvorada, Da Paz, Dom Pedro, Planalto e Reden\u00e7\u00e3o, L\u00edrio do Vale ou proximidades e possuir documenta\u00e7\u00e3o completa;<\/p>\n\n\n\n<p><strong>Atividades &#8211;<\/strong> vender produtos e servi\u00e7os em resid\u00eancias e escrit\u00f3rios; planejar e discutir metas e estrat\u00e9gias de venda; contatar, visitar e entrevistar clientes; demonstrar produtos, avaliar o perfil dos clientes e fechar contratos de vendas; orientar, informar e visitar clientes no p\u00f3s-venda; acompanhar a entrega de produtos, requisitar manuten\u00e7\u00e3o de produtos.<\/p>\n\n\n\n<p><strong>Dispon\u00edvel at\u00e9 4\/11\/2025 ou encerramento da vaga<\/strong><\/p>\n\n\n\n<p><strong>2 vagas &#8211; Ajudante de Carga e Descarga<\/strong><\/p>\n\n\n\n<p><strong>Escolaridade &#8211;<\/strong> ensino fundamental completo;<\/p>\n\n\n\n<p><strong>Experi\u00eancia \u2013 <\/strong>n\u00e3o \u00e9 necess\u00e1rio;<\/p>\n\n\n\n<p><strong>Requisitos Obrigat\u00f3rios <\/strong>&#8211; possuir documenta\u00e7\u00e3o completa (com dispensa militar);<\/p>\n\n\n\n<p><strong>Atividades &#8211;<\/strong> separar mercadorias, carregar, e descarregar e entregar mercadorias em diversos pontos de Manaus, garantindo a confer\u00eancia dos pedidos e a sua integridade at\u00e9 o destino.<\/p>\n\n\n\n<p><strong>Dispon\u00edvel at\u00e9 4\/11\/2025 ou encerramento da vaga<\/strong><\/p>\n\n\n\n<p><strong>3 vagas &#8211; Ajudante de Carga e Descarga<\/strong><\/p>\n\n\n\n<p><strong>Escolaridade &#8211;<\/strong> ensino fundamental completo;<\/p>\n\n\n\n<p><strong>Experi\u00eancia \u2013 <\/strong>n\u00e3o \u00e9 necess\u00e1rio;<\/p>\n\n\n\n<p><strong>Requisitos Obrigat\u00f3rios <\/strong>&#8211; residir nos bairros: Grande Vit\u00f3ria, Gilberto Mestrinho, Jorge Teixeira, Santa In\u00eas ou proximidades e possuir documenta\u00e7\u00e3o completa (com dispensa militar);<\/p>\n\n\n\n<p><strong>Atividades &#8211;<\/strong> carregar e descarregar produtos em ve\u00edculos de transporte, como caminh\u00f5es, bem como organizar a \u00e1rea de trabalho e manter a ordem no armaz\u00e9m ou dep\u00f3sito.<\/p>\n\n\n\n<p><strong>Dispon\u00edvel at\u00e9 4\/11\/2025 ou encerramento da vaga<\/strong><\/p>\n\n\n\n<p><strong>1 vaga &#8211; Representante Comercial<\/strong><\/p>\n\n\n\n<p><strong>Escolaridade &#8211;<\/strong> ensino m\u00e9dio completo ou ensino superior completo;<\/p>\n\n\n\n<p><strong>Experi\u00eancia \u2013 <\/strong>tr\u00eas meses na Carteira de Trabalho;<\/p>\n\n\n\n<p><strong>Requisitos Obrigat\u00f3rios <\/strong>&#8211; possuir documenta\u00e7\u00e3o completa;<\/p>\n\n\n\n<p><strong>Atividades &#8211;<\/strong> atuar como intermedi\u00e1rio entre empresas e seus clientes, promovendo e vendendo produtos ou servi\u00e7os; atuar na prospec\u00e7\u00e3o de novos clientes, negocia\u00e7\u00e3o de contratos, apresenta\u00e7\u00e3o de cat\u00e1logos, amostras e garantia da satisfa\u00e7\u00e3o do cliente.<\/p>\n\n\n\n<p><strong>Dispon\u00edvel at\u00e9 4\/11\/2025 ou encerramento da vaga<\/strong><\/p>\n\n\n\n<p><strong>2 vagas &#8211; Costureira Profissional<\/strong><\/p>\n\n\n\n<p><strong>Escolaridade &#8211;<\/strong> ensino fundamental completo;<\/p>\n\n\n\n<p><strong>Experi\u00eancia \u2013 <\/strong>seis meses na Carteira de Trabalho;<\/p>\n\n\n\n<p><strong>Requisitos Obrigat\u00f3rios <\/strong>&#8211; possuir documenta\u00e7\u00e3o completa;<\/p>\n\n\n\n<p><strong>Atividades &#8211;<\/strong> costuras de uniformes e fardamentos, social, operacional e malharia.<\/p>\n\n\n\n<p><strong>Dispon\u00edvel at\u00e9 4\/11\/2025 ou encerramento da vaga<\/strong><\/p>\n\n\n\n<p><strong>4 vagas &#8211; Pedreiro<\/strong><\/p>\n\n\n\n<p><strong>Escolaridade &#8211;<\/strong> ensino m\u00e9dio completo;<\/p>\n\n\n\n<p><strong>Experi\u00eancia \u2013 <\/strong>seis meses na Carteira de Trabalho;<\/p>\n\n\n\n<p><strong>Requisitos Obrigat\u00f3rios <\/strong>&#8211; possuir documenta\u00e7\u00e3o completa;<\/p>\n\n\n\n<p><strong>Atividades &#8211;<\/strong> prepara\u00e7\u00e3o da massa de cimento e concreto; repara\u00e7\u00e3o e\/ou constru\u00e7\u00e3o de andaimes, valas, fossas, po\u00e7os; abertura de buracos, assentar tijolos, cimentar e outros; transportar materiais e ferramentas, bem como limpar o local de trabalho.<\/p>\n\n\n\n<p><strong>Dispon\u00edvel at\u00e9 4\/11\/2025 ou encerramento da vaga<\/strong><\/p>\n\n\n\n<p><strong>2 vagas &#8211; Ajudante de Obras<\/strong><\/p>\n\n\n\n<p><strong>Escolaridade &#8211;<\/strong> ensino m\u00e9dio completo;<\/p>\n\n\n\n<p><strong>Experi\u00eancia \u2013 <\/strong>seis meses na Carteira de Trabalho;<\/p>\n\n\n\n<p><strong>Requisitos Obrigat\u00f3rios <\/strong>&#8211;&nbsp; saber operar serra m\u00e1rmore, martelete 2kg e possuir documenta\u00e7\u00e3o completa (com dispensa militar);<\/p>\n\n\n\n<p><strong>Atividades &#8211;<\/strong> preparar e organizar o canteiro, preparar materiais, limpar e manusear ferramentas, executar tarefas de apoio como carregar e descarregar materiais, cavar valas, e auxiliar na demoli\u00e7\u00e3o, sempre seguindo as normas de seguran\u00e7a e sa\u00fade.<\/p>\n\n\n\n<p><strong>Dispon\u00edvel at\u00e9 4\/11\/2025 ou encerramento da vaga<\/strong><\/p>\n\n\n\n<p><strong>2 vagas &#8211; T\u00e9cnico em Seguran\u00e7a do Trabalho<\/strong><\/p>\n\n\n\n<p><strong>Escolaridade &#8211;<\/strong> ensino t\u00e9cnico completo em Seguran\u00e7a do Trabalho;<\/p>\n\n\n\n<p><strong>Experi\u00eancia \u2013 <\/strong>registrada na Carteira de Trabalho;<\/p>\n\n\n\n<p><strong>Requisitos Obrigat\u00f3rios <\/strong>&#8211; possuir documenta\u00e7\u00e3o completa;<\/p>\n\n\n\n<p><strong>Atividades &#8211;<\/strong> elaborar, participar da elabora\u00e7\u00e3o e implementar pol\u00edtica de sa\u00fade e seguran\u00e7a no trabalho; realizar auditoria, acompanhamento e avalia\u00e7\u00e3o na \u00e1rea; identificar vari\u00e1veis de controle de doen\u00e7as, acidentes, qualidade de vida e meio ambiente; desenvolver a\u00e7\u00f5es educativas na \u00e1rea de sa\u00fade e seguran\u00e7a no trabalho; participar de per\u00edcias e fiscaliza\u00e7\u00f5es e integrar processos de negocia\u00e7\u00e3o; participar da ado\u00e7\u00e3o de tecnologias e processos de trabalho; gerenciar documenta\u00e7\u00e3o de SST; investigar, analisar acidentes e recomendar medidas de preven\u00e7\u00e3o e controle.<\/p>\n\n\n\n<p><strong>Dispon\u00edvel at\u00e9 4\/11\/2025 ou encerramento da vaga<\/strong><\/p>\n\n\n\n<p><strong>1 vaga &#8211; Auxiliar de Recursos Humanos<\/strong><\/p>\n\n\n\n<p><strong>Escolaridade &#8211;<\/strong> ensino superior completo ou cursando Recursos Humanos, Administra\u00e7\u00e3o ou Psicologia;<\/p>\n\n\n\n<p><strong>Experi\u00eancia \u2013 <\/strong>seis meses na Carteira de Trabalho;<\/p>\n\n\n\n<p><strong>Requisitos Obrigat\u00f3rios <\/strong>&#8211; possuir documenta\u00e7\u00e3o completa;<\/p>\n\n\n\n<p><strong>Atividades &#8211;<\/strong> gest\u00e3o e organiza\u00e7\u00e3o do setor, atuar \u00e0 frente das rotinas do setor de RH, garantindo o cumprimento de prazos e processos internos, acompanhar e orientar os demais colaboradores do setor, distribuindo demandas conforme a necessidade .<\/p>\n\n\n\n<p><strong>Dispon\u00edvel at\u00e9 4\/11\/2025 ou encerramento da vaga<\/strong><\/p>\n\n\n\n<p><strong>1 vaga &#8211; Auxiliar de Almoxarifado<\/strong><\/p>\n\n\n\n<p><strong>Escolaridade &#8211;<\/strong> ensino m\u00e9dio completo;<\/p>\n\n\n\n<p><strong>Experi\u00eancia \u2013 <\/strong>seis meses na Carteira de Trabalho;<\/p>\n\n\n\n<p><strong>Requisitos Obrigat\u00f3rios <\/strong>&#8211; ter Carteira Nacional de Habilita\u00e7\u00e3o categoria \u201cB\u201d e possuir documenta\u00e7\u00e3o completa (com dispensa militar);<\/p>\n\n\n\n<p><strong>Atividades &#8211;<\/strong> receber, conferir e organizar materiais e produtos no almoxarifado, controlar entradas e sa\u00eddas de mercadorias, garantindo a precis\u00e3o do estoque.<\/p>\n\n\n\n<p><strong>Dispon\u00edvel at\u00e9 4\/11\/2025 ou encerramento da vaga<\/strong><\/p>\n\n\n\n<p><strong>VAGAS DESTINADAS PARA PESSOAS COM DEFICI\u00caNCIA (PCD\u2019S) &#8211; 10<\/strong><\/p>\n\n\n\n<p><strong>10 vagas &#8211; Auxiliar de Limpeza &#8211; Vagas destinadas para Pessoa com Defici\u00eancia (PCD)<\/strong><\/p>\n\n\n\n<p><strong>Escolaridade &#8211;<\/strong> ensino fundamental completo;<\/p>\n\n\n\n<p><strong>Experi\u00eancia \u2013 <\/strong>seis meses na Carteira de Trabalho;<\/p>\n\n\n\n<p><strong>Requisitos Obrigat\u00f3rios <\/strong>&#8211; possuir documenta\u00e7\u00e3o completa;<\/p>\n\n\n\n<p><strong>Atividades &#8211;<\/strong> varrer, espanar, raspar, encerar, lavar e polir; limpar e higienizar ambientes, como pisos, sanit\u00e1rios, corredores, escadas, rampas, azulejos, galerias e outras \u00e1reas comuns; remover lixo, poeira e res\u00edduos; manter a organiza\u00e7\u00e3o e limpeza di\u00e1ria dos espa\u00e7os.<\/p>\n\n\n\n<p><strong>Dispon\u00edvel at\u00e9 4\/11\/2025 ou encerramento da vaga<\/strong><\/p>\n\n\n\n<p><strong>&#8212; &#8212; &#8212;<\/strong><\/p>\n\n\n\n<p><strong>Texto \u2013 <\/strong>Divulga\u00e7\u00e3o \/ Semtepi<\/p>\n\n\n\n<p><strong>Fotos \u2013 <\/strong>Arquivo \/ Semcom<\/p>\n\n\n\n<p><strong>Dispon\u00edveis em \u2013 <\/strong><a href=\"https:\/\/flic.kr\/s\/aHBqjCetWK\">https:\/\/flic.kr\/s\/aHBqjCetWK<\/a><\/p>\n","protected":false},"excerpt":{"rendered":"","protected":false},"author":23,"featured_media":5860,"comment_status":"closed","ping_status":"closed","sticky":false,"template":"","format":"standard","meta":{"footnotes":""},"categories":[5],"tags":[250,8,9,10,12],"acf":[],"yoast_head":"<!-- This site is optimized with the Yoast SEO plugin v23.0 - https:\/\/yoast.com\/wordpress\/plugins\/seo\/ -->\n<title>Sine Manaus oferta 506 vagas de emprego nesta ter\u00e7a\u2013feira, 4\/11<\/title>\n<meta name=\"description\" content=\"A Prefeitura de Manaus, por meio do Sine Manaus, oferta 506 vagas de emprego em v\u00e1rias \u00e1reas de atua\u00e7\u00e3o, nesta ter\u00e7a-feira, 4\/11, das 8h \u00e0s 14h. O candidato pode validar a Carteira Digital e Previd\u00eancia Social (CTPS) no aplicativo \u201cCarteira de Trabalho Digital\u201d ou acessar o site http:\/\/gov.br\/trabalho.\" \/>\n<meta name=\"robots\" content=\"noindex, follow\" \/>\n<meta property=\"og:locale\" content=\"pt_BR\" \/>\n<meta property=\"og:type\" content=\"article\" \/>\n<meta property=\"og:title\" content=\"Sine Manaus oferta 506 vagas de emprego nesta ter\u00e7a\u2013feira, 4\/11\" \/>\n<meta property=\"og:description\" content=\"A Prefeitura de Manaus, por meio do Sine Manaus, oferta 506 vagas de emprego em v\u00e1rias \u00e1reas de atua\u00e7\u00e3o, nesta ter\u00e7a-feira, 4\/11, das 8h \u00e0s 14h. O candidato pode validar a Carteira Digital e Previd\u00eancia Social (CTPS) no aplicativo \u201cCarteira de Trabalho Digital\u201d ou acessar o site http:\/\/gov.br\/trabalho.\" \/>\n<meta property=\"og:url\" content=\"https:\/\/www.manaus.am.gov.br\/semtepi\/oportunidade\/prefeitura-sinemanaus-vagas0411\/\" \/>\n<meta property=\"og:site_name\" content=\"SEMTEPI\" \/>\n<meta property=\"article:published_time\" content=\"2025-11-03T17:20:49+00:00\" \/>\n<meta property=\"article:modified_time\" content=\"2025-11-03T17:20:50+00:00\" \/>\n<meta property=\"og:image\" content=\"https:\/\/www.manaus.am.gov.br\/semtepi\/wp-content\/uploads\/sites\/20\/2025\/02\/Sine-Manaus-oferta-120-vagas.jpg\" \/>\n\t<meta property=\"og:image:width\" content=\"799\" \/>\n\t<meta property=\"og:image:height\" content=\"533\" \/>\n\t<meta property=\"og:image:type\" content=\"image\/jpeg\" \/>\n<meta name=\"author\" content=\"Adriana Costa\" \/>\n<meta name=\"twitter:card\" content=\"summary_large_image\" \/>\n<meta name=\"twitter:label1\" content=\"Written by\" \/>\n\t<meta name=\"twitter:data1\" content=\"Adriana Costa\" \/>\n\t<meta name=\"twitter:label2\" content=\"Est. reading time\" \/>\n\t<meta name=\"twitter:data2\" content=\"29 minutos\" \/>\n<script type=\"application\/ld+json\" class=\"yoast-schema-graph\">{\"@context\":\"https:\/\/schema.org\",\"@graph\":[{\"@type\":\"Article\",\"@id\":\"https:\/\/www.manaus.am.gov.br\/semtepi\/oportunidade\/prefeitura-sinemanaus-vagas0411\/#article\",\"isPartOf\":{\"@id\":\"https:\/\/www.manaus.am.gov.br\/semtepi\/oportunidade\/prefeitura-sinemanaus-vagas0411\/\"},\"author\":{\"name\":\"Adriana Costa\",\"@id\":\"https:\/\/www.manaus.am.gov.br\/semtepi\/#\/schema\/person\/4e49f4e267757a06ca072ec61b2b9968\"},\"headline\":\"Sine Manaus oferta 506 vagas de emprego nesta ter\u00e7a\u2013feira, 4\/11\",\"datePublished\":\"2025-11-03T17:20:49+00:00\",\"dateModified\":\"2025-11-03T17:20:50+00:00\",\"mainEntityOfPage\":{\"@id\":\"https:\/\/www.manaus.am.gov.br\/semtepi\/oportunidade\/prefeitura-sinemanaus-vagas0411\/\"},\"wordCount\":6013,\"publisher\":{\"@id\":\"https:\/\/www.manaus.am.gov.br\/semtepi\/#organization\"},\"image\":{\"@id\":\"https:\/\/www.manaus.am.gov.br\/semtepi\/oportunidade\/prefeitura-sinemanaus-vagas0411\/#primaryimage\"},\"thumbnailUrl\":\"https:\/\/www.manaus.am.gov.br\/semtepi\/wp-content\/uploads\/sites\/20\/2025\/02\/Sine-Manaus-oferta-120-vagas.jpg\",\"keywords\":[\"Empregos\",\"prefeitura de manaus\",\"Semtepi\",\"sine manaus\",\"vagas\"],\"articleSection\":[\"Oportunidade\"],\"inLanguage\":\"pt-BR\"},{\"@type\":\"WebPage\",\"@id\":\"https:\/\/www.manaus.am.gov.br\/semtepi\/oportunidade\/prefeitura-sinemanaus-vagas0411\/\",\"url\":\"https:\/\/www.manaus.am.gov.br\/semtepi\/oportunidade\/prefeitura-sinemanaus-vagas0411\/\",\"name\":\"Sine Manaus oferta 506 vagas de emprego nesta ter\u00e7a\u2013feira, 4\/11\",\"isPartOf\":{\"@id\":\"https:\/\/www.manaus.am.gov.br\/semtepi\/#website\"},\"primaryImageOfPage\":{\"@id\":\"https:\/\/www.manaus.am.gov.br\/semtepi\/oportunidade\/prefeitura-sinemanaus-vagas0411\/#primaryimage\"},\"image\":{\"@id\":\"https:\/\/www.manaus.am.gov.br\/semtepi\/oportunidade\/prefeitura-sinemanaus-vagas0411\/#primaryimage\"},\"thumbnailUrl\":\"https:\/\/www.manaus.am.gov.br\/semtepi\/wp-content\/uploads\/sites\/20\/2025\/02\/Sine-Manaus-oferta-120-vagas.jpg\",\"datePublished\":\"2025-11-03T17:20:49+00:00\",\"dateModified\":\"2025-11-03T17:20:50+00:00\",\"description\":\"A Prefeitura de Manaus, por meio do Sine Manaus, oferta 506 vagas de emprego em v\u00e1rias \u00e1reas de atua\u00e7\u00e3o, nesta ter\u00e7a-feira, 4\/11, das 8h \u00e0s 14h. O candidato pode validar a Carteira Digital e Previd\u00eancia Social (CTPS) no aplicativo \u201cCarteira de Trabalho Digital\u201d ou acessar o site http:\/\/gov.br\/trabalho.\",\"breadcrumb\":{\"@id\":\"https:\/\/www.manaus.am.gov.br\/semtepi\/oportunidade\/prefeitura-sinemanaus-vagas0411\/#breadcrumb\"},\"inLanguage\":\"pt-BR\",\"potentialAction\":[{\"@type\":\"ReadAction\",\"target\":[\"https:\/\/www.manaus.am.gov.br\/semtepi\/oportunidade\/prefeitura-sinemanaus-vagas0411\/\"]}]},{\"@type\":\"ImageObject\",\"inLanguage\":\"pt-BR\",\"@id\":\"https:\/\/www.manaus.am.gov.br\/semtepi\/oportunidade\/prefeitura-sinemanaus-vagas0411\/#primaryimage\",\"url\":\"https:\/\/www.manaus.am.gov.br\/semtepi\/wp-content\/uploads\/sites\/20\/2025\/02\/Sine-Manaus-oferta-120-vagas.jpg\",\"contentUrl\":\"https:\/\/www.manaus.am.gov.br\/semtepi\/wp-content\/uploads\/sites\/20\/2025\/02\/Sine-Manaus-oferta-120-vagas.jpg\",\"width\":799,\"height\":533,\"caption\":\"Sine Manaus oferta 120 vagas\"},{\"@type\":\"BreadcrumbList\",\"@id\":\"https:\/\/www.manaus.am.gov.br\/semtepi\/oportunidade\/prefeitura-sinemanaus-vagas0411\/#breadcrumb\",\"itemListElement\":[{\"@type\":\"ListItem\",\"position\":1,\"name\":\"Home\",\"item\":\"https:\/\/www.manaus.am.gov.br\/semtepi\/\"},{\"@type\":\"ListItem\",\"position\":2,\"name\":\"Sine Manaus oferta 506 vagas de emprego nesta ter\u00e7a\u2013feira, 4\/11\"}]},{\"@type\":\"WebSite\",\"@id\":\"https:\/\/www.manaus.am.gov.br\/semtepi\/#website\",\"url\":\"https:\/\/www.manaus.am.gov.br\/semtepi\/\",\"name\":\"SEMTEPI\",\"description\":\"Prefeitura de Manaus\",\"publisher\":{\"@id\":\"https:\/\/www.manaus.am.gov.br\/semtepi\/#organization\"},\"alternateName\":\"Secretaria Municipal do Trabalho, Empreendedorismo e Inova\u00e7\u00e3o\",\"potentialAction\":[{\"@type\":\"SearchAction\",\"target\":{\"@type\":\"EntryPoint\",\"urlTemplate\":\"https:\/\/www.manaus.am.gov.br\/semtepi\/?s={search_term_string}\"},\"query-input\":\"required name=search_term_string\"}],\"inLanguage\":\"pt-BR\"},{\"@type\":\"Organization\",\"@id\":\"https:\/\/www.manaus.am.gov.br\/semtepi\/#organization\",\"name\":\"Prefeitura Municipal de Manaus\",\"alternateName\":\"Prefeitura de Manaus\",\"url\":\"https:\/\/www.manaus.am.gov.br\/semtepi\/\",\"logo\":{\"@type\":\"ImageObject\",\"inLanguage\":\"pt-BR\",\"@id\":\"https:\/\/www.manaus.am.gov.br\/semtepi\/#\/schema\/logo\/image\/\",\"url\":\"https:\/\/www.manaus.am.gov.br\/semtepi\/wp-content\/uploads\/sites\/20\/2024\/07\/favicon.png\",\"contentUrl\":\"https:\/\/www.manaus.am.gov.br\/semtepi\/wp-content\/uploads\/sites\/20\/2024\/07\/favicon.png\",\"width\":300,\"height\":300,\"caption\":\"Prefeitura Municipal de Manaus\"},\"image\":{\"@id\":\"https:\/\/www.manaus.am.gov.br\/semtepi\/#\/schema\/logo\/image\/\"}},{\"@type\":\"Person\",\"@id\":\"https:\/\/www.manaus.am.gov.br\/semtepi\/#\/schema\/person\/4e49f4e267757a06ca072ec61b2b9968\",\"name\":\"Adriana Costa\",\"image\":{\"@type\":\"ImageObject\",\"inLanguage\":\"pt-BR\",\"@id\":\"https:\/\/www.manaus.am.gov.br\/semtepi\/#\/schema\/person\/image\/\",\"url\":\"https:\/\/secure.gravatar.com\/avatar\/576258617ef7194f718179e766d57bd4?s=96&d=mm&r=g\",\"contentUrl\":\"https:\/\/secure.gravatar.com\/avatar\/576258617ef7194f718179e766d57bd4?s=96&d=mm&r=g\",\"caption\":\"Adriana Costa\"}}]}<\/script>\n<!-- \/ Yoast SEO plugin. -->","yoast_head_json":{"title":"Sine Manaus oferta 506 vagas de emprego nesta ter\u00e7a\u2013feira, 4\/11","description":"A Prefeitura de Manaus, por meio do Sine Manaus, oferta 506 vagas de emprego em v\u00e1rias \u00e1reas de atua\u00e7\u00e3o, nesta ter\u00e7a-feira, 4\/11, das 8h \u00e0s 14h. O candidato pode validar a Carteira Digital e Previd\u00eancia Social (CTPS) no aplicativo \u201cCarteira de Trabalho Digital\u201d ou acessar o site http:\/\/gov.br\/trabalho.","robots":{"index":"noindex","follow":"follow"},"og_locale":"pt_BR","og_type":"article","og_title":"Sine Manaus oferta 506 vagas de emprego nesta ter\u00e7a\u2013feira, 4\/11","og_description":"A Prefeitura de Manaus, por meio do Sine Manaus, oferta 506 vagas de emprego em v\u00e1rias \u00e1reas de atua\u00e7\u00e3o, nesta ter\u00e7a-feira, 4\/11, das 8h \u00e0s 14h. O candidato pode validar a Carteira Digital e Previd\u00eancia Social (CTPS) no aplicativo \u201cCarteira de Trabalho Digital\u201d ou acessar o site http:\/\/gov.br\/trabalho.","og_url":"https:\/\/www.manaus.am.gov.br\/semtepi\/oportunidade\/prefeitura-sinemanaus-vagas0411\/","og_site_name":"SEMTEPI","article_published_time":"2025-11-03T17:20:49+00:00","article_modified_time":"2025-11-03T17:20:50+00:00","og_image":[{"width":799,"height":533,"url":"https:\/\/www.manaus.am.gov.br\/semtepi\/wp-content\/uploads\/sites\/20\/2025\/02\/Sine-Manaus-oferta-120-vagas.jpg","type":"image\/jpeg"}],"author":"Adriana Costa","twitter_card":"summary_large_image","twitter_misc":{"Written by":"Adriana Costa","Est. reading time":"29 minutos"},"schema":{"@context":"https:\/\/schema.org","@graph":[{"@type":"Article","@id":"https:\/\/www.manaus.am.gov.br\/semtepi\/oportunidade\/prefeitura-sinemanaus-vagas0411\/#article","isPartOf":{"@id":"https:\/\/www.manaus.am.gov.br\/semtepi\/oportunidade\/prefeitura-sinemanaus-vagas0411\/"},"author":{"name":"Adriana Costa","@id":"https:\/\/www.manaus.am.gov.br\/semtepi\/#\/schema\/person\/4e49f4e267757a06ca072ec61b2b9968"},"headline":"Sine Manaus oferta 506 vagas de emprego nesta ter\u00e7a\u2013feira, 4\/11","datePublished":"2025-11-03T17:20:49+00:00","dateModified":"2025-11-03T17:20:50+00:00","mainEntityOfPage":{"@id":"https:\/\/www.manaus.am.gov.br\/semtepi\/oportunidade\/prefeitura-sinemanaus-vagas0411\/"},"wordCount":6013,"publisher":{"@id":"https:\/\/www.manaus.am.gov.br\/semtepi\/#organization"},"image":{"@id":"https:\/\/www.manaus.am.gov.br\/semtepi\/oportunidade\/prefeitura-sinemanaus-vagas0411\/#primaryimage"},"thumbnailUrl":"https:\/\/www.manaus.am.gov.br\/semtepi\/wp-content\/uploads\/sites\/20\/2025\/02\/Sine-Manaus-oferta-120-vagas.jpg","keywords":["Empregos","prefeitura de manaus","Semtepi","sine manaus","vagas"],"articleSection":["Oportunidade"],"inLanguage":"pt-BR"},{"@type":"WebPage","@id":"https:\/\/www.manaus.am.gov.br\/semtepi\/oportunidade\/prefeitura-sinemanaus-vagas0411\/","url":"https:\/\/www.manaus.am.gov.br\/semtepi\/oportunidade\/prefeitura-sinemanaus-vagas0411\/","name":"Sine Manaus oferta 506 vagas de emprego nesta ter\u00e7a\u2013feira, 4\/11","isPartOf":{"@id":"https:\/\/www.manaus.am.gov.br\/semtepi\/#website"},"primaryImageOfPage":{"@id":"https:\/\/www.manaus.am.gov.br\/semtepi\/oportunidade\/prefeitura-sinemanaus-vagas0411\/#primaryimage"},"image":{"@id":"https:\/\/www.manaus.am.gov.br\/semtepi\/oportunidade\/prefeitura-sinemanaus-vagas0411\/#primaryimage"},"thumbnailUrl":"https:\/\/www.manaus.am.gov.br\/semtepi\/wp-content\/uploads\/sites\/20\/2025\/02\/Sine-Manaus-oferta-120-vagas.jpg","datePublished":"2025-11-03T17:20:49+00:00","dateModified":"2025-11-03T17:20:50+00:00","description":"A Prefeitura de Manaus, por meio do Sine Manaus, oferta 506 vagas de emprego em v\u00e1rias \u00e1reas de atua\u00e7\u00e3o, nesta ter\u00e7a-feira, 4\/11, das 8h \u00e0s 14h. O candidato pode validar a Carteira Digital e Previd\u00eancia Social (CTPS) no aplicativo \u201cCarteira de Trabalho Digital\u201d ou acessar o site http:\/\/gov.br\/trabalho.","breadcrumb":{"@id":"https:\/\/www.manaus.am.gov.br\/semtepi\/oportunidade\/prefeitura-sinemanaus-vagas0411\/#breadcrumb"},"inLanguage":"pt-BR","potentialAction":[{"@type":"ReadAction","target":["https:\/\/www.manaus.am.gov.br\/semtepi\/oportunidade\/prefeitura-sinemanaus-vagas0411\/"]}]},{"@type":"ImageObject","inLanguage":"pt-BR","@id":"https:\/\/www.manaus.am.gov.br\/semtepi\/oportunidade\/prefeitura-sinemanaus-vagas0411\/#primaryimage","url":"https:\/\/www.manaus.am.gov.br\/semtepi\/wp-content\/uploads\/sites\/20\/2025\/02\/Sine-Manaus-oferta-120-vagas.jpg","contentUrl":"https:\/\/www.manaus.am.gov.br\/semtepi\/wp-content\/uploads\/sites\/20\/2025\/02\/Sine-Manaus-oferta-120-vagas.jpg","width":799,"height":533,"caption":"Sine Manaus oferta 120 vagas"},{"@type":"BreadcrumbList","@id":"https:\/\/www.manaus.am.gov.br\/semtepi\/oportunidade\/prefeitura-sinemanaus-vagas0411\/#breadcrumb","itemListElement":[{"@type":"ListItem","position":1,"name":"Home","item":"https:\/\/www.manaus.am.gov.br\/semtepi\/"},{"@type":"ListItem","position":2,"name":"Sine Manaus oferta 506 vagas de emprego nesta ter\u00e7a\u2013feira, 4\/11"}]},{"@type":"WebSite","@id":"https:\/\/www.manaus.am.gov.br\/semtepi\/#website","url":"https:\/\/www.manaus.am.gov.br\/semtepi\/","name":"SEMTEPI","description":"Prefeitura de Manaus","publisher":{"@id":"https:\/\/www.manaus.am.gov.br\/semtepi\/#organization"},"alternateName":"Secretaria Municipal do Trabalho, Empreendedorismo e Inova\u00e7\u00e3o","potentialAction":[{"@type":"SearchAction","target":{"@type":"EntryPoint","urlTemplate":"https:\/\/www.manaus.am.gov.br\/semtepi\/?s={search_term_string}"},"query-input":"required name=search_term_string"}],"inLanguage":"pt-BR"},{"@type":"Organization","@id":"https:\/\/www.manaus.am.gov.br\/semtepi\/#organization","name":"Prefeitura Municipal de Manaus","alternateName":"Prefeitura de Manaus","url":"https:\/\/www.manaus.am.gov.br\/semtepi\/","logo":{"@type":"ImageObject","inLanguage":"pt-BR","@id":"https:\/\/www.manaus.am.gov.br\/semtepi\/#\/schema\/logo\/image\/","url":"https:\/\/www.manaus.am.gov.br\/semtepi\/wp-content\/uploads\/sites\/20\/2024\/07\/favicon.png","contentUrl":"https:\/\/www.manaus.am.gov.br\/semtepi\/wp-content\/uploads\/sites\/20\/2024\/07\/favicon.png","width":300,"height":300,"caption":"Prefeitura Municipal de Manaus"},"image":{"@id":"https:\/\/www.manaus.am.gov.br\/semtepi\/#\/schema\/logo\/image\/"}},{"@type":"Person","@id":"https:\/\/www.manaus.am.gov.br\/semtepi\/#\/schema\/person\/4e49f4e267757a06ca072ec61b2b9968","name":"Adriana Costa","image":{"@type":"ImageObject","inLanguage":"pt-BR","@id":"https:\/\/www.manaus.am.gov.br\/semtepi\/#\/schema\/person\/image\/","url":"https:\/\/secure.gravatar.com\/avatar\/576258617ef7194f718179e766d57bd4?s=96&d=mm&r=g","contentUrl":"https:\/\/secure.gravatar.com\/avatar\/576258617ef7194f718179e766d57bd4?s=96&d=mm&r=g","caption":"Adriana Costa"}}]}},"_links":{"self":[{"href":"https:\/\/www.manaus.am.gov.br\/semtepi\/wp-json\/wp\/v2\/posts\/7210"}],"collection":[{"href":"https:\/\/www.manaus.am.gov.br\/semtepi\/wp-json\/wp\/v2\/posts"}],"about":[{"href":"https:\/\/www.manaus.am.gov.br\/semtepi\/wp-json\/wp\/v2\/types\/post"}],"author":[{"embeddable":true,"href":"https:\/\/www.manaus.am.gov.br\/semtepi\/wp-json\/wp\/v2\/users\/23"}],"replies":[{"embeddable":true,"href":"https:\/\/www.manaus.am.gov.br\/semtepi\/wp-json\/wp\/v2\/comments?post=7210"}],"version-history":[{"count":0,"href":"https:\/\/www.manaus.am.gov.br\/semtepi\/wp-json\/wp\/v2\/posts\/7210\/revisions"}],"wp:featuredmedia":[{"embeddable":true,"href":"https:\/\/www.manaus.am.gov.br\/semtepi\/wp-json\/wp\/v2\/media\/5860"}],"wp:attachment":[{"href":"https:\/\/www.manaus.am.gov.br\/semtepi\/wp-json\/wp\/v2\/media?parent=7210"}],"wp:term":[{"taxonomy":"category","embeddable":true,"href":"https:\/\/www.manaus.am.gov.br\/semtepi\/wp-json\/wp\/v2\/categories?post=7210"},{"taxonomy":"post_tag","embeddable":true,"href":"https:\/\/www.manaus.am.gov.br\/semtepi\/wp-json\/wp\/v2\/tags?post=7210"}],"curies":[{"name":"wp","href":"https:\/\/api.w.org\/{rel}","templated":true}]}}