{"id":7185,"date":"2025-10-23T14:45:58","date_gmt":"2025-10-23T18:45:58","guid":{"rendered":"https:\/\/www.manaus.am.gov.br\/semtepi\/sem-categoria\/outubro-rosa-treinamento-mulheres\/"},"modified":"2025-10-23T14:45:58","modified_gmt":"2025-10-23T18:45:58","slug":"outubro-rosa-treinamento-mulheres","status":"publish","type":"post","link":"https:\/\/www.manaus.am.gov.br\/semtepi\/outubro-rosa\/outubro-rosa-treinamento-mulheres\/","title":{"rendered":"Prefeitura de Manaus promove treinamento \u2018Estrat\u00e9gias de Vendas para Mulheres utilizando o ChatGPT\u2019"},"content":{"rendered":"\n<p>Em alus\u00e3o ao m\u00eas do \u201cOutubro Rosa\u201d, a Prefeitura de Manaus, por meio da Secretaria Municipal do Trabalho, Empreendedorismo e Inova\u00e7\u00e3o (Semtepi), em parceria com a Ambiente Digital, promover\u00e1, no dia 31\/10, o treinamento \u201cEstrat\u00e9gias de Vendas para Mulheres utilizando o ChatGPT\u201d. O curso ser\u00e1 realizado das 9h \u00e0s 12h, no Casar\u00e3o da Inova\u00e7\u00e3o Cassina, localizado na&nbsp;<a href=\"https:\/\/www.google.com\/maps\/search\/rua+Bernardo+Ramos,+n%C2%BA+295?entry=gmail&amp;source=g\" target=\"_blank\" rel=\"noreferrer noopener\">rua Bernardo Ramos, n\u00ba 295<\/a>, Centro.<\/p>\n\n\n\n<p>Com a oferta de 80 vagas gratuitas, a capacita\u00e7\u00e3o \u00e9 voltada para mulheres interessadas em aprimorar suas habilidades de comunica\u00e7\u00e3o e vendas com o aux\u00edlio do ChatGPT. Durante o treinamento, as participantes aprender\u00e3o, de forma pr\u00e1tica e acess\u00edvel, a criar prompts que vendem, desenvolver estrat\u00e9gias de conte\u00fado para redes sociais e plataformas digitais.<\/p>\n\n\n\n<p>\u201cO \u2018Outubro Rosa\u2019 \u00e9 um momento de cuidado e conscientiza\u00e7\u00e3o, mas tamb\u00e9m de fortalecimento. Queremos que as mulheres sintam que s\u00e3o capazes de inovar, empreender e crescer. Este treinamento une tecnologia e sensibilidade feminina, mostrando que o conhecimento \u00e9 uma das formas mais poderosas de empoderamento\u201d, afirmou o secret\u00e1rio da Semtepi, Alonso Oliveira.<\/p>\n\n\n\n<p>As inscri\u00e7\u00f5es estar\u00e3o abertas na pr\u00f3xima ter\u00e7a-feira, 28\/10, das 8h \u00e0s 17h, e podem ser efetuadas pelo link:\u00a0<a href=\"https:\/\/forms.gle\/kXRSTuggL1szftyo8\" target=\"_blank\" rel=\"noreferrer noopener\">https:\/\/forms.gle\/kXRSTuggL1szftyo8<\/a>. A lista de selecionadas ser\u00e1 divulgada na quarta-feira, 29\/10.<\/p>\n\n\n\n<figure class=\"wp-block-image size-large\"><img loading=\"lazy\" decoding=\"async\" width=\"1024\" height=\"684\" src=\"https:\/\/www.manaus.am.gov.br\/semtepi\/wp-content\/uploads\/sites\/20\/2025\/10\/CA2_0818-1024x684.jpg\" alt=\"\" class=\"wp-image-7187\" srcset=\"https:\/\/www.manaus.am.gov.br\/semtepi\/wp-content\/uploads\/sites\/20\/2025\/10\/CA2_0818-1024x684.jpg 1024w, https:\/\/www.manaus.am.gov.br\/semtepi\/wp-content\/uploads\/sites\/20\/2025\/10\/CA2_0818-300x201.jpg 300w, https:\/\/www.manaus.am.gov.br\/semtepi\/wp-content\/uploads\/sites\/20\/2025\/10\/CA2_0818-768x513.jpg 768w, https:\/\/www.manaus.am.gov.br\/semtepi\/wp-content\/uploads\/sites\/20\/2025\/10\/CA2_0818-1536x1027.jpg 1536w, https:\/\/www.manaus.am.gov.br\/semtepi\/wp-content\/uploads\/sites\/20\/2025\/10\/CA2_0818-2048x1369.jpg 2048w\" sizes=\"(max-width: 1024px) 100vw, 1024px\" \/><\/figure>\n\n\n\n<p>&#8212; &#8212; &#8212;<\/p>\n\n\n\n<p><strong>Texto\u00a0<\/strong>\u2013 Fabiane Monteiro\/Semtepi<\/p>\n\n\n\n<p><strong>Fotos \u2013 <\/strong>Divulga\u00e7\u00e3o\/Semtepi<\/p>\n","protected":false},"excerpt":{"rendered":"","protected":false},"author":39,"featured_media":7186,"comment_status":"closed","ping_status":"closed","sticky":false,"template":"","format":"standard","meta":{"footnotes":""},"categories":[1582],"tags":[1583,8,9,152],"acf":[],"yoast_head":"<!-- This site is optimized with the Yoast SEO plugin v23.0 - https:\/\/yoast.com\/wordpress\/plugins\/seo\/ -->\n<title>Treinamento \u2018Estrat\u00e9gias de Vendas para Mulheres utilizando o ChatGPT\u2019<\/title>\n<meta name=\"description\" content=\"Prefeitura de Manaus, por meio da Semtepi, promove treinamento \u2018Estrat\u00e9gias de Vendas para Mulheres utilizando o ChatGPT\u2019.\" \/>\n<meta name=\"robots\" content=\"noindex, follow\" \/>\n<meta property=\"og:locale\" content=\"pt_BR\" \/>\n<meta property=\"og:type\" content=\"article\" \/>\n<meta property=\"og:title\" content=\"Treinamento \u2018Estrat\u00e9gias de Vendas para Mulheres utilizando o ChatGPT\u2019\" \/>\n<meta property=\"og:description\" content=\"Prefeitura de Manaus, por meio da Semtepi, promove treinamento \u2018Estrat\u00e9gias de Vendas para Mulheres utilizando o ChatGPT\u2019.\" \/>\n<meta property=\"og:url\" content=\"https:\/\/www.manaus.am.gov.br\/semtepi\/outubro-rosa\/outubro-rosa-treinamento-mulheres\/\" \/>\n<meta property=\"og:site_name\" content=\"SEMTEPI\" \/>\n<meta property=\"article:published_time\" content=\"2025-10-23T18:45:58+00:00\" \/>\n<meta property=\"og:image\" content=\"https:\/\/www.manaus.am.gov.br\/semtepi\/wp-content\/uploads\/sites\/20\/2025\/10\/CA2_0806-1024x684.jpg\" \/>\n\t<meta property=\"og:image:width\" content=\"1024\" \/>\n\t<meta property=\"og:image:height\" content=\"684\" \/>\n\t<meta property=\"og:image:type\" content=\"image\/jpeg\" \/>\n<meta name=\"author\" content=\"Bruna Greco\" \/>\n<meta name=\"twitter:card\" content=\"summary_large_image\" \/>\n<meta name=\"twitter:label1\" content=\"Written by\" \/>\n\t<meta name=\"twitter:data1\" content=\"Bruna Greco\" \/>\n\t<meta name=\"twitter:label2\" content=\"Est. reading time\" \/>\n\t<meta name=\"twitter:data2\" content=\"2 minutos\" \/>\n<script type=\"application\/ld+json\" class=\"yoast-schema-graph\">{\"@context\":\"https:\/\/schema.org\",\"@graph\":[{\"@type\":\"Article\",\"@id\":\"https:\/\/www.manaus.am.gov.br\/semtepi\/outubro-rosa\/outubro-rosa-treinamento-mulheres\/#article\",\"isPartOf\":{\"@id\":\"https:\/\/www.manaus.am.gov.br\/semtepi\/outubro-rosa\/outubro-rosa-treinamento-mulheres\/\"},\"author\":{\"name\":\"Bruna Greco\",\"@id\":\"https:\/\/www.manaus.am.gov.br\/semtepi\/#\/schema\/person\/05d223aea2bf115f9883a6ff3683d81b\"},\"headline\":\"Prefeitura de Manaus promove treinamento \u2018Estrat\u00e9gias de Vendas para Mulheres utilizando o ChatGPT\u2019\",\"datePublished\":\"2025-10-23T18:45:58+00:00\",\"dateModified\":\"2025-10-23T18:45:58+00:00\",\"mainEntityOfPage\":{\"@id\":\"https:\/\/www.manaus.am.gov.br\/semtepi\/outubro-rosa\/outubro-rosa-treinamento-mulheres\/\"},\"wordCount\":241,\"publisher\":{\"@id\":\"https:\/\/www.manaus.am.gov.br\/semtepi\/#organization\"},\"image\":{\"@id\":\"https:\/\/www.manaus.am.gov.br\/semtepi\/outubro-rosa\/outubro-rosa-treinamento-mulheres\/#primaryimage\"},\"thumbnailUrl\":\"https:\/\/www.manaus.am.gov.br\/semtepi\/wp-content\/uploads\/sites\/20\/2025\/10\/CA2_0806.jpg\",\"keywords\":[\"Inscri\u00e7\u00f5es 28\/10\",\"prefeitura de manaus\",\"Semtepi\",\"treinamento\"],\"articleSection\":[\"Outubro Rosa\"],\"inLanguage\":\"pt-BR\"},{\"@type\":\"WebPage\",\"@id\":\"https:\/\/www.manaus.am.gov.br\/semtepi\/outubro-rosa\/outubro-rosa-treinamento-mulheres\/\",\"url\":\"https:\/\/www.manaus.am.gov.br\/semtepi\/outubro-rosa\/outubro-rosa-treinamento-mulheres\/\",\"name\":\"Treinamento \u2018Estrat\u00e9gias de Vendas para Mulheres utilizando o ChatGPT\u2019\",\"isPartOf\":{\"@id\":\"https:\/\/www.manaus.am.gov.br\/semtepi\/#website\"},\"primaryImageOfPage\":{\"@id\":\"https:\/\/www.manaus.am.gov.br\/semtepi\/outubro-rosa\/outubro-rosa-treinamento-mulheres\/#primaryimage\"},\"image\":{\"@id\":\"https:\/\/www.manaus.am.gov.br\/semtepi\/outubro-rosa\/outubro-rosa-treinamento-mulheres\/#primaryimage\"},\"thumbnailUrl\":\"https:\/\/www.manaus.am.gov.br\/semtepi\/wp-content\/uploads\/sites\/20\/2025\/10\/CA2_0806.jpg\",\"datePublished\":\"2025-10-23T18:45:58+00:00\",\"dateModified\":\"2025-10-23T18:45:58+00:00\",\"description\":\"Prefeitura de Manaus, por meio da Semtepi, promove treinamento \u2018Estrat\u00e9gias de Vendas para Mulheres utilizando o ChatGPT\u2019.\",\"breadcrumb\":{\"@id\":\"https:\/\/www.manaus.am.gov.br\/semtepi\/outubro-rosa\/outubro-rosa-treinamento-mulheres\/#breadcrumb\"},\"inLanguage\":\"pt-BR\",\"potentialAction\":[{\"@type\":\"ReadAction\",\"target\":[\"https:\/\/www.manaus.am.gov.br\/semtepi\/outubro-rosa\/outubro-rosa-treinamento-mulheres\/\"]}]},{\"@type\":\"ImageObject\",\"inLanguage\":\"pt-BR\",\"@id\":\"https:\/\/www.manaus.am.gov.br\/semtepi\/outubro-rosa\/outubro-rosa-treinamento-mulheres\/#primaryimage\",\"url\":\"https:\/\/www.manaus.am.gov.br\/semtepi\/wp-content\/uploads\/sites\/20\/2025\/10\/CA2_0806.jpg\",\"contentUrl\":\"https:\/\/www.manaus.am.gov.br\/semtepi\/wp-content\/uploads\/sites\/20\/2025\/10\/CA2_0806.jpg\",\"width\":2992,\"height\":2000,\"caption\":\"#paratodosverem - Palestrante discursando durante curso no Casar\u00e3o da Inova\u00e7\u00e3o Cassina, no Centro\"},{\"@type\":\"BreadcrumbList\",\"@id\":\"https:\/\/www.manaus.am.gov.br\/semtepi\/outubro-rosa\/outubro-rosa-treinamento-mulheres\/#breadcrumb\",\"itemListElement\":[{\"@type\":\"ListItem\",\"position\":1,\"name\":\"Home\",\"item\":\"https:\/\/www.manaus.am.gov.br\/semtepi\/\"},{\"@type\":\"ListItem\",\"position\":2,\"name\":\"Prefeitura de Manaus promove treinamento \u2018Estrat\u00e9gias de Vendas para Mulheres utilizando o ChatGPT\u2019\"}]},{\"@type\":\"WebSite\",\"@id\":\"https:\/\/www.manaus.am.gov.br\/semtepi\/#website\",\"url\":\"https:\/\/www.manaus.am.gov.br\/semtepi\/\",\"name\":\"SEMTEPI\",\"description\":\"Prefeitura de Manaus\",\"publisher\":{\"@id\":\"https:\/\/www.manaus.am.gov.br\/semtepi\/#organization\"},\"alternateName\":\"Secretaria Municipal do Trabalho, Empreendedorismo e Inova\u00e7\u00e3o\",\"potentialAction\":[{\"@type\":\"SearchAction\",\"target\":{\"@type\":\"EntryPoint\",\"urlTemplate\":\"https:\/\/www.manaus.am.gov.br\/semtepi\/?s={search_term_string}\"},\"query-input\":\"required name=search_term_string\"}],\"inLanguage\":\"pt-BR\"},{\"@type\":\"Organization\",\"@id\":\"https:\/\/www.manaus.am.gov.br\/semtepi\/#organization\",\"name\":\"Prefeitura Municipal de Manaus\",\"alternateName\":\"Prefeitura de Manaus\",\"url\":\"https:\/\/www.manaus.am.gov.br\/semtepi\/\",\"logo\":{\"@type\":\"ImageObject\",\"inLanguage\":\"pt-BR\",\"@id\":\"https:\/\/www.manaus.am.gov.br\/semtepi\/#\/schema\/logo\/image\/\",\"url\":\"https:\/\/www.manaus.am.gov.br\/semtepi\/wp-content\/uploads\/sites\/20\/2024\/07\/favicon.png\",\"contentUrl\":\"https:\/\/www.manaus.am.gov.br\/semtepi\/wp-content\/uploads\/sites\/20\/2024\/07\/favicon.png\",\"width\":300,\"height\":300,\"caption\":\"Prefeitura Municipal de Manaus\"},\"image\":{\"@id\":\"https:\/\/www.manaus.am.gov.br\/semtepi\/#\/schema\/logo\/image\/\"}},{\"@type\":\"Person\",\"@id\":\"https:\/\/www.manaus.am.gov.br\/semtepi\/#\/schema\/person\/05d223aea2bf115f9883a6ff3683d81b\",\"name\":\"Bruna Greco\",\"image\":{\"@type\":\"ImageObject\",\"inLanguage\":\"pt-BR\",\"@id\":\"https:\/\/www.manaus.am.gov.br\/semtepi\/#\/schema\/person\/image\/\",\"url\":\"https:\/\/secure.gravatar.com\/avatar\/9c877d1a6adc2a055330e5c09a8653ce?s=96&d=mm&r=g\",\"contentUrl\":\"https:\/\/secure.gravatar.com\/avatar\/9c877d1a6adc2a055330e5c09a8653ce?s=96&d=mm&r=g\",\"caption\":\"Bruna Greco\"}}]}<\/script>\n<!-- \/ Yoast SEO plugin. -->","yoast_head_json":{"title":"Treinamento \u2018Estrat\u00e9gias de Vendas para Mulheres utilizando o ChatGPT\u2019","description":"Prefeitura de Manaus, por meio da Semtepi, promove treinamento \u2018Estrat\u00e9gias de Vendas para Mulheres utilizando o ChatGPT\u2019.","robots":{"index":"noindex","follow":"follow"},"og_locale":"pt_BR","og_type":"article","og_title":"Treinamento \u2018Estrat\u00e9gias de Vendas para Mulheres utilizando o ChatGPT\u2019","og_description":"Prefeitura de Manaus, por meio da Semtepi, promove treinamento \u2018Estrat\u00e9gias de Vendas para Mulheres utilizando o ChatGPT\u2019.","og_url":"https:\/\/www.manaus.am.gov.br\/semtepi\/outubro-rosa\/outubro-rosa-treinamento-mulheres\/","og_site_name":"SEMTEPI","article_published_time":"2025-10-23T18:45:58+00:00","og_image":[{"width":1024,"height":684,"url":"https:\/\/www.manaus.am.gov.br\/semtepi\/wp-content\/uploads\/sites\/20\/2025\/10\/CA2_0806-1024x684.jpg","type":"image\/jpeg"}],"author":"Bruna Greco","twitter_card":"summary_large_image","twitter_misc":{"Written by":"Bruna Greco","Est. reading time":"2 minutos"},"schema":{"@context":"https:\/\/schema.org","@graph":[{"@type":"Article","@id":"https:\/\/www.manaus.am.gov.br\/semtepi\/outubro-rosa\/outubro-rosa-treinamento-mulheres\/#article","isPartOf":{"@id":"https:\/\/www.manaus.am.gov.br\/semtepi\/outubro-rosa\/outubro-rosa-treinamento-mulheres\/"},"author":{"name":"Bruna Greco","@id":"https:\/\/www.manaus.am.gov.br\/semtepi\/#\/schema\/person\/05d223aea2bf115f9883a6ff3683d81b"},"headline":"Prefeitura de Manaus promove treinamento \u2018Estrat\u00e9gias de Vendas para Mulheres utilizando o ChatGPT\u2019","datePublished":"2025-10-23T18:45:58+00:00","dateModified":"2025-10-23T18:45:58+00:00","mainEntityOfPage":{"@id":"https:\/\/www.manaus.am.gov.br\/semtepi\/outubro-rosa\/outubro-rosa-treinamento-mulheres\/"},"wordCount":241,"publisher":{"@id":"https:\/\/www.manaus.am.gov.br\/semtepi\/#organization"},"image":{"@id":"https:\/\/www.manaus.am.gov.br\/semtepi\/outubro-rosa\/outubro-rosa-treinamento-mulheres\/#primaryimage"},"thumbnailUrl":"https:\/\/www.manaus.am.gov.br\/semtepi\/wp-content\/uploads\/sites\/20\/2025\/10\/CA2_0806.jpg","keywords":["Inscri\u00e7\u00f5es 28\/10","prefeitura de manaus","Semtepi","treinamento"],"articleSection":["Outubro Rosa"],"inLanguage":"pt-BR"},{"@type":"WebPage","@id":"https:\/\/www.manaus.am.gov.br\/semtepi\/outubro-rosa\/outubro-rosa-treinamento-mulheres\/","url":"https:\/\/www.manaus.am.gov.br\/semtepi\/outubro-rosa\/outubro-rosa-treinamento-mulheres\/","name":"Treinamento \u2018Estrat\u00e9gias de Vendas para Mulheres utilizando o ChatGPT\u2019","isPartOf":{"@id":"https:\/\/www.manaus.am.gov.br\/semtepi\/#website"},"primaryImageOfPage":{"@id":"https:\/\/www.manaus.am.gov.br\/semtepi\/outubro-rosa\/outubro-rosa-treinamento-mulheres\/#primaryimage"},"image":{"@id":"https:\/\/www.manaus.am.gov.br\/semtepi\/outubro-rosa\/outubro-rosa-treinamento-mulheres\/#primaryimage"},"thumbnailUrl":"https:\/\/www.manaus.am.gov.br\/semtepi\/wp-content\/uploads\/sites\/20\/2025\/10\/CA2_0806.jpg","datePublished":"2025-10-23T18:45:58+00:00","dateModified":"2025-10-23T18:45:58+00:00","description":"Prefeitura de Manaus, por meio da Semtepi, promove treinamento \u2018Estrat\u00e9gias de Vendas para Mulheres utilizando o ChatGPT\u2019.","breadcrumb":{"@id":"https:\/\/www.manaus.am.gov.br\/semtepi\/outubro-rosa\/outubro-rosa-treinamento-mulheres\/#breadcrumb"},"inLanguage":"pt-BR","potentialAction":[{"@type":"ReadAction","target":["https:\/\/www.manaus.am.gov.br\/semtepi\/outubro-rosa\/outubro-rosa-treinamento-mulheres\/"]}]},{"@type":"ImageObject","inLanguage":"pt-BR","@id":"https:\/\/www.manaus.am.gov.br\/semtepi\/outubro-rosa\/outubro-rosa-treinamento-mulheres\/#primaryimage","url":"https:\/\/www.manaus.am.gov.br\/semtepi\/wp-content\/uploads\/sites\/20\/2025\/10\/CA2_0806.jpg","contentUrl":"https:\/\/www.manaus.am.gov.br\/semtepi\/wp-content\/uploads\/sites\/20\/2025\/10\/CA2_0806.jpg","width":2992,"height":2000,"caption":"#paratodosverem - Palestrante discursando durante curso no Casar\u00e3o da Inova\u00e7\u00e3o Cassina, no Centro"},{"@type":"BreadcrumbList","@id":"https:\/\/www.manaus.am.gov.br\/semtepi\/outubro-rosa\/outubro-rosa-treinamento-mulheres\/#breadcrumb","itemListElement":[{"@type":"ListItem","position":1,"name":"Home","item":"https:\/\/www.manaus.am.gov.br\/semtepi\/"},{"@type":"ListItem","position":2,"name":"Prefeitura de Manaus promove treinamento \u2018Estrat\u00e9gias de Vendas para Mulheres utilizando o ChatGPT\u2019"}]},{"@type":"WebSite","@id":"https:\/\/www.manaus.am.gov.br\/semtepi\/#website","url":"https:\/\/www.manaus.am.gov.br\/semtepi\/","name":"SEMTEPI","description":"Prefeitura de Manaus","publisher":{"@id":"https:\/\/www.manaus.am.gov.br\/semtepi\/#organization"},"alternateName":"Secretaria Municipal do Trabalho, Empreendedorismo e Inova\u00e7\u00e3o","potentialAction":[{"@type":"SearchAction","target":{"@type":"EntryPoint","urlTemplate":"https:\/\/www.manaus.am.gov.br\/semtepi\/?s={search_term_string}"},"query-input":"required name=search_term_string"}],"inLanguage":"pt-BR"},{"@type":"Organization","@id":"https:\/\/www.manaus.am.gov.br\/semtepi\/#organization","name":"Prefeitura Municipal de Manaus","alternateName":"Prefeitura de Manaus","url":"https:\/\/www.manaus.am.gov.br\/semtepi\/","logo":{"@type":"ImageObject","inLanguage":"pt-BR","@id":"https:\/\/www.manaus.am.gov.br\/semtepi\/#\/schema\/logo\/image\/","url":"https:\/\/www.manaus.am.gov.br\/semtepi\/wp-content\/uploads\/sites\/20\/2024\/07\/favicon.png","contentUrl":"https:\/\/www.manaus.am.gov.br\/semtepi\/wp-content\/uploads\/sites\/20\/2024\/07\/favicon.png","width":300,"height":300,"caption":"Prefeitura Municipal de Manaus"},"image":{"@id":"https:\/\/www.manaus.am.gov.br\/semtepi\/#\/schema\/logo\/image\/"}},{"@type":"Person","@id":"https:\/\/www.manaus.am.gov.br\/semtepi\/#\/schema\/person\/05d223aea2bf115f9883a6ff3683d81b","name":"Bruna Greco","image":{"@type":"ImageObject","inLanguage":"pt-BR","@id":"https:\/\/www.manaus.am.gov.br\/semtepi\/#\/schema\/person\/image\/","url":"https:\/\/secure.gravatar.com\/avatar\/9c877d1a6adc2a055330e5c09a8653ce?s=96&d=mm&r=g","contentUrl":"https:\/\/secure.gravatar.com\/avatar\/9c877d1a6adc2a055330e5c09a8653ce?s=96&d=mm&r=g","caption":"Bruna Greco"}}]}},"_links":{"self":[{"href":"https:\/\/www.manaus.am.gov.br\/semtepi\/wp-json\/wp\/v2\/posts\/7185"}],"collection":[{"href":"https:\/\/www.manaus.am.gov.br\/semtepi\/wp-json\/wp\/v2\/posts"}],"about":[{"href":"https:\/\/www.manaus.am.gov.br\/semtepi\/wp-json\/wp\/v2\/types\/post"}],"author":[{"embeddable":true,"href":"https:\/\/www.manaus.am.gov.br\/semtepi\/wp-json\/wp\/v2\/users\/39"}],"replies":[{"embeddable":true,"href":"https:\/\/www.manaus.am.gov.br\/semtepi\/wp-json\/wp\/v2\/comments?post=7185"}],"version-history":[{"count":1,"href":"https:\/\/www.manaus.am.gov.br\/semtepi\/wp-json\/wp\/v2\/posts\/7185\/revisions"}],"predecessor-version":[{"id":7188,"href":"https:\/\/www.manaus.am.gov.br\/semtepi\/wp-json\/wp\/v2\/posts\/7185\/revisions\/7188"}],"wp:featuredmedia":[{"embeddable":true,"href":"https:\/\/www.manaus.am.gov.br\/semtepi\/wp-json\/wp\/v2\/media\/7186"}],"wp:attachment":[{"href":"https:\/\/www.manaus.am.gov.br\/semtepi\/wp-json\/wp\/v2\/media?parent=7185"}],"wp:term":[{"taxonomy":"category","embeddable":true,"href":"https:\/\/www.manaus.am.gov.br\/semtepi\/wp-json\/wp\/v2\/categories?post=7185"},{"taxonomy":"post_tag","embeddable":true,"href":"https:\/\/www.manaus.am.gov.br\/semtepi\/wp-json\/wp\/v2\/tags?post=7185"}],"curies":[{"name":"wp","href":"https:\/\/api.w.org\/{rel}","templated":true}]}}