{"id":7170,"date":"2025-10-16T12:55:53","date_gmt":"2025-10-16T16:55:53","guid":{"rendered":"https:\/\/www.manaus.am.gov.br\/semtepi\/sem-categoria\/sine-manaus-386-vagas-emprego-17-10\/"},"modified":"2025-10-16T12:55:54","modified_gmt":"2025-10-16T16:55:54","slug":"sine-manaus-386-vagas-emprego-17-10","status":"publish","type":"post","link":"https:\/\/www.manaus.am.gov.br\/semtepi\/oportunidade\/sine-manaus-386-vagas-emprego-17-10\/","title":{"rendered":"Sine Manaus oferta 386 vagas de emprego nesta sexta-feira, 17\/10"},"content":{"rendered":"\n<p>A Prefeitura de Manaus, por meio do Sine Manaus, oferta 386 vagas de emprego em v\u00e1rias \u00e1reas de atua\u00e7\u00e3o, nesta sexta-feira, 17\/10,&nbsp;das 8h \u00e0s 14h. O candidato pode validar a Carteira Digital e Previd\u00eancia Social (CTPS) no aplicativo \u201cCarteira de Trabalho Digital\u201d ou acessar o site&nbsp;<a href=\"http:\/\/gov.br\/trabalho\">http:\/\/gov.br\/trabalho<\/a>.<\/p>\n\n\n\n<p>Para participar da pr\u00e9-sele\u00e7\u00e3o e concorrer a uma das vagas dispon\u00edveis, ou receber orienta\u00e7\u00e3o de cadastro, Carteira de Trabalho Digital e seguro-desemprego, os candidatos devem comparecer a um dos postos do Sine Manaus: na avenida Constantino Nery, n\u00ba 1.272, bairro S\u00e3o Geraldo, zona Centro-Sul; ou no shopping Phelippe Daou, na avenida Camapu\u00e3, n\u00ba 2.939, bairro Cidade de Deus, zona Norte.<\/p>\n\n\n\n<p>Os interessados devem estar munidos do comprovante de vacina\u00e7\u00e3o (Covid-19), curr\u00edculo, certificados de cursos e documentos pessoais (RG, CPF, PIS, CTPS, comprovante de escolaridade e resid\u00eancia). N\u00e3o \u00e9 necess\u00e1rio apresentar c\u00f3pias, somente os documentos originais.<\/p>\n\n\n\n<p>\u00c9 importante que os candidatos mantenham seus cadastros atualizados, especialmente ao finalizarem novas qualifica\u00e7\u00f5es. Para vagas espec\u00edficas, podem ser solicitados documentos adicionais, como cursos ou certifica\u00e7\u00f5es, por isso, \u00e9 essencial estar atento aos &#8220;Requisitos Obrigat\u00f3rios&#8221; de cada vaga.<\/p>\n\n\n\n<p>A Semtepi ressalta que, obedecendo ao disposto no artigo 5\u00ba, da Constitui\u00e7\u00e3o Federal, e ao artigo 373-A, da Consolida\u00e7\u00e3o das Leis Trabalhistas (CLT), crit\u00e9rios referentes a sexo, idade, cor ou situa\u00e7\u00e3o familiar, n\u00e3o podem ser informados na divulga\u00e7\u00e3o das vagas disponibilizadas.<\/p>\n\n\n\n<p>Os candidatos devem estar cientes das diretrizes de vestimenta estabelecidas pelo \u00f3rg\u00e3o, as quais incluem a proibi\u00e7\u00e3o de vestimentas como bermudas, shorts, minissaias, camisetas regatas e chinelos durante a entrada.<\/p>\n\n\n\n<p><strong>VAGAS NOVAS &#8211; 56<\/strong><\/p>\n\n\n\n<p><strong>3 vagas &#8211; Ajudante de Carga e Descarga<\/strong><\/p>\n\n\n\n<p>Escolaridade &#8211; ensino fundamental completo;<\/p>\n\n\n\n<p>Experi\u00eancia &#8211; n\u00e3o \u00e9 necess\u00e1rio;<\/p>\n\n\n\n<p>Requisitos Obrigat\u00f3rios &#8211; residir nos bairros: Grande Vit\u00f3ria, Gilberto Mestrinho, Jorge Teixeira, Santa In\u00eas ou proximidades e ter documenta\u00e7\u00e3o completa (com dispensa militar);<\/p>\n\n\n\n<p>Atividades &#8211; carregar e descarregar produtos em ve\u00edculos de transporte, como caminh\u00f5es, bem como organizar a \u00e1rea de trabalho e manter a ordem no armaz\u00e9m ou dep\u00f3sito.<\/p>\n\n\n\n<p>Dispon\u00edvel at\u00e9 17\/10\/2025 ou encerramento da vaga.<\/p>\n\n\n\n<p><strong>10 vagas &#8211; Auxiliar de Servi\u00e7os Gerais<\/strong><\/p>\n\n\n\n<p>Escolaridade &#8211; ensino fundamental completo;<\/p>\n\n\n\n<p>Experi\u00eancia &#8211; n\u00e3o \u00e9 necess\u00e1rio;<\/p>\n\n\n\n<p>Requisitos Obrigat\u00f3rios &#8211; ter documenta\u00e7\u00e3o completa (com dispensa militar);<\/p>\n\n\n\n<p>Atividades &#8211; realizar higieniza\u00e7\u00e3o e limpeza da UPR em geral diariamente; higienizar panelas em geral e utens\u00edlios utilizados em prepara\u00e7\u00f5es de alimentos; higienizar lou\u00e7as do desjejum, almo\u00e7o, lanches, jantar.<\/p>\n\n\n\n<p>Dispon\u00edvel at\u00e9 17\/10\/2025 ou encerramento da vaga.<\/p>\n\n\n\n<p><strong>2 vagas &#8211; Pintor de Obras<\/strong><\/p>\n\n\n\n<p>Escolaridade &#8211; ensino m\u00e9dio completo;<\/p>\n\n\n\n<p>Experi\u00eancia &#8211; seis meses na Carteira de Trabalho;<\/p>\n\n\n\n<p>Requisitos Obrigat\u00f3rios &#8211; ter documenta\u00e7\u00e3o completa (com dispensa militar);<\/p>\n\n\n\n<p>Atividades &#8211; preparar superf\u00edcies e aplicar tintas, vernizes e outros acabamentos para decorar e proteger.<\/p>\n\n\n\n<p>Dispon\u00edvel at\u00e9 17\/10\/2025 ou encerramento da vaga.<\/p>\n\n\n\n<p><strong>4 vagas &#8211; Servente de Obras<\/strong><\/p>\n\n\n\n<p>Escolaridade &#8211; ensino m\u00e9dio completo;<\/p>\n\n\n\n<p>Experi\u00eancia &#8211; seis meses na Carteira de Trabalho;<\/p>\n\n\n\n<p>Requisitos Obrigat\u00f3rios &#8211; ter documenta\u00e7\u00e3o completa (com dispensa militar);<\/p>\n\n\n\n<p>Atividades &#8211; escavar valas e fossas, abrir sulcos em pisos e paredes, extraindo terras, rebocos, massas, permitindo a execu\u00e7\u00e3o de funda\u00e7\u00f5es, o assentamento de canaliza\u00e7\u00f5es ou tubula\u00e7\u00f5es para \u00e1gua ou rede el\u00e9trica, fazer limpeza em geral.<\/p>\n\n\n\n<p>Dispon\u00edvel at\u00e9 17\/10\/2025 ou encerramento da vaga.<\/p>\n\n\n\n<p><strong>1 vaga &#8211; T\u00e9cnico de Refrigera\u00e7\u00e3o<\/strong><\/p>\n\n\n\n<p>Escolaridade &#8211; ensino m\u00e9dio completo;<\/p>\n\n\n\n<p>Experi\u00eancia &#8211; registrada na Carteira de Trabalho;<\/p>\n\n\n\n<p>Requisitos Obrigat\u00f3rios &#8211; ter documenta\u00e7\u00e3o completa (com dispensa militar);<\/p>\n\n\n\n<p>Atividades &#8211; instalar, manter e reparar equipamentos de refrigera\u00e7\u00e3o e ar-condicionado, garantindo seu bom funcionamento, seguran\u00e7a e performance, al\u00e9m de realizar testes e ajustes necess\u00e1rios.<\/p>\n\n\n\n<p>Dispon\u00edvel at\u00e9 17\/10\/2025 ou encerramento da vaga.<\/p>\n\n\n\n<p><strong>2 vagas &#8211; Vendedor<\/strong><\/p>\n\n\n\n<p>Escolaridade &#8211; ensino m\u00e9dio completo;<\/p>\n\n\n\n<p>Experi\u00eancia &#8211; seis meses na Carteira de Trabalho;<\/p>\n\n\n\n<p>Requisitos Obrigat\u00f3rios &#8211; ter documenta\u00e7\u00e3o completa;<\/p>\n\n\n\n<p>Atividades &#8211; atender e orientar clientes, realizar vendas em varejo, apresentar produtos ou servi\u00e7os, negociar condi\u00e7\u00f5es de venda e fechar neg\u00f3cios.<\/p>\n\n\n\n<p>Dispon\u00edvel at\u00e9 17\/10\/2025 ou encerramento da vaga.<\/p>\n\n\n\n<p><strong>10 vagas &#8211; Mec\u00e2nica e Manuten\u00e7\u00e3o &#8211; Jovem Aprendiz<\/strong><\/p>\n\n\n\n<p>Escolaridade &#8211; ensino m\u00e9dio completo;<\/p>\n\n\n\n<p>Experi\u00eancia &#8211; n\u00e3o \u00e9 necess\u00e1rio;<\/p>\n\n\n\n<p>Requisitos Obrigat\u00f3rios &#8211; ter documenta\u00e7\u00e3o completa;<\/p>\n\n\n\n<p>Atividades &#8211; auxiliar na realiza\u00e7\u00e3o de manuten\u00e7\u00e3o preventiva e corretiva, auxiliar na realiza\u00e7\u00e3o de troca de itens do sistema de frenagem, auxiliar na execu\u00e7\u00e3o de troca de barra de dire\u00e7\u00e3o, caixa de dire\u00e7\u00e3o, bomba hidr\u00e1ulica, auxiliar na troca de molas, grampos, barra estabilizadora, chapa estabilizadora, amortecedor e borracha, auxiliar no sistema de el\u00e9trica, lanternagem e conserva\u00e7\u00e3o de ve\u00edculos, auxiliar nos servi\u00e7os de manuten\u00e7\u00e3o.<\/p>\n\n\n\n<p>Dispon\u00edvel at\u00e9 17\/10\/2025 ou encerramento da vaga.<\/p>\n\n\n\n<p><strong>3 vagas &#8211; Operador de Produ\u00e7\u00e3o&nbsp;<\/strong><\/p>\n\n\n\n<p>Escolaridade &#8211; ensino m\u00e9dio completo;<\/p>\n\n\n\n<p>Experi\u00eancia &#8211; seis meses na Carteira de Trabalho;<\/p>\n\n\n\n<p>Requisitos Obrigat\u00f3rios &#8211; ter experi\u00eancia em linha de montagem de ve\u00edculos, motos ou caminh\u00f5es; conhecimento em manuseio de ferramentas pneum\u00e1ticas; residir na Zona Leste e ter documenta\u00e7\u00e3o completa (com dispensa militar);<\/p>\n\n\n\n<p>Atividades &#8211; operar m\u00e1quinas de produ\u00e7\u00e3o, alimentar linhas de montagem, organizar a \u00e1rea de trabalho, verificar a qualidade dos produtos e manter os equipamentos.<\/p>\n\n\n\n<p>Dispon\u00edvel at\u00e9 17\/10\/2025 ou encerramento da vaga.<\/p>\n\n\n\n<p><strong>1 vaga &#8211; Assistente de Vendas&nbsp;<\/strong><\/p>\n\n\n\n<p>Escolaridade &#8211; ensino m\u00e9dio completo;<\/p>\n\n\n\n<p>Experi\u00eancia &#8211; seis meses na Carteira de Trabalho;<\/p>\n\n\n\n<p>Requisitos Obrigat\u00f3rios &#8211; ter experi\u00eancia em atendimento ao cliente e em vendas no setor de constru\u00e7\u00e3o civil, conhecimento em Pacote Office e ter documenta\u00e7\u00e3o completa;<\/p>\n\n\n\n<p>Atividades &#8211; suporte administrativo e operacional ao departamento comercial, como atendimento e prospec\u00e7\u00e3o de clientes, elabora\u00e7\u00e3o de propostas e or\u00e7amentos, gerenciamento de pedidos e emiss\u00e3o de relat\u00f3rios de vendas.<\/p>\n\n\n\n<p>Dispon\u00edvel at\u00e9 17\/10\/2025 ou encerramento da vaga.<\/p>\n\n\n\n<p><strong>1 vaga &#8211; Agente de Vendas&nbsp;<\/strong><\/p>\n\n\n\n<p>Escolaridade &#8211; ensino m\u00e9dio completo;<\/p>\n\n\n\n<p>Experi\u00eancia &#8211; seis meses na Carteira de Trabalho;<\/p>\n\n\n\n<p>Requisitos Obrigat\u00f3rios &#8211; ter experi\u00eancia em vendas no setor de constru\u00e7\u00e3o civil, curso de Atendimento ao Cliente e Inform\u00e1tica Intermedi\u00e1ria e ter documenta\u00e7\u00e3o completa;<\/p>\n\n\n\n<p>Atividades &#8211; prospec\u00e7\u00e3o de novos clientes, a apresenta\u00e7\u00e3o e demonstra\u00e7\u00e3o de produtos ou servi\u00e7os, a negocia\u00e7\u00e3o de pre\u00e7os e condi\u00e7\u00f5es de pagamento, a elabora\u00e7\u00e3o de propostas e contratos, o controle e acompanhamento de pedidos e entregas, e o p\u00f3s-venda para fidelizar clientes.<\/p>\n\n\n\n<p>Dispon\u00edvel at\u00e9 17\/10\/2025 ou encerramento da vaga.<\/p>\n\n\n\n<p><strong>1 vaga &#8211; Auxiliar de Expedi\u00e7\u00e3o<\/strong><\/p>\n\n\n\n<p>Escolaridade &#8211; ensino m\u00e9dio completo;<\/p>\n\n\n\n<p>Experi\u00eancia &#8211; seis meses na Carteira de Trabalho;<\/p>\n\n\n\n<p>Requisitos Obrigat\u00f3rios &#8211; ter no\u00e7\u00f5es de log\u00edstica, controle de estoque e expedi\u00e7\u00e3o, experi\u00eancia em confer\u00eancia de mercadoria, opera\u00e7\u00e3o de equipamentos simples e ter documenta\u00e7\u00e3o completa (com dispensa militar);<\/p>\n\n\n\n<p>Atividades &#8211; separa\u00e7\u00e3o, embalagem e confer\u00eancia de produtos, o carregamento e descarregamento de ve\u00edculos, a organiza\u00e7\u00e3o e controle de estoque, a emiss\u00e3o de documentos como notas fiscais e a manuten\u00e7\u00e3o de registros de movimenta\u00e7\u00e3o de mercadorias.<\/p>\n\n\n\n<p>Dispon\u00edvel at\u00e9 17\/10\/2025 ou encerramento da vaga.<\/p>\n\n\n\n<p><strong>2 vagas &#8211; Soldador<\/strong><\/p>\n\n\n\n<p>Escolaridade &#8211; ensino m\u00e9dio completo;<\/p>\n\n\n\n<p>Experi\u00eancia &#8211; seis meses na Carteira de Trabalho;<\/p>\n\n\n\n<p>Requisitos Obrigat\u00f3rios &#8211; ter habilidade em soldagem eletrodo revertido, MIG, MAG e TIG; conhecimento em rede el\u00e9trica e hidr\u00e1ulica; curso de el\u00e9trica b\u00e1sica; curso profissionalizante em Soldagem, Opera\u00e7\u00f5es de Soldagem e ter documenta\u00e7\u00e3o completa (com dispensa militar);<\/p>\n\n\n\n<p>Atividades &#8211; selecionar materiais e interpretar desenhos\/projetos; soldar e pontear tubula\u00e7\u00f5es e estruturas; executar soldagem em diferentes processos; realizar cortes, enchimentos e acabamentos em pe\u00e7as; montar suportes de tubula\u00e7\u00e3o e executar soldagem em rede hidr\u00e1ulica; inspecionar e operar m\u00e1quinas de solda, garantindo qualidade e seguran\u00e7a.<\/p>\n\n\n\n<p>Dispon\u00edvel at\u00e9 17\/10\/2025 ou encerramento da vaga.<\/p>\n\n\n\n<p><strong>2 vagas &#8211; Serralheiro<\/strong><\/p>\n\n\n\n<p>Escolaridade &#8211; ensino fundamental completo;<\/p>\n\n\n\n<p>Experi\u00eancia &#8211; seis meses na Carteira de Trabalho;<\/p>\n\n\n\n<p>Requisitos Obrigat\u00f3rios &#8211; ter habilidade em processos de soldagem ER, MIG, MAG, TIG e ter documenta\u00e7\u00e3o completa (com dispensa militar);<\/p>\n\n\n\n<p>Atividades &#8211; interpretar modelos, desenhos e especifica\u00e7\u00f5es t\u00e9cnicas para definir o roteiro de trabalho; recortar, modelar e montar pe\u00e7as e estruturas met\u00e1licas conforme projeto; operar m\u00e1quinas como dobradeira e viradeira; montar e fixar pe\u00e7as por solda, rebites ou parafusos; dar acabamento, pintura e prote\u00e7\u00e3o \u00e0s pe\u00e7as; confeccionar suportes de condensadora e evaporadora; realizar fechamento e isolamento de compressores e chiller.<\/p>\n\n\n\n<p>Dispon\u00edvel at\u00e9 17\/10\/2025 ou encerramento da vaga.<\/p>\n\n\n\n<p><strong>2 vagas &#8211; Operador de Caixa<\/strong><\/p>\n\n\n\n<p>Escolaridade &#8211; ensino m\u00e9dio completo;<\/p>\n\n\n\n<p>Experi\u00eancia &#8211; tr\u00eas meses na Carteira de Trabalho;<\/p>\n\n\n\n<p>Requisitos Obrigat\u00f3rios &#8211; ter curso de Atendimento ao Cliente e ter documenta\u00e7\u00e3o completa;<\/p>\n\n\n\n<p>Atividades &#8211; registro de produtos, recebimento de pagamentos em diversas formas, emiss\u00e3o de notas fiscais, abertura e fechamento do caixa, manuten\u00e7\u00e3o do local de trabalho e atendimento ao cliente.<\/p>\n\n\n\n<p>Dispon\u00edvel at\u00e9 17\/10\/2025 ou encerramento da vaga.<\/p>\n\n\n\n<p><strong>2 vagas &#8211; Pedreiro<\/strong><\/p>\n\n\n\n<p>Escolaridade &#8211; ensino m\u00e9dio completo;<\/p>\n\n\n\n<p>Experi\u00eancia &#8211; registrada na Carteira de Trabalho;<\/p>\n\n\n\n<p>Requisitos Obrigat\u00f3rios &#8211; ter documenta\u00e7\u00e3o completa (com dispensa militar);<\/p>\n\n\n\n<p>Atividades &#8211; organizar e preparar o local de trabalho na obra; constroem funda\u00e7\u00f5es e estruturas de alvenaria, aplicam revestimentos e contrapisos.<\/p>\n\n\n\n<p>Dispon\u00edvel at\u00e9 17\/10\/2025 ou encerramento da vaga.<\/p>\n\n\n\n<p><strong>5 vagas &#8211; Gar\u00e7om<\/strong><\/p>\n\n\n\n<p>Escolaridade &#8211; ensino fundamental completo;<\/p>\n\n\n\n<p>Experi\u00eancia &#8211; seis meses na Carteira de Trabalho ou primeiro emprego;<\/p>\n\n\n\n<p>Requisitos Obrigat\u00f3rios &#8211; ter documenta\u00e7\u00e3o completa;<\/p>\n\n\n\n<p>Atividades &#8211; atender os clientes, servir alimentos e bebidas em restaurantes, bares, cafeterias, hot\u00e9is, hospitais, eventos; manipular alimentos e preparar sucos, drinks e caf\u00e9s.<\/p>\n\n\n\n<p>Dispon\u00edvel at\u00e9 17\/10\/2025 ou encerramento da vaga.<\/p>\n\n\n\n<p><strong>5 vagas &#8211; Atendente<\/strong><\/p>\n\n\n\n<p>Escolaridade &#8211; ensino fundamental completo;<\/p>\n\n\n\n<p>Experi\u00eancia &#8211; seis meses na Carteira de Trabalho ou primeiro emprego;<\/p>\n\n\n\n<p>Requisitos Obrigat\u00f3rios &#8211; ter documenta\u00e7\u00e3o completa;<\/p>\n\n\n\n<p>Atividades &#8211; recepcionar os clientes de forma cordial e atenciosa; realizar o atendimento e auxiliar na escolha do card\u00e1pio; registrar os pedidos; auxiliar na montagem e organiza\u00e7\u00e3o das mesas; realizar a manuten\u00e7\u00e3o, organiza\u00e7\u00e3o e limpeza do ambiente.<\/p>\n\n\n\n<p>Dispon\u00edvel at\u00e9 17\/10\/2025 ou encerramento da vaga.<\/p>\n\n\n\n<p><strong>VAGAS NO COM\u00c9RCIO &#8211; 8<\/strong><\/p>\n\n\n\n<p><strong>1 vaga &#8211; Auxiliar de Carga e Descarga<\/strong><\/p>\n\n\n\n<p>Escolaridade &#8211; ensino fundamental completo;<\/p>\n\n\n\n<p>Experi\u00eancia &#8211; avulsa;<\/p>\n\n\n\n<p>Requisitos Obrigat\u00f3rios &#8211; residir na Zona Leste ou Zona Norte, disponibilidade de hor\u00e1rio e ter documenta\u00e7\u00e3o completa (com dispensa militar);<\/p>\n\n\n\n<p>Atividades &#8211; ajudar a organizar e carregar no caminh\u00e3o e atender as demandas de acordo com a ocupa\u00e7\u00e3o.<\/p>\n\n\n\n<p>Dispon\u00edvel at\u00e9 17\/10\/2025 ou encerramento da vaga.<\/p>\n\n\n\n<p><strong>4 vagas &#8211; Balconista<\/strong><\/p>\n\n\n\n<p>Escolaridade &#8211; ensino m\u00e9dio incompleto;<\/p>\n\n\n\n<p>Experi\u00eancia &#8211; seis meses na Carteira de Trabalho;<\/p>\n\n\n\n<p>Requisitos Obrigat\u00f3rios &#8211; ter curso de Inform\u00e1tica b\u00e1sica, experi\u00eancia na \u00e1rea de vendas, atendimento ao cliente, disponibilidade de hor\u00e1rio e ter documenta\u00e7\u00e3o completa;<\/p>\n\n\n\n<p>Atividades &#8211; atender e aconselhar clientes na escolha de arma\u00e7\u00f5es, lentes e lentes de contato, realizar vendas e acompanhamento do p\u00f3s-venda, organizar a loja e a vitrine, e auxiliar no preenchimento de ordens de servi\u00e7o e no acompanhamento com o laborat\u00f3rio para garantir a entrega dos produtos.<\/p>\n\n\n\n<p>Dispon\u00edvel at\u00e9 17\/10\/2025 ou encerramento da vaga.<\/p>\n\n\n\n<p><strong>1 vaga &#8211; Assistente de Laborat\u00f3rio<\/strong><\/p>\n\n\n\n<p>Escolaridade &#8211; ensino m\u00e9dio completo;<\/p>\n\n\n\n<p>Experi\u00eancia &#8211; seis meses na Carteira de Trabalho;<\/p>\n\n\n\n<p>Requisitos Obrigat\u00f3rios &#8211; ter curso de Inform\u00e1tica b\u00e1sica e ter documenta\u00e7\u00e3o completa (com dispensa militar);<\/p>\n\n\n\n<p>Atividades &#8211; atuar no laborat\u00f3rio com produ\u00e7\u00e3o de lentes, organiza\u00e7\u00e3o, prepara\u00e7\u00e3o de materiais, interpreta\u00e7\u00e3o de ordens de servi\u00e7os programadas, manuseio de equipamentos como m\u00e1quinas, confer\u00eancia de material.<\/p>\n\n\n\n<p>Dispon\u00edvel at\u00e9 17\/10\/2025 ou encerramento da vaga.<\/p>\n\n\n\n<p><strong>1 vaga &#8211; Auxiliar de Almoxarife<\/strong><\/p>\n\n\n\n<p>Escolaridade &#8211; ensino m\u00e9dio completo;<\/p>\n\n\n\n<p>Experi\u00eancia &#8211; seis meses na Carteira de Trabalho;<\/p>\n\n\n\n<p>Requisitos Obrigat\u00f3rios &#8211; ter disponibilidade de hor\u00e1rio, ter Carteira Nacional de Habilita\u00e7\u00e3o categoria \u201cB\u201d e ter documenta\u00e7\u00e3o completa (com dispensa militar);<\/p>\n\n\n\n<p>Atividades &#8211; receber, conferir e registrar entrada de materiais, armazenar itens conforme notas fiscais\/ordens de compra; separar e reparar itens para distribui\u00e7\u00e3o interna; realizar contagens; organizar estoque garantindo a disponibilidade de materiais<\/p>\n\n\n\n<p>Dispon\u00edvel at\u00e9 17\/10\/2025 ou encerramento da vaga.<\/p>\n\n\n\n<p><strong>1 vaga &#8211; Motorista de Caminh\u00e3o<\/strong><\/p>\n\n\n\n<p>Escolaridade &#8211; ensino m\u00e9dio completo;<\/p>\n\n\n\n<p>Experi\u00eancia &#8211; registrada na Carteira de Trabalho;<\/p>\n\n\n\n<p>Requisitos Obrigat\u00f3rios &#8211; ter Carteira Nacional de Habilita\u00e7\u00e3o categoria \u201cD\u201d e ter documenta\u00e7\u00e3o completa (com dispensa militar);<\/p>\n\n\n\n<p>Atividades &#8211; transportar, coletar e entregar cargas em geral; guinchar, destombar e remover ve\u00edculos avariados e prestar socorro mec\u00e2nico; movimentar cargas volumosas e pesadas, pode, tamb\u00e9m, operar equipamentos, realizar inspe\u00e7\u00f5es e reparar ve\u00edculos, vistoriar cargas, al\u00e9m de verificar documenta\u00e7\u00e3o de ve\u00edculos e de cargas; definir rotas e assegurar a regularidade do transporte.<\/p>\n\n\n\n<p>Dispon\u00edvel at\u00e9 17\/10\/2025 ou encerramento da vaga.<\/p>\n\n\n\n<p><strong>VAGAS NA IND\u00daSTRIA &#8211; 216<\/strong><\/p>\n\n\n\n<p><strong>50 vagas &#8211; Auxiliar de Linha de Produ\u00e7\u00e3o<\/strong><\/p>\n\n\n\n<p>Escolaridade &#8211; ensino fundamental incompleto;<\/p>\n\n\n\n<p>Experi\u00eancia &#8211; n\u00e3o \u00e9 necess\u00e1rio;<\/p>\n\n\n\n<p>Requisitos Obrigat\u00f3rios &#8211; a vaga \u00e9 destinada para candidatos que est\u00e3o em busca de novos desafios; o candidato vai precisar morar em: V\u00e1rzea Grande &#8211; MT e ter documenta\u00e7\u00e3o completa (com dispensa militar);<\/p>\n\n\n\n<p>Atividades &#8211; executar atividades operacionais em setores de apoio ou produ\u00e7\u00e3o de frios, visando garantir a manuten\u00e7\u00e3o, organiza\u00e7\u00e3o, limpeza ou opera\u00e7\u00e3o de atividades na unidade.<\/p>\n\n\n\n<p>Dispon\u00edvel at\u00e9 08\/10\/2025 ou encerramento da vaga.<\/p>\n\n\n\n<p><strong>25 vagas &#8211; Alimentador de Linha de Produ\u00e7\u00e3o<\/strong><\/p>\n\n\n\n<p>Escolaridade &#8211; ensino fundamental incompleto;<\/p>\n\n\n\n<p>Experi\u00eancia &#8211; n\u00e3o \u00e9 necess\u00e1rio;<\/p>\n\n\n\n<p>Requisitos Obrigat\u00f3rios &#8211; a vaga \u00e9 destinada para candidatos que est\u00e3o em busca de novos desafios; o candidato vai precisar morar em: Promiss\u00e3o-SP e documenta\u00e7\u00e3o completa (com dispensa militar);<\/p>\n\n\n\n<p>Atividades &#8211; auxiliar a ind\u00fastria de abate bovino.<\/p>\n\n\n\n<p>Dispon\u00edvel at\u00e9 08\/10\/2025 ou encerramento da vaga.<\/p>\n\n\n\n<p><strong>1 vaga &#8211; Auxiliar de Expedi\u00e7\u00e3o<\/strong><\/p>\n\n\n\n<p>Escolaridade &#8211; ensino m\u00e9dio completo;<\/p>\n\n\n\n<p>Experi\u00eancia &#8211; registrada na Carteira de Trabalho;<\/p>\n\n\n\n<p>Requisitos Obrigat\u00f3rios &#8211; ter dom\u00ednio no Pacote Office e ter documenta\u00e7\u00e3o completa (com dispensa militar);<\/p>\n\n\n\n<p>Atividades &#8211; recepcionar, conferir e armazenar produtos e materiais em almoxarifados, armaz\u00e9ns, silos e dep\u00f3sitos; fazer os lan\u00e7amentos da movimenta\u00e7\u00e3o de entradas e sa\u00eddas e controlam os estoques; distribuem produtos e materiais a serem expedidos; organizar o almoxarifado para facilitar a movimenta\u00e7\u00e3o dos itens armazenados e a armazenar, preservando o estoque limpo e organizado; ou desempacotar os produtos e auxiliar no processo de log\u00edstica.<\/p>\n\n\n\n<p>Dispon\u00edvel at\u00e9 17\/10\/2025 ou encerramento da vaga.<\/p>\n\n\n\n<p><strong>100 vagas &#8211; Auxiliar de Produ\u00e7\u00e3o &#8211; Eletroeletr\u00f4nico<\/strong><\/p>\n\n\n\n<p>Escolaridade &#8211; ensino m\u00e9dio completo;<\/p>\n\n\n\n<p>Experi\u00eancia &#8211; n\u00e3o \u00e9 necess\u00e1rio;<\/p>\n\n\n\n<p>Requisitos Obrigat\u00f3rios &#8211; ter curso de TBO, NR 12 e ter documenta\u00e7\u00e3o completa (com dispensa militar);<\/p>\n\n\n\n<p>Atividades &#8211; preparar materiais para alimenta\u00e7\u00e3o de linhas de produ\u00e7\u00e3o; organizar a \u00e1rea de servi\u00e7o; abastecer linhas de produ\u00e7\u00e3o; alimentar m\u00e1quinas e separar materiais para reaproveitamento.<\/p>\n\n\n\n<p>Dispon\u00edvel at\u00e9 17\/10\/2025 ou encerramento da vaga.<\/p>\n\n\n\n<p><strong>40 vagas &#8211; Auxiliar de Log\u00edstica<\/strong><\/p>\n\n\n\n<p>Escolaridade &#8211; ensino m\u00e9dio completo;<\/p>\n\n\n\n<p>Experi\u00eancia &#8211; n\u00e3o \u00e9 necess\u00e1rio;<\/p>\n\n\n\n<p>Requisitos Obrigat\u00f3rios &#8211; residir nos bairros: Ajuricaba, Alvorada, Alian\u00e7a com Deus, Amazonino Mendes, Armando Mendes, Bairro da Paz, Braga Mendes, Bet\u00e2nia, Cachoeirinha, Campo Dourado, Castanheira, Cidade de Deus, Col\u00f4nia Oliveira Machado, Compensa, Coroado, Crespo, Dom Pedro, Educandos, Gilberto Mestrinho, Grande Vit\u00f3ria, Japiim, Jo\u00e3o Paulo, L\u00edrio do Vale, Monte das Oliveiras, Morro da LIberdade, Nova cidade, Nova Esperan\u00e7a, Nova Vit\u00f3ria, N\u00facleo 15 e 16, Osvaldo Frota, Ouro Verde, Parque 10, Parque das Na\u00e7\u00f5es, Petr\u00f3polis, Planalto, Reden\u00e7\u00e3o, Riacho Doce, Santa Luzia, Santo Agostinho, Santo Ant\u00f4nio, S\u00e3o Francisco, S\u00e3o Jorge, S\u00e3o Jos\u00e9, S\u00e3o L\u00e1zaro, S\u00e3o Raimundo, Tancredo Neves, Terra Nova,<\/p>\n\n\n\n<p>Vila da Prata, Zumbi e ter documenta\u00e7\u00e3o completa (com dispensa militar);<\/p>\n\n\n\n<p>Atividades &#8211; recepcionar, conferir e ser respons\u00e1vel pelo controle e a localiza\u00e7\u00e3o do estoque f\u00edsico; realizar o controle dos materiais, bem como o armazenamento adequado; fazer a assist\u00eancia entre carga e descarga de materiais; fazer o lan\u00e7amento da movimenta\u00e7\u00e3o de entrada e sa\u00edda acompanhado com a nota fiscal.<\/p>\n\n\n\n<p>Dispon\u00edvel at\u00e9 17\/10\/2025 ou encerramento da vaga.<\/p>\n\n\n\n<p><strong>VAGAS EM SERVI\u00c7O &#8211; 7<\/strong><\/p>\n\n\n\n<p><strong>1 vaga &#8211; T\u00e9cnico em Seguran\u00e7a do Trabalho<\/strong><\/p>\n\n\n\n<p>Escolaridade &#8211; ensino t\u00e9cnico completo em Seguran\u00e7a do Trabalho;<\/p>\n\n\n\n<p>Experi\u00eancia &#8211; registrada na Carteira de Trabalho;<\/p>\n\n\n\n<p>Requisitos Obrigat\u00f3rios &#8211; ter documenta\u00e7\u00e3o completa (com dispensa militar);<\/p>\n\n\n\n<p>Atividades &#8211; identifica\u00e7\u00e3o e avalia\u00e7\u00e3o de riscos, a inspe\u00e7\u00e3o de instala\u00e7\u00f5es e equipamentos, a elabora\u00e7\u00e3o de programas de preven\u00e7\u00e3o, a realiza\u00e7\u00e3o de treinamentos, a orienta\u00e7\u00e3o sobre uso de EPIs e EPCs, a investiga\u00e7\u00e3o de acidentes e a fiscaliza\u00e7\u00e3o do cumprimento de normas de seguran\u00e7a e sa\u00fade, visando prevenir acidentes e doen\u00e7as ocupacionais e promover a seguran\u00e7a dos trabalhadores.<\/p>\n\n\n\n<p>Dispon\u00edvel at\u00e9 17\/10\/2025 ou encerramento da vaga.<\/p>\n\n\n\n<p><strong>1 vaga &#8211; Pintor de Edif\u00edcios<\/strong><\/p>\n\n\n\n<p>Escolaridade &#8211; ensino m\u00e9dio completo;<\/p>\n\n\n\n<p>Experi\u00eancia &#8211; registrada na Carteira de Trabalho;<\/p>\n\n\n\n<p>Requisitos Obrigat\u00f3rios &#8211; ter documenta\u00e7\u00e3o completa (com dispensa militar);<\/p>\n\n\n\n<p>Atividades &#8211; prepara\u00e7\u00e3o de superf\u00edcies, a aplica\u00e7\u00e3o de tintas e vernizes em paredes, tetos, portas e janelas, entre outras atividades correlatas \u00e0 fun\u00e7\u00e3o.<\/p>\n\n\n\n<p>Dispon\u00edvel at\u00e9 17\/10\/2025 ou encerramento da vaga.<\/p>\n\n\n\n<p><strong>10 vagas &#8211; Motorista de Caminh\u00e3o<\/strong><\/p>\n\n\n\n<p>Escolaridade &#8211; ensino m\u00e9dio completo;<\/p>\n\n\n\n<p>Experi\u00eancia &#8211; registrada na Carteira de Trabalho;<\/p>\n\n\n\n<p>Requisitos Obrigat\u00f3rios &#8211; ter Carteira Nacional de Habilita\u00e7\u00e3o categoria \u201cD\u201d, curso Mopp e ter documenta\u00e7\u00e3o completa;<\/p>\n\n\n\n<p>Atividades &#8211; transportar, coletar e entregar cargas em geral; guinchar, destombar e remover ve\u00edculos avariados e prestar socorro mec\u00e2nico; movimentar cargas volumosas e pesadas, podem, tamb\u00e9m, operar equipamentos, realizar inspe\u00e7\u00f5es e reparos em ve\u00edculos, vistoriar cargas, al\u00e9m de verificar documenta\u00e7\u00e3o de ve\u00edculos e de cargas.<\/p>\n\n\n\n<p>Dispon\u00edvel at\u00e9 17\/10\/2025 ou encerramento da vaga.<\/p>\n\n\n\n<p><strong>1 vaga &#8211; Art\u00edfice<\/strong><\/p>\n\n\n\n<p>Escolaridade &#8211; ensino m\u00e9dio completo;<\/p>\n\n\n\n<p>Experi\u00eancia &#8211; registrada na Carteira de Trabalho;<\/p>\n\n\n\n<p>Requisitos Obrigat\u00f3rios &#8211; ter documenta\u00e7\u00e3o completa (com dispensa militar);<\/p>\n\n\n\n<p>Atividades &#8211; inspecionar e realizar manuten\u00e7\u00f5es em ve\u00edculos metroferrovi\u00e1rios; realizar medi\u00e7\u00f5es e testes em pe\u00e7as, componentes e em ve\u00edculos metroferrovi\u00e1rios; reformar ve\u00edculos e manobrar equipamentos; programar e realizar atividades de manuten\u00e7\u00e3o em conformidade com normas e procedimentos t\u00e9cnicos, de qualidade, de seguran\u00e7a, de sa\u00fade e de preserva\u00e7\u00e3o ambiental.<\/p>\n\n\n\n<p>Dispon\u00edvel at\u00e9 17\/10\/2025 ou encerramento da vaga.<\/p>\n\n\n\n<p><strong>1 vaga &#8211; Soldador<\/strong><\/p>\n\n\n\n<p>Escolaridade &#8211; ensino m\u00e9dio completo;<\/p>\n\n\n\n<p>Experi\u00eancia &#8211; registrada na Carteira de Trabalho;<\/p>\n\n\n\n<p>Requisitos Obrigat\u00f3rios &#8211; ter documenta\u00e7\u00e3o completa (com dispensa militar);<\/p>\n\n\n\n<p>Atividades &#8211; unir e cortar pe\u00e7as de ligas met\u00e1licas usando processos de soldagem e corte tais como eletrodo revestido, tig, mig, mag, oxig\u00e1s, arco submerso, brasagem, plasma; preparar equipamentos, acess\u00f3rios, consum\u00edveis de soldagem e corte e pe\u00e7as a serem soldadas.<\/p>\n\n\n\n<p>Dispon\u00edvel at\u00e9 17\/10\/2025 ou encerramento da vaga.<\/p>\n\n\n\n<p><strong>1 vaga &#8211; Jardineiro<\/strong><\/p>\n\n\n\n<p>Escolaridade &#8211; ensino fundamental completo;<\/p>\n\n\n\n<p>Experi\u00eancia &#8211; seis meses na Carteira de Trabalho;<\/p>\n\n\n\n<p>Requisitos Obrigat\u00f3rios &#8211; residir na Zona Leste e ter documenta\u00e7\u00e3o completa (com dispensa militar);<\/p>\n\n\n\n<p>Atividades &#8211; respons\u00e1vel pela cria\u00e7\u00e3o, manuten\u00e7\u00e3o e conserva\u00e7\u00e3o de jardins, parques e \u00e1reas verdes.<\/p>\n\n\n\n<p>Dispon\u00edvel at\u00e9 17\/10\/2025 ou encerramento da vaga.<\/p>\n\n\n\n<p><strong>4 vagas &#8211; Montador de Pneus<\/strong><\/p>\n\n\n\n<p>Escolaridade &#8211; ensino fundamental completo;<\/p>\n\n\n\n<p>Experi\u00eancia &#8211; tr\u00eas meses na Carteira de Trabalho ou avulsa;<\/p>\n\n\n\n<p>Requisitos Obrigat\u00f3rios &#8211; ter documenta\u00e7\u00e3o completa (com dispensa militar);<\/p>\n\n\n\n<p>Atividades &#8211; respons\u00e1vel pela cria\u00e7\u00e3o, manuten\u00e7\u00e3o e conserva\u00e7\u00e3o de jardins, parques e \u00e1reas verdes.<\/p>\n\n\n\n<p>Dispon\u00edvel at\u00e9 17\/10\/2025 ou encerramento da vaga.<\/p>\n\n\n\n<p><strong>10 vagas &#8211; Auxiliar de Cozinha<\/strong><\/p>\n\n\n\n<p>Escolaridade &#8211; ensino fundamental completo;<\/p>\n\n\n\n<p>Experi\u00eancia &#8211; seis meses na Carteira de Trabalho;<\/p>\n\n\n\n<p>Requisitos Obrigat\u00f3rios &#8211; residir na Zona Centro Sul e ter documenta\u00e7\u00e3o completa;<\/p>\n\n\n\n<p>Atividades &#8211; prepara\u00e7\u00e3o de ingredientes, organiza\u00e7\u00e3o e limpeza da cozinha, aux\u00edlio no preparo de pratos conforme orienta\u00e7\u00e3o, lavagem de utens\u00edlios e manuten\u00e7\u00e3o do estoque de mantimentos.<\/p>\n\n\n\n<p>Dispon\u00edvel at\u00e9 17\/10\/2025 ou encerramento da vaga.<\/p>\n\n\n\n<p><strong>10 vagas &#8211; Cumim<\/strong><\/p>\n\n\n\n<p>Escolaridade &#8211; ensino m\u00e9dio completo;<\/p>\n\n\n\n<p>Experi\u00eancia &#8211; n\u00e3o \u00e9 necess\u00e1rio;<\/p>\n\n\n\n<p>Requisitos Obrigat\u00f3rios &#8211; residir na Zona Centro Sul e ter documenta\u00e7\u00e3o completa (com dispensa militar);<\/p>\n\n\n\n<p>Atividades &#8211; auxiliar o gar\u00e7om, preparar o sal\u00e3o, servir alimentos e bebidas, e manter a limpeza e organiza\u00e7\u00e3o do ambiente.<\/p>\n\n\n\n<p>Dispon\u00edvel at\u00e9 17\/10\/2025 ou encerramento da vaga.<\/p>\n\n\n\n<p><strong>10 vagas &#8211; Atendente<\/strong><\/p>\n\n\n\n<p>Escolaridade &#8211; ensino m\u00e9dio completo;<\/p>\n\n\n\n<p>Experi\u00eancia &#8211; seis meses na Carteira de Trabalho;<\/p>\n\n\n\n<p>Requisitos Obrigat\u00f3rios &#8211; residir na Zona Centro Sul e ter documenta\u00e7\u00e3o completa;<\/p>\n\n\n\n<p>Atividades &#8211; atendimento ao cliente, resolu\u00e7\u00e3o de d\u00favidas e problemas, registro de pedidos, vendas, organiza\u00e7\u00e3o do ambiente de trabalho e, dependendo do local, fun\u00e7\u00f5es administrativas e de caixa.<\/p>\n\n\n\n<p>Dispon\u00edvel at\u00e9 17\/10\/2025 ou encerramento da vaga.<\/p>\n\n\n\n<p><strong>3 vagas &#8211; Mec\u00e2nico de Refrigera\u00e7\u00e3o<\/strong><\/p>\n\n\n\n<p>Escolaridade &#8211; ensino m\u00e9dio completo;<\/p>\n\n\n\n<p>Experi\u00eancia &#8211; registrada na Carteira de Trabalho;<\/p>\n\n\n\n<p>Requisitos Obrigat\u00f3rios &#8211; ter curso de NR 10, NR 35 e ter documenta\u00e7\u00e3o completa (com dispensa militar);<\/p>\n\n\n\n<p>Atividades &#8211; montagem, instala\u00e7\u00e3o e coloca\u00e7\u00e3o em funcionamento de equipamentos de refrigera\u00e7\u00e3o e ar condicionado em ambiente residencial e comercial; an\u00e1lise e ajuste de performance de equipamentos de refrigera\u00e7\u00e3o e ar condicionado; detec\u00e7\u00e3o e corre\u00e7\u00e3o de falhas de origem mec\u00e2nica e el\u00e9trica em equipamentos; garantia de condi\u00e7\u00f5es de qualidade, seguran\u00e7a e preserva\u00e7\u00e3o ambiental envolvendo refrigera\u00e7\u00e3o e ar condicionado; or\u00e7ar servi\u00e7os e elaborar documenta\u00e7\u00e3o t\u00e9cnica.<\/p>\n\n\n\n<p>Dispon\u00edvel at\u00e9 17\/10\/2025 ou encerramento da vaga.<\/p>\n\n\n\n<p><strong>1 vaga &#8211; Oficial de Manuten\u00e7\u00e3o<\/strong><\/p>\n\n\n\n<p>Escolaridade &#8211; ensino m\u00e9dio completo;<\/p>\n\n\n\n<p>Experi\u00eancia &#8211; seis meses na Carteira de Trabalho;<\/p>\n\n\n\n<p>Requisitos Obrigat\u00f3rios &#8211; ter documenta\u00e7\u00e3o completa (com dispensa militar);<\/p>\n\n\n\n<p>Atividades &#8211; realizar manuten\u00e7\u00e3o predial em telhado; hidr\u00e1ulica; alvenaria; assentamento de cer\u00e2micas; pintura.<\/p>\n\n\n\n<p>Dispon\u00edvel at\u00e9 17\/10\/2025 ou encerramento da vaga.<\/p>\n\n\n\n<p><strong>30 vagas &#8211; Ajudante de Carga e Descarga<\/strong><\/p>\n\n\n\n<p>Escolaridade &#8211; ensino m\u00e9dio completo;<\/p>\n\n\n\n<p>Experi\u00eancia &#8211; seis meses na Carteira de Trabalho;<\/p>\n\n\n\n<p>Requisitos Obrigat\u00f3rios &#8211; ter documenta\u00e7\u00e3o completa (com dispensa militar);<\/p>\n\n\n\n<p>Atividades &#8211; auxiliar no carregamento e descarregamento de de ferro, organizando-as para o transporte ou armazenamento.<\/p>\n\n\n\n<p>Dispon\u00edvel at\u00e9 17\/10\/2025 ou encerramento da vaga.<\/p>\n\n\n\n<p><strong>10 vagas &#8211; Auxiliar de Limpeza<\/strong><\/p>\n\n\n\n<p>Escolaridade &#8211; ensino fundamental completo;<\/p>\n\n\n\n<p>Experi\u00eancia &#8211; seis meses na Carteira de Trabalho;<\/p>\n\n\n\n<p>Requisitos Obrigat\u00f3rios &#8211; ter documenta\u00e7\u00e3o completa;<\/p>\n\n\n\n<p>Atividades &#8211; limpeza, conserva\u00e7\u00e3o e manuten\u00e7\u00e3o de ambientes, como varrer, limpar e higienizar pisos, paredes e superf\u00edcies.<\/p>\n\n\n\n<p>Dispon\u00edvel at\u00e9 17\/10\/2025 ou encerramento da vaga.<\/p>\n\n\n\n<p><strong>1 vaga &#8211; T\u00e9cnico de Inform\u00e1tica<\/strong><\/p>\n\n\n\n<p>Escolaridade &#8211; ensino m\u00e9dio completo;<\/p>\n\n\n\n<p>Experi\u00eancia &#8211; seis meses na Carteira de Trabalho;<\/p>\n\n\n\n<p>Requisitos Obrigat\u00f3rios &#8211; ter curso T\u00e9cnico em Inform\u00e1tica, Rede de Computadores e ter documenta\u00e7\u00e3o completa (com dispensa militar);<\/p>\n\n\n\n<p>Atividades &#8211; operar sistemas de computadores e microcomputadores, monitorando o desempenho dos aplicativos, recursos de entrada e sa\u00edda de dados, recursos de armazenamento de dados, registros de erros, consumo da unidade central de processamento, recursos de rede e disponibilidade dos aplicativos, o funcionamento do hardware e do software, entre outras atividades correlatas \u00e0 fun\u00e7\u00e3o.<\/p>\n\n\n\n<p>Dispon\u00edvel at\u00e9 17\/10\/2025 ou encerramento da vaga.<\/p>\n\n\n\n<p><strong>4 vagas &#8211; Auxiliar de Limpeza<\/strong><\/p>\n\n\n\n<p>Escolaridade &#8211; ensino m\u00e9dio completo;<\/p>\n\n\n\n<p>Experi\u00eancia &#8211; seis meses na Carteira de Trabalho;<\/p>\n\n\n\n<p>Requisitos Obrigat\u00f3rios &#8211; ter documenta\u00e7\u00e3o completa;<\/p>\n\n\n\n<p>Atividades &#8211; realizar a higieniza\u00e7\u00e3o e conserva\u00e7\u00e3o de ambientes, como a limpeza de pisos, banheiros e janelas, a remo\u00e7\u00e3o de lixo, a manuten\u00e7\u00e3o de superf\u00edcies e a reposi\u00e7\u00e3o de materiais de higiene, como papel e sabonete, entre outras atividades correlatas \u00e0 fun\u00e7\u00e3o.<\/p>\n\n\n\n<p>Dispon\u00edvel at\u00e9 17\/10\/2025 ou encerramento da vaga.<\/p>\n\n\n\n<p><strong>1 vaga &#8211; Servente de Obras<\/strong><\/p>\n\n\n\n<p>Escolaridade &#8211; ensino m\u00e9dio completo;<\/p>\n\n\n\n<p>Experi\u00eancia &#8211; seis meses na Carteira de Trabalho;<\/p>\n\n\n\n<p>Requisitos Obrigat\u00f3rios &#8211; ter documenta\u00e7\u00e3o completa (com dispensa militar);<\/p>\n\n\n\n<p>Atividades &#8211; apoio geral em canteiros de constru\u00e7\u00e3o, como o transporte e manuseio de materiais, a prepara\u00e7\u00e3o de argamassas e concretos, a limpeza e organiza\u00e7\u00e3o do local de trabalho e a escava\u00e7\u00e3o de valas.<\/p>\n\n\n\n<p>Dispon\u00edvel at\u00e9 17\/10\/2025 ou encerramento da vaga.<\/p>\n\n\n\n<p><strong>VAGAS DISPON\u00cdVEIS PARA PESSOAS COM DEFICI\u00caNCIA (PcD) &#8211; 9<\/strong><\/p>\n\n\n\n<p><strong>1 vaga &#8211; Auxiliar de Servi\u00e7os Gerais &#8211; Vagas exclusivas para Pessoa com Defici\u00eancia (PcD)<\/strong><\/p>\n\n\n\n<p>Escolaridade &#8211; ensino fundamental completo;<\/p>\n\n\n\n<p>Experi\u00eancia &#8211; seis meses na Carteira de Trabalho;<\/p>\n\n\n\n<p>Requisitos Obrigat\u00f3rios &#8211; ter documenta\u00e7\u00e3o completa;<\/p>\n\n\n\n<p>Atividades &#8211; executar servi\u00e7os de limpeza; substituir, trocar, limpar, reparar e instalar pe\u00e7as, componentes e equipamentos; conservar vidros e fachadas, limpar recintos e acess\u00f3rios.<\/p>\n\n\n\n<p>Dispon\u00edvel at\u00e9 17\/10\/2025 ou encerramento da vaga.<\/p>\n\n\n\n<p><strong>2 vagas &#8211; Pintor &#8211; Vagas exclusivas para Pessoa com Defici\u00eancia (PcD)<\/strong><\/p>\n\n\n\n<p>Escolaridade &#8211; ensino m\u00e9dio completo;<\/p>\n\n\n\n<p>Experi\u00eancia &#8211; n\u00e3o \u00e9 necess\u00e1rio;<\/p>\n\n\n\n<p>Requisitos Obrigat\u00f3rios &#8211; ter documenta\u00e7\u00e3o completa (com dispensa militar);<\/p>\n\n\n\n<p>Atividades &#8211; pintar as superf\u00edcies externas e internas de edif\u00edcios e outras obras civis, raspando-a amassando-as e cobrindo-as com uma ou v\u00e1rias camadas de tinta; revestir tetos, paredes e outras partes de edifica\u00e7\u00f5es com papel e materiais pl\u00e1sticos e para tanto, preparar as superf\u00edcies a revestir.<\/p>\n\n\n\n<p>Dispon\u00edvel at\u00e9 17\/10\/2025 ou encerramento da vaga.<\/p>\n\n\n\n<p><strong>1 vaga &#8211; Almoxarife &#8211; Vagas exclusivas para Pessoa com Defici\u00eancia (PcD)<\/strong><\/p>\n\n\n\n<p>Escolaridade &#8211; ensino m\u00e9dio completo;<\/p>\n\n\n\n<p>Experi\u00eancia &#8211; n\u00e3o \u00e9 necess\u00e1rio;<\/p>\n\n\n\n<p>Requisitos Obrigat\u00f3rios &#8211; ter documenta\u00e7\u00e3o completa;<\/p>\n\n\n\n<p>Atividades &#8211; recepcionar, conferir e armazenar produtos e materiais em almoxarifados, armaz\u00e9ns, silos e dep\u00f3sitos; fazer os lan\u00e7amentos da movimenta\u00e7\u00e3o de entradas e sa\u00eddas e controlar os estoques; distribuir produtos e materiais a serem expedidos; organizar o almoxarifado para facilitar a movimenta\u00e7\u00e3o dos itens armazenados e a armazenar.<\/p>\n\n\n\n<p>Dispon\u00edvel at\u00e9 17\/10\/2025 ou encerramento da vaga.<\/p>\n\n\n\n<p><strong>2 vagas &#8211; Auxiliar Administrativo &#8211; Vagas exclusivas para Pessoa com Defici\u00eancia (PcD)<\/strong><\/p>\n\n\n\n<p>Escolaridade &#8211; ensino m\u00e9dio completo;<\/p>\n\n\n\n<p>Experi\u00eancia &#8211; n\u00e3o \u00e9 necess\u00e1rio;<\/p>\n\n\n\n<p>Requisitos Obrigat\u00f3rios &#8211; ter conhecimentos s\u00f3lidos em inform\u00e1tica, cursos em andamento na \u00e1rea de gest\u00e3o de RH, leis trabalhistas e ter documenta\u00e7\u00e3o completa;<\/p>\n\n\n\n<p>Atividades &#8211; dar suporte em \u00e1reas como recursos humanos, administra\u00e7\u00e3o, finan\u00e7as e log\u00edstica, al\u00e9m de atender clientes e fornecedores, tratar e arquivar documentos e auxiliar na elabora\u00e7\u00e3o de relat\u00f3rios e planilhas.<\/p>\n\n\n\n<p>Dispon\u00edvel at\u00e9 17\/10\/2025 ou encerramento da vaga.<\/p>\n\n\n\n<p><strong>1 vaga &#8211; Frentista &#8211; Vagas exclusivas para Pessoa com Defici\u00eancia (PcD)<\/strong><\/p>\n\n\n\n<p>Escolaridade &#8211; ensino m\u00e9dio completo;<\/p>\n\n\n\n<p>Experi\u00eancia &#8211; seis meses na Carteira de Trabalho;<\/p>\n\n\n\n<p>Requisitos Obrigat\u00f3rios &#8211; ter documenta\u00e7\u00e3o completa (com dispensa militar);<\/p>\n\n\n\n<p>Atividades &#8211; abordagem inicial, abastecimento ve\u00edculos, verificar \u00e1gua, \u00f3leo e press\u00e3o dos pneus.<\/p>\n\n\n\n<p>Dispon\u00edvel at\u00e9 17\/10\/2025 ou encerramento da vaga.<\/p>\n\n\n\n<p>&#8212; &#8212; &#8212;<\/p>\n\n\n\n<p><strong>Texto<\/strong>&nbsp;&#8211;&nbsp;Divulga\u00e7\u00e3o\/Semtepi<\/p>\n\n\n\n<p><strong>Fotos<\/strong>&nbsp;&#8211;&nbsp;Arquivo\/Semcom<\/p>\n\n\n\n<p><strong>Dispon\u00edveis em<\/strong>&nbsp;&#8211;&nbsp;<a href=\"https:\/\/flic.kr\/s\/aHBqjCetWK\">https:\/\/flic.kr\/s\/aHBqjCetWK<\/a><\/p>\n","protected":false},"excerpt":{"rendered":"","protected":false},"author":39,"featured_media":6661,"comment_status":"closed","ping_status":"closed","sticky":false,"template":"","format":"standard","meta":{"footnotes":""},"categories":[5],"tags":[1573,1574,7,8,9,10],"acf":[],"yoast_head":"<!-- This site is optimized with the Yoast SEO plugin v23.0 - https:\/\/yoast.com\/wordpress\/plugins\/seo\/ -->\n<title>Sine Manaus oferta 386 vagas de emprego nesta sexta-feira, 17\/10<\/title>\n<meta name=\"description\" content=\"Prefeitura de Manaus, por meio do Sine Manaus, oferta 386 vagas de emprego em v\u00e1rias \u00e1reas de atua\u00e7\u00e3o, nesta sexta-feira, 17\/10.\" \/>\n<meta name=\"robots\" content=\"noindex, follow\" \/>\n<meta property=\"og:locale\" content=\"pt_BR\" \/>\n<meta property=\"og:type\" content=\"article\" \/>\n<meta property=\"og:title\" content=\"Sine Manaus oferta 386 vagas de emprego nesta sexta-feira, 17\/10\" \/>\n<meta property=\"og:description\" content=\"Prefeitura de Manaus, por meio do Sine Manaus, oferta 386 vagas de emprego em v\u00e1rias \u00e1reas de atua\u00e7\u00e3o, nesta sexta-feira, 17\/10.\" \/>\n<meta property=\"og:url\" content=\"https:\/\/www.manaus.am.gov.br\/semtepi\/oportunidade\/sine-manaus-386-vagas-emprego-17-10\/\" \/>\n<meta property=\"og:site_name\" content=\"SEMTEPI\" \/>\n<meta property=\"article:published_time\" content=\"2025-10-16T16:55:53+00:00\" \/>\n<meta property=\"article:modified_time\" content=\"2025-10-16T16:55:54+00:00\" \/>\n<meta property=\"og:image\" content=\"https:\/\/www.manaus.am.gov.br\/semtepi\/wp-content\/uploads\/sites\/20\/2025\/07\/54523926589_af28c91c2c_c.jpg\" \/>\n\t<meta property=\"og:image:width\" content=\"799\" \/>\n\t<meta property=\"og:image:height\" content=\"533\" \/>\n\t<meta property=\"og:image:type\" content=\"image\/jpeg\" \/>\n<meta name=\"author\" content=\"Bruna Greco\" \/>\n<meta name=\"twitter:card\" content=\"summary_large_image\" \/>\n<meta name=\"twitter:label1\" content=\"Written by\" \/>\n\t<meta name=\"twitter:data1\" content=\"Bruna Greco\" \/>\n\t<meta name=\"twitter:label2\" content=\"Est. reading time\" \/>\n\t<meta name=\"twitter:data2\" content=\"21 minutos\" \/>\n<script type=\"application\/ld+json\" class=\"yoast-schema-graph\">{\"@context\":\"https:\/\/schema.org\",\"@graph\":[{\"@type\":\"Article\",\"@id\":\"https:\/\/www.manaus.am.gov.br\/semtepi\/oportunidade\/sine-manaus-386-vagas-emprego-17-10\/#article\",\"isPartOf\":{\"@id\":\"https:\/\/www.manaus.am.gov.br\/semtepi\/oportunidade\/sine-manaus-386-vagas-emprego-17-10\/\"},\"author\":{\"name\":\"Bruna Greco\",\"@id\":\"https:\/\/www.manaus.am.gov.br\/semtepi\/#\/schema\/person\/05d223aea2bf115f9883a6ff3683d81b\"},\"headline\":\"Sine Manaus oferta 386 vagas de emprego nesta sexta-feira, 17\/10\",\"datePublished\":\"2025-10-16T16:55:53+00:00\",\"dateModified\":\"2025-10-16T16:55:54+00:00\",\"mainEntityOfPage\":{\"@id\":\"https:\/\/www.manaus.am.gov.br\/semtepi\/oportunidade\/sine-manaus-386-vagas-emprego-17-10\/\"},\"wordCount\":4529,\"publisher\":{\"@id\":\"https:\/\/www.manaus.am.gov.br\/semtepi\/#organization\"},\"image\":{\"@id\":\"https:\/\/www.manaus.am.gov.br\/semtepi\/oportunidade\/sine-manaus-386-vagas-emprego-17-10\/#primaryimage\"},\"thumbnailUrl\":\"https:\/\/www.manaus.am.gov.br\/semtepi\/wp-content\/uploads\/sites\/20\/2025\/07\/54523926589_af28c91c2c_c.jpg\",\"keywords\":[\"17\/10\",\"386 vagas de emprego\",\"oportunidade\",\"prefeitura de manaus\",\"Semtepi\",\"sine manaus\"],\"articleSection\":[\"Oportunidade\"],\"inLanguage\":\"pt-BR\"},{\"@type\":\"WebPage\",\"@id\":\"https:\/\/www.manaus.am.gov.br\/semtepi\/oportunidade\/sine-manaus-386-vagas-emprego-17-10\/\",\"url\":\"https:\/\/www.manaus.am.gov.br\/semtepi\/oportunidade\/sine-manaus-386-vagas-emprego-17-10\/\",\"name\":\"Sine Manaus oferta 386 vagas de emprego nesta sexta-feira, 17\/10\",\"isPartOf\":{\"@id\":\"https:\/\/www.manaus.am.gov.br\/semtepi\/#website\"},\"primaryImageOfPage\":{\"@id\":\"https:\/\/www.manaus.am.gov.br\/semtepi\/oportunidade\/sine-manaus-386-vagas-emprego-17-10\/#primaryimage\"},\"image\":{\"@id\":\"https:\/\/www.manaus.am.gov.br\/semtepi\/oportunidade\/sine-manaus-386-vagas-emprego-17-10\/#primaryimage\"},\"thumbnailUrl\":\"https:\/\/www.manaus.am.gov.br\/semtepi\/wp-content\/uploads\/sites\/20\/2025\/07\/54523926589_af28c91c2c_c.jpg\",\"datePublished\":\"2025-10-16T16:55:53+00:00\",\"dateModified\":\"2025-10-16T16:55:54+00:00\",\"description\":\"Prefeitura de Manaus, por meio do Sine Manaus, oferta 386 vagas de emprego em v\u00e1rias \u00e1reas de atua\u00e7\u00e3o, nesta sexta-feira, 17\/10.\",\"breadcrumb\":{\"@id\":\"https:\/\/www.manaus.am.gov.br\/semtepi\/oportunidade\/sine-manaus-386-vagas-emprego-17-10\/#breadcrumb\"},\"inLanguage\":\"pt-BR\",\"potentialAction\":[{\"@type\":\"ReadAction\",\"target\":[\"https:\/\/www.manaus.am.gov.br\/semtepi\/oportunidade\/sine-manaus-386-vagas-emprego-17-10\/\"]}]},{\"@type\":\"ImageObject\",\"inLanguage\":\"pt-BR\",\"@id\":\"https:\/\/www.manaus.am.gov.br\/semtepi\/oportunidade\/sine-manaus-386-vagas-emprego-17-10\/#primaryimage\",\"url\":\"https:\/\/www.manaus.am.gov.br\/semtepi\/wp-content\/uploads\/sites\/20\/2025\/07\/54523926589_af28c91c2c_c.jpg\",\"contentUrl\":\"https:\/\/www.manaus.am.gov.br\/semtepi\/wp-content\/uploads\/sites\/20\/2025\/07\/54523926589_af28c91c2c_c.jpg\",\"width\":799,\"height\":533},{\"@type\":\"BreadcrumbList\",\"@id\":\"https:\/\/www.manaus.am.gov.br\/semtepi\/oportunidade\/sine-manaus-386-vagas-emprego-17-10\/#breadcrumb\",\"itemListElement\":[{\"@type\":\"ListItem\",\"position\":1,\"name\":\"Home\",\"item\":\"https:\/\/www.manaus.am.gov.br\/semtepi\/\"},{\"@type\":\"ListItem\",\"position\":2,\"name\":\"Sine Manaus oferta 386 vagas de emprego nesta sexta-feira, 17\/10\"}]},{\"@type\":\"WebSite\",\"@id\":\"https:\/\/www.manaus.am.gov.br\/semtepi\/#website\",\"url\":\"https:\/\/www.manaus.am.gov.br\/semtepi\/\",\"name\":\"SEMTEPI\",\"description\":\"Prefeitura de Manaus\",\"publisher\":{\"@id\":\"https:\/\/www.manaus.am.gov.br\/semtepi\/#organization\"},\"alternateName\":\"Secretaria Municipal do Trabalho, Empreendedorismo e Inova\u00e7\u00e3o\",\"potentialAction\":[{\"@type\":\"SearchAction\",\"target\":{\"@type\":\"EntryPoint\",\"urlTemplate\":\"https:\/\/www.manaus.am.gov.br\/semtepi\/?s={search_term_string}\"},\"query-input\":\"required name=search_term_string\"}],\"inLanguage\":\"pt-BR\"},{\"@type\":\"Organization\",\"@id\":\"https:\/\/www.manaus.am.gov.br\/semtepi\/#organization\",\"name\":\"Prefeitura Municipal de Manaus\",\"alternateName\":\"Prefeitura de Manaus\",\"url\":\"https:\/\/www.manaus.am.gov.br\/semtepi\/\",\"logo\":{\"@type\":\"ImageObject\",\"inLanguage\":\"pt-BR\",\"@id\":\"https:\/\/www.manaus.am.gov.br\/semtepi\/#\/schema\/logo\/image\/\",\"url\":\"https:\/\/www.manaus.am.gov.br\/semtepi\/wp-content\/uploads\/sites\/20\/2024\/07\/favicon.png\",\"contentUrl\":\"https:\/\/www.manaus.am.gov.br\/semtepi\/wp-content\/uploads\/sites\/20\/2024\/07\/favicon.png\",\"width\":300,\"height\":300,\"caption\":\"Prefeitura Municipal de Manaus\"},\"image\":{\"@id\":\"https:\/\/www.manaus.am.gov.br\/semtepi\/#\/schema\/logo\/image\/\"}},{\"@type\":\"Person\",\"@id\":\"https:\/\/www.manaus.am.gov.br\/semtepi\/#\/schema\/person\/05d223aea2bf115f9883a6ff3683d81b\",\"name\":\"Bruna Greco\",\"image\":{\"@type\":\"ImageObject\",\"inLanguage\":\"pt-BR\",\"@id\":\"https:\/\/www.manaus.am.gov.br\/semtepi\/#\/schema\/person\/image\/\",\"url\":\"https:\/\/secure.gravatar.com\/avatar\/9c877d1a6adc2a055330e5c09a8653ce?s=96&d=mm&r=g\",\"contentUrl\":\"https:\/\/secure.gravatar.com\/avatar\/9c877d1a6adc2a055330e5c09a8653ce?s=96&d=mm&r=g\",\"caption\":\"Bruna Greco\"}}]}<\/script>\n<!-- \/ Yoast SEO plugin. -->","yoast_head_json":{"title":"Sine Manaus oferta 386 vagas de emprego nesta sexta-feira, 17\/10","description":"Prefeitura de Manaus, por meio do Sine Manaus, oferta 386 vagas de emprego em v\u00e1rias \u00e1reas de atua\u00e7\u00e3o, nesta sexta-feira, 17\/10.","robots":{"index":"noindex","follow":"follow"},"og_locale":"pt_BR","og_type":"article","og_title":"Sine Manaus oferta 386 vagas de emprego nesta sexta-feira, 17\/10","og_description":"Prefeitura de Manaus, por meio do Sine Manaus, oferta 386 vagas de emprego em v\u00e1rias \u00e1reas de atua\u00e7\u00e3o, nesta sexta-feira, 17\/10.","og_url":"https:\/\/www.manaus.am.gov.br\/semtepi\/oportunidade\/sine-manaus-386-vagas-emprego-17-10\/","og_site_name":"SEMTEPI","article_published_time":"2025-10-16T16:55:53+00:00","article_modified_time":"2025-10-16T16:55:54+00:00","og_image":[{"width":799,"height":533,"url":"https:\/\/www.manaus.am.gov.br\/semtepi\/wp-content\/uploads\/sites\/20\/2025\/07\/54523926589_af28c91c2c_c.jpg","type":"image\/jpeg"}],"author":"Bruna Greco","twitter_card":"summary_large_image","twitter_misc":{"Written by":"Bruna Greco","Est. reading time":"21 minutos"},"schema":{"@context":"https:\/\/schema.org","@graph":[{"@type":"Article","@id":"https:\/\/www.manaus.am.gov.br\/semtepi\/oportunidade\/sine-manaus-386-vagas-emprego-17-10\/#article","isPartOf":{"@id":"https:\/\/www.manaus.am.gov.br\/semtepi\/oportunidade\/sine-manaus-386-vagas-emprego-17-10\/"},"author":{"name":"Bruna Greco","@id":"https:\/\/www.manaus.am.gov.br\/semtepi\/#\/schema\/person\/05d223aea2bf115f9883a6ff3683d81b"},"headline":"Sine Manaus oferta 386 vagas de emprego nesta sexta-feira, 17\/10","datePublished":"2025-10-16T16:55:53+00:00","dateModified":"2025-10-16T16:55:54+00:00","mainEntityOfPage":{"@id":"https:\/\/www.manaus.am.gov.br\/semtepi\/oportunidade\/sine-manaus-386-vagas-emprego-17-10\/"},"wordCount":4529,"publisher":{"@id":"https:\/\/www.manaus.am.gov.br\/semtepi\/#organization"},"image":{"@id":"https:\/\/www.manaus.am.gov.br\/semtepi\/oportunidade\/sine-manaus-386-vagas-emprego-17-10\/#primaryimage"},"thumbnailUrl":"https:\/\/www.manaus.am.gov.br\/semtepi\/wp-content\/uploads\/sites\/20\/2025\/07\/54523926589_af28c91c2c_c.jpg","keywords":["17\/10","386 vagas de emprego","oportunidade","prefeitura de manaus","Semtepi","sine manaus"],"articleSection":["Oportunidade"],"inLanguage":"pt-BR"},{"@type":"WebPage","@id":"https:\/\/www.manaus.am.gov.br\/semtepi\/oportunidade\/sine-manaus-386-vagas-emprego-17-10\/","url":"https:\/\/www.manaus.am.gov.br\/semtepi\/oportunidade\/sine-manaus-386-vagas-emprego-17-10\/","name":"Sine Manaus oferta 386 vagas de emprego nesta sexta-feira, 17\/10","isPartOf":{"@id":"https:\/\/www.manaus.am.gov.br\/semtepi\/#website"},"primaryImageOfPage":{"@id":"https:\/\/www.manaus.am.gov.br\/semtepi\/oportunidade\/sine-manaus-386-vagas-emprego-17-10\/#primaryimage"},"image":{"@id":"https:\/\/www.manaus.am.gov.br\/semtepi\/oportunidade\/sine-manaus-386-vagas-emprego-17-10\/#primaryimage"},"thumbnailUrl":"https:\/\/www.manaus.am.gov.br\/semtepi\/wp-content\/uploads\/sites\/20\/2025\/07\/54523926589_af28c91c2c_c.jpg","datePublished":"2025-10-16T16:55:53+00:00","dateModified":"2025-10-16T16:55:54+00:00","description":"Prefeitura de Manaus, por meio do Sine Manaus, oferta 386 vagas de emprego em v\u00e1rias \u00e1reas de atua\u00e7\u00e3o, nesta sexta-feira, 17\/10.","breadcrumb":{"@id":"https:\/\/www.manaus.am.gov.br\/semtepi\/oportunidade\/sine-manaus-386-vagas-emprego-17-10\/#breadcrumb"},"inLanguage":"pt-BR","potentialAction":[{"@type":"ReadAction","target":["https:\/\/www.manaus.am.gov.br\/semtepi\/oportunidade\/sine-manaus-386-vagas-emprego-17-10\/"]}]},{"@type":"ImageObject","inLanguage":"pt-BR","@id":"https:\/\/www.manaus.am.gov.br\/semtepi\/oportunidade\/sine-manaus-386-vagas-emprego-17-10\/#primaryimage","url":"https:\/\/www.manaus.am.gov.br\/semtepi\/wp-content\/uploads\/sites\/20\/2025\/07\/54523926589_af28c91c2c_c.jpg","contentUrl":"https:\/\/www.manaus.am.gov.br\/semtepi\/wp-content\/uploads\/sites\/20\/2025\/07\/54523926589_af28c91c2c_c.jpg","width":799,"height":533},{"@type":"BreadcrumbList","@id":"https:\/\/www.manaus.am.gov.br\/semtepi\/oportunidade\/sine-manaus-386-vagas-emprego-17-10\/#breadcrumb","itemListElement":[{"@type":"ListItem","position":1,"name":"Home","item":"https:\/\/www.manaus.am.gov.br\/semtepi\/"},{"@type":"ListItem","position":2,"name":"Sine Manaus oferta 386 vagas de emprego nesta sexta-feira, 17\/10"}]},{"@type":"WebSite","@id":"https:\/\/www.manaus.am.gov.br\/semtepi\/#website","url":"https:\/\/www.manaus.am.gov.br\/semtepi\/","name":"SEMTEPI","description":"Prefeitura de Manaus","publisher":{"@id":"https:\/\/www.manaus.am.gov.br\/semtepi\/#organization"},"alternateName":"Secretaria Municipal do Trabalho, Empreendedorismo e Inova\u00e7\u00e3o","potentialAction":[{"@type":"SearchAction","target":{"@type":"EntryPoint","urlTemplate":"https:\/\/www.manaus.am.gov.br\/semtepi\/?s={search_term_string}"},"query-input":"required name=search_term_string"}],"inLanguage":"pt-BR"},{"@type":"Organization","@id":"https:\/\/www.manaus.am.gov.br\/semtepi\/#organization","name":"Prefeitura Municipal de Manaus","alternateName":"Prefeitura de Manaus","url":"https:\/\/www.manaus.am.gov.br\/semtepi\/","logo":{"@type":"ImageObject","inLanguage":"pt-BR","@id":"https:\/\/www.manaus.am.gov.br\/semtepi\/#\/schema\/logo\/image\/","url":"https:\/\/www.manaus.am.gov.br\/semtepi\/wp-content\/uploads\/sites\/20\/2024\/07\/favicon.png","contentUrl":"https:\/\/www.manaus.am.gov.br\/semtepi\/wp-content\/uploads\/sites\/20\/2024\/07\/favicon.png","width":300,"height":300,"caption":"Prefeitura Municipal de Manaus"},"image":{"@id":"https:\/\/www.manaus.am.gov.br\/semtepi\/#\/schema\/logo\/image\/"}},{"@type":"Person","@id":"https:\/\/www.manaus.am.gov.br\/semtepi\/#\/schema\/person\/05d223aea2bf115f9883a6ff3683d81b","name":"Bruna Greco","image":{"@type":"ImageObject","inLanguage":"pt-BR","@id":"https:\/\/www.manaus.am.gov.br\/semtepi\/#\/schema\/person\/image\/","url":"https:\/\/secure.gravatar.com\/avatar\/9c877d1a6adc2a055330e5c09a8653ce?s=96&d=mm&r=g","contentUrl":"https:\/\/secure.gravatar.com\/avatar\/9c877d1a6adc2a055330e5c09a8653ce?s=96&d=mm&r=g","caption":"Bruna Greco"}}]}},"_links":{"self":[{"href":"https:\/\/www.manaus.am.gov.br\/semtepi\/wp-json\/wp\/v2\/posts\/7170"}],"collection":[{"href":"https:\/\/www.manaus.am.gov.br\/semtepi\/wp-json\/wp\/v2\/posts"}],"about":[{"href":"https:\/\/www.manaus.am.gov.br\/semtepi\/wp-json\/wp\/v2\/types\/post"}],"author":[{"embeddable":true,"href":"https:\/\/www.manaus.am.gov.br\/semtepi\/wp-json\/wp\/v2\/users\/39"}],"replies":[{"embeddable":true,"href":"https:\/\/www.manaus.am.gov.br\/semtepi\/wp-json\/wp\/v2\/comments?post=7170"}],"version-history":[{"count":0,"href":"https:\/\/www.manaus.am.gov.br\/semtepi\/wp-json\/wp\/v2\/posts\/7170\/revisions"}],"wp:featuredmedia":[{"embeddable":true,"href":"https:\/\/www.manaus.am.gov.br\/semtepi\/wp-json\/wp\/v2\/media\/6661"}],"wp:attachment":[{"href":"https:\/\/www.manaus.am.gov.br\/semtepi\/wp-json\/wp\/v2\/media?parent=7170"}],"wp:term":[{"taxonomy":"category","embeddable":true,"href":"https:\/\/www.manaus.am.gov.br\/semtepi\/wp-json\/wp\/v2\/categories?post=7170"},{"taxonomy":"post_tag","embeddable":true,"href":"https:\/\/www.manaus.am.gov.br\/semtepi\/wp-json\/wp\/v2\/tags?post=7170"}],"curies":[{"name":"wp","href":"https:\/\/api.w.org\/{rel}","templated":true}]}}