{"id":7162,"date":"2025-10-15T12:09:09","date_gmt":"2025-10-15T16:09:09","guid":{"rendered":"https:\/\/www.manaus.am.gov.br\/semtepi\/sem-categoria\/treinamento-direto-ao-ponto\/"},"modified":"2025-10-15T12:09:09","modified_gmt":"2025-10-15T16:09:09","slug":"treinamento-direto-ao-ponto","status":"publish","type":"post","link":"https:\/\/www.manaus.am.gov.br\/semtepi\/oportunidade\/treinamento-direto-ao-ponto\/","title":{"rendered":"Prefeitura divulga lista de selecionados para o treinamento \u2018Direto ao Ponto\u2019 com foco em estrat\u00e9gias digitais e intelig\u00eancia artificial"},"content":{"rendered":"\n<p>A <a href=\"https:\/\/www.instagram.com\/prefeiturademanaus\/\">Prefeitura de Manaus<\/a>, por meio da <a href=\"https:\/\/www.manaus.am.gov.br\/semtepi\/\">Secretaria Municipal do Trabalho, Empreendedorismo e Inova\u00e7\u00e3o (Semtepi)<\/a>, divulga, nesta quarta-feira, 15\/10, a lista dos 80 participantes selecionados para o treinamento \u201cDireto ao Ponto\u201d, que ser\u00e1 realizado nesta quinta-feira, 16\/10, das 9h \u00e0s 12h, na Galeria dos Rem\u00e9dios, localizada na rua Miranda Le\u00e3o, n\u00ba 82, Centro.<\/p>\n\n\n\n<p>A capacita\u00e7\u00e3o \u00e9 uma parceria entre a Semtepi e a empresa Ambiente Digital, e tem como foco principal o aperfei\u00e7oamento de empreendedores e profissionais nas \u00e1reas de estrat\u00e9gias digitais e intelig\u00eancia artificial, com temas que v\u00e3o desde tr\u00e1fego pago eficiente at\u00e9 remarketing estrat\u00e9gico e expans\u00e3o de neg\u00f3cios com uso de IA.<\/p>\n\n\n\n<p>O titular da Semtepi, Alonso Oliveira, refor\u00e7ou a import\u00e2ncia da iniciativa. \u201cNosso objetivo \u00e9 oferecer ferramentas pr\u00e1ticas para que os empreendedores de Manaus possam potencializar seus resultados no ambiente digital. Esse tipo de capacita\u00e7\u00e3o faz parte da estrat\u00e9gia da Prefeitura de fortalecer o ecossistema de inova\u00e7\u00e3o e empreendedorismo da cidade\u201d, destacou o secret\u00e1rio.<\/p>\n\n\n\n<p>Os candidatos selecionados devem comparecer no local e hor\u00e1rio informados, munidos de um documento oficial com foto. A aus\u00eancia no primeiro dia de aula resultar\u00e1 na substitui\u00e7\u00e3o autom\u00e1tica pelo candidato da lista de espera.<\/p>\n\n\n\n<p><a href=\"https:\/\/www.manaus.am.gov.br\/semtepi\/wp-content\/uploads\/sites\/20\/2025\/10\/LISTA-DE-SELECIONADOS-16-10-2025.pdf\">Acesse a lista aqui<\/a><\/p>\n\n\n\n<p>&#8212; &#8212; &#8212;<\/p>\n\n\n\n<p><strong>Texto &#8211;<\/strong> Asafe Augusto \/ Semtepi<\/p>\n\n\n\n<p><strong>Fotos \u2013<\/strong> Divulga\u00e7\u00e3o \/ Semtepi<\/p>\n","protected":false},"excerpt":{"rendered":"","protected":false},"author":57,"featured_media":7163,"comment_status":"closed","ping_status":"closed","sticky":false,"template":"","format":"standard","meta":{"footnotes":""},"categories":[5],"tags":[252,8,9,1570],"acf":[],"yoast_head":"<!-- This site is optimized with the Yoast SEO plugin v23.0 - https:\/\/yoast.com\/wordpress\/plugins\/seo\/ -->\n<title>Prefeitura divulga selecionados para treinamento \u2018Direto ao Ponto\u2019<\/title>\n<meta name=\"description\" content=\"A Prefeitura de Manaus divulga, nesta quarta-feira, 15\/10, a lista dos 80 participantes selecionados para o treinamento \u201cDireto ao Ponto\u201d.\" \/>\n<meta name=\"robots\" content=\"noindex, follow\" \/>\n<meta property=\"og:locale\" content=\"pt_BR\" \/>\n<meta property=\"og:type\" content=\"article\" \/>\n<meta property=\"og:title\" content=\"Prefeitura divulga selecionados para treinamento \u2018Direto ao Ponto\u2019\" \/>\n<meta property=\"og:description\" content=\"A Prefeitura de Manaus divulga, nesta quarta-feira, 15\/10, a lista dos 80 participantes selecionados para o treinamento \u201cDireto ao Ponto\u201d.\" \/>\n<meta property=\"og:url\" content=\"https:\/\/www.manaus.am.gov.br\/semtepi\/oportunidade\/treinamento-direto-ao-ponto\/\" \/>\n<meta property=\"og:site_name\" content=\"SEMTEPI\" \/>\n<meta property=\"article:published_time\" content=\"2025-10-15T16:09:09+00:00\" \/>\n<meta property=\"og:image\" content=\"https:\/\/www.manaus.am.gov.br\/semtepi\/wp-content\/uploads\/sites\/20\/2025\/10\/treinamento-\u2018Direto-ao-Ponto-1.jpeg\" \/>\n\t<meta property=\"og:image:width\" content=\"2048\" \/>\n\t<meta property=\"og:image:height\" content=\"1536\" \/>\n\t<meta property=\"og:image:type\" content=\"image\/jpeg\" \/>\n<meta name=\"author\" content=\"Thiago Fernando\" \/>\n<meta name=\"twitter:card\" content=\"summary_large_image\" \/>\n<meta name=\"twitter:label1\" content=\"Written by\" \/>\n\t<meta name=\"twitter:data1\" content=\"Thiago Fernando\" \/>\n\t<meta name=\"twitter:label2\" content=\"Est. reading time\" \/>\n\t<meta name=\"twitter:data2\" content=\"2 minutos\" \/>\n<script type=\"application\/ld+json\" class=\"yoast-schema-graph\">{\"@context\":\"https:\/\/schema.org\",\"@graph\":[{\"@type\":\"Article\",\"@id\":\"https:\/\/www.manaus.am.gov.br\/semtepi\/oportunidade\/treinamento-direto-ao-ponto\/#article\",\"isPartOf\":{\"@id\":\"https:\/\/www.manaus.am.gov.br\/semtepi\/oportunidade\/treinamento-direto-ao-ponto\/\"},\"author\":{\"name\":\"Thiago Fernando\",\"@id\":\"https:\/\/www.manaus.am.gov.br\/semtepi\/#\/schema\/person\/a5ee5376db6e21af026374b369f30882\"},\"headline\":\"Prefeitura divulga lista de selecionados para o treinamento \u2018Direto ao Ponto\u2019 com foco em estrat\u00e9gias digitais e intelig\u00eancia artificial\",\"datePublished\":\"2025-10-15T16:09:09+00:00\",\"dateModified\":\"2025-10-15T16:09:09+00:00\",\"mainEntityOfPage\":{\"@id\":\"https:\/\/www.manaus.am.gov.br\/semtepi\/oportunidade\/treinamento-direto-ao-ponto\/\"},\"wordCount\":245,\"publisher\":{\"@id\":\"https:\/\/www.manaus.am.gov.br\/semtepi\/#organization\"},\"image\":{\"@id\":\"https:\/\/www.manaus.am.gov.br\/semtepi\/oportunidade\/treinamento-direto-ao-ponto\/#primaryimage\"},\"thumbnailUrl\":\"https:\/\/www.manaus.am.gov.br\/semtepi\/wp-content\/uploads\/sites\/20\/2025\/10\/treinamento-\u2018Direto-ao-Ponto-1.jpeg\",\"keywords\":[\"curso\",\"prefeitura de manaus\",\"Semtepi\",\"treinamento \u2018Direto ao Ponto\u2019\"],\"articleSection\":[\"Oportunidade\"],\"inLanguage\":\"pt-BR\"},{\"@type\":\"WebPage\",\"@id\":\"https:\/\/www.manaus.am.gov.br\/semtepi\/oportunidade\/treinamento-direto-ao-ponto\/\",\"url\":\"https:\/\/www.manaus.am.gov.br\/semtepi\/oportunidade\/treinamento-direto-ao-ponto\/\",\"name\":\"Prefeitura divulga selecionados para treinamento \u2018Direto ao Ponto\u2019\",\"isPartOf\":{\"@id\":\"https:\/\/www.manaus.am.gov.br\/semtepi\/#website\"},\"primaryImageOfPage\":{\"@id\":\"https:\/\/www.manaus.am.gov.br\/semtepi\/oportunidade\/treinamento-direto-ao-ponto\/#primaryimage\"},\"image\":{\"@id\":\"https:\/\/www.manaus.am.gov.br\/semtepi\/oportunidade\/treinamento-direto-ao-ponto\/#primaryimage\"},\"thumbnailUrl\":\"https:\/\/www.manaus.am.gov.br\/semtepi\/wp-content\/uploads\/sites\/20\/2025\/10\/treinamento-\u2018Direto-ao-Ponto-1.jpeg\",\"datePublished\":\"2025-10-15T16:09:09+00:00\",\"dateModified\":\"2025-10-15T16:09:09+00:00\",\"description\":\"A Prefeitura de Manaus divulga, nesta quarta-feira, 15\/10, a lista dos 80 participantes selecionados para o treinamento \u201cDireto ao Ponto\u201d.\",\"breadcrumb\":{\"@id\":\"https:\/\/www.manaus.am.gov.br\/semtepi\/oportunidade\/treinamento-direto-ao-ponto\/#breadcrumb\"},\"inLanguage\":\"pt-BR\",\"potentialAction\":[{\"@type\":\"ReadAction\",\"target\":[\"https:\/\/www.manaus.am.gov.br\/semtepi\/oportunidade\/treinamento-direto-ao-ponto\/\"]}]},{\"@type\":\"ImageObject\",\"inLanguage\":\"pt-BR\",\"@id\":\"https:\/\/www.manaus.am.gov.br\/semtepi\/oportunidade\/treinamento-direto-ao-ponto\/#primaryimage\",\"url\":\"https:\/\/www.manaus.am.gov.br\/semtepi\/wp-content\/uploads\/sites\/20\/2025\/10\/treinamento-\u2018Direto-ao-Ponto-1.jpeg\",\"contentUrl\":\"https:\/\/www.manaus.am.gov.br\/semtepi\/wp-content\/uploads\/sites\/20\/2025\/10\/treinamento-\u2018Direto-ao-Ponto-1.jpeg\",\"width\":2048,\"height\":1536,\"caption\":\"#paratodosverem - Alunos participando de treinamento\"},{\"@type\":\"BreadcrumbList\",\"@id\":\"https:\/\/www.manaus.am.gov.br\/semtepi\/oportunidade\/treinamento-direto-ao-ponto\/#breadcrumb\",\"itemListElement\":[{\"@type\":\"ListItem\",\"position\":1,\"name\":\"Home\",\"item\":\"https:\/\/www.manaus.am.gov.br\/semtepi\/\"},{\"@type\":\"ListItem\",\"position\":2,\"name\":\"Prefeitura divulga lista de selecionados para o treinamento \u2018Direto ao Ponto\u2019 com foco em estrat\u00e9gias digitais e intelig\u00eancia artificial\"}]},{\"@type\":\"WebSite\",\"@id\":\"https:\/\/www.manaus.am.gov.br\/semtepi\/#website\",\"url\":\"https:\/\/www.manaus.am.gov.br\/semtepi\/\",\"name\":\"SEMTEPI\",\"description\":\"Prefeitura de Manaus\",\"publisher\":{\"@id\":\"https:\/\/www.manaus.am.gov.br\/semtepi\/#organization\"},\"alternateName\":\"Secretaria Municipal do Trabalho, Empreendedorismo e Inova\u00e7\u00e3o\",\"potentialAction\":[{\"@type\":\"SearchAction\",\"target\":{\"@type\":\"EntryPoint\",\"urlTemplate\":\"https:\/\/www.manaus.am.gov.br\/semtepi\/?s={search_term_string}\"},\"query-input\":\"required name=search_term_string\"}],\"inLanguage\":\"pt-BR\"},{\"@type\":\"Organization\",\"@id\":\"https:\/\/www.manaus.am.gov.br\/semtepi\/#organization\",\"name\":\"Prefeitura Municipal de Manaus\",\"alternateName\":\"Prefeitura de Manaus\",\"url\":\"https:\/\/www.manaus.am.gov.br\/semtepi\/\",\"logo\":{\"@type\":\"ImageObject\",\"inLanguage\":\"pt-BR\",\"@id\":\"https:\/\/www.manaus.am.gov.br\/semtepi\/#\/schema\/logo\/image\/\",\"url\":\"https:\/\/www.manaus.am.gov.br\/semtepi\/wp-content\/uploads\/sites\/20\/2024\/07\/favicon.png\",\"contentUrl\":\"https:\/\/www.manaus.am.gov.br\/semtepi\/wp-content\/uploads\/sites\/20\/2024\/07\/favicon.png\",\"width\":300,\"height\":300,\"caption\":\"Prefeitura Municipal de Manaus\"},\"image\":{\"@id\":\"https:\/\/www.manaus.am.gov.br\/semtepi\/#\/schema\/logo\/image\/\"}},{\"@type\":\"Person\",\"@id\":\"https:\/\/www.manaus.am.gov.br\/semtepi\/#\/schema\/person\/a5ee5376db6e21af026374b369f30882\",\"name\":\"Thiago Fernando\",\"image\":{\"@type\":\"ImageObject\",\"inLanguage\":\"pt-BR\",\"@id\":\"https:\/\/www.manaus.am.gov.br\/semtepi\/#\/schema\/person\/image\/\",\"url\":\"https:\/\/secure.gravatar.com\/avatar\/f5aab8722444041451501c077052ac07?s=96&d=mm&r=g\",\"contentUrl\":\"https:\/\/secure.gravatar.com\/avatar\/f5aab8722444041451501c077052ac07?s=96&d=mm&r=g\",\"caption\":\"Thiago Fernando\"}}]}<\/script>\n<!-- \/ Yoast SEO plugin. -->","yoast_head_json":{"title":"Prefeitura divulga selecionados para treinamento \u2018Direto ao Ponto\u2019","description":"A Prefeitura de Manaus divulga, nesta quarta-feira, 15\/10, a lista dos 80 participantes selecionados para o treinamento \u201cDireto ao Ponto\u201d.","robots":{"index":"noindex","follow":"follow"},"og_locale":"pt_BR","og_type":"article","og_title":"Prefeitura divulga selecionados para treinamento \u2018Direto ao Ponto\u2019","og_description":"A Prefeitura de Manaus divulga, nesta quarta-feira, 15\/10, a lista dos 80 participantes selecionados para o treinamento \u201cDireto ao Ponto\u201d.","og_url":"https:\/\/www.manaus.am.gov.br\/semtepi\/oportunidade\/treinamento-direto-ao-ponto\/","og_site_name":"SEMTEPI","article_published_time":"2025-10-15T16:09:09+00:00","og_image":[{"width":2048,"height":1536,"url":"https:\/\/www.manaus.am.gov.br\/semtepi\/wp-content\/uploads\/sites\/20\/2025\/10\/treinamento-\u2018Direto-ao-Ponto-1.jpeg","type":"image\/jpeg"}],"author":"Thiago Fernando","twitter_card":"summary_large_image","twitter_misc":{"Written by":"Thiago Fernando","Est. reading time":"2 minutos"},"schema":{"@context":"https:\/\/schema.org","@graph":[{"@type":"Article","@id":"https:\/\/www.manaus.am.gov.br\/semtepi\/oportunidade\/treinamento-direto-ao-ponto\/#article","isPartOf":{"@id":"https:\/\/www.manaus.am.gov.br\/semtepi\/oportunidade\/treinamento-direto-ao-ponto\/"},"author":{"name":"Thiago Fernando","@id":"https:\/\/www.manaus.am.gov.br\/semtepi\/#\/schema\/person\/a5ee5376db6e21af026374b369f30882"},"headline":"Prefeitura divulga lista de selecionados para o treinamento \u2018Direto ao Ponto\u2019 com foco em estrat\u00e9gias digitais e intelig\u00eancia artificial","datePublished":"2025-10-15T16:09:09+00:00","dateModified":"2025-10-15T16:09:09+00:00","mainEntityOfPage":{"@id":"https:\/\/www.manaus.am.gov.br\/semtepi\/oportunidade\/treinamento-direto-ao-ponto\/"},"wordCount":245,"publisher":{"@id":"https:\/\/www.manaus.am.gov.br\/semtepi\/#organization"},"image":{"@id":"https:\/\/www.manaus.am.gov.br\/semtepi\/oportunidade\/treinamento-direto-ao-ponto\/#primaryimage"},"thumbnailUrl":"https:\/\/www.manaus.am.gov.br\/semtepi\/wp-content\/uploads\/sites\/20\/2025\/10\/treinamento-\u2018Direto-ao-Ponto-1.jpeg","keywords":["curso","prefeitura de manaus","Semtepi","treinamento \u2018Direto ao Ponto\u2019"],"articleSection":["Oportunidade"],"inLanguage":"pt-BR"},{"@type":"WebPage","@id":"https:\/\/www.manaus.am.gov.br\/semtepi\/oportunidade\/treinamento-direto-ao-ponto\/","url":"https:\/\/www.manaus.am.gov.br\/semtepi\/oportunidade\/treinamento-direto-ao-ponto\/","name":"Prefeitura divulga selecionados para treinamento \u2018Direto ao Ponto\u2019","isPartOf":{"@id":"https:\/\/www.manaus.am.gov.br\/semtepi\/#website"},"primaryImageOfPage":{"@id":"https:\/\/www.manaus.am.gov.br\/semtepi\/oportunidade\/treinamento-direto-ao-ponto\/#primaryimage"},"image":{"@id":"https:\/\/www.manaus.am.gov.br\/semtepi\/oportunidade\/treinamento-direto-ao-ponto\/#primaryimage"},"thumbnailUrl":"https:\/\/www.manaus.am.gov.br\/semtepi\/wp-content\/uploads\/sites\/20\/2025\/10\/treinamento-\u2018Direto-ao-Ponto-1.jpeg","datePublished":"2025-10-15T16:09:09+00:00","dateModified":"2025-10-15T16:09:09+00:00","description":"A Prefeitura de Manaus divulga, nesta quarta-feira, 15\/10, a lista dos 80 participantes selecionados para o treinamento \u201cDireto ao Ponto\u201d.","breadcrumb":{"@id":"https:\/\/www.manaus.am.gov.br\/semtepi\/oportunidade\/treinamento-direto-ao-ponto\/#breadcrumb"},"inLanguage":"pt-BR","potentialAction":[{"@type":"ReadAction","target":["https:\/\/www.manaus.am.gov.br\/semtepi\/oportunidade\/treinamento-direto-ao-ponto\/"]}]},{"@type":"ImageObject","inLanguage":"pt-BR","@id":"https:\/\/www.manaus.am.gov.br\/semtepi\/oportunidade\/treinamento-direto-ao-ponto\/#primaryimage","url":"https:\/\/www.manaus.am.gov.br\/semtepi\/wp-content\/uploads\/sites\/20\/2025\/10\/treinamento-\u2018Direto-ao-Ponto-1.jpeg","contentUrl":"https:\/\/www.manaus.am.gov.br\/semtepi\/wp-content\/uploads\/sites\/20\/2025\/10\/treinamento-\u2018Direto-ao-Ponto-1.jpeg","width":2048,"height":1536,"caption":"#paratodosverem - Alunos participando de treinamento"},{"@type":"BreadcrumbList","@id":"https:\/\/www.manaus.am.gov.br\/semtepi\/oportunidade\/treinamento-direto-ao-ponto\/#breadcrumb","itemListElement":[{"@type":"ListItem","position":1,"name":"Home","item":"https:\/\/www.manaus.am.gov.br\/semtepi\/"},{"@type":"ListItem","position":2,"name":"Prefeitura divulga lista de selecionados para o treinamento \u2018Direto ao Ponto\u2019 com foco em estrat\u00e9gias digitais e intelig\u00eancia artificial"}]},{"@type":"WebSite","@id":"https:\/\/www.manaus.am.gov.br\/semtepi\/#website","url":"https:\/\/www.manaus.am.gov.br\/semtepi\/","name":"SEMTEPI","description":"Prefeitura de Manaus","publisher":{"@id":"https:\/\/www.manaus.am.gov.br\/semtepi\/#organization"},"alternateName":"Secretaria Municipal do Trabalho, Empreendedorismo e Inova\u00e7\u00e3o","potentialAction":[{"@type":"SearchAction","target":{"@type":"EntryPoint","urlTemplate":"https:\/\/www.manaus.am.gov.br\/semtepi\/?s={search_term_string}"},"query-input":"required name=search_term_string"}],"inLanguage":"pt-BR"},{"@type":"Organization","@id":"https:\/\/www.manaus.am.gov.br\/semtepi\/#organization","name":"Prefeitura Municipal de Manaus","alternateName":"Prefeitura de Manaus","url":"https:\/\/www.manaus.am.gov.br\/semtepi\/","logo":{"@type":"ImageObject","inLanguage":"pt-BR","@id":"https:\/\/www.manaus.am.gov.br\/semtepi\/#\/schema\/logo\/image\/","url":"https:\/\/www.manaus.am.gov.br\/semtepi\/wp-content\/uploads\/sites\/20\/2024\/07\/favicon.png","contentUrl":"https:\/\/www.manaus.am.gov.br\/semtepi\/wp-content\/uploads\/sites\/20\/2024\/07\/favicon.png","width":300,"height":300,"caption":"Prefeitura Municipal de Manaus"},"image":{"@id":"https:\/\/www.manaus.am.gov.br\/semtepi\/#\/schema\/logo\/image\/"}},{"@type":"Person","@id":"https:\/\/www.manaus.am.gov.br\/semtepi\/#\/schema\/person\/a5ee5376db6e21af026374b369f30882","name":"Thiago Fernando","image":{"@type":"ImageObject","inLanguage":"pt-BR","@id":"https:\/\/www.manaus.am.gov.br\/semtepi\/#\/schema\/person\/image\/","url":"https:\/\/secure.gravatar.com\/avatar\/f5aab8722444041451501c077052ac07?s=96&d=mm&r=g","contentUrl":"https:\/\/secure.gravatar.com\/avatar\/f5aab8722444041451501c077052ac07?s=96&d=mm&r=g","caption":"Thiago Fernando"}}]}},"_links":{"self":[{"href":"https:\/\/www.manaus.am.gov.br\/semtepi\/wp-json\/wp\/v2\/posts\/7162"}],"collection":[{"href":"https:\/\/www.manaus.am.gov.br\/semtepi\/wp-json\/wp\/v2\/posts"}],"about":[{"href":"https:\/\/www.manaus.am.gov.br\/semtepi\/wp-json\/wp\/v2\/types\/post"}],"author":[{"embeddable":true,"href":"https:\/\/www.manaus.am.gov.br\/semtepi\/wp-json\/wp\/v2\/users\/57"}],"replies":[{"embeddable":true,"href":"https:\/\/www.manaus.am.gov.br\/semtepi\/wp-json\/wp\/v2\/comments?post=7162"}],"version-history":[{"count":1,"href":"https:\/\/www.manaus.am.gov.br\/semtepi\/wp-json\/wp\/v2\/posts\/7162\/revisions"}],"predecessor-version":[{"id":7165,"href":"https:\/\/www.manaus.am.gov.br\/semtepi\/wp-json\/wp\/v2\/posts\/7162\/revisions\/7165"}],"wp:featuredmedia":[{"embeddable":true,"href":"https:\/\/www.manaus.am.gov.br\/semtepi\/wp-json\/wp\/v2\/media\/7163"}],"wp:attachment":[{"href":"https:\/\/www.manaus.am.gov.br\/semtepi\/wp-json\/wp\/v2\/media?parent=7162"}],"wp:term":[{"taxonomy":"category","embeddable":true,"href":"https:\/\/www.manaus.am.gov.br\/semtepi\/wp-json\/wp\/v2\/categories?post=7162"},{"taxonomy":"post_tag","embeddable":true,"href":"https:\/\/www.manaus.am.gov.br\/semtepi\/wp-json\/wp\/v2\/tags?post=7162"}],"curies":[{"name":"wp","href":"https:\/\/api.w.org\/{rel}","templated":true}]}}