{"id":7145,"date":"2025-10-10T18:01:47","date_gmt":"2025-10-10T22:01:47","guid":{"rendered":"https:\/\/www.manaus.am.gov.br\/semtepi\/sem-categoria\/2o-megafeirao-de-empregabilidade\/"},"modified":"2025-10-10T18:01:47","modified_gmt":"2025-10-10T22:01:47","slug":"2o-megafeirao-de-empregabilidade","status":"publish","type":"post","link":"https:\/\/www.manaus.am.gov.br\/semtepi\/oportunidade\/2o-megafeirao-de-empregabilidade\/","title":{"rendered":"Prefeitura de Manaus realiza \u20182\u00ba Megafeir\u00e3o de Empregabilidade\u2019 em comemora\u00e7\u00e3o aos 50 anos do Sine"},"content":{"rendered":"\n<p>A Prefeitura de Manaus, por meio da Secretaria Municipal do Trabalho, Empreendedorismo e Inova\u00e7\u00e3o (Semtepi), realizou, nesta sexta-feira, 10\/10, o \u201c2\u00ba Megafeir\u00e3o de Empregabilidade\u201d no shopping Phelippe Daou, zona Norte da capital, como parte das comemora\u00e7\u00f5es pelos 50 anos do Sistema Nacional de Emprego (Sine). A a\u00e7\u00e3o teve como objetivo aproximar trabalhadores e empregadores, ampliando as oportunidades de inser\u00e7\u00e3o e recoloca\u00e7\u00e3o no mercado de trabalho.<\/p>\n\n\n\n<p>De acordo com o secret\u00e1rio da Semtepi, Alonso Oliveira, o evento celebra uma trajet\u00f3ria hist\u00f3rica de compromisso com a gera\u00e7\u00e3o de emprego e renda na capital amazonense.<\/p>\n\n\n\n<p>\u201cS\u00e3o cinco d\u00e9cadas de exist\u00eancia do Sine, um marco para o Brasil e para Manaus. Nesse tempo, milhares de pessoas tiveram suas vidas transformadas por meio da empregabilidade. S\u00f3 na nossa gest\u00e3o, mais de cinco mil pessoas j\u00e1 foram colocadas no mercado de trabalho, e o megafeir\u00e3o vem para fortalecer ainda mais essa miss\u00e3o\u201d, destacou Alonso.<\/p>\n\n\n\n<p>Entre as empresas participantes estiveram Sioux Servi\u00e7os, grupo Nova Era, Barat\u00e3o da Carne, Vit\u00f3ria Supermercados e grupo Chibat\u00e3o, oferecendo dezenas de vagas para diferentes n\u00edveis de escolaridade e \u00e1reas de atua\u00e7\u00e3o, como conferente, motorista carreteiro, operador de empilhadeira, mec\u00e2nico e engenheiro mec\u00e2nico, entre outras.<\/p>\n\n\n\n<p>Com o intuito de ampliar as oportunidades, o evento tamb\u00e9m disponibilizou vagas em outros Estados brasileiros, como Paran\u00e1, Goi\u00e1s, Bahia, S\u00e3o Paulo e Santa Catarina. As entrevistas foram realizadas de forma presencial e on-line, permitindo que candidatos de diferentes perfis participassem do processo seletivo.<\/p>\n\n\n\n<p>O feir\u00e3o contou ainda com a presen\u00e7a da multinacional do setor aliment\u00edcio BRF Chapec\u00f3, que buscou profissionais diretamente em Manaus.<\/p>\n\n\n\n<p><br>\u201cN\u00f3s vimos participar deste evento&nbsp;para fazer o recrutamento de trabalhadores aqui na capital. Estamos muito satisfeitos com a estrutura e com a qualidade dos candidatos que encontramos. Nossa inten\u00e7\u00e3o \u00e9 abrir portas e ampliar o quadro de colaboradores em diversas \u00e1reas de industrializados\u201d, afirmou Walisson Oliveira, representante da BRF Chapec\u00f3.<\/p>\n\n\n\n<p>Entre os candidatos presentes, Mateus Nascimento compartilhou sua expectativa de conquistar uma vaga. \u201cMinha expectativa \u00e9 muito grande em conseguir um bom emprego, um bom trabalho. Fiz v\u00e1rios cursos na \u00e1rea de inform\u00e1tica, seguran\u00e7a e almoxarifado e espero ter a chance de colocar tudo isso em pr\u00e1tica\u201d, disse.<\/p>\n\n\n\n<p><br>J\u00e1 D\u00e9bora Lira, que participa frequentemente de cursos oferecidos pela prefeitura, refor\u00e7ou o otimismo e o incentivo para outras pessoas. \u201cEu estou animada e confiante, em nome de Jesus. \u00c9 uma grande oportunidade para quem est\u00e1 em busca de um emprego fixo. Eu convido a todos que quiserem participar das pr\u00f3ximas edi\u00e7\u00f5es, porque realmente vale a pena\u201d, declarou.<\/p>\n\n\n\n<p>O \u201c2\u00ba Megafeir\u00e3o de Empregabilidade\u201d reafirma o compromisso da Prefeitura de Manaus em promover a inclus\u00e3o produtiva e o fortalecimento do mercado de trabalho local, celebrando os 50 anos do Sine com novas oportunidades e esperan\u00e7a para milhares de trabalhadores.<\/p>\n\n\n\n<figure class=\"wp-block-image size-large\"><img loading=\"lazy\" decoding=\"async\" width=\"1024\" height=\"683\" src=\"https:\/\/www.manaus.am.gov.br\/semtepi\/wp-content\/uploads\/sites\/20\/2025\/10\/54845484468_134e956364_k-1024x683.jpg\" alt=\"\" class=\"wp-image-7147\" srcset=\"https:\/\/www.manaus.am.gov.br\/semtepi\/wp-content\/uploads\/sites\/20\/2025\/10\/54845484468_134e956364_k-1024x683.jpg 1024w, https:\/\/www.manaus.am.gov.br\/semtepi\/wp-content\/uploads\/sites\/20\/2025\/10\/54845484468_134e956364_k-300x200.jpg 300w, https:\/\/www.manaus.am.gov.br\/semtepi\/wp-content\/uploads\/sites\/20\/2025\/10\/54845484468_134e956364_k-768x512.jpg 768w, https:\/\/www.manaus.am.gov.br\/semtepi\/wp-content\/uploads\/sites\/20\/2025\/10\/54845484468_134e956364_k-1536x1024.jpg 1536w, https:\/\/www.manaus.am.gov.br\/semtepi\/wp-content\/uploads\/sites\/20\/2025\/10\/54845484468_134e956364_k.jpg 2048w\" sizes=\"(max-width: 1024px) 100vw, 1024px\" \/><\/figure>\n\n\n\n<p><br>&#8212; &#8212; &#8212;<\/p>\n\n\n\n<p><strong>Texto &#8211;<\/strong>&nbsp;Marcilene Frutuoso\/Semcom e Asafe Augusto\/Semtepi<\/p>\n\n\n\n<p><strong>Fotos <\/strong>&#8211; Jo\u00e3o Vianna\/Semcom<\/p>\n\n\n\n<p><strong>Dispon\u00edveis em \u2013 <\/strong><a href=\"https:\/\/flic.kr\/s\/aHBqjCwXCb\">https:\/\/flic.kr\/s\/aHBqjCwXCb<\/a><\/p>\n","protected":false},"excerpt":{"rendered":"","protected":false},"author":39,"featured_media":7146,"comment_status":"closed","ping_status":"closed","sticky":false,"template":"","format":"standard","meta":{"footnotes":""},"categories":[5],"tags":[1563,1564,7,8,9],"acf":[],"yoast_head":"<!-- This site is optimized with the Yoast SEO plugin v23.0 - https:\/\/yoast.com\/wordpress\/plugins\/seo\/ -->\n<title>Prefeitura de Manaus realiza 2\u00ba Megafeir\u00e3o de Empregabilidade<\/title>\n<meta name=\"description\" content=\"Prefeitura de Manaus, por meio da Semtepi, realiza \u20182\u00ba Megafeir\u00e3o de Empregabilidade\u2019 em comemora\u00e7\u00e3o aos 50 anos do Sine.\" \/>\n<meta name=\"robots\" content=\"noindex, follow\" \/>\n<meta property=\"og:locale\" content=\"pt_BR\" \/>\n<meta property=\"og:type\" content=\"article\" \/>\n<meta property=\"og:title\" content=\"Prefeitura de Manaus realiza 2\u00ba Megafeir\u00e3o de Empregabilidade\" \/>\n<meta property=\"og:description\" content=\"Prefeitura de Manaus, por meio da Semtepi, realiza \u20182\u00ba Megafeir\u00e3o de Empregabilidade\u2019 em comemora\u00e7\u00e3o aos 50 anos do Sine.\" \/>\n<meta property=\"og:url\" content=\"https:\/\/www.manaus.am.gov.br\/semtepi\/oportunidade\/2o-megafeirao-de-empregabilidade\/\" \/>\n<meta property=\"og:site_name\" content=\"SEMTEPI\" \/>\n<meta property=\"article:published_time\" content=\"2025-10-10T22:01:47+00:00\" \/>\n<meta property=\"og:image\" content=\"https:\/\/www.manaus.am.gov.br\/semtepi\/wp-content\/uploads\/sites\/20\/2025\/10\/54845225711_f09c2b4af8_k.jpg\" \/>\n\t<meta property=\"og:image:width\" content=\"2048\" \/>\n\t<meta property=\"og:image:height\" content=\"1365\" \/>\n\t<meta property=\"og:image:type\" content=\"image\/jpeg\" \/>\n<meta name=\"author\" content=\"Bruna Greco\" \/>\n<meta name=\"twitter:card\" content=\"summary_large_image\" \/>\n<meta name=\"twitter:label1\" content=\"Written by\" \/>\n\t<meta name=\"twitter:data1\" content=\"Bruna Greco\" \/>\n\t<meta name=\"twitter:label2\" content=\"Est. reading time\" \/>\n\t<meta name=\"twitter:data2\" content=\"3 minutos\" \/>\n<script type=\"application\/ld+json\" class=\"yoast-schema-graph\">{\"@context\":\"https:\/\/schema.org\",\"@graph\":[{\"@type\":\"Article\",\"@id\":\"https:\/\/www.manaus.am.gov.br\/semtepi\/oportunidade\/2o-megafeirao-de-empregabilidade\/#article\",\"isPartOf\":{\"@id\":\"https:\/\/www.manaus.am.gov.br\/semtepi\/oportunidade\/2o-megafeirao-de-empregabilidade\/\"},\"author\":{\"name\":\"Bruna Greco\",\"@id\":\"https:\/\/www.manaus.am.gov.br\/semtepi\/#\/schema\/person\/05d223aea2bf115f9883a6ff3683d81b\"},\"headline\":\"Prefeitura de Manaus realiza \u20182\u00ba Megafeir\u00e3o de Empregabilidade\u2019 em comemora\u00e7\u00e3o aos 50 anos do Sine\",\"datePublished\":\"2025-10-10T22:01:47+00:00\",\"dateModified\":\"2025-10-10T22:01:47+00:00\",\"mainEntityOfPage\":{\"@id\":\"https:\/\/www.manaus.am.gov.br\/semtepi\/oportunidade\/2o-megafeirao-de-empregabilidade\/\"},\"wordCount\":531,\"publisher\":{\"@id\":\"https:\/\/www.manaus.am.gov.br\/semtepi\/#organization\"},\"image\":{\"@id\":\"https:\/\/www.manaus.am.gov.br\/semtepi\/oportunidade\/2o-megafeirao-de-empregabilidade\/#primaryimage\"},\"thumbnailUrl\":\"https:\/\/www.manaus.am.gov.br\/semtepi\/wp-content\/uploads\/sites\/20\/2025\/10\/54845225711_f09c2b4af8_k.jpg\",\"keywords\":[\"2\u00ba Megafeir\u00e3o de Empregabilidade\",\"comemora\u00e7\u00e3o aos 50 anos do Sine\",\"oportunidade\",\"prefeitura de manaus\",\"Semtepi\"],\"articleSection\":[\"Oportunidade\"],\"inLanguage\":\"pt-BR\"},{\"@type\":\"WebPage\",\"@id\":\"https:\/\/www.manaus.am.gov.br\/semtepi\/oportunidade\/2o-megafeirao-de-empregabilidade\/\",\"url\":\"https:\/\/www.manaus.am.gov.br\/semtepi\/oportunidade\/2o-megafeirao-de-empregabilidade\/\",\"name\":\"Prefeitura de Manaus realiza 2\u00ba Megafeir\u00e3o de Empregabilidade\",\"isPartOf\":{\"@id\":\"https:\/\/www.manaus.am.gov.br\/semtepi\/#website\"},\"primaryImageOfPage\":{\"@id\":\"https:\/\/www.manaus.am.gov.br\/semtepi\/oportunidade\/2o-megafeirao-de-empregabilidade\/#primaryimage\"},\"image\":{\"@id\":\"https:\/\/www.manaus.am.gov.br\/semtepi\/oportunidade\/2o-megafeirao-de-empregabilidade\/#primaryimage\"},\"thumbnailUrl\":\"https:\/\/www.manaus.am.gov.br\/semtepi\/wp-content\/uploads\/sites\/20\/2025\/10\/54845225711_f09c2b4af8_k.jpg\",\"datePublished\":\"2025-10-10T22:01:47+00:00\",\"dateModified\":\"2025-10-10T22:01:47+00:00\",\"description\":\"Prefeitura de Manaus, por meio da Semtepi, realiza \u20182\u00ba Megafeir\u00e3o de Empregabilidade\u2019 em comemora\u00e7\u00e3o aos 50 anos do Sine.\",\"breadcrumb\":{\"@id\":\"https:\/\/www.manaus.am.gov.br\/semtepi\/oportunidade\/2o-megafeirao-de-empregabilidade\/#breadcrumb\"},\"inLanguage\":\"pt-BR\",\"potentialAction\":[{\"@type\":\"ReadAction\",\"target\":[\"https:\/\/www.manaus.am.gov.br\/semtepi\/oportunidade\/2o-megafeirao-de-empregabilidade\/\"]}]},{\"@type\":\"ImageObject\",\"inLanguage\":\"pt-BR\",\"@id\":\"https:\/\/www.manaus.am.gov.br\/semtepi\/oportunidade\/2o-megafeirao-de-empregabilidade\/#primaryimage\",\"url\":\"https:\/\/www.manaus.am.gov.br\/semtepi\/wp-content\/uploads\/sites\/20\/2025\/10\/54845225711_f09c2b4af8_k.jpg\",\"contentUrl\":\"https:\/\/www.manaus.am.gov.br\/semtepi\/wp-content\/uploads\/sites\/20\/2025\/10\/54845225711_f09c2b4af8_k.jpg\",\"width\":2048,\"height\":1365,\"caption\":\"#paratodosverem - Equipe do Sine Manaus em atendimento a candidatos interessados a vaga de emprego durante o \u201c2\u00ba Megafeir\u00e3o de Empregabilidade\u201d no shopping Phelippe Daou\"},{\"@type\":\"BreadcrumbList\",\"@id\":\"https:\/\/www.manaus.am.gov.br\/semtepi\/oportunidade\/2o-megafeirao-de-empregabilidade\/#breadcrumb\",\"itemListElement\":[{\"@type\":\"ListItem\",\"position\":1,\"name\":\"Home\",\"item\":\"https:\/\/www.manaus.am.gov.br\/semtepi\/\"},{\"@type\":\"ListItem\",\"position\":2,\"name\":\"Prefeitura de Manaus realiza \u20182\u00ba Megafeir\u00e3o de Empregabilidade\u2019 em comemora\u00e7\u00e3o aos 50 anos do Sine\"}]},{\"@type\":\"WebSite\",\"@id\":\"https:\/\/www.manaus.am.gov.br\/semtepi\/#website\",\"url\":\"https:\/\/www.manaus.am.gov.br\/semtepi\/\",\"name\":\"SEMTEPI\",\"description\":\"Prefeitura de Manaus\",\"publisher\":{\"@id\":\"https:\/\/www.manaus.am.gov.br\/semtepi\/#organization\"},\"alternateName\":\"Secretaria Municipal do Trabalho, Empreendedorismo e Inova\u00e7\u00e3o\",\"potentialAction\":[{\"@type\":\"SearchAction\",\"target\":{\"@type\":\"EntryPoint\",\"urlTemplate\":\"https:\/\/www.manaus.am.gov.br\/semtepi\/?s={search_term_string}\"},\"query-input\":\"required name=search_term_string\"}],\"inLanguage\":\"pt-BR\"},{\"@type\":\"Organization\",\"@id\":\"https:\/\/www.manaus.am.gov.br\/semtepi\/#organization\",\"name\":\"Prefeitura Municipal de Manaus\",\"alternateName\":\"Prefeitura de Manaus\",\"url\":\"https:\/\/www.manaus.am.gov.br\/semtepi\/\",\"logo\":{\"@type\":\"ImageObject\",\"inLanguage\":\"pt-BR\",\"@id\":\"https:\/\/www.manaus.am.gov.br\/semtepi\/#\/schema\/logo\/image\/\",\"url\":\"https:\/\/www.manaus.am.gov.br\/semtepi\/wp-content\/uploads\/sites\/20\/2024\/07\/favicon.png\",\"contentUrl\":\"https:\/\/www.manaus.am.gov.br\/semtepi\/wp-content\/uploads\/sites\/20\/2024\/07\/favicon.png\",\"width\":300,\"height\":300,\"caption\":\"Prefeitura Municipal de Manaus\"},\"image\":{\"@id\":\"https:\/\/www.manaus.am.gov.br\/semtepi\/#\/schema\/logo\/image\/\"}},{\"@type\":\"Person\",\"@id\":\"https:\/\/www.manaus.am.gov.br\/semtepi\/#\/schema\/person\/05d223aea2bf115f9883a6ff3683d81b\",\"name\":\"Bruna Greco\",\"image\":{\"@type\":\"ImageObject\",\"inLanguage\":\"pt-BR\",\"@id\":\"https:\/\/www.manaus.am.gov.br\/semtepi\/#\/schema\/person\/image\/\",\"url\":\"https:\/\/secure.gravatar.com\/avatar\/9c877d1a6adc2a055330e5c09a8653ce?s=96&d=mm&r=g\",\"contentUrl\":\"https:\/\/secure.gravatar.com\/avatar\/9c877d1a6adc2a055330e5c09a8653ce?s=96&d=mm&r=g\",\"caption\":\"Bruna Greco\"}}]}<\/script>\n<!-- \/ Yoast SEO plugin. -->","yoast_head_json":{"title":"Prefeitura de Manaus realiza 2\u00ba Megafeir\u00e3o de Empregabilidade","description":"Prefeitura de Manaus, por meio da Semtepi, realiza \u20182\u00ba Megafeir\u00e3o de Empregabilidade\u2019 em comemora\u00e7\u00e3o aos 50 anos do Sine.","robots":{"index":"noindex","follow":"follow"},"og_locale":"pt_BR","og_type":"article","og_title":"Prefeitura de Manaus realiza 2\u00ba Megafeir\u00e3o de Empregabilidade","og_description":"Prefeitura de Manaus, por meio da Semtepi, realiza \u20182\u00ba Megafeir\u00e3o de Empregabilidade\u2019 em comemora\u00e7\u00e3o aos 50 anos do Sine.","og_url":"https:\/\/www.manaus.am.gov.br\/semtepi\/oportunidade\/2o-megafeirao-de-empregabilidade\/","og_site_name":"SEMTEPI","article_published_time":"2025-10-10T22:01:47+00:00","og_image":[{"width":2048,"height":1365,"url":"https:\/\/www.manaus.am.gov.br\/semtepi\/wp-content\/uploads\/sites\/20\/2025\/10\/54845225711_f09c2b4af8_k.jpg","type":"image\/jpeg"}],"author":"Bruna Greco","twitter_card":"summary_large_image","twitter_misc":{"Written by":"Bruna Greco","Est. reading time":"3 minutos"},"schema":{"@context":"https:\/\/schema.org","@graph":[{"@type":"Article","@id":"https:\/\/www.manaus.am.gov.br\/semtepi\/oportunidade\/2o-megafeirao-de-empregabilidade\/#article","isPartOf":{"@id":"https:\/\/www.manaus.am.gov.br\/semtepi\/oportunidade\/2o-megafeirao-de-empregabilidade\/"},"author":{"name":"Bruna Greco","@id":"https:\/\/www.manaus.am.gov.br\/semtepi\/#\/schema\/person\/05d223aea2bf115f9883a6ff3683d81b"},"headline":"Prefeitura de Manaus realiza \u20182\u00ba Megafeir\u00e3o de Empregabilidade\u2019 em comemora\u00e7\u00e3o aos 50 anos do Sine","datePublished":"2025-10-10T22:01:47+00:00","dateModified":"2025-10-10T22:01:47+00:00","mainEntityOfPage":{"@id":"https:\/\/www.manaus.am.gov.br\/semtepi\/oportunidade\/2o-megafeirao-de-empregabilidade\/"},"wordCount":531,"publisher":{"@id":"https:\/\/www.manaus.am.gov.br\/semtepi\/#organization"},"image":{"@id":"https:\/\/www.manaus.am.gov.br\/semtepi\/oportunidade\/2o-megafeirao-de-empregabilidade\/#primaryimage"},"thumbnailUrl":"https:\/\/www.manaus.am.gov.br\/semtepi\/wp-content\/uploads\/sites\/20\/2025\/10\/54845225711_f09c2b4af8_k.jpg","keywords":["2\u00ba Megafeir\u00e3o de Empregabilidade","comemora\u00e7\u00e3o aos 50 anos do Sine","oportunidade","prefeitura de manaus","Semtepi"],"articleSection":["Oportunidade"],"inLanguage":"pt-BR"},{"@type":"WebPage","@id":"https:\/\/www.manaus.am.gov.br\/semtepi\/oportunidade\/2o-megafeirao-de-empregabilidade\/","url":"https:\/\/www.manaus.am.gov.br\/semtepi\/oportunidade\/2o-megafeirao-de-empregabilidade\/","name":"Prefeitura de Manaus realiza 2\u00ba Megafeir\u00e3o de Empregabilidade","isPartOf":{"@id":"https:\/\/www.manaus.am.gov.br\/semtepi\/#website"},"primaryImageOfPage":{"@id":"https:\/\/www.manaus.am.gov.br\/semtepi\/oportunidade\/2o-megafeirao-de-empregabilidade\/#primaryimage"},"image":{"@id":"https:\/\/www.manaus.am.gov.br\/semtepi\/oportunidade\/2o-megafeirao-de-empregabilidade\/#primaryimage"},"thumbnailUrl":"https:\/\/www.manaus.am.gov.br\/semtepi\/wp-content\/uploads\/sites\/20\/2025\/10\/54845225711_f09c2b4af8_k.jpg","datePublished":"2025-10-10T22:01:47+00:00","dateModified":"2025-10-10T22:01:47+00:00","description":"Prefeitura de Manaus, por meio da Semtepi, realiza \u20182\u00ba Megafeir\u00e3o de Empregabilidade\u2019 em comemora\u00e7\u00e3o aos 50 anos do Sine.","breadcrumb":{"@id":"https:\/\/www.manaus.am.gov.br\/semtepi\/oportunidade\/2o-megafeirao-de-empregabilidade\/#breadcrumb"},"inLanguage":"pt-BR","potentialAction":[{"@type":"ReadAction","target":["https:\/\/www.manaus.am.gov.br\/semtepi\/oportunidade\/2o-megafeirao-de-empregabilidade\/"]}]},{"@type":"ImageObject","inLanguage":"pt-BR","@id":"https:\/\/www.manaus.am.gov.br\/semtepi\/oportunidade\/2o-megafeirao-de-empregabilidade\/#primaryimage","url":"https:\/\/www.manaus.am.gov.br\/semtepi\/wp-content\/uploads\/sites\/20\/2025\/10\/54845225711_f09c2b4af8_k.jpg","contentUrl":"https:\/\/www.manaus.am.gov.br\/semtepi\/wp-content\/uploads\/sites\/20\/2025\/10\/54845225711_f09c2b4af8_k.jpg","width":2048,"height":1365,"caption":"#paratodosverem - Equipe do Sine Manaus em atendimento a candidatos interessados a vaga de emprego durante o \u201c2\u00ba Megafeir\u00e3o de Empregabilidade\u201d no shopping Phelippe Daou"},{"@type":"BreadcrumbList","@id":"https:\/\/www.manaus.am.gov.br\/semtepi\/oportunidade\/2o-megafeirao-de-empregabilidade\/#breadcrumb","itemListElement":[{"@type":"ListItem","position":1,"name":"Home","item":"https:\/\/www.manaus.am.gov.br\/semtepi\/"},{"@type":"ListItem","position":2,"name":"Prefeitura de Manaus realiza \u20182\u00ba Megafeir\u00e3o de Empregabilidade\u2019 em comemora\u00e7\u00e3o aos 50 anos do Sine"}]},{"@type":"WebSite","@id":"https:\/\/www.manaus.am.gov.br\/semtepi\/#website","url":"https:\/\/www.manaus.am.gov.br\/semtepi\/","name":"SEMTEPI","description":"Prefeitura de Manaus","publisher":{"@id":"https:\/\/www.manaus.am.gov.br\/semtepi\/#organization"},"alternateName":"Secretaria Municipal do Trabalho, Empreendedorismo e Inova\u00e7\u00e3o","potentialAction":[{"@type":"SearchAction","target":{"@type":"EntryPoint","urlTemplate":"https:\/\/www.manaus.am.gov.br\/semtepi\/?s={search_term_string}"},"query-input":"required name=search_term_string"}],"inLanguage":"pt-BR"},{"@type":"Organization","@id":"https:\/\/www.manaus.am.gov.br\/semtepi\/#organization","name":"Prefeitura Municipal de Manaus","alternateName":"Prefeitura de Manaus","url":"https:\/\/www.manaus.am.gov.br\/semtepi\/","logo":{"@type":"ImageObject","inLanguage":"pt-BR","@id":"https:\/\/www.manaus.am.gov.br\/semtepi\/#\/schema\/logo\/image\/","url":"https:\/\/www.manaus.am.gov.br\/semtepi\/wp-content\/uploads\/sites\/20\/2024\/07\/favicon.png","contentUrl":"https:\/\/www.manaus.am.gov.br\/semtepi\/wp-content\/uploads\/sites\/20\/2024\/07\/favicon.png","width":300,"height":300,"caption":"Prefeitura Municipal de Manaus"},"image":{"@id":"https:\/\/www.manaus.am.gov.br\/semtepi\/#\/schema\/logo\/image\/"}},{"@type":"Person","@id":"https:\/\/www.manaus.am.gov.br\/semtepi\/#\/schema\/person\/05d223aea2bf115f9883a6ff3683d81b","name":"Bruna Greco","image":{"@type":"ImageObject","inLanguage":"pt-BR","@id":"https:\/\/www.manaus.am.gov.br\/semtepi\/#\/schema\/person\/image\/","url":"https:\/\/secure.gravatar.com\/avatar\/9c877d1a6adc2a055330e5c09a8653ce?s=96&d=mm&r=g","contentUrl":"https:\/\/secure.gravatar.com\/avatar\/9c877d1a6adc2a055330e5c09a8653ce?s=96&d=mm&r=g","caption":"Bruna Greco"}}]}},"_links":{"self":[{"href":"https:\/\/www.manaus.am.gov.br\/semtepi\/wp-json\/wp\/v2\/posts\/7145"}],"collection":[{"href":"https:\/\/www.manaus.am.gov.br\/semtepi\/wp-json\/wp\/v2\/posts"}],"about":[{"href":"https:\/\/www.manaus.am.gov.br\/semtepi\/wp-json\/wp\/v2\/types\/post"}],"author":[{"embeddable":true,"href":"https:\/\/www.manaus.am.gov.br\/semtepi\/wp-json\/wp\/v2\/users\/39"}],"replies":[{"embeddable":true,"href":"https:\/\/www.manaus.am.gov.br\/semtepi\/wp-json\/wp\/v2\/comments?post=7145"}],"version-history":[{"count":1,"href":"https:\/\/www.manaus.am.gov.br\/semtepi\/wp-json\/wp\/v2\/posts\/7145\/revisions"}],"predecessor-version":[{"id":7148,"href":"https:\/\/www.manaus.am.gov.br\/semtepi\/wp-json\/wp\/v2\/posts\/7145\/revisions\/7148"}],"wp:featuredmedia":[{"embeddable":true,"href":"https:\/\/www.manaus.am.gov.br\/semtepi\/wp-json\/wp\/v2\/media\/7146"}],"wp:attachment":[{"href":"https:\/\/www.manaus.am.gov.br\/semtepi\/wp-json\/wp\/v2\/media?parent=7145"}],"wp:term":[{"taxonomy":"category","embeddable":true,"href":"https:\/\/www.manaus.am.gov.br\/semtepi\/wp-json\/wp\/v2\/categories?post=7145"},{"taxonomy":"post_tag","embeddable":true,"href":"https:\/\/www.manaus.am.gov.br\/semtepi\/wp-json\/wp\/v2\/tags?post=7145"}],"curies":[{"name":"wp","href":"https:\/\/api.w.org\/{rel}","templated":true}]}}