{"id":7125,"date":"2025-10-08T14:31:38","date_gmt":"2025-10-08T18:31:38","guid":{"rendered":"https:\/\/www.manaus.am.gov.br\/semtepi\/sem-categoria\/sine-manaus-119-vagas-emprego-9-10\/"},"modified":"2025-10-08T14:31:43","modified_gmt":"2025-10-08T18:31:43","slug":"sine-manaus-119-vagas-emprego-9-10","status":"publish","type":"post","link":"https:\/\/www.manaus.am.gov.br\/semtepi\/oportunidade\/sine-manaus-119-vagas-emprego-9-10\/","title":{"rendered":"Sine Manaus oferta 119 vagas de emprego nesta quinta-feira, 9\/10"},"content":{"rendered":"\n<p>A Prefeitura de Manaus, por meio do Sine Manaus, oferta 119 vagas de emprego em v\u00e1rias \u00e1reas de atua\u00e7\u00e3o, nesta quinta-feira, 9\/10,&nbsp;de 8h \u00e0s 14h. O candidato pode validar a Carteira Digital e Previd\u00eancia Social (CTPS) no aplicativo \u201cCarteira de Trabalho Digital\u201d ou acessar o site&nbsp;<a href=\"http:\/\/gov.br\/trabalho\">http:\/\/gov.br\/trabalho<\/a>.<\/p>\n\n\n\n<p>Para participar da pr\u00e9-sele\u00e7\u00e3o e concorrer a uma das vagas dispon\u00edveis, ou receber orienta\u00e7\u00e3o de cadastro, Carteira de Trabalho Digital e seguro-desemprego, os candidatos devem comparecer a um dos postos do Sine Manaus: na avenida Constantino Nery, n\u00ba 1.272, bairro S\u00e3o Geraldo, zona Centro-Sul; ou no shopping Phelippe Daou, na avenida Camapu\u00e3, n\u00ba 2.939, bairro Cidade de Deus, zona Norte.<\/p>\n\n\n\n<p>Os interessados devem estar munidos do comprovante de vacina\u00e7\u00e3o (Covid-19), curr\u00edculo, certificados de cursos e documentos pessoais (RG, CPF, PIS, CTPS, comprovante de escolaridade e resid\u00eancia). N\u00e3o \u00e9 necess\u00e1rio apresentar c\u00f3pias, somente os documentos originais.<\/p>\n\n\n\n<p>\u00c9 importante que os candidatos mantenham seus cadastros atualizados, especialmente ao finalizarem novas qualifica\u00e7\u00f5es. Para vagas espec\u00edficas, podem ser solicitados documentos adicionais, como cursos ou certifica\u00e7\u00f5es, por isso, \u00e9 essencial estar atento aos &#8220;Requisitos Obrigat\u00f3rios&#8221; de cada vaga.<\/p>\n\n\n\n<p>A Semtepi ressalta que, obedecendo ao disposto no artigo 5\u00ba, da Constitui\u00e7\u00e3o Federal, e ao artigo 373-A, da Consolida\u00e7\u00e3o das Leis Trabalhistas (CLT), crit\u00e9rios referentes a sexo, idade, cor ou situa\u00e7\u00e3o familiar, n\u00e3o podem ser informados na divulga\u00e7\u00e3o das vagas disponibilizadas.<\/p>\n\n\n\n<p>Os candidatos devem estar cientes das diretrizes de vestimenta estabelecidas pelo \u00f3rg\u00e3o, as quais incluem a proibi\u00e7\u00e3o de vestimentas como bermudas, shorts, minissaias, camisetas regatas e chinelos durante a entrada.<\/p>\n\n\n\n<p><strong>Vagas novas &#8211; 4<\/strong><\/p>\n\n\n\n<p><strong>1 vaga &#8211; Agente de Limpeza<\/strong><\/p>\n\n\n\n<p>Escolaridade &#8211; ensino fundamental completo;<\/p>\n\n\n\n<p>Experi\u00eancia &#8211; seis meses na Carteira de Trabalho;<\/p>\n\n\n\n<p>Requisitos Obrigat\u00f3rios &#8211; residir na Zona Leste e ter documenta\u00e7\u00e3o completa (com dispensa militar);<\/p>\n\n\n\n<p>Atividades &#8211; manuten\u00e7\u00e3o da limpeza e conserva\u00e7\u00e3o de ambientes, utilizando equipamentos e produtos adequados para a remo\u00e7\u00e3o de sujidades, limpeza de pisos, paredes, vidros, m\u00f3veis, entre outros; executar atividades como coleta de lixo, reposi\u00e7\u00e3o de materiais de higiene, e sinaliza\u00e7\u00e3o de \u00e1reas em manuten\u00e7\u00e3o.<\/p>\n\n\n\n<p>Dispon\u00edvel at\u00e9 09\/10\/2025 ou encerramento da vaga.<\/p>\n\n\n\n<p><strong>1 vaga &#8211; Auxiliar de Produ\u00e7\u00e3o &#8211; Vagas exclusivas para Pessoa com Defici\u00eancia (PcD)<\/strong><\/p>\n\n\n\n<p>Escolaridade &#8211; ensino m\u00e9dio completo;<\/p>\n\n\n\n<p>Experi\u00eancia &#8211; seis meses na Carteira de Trabalho;<\/p>\n\n\n\n<p>Requisitos Obrigat\u00f3rios &#8211; ter documenta\u00e7\u00e3o completa;<\/p>\n\n\n\n<p>Atividades &#8211; realizar atividades nos setores produtivos conforme instru\u00e7\u00f5es de trabalho.<\/p>\n\n\n\n<p>Dispon\u00edvel at\u00e9 09\/10\/2025 ou encerramento da vaga.<\/p>\n\n\n\n<p><strong>1 vaga &#8211; Motorista<\/strong><\/p>\n\n\n\n<p>Escolaridade &#8211; ensino m\u00e9dio completo;<\/p>\n\n\n\n<p>Experi\u00eancia &#8211; registrada na Carteira de Trabalho;<\/p>\n\n\n\n<p>Requisitos Obrigat\u00f3rios &#8211; ter Carteira Nacional de Habilita\u00e7\u00e3o B, C ou D, curso de Dire\u00e7\u00e3o Defensiva e ter documenta\u00e7\u00e3o completa;<\/p>\n\n\n\n<p>Atividades &#8211; realizar o transporte e entrega de mercadoria nos clientes da empresa, garantindo a integridade dos produtos, cumprir os prazos e bom atendimento aos clientes, seguir rotas estabelecidas, cumprindo as leis de tr\u00e2nsito e mantendo a seguran\u00e7a em todas as etapas do processo de entrega.<\/p>\n\n\n\n<p>Dispon\u00edvel at\u00e9 09\/10\/2025 ou encerramento da vaga.<\/p>\n\n\n\n<p><strong>1 vaga &#8211; Assistente Financeiro<\/strong><\/p>\n\n\n\n<p>Escolaridade &#8211; ensino m\u00e9dio completo ou cursando ensino superior em Administra\u00e7\u00e3o, Economia ou Ci\u00eancias Econ\u00f4micas;<\/p>\n\n\n\n<p>Experi\u00eancia &#8211; registrada na Carteira de Trabalho;<\/p>\n\n\n\n<p>Requisitos Obrigat\u00f3rios &#8211; ter conhecimentos no Pacote Office (Word, Excel e Powerpoint) e ter documenta\u00e7\u00e3o completa;<\/p>\n\n\n\n<p>Atividades &#8211; conferir notas fiscais, faturas de pagamentos e boletos, conferir dados e datas; digitar textos e planilhas, preencher formul\u00e1rios e\/ou cadastros , preparar minutas, digitar notas de lan\u00e7amentos cont\u00e1beis; preparar relat\u00f3rios, formul\u00e1rios e planilhas; auxiliar na elabora\u00e7\u00e3o do planejamento tribut\u00e1rio e or\u00e7ament\u00e1rio; auxiliar na elabora\u00e7\u00e3o de relat\u00f3rios gerenciais; registra atos e fatos cont\u00e1beis, efetuando lan\u00e7amentos cont\u00e1beis, conciliar contas cont\u00e1beis, escriturando livros fiscais e auxiliares, inserindo dados em planilha ou ficha de lan\u00e7amentos cont\u00e1beis, levantando informa\u00e7\u00f5es relacionadas a custos.<\/p>\n\n\n\n<p>Dispon\u00edvel at\u00e9 09\/10\/2025 ou encerramento da vaga.<\/p>\n\n\n\n<p><strong>Vagas no com\u00e9rcio &#8211; 1<\/strong><\/p>\n\n\n\n<p><strong>1 vaga &#8211; Operador de Caixa<\/strong><\/p>\n\n\n\n<p>Escolaridade &#8211; ensino m\u00e9dio completo;<\/p>\n\n\n\n<p>Experi\u00eancia &#8211; seis meses na Carteira de Trabalho;<\/p>\n\n\n\n<p>Requisitos Obrigat\u00f3rios &#8211; ter documenta\u00e7\u00e3o completa;<\/p>\n\n\n\n<p>Atividades &#8211; registro de compras, recebimento de pagamentos, emiss\u00e3o de comprovantes e atendimento ao cliente.<\/p>\n\n\n\n<p>Dispon\u00edvel at\u00e9 09\/10\/2025 ou encerramento da vaga.<\/p>\n\n\n\n<p><strong>Vagas na ind\u00fastria &#8211; 77<\/strong><\/p>\n\n\n\n<p><strong>50 vagas &#8211; Auxiliar de Linha de Produ\u00e7\u00e3o<\/strong><\/p>\n\n\n\n<p>Escolaridade &#8211; ensino fundamental incompleto;<\/p>\n\n\n\n<p>Experi\u00eancia &#8211; n\u00e3o \u00e9 necess\u00e1rio;<\/p>\n\n\n\n<p>Requisitos Obrigat\u00f3rios &#8211; a vaga \u00e9 destinada para candidatos que est\u00e3o em busca de novos desafios; o candidato vai precisar morar em: V\u00e1rzea Grande &#8211; MT e ter documenta\u00e7\u00e3o completa (com dispensa militar);<\/p>\n\n\n\n<p>Atividades &#8211; executar atividades operacionais em setores de apoio ou produ\u00e7\u00e3o de frios, visando garantir a manuten\u00e7\u00e3o, organiza\u00e7\u00e3o, limpeza ou opera\u00e7\u00e3o de atividades na unidade.<\/p>\n\n\n\n<p>Dispon\u00edvel at\u00e9 08\/10\/2025 ou encerramento da vaga.<\/p>\n\n\n\n<p><strong>25 vagas &#8211; Alimentador de Linha de Produ\u00e7\u00e3o<\/strong><\/p>\n\n\n\n<p>Escolaridade &#8211; ensino fundamental incompleto;<\/p>\n\n\n\n<p>Experi\u00eancia &#8211; n\u00e3o \u00e9 necess\u00e1rio;<\/p>\n\n\n\n<p>Requisitos Obrigat\u00f3rios &#8211; a vaga \u00e9 destinada para candidatos que est\u00e3o em busca de novos desafios; o candidato vai precisar morar em: Promiss\u00e3o-SP e documenta\u00e7\u00e3o completa (com dispensa militar);<\/p>\n\n\n\n<p>Atividades &#8211; auxiliar a ind\u00fastria de abate bovino.<\/p>\n\n\n\n<p>Dispon\u00edvel at\u00e9 08\/10\/2025 ou encerramento da vaga.<\/p>\n\n\n\n<p><strong>2 vagas &#8211; Lixador de Metais<\/strong><\/p>\n\n\n\n<p>Escolaridade &#8211; ensino fundamental completo;<\/p>\n\n\n\n<p>Experi\u00eancia &#8211; registrada na Carteira de Trabalho;<\/p>\n\n\n\n<p>Requisitos Obrigat\u00f3rios &#8211; ter experi\u00eancia com lixadeira, esmerilhadeira e ter documenta\u00e7\u00e3o completa (com dispensa militar);<\/p>\n\n\n\n<p>Atividades &#8211; planejar o trabalho de polimento de superf\u00edcies met\u00e1licas e de afia\u00e7\u00e3o de ferramentas; fazer polimento e afia\u00e7\u00e3o utilizando processos manuais, semiautom\u00e1ticos e autom\u00e1ticos, controlando a qualidade do servi\u00e7o e aplicando normas de seguran\u00e7a.<\/p>\n\n\n\n<p>Dispon\u00edvel at\u00e9 08\/10\/2025 ou encerramento da vaga.<\/p>\n\n\n\n<p><strong>Vagas em servi\u00e7o &#8211; 36<\/strong><\/p>\n\n\n\n<p><strong>2 vagas &#8211; Serralheiro<\/strong><\/p>\n\n\n\n<p>Escolaridade &#8211; ensino m\u00e9dio completo;<\/p>\n\n\n\n<p>Experi\u00eancia &#8211; registrada na Carteira de Trabalho;<\/p>\n\n\n\n<p>Requisitos Obrigat\u00f3rios &#8211; ter documenta\u00e7\u00e3o completa (com dispensa militar);<\/p>\n\n\n\n<p>Atividades &#8211; preparar e temperar carnes, auxiliar no corte, manter a limpeza e organiza\u00e7\u00e3o da churrasqueira e da cozinha, realizar o controle de estoque, auxiliar na montagem dos pratos e garantir a seguran\u00e7a e higiene alimentar no ambiente de trabalho.<\/p>\n\n\n\n<p>Dispon\u00edvel at\u00e9 08\/10\/2025 ou encerramento da vaga.<\/p>\n\n\n\n<p><strong>4 vagas &#8211; Pedreiro<\/strong><\/p>\n\n\n\n<p>Escolaridade &#8211; ensino m\u00e9dio completo;<\/p>\n\n\n\n<p>Experi\u00eancia &#8211; registrada na Carteira de Trabalho;<\/p>\n\n\n\n<p>Requisitos Obrigat\u00f3rios &#8211; ter documenta\u00e7\u00e3o completa (com dispensa militar);<\/p>\n\n\n\n<p>Atividades &#8211; organizar e preparar o local de trabalho na obra; constroem funda\u00e7\u00f5es e estruturas de alvenaria, aplicar revestimentos e contrapisos.<\/p>\n\n\n\n<p>Dispon\u00edvel at\u00e9 08\/10\/2025 ou encerramento da vaga.<\/p>\n\n\n\n<p><strong>1 vaga &#8211; Jardineiro<\/strong><\/p>\n\n\n\n<p>Escolaridade &#8211; ensino fundamental completo;<\/p>\n\n\n\n<p>Experi\u00eancia &#8211; seis meses na Carteira de Trabalho;<\/p>\n\n\n\n<p>Requisitos Obrigat\u00f3rios &#8211; ter documenta\u00e7\u00e3o completa (com dispensa militar);<\/p>\n\n\n\n<p>Atividades &#8211; cria\u00e7\u00e3o, manuten\u00e7\u00e3o e conserva\u00e7\u00e3o de jardins, parques e \u00e1reas verdes.<\/p>\n\n\n\n<p>Dispon\u00edvel at\u00e9 08\/10\/2025 ou encerramento da vaga.<\/p>\n\n\n\n<p><strong>1 vaga &#8211; Auxiliar de El\u00e9trica<\/strong><\/p>\n\n\n\n<p>Escolaridade &#8211; ensino m\u00e9dio completo;<\/p>\n\n\n\n<p>Experi\u00eancia &#8211; seis meses na Carteira de Trabalho;<\/p>\n\n\n\n<p>Requisitos Obrigat\u00f3rios &#8211; ter conhecimento b\u00e1sico de sistemas el\u00e9tricos, familiaridade com ferramentas e instrumentos de teste, capacidade de seguir diagramas e esquemas el\u00e9tricos e ter documenta\u00e7\u00e3o completa (com dispensa militar);<\/p>\n\n\n\n<p>Atividades &#8211; prepara\u00e7\u00e3o, organiza\u00e7\u00e3o e apoio na instala\u00e7\u00e3o, manuten\u00e7\u00e3o e repara\u00e7\u00e3o de sistemas el\u00e9tricos, seguir diagramas e esquemas el\u00e9tricos, identificar problemas el\u00e9tricos, conhecimento de normas de seguran\u00e7a e auxiliar em tarefas de reparo e manuten\u00e7\u00e3o.<\/p>\n\n\n\n<p>Dispon\u00edvel at\u00e9 08\/10\/2025 ou encerramento da vaga.<\/p>\n\n\n\n<p><strong>1 vaga &#8211; Eletricista<\/strong><\/p>\n\n\n\n<p>Escolaridade &#8211; ensino m\u00e9dio completo;<\/p>\n\n\n\n<p>Experi\u00eancia &#8211; seis meses na Carteira de Trabalho;<\/p>\n\n\n\n<p>Requisitos Obrigat\u00f3rios &#8211; ter experi\u00eancia com sistemas el\u00e9tricos e\/ou comerciais e ter documenta\u00e7\u00e3o completa (com dispensa militar);<\/p>\n\n\n\n<p>Atividades &#8211; realizar a instala\u00e7\u00e3o, manuten\u00e7\u00e3o e reparo de sistemas el\u00e9tricos, al\u00e9m de leitura e interpreta\u00e7\u00e3o de projetos el\u00e9tricos.<\/p>\n\n\n\n<p>Dispon\u00edvel at\u00e9 08\/10\/2025 ou encerramento da vaga.<\/p>\n\n\n\n<p><strong>1 vaga &#8211; Costureira<\/strong><\/p>\n\n\n\n<p>Escolaridade &#8211; ensino m\u00e9dio completo;<\/p>\n\n\n\n<p>Experi\u00eancia &#8211; seis meses na Carteira de Trabalho;<\/p>\n\n\n\n<p>Requisitos Obrigat\u00f3rios &#8211; ter documenta\u00e7\u00e3o completa;<\/p>\n\n\n\n<p>Atividades &#8211; modelagem, corte e costura, utilizando m\u00e1quinas e t\u00e9cnicas manuais para criar roupas personalizadas ou realizar ajustes em pe\u00e7as prontas.<\/p>\n\n\n\n<p>Dispon\u00edvel at\u00e9 08\/10\/2025 ou encerramento da vaga.<\/p>\n\n\n\n<p><strong>1 vaga &#8211; Marceneiro<\/strong><\/p>\n\n\n\n<p>Escolaridade &#8211; ensino m\u00e9dio completo;<\/p>\n\n\n\n<p>Experi\u00eancia &#8211; registrada na Carteira de Trabalho;<\/p>\n\n\n\n<p>Requisitos Obrigat\u00f3rios &#8211; ter documenta\u00e7\u00e3o completa (com dispensa militar);<\/p>\n\n\n\n<p>Atividades &#8211; confec\u00e7\u00e3o e reparo de m\u00f3veis e outros objetos de madeira, utilizando ferramentas e m\u00e1quinas para cortar, lixar, montar e dar acabamento a pe\u00e7as, que podem ser personalizadas ou produzidas em s\u00e9rie, e que v\u00e3o desde pe\u00e7as decorativas at\u00e9 estruturas para a constru\u00e7\u00e3o civil, como forros e molduras.<\/p>\n\n\n\n<p>Dispon\u00edvel at\u00e9 08\/10\/2025 ou encerramento da vaga.<\/p>\n\n\n\n<p><strong>2 vagas &#8211; Comprador<\/strong><\/p>\n\n\n\n<p>Escolaridade &#8211; ensino m\u00e9dio completo;<\/p>\n\n\n\n<p>Experi\u00eancia &#8211; seis meses na Carteira de Trabalho;<\/p>\n\n\n\n<p>Requisitos Obrigat\u00f3rios &#8211; ter curso de Excel avan\u00e7ado e ter documenta\u00e7\u00e3o completa (com dispensa militar);<\/p>\n\n\n\n<p>Atividades &#8211; realizar o processo completo de compras, incluindo cota\u00e7\u00e3o, negocia\u00e7\u00e3o, e emiss\u00e3o de pedido de compra; analisar e selecionar novos fornecedores conduzindo o processo de homologa\u00e7\u00e3o; acompanhar o fluxo de entregas e garantir o cumprimento de todos os termos negociados.<\/p>\n\n\n\n<p>Dispon\u00edvel at\u00e9 08\/10\/2025 ou encerramento da vaga.<\/p>\n\n\n\n<p><strong>2 vagas &#8211; Assistente de Recursos Humanos<\/strong><\/p>\n\n\n\n<p>Escolaridade &#8211; ensino superior completo em Recursos Humanos;<\/p>\n\n\n\n<p>Experi\u00eancia &#8211; seis meses na Carteira de Trabalho;<\/p>\n\n\n\n<p>Requisitos Obrigat\u00f3rios &#8211; ter documenta\u00e7\u00e3o completa (com dispensa militar);<\/p>\n\n\n\n<p>Atividades &#8211; realizar atividades administrativas que facilitam a intera\u00e7\u00e3o do colaborador com o departamento de RH da empresa; acompanhar no processo de recrutamento e sele\u00e7\u00e3o; realizar acompanhamento no per\u00edodo de experi\u00eancia; administra\u00e7\u00e3o de benef\u00edcios; realizar demais procedimentos internos pertinente ao setor de RH.<\/p>\n\n\n\n<p>Dispon\u00edvel at\u00e9 08\/10\/2025 ou encerramento da vaga.<\/p>\n\n\n\n<p><strong>4 vagas &#8211; Ajudante de Caminh\u00e3o<\/strong><\/p>\n\n\n\n<p>Escolaridade &#8211; ensino fundamental completo;<\/p>\n\n\n\n<p>Experi\u00eancia &#8211; seis meses na Carteira de Trabalho;<\/p>\n\n\n\n<p>Requisitos Obrigat\u00f3rios &#8211; ter documenta\u00e7\u00e3o completa (com dispensa militar);<\/p>\n\n\n\n<p>Atividades &#8211; preparar cargas e descargas de mercadorias; movimentar e fixar mercadorias e cargas em caminh\u00f5es e vag\u00f5es; entregar e coletar encomendas ; manusear cargas especiais; reparar embalagens danificadas e controlar a qualidade dos servi\u00e7os prestados; operar equipamentos de carga e descarga; conectar tubula\u00e7\u00f5es \u00e0s instala\u00e7\u00f5es de embarque de cargas; estabelecer comunica\u00e7\u00e3o, emitir, receber e verificar mensagens, notificando e solicitando informa\u00e7\u00f5es, autoriza\u00e7\u00f5es e orienta\u00e7\u00f5es de transporte, embarque e desembarque de mercadorias.<\/p>\n\n\n\n<p>Dispon\u00edvel at\u00e9 08\/10\/2025 ou encerramento da vaga.<\/p>\n\n\n\n<p><strong>10 vagas &#8211; Frentista<\/strong><\/p>\n\n\n\n<p>Escolaridade &#8211; ensino m\u00e9dio completo;<\/p>\n\n\n\n<p>Experi\u00eancia &#8211; primeiro emprego;<\/p>\n\n\n\n<p>Requisitos Obrigat\u00f3rios &#8211; ter documenta\u00e7\u00e3o completa;<\/p>\n\n\n\n<p>Atividades &#8211; abastecer ve\u00edculos, prestar servi\u00e7os de manuten\u00e7\u00e3o b\u00e1sica como limpeza de vidros, verifica\u00e7\u00e3o de n\u00edveis de \u00f3leo e ar, e realizar servi\u00e7os adicionais como troca de \u00f3leo e calibragem de pneus.<\/p>\n\n\n\n<p>Dispon\u00edvel at\u00e9 09\/10\/2025 ou encerramento da vaga.<\/p>\n\n\n\n<p><strong>1 vaga &#8211; Motorista<\/strong><\/p>\n\n\n\n<p>Escolaridade &#8211; ensino m\u00e9dio completo;<\/p>\n\n\n\n<p>Experi\u00eancia &#8211; seis meses na Carteira de Trabalho;<\/p>\n\n\n\n<p>Requisitos Obrigat\u00f3rios &#8211; ter Carteira Nacional de Habilita\u00e7\u00e3o categoria \u201cD\u201d, curso Mopp e ter documenta\u00e7\u00e3o completa (com dispensa militar);<\/p>\n\n\n\n<p>Atividades &#8211; conferir mercadorias; dar suporte em carga e descarga de materiais e produtos; movimentar mercadorias para entrega ao cliente; demais atividades pertinentes a fun\u00e7\u00e3o.<\/p>\n\n\n\n<p>Dispon\u00edvel at\u00e9 09\/10\/2025 ou encerramento da vaga.<\/p>\n\n\n\n<p><strong>1 vaga &#8211; Vendedor de Autope\u00e7as<\/strong><\/p>\n\n\n\n<p>Escolaridade &#8211; ensino m\u00e9dio completo;<\/p>\n\n\n\n<p>Experi\u00eancia &#8211; n\u00e3o \u00e9 necess\u00e1rio;<\/p>\n\n\n\n<p>Requisitos Obrigat\u00f3rios &#8211; ter documenta\u00e7\u00e3o completa (com dispensa militar);<\/p>\n\n\n\n<p>Atividades &#8211; atendimento ao cliente; indica\u00e7\u00e3o e recomenda\u00e7\u00e3o de pe\u00e7as adequadas; emiss\u00e3o de pedidos e or\u00e7amentos; organiza\u00e7\u00e3o do ambiente de trabalho.<\/p>\n\n\n\n<p>Dispon\u00edvel at\u00e9 09\/10\/2025 ou encerramento da vaga.<\/p>\n\n\n\n<p><strong>1 vaga &#8211; Auxiliar de Cozinha<\/strong><\/p>\n\n\n\n<p>Escolaridade &#8211; ensino m\u00e9dio completo;<\/p>\n\n\n\n<p>Experi\u00eancia &#8211; n\u00e3o \u00e9 necess\u00e1rio ou avulsa;<\/p>\n\n\n\n<p>Requisitos Obrigat\u00f3rios &#8211; ter documenta\u00e7\u00e3o completa (com dispensa militar);<\/p>\n\n\n\n<p>Atividades &#8211; ajudar na prepara\u00e7\u00e3o de ingredientes e na montagem dos pratos, e higieniza\u00e7\u00e3o de alimentos, a organiza\u00e7\u00e3o do ambiente de trabalho, a confer\u00eancia de estoques e a aplica\u00e7\u00e3o das normas de higiene e seguran\u00e7a alimentar.<\/p>\n\n\n\n<p>Dispon\u00edvel at\u00e9 09\/10\/2025 ou encerramento da vaga.<\/p>\n\n\n\n<p><strong>1 vaga &#8211; T\u00e9cnico de Refrigera\u00e7\u00e3o<\/strong><\/p>\n\n\n\n<p>Escolaridade &#8211; ensino m\u00e9dio completo;<\/p>\n\n\n\n<p>Experi\u00eancia &#8211; tr\u00eas meses na Carteira de Trabalho;<\/p>\n\n\n\n<p>Requisitos Obrigat\u00f3rios &#8211; ter Carteira Nacional de Habilita\u00e7\u00e3o categoria \u201cB\u201d, curso de Refrigera\u00e7\u00e3o e ter documenta\u00e7\u00e3o completa;<\/p>\n\n\n\n<p>Atividades &#8211; apoiar a instala\u00e7\u00e3o, manuten\u00e7\u00e3o preventiva e corretiva de sistemas de ar-condicionado e refrigera\u00e7\u00e3o, montando tubula\u00e7\u00f5es, realizando limpeza de equipamentos, substituindo pe\u00e7as e componentes sob supervis\u00e3o, al\u00e9m de executar testes e manter o local de trabalho organizado e seguro.<\/p>\n\n\n\n<p>Dispon\u00edvel at\u00e9 09\/10\/2025 ou encerramento da vaga.<\/p>\n\n\n\n<p><strong>1 vaga &#8211; Encarregado de Obra<\/strong><\/p>\n\n\n\n<p>Escolaridade &#8211; ensino m\u00e9dio completo;<\/p>\n\n\n\n<p>Experi\u00eancia &#8211; seis meses na Carteira de Trabalho;<\/p>\n\n\n\n<p>Requisitos Obrigat\u00f3rios &#8211; ter documenta\u00e7\u00e3o completa (com dispensa militar);<\/p>\n\n\n\n<p>Atividades &#8211; supervisionar equipes e processos, garantindo que o projeto de constru\u00e7\u00e3o seja executado dentro do cronograma, or\u00e7amento e normas t\u00e9cnicas e de seguran\u00e7a.<\/p>\n\n\n\n<p>Dispon\u00edvel at\u00e9 09\/10\/2025 ou encerramento da vaga.<\/p>\n\n\n\n<p><strong>2 vagas &#8211; Cozinheiro<\/strong><\/p>\n\n\n\n<p>Escolaridade &#8211; ensino m\u00e9dio completo;<\/p>\n\n\n\n<p>Experi\u00eancia &#8211; registrada na Carteira de Trabalho;<\/p>\n\n\n\n<p>Requisitos Obrigat\u00f3rios &#8211; ter documenta\u00e7\u00e3o completa;<\/p>\n\n\n\n<p>Atividades &#8211; definir card\u00e1pios, organizar pedidos, supervisionar a equipe, controlar o estoque de insumos, garantir o cumprimento das normas de seguran\u00e7a e higiene alimentar, e monitorar o bom funcionamento de equipamentos e instala\u00e7\u00f5es.<\/p>\n\n\n\n<p>Dispon\u00edvel at\u00e9 09\/10\/2025 ou encerramento da vaga.<\/p>\n\n\n\n<p><strong>Vagas exclusivas para Pessoas com Defici\u00eancia (PcDs) &#8211; 1<\/strong><\/p>\n\n\n\n<p><strong>1 vaga &#8211; Auxiliar de Servi\u00e7os Gerais &#8211; Vagas exclusivas para Pessoa com Defici\u00eancia (PcD)<\/strong><\/p>\n\n\n\n<p>Escolaridade &#8211; ensino fundamental completo;<\/p>\n\n\n\n<p>Experi\u00eancia &#8211; seis meses na Carteira de Trabalho;<\/p>\n\n\n\n<p>Requisitos Obrigat\u00f3rios &#8211; ter documenta\u00e7\u00e3o completa (com dispensa militar);<\/p>\n\n\n\n<p>Atividades &#8211; atender as necessidades de limpeza, manuten\u00e7\u00e3o e conserva\u00e7\u00e3o das instala\u00e7\u00f5es da institui\u00e7\u00e3o, removendo p\u00f3 de m\u00f3veis, paredes, tetos, portas, janelas e equipamentos.<\/p>\n\n\n\n<p>Dispon\u00edvel at\u00e9 08\/10\/2025 ou encerramento da vaga.<\/p>\n\n\n\n<p>&#8212; &#8212; &#8212;<\/p>\n\n\n\n<p><strong>Texto<\/strong>&nbsp;&#8211;&nbsp;Divulga\u00e7\u00e3o\/Semtepi<\/p>\n\n\n\n<p><strong>Fotos<\/strong>&nbsp;&#8211;&nbsp;Arquivo\/Semcom<\/p>\n\n\n\n<p><strong>Dispon\u00edveis em<\/strong>&nbsp;&#8211;&nbsp;<a href=\"https:\/\/flic.kr\/s\/aHBqjCetWK\">https:\/\/flic.kr\/s\/aHBqjCetWK<\/a><\/p>\n","protected":false},"excerpt":{"rendered":"","protected":false},"author":39,"featured_media":6830,"comment_status":"closed","ping_status":"closed","sticky":false,"template":"","format":"standard","meta":{"footnotes":""},"categories":[5],"tags":[313,1560,7,8,9,10],"acf":[],"yoast_head":"<!-- This site is optimized with the Yoast SEO plugin v23.0 - https:\/\/yoast.com\/wordpress\/plugins\/seo\/ -->\n<title>Sine Manaus oferta 119 vagas de emprego nesta quinta-feira, 9\/10<\/title>\n<meta name=\"description\" content=\"Prefeitura de Manaus, por meio do Sine Manaus, oferta 119 vagas de emprego em v\u00e1rias \u00e1reas de atua\u00e7\u00e3o, nesta quinta-feira, 9\/10.\" \/>\n<meta name=\"robots\" content=\"noindex, follow\" \/>\n<meta property=\"og:locale\" content=\"pt_BR\" \/>\n<meta property=\"og:type\" content=\"article\" \/>\n<meta property=\"og:title\" content=\"Sine Manaus oferta 119 vagas de emprego nesta quinta-feira, 9\/10\" \/>\n<meta property=\"og:description\" content=\"Prefeitura de Manaus, por meio do Sine Manaus, oferta 119 vagas de emprego em v\u00e1rias \u00e1reas de atua\u00e7\u00e3o, nesta quinta-feira, 9\/10.\" \/>\n<meta property=\"og:url\" content=\"https:\/\/www.manaus.am.gov.br\/semtepi\/oportunidade\/sine-manaus-119-vagas-emprego-9-10\/\" \/>\n<meta property=\"og:site_name\" content=\"SEMTEPI\" \/>\n<meta property=\"article:published_time\" content=\"2025-10-08T18:31:38+00:00\" \/>\n<meta property=\"article:modified_time\" content=\"2025-10-08T18:31:43+00:00\" \/>\n<meta property=\"og:image\" content=\"https:\/\/www.manaus.am.gov.br\/semtepi\/wp-content\/uploads\/sites\/20\/2025\/08\/54522862502_85a80cbd64_k.jpg\" \/>\n\t<meta property=\"og:image:width\" content=\"2048\" \/>\n\t<meta property=\"og:image:height\" content=\"1365\" \/>\n\t<meta property=\"og:image:type\" content=\"image\/jpeg\" \/>\n<meta name=\"author\" content=\"Bruna Greco\" \/>\n<meta name=\"twitter:card\" content=\"summary_large_image\" \/>\n<meta name=\"twitter:label1\" content=\"Written by\" \/>\n\t<meta name=\"twitter:data1\" content=\"Bruna Greco\" \/>\n\t<meta name=\"twitter:label2\" content=\"Est. reading time\" \/>\n\t<meta name=\"twitter:data2\" content=\"12 minutos\" \/>\n<script type=\"application\/ld+json\" class=\"yoast-schema-graph\">{\"@context\":\"https:\/\/schema.org\",\"@graph\":[{\"@type\":\"Article\",\"@id\":\"https:\/\/www.manaus.am.gov.br\/semtepi\/oportunidade\/sine-manaus-119-vagas-emprego-9-10\/#article\",\"isPartOf\":{\"@id\":\"https:\/\/www.manaus.am.gov.br\/semtepi\/oportunidade\/sine-manaus-119-vagas-emprego-9-10\/\"},\"author\":{\"name\":\"Bruna Greco\",\"@id\":\"https:\/\/www.manaus.am.gov.br\/semtepi\/#\/schema\/person\/05d223aea2bf115f9883a6ff3683d81b\"},\"headline\":\"Sine Manaus oferta 119 vagas de emprego nesta quinta-feira, 9\/10\",\"datePublished\":\"2025-10-08T18:31:38+00:00\",\"dateModified\":\"2025-10-08T18:31:43+00:00\",\"mainEntityOfPage\":{\"@id\":\"https:\/\/www.manaus.am.gov.br\/semtepi\/oportunidade\/sine-manaus-119-vagas-emprego-9-10\/\"},\"wordCount\":2435,\"publisher\":{\"@id\":\"https:\/\/www.manaus.am.gov.br\/semtepi\/#organization\"},\"image\":{\"@id\":\"https:\/\/www.manaus.am.gov.br\/semtepi\/oportunidade\/sine-manaus-119-vagas-emprego-9-10\/#primaryimage\"},\"thumbnailUrl\":\"https:\/\/www.manaus.am.gov.br\/semtepi\/wp-content\/uploads\/sites\/20\/2025\/08\/54522862502_85a80cbd64_k.jpg\",\"keywords\":[\"119 vagas de emprego\",\"9\/10\",\"oportunidade\",\"prefeitura de manaus\",\"Semtepi\",\"sine manaus\"],\"articleSection\":[\"Oportunidade\"],\"inLanguage\":\"pt-BR\"},{\"@type\":\"WebPage\",\"@id\":\"https:\/\/www.manaus.am.gov.br\/semtepi\/oportunidade\/sine-manaus-119-vagas-emprego-9-10\/\",\"url\":\"https:\/\/www.manaus.am.gov.br\/semtepi\/oportunidade\/sine-manaus-119-vagas-emprego-9-10\/\",\"name\":\"Sine Manaus oferta 119 vagas de emprego nesta quinta-feira, 9\/10\",\"isPartOf\":{\"@id\":\"https:\/\/www.manaus.am.gov.br\/semtepi\/#website\"},\"primaryImageOfPage\":{\"@id\":\"https:\/\/www.manaus.am.gov.br\/semtepi\/oportunidade\/sine-manaus-119-vagas-emprego-9-10\/#primaryimage\"},\"image\":{\"@id\":\"https:\/\/www.manaus.am.gov.br\/semtepi\/oportunidade\/sine-manaus-119-vagas-emprego-9-10\/#primaryimage\"},\"thumbnailUrl\":\"https:\/\/www.manaus.am.gov.br\/semtepi\/wp-content\/uploads\/sites\/20\/2025\/08\/54522862502_85a80cbd64_k.jpg\",\"datePublished\":\"2025-10-08T18:31:38+00:00\",\"dateModified\":\"2025-10-08T18:31:43+00:00\",\"description\":\"Prefeitura de Manaus, por meio do Sine Manaus, oferta 119 vagas de emprego em v\u00e1rias \u00e1reas de atua\u00e7\u00e3o, nesta quinta-feira, 9\/10.\",\"breadcrumb\":{\"@id\":\"https:\/\/www.manaus.am.gov.br\/semtepi\/oportunidade\/sine-manaus-119-vagas-emprego-9-10\/#breadcrumb\"},\"inLanguage\":\"pt-BR\",\"potentialAction\":[{\"@type\":\"ReadAction\",\"target\":[\"https:\/\/www.manaus.am.gov.br\/semtepi\/oportunidade\/sine-manaus-119-vagas-emprego-9-10\/\"]}]},{\"@type\":\"ImageObject\",\"inLanguage\":\"pt-BR\",\"@id\":\"https:\/\/www.manaus.am.gov.br\/semtepi\/oportunidade\/sine-manaus-119-vagas-emprego-9-10\/#primaryimage\",\"url\":\"https:\/\/www.manaus.am.gov.br\/semtepi\/wp-content\/uploads\/sites\/20\/2025\/08\/54522862502_85a80cbd64_k.jpg\",\"contentUrl\":\"https:\/\/www.manaus.am.gov.br\/semtepi\/wp-content\/uploads\/sites\/20\/2025\/08\/54522862502_85a80cbd64_k.jpg\",\"width\":2048,\"height\":1365,\"caption\":\"#paratodosverem - Jovem recebendo atendimento de vaga de emprego em guich\u00ea do Sine Manaus\"},{\"@type\":\"BreadcrumbList\",\"@id\":\"https:\/\/www.manaus.am.gov.br\/semtepi\/oportunidade\/sine-manaus-119-vagas-emprego-9-10\/#breadcrumb\",\"itemListElement\":[{\"@type\":\"ListItem\",\"position\":1,\"name\":\"Home\",\"item\":\"https:\/\/www.manaus.am.gov.br\/semtepi\/\"},{\"@type\":\"ListItem\",\"position\":2,\"name\":\"Sine Manaus oferta 119 vagas de emprego nesta quinta-feira, 9\/10\"}]},{\"@type\":\"WebSite\",\"@id\":\"https:\/\/www.manaus.am.gov.br\/semtepi\/#website\",\"url\":\"https:\/\/www.manaus.am.gov.br\/semtepi\/\",\"name\":\"SEMTEPI\",\"description\":\"Prefeitura de Manaus\",\"publisher\":{\"@id\":\"https:\/\/www.manaus.am.gov.br\/semtepi\/#organization\"},\"alternateName\":\"Secretaria Municipal do Trabalho, Empreendedorismo e Inova\u00e7\u00e3o\",\"potentialAction\":[{\"@type\":\"SearchAction\",\"target\":{\"@type\":\"EntryPoint\",\"urlTemplate\":\"https:\/\/www.manaus.am.gov.br\/semtepi\/?s={search_term_string}\"},\"query-input\":\"required name=search_term_string\"}],\"inLanguage\":\"pt-BR\"},{\"@type\":\"Organization\",\"@id\":\"https:\/\/www.manaus.am.gov.br\/semtepi\/#organization\",\"name\":\"Prefeitura Municipal de Manaus\",\"alternateName\":\"Prefeitura de Manaus\",\"url\":\"https:\/\/www.manaus.am.gov.br\/semtepi\/\",\"logo\":{\"@type\":\"ImageObject\",\"inLanguage\":\"pt-BR\",\"@id\":\"https:\/\/www.manaus.am.gov.br\/semtepi\/#\/schema\/logo\/image\/\",\"url\":\"https:\/\/www.manaus.am.gov.br\/semtepi\/wp-content\/uploads\/sites\/20\/2024\/07\/favicon.png\",\"contentUrl\":\"https:\/\/www.manaus.am.gov.br\/semtepi\/wp-content\/uploads\/sites\/20\/2024\/07\/favicon.png\",\"width\":300,\"height\":300,\"caption\":\"Prefeitura Municipal de Manaus\"},\"image\":{\"@id\":\"https:\/\/www.manaus.am.gov.br\/semtepi\/#\/schema\/logo\/image\/\"}},{\"@type\":\"Person\",\"@id\":\"https:\/\/www.manaus.am.gov.br\/semtepi\/#\/schema\/person\/05d223aea2bf115f9883a6ff3683d81b\",\"name\":\"Bruna Greco\",\"image\":{\"@type\":\"ImageObject\",\"inLanguage\":\"pt-BR\",\"@id\":\"https:\/\/www.manaus.am.gov.br\/semtepi\/#\/schema\/person\/image\/\",\"url\":\"https:\/\/secure.gravatar.com\/avatar\/9c877d1a6adc2a055330e5c09a8653ce?s=96&d=mm&r=g\",\"contentUrl\":\"https:\/\/secure.gravatar.com\/avatar\/9c877d1a6adc2a055330e5c09a8653ce?s=96&d=mm&r=g\",\"caption\":\"Bruna Greco\"}}]}<\/script>\n<!-- \/ Yoast SEO plugin. -->","yoast_head_json":{"title":"Sine Manaus oferta 119 vagas de emprego nesta quinta-feira, 9\/10","description":"Prefeitura de Manaus, por meio do Sine Manaus, oferta 119 vagas de emprego em v\u00e1rias \u00e1reas de atua\u00e7\u00e3o, nesta quinta-feira, 9\/10.","robots":{"index":"noindex","follow":"follow"},"og_locale":"pt_BR","og_type":"article","og_title":"Sine Manaus oferta 119 vagas de emprego nesta quinta-feira, 9\/10","og_description":"Prefeitura de Manaus, por meio do Sine Manaus, oferta 119 vagas de emprego em v\u00e1rias \u00e1reas de atua\u00e7\u00e3o, nesta quinta-feira, 9\/10.","og_url":"https:\/\/www.manaus.am.gov.br\/semtepi\/oportunidade\/sine-manaus-119-vagas-emprego-9-10\/","og_site_name":"SEMTEPI","article_published_time":"2025-10-08T18:31:38+00:00","article_modified_time":"2025-10-08T18:31:43+00:00","og_image":[{"width":2048,"height":1365,"url":"https:\/\/www.manaus.am.gov.br\/semtepi\/wp-content\/uploads\/sites\/20\/2025\/08\/54522862502_85a80cbd64_k.jpg","type":"image\/jpeg"}],"author":"Bruna Greco","twitter_card":"summary_large_image","twitter_misc":{"Written by":"Bruna Greco","Est. reading time":"12 minutos"},"schema":{"@context":"https:\/\/schema.org","@graph":[{"@type":"Article","@id":"https:\/\/www.manaus.am.gov.br\/semtepi\/oportunidade\/sine-manaus-119-vagas-emprego-9-10\/#article","isPartOf":{"@id":"https:\/\/www.manaus.am.gov.br\/semtepi\/oportunidade\/sine-manaus-119-vagas-emprego-9-10\/"},"author":{"name":"Bruna Greco","@id":"https:\/\/www.manaus.am.gov.br\/semtepi\/#\/schema\/person\/05d223aea2bf115f9883a6ff3683d81b"},"headline":"Sine Manaus oferta 119 vagas de emprego nesta quinta-feira, 9\/10","datePublished":"2025-10-08T18:31:38+00:00","dateModified":"2025-10-08T18:31:43+00:00","mainEntityOfPage":{"@id":"https:\/\/www.manaus.am.gov.br\/semtepi\/oportunidade\/sine-manaus-119-vagas-emprego-9-10\/"},"wordCount":2435,"publisher":{"@id":"https:\/\/www.manaus.am.gov.br\/semtepi\/#organization"},"image":{"@id":"https:\/\/www.manaus.am.gov.br\/semtepi\/oportunidade\/sine-manaus-119-vagas-emprego-9-10\/#primaryimage"},"thumbnailUrl":"https:\/\/www.manaus.am.gov.br\/semtepi\/wp-content\/uploads\/sites\/20\/2025\/08\/54522862502_85a80cbd64_k.jpg","keywords":["119 vagas de emprego","9\/10","oportunidade","prefeitura de manaus","Semtepi","sine manaus"],"articleSection":["Oportunidade"],"inLanguage":"pt-BR"},{"@type":"WebPage","@id":"https:\/\/www.manaus.am.gov.br\/semtepi\/oportunidade\/sine-manaus-119-vagas-emprego-9-10\/","url":"https:\/\/www.manaus.am.gov.br\/semtepi\/oportunidade\/sine-manaus-119-vagas-emprego-9-10\/","name":"Sine Manaus oferta 119 vagas de emprego nesta quinta-feira, 9\/10","isPartOf":{"@id":"https:\/\/www.manaus.am.gov.br\/semtepi\/#website"},"primaryImageOfPage":{"@id":"https:\/\/www.manaus.am.gov.br\/semtepi\/oportunidade\/sine-manaus-119-vagas-emprego-9-10\/#primaryimage"},"image":{"@id":"https:\/\/www.manaus.am.gov.br\/semtepi\/oportunidade\/sine-manaus-119-vagas-emprego-9-10\/#primaryimage"},"thumbnailUrl":"https:\/\/www.manaus.am.gov.br\/semtepi\/wp-content\/uploads\/sites\/20\/2025\/08\/54522862502_85a80cbd64_k.jpg","datePublished":"2025-10-08T18:31:38+00:00","dateModified":"2025-10-08T18:31:43+00:00","description":"Prefeitura de Manaus, por meio do Sine Manaus, oferta 119 vagas de emprego em v\u00e1rias \u00e1reas de atua\u00e7\u00e3o, nesta quinta-feira, 9\/10.","breadcrumb":{"@id":"https:\/\/www.manaus.am.gov.br\/semtepi\/oportunidade\/sine-manaus-119-vagas-emprego-9-10\/#breadcrumb"},"inLanguage":"pt-BR","potentialAction":[{"@type":"ReadAction","target":["https:\/\/www.manaus.am.gov.br\/semtepi\/oportunidade\/sine-manaus-119-vagas-emprego-9-10\/"]}]},{"@type":"ImageObject","inLanguage":"pt-BR","@id":"https:\/\/www.manaus.am.gov.br\/semtepi\/oportunidade\/sine-manaus-119-vagas-emprego-9-10\/#primaryimage","url":"https:\/\/www.manaus.am.gov.br\/semtepi\/wp-content\/uploads\/sites\/20\/2025\/08\/54522862502_85a80cbd64_k.jpg","contentUrl":"https:\/\/www.manaus.am.gov.br\/semtepi\/wp-content\/uploads\/sites\/20\/2025\/08\/54522862502_85a80cbd64_k.jpg","width":2048,"height":1365,"caption":"#paratodosverem - Jovem recebendo atendimento de vaga de emprego em guich\u00ea do Sine Manaus"},{"@type":"BreadcrumbList","@id":"https:\/\/www.manaus.am.gov.br\/semtepi\/oportunidade\/sine-manaus-119-vagas-emprego-9-10\/#breadcrumb","itemListElement":[{"@type":"ListItem","position":1,"name":"Home","item":"https:\/\/www.manaus.am.gov.br\/semtepi\/"},{"@type":"ListItem","position":2,"name":"Sine Manaus oferta 119 vagas de emprego nesta quinta-feira, 9\/10"}]},{"@type":"WebSite","@id":"https:\/\/www.manaus.am.gov.br\/semtepi\/#website","url":"https:\/\/www.manaus.am.gov.br\/semtepi\/","name":"SEMTEPI","description":"Prefeitura de Manaus","publisher":{"@id":"https:\/\/www.manaus.am.gov.br\/semtepi\/#organization"},"alternateName":"Secretaria Municipal do Trabalho, Empreendedorismo e Inova\u00e7\u00e3o","potentialAction":[{"@type":"SearchAction","target":{"@type":"EntryPoint","urlTemplate":"https:\/\/www.manaus.am.gov.br\/semtepi\/?s={search_term_string}"},"query-input":"required name=search_term_string"}],"inLanguage":"pt-BR"},{"@type":"Organization","@id":"https:\/\/www.manaus.am.gov.br\/semtepi\/#organization","name":"Prefeitura Municipal de Manaus","alternateName":"Prefeitura de Manaus","url":"https:\/\/www.manaus.am.gov.br\/semtepi\/","logo":{"@type":"ImageObject","inLanguage":"pt-BR","@id":"https:\/\/www.manaus.am.gov.br\/semtepi\/#\/schema\/logo\/image\/","url":"https:\/\/www.manaus.am.gov.br\/semtepi\/wp-content\/uploads\/sites\/20\/2024\/07\/favicon.png","contentUrl":"https:\/\/www.manaus.am.gov.br\/semtepi\/wp-content\/uploads\/sites\/20\/2024\/07\/favicon.png","width":300,"height":300,"caption":"Prefeitura Municipal de Manaus"},"image":{"@id":"https:\/\/www.manaus.am.gov.br\/semtepi\/#\/schema\/logo\/image\/"}},{"@type":"Person","@id":"https:\/\/www.manaus.am.gov.br\/semtepi\/#\/schema\/person\/05d223aea2bf115f9883a6ff3683d81b","name":"Bruna Greco","image":{"@type":"ImageObject","inLanguage":"pt-BR","@id":"https:\/\/www.manaus.am.gov.br\/semtepi\/#\/schema\/person\/image\/","url":"https:\/\/secure.gravatar.com\/avatar\/9c877d1a6adc2a055330e5c09a8653ce?s=96&d=mm&r=g","contentUrl":"https:\/\/secure.gravatar.com\/avatar\/9c877d1a6adc2a055330e5c09a8653ce?s=96&d=mm&r=g","caption":"Bruna Greco"}}]}},"_links":{"self":[{"href":"https:\/\/www.manaus.am.gov.br\/semtepi\/wp-json\/wp\/v2\/posts\/7125"}],"collection":[{"href":"https:\/\/www.manaus.am.gov.br\/semtepi\/wp-json\/wp\/v2\/posts"}],"about":[{"href":"https:\/\/www.manaus.am.gov.br\/semtepi\/wp-json\/wp\/v2\/types\/post"}],"author":[{"embeddable":true,"href":"https:\/\/www.manaus.am.gov.br\/semtepi\/wp-json\/wp\/v2\/users\/39"}],"replies":[{"embeddable":true,"href":"https:\/\/www.manaus.am.gov.br\/semtepi\/wp-json\/wp\/v2\/comments?post=7125"}],"version-history":[{"count":0,"href":"https:\/\/www.manaus.am.gov.br\/semtepi\/wp-json\/wp\/v2\/posts\/7125\/revisions"}],"wp:featuredmedia":[{"embeddable":true,"href":"https:\/\/www.manaus.am.gov.br\/semtepi\/wp-json\/wp\/v2\/media\/6830"}],"wp:attachment":[{"href":"https:\/\/www.manaus.am.gov.br\/semtepi\/wp-json\/wp\/v2\/media?parent=7125"}],"wp:term":[{"taxonomy":"category","embeddable":true,"href":"https:\/\/www.manaus.am.gov.br\/semtepi\/wp-json\/wp\/v2\/categories?post=7125"},{"taxonomy":"post_tag","embeddable":true,"href":"https:\/\/www.manaus.am.gov.br\/semtepi\/wp-json\/wp\/v2\/tags?post=7125"}],"curies":[{"name":"wp","href":"https:\/\/api.w.org\/{rel}","templated":true}]}}