{"id":7116,"date":"2025-10-07T13:44:34","date_gmt":"2025-10-07T17:44:34","guid":{"rendered":"https:\/\/www.manaus.am.gov.br\/semtepi\/sem-categoria\/megafeirao-de-empregabilidade-empresas-confirmadas\/"},"modified":"2025-10-07T13:44:36","modified_gmt":"2025-10-07T17:44:36","slug":"megafeirao-de-empregabilidade-empresas-confirmadas","status":"publish","type":"post","link":"https:\/\/www.manaus.am.gov.br\/semtepi\/oportunidade\/megafeirao-de-empregabilidade-empresas-confirmadas\/","title":{"rendered":"Prefeitura de Manaus divulga primeiras empresas confirmadas no 2\u00ba \u2018Megafeir\u00e3o de Empregabilidade\u2019"},"content":{"rendered":"\n<p>A Prefeitura de Manaus, por meio da Secretaria Municipal do Trabalho, Empreendedorismo e Inova\u00e7\u00e3o (Semtepi), divulgou, nesta ter\u00e7a-feira, 7\/10, a lista atualizada de empresas confirmadas para participar do 2\u00ba \u201cMegafeir\u00e3o de Empregabilidade\u201d, que acontecer\u00e1 no dia 10\/10, das 8h \u00e0s 15h, no shopping Phelippe Daou, zona Norte da capital.<\/p>\n\n\n\n<p>O evento faz parte das comemora\u00e7\u00f5es pelos 50 anos do Sistema Nacional de Emprego (Sine) e tem como objetivo aproximar trabalhadores e empregadores, oferecendo diversas oportunidades de inser\u00e7\u00e3o e recoloca\u00e7\u00e3o no mercado de trabalho.<\/p>\n\n\n\n<p>Segundo o titular da Semtepi, Alonso Oliveira, o megafeir\u00e3o tem se consolidado como uma das maiores a\u00e7\u00f5es de empregabilidade da regi\u00e3o.<\/p>\n\n\n\n<p>\u201cO Sine Manaus est\u00e1 criando uma grande ponte entre quem est\u00e1 em busca de emprego e as empresas contratantes, reunindo tudo em um \u00fanico espa\u00e7o. Essa \u00e9 uma oportunidade real de mudan\u00e7a de vida para milhares de pessoas\u201d, destacou.<\/p>\n\n\n\n<p>Entre as principais empresas e vagas confirmadas est\u00e3o: Grupo Chibat\u00e3o \u2013 com dezenas de vagas para cargos operacionais e administrativos, como conferente, motorista carreteiro, operador de empilhadeira, mec\u00e2nico, engenheiro mec\u00e2nico, almoxarife, controlador de tr\u00e1fego, entre outros; Madero (presencial) \u2013 com vagas distribu\u00eddas entre auxiliar de cozinha, auxiliar e atendente de restaurante, com oportunidades em v\u00e1rios Estados brasileiros, incluindo Paran\u00e1, Goi\u00e1s, Bahia, S\u00e3o Paulo e Amazonas; Vit\u00f3ria Supermercados \u2013 oferece vagas para a\u00e7ougueiro, repositor, auxiliar de confeitaria, operador de caixa, fiscal de preven\u00e7\u00e3o e servi\u00e7os gerais; Barat\u00e3o da Carne \u2013 oportunidades para auxiliar de a\u00e7ougue, cozinheiro, pizzaiolo, chapista, agente de limpeza, entre outras; Sioux Servi\u00e7os \u2013 com vagas para auxiliar administrativo, assistente comercial, montador de m\u00f3veis, marceneiro, jardineiro, piscineiro e servi\u00e7os gerais.<\/p>\n\n\n\n<p><strong>Mais empresas a caminho<\/strong><\/p>\n\n\n\n<p>De acordo com o diretor do Sine Manaus, Pedro Lima, novas empresas continuam sendo cadastradas e devem ser anunciadas nos pr\u00f3ximos dias. \u201cEstamos em contato com v\u00e1rias empresas interessadas em participar. O objetivo \u00e9 ampliar ao m\u00e1ximo as oportunidades para os trabalhadores manauaras\u201d, afirmou Pedro.<\/p>\n\n\n\n<p>A lista completa de empresas confirmadas conta com: Adriana Distribuidora, Amazonet Telecom, Atacad\u00e3o S. A., BRF S. A., Barat\u00e3o da Carne, Dunorte Distribuidora \u2013 Grupo Medeiros, Empresas Bertolini, Frutal Produtos Aliment\u00edcios, GGP Braga, Grupo Chibat\u00e3o, Grupo Facilitti, Grupo Madero, Grupo Nova Era, IP Fibra, Lopes Distribuidora Ltda., LR Consultoria RH, Lojas Queiroz, Madero (On-line), Marfrig \u2013 V\u00e1rzea Grande (On-line), Marquise Ambiental, Nova Era, Nova Med, Pelmex da Amaz\u00f4nia, Randstad, Salcomp, Sioux Servi\u00e7os, Top Internacional Ltda. e Vit\u00f3ria Supermercados.<\/p>\n\n\n\n<p>&#8212; &#8212; &#8212;<\/p>\n\n\n\n<p><strong>Texto<\/strong> &#8211; Asafe Augusto \/ Semtepi<\/p>\n\n\n\n<p><strong>Fotos <\/strong>&#8211; Jo\u00e3o Viana \/ Semcom<\/p>\n\n\n\n<p><strong>Dispon\u00edveis em <\/strong>&#8211; <a href=\"https:\/\/flic.kr\/s\/aHBqjCg1Tk\">https:\/\/flic.kr\/s\/aHBqjCg1Tk<\/a><\/p>\n","protected":false},"excerpt":{"rendered":"","protected":false},"author":57,"featured_media":7117,"comment_status":"closed","ping_status":"closed","sticky":false,"template":"","format":"standard","meta":{"footnotes":""},"categories":[5],"tags":[1383,8,9],"acf":[],"yoast_head":"<!-- This site is optimized with the Yoast SEO plugin v23.0 - https:\/\/yoast.com\/wordpress\/plugins\/seo\/ -->\n<title>Veja as empresas confirmadas no Megafeir\u00e3o de Empregabilidade<\/title>\n<meta name=\"description\" content=\"A PMM divulgou, nesta ter\u00e7a-feira, 7\/10, a lista atualizada de empresas confirmadas para participar do 2\u00ba \u201cMegafeir\u00e3o de Empregabilidade\u201d.\" \/>\n<meta name=\"robots\" content=\"noindex, follow\" \/>\n<meta property=\"og:locale\" content=\"pt_BR\" \/>\n<meta property=\"og:type\" content=\"article\" \/>\n<meta property=\"og:title\" content=\"Veja as empresas confirmadas no Megafeir\u00e3o de Empregabilidade\" \/>\n<meta property=\"og:description\" content=\"A PMM divulgou, nesta ter\u00e7a-feira, 7\/10, a lista atualizada de empresas confirmadas para participar do 2\u00ba \u201cMegafeir\u00e3o de Empregabilidade\u201d.\" \/>\n<meta property=\"og:url\" content=\"https:\/\/www.manaus.am.gov.br\/semtepi\/oportunidade\/megafeirao-de-empregabilidade-empresas-confirmadas\/\" \/>\n<meta property=\"og:site_name\" content=\"SEMTEPI\" \/>\n<meta property=\"article:published_time\" content=\"2025-10-07T17:44:34+00:00\" \/>\n<meta property=\"article:modified_time\" content=\"2025-10-07T17:44:36+00:00\" \/>\n<meta property=\"og:image\" content=\"https:\/\/www.manaus.am.gov.br\/semtepi\/wp-content\/uploads\/sites\/20\/2025\/10\/Megafeirao-de-Empregabilidade-3.jpg\" \/>\n\t<meta property=\"og:image:width\" content=\"799\" \/>\n\t<meta property=\"og:image:height\" content=\"533\" \/>\n\t<meta property=\"og:image:type\" content=\"image\/jpeg\" \/>\n<meta name=\"author\" content=\"Thiago Fernando\" \/>\n<meta name=\"twitter:card\" content=\"summary_large_image\" \/>\n<meta name=\"twitter:label1\" content=\"Written by\" \/>\n\t<meta name=\"twitter:data1\" content=\"Thiago Fernando\" \/>\n\t<meta name=\"twitter:label2\" content=\"Est. reading time\" \/>\n\t<meta name=\"twitter:data2\" content=\"3 minutos\" \/>\n<script type=\"application\/ld+json\" class=\"yoast-schema-graph\">{\"@context\":\"https:\/\/schema.org\",\"@graph\":[{\"@type\":\"Article\",\"@id\":\"https:\/\/www.manaus.am.gov.br\/semtepi\/oportunidade\/megafeirao-de-empregabilidade-empresas-confirmadas\/#article\",\"isPartOf\":{\"@id\":\"https:\/\/www.manaus.am.gov.br\/semtepi\/oportunidade\/megafeirao-de-empregabilidade-empresas-confirmadas\/\"},\"author\":{\"name\":\"Thiago Fernando\",\"@id\":\"https:\/\/www.manaus.am.gov.br\/semtepi\/#\/schema\/person\/a5ee5376db6e21af026374b369f30882\"},\"headline\":\"Prefeitura de Manaus divulga primeiras empresas confirmadas no 2\u00ba \u2018Megafeir\u00e3o de Empregabilidade\u2019\",\"datePublished\":\"2025-10-07T17:44:34+00:00\",\"dateModified\":\"2025-10-07T17:44:36+00:00\",\"mainEntityOfPage\":{\"@id\":\"https:\/\/www.manaus.am.gov.br\/semtepi\/oportunidade\/megafeirao-de-empregabilidade-empresas-confirmadas\/\"},\"wordCount\":454,\"publisher\":{\"@id\":\"https:\/\/www.manaus.am.gov.br\/semtepi\/#organization\"},\"image\":{\"@id\":\"https:\/\/www.manaus.am.gov.br\/semtepi\/oportunidade\/megafeirao-de-empregabilidade-empresas-confirmadas\/#primaryimage\"},\"thumbnailUrl\":\"https:\/\/www.manaus.am.gov.br\/semtepi\/wp-content\/uploads\/sites\/20\/2025\/10\/Megafeirao-de-Empregabilidade-3.jpg\",\"keywords\":[\"megafeir\u00e3o de empregabilidade\",\"prefeitura de manaus\",\"Semtepi\"],\"articleSection\":[\"Oportunidade\"],\"inLanguage\":\"pt-BR\"},{\"@type\":\"WebPage\",\"@id\":\"https:\/\/www.manaus.am.gov.br\/semtepi\/oportunidade\/megafeirao-de-empregabilidade-empresas-confirmadas\/\",\"url\":\"https:\/\/www.manaus.am.gov.br\/semtepi\/oportunidade\/megafeirao-de-empregabilidade-empresas-confirmadas\/\",\"name\":\"Veja as empresas confirmadas no Megafeir\u00e3o de Empregabilidade\",\"isPartOf\":{\"@id\":\"https:\/\/www.manaus.am.gov.br\/semtepi\/#website\"},\"primaryImageOfPage\":{\"@id\":\"https:\/\/www.manaus.am.gov.br\/semtepi\/oportunidade\/megafeirao-de-empregabilidade-empresas-confirmadas\/#primaryimage\"},\"image\":{\"@id\":\"https:\/\/www.manaus.am.gov.br\/semtepi\/oportunidade\/megafeirao-de-empregabilidade-empresas-confirmadas\/#primaryimage\"},\"thumbnailUrl\":\"https:\/\/www.manaus.am.gov.br\/semtepi\/wp-content\/uploads\/sites\/20\/2025\/10\/Megafeirao-de-Empregabilidade-3.jpg\",\"datePublished\":\"2025-10-07T17:44:34+00:00\",\"dateModified\":\"2025-10-07T17:44:36+00:00\",\"description\":\"A PMM divulgou, nesta ter\u00e7a-feira, 7\/10, a lista atualizada de empresas confirmadas para participar do 2\u00ba \u201cMegafeir\u00e3o de Empregabilidade\u201d.\",\"breadcrumb\":{\"@id\":\"https:\/\/www.manaus.am.gov.br\/semtepi\/oportunidade\/megafeirao-de-empregabilidade-empresas-confirmadas\/#breadcrumb\"},\"inLanguage\":\"pt-BR\",\"potentialAction\":[{\"@type\":\"ReadAction\",\"target\":[\"https:\/\/www.manaus.am.gov.br\/semtepi\/oportunidade\/megafeirao-de-empregabilidade-empresas-confirmadas\/\"]}]},{\"@type\":\"ImageObject\",\"inLanguage\":\"pt-BR\",\"@id\":\"https:\/\/www.manaus.am.gov.br\/semtepi\/oportunidade\/megafeirao-de-empregabilidade-empresas-confirmadas\/#primaryimage\",\"url\":\"https:\/\/www.manaus.am.gov.br\/semtepi\/wp-content\/uploads\/sites\/20\/2025\/10\/Megafeirao-de-Empregabilidade-3.jpg\",\"contentUrl\":\"https:\/\/www.manaus.am.gov.br\/semtepi\/wp-content\/uploads\/sites\/20\/2025\/10\/Megafeirao-de-Empregabilidade-3.jpg\",\"width\":799,\"height\":533,\"caption\":\"#paratodosverem - Pessoas participando do 1\u00ba Megafeir\u00e3o de Empregabilidade\"},{\"@type\":\"BreadcrumbList\",\"@id\":\"https:\/\/www.manaus.am.gov.br\/semtepi\/oportunidade\/megafeirao-de-empregabilidade-empresas-confirmadas\/#breadcrumb\",\"itemListElement\":[{\"@type\":\"ListItem\",\"position\":1,\"name\":\"Home\",\"item\":\"https:\/\/www.manaus.am.gov.br\/semtepi\/\"},{\"@type\":\"ListItem\",\"position\":2,\"name\":\"Prefeitura de Manaus divulga primeiras empresas confirmadas no 2\u00ba \u2018Megafeir\u00e3o de Empregabilidade\u2019\"}]},{\"@type\":\"WebSite\",\"@id\":\"https:\/\/www.manaus.am.gov.br\/semtepi\/#website\",\"url\":\"https:\/\/www.manaus.am.gov.br\/semtepi\/\",\"name\":\"SEMTEPI\",\"description\":\"Prefeitura de Manaus\",\"publisher\":{\"@id\":\"https:\/\/www.manaus.am.gov.br\/semtepi\/#organization\"},\"alternateName\":\"Secretaria Municipal do Trabalho, Empreendedorismo e Inova\u00e7\u00e3o\",\"potentialAction\":[{\"@type\":\"SearchAction\",\"target\":{\"@type\":\"EntryPoint\",\"urlTemplate\":\"https:\/\/www.manaus.am.gov.br\/semtepi\/?s={search_term_string}\"},\"query-input\":\"required name=search_term_string\"}],\"inLanguage\":\"pt-BR\"},{\"@type\":\"Organization\",\"@id\":\"https:\/\/www.manaus.am.gov.br\/semtepi\/#organization\",\"name\":\"Prefeitura Municipal de Manaus\",\"alternateName\":\"Prefeitura de Manaus\",\"url\":\"https:\/\/www.manaus.am.gov.br\/semtepi\/\",\"logo\":{\"@type\":\"ImageObject\",\"inLanguage\":\"pt-BR\",\"@id\":\"https:\/\/www.manaus.am.gov.br\/semtepi\/#\/schema\/logo\/image\/\",\"url\":\"https:\/\/www.manaus.am.gov.br\/semtepi\/wp-content\/uploads\/sites\/20\/2024\/07\/favicon.png\",\"contentUrl\":\"https:\/\/www.manaus.am.gov.br\/semtepi\/wp-content\/uploads\/sites\/20\/2024\/07\/favicon.png\",\"width\":300,\"height\":300,\"caption\":\"Prefeitura Municipal de Manaus\"},\"image\":{\"@id\":\"https:\/\/www.manaus.am.gov.br\/semtepi\/#\/schema\/logo\/image\/\"}},{\"@type\":\"Person\",\"@id\":\"https:\/\/www.manaus.am.gov.br\/semtepi\/#\/schema\/person\/a5ee5376db6e21af026374b369f30882\",\"name\":\"Thiago Fernando\",\"image\":{\"@type\":\"ImageObject\",\"inLanguage\":\"pt-BR\",\"@id\":\"https:\/\/www.manaus.am.gov.br\/semtepi\/#\/schema\/person\/image\/\",\"url\":\"https:\/\/secure.gravatar.com\/avatar\/f5aab8722444041451501c077052ac07?s=96&d=mm&r=g\",\"contentUrl\":\"https:\/\/secure.gravatar.com\/avatar\/f5aab8722444041451501c077052ac07?s=96&d=mm&r=g\",\"caption\":\"Thiago Fernando\"}}]}<\/script>\n<!-- \/ Yoast SEO plugin. -->","yoast_head_json":{"title":"Veja as empresas confirmadas no Megafeir\u00e3o de Empregabilidade","description":"A PMM divulgou, nesta ter\u00e7a-feira, 7\/10, a lista atualizada de empresas confirmadas para participar do 2\u00ba \u201cMegafeir\u00e3o de Empregabilidade\u201d.","robots":{"index":"noindex","follow":"follow"},"og_locale":"pt_BR","og_type":"article","og_title":"Veja as empresas confirmadas no Megafeir\u00e3o de Empregabilidade","og_description":"A PMM divulgou, nesta ter\u00e7a-feira, 7\/10, a lista atualizada de empresas confirmadas para participar do 2\u00ba \u201cMegafeir\u00e3o de Empregabilidade\u201d.","og_url":"https:\/\/www.manaus.am.gov.br\/semtepi\/oportunidade\/megafeirao-de-empregabilidade-empresas-confirmadas\/","og_site_name":"SEMTEPI","article_published_time":"2025-10-07T17:44:34+00:00","article_modified_time":"2025-10-07T17:44:36+00:00","og_image":[{"width":799,"height":533,"url":"https:\/\/www.manaus.am.gov.br\/semtepi\/wp-content\/uploads\/sites\/20\/2025\/10\/Megafeirao-de-Empregabilidade-3.jpg","type":"image\/jpeg"}],"author":"Thiago Fernando","twitter_card":"summary_large_image","twitter_misc":{"Written by":"Thiago Fernando","Est. reading time":"3 minutos"},"schema":{"@context":"https:\/\/schema.org","@graph":[{"@type":"Article","@id":"https:\/\/www.manaus.am.gov.br\/semtepi\/oportunidade\/megafeirao-de-empregabilidade-empresas-confirmadas\/#article","isPartOf":{"@id":"https:\/\/www.manaus.am.gov.br\/semtepi\/oportunidade\/megafeirao-de-empregabilidade-empresas-confirmadas\/"},"author":{"name":"Thiago Fernando","@id":"https:\/\/www.manaus.am.gov.br\/semtepi\/#\/schema\/person\/a5ee5376db6e21af026374b369f30882"},"headline":"Prefeitura de Manaus divulga primeiras empresas confirmadas no 2\u00ba \u2018Megafeir\u00e3o de Empregabilidade\u2019","datePublished":"2025-10-07T17:44:34+00:00","dateModified":"2025-10-07T17:44:36+00:00","mainEntityOfPage":{"@id":"https:\/\/www.manaus.am.gov.br\/semtepi\/oportunidade\/megafeirao-de-empregabilidade-empresas-confirmadas\/"},"wordCount":454,"publisher":{"@id":"https:\/\/www.manaus.am.gov.br\/semtepi\/#organization"},"image":{"@id":"https:\/\/www.manaus.am.gov.br\/semtepi\/oportunidade\/megafeirao-de-empregabilidade-empresas-confirmadas\/#primaryimage"},"thumbnailUrl":"https:\/\/www.manaus.am.gov.br\/semtepi\/wp-content\/uploads\/sites\/20\/2025\/10\/Megafeirao-de-Empregabilidade-3.jpg","keywords":["megafeir\u00e3o de empregabilidade","prefeitura de manaus","Semtepi"],"articleSection":["Oportunidade"],"inLanguage":"pt-BR"},{"@type":"WebPage","@id":"https:\/\/www.manaus.am.gov.br\/semtepi\/oportunidade\/megafeirao-de-empregabilidade-empresas-confirmadas\/","url":"https:\/\/www.manaus.am.gov.br\/semtepi\/oportunidade\/megafeirao-de-empregabilidade-empresas-confirmadas\/","name":"Veja as empresas confirmadas no Megafeir\u00e3o de Empregabilidade","isPartOf":{"@id":"https:\/\/www.manaus.am.gov.br\/semtepi\/#website"},"primaryImageOfPage":{"@id":"https:\/\/www.manaus.am.gov.br\/semtepi\/oportunidade\/megafeirao-de-empregabilidade-empresas-confirmadas\/#primaryimage"},"image":{"@id":"https:\/\/www.manaus.am.gov.br\/semtepi\/oportunidade\/megafeirao-de-empregabilidade-empresas-confirmadas\/#primaryimage"},"thumbnailUrl":"https:\/\/www.manaus.am.gov.br\/semtepi\/wp-content\/uploads\/sites\/20\/2025\/10\/Megafeirao-de-Empregabilidade-3.jpg","datePublished":"2025-10-07T17:44:34+00:00","dateModified":"2025-10-07T17:44:36+00:00","description":"A PMM divulgou, nesta ter\u00e7a-feira, 7\/10, a lista atualizada de empresas confirmadas para participar do 2\u00ba \u201cMegafeir\u00e3o de Empregabilidade\u201d.","breadcrumb":{"@id":"https:\/\/www.manaus.am.gov.br\/semtepi\/oportunidade\/megafeirao-de-empregabilidade-empresas-confirmadas\/#breadcrumb"},"inLanguage":"pt-BR","potentialAction":[{"@type":"ReadAction","target":["https:\/\/www.manaus.am.gov.br\/semtepi\/oportunidade\/megafeirao-de-empregabilidade-empresas-confirmadas\/"]}]},{"@type":"ImageObject","inLanguage":"pt-BR","@id":"https:\/\/www.manaus.am.gov.br\/semtepi\/oportunidade\/megafeirao-de-empregabilidade-empresas-confirmadas\/#primaryimage","url":"https:\/\/www.manaus.am.gov.br\/semtepi\/wp-content\/uploads\/sites\/20\/2025\/10\/Megafeirao-de-Empregabilidade-3.jpg","contentUrl":"https:\/\/www.manaus.am.gov.br\/semtepi\/wp-content\/uploads\/sites\/20\/2025\/10\/Megafeirao-de-Empregabilidade-3.jpg","width":799,"height":533,"caption":"#paratodosverem - Pessoas participando do 1\u00ba Megafeir\u00e3o de Empregabilidade"},{"@type":"BreadcrumbList","@id":"https:\/\/www.manaus.am.gov.br\/semtepi\/oportunidade\/megafeirao-de-empregabilidade-empresas-confirmadas\/#breadcrumb","itemListElement":[{"@type":"ListItem","position":1,"name":"Home","item":"https:\/\/www.manaus.am.gov.br\/semtepi\/"},{"@type":"ListItem","position":2,"name":"Prefeitura de Manaus divulga primeiras empresas confirmadas no 2\u00ba \u2018Megafeir\u00e3o de Empregabilidade\u2019"}]},{"@type":"WebSite","@id":"https:\/\/www.manaus.am.gov.br\/semtepi\/#website","url":"https:\/\/www.manaus.am.gov.br\/semtepi\/","name":"SEMTEPI","description":"Prefeitura de Manaus","publisher":{"@id":"https:\/\/www.manaus.am.gov.br\/semtepi\/#organization"},"alternateName":"Secretaria Municipal do Trabalho, Empreendedorismo e Inova\u00e7\u00e3o","potentialAction":[{"@type":"SearchAction","target":{"@type":"EntryPoint","urlTemplate":"https:\/\/www.manaus.am.gov.br\/semtepi\/?s={search_term_string}"},"query-input":"required name=search_term_string"}],"inLanguage":"pt-BR"},{"@type":"Organization","@id":"https:\/\/www.manaus.am.gov.br\/semtepi\/#organization","name":"Prefeitura Municipal de Manaus","alternateName":"Prefeitura de Manaus","url":"https:\/\/www.manaus.am.gov.br\/semtepi\/","logo":{"@type":"ImageObject","inLanguage":"pt-BR","@id":"https:\/\/www.manaus.am.gov.br\/semtepi\/#\/schema\/logo\/image\/","url":"https:\/\/www.manaus.am.gov.br\/semtepi\/wp-content\/uploads\/sites\/20\/2024\/07\/favicon.png","contentUrl":"https:\/\/www.manaus.am.gov.br\/semtepi\/wp-content\/uploads\/sites\/20\/2024\/07\/favicon.png","width":300,"height":300,"caption":"Prefeitura Municipal de Manaus"},"image":{"@id":"https:\/\/www.manaus.am.gov.br\/semtepi\/#\/schema\/logo\/image\/"}},{"@type":"Person","@id":"https:\/\/www.manaus.am.gov.br\/semtepi\/#\/schema\/person\/a5ee5376db6e21af026374b369f30882","name":"Thiago Fernando","image":{"@type":"ImageObject","inLanguage":"pt-BR","@id":"https:\/\/www.manaus.am.gov.br\/semtepi\/#\/schema\/person\/image\/","url":"https:\/\/secure.gravatar.com\/avatar\/f5aab8722444041451501c077052ac07?s=96&d=mm&r=g","contentUrl":"https:\/\/secure.gravatar.com\/avatar\/f5aab8722444041451501c077052ac07?s=96&d=mm&r=g","caption":"Thiago Fernando"}}]}},"_links":{"self":[{"href":"https:\/\/www.manaus.am.gov.br\/semtepi\/wp-json\/wp\/v2\/posts\/7116"}],"collection":[{"href":"https:\/\/www.manaus.am.gov.br\/semtepi\/wp-json\/wp\/v2\/posts"}],"about":[{"href":"https:\/\/www.manaus.am.gov.br\/semtepi\/wp-json\/wp\/v2\/types\/post"}],"author":[{"embeddable":true,"href":"https:\/\/www.manaus.am.gov.br\/semtepi\/wp-json\/wp\/v2\/users\/57"}],"replies":[{"embeddable":true,"href":"https:\/\/www.manaus.am.gov.br\/semtepi\/wp-json\/wp\/v2\/comments?post=7116"}],"version-history":[{"count":0,"href":"https:\/\/www.manaus.am.gov.br\/semtepi\/wp-json\/wp\/v2\/posts\/7116\/revisions"}],"wp:featuredmedia":[{"embeddable":true,"href":"https:\/\/www.manaus.am.gov.br\/semtepi\/wp-json\/wp\/v2\/media\/7117"}],"wp:attachment":[{"href":"https:\/\/www.manaus.am.gov.br\/semtepi\/wp-json\/wp\/v2\/media?parent=7116"}],"wp:term":[{"taxonomy":"category","embeddable":true,"href":"https:\/\/www.manaus.am.gov.br\/semtepi\/wp-json\/wp\/v2\/categories?post=7116"},{"taxonomy":"post_tag","embeddable":true,"href":"https:\/\/www.manaus.am.gov.br\/semtepi\/wp-json\/wp\/v2\/tags?post=7116"}],"curies":[{"name":"wp","href":"https:\/\/api.w.org\/{rel}","templated":true}]}}