{"id":7068,"date":"2025-09-27T17:19:40","date_gmt":"2025-09-27T21:19:40","guid":{"rendered":"https:\/\/www.manaus.am.gov.br\/semtepi\/sem-categoria\/programa-empretec-encerramento\/"},"modified":"2025-09-27T17:19:40","modified_gmt":"2025-09-27T21:19:40","slug":"programa-empretec-encerramento","status":"publish","type":"post","link":"https:\/\/www.manaus.am.gov.br\/semtepi\/oportunidade\/programa-empretec-encerramento\/","title":{"rendered":"Prefeitura de Manaus certifica 28 alunos no encerramento do programa Empretec em parceria com o Sebrae"},"content":{"rendered":"\n<p>A <a href=\"https:\/\/www.instagram.com\/prefeiturademanaus\/\">Prefeitura de Manaus<\/a>, por meio da <a href=\"https:\/\/www.manaus.am.gov.br\/semtepi\/\">Secretaria Municipal do Trabalho, Empreendedorismo e Inova\u00e7\u00e3o (Semtepi)<\/a>, encerrou, neste s\u00e1bado, 27\/9, a \u00faltima turma de 2025 do programa Empretec, certificando 28 alunos que conclu\u00edram com sucesso a capacita\u00e7\u00e3o voltada ao fortalecimento de compet\u00eancias empreendedoras. As aulas e o encerramento aconteceram na unidade do Servi\u00e7o Brasileiro de Apoio \u00e0s Micro e Pequenas Empresas (Sebrae), localizada na avenida Leonardo Malcher, Centro.<\/p>\n\n\n\n<p>Executado pelo Sebrae, o Empretec \u00e9 uma metodologia internacional desenvolvida pela Organiza\u00e7\u00e3o das Na\u00e7\u00f5es Unidas (ONU) e aplicada no Brasil e em mais de 40 pa\u00edses. O programa tem como objetivo principal despertar e aperfei\u00e7oar o comportamento empreendedor, desenvolvendo caracter\u00edsticas essenciais para quem deseja abrir ou consolidar um neg\u00f3cio. Ao longo da capacita\u00e7\u00e3o intensiva, os participantes foram submetidos a desafios pr\u00e1ticos, din\u00e2micas de grupo e atividades voltadas ao desenvolvimento de habilidades como planejamento, persist\u00eancia, inova\u00e7\u00e3o e gest\u00e3o de riscos.<\/p>\n\n\n\n<p>Durante a cerim\u00f4nia de encerramento, o secret\u00e1rio da Semtepi, Alonso Oliveira, destacou o compromisso da Prefeitura de Manaus em apoiar e incentivar o empreendedorismo local por meio de programas de forma\u00e7\u00e3o e capacita\u00e7\u00e3o.<\/p>\n\n\n\n<p>\u201cO Empretec \u00e9 uma ferramenta poderosa para transformar ideias em neg\u00f3cios s\u00f3lidos e sustent\u00e1veis. Nosso objetivo \u00e9 oferecer aos empreendedores a base necess\u00e1ria para que eles possam crescer com seguran\u00e7a e contribuir para o desenvolvimento econ\u00f4mico da cidade. Ver esses 28 alunos concluindo essa jornada nos mostra que estamos no caminho certo\u201d, afirmou o secret\u00e1rio.<\/p>\n\n\n\n<p>Com mais de 30 anos de exist\u00eancia no Brasil, o Empretec j\u00e1 capacitou milhares de empreendedores em todo o pa\u00eds e \u00e9 reconhecido por sua metodologia eficaz, que trabalha profundamente o perfil comportamental dos participantes.<\/p>\n\n\n\n<p>Para os alunos, a experi\u00eancia representa um divisor de \u00e1guas em suas trajet\u00f3rias profissionais. \u201cO Empretec me fez olhar meu neg\u00f3cio com outros olhos. Aprendi a planejar melhor, a tomar decis\u00f5es mais assertivas e a entender que empreender vai muito al\u00e9m de vender um produto ou servi\u00e7o \u2014 \u00e9 sobre criar solu\u00e7\u00f5es e gerar impacto\u201d, destacou Poliana Barbosa, empreendedora e consultora no ramo de marketing.<\/p>\n\n\n\n<p>&#8212; &#8212; &#8212;<\/p>\n\n\n\n<p><strong>Texto e fotos <\/strong>&#8211; Fabiane Monteiro \/ Semtepi<\/p>\n","protected":false},"excerpt":{"rendered":"","protected":false},"author":57,"featured_media":7069,"comment_status":"closed","ping_status":"closed","sticky":false,"template":"","format":"standard","meta":{"footnotes":""},"categories":[5],"tags":[7,8,1541,9],"acf":[],"yoast_head":"<!-- This site is optimized with the Yoast SEO plugin v23.0 - https:\/\/yoast.com\/wordpress\/plugins\/seo\/ -->\n<title>PMM certifica 28 alunos no encerramento do programa Empretec<\/title>\n<meta name=\"description\" content=\"A Prefeitura de Manaus encerrou, neste s\u00e1bado, 27\/9, a \u00faltima turma de 2025 do programa Empretec, certificando 28 alunos.\" \/>\n<meta name=\"robots\" content=\"noindex, follow\" \/>\n<meta property=\"og:locale\" content=\"pt_BR\" \/>\n<meta property=\"og:type\" content=\"article\" \/>\n<meta property=\"og:title\" content=\"PMM certifica 28 alunos no encerramento do programa Empretec\" \/>\n<meta property=\"og:description\" content=\"A Prefeitura de Manaus encerrou, neste s\u00e1bado, 27\/9, a \u00faltima turma de 2025 do programa Empretec, certificando 28 alunos.\" \/>\n<meta property=\"og:url\" content=\"https:\/\/www.manaus.am.gov.br\/semtepi\/oportunidade\/programa-empretec-encerramento\/\" \/>\n<meta property=\"og:site_name\" content=\"SEMTEPI\" \/>\n<meta property=\"article:published_time\" content=\"2025-09-27T21:19:40+00:00\" \/>\n<meta property=\"og:image\" content=\"https:\/\/www.manaus.am.gov.br\/semtepi\/wp-content\/uploads\/sites\/20\/2025\/09\/programa-Empretec-3.jpeg\" \/>\n\t<meta property=\"og:image:width\" content=\"1200\" \/>\n\t<meta property=\"og:image:height\" content=\"900\" \/>\n\t<meta property=\"og:image:type\" content=\"image\/jpeg\" \/>\n<meta name=\"author\" content=\"Thiago Fernando\" \/>\n<meta name=\"twitter:card\" content=\"summary_large_image\" \/>\n<meta name=\"twitter:label1\" content=\"Written by\" \/>\n\t<meta name=\"twitter:data1\" content=\"Thiago Fernando\" \/>\n\t<meta name=\"twitter:label2\" content=\"Est. reading time\" \/>\n\t<meta name=\"twitter:data2\" content=\"3 minutos\" \/>\n<script type=\"application\/ld+json\" class=\"yoast-schema-graph\">{\"@context\":\"https:\/\/schema.org\",\"@graph\":[{\"@type\":\"Article\",\"@id\":\"https:\/\/www.manaus.am.gov.br\/semtepi\/oportunidade\/programa-empretec-encerramento\/#article\",\"isPartOf\":{\"@id\":\"https:\/\/www.manaus.am.gov.br\/semtepi\/oportunidade\/programa-empretec-encerramento\/\"},\"author\":{\"name\":\"Thiago Fernando\",\"@id\":\"https:\/\/www.manaus.am.gov.br\/semtepi\/#\/schema\/person\/a5ee5376db6e21af026374b369f30882\"},\"headline\":\"Prefeitura de Manaus certifica 28 alunos no encerramento do programa Empretec em parceria com o Sebrae\",\"datePublished\":\"2025-09-27T21:19:40+00:00\",\"dateModified\":\"2025-09-27T21:19:40+00:00\",\"mainEntityOfPage\":{\"@id\":\"https:\/\/www.manaus.am.gov.br\/semtepi\/oportunidade\/programa-empretec-encerramento\/\"},\"wordCount\":385,\"publisher\":{\"@id\":\"https:\/\/www.manaus.am.gov.br\/semtepi\/#organization\"},\"image\":{\"@id\":\"https:\/\/www.manaus.am.gov.br\/semtepi\/oportunidade\/programa-empretec-encerramento\/#primaryimage\"},\"thumbnailUrl\":\"https:\/\/www.manaus.am.gov.br\/semtepi\/wp-content\/uploads\/sites\/20\/2025\/09\/programa-Empretec-3.jpeg\",\"keywords\":[\"oportunidade\",\"prefeitura de manaus\",\"programa Empretec\",\"Semtepi\"],\"articleSection\":[\"Oportunidade\"],\"inLanguage\":\"pt-BR\"},{\"@type\":\"WebPage\",\"@id\":\"https:\/\/www.manaus.am.gov.br\/semtepi\/oportunidade\/programa-empretec-encerramento\/\",\"url\":\"https:\/\/www.manaus.am.gov.br\/semtepi\/oportunidade\/programa-empretec-encerramento\/\",\"name\":\"PMM certifica 28 alunos no encerramento do programa Empretec\",\"isPartOf\":{\"@id\":\"https:\/\/www.manaus.am.gov.br\/semtepi\/#website\"},\"primaryImageOfPage\":{\"@id\":\"https:\/\/www.manaus.am.gov.br\/semtepi\/oportunidade\/programa-empretec-encerramento\/#primaryimage\"},\"image\":{\"@id\":\"https:\/\/www.manaus.am.gov.br\/semtepi\/oportunidade\/programa-empretec-encerramento\/#primaryimage\"},\"thumbnailUrl\":\"https:\/\/www.manaus.am.gov.br\/semtepi\/wp-content\/uploads\/sites\/20\/2025\/09\/programa-Empretec-3.jpeg\",\"datePublished\":\"2025-09-27T21:19:40+00:00\",\"dateModified\":\"2025-09-27T21:19:40+00:00\",\"description\":\"A Prefeitura de Manaus encerrou, neste s\u00e1bado, 27\/9, a \u00faltima turma de 2025 do programa Empretec, certificando 28 alunos.\",\"breadcrumb\":{\"@id\":\"https:\/\/www.manaus.am.gov.br\/semtepi\/oportunidade\/programa-empretec-encerramento\/#breadcrumb\"},\"inLanguage\":\"pt-BR\",\"potentialAction\":[{\"@type\":\"ReadAction\",\"target\":[\"https:\/\/www.manaus.am.gov.br\/semtepi\/oportunidade\/programa-empretec-encerramento\/\"]}]},{\"@type\":\"ImageObject\",\"inLanguage\":\"pt-BR\",\"@id\":\"https:\/\/www.manaus.am.gov.br\/semtepi\/oportunidade\/programa-empretec-encerramento\/#primaryimage\",\"url\":\"https:\/\/www.manaus.am.gov.br\/semtepi\/wp-content\/uploads\/sites\/20\/2025\/09\/programa-Empretec-3.jpeg\",\"contentUrl\":\"https:\/\/www.manaus.am.gov.br\/semtepi\/wp-content\/uploads\/sites\/20\/2025\/09\/programa-Empretec-3.jpeg\",\"width\":1200,\"height\":900,\"caption\":\"#paratodosverem - Alunos mostrando o certificado do programa Empretec\"},{\"@type\":\"BreadcrumbList\",\"@id\":\"https:\/\/www.manaus.am.gov.br\/semtepi\/oportunidade\/programa-empretec-encerramento\/#breadcrumb\",\"itemListElement\":[{\"@type\":\"ListItem\",\"position\":1,\"name\":\"Home\",\"item\":\"https:\/\/www.manaus.am.gov.br\/semtepi\/\"},{\"@type\":\"ListItem\",\"position\":2,\"name\":\"Prefeitura de Manaus certifica 28 alunos no encerramento do programa Empretec em parceria com o Sebrae\"}]},{\"@type\":\"WebSite\",\"@id\":\"https:\/\/www.manaus.am.gov.br\/semtepi\/#website\",\"url\":\"https:\/\/www.manaus.am.gov.br\/semtepi\/\",\"name\":\"SEMTEPI\",\"description\":\"Prefeitura de Manaus\",\"publisher\":{\"@id\":\"https:\/\/www.manaus.am.gov.br\/semtepi\/#organization\"},\"alternateName\":\"Secretaria Municipal do Trabalho, Empreendedorismo e Inova\u00e7\u00e3o\",\"potentialAction\":[{\"@type\":\"SearchAction\",\"target\":{\"@type\":\"EntryPoint\",\"urlTemplate\":\"https:\/\/www.manaus.am.gov.br\/semtepi\/?s={search_term_string}\"},\"query-input\":\"required name=search_term_string\"}],\"inLanguage\":\"pt-BR\"},{\"@type\":\"Organization\",\"@id\":\"https:\/\/www.manaus.am.gov.br\/semtepi\/#organization\",\"name\":\"Prefeitura Municipal de Manaus\",\"alternateName\":\"Prefeitura de Manaus\",\"url\":\"https:\/\/www.manaus.am.gov.br\/semtepi\/\",\"logo\":{\"@type\":\"ImageObject\",\"inLanguage\":\"pt-BR\",\"@id\":\"https:\/\/www.manaus.am.gov.br\/semtepi\/#\/schema\/logo\/image\/\",\"url\":\"https:\/\/www.manaus.am.gov.br\/semtepi\/wp-content\/uploads\/sites\/20\/2024\/07\/favicon.png\",\"contentUrl\":\"https:\/\/www.manaus.am.gov.br\/semtepi\/wp-content\/uploads\/sites\/20\/2024\/07\/favicon.png\",\"width\":300,\"height\":300,\"caption\":\"Prefeitura Municipal de Manaus\"},\"image\":{\"@id\":\"https:\/\/www.manaus.am.gov.br\/semtepi\/#\/schema\/logo\/image\/\"}},{\"@type\":\"Person\",\"@id\":\"https:\/\/www.manaus.am.gov.br\/semtepi\/#\/schema\/person\/a5ee5376db6e21af026374b369f30882\",\"name\":\"Thiago Fernando\",\"image\":{\"@type\":\"ImageObject\",\"inLanguage\":\"pt-BR\",\"@id\":\"https:\/\/www.manaus.am.gov.br\/semtepi\/#\/schema\/person\/image\/\",\"url\":\"https:\/\/secure.gravatar.com\/avatar\/f5aab8722444041451501c077052ac07?s=96&d=mm&r=g\",\"contentUrl\":\"https:\/\/secure.gravatar.com\/avatar\/f5aab8722444041451501c077052ac07?s=96&d=mm&r=g\",\"caption\":\"Thiago Fernando\"}}]}<\/script>\n<!-- \/ Yoast SEO plugin. -->","yoast_head_json":{"title":"PMM certifica 28 alunos no encerramento do programa Empretec","description":"A Prefeitura de Manaus encerrou, neste s\u00e1bado, 27\/9, a \u00faltima turma de 2025 do programa Empretec, certificando 28 alunos.","robots":{"index":"noindex","follow":"follow"},"og_locale":"pt_BR","og_type":"article","og_title":"PMM certifica 28 alunos no encerramento do programa Empretec","og_description":"A Prefeitura de Manaus encerrou, neste s\u00e1bado, 27\/9, a \u00faltima turma de 2025 do programa Empretec, certificando 28 alunos.","og_url":"https:\/\/www.manaus.am.gov.br\/semtepi\/oportunidade\/programa-empretec-encerramento\/","og_site_name":"SEMTEPI","article_published_time":"2025-09-27T21:19:40+00:00","og_image":[{"width":1200,"height":900,"url":"https:\/\/www.manaus.am.gov.br\/semtepi\/wp-content\/uploads\/sites\/20\/2025\/09\/programa-Empretec-3.jpeg","type":"image\/jpeg"}],"author":"Thiago Fernando","twitter_card":"summary_large_image","twitter_misc":{"Written by":"Thiago Fernando","Est. reading time":"3 minutos"},"schema":{"@context":"https:\/\/schema.org","@graph":[{"@type":"Article","@id":"https:\/\/www.manaus.am.gov.br\/semtepi\/oportunidade\/programa-empretec-encerramento\/#article","isPartOf":{"@id":"https:\/\/www.manaus.am.gov.br\/semtepi\/oportunidade\/programa-empretec-encerramento\/"},"author":{"name":"Thiago Fernando","@id":"https:\/\/www.manaus.am.gov.br\/semtepi\/#\/schema\/person\/a5ee5376db6e21af026374b369f30882"},"headline":"Prefeitura de Manaus certifica 28 alunos no encerramento do programa Empretec em parceria com o Sebrae","datePublished":"2025-09-27T21:19:40+00:00","dateModified":"2025-09-27T21:19:40+00:00","mainEntityOfPage":{"@id":"https:\/\/www.manaus.am.gov.br\/semtepi\/oportunidade\/programa-empretec-encerramento\/"},"wordCount":385,"publisher":{"@id":"https:\/\/www.manaus.am.gov.br\/semtepi\/#organization"},"image":{"@id":"https:\/\/www.manaus.am.gov.br\/semtepi\/oportunidade\/programa-empretec-encerramento\/#primaryimage"},"thumbnailUrl":"https:\/\/www.manaus.am.gov.br\/semtepi\/wp-content\/uploads\/sites\/20\/2025\/09\/programa-Empretec-3.jpeg","keywords":["oportunidade","prefeitura de manaus","programa Empretec","Semtepi"],"articleSection":["Oportunidade"],"inLanguage":"pt-BR"},{"@type":"WebPage","@id":"https:\/\/www.manaus.am.gov.br\/semtepi\/oportunidade\/programa-empretec-encerramento\/","url":"https:\/\/www.manaus.am.gov.br\/semtepi\/oportunidade\/programa-empretec-encerramento\/","name":"PMM certifica 28 alunos no encerramento do programa Empretec","isPartOf":{"@id":"https:\/\/www.manaus.am.gov.br\/semtepi\/#website"},"primaryImageOfPage":{"@id":"https:\/\/www.manaus.am.gov.br\/semtepi\/oportunidade\/programa-empretec-encerramento\/#primaryimage"},"image":{"@id":"https:\/\/www.manaus.am.gov.br\/semtepi\/oportunidade\/programa-empretec-encerramento\/#primaryimage"},"thumbnailUrl":"https:\/\/www.manaus.am.gov.br\/semtepi\/wp-content\/uploads\/sites\/20\/2025\/09\/programa-Empretec-3.jpeg","datePublished":"2025-09-27T21:19:40+00:00","dateModified":"2025-09-27T21:19:40+00:00","description":"A Prefeitura de Manaus encerrou, neste s\u00e1bado, 27\/9, a \u00faltima turma de 2025 do programa Empretec, certificando 28 alunos.","breadcrumb":{"@id":"https:\/\/www.manaus.am.gov.br\/semtepi\/oportunidade\/programa-empretec-encerramento\/#breadcrumb"},"inLanguage":"pt-BR","potentialAction":[{"@type":"ReadAction","target":["https:\/\/www.manaus.am.gov.br\/semtepi\/oportunidade\/programa-empretec-encerramento\/"]}]},{"@type":"ImageObject","inLanguage":"pt-BR","@id":"https:\/\/www.manaus.am.gov.br\/semtepi\/oportunidade\/programa-empretec-encerramento\/#primaryimage","url":"https:\/\/www.manaus.am.gov.br\/semtepi\/wp-content\/uploads\/sites\/20\/2025\/09\/programa-Empretec-3.jpeg","contentUrl":"https:\/\/www.manaus.am.gov.br\/semtepi\/wp-content\/uploads\/sites\/20\/2025\/09\/programa-Empretec-3.jpeg","width":1200,"height":900,"caption":"#paratodosverem - Alunos mostrando o certificado do programa Empretec"},{"@type":"BreadcrumbList","@id":"https:\/\/www.manaus.am.gov.br\/semtepi\/oportunidade\/programa-empretec-encerramento\/#breadcrumb","itemListElement":[{"@type":"ListItem","position":1,"name":"Home","item":"https:\/\/www.manaus.am.gov.br\/semtepi\/"},{"@type":"ListItem","position":2,"name":"Prefeitura de Manaus certifica 28 alunos no encerramento do programa Empretec em parceria com o Sebrae"}]},{"@type":"WebSite","@id":"https:\/\/www.manaus.am.gov.br\/semtepi\/#website","url":"https:\/\/www.manaus.am.gov.br\/semtepi\/","name":"SEMTEPI","description":"Prefeitura de Manaus","publisher":{"@id":"https:\/\/www.manaus.am.gov.br\/semtepi\/#organization"},"alternateName":"Secretaria Municipal do Trabalho, Empreendedorismo e Inova\u00e7\u00e3o","potentialAction":[{"@type":"SearchAction","target":{"@type":"EntryPoint","urlTemplate":"https:\/\/www.manaus.am.gov.br\/semtepi\/?s={search_term_string}"},"query-input":"required name=search_term_string"}],"inLanguage":"pt-BR"},{"@type":"Organization","@id":"https:\/\/www.manaus.am.gov.br\/semtepi\/#organization","name":"Prefeitura Municipal de Manaus","alternateName":"Prefeitura de Manaus","url":"https:\/\/www.manaus.am.gov.br\/semtepi\/","logo":{"@type":"ImageObject","inLanguage":"pt-BR","@id":"https:\/\/www.manaus.am.gov.br\/semtepi\/#\/schema\/logo\/image\/","url":"https:\/\/www.manaus.am.gov.br\/semtepi\/wp-content\/uploads\/sites\/20\/2024\/07\/favicon.png","contentUrl":"https:\/\/www.manaus.am.gov.br\/semtepi\/wp-content\/uploads\/sites\/20\/2024\/07\/favicon.png","width":300,"height":300,"caption":"Prefeitura Municipal de Manaus"},"image":{"@id":"https:\/\/www.manaus.am.gov.br\/semtepi\/#\/schema\/logo\/image\/"}},{"@type":"Person","@id":"https:\/\/www.manaus.am.gov.br\/semtepi\/#\/schema\/person\/a5ee5376db6e21af026374b369f30882","name":"Thiago Fernando","image":{"@type":"ImageObject","inLanguage":"pt-BR","@id":"https:\/\/www.manaus.am.gov.br\/semtepi\/#\/schema\/person\/image\/","url":"https:\/\/secure.gravatar.com\/avatar\/f5aab8722444041451501c077052ac07?s=96&d=mm&r=g","contentUrl":"https:\/\/secure.gravatar.com\/avatar\/f5aab8722444041451501c077052ac07?s=96&d=mm&r=g","caption":"Thiago Fernando"}}]}},"_links":{"self":[{"href":"https:\/\/www.manaus.am.gov.br\/semtepi\/wp-json\/wp\/v2\/posts\/7068"}],"collection":[{"href":"https:\/\/www.manaus.am.gov.br\/semtepi\/wp-json\/wp\/v2\/posts"}],"about":[{"href":"https:\/\/www.manaus.am.gov.br\/semtepi\/wp-json\/wp\/v2\/types\/post"}],"author":[{"embeddable":true,"href":"https:\/\/www.manaus.am.gov.br\/semtepi\/wp-json\/wp\/v2\/users\/57"}],"replies":[{"embeddable":true,"href":"https:\/\/www.manaus.am.gov.br\/semtepi\/wp-json\/wp\/v2\/comments?post=7068"}],"version-history":[{"count":0,"href":"https:\/\/www.manaus.am.gov.br\/semtepi\/wp-json\/wp\/v2\/posts\/7068\/revisions"}],"wp:featuredmedia":[{"embeddable":true,"href":"https:\/\/www.manaus.am.gov.br\/semtepi\/wp-json\/wp\/v2\/media\/7069"}],"wp:attachment":[{"href":"https:\/\/www.manaus.am.gov.br\/semtepi\/wp-json\/wp\/v2\/media?parent=7068"}],"wp:term":[{"taxonomy":"category","embeddable":true,"href":"https:\/\/www.manaus.am.gov.br\/semtepi\/wp-json\/wp\/v2\/categories?post=7068"},{"taxonomy":"post_tag","embeddable":true,"href":"https:\/\/www.manaus.am.gov.br\/semtepi\/wp-json\/wp\/v2\/tags?post=7068"}],"curies":[{"name":"wp","href":"https:\/\/api.w.org\/{rel}","templated":true}]}}