{"id":7052,"date":"2025-09-24T14:00:37","date_gmt":"2025-09-24T18:00:37","guid":{"rendered":"https:\/\/www.manaus.am.gov.br\/semtepi\/sem-categoria\/prefeitura-semtepi-vagassinemanaus\/"},"modified":"2025-09-24T14:00:38","modified_gmt":"2025-09-24T18:00:38","slug":"prefeitura-semtepi-vagassinemanaus","status":"publish","type":"post","link":"https:\/\/www.manaus.am.gov.br\/semtepi\/oportunidade\/prefeitura-semtepi-vagassinemanaus\/","title":{"rendered":"Sine Manaus oferta 370 vagas de emprego nesta quinta\u2013feira, 25\/9"},"content":{"rendered":"\n<p>A Prefeitura de Manaus, por meio do Sine Manaus, oferta 370 vagas de emprego em v\u00e1rias \u00e1reas de atua\u00e7\u00e3o, nesta quinta\u2013feira, 25\/9,&nbsp;das 8h \u00e0s 14h. O candidato pode validar a Carteira Digital e Previd\u00eancia Social (CTPS) no aplicativo \u201cCarteira de Trabalho Digital\u201d ou acessar o site&nbsp;<a href=\"http:\/\/gov.br\/trabalho\">http:\/\/gov.br\/trabalho<\/a>.<\/p>\n\n\n\n<p>Para participar da pr\u00e9\u2013sele\u00e7\u00e3o e concorrer a uma das vagas dispon\u00edveis, ou receber orienta\u00e7\u00e3o de cadastro, Carteira de Trabalho Digital e seguro\u2013desemprego, os candidatos devem comparecer a um dos postos do Sine Manaus: na avenida Constantino Nery, n\u00ba 1.272, bairro S\u00e3o Geraldo, zona Centro\u2013Sul; ou no shopping Phelippe Daou, na avenida Camapu\u00e3, n\u00ba 2.939, bairro Cidade de Deus, zona Norte.<\/p>\n\n\n\n<p>Os interessados devem estar munidos do comprovante de vacina\u00e7\u00e3o (Covid\u201319), curr\u00edculo, certificados de cursos e documentos pessoais (RG, CPF, PIS, CTPS, comprovante de escolaridade e resid\u00eancia). N\u00e3o \u00e9 necess\u00e1rio apresentar c\u00f3pias, somente os documentos originais.<\/p>\n\n\n\n<p>\u00c9 importante que os candidatos mantenham seus cadastros atualizados, especialmente ao finalizarem novas qualifica\u00e7\u00f5es. Para vagas espec\u00edficas, podem ser solicitados documentos adicionais, como cursos ou certifica\u00e7\u00f5es, por isso, \u00e9 essencial estar atento aos &#8220;Requisitos Obrigat\u00f3rios&#8221; de cada vaga.<\/p>\n\n\n\n<p>A Semtepi ressalta que, obedecendo ao disposto no artigo 5\u00ba, da Constitui\u00e7\u00e3o Federal, e ao artigo 373\u2013A, da Consolida\u00e7\u00e3o das Leis Trabalhistas (CLT), crit\u00e9rios referentes a sexo, idade, cor ou situa\u00e7\u00e3o familiar, n\u00e3o podem ser informados na divulga\u00e7\u00e3o das vagas disponibilizadas.<\/p>\n\n\n\n<p>Os candidatos devem estar cientes das diretrizes de vestimenta estabelecidas pelo \u00f3rg\u00e3o, as quais incluem a proibi\u00e7\u00e3o de vestimentas como bermudas, shorts, minissaias, camisetas regatas e chinelos durante a entrada.<\/p>\n\n\n\n<p><strong>VAGAS NOVAS \u2013 19<\/strong><\/p>\n\n\n\n<p><strong>1 vaga \u2013 Assistente Administrativo<\/strong><\/p>\n\n\n\n<p>Escolaridade \u2013 ensino m\u00e9dio completo;<\/p>\n\n\n\n<p>Experi\u00eancia \u2013 registrada na Carteira de Trabalho;<\/p>\n\n\n\n<p>Requisitos Obrigat\u00f3rios \u2013 ter documenta\u00e7\u00e3o completa;<\/p>\n\n\n\n<p>Atividades \u2013 organiza\u00e7\u00e3o e controle de documentos, gest\u00e3o de agenda e reuni\u00f5es, suporte financeiro b\u00e1sico, organiza\u00e7\u00e3o de viagens e eventos, comunica\u00e7\u00e3o interna e externa, e gest\u00e3o de materiais de escrit\u00f3rio.<\/p>\n\n\n\n<p>Dispon\u00edvel at\u00e9 25\/9\/2025 ou encerramento da vaga.<\/p>\n\n\n\n<p><strong>1 vaga \u2013 Motorista de Caminh\u00e3o<\/strong><\/p>\n\n\n\n<p>Escolaridade \u2013 ensino m\u00e9dio completo;<\/p>\n\n\n\n<p>Experi\u00eancia \u2013 registrada na Carteira de Trabalho;<\/p>\n\n\n\n<p>Requisitos Obrigat\u00f3rios \u2013 ter Carteira Nacional de Habilita\u00e7\u00e3o categoria \u201cD\u201d e ter documenta\u00e7\u00e3o completa (com dispensa militar);<\/p>\n\n\n\n<p>Atividades \u2013 realizar entregas, ajudar a organizar e carregar no caminh\u00e3o e atender as demandas de acordo com a ocupa\u00e7\u00e3o.<\/p>\n\n\n\n<p>Dispon\u00edvel at\u00e9 25\/9\/2025 ou encerramento da vaga.<\/p>\n\n\n\n<p><strong>1 vaga \u2013 Ajudante de Carga e Descarga<\/strong><\/p>\n\n\n\n<p>Escolaridade \u2013 ensino m\u00e9dio completo;<\/p>\n\n\n\n<p>Experi\u00eancia \u2013 registrada na Carteira de Trabalho;<\/p>\n\n\n\n<p>Requisitos Obrigat\u00f3rios \u2013 ter documenta\u00e7\u00e3o completa (com dispensa militar);<\/p>\n\n\n\n<p>Atividades \u2013 preparar cargas e descargas de mercadorias; movimentar e fixar mercadorias e cargas em navios, aeronaves, caminh\u00f5es e vag\u00f5es; entregar e coletar encomendas; manusear cargas especiais; reparar embalagens danificadas e controlar a qualidade dos servi\u00e7os prestados; operar equipamentos de carga e descarga.<\/p>\n\n\n\n<p>Dispon\u00edvel at\u00e9 25\/9\/2025 ou encerramento da vaga.<\/p>\n\n\n\n<p><strong>1 vaga \u2013 Assistente de Marketing<\/strong><\/p>\n\n\n\n<p>Escolaridade \u2013 ensino superior completo ou cursando Designer Gr\u00e1fico;<\/p>\n\n\n\n<p>Experi\u00eancia \u2013 registrada na Carteira de Trabalho;<\/p>\n\n\n\n<p>Requisitos Obrigat\u00f3rios \u2013 ter dom\u00ednio de estrat\u00e9gia em Marketing Digital e Trade Marketing; Design b\u00e1sico, Pacote Office; Habilidade com: Corel Draw, Photoshop, Adobe Illustrator, Edi\u00e7\u00e3o Gr\u00e1fica e ter documenta\u00e7\u00e3o completa;<\/p>\n\n\n\n<p>Atividades \u2013 gerenciamento de recursos do marketing; planejamento de comunica\u00e7\u00e3o; estudo de mercado, p\u00fablico, pesquisas; desenvolvimento de campanhas, a\u00e7\u00f5es promocionais, endomarketing; produ\u00e7\u00e3o de conte\u00fados para redes sociais.<\/p>\n\n\n\n<p>Dispon\u00edvel at\u00e9 25\/9\/2025 ou encerramento da vaga.<\/p>\n\n\n\n<p><strong>10 vagas \u2013 Auxiliar de Servi\u00e7os Gerais<\/strong><\/p>\n\n\n\n<p>Escolaridade \u2013 ensino fundamental completo;<\/p>\n\n\n\n<p>Experi\u00eancia \u2013 seis meses na Carteira de Trabalho;<\/p>\n\n\n\n<p>Requisitos Obrigat\u00f3rios \u2013 residir nos bairros: Jorge Teixeira, Cidade de Deus, Nova Cidade, Petr\u00f3polis, Monte das Oliveiras, Santa Etelvina, Col\u00f4nia Terra Nova, Lago Azul, Terra Nova, Viver Melhor, Cidade Nova ou Uni\u00e3o Vit\u00f3ria e ter documenta\u00e7\u00e3o completa;<\/p>\n\n\n\n<p>Atividades \u2013 realizar limpezas em geral.<\/p>\n\n\n\n<p>Dispon\u00edvel at\u00e9 25\/9\/2025 ou encerramento da vaga.<\/p>\n\n\n\n<p><strong>2 vagas \u2013 Balanceiro<\/strong><\/p>\n\n\n\n<p>Escolaridade \u2013 ensino m\u00e9dio completo;<\/p>\n\n\n\n<p>Experi\u00eancia \u2013 seis meses na Carteira de Trabalho;<\/p>\n\n\n\n<p>Requisitos Obrigat\u00f3rios \u2013 ter experi\u00eancia em controle e fornecedores, conhecimento em balan\u00e7as industriais e ter documenta\u00e7\u00e3o completa (com dispensa militar);<\/p>\n\n\n\n<p>Atividades \u2013 fazer pesagem de produtos que entram e saem da empresa, receber e controlar materiais, produtos, embalagens, gerenciar estoque e preencher planilhas de controle, enviar relat\u00f3rios e informar ocorr\u00eancias, organiza\u00e7\u00e3o e aten\u00e7\u00e3o aos detalhes.<\/p>\n\n\n\n<p>Dispon\u00edvel at\u00e9 25\/9\/2025 ou encerramento da vaga.<\/p>\n\n\n\n<p><strong>4 vagas \u2013 Motorista de Caminh\u00e3o<\/strong><\/p>\n\n\n\n<p>Escolaridade \u2013 ensino m\u00e9dio completo;<\/p>\n\n\n\n<p>Experi\u00eancia \u2013 seis meses na Carteira de Trabalho;<\/p>\n\n\n\n<p>Requisitos Obrigat\u00f3rios \u2013 ter Carteira Nacional de Habilita\u00e7\u00e3o categoria \u201cD\u201d ou \u201cE\u201d e ter documenta\u00e7\u00e3o completa (com dispensa militar);<\/p>\n\n\n\n<p>Atividades \u2013 transporte seguro de mercadorias em curtas e longas dist\u00e2ncias, planejamento de rotas, inspe\u00e7\u00e3o e pequena manuten\u00e7\u00e3o do ve\u00edculo, confer\u00eancia de documentos e carga, comunica\u00e7\u00e3o com a central em tempo real, aux\u00edlio na carga e descarga, e o cumprimento de todas as normas de tr\u00e2nsito e seguran\u00e7a.<\/p>\n\n\n\n<p>Dispon\u00edvel at\u00e9 25\/9\/2025 ou encerramento da vaga.<\/p>\n\n\n\n<p><strong>5 vagas \u2013 Soldador<\/strong><\/p>\n\n\n\n<p>Escolaridade \u2013 ensino fundamental completo ou cursando;<\/p>\n\n\n\n<p>Experi\u00eancia \u2013 seis meses na Carteira de Trabalho;<\/p>\n\n\n\n<p>Requisitos Obrigat\u00f3rios \u2013 ter disponibilidade de hor\u00e1rio, experi\u00eancia com solda mig, mag, eletrodo e ter documenta\u00e7\u00e3o completa (com dispensa militar);<\/p>\n\n\n\n<p>Atividades \u2013 executar servi\u00e7os de soldagem em pe\u00e7as e embarca\u00e7\u00f5es; preparar equipamentos, acess\u00f3rios consum\u00edveis de soldagem e corte de pe\u00e7as a serem soldadas; operar m\u00e1quinas de solda, pontes rolantes, p\u00f3rticos, talhas sempre que necess\u00e1rio \u00e0 execu\u00e7\u00e3o do seu trabalho; instalar backings, cer\u00e2micos ou met\u00e1licos, ou demais acess\u00f3rios necess\u00e1rios aos processos de soldagem; atuar na limpeza e organiza\u00e7\u00e3o do seu local de trabalho e cumprir as atividades definidas no SGQ (ISO 9001) da organiza\u00e7\u00e3o.<\/p>\n\n\n\n<p>Dispon\u00edvel at\u00e9 25\/9\/2025 ou encerramento da vaga.<\/p>\n\n\n\n<p><strong>5 vagas \u2013 Auxiliar de Servi\u00e7os Gerais<\/strong><\/p>\n\n\n\n<p>Escolaridade \u2013 ensino fundamental completo;<\/p>\n\n\n\n<p>Experi\u00eancia \u2013 n\u00e3o \u00e9 necess\u00e1rio ou primeiro emprego;<\/p>\n\n\n\n<p>Requisitos Obrigat\u00f3rios \u2013 ter documenta\u00e7\u00e3o completa (com dispensa militar);<\/p>\n\n\n\n<p>Atividades \u2013 realizar diversas tarefas de manuten\u00e7\u00e3o, limpeza, organiza\u00e7\u00e3o e apoio na empresa, garantindo a conserva\u00e7\u00e3o e o bom funcionamento do ambiente de trabalho e conviv\u00eancia.<\/p>\n\n\n\n<p>Dispon\u00edvel at\u00e9 25\/9\/2025 ou encerramento da vaga.<\/p>\n\n\n\n<p><strong>1 vaga \u2013 Auxiliar de Carga e Descarga<\/strong><\/p>\n\n\n\n<p>Escolaridade \u2013 ensino fundamental completo;<\/p>\n\n\n\n<p>Experi\u00eancia \u2013 avulsa;<\/p>\n\n\n\n<p>Requisitos Obrigat\u00f3rios \u2013 residir na Zona Norte ou Leste e ter documenta\u00e7\u00e3o completa (com dispensa militar);<\/p>\n\n\n\n<p>Atividades \u2013 ajudar a organizar e carregar no caminh\u00e3o e atender as demandas de acordo com a ocupa\u00e7\u00e3o.<\/p>\n\n\n\n<p>Dispon\u00edvel at\u00e9 25\/9\/2025 ou encerramento da vaga.<\/p>\n\n\n\n<p><strong>20 vagas \u2013 Auxiliar de Cozinha<\/strong><\/p>\n\n\n\n<p>Escolaridade \u2013 ensino fundamental completo;<\/p>\n\n\n\n<p>Experi\u00eancia \u2013 seis meses na Carteira de Trabalho;<\/p>\n\n\n\n<p>Requisitos Obrigat\u00f3rios \u2013 ter disponibilidade de hor\u00e1rio e ter documenta\u00e7\u00e3o completa;<\/p>\n\n\n\n<p>Atividades \u2013 auxiliar na prepara\u00e7\u00e3o de alimentos, higieniza\u00e7\u00e3o, limpeza e organiza\u00e7\u00e3o das \u00e1reas de trabalho; verificar a qualidade dos g\u00eaneros aliment\u00edcios, minimizando riscos de contamina\u00e7\u00e3o.<\/p>\n\n\n\n<p>Dispon\u00edvel at\u00e9 25\/9\/2025 ou encerramento da vaga.<\/p>\n\n\n\n<p><strong>20 vagas \u2013 Auxiliar de Servi\u00e7o Gerais<\/strong><\/p>\n\n\n\n<p>Escolaridade \u2013 ensino fundamental incompleto;<\/p>\n\n\n\n<p>Experi\u00eancia \u2013 seis meses na Carteira de Trabalho;<\/p>\n\n\n\n<p>Requisitos Obrigat\u00f3rios \u2013 ter disponibilidade de hor\u00e1rio e ter documenta\u00e7\u00e3o completa;<\/p>\n\n\n\n<p>Atividades \u2013 auxiliar na higieniza\u00e7\u00e3o, limpeza e organiza\u00e7\u00e3o das \u00e1reas de trabalho, lavagem dos utens\u00edlios de cozinha como panelas, pratos, talheres, para eliminar os riscos de contamina\u00e7\u00e3o.<\/p>\n\n\n\n<p>Dispon\u00edvel at\u00e9 25\/9\/2025 ou encerramento da vaga.<\/p>\n\n\n\n<p><strong>1 vaga \u2013 Auxiliar de Servi\u00e7o Gerais<\/strong><\/p>\n\n\n\n<p>Escolaridade \u2013 ensino m\u00e9dio completo;<\/p>\n\n\n\n<p>Experi\u00eancia \u2013 seis meses na Carteira de Trabalho;<\/p>\n\n\n\n<p>Requisitos Obrigat\u00f3rios \u2013 ter conhecimento em estoque e separa\u00e7\u00e3o de material, residir nos bairros: Morro da Liberdade, Bet\u00e2nia, S\u00e3o L\u00e1zaro, S\u00e3o Francisco, Cachoeirinha, Educandos, Santa Luzia, Santo Agostinho, Compensa, Vila da Prata, L\u00edrio do Vale, Gl\u00f3ria e ter documenta\u00e7\u00e3o completa (com dispensa militar);<\/p>\n\n\n\n<p>Atividades \u2013 realizar tarefas variadas de limpeza, manuten\u00e7\u00e3o, conserva\u00e7\u00e3o, organiza\u00e7\u00e3o e apoio log\u00edstico em diferentes ambientes como empresas, condom\u00ednios e \u00f3rg\u00e3os p\u00fablicos.<\/p>\n\n\n\n<p>Dispon\u00edvel at\u00e9 25\/9\/2025 ou encerramento da vaga.<\/p>\n\n\n\n<p><strong>4 vagas \u2013 Assistente de Lojas<\/strong><\/p>\n\n\n\n<p>Escolaridade \u2013 ensino m\u00e9dio completo;<\/p>\n\n\n\n<p>Experi\u00eancia \u2013 n\u00e3o \u00e9 necess\u00e1rio;<\/p>\n\n\n\n<p>Requisitos Obrigat\u00f3rios \u2013 ter documenta\u00e7\u00e3o completa;<\/p>\n\n\n\n<p>Atividades \u2013 auxiliar os clientes, organizar e repor produtos nas prateleiras e no estoque, manter a loja limpa e arrumada, receber mercadorias, verificar produtos e, por vezes, auxiliar no caixa e na gest\u00e3o do invent\u00e1rio.<\/p>\n\n\n\n<p>Dispon\u00edvel at\u00e9 25\/9\/2025 ou encerramento da vaga.<\/p>\n\n\n\n<p><strong>5 vagas \u2013 Ajudante de Carga e Descarga<\/strong><\/p>\n\n\n\n<p>Escolaridade \u2013 ensino fundamental completo;<\/p>\n\n\n\n<p>Experi\u00eancia \u2013 tr\u00eas meses na Carteira de Trabalho ou avulsa;<\/p>\n\n\n\n<p>Requisitos Obrigat\u00f3rios \u2013 ter documenta\u00e7\u00e3o completa (com dispensa militar);<\/p>\n\n\n\n<p>Atividades \u2013 separar mercadorias, carregar, descarregar e entregar mercadorias em diversos pontos de Manaus, garantindo a confer\u00eancia dos pedidos e a sua integridade at\u00e9 o destino.<\/p>\n\n\n\n<p>Dispon\u00edvel at\u00e9 25\/9\/2025 ou encerramento da vaga.<\/p>\n\n\n\n<p><strong>10 vagas \u2013 Servente<\/strong><\/p>\n\n\n\n<p>Escolaridade \u2013 ensino fundamental completo;<\/p>\n\n\n\n<p>Experi\u00eancia \u2013 seis meses na Carteira de Trabalho;<\/p>\n\n\n\n<p>Requisitos Obrigat\u00f3rios \u2013 disponibilidade para trabalhar na Minera\u00e7\u00e3o Taboca (Vila Pitinga) \u2013 Presidente Figueiredo, disponibilidade para trabalhar em escala 12&#215;8 e ter documenta\u00e7\u00e3o completa (com dispensa militar);<\/p>\n\n\n\n<p>Atividades \u2013 auxiliar pedreiros, carpinteiros e outros profissionais da obra; preparar materiais, ferramentas e equipamentos para o trabalho; apoiar em outras atividades operacionais conforme necess\u00e1rio.<\/p>\n\n\n\n<p>Dispon\u00edvel at\u00e9 25\/9\/2025 ou encerramento da vaga.<\/p>\n\n\n\n<p><strong>10 vagas \u2013 Mec\u00e2nica e Manuten\u00e7\u00e3o \u2013 Jovem Aprendiz<\/strong><\/p>\n\n\n\n<p>Escolaridade \u2013 ensino m\u00e9dio completo;<\/p>\n\n\n\n<p>Experi\u00eancia \u2013 n\u00e3o \u00e9 necess\u00e1rio;<\/p>\n\n\n\n<p>Requisitos Obrigat\u00f3rios \u2013 ter documenta\u00e7\u00e3o completa;<\/p>\n\n\n\n<p>Atividades \u2013 auxiliar na realiza\u00e7\u00e3o de manuten\u00e7\u00e3o preventiva e corretiva, auxiliar na realiza\u00e7\u00e3o de troca de itens do sistema de frenagem, auxiliar na execu\u00e7\u00e3o de troca de barra de dire\u00e7\u00e3o, caixa de dire\u00e7\u00e3o, bomba hidr\u00e1ulica, auxiliar na troca de molas, grampos, barra estabilizadora, chapa estabilizadora, amortecedor de borracha, auxiliar no sistema de el\u00e9trica, lanternagem e conserva\u00e7\u00e3o de ve\u00edculos, auxiliar nos servi\u00e7os de manuten\u00e7\u00e3o.<\/p>\n\n\n\n<p>Dispon\u00edvel at\u00e9 25\/9\/2025 ou encerramento da vaga.<\/p>\n\n\n\n<p><strong>1 vaga \u2013 Inspetor Controle da Qualidade<\/strong><\/p>\n\n\n\n<p>Escolaridade \u2013 ensino m\u00e9dio completo ou cursando ensino superior em Administra\u00e7\u00e3o, Engenharia, Qualidade ou afins;<\/p>\n\n\n\n<p>Experi\u00eancia \u2013 seis meses na Carteira de Trabalho;<\/p>\n\n\n\n<p>Requisitos Obrigat\u00f3rios \u2013 ter experi\u00eancia nos seguimentos de metal, usinagem, mec\u00e2nica ou outros estaleiros, disponibilidade de hor\u00e1rio e ter documenta\u00e7\u00e3o completa (com dispensa militar);<\/p>\n\n\n\n<p>Atividades \u2013 realizar a Inspe\u00e7\u00e3o de mat\u00e9ria prima; verificar conformidades aos crit\u00e9rios de qualidade definidos nos processos operacionais; controlar os registros e relat\u00f3rios inerentes ao CQ; acompanhar, implementar e emitir relat\u00f3rios sobre n\u00e3o conformidade e estabelecer plano de a\u00e7\u00e3o para corrigir anomalias; executar atividades administrativas e outras correlatas.<\/p>\n\n\n\n<p>Dispon\u00edvel at\u00e9 25\/9\/2025 ou encerramento da vaga.<\/p>\n\n\n\n<p><strong>7 vagas \u2013 T\u00e9cnico de Telefonia<\/strong><\/p>\n\n\n\n<p>Escolaridade \u2013 ensino m\u00e9dio completo;<\/p>\n\n\n\n<p>Experi\u00eancia \u2013 n\u00e3o \u00e9 necess\u00e1rio;<\/p>\n\n\n\n<p>Requisitos Obrigat\u00f3rios \u2013 ter Carteira Nacional de Habilita\u00e7\u00e3o categoria \u201cB\u201d e ter documenta\u00e7\u00e3o completa (com dispensa militar);<\/p>\n\n\n\n<p>Atividades \u2013 verificar equipamentos de telecomunica\u00e7\u00f5es; fazer teste de rotina; identificar e corrigir falhas no sistema de telecomunica\u00e7\u00f5es; instala\u00e7\u00e3o de internet fibra \u00f3ptica; configura\u00e7\u00e3o de roteadores e antenas da empresa de telefonia.<\/p>\n\n\n\n<p>Dispon\u00edvel at\u00e9 25\/9\/2025 ou encerramento da vaga.<\/p>\n\n\n\n<p><strong>VAGAS NO COM\u00c9RCIO \u2013 38<\/strong><\/p>\n\n\n\n<p><strong>1 vaga \u2013 Motorista de Caminh\u00e3o 3\/4<\/strong><\/p>\n\n\n\n<p>Escolaridade \u2013 ensino m\u00e9dio completo;<\/p>\n\n\n\n<p>Experi\u00eancia \u2013 seis meses na Carteira de Trabalho;<\/p>\n\n\n\n<p>Requisitos Obrigat\u00f3rios \u2013 ter Carteira Nacional de Habilita\u00e7\u00e3o categoria \u201cD\u201d e ter documenta\u00e7\u00e3o completa;<\/p>\n\n\n\n<p>Atividades \u2013 realizar transporte de produtos, inclusive no porto de Manaus; confer\u00eancia na carga e descarga; conhecimento em notas fiscais e entrega no cliente final.<\/p>\n\n\n\n<p>Dispon\u00edvel at\u00e9 25\/9\/2025 ou encerramento da vaga.<\/p>\n\n\n\n<p><strong>5 vagas \u2013 Analista de Marketing<\/strong><\/p>\n\n\n\n<p>Escolaridade \u2013 ensino superior completo em Marketing;<\/p>\n\n\n\n<p>Experi\u00eancia \u2013 registrada na Carteira de Trabalho;<\/p>\n\n\n\n<p>Requisitos Obrigat\u00f3rios \u2013 ter documenta\u00e7\u00e3o completa;<\/p>\n\n\n\n<p>Atividades \u2013 elaborar planos estrat\u00e9gicos, implementar atividades das \u00e1reas de neg\u00f3cios, de relacionamentos e\/ou de experi\u00eancia e de sucesso do cliente e coordenar sua execu\u00e7\u00e3o; administrar o n\u00edvel de satisfa\u00e7\u00e3o do cliente e gerenciar a jornada do cliente nas empresas; assessorar diretoria e \u00e1reas da organiza\u00e7\u00e3o e implantam a\u00e7\u00f5es de rela\u00e7\u00f5es p\u00fablicas e ouvidoria; participando da formula\u00e7\u00e3o de pol\u00edticas p\u00fablicas e administram opera\u00e7\u00f5es de e\u2013commerce.<\/p>\n\n\n\n<p>Dispon\u00edvel at\u00e9 25\/9\/2025 ou encerramento da vaga.<\/p>\n\n\n\n<p><strong>30 vagas \u2013 Auxiliar de Dep\u00f3sito<\/strong><\/p>\n\n\n\n<p>Escolaridade \u2013 ensino m\u00e9dio completo;<\/p>\n\n\n\n<p>Experi\u00eancia \u2013 tr\u00eas meses na Carteira de Trabalho ou primeiro emprego;<\/p>\n\n\n\n<p>Requisitos Obrigat\u00f3rios \u2013 ter disponibilidade de hor\u00e1rio, disponibilidade para trabalhar no Tarum\u00e3 e ter documenta\u00e7\u00e3o completa (com dispensa militar);<\/p>\n\n\n\n<p>Atividades \u2013 arrumar as mercadorias dentro do dep\u00f3sito de forma segura, a fim de facilitar a sua identifica\u00e7\u00e3o e manuseio; armazenar os materiais recebidos nos locais determinados, para facilitar a localiza\u00e7\u00e3o do produto; realizar a valida\u00e7\u00e3o de endere\u00e7o para confirmar se o produto foi armazenado no local correto; separa\u00e7\u00e3o de O.S por rua, a fim de atender as OSs; atuar com auxiliar nos processos de invent\u00e1rios, para contribuir com a contagem de mercadorias.<\/p>\n\n\n\n<p>Dispon\u00edvel at\u00e9 25\/9\/2025 ou encerramento da vaga.<\/p>\n\n\n\n<p><strong>2 vagas \u2013 Vendedor Interno<\/strong><\/p>\n\n\n\n<p>Escolaridade \u2013 ensino m\u00e9dio completo;<\/p>\n\n\n\n<p>Experi\u00eancia \u2013 tr\u00eas meses na Carteira de Trabalho;<\/p>\n\n\n\n<p>Requisitos Obrigat\u00f3rios \u2013 ter documenta\u00e7\u00e3o completa;<\/p>\n\n\n\n<p>Atividades \u2013 atender e orientar clientes, apresentar produtos e servi\u00e7os, negociar pre\u00e7os e condi\u00e7\u00f5es de venda e auxiliar na organiza\u00e7\u00e3o da loja.<\/p>\n\n\n\n<p>Dispon\u00edvel at\u00e9 25\/9\/2025 ou encerramento da vaga.<\/p>\n\n\n\n<p><strong>VAGAS NA IND\u00daSTRIA \u2013 176<\/strong><\/p>\n\n\n\n<p><strong>50 vagas \u2013 Auxiliar de Linha de Produ\u00e7\u00e3o<\/strong><\/p>\n\n\n\n<p>Escolaridade \u2013 ensino fundamental incompleto;<\/p>\n\n\n\n<p>Experi\u00eancia \u2013 n\u00e3o \u00e9 necess\u00e1rio;<\/p>\n\n\n\n<p>Requisitos Obrigat\u00f3rios \u2013 a vaga \u00e9 destinada para candidatos que est\u00e3o em busca de novos desafios; o candidato vai precisar morar em: V\u00e1rzea Grande \u2013 MT e ter documenta\u00e7\u00e3o completa (com dispensa militar);<\/p>\n\n\n\n<p>Atividades \u2013 executar atividades operacionais em setores de apoio ou produ\u00e7\u00e3o de frios, visando garantir a manuten\u00e7\u00e3o, organiza\u00e7\u00e3o, limpeza ou opera\u00e7\u00e3o de atividades na unidade.<\/p>\n\n\n\n<p>Dispon\u00edvel at\u00e9 25\/9\/2025 ou encerramento da vaga.<\/p>\n\n\n\n<p><strong>25 vagas \u2013 Alimentador de Linha de Produ\u00e7\u00e3o<\/strong><\/p>\n\n\n\n<p>Escolaridade \u2013 ensino fundamental incompleto;<\/p>\n\n\n\n<p>Experi\u00eancia \u2013 n\u00e3o \u00e9 necess\u00e1rio;<\/p>\n\n\n\n<p>Requisitos Obrigat\u00f3rios \u2013 a vaga \u00e9 destinada para candidatos que est\u00e3o em busca de novos desafios; o candidato vai precisar morar em: Promiss\u00e3o \u2013 SP e ter documenta\u00e7\u00e3o completa (com dispensa militar);<\/p>\n\n\n\n<p>Atividades \u2013 auxiliar a ind\u00fastria de abate bovino.<\/p>\n\n\n\n<p>Dispon\u00edvel at\u00e9 25\/9\/2025 ou encerramento da vaga.<\/p>\n\n\n\n<p><strong>30 vagas \u2013 Auxiliar de Linha de Produ\u00e7\u00e3o<\/strong><\/p>\n\n\n\n<p>Escolaridade \u2013 ensino fundamental completo;<\/p>\n\n\n\n<p>Experi\u00eancia \u2013 n\u00e3o \u00e9 necess\u00e1rio;<\/p>\n\n\n\n<p>Requisitos Obrigat\u00f3rios \u2013 a vaga \u00e9 destinada para candidatos que est\u00e3o em busca de novos desafios; o candidato vai precisar morar em: Estrela d&#8217;Oeste \u2013 SP, ter disponibilidade de hor\u00e1rio e ter documenta\u00e7\u00e3o completa;<\/p>\n\n\n\n<p>Atividades \u2013 executar atividades operacionais em setores de apoio ou produ\u00e7\u00e3o de frios, visando garantir a manuten\u00e7\u00e3o, organiza\u00e7\u00e3o, limpeza ou opera\u00e7\u00e3o de atividades na unidade.<\/p>\n\n\n\n<p>Dispon\u00edvel at\u00e9 25\/9\/2025 ou encerramento da vaga.<\/p>\n\n\n\n<p><strong>50 vagas \u2013 Operador de Produ\u00e7\u00e3o II<\/strong><\/p>\n\n\n\n<p>Escolaridade \u2013 ensino fundamental incompleto;<\/p>\n\n\n\n<p>Experi\u00eancia \u2013 n\u00e3o \u00e9 necess\u00e1rio;<\/p>\n\n\n\n<p>Requisitos Obrigat\u00f3rios \u2013 a vaga \u00e9 destinada para candidatos que est\u00e3o em busca de novos desafios; o candidato vai precisar morar em: Lajeado \u2013 Rio Grande do Sul e ter documenta\u00e7\u00e3o completa;<\/p>\n\n\n\n<p>Atividades \u2013 trabalhar com processamento de carne de frango, em setores diversos, com utiliza\u00e7\u00e3o de facas, ambiente climatizado; atividades como corte, coleta, pesagem e embalagem de alimentos; desossar, embalar, pesar, processar alimentos, derivados de carne de frango e su\u00ednos.<\/p>\n\n\n\n<p>Dispon\u00edvel at\u00e9 25\/9\/2025 ou encerramento da vaga.<\/p>\n\n\n\n<p><strong>1 vaga \u2013 Operador de Empilhadeira<\/strong><\/p>\n\n\n\n<p>Escolaridade \u2013 ensino m\u00e9dio completo;<\/p>\n\n\n\n<p>Experi\u00eancia \u2013 tr\u00eas meses na Carteira de Trabalho;<\/p>\n\n\n\n<p>Requisitos Obrigat\u00f3rios \u2013 ter disponibilidade de hor\u00e1rio, curso de Operador de Empilhadeira e ter documenta\u00e7\u00e3o completa (com dispensa militar);<\/p>\n\n\n\n<p>Atividades \u2013 operar empilhadeira para carregar, descarregar, empilhar e armazenar mercadorias e produtos de forma segura e eficiente no galp\u00e3o e caminh\u00f5es.<\/p>\n\n\n\n<p>Dispon\u00edvel at\u00e9 25\/9\/2025 ou encerramento da vaga.<\/p>\n\n\n\n<p><strong>20 vagas \u2013 Auxiliar de Produ\u00e7\u00e3o<\/strong><\/p>\n\n\n\n<p>Escolaridade \u2013 ensino m\u00e9dio completo;<\/p>\n\n\n\n<p>Experi\u00eancia \u2013 primeiro emprego;<\/p>\n\n\n\n<p>Requisitos Obrigat\u00f3rios \u2013 ter curso de Inform\u00e1tica b\u00e1sica, disponibilidade de hor\u00e1rio, n\u00e3o residir nos bairros: Mauazinho, Col\u00f4nia Ant\u00f4nio Aleixo, Puraquequara, Vila da felicidade (Porto da Ceasa), Nova Vit\u00f3ria, Gilberto Mestrinho, Tarum\u00e3 (Ramal do Anaconda), Adrian\u00f3polis, Vila municipal, Eldorado, Bairro da Uni\u00e3o, Villa Amazonas, Nossa Senhora das Gra\u00e7as, Br\u2013174 e ter documenta\u00e7\u00e3o completa (com dispensa militar);<\/p>\n\n\n\n<p>Atividades \u2013 operar e garantir o funcionamento de m\u00e1quinas da produ\u00e7\u00e3o; desenvolver e realizar a\u00e7\u00f5es de qualidade de acordo com os procedimentos e normas de seguran\u00e7a da empresa.<\/p>\n\n\n\n<p>Dispon\u00edvel at\u00e9 25\/9\/2025 ou encerramento da vaga.<\/p>\n\n\n\n<p><strong>VAGAS EM SERVI\u00c7O \u2013 25<\/strong><\/p>\n\n\n\n<p><strong>1 vaga \u2013 Fonoaudi\u00f3logo<\/strong><\/p>\n\n\n\n<p>Escolaridade \u2013 ensino superior completo em Fonoaudiologia;<\/p>\n\n\n\n<p>Experi\u00eancia \u2013 seis meses na Carteira de Trabalho;<\/p>\n\n\n\n<p>Requisitos Obrigat\u00f3rios \u2013 ter conhecimento em software winaudio e audi\u00f4metro AVS 500 e ter documenta\u00e7\u00e3o completa;<\/p>\n\n\n\n<p>Atividades \u2013 realizar exame de audiometria tonal.<\/p>\n\n\n\n<p>Dispon\u00edvel at\u00e9 25\/9\/2025 ou encerramento da vaga.<\/p>\n\n\n\n<p><strong>2 vagas \u2013 Mec\u00e2nico de Refrigera\u00e7\u00e3o<\/strong><\/p>\n\n\n\n<p>Escolaridade \u2013 ensino m\u00e9dio completo;<\/p>\n\n\n\n<p>Experi\u00eancia \u2013 registrada na Carteira de Trabalho;<\/p>\n\n\n\n<p>Requisitos Obrigat\u00f3rios \u2013 ter curso de Mec\u00e2nico de Refrigera\u00e7\u00e3o, conhecimento em manuten\u00e7\u00e3o de Self, Splits piso de teto e ter documenta\u00e7\u00e3o completa (com dispensa militar);<\/p>\n\n\n\n<p>Atividades \u2013 realizar instala\u00e7\u00e3o e manuten\u00e7\u00e3o em equipamentos de refrigera\u00e7\u00e3o e climatiza\u00e7\u00e3o comercial, respeitando legisla\u00e7\u00f5es, normas t\u00e9cnicas, ambientais, de qualidade, de sa\u00fade e de seguran\u00e7a.<\/p>\n\n\n\n<p>Dispon\u00edvel at\u00e9 25\/9\/2025 ou encerramento da vaga.<\/p>\n\n\n\n<p><strong>1 vaga \u2013 Analista de Departamento Pessoal<\/strong><\/p>\n\n\n\n<p>Escolaridade \u2013 ensino superior completo em Gest\u00e3o de Recursos Humanos ou Ci\u00eancias Cont\u00e1beis;<\/p>\n\n\n\n<p>Experi\u00eancia \u2013 registrada na Carteira de Trabalho;<\/p>\n\n\n\n<p>Requisitos Obrigat\u00f3rios \u2013 ter documenta\u00e7\u00e3o completa;<\/p>\n\n\n\n<p>Atividades \u2013 realizar administra\u00e7\u00e3o de folha de pagamento, confer\u00eancia e processamento da folha, c\u00e1lculo de encargos trabalhistas, controle de ponto eletr\u00f4nico, gest\u00e3o de admiss\u00f5es e desligamentos, preparar e registrar contratos de trabalho, processar rescis\u00f5es contratuais, c\u00e1lculos de verbas rescis\u00f3rias e homologa\u00e7\u00f5es, entre outras atividades correlatas \u00e0 fun\u00e7\u00e3o.<\/p>\n\n\n\n<p>Dispon\u00edvel at\u00e9 25\/9\/2025 ou encerramento da vaga.<\/p>\n\n\n\n<p><strong>1 vaga \u2013 Costureira<\/strong><\/p>\n\n\n\n<p>Escolaridade \u2013 ensino m\u00e9dio completo;<\/p>\n\n\n\n<p>Experi\u00eancia \u2013 seis meses na Carteira de Trabalho;<\/p>\n\n\n\n<p>Requisitos Obrigat\u00f3rios \u2013 ter documenta\u00e7\u00e3o completa;<\/p>\n\n\n\n<p>Atividades \u2013 modelagem, corte e costura, utilizando m\u00e1quinas e t\u00e9cnicas manuais para criar roupas personalizadas ou realizar ajustes em pe\u00e7as prontas.<\/p>\n\n\n\n<p>Dispon\u00edvel at\u00e9 25\/9\/2025 ou encerramento da vaga.<\/p>\n\n\n\n<p><strong>1 vaga \u2013 Marceneiro<\/strong><\/p>\n\n\n\n<p>Escolaridade \u2013 ensino m\u00e9dio completo;<\/p>\n\n\n\n<p>Experi\u00eancia \u2013 registrada na Carteira de Trabalho;<\/p>\n\n\n\n<p>Requisitos Obrigat\u00f3rios \u2013 ter documenta\u00e7\u00e3o completa (com dispensa militar);<\/p>\n\n\n\n<p>Atividades \u2013 confec\u00e7\u00e3o e reparo de m\u00f3veis e outros objetos de madeira, utilizando ferramentas e m\u00e1quinas para cortar, lixar, montar e dar acabamento a pe\u00e7as, que podem ser personalizadas ou produzidas em s\u00e9rie, e que v\u00e3o desde pe\u00e7as decorativas at\u00e9 estruturas para a constru\u00e7\u00e3o civil, como forros e molduras.<\/p>\n\n\n\n<p>Dispon\u00edvel at\u00e9 25\/9\/2025 ou encerramento da vaga.<\/p>\n\n\n\n<p><strong>1 vaga \u2013 Motorista<\/strong><\/p>\n\n\n\n<p>Escolaridade \u2013 ensino m\u00e9dio completo;<\/p>\n\n\n\n<p>Experi\u00eancia \u2013 registrada na Carteira de Trabalho;<\/p>\n\n\n\n<p>Requisitos Obrigat\u00f3rios \u2013 ter Carteira Nacional de Habilita\u00e7\u00e3o categoria \u201cB\u201d e ter documenta\u00e7\u00e3o completa (com dispensa militar);<\/p>\n\n\n\n<p>Atividades \u2013 dirigir ve\u00edculos de passeio, utilit\u00e1rios e vans, transportar cargas e pessoas, realizar rotas e confer\u00eancias, manter o ve\u00edculo organizado e realizar manuten\u00e7\u00f5es b\u00e1sicas.<\/p>\n\n\n\n<p>Dispon\u00edvel at\u00e9 25\/9\/2025 ou encerramento da vaga.<\/p>\n\n\n\n<p><strong>2 vagas \u2013 Mec\u00e2nico de Ve\u00edculos Automotores<\/strong><\/p>\n\n\n\n<p>Escolaridade \u2013 ensino fundamental completo;<\/p>\n\n\n\n<p>Experi\u00eancia \u2013 tr\u00eas meses na Carteira de Trabalho;<\/p>\n\n\n\n<p>Requisitos Obrigat\u00f3rios \u2013 ter curso de Mec\u00e2nica de Ve\u00edculos, experi\u00eancia com ve\u00edculos de grande porte (\u00f4nibus, caminh\u00e3o) e ter documenta\u00e7\u00e3o completa (com dispensa militar);<\/p>\n\n\n\n<p>Atividades \u2013 realizar manuten\u00e7\u00e3o preventiva e corretiva, realizar troca de itens do sistema de frenagem, executar a troca de barra de dire\u00e7\u00e3o, caixa de dire\u00e7\u00e3o, bomba hidr\u00e1ulica, executar a troca de molas, grampos, barra estabilizadora, chapa estabilizadora, amortecedor de borracha, executar a recupera\u00e7\u00e3o e troca de v\u00e1lvulas do sistema de freio, embreagem e acionamento das portas.<\/p>\n\n\n\n<p>Dispon\u00edvel at\u00e9 25\/9\/2025 ou encerramento da vaga.<\/p>\n\n\n\n<p><strong>1 vaga \u2013 Eletricista<\/strong><\/p>\n\n\n\n<p>Escolaridade \u2013 ensino fundamental completo;<\/p>\n\n\n\n<p>Experi\u00eancia \u2013 tr\u00eas meses na Carteira de Trabalho;<\/p>\n\n\n\n<p>Requisitos Obrigat\u00f3rios \u2013 ter conhecimento de el\u00e9trica de autom\u00f3veis (\u00f4nibus, caminh\u00e3o) e ter documenta\u00e7\u00e3o completa (com dispensa militar);<\/p>\n\n\n\n<p>Atividades \u2013 realizar manuten\u00e7\u00e3o preventiva e corretiva dos componentes el\u00e9tricos e eletr\u00f4nicos dos ve\u00edculos, realizar a repara\u00e7\u00e3o e substitui\u00e7\u00e3o de partida, alternadores e itiner\u00e1rios, realizar a troca dos componentes el\u00e9tricos com defeito, executar outras tarefas de mesma natureza e n\u00edvel de complexidade associadas ao ambiente organizacional.<\/p>\n\n\n\n<p>Dispon\u00edvel at\u00e9 25\/9\/2025 ou encerramento da vaga.<\/p>\n\n\n\n<p><strong>2 vagas \u2013 Servente de Obras<\/strong><\/p>\n\n\n\n<p>Escolaridade \u2013 ensino m\u00e9dio completo;<\/p>\n\n\n\n<p>Experi\u00eancia \u2013 seis meses na Carteira de Trabalho;<\/p>\n\n\n\n<p>Requisitos Obrigat\u00f3rios \u2013 saber operar serra m\u00e1rmore, martelete 2kg e ter documenta\u00e7\u00e3o completa (com dispensa militar);<\/p>\n\n\n\n<p>Atividades \u2013 demolir edifica\u00e7\u00f5es de concreto, de alvenaria e outras estruturas; preparar canteiros de obras, limpar a \u00e1rea e compactando solos; efetuar manuten\u00e7\u00e3o de primeiro n\u00edvel, limpar m\u00e1quinas e ferramentas, verificar condi\u00e7\u00f5es dos equipamentos e reparar eventuais defeitos mec\u00e2nicos nos mesmos; realizar escava\u00e7\u00f5es e preparar massa de concreto e outros materiais.<\/p>\n\n\n\n<p>Dispon\u00edvel at\u00e9 25\/9\/2025 ou encerramento da vaga.<\/p>\n\n\n\n<p><strong>2 vagas \u2013 Jardineiro<\/strong><\/p>\n\n\n\n<p>Escolaridade \u2013 ensino fundamental completo;<\/p>\n\n\n\n<p>Experi\u00eancia \u2013 seis meses na Carteira de Trabalho;<\/p>\n\n\n\n<p>Requisitos Obrigat\u00f3rios \u2013 ter documenta\u00e7\u00e3o completa (com dispensa militar);<\/p>\n\n\n\n<p>Atividades \u2013 respons\u00e1vel pela cria\u00e7\u00e3o, manuten\u00e7\u00e3o e conserva\u00e7\u00e3o de jardins, parques e \u00e1reas verdes.<\/p>\n\n\n\n<p>Dispon\u00edvel at\u00e9 25\/9\/2025 ou encerramento da vaga.<\/p>\n\n\n\n<p><strong>1 vaga \u2013 Mec\u00e2nico Diesel<\/strong><\/p>\n\n\n\n<p>Escolaridade \u2013 ensino m\u00e9dio completo ou ensino t\u00e9cnico;<\/p>\n\n\n\n<p>Experi\u00eancia \u2013 registrada na Carteira de Trabalho;<\/p>\n\n\n\n<p>Requisitos Obrigat\u00f3rios \u2013 ter documenta\u00e7\u00e3o completa (com dispensa militar);<\/p>\n\n\n\n<p>Atividades \u2013 executar servi\u00e7os de manuten\u00e7\u00e3o corretiva e preventiva dos semirreboques e equipamentos; montagem e desmontagem de ve\u00edculos e conhecimento em sistemas de freios, pneum\u00e1ticos, suspens\u00e3o, sistema de transmiss\u00e3o e motores diesel.<\/p>\n\n\n\n<p>Dispon\u00edvel at\u00e9 25\/9\/2025 ou encerramento da vaga.<\/p>\n\n\n\n<p><strong>1 vaga \u2013 Analista de Recursos Humanos<\/strong><\/p>\n\n\n\n<p>Escolaridade \u2013 ensino superior completo em Administra\u00e7\u00e3o ou Recursos Humanos;<\/p>\n\n\n\n<p>Experi\u00eancia \u2013 registrada na Carteira de Trabalho;<\/p>\n\n\n\n<p>Requisitos Obrigat\u00f3rios \u2013 ter documenta\u00e7\u00e3o completa;<\/p>\n\n\n\n<p>Atividades \u2013 recrutamento e sele\u00e7\u00e3o de novos talentos, desenvolvimento e treinamento de funcion\u00e1rios, administra\u00e7\u00e3o de benef\u00edcios e remunera\u00e7\u00e3o, gest\u00e3o do clima organizacional, e garantia do cumprimento da legisla\u00e7\u00e3o trabalhista.<\/p>\n\n\n\n<p>Dispon\u00edvel at\u00e9 25\/9\/2025 ou encerramento da vaga.<\/p>\n\n\n\n<p><strong>1 vaga \u2013 Analista Cont\u00e1bil<\/strong><\/p>\n\n\n\n<p>Escolaridade \u2013 ensino superior completo em Ci\u00eancias Cont\u00e1beis;<\/p>\n\n\n\n<p>Experi\u00eancia \u2013 seis meses na Carteira de Trabalho;<\/p>\n\n\n\n<p>Requisitos Obrigat\u00f3rios \u2013 ter documenta\u00e7\u00e3o completa;<\/p>\n\n\n\n<p>Atividades \u2013 realizar an\u00e1lise, classifica\u00e7\u00e3o e concilia\u00e7\u00e3o cont\u00e1bil e fiscal, executar an\u00e1lise e concilia\u00e7\u00e3o de contas, apura\u00e7\u00e3o de impostos, elabora\u00e7\u00e3o e entrega de obriga\u00e7\u00f5es acess\u00f3rias, an\u00e1lise de documenta\u00e7\u00e3o fiscal, planejamento tribut\u00e1rio.<\/p>\n\n\n\n<p>Dispon\u00edvel at\u00e9 25\/9\/2025 ou encerramento da vaga.<\/p>\n\n\n\n<p><strong>1 vaga \u2013 Oficial de Manuten\u00e7\u00e3o<\/strong><\/p>\n\n\n\n<p>Escolaridade \u2013 ensino m\u00e9dio completo;<\/p>\n\n\n\n<p>Experi\u00eancia \u2013 seis meses na Carteira de Trabalho;<\/p>\n\n\n\n<p>Requisitos Obrigat\u00f3rios \u2013 ter documenta\u00e7\u00e3o completa (com dispensa militar);<\/p>\n\n\n\n<p>Atividades \u2013 realizar manuten\u00e7\u00e3o predial em telhado; hidr\u00e1ulica; alvenaria; assentamento de cer\u00e2micas; pintura.<\/p>\n\n\n\n<p>Dispon\u00edvel at\u00e9 25\/9\/2025 ou encerramento da vaga.<\/p>\n\n\n\n<p><strong>1 vaga \u2013 Mec\u00e2nico de Refrigera\u00e7\u00e3o<\/strong><\/p>\n\n\n\n<p>Escolaridade \u2013 ensino m\u00e9dio completo;<\/p>\n\n\n\n<p>Experi\u00eancia \u2013 registrada na Carteira de Trabalho;<\/p>\n\n\n\n<p>Requisitos Obrigat\u00f3rios \u2013 ter Carteira Nacional de Habilita\u00e7\u00e3o categoria \u201cB\u201d, curso de NR 10, NR 35, disponibilidade para viagens, T\u00e9cnico em Refrigera\u00e7\u00e3o e ter documenta\u00e7\u00e3o completa (com dispensa militar);<\/p>\n\n\n\n<p>Atividades \u2013 instalar, montar e comissionar equipamentos de refrigera\u00e7\u00e3o e climatiza\u00e7\u00e3o; realizar manuten\u00e7\u00e3o preventiva e corretiva, incluindo reparos e troca de pe\u00e7as; atuar com diversos tipos de equipamentos, como ar condicionado split, inverter, chiller, entre outras atividades pertinentes \u00e0 fun\u00e7\u00e3o.<\/p>\n\n\n\n<p>Dispon\u00edvel at\u00e9 25\/9\/2025 ou encerramento da vaga.<\/p>\n\n\n\n<p><strong>4 vagas \u2013 Auxiliar de Refrigera\u00e7\u00e3o<\/strong><\/p>\n\n\n\n<p>Escolaridade \u2013 ensino m\u00e9dio completo;<\/p>\n\n\n\n<p>Experi\u00eancia \u2013 seis meses na Carteira de Trabalho;<\/p>\n\n\n\n<p>Requisitos Obrigat\u00f3rios \u2013 ter documenta\u00e7\u00e3o completa (com dispensa militar);<\/p>\n\n\n\n<p>Atividades \u2013 apoiar a instala\u00e7\u00e3o, manuten\u00e7\u00e3o preventiva e corretiva de sistemas de ar condicionado e refrigera\u00e7\u00e3o, montando tubula\u00e7\u00f5es, realizando limpeza de equipamentos, substituindo pe\u00e7as e componentes sob supervis\u00e3o, al\u00e9m de executar testes e manter o local de trabalho organizado e seguro.<\/p>\n\n\n\n<p>Dispon\u00edvel at\u00e9 25\/9\/2025 ou encerramento da vaga.<\/p>\n\n\n\n<p><strong>1 vaga \u2013 Auxiliar de Servi\u00e7os Gerais<\/strong><\/p>\n\n\n\n<p>Escolaridade \u2013 ensino fundamental completo;<\/p>\n\n\n\n<p>Experi\u00eancia \u2013 seis meses na Carteira de Trabalho;<\/p>\n\n\n\n<p>Requisitos Obrigat\u00f3rios \u2013 ter documenta\u00e7\u00e3o completa (com dispensa militar);<\/p>\n\n\n\n<p>Atividades \u2013 realizar a limpeza e conserva\u00e7\u00e3o de todas as \u00e1reas da empresa, fazer a limpeza e higieniza\u00e7\u00e3o de todos os equipamentos e utens\u00edlios, distribuir e repor material de limpeza e higiene, manter a limpeza e organiza\u00e7\u00e3o das salas, solicitar materiais de limpeza, coletar lixos e dar o devido destino.<\/p>\n\n\n\n<p>Dispon\u00edvel at\u00e9 25\/9\/2025 ou encerramento da vaga.<\/p>\n\n\n\n<p><strong>1 vaga \u2013 Auxiliar de Servi\u00e7os Gerais<\/strong><\/p>\n\n\n\n<p>Escolaridade \u2013 ensino fundamental completo;<\/p>\n\n\n\n<p>Experi\u00eancia \u2013 tr\u00eas meses na Carteira de Trabalho;<\/p>\n\n\n\n<p>Requisitos Obrigat\u00f3rios \u2013 ter documenta\u00e7\u00e3o completa (com dispensa militar);<\/p>\n\n\n\n<p>Atividades \u2013 executar servi\u00e7os de limpeza; substituir, trocar, limpar, reparar e instalar pe\u00e7as, componentes e equipamentos; conservar vidros e fachadas, limpar recintos e acess\u00f3rios.<\/p>\n\n\n\n<p>Dispon\u00edvel at\u00e9 25\/9\/2025 ou encerramento da vaga.<\/p>\n\n\n\n<p><strong>VAGAS EXCLUSIVAS PARA PESSOAS COM DEFICI\u00caNCIA (PCD\u2019s) \u2013 22<\/strong><\/p>\n\n\n\n<p><strong>1 vaga \u2013 Auxiliar de Servi\u00e7os Gerais \u2013 Vagas exclusivas para Pessoa com Defici\u00eancia (PCD)<\/strong><\/p>\n\n\n\n<p>Escolaridade \u2013 ensino fundamental completo;<\/p>\n\n\n\n<p>Experi\u00eancia \u2013 seis meses na Carteira de Trabalho;<\/p>\n\n\n\n<p>Requisitos Obrigat\u00f3rios \u2013 ter documenta\u00e7\u00e3o completa (com dispensa militar);<\/p>\n\n\n\n<p>Atividades \u2013 atender as necessidades de limpeza, manuten\u00e7\u00e3o e conserva\u00e7\u00e3o das instala\u00e7\u00f5es da institui\u00e7\u00e3o, removendo p\u00f3 de m\u00f3veis, paredes, tetos, portas, janelas e equipamentos.<\/p>\n\n\n\n<p>Dispon\u00edvel at\u00e9 25\/9\/2025 ou encerramento da vaga.<\/p>\n\n\n\n<p><strong>5 vagas \u2013 Ajudante de Dep\u00f3sito \u2013 Vagas exclusivas para Pessoa com Defici\u00eancia (PCD)<\/strong><\/p>\n\n\n\n<p>Escolaridade \u2013 ensino m\u00e9dio completo;<\/p>\n\n\n\n<p>Experi\u00eancia \u2013 n\u00e3o \u00e9 necess\u00e1rio;<\/p>\n\n\n\n<p>Requisitos Obrigat\u00f3rios \u2013 ter documenta\u00e7\u00e3o completa (com dispensa militar);<\/p>\n\n\n\n<p>Atividades \u2013 embarque e desembarque de mercadorias, etiquetagem, organiza\u00e7\u00e3o do ambiente de trabalho.<\/p>\n\n\n\n<p>Dispon\u00edvel at\u00e9 25\/9\/2025 ou encerramento da vaga.<\/p>\n\n\n\n<p><strong>1 vaga \u2013 Auxiliar de Limpeza \u2013 Vagas exclusivas para Pessoa com Defici\u00eancia (PCD)<\/strong><\/p>\n\n\n\n<p>Escolaridade \u2013 ensino fundamental completo;<\/p>\n\n\n\n<p>Experi\u00eancia \u2013 seis meses na Carteira de Trabalho;<\/p>\n\n\n\n<p>Requisitos Obrigat\u00f3rios \u2013 ter documenta\u00e7\u00e3o completa (com dispensa militar);<\/p>\n\n\n\n<p>Atividades \u2013 realizar carga e descarga; organiza\u00e7\u00e3o do estoque; entrega de mercadorias.<\/p>\n\n\n\n<p>Dispon\u00edvel at\u00e9 25\/9\/2025 ou encerramento da vaga.<\/p>\n\n\n\n<p><strong>1 vaga \u2013 Auxiliar Administrativo \u2013 Vagas exclusivas para Pessoa com Defici\u00eancia (PCD)<\/strong><\/p>\n\n\n\n<p>Escolaridade \u2013 ensino m\u00e9dio completo;<\/p>\n\n\n\n<p>Experi\u00eancia \u2013 seis meses na Carteira de Trabalho;<\/p>\n\n\n\n<p>Requisitos Obrigat\u00f3rios \u2013 ter conhecimento em Pacote Office e ter documenta\u00e7\u00e3o completa;<\/p>\n\n\n\n<p>Atividades \u2013 realizar apoio no setor financeiro, entre outras atividades correlatas \u00e0 fun\u00e7\u00e3o.<\/p>\n\n\n\n<p>Dispon\u00edvel at\u00e9 25\/9\/2025 ou encerramento da vaga.<\/p>\n\n\n\n<p><strong>10 vagas \u2013 Operador de Linha de Montagem \u2013 Vagas exclusivas para Pessoa com Defici\u00eancia (PCD)<\/strong><\/p>\n\n\n\n<p>Escolaridade \u2013 ensino m\u00e9dio completo;<\/p>\n\n\n\n<p>Experi\u00eancia \u2013 n\u00e3o \u00e9 necess\u00e1rio;<\/p>\n\n\n\n<p>Requisitos Obrigat\u00f3rios \u2013 ter curso de TBO, Leitura de Componentes, disponibilidade de hor\u00e1rio e ter documenta\u00e7\u00e3o completa;<\/p>\n\n\n\n<p>Atividades \u2013 operar na linha de montagem dos componentes eletr\u00f4nicos.<\/p>\n\n\n\n<p>Dispon\u00edvel at\u00e9 25\/9\/2025 ou encerramento da vaga.<\/p>\n\n\n\n<p><strong>4 vagas \u2013 Auxiliar de Produ\u00e7\u00e3o \u2013 Vagas exclusivas para Pessoa com Defici\u00eancia (PCD)<\/strong><\/p>\n\n\n\n<p>Escolaridade \u2013 ensino m\u00e9dio completo;<\/p>\n\n\n\n<p>Experi\u00eancia \u2013 n\u00e3o \u00e9 necess\u00e1rio;<\/p>\n\n\n\n<p>Requisitos Obrigat\u00f3rios \u2013 ter documenta\u00e7\u00e3o completa;<\/p>\n\n\n\n<p>Atividades \u2013 realizar as atividades de inspe\u00e7\u00e3o de produtos e\/ou material de acordo com a instru\u00e7\u00e3o de inspe\u00e7\u00e3o, registrar os resultados do processo produtivo: data, horas trabalhadas, horas paradas, quantidade produzida, na folha de servi\u00e7os.<\/p>\n\n\n\n<p>Dispon\u00edvel at\u00e9 25\/9\/2025 ou encerramento da vaga.<\/p>\n\n\n\n<p>\u2014 \u2014 \u2014<\/p>\n\n\n\n<p><strong>Texto <\/strong>\u2013\u00a0Divulga\u00e7\u00e3o \/ Semtepi<\/p>\n\n\n\n<p><strong>Fotos <\/strong>\u2013\u00a0Arquivo \/ Semcom<\/p>\n\n\n\n<p><strong>Dispon\u00edveis em <\/strong>\u2013\u00a0<a href=\"https:\/\/flic.kr\/s\/aHBqjCetWK\">https:\/\/flic.kr\/s\/aHBqjCetWK<\/a><\/p>\n","protected":false},"excerpt":{"rendered":"","protected":false},"author":23,"featured_media":6459,"comment_status":"closed","ping_status":"closed","sticky":false,"template":"","format":"standard","meta":{"footnotes":""},"categories":[5],"tags":[250,8,10,12],"acf":[],"yoast_head":"<!-- This site is optimized with the Yoast SEO plugin v23.0 - https:\/\/yoast.com\/wordpress\/plugins\/seo\/ -->\n<title>Sine Manaus oferta 370 vagas de emprego nesta quinta\u2013feira, 25\/9<\/title>\n<meta name=\"description\" content=\"A Prefeitura de Manaus, por meio do Sine Manaus, oferta 370 vagas de emprego em v\u00e1rias \u00e1reas de atua\u00e7\u00e3o, nesta quinta\u2013feira, 25\/9, das 8h \u00e0s 14h.\" \/>\n<meta name=\"robots\" content=\"noindex, follow\" \/>\n<meta property=\"og:locale\" content=\"pt_BR\" \/>\n<meta property=\"og:type\" content=\"article\" \/>\n<meta property=\"og:title\" content=\"Sine Manaus oferta 370 vagas de emprego nesta quinta\u2013feira, 25\/9\" \/>\n<meta property=\"og:description\" content=\"A Prefeitura de Manaus, por meio do Sine Manaus, oferta 370 vagas de emprego em v\u00e1rias \u00e1reas de atua\u00e7\u00e3o, nesta quinta\u2013feira, 25\/9, das 8h \u00e0s 14h.\" \/>\n<meta property=\"og:url\" content=\"https:\/\/www.manaus.am.gov.br\/semtepi\/oportunidade\/prefeitura-semtepi-vagassinemanaus\/\" \/>\n<meta property=\"og:site_name\" content=\"SEMTEPI\" \/>\n<meta property=\"article:published_time\" content=\"2025-09-24T18:00:37+00:00\" \/>\n<meta property=\"article:modified_time\" content=\"2025-09-24T18:00:38+00:00\" \/>\n<meta property=\"og:image\" content=\"https:\/\/www.manaus.am.gov.br\/semtepi\/wp-content\/uploads\/sites\/20\/2025\/06\/54524090395_0d019834ba_c.jpg\" \/>\n\t<meta property=\"og:image:width\" content=\"799\" \/>\n\t<meta property=\"og:image:height\" content=\"533\" \/>\n\t<meta property=\"og:image:type\" content=\"image\/jpeg\" \/>\n<meta name=\"author\" content=\"Adriana Costa\" \/>\n<meta name=\"twitter:card\" content=\"summary_large_image\" \/>\n<meta name=\"twitter:label1\" content=\"Written by\" \/>\n\t<meta name=\"twitter:data1\" content=\"Adriana Costa\" \/>\n\t<meta name=\"twitter:label2\" content=\"Est. reading time\" \/>\n\t<meta name=\"twitter:data2\" content=\"23 minutos\" \/>\n<script type=\"application\/ld+json\" class=\"yoast-schema-graph\">{\"@context\":\"https:\/\/schema.org\",\"@graph\":[{\"@type\":\"Article\",\"@id\":\"https:\/\/www.manaus.am.gov.br\/semtepi\/oportunidade\/prefeitura-semtepi-vagassinemanaus\/#article\",\"isPartOf\":{\"@id\":\"https:\/\/www.manaus.am.gov.br\/semtepi\/oportunidade\/prefeitura-semtepi-vagassinemanaus\/\"},\"author\":{\"name\":\"Adriana Costa\",\"@id\":\"https:\/\/www.manaus.am.gov.br\/semtepi\/#\/schema\/person\/4e49f4e267757a06ca072ec61b2b9968\"},\"headline\":\"Sine Manaus oferta 370 vagas de emprego nesta quinta\u2013feira, 25\/9\",\"datePublished\":\"2025-09-24T18:00:37+00:00\",\"dateModified\":\"2025-09-24T18:00:38+00:00\",\"mainEntityOfPage\":{\"@id\":\"https:\/\/www.manaus.am.gov.br\/semtepi\/oportunidade\/prefeitura-semtepi-vagassinemanaus\/\"},\"wordCount\":4544,\"publisher\":{\"@id\":\"https:\/\/www.manaus.am.gov.br\/semtepi\/#organization\"},\"image\":{\"@id\":\"https:\/\/www.manaus.am.gov.br\/semtepi\/oportunidade\/prefeitura-semtepi-vagassinemanaus\/#primaryimage\"},\"thumbnailUrl\":\"https:\/\/www.manaus.am.gov.br\/semtepi\/wp-content\/uploads\/sites\/20\/2025\/06\/54524090395_0d019834ba_c.jpg\",\"keywords\":[\"Empregos\",\"prefeitura de manaus\",\"sine manaus\",\"vagas\"],\"articleSection\":[\"Oportunidade\"],\"inLanguage\":\"pt-BR\"},{\"@type\":\"WebPage\",\"@id\":\"https:\/\/www.manaus.am.gov.br\/semtepi\/oportunidade\/prefeitura-semtepi-vagassinemanaus\/\",\"url\":\"https:\/\/www.manaus.am.gov.br\/semtepi\/oportunidade\/prefeitura-semtepi-vagassinemanaus\/\",\"name\":\"Sine Manaus oferta 370 vagas de emprego nesta quinta\u2013feira, 25\/9\",\"isPartOf\":{\"@id\":\"https:\/\/www.manaus.am.gov.br\/semtepi\/#website\"},\"primaryImageOfPage\":{\"@id\":\"https:\/\/www.manaus.am.gov.br\/semtepi\/oportunidade\/prefeitura-semtepi-vagassinemanaus\/#primaryimage\"},\"image\":{\"@id\":\"https:\/\/www.manaus.am.gov.br\/semtepi\/oportunidade\/prefeitura-semtepi-vagassinemanaus\/#primaryimage\"},\"thumbnailUrl\":\"https:\/\/www.manaus.am.gov.br\/semtepi\/wp-content\/uploads\/sites\/20\/2025\/06\/54524090395_0d019834ba_c.jpg\",\"datePublished\":\"2025-09-24T18:00:37+00:00\",\"dateModified\":\"2025-09-24T18:00:38+00:00\",\"description\":\"A Prefeitura de Manaus, por meio do Sine Manaus, oferta 370 vagas de emprego em v\u00e1rias \u00e1reas de atua\u00e7\u00e3o, nesta quinta\u2013feira, 25\/9, das 8h \u00e0s 14h.\",\"breadcrumb\":{\"@id\":\"https:\/\/www.manaus.am.gov.br\/semtepi\/oportunidade\/prefeitura-semtepi-vagassinemanaus\/#breadcrumb\"},\"inLanguage\":\"pt-BR\",\"potentialAction\":[{\"@type\":\"ReadAction\",\"target\":[\"https:\/\/www.manaus.am.gov.br\/semtepi\/oportunidade\/prefeitura-semtepi-vagassinemanaus\/\"]}]},{\"@type\":\"ImageObject\",\"inLanguage\":\"pt-BR\",\"@id\":\"https:\/\/www.manaus.am.gov.br\/semtepi\/oportunidade\/prefeitura-semtepi-vagassinemanaus\/#primaryimage\",\"url\":\"https:\/\/www.manaus.am.gov.br\/semtepi\/wp-content\/uploads\/sites\/20\/2025\/06\/54524090395_0d019834ba_c.jpg\",\"contentUrl\":\"https:\/\/www.manaus.am.gov.br\/semtepi\/wp-content\/uploads\/sites\/20\/2025\/06\/54524090395_0d019834ba_c.jpg\",\"width\":799,\"height\":533},{\"@type\":\"BreadcrumbList\",\"@id\":\"https:\/\/www.manaus.am.gov.br\/semtepi\/oportunidade\/prefeitura-semtepi-vagassinemanaus\/#breadcrumb\",\"itemListElement\":[{\"@type\":\"ListItem\",\"position\":1,\"name\":\"Home\",\"item\":\"https:\/\/www.manaus.am.gov.br\/semtepi\/\"},{\"@type\":\"ListItem\",\"position\":2,\"name\":\"Sine Manaus oferta 370 vagas de emprego nesta quinta\u2013feira, 25\/9\"}]},{\"@type\":\"WebSite\",\"@id\":\"https:\/\/www.manaus.am.gov.br\/semtepi\/#website\",\"url\":\"https:\/\/www.manaus.am.gov.br\/semtepi\/\",\"name\":\"SEMTEPI\",\"description\":\"Prefeitura de Manaus\",\"publisher\":{\"@id\":\"https:\/\/www.manaus.am.gov.br\/semtepi\/#organization\"},\"alternateName\":\"Secretaria Municipal do Trabalho, Empreendedorismo e Inova\u00e7\u00e3o\",\"potentialAction\":[{\"@type\":\"SearchAction\",\"target\":{\"@type\":\"EntryPoint\",\"urlTemplate\":\"https:\/\/www.manaus.am.gov.br\/semtepi\/?s={search_term_string}\"},\"query-input\":\"required name=search_term_string\"}],\"inLanguage\":\"pt-BR\"},{\"@type\":\"Organization\",\"@id\":\"https:\/\/www.manaus.am.gov.br\/semtepi\/#organization\",\"name\":\"Prefeitura Municipal de Manaus\",\"alternateName\":\"Prefeitura de Manaus\",\"url\":\"https:\/\/www.manaus.am.gov.br\/semtepi\/\",\"logo\":{\"@type\":\"ImageObject\",\"inLanguage\":\"pt-BR\",\"@id\":\"https:\/\/www.manaus.am.gov.br\/semtepi\/#\/schema\/logo\/image\/\",\"url\":\"https:\/\/www.manaus.am.gov.br\/semtepi\/wp-content\/uploads\/sites\/20\/2024\/07\/favicon.png\",\"contentUrl\":\"https:\/\/www.manaus.am.gov.br\/semtepi\/wp-content\/uploads\/sites\/20\/2024\/07\/favicon.png\",\"width\":300,\"height\":300,\"caption\":\"Prefeitura Municipal de Manaus\"},\"image\":{\"@id\":\"https:\/\/www.manaus.am.gov.br\/semtepi\/#\/schema\/logo\/image\/\"}},{\"@type\":\"Person\",\"@id\":\"https:\/\/www.manaus.am.gov.br\/semtepi\/#\/schema\/person\/4e49f4e267757a06ca072ec61b2b9968\",\"name\":\"Adriana Costa\",\"image\":{\"@type\":\"ImageObject\",\"inLanguage\":\"pt-BR\",\"@id\":\"https:\/\/www.manaus.am.gov.br\/semtepi\/#\/schema\/person\/image\/\",\"url\":\"https:\/\/secure.gravatar.com\/avatar\/576258617ef7194f718179e766d57bd4?s=96&d=mm&r=g\",\"contentUrl\":\"https:\/\/secure.gravatar.com\/avatar\/576258617ef7194f718179e766d57bd4?s=96&d=mm&r=g\",\"caption\":\"Adriana Costa\"}}]}<\/script>\n<!-- \/ Yoast SEO plugin. -->","yoast_head_json":{"title":"Sine Manaus oferta 370 vagas de emprego nesta quinta\u2013feira, 25\/9","description":"A Prefeitura de Manaus, por meio do Sine Manaus, oferta 370 vagas de emprego em v\u00e1rias \u00e1reas de atua\u00e7\u00e3o, nesta quinta\u2013feira, 25\/9, das 8h \u00e0s 14h.","robots":{"index":"noindex","follow":"follow"},"og_locale":"pt_BR","og_type":"article","og_title":"Sine Manaus oferta 370 vagas de emprego nesta quinta\u2013feira, 25\/9","og_description":"A Prefeitura de Manaus, por meio do Sine Manaus, oferta 370 vagas de emprego em v\u00e1rias \u00e1reas de atua\u00e7\u00e3o, nesta quinta\u2013feira, 25\/9, das 8h \u00e0s 14h.","og_url":"https:\/\/www.manaus.am.gov.br\/semtepi\/oportunidade\/prefeitura-semtepi-vagassinemanaus\/","og_site_name":"SEMTEPI","article_published_time":"2025-09-24T18:00:37+00:00","article_modified_time":"2025-09-24T18:00:38+00:00","og_image":[{"width":799,"height":533,"url":"https:\/\/www.manaus.am.gov.br\/semtepi\/wp-content\/uploads\/sites\/20\/2025\/06\/54524090395_0d019834ba_c.jpg","type":"image\/jpeg"}],"author":"Adriana Costa","twitter_card":"summary_large_image","twitter_misc":{"Written by":"Adriana Costa","Est. reading time":"23 minutos"},"schema":{"@context":"https:\/\/schema.org","@graph":[{"@type":"Article","@id":"https:\/\/www.manaus.am.gov.br\/semtepi\/oportunidade\/prefeitura-semtepi-vagassinemanaus\/#article","isPartOf":{"@id":"https:\/\/www.manaus.am.gov.br\/semtepi\/oportunidade\/prefeitura-semtepi-vagassinemanaus\/"},"author":{"name":"Adriana Costa","@id":"https:\/\/www.manaus.am.gov.br\/semtepi\/#\/schema\/person\/4e49f4e267757a06ca072ec61b2b9968"},"headline":"Sine Manaus oferta 370 vagas de emprego nesta quinta\u2013feira, 25\/9","datePublished":"2025-09-24T18:00:37+00:00","dateModified":"2025-09-24T18:00:38+00:00","mainEntityOfPage":{"@id":"https:\/\/www.manaus.am.gov.br\/semtepi\/oportunidade\/prefeitura-semtepi-vagassinemanaus\/"},"wordCount":4544,"publisher":{"@id":"https:\/\/www.manaus.am.gov.br\/semtepi\/#organization"},"image":{"@id":"https:\/\/www.manaus.am.gov.br\/semtepi\/oportunidade\/prefeitura-semtepi-vagassinemanaus\/#primaryimage"},"thumbnailUrl":"https:\/\/www.manaus.am.gov.br\/semtepi\/wp-content\/uploads\/sites\/20\/2025\/06\/54524090395_0d019834ba_c.jpg","keywords":["Empregos","prefeitura de manaus","sine manaus","vagas"],"articleSection":["Oportunidade"],"inLanguage":"pt-BR"},{"@type":"WebPage","@id":"https:\/\/www.manaus.am.gov.br\/semtepi\/oportunidade\/prefeitura-semtepi-vagassinemanaus\/","url":"https:\/\/www.manaus.am.gov.br\/semtepi\/oportunidade\/prefeitura-semtepi-vagassinemanaus\/","name":"Sine Manaus oferta 370 vagas de emprego nesta quinta\u2013feira, 25\/9","isPartOf":{"@id":"https:\/\/www.manaus.am.gov.br\/semtepi\/#website"},"primaryImageOfPage":{"@id":"https:\/\/www.manaus.am.gov.br\/semtepi\/oportunidade\/prefeitura-semtepi-vagassinemanaus\/#primaryimage"},"image":{"@id":"https:\/\/www.manaus.am.gov.br\/semtepi\/oportunidade\/prefeitura-semtepi-vagassinemanaus\/#primaryimage"},"thumbnailUrl":"https:\/\/www.manaus.am.gov.br\/semtepi\/wp-content\/uploads\/sites\/20\/2025\/06\/54524090395_0d019834ba_c.jpg","datePublished":"2025-09-24T18:00:37+00:00","dateModified":"2025-09-24T18:00:38+00:00","description":"A Prefeitura de Manaus, por meio do Sine Manaus, oferta 370 vagas de emprego em v\u00e1rias \u00e1reas de atua\u00e7\u00e3o, nesta quinta\u2013feira, 25\/9, das 8h \u00e0s 14h.","breadcrumb":{"@id":"https:\/\/www.manaus.am.gov.br\/semtepi\/oportunidade\/prefeitura-semtepi-vagassinemanaus\/#breadcrumb"},"inLanguage":"pt-BR","potentialAction":[{"@type":"ReadAction","target":["https:\/\/www.manaus.am.gov.br\/semtepi\/oportunidade\/prefeitura-semtepi-vagassinemanaus\/"]}]},{"@type":"ImageObject","inLanguage":"pt-BR","@id":"https:\/\/www.manaus.am.gov.br\/semtepi\/oportunidade\/prefeitura-semtepi-vagassinemanaus\/#primaryimage","url":"https:\/\/www.manaus.am.gov.br\/semtepi\/wp-content\/uploads\/sites\/20\/2025\/06\/54524090395_0d019834ba_c.jpg","contentUrl":"https:\/\/www.manaus.am.gov.br\/semtepi\/wp-content\/uploads\/sites\/20\/2025\/06\/54524090395_0d019834ba_c.jpg","width":799,"height":533},{"@type":"BreadcrumbList","@id":"https:\/\/www.manaus.am.gov.br\/semtepi\/oportunidade\/prefeitura-semtepi-vagassinemanaus\/#breadcrumb","itemListElement":[{"@type":"ListItem","position":1,"name":"Home","item":"https:\/\/www.manaus.am.gov.br\/semtepi\/"},{"@type":"ListItem","position":2,"name":"Sine Manaus oferta 370 vagas de emprego nesta quinta\u2013feira, 25\/9"}]},{"@type":"WebSite","@id":"https:\/\/www.manaus.am.gov.br\/semtepi\/#website","url":"https:\/\/www.manaus.am.gov.br\/semtepi\/","name":"SEMTEPI","description":"Prefeitura de Manaus","publisher":{"@id":"https:\/\/www.manaus.am.gov.br\/semtepi\/#organization"},"alternateName":"Secretaria Municipal do Trabalho, Empreendedorismo e Inova\u00e7\u00e3o","potentialAction":[{"@type":"SearchAction","target":{"@type":"EntryPoint","urlTemplate":"https:\/\/www.manaus.am.gov.br\/semtepi\/?s={search_term_string}"},"query-input":"required name=search_term_string"}],"inLanguage":"pt-BR"},{"@type":"Organization","@id":"https:\/\/www.manaus.am.gov.br\/semtepi\/#organization","name":"Prefeitura Municipal de Manaus","alternateName":"Prefeitura de Manaus","url":"https:\/\/www.manaus.am.gov.br\/semtepi\/","logo":{"@type":"ImageObject","inLanguage":"pt-BR","@id":"https:\/\/www.manaus.am.gov.br\/semtepi\/#\/schema\/logo\/image\/","url":"https:\/\/www.manaus.am.gov.br\/semtepi\/wp-content\/uploads\/sites\/20\/2024\/07\/favicon.png","contentUrl":"https:\/\/www.manaus.am.gov.br\/semtepi\/wp-content\/uploads\/sites\/20\/2024\/07\/favicon.png","width":300,"height":300,"caption":"Prefeitura Municipal de Manaus"},"image":{"@id":"https:\/\/www.manaus.am.gov.br\/semtepi\/#\/schema\/logo\/image\/"}},{"@type":"Person","@id":"https:\/\/www.manaus.am.gov.br\/semtepi\/#\/schema\/person\/4e49f4e267757a06ca072ec61b2b9968","name":"Adriana Costa","image":{"@type":"ImageObject","inLanguage":"pt-BR","@id":"https:\/\/www.manaus.am.gov.br\/semtepi\/#\/schema\/person\/image\/","url":"https:\/\/secure.gravatar.com\/avatar\/576258617ef7194f718179e766d57bd4?s=96&d=mm&r=g","contentUrl":"https:\/\/secure.gravatar.com\/avatar\/576258617ef7194f718179e766d57bd4?s=96&d=mm&r=g","caption":"Adriana Costa"}}]}},"_links":{"self":[{"href":"https:\/\/www.manaus.am.gov.br\/semtepi\/wp-json\/wp\/v2\/posts\/7052"}],"collection":[{"href":"https:\/\/www.manaus.am.gov.br\/semtepi\/wp-json\/wp\/v2\/posts"}],"about":[{"href":"https:\/\/www.manaus.am.gov.br\/semtepi\/wp-json\/wp\/v2\/types\/post"}],"author":[{"embeddable":true,"href":"https:\/\/www.manaus.am.gov.br\/semtepi\/wp-json\/wp\/v2\/users\/23"}],"replies":[{"embeddable":true,"href":"https:\/\/www.manaus.am.gov.br\/semtepi\/wp-json\/wp\/v2\/comments?post=7052"}],"version-history":[{"count":0,"href":"https:\/\/www.manaus.am.gov.br\/semtepi\/wp-json\/wp\/v2\/posts\/7052\/revisions"}],"wp:featuredmedia":[{"embeddable":true,"href":"https:\/\/www.manaus.am.gov.br\/semtepi\/wp-json\/wp\/v2\/media\/6459"}],"wp:attachment":[{"href":"https:\/\/www.manaus.am.gov.br\/semtepi\/wp-json\/wp\/v2\/media?parent=7052"}],"wp:term":[{"taxonomy":"category","embeddable":true,"href":"https:\/\/www.manaus.am.gov.br\/semtepi\/wp-json\/wp\/v2\/categories?post=7052"},{"taxonomy":"post_tag","embeddable":true,"href":"https:\/\/www.manaus.am.gov.br\/semtepi\/wp-json\/wp\/v2\/tags?post=7052"}],"curies":[{"name":"wp","href":"https:\/\/api.w.org\/{rel}","templated":true}]}}