{"id":7048,"date":"2025-09-23T11:01:47","date_gmt":"2025-09-23T15:01:47","guid":{"rendered":"https:\/\/www.manaus.am.gov.br\/semtepi\/sem-categoria\/curso-academia-do-emprego\/"},"modified":"2025-09-23T11:01:49","modified_gmt":"2025-09-23T15:01:49","slug":"curso-academia-do-emprego","status":"publish","type":"post","link":"https:\/\/www.manaus.am.gov.br\/semtepi\/oportunidade\/curso-academia-do-emprego\/","title":{"rendered":"Prefeitura abre inscri\u00e7\u00f5es para curso \u201cAcademia do Emprego \u2013 Descubra como se destacar no mundo profissional\u201d"},"content":{"rendered":"\n<p>A Prefeitura de Manaus, por meio da Secretaria Municipal do Trabalho, Empreendedorismo e Inova\u00e7\u00e3o (Semtepi), abre, nesta quarta-feira, 24\/9, as inscri\u00e7\u00f5es para o curso \u201cAcademia do Emprego \u2013 Descubra como se destacar no mundo profissional\u201d, realizado em parceria com a Movimenta Treinamento e Consultoria.<\/p>\n\n\n\n<p>A capacita\u00e7\u00e3o \u00e9 destinada a jovens a partir de 18 anos, adultos em transi\u00e7\u00e3o de carreira, pessoas desempregadas ou trabalhadores que buscam se reposicionar no mercado com mais profissionalismo. Ao todo, 35 vagas est\u00e3o sendo ofertadas, e os interessados podem se inscrever gratuitamente, das 8h \u00e0s 17h.<\/p>\n\n\n\n<p>\u201cCom a Academia do Emprego, estamos oferecendo uma oportunidade real para que os participantes possam se preparar melhor para os desafios do mercado de trabalho. A prefeitura refor\u00e7a o compromisso de capacitar e abrir caminhos para a gera\u00e7\u00e3o de emprego e renda. Nosso objetivo \u00e9 dar condi\u00e7\u00f5es para que os cidad\u00e3os manauaras conquistem seu espa\u00e7o com mais preparo, confian\u00e7a e profissionalismo\u201d, disse o secret\u00e1rio da Semtepi, Alonso Oliveira.<\/p>\n\n\n\n<p>O curso ser\u00e1 realizado nos dias 29 e 30 de setembro, das 9h \u00e0s 12h, no shopping Phelippe Daou \u2013 Central do Empreendedor, localizado na avenida Camapu\u00e3, 2.939, Cidade de Deus.<\/p>\n\n\n\n<p>A iniciativa busca fortalecer a empregabilidade, oferecendo aos participantes t\u00e9cnicas e orienta\u00e7\u00f5es para se destacar em processos seletivos, abordando n\u00e3o apenas habilidades t\u00e9cnicas, mas tamb\u00e9m comportamentais e de postura no ambiente profissional.<\/p>\n\n\n\n<p>As inscri\u00e7\u00f5es podem ser feitas, das 8h \u00e0s 17h, desta quarta-feira, 24\/9,&nbsp; por meio do link <a href=\"https:\/\/docs.google.com\/forms\/d\/e\/1FAIpQLSdUWSymf-Idd67AqccdDJVC-F1YQjrgw4n_IP4iiVqudDB4VQ\/viewform\" target=\"_blank\" rel=\"noreferrer noopener\">https:\/\/docs.google.com\/forms\/d\/e\/1FAIpQLSdUWSymf-Idd67AqccdDJVC-F1YQjrgw4n_IP4iiVqudDB4VQ\/viewform<\/a>. A lista com os selecionados ser\u00e1 divulgada no dia 25\/9, a partir das 12h, nos canais oficiais da Semtepi.<\/p>\n\n\n\n<p>&#8212; &#8212; &#8212;<\/p>\n\n\n\n<p><strong>Texto &#8211;<\/strong> Asafe Augusto \/ Semtepi<\/p>\n\n\n\n<p><strong>Fotos \u2013<\/strong> Divulga\u00e7\u00e3o \/ Semtepi<\/p>\n","protected":false},"excerpt":{"rendered":"","protected":false},"author":57,"featured_media":7049,"comment_status":"closed","ping_status":"closed","sticky":false,"template":"","format":"standard","meta":{"footnotes":""},"categories":[5],"tags":[1537,7,8,9],"acf":[],"yoast_head":"<!-- This site is optimized with the Yoast SEO plugin v23.0 - https:\/\/yoast.com\/wordpress\/plugins\/seo\/ -->\n<title>Prefeitura abre inscri\u00e7\u00f5es para curso \u201cAcademia do Emprego&quot;<\/title>\n<meta name=\"description\" content=\"A Prefeitura de Manaus abre as inscri\u00e7\u00f5es para o curso \u201cAcademia do Emprego \u2013 Descubra como se destacar no mundo profissional\u201d\" \/>\n<meta name=\"robots\" content=\"noindex, follow\" \/>\n<meta property=\"og:locale\" content=\"pt_BR\" \/>\n<meta property=\"og:type\" content=\"article\" \/>\n<meta property=\"og:title\" content=\"Prefeitura abre inscri\u00e7\u00f5es para curso \u201cAcademia do Emprego&quot;\" \/>\n<meta property=\"og:description\" content=\"A Prefeitura de Manaus abre as inscri\u00e7\u00f5es para o curso \u201cAcademia do Emprego \u2013 Descubra como se destacar no mundo profissional\u201d\" \/>\n<meta property=\"og:url\" content=\"https:\/\/www.manaus.am.gov.br\/semtepi\/oportunidade\/curso-academia-do-emprego\/\" \/>\n<meta property=\"og:site_name\" content=\"SEMTEPI\" \/>\n<meta property=\"article:published_time\" content=\"2025-09-23T15:01:47+00:00\" \/>\n<meta property=\"article:modified_time\" content=\"2025-09-23T15:01:49+00:00\" \/>\n<meta property=\"og:image\" content=\"https:\/\/www.manaus.am.gov.br\/semtepi\/wp-content\/uploads\/sites\/20\/2025\/09\/curso-Academia-do-Emprego-2.jpeg\" \/>\n\t<meta property=\"og:image:width\" content=\"1536\" \/>\n\t<meta property=\"og:image:height\" content=\"1152\" \/>\n\t<meta property=\"og:image:type\" content=\"image\/jpeg\" \/>\n<meta name=\"author\" content=\"Thiago Fernando\" \/>\n<meta name=\"twitter:card\" content=\"summary_large_image\" \/>\n<meta name=\"twitter:label1\" content=\"Written by\" \/>\n\t<meta name=\"twitter:data1\" content=\"Thiago Fernando\" \/>\n\t<meta name=\"twitter:label2\" content=\"Est. reading time\" \/>\n\t<meta name=\"twitter:data2\" content=\"2 minutos\" \/>\n<script type=\"application\/ld+json\" class=\"yoast-schema-graph\">{\"@context\":\"https:\/\/schema.org\",\"@graph\":[{\"@type\":\"Article\",\"@id\":\"https:\/\/www.manaus.am.gov.br\/semtepi\/oportunidade\/curso-academia-do-emprego\/#article\",\"isPartOf\":{\"@id\":\"https:\/\/www.manaus.am.gov.br\/semtepi\/oportunidade\/curso-academia-do-emprego\/\"},\"author\":{\"name\":\"Thiago Fernando\",\"@id\":\"https:\/\/www.manaus.am.gov.br\/semtepi\/#\/schema\/person\/a5ee5376db6e21af026374b369f30882\"},\"headline\":\"Prefeitura abre inscri\u00e7\u00f5es para curso \u201cAcademia do Emprego \u2013 Descubra como se destacar no mundo profissional\u201d\",\"datePublished\":\"2025-09-23T15:01:47+00:00\",\"dateModified\":\"2025-09-23T15:01:49+00:00\",\"mainEntityOfPage\":{\"@id\":\"https:\/\/www.manaus.am.gov.br\/semtepi\/oportunidade\/curso-academia-do-emprego\/\"},\"wordCount\":307,\"publisher\":{\"@id\":\"https:\/\/www.manaus.am.gov.br\/semtepi\/#organization\"},\"image\":{\"@id\":\"https:\/\/www.manaus.am.gov.br\/semtepi\/oportunidade\/curso-academia-do-emprego\/#primaryimage\"},\"thumbnailUrl\":\"https:\/\/www.manaus.am.gov.br\/semtepi\/wp-content\/uploads\/sites\/20\/2025\/09\/curso-Academia-do-Emprego-2.jpeg\",\"keywords\":[\"curso Academia do Emprego\",\"oportunidade\",\"prefeitura de manaus\",\"Semtepi\"],\"articleSection\":[\"Oportunidade\"],\"inLanguage\":\"pt-BR\"},{\"@type\":\"WebPage\",\"@id\":\"https:\/\/www.manaus.am.gov.br\/semtepi\/oportunidade\/curso-academia-do-emprego\/\",\"url\":\"https:\/\/www.manaus.am.gov.br\/semtepi\/oportunidade\/curso-academia-do-emprego\/\",\"name\":\"Prefeitura abre inscri\u00e7\u00f5es para curso \u201cAcademia do Emprego\\\"\",\"isPartOf\":{\"@id\":\"https:\/\/www.manaus.am.gov.br\/semtepi\/#website\"},\"primaryImageOfPage\":{\"@id\":\"https:\/\/www.manaus.am.gov.br\/semtepi\/oportunidade\/curso-academia-do-emprego\/#primaryimage\"},\"image\":{\"@id\":\"https:\/\/www.manaus.am.gov.br\/semtepi\/oportunidade\/curso-academia-do-emprego\/#primaryimage\"},\"thumbnailUrl\":\"https:\/\/www.manaus.am.gov.br\/semtepi\/wp-content\/uploads\/sites\/20\/2025\/09\/curso-Academia-do-Emprego-2.jpeg\",\"datePublished\":\"2025-09-23T15:01:47+00:00\",\"dateModified\":\"2025-09-23T15:01:49+00:00\",\"description\":\"A Prefeitura de Manaus abre as inscri\u00e7\u00f5es para o curso \u201cAcademia do Emprego \u2013 Descubra como se destacar no mundo profissional\u201d\",\"breadcrumb\":{\"@id\":\"https:\/\/www.manaus.am.gov.br\/semtepi\/oportunidade\/curso-academia-do-emprego\/#breadcrumb\"},\"inLanguage\":\"pt-BR\",\"potentialAction\":[{\"@type\":\"ReadAction\",\"target\":[\"https:\/\/www.manaus.am.gov.br\/semtepi\/oportunidade\/curso-academia-do-emprego\/\"]}]},{\"@type\":\"ImageObject\",\"inLanguage\":\"pt-BR\",\"@id\":\"https:\/\/www.manaus.am.gov.br\/semtepi\/oportunidade\/curso-academia-do-emprego\/#primaryimage\",\"url\":\"https:\/\/www.manaus.am.gov.br\/semtepi\/wp-content\/uploads\/sites\/20\/2025\/09\/curso-Academia-do-Emprego-2.jpeg\",\"contentUrl\":\"https:\/\/www.manaus.am.gov.br\/semtepi\/wp-content\/uploads\/sites\/20\/2025\/09\/curso-Academia-do-Emprego-2.jpeg\",\"width\":1536,\"height\":1152,\"caption\":\"#paratodasverem - Pessoas em uma sala de aula\"},{\"@type\":\"BreadcrumbList\",\"@id\":\"https:\/\/www.manaus.am.gov.br\/semtepi\/oportunidade\/curso-academia-do-emprego\/#breadcrumb\",\"itemListElement\":[{\"@type\":\"ListItem\",\"position\":1,\"name\":\"Home\",\"item\":\"https:\/\/www.manaus.am.gov.br\/semtepi\/\"},{\"@type\":\"ListItem\",\"position\":2,\"name\":\"Prefeitura abre inscri\u00e7\u00f5es para curso \u201cAcademia do Emprego \u2013 Descubra como se destacar no mundo profissional\u201d\"}]},{\"@type\":\"WebSite\",\"@id\":\"https:\/\/www.manaus.am.gov.br\/semtepi\/#website\",\"url\":\"https:\/\/www.manaus.am.gov.br\/semtepi\/\",\"name\":\"SEMTEPI\",\"description\":\"Prefeitura de Manaus\",\"publisher\":{\"@id\":\"https:\/\/www.manaus.am.gov.br\/semtepi\/#organization\"},\"alternateName\":\"Secretaria Municipal do Trabalho, Empreendedorismo e Inova\u00e7\u00e3o\",\"potentialAction\":[{\"@type\":\"SearchAction\",\"target\":{\"@type\":\"EntryPoint\",\"urlTemplate\":\"https:\/\/www.manaus.am.gov.br\/semtepi\/?s={search_term_string}\"},\"query-input\":\"required name=search_term_string\"}],\"inLanguage\":\"pt-BR\"},{\"@type\":\"Organization\",\"@id\":\"https:\/\/www.manaus.am.gov.br\/semtepi\/#organization\",\"name\":\"Prefeitura Municipal de Manaus\",\"alternateName\":\"Prefeitura de Manaus\",\"url\":\"https:\/\/www.manaus.am.gov.br\/semtepi\/\",\"logo\":{\"@type\":\"ImageObject\",\"inLanguage\":\"pt-BR\",\"@id\":\"https:\/\/www.manaus.am.gov.br\/semtepi\/#\/schema\/logo\/image\/\",\"url\":\"https:\/\/www.manaus.am.gov.br\/semtepi\/wp-content\/uploads\/sites\/20\/2024\/07\/favicon.png\",\"contentUrl\":\"https:\/\/www.manaus.am.gov.br\/semtepi\/wp-content\/uploads\/sites\/20\/2024\/07\/favicon.png\",\"width\":300,\"height\":300,\"caption\":\"Prefeitura Municipal de Manaus\"},\"image\":{\"@id\":\"https:\/\/www.manaus.am.gov.br\/semtepi\/#\/schema\/logo\/image\/\"}},{\"@type\":\"Person\",\"@id\":\"https:\/\/www.manaus.am.gov.br\/semtepi\/#\/schema\/person\/a5ee5376db6e21af026374b369f30882\",\"name\":\"Thiago Fernando\",\"image\":{\"@type\":\"ImageObject\",\"inLanguage\":\"pt-BR\",\"@id\":\"https:\/\/www.manaus.am.gov.br\/semtepi\/#\/schema\/person\/image\/\",\"url\":\"https:\/\/secure.gravatar.com\/avatar\/f5aab8722444041451501c077052ac07?s=96&d=mm&r=g\",\"contentUrl\":\"https:\/\/secure.gravatar.com\/avatar\/f5aab8722444041451501c077052ac07?s=96&d=mm&r=g\",\"caption\":\"Thiago Fernando\"}}]}<\/script>\n<!-- \/ Yoast SEO plugin. -->","yoast_head_json":{"title":"Prefeitura abre inscri\u00e7\u00f5es para curso \u201cAcademia do Emprego\"","description":"A Prefeitura de Manaus abre as inscri\u00e7\u00f5es para o curso \u201cAcademia do Emprego \u2013 Descubra como se destacar no mundo profissional\u201d","robots":{"index":"noindex","follow":"follow"},"og_locale":"pt_BR","og_type":"article","og_title":"Prefeitura abre inscri\u00e7\u00f5es para curso \u201cAcademia do Emprego\"","og_description":"A Prefeitura de Manaus abre as inscri\u00e7\u00f5es para o curso \u201cAcademia do Emprego \u2013 Descubra como se destacar no mundo profissional\u201d","og_url":"https:\/\/www.manaus.am.gov.br\/semtepi\/oportunidade\/curso-academia-do-emprego\/","og_site_name":"SEMTEPI","article_published_time":"2025-09-23T15:01:47+00:00","article_modified_time":"2025-09-23T15:01:49+00:00","og_image":[{"width":1536,"height":1152,"url":"https:\/\/www.manaus.am.gov.br\/semtepi\/wp-content\/uploads\/sites\/20\/2025\/09\/curso-Academia-do-Emprego-2.jpeg","type":"image\/jpeg"}],"author":"Thiago Fernando","twitter_card":"summary_large_image","twitter_misc":{"Written by":"Thiago Fernando","Est. reading time":"2 minutos"},"schema":{"@context":"https:\/\/schema.org","@graph":[{"@type":"Article","@id":"https:\/\/www.manaus.am.gov.br\/semtepi\/oportunidade\/curso-academia-do-emprego\/#article","isPartOf":{"@id":"https:\/\/www.manaus.am.gov.br\/semtepi\/oportunidade\/curso-academia-do-emprego\/"},"author":{"name":"Thiago Fernando","@id":"https:\/\/www.manaus.am.gov.br\/semtepi\/#\/schema\/person\/a5ee5376db6e21af026374b369f30882"},"headline":"Prefeitura abre inscri\u00e7\u00f5es para curso \u201cAcademia do Emprego \u2013 Descubra como se destacar no mundo profissional\u201d","datePublished":"2025-09-23T15:01:47+00:00","dateModified":"2025-09-23T15:01:49+00:00","mainEntityOfPage":{"@id":"https:\/\/www.manaus.am.gov.br\/semtepi\/oportunidade\/curso-academia-do-emprego\/"},"wordCount":307,"publisher":{"@id":"https:\/\/www.manaus.am.gov.br\/semtepi\/#organization"},"image":{"@id":"https:\/\/www.manaus.am.gov.br\/semtepi\/oportunidade\/curso-academia-do-emprego\/#primaryimage"},"thumbnailUrl":"https:\/\/www.manaus.am.gov.br\/semtepi\/wp-content\/uploads\/sites\/20\/2025\/09\/curso-Academia-do-Emprego-2.jpeg","keywords":["curso Academia do Emprego","oportunidade","prefeitura de manaus","Semtepi"],"articleSection":["Oportunidade"],"inLanguage":"pt-BR"},{"@type":"WebPage","@id":"https:\/\/www.manaus.am.gov.br\/semtepi\/oportunidade\/curso-academia-do-emprego\/","url":"https:\/\/www.manaus.am.gov.br\/semtepi\/oportunidade\/curso-academia-do-emprego\/","name":"Prefeitura abre inscri\u00e7\u00f5es para curso \u201cAcademia do Emprego\"","isPartOf":{"@id":"https:\/\/www.manaus.am.gov.br\/semtepi\/#website"},"primaryImageOfPage":{"@id":"https:\/\/www.manaus.am.gov.br\/semtepi\/oportunidade\/curso-academia-do-emprego\/#primaryimage"},"image":{"@id":"https:\/\/www.manaus.am.gov.br\/semtepi\/oportunidade\/curso-academia-do-emprego\/#primaryimage"},"thumbnailUrl":"https:\/\/www.manaus.am.gov.br\/semtepi\/wp-content\/uploads\/sites\/20\/2025\/09\/curso-Academia-do-Emprego-2.jpeg","datePublished":"2025-09-23T15:01:47+00:00","dateModified":"2025-09-23T15:01:49+00:00","description":"A Prefeitura de Manaus abre as inscri\u00e7\u00f5es para o curso \u201cAcademia do Emprego \u2013 Descubra como se destacar no mundo profissional\u201d","breadcrumb":{"@id":"https:\/\/www.manaus.am.gov.br\/semtepi\/oportunidade\/curso-academia-do-emprego\/#breadcrumb"},"inLanguage":"pt-BR","potentialAction":[{"@type":"ReadAction","target":["https:\/\/www.manaus.am.gov.br\/semtepi\/oportunidade\/curso-academia-do-emprego\/"]}]},{"@type":"ImageObject","inLanguage":"pt-BR","@id":"https:\/\/www.manaus.am.gov.br\/semtepi\/oportunidade\/curso-academia-do-emprego\/#primaryimage","url":"https:\/\/www.manaus.am.gov.br\/semtepi\/wp-content\/uploads\/sites\/20\/2025\/09\/curso-Academia-do-Emprego-2.jpeg","contentUrl":"https:\/\/www.manaus.am.gov.br\/semtepi\/wp-content\/uploads\/sites\/20\/2025\/09\/curso-Academia-do-Emprego-2.jpeg","width":1536,"height":1152,"caption":"#paratodasverem - Pessoas em uma sala de aula"},{"@type":"BreadcrumbList","@id":"https:\/\/www.manaus.am.gov.br\/semtepi\/oportunidade\/curso-academia-do-emprego\/#breadcrumb","itemListElement":[{"@type":"ListItem","position":1,"name":"Home","item":"https:\/\/www.manaus.am.gov.br\/semtepi\/"},{"@type":"ListItem","position":2,"name":"Prefeitura abre inscri\u00e7\u00f5es para curso \u201cAcademia do Emprego \u2013 Descubra como se destacar no mundo profissional\u201d"}]},{"@type":"WebSite","@id":"https:\/\/www.manaus.am.gov.br\/semtepi\/#website","url":"https:\/\/www.manaus.am.gov.br\/semtepi\/","name":"SEMTEPI","description":"Prefeitura de Manaus","publisher":{"@id":"https:\/\/www.manaus.am.gov.br\/semtepi\/#organization"},"alternateName":"Secretaria Municipal do Trabalho, Empreendedorismo e Inova\u00e7\u00e3o","potentialAction":[{"@type":"SearchAction","target":{"@type":"EntryPoint","urlTemplate":"https:\/\/www.manaus.am.gov.br\/semtepi\/?s={search_term_string}"},"query-input":"required name=search_term_string"}],"inLanguage":"pt-BR"},{"@type":"Organization","@id":"https:\/\/www.manaus.am.gov.br\/semtepi\/#organization","name":"Prefeitura Municipal de Manaus","alternateName":"Prefeitura de Manaus","url":"https:\/\/www.manaus.am.gov.br\/semtepi\/","logo":{"@type":"ImageObject","inLanguage":"pt-BR","@id":"https:\/\/www.manaus.am.gov.br\/semtepi\/#\/schema\/logo\/image\/","url":"https:\/\/www.manaus.am.gov.br\/semtepi\/wp-content\/uploads\/sites\/20\/2024\/07\/favicon.png","contentUrl":"https:\/\/www.manaus.am.gov.br\/semtepi\/wp-content\/uploads\/sites\/20\/2024\/07\/favicon.png","width":300,"height":300,"caption":"Prefeitura Municipal de Manaus"},"image":{"@id":"https:\/\/www.manaus.am.gov.br\/semtepi\/#\/schema\/logo\/image\/"}},{"@type":"Person","@id":"https:\/\/www.manaus.am.gov.br\/semtepi\/#\/schema\/person\/a5ee5376db6e21af026374b369f30882","name":"Thiago Fernando","image":{"@type":"ImageObject","inLanguage":"pt-BR","@id":"https:\/\/www.manaus.am.gov.br\/semtepi\/#\/schema\/person\/image\/","url":"https:\/\/secure.gravatar.com\/avatar\/f5aab8722444041451501c077052ac07?s=96&d=mm&r=g","contentUrl":"https:\/\/secure.gravatar.com\/avatar\/f5aab8722444041451501c077052ac07?s=96&d=mm&r=g","caption":"Thiago Fernando"}}]}},"_links":{"self":[{"href":"https:\/\/www.manaus.am.gov.br\/semtepi\/wp-json\/wp\/v2\/posts\/7048"}],"collection":[{"href":"https:\/\/www.manaus.am.gov.br\/semtepi\/wp-json\/wp\/v2\/posts"}],"about":[{"href":"https:\/\/www.manaus.am.gov.br\/semtepi\/wp-json\/wp\/v2\/types\/post"}],"author":[{"embeddable":true,"href":"https:\/\/www.manaus.am.gov.br\/semtepi\/wp-json\/wp\/v2\/users\/57"}],"replies":[{"embeddable":true,"href":"https:\/\/www.manaus.am.gov.br\/semtepi\/wp-json\/wp\/v2\/comments?post=7048"}],"version-history":[{"count":0,"href":"https:\/\/www.manaus.am.gov.br\/semtepi\/wp-json\/wp\/v2\/posts\/7048\/revisions"}],"wp:featuredmedia":[{"embeddable":true,"href":"https:\/\/www.manaus.am.gov.br\/semtepi\/wp-json\/wp\/v2\/media\/7049"}],"wp:attachment":[{"href":"https:\/\/www.manaus.am.gov.br\/semtepi\/wp-json\/wp\/v2\/media?parent=7048"}],"wp:term":[{"taxonomy":"category","embeddable":true,"href":"https:\/\/www.manaus.am.gov.br\/semtepi\/wp-json\/wp\/v2\/categories?post=7048"},{"taxonomy":"post_tag","embeddable":true,"href":"https:\/\/www.manaus.am.gov.br\/semtepi\/wp-json\/wp\/v2\/tags?post=7048"}],"curies":[{"name":"wp","href":"https:\/\/api.w.org\/{rel}","templated":true}]}}