{"id":7040,"date":"2025-09-21T08:53:20","date_gmt":"2025-09-21T12:53:20","guid":{"rendered":"https:\/\/www.manaus.am.gov.br\/semtepi\/?p=7040"},"modified":"2025-09-21T08:53:22","modified_gmt":"2025-09-21T12:53:22","slug":"sine-manaus-317-vagas-emprego-22-9","status":"publish","type":"post","link":"https:\/\/www.manaus.am.gov.br\/semtepi\/oportunidade\/sine-manaus-317-vagas-emprego-22-9\/","title":{"rendered":"Sine Manaus oferta 317 vagas de emprego nesta segunda-feira, 22\/9"},"content":{"rendered":"\n<p>A Prefeitura de Manaus, por meio do Sine Manaus, oferta 317 vagas de emprego em v\u00e1rias \u00e1reas de atua\u00e7\u00e3o, nesta segunda-feira, 22\/9,\u00a0de 8h \u00e0s 14h. O candidato pode validar a Carteira Digital e Previd\u00eancia Social (CTPS) no aplicativo \u201cCarteira de Trabalho Digital\u201d ou acessar o site\u00a0<a href=\"http:\/\/gov.br\/trabalho\">http:\/\/gov.br\/trabalho<\/a>.<\/p>\n\n\n\n<p>Para participar da pr\u00e9-sele\u00e7\u00e3o e concorrer a uma das vagas dispon\u00edveis, ou receber orienta\u00e7\u00e3o de cadastro, Carteira de Trabalho Digital e seguro-desemprego, os candidatos devem comparecer a um dos postos do Sine Manaus: na avenida Constantino Nery, n\u00ba 1.272, bairro S\u00e3o Geraldo, zona Centro-Sul; ou no shopping Phelippe Daou, na avenida Camapu\u00e3, n\u00ba 2.939, bairro Cidade de Deus, zona Norte.<\/p>\n\n\n\n<p>Os interessados devem estar munidos do comprovante de vacina\u00e7\u00e3o (Covid-19), curr\u00edculo, certificados de cursos e documentos pessoais (RG, CPF, PIS, CTPS, comprovante de escolaridade e resid\u00eancia). N\u00e3o \u00e9 necess\u00e1rio apresentar c\u00f3pias, somente os documentos originais.<\/p>\n\n\n\n<p>\u00c9 importante que os candidatos mantenham seus cadastros atualizados, especialmente ao finalizarem novas qualifica\u00e7\u00f5es. Para vagas espec\u00edficas, podem ser solicitados documentos adicionais, como cursos ou certifica\u00e7\u00f5es, por isso, \u00e9 essencial estar atento aos &#8220;Requisitos Obrigat\u00f3rios&#8221; de cada vaga.<\/p>\n\n\n\n<p>A Semtepi ressalta que, obedecendo ao disposto no artigo 5\u00ba, da Constitui\u00e7\u00e3o Federal, e ao artigo 373-A, da Consolida\u00e7\u00e3o das Leis Trabalhistas (CLT), crit\u00e9rios referentes a sexo, idade, cor ou situa\u00e7\u00e3o familiar, n\u00e3o podem ser informados na divulga\u00e7\u00e3o das vagas disponibilizadas.<\/p>\n\n\n\n<p>Os candidatos devem estar cientes das diretrizes de vestimenta estabelecidas pelo \u00f3rg\u00e3o, as quais incluem a proibi\u00e7\u00e3o de vestimentas como bermudas, shorts, minissaias, camisetas regatas e chinelos durante a entrada.<\/p>\n\n\n\n<p><strong>Vagas Novas &#8211; 124<\/strong><\/p>\n\n\n\n<p><strong>10 vagas &#8211; Fiscal de Loja<\/strong><\/p>\n\n\n\n<p>Escolaridade &#8211; ensino m\u00e9dio completo;<\/p>\n\n\n\n<p>Experi\u00eancia &#8211; n\u00e3o \u00e9 necess\u00e1rio;<\/p>\n\n\n\n<p>Requisitos Obrigat\u00f3rios &#8211; ter documenta\u00e7\u00e3o completa (com dispensa militar);<\/p>\n\n\n\n<p>Atividades &#8211; respons\u00e1vel por fiscalizar o fluxo de pessoas, prevenir perdas e furtos, zelar pelo patrim\u00f4nio, acompanhar o recebimento de mercadorias e auxiliar no cumprimento de regras internas da loja.<\/p>\n\n\n\n<p>Dispon\u00edvel at\u00e9 22\/09\/2025 ou encerramento da vaga.<\/p>\n\n\n\n<p><strong>50 vagas &#8211; Operador de Produ\u00e7\u00e3o II<\/strong><\/p>\n\n\n\n<p>Escolaridade &#8211; ensino fundamental incompleto;<\/p>\n\n\n\n<p>Experi\u00eancia &#8211; n\u00e3o \u00e9 necess\u00e1rio;<\/p>\n\n\n\n<p>Requisitos Obrigat\u00f3rios &#8211; a vaga \u00e9 destinada para candidatos que est\u00e3o em busca de novos desafios; o candidato vai precisar morar em: Lajeado &#8211; Rio Grande do Sul e ter documenta\u00e7\u00e3o completa;<\/p>\n\n\n\n<p>Atividades &#8211; trabalhar com processamento de carne de frango, em setores diversos, com utiliza\u00e7\u00e3o de facas, ambiente climatizado; atividades como corte, coleta, pesagem e embalagem de alimentos; desossar, embalar, pesar, processar alimentos, derivados de carne de frango e su\u00ednos.<\/p>\n\n\n\n<p>Dispon\u00edvel at\u00e9 22\/09\/2025 ou encerramento da vaga.<\/p>\n\n\n\n<p><strong>2 vagas &#8211; Servente de Obras<\/strong><\/p>\n\n\n\n<p>Escolaridade &#8211; ensino m\u00e9dio completo;<\/p>\n\n\n\n<p>Experi\u00eancia &#8211; seis meses na Carteira de Trabalho;<\/p>\n\n\n\n<p>Requisitos Obrigat\u00f3rios &#8211; saber operar serra m\u00e1rmore, martelete 2kg e ter documenta\u00e7\u00e3o completa (com dispensa militar);<\/p>\n\n\n\n<p>Atividades &#8211; demolir edifica\u00e7\u00f5es de concreto, de alvenaria e outras estruturas; preparar canteiros de obras, limpar a \u00e1rea e compactando solos; efetuar manuten\u00e7\u00e3o de primeiro n\u00edvel, limpar m\u00e1quinas e ferramentas, verificar condi\u00e7\u00f5es dos equipamentos e reparar eventuais defeitos mec\u00e2nicos nos mesmos; realizar escava\u00e7\u00f5es e preparar massa de concreto e outros materiais.<\/p>\n\n\n\n<p>Dispon\u00edvel at\u00e9 22\/09\/2025 ou encerramento da vaga.<\/p>\n\n\n\n<p><strong>1 vaga &#8211; Estoquista<\/strong><\/p>\n\n\n\n<p>Escolaridade &#8211; ensino m\u00e9dio completo;<\/p>\n\n\n\n<p>Experi\u00eancia &#8211; registrada na Carteira de Trabalho;<\/p>\n\n\n\n<p>Requisitos Obrigat\u00f3rios &#8211; ter disponibilidade de hor\u00e1rio e ter documenta\u00e7\u00e3o completa (com dispensa militar);<\/p>\n\n\n\n<p>Atividades &#8211; recepcionar, conferir e armazenar produtos e materiais em almoxarifados, armaz\u00e9ns e dep\u00f3sitos; fazer os lan\u00e7amentos da movimenta\u00e7\u00e3o de entradas e sa\u00eddas e controlar os estoques; distribuir produtos e materiais a serem expedidos; organizar o almoxarifado para facilitar a movimenta\u00e7\u00e3o dos itens armazenados.<\/p>\n\n\n\n<p>Dispon\u00edvel at\u00e9 22\/09\/2025 ou encerramento da vaga.<\/p>\n\n\n\n<p><strong>1 vaga &#8211; Designer Gr\u00e1fico<\/strong><\/p>\n\n\n\n<p>Escolaridade &#8211; ensino superior completo ou cursando Designer Gr\u00e1fico;<\/p>\n\n\n\n<p>Experi\u00eancia &#8211; registrada na Carteira de Trabalho;<\/p>\n\n\n\n<p>Requisitos Obrigat\u00f3rios &#8211; ter disponibilidade de hor\u00e1rio, disponibilidade para viagens interestaduais e ter documenta\u00e7\u00e3o completa (com dispensa militar);<\/p>\n\n\n\n<p>Atividades &#8211; desenhos editoriais e materiais gr\u00e1ficos, desenhos de identidade visual, desenhista de p\u00e1ginas da internet, desenhista gr\u00e1fico de embalagem, desenhista gr\u00e1fico de sinaliza\u00e7\u00e3o, desenhista gr\u00e1fico de superf\u00edcie, desenhista gr\u00e1fico promocional.<\/p>\n\n\n\n<p>Dispon\u00edvel at\u00e9 22\/09\/2025 ou encerramento da vaga.<\/p>\n\n\n\n<p><strong>1 vaga &#8211; Impressor Digital Gr\u00e1fico<\/strong><\/p>\n\n\n\n<p>Escolaridade &#8211; ensino m\u00e9dio completo;<\/p>\n\n\n\n<p>Experi\u00eancia &#8211; registrada na Carteira de Trabalho;<\/p>\n\n\n\n<p>Requisitos Obrigat\u00f3rios &#8211; ter disponibilidade de hor\u00e1rio e ter documenta\u00e7\u00e3o completa;<\/p>\n\n\n\n<p>Atividades &#8211; planejar servi\u00e7os de impress\u00e3o gr\u00e1fica e ajustar m\u00e1quinas para impress\u00e3o; realizar servi\u00e7os de impress\u00e3o gr\u00e1fica, tais como impress\u00e3o plana e rotativa, impress\u00e3o digital, flexografia, litografia, tipografia, letterset, calcografia, tampografia, roto gravura e serigrafia.<\/p>\n\n\n\n<p>Dispon\u00edvel at\u00e9 22\/09\/2025 ou encerramento da vaga.<\/p>\n\n\n\n<p><strong>1 vaga &#8211; Auxiliar de Limpeza &#8211; Vagas exclusivas para Pessoa com Defici\u00eancia (PcD)<\/strong><\/p>\n\n\n\n<p>Escolaridade &#8211; ensino fundamental completo;<\/p>\n\n\n\n<p>Experi\u00eancia &#8211; seis meses na Carteira de Trabalho;<\/p>\n\n\n\n<p>Requisitos Obrigat\u00f3rios &#8211; ter documenta\u00e7\u00e3o completa (com dispensa militar);<\/p>\n\n\n\n<p>Atividades &#8211; realizar carga e descarga; organiza\u00e7\u00e3o do estoque; entrega de mercadorias.<\/p>\n\n\n\n<p>Dispon\u00edvel at\u00e9 22\/09\/2025 ou encerramento da vaga.<\/p>\n\n\n\n<p><strong>1 vaga &#8211; Auxiliar Administrativo &#8211; Vagas exclusivas para Pessoa com Defici\u00eancia (PcD)<\/strong><\/p>\n\n\n\n<p>Escolaridade &#8211; ensino m\u00e9dio completo;<\/p>\n\n\n\n<p>Experi\u00eancia &#8211; seis meses na Carteira de Trabalho;<\/p>\n\n\n\n<p>Requisitos Obrigat\u00f3rios &#8211; ter conhecimento em Pacote Office e ter documenta\u00e7\u00e3o completa;<\/p>\n\n\n\n<p>Atividades &#8211; realizar apoio no setor financeiro, entre outras atividades correlatas \u00e0 fun\u00e7\u00e3o.<\/p>\n\n\n\n<p>Dispon\u00edvel at\u00e9 22\/09\/2025 ou encerramento da vaga.<\/p>\n\n\n\n<p><strong>1 vaga &#8211; Motorista de Caminh\u00e3o 3\/4<\/strong><\/p>\n\n\n\n<p>Escolaridade &#8211; ensino m\u00e9dio completo;<\/p>\n\n\n\n<p>Experi\u00eancia &#8211; seis meses na Carteira de Trabalho;<\/p>\n\n\n\n<p>Requisitos Obrigat\u00f3rios &#8211; ter Carteira Nacional de Habilita\u00e7\u00e3o categoria \u201cD\u201d e ter documenta\u00e7\u00e3o completa;<\/p>\n\n\n\n<p>Atividades &#8211; realizar transporte de produtos, inclusive no porto de Manaus; confer\u00eancia na carga e descarga; conhecimento em notas fiscais e entrega no cliente final.<\/p>\n\n\n\n<p>Dispon\u00edvel at\u00e9 22\/09\/2025 ou encerramento da vaga.<\/p>\n\n\n\n<p><strong>2 vagas &#8211; Jardineiro<\/strong><\/p>\n\n\n\n<p>Escolaridade &#8211; ensino fundamental completo;<\/p>\n\n\n\n<p>Experi\u00eancia &#8211; seis meses na Carteira de Trabalho;<\/p>\n\n\n\n<p>Requisitos Obrigat\u00f3rios &#8211; ter documenta\u00e7\u00e3o completa (com dispensa militar);<\/p>\n\n\n\n<p>Atividades &#8211; respons\u00e1vel pela cria\u00e7\u00e3o, manuten\u00e7\u00e3o e conserva\u00e7\u00e3o de jardins, parques e \u00e1reas verdes.<\/p>\n\n\n\n<p>Dispon\u00edvel at\u00e9 22\/09\/2025 ou encerramento da vaga.<\/p>\n\n\n\n<p><strong>1 vaga &#8211; Mec\u00e2nico Diesel<\/strong><\/p>\n\n\n\n<p>Escolaridade &#8211; ensino m\u00e9dio completo ou ensino t\u00e9cnico;<\/p>\n\n\n\n<p>Experi\u00eancia &#8211; registrada na Carteira de Trabalho;<\/p>\n\n\n\n<p>Requisitos Obrigat\u00f3rios &#8211; ter documenta\u00e7\u00e3o completa (com dispensa militar);<\/p>\n\n\n\n<p>Atividades &#8211; executar servi\u00e7os de manuten\u00e7\u00e3o corretiva e preventiva dos semirreboques e equipamentos; montagem e desmontagem de ve\u00edculos e conhecimento em sistemas de freios, pneum\u00e1ticos, suspens\u00e3o, sistema de transmiss\u00e3o e motores diesel.<\/p>\n\n\n\n<p>Dispon\u00edvel at\u00e9 22\/09\/2025 ou encerramento da vaga.<\/p>\n\n\n\n<p><strong>1 vaga &#8211; Esmerilhador<\/strong><\/p>\n\n\n\n<p>Escolaridade &#8211; ensino fundamental completo ou cursando;<\/p>\n\n\n\n<p>Experi\u00eancia &#8211; seis meses na Carteira de Trabalho;<\/p>\n\n\n\n<p>Requisitos Obrigat\u00f3rios &#8211; ter disponibilidade de hor\u00e1rio e ter documenta\u00e7\u00e3o completa (com dispensa militar);<\/p>\n\n\n\n<p>Atividades &#8211; executar servi\u00e7os de soldagem em pe\u00e7as e embarca\u00e7\u00f5es; preparar equipamentos, acess\u00f3rios consum\u00edveis de soldagem e corte de pe\u00e7as a serem soldadas; operar m\u00e1quinas de solda, pontes rolantes, p\u00f3rticos, talhas sempre que necess\u00e1rio \u00e0 execu\u00e7\u00e3o do seu trabalho; atuar na limpeza e organiza\u00e7\u00e3o do seu local de trabalho e cumprir as atividades definidas no SGQ (ISO 9001) da organiza\u00e7\u00e3o.<\/p>\n\n\n\n<p>Dispon\u00edvel at\u00e9 22\/09\/2025 ou encerramento da vaga.<\/p>\n\n\n\n<p><strong>1 vaga &#8211; Auxiliar de Servi\u00e7os Gerais &#8211; Vagas exclusivas para Pessoa com Defici\u00eancia (PcD)<\/strong><\/p>\n\n\n\n<p>Escolaridade &#8211; ensino fundamental completo;<\/p>\n\n\n\n<p>Experi\u00eancia &#8211; primeiro emprego ou n\u00e3o \u00e9 necess\u00e1rio;<\/p>\n\n\n\n<p>Requisitos Obrigat\u00f3rios &#8211; ter documenta\u00e7\u00e3o completa (com dispensa militar);<\/p>\n\n\n\n<p>Atividades &#8211; fazer reparos, consertos, manuten\u00e7\u00e3o nas depend\u00eancias da empresa; seguir as orienta\u00e7\u00f5es do mestre de obra, nas execu\u00e7\u00f5es dos servi\u00e7os di\u00e1rios; executar atividades com qualidade e aplica\u00e7\u00e3o do 7S; manter e zelar pelas ferramentas de trabalho de forma racional.<\/p>\n\n\n\n<p>Dispon\u00edvel at\u00e9 22\/09\/2025 ou encerramento da vaga.<\/p>\n\n\n\n<p><strong>1 vaga &#8211; Consultor de Vendas<\/strong><\/p>\n\n\n\n<p>Escolaridade &#8211; ensino m\u00e9dio completo;<\/p>\n\n\n\n<p>Experi\u00eancia &#8211; seis meses na Carteira de Trabalho;<\/p>\n\n\n\n<p>Requisitos Obrigat\u00f3rios &#8211; ter documenta\u00e7\u00e3o completa;<\/p>\n\n\n\n<p>Atividades &#8211; realizar atendimento ao cliente em vendas de varejo.<\/p>\n\n\n\n<p>Dispon\u00edvel at\u00e9 22\/09\/2025 ou encerramento da vaga.<\/p>\n\n\n\n<p><strong>5 vagas &#8211; Analista de Marketing<\/strong><\/p>\n\n\n\n<p>Escolaridade &#8211; ensino superior completo em Marketing;<\/p>\n\n\n\n<p>Experi\u00eancia &#8211; registrada na Carteira de Trabalho;<\/p>\n\n\n\n<p>Requisitos Obrigat\u00f3rios &#8211; ter documenta\u00e7\u00e3o completa;<\/p>\n\n\n\n<p>Atividades &#8211; elaborar planos estrat\u00e9gicos, implementar atividades das \u00e1reas de neg\u00f3cios, de relacionamentos e\/ou de experi\u00eancia e de sucesso do cliente e coordenar sua execu\u00e7\u00e3o; administrar o n\u00edvel de satisfa\u00e7\u00e3o do cliente e gerenciar a jornada do cliente nas empresas; assessorar diretoria e \u00e1reas da organiza\u00e7\u00e3o e implantam a\u00e7\u00f5es de rela\u00e7\u00f5es p\u00fablicas e ouvidoria; participando da formula\u00e7\u00e3o de pol\u00edticas p\u00fablicas e administram opera\u00e7\u00f5es de e-commerce.<\/p>\n\n\n\n<p>Dispon\u00edvel at\u00e9 22\/09\/2025 ou encerramento da vaga.<\/p>\n\n\n\n<p><strong>40 vagas &#8211; Operador de M\u00e1quinas Linha Amarela<\/strong><\/p>\n\n\n\n<p>Escolaridade &#8211; ensino m\u00e9dio completo;<\/p>\n\n\n\n<p>Experi\u00eancia &#8211; seis meses na Carteira de Trabalho;<\/p>\n\n\n\n<p>Requisitos Obrigat\u00f3rios &#8211; ter Carteira Nacional de Habilita\u00e7\u00e3o categoria \u201cD\u201d, curso de Operador de M\u00e1quinas, disponibilidade de hor\u00e1rio e ter documenta\u00e7\u00e3o completa;<\/p>\n\n\n\n<p>Atividades &#8211; conduzir ve\u00edculos leves e pesados, operar m\u00e1quinas e equipamentos utilizados em obras, realizar o transporte de materiais e acompanhar o carregamento e descarregamento de cargas.<\/p>\n\n\n\n<p>Dispon\u00edvel at\u00e9 22\/09\/2025 ou encerramento da vaga.<\/p>\n\n\n\n<p><strong>1 vaga &#8211; Ajudante Geral<\/strong><\/p>\n\n\n\n<p>Escolaridade &#8211; ensino fundamental completo;<\/p>\n\n\n\n<p>Experi\u00eancia &#8211; seis meses na Carteira de Trabalho ou avulsa;<\/p>\n\n\n\n<p>Requisitos Obrigat\u00f3rios &#8211; ter documenta\u00e7\u00e3o completa (com dispensa militar);<\/p>\n\n\n\n<p>Atividades &#8211; repara\u00e7\u00e3o do canteiro de obras; demoli\u00e7\u00e3o de estruturas; preparo de materiais; carregamento, transporte e descarga de materiais; escava\u00e7\u00e3o de valas e fossas; realiza\u00e7\u00e3o de pequenos reparos e manuten\u00e7\u00e3o; limpeza de m\u00e1quinas e ferramentas; verifica\u00e7\u00e3o das condi\u00e7\u00f5es de equipamentos e reparos.<\/p>\n\n\n\n<p>Dispon\u00edvel at\u00e9 22\/09\/2025 ou encerramento da vaga.<\/p>\n\n\n\n<p><strong>1 vaga &#8211; Analista de Recursos Humanos<\/strong><\/p>\n\n\n\n<p>Escolaridade &#8211; ensino superior completo em Administra\u00e7\u00e3o ou Recursos Humanos;<\/p>\n\n\n\n<p>Experi\u00eancia &#8211; registrada na Carteira de Trabalho;<\/p>\n\n\n\n<p>Requisitos Obrigat\u00f3rios &#8211; ter documenta\u00e7\u00e3o completa;<\/p>\n\n\n\n<p>Atividades &#8211; recrutamento e sele\u00e7\u00e3o de novos talentos, desenvolvimento e treinamento de funcion\u00e1rios, administra\u00e7\u00e3o de benef\u00edcios e remunera\u00e7\u00e3o, gest\u00e3o do clima organizacional, e garantia do cumprimento da legisla\u00e7\u00e3o trabalhista.<\/p>\n\n\n\n<p>Dispon\u00edvel at\u00e9 22\/09\/2025 ou encerramento da vaga.<\/p>\n\n\n\n<p><strong>1 vaga &#8211; Analista Cont\u00e1bil<\/strong><\/p>\n\n\n\n<p>Escolaridade &#8211; ensino superior completo em Ci\u00eancias Cont\u00e1beis;<\/p>\n\n\n\n<p>Experi\u00eancia &#8211; seis meses na Carteira de Trabalho;<\/p>\n\n\n\n<p>Requisitos Obrigat\u00f3rios &#8211; ter documenta\u00e7\u00e3o completa;<\/p>\n\n\n\n<p>Atividades &#8211; realizar an\u00e1lise, classifica\u00e7\u00e3o e concilia\u00e7\u00e3o cont\u00e1bil e fiscal, executar an\u00e1lise e concilia\u00e7\u00e3o de contas, apura\u00e7\u00e3o de impostos, elabora\u00e7\u00e3o e entrega de obriga\u00e7\u00f5es acess\u00f3rias, an\u00e1lise de documenta\u00e7\u00e3o fiscal, planejamento tribut\u00e1rio.<\/p>\n\n\n\n<p>Dispon\u00edvel at\u00e9 22\/09\/2025 ou encerramento da vaga.<\/p>\n\n\n\n<p><strong>1 vaga &#8211; Pedreiro<\/strong><\/p>\n\n\n\n<p>Escolaridade &#8211; ensino fundamental completo;<\/p>\n\n\n\n<p>Experi\u00eancia &#8211; seis meses na Carteira de Trabalho;<\/p>\n\n\n\n<p>Requisitos Obrigat\u00f3rios &#8211; ter documenta\u00e7\u00e3o completa (com dispensa militar);<\/p>\n\n\n\n<p>Atividades &#8211; organizar e preparar o local de trabalho na obra; construir funda\u00e7\u00f5es e estruturas de alvenaria, aplicar revestimentos e contrapisos.<\/p>\n\n\n\n<p>Dispon\u00edvel at\u00e9 22\/09\/2025 ou encerramento da vaga.<\/p>\n\n\n\n<p><strong>1 vaga &#8211; Auxiliar de Limpeza<\/strong><\/p>\n\n\n\n<p>Escolaridade &#8211; ensino fundamental completo;<\/p>\n\n\n\n<p>Experi\u00eancia &#8211; seis meses na Carteira de Trabalho ou avulsa;<\/p>\n\n\n\n<p>Requisitos Obrigat\u00f3rios &#8211; ter documenta\u00e7\u00e3o completa (com dispensa militar);<\/p>\n\n\n\n<p>Atividades &#8211; fazer a limpeza das depend\u00eancias da empresa, utilizando-se de material e equipamento espec\u00edfico como reparos, limpezas e inspe\u00e7\u00f5es, seguindo a orienta\u00e7\u00e3o de t\u00e9cnicos.<\/p>\n\n\n\n<p>Dispon\u00edvel at\u00e9 22\/09\/2025 ou encerramento da vaga.<\/p>\n\n\n\n<p><strong>Vagas no Com\u00e9rcio &#8211; 36<\/strong><\/p>\n\n\n\n<p><strong>2 vagas &#8211; Motorista<\/strong><\/p>\n\n\n\n<p>Escolaridade &#8211; ensino m\u00e9dio completo;<\/p>\n\n\n\n<p>Experi\u00eancia &#8211; seis meses na Carteira de Trabalho;<\/p>\n\n\n\n<p>Requisitos Obrigat\u00f3rios &#8211; ter Carteira Nacional de Habilita\u00e7\u00e3o categoria \u201cD\u201d, experi\u00eancia com caminh\u00e3o Toco, Trucado e ter documenta\u00e7\u00e3o completa (com dispensa militar);<\/p>\n\n\n\n<p>Atividades &#8211; conferir mercadorias; dar suporte em carga e descarga de materiais e produtos; movimentar mercadorias para entrega ao cliente; demais atividades pertinentes a fun\u00e7\u00e3o.<\/p>\n\n\n\n<p>Dispon\u00edvel at\u00e9 22\/09\/2025 ou encerramento da vaga.<\/p>\n\n\n\n<p><strong>1 vaga &#8211; Motorista Entregador<\/strong><\/p>\n\n\n\n<p>Escolaridade &#8211; ensino m\u00e9dio completo;<\/p>\n\n\n\n<p>Experi\u00eancia &#8211; quatro meses na Carteira de Trabalho;<\/p>\n\n\n\n<p>Requisitos Obrigat\u00f3rios &#8211; ter Carteira Nacional de Habilita\u00e7\u00e3o categoria \u201cD\u201d, experi\u00eancia com caminh\u00e3o ba\u00fa e ter documenta\u00e7\u00e3o completa (com dispensa militar);<\/p>\n\n\n\n<p>Atividades &#8211; entregar em supermercados parceiros da nossa empresa com agilidade e obedi\u00eancia \u00e0s normas, e fazer viagens para a retirada de nossos produtos com nossos fornecedores de cidades vizinhas.<\/p>\n\n\n\n<p>Dispon\u00edvel at\u00e9 22\/09\/2025 ou encerramento da vaga.<\/p>\n\n\n\n<p><strong>20 vagas &#8211; Operador de Lojas<\/strong><\/p>\n\n\n\n<p>Escolaridade &#8211; ensino m\u00e9dio completo;<\/p>\n\n\n\n<p>Experi\u00eancia &#8211; n\u00e3o \u00e9 necess\u00e1rio;<\/p>\n\n\n\n<p>Requisitos Obrigat\u00f3rios &#8211; ter documenta\u00e7\u00e3o completa (com dispensa militar);<\/p>\n\n\n\n<p>Atividades &#8211; respons\u00e1vel pelo atendimento ao cliente, opera\u00e7\u00e3o de caixa e reposi\u00e7\u00e3o de mercadorias.<\/p>\n\n\n\n<p>Dispon\u00edvel at\u00e9 22\/09\/2025 ou encerramento da vaga.<\/p>\n\n\n\n<p><strong>5 vagas &#8211; Estoquista<\/strong><\/p>\n\n\n\n<p>Escolaridade &#8211; ensino m\u00e9dio completo;<\/p>\n\n\n\n<p>Experi\u00eancia &#8211; n\u00e3o \u00e9 necess\u00e1rio;<\/p>\n\n\n\n<p>Requisitos Obrigat\u00f3rios &#8211; ter curso de Inform\u00e1tica b\u00e1sica e ter documenta\u00e7\u00e3o completa (com dispensa militar);<\/p>\n\n\n\n<p>Atividades &#8211; receber, conferir, armazenar, organizar e controlar mercadorias, materiais e produtos.<\/p>\n\n\n\n<p>Dispon\u00edvel at\u00e9 22\/09\/2025 ou encerramento da vaga.<\/p>\n\n\n\n<p><strong>5 vagas &#8211; Balconista<\/strong><\/p>\n\n\n\n<p>Escolaridade &#8211; ensino m\u00e9dio completo;<\/p>\n\n\n\n<p>Experi\u00eancia &#8211; seis meses meses na Carteira de Trabalho;<\/p>\n\n\n\n<p>Requisitos Obrigat\u00f3rios &#8211; ter curso de Inform\u00e1tica b\u00e1sica, experi\u00eancia na \u00e1rea de vendas, atendimento ao cliente e ter documenta\u00e7\u00e3o completa;<\/p>\n\n\n\n<p>Atividades &#8211; atender e aconselhar clientes na escolha de arma\u00e7\u00f5es, lentes e lentes de contato, realizar vendas e acompanhamento do p\u00f3s-venda, organizar a loja e a vitrine, e auxiliar no preenchimento de ordens de servi\u00e7o e no acompanhamento com o laborat\u00f3rio para garantir a entrega dos produtos.<\/p>\n\n\n\n<p>Dispon\u00edvel at\u00e9 22\/09\/2025 ou encerramento da vaga.<\/p>\n\n\n\n<p><strong>1 vaga &#8211; Estoquista<\/strong><\/p>\n\n\n\n<p>Escolaridade &#8211; ensino m\u00e9dio completo;<\/p>\n\n\n\n<p>Experi\u00eancia &#8211; seis meses na Carteira de Trabalho;<\/p>\n\n\n\n<p>Requisitos Obrigat\u00f3rios &#8211; ter documenta\u00e7\u00e3o completa (com dispensa militar);<\/p>\n\n\n\n<p>Atividades &#8211; receber, conferir, armazenar, organizar e controlar mercadorias, materiais e produtos.<\/p>\n\n\n\n<p>Dispon\u00edvel at\u00e9 22\/09\/2025 ou encerramento da vaga.<\/p>\n\n\n\n<p><strong>1 vaga &#8211; Vendedor de Autope\u00e7as<\/strong><\/p>\n\n\n\n<p>Escolaridade &#8211; ensino m\u00e9dio completo;<\/p>\n\n\n\n<p>Experi\u00eancia &#8211; n\u00e3o \u00e9 necess\u00e1rio;<\/p>\n\n\n\n<p>Requisitos Obrigat\u00f3rios &#8211; ter documenta\u00e7\u00e3o completa (com dispensa militar);<\/p>\n\n\n\n<p>Atividades &#8211; atendimento ao cliente; indica\u00e7\u00e3o e recomenda\u00e7\u00e3o de pe\u00e7as adequadas; emiss\u00e3o de pedidos e or\u00e7amentos; organiza\u00e7\u00e3o do ambiente de trabalho.<\/p>\n\n\n\n<p>Dispon\u00edvel at\u00e9 22\/09\/2025 ou encerramento da vaga.<\/p>\n\n\n\n<p><strong>1 vaga &#8211; Motorista<\/strong><\/p>\n\n\n\n<p>Escolaridade &#8211; ensino m\u00e9dio completo;<\/p>\n\n\n\n<p>Experi\u00eancia &#8211; seis meses na Carteira de Trabalho;<\/p>\n\n\n\n<p>Requisitos Obrigat\u00f3rios &#8211; ter Carteira Nacional de Habilita\u00e7\u00e3o categoria \u201cD\u201d, curso Mopp e ter documenta\u00e7\u00e3o completa (com dispensa militar);<\/p>\n\n\n\n<p>Atividades &#8211; conferir mercadorias; dar suporte em carga e descarga de materiais e produtos; movimentar mercadorias para entrega ao cliente; demais atividades pertinentes a fun\u00e7\u00e3o.<\/p>\n\n\n\n<p>Dispon\u00edvel at\u00e9 22\/09\/2025 ou encerramento da vaga.<\/p>\n\n\n\n<p><strong>Vagas na Ind\u00fastria &#8211; 109<\/strong><\/p>\n\n\n\n<p><strong>50 vagas &#8211; Auxiliar de Linha de Produ\u00e7\u00e3o<\/strong><\/p>\n\n\n\n<p>Escolaridade &#8211; ensino fundamental incompleto;<\/p>\n\n\n\n<p>Experi\u00eancia &#8211; n\u00e3o \u00e9 necess\u00e1rio;<\/p>\n\n\n\n<p>Requisitos Obrigat\u00f3rios &#8211; a vaga \u00e9 destinada para candidatos que est\u00e3o em busca de novos desafios; o candidato vai precisar morar em: V\u00e1rzea Grande (MT) e ter documenta\u00e7\u00e3o completa (com dispensa militar);<\/p>\n\n\n\n<p>Atividades &#8211; executar atividades operacionais em setores de apoio ou produ\u00e7\u00e3o de frios, visando garantir a manuten\u00e7\u00e3o, organiza\u00e7\u00e3o, limpeza ou opera\u00e7\u00e3o de atividades na unidade.<\/p>\n\n\n\n<p>Dispon\u00edvel at\u00e9 22\/09\/2025 ou encerramento da vaga.<\/p>\n\n\n\n<p><strong>25 vagas &#8211; Alimentador de Linha de Produ\u00e7\u00e3o<\/strong><\/p>\n\n\n\n<p>Escolaridade &#8211; ensino fundamental incompleto;<\/p>\n\n\n\n<p>Experi\u00eancia &#8211; n\u00e3o \u00e9 necess\u00e1rio;<\/p>\n\n\n\n<p>Requisitos Obrigat\u00f3rios &#8211; a vaga \u00e9 destinada para candidatos que est\u00e3o em busca de novos desafios; o candidato vai precisar morar em: Promiss\u00e3o &#8211; SP e documenta\u00e7\u00e3o completa (com dispensa militar);<\/p>\n\n\n\n<p>Atividades &#8211; auxiliar a ind\u00fastria de abate bovino.<\/p>\n\n\n\n<p>Dispon\u00edvel at\u00e9 22\/09\/2025 ou encerramento da vaga.<\/p>\n\n\n\n<p><strong>30 vagas &#8211; Auxiliar de Linha de Produ\u00e7\u00e3o<\/strong><\/p>\n\n\n\n<p>Escolaridade &#8211; ensino fundamental completo;<\/p>\n\n\n\n<p>Experi\u00eancia &#8211; n\u00e3o \u00e9 necess\u00e1rio;<\/p>\n\n\n\n<p>Requisitos Obrigat\u00f3rios &#8211; a vaga \u00e9 destinada para candidatos que est\u00e3o em busca de novos desafios; o candidato vai precisar morar em: Estrela d&#8217;Oeste &#8211; SP, ter disponibilidade de hor\u00e1rio e ter documenta\u00e7\u00e3o completa;<\/p>\n\n\n\n<p>Atividades &#8211; executar atividades operacionais em setores de apoio ou produ\u00e7\u00e3o de frios, visando garantir a manuten\u00e7\u00e3o, organiza\u00e7\u00e3o, limpeza ou opera\u00e7\u00e3o de atividades na unidade.<\/p>\n\n\n\n<p>Dispon\u00edvel at\u00e9 22\/09\/2025 ou encerramento da vaga.<\/p>\n\n\n\n<p><strong>2 vagas &#8211; Auxiliar de Mec\u00e2nica de Manuten\u00e7\u00e3o<\/strong><\/p>\n\n\n\n<p>Escolaridade &#8211; ensino m\u00e9dio completo;<\/p>\n\n\n\n<p>Experi\u00eancia &#8211; seis meses na Carteira de Trabalho;<\/p>\n\n\n\n<p>Requisitos Obrigat\u00f3rios &#8211; ter curso de NR 12, NR 35 e ter documenta\u00e7\u00e3o completa (com dispensa militar);<\/p>\n\n\n\n<p>Atividades &#8211; auxiliar na manuten\u00e7\u00e3o de m\u00e1quinas, motores e equipamentos industriais; realizar transporte de equipamentos e ferramentas necess\u00e1rios ao trabalho; realizar a limpeza, conserva\u00e7\u00e3o e guarda das pe\u00e7as e de ferramentas e equipamentos utilizados.<\/p>\n\n\n\n<p>Dispon\u00edvel at\u00e9 22\/09\/2025 ou encerramento da vaga.<\/p>\n\n\n\n<p><strong>2 vagas &#8211; Operador de Empilhadeira<\/strong><\/p>\n\n\n\n<p>Escolaridade &#8211; ensino m\u00e9dio completo;<\/p>\n\n\n\n<p>Experi\u00eancia &#8211; seis meses na Carteira de Trabalho;<\/p>\n\n\n\n<p>Requisitos Obrigat\u00f3rios &#8211; ter curso de NR 11, Carteira Nacional de Habilita\u00e7\u00e3o categoria \u201cB\u201d e ter documenta\u00e7\u00e3o completa (com dispensa militar);<\/p>\n\n\n\n<p>Atividades &#8211; operar empilhadeiras, transportando, movimentando e empilhando cargas, tendo em vista armazenagem, abastecimento de linha de produ\u00e7\u00e3o e expedi\u00e7\u00e3o de produtos; inspecionar a carga, identificando simbologia das embalagens e separando carga n\u00e3o-conforme.<\/p>\n\n\n\n<p>Dispon\u00edvel at\u00e9 22\/09\/2025 ou encerramento da vaga.<\/p>\n\n\n\n<p><strong>Vagas em Servi\u00e7os &#8211; 42<\/strong><\/p>\n\n\n\n<p><strong>1 vaga &#8211; Fonoaudi\u00f3logo<\/strong><\/p>\n\n\n\n<p>Escolaridade &#8211; ensino superior completo em Fonoaudiologia;<\/p>\n\n\n\n<p>Experi\u00eancia &#8211; seis meses na Carteira de Trabalho;<\/p>\n\n\n\n<p>Requisitos Obrigat\u00f3rios &#8211; ter conhecimento em software winaudio e audi\u00f4metro AVS 500 e ter documenta\u00e7\u00e3o completa;<\/p>\n\n\n\n<p>Atividades &#8211; realizar exame de audiometria tonal.<\/p>\n\n\n\n<p>Dispon\u00edvel at\u00e9 22\/09\/2025 ou encerramento da vaga.<\/p>\n\n\n\n<p><strong>2 vagas &#8211; Mec\u00e2nico de Refrigera\u00e7\u00e3o<\/strong><\/p>\n\n\n\n<p>Escolaridade &#8211; ensino m\u00e9dio completo;<\/p>\n\n\n\n<p>Experi\u00eancia &#8211; registrada na Carteira de Trabalho;<\/p>\n\n\n\n<p>Requisitos Obrigat\u00f3rios &#8211; ter curso de Mec\u00e2nico de Refrigera\u00e7\u00e3o, conhecimento em manuten\u00e7\u00e3o de Self, Splits piso de teto e ter documenta\u00e7\u00e3o completa (com dispensa militar);<\/p>\n\n\n\n<p>Atividades &#8211; realizar instala\u00e7\u00e3o e manuten\u00e7\u00e3o em equipamentos de refrigera\u00e7\u00e3o e climatiza\u00e7\u00e3o comercial, respeitando legisla\u00e7\u00f5es, normas t\u00e9cnicas, ambientais, de qualidade, de sa\u00fade e de seguran\u00e7a.<\/p>\n\n\n\n<p>Dispon\u00edvel at\u00e9 22\/09\/2025 ou encerramento da vaga.<\/p>\n\n\n\n<p><strong>1 vaga &#8211; Pedreiro<\/strong><\/p>\n\n\n\n<p>Escolaridade &#8211; ensino fundamental completo;<\/p>\n\n\n\n<p>Experi\u00eancia &#8211; seis meses na Carteira de Trabalho;<\/p>\n\n\n\n<p>Requisitos Obrigat\u00f3rios &#8211; ter documenta\u00e7\u00e3o completa (com dispensa militar);<\/p>\n\n\n\n<p>Atividades &#8211; assentar tijolos, blocos e outros materiais preparar argamassa realizar acabamento em alvenaria seguir orienta\u00e7\u00f5es de mestre de obras ou engenheiro respons\u00e1vel manter o local de trabalho limpo e organizado.<\/p>\n\n\n\n<p>Dispon\u00edvel at\u00e9 22\/09\/2025 ou encerramento da vaga.<\/p>\n\n\n\n<p><strong>1 vaga &#8211; Bombeiro Hidr\u00e1ulico<\/strong><\/p>\n\n\n\n<p>Escolaridade &#8211; ensino fundamental completo;<\/p>\n\n\n\n<p>Experi\u00eancia &#8211; registrada na Carteira de Trabalho;<\/p>\n\n\n\n<p>Requisitos Obrigat\u00f3rios &#8211; ter curso de EPIs, NR 33, NR 35 e ter documenta\u00e7\u00e3o completa (com dispensa militar);<\/p>\n\n\n\n<p>Atividades &#8211; instala\u00e7\u00e3o e manuten\u00e7\u00e3o de sistemas hidr\u00e1ulicos, que incluem tubula\u00e7\u00f5es de \u00e1gua, esgoto, g\u00e1s e drenagem; garantir o funcionamento adequado e seguro desses sistemas, realizando reparos em vazamentos, desobstruindo canos, instalando equipamentos como bombas e v\u00e1lvulas, e assegurando a distribui\u00e7\u00e3o correta de l\u00edquidos em edifica\u00e7\u00f5es.<\/p>\n\n\n\n<p>Dispon\u00edvel at\u00e9 22\/09\/2025 ou encerramento da vaga.<\/p>\n\n\n\n<p><strong>1 vaga &#8211; Art\u00edfice<\/strong><\/p>\n\n\n\n<p>Escolaridade &#8211; ensino fundamental completo;<\/p>\n\n\n\n<p>Experi\u00eancia &#8211; registrada na Carteira de Trabalho;<\/p>\n\n\n\n<p>Requisitos Obrigat\u00f3rios &#8211; ter curso de EPIs, NR 33, NR 35 e ter documenta\u00e7\u00e3o completa (com dispensa militar);<\/p>\n\n\n\n<p>Atividades &#8211; executar servi\u00e7os de manuten\u00e7\u00e3o predial, abrangendo v\u00e1rias \u00e1reas como hidr\u00e1ulica, el\u00e9trica, pintura, alvenaria, carpintaria e pequenos reparos em geral.<\/p>\n\n\n\n<p>Dispon\u00edvel at\u00e9 22\/09\/2025 ou encerramento da vaga.<\/p>\n\n\n\n<p><strong>1 vaga &#8211; Analista de Departamento Pessoal<\/strong><\/p>\n\n\n\n<p>Escolaridade &#8211; ensino superior completo em Gest\u00e3o de Recursos Humanos ou Ci\u00eancias Cont\u00e1beis;<\/p>\n\n\n\n<p>Experi\u00eancia &#8211; registrada na Carteira de Trabalho;<\/p>\n\n\n\n<p>Requisitos Obrigat\u00f3rios &#8211; ter documenta\u00e7\u00e3o completa;<\/p>\n\n\n\n<p>Atividades &#8211; realizar administra\u00e7\u00e3o de folha de pagamento, confer\u00eancia e processamento da folha, c\u00e1lculo de encargos trabalhistas, controle de ponto eletr\u00f4nico, gest\u00e3o de admiss\u00f5es e desligamentos, preparar e registrar contratos de trabalho, processar rescis\u00f5es contratuais, c\u00e1lculos de verbas rescis\u00f3rias e homologa\u00e7\u00f5es, entre outras atividades correlatas \u00e0 fun\u00e7\u00e3o.<\/p>\n\n\n\n<p>Dispon\u00edvel at\u00e9 22\/09\/2025 ou encerramento da vaga.<\/p>\n\n\n\n<p><strong>20 vagas &#8211; Agente de Portaria<\/strong><\/p>\n\n\n\n<p>Escolaridade &#8211; ensino m\u00e9dio completo;<\/p>\n\n\n\n<p>Experi\u00eancia &#8211; seis meses na Carteira de Trabalho ou primeiro emprego;<\/p>\n\n\n\n<p>Requisitos Obrigat\u00f3rios &#8211; ter curso de Agente de Portaria e ter documenta\u00e7\u00e3o completa (com dispensa militar);<\/p>\n\n\n\n<p>Atividades &#8211; zelar pela guarda do patrim\u00f4nio e exercer a vigil\u00e2ncia de f\u00e1bricas, armaz\u00e9ns, resid\u00eancias, estacionamentos, edif\u00edcios p\u00fablicos, privados e outros estabelecimentos, percorrendo-os sistematicamente e inspecionando suas depend\u00eancias, para evitar inc\u00eandios, roubos, entrada de pessoas estranhas e outras anormalidades; controlar fluxo de pessoas, identificar, orientar e encaminhar para os lugares desejados; escoltar pessoas e mercadorias; fazer manuten\u00e7\u00f5es simples nos locais de trabalho.<\/p>\n\n\n\n<p>Dispon\u00edvel at\u00e9 22\/09\/2025 ou encerramento da vaga.<\/p>\n\n\n\n<p><strong>1 vaga &#8211; Agente Operacional<\/strong><\/p>\n\n\n\n<p>Escolaridade &#8211; ensino m\u00e9dio completo;<\/p>\n\n\n\n<p>Experi\u00eancia &#8211; seis meses na Carteira de Trabalho;<\/p>\n\n\n\n<p>Requisitos Obrigat\u00f3rios &#8211; ter curso de Agente de Portaria e ter documenta\u00e7\u00e3o completa;<\/p>\n\n\n\n<p>Atividades &#8211; realizar a fiscaliza\u00e7\u00e3o de entrada e sa\u00edda de pessoas e ve\u00edculos, identificar as pessoas para vedar a entrada de pessoas indesejadas ou encaminhar as demais ao destino solicitado, e por auxiliar na fiscaliza\u00e7\u00e3o e aplica\u00e7\u00e3o de normas internas e externas.<\/p>\n\n\n\n<p>Dispon\u00edvel at\u00e9 22\/09\/2025 ou encerramento da vaga.<\/p>\n\n\n\n<p><strong>1 vaga &#8211; Costureira<\/strong><\/p>\n\n\n\n<p>Escolaridade &#8211; ensino m\u00e9dio completo;<\/p>\n\n\n\n<p>Experi\u00eancia &#8211; seis meses na Carteira de Trabalho;<\/p>\n\n\n\n<p>Requisitos Obrigat\u00f3rios &#8211; ter documenta\u00e7\u00e3o completa;<\/p>\n\n\n\n<p>Atividades &#8211; modelagem, corte e costura, utilizando m\u00e1quinas e t\u00e9cnicas manuais para criar roupas personalizadas ou realizar ajustes em pe\u00e7as prontas.<\/p>\n\n\n\n<p>Dispon\u00edvel at\u00e9 22\/09\/2025 ou encerramento da vaga.<\/p>\n\n\n\n<p><strong>1 vaga &#8211; Marceneiro<\/strong><\/p>\n\n\n\n<p>Escolaridade &#8211; ensino m\u00e9dio completo;<\/p>\n\n\n\n<p>Experi\u00eancia &#8211; registrada na Carteira de Trabalho;<\/p>\n\n\n\n<p>Requisitos Obrigat\u00f3rios &#8211; ter documenta\u00e7\u00e3o completa (com dispensa militar);<\/p>\n\n\n\n<p>Atividades &#8211; confec\u00e7\u00e3o e reparo de m\u00f3veis e outros objetos de madeira, utilizando ferramentas e m\u00e1quinas para cortar, lixar, montar e dar acabamento a pe\u00e7as, que podem ser personalizadas ou produzidas em s\u00e9rie, e que v\u00e3o desde pe\u00e7as decorativas at\u00e9 estruturas para a constru\u00e7\u00e3o civil, como forros e molduras.<\/p>\n\n\n\n<p>Dispon\u00edvel at\u00e9 22\/09\/2025 ou encerramento da vaga.<\/p>\n\n\n\n<p><strong>1 vaga &#8211; Motorista<\/strong><\/p>\n\n\n\n<p>Escolaridade &#8211; ensino m\u00e9dio completo;<\/p>\n\n\n\n<p>Experi\u00eancia &#8211; registrada na Carteira de Trabalho;<\/p>\n\n\n\n<p>Requisitos Obrigat\u00f3rios &#8211; ter Carteira Nacional de Habilita\u00e7\u00e3o categoria \u201cB\u201d e ter documenta\u00e7\u00e3o completa (com dispensa militar);<\/p>\n\n\n\n<p>Atividades &#8211; dirigir ve\u00edculos de passeio, utilit\u00e1rios e vans, transportar cargas e pessoas, realizar rotas e confer\u00eancias, manter o ve\u00edculo organizado e realizar manuten\u00e7\u00f5es b\u00e1sicas.<\/p>\n\n\n\n<p>Dispon\u00edvel at\u00e9 22\/09\/2025 ou encerramento da vaga.<\/p>\n\n\n\n<p><strong>1 vaga &#8211; Vendedor de Autope\u00e7as<\/strong><\/p>\n\n\n\n<p>Escolaridade &#8211; ensino m\u00e9dio completo;<\/p>\n\n\n\n<p>Experi\u00eancia &#8211; n\u00e3o \u00e9 necess\u00e1rio;<\/p>\n\n\n\n<p>Requisitos Obrigat\u00f3rios &#8211; ter documenta\u00e7\u00e3o completa (com dispensa militar);<\/p>\n\n\n\n<p>Atividades &#8211; atendimento ao cliente; indica\u00e7\u00e3o e recomenda\u00e7\u00e3o de pe\u00e7as adequadas; emiss\u00e3o de pedidos e or\u00e7amentos; organiza\u00e7\u00e3o do ambiente de trabalhos.<\/p>\n\n\n\n<p>Dispon\u00edvel at\u00e9 22\/09\/2025 ou encerramento da vaga.<\/p>\n\n\n\n<p><strong>1 vaga &#8211; Auxiliar T\u00e9cnico<\/strong><\/p>\n\n\n\n<p>Escolaridade &#8211; ensino m\u00e9dio completo;<\/p>\n\n\n\n<p>Experi\u00eancia &#8211; seis meses na Carteira de Trabalho ou n\u00e3o \u00e9 necess\u00e1rio;<\/p>\n\n\n\n<p>Requisitos Obrigat\u00f3rios &#8211; ter Carteira Nacional de Habilita\u00e7\u00e3o categoria \u201cAB\u201d, curso de Atendimento ao Cliente, Inform\u00e1tica b\u00e1sica, NR 35 e ter documenta\u00e7\u00e3o completa (com dispensa militar);<\/p>\n\n\n\n<p>Atividades &#8211; realizar as demandas de instala\u00e7\u00e3o de novos clientes; manuten\u00e7\u00e3o de clientes que j\u00e1 se encontram na base; realizar os lan\u00e7amentos de fibra; seguir cronograma de atividades estipuladas pelo l\u00edder.<\/p>\n\n\n\n<p>Dispon\u00edvel at\u00e9 22\/09\/2025 ou encerramento da vaga.<\/p>\n\n\n\n<p><strong>1 vaga &#8211; Promotor de Vendas Externo<\/strong><\/p>\n\n\n\n<p>Escolaridade &#8211; ensino m\u00e9dio completo;<\/p>\n\n\n\n<p>Experi\u00eancia &#8211; seis meses na Carteira de Trabalho ou n\u00e3o \u00e9 necess\u00e1rio;<\/p>\n\n\n\n<p>Requisitos Obrigat\u00f3rios &#8211; ter disponibilidade de hor\u00e1rio, residir na Zona Leste ou proximidades e ter documenta\u00e7\u00e3o completa;<\/p>\n\n\n\n<p>Atividades &#8211; promover os produtos da empresa nos pontos de venda; realizar abordagem e atendimento aos clientes; realizar panfletagens em eventos; realizar a\u00e7\u00f5es promocionais para impulsionar as vendas; prospectar novos clientes e manter um bom relacionamento com os clientes existente e reportar resultados e sugest\u00f5es para melhoria do desempenho de vendas.<\/p>\n\n\n\n<p>Dispon\u00edvel at\u00e9 22\/09\/2025 ou encerramento da vaga.<\/p>\n\n\n\n<p><strong>2 vagas &#8211; Mec\u00e2nico de Ve\u00edculos Automotores<\/strong><\/p>\n\n\n\n<p>Escolaridade &#8211; ensino fundamental completo;<\/p>\n\n\n\n<p>Experi\u00eancia &#8211; tr\u00eas meses na Carteira de Trabalho;<\/p>\n\n\n\n<p>Requisitos Obrigat\u00f3rios &#8211; ter curso de Mec\u00e2nica de Ve\u00edculos, experi\u00eancia com ve\u00edculos de grande porte (\u00f4nibus, caminh\u00e3o) e ter documenta\u00e7\u00e3o completa (com dispensa militar);<\/p>\n\n\n\n<p>Atividades &#8211; realizar manuten\u00e7\u00e3o preventiva e corretiva, realizar troca de itens do sistema de frenagem, executar a troca de barra de dire\u00e7\u00e3o, caixa de dire\u00e7\u00e3o, bomba hidr\u00e1ulica, executar a troca de molas, grampos, barra estabilizadora, chapa estabilizadora, amortecedor de borracha, executar a recupera\u00e7\u00e3o e troca de v\u00e1lvulas do sistema de freio, embreagem e acionamento das portas.<\/p>\n\n\n\n<p>Dispon\u00edvel at\u00e9 22\/09\/2025 ou encerramento da vaga.<\/p>\n\n\n\n<p><strong>1 vaga &#8211; Eletricista<\/strong><\/p>\n\n\n\n<p>Escolaridade &#8211; ensino fundamental completo;<\/p>\n\n\n\n<p>Experi\u00eancia &#8211; tr\u00eas meses na Carteira de Trabalho;<\/p>\n\n\n\n<p>Requisitos Obrigat\u00f3rios &#8211; ter conhecimento de el\u00e9trica de autom\u00f3veis (\u00f4nibus, caminh\u00e3o) e ter documenta\u00e7\u00e3o completa (com dispensa militar);<\/p>\n\n\n\n<p>Atividades &#8211; realizar manuten\u00e7\u00e3o preventiva e corretiva dos componentes el\u00e9tricos e eletr\u00f4nicos dos ve\u00edculos, realizar a repara\u00e7\u00e3o e substitui\u00e7\u00e3o de partida, alternadores e itiner\u00e1rios, realizar a troca dos componentes el\u00e9tricos com defeito, executar outras tarefas de mesma natureza e n\u00edvel de complexidade associadas ao ambiente organizacional.<\/p>\n\n\n\n<p>Dispon\u00edvel at\u00e9 22\/09\/2025 ou encerramento da vaga.<\/p>\n\n\n\n<p><strong>5 vagas &#8211; Auxiliar de Log\u00edstica<\/strong><\/p>\n\n\n\n<p>Escolaridade &#8211; ensino fundamental completo;<\/p>\n\n\n\n<p>Experi\u00eancia &#8211; tr\u00eas meses na Carteira de Trabalho ou cursos na \u00e1rea;<\/p>\n\n\n\n<p>Requisitos Obrigat\u00f3rios &#8211; residir na Zona Norte ou proximidades do Santa Etelvina e ter documenta\u00e7\u00e3o completa (com dispensa militar);<\/p>\n\n\n\n<p>Atividades &#8211; realizar recebimento e expedi\u00e7\u00e3o de mercadorias, controle e organiza\u00e7\u00e3o de estoque, separa\u00e7\u00e3o e embalagem de pedidos, armazenamento adequado de materiais, operacionaliza\u00e7\u00e3o de distribui\u00e7\u00e3o e entregas, atendimento ao cliente.<\/p>\n\n\n\n<p>Dispon\u00edvel at\u00e9 22\/09\/2025 ou encerramento da vaga.<\/p>\n\n\n\n<p><strong>Vagas exclusivas para Pessoas com Defici\u00eancia (PcDs) &#8211; 6<\/strong><\/p>\n\n\n\n<p><strong>1 vaga &#8211; Auxiliar de Servi\u00e7os Gerais &#8211; Vagas exclusivas para Pessoa com Defici\u00eancia (PcD)<\/strong><\/p>\n\n\n\n<p>Escolaridade &#8211; ensino fundamental completo;<\/p>\n\n\n\n<p>Experi\u00eancia &#8211; seis meses na Carteira de Trabalho;<\/p>\n\n\n\n<p>Requisitos Obrigat\u00f3rios &#8211; ter documenta\u00e7\u00e3o completa (com dispensa militar);<\/p>\n\n\n\n<p>Atividades &#8211; atender as necessidades de limpeza, manuten\u00e7\u00e3o e conserva\u00e7\u00e3o das instala\u00e7\u00f5es da institui\u00e7\u00e3o, removendo p\u00f3 de m\u00f3veis, paredes, tetos, portas, janelas e equipamentos.<\/p>\n\n\n\n<p>Dispon\u00edvel at\u00e9 22\/09\/2025 ou encerramento da vaga.<\/p>\n\n\n\n<p><strong>5 vagas &#8211; Ajudante de Dep\u00f3sito &#8211; Vagas exclusivas para Pessoa com Defici\u00eancia (PcD)<\/strong><\/p>\n\n\n\n<p>Escolaridade &#8211; ensino m\u00e9dio completo;<\/p>\n\n\n\n<p>Experi\u00eancia &#8211; n\u00e3o \u00e9 necess\u00e1rio;<\/p>\n\n\n\n<p>Requisitos Obrigat\u00f3rios &#8211; ter documenta\u00e7\u00e3o completa (com dispensa militar);<\/p>\n\n\n\n<p>Atividades &#8211; embarque e desembarque de mercadorias, etiquetagem, organiza\u00e7\u00e3o do ambiente de trabalho.<\/p>\n\n\n\n<p>Dispon\u00edvel at\u00e9 22\/09\/2025 ou encerramento da vaga.<\/p>\n\n\n\n<p>&#8212; &#8212; &#8212;<\/p>\n\n\n\n<p><strong>Texto \u2013&nbsp;<\/strong>Divulga\u00e7\u00e3o\/Semtepi<\/p>\n\n\n\n<p><strong>Fotos \u2013&nbsp;<\/strong>Arquivo\/Semcom<\/p>\n\n\n\n<p><strong>Dispon\u00edveis em &#8211;&nbsp;<\/strong><a href=\"https:\/\/flic.kr\/s\/aHBqjCetWK\">https:\/\/flic.kr\/s\/aHBqjCetWK<\/a><\/p>\n","protected":false},"excerpt":{"rendered":"","protected":false},"author":39,"featured_media":6061,"comment_status":"closed","ping_status":"closed","sticky":false,"template":"","format":"standard","meta":{"footnotes":""},"categories":[5],"tags":[595,1535,7,8,9,10],"acf":[],"yoast_head":"<!-- This site is optimized with the Yoast SEO plugin v23.0 - https:\/\/yoast.com\/wordpress\/plugins\/seo\/ -->\n<title>Sine Manaus oferta 317 vagas de emprego nesta segunda-feira<\/title>\n<meta name=\"description\" content=\"Prefeitura de Manaus, por meio do Sine Manaus, oferta 317 vagas de emprego em v\u00e1rias \u00e1reas de atua\u00e7\u00e3o, nesta segunda-feira, 22\/9.\" \/>\n<meta name=\"robots\" content=\"noindex, follow\" \/>\n<meta property=\"og:locale\" content=\"pt_BR\" \/>\n<meta property=\"og:type\" content=\"article\" \/>\n<meta property=\"og:title\" content=\"Sine Manaus oferta 317 vagas de emprego nesta segunda-feira\" \/>\n<meta property=\"og:description\" content=\"Prefeitura de Manaus, por meio do Sine Manaus, oferta 317 vagas de emprego em v\u00e1rias \u00e1reas de atua\u00e7\u00e3o, nesta segunda-feira, 22\/9.\" \/>\n<meta property=\"og:url\" content=\"https:\/\/www.manaus.am.gov.br\/semtepi\/oportunidade\/sine-manaus-317-vagas-emprego-22-9\/\" \/>\n<meta property=\"og:site_name\" content=\"SEMTEPI\" \/>\n<meta property=\"article:published_time\" content=\"2025-09-21T12:53:20+00:00\" \/>\n<meta property=\"article:modified_time\" content=\"2025-09-21T12:53:22+00:00\" \/>\n<meta property=\"og:image\" content=\"https:\/\/www.manaus.am.gov.br\/semtepi\/wp-content\/uploads\/sites\/20\/2025\/03\/WhatsApp-Image-2025-03-20-at-14.05.29.jpeg\" \/>\n\t<meta property=\"og:image:width\" content=\"799\" \/>\n\t<meta property=\"og:image:height\" content=\"533\" \/>\n\t<meta property=\"og:image:type\" content=\"image\/jpeg\" \/>\n<meta name=\"author\" content=\"Bruna Greco\" \/>\n<meta name=\"twitter:card\" content=\"summary_large_image\" \/>\n<meta name=\"twitter:label1\" content=\"Written by\" \/>\n\t<meta name=\"twitter:data1\" content=\"Bruna Greco\" \/>\n\t<meta name=\"twitter:label2\" content=\"Est. reading time\" \/>\n\t<meta name=\"twitter:data2\" content=\"22 minutos\" \/>\n<script type=\"application\/ld+json\" class=\"yoast-schema-graph\">{\"@context\":\"https:\/\/schema.org\",\"@graph\":[{\"@type\":\"Article\",\"@id\":\"https:\/\/www.manaus.am.gov.br\/semtepi\/oportunidade\/sine-manaus-317-vagas-emprego-22-9\/#article\",\"isPartOf\":{\"@id\":\"https:\/\/www.manaus.am.gov.br\/semtepi\/oportunidade\/sine-manaus-317-vagas-emprego-22-9\/\"},\"author\":{\"name\":\"Bruna Greco\",\"@id\":\"https:\/\/www.manaus.am.gov.br\/semtepi\/#\/schema\/person\/05d223aea2bf115f9883a6ff3683d81b\"},\"headline\":\"Sine Manaus oferta 317 vagas de emprego nesta segunda-feira, 22\/9\",\"datePublished\":\"2025-09-21T12:53:20+00:00\",\"dateModified\":\"2025-09-21T12:53:22+00:00\",\"mainEntityOfPage\":{\"@id\":\"https:\/\/www.manaus.am.gov.br\/semtepi\/oportunidade\/sine-manaus-317-vagas-emprego-22-9\/\"},\"wordCount\":4633,\"publisher\":{\"@id\":\"https:\/\/www.manaus.am.gov.br\/semtepi\/#organization\"},\"image\":{\"@id\":\"https:\/\/www.manaus.am.gov.br\/semtepi\/oportunidade\/sine-manaus-317-vagas-emprego-22-9\/#primaryimage\"},\"thumbnailUrl\":\"https:\/\/www.manaus.am.gov.br\/semtepi\/wp-content\/uploads\/sites\/20\/2025\/03\/WhatsApp-Image-2025-03-20-at-14.05.29.jpeg\",\"keywords\":[\"22\/9\",\"317 vagas de emprego\",\"oportunidade\",\"prefeitura de manaus\",\"Semtepi\",\"sine manaus\"],\"articleSection\":[\"Oportunidade\"],\"inLanguage\":\"pt-BR\"},{\"@type\":\"WebPage\",\"@id\":\"https:\/\/www.manaus.am.gov.br\/semtepi\/oportunidade\/sine-manaus-317-vagas-emprego-22-9\/\",\"url\":\"https:\/\/www.manaus.am.gov.br\/semtepi\/oportunidade\/sine-manaus-317-vagas-emprego-22-9\/\",\"name\":\"Sine Manaus oferta 317 vagas de emprego nesta segunda-feira\",\"isPartOf\":{\"@id\":\"https:\/\/www.manaus.am.gov.br\/semtepi\/#website\"},\"primaryImageOfPage\":{\"@id\":\"https:\/\/www.manaus.am.gov.br\/semtepi\/oportunidade\/sine-manaus-317-vagas-emprego-22-9\/#primaryimage\"},\"image\":{\"@id\":\"https:\/\/www.manaus.am.gov.br\/semtepi\/oportunidade\/sine-manaus-317-vagas-emprego-22-9\/#primaryimage\"},\"thumbnailUrl\":\"https:\/\/www.manaus.am.gov.br\/semtepi\/wp-content\/uploads\/sites\/20\/2025\/03\/WhatsApp-Image-2025-03-20-at-14.05.29.jpeg\",\"datePublished\":\"2025-09-21T12:53:20+00:00\",\"dateModified\":\"2025-09-21T12:53:22+00:00\",\"description\":\"Prefeitura de Manaus, por meio do Sine Manaus, oferta 317 vagas de emprego em v\u00e1rias \u00e1reas de atua\u00e7\u00e3o, nesta segunda-feira, 22\/9.\",\"breadcrumb\":{\"@id\":\"https:\/\/www.manaus.am.gov.br\/semtepi\/oportunidade\/sine-manaus-317-vagas-emprego-22-9\/#breadcrumb\"},\"inLanguage\":\"pt-BR\",\"potentialAction\":[{\"@type\":\"ReadAction\",\"target\":[\"https:\/\/www.manaus.am.gov.br\/semtepi\/oportunidade\/sine-manaus-317-vagas-emprego-22-9\/\"]}]},{\"@type\":\"ImageObject\",\"inLanguage\":\"pt-BR\",\"@id\":\"https:\/\/www.manaus.am.gov.br\/semtepi\/oportunidade\/sine-manaus-317-vagas-emprego-22-9\/#primaryimage\",\"url\":\"https:\/\/www.manaus.am.gov.br\/semtepi\/wp-content\/uploads\/sites\/20\/2025\/03\/WhatsApp-Image-2025-03-20-at-14.05.29.jpeg\",\"contentUrl\":\"https:\/\/www.manaus.am.gov.br\/semtepi\/wp-content\/uploads\/sites\/20\/2025\/03\/WhatsApp-Image-2025-03-20-at-14.05.29.jpeg\",\"width\":799,\"height\":533},{\"@type\":\"BreadcrumbList\",\"@id\":\"https:\/\/www.manaus.am.gov.br\/semtepi\/oportunidade\/sine-manaus-317-vagas-emprego-22-9\/#breadcrumb\",\"itemListElement\":[{\"@type\":\"ListItem\",\"position\":1,\"name\":\"Home\",\"item\":\"https:\/\/www.manaus.am.gov.br\/semtepi\/\"},{\"@type\":\"ListItem\",\"position\":2,\"name\":\"Sine Manaus oferta 317 vagas de emprego nesta segunda-feira, 22\/9\"}]},{\"@type\":\"WebSite\",\"@id\":\"https:\/\/www.manaus.am.gov.br\/semtepi\/#website\",\"url\":\"https:\/\/www.manaus.am.gov.br\/semtepi\/\",\"name\":\"SEMTEPI\",\"description\":\"Prefeitura de Manaus\",\"publisher\":{\"@id\":\"https:\/\/www.manaus.am.gov.br\/semtepi\/#organization\"},\"alternateName\":\"Secretaria Municipal do Trabalho, Empreendedorismo e Inova\u00e7\u00e3o\",\"potentialAction\":[{\"@type\":\"SearchAction\",\"target\":{\"@type\":\"EntryPoint\",\"urlTemplate\":\"https:\/\/www.manaus.am.gov.br\/semtepi\/?s={search_term_string}\"},\"query-input\":\"required name=search_term_string\"}],\"inLanguage\":\"pt-BR\"},{\"@type\":\"Organization\",\"@id\":\"https:\/\/www.manaus.am.gov.br\/semtepi\/#organization\",\"name\":\"Prefeitura Municipal de Manaus\",\"alternateName\":\"Prefeitura de Manaus\",\"url\":\"https:\/\/www.manaus.am.gov.br\/semtepi\/\",\"logo\":{\"@type\":\"ImageObject\",\"inLanguage\":\"pt-BR\",\"@id\":\"https:\/\/www.manaus.am.gov.br\/semtepi\/#\/schema\/logo\/image\/\",\"url\":\"https:\/\/www.manaus.am.gov.br\/semtepi\/wp-content\/uploads\/sites\/20\/2024\/07\/favicon.png\",\"contentUrl\":\"https:\/\/www.manaus.am.gov.br\/semtepi\/wp-content\/uploads\/sites\/20\/2024\/07\/favicon.png\",\"width\":300,\"height\":300,\"caption\":\"Prefeitura Municipal de Manaus\"},\"image\":{\"@id\":\"https:\/\/www.manaus.am.gov.br\/semtepi\/#\/schema\/logo\/image\/\"}},{\"@type\":\"Person\",\"@id\":\"https:\/\/www.manaus.am.gov.br\/semtepi\/#\/schema\/person\/05d223aea2bf115f9883a6ff3683d81b\",\"name\":\"Bruna Greco\",\"image\":{\"@type\":\"ImageObject\",\"inLanguage\":\"pt-BR\",\"@id\":\"https:\/\/www.manaus.am.gov.br\/semtepi\/#\/schema\/person\/image\/\",\"url\":\"https:\/\/secure.gravatar.com\/avatar\/9c877d1a6adc2a055330e5c09a8653ce?s=96&d=mm&r=g\",\"contentUrl\":\"https:\/\/secure.gravatar.com\/avatar\/9c877d1a6adc2a055330e5c09a8653ce?s=96&d=mm&r=g\",\"caption\":\"Bruna Greco\"}}]}<\/script>\n<!-- \/ Yoast SEO plugin. -->","yoast_head_json":{"title":"Sine Manaus oferta 317 vagas de emprego nesta segunda-feira","description":"Prefeitura de Manaus, por meio do Sine Manaus, oferta 317 vagas de emprego em v\u00e1rias \u00e1reas de atua\u00e7\u00e3o, nesta segunda-feira, 22\/9.","robots":{"index":"noindex","follow":"follow"},"og_locale":"pt_BR","og_type":"article","og_title":"Sine Manaus oferta 317 vagas de emprego nesta segunda-feira","og_description":"Prefeitura de Manaus, por meio do Sine Manaus, oferta 317 vagas de emprego em v\u00e1rias \u00e1reas de atua\u00e7\u00e3o, nesta segunda-feira, 22\/9.","og_url":"https:\/\/www.manaus.am.gov.br\/semtepi\/oportunidade\/sine-manaus-317-vagas-emprego-22-9\/","og_site_name":"SEMTEPI","article_published_time":"2025-09-21T12:53:20+00:00","article_modified_time":"2025-09-21T12:53:22+00:00","og_image":[{"width":799,"height":533,"url":"https:\/\/www.manaus.am.gov.br\/semtepi\/wp-content\/uploads\/sites\/20\/2025\/03\/WhatsApp-Image-2025-03-20-at-14.05.29.jpeg","type":"image\/jpeg"}],"author":"Bruna Greco","twitter_card":"summary_large_image","twitter_misc":{"Written by":"Bruna Greco","Est. reading time":"22 minutos"},"schema":{"@context":"https:\/\/schema.org","@graph":[{"@type":"Article","@id":"https:\/\/www.manaus.am.gov.br\/semtepi\/oportunidade\/sine-manaus-317-vagas-emprego-22-9\/#article","isPartOf":{"@id":"https:\/\/www.manaus.am.gov.br\/semtepi\/oportunidade\/sine-manaus-317-vagas-emprego-22-9\/"},"author":{"name":"Bruna Greco","@id":"https:\/\/www.manaus.am.gov.br\/semtepi\/#\/schema\/person\/05d223aea2bf115f9883a6ff3683d81b"},"headline":"Sine Manaus oferta 317 vagas de emprego nesta segunda-feira, 22\/9","datePublished":"2025-09-21T12:53:20+00:00","dateModified":"2025-09-21T12:53:22+00:00","mainEntityOfPage":{"@id":"https:\/\/www.manaus.am.gov.br\/semtepi\/oportunidade\/sine-manaus-317-vagas-emprego-22-9\/"},"wordCount":4633,"publisher":{"@id":"https:\/\/www.manaus.am.gov.br\/semtepi\/#organization"},"image":{"@id":"https:\/\/www.manaus.am.gov.br\/semtepi\/oportunidade\/sine-manaus-317-vagas-emprego-22-9\/#primaryimage"},"thumbnailUrl":"https:\/\/www.manaus.am.gov.br\/semtepi\/wp-content\/uploads\/sites\/20\/2025\/03\/WhatsApp-Image-2025-03-20-at-14.05.29.jpeg","keywords":["22\/9","317 vagas de emprego","oportunidade","prefeitura de manaus","Semtepi","sine manaus"],"articleSection":["Oportunidade"],"inLanguage":"pt-BR"},{"@type":"WebPage","@id":"https:\/\/www.manaus.am.gov.br\/semtepi\/oportunidade\/sine-manaus-317-vagas-emprego-22-9\/","url":"https:\/\/www.manaus.am.gov.br\/semtepi\/oportunidade\/sine-manaus-317-vagas-emprego-22-9\/","name":"Sine Manaus oferta 317 vagas de emprego nesta segunda-feira","isPartOf":{"@id":"https:\/\/www.manaus.am.gov.br\/semtepi\/#website"},"primaryImageOfPage":{"@id":"https:\/\/www.manaus.am.gov.br\/semtepi\/oportunidade\/sine-manaus-317-vagas-emprego-22-9\/#primaryimage"},"image":{"@id":"https:\/\/www.manaus.am.gov.br\/semtepi\/oportunidade\/sine-manaus-317-vagas-emprego-22-9\/#primaryimage"},"thumbnailUrl":"https:\/\/www.manaus.am.gov.br\/semtepi\/wp-content\/uploads\/sites\/20\/2025\/03\/WhatsApp-Image-2025-03-20-at-14.05.29.jpeg","datePublished":"2025-09-21T12:53:20+00:00","dateModified":"2025-09-21T12:53:22+00:00","description":"Prefeitura de Manaus, por meio do Sine Manaus, oferta 317 vagas de emprego em v\u00e1rias \u00e1reas de atua\u00e7\u00e3o, nesta segunda-feira, 22\/9.","breadcrumb":{"@id":"https:\/\/www.manaus.am.gov.br\/semtepi\/oportunidade\/sine-manaus-317-vagas-emprego-22-9\/#breadcrumb"},"inLanguage":"pt-BR","potentialAction":[{"@type":"ReadAction","target":["https:\/\/www.manaus.am.gov.br\/semtepi\/oportunidade\/sine-manaus-317-vagas-emprego-22-9\/"]}]},{"@type":"ImageObject","inLanguage":"pt-BR","@id":"https:\/\/www.manaus.am.gov.br\/semtepi\/oportunidade\/sine-manaus-317-vagas-emprego-22-9\/#primaryimage","url":"https:\/\/www.manaus.am.gov.br\/semtepi\/wp-content\/uploads\/sites\/20\/2025\/03\/WhatsApp-Image-2025-03-20-at-14.05.29.jpeg","contentUrl":"https:\/\/www.manaus.am.gov.br\/semtepi\/wp-content\/uploads\/sites\/20\/2025\/03\/WhatsApp-Image-2025-03-20-at-14.05.29.jpeg","width":799,"height":533},{"@type":"BreadcrumbList","@id":"https:\/\/www.manaus.am.gov.br\/semtepi\/oportunidade\/sine-manaus-317-vagas-emprego-22-9\/#breadcrumb","itemListElement":[{"@type":"ListItem","position":1,"name":"Home","item":"https:\/\/www.manaus.am.gov.br\/semtepi\/"},{"@type":"ListItem","position":2,"name":"Sine Manaus oferta 317 vagas de emprego nesta segunda-feira, 22\/9"}]},{"@type":"WebSite","@id":"https:\/\/www.manaus.am.gov.br\/semtepi\/#website","url":"https:\/\/www.manaus.am.gov.br\/semtepi\/","name":"SEMTEPI","description":"Prefeitura de Manaus","publisher":{"@id":"https:\/\/www.manaus.am.gov.br\/semtepi\/#organization"},"alternateName":"Secretaria Municipal do Trabalho, Empreendedorismo e Inova\u00e7\u00e3o","potentialAction":[{"@type":"SearchAction","target":{"@type":"EntryPoint","urlTemplate":"https:\/\/www.manaus.am.gov.br\/semtepi\/?s={search_term_string}"},"query-input":"required name=search_term_string"}],"inLanguage":"pt-BR"},{"@type":"Organization","@id":"https:\/\/www.manaus.am.gov.br\/semtepi\/#organization","name":"Prefeitura Municipal de Manaus","alternateName":"Prefeitura de Manaus","url":"https:\/\/www.manaus.am.gov.br\/semtepi\/","logo":{"@type":"ImageObject","inLanguage":"pt-BR","@id":"https:\/\/www.manaus.am.gov.br\/semtepi\/#\/schema\/logo\/image\/","url":"https:\/\/www.manaus.am.gov.br\/semtepi\/wp-content\/uploads\/sites\/20\/2024\/07\/favicon.png","contentUrl":"https:\/\/www.manaus.am.gov.br\/semtepi\/wp-content\/uploads\/sites\/20\/2024\/07\/favicon.png","width":300,"height":300,"caption":"Prefeitura Municipal de Manaus"},"image":{"@id":"https:\/\/www.manaus.am.gov.br\/semtepi\/#\/schema\/logo\/image\/"}},{"@type":"Person","@id":"https:\/\/www.manaus.am.gov.br\/semtepi\/#\/schema\/person\/05d223aea2bf115f9883a6ff3683d81b","name":"Bruna Greco","image":{"@type":"ImageObject","inLanguage":"pt-BR","@id":"https:\/\/www.manaus.am.gov.br\/semtepi\/#\/schema\/person\/image\/","url":"https:\/\/secure.gravatar.com\/avatar\/9c877d1a6adc2a055330e5c09a8653ce?s=96&d=mm&r=g","contentUrl":"https:\/\/secure.gravatar.com\/avatar\/9c877d1a6adc2a055330e5c09a8653ce?s=96&d=mm&r=g","caption":"Bruna Greco"}}]}},"_links":{"self":[{"href":"https:\/\/www.manaus.am.gov.br\/semtepi\/wp-json\/wp\/v2\/posts\/7040"}],"collection":[{"href":"https:\/\/www.manaus.am.gov.br\/semtepi\/wp-json\/wp\/v2\/posts"}],"about":[{"href":"https:\/\/www.manaus.am.gov.br\/semtepi\/wp-json\/wp\/v2\/types\/post"}],"author":[{"embeddable":true,"href":"https:\/\/www.manaus.am.gov.br\/semtepi\/wp-json\/wp\/v2\/users\/39"}],"replies":[{"embeddable":true,"href":"https:\/\/www.manaus.am.gov.br\/semtepi\/wp-json\/wp\/v2\/comments?post=7040"}],"version-history":[{"count":1,"href":"https:\/\/www.manaus.am.gov.br\/semtepi\/wp-json\/wp\/v2\/posts\/7040\/revisions"}],"predecessor-version":[{"id":7041,"href":"https:\/\/www.manaus.am.gov.br\/semtepi\/wp-json\/wp\/v2\/posts\/7040\/revisions\/7041"}],"wp:featuredmedia":[{"embeddable":true,"href":"https:\/\/www.manaus.am.gov.br\/semtepi\/wp-json\/wp\/v2\/media\/6061"}],"wp:attachment":[{"href":"https:\/\/www.manaus.am.gov.br\/semtepi\/wp-json\/wp\/v2\/media?parent=7040"}],"wp:term":[{"taxonomy":"category","embeddable":true,"href":"https:\/\/www.manaus.am.gov.br\/semtepi\/wp-json\/wp\/v2\/categories?post=7040"},{"taxonomy":"post_tag","embeddable":true,"href":"https:\/\/www.manaus.am.gov.br\/semtepi\/wp-json\/wp\/v2\/tags?post=7040"}],"curies":[{"name":"wp","href":"https:\/\/api.w.org\/{rel}","templated":true}]}}