{"id":7030,"date":"2025-09-19T11:36:51","date_gmt":"2025-09-19T15:36:51","guid":{"rendered":"https:\/\/www.manaus.am.gov.br\/semtepi\/sem-categoria\/qualifica-edital-500-mil\/"},"modified":"2025-09-19T11:36:52","modified_gmt":"2025-09-19T15:36:52","slug":"qualifica-edital-500-mil","status":"publish","type":"post","link":"https:\/\/www.manaus.am.gov.br\/semtepi\/edital\/qualifica-edital-500-mil\/","title":{"rendered":"Prefeitura de Manaus lan\u00e7a edital \u2018Qualifica +\u2019 para capacita\u00e7\u00e3o profissional com investimento de R$500 mil"},"content":{"rendered":"\n<p>A Prefeitura de Manaus, por meio da Secretaria Municipal do Trabalho, Empreendedorismo e Inova\u00e7\u00e3o (Semtepi), abriu o Edital de Chamamento P\u00fablico n\u00ba 001\/2025, que tem como objetivo selecionar Organiza\u00e7\u00f5es da Sociedade Civil (OSC) sem fins lucrativos para executar o projeto \u201cQualifica +\u201d. A iniciativa contar\u00e1 com investimento total de R$ 500 mil e vai contemplar propostas voltadas \u00e0 capacita\u00e7\u00e3o, reinser\u00e7\u00e3o e atualiza\u00e7\u00e3o profissional, al\u00e9m do fortalecimento do empreendedorismo local.<\/p>\n\n\n\n<p>O projeto \u00e9 direcionado a jovens rec\u00e9m-formados em busca do primeiro emprego, pessoas com mais de 40 anos que est\u00e3o fora do mercado de trabalho, microempreendedores ativos e empreendedores inativos que desejam retomar suas atividades. As propostas dever\u00e3o se enquadrar nos eixos tem\u00e1ticos definidos pelo edital, que contemplam desde a forma\u00e7\u00e3o t\u00e9cnica e o desenvolvimento de habilidades socioemocionais at\u00e9 a qualifica\u00e7\u00e3o em \u00e1reas como marketing digital, finan\u00e7as, inova\u00e7\u00e3o e gest\u00e3o de neg\u00f3cios.<\/p>\n\n\n\n<p>De acordo com o secret\u00e1rio da Semtepi, Alonso Oliveira, a iniciativa busca ampliar as oportunidades de emprego e renda, ao mesmo tempo em que promove a inclus\u00e3o produtiva de grupos em situa\u00e7\u00e3o de vulnerabilidade. O secret\u00e1rio destaca que a qualifica\u00e7\u00e3o cont\u00ednua \u00e9 uma ferramenta essencial para preparar profissionais e empreendedores diante das novas exig\u00eancias do mercado.<\/p>\n\n\n\n<p>\u201cO \u2018Qualifica +\u2019 \u00e9 um dos projetos mais importantes que estamos lan\u00e7ando neste ano, porque representa a preocupa\u00e7\u00e3o da Prefeitura de Manaus em oferecer oportunidades reais de crescimento para quem busca espa\u00e7o no mercado de trabalho e tamb\u00e9m para quem deseja empreender. Nosso compromisso \u00e9 garantir que jovens, trabalhadores 40+, microempreendedores e aqueles que querem recome\u00e7ar tenham acesso a capacita\u00e7\u00e3o de qualidade, fortalecendo a empregabilidade e a gera\u00e7\u00e3o de renda em nossa cidade\u201d, destacou o secret\u00e1rio da Semtepi, Alonso Oliveira.<\/p>\n\n\n\n<p>As inscri\u00e7\u00f5es est\u00e3o abertas at\u00e9 o pr\u00f3ximo dia 11\/10 e devem ser realizadas exclusivamente por meio de formul\u00e1rio eletr\u00f4nico dispon\u00edvel no site oficial da Semtepi, na \u00e1rea de editais <a href=\"https:\/\/www.manaus.am.gov.br\/semtepi\/a-semtepi\/editais\/qualifica\/\" target=\"_blank\" rel=\"noreferrer noopener\">https:\/\/www.manaus.am.gov.br\/semtepi\/a-semtepi\/editais\/qualifica\/<\/a>. O processo seletivo inclui an\u00e1lise t\u00e9cnica das propostas, divulga\u00e7\u00e3o de resultado preliminar em 22 de outubro, fase recursal e publica\u00e7\u00e3o do resultado final em 7\/11. A assinatura dos termos de colabora\u00e7\u00e3o com as entidades selecionadas est\u00e1 prevista para ocorrer at\u00e9 22\/11.<\/p>\n\n\n\n<p>O presidente da Abrasel no Amazonas, Franco Andrade destacou a import\u00e2ncia dos recursos liberados pela prefeitura para a qualifica\u00e7\u00e3o de pessoas que v\u00e3o atender as demandas do mercado de trabalho. \u201cIniciativas como essa proporcionam que empresas pequenas possam introduzir cursos de qualifica\u00e7\u00e3o para os seus funcion\u00e1rios e assim atender um com\u00e9rcio e o setor de alimenta\u00e7\u00e3o de uma forma mais digna com um melhor profissionalismo\u201d, disse.<\/p>\n\n\n\n<p><strong>Eixos estrat\u00e9gicos<\/strong><\/p>\n\n\n\n<p><strong>Eixo Tem\u00e1tico 1 \u2013<\/strong>&nbsp;Porta de Entrada: para os jovens fornecer uma educa\u00e7\u00e3o que combine habilidades t\u00e9cnicas e <em>soft skills<\/em>, preparando-os para as demandas modernas das empresas. Incluindo cursos de tecnologia, comunica\u00e7\u00e3o, resolu\u00e7\u00e3o de problemas e trabalho em equipe.<\/p>\n\n\n\n<p><strong>Eixo Tem\u00e1tico 2 \u2013<\/strong>&nbsp;Reinser\u00e7\u00e3o: qualificar indiv\u00edduos com mais de 40 anos (40+) para o mercado de trabalho, onde a longevidade profissional e a constante evolu\u00e7\u00e3o das habilidades s\u00e3o essenciais, por meio de programas de capacita\u00e7\u00e3o focados em habilidades digitais, comunica\u00e7\u00e3o eficaz e adapta\u00e7\u00e3o a ambientes diversificados. Al\u00e9m disso, \u00e9 fundamental valorizar o conhecimento pr\u00e9vio e desenvolver compet\u00eancias interpessoais, como lideran\u00e7a e resolu\u00e7\u00e3o de problemas, beneficiando tanto os profissionais quanto as empresas, que podem aproveitar sua experi\u00eancia e estabilidade.<\/p>\n\n\n\n<p><strong>Eixo Norteador 3 \u2013<\/strong>&nbsp;Portas Abertas: oferecer capacita\u00e7\u00f5es que atualizem seus conhecimentos e os preparem para as novas tend\u00eancias do mercado, como marketing digital, gest\u00e3o financeira e inova\u00e7\u00e3o. Al\u00e9m disso, programas de mentoria e <em>networking<\/em> podem ser extremamente ben\u00e9ficos, permitindo que esses empreendedores compartilhem experi\u00eancias e aprendam com outros profissionais do setor. A qualifica\u00e7\u00e3o cont\u00ednua \u00e9 uma ferramenta poderosa.<\/p>\n\n\n\n<p><strong>Eixo Norteador 4 \u2013<\/strong>&nbsp;Segunda Porta: qualificar empreendedores que desejam reiniciar seus neg\u00f3cios para garantir sucesso e sustentabilidade a longo prazo, analisando as raz\u00f5es do fracasso inicial e identificando oportunidades de melhoria. Manter-se atualizado sobre tend\u00eancias de mercado e novas tecnologias \u00e9 essencial. Cursos de capacita\u00e7\u00e3o, workshops e mentorias com empres\u00e1rios experientes oferecem habilidades e <em>insights <\/em>valiosos para evitar erros comuns. Por fim, um plano de neg\u00f3cios s\u00f3lido e adapt\u00e1vel, com gest\u00e3o eficiente de recursos e estrat\u00e9gias de marketing inovadoras, prepara o neg\u00f3cio para enfrentar desafios futuros.<\/p>\n\n\n\n<p>O edital aprovar\u00e1 oito propostas, cada uma com um investimento de R$ 50 mil ou R$ 75 mil conforme o m\u00f3dulo escolhido. Os recursos ser\u00e3o distribu\u00eddos entre os seguintes m\u00f3dulos de capacita\u00e7\u00e3o: M\u00f3dulo Financeiro 1 &#8211; Valor da Proposta R$ 50 mil, e m\u00f3dulo Financeiro 2 &#8211; Valor da Proposta R$ 75 mil.&nbsp;<\/p>\n\n\n\n<p>&#8212; &#8212; &#8212;<\/p>\n\n\n\n<p><strong>Texto &#8211;<\/strong> Asafe Augusto \/ Semtepi<\/p>\n\n\n\n<p><strong>Fotos &#8211;<\/strong> Cl\u00f3vis Miranda \/ Semcom<\/p>\n","protected":false},"excerpt":{"rendered":"","protected":false},"author":57,"featured_media":7031,"comment_status":"closed","ping_status":"closed","sticky":false,"template":"","format":"standard","meta":{"footnotes":""},"categories":[102],"tags":[1531,7,8,1532],"acf":[],"yoast_head":"<!-- This site is optimized with the Yoast SEO plugin v23.0 - https:\/\/yoast.com\/wordpress\/plugins\/seo\/ -->\n<title>PMM lan\u00e7a edital \u2018Qualifica +\u2019 com investimento de R$500 mil<\/title>\n<meta name=\"description\" content=\"A Prefeitura de Manaus, abriu o Edital para selecionar Organiza\u00e7\u00f5es da Sociedade Civil (OSC) para executar o projeto \u201cQualifica +\u201d.\" \/>\n<meta name=\"robots\" content=\"noindex, follow\" \/>\n<meta property=\"og:locale\" content=\"pt_BR\" \/>\n<meta property=\"og:type\" content=\"article\" \/>\n<meta property=\"og:title\" content=\"PMM lan\u00e7a edital \u2018Qualifica +\u2019 com investimento de R$500 mil\" \/>\n<meta property=\"og:description\" content=\"A Prefeitura de Manaus, abriu o Edital para selecionar Organiza\u00e7\u00f5es da Sociedade Civil (OSC) para executar o projeto \u201cQualifica +\u201d.\" \/>\n<meta property=\"og:url\" content=\"https:\/\/www.manaus.am.gov.br\/semtepi\/edital\/qualifica-edital-500-mil\/\" \/>\n<meta property=\"og:site_name\" content=\"SEMTEPI\" \/>\n<meta property=\"article:published_time\" content=\"2025-09-19T15:36:51+00:00\" \/>\n<meta property=\"article:modified_time\" content=\"2025-09-19T15:36:52+00:00\" \/>\n<meta property=\"og:image\" content=\"https:\/\/www.manaus.am.gov.br\/semtepi\/wp-content\/uploads\/sites\/20\/2025\/09\/Qualifica-1.jpeg\" \/>\n\t<meta property=\"og:image:width\" content=\"1280\" \/>\n\t<meta property=\"og:image:height\" content=\"853\" \/>\n\t<meta property=\"og:image:type\" content=\"image\/jpeg\" \/>\n<meta name=\"author\" content=\"Thiago Fernando\" \/>\n<meta name=\"twitter:card\" content=\"summary_large_image\" \/>\n<meta name=\"twitter:label1\" content=\"Written by\" \/>\n\t<meta name=\"twitter:data1\" content=\"Thiago Fernando\" \/>\n\t<meta name=\"twitter:label2\" content=\"Est. reading time\" \/>\n\t<meta name=\"twitter:data2\" content=\"5 minutos\" \/>\n<script type=\"application\/ld+json\" class=\"yoast-schema-graph\">{\"@context\":\"https:\/\/schema.org\",\"@graph\":[{\"@type\":\"Article\",\"@id\":\"https:\/\/www.manaus.am.gov.br\/semtepi\/edital\/qualifica-edital-500-mil\/#article\",\"isPartOf\":{\"@id\":\"https:\/\/www.manaus.am.gov.br\/semtepi\/edital\/qualifica-edital-500-mil\/\"},\"author\":{\"name\":\"Thiago Fernando\",\"@id\":\"https:\/\/www.manaus.am.gov.br\/semtepi\/#\/schema\/person\/a5ee5376db6e21af026374b369f30882\"},\"headline\":\"Prefeitura de Manaus lan\u00e7a edital \u2018Qualifica +\u2019 para capacita\u00e7\u00e3o profissional com investimento de R$500 mil\",\"datePublished\":\"2025-09-19T15:36:51+00:00\",\"dateModified\":\"2025-09-19T15:36:52+00:00\",\"mainEntityOfPage\":{\"@id\":\"https:\/\/www.manaus.am.gov.br\/semtepi\/edital\/qualifica-edital-500-mil\/\"},\"wordCount\":841,\"publisher\":{\"@id\":\"https:\/\/www.manaus.am.gov.br\/semtepi\/#organization\"},\"image\":{\"@id\":\"https:\/\/www.manaus.am.gov.br\/semtepi\/edital\/qualifica-edital-500-mil\/#primaryimage\"},\"thumbnailUrl\":\"https:\/\/www.manaus.am.gov.br\/semtepi\/wp-content\/uploads\/sites\/20\/2025\/09\/Qualifica-1.jpeg\",\"keywords\":[\"investimento\",\"oportunidade\",\"prefeitura de manaus\",\"Qualifica +\"],\"articleSection\":[\"Edital\"],\"inLanguage\":\"pt-BR\"},{\"@type\":\"WebPage\",\"@id\":\"https:\/\/www.manaus.am.gov.br\/semtepi\/edital\/qualifica-edital-500-mil\/\",\"url\":\"https:\/\/www.manaus.am.gov.br\/semtepi\/edital\/qualifica-edital-500-mil\/\",\"name\":\"PMM lan\u00e7a edital \u2018Qualifica +\u2019 com investimento de R$500 mil\",\"isPartOf\":{\"@id\":\"https:\/\/www.manaus.am.gov.br\/semtepi\/#website\"},\"primaryImageOfPage\":{\"@id\":\"https:\/\/www.manaus.am.gov.br\/semtepi\/edital\/qualifica-edital-500-mil\/#primaryimage\"},\"image\":{\"@id\":\"https:\/\/www.manaus.am.gov.br\/semtepi\/edital\/qualifica-edital-500-mil\/#primaryimage\"},\"thumbnailUrl\":\"https:\/\/www.manaus.am.gov.br\/semtepi\/wp-content\/uploads\/sites\/20\/2025\/09\/Qualifica-1.jpeg\",\"datePublished\":\"2025-09-19T15:36:51+00:00\",\"dateModified\":\"2025-09-19T15:36:52+00:00\",\"description\":\"A Prefeitura de Manaus, abriu o Edital para selecionar Organiza\u00e7\u00f5es da Sociedade Civil (OSC) para executar o projeto \u201cQualifica +\u201d.\",\"breadcrumb\":{\"@id\":\"https:\/\/www.manaus.am.gov.br\/semtepi\/edital\/qualifica-edital-500-mil\/#breadcrumb\"},\"inLanguage\":\"pt-BR\",\"potentialAction\":[{\"@type\":\"ReadAction\",\"target\":[\"https:\/\/www.manaus.am.gov.br\/semtepi\/edital\/qualifica-edital-500-mil\/\"]}]},{\"@type\":\"ImageObject\",\"inLanguage\":\"pt-BR\",\"@id\":\"https:\/\/www.manaus.am.gov.br\/semtepi\/edital\/qualifica-edital-500-mil\/#primaryimage\",\"url\":\"https:\/\/www.manaus.am.gov.br\/semtepi\/wp-content\/uploads\/sites\/20\/2025\/09\/Qualifica-1.jpeg\",\"contentUrl\":\"https:\/\/www.manaus.am.gov.br\/semtepi\/wp-content\/uploads\/sites\/20\/2025\/09\/Qualifica-1.jpeg\",\"width\":1280,\"height\":853,\"caption\":\"#paratodosverem - Secret\u00e1rio Alonso Oliveira explicando o edital de qualifica\u00e7\u00e3o\"},{\"@type\":\"BreadcrumbList\",\"@id\":\"https:\/\/www.manaus.am.gov.br\/semtepi\/edital\/qualifica-edital-500-mil\/#breadcrumb\",\"itemListElement\":[{\"@type\":\"ListItem\",\"position\":1,\"name\":\"Home\",\"item\":\"https:\/\/www.manaus.am.gov.br\/semtepi\/\"},{\"@type\":\"ListItem\",\"position\":2,\"name\":\"Prefeitura de Manaus lan\u00e7a edital \u2018Qualifica +\u2019 para capacita\u00e7\u00e3o profissional com investimento de R$500 mil\"}]},{\"@type\":\"WebSite\",\"@id\":\"https:\/\/www.manaus.am.gov.br\/semtepi\/#website\",\"url\":\"https:\/\/www.manaus.am.gov.br\/semtepi\/\",\"name\":\"SEMTEPI\",\"description\":\"Prefeitura de Manaus\",\"publisher\":{\"@id\":\"https:\/\/www.manaus.am.gov.br\/semtepi\/#organization\"},\"alternateName\":\"Secretaria Municipal do Trabalho, Empreendedorismo e Inova\u00e7\u00e3o\",\"potentialAction\":[{\"@type\":\"SearchAction\",\"target\":{\"@type\":\"EntryPoint\",\"urlTemplate\":\"https:\/\/www.manaus.am.gov.br\/semtepi\/?s={search_term_string}\"},\"query-input\":\"required name=search_term_string\"}],\"inLanguage\":\"pt-BR\"},{\"@type\":\"Organization\",\"@id\":\"https:\/\/www.manaus.am.gov.br\/semtepi\/#organization\",\"name\":\"Prefeitura Municipal de Manaus\",\"alternateName\":\"Prefeitura de Manaus\",\"url\":\"https:\/\/www.manaus.am.gov.br\/semtepi\/\",\"logo\":{\"@type\":\"ImageObject\",\"inLanguage\":\"pt-BR\",\"@id\":\"https:\/\/www.manaus.am.gov.br\/semtepi\/#\/schema\/logo\/image\/\",\"url\":\"https:\/\/www.manaus.am.gov.br\/semtepi\/wp-content\/uploads\/sites\/20\/2024\/07\/favicon.png\",\"contentUrl\":\"https:\/\/www.manaus.am.gov.br\/semtepi\/wp-content\/uploads\/sites\/20\/2024\/07\/favicon.png\",\"width\":300,\"height\":300,\"caption\":\"Prefeitura Municipal de Manaus\"},\"image\":{\"@id\":\"https:\/\/www.manaus.am.gov.br\/semtepi\/#\/schema\/logo\/image\/\"}},{\"@type\":\"Person\",\"@id\":\"https:\/\/www.manaus.am.gov.br\/semtepi\/#\/schema\/person\/a5ee5376db6e21af026374b369f30882\",\"name\":\"Thiago Fernando\",\"image\":{\"@type\":\"ImageObject\",\"inLanguage\":\"pt-BR\",\"@id\":\"https:\/\/www.manaus.am.gov.br\/semtepi\/#\/schema\/person\/image\/\",\"url\":\"https:\/\/secure.gravatar.com\/avatar\/f5aab8722444041451501c077052ac07?s=96&d=mm&r=g\",\"contentUrl\":\"https:\/\/secure.gravatar.com\/avatar\/f5aab8722444041451501c077052ac07?s=96&d=mm&r=g\",\"caption\":\"Thiago Fernando\"}}]}<\/script>\n<!-- \/ Yoast SEO plugin. -->","yoast_head_json":{"title":"PMM lan\u00e7a edital \u2018Qualifica +\u2019 com investimento de R$500 mil","description":"A Prefeitura de Manaus, abriu o Edital para selecionar Organiza\u00e7\u00f5es da Sociedade Civil (OSC) para executar o projeto \u201cQualifica +\u201d.","robots":{"index":"noindex","follow":"follow"},"og_locale":"pt_BR","og_type":"article","og_title":"PMM lan\u00e7a edital \u2018Qualifica +\u2019 com investimento de R$500 mil","og_description":"A Prefeitura de Manaus, abriu o Edital para selecionar Organiza\u00e7\u00f5es da Sociedade Civil (OSC) para executar o projeto \u201cQualifica +\u201d.","og_url":"https:\/\/www.manaus.am.gov.br\/semtepi\/edital\/qualifica-edital-500-mil\/","og_site_name":"SEMTEPI","article_published_time":"2025-09-19T15:36:51+00:00","article_modified_time":"2025-09-19T15:36:52+00:00","og_image":[{"width":1280,"height":853,"url":"https:\/\/www.manaus.am.gov.br\/semtepi\/wp-content\/uploads\/sites\/20\/2025\/09\/Qualifica-1.jpeg","type":"image\/jpeg"}],"author":"Thiago Fernando","twitter_card":"summary_large_image","twitter_misc":{"Written by":"Thiago Fernando","Est. reading time":"5 minutos"},"schema":{"@context":"https:\/\/schema.org","@graph":[{"@type":"Article","@id":"https:\/\/www.manaus.am.gov.br\/semtepi\/edital\/qualifica-edital-500-mil\/#article","isPartOf":{"@id":"https:\/\/www.manaus.am.gov.br\/semtepi\/edital\/qualifica-edital-500-mil\/"},"author":{"name":"Thiago Fernando","@id":"https:\/\/www.manaus.am.gov.br\/semtepi\/#\/schema\/person\/a5ee5376db6e21af026374b369f30882"},"headline":"Prefeitura de Manaus lan\u00e7a edital \u2018Qualifica +\u2019 para capacita\u00e7\u00e3o profissional com investimento de R$500 mil","datePublished":"2025-09-19T15:36:51+00:00","dateModified":"2025-09-19T15:36:52+00:00","mainEntityOfPage":{"@id":"https:\/\/www.manaus.am.gov.br\/semtepi\/edital\/qualifica-edital-500-mil\/"},"wordCount":841,"publisher":{"@id":"https:\/\/www.manaus.am.gov.br\/semtepi\/#organization"},"image":{"@id":"https:\/\/www.manaus.am.gov.br\/semtepi\/edital\/qualifica-edital-500-mil\/#primaryimage"},"thumbnailUrl":"https:\/\/www.manaus.am.gov.br\/semtepi\/wp-content\/uploads\/sites\/20\/2025\/09\/Qualifica-1.jpeg","keywords":["investimento","oportunidade","prefeitura de manaus","Qualifica +"],"articleSection":["Edital"],"inLanguage":"pt-BR"},{"@type":"WebPage","@id":"https:\/\/www.manaus.am.gov.br\/semtepi\/edital\/qualifica-edital-500-mil\/","url":"https:\/\/www.manaus.am.gov.br\/semtepi\/edital\/qualifica-edital-500-mil\/","name":"PMM lan\u00e7a edital \u2018Qualifica +\u2019 com investimento de R$500 mil","isPartOf":{"@id":"https:\/\/www.manaus.am.gov.br\/semtepi\/#website"},"primaryImageOfPage":{"@id":"https:\/\/www.manaus.am.gov.br\/semtepi\/edital\/qualifica-edital-500-mil\/#primaryimage"},"image":{"@id":"https:\/\/www.manaus.am.gov.br\/semtepi\/edital\/qualifica-edital-500-mil\/#primaryimage"},"thumbnailUrl":"https:\/\/www.manaus.am.gov.br\/semtepi\/wp-content\/uploads\/sites\/20\/2025\/09\/Qualifica-1.jpeg","datePublished":"2025-09-19T15:36:51+00:00","dateModified":"2025-09-19T15:36:52+00:00","description":"A Prefeitura de Manaus, abriu o Edital para selecionar Organiza\u00e7\u00f5es da Sociedade Civil (OSC) para executar o projeto \u201cQualifica +\u201d.","breadcrumb":{"@id":"https:\/\/www.manaus.am.gov.br\/semtepi\/edital\/qualifica-edital-500-mil\/#breadcrumb"},"inLanguage":"pt-BR","potentialAction":[{"@type":"ReadAction","target":["https:\/\/www.manaus.am.gov.br\/semtepi\/edital\/qualifica-edital-500-mil\/"]}]},{"@type":"ImageObject","inLanguage":"pt-BR","@id":"https:\/\/www.manaus.am.gov.br\/semtepi\/edital\/qualifica-edital-500-mil\/#primaryimage","url":"https:\/\/www.manaus.am.gov.br\/semtepi\/wp-content\/uploads\/sites\/20\/2025\/09\/Qualifica-1.jpeg","contentUrl":"https:\/\/www.manaus.am.gov.br\/semtepi\/wp-content\/uploads\/sites\/20\/2025\/09\/Qualifica-1.jpeg","width":1280,"height":853,"caption":"#paratodosverem - Secret\u00e1rio Alonso Oliveira explicando o edital de qualifica\u00e7\u00e3o"},{"@type":"BreadcrumbList","@id":"https:\/\/www.manaus.am.gov.br\/semtepi\/edital\/qualifica-edital-500-mil\/#breadcrumb","itemListElement":[{"@type":"ListItem","position":1,"name":"Home","item":"https:\/\/www.manaus.am.gov.br\/semtepi\/"},{"@type":"ListItem","position":2,"name":"Prefeitura de Manaus lan\u00e7a edital \u2018Qualifica +\u2019 para capacita\u00e7\u00e3o profissional com investimento de R$500 mil"}]},{"@type":"WebSite","@id":"https:\/\/www.manaus.am.gov.br\/semtepi\/#website","url":"https:\/\/www.manaus.am.gov.br\/semtepi\/","name":"SEMTEPI","description":"Prefeitura de Manaus","publisher":{"@id":"https:\/\/www.manaus.am.gov.br\/semtepi\/#organization"},"alternateName":"Secretaria Municipal do Trabalho, Empreendedorismo e Inova\u00e7\u00e3o","potentialAction":[{"@type":"SearchAction","target":{"@type":"EntryPoint","urlTemplate":"https:\/\/www.manaus.am.gov.br\/semtepi\/?s={search_term_string}"},"query-input":"required name=search_term_string"}],"inLanguage":"pt-BR"},{"@type":"Organization","@id":"https:\/\/www.manaus.am.gov.br\/semtepi\/#organization","name":"Prefeitura Municipal de Manaus","alternateName":"Prefeitura de Manaus","url":"https:\/\/www.manaus.am.gov.br\/semtepi\/","logo":{"@type":"ImageObject","inLanguage":"pt-BR","@id":"https:\/\/www.manaus.am.gov.br\/semtepi\/#\/schema\/logo\/image\/","url":"https:\/\/www.manaus.am.gov.br\/semtepi\/wp-content\/uploads\/sites\/20\/2024\/07\/favicon.png","contentUrl":"https:\/\/www.manaus.am.gov.br\/semtepi\/wp-content\/uploads\/sites\/20\/2024\/07\/favicon.png","width":300,"height":300,"caption":"Prefeitura Municipal de Manaus"},"image":{"@id":"https:\/\/www.manaus.am.gov.br\/semtepi\/#\/schema\/logo\/image\/"}},{"@type":"Person","@id":"https:\/\/www.manaus.am.gov.br\/semtepi\/#\/schema\/person\/a5ee5376db6e21af026374b369f30882","name":"Thiago Fernando","image":{"@type":"ImageObject","inLanguage":"pt-BR","@id":"https:\/\/www.manaus.am.gov.br\/semtepi\/#\/schema\/person\/image\/","url":"https:\/\/secure.gravatar.com\/avatar\/f5aab8722444041451501c077052ac07?s=96&d=mm&r=g","contentUrl":"https:\/\/secure.gravatar.com\/avatar\/f5aab8722444041451501c077052ac07?s=96&d=mm&r=g","caption":"Thiago Fernando"}}]}},"_links":{"self":[{"href":"https:\/\/www.manaus.am.gov.br\/semtepi\/wp-json\/wp\/v2\/posts\/7030"}],"collection":[{"href":"https:\/\/www.manaus.am.gov.br\/semtepi\/wp-json\/wp\/v2\/posts"}],"about":[{"href":"https:\/\/www.manaus.am.gov.br\/semtepi\/wp-json\/wp\/v2\/types\/post"}],"author":[{"embeddable":true,"href":"https:\/\/www.manaus.am.gov.br\/semtepi\/wp-json\/wp\/v2\/users\/57"}],"replies":[{"embeddable":true,"href":"https:\/\/www.manaus.am.gov.br\/semtepi\/wp-json\/wp\/v2\/comments?post=7030"}],"version-history":[{"count":0,"href":"https:\/\/www.manaus.am.gov.br\/semtepi\/wp-json\/wp\/v2\/posts\/7030\/revisions"}],"wp:featuredmedia":[{"embeddable":true,"href":"https:\/\/www.manaus.am.gov.br\/semtepi\/wp-json\/wp\/v2\/media\/7031"}],"wp:attachment":[{"href":"https:\/\/www.manaus.am.gov.br\/semtepi\/wp-json\/wp\/v2\/media?parent=7030"}],"wp:term":[{"taxonomy":"category","embeddable":true,"href":"https:\/\/www.manaus.am.gov.br\/semtepi\/wp-json\/wp\/v2\/categories?post=7030"},{"taxonomy":"post_tag","embeddable":true,"href":"https:\/\/www.manaus.am.gov.br\/semtepi\/wp-json\/wp\/v2\/tags?post=7030"}],"curies":[{"name":"wp","href":"https:\/\/api.w.org\/{rel}","templated":true}]}}