{"id":6935,"date":"2025-09-10T14:28:56","date_gmt":"2025-09-10T18:28:56","guid":{"rendered":"https:\/\/www.manaus.am.gov.br\/semtepi\/sem-categoria\/prefeitura-semtepi-sougamergeek\/"},"modified":"2025-09-10T14:28:58","modified_gmt":"2025-09-10T18:28:58","slug":"prefeitura-semtepi-sougamergeek","status":"publish","type":"post","link":"https:\/\/www.manaus.am.gov.br\/semtepi\/sou-manaus\/prefeitura-semtepi-sougamergeek\/","title":{"rendered":"\u2018#SouGamerGeek\u2019 movimenta mais de R$ 100 mil e valoriza cultura geek e empreendedorismo"},"content":{"rendered":"\n<p>A edi\u00e7\u00e3o do \u201c#SouManaus Passo a Pa\u00e7o 2025\u201d contou com o espa\u00e7o \u201c#SouGamerGeek\u201d, que movimentou mais de R$ 100 mil com a exposi\u00e7\u00e3o de empreendedores da economia criativa e cultura&nbsp;<em>geek<\/em>. A a\u00e7\u00e3o foi realizada pela Prefeitura de Manaus, por meio da Secretaria Municipal do Trabalho, Empreendedorismo e Inova\u00e7\u00e3o (Semtepi), em parceria com a Techno Game, durante os tr\u00eas dias do maior festival gratuito de artes integradas do Brasil.<\/p>\n\n\n\n<p>As atividades&nbsp;<em>geek<\/em>&nbsp;e gamer receberam mais de 10 mil visitantes no Casar\u00e3o da Inova\u00e7\u00e3o Cassina, e tamb\u00e9m ocupou parte da rua Bernardo Ramos, integrando a programa\u00e7\u00e3o realizada no centro hist\u00f3rico nos dias 5, 6 e 7\/9.<\/p>\n\n\n\n<p>\u201c\u00c9 muito bom ressaltar que, com a amplia\u00e7\u00e3o do festival, temos a oportunidade de fomentar o mercado de games. Em breve, teremos um edital voltado para esse universo. \u00c9 assim que a Prefeitura de Manaus atua, fortalecendo todos os segmentos e aquecendo a economia local\u201d, destacou o secret\u00e1rio da Semtepi, Alonso Oliveira.<\/p>\n\n\n\n<p>No espa\u00e7o Cassina, aproximadamente 500 gamers participaram das 11 competi\u00e7\u00f5es com direito a premia\u00e7\u00f5es. J\u00e1 na rua Bernardo Ramos o p\u00fablico acompanhou as atra\u00e7\u00f5es do palco Geek, como campeonatos, pain\u00e9is, futebol de drones, concursos de cosplay e outras experi\u00eancias voltadas ao p\u00fablico geek e \u00e0 cultura digital. Al\u00e9m da feira com 62 expositores da economia criativa.<\/p>\n\n\n\n<p>Para a empreendedora Monique Dias, a a\u00e7\u00e3o foi uma oportunidade de crescimento. \u201cQuero agradecer \u00e0 Semtepi pela chance que nos oferece de crescer no mundo&nbsp;<em>geek<\/em>, uma cultura que antes n\u00e3o tinha tanta visibilidade em nossa cidade. Com o apoio da prefeitura, n\u00e3o s\u00f3 esse universo se expandiu, mas tamb\u00e9m o nosso empreendimento\u201d, afirmou a expositora.<\/p>\n\n\n\n<p>#SouGamerGeek<\/p>\n\n\n\n<p>O \u201c#SouGamerGeek\u201d \u00e9 um evento de car\u00e1ter inovador que integra a programa\u00e7\u00e3o oficial do festival \u201c#SouManaus Passo a Pa\u00e7o\u201d, considerado o maior evento cultural e art\u00edstico do Brasil. Criado com o objetivo de valorizar a cultura gamer e&nbsp;<em>geek<\/em>, a programa\u00e7\u00e3o vem consolidando o espa\u00e7o como um dos pilares do festival, atraindo milhares de visitantes e reunindo competi\u00e7\u00f5es de e-sports, apresenta\u00e7\u00f5es culturais, concursos de cosplay, experi\u00eancias interativas e empreendimentos da economia solid\u00e1ria e criativa.<\/p>\n\n\n\n<p>&#8212; &#8212; &#8212;<\/p>\n\n\n\n<p><strong>Texto\u00a0<\/strong>\u2013 Fabiane Monteiro \/ Semtepi<\/p>\n\n\n\n<p><strong>Fotos\u00a0<\/strong>\u2013 Vin\u00edcius Paz \/ Semtepi<\/p>\n","protected":false},"excerpt":{"rendered":"","protected":false},"author":23,"featured_media":6936,"comment_status":"closed","ping_status":"closed","sticky":false,"template":"","format":"standard","meta":{"footnotes":""},"categories":[554],"tags":[1518,151,8,1519,1512,1520],"acf":[],"yoast_head":"<!-- This site is optimized with the Yoast SEO plugin v23.0 - https:\/\/yoast.com\/wordpress\/plugins\/seo\/ -->\n<title>\u2018#SouGamerGeek\u2019 movimenta mais de R$ 100 mil e valoriza cultura geek e empreendedorismo<\/title>\n<meta name=\"description\" content=\"A edi\u00e7\u00e3o do \u201c#SouManaus Passo a Pa\u00e7o 2025\u201d contou com o espa\u00e7o \u201c#SouGamerGeek\u201d, que movimentou mais de R$ 100 mil com a exposi\u00e7\u00e3o de empreendedores da economia criativa e cultura geek.\" \/>\n<meta name=\"robots\" content=\"noindex, follow\" \/>\n<meta property=\"og:locale\" content=\"pt_BR\" \/>\n<meta property=\"og:type\" content=\"article\" \/>\n<meta property=\"og:title\" content=\"\u2018#SouGamerGeek\u2019 movimenta mais de R$ 100 mil e valoriza cultura geek e empreendedorismo\" \/>\n<meta property=\"og:description\" content=\"A edi\u00e7\u00e3o do \u201c#SouManaus Passo a Pa\u00e7o 2025\u201d contou com o espa\u00e7o \u201c#SouGamerGeek\u201d, que movimentou mais de R$ 100 mil com a exposi\u00e7\u00e3o de empreendedores da economia criativa e cultura geek.\" \/>\n<meta property=\"og:url\" content=\"https:\/\/www.manaus.am.gov.br\/semtepi\/sou-manaus\/prefeitura-semtepi-sougamergeek\/\" \/>\n<meta property=\"og:site_name\" content=\"SEMTEPI\" \/>\n<meta property=\"article:published_time\" content=\"2025-09-10T18:28:56+00:00\" \/>\n<meta property=\"article:modified_time\" content=\"2025-09-10T18:28:58+00:00\" \/>\n<meta property=\"og:image\" content=\"https:\/\/www.manaus.am.gov.br\/semtepi\/wp-content\/uploads\/sites\/20\/2025\/09\/e0321cf7-b104-43f9-a75d-8e20878f6f0a.jpeg\" \/>\n\t<meta property=\"og:image:width\" content=\"2560\" \/>\n\t<meta property=\"og:image:height\" content=\"1711\" \/>\n\t<meta property=\"og:image:type\" content=\"image\/jpeg\" \/>\n<meta name=\"author\" content=\"Adriana Costa\" \/>\n<meta name=\"twitter:card\" content=\"summary_large_image\" \/>\n<meta name=\"twitter:label1\" content=\"Written by\" \/>\n\t<meta name=\"twitter:data1\" content=\"Adriana Costa\" \/>\n\t<meta name=\"twitter:label2\" content=\"Est. reading time\" \/>\n\t<meta name=\"twitter:data2\" content=\"3 minutos\" \/>\n<script type=\"application\/ld+json\" class=\"yoast-schema-graph\">{\"@context\":\"https:\/\/schema.org\",\"@graph\":[{\"@type\":\"Article\",\"@id\":\"https:\/\/www.manaus.am.gov.br\/semtepi\/sou-manaus\/prefeitura-semtepi-sougamergeek\/#article\",\"isPartOf\":{\"@id\":\"https:\/\/www.manaus.am.gov.br\/semtepi\/sou-manaus\/prefeitura-semtepi-sougamergeek\/\"},\"author\":{\"name\":\"Adriana Costa\",\"@id\":\"https:\/\/www.manaus.am.gov.br\/semtepi\/#\/schema\/person\/4e49f4e267757a06ca072ec61b2b9968\"},\"headline\":\"\u2018#SouGamerGeek\u2019 movimenta mais de R$ 100 mil e valoriza cultura geek e empreendedorismo\",\"datePublished\":\"2025-09-10T18:28:56+00:00\",\"dateModified\":\"2025-09-10T18:28:58+00:00\",\"mainEntityOfPage\":{\"@id\":\"https:\/\/www.manaus.am.gov.br\/semtepi\/sou-manaus\/prefeitura-semtepi-sougamergeek\/\"},\"wordCount\":397,\"publisher\":{\"@id\":\"https:\/\/www.manaus.am.gov.br\/semtepi\/#organization\"},\"image\":{\"@id\":\"https:\/\/www.manaus.am.gov.br\/semtepi\/sou-manaus\/prefeitura-semtepi-sougamergeek\/#primaryimage\"},\"thumbnailUrl\":\"https:\/\/www.manaus.am.gov.br\/semtepi\/wp-content\/uploads\/sites\/20\/2025\/09\/e0321cf7-b104-43f9-a75d-8e20878f6f0a.jpeg\",\"keywords\":[\"festival\",\"inova\u00e7\u00e3o\",\"prefeitura de manaus\",\"SouGamerGeek\",\"soumanaus\",\"videogame\"],\"articleSection\":[\"#SouManaus\"],\"inLanguage\":\"pt-BR\"},{\"@type\":\"WebPage\",\"@id\":\"https:\/\/www.manaus.am.gov.br\/semtepi\/sou-manaus\/prefeitura-semtepi-sougamergeek\/\",\"url\":\"https:\/\/www.manaus.am.gov.br\/semtepi\/sou-manaus\/prefeitura-semtepi-sougamergeek\/\",\"name\":\"\u2018#SouGamerGeek\u2019 movimenta mais de R$ 100 mil e valoriza cultura geek e empreendedorismo\",\"isPartOf\":{\"@id\":\"https:\/\/www.manaus.am.gov.br\/semtepi\/#website\"},\"primaryImageOfPage\":{\"@id\":\"https:\/\/www.manaus.am.gov.br\/semtepi\/sou-manaus\/prefeitura-semtepi-sougamergeek\/#primaryimage\"},\"image\":{\"@id\":\"https:\/\/www.manaus.am.gov.br\/semtepi\/sou-manaus\/prefeitura-semtepi-sougamergeek\/#primaryimage\"},\"thumbnailUrl\":\"https:\/\/www.manaus.am.gov.br\/semtepi\/wp-content\/uploads\/sites\/20\/2025\/09\/e0321cf7-b104-43f9-a75d-8e20878f6f0a.jpeg\",\"datePublished\":\"2025-09-10T18:28:56+00:00\",\"dateModified\":\"2025-09-10T18:28:58+00:00\",\"description\":\"A edi\u00e7\u00e3o do \u201c#SouManaus Passo a Pa\u00e7o 2025\u201d contou com o espa\u00e7o \u201c#SouGamerGeek\u201d, que movimentou mais de R$ 100 mil com a exposi\u00e7\u00e3o de empreendedores da economia criativa e cultura geek.\",\"breadcrumb\":{\"@id\":\"https:\/\/www.manaus.am.gov.br\/semtepi\/sou-manaus\/prefeitura-semtepi-sougamergeek\/#breadcrumb\"},\"inLanguage\":\"pt-BR\",\"potentialAction\":[{\"@type\":\"ReadAction\",\"target\":[\"https:\/\/www.manaus.am.gov.br\/semtepi\/sou-manaus\/prefeitura-semtepi-sougamergeek\/\"]}]},{\"@type\":\"ImageObject\",\"inLanguage\":\"pt-BR\",\"@id\":\"https:\/\/www.manaus.am.gov.br\/semtepi\/sou-manaus\/prefeitura-semtepi-sougamergeek\/#primaryimage\",\"url\":\"https:\/\/www.manaus.am.gov.br\/semtepi\/wp-content\/uploads\/sites\/20\/2025\/09\/e0321cf7-b104-43f9-a75d-8e20878f6f0a.jpeg\",\"contentUrl\":\"https:\/\/www.manaus.am.gov.br\/semtepi\/wp-content\/uploads\/sites\/20\/2025\/09\/e0321cf7-b104-43f9-a75d-8e20878f6f0a.jpeg\",\"width\":2560,\"height\":1711},{\"@type\":\"BreadcrumbList\",\"@id\":\"https:\/\/www.manaus.am.gov.br\/semtepi\/sou-manaus\/prefeitura-semtepi-sougamergeek\/#breadcrumb\",\"itemListElement\":[{\"@type\":\"ListItem\",\"position\":1,\"name\":\"Home\",\"item\":\"https:\/\/www.manaus.am.gov.br\/semtepi\/\"},{\"@type\":\"ListItem\",\"position\":2,\"name\":\"\u2018#SouGamerGeek\u2019 movimenta mais de R$ 100 mil e valoriza cultura geek e empreendedorismo\"}]},{\"@type\":\"WebSite\",\"@id\":\"https:\/\/www.manaus.am.gov.br\/semtepi\/#website\",\"url\":\"https:\/\/www.manaus.am.gov.br\/semtepi\/\",\"name\":\"SEMTEPI\",\"description\":\"Prefeitura de Manaus\",\"publisher\":{\"@id\":\"https:\/\/www.manaus.am.gov.br\/semtepi\/#organization\"},\"alternateName\":\"Secretaria Municipal do Trabalho, Empreendedorismo e Inova\u00e7\u00e3o\",\"potentialAction\":[{\"@type\":\"SearchAction\",\"target\":{\"@type\":\"EntryPoint\",\"urlTemplate\":\"https:\/\/www.manaus.am.gov.br\/semtepi\/?s={search_term_string}\"},\"query-input\":\"required name=search_term_string\"}],\"inLanguage\":\"pt-BR\"},{\"@type\":\"Organization\",\"@id\":\"https:\/\/www.manaus.am.gov.br\/semtepi\/#organization\",\"name\":\"Prefeitura Municipal de Manaus\",\"alternateName\":\"Prefeitura de Manaus\",\"url\":\"https:\/\/www.manaus.am.gov.br\/semtepi\/\",\"logo\":{\"@type\":\"ImageObject\",\"inLanguage\":\"pt-BR\",\"@id\":\"https:\/\/www.manaus.am.gov.br\/semtepi\/#\/schema\/logo\/image\/\",\"url\":\"https:\/\/www.manaus.am.gov.br\/semtepi\/wp-content\/uploads\/sites\/20\/2024\/07\/favicon.png\",\"contentUrl\":\"https:\/\/www.manaus.am.gov.br\/semtepi\/wp-content\/uploads\/sites\/20\/2024\/07\/favicon.png\",\"width\":300,\"height\":300,\"caption\":\"Prefeitura Municipal de Manaus\"},\"image\":{\"@id\":\"https:\/\/www.manaus.am.gov.br\/semtepi\/#\/schema\/logo\/image\/\"}},{\"@type\":\"Person\",\"@id\":\"https:\/\/www.manaus.am.gov.br\/semtepi\/#\/schema\/person\/4e49f4e267757a06ca072ec61b2b9968\",\"name\":\"Adriana Costa\",\"image\":{\"@type\":\"ImageObject\",\"inLanguage\":\"pt-BR\",\"@id\":\"https:\/\/www.manaus.am.gov.br\/semtepi\/#\/schema\/person\/image\/\",\"url\":\"https:\/\/secure.gravatar.com\/avatar\/576258617ef7194f718179e766d57bd4?s=96&d=mm&r=g\",\"contentUrl\":\"https:\/\/secure.gravatar.com\/avatar\/576258617ef7194f718179e766d57bd4?s=96&d=mm&r=g\",\"caption\":\"Adriana Costa\"}}]}<\/script>\n<!-- \/ Yoast SEO plugin. -->","yoast_head_json":{"title":"\u2018#SouGamerGeek\u2019 movimenta mais de R$ 100 mil e valoriza cultura geek e empreendedorismo","description":"A edi\u00e7\u00e3o do \u201c#SouManaus Passo a Pa\u00e7o 2025\u201d contou com o espa\u00e7o \u201c#SouGamerGeek\u201d, que movimentou mais de R$ 100 mil com a exposi\u00e7\u00e3o de empreendedores da economia criativa e cultura geek.","robots":{"index":"noindex","follow":"follow"},"og_locale":"pt_BR","og_type":"article","og_title":"\u2018#SouGamerGeek\u2019 movimenta mais de R$ 100 mil e valoriza cultura geek e empreendedorismo","og_description":"A edi\u00e7\u00e3o do \u201c#SouManaus Passo a Pa\u00e7o 2025\u201d contou com o espa\u00e7o \u201c#SouGamerGeek\u201d, que movimentou mais de R$ 100 mil com a exposi\u00e7\u00e3o de empreendedores da economia criativa e cultura geek.","og_url":"https:\/\/www.manaus.am.gov.br\/semtepi\/sou-manaus\/prefeitura-semtepi-sougamergeek\/","og_site_name":"SEMTEPI","article_published_time":"2025-09-10T18:28:56+00:00","article_modified_time":"2025-09-10T18:28:58+00:00","og_image":[{"width":2560,"height":1711,"url":"https:\/\/www.manaus.am.gov.br\/semtepi\/wp-content\/uploads\/sites\/20\/2025\/09\/e0321cf7-b104-43f9-a75d-8e20878f6f0a.jpeg","type":"image\/jpeg"}],"author":"Adriana Costa","twitter_card":"summary_large_image","twitter_misc":{"Written by":"Adriana Costa","Est. reading time":"3 minutos"},"schema":{"@context":"https:\/\/schema.org","@graph":[{"@type":"Article","@id":"https:\/\/www.manaus.am.gov.br\/semtepi\/sou-manaus\/prefeitura-semtepi-sougamergeek\/#article","isPartOf":{"@id":"https:\/\/www.manaus.am.gov.br\/semtepi\/sou-manaus\/prefeitura-semtepi-sougamergeek\/"},"author":{"name":"Adriana Costa","@id":"https:\/\/www.manaus.am.gov.br\/semtepi\/#\/schema\/person\/4e49f4e267757a06ca072ec61b2b9968"},"headline":"\u2018#SouGamerGeek\u2019 movimenta mais de R$ 100 mil e valoriza cultura geek e empreendedorismo","datePublished":"2025-09-10T18:28:56+00:00","dateModified":"2025-09-10T18:28:58+00:00","mainEntityOfPage":{"@id":"https:\/\/www.manaus.am.gov.br\/semtepi\/sou-manaus\/prefeitura-semtepi-sougamergeek\/"},"wordCount":397,"publisher":{"@id":"https:\/\/www.manaus.am.gov.br\/semtepi\/#organization"},"image":{"@id":"https:\/\/www.manaus.am.gov.br\/semtepi\/sou-manaus\/prefeitura-semtepi-sougamergeek\/#primaryimage"},"thumbnailUrl":"https:\/\/www.manaus.am.gov.br\/semtepi\/wp-content\/uploads\/sites\/20\/2025\/09\/e0321cf7-b104-43f9-a75d-8e20878f6f0a.jpeg","keywords":["festival","inova\u00e7\u00e3o","prefeitura de manaus","SouGamerGeek","soumanaus","videogame"],"articleSection":["#SouManaus"],"inLanguage":"pt-BR"},{"@type":"WebPage","@id":"https:\/\/www.manaus.am.gov.br\/semtepi\/sou-manaus\/prefeitura-semtepi-sougamergeek\/","url":"https:\/\/www.manaus.am.gov.br\/semtepi\/sou-manaus\/prefeitura-semtepi-sougamergeek\/","name":"\u2018#SouGamerGeek\u2019 movimenta mais de R$ 100 mil e valoriza cultura geek e empreendedorismo","isPartOf":{"@id":"https:\/\/www.manaus.am.gov.br\/semtepi\/#website"},"primaryImageOfPage":{"@id":"https:\/\/www.manaus.am.gov.br\/semtepi\/sou-manaus\/prefeitura-semtepi-sougamergeek\/#primaryimage"},"image":{"@id":"https:\/\/www.manaus.am.gov.br\/semtepi\/sou-manaus\/prefeitura-semtepi-sougamergeek\/#primaryimage"},"thumbnailUrl":"https:\/\/www.manaus.am.gov.br\/semtepi\/wp-content\/uploads\/sites\/20\/2025\/09\/e0321cf7-b104-43f9-a75d-8e20878f6f0a.jpeg","datePublished":"2025-09-10T18:28:56+00:00","dateModified":"2025-09-10T18:28:58+00:00","description":"A edi\u00e7\u00e3o do \u201c#SouManaus Passo a Pa\u00e7o 2025\u201d contou com o espa\u00e7o \u201c#SouGamerGeek\u201d, que movimentou mais de R$ 100 mil com a exposi\u00e7\u00e3o de empreendedores da economia criativa e cultura geek.","breadcrumb":{"@id":"https:\/\/www.manaus.am.gov.br\/semtepi\/sou-manaus\/prefeitura-semtepi-sougamergeek\/#breadcrumb"},"inLanguage":"pt-BR","potentialAction":[{"@type":"ReadAction","target":["https:\/\/www.manaus.am.gov.br\/semtepi\/sou-manaus\/prefeitura-semtepi-sougamergeek\/"]}]},{"@type":"ImageObject","inLanguage":"pt-BR","@id":"https:\/\/www.manaus.am.gov.br\/semtepi\/sou-manaus\/prefeitura-semtepi-sougamergeek\/#primaryimage","url":"https:\/\/www.manaus.am.gov.br\/semtepi\/wp-content\/uploads\/sites\/20\/2025\/09\/e0321cf7-b104-43f9-a75d-8e20878f6f0a.jpeg","contentUrl":"https:\/\/www.manaus.am.gov.br\/semtepi\/wp-content\/uploads\/sites\/20\/2025\/09\/e0321cf7-b104-43f9-a75d-8e20878f6f0a.jpeg","width":2560,"height":1711},{"@type":"BreadcrumbList","@id":"https:\/\/www.manaus.am.gov.br\/semtepi\/sou-manaus\/prefeitura-semtepi-sougamergeek\/#breadcrumb","itemListElement":[{"@type":"ListItem","position":1,"name":"Home","item":"https:\/\/www.manaus.am.gov.br\/semtepi\/"},{"@type":"ListItem","position":2,"name":"\u2018#SouGamerGeek\u2019 movimenta mais de R$ 100 mil e valoriza cultura geek e empreendedorismo"}]},{"@type":"WebSite","@id":"https:\/\/www.manaus.am.gov.br\/semtepi\/#website","url":"https:\/\/www.manaus.am.gov.br\/semtepi\/","name":"SEMTEPI","description":"Prefeitura de Manaus","publisher":{"@id":"https:\/\/www.manaus.am.gov.br\/semtepi\/#organization"},"alternateName":"Secretaria Municipal do Trabalho, Empreendedorismo e Inova\u00e7\u00e3o","potentialAction":[{"@type":"SearchAction","target":{"@type":"EntryPoint","urlTemplate":"https:\/\/www.manaus.am.gov.br\/semtepi\/?s={search_term_string}"},"query-input":"required name=search_term_string"}],"inLanguage":"pt-BR"},{"@type":"Organization","@id":"https:\/\/www.manaus.am.gov.br\/semtepi\/#organization","name":"Prefeitura Municipal de Manaus","alternateName":"Prefeitura de Manaus","url":"https:\/\/www.manaus.am.gov.br\/semtepi\/","logo":{"@type":"ImageObject","inLanguage":"pt-BR","@id":"https:\/\/www.manaus.am.gov.br\/semtepi\/#\/schema\/logo\/image\/","url":"https:\/\/www.manaus.am.gov.br\/semtepi\/wp-content\/uploads\/sites\/20\/2024\/07\/favicon.png","contentUrl":"https:\/\/www.manaus.am.gov.br\/semtepi\/wp-content\/uploads\/sites\/20\/2024\/07\/favicon.png","width":300,"height":300,"caption":"Prefeitura Municipal de Manaus"},"image":{"@id":"https:\/\/www.manaus.am.gov.br\/semtepi\/#\/schema\/logo\/image\/"}},{"@type":"Person","@id":"https:\/\/www.manaus.am.gov.br\/semtepi\/#\/schema\/person\/4e49f4e267757a06ca072ec61b2b9968","name":"Adriana Costa","image":{"@type":"ImageObject","inLanguage":"pt-BR","@id":"https:\/\/www.manaus.am.gov.br\/semtepi\/#\/schema\/person\/image\/","url":"https:\/\/secure.gravatar.com\/avatar\/576258617ef7194f718179e766d57bd4?s=96&d=mm&r=g","contentUrl":"https:\/\/secure.gravatar.com\/avatar\/576258617ef7194f718179e766d57bd4?s=96&d=mm&r=g","caption":"Adriana Costa"}}]}},"_links":{"self":[{"href":"https:\/\/www.manaus.am.gov.br\/semtepi\/wp-json\/wp\/v2\/posts\/6935"}],"collection":[{"href":"https:\/\/www.manaus.am.gov.br\/semtepi\/wp-json\/wp\/v2\/posts"}],"about":[{"href":"https:\/\/www.manaus.am.gov.br\/semtepi\/wp-json\/wp\/v2\/types\/post"}],"author":[{"embeddable":true,"href":"https:\/\/www.manaus.am.gov.br\/semtepi\/wp-json\/wp\/v2\/users\/23"}],"replies":[{"embeddable":true,"href":"https:\/\/www.manaus.am.gov.br\/semtepi\/wp-json\/wp\/v2\/comments?post=6935"}],"version-history":[{"count":0,"href":"https:\/\/www.manaus.am.gov.br\/semtepi\/wp-json\/wp\/v2\/posts\/6935\/revisions"}],"wp:featuredmedia":[{"embeddable":true,"href":"https:\/\/www.manaus.am.gov.br\/semtepi\/wp-json\/wp\/v2\/media\/6936"}],"wp:attachment":[{"href":"https:\/\/www.manaus.am.gov.br\/semtepi\/wp-json\/wp\/v2\/media?parent=6935"}],"wp:term":[{"taxonomy":"category","embeddable":true,"href":"https:\/\/www.manaus.am.gov.br\/semtepi\/wp-json\/wp\/v2\/categories?post=6935"},{"taxonomy":"post_tag","embeddable":true,"href":"https:\/\/www.manaus.am.gov.br\/semtepi\/wp-json\/wp\/v2\/tags?post=6935"}],"curies":[{"name":"wp","href":"https:\/\/api.w.org\/{rel}","templated":true}]}}