{"id":6829,"date":"2025-08-24T08:24:13","date_gmt":"2025-08-24T12:24:13","guid":{"rendered":"https:\/\/www.manaus.am.gov.br\/semtepi\/sem-categoria\/sine-manaus-366-vagas-emprego-25-8\/"},"modified":"2025-08-24T08:33:38","modified_gmt":"2025-08-24T12:33:38","slug":"sine-manaus-366-vagas-emprego-25-8","status":"publish","type":"post","link":"https:\/\/www.manaus.am.gov.br\/semtepi\/oportunidade\/sine-manaus-366-vagas-emprego-25-8\/","title":{"rendered":"Sine Manaus oferta 366 vagas de emprego nesta segunda-feira, 25\/8"},"content":{"rendered":"\n<p>A Prefeitura de Manaus, por meio do Sine Manaus, oferta 366 vagas de emprego em v\u00e1rias \u00e1reas de atua\u00e7\u00e3o, nesta segunda-feira, 25\/8,&nbsp;de 8h \u00e0s 14h. O candidato pode validar a Carteira Digital e Previd\u00eancia Social (CTPS) no aplicativo \u201cCarteira de Trabalho Digital\u201d ou acessar o site&nbsp;<a href=\"http:\/\/gov.br\/trabalho\">http:\/\/gov.br\/trabalho<\/a>.<\/p>\n\n\n\n<p>Para participar da pr\u00e9-sele\u00e7\u00e3o e concorrer a uma das vagas dispon\u00edveis, ou receber orienta\u00e7\u00e3o de cadastro, Carteira de Trabalho Digital e seguro-desemprego, os candidatos devem comparecer a um dos postos do Sine Manaus: na avenida Constantino Nery, n\u00ba 1.272, bairro S\u00e3o Geraldo, zona Centro-Sul; ou no shopping Phelippe Daou, na avenida Camapu\u00e3, n\u00ba 2.939, bairro Cidade de Deus, zona Leste.<\/p>\n\n\n\n<p>Os interessados devem estar munidos do comprovante de vacina\u00e7\u00e3o (Covid-19), curr\u00edculo, certificados de cursos e documentos pessoais (RG, CPF, PIS, CTPS, comprovante de escolaridade e resid\u00eancia). N\u00e3o \u00e9 necess\u00e1rio apresentar c\u00f3pias, somente os documentos originais.<\/p>\n\n\n\n<p>\u00c9 importante que os candidatos mantenham seus cadastros atualizados, especialmente ao finalizarem novas qualifica\u00e7\u00f5es. Para vagas espec\u00edficas, podem ser solicitados documentos adicionais, como cursos ou certifica\u00e7\u00f5es, por isso, \u00e9 essencial estar atento aos &#8220;Requisitos Obrigat\u00f3rios&#8221; de cada vaga.<\/p>\n\n\n\n<p>A Semtepi ressalta que, obedecendo ao disposto no artigo 5\u00ba, da Constitui\u00e7\u00e3o Federal, e ao artigo 373-A, da Consolida\u00e7\u00e3o das Leis Trabalhistas (CLT), crit\u00e9rios referentes a sexo, idade, cor ou situa\u00e7\u00e3o familiar, n\u00e3o podem ser informados na divulga\u00e7\u00e3o das vagas disponibilizadas.<\/p>\n\n\n\n<p>Os candidatos devem estar cientes das diretrizes de vestimenta estabelecidas pelo \u00f3rg\u00e3o, as quais incluem a proibi\u00e7\u00e3o de vestimentas como bermudas, shorts, minissaias, camisetas regatas e chinelos durante a entrada.<\/p>\n\n\n\n<p><strong>Vagas de Com\u00e9rcio &#8211; 24<\/strong><\/p>\n\n\n\n<p><strong>1 vaga &#8211; Operador de Caixa<\/strong><\/p>\n\n\n\n<p><strong>Escolaridade &#8211;<\/strong> ensino m\u00e9dio completo;<\/p>\n\n\n\n<p><strong>Experi\u00eancia &#8211; <\/strong>seis meses na Carteira de Trabalho ou avulsa;<\/p>\n\n\n\n<p><strong>Requisitos Obrigat\u00f3rios <\/strong>&#8211; residir na Zona Leste ou Norte e possuir documenta\u00e7\u00e3o completa;<\/p>\n\n\n\n<p><strong>Atividades &#8211; <\/strong>escanear produtos, inserir pre\u00e7os, receber pagamentos em dinheiro ou cart\u00f5es, emitir recibos e notas fiscais, e manter o caixa organizado.<\/p>\n\n\n\n<p><strong>Dispon\u00edvel at\u00e9 25\/08\/2025 ou encerramento da vaga<\/strong><\/p>\n\n\n\n<p><strong>5 vagas &#8211; Ajudante de A\u00e7ougue<\/strong><\/p>\n\n\n\n<p><strong>Escolaridade &#8211;<\/strong> ensino m\u00e9dio completo;<\/p>\n\n\n\n<p><strong>Experi\u00eancia &#8211; <\/strong>n\u00e3o \u00e9 necess\u00e1rio;<\/p>\n\n\n\n<p><strong>Requisitos Obrigat\u00f3rios <\/strong>&#8211; residir nos bairros: Parque das Gar\u00e7as, N\u00facleo 16, Cidade de Deus, Bairro da Paz, S\u00e3o Francisco, Petr\u00f3polis, Pra\u00e7a 14 e possuir documenta\u00e7\u00e3o completa (com dispensa militar);<\/p>\n\n\n\n<p><strong>Atividades &#8211; <\/strong>auxiliar no corte, desossa, porcionamento, pesagem e embalagem das carnes; manter a limpeza e organiza\u00e7\u00e3o do balc\u00e3o, c\u00e2maras frias, equipamentos e \u00e1rea de manipula\u00e7\u00e3o de carnes; embalar e precificar carnes para venda, entre outras atividades pertinentes \u00e0 fun\u00e7\u00e3o.<\/p>\n\n\n\n<p><strong>Dispon\u00edvel at\u00e9 25\/08\/2025 ou encerramento da vaga<\/strong><\/p>\n\n\n\n<p><strong>14 vagas &#8211; Fiscal de Loja<\/strong><\/p>\n\n\n\n<p><strong>Escolaridade &#8211;<\/strong> ensino m\u00e9dio completo;<\/p>\n\n\n\n<p><strong>Experi\u00eancia &#8211; <\/strong>registrada na Carteira de Trabalho;<\/p>\n\n\n\n<p><strong>Requisitos Obrigat\u00f3rios <\/strong>&#8211; possuir documenta\u00e7\u00e3o completa;<\/p>\n\n\n\n<p><strong>Atividades &#8211; <\/strong>monitorar a movimenta\u00e7\u00e3o de pessoas e mercadorias, conferindo sa\u00eddas e entradas e identificando potenciais riscos, atuar na preven\u00e7\u00e3o de furtos, danos, fraudes e outras perdas que possam afetar o patrim\u00f4nio da empresa, entre outras atividades pertinentes \u00e0 fun\u00e7\u00e3o.<\/p>\n\n\n\n<p><strong>Dispon\u00edvel at\u00e9 25\/08\/2025 ou encerramento da vaga<\/strong><\/p>\n\n\n\n<p><strong>1 vaga &#8211; Gerente de Loja e Supermercado<\/strong><\/p>\n\n\n\n<p><strong>Escolaridade &#8211;<\/strong> ensino superior completo em Administra\u00e7\u00e3o;<\/p>\n\n\n\n<p><strong>Experi\u00eancia &#8211; <\/strong>registrada na Carteira de Trabalho;<\/p>\n\n\n\n<p><strong>Requisitos Obrigat\u00f3rios <\/strong>&#8211; possuir documenta\u00e7\u00e3o completa;<\/p>\n\n\n\n<p><strong>Atividades &#8211; <\/strong>planejar, organizar e controlar as rotinas de com\u00e9rcios varejistas e atacadistas, envolvendo a lideran\u00e7a de equipes, arruma\u00e7\u00e3o de mercadorias, gest\u00e3o de estoque e programa\u00e7\u00e3o de compras; acompanhar o fechamento de caixa, faturamento e indicadores de resultados para alcance dos objetivos organizacionais.<\/p>\n\n\n\n<p><strong>Dispon\u00edvel at\u00e9 25\/08\/2025 ou encerramento da vaga<\/strong><\/p>\n\n\n\n<p><strong>1 vaga &#8211; Instalador de Purificador de \u00c1gua<\/strong><\/p>\n\n\n\n<p><strong>Escolaridade &#8211;<\/strong> ensino m\u00e9dio completo;<\/p>\n\n\n\n<p><strong>Experi\u00eancia &#8211; <\/strong>n\u00e3o \u00e9 necess\u00e1rio;<\/p>\n\n\n\n<p><strong>Requisitos Obrigat\u00f3rios <\/strong>&#8211; ter Carteira Nacional de Habilita\u00e7\u00e3o categoria \u201cAB\u201d, no\u00e7\u00f5es de hidr\u00e1ulica e possuir documenta\u00e7\u00e3o completa&nbsp; (com dispensa militar);<\/p>\n\n\n\n<p><strong>Atividades &#8211; <\/strong>executar os servi\u00e7os previamente agendados pela equipe comercial, seguindo uma rota t\u00e9cnica organizada por regi\u00f5es. Por isso, \u00e9 essencial conhecer bem as \u00e1reas da cidade; instala\u00e7\u00e3o de purificadores de \u00e1gua; transporte de equipamentos; cumprimento dos procedimentos operacionais da empresa.<\/p>\n\n\n\n<p><strong>Dispon\u00edvel at\u00e9 25\/08\/2025 ou encerramento da vaga<\/strong><\/p>\n\n\n\n<p><strong>1 vaga &#8211; Conferente<\/strong><\/p>\n\n\n\n<p><strong>Escolaridade &#8211;<\/strong> ensino m\u00e9dio completo;<\/p>\n\n\n\n<p><strong>Experi\u00eancia &#8211; <\/strong>registrada na Carteira de Trabalho;<\/p>\n\n\n\n<p><strong>Requisitos Obrigat\u00f3rios <\/strong>&#8211; ter experi\u00eancia com balan\u00e7a, disponibilidade de hor\u00e1rio (noturno) e possuir documenta\u00e7\u00e3o completa (com dispensa militar);<\/p>\n\n\n\n<p><strong>Atividades &#8211; <\/strong>confer\u00eancia de mercadorias que abastecem o galp\u00e3o, liderar os carga e descarga, passar as pesagens das doa\u00e7\u00f5es e das avarias e anotar todas essas observa\u00e7\u00f5es.<\/p>\n\n\n\n<p><strong>Dispon\u00edvel at\u00e9 25\/08\/2025 ou encerramento da vaga<\/strong><\/p>\n\n\n\n<p><strong>1 vaga &#8211; Vendedor Interno<\/strong><\/p>\n\n\n\n<p><strong>Escolaridade &#8211;<\/strong> ensino m\u00e9dio completo;<\/p>\n\n\n\n<p><strong>Experi\u00eancia &#8211; <\/strong>seis meses na Carteira de Trabalho;<\/p>\n\n\n\n<p><strong>Requisitos Obrigat\u00f3rios <\/strong>&#8211; possuir documenta\u00e7\u00e3o completa (com dispensa militar);<\/p>\n\n\n\n<p><strong>Atividades &#8211; <\/strong>realizar atendimento ao cliente, vendas e faturamento.<\/p>\n\n\n\n<p><strong>Dispon\u00edvel at\u00e9 25\/08\/2025 ou encerramento da vaga<\/strong><\/p>\n\n\n\n<p><strong>Vagas de Ind\u00fastria &#8211; 141<\/strong><\/p>\n\n\n\n<p><strong>50 vagas &#8211; Auxiliar de Linha de Produ\u00e7\u00e3o<\/strong><\/p>\n\n\n\n<p><strong>Escolaridade &#8211; <\/strong>ensino fundamental incompleto;<\/p>\n\n\n\n<p><strong>Experi\u00eancia &#8211;<\/strong> n\u00e3o \u00e9 necess\u00e1rio;<\/p>\n\n\n\n<p><strong>Requisitos Obrigat\u00f3rios &#8211; <\/strong>a vaga \u00e9 destinada para candidatos que est\u00e3o em busca de novos desafios; o candidato vai precisar morar em: V\u00e1rzea Grande (MT) e possuir documenta\u00e7\u00e3o completa (com dispensa militar);<\/p>\n\n\n\n<p><strong>Atividades &#8211; <\/strong>executar atividades operacionais em setores de apoio ou produ\u00e7\u00e3o de frios, visando garantir a manuten\u00e7\u00e3o, organiza\u00e7\u00e3o, limpeza ou opera\u00e7\u00e3o de atividades na unidade.<\/p>\n\n\n\n<p><strong>Dispon\u00edvel at\u00e9 25\/08\/2025 ou encerramento da vaga<\/strong><\/p>\n\n\n\n<p><strong>25 vagas &#8211; Alimentador de Linha de Produ\u00e7\u00e3o<\/strong><\/p>\n\n\n\n<p><strong>Escolaridade &#8211;<\/strong> ensino fundamental incompleto;<\/p>\n\n\n\n<p><strong>Experi\u00eancia &#8211; <\/strong>n\u00e3o \u00e9 necess\u00e1rio;<\/p>\n\n\n\n<p><strong>Requisitos Obrigat\u00f3rios <\/strong>&#8211; a vaga \u00e9 destinada para candidatos que est\u00e3o em busca de novos desafios; o candidato vai precisar morar em: Promiss\u00e3o &#8211; SP e possuir documenta\u00e7\u00e3o completa (com dispensa militar);<\/p>\n\n\n\n<p><strong>Atividades &#8211; <\/strong>auxiliar a ind\u00fastria de abate bovino.<\/p>\n\n\n\n<p><strong>Dispon\u00edvel at\u00e9 25\/08\/2025 ou encerramento da vaga<\/strong><\/p>\n\n\n\n<p><strong>50 vagas &#8211; Auxiliar Operacional &#8211; Setor Industrial<\/strong><\/p>\n\n\n\n<p><strong>Escolaridade &#8211; <\/strong>ensino fundamental incompleto;<\/p>\n\n\n\n<p><strong>Experi\u00eancia &#8211;<\/strong> n\u00e3o \u00e9 necess\u00e1rio;<\/p>\n\n\n\n<p><strong>Requisitos Obrigat\u00f3rios &#8211; <\/strong>a vaga \u00e9 destinada para candidatos que est\u00e3o em busca de novos desafios; o candidato vai precisar morar em: Chupinguaia (RO) e possuir documenta\u00e7\u00e3o completa (com dispensa militar);<\/p>\n\n\n\n<p><strong>Atividades &#8211; <\/strong>pesagem e balan\u00e7a de pe\u00e7as de carne; Transporte de pe\u00e7as de carne para a log\u00edstica; Lavagem de pe\u00e7as de carne; Aux\u00edlio na linha de produ\u00e7\u00e3o no processo de desossa e cortes de carne.<\/p>\n\n\n\n<p><strong>Dispon\u00edvel at\u00e9 25\/08\/2025 ou encerramento da vaga<\/strong><\/p>\n\n\n\n<p><strong>4 vagas &#8211; Promotor de Vendas Especializado<\/strong><\/p>\n\n\n\n<p><strong>Escolaridade &#8211;<\/strong> ensino m\u00e9dio completo;<\/p>\n\n\n\n<p><strong>Experi\u00eancia &#8211; <\/strong>seis meses na Carteira de Trabalho;<\/p>\n\n\n\n<p><strong>Requisitos Obrigat\u00f3rios <\/strong>&#8211; ter curso de Inform\u00e1tica intermedi\u00e1ria e possuir documenta\u00e7\u00e3o completa;<\/p>\n\n\n\n<p><strong>Atividades &#8211; <\/strong>atendimento ao cliente; apresenta\u00e7\u00e3o de produtos; prospec\u00e7\u00e3o de clientes; negocia\u00e7\u00e3o; gest\u00e3o de estoque; registro de vendas; acompanhamento p\u00f3s-venda; manuten\u00e7\u00e3o do ponto de venda; atualiza\u00e7\u00e3o sobre produtos e relat\u00f3rios e metas.<\/p>\n\n\n\n<p><strong>Dispon\u00edvel at\u00e9 25\/08\/2025 ou encerramento da vaga<\/strong><\/p>\n\n\n\n<p><strong>1 vaga &#8211; Eletromec\u00e2nico Industrial Jr<\/strong><\/p>\n\n\n\n<p><strong>Escolaridade &#8211;<\/strong> ensino t\u00e9cnico completo em El\u00e9trica, Eletromec\u00e2nica ou Engenharia El\u00e9trica;<\/p>\n\n\n\n<p><strong>Experi\u00eancia &#8211; <\/strong>seis meses na Carteira de Trabalho;<\/p>\n\n\n\n<p><strong>Requisitos Obrigat\u00f3rios <\/strong>&#8211; ter disponibilidade de hor\u00e1rio, experi\u00eancia com m\u00e1quinas extrusoras, curso de NR 10, NR 35 e possuir documenta\u00e7\u00e3o completa (com dispensa militar);<\/p>\n\n\n\n<p><strong>Atividades &#8211;<\/strong> auxiliar no processamento de extrus\u00e3o, garantindo que todas as etapas sejam realizadas conforme as especifica\u00e7\u00f5es; monitorar o funcionamento das m\u00e1quinas e equipamentos, reportando qualquer anomalia aos superiores, auxiliar na produ\u00e7\u00e3o de embalagens pl\u00e1sticas.<\/p>\n\n\n\n<p><strong>Dispon\u00edvel at\u00e9 25\/08\/2025 ou encerramento da vaga<\/strong><\/p>\n\n\n\n<p><strong>1 vaga &#8211; Est\u00e1gio Gest\u00e3o da Qualidade<\/strong><\/p>\n\n\n\n<p><strong>Escolaridade &#8211;<\/strong> cursando ensino superior em Ci\u00eancia de Alimentos, Ci\u00eancias Biol\u00f3gicas, Qu\u00edmica, Engenharia de Produ\u00e7\u00e3o (a partir do 4\u00b0 per\u00edodo);<\/p>\n\n\n\n<p><strong>Experi\u00eancia &#8211; <\/strong>n\u00e3o \u00e9 necess\u00e1rio;<\/p>\n\n\n\n<p><strong>Requisitos Obrigat\u00f3rios <\/strong>&#8211; ter disponibilidade de hor\u00e1rio, experi\u00eancia com m\u00e1quinas extrusoras, curso de NR 10, NR 35 e possuir documenta\u00e7\u00e3o completa (com dispensa militar);<\/p>\n\n\n\n<p><strong>Atividades &#8211;<\/strong> auxiliar na implementa\u00e7\u00e3o e manuten\u00e7\u00e3o e gest\u00e3o da qualidade; realizar an\u00e1lises e testes para garantir a qualidade dos produtos; colaborar com a equipe de qualidade para identificar e resolver problemas; desenvolver habilidades e conhecimentos na \u00e1rea de qualidade; processos e procedimentos que asseguram a qualidade de produtos e servi\u00e7os.<\/p>\n\n\n\n<p><strong>Dispon\u00edvel at\u00e9 25\/08\/2025 ou encerramento da vaga<\/strong><\/p>\n\n\n\n<p><strong>1 vaga &#8211; Auxiliar de Extrus\u00e3o<\/strong><\/p>\n\n\n\n<p><strong>Escolaridade &#8211;<\/strong> ensino superior completo;<\/p>\n\n\n\n<p><strong>Experi\u00eancia &#8211; <\/strong>seis meses na Carteira de Trabalho;<\/p>\n\n\n\n<p><strong>Requisitos Obrigat\u00f3rios <\/strong>&#8211; ter disponibilidade de hor\u00e1rio e possuir documenta\u00e7\u00e3o completa;<\/p>\n\n\n\n<p><strong>Atividades &#8211; <\/strong>auxiliar no processamento de extrus\u00e3o, garantindo que todas as etapas sejam realizadas conforme as especifica\u00e7\u00f5es; monitorar o funcionamento das m\u00e1quinas e equipamentos, reportando qualquer anomalia aos superiores; auxiliar na produ\u00e7\u00e3o de embalagens pl\u00e1sticas.<\/p>\n\n\n\n<p><strong>Dispon\u00edvel at\u00e9 25\/08\/2025 ou encerramento da vaga<\/strong><\/p>\n\n\n\n<p><strong>2 vagas &#8211; L\u00edder de Produ\u00e7\u00e3o<\/strong><\/p>\n\n\n\n<p><strong>Escolaridade &#8211;<\/strong> ensino m\u00e9dio completo;<\/p>\n\n\n\n<p><strong>Experi\u00eancia &#8211; <\/strong>registrada na Carteira de Trabalho;<\/p>\n\n\n\n<p><strong>Requisitos Obrigat\u00f3rios <\/strong>&#8211; ter Ferramentas da Qualidade, 5W2H, Ishikawa, Kanban, MASP, PDCA, conhecimento t\u00e9cnico em El\u00e9trica, Mec\u00e2nica, Sistema SAP, Lean Manufacturing e possuir documenta\u00e7\u00e3o completa;<\/p>\n\n\n\n<p><strong>Atividades &#8211; <\/strong>administrar os recursos da produ\u00e7\u00e3o contribuindo para os objetivos de manufatura; gest\u00e3o de pessoas, a fim de manter o bom funcionamento da equipe, das m\u00e1quinas e equipamentos; gest\u00e3o da rotina, reuni\u00f5es, projetos; manuten\u00e7\u00f5es corretivas e preventivas; desenvolvimento e treinamento do time; avalia\u00e7\u00e3o de desempenho; feedback de colaboradores; controle produtivo de documentos; an\u00e1lise de causa raiz; feedback de colaboradores.<\/p>\n\n\n\n<p><strong>Dispon\u00edvel at\u00e9 25\/08\/2025 ou encerramento da vaga<\/strong><\/p>\n\n\n\n<p><strong>5 vagas &#8211; Operador de Produ\u00e7\u00e3o (Qu\u00edmica, Petroqu\u00edmica)<\/strong><\/p>\n\n\n\n<p><strong>Escolaridade &#8211;<\/strong> ensino m\u00e9dio completo;<\/p>\n\n\n\n<p><strong>Experi\u00eancia &#8211; <\/strong>registrada na Carteira de Trabalho;<\/p>\n\n\n\n<p><strong>Requisitos Obrigat\u00f3rios <\/strong>&#8211; ter curso de Metrologia, Matem\u00e1tica b\u00e1sica, Ferramentas da Qualidade e possuir documenta\u00e7\u00e3o completa;<\/p>\n\n\n\n<p><strong>Atividades &#8211; <\/strong>atuar na opera\u00e7\u00e3o e manuten\u00e7\u00e3o aut\u00f4noma de m\u00e1quinas e equipamentos produtivos; manuseio de materiais de embalagens, mat\u00e9rias-primas e produtos acabados; alimenta\u00e7\u00e3o de m\u00e1quinas; revezamento de posto de trabalho; flexibilidade e revezamento entre linhas de produ\u00e7\u00e3o; opera\u00e7\u00e3o de m\u00e1quinas e equipamentos; participa\u00e7\u00e3o em reuni\u00f5es de melhorias de performance; respons\u00e1vel por execu\u00e7\u00e3o de planos de a\u00e7\u00e3o; apontamentos e registros de produ\u00e7\u00e3o; treinamento de auxiliares de produ\u00e7\u00e3o nos procedimentos de produ\u00e7\u00e3o.<\/p>\n\n\n\n<p><strong>Dispon\u00edvel at\u00e9 25\/08\/2025 ou encerramento da vaga<\/strong><\/p>\n\n\n\n<p><strong>2 vagas &#8211; Assistente Comercial<\/strong><\/p>\n\n\n\n<p><strong>Escolaridade &#8211;<\/strong> ensino m\u00e9dio completo ou ensino superior completo;<\/p>\n\n\n\n<p><strong>Experi\u00eancia &#8211; <\/strong>registrada na Carteira de Trabalho;<\/p>\n\n\n\n<p><strong>Requisitos Obrigat\u00f3rios <\/strong>&#8211; ter curso de Excel intermedi\u00e1rio, Inform\u00e1tica b\u00e1sica e possuir documenta\u00e7\u00e3o completa;<\/p>\n\n\n\n<p><strong>Atividades &#8211; <\/strong>apoiar a equipe de vendas no atendimento a clientes; elaborar e enviar propostas comerciais; realizar cadastro e atualiza\u00e7\u00e3o de clientes no sistema; emitir pedidos de vendas e acompanhar seu andamento; controlar prazos de entrega e prestar informa\u00e7\u00f5es ao cliente; apoiar no processo de p\u00f3s-venda, solucionando d\u00favidas ou encaminhando solicita\u00e7\u00f5es; monitorar e organizar documentos comerciais; apoiar no levantamento de informa\u00e7\u00f5es de mercado e concorr\u00eancia; elaborar relat\u00f3rios de vendas, indicadores e acompanhamento de metas; auxiliar em campanhas e a\u00e7\u00f5es comerciais e Prestar suporte administrativo ao setor comercial.<\/p>\n\n\n\n<p><strong>Dispon\u00edvel at\u00e9 25\/08\/2025 ou encerramento da vaga<\/strong><\/p>\n\n\n\n<p><strong>Vagas de Servi\u00e7o &#8211; 98<\/strong><\/p>\n\n\n\n<p><strong>1 vaga &#8211; Pedreiro<\/strong><\/p>\n\n\n\n<p><strong>Escolaridade &#8211;<\/strong> ensino fundamental completo;<\/p>\n\n\n\n<p><strong>Experi\u00eancia &#8211; <\/strong>seis meses na Carteira de Trabalho;<\/p>\n\n\n\n<p><strong>Requisitos Obrigat\u00f3rios <\/strong>&#8211; possuir documenta\u00e7\u00e3o completa (com dispensa militar);<\/p>\n\n\n\n<p><strong>Atividades &#8211; <\/strong>organizar e preparar o local de trabalho na obra; construir funda\u00e7\u00f5es e estruturas de alvenaria, aplicar revestimentos e contrapisos.<\/p>\n\n\n\n<p><strong>Dispon\u00edvel at\u00e9 25\/08\/2025 ou encerramento da vaga<\/strong><\/p>\n\n\n\n<p><strong>2 vagas &#8211; Mec\u00e2nico de Refrigera\u00e7\u00e3o<\/strong><\/p>\n\n\n\n<p><strong>Escolaridade &#8211;<\/strong> ensino m\u00e9dio completo;<\/p>\n\n\n\n<p><strong>Experi\u00eancia &#8211; <\/strong>registrada na Carteira de Trabalho;<\/p>\n\n\n\n<p><strong>Requisitos Obrigat\u00f3rios <\/strong>&#8211; ter curso de Mec\u00e2nico de Refrigera\u00e7\u00e3o, conhecimento em manuten\u00e7\u00e3o em Self, Splits, Piso de Teto e possuir documenta\u00e7\u00e3o completa (com dispensa militar);<\/p>\n\n\n\n<p><strong>Atividades &#8211; <\/strong>realizar instala\u00e7\u00e3o e manuten\u00e7\u00e3o em equipamentos de refrigera\u00e7\u00e3o e climatiza\u00e7\u00e3o comercial, respeitando legisla\u00e7\u00f5es, normas t\u00e9cnicas, ambientais, de qualidade, de sa\u00fade e de seguran\u00e7a.<\/p>\n\n\n\n<p><strong>Dispon\u00edvel at\u00e9 25\/08\/2025 ou encerramento da vaga<\/strong><\/p>\n\n\n\n<p><strong>2 vagas &#8211; Encanador<\/strong><\/p>\n\n\n\n<p><strong>Escolaridade &#8211;<\/strong> ensino m\u00e9dio completo;<\/p>\n\n\n\n<p><strong>Experi\u00eancia &#8211; <\/strong>registrada na Carteira de Trabalho;<\/p>\n\n\n\n<p><strong>Requisitos Obrigat\u00f3rios <\/strong>&#8211; possuir documenta\u00e7\u00e3o completa (com dispensa militar);<\/p>\n\n\n\n<p><strong>Atividades &#8211; <\/strong>&nbsp;instala\u00e7\u00e3o de redes hidr\u00e1ulicas, identifica\u00e7\u00e3o e corre\u00e7\u00e3o de vazamentos, desentupimento de ralos e vasos sanit\u00e1rios, al\u00e9m da manuten\u00e7\u00e3o e substitui\u00e7\u00e3o de pe\u00e7as e equipamentos.<\/p>\n\n\n\n<p><strong>Dispon\u00edvel at\u00e9 25\/08\/2025 ou encerramento da vaga<\/strong><\/p>\n\n\n\n<p><strong>1 vaga &#8211; Vendedor de Autope\u00e7as<\/strong><\/p>\n\n\n\n<p><strong>Escolaridade &#8211;<\/strong> ensino m\u00e9dio completo;<\/p>\n\n\n\n<p><strong>Experi\u00eancia &#8211; <\/strong>n\u00e3o \u00e9 necess\u00e1rio;<\/p>\n\n\n\n<p><strong>Requisitos Obrigat\u00f3rios <\/strong>&#8211; possuir documenta\u00e7\u00e3o completa (com dispensa militar);<\/p>\n\n\n\n<p><strong>Atividades &#8211; <\/strong>atendimento ao cliente; indica\u00e7\u00e3o e recomenda\u00e7\u00e3o de pe\u00e7as adequadas; emiss\u00e3o de pedidos e or\u00e7amentos; organiza\u00e7\u00e3o do ambiente de trabalho<\/p>\n\n\n\n<p><strong>Dispon\u00edvel at\u00e9 25\/08\/2025 ou encerramento da vaga<\/strong><\/p>\n\n\n\n<p><strong>1 vaga &#8211; Chefe de Cozinha<\/strong><\/p>\n\n\n\n<p><strong>Escolaridade &#8211;<\/strong> ensino m\u00e9dio completo;<\/p>\n\n\n\n<p><strong>Experi\u00eancia &#8211; <\/strong>seis meses na Carteira de Trabalho;<\/p>\n\n\n\n<p><strong>Requisitos Obrigat\u00f3rios <\/strong>&#8211; ter experi\u00eancia em card\u00e1pios com frutos do mar e possuir documenta\u00e7\u00e3o completa;<\/p>\n\n\n\n<p><strong>Atividades &#8211; <\/strong>criar e elaborar pratos e card\u00e1pios, atuando direta e indiretamente na prepara\u00e7\u00e3o dos alimentos; gerenciar a cozinha e planejar as rotinas de trabalho; gerenciar, ainda, os estoques e atuar na capacita\u00e7\u00e3o de funcion\u00e1rios.<\/p>\n\n\n\n<p><strong>Dispon\u00edvel at\u00e9 25\/08\/2025 ou encerramento da vaga<\/strong><\/p>\n\n\n\n<p><strong>1 vaga &#8211; Auxiliar T\u00e9cnico<\/strong><\/p>\n\n\n\n<p><strong>Escolaridade &#8211;<\/strong> ensino m\u00e9dio completo;<\/p>\n\n\n\n<p><strong>Experi\u00eancia &#8211; <\/strong>seis meses na Carteira de Trabalho ou n\u00e3o \u00e9 necess\u00e1rio;<\/p>\n\n\n\n<p><strong>Requisitos Obrigat\u00f3rios <\/strong>&#8211; ter disponibilidade para viagens, Carteira Nacional de Habilita\u00e7\u00e3o categoria \u201cAB\u201d e possuir documenta\u00e7\u00e3o completa (com dispensa militar);<\/p>\n\n\n\n<p><strong>Atividades &#8211; <\/strong>realizar as demandas de instala\u00e7\u00e3o de novos clientes; manuten\u00e7\u00e3o de clientes que j\u00e1 se encontram na base; realizar os lan\u00e7amentos de fibra; seguir cronograma de atividades estipuladas pelo l\u00edder.<\/p>\n\n\n\n<p><strong>Dispon\u00edvel at\u00e9 25\/08\/2025 ou encerramento da vaga<\/strong><\/p>\n\n\n\n<p><strong>1 vaga &#8211; Oficial de Manuten\u00e7\u00e3o<\/strong><\/p>\n\n\n\n<p><strong>Escolaridade &#8211;<\/strong> ensino m\u00e9dio completo;<\/p>\n\n\n\n<p><strong>Experi\u00eancia &#8211; <\/strong>seis meses na Carteira de Trabalho;<\/p>\n\n\n\n<p><strong>Requisitos Obrigat\u00f3rios <\/strong>&#8211; possuir documenta\u00e7\u00e3o completa (com dispensa militar);<\/p>\n\n\n\n<p><strong>Atividades &#8211; <\/strong>realizar manuten\u00e7\u00e3o predial em telhado; hidr\u00e1ulica; alvenaria; assentamento de cer\u00e2micas; pintura.<\/p>\n\n\n\n<p><strong>Dispon\u00edvel at\u00e9 25\/08\/2025 ou encerramento da vaga<\/strong><\/p>\n\n\n\n<p><strong>1 vaga &#8211; Desenhista Projetista<\/strong><\/p>\n\n\n\n<p><strong>Escolaridade &#8211;<\/strong> ensino m\u00e9dio completo;<\/p>\n\n\n\n<p><strong>Experi\u00eancia &#8211; <\/strong>registrada na Carteira de Trabalho;<\/p>\n\n\n\n<p><strong>Requisitos Obrigat\u00f3rios <\/strong>&#8211; ter Carteira Nacional de Habilita\u00e7\u00e3o categoria \u201cB\u201d e possuir documenta\u00e7\u00e3o completa (com dispensa militar);<\/p>\n\n\n\n<p><strong>Atividades &#8211; <\/strong>executar as atividades relacionadas ao desenvolvimento de projeto em AutoCAD, definindo especifica\u00e7\u00f5es, adaptando o uso de im\u00f3veis, atendendo as normas legais \/ NBRs, realizando levantamento e vistorias; desenvolvimento e detalhamentos de projetos executivos de arquitetura; controle de processos, projetos e prazos; elabora\u00e7\u00e3o de planilhas de controle e relat\u00f3rios de acompanhamento de processos; desenvolvimento de pe\u00e7as gr\u00e1ficas 3D.<\/p>\n\n\n\n<p><strong>Dispon\u00edvel at\u00e9 25\/08\/2025 ou encerramento da vaga<\/strong><\/p>\n\n\n\n<p><strong>1 vaga &#8211; Mec\u00e2nico de Refrigera\u00e7\u00e3o<\/strong><\/p>\n\n\n\n<p><strong>Escolaridade &#8211;<\/strong> ensino m\u00e9dio completo;<\/p>\n\n\n\n<p><strong>Experi\u00eancia &#8211; <\/strong>registrada na Carteira de Trabalho;<\/p>\n\n\n\n<p><strong>Requisitos Obrigat\u00f3rios <\/strong>&#8211; ter Carteira Nacional de Habilita\u00e7\u00e3o categoria \u201cB\u201d, curso de NR 10, NR 35, T\u00e9cnico de Refrigera\u00e7\u00e3o, disponibilidade para viagens e possuir documenta\u00e7\u00e3o completa (com dispensa militar);<\/p>\n\n\n\n<p><strong>Atividades &#8211; <\/strong>instalar, montar e comissionar equipamentos de refrigera\u00e7\u00e3o e climatiza\u00e7\u00e3o; realizar manuten\u00e7\u00e3o preventiva e corretiva, incluindo reparos e troca de pe\u00e7as; atuar com diversos tipos de equipamentos, como ar condicionado split, inverter, chiller, entre outras atividades pertinentes \u00e0 fun\u00e7\u00e3o.<\/p>\n\n\n\n<p><strong>Dispon\u00edvel at\u00e9 25\/08\/2025 ou encerramento da vaga<\/strong><\/p>\n\n\n\n<p><strong>5 vagas &#8211; Soldador<\/strong><\/p>\n\n\n\n<p><strong>Escolaridade &#8211;<\/strong> ensino m\u00e9dio completo;<\/p>\n\n\n\n<p><strong>Experi\u00eancia &#8211; <\/strong>tr\u00eas meses na Carteira de Trabalho;<\/p>\n\n\n\n<p><strong>Requisitos Obrigat\u00f3rios <\/strong>&#8211; ter documenta\u00e7\u00e3o completa (com dispensa militar);<\/p>\n\n\n\n<p><strong>Atividades &#8211; <\/strong>prepara\u00e7\u00e3o do material; corte de chapas, barras e perfis met\u00e1licos; limpeza e lixamento das superf\u00edcies para melhor ader\u00eancia da solda; montagem de estruturas; posicionamento e fixa\u00e7\u00e3o de pe\u00e7as conforme projeto; uso de gabaritos, esquadros e dispositivos de alinhamento.<\/p>\n\n\n\n<p><strong>Dispon\u00edvel at\u00e9 25\/08\/2025 ou encerramento da vaga<\/strong><\/p>\n\n\n\n<p><strong>15 vagas &#8211; Montadores de Estruturas Met\u00e1licas<\/strong><\/p>\n\n\n\n<p><strong>Escolaridade &#8211;<\/strong> ensino m\u00e9dio completo;<\/p>\n\n\n\n<p><strong>Experi\u00eancia &#8211; <\/strong>tr\u00eas meses na Carteira de Trabalho;<\/p>\n\n\n\n<p><strong>Requisitos Obrigat\u00f3rios <\/strong>&#8211; possuir documenta\u00e7\u00e3o completa (com dispensa militar);<\/p>\n\n\n\n<p><strong>Atividades &#8211; <\/strong>montagem, instala\u00e7\u00e3o e recupera\u00e7\u00e3o de estruturas met\u00e1licas, utilizando ferramentas, equipamentos e t\u00e9cnicas espec\u00edficas, conforme projetos e normas t\u00e9cnicas.<\/p>\n\n\n\n<p><strong>Dispon\u00edvel at\u00e9 25\/08\/2025 ou encerramento da vaga<\/strong><\/p>\n\n\n\n<p><strong>20 vagas &#8211; Ajudante de Estruturas Met\u00e1licas<\/strong><\/p>\n\n\n\n<p><strong>Escolaridade &#8211;<\/strong> ensino m\u00e9dio completo;<\/p>\n\n\n\n<p><strong>Experi\u00eancia &#8211; <\/strong>tr\u00eas meses na Carteira de Trabalho;<\/p>\n\n\n\n<p><strong>Requisitos Obrigat\u00f3rios <\/strong>&#8211; possuir documenta\u00e7\u00e3o completa (com dispensa militar);<\/p>\n\n\n\n<p><strong>Atividades &#8211; <\/strong>auxiliar na produ\u00e7\u00e3o e montagem de estruturas de metal, realizando tarefas como preparar materiais, operar m\u00e1quinas, auxiliar na montagem e garantir a qualidade das pe\u00e7as.<\/p>\n\n\n\n<p><strong>Dispon\u00edvel at\u00e9 25\/08\/2025 ou encerramento da vaga<\/strong><\/p>\n\n\n\n<p><strong>1 vaga &#8211; Assistente de Recursos Humanos<\/strong><\/p>\n\n\n\n<p><strong>Escolaridade &#8211;<\/strong> ensino superior completo ou cursando;<\/p>\n\n\n\n<p><strong>Experi\u00eancia &#8211; <\/strong>seis meses na Carteira de Trabalho ou avulsa;<\/p>\n\n\n\n<p><strong>Requisitos Obrigat\u00f3rios <\/strong>&#8211; possuir documenta\u00e7\u00e3o completa;<\/p>\n\n\n\n<p><strong>Atividades &#8211; <\/strong>controle de ponto e frequ\u00eancia; folha de pagamento; administra\u00e7\u00e3o de benef\u00edcios; apoio \u00e0 lideran\u00e7a e gest\u00e3o de equipes; processos de demiss\u00e3o; gest\u00e3o de documenta\u00e7\u00e3o e arquivos; gest\u00e3o de vale-transporte e vale-refei\u00e7\u00e3o; gest\u00e3o de onboarding e integra\u00e7\u00e3o de novos colaboradores; controle e atualiza\u00e7\u00e3o de cadastro de funcion\u00e1rios.<\/p>\n\n\n\n<p><strong>Dispon\u00edvel at\u00e9 25\/08\/2025 ou encerramento da vaga<\/strong><\/p>\n\n\n\n<p><strong>1 vaga &#8211; Auxiliar de Contabilidade<\/strong><\/p>\n\n\n\n<p><strong>Escolaridade &#8211;<\/strong> ensino superior completo ou cursando;<\/p>\n\n\n\n<p><strong>Experi\u00eancia &#8211; <\/strong>seis meses na Carteira de Trabalho ou avulsa;<\/p>\n\n\n\n<p><strong>Requisitos Obrigat\u00f3rios <\/strong>&#8211; ter CRC ativo e possuir documenta\u00e7\u00e3o completa;<\/p>\n\n\n\n<p><strong>Atividades &#8211; <\/strong>classifica\u00e7\u00e3o e escritura\u00e7\u00e3o cont\u00e1bil; concilia\u00e7\u00f5es cont\u00e1beis; elabora\u00e7\u00e3o das demonstra\u00e7\u00f5es cont\u00e1beis; apoio \u00e0 lideran\u00e7a e gest\u00e3o de equipes; apura\u00e7\u00e3o de tributos; entrega de obriga\u00e7\u00f5es acess\u00f3rias; fechamento cont\u00e1bil e controle Patrimonial.<\/p>\n\n\n\n<p><strong>Dispon\u00edvel at\u00e9 25\/08\/2025 ou encerramento da vaga&nbsp;<\/strong><\/p>\n\n\n\n<p><strong>5 vagas &#8211; Servente de Obras<\/strong><\/p>\n\n\n\n<p><strong>Escolaridade &#8211;<\/strong> ensino fundamental completo;<\/p>\n\n\n\n<p><strong>Experi\u00eancia &#8211; <\/strong>seis meses na Carteira de Trabalho;<\/p>\n\n\n\n<p><strong>Requisitos Obrigat\u00f3rios <\/strong>&#8211; possuir documenta\u00e7\u00e3o completa (com dispensa militar);<\/p>\n\n\n\n<p><strong>Atividades &#8211; <\/strong>auxiliar pedreiros, carpinteiros, armadores e outros profissionais da constru\u00e7\u00e3o civil no preparo de materiais, limpeza e organiza\u00e7\u00e3o do canteiro de obras.<\/p>\n\n\n\n<p><strong>Dispon\u00edvel at\u00e9 25\/08\/2025 ou encerramento da vaga<\/strong><\/p>\n\n\n\n<p><strong>2 vagas &#8211; Encanador<\/strong><\/p>\n\n\n\n<p><strong>Escolaridade &#8211;<\/strong> ensino fundamental completo;<\/p>\n\n\n\n<p><strong>Experi\u00eancia &#8211; <\/strong>seis meses na Carteira de Trabalho;<\/p>\n\n\n\n<p><strong>Requisitos Obrigat\u00f3rios <\/strong>&#8211; possuir documenta\u00e7\u00e3o completa (com dispensa militar);<\/p>\n\n\n\n<p><strong>Atividades &#8211; <\/strong>operacionalizar projetos de instala\u00e7\u00f5es de tubula\u00e7\u00f5es, definir tra\u00e7ados e dimensionar tubula\u00e7\u00f5es; especificar, quantificar e inspecionar materiais; preparar locais para instala\u00e7\u00f5es, realizar pr\u00e9-montagem e instalar tubula\u00e7\u00f5es.<\/p>\n\n\n\n<p><strong>Dispon\u00edvel at\u00e9 25\/08\/2025 ou encerramento da vaga<\/strong><\/p>\n\n\n\n<p><strong>5 vagas &#8211; Auxiliar t\u00e9cnico de Obras Saneamento<\/strong><\/p>\n\n\n\n<p><strong>Escolaridade &#8211;<\/strong> ensino fundamental completo;<\/p>\n\n\n\n<p><strong>Experi\u00eancia &#8211; <\/strong>seis meses na Carteira de Trabalho;<\/p>\n\n\n\n<p><strong>Requisitos Obrigat\u00f3rios <\/strong>&#8211; possuir documenta\u00e7\u00e3o completa (com dispensa militar);<\/p>\n\n\n\n<p><strong>Atividades &#8211; <\/strong>auxiliar engenheiros no desenvolvimento de projetos, no levantamento e tabula\u00e7\u00e3o de dados e na vistoria t\u00e9cnica; estruturar o servi\u00e7o de coleta de res\u00edduos s\u00f3lidos das obras, controlando os procedimentos de preserva\u00e7\u00e3o do meio ambiente.<\/p>\n\n\n\n<p><strong>Dispon\u00edvel at\u00e9 25\/08\/2025 ou encerramento da vaga<\/strong><\/p>\n\n\n\n<p><strong>15 vagas &#8211; Motorista Carreteiro<\/strong><\/p>\n\n\n\n<p><strong>Escolaridade &#8211;<\/strong> ensino m\u00e9dio completo;<\/p>\n\n\n\n<p><strong>Experi\u00eancia &#8211; <\/strong>registrada na Carteira de Trabalho;<\/p>\n\n\n\n<p><strong>Requisitos Obrigat\u00f3rios <\/strong>&#8211; ter Carteira Nacional de Habilita\u00e7\u00e3o categoria \u201cE\u201d, experi\u00eancia com smartphone, conhecimento b\u00e1sico no segmento log\u00edstico, disponibilidade de hor\u00e1rio e possuir documenta\u00e7\u00e3o completa (com dispensa militar);<\/p>\n\n\n\n<p><strong>Atividades &#8211; <\/strong>realizar transporte de cargas conforme itiner\u00e1rio estabelecido; verificar condi\u00e7\u00f5es do ve\u00edculo antes e ap\u00f3s a jornada de trabalho; cumprir prazos e hor\u00e1rios de entrega; zelar pela conserva\u00e7\u00e3o e manuten\u00e7\u00e3o do ve\u00edculo; atuar de forma segura e respons\u00e1vel no tr\u00e2nsito; manter contato com a equipe de log\u00edstica para atualiza\u00e7\u00e3o de informa\u00e7\u00f5es.<\/p>\n\n\n\n<p><strong>Dispon\u00edvel at\u00e9 25\/08\/2025 ou encerramento da vaga<\/strong><\/p>\n\n\n\n<p><strong>1 vaga &#8211; Borracheiro<\/strong><\/p>\n\n\n\n<p><strong>Escolaridade &#8211;<\/strong> ensino m\u00e9dio completo;<\/p>\n\n\n\n<p><strong>Experi\u00eancia &#8211; <\/strong>seis meses na Carteira de Trabalho;<\/p>\n\n\n\n<p><strong>Requisitos Obrigat\u00f3rios <\/strong>&#8211; possuir documenta\u00e7\u00e3o completa;<\/p>\n\n\n\n<p><strong>Atividades &#8211; <\/strong>realizar manuten\u00e7\u00e3o de equipamentos, montagem e desmontagem de pneu e alinhamento; controlar vida \u00fatil e utiliza\u00e7\u00e3o do pneu; trocar e ressulcar pneus; consertar pneus a frio e a quente, reparar c\u00e2mara de ar e balancear conjunto de roda e pneu; prestar socorro a ve\u00edculos e lavar chassi e pe\u00e7as.<\/p>\n\n\n\n<p><strong>Dispon\u00edvel at\u00e9 25\/08\/2025 ou encerramento da vaga&nbsp;<\/strong><\/p>\n\n\n\n<p><strong>1 vaga &#8211; Auxiliar de Borracheiro<\/strong><\/p>\n\n\n\n<p><strong>Escolaridade &#8211;<\/strong> ensino fundamental completo;<\/p>\n\n\n\n<p><strong>Experi\u00eancia &#8211; <\/strong>seis meses na Carteira de Trabalho ou avulsa;<\/p>\n\n\n\n<p><strong>Requisitos Obrigat\u00f3rios <\/strong>&#8211; possuir documenta\u00e7\u00e3o completa;<\/p>\n\n\n\n<p><strong>Atividades &#8211; <\/strong>auxiliar na manuten\u00e7\u00e3o de equipamentos, montagem e desmontagem de pneu e alinhamento; controlar vida \u00fatil e utiliza\u00e7\u00e3o do pneu; trocar e ressulcar pneus; auxiliar no conserto de pneus a frio e a quente, reparar c\u00e2mara de ar e balancear conjunto de roda e pneu; prestar socorro a ve\u00edculos e lavar chassis e pe\u00e7as.<\/p>\n\n\n\n<p><strong>Dispon\u00edvel at\u00e9 25\/08\/2025 ou encerramento da vaga&nbsp;<\/strong><\/p>\n\n\n\n<p><strong>1 vaga &#8211; Supervisor de Vendas<\/strong><\/p>\n\n\n\n<p><strong>Escolaridade &#8211;<\/strong> ensino superior completo;<\/p>\n\n\n\n<p><strong>Experi\u00eancia &#8211; <\/strong>seis meses na Carteira de Trabalho;<\/p>\n\n\n\n<p><strong>Requisitos Obrigat\u00f3rios <\/strong>&#8211; ter Carteira Nacional de Habilita\u00e7\u00e3o categoria \u201cB\u201d, possuir ve\u00edculo pr\u00f3prio, experi\u00eancia com vendas e servi\u00e7os log\u00edstico, Carteira de Clientes Ativa e possuir documenta\u00e7\u00e3o completa;<\/p>\n\n\n\n<p><strong>Atividades &#8211; <\/strong>planejar vendas, atender clientes e coletar indicadores do mercado consumidor; supervisionar rotina de equipe de vendas; recrutar, treinar e avaliar profissionais de vendas de produtos e servi\u00e7os; apresentar \u00e0 ger\u00eancia os resultados das metas de vendas.<\/p>\n\n\n\n<p><strong>Dispon\u00edvel at\u00e9 25\/08\/2025 ou encerramento da vaga<\/strong><\/p>\n\n\n\n<p><strong>2 vagas &#8211; Ajudante de Eletricista<\/strong><\/p>\n\n\n\n<p><strong>Escolaridade &#8211;<\/strong> ensino fundamental completo;<\/p>\n\n\n\n<p><strong>Experi\u00eancia &#8211; <\/strong>seis meses na Carteira de Trabalho;<\/p>\n\n\n\n<p><strong>Requisitos Obrigat\u00f3rios <\/strong>&#8211; ter disponibilidade para viagens e possuir documenta\u00e7\u00e3o completa (com dispensa militar);<\/p>\n\n\n\n<p><strong>Atividades &#8211; <\/strong>auxiliar eletricistas na execu\u00e7\u00e3o de tarefas relacionadas \u00e0 instala\u00e7\u00e3o, manuten\u00e7\u00e3o e reparo de equipamentos e sistemas el\u00e9tricos.<\/p>\n\n\n\n<p><strong>Dispon\u00edvel at\u00e9 25\/08\/2025 ou encerramento da vaga<\/strong><\/p>\n\n\n\n<p><strong>2 vagas &#8211; Servente de Obras<\/strong><\/p>\n\n\n\n<p><strong>Escolaridade &#8211;<\/strong> ensino fundamental completo;<\/p>\n\n\n\n<p><strong>Experi\u00eancia &#8211; <\/strong>seis meses na Carteira de Trabalho;<\/p>\n\n\n\n<p><strong>Requisitos Obrigat\u00f3rios <\/strong>&#8211; ter disponibilidade para viagens e possuir documenta\u00e7\u00e3o completa (com dispensa militar);<\/p>\n\n\n\n<p><strong>Atividades &#8211; <\/strong>auxiliar em diversas tarefas, preparando e transportando materiais, limpando o local de trabalho e auxiliando outros profissionais como pedreiros, carpinteiros e eletricistas.<\/p>\n\n\n\n<p><strong>Dispon\u00edvel at\u00e9 25\/08\/2025 ou encerramento da vaga<\/strong><\/p>\n\n\n\n<p><strong>5 vagas &#8211; Ajudante de Eletricista<\/strong><\/p>\n\n\n\n<p><strong>Escolaridade &#8211;<\/strong> ensino m\u00e9dio completo;<\/p>\n\n\n\n<p><strong>Experi\u00eancia &#8211; <\/strong>seis meses na Carteira de Trabalho;<\/p>\n\n\n\n<p><strong>Requisitos Obrigat\u00f3rios <\/strong>&#8211; possuir documenta\u00e7\u00e3o completa (com dispensa militar);<\/p>\n\n\n\n<p><strong>Atividades &#8211; <\/strong>suporte a eletricistas em diversas tarefas, incluindo a instala\u00e7\u00e3o, manuten\u00e7\u00e3o e repara\u00e7\u00e3o de sistemas el\u00e9tricos.<\/p>\n\n\n\n<p><strong>Dispon\u00edvel at\u00e9 25\/08\/2025 ou encerramento da vaga<\/strong><\/p>\n\n\n\n<p><strong>5 vagas &#8211; Servente de Obras<\/strong><\/p>\n\n\n\n<p><strong>Escolaridade &#8211;<\/strong> ensino m\u00e9dio completo;<\/p>\n\n\n\n<p><strong>Experi\u00eancia &#8211; <\/strong>seis meses na Carteira de Trabalho;<\/p>\n\n\n\n<p><strong>Requisitos Obrigat\u00f3rios <\/strong>&#8211; ter disponibilidade para viagens e possuir documenta\u00e7\u00e3o completa (com dispensa militar);<\/p>\n\n\n\n<p><strong>Atividades &#8211; <\/strong>carregar e descarregar materiais, preparar misturas como argamassa e concreto, limpar e organizar o canteiro de obras e auxiliar em tarefas de escava\u00e7\u00e3o e nivelamento de terreno.<\/p>\n\n\n\n<p><strong>Dispon\u00edvel at\u00e9 25\/08\/2025 ou encerramento da vaga<\/strong><\/p>\n\n\n\n<p><strong>Vagas exclusivas para Pessoas com Defici\u00eancia (PcDs) &#8211; 10<\/strong><\/p>\n\n\n\n<p><strong>1 vaga &#8211; Auxiliar Administrativo &#8211; Vagas exclusivas para Pessoa com Defici\u00eancia (PcD)<\/strong><\/p>\n\n\n\n<p><strong>Escolaridade &#8211;<\/strong> ensino m\u00e9dio completo;<\/p>\n\n\n\n<p><strong>Experi\u00eancia &#8211; <\/strong>n\u00e3o \u00e9 necess\u00e1rio;<\/p>\n\n\n\n<p><strong>Requisitos Obrigat\u00f3rios <\/strong>&#8211; ter curso de Atendimento ao Cliente, Inform\u00e1tica B\u00e1sica e possuir documenta\u00e7\u00e3o completa (com dispensa militar);<\/p>\n\n\n\n<p><strong>Atividades &#8211; <\/strong>checklists de ve\u00edculos; documenta\u00e7\u00e3o da frota; relat\u00f3rios gerenciais; suporte no controle de despesas;<\/p>\n\n\n\n<p>atualiza\u00e7\u00e3o de sistemas.<\/p>\n\n\n\n<p><strong>Dispon\u00edvel at\u00e9 25\/08\/2025 ou encerramento da vaga<\/strong><\/p>\n\n\n\n<p><strong>6 vagas &#8211; Auxiliar de Produ\u00e7\u00e3o &#8211; Vagas exclusivas para Pessoa com Defici\u00eancia (PcD)<\/strong><\/p>\n\n\n\n<p><strong>Escolaridade &#8211;<\/strong> ensino fundamental completo;<\/p>\n\n\n\n<p><strong>Experi\u00eancia &#8211; <\/strong>seis meses na Carteira de Trabalho;<\/p>\n\n\n\n<p><strong>Requisitos Obrigat\u00f3rios <\/strong>&#8211; possuir documenta\u00e7\u00e3o completa;<\/p>\n\n\n\n<p><strong>Atividades &#8211; <\/strong>auxiliar no processo de montagem e acabamento dos colch\u00f5es; preparar e organizar materiais, tecidos, espumas e molas; operar m\u00e1quinas simples sob supervis\u00e3o; realizar o enchimento, colagem e selagem das pe\u00e7as; manter o setor limpo e organizado, seguindo normas de seguran\u00e7a; auxiliar na movimenta\u00e7\u00e3o de pe\u00e7as dentro da produ\u00e7\u00e3o e apoiar no cumprimento das metas di\u00e1rias de produ\u00e7\u00e3o.<\/p>\n\n\n\n<p><strong>Dispon\u00edvel at\u00e9 25\/08\/2025 ou encerramento da vaga<\/strong><\/p>\n\n\n\n<p><strong>1 vaga &#8211; Auxiliar de Dep\u00f3sito &#8211; Vagas exclusivas para Pessoa com Defici\u00eancia (PcD)<\/strong><\/p>\n\n\n\n<p><strong>Escolaridade &#8211;<\/strong> ensino m\u00e9dio completo;<\/p>\n\n\n\n<p><strong>Experi\u00eancia &#8211; <\/strong>n\u00e3o \u00e9 necess\u00e1rio;<\/p>\n\n\n\n<p><strong>Requisitos Obrigat\u00f3rios <\/strong>&#8211; possuir documenta\u00e7\u00e3o completa (com dispensa militar);<\/p>\n\n\n\n<p><strong>Atividades &#8211; <\/strong>embarque e desembarque de mercadorias, etiquetagem, organiza\u00e7\u00e3o do ambiente de trabalho.<\/p>\n\n\n\n<p><strong>Dispon\u00edvel at\u00e9 25\/08\/2025 ou encerramento da vaga<\/strong><\/p>\n\n\n\n<p><strong>1 vaga &#8211; Operador de Loja &#8211; Vagas exclusivas para Pessoa com Defici\u00eancia (PcD)<\/strong><\/p>\n\n\n\n<p><strong>Escolaridade &#8211;<\/strong> ensino fundamental completo;<\/p>\n\n\n\n<p><strong>Experi\u00eancia &#8211; <\/strong>primeiro emprego ou seis meses na Carteira de Trabalho;<\/p>\n\n\n\n<p><strong>Requisitos Obrigat\u00f3rios <\/strong>&#8211; possuir documenta\u00e7\u00e3o completa (com dispensa militar);<\/p>\n\n\n\n<p><strong>Atividades &#8211; <\/strong>atendimento ao cliente, organiza\u00e7\u00e3o da \u00e1rea dos produtos, organiza\u00e7\u00e3o de estoque.<\/p>\n\n\n\n<p><strong>Dispon\u00edvel at\u00e9 25\/08\/2025 ou encerramento da vaga<\/strong><\/p>\n\n\n\n<p><strong>Vagas novas &#8211; 93<\/strong><\/p>\n\n\n\n<p><strong>2 vagas &#8211; Vendedor Interno<\/strong><\/p>\n\n\n\n<p><strong>Escolaridade &#8211;<\/strong> ensino m\u00e9dio completo;<\/p>\n\n\n\n<p><strong>Experi\u00eancia &#8211; <\/strong>seis meses na Carteira de Trabalho;<\/p>\n\n\n\n<p><strong>Requisitos Obrigat\u00f3rios <\/strong>&#8211; possuir documenta\u00e7\u00e3o completa;<\/p>\n\n\n\n<p><strong>Atividades &#8211; <\/strong>atender clientes presencialmente e via telefone; processar e gerenciar pedidos de clientes; processar vendas \u00e0 vista ou a prazo; cadastrar clientes; promover os servi\u00e7os da empresa; participar da an\u00e1lise de relat\u00f3rios; administrar carteira de clientes; prospectar clientes.<\/p>\n\n\n\n<p><strong>Dispon\u00edvel at\u00e9 25\/08\/2025 ou encerramento da vaga<\/strong><\/p>\n\n\n\n<p><strong>5 vagas &#8211; Serralheiro<\/strong><\/p>\n\n\n\n<p><strong>Escolaridade &#8211;<\/strong> ensino m\u00e9dio completo;<\/p>\n\n\n\n<p><strong>Experi\u00eancia &#8211; <\/strong>seis meses na Carteira de Trabalho;<\/p>\n\n\n\n<p><strong>Requisitos Obrigat\u00f3rios <\/strong>&#8211; ter curso de NR 12, NR 35, curso t\u00e9cnico ou profissionalizante em Metal\u00fargica ou Serralharia e possuir documenta\u00e7\u00e3o completa (com dispensa militar);<\/p>\n\n\n\n<p><strong>Atividades &#8211; <\/strong>realizar soldagem de estrutura met\u00e1lica e pequenos reparos, leitura de desenhos t\u00e9cnicos.<\/p>\n\n\n\n<p><strong>Dispon\u00edvel at\u00e9 25\/08\/2025 ou encerramento da vaga<\/strong><\/p>\n\n\n\n<p><strong>2 vagas &#8211; Motorista de Caminh\u00e3o<\/strong><\/p>\n\n\n\n<p><strong>Escolaridade &#8211;<\/strong> ensino fundamental completo;<\/p>\n\n\n\n<p><strong>Experi\u00eancia &#8211; <\/strong>n\u00e3o \u00e9 necess\u00e1rio;<\/p>\n\n\n\n<p><strong>Requisitos Obrigat\u00f3rios <\/strong>&#8211; ter Carteira Nacional de Habilita\u00e7\u00e3o categoria \u201cD\u201d, habilidade com comunica\u00e7\u00e3o e possuir documenta\u00e7\u00e3o completa (com dispensa militar);<\/p>\n\n\n\n<p><strong>Atividades &#8211; <\/strong>realizar entregas, ajudar a organizar e carregar no caminh\u00e3o e atender as demandas de acordo com a ocupa\u00e7\u00e3o.<\/p>\n\n\n\n<p><strong>Dispon\u00edvel at\u00e9 25\/08\/2025 ou encerramento da vaga<\/strong><\/p>\n\n\n\n<p><strong>1 vaga &#8211; Promotor de Vendas &#8211; Vagas exclusivas para Pessoa com Defici\u00eancia (PcD)<\/strong><\/p>\n\n\n\n<p><strong>Escolaridade &#8211;<\/strong> ensino fundamental completo;<\/p>\n\n\n\n<p><strong>Experi\u00eancia &#8211; <\/strong>n\u00e3o \u00e9 necess\u00e1rio;<\/p>\n\n\n\n<p><strong>Requisitos Obrigat\u00f3rios <\/strong>&#8211; possuir documenta\u00e7\u00e3o completa;<\/p>\n\n\n\n<p><strong>Atividades &#8211; <\/strong>garantir excel\u00eancia na organiza\u00e7\u00e3o e limpeza do departamento, oferecendo atendimento diferenciado ao cliente e impulsionando resultados por meio da oferta de produtos financeiros; atender prontamente solicita\u00e7\u00f5es do caixa, assegurando integridade das mercadorias e precifica\u00e7\u00e3o adequada; monitorar entrada e sa\u00edda de pe\u00e7as no provador.<\/p>\n\n\n\n<p><strong>Dispon\u00edvel at\u00e9 25\/08\/2025 ou encerramento da vaga<\/strong><\/p>\n\n\n\n<p><strong>3 vagas &#8211; Ajudante de Obras<\/strong><\/p>\n\n\n\n<p><strong>Escolaridade &#8211;<\/strong> ensino m\u00e9dio completo;<\/p>\n\n\n\n<p><strong>Experi\u00eancia &#8211; <\/strong>tr\u00eas meses na Carteira de Trabalho;<\/p>\n\n\n\n<p><strong>Requisitos Obrigat\u00f3rios <\/strong>&#8211; possuir documenta\u00e7\u00e3o completa (com dispensa militar);<\/p>\n\n\n\n<p><strong>Atividades &#8211; <\/strong>similares de obras e produ\u00e7\u00e3o, carregar e descarregar materiais, preparar canteiros de obras, misturar materiais como cimento e argamassa, auxiliar pedreiros e outros profissionais, limpar e organizar o local de trabalho, al\u00e9m de realizar pequenas manuten\u00e7\u00f5es em equipamentos e ferramentas.<\/p>\n\n\n\n<p><strong>Dispon\u00edvel at\u00e9 25\/08\/2025 ou encerramento da vaga<\/strong><\/p>\n\n\n\n<p><strong>50 vagas &#8211; Operador de Produ\u00e7\u00e3o II<\/strong><\/p>\n\n\n\n<p><strong>Escolaridade &#8211;<\/strong> ensino fundamental incompleto;<\/p>\n\n\n\n<p><strong>Experi\u00eancia &#8211; <\/strong>n\u00e3o \u00e9 necess\u00e1rio;<\/p>\n\n\n\n<p><strong>Requisitos Obrigat\u00f3rios <\/strong>&#8211; a vaga \u00e9 destinada para candidatos que est\u00e3o em busca de novos desafios; o candidato vai precisar morar em: Conc\u00f3rdia &#8211; SC, ter disponibilidade de hor\u00e1rio e possuir documenta\u00e7\u00e3o completa;<\/p>\n\n\n\n<p><strong>Atividades &#8211; <\/strong>trabalhar com processamento de carne de frango, em setores diversos, com utiliza\u00e7\u00e3o de facas, ambiente climatizado; corte, coleta, pesagem e embalagem de alimentos. Desossar, embalar, pesar, processar alimentos, derivados de carne de frango e su\u00ednos.<\/p>\n\n\n\n<p><strong>Dispon\u00edvel at\u00e9 25\/08\/2025 ou encerramento da vaga<\/strong><\/p>\n\n\n\n<p><strong>5 vagas &#8211; Operador de Linha de Montagem &#8211; Vagas exclusivas para Pessoa com Defici\u00eancia (PcD)<\/strong><\/p>\n\n\n\n<p><strong>Escolaridade &#8211;<\/strong> ensino fundamental completo;<\/p>\n\n\n\n<p><strong>Experi\u00eancia &#8211; <\/strong>tr\u00eas meses na Carteira de Trabalho;<\/p>\n\n\n\n<p><strong>Requisitos Obrigat\u00f3rios <\/strong>&#8211; ter disponibilidade de hor\u00e1rio e possuir documenta\u00e7\u00e3o completa;<\/p>\n\n\n\n<p><strong>Atividades &#8211; <\/strong>executar processos de inser\u00e7\u00e3o, fixa\u00e7\u00e3o, conex\u00e3o e interliga\u00e7\u00e3o de dispositivos e acess\u00f3rios; aplicar processos de soldagem e t\u00e9cnicas de fixa\u00e7\u00e3o para interliga\u00e7\u00e3o dos componentes e das pe\u00e7as; finalizar a montagem, realizando testes eletroeletr\u00f4nicos e configura\u00e7\u00f5es.<\/p>\n\n\n\n<p><strong>Dispon\u00edvel at\u00e9 25\/08\/2025 ou encerramento da vaga<\/strong><\/p>\n\n\n\n<p><strong>3 vagas &#8211; Auxiliar de Produ\u00e7\u00e3o<\/strong><\/p>\n\n\n\n<p><strong>Escolaridade &#8211;<\/strong> ensino fundamental completo;<\/p>\n\n\n\n<p><strong>Experi\u00eancia &#8211; <\/strong>n\u00e3o \u00e9 necess\u00e1rio;<\/p>\n\n\n\n<p><strong>Requisitos Obrigat\u00f3rios <\/strong>&#8211; ter disponibilidade de hor\u00e1rio e possuir documenta\u00e7\u00e3o completa;<\/p>\n\n\n\n<p><strong>Atividades &#8211; <\/strong>preparar ingredientes e massas, operar equipamentos de produ\u00e7\u00e3o, moldar e assar produtos, embalar os itens acabados e realizar a limpeza e organiza\u00e7\u00e3o do ambiente de trabalho e dos equipamentos.<\/p>\n\n\n\n<p><strong>Dispon\u00edvel at\u00e9 25\/08\/2025 ou encerramento da vaga<\/strong><\/p>\n\n\n\n<p><strong>1 vaga &#8211; Contador<\/strong><\/p>\n\n\n\n<p><strong>Escolaridade &#8211;<\/strong> ensino superior completo em Ci\u00eancias Cont\u00e1beis;<\/p>\n\n\n\n<p><strong>Experi\u00eancia &#8211; <\/strong>registrada na Carteira de Trabalho;<\/p>\n\n\n\n<p><strong>Requisitos Obrigat\u00f3rios <\/strong>&#8211; ter CRC ativo e possuir documenta\u00e7\u00e3o completa;<\/p>\n\n\n\n<p><strong>Atividades &#8211; <\/strong>organizar e analisar dados financeiros de indiv\u00edduos e empresas, elaborar relat\u00f3rios e declara\u00e7\u00f5es cont\u00e1beis, apurar impostos, realizar auditorias e oferecer consultoria para otimiza\u00e7\u00e3o de recursos e planejamento tribut\u00e1rio.<\/p>\n\n\n\n<p><strong>Dispon\u00edvel at\u00e9 25\/08\/2025 ou encerramento da vaga<\/strong><\/p>\n\n\n\n<p><strong>1 vaga &#8211; Est\u00e1gio em Direito<\/strong><\/p>\n\n\n\n<p><strong>Escolaridade &#8211;<\/strong> cursando ensino superior em Direito (a partir do 6\u00ba per\u00edodo);<\/p>\n\n\n\n<p><strong>Experi\u00eancia &#8211; <\/strong>n\u00e3o \u00e9 necess\u00e1rio;<\/p>\n\n\n\n<p><strong>Requisitos Obrigat\u00f3rios <\/strong>&#8211; ter disponibilidade de hor\u00e1rio e possuir documenta\u00e7\u00e3o completa;<\/p>\n\n\n\n<p><strong>Atividades &#8211; <\/strong>auxiliar em servi\u00e7os jur\u00eddicos e atua\u00e7\u00e3o em processos.<\/p>\n\n\n\n<p><strong>Dispon\u00edvel at\u00e9 25\/08\/2025 ou encerramento da vaga<\/strong><\/p>\n\n\n\n<p><strong>1 vaga &#8211; Auxiliar de Limpeza<\/strong><\/p>\n\n\n\n<p><strong>Escolaridade &#8211;<\/strong> ensino m\u00e9dio completo;<\/p>\n\n\n\n<p><strong>Experi\u00eancia &#8211; <\/strong>registrada na Carteira de Trabalho;<\/p>\n\n\n\n<p><strong>Requisitos Obrigat\u00f3rios <\/strong>&#8211; possuir documenta\u00e7\u00e3o completa;<\/p>\n\n\n\n<p><strong>Atividades &#8211; <\/strong>realizar tarefas de higiene, conserva\u00e7\u00e3o e organiza\u00e7\u00e3o de ambientes, tanto internos quanto externos, garantindo a limpeza e bem-estar dos locais.<\/p>\n\n\n\n<p><strong>Dispon\u00edvel at\u00e9 25\/08\/2025 ou encerramento da vaga<\/strong><\/p>\n\n\n\n<p><strong>1 vaga &#8211; Auxiliar de Instala\u00e7\u00e3o<\/strong><\/p>\n\n\n\n<p><strong>Escolaridade &#8211;<\/strong> ensino m\u00e9dio completo;<\/p>\n\n\n\n<p><strong>Experi\u00eancia &#8211; <\/strong>n\u00e3o \u00e9 necess\u00e1rio;<\/p>\n\n\n\n<p><strong>Requisitos Obrigat\u00f3rios <\/strong>&#8211; ter curso de NR 35 e possuir documenta\u00e7\u00e3o completa;<\/p>\n\n\n\n<p><strong>Atividades &#8211; <\/strong>organiza\u00e7\u00e3o e execu\u00e7\u00e3o das instala\u00e7\u00f5es di\u00e1rias; instala\u00e7\u00e3o e fixa\u00e7\u00e3o de pain\u00e9is e adesivos; separa\u00e7\u00e3o e controle de ferramentas e materiais necess\u00e1rios; baixa em sistema de instala\u00e7\u00e3o e consumo de materiais; preenchimento de relat\u00f3rios e ordens de servi\u00e7o; contato direto com clientes durante as instala\u00e7\u00f5es; apoio \u00e0 produ\u00e7\u00e3o interna em per\u00edodos sem instala\u00e7\u00f5es externas.<\/p>\n\n\n\n<p><strong>Dispon\u00edvel at\u00e9 25\/08\/2025 ou encerramento da vaga<\/strong><\/p>\n\n\n\n<p><strong>4 vagas &#8211; Auxiliar de Linha de Produ\u00e7\u00e3o &#8211; Vagas exclusivas para Pessoa com Defici\u00eancia (PcD)<\/strong><\/p>\n\n\n\n<p><strong>Escolaridade &#8211;<\/strong> ensino m\u00e9dio completo;<\/p>\n\n\n\n<p><strong>Experi\u00eancia &#8211; <\/strong>n\u00e3o \u00e9 necess\u00e1rio;<\/p>\n\n\n\n<p><strong>Requisitos Obrigat\u00f3rios <\/strong>&#8211; possuir documenta\u00e7\u00e3o completa (com dispensa militar);<\/p>\n\n\n\n<p><strong>Atividades &#8211; <\/strong>abastecimento da linha de produ\u00e7\u00e3o; montagem e desmontagem de equipamentos; embalagem e etiquetagem; manuten\u00e7\u00e3o b\u00e1sica de equipamentos; seguran\u00e7a e higiene; trabalho em equipe; organiza\u00e7\u00e3o e planejamento; recebimento e confer\u00eancia de materiais; organiza\u00e7\u00e3o e limpeza do ambiente de trabalho.<\/p>\n\n\n\n<p><strong>Dispon\u00edvel at\u00e9 25\/08\/2025 ou encerramento da vaga<\/strong><\/p>\n\n\n\n<p><strong>2 vagas &#8211; Chefe de Cozinha<\/strong><\/p>\n\n\n\n<p><strong>Escolaridade &#8211;<\/strong> ensino m\u00e9dio completo;<\/p>\n\n\n\n<p><strong>Experi\u00eancia &#8211; <\/strong>seis meses na Carteira de Trabalho;<\/p>\n\n\n\n<p><strong>Requisitos Obrigat\u00f3rios <\/strong>&#8211; possuir documenta\u00e7\u00e3o completa;<\/p>\n\n\n\n<p><strong>Atividades &#8211; <\/strong>elaborar pratos e card\u00e1pios, planejar as rotinas de trabalho, supervisionar a qualidade dos pratos considerando o quesito sabor e apresenta\u00e7\u00e3o, controle do estoque da cozinha.<\/p>\n\n\n\n<p><strong>Dispon\u00edvel at\u00e9 25\/08\/2025 ou encerramento da vaga<\/strong><\/p>\n\n\n\n<p><strong>1 vaga &#8211; Motorista de Caminh\u00e3o<\/strong><\/p>\n\n\n\n<p><strong>Escolaridade &#8211;<\/strong> ensino m\u00e9dio completo;<\/p>\n\n\n\n<p><strong>Experi\u00eancia &#8211; <\/strong>registrada na Carteira de Trabalho;<\/p>\n\n\n\n<p><strong>Requisitos Obrigat\u00f3rios <\/strong>&#8211; ter Carteira Nacional de Habilita\u00e7\u00e3o categoria \u201cE\u201d e possuir documenta\u00e7\u00e3o completa (com dispensa militar);<\/p>\n\n\n\n<p><strong>Atividades &#8211; <\/strong>realizar entregas, ajudar a organizar e carregar no caminh\u00e3o e atender as demandas de acordo com a ocupa\u00e7\u00e3o.<\/p>\n\n\n\n<p><strong>Dispon\u00edvel at\u00e9 25\/08\/2025 ou encerramento da vaga<\/strong><\/p>\n\n\n\n<p><strong>2 vagas &#8211; Motorista de Caminh\u00e3o<\/strong><\/p>\n\n\n\n<p><strong>Escolaridade &#8211;<\/strong> ensino m\u00e9dio completo;<\/p>\n\n\n\n<p><strong>Experi\u00eancia &#8211; <\/strong>registrada na Carteira de Trabalho;<\/p>\n\n\n\n<p><strong>Requisitos Obrigat\u00f3rios <\/strong>&#8211; ter Carteira Nacional de Habilita\u00e7\u00e3o categoria \u201cD\u201d e possuir documenta\u00e7\u00e3o completa (com dispensa militar);<\/p>\n\n\n\n<p><strong>Atividades &#8211; <\/strong>realizar entregas, ajudar a organizar e carregar no caminh\u00e3o e atender as demandas de acordo com a ocupa\u00e7\u00e3o.<\/p>\n\n\n\n<p><strong>Dispon\u00edvel at\u00e9 25\/08\/2025 ou encerramento da vaga<\/strong><\/p>\n\n\n\n<p><strong>1 vaga &#8211; Art\u00edfice de Manuten\u00e7\u00e3o<\/strong><\/p>\n\n\n\n<p><strong>Escolaridade &#8211;<\/strong> ensino m\u00e9dio completo;<\/p>\n\n\n\n<p><strong>Experi\u00eancia &#8211; <\/strong>seis meses na Carteira de Trabalho;<\/p>\n\n\n\n<p><strong>Requisitos Obrigat\u00f3rios <\/strong>&#8211; ter habilidade para soldar eletrodo revestido e possuir documenta\u00e7\u00e3o completa (com dispensa militar);<\/p>\n\n\n\n<p><strong>Atividades &#8211; <\/strong>executar servi\u00e7os de manuten\u00e7\u00e3o, reparos e pequenas obras em diversas \u00e1reas, como alvenaria, carpintaria, pintura, hidr\u00e1ulica.<\/p>\n\n\n\n<p><strong>Dispon\u00edvel at\u00e9 25\/08\/2025 ou encerramento da vaga<\/strong><\/p>\n\n\n\n<p><strong>3 vagas &#8211; Pintor Predial<\/strong><\/p>\n\n\n\n<p><strong>Escolaridade &#8211;<\/strong> ensino m\u00e9dio completo;<\/p>\n\n\n\n<p><strong>Experi\u00eancia &#8211; <\/strong>seis meses na Carteira de Trabalho;<\/p>\n\n\n\n<p><strong>Requisitos Obrigat\u00f3rios <\/strong>&#8211; ter certificado de pintor e possuir documenta\u00e7\u00e3o completa (com dispensa militar);<\/p>\n\n\n\n<p><strong>Atividades &#8211; <\/strong>preparar superf\u00edcies para pintura, aplica\u00e7\u00e3o de tintas e vernizes, execu\u00e7\u00e3o de acabamentos em diversos tipos de estruturas.<\/p>\n\n\n\n<p><strong>Dispon\u00edvel at\u00e9 25\/08\/2025 ou encerramento da vaga<\/strong><\/p>\n\n\n\n<p><strong>1 vaga &#8211; Auxiliar de Servi\u00e7os Gerais<\/strong><\/p>\n\n\n\n<p><strong>Escolaridade &#8211;<\/strong> ensino m\u00e9dio completo;<\/p>\n\n\n\n<p><strong>Experi\u00eancia &#8211; <\/strong>seis meses na Carteira de Trabalho;<\/p>\n\n\n\n<p><strong>Requisitos Obrigat\u00f3rios <\/strong>&#8211; possuir documenta\u00e7\u00e3o completa;<\/p>\n\n\n\n<p><strong>Atividades &#8211; <\/strong>atender as necessidades de limpeza, manuten\u00e7\u00e3o e conserva\u00e7\u00e3o das instala\u00e7\u00f5es da institui\u00e7\u00e3o, removendo p\u00f3 de m\u00f3veis, paredes, tetos, portas, janelas e equipamentos.<\/p>\n\n\n\n<p><strong>Dispon\u00edvel at\u00e9 25\/08\/2025 ou encerramento da vaga<\/strong><\/p>\n\n\n\n<p><strong>1 vaga &#8211; Atendente de Loja &#8211; Vagas exclusivas para Pessoa com Defici\u00eancia (PcD)<\/strong><\/p>\n\n\n\n<p><strong>Escolaridade &#8211;<\/strong> ensino fundamental completo;<\/p>\n\n\n\n<p><strong>Experi\u00eancia &#8211; <\/strong>n\u00e3o \u00e9 necess\u00e1rio;<\/p>\n\n\n\n<p><strong>Requisitos Obrigat\u00f3rios <\/strong>&#8211; ter curso de Atendimento ao Cliente, Recep\u00e7\u00e3o, Excel b\u00e1sico ou avan\u00e7ado e possuir documenta\u00e7\u00e3o completa (com dispensa militar);<\/p>\n\n\n\n<p><strong>Atividades &#8211; <\/strong>organiza\u00e7\u00e3o dos produtos, atendimento ao cliente.<\/p>\n\n\n\n<p><strong>Dispon\u00edvel at\u00e9 25\/08\/2025 ou encerramento da vaga<\/strong><\/p>\n\n\n\n<p><strong>1 vaga &#8211; Auxiliar de Cozinha<\/strong><\/p>\n\n\n\n<p><strong>Escolaridade &#8211;<\/strong> ensino fundamental completo;<\/p>\n\n\n\n<p><strong>Experi\u00eancia &#8211; <\/strong>seis meses na Carteira de Trabalho;<\/p>\n\n\n\n<p><strong>Requisitos Obrigat\u00f3rios <\/strong>&#8211; ter experi\u00eancia em cozinha industrial e possuir documenta\u00e7\u00e3o completa;<\/p>\n\n\n\n<p><strong>Atividades &#8211; <\/strong>apoio na execu\u00e7\u00e3o nos preparos dos pratos, ajudar o cozinheiro\/l\u00edder de cozinha seguindo os procedimentos e objetivos estabelecidos.<\/p>\n\n\n\n<p><strong>Dispon\u00edvel at\u00e9 25\/08\/2025 ou encerramento da vaga<\/strong><\/p>\n\n\n\n<p><strong>1 vaga &#8211; Assistente de Vendas<\/strong><\/p>\n\n\n\n<p><strong>Escolaridade &#8211;<\/strong> ensino m\u00e9dio completo;<\/p>\n\n\n\n<p><strong>Experi\u00eancia &#8211; <\/strong>seis meses na Carteira de Trabalho;<\/p>\n\n\n\n<p><strong>Requisitos Obrigat\u00f3rios <\/strong>&#8211; possuir documenta\u00e7\u00e3o completa (com dispensa militar);<\/p>\n\n\n\n<p><strong>Atividades &#8211; <\/strong>realizar atendimento ao cliente, gerenciamento de pedidos, elabora\u00e7\u00e3o de propostas comerciais, suporte \u00e0 equipe de vendas e organiza\u00e7\u00e3o e controle de documentos.<\/p>\n\n\n\n<p><strong>Dispon\u00edvel at\u00e9 25\/08\/2025 ou encerramento da vaga<\/strong><\/p>\n\n\n\n<p><strong>1 vaga &#8211; Auxiliar de Estoque<\/strong><\/p>\n\n\n\n<p><strong>Escolaridade &#8211;<\/strong> ensino m\u00e9dio completo;<\/p>\n\n\n\n<p><strong>Experi\u00eancia &#8211; <\/strong>seis meses na Carteira de Trabalho;<\/p>\n\n\n\n<p><strong>Requisitos Obrigat\u00f3rios <\/strong>&#8211; possuir documenta\u00e7\u00e3o completa (com dispensa militar);<\/p>\n\n\n\n<p><strong>Atividades &#8211; <\/strong>abertura e confer\u00eancia de cargas; etiquetagem de mercadorias; armazenamento de mercadorias conferidas; remanejamento de cargas entre lojas; entregar mercadoria no porto; organiza\u00e7\u00e3o, armazenagem de cargas no CD.<\/p>\n\n\n\n<p><strong>Dispon\u00edvel at\u00e9 25\/08\/2025 ou encerramento da vaga<\/strong><\/p>\n\n\n\n<p><strong>&#8212; &#8212; &#8212;<\/strong><\/p>\n\n\n\n<p><strong>Texto \u2013 <\/strong>Divulga\u00e7\u00e3o\/Semtepi<\/p>\n\n\n\n<p><strong>Fotos <\/strong>\u2013 Arquivo\/Semcom<\/p>\n\n\n\n<p><strong>Dispon\u00edveis em<\/strong> \u2013 <a href=\"https:\/\/flic.kr\/s\/aHBqjCetWK\">https:\/\/flic.kr\/s\/aHBqjCetWK<\/a><\/p>\n","protected":false},"excerpt":{"rendered":"","protected":false},"author":39,"featured_media":6830,"comment_status":"closed","ping_status":"closed","sticky":false,"template":"","format":"standard","meta":{"footnotes":""},"categories":[5],"tags":[518,1498,7,8,9,10],"acf":[],"yoast_head":"<!-- This site is optimized with the Yoast SEO plugin v23.0 - https:\/\/yoast.com\/wordpress\/plugins\/seo\/ -->\n<title>Sine Manaus oferta 366 vagas de emprego nesta segunda-feira<\/title>\n<meta name=\"description\" content=\"Prefeitura de Manaus, por meio do Sine Manaus, oferta 366 vagas de emprego em v\u00e1rias \u00e1reas de atua\u00e7\u00e3o, nesta segunda-feira, 25\/8.\" \/>\n<meta name=\"robots\" content=\"noindex, follow\" \/>\n<meta property=\"og:locale\" content=\"pt_BR\" \/>\n<meta property=\"og:type\" content=\"article\" \/>\n<meta property=\"og:title\" content=\"Sine Manaus oferta 366 vagas de emprego nesta segunda-feira\" \/>\n<meta property=\"og:description\" content=\"Prefeitura de Manaus, por meio do Sine Manaus, oferta 366 vagas de emprego em v\u00e1rias \u00e1reas de atua\u00e7\u00e3o, nesta segunda-feira, 25\/8.\" \/>\n<meta property=\"og:url\" content=\"https:\/\/www.manaus.am.gov.br\/semtepi\/oportunidade\/sine-manaus-366-vagas-emprego-25-8\/\" \/>\n<meta property=\"og:site_name\" content=\"SEMTEPI\" \/>\n<meta property=\"article:published_time\" content=\"2025-08-24T12:24:13+00:00\" \/>\n<meta property=\"article:modified_time\" content=\"2025-08-24T12:33:38+00:00\" \/>\n<meta property=\"og:image\" content=\"https:\/\/www.manaus.am.gov.br\/semtepi\/wp-content\/uploads\/sites\/20\/2025\/08\/54522862502_85a80cbd64_k.jpg\" \/>\n\t<meta property=\"og:image:width\" content=\"2048\" \/>\n\t<meta property=\"og:image:height\" content=\"1365\" \/>\n\t<meta property=\"og:image:type\" content=\"image\/jpeg\" \/>\n<meta name=\"author\" content=\"Bruna Greco\" \/>\n<meta name=\"twitter:card\" content=\"summary_large_image\" \/>\n<meta name=\"twitter:label1\" content=\"Written by\" \/>\n\t<meta name=\"twitter:data1\" content=\"Bruna Greco\" \/>\n\t<meta name=\"twitter:label2\" content=\"Est. reading time\" \/>\n\t<meta name=\"twitter:data2\" content=\"28 minutos\" \/>\n<script type=\"application\/ld+json\" class=\"yoast-schema-graph\">{\"@context\":\"https:\/\/schema.org\",\"@graph\":[{\"@type\":\"Article\",\"@id\":\"https:\/\/www.manaus.am.gov.br\/semtepi\/oportunidade\/sine-manaus-366-vagas-emprego-25-8\/#article\",\"isPartOf\":{\"@id\":\"https:\/\/www.manaus.am.gov.br\/semtepi\/oportunidade\/sine-manaus-366-vagas-emprego-25-8\/\"},\"author\":{\"name\":\"Bruna Greco\",\"@id\":\"https:\/\/www.manaus.am.gov.br\/semtepi\/#\/schema\/person\/05d223aea2bf115f9883a6ff3683d81b\"},\"headline\":\"Sine Manaus oferta 366 vagas de emprego nesta segunda-feira, 25\/8\",\"datePublished\":\"2025-08-24T12:24:13+00:00\",\"dateModified\":\"2025-08-24T12:33:38+00:00\",\"mainEntityOfPage\":{\"@id\":\"https:\/\/www.manaus.am.gov.br\/semtepi\/oportunidade\/sine-manaus-366-vagas-emprego-25-8\/\"},\"wordCount\":6017,\"publisher\":{\"@id\":\"https:\/\/www.manaus.am.gov.br\/semtepi\/#organization\"},\"image\":{\"@id\":\"https:\/\/www.manaus.am.gov.br\/semtepi\/oportunidade\/sine-manaus-366-vagas-emprego-25-8\/#primaryimage\"},\"thumbnailUrl\":\"https:\/\/www.manaus.am.gov.br\/semtepi\/wp-content\/uploads\/sites\/20\/2025\/08\/54522862502_85a80cbd64_k.jpg\",\"keywords\":[\"25\/8\",\"366 vagas de emprego\",\"oportunidade\",\"prefeitura de manaus\",\"Semtepi\",\"sine manaus\"],\"articleSection\":[\"Oportunidade\"],\"inLanguage\":\"pt-BR\"},{\"@type\":\"WebPage\",\"@id\":\"https:\/\/www.manaus.am.gov.br\/semtepi\/oportunidade\/sine-manaus-366-vagas-emprego-25-8\/\",\"url\":\"https:\/\/www.manaus.am.gov.br\/semtepi\/oportunidade\/sine-manaus-366-vagas-emprego-25-8\/\",\"name\":\"Sine Manaus oferta 366 vagas de emprego nesta segunda-feira\",\"isPartOf\":{\"@id\":\"https:\/\/www.manaus.am.gov.br\/semtepi\/#website\"},\"primaryImageOfPage\":{\"@id\":\"https:\/\/www.manaus.am.gov.br\/semtepi\/oportunidade\/sine-manaus-366-vagas-emprego-25-8\/#primaryimage\"},\"image\":{\"@id\":\"https:\/\/www.manaus.am.gov.br\/semtepi\/oportunidade\/sine-manaus-366-vagas-emprego-25-8\/#primaryimage\"},\"thumbnailUrl\":\"https:\/\/www.manaus.am.gov.br\/semtepi\/wp-content\/uploads\/sites\/20\/2025\/08\/54522862502_85a80cbd64_k.jpg\",\"datePublished\":\"2025-08-24T12:24:13+00:00\",\"dateModified\":\"2025-08-24T12:33:38+00:00\",\"description\":\"Prefeitura de Manaus, por meio do Sine Manaus, oferta 366 vagas de emprego em v\u00e1rias \u00e1reas de atua\u00e7\u00e3o, nesta segunda-feira, 25\/8.\",\"breadcrumb\":{\"@id\":\"https:\/\/www.manaus.am.gov.br\/semtepi\/oportunidade\/sine-manaus-366-vagas-emprego-25-8\/#breadcrumb\"},\"inLanguage\":\"pt-BR\",\"potentialAction\":[{\"@type\":\"ReadAction\",\"target\":[\"https:\/\/www.manaus.am.gov.br\/semtepi\/oportunidade\/sine-manaus-366-vagas-emprego-25-8\/\"]}]},{\"@type\":\"ImageObject\",\"inLanguage\":\"pt-BR\",\"@id\":\"https:\/\/www.manaus.am.gov.br\/semtepi\/oportunidade\/sine-manaus-366-vagas-emprego-25-8\/#primaryimage\",\"url\":\"https:\/\/www.manaus.am.gov.br\/semtepi\/wp-content\/uploads\/sites\/20\/2025\/08\/54522862502_85a80cbd64_k.jpg\",\"contentUrl\":\"https:\/\/www.manaus.am.gov.br\/semtepi\/wp-content\/uploads\/sites\/20\/2025\/08\/54522862502_85a80cbd64_k.jpg\",\"width\":2048,\"height\":1365,\"caption\":\"#paratodosverem - Jovem recebendo atendimento de vaga de emprego em guich\u00ea do Sine Manaus\"},{\"@type\":\"BreadcrumbList\",\"@id\":\"https:\/\/www.manaus.am.gov.br\/semtepi\/oportunidade\/sine-manaus-366-vagas-emprego-25-8\/#breadcrumb\",\"itemListElement\":[{\"@type\":\"ListItem\",\"position\":1,\"name\":\"Home\",\"item\":\"https:\/\/www.manaus.am.gov.br\/semtepi\/\"},{\"@type\":\"ListItem\",\"position\":2,\"name\":\"Sine Manaus oferta 366 vagas de emprego nesta segunda-feira, 25\/8\"}]},{\"@type\":\"WebSite\",\"@id\":\"https:\/\/www.manaus.am.gov.br\/semtepi\/#website\",\"url\":\"https:\/\/www.manaus.am.gov.br\/semtepi\/\",\"name\":\"SEMTEPI\",\"description\":\"Prefeitura de Manaus\",\"publisher\":{\"@id\":\"https:\/\/www.manaus.am.gov.br\/semtepi\/#organization\"},\"alternateName\":\"Secretaria Municipal do Trabalho, Empreendedorismo e Inova\u00e7\u00e3o\",\"potentialAction\":[{\"@type\":\"SearchAction\",\"target\":{\"@type\":\"EntryPoint\",\"urlTemplate\":\"https:\/\/www.manaus.am.gov.br\/semtepi\/?s={search_term_string}\"},\"query-input\":\"required name=search_term_string\"}],\"inLanguage\":\"pt-BR\"},{\"@type\":\"Organization\",\"@id\":\"https:\/\/www.manaus.am.gov.br\/semtepi\/#organization\",\"name\":\"Prefeitura Municipal de Manaus\",\"alternateName\":\"Prefeitura de Manaus\",\"url\":\"https:\/\/www.manaus.am.gov.br\/semtepi\/\",\"logo\":{\"@type\":\"ImageObject\",\"inLanguage\":\"pt-BR\",\"@id\":\"https:\/\/www.manaus.am.gov.br\/semtepi\/#\/schema\/logo\/image\/\",\"url\":\"https:\/\/www.manaus.am.gov.br\/semtepi\/wp-content\/uploads\/sites\/20\/2024\/07\/favicon.png\",\"contentUrl\":\"https:\/\/www.manaus.am.gov.br\/semtepi\/wp-content\/uploads\/sites\/20\/2024\/07\/favicon.png\",\"width\":300,\"height\":300,\"caption\":\"Prefeitura Municipal de Manaus\"},\"image\":{\"@id\":\"https:\/\/www.manaus.am.gov.br\/semtepi\/#\/schema\/logo\/image\/\"}},{\"@type\":\"Person\",\"@id\":\"https:\/\/www.manaus.am.gov.br\/semtepi\/#\/schema\/person\/05d223aea2bf115f9883a6ff3683d81b\",\"name\":\"Bruna Greco\",\"image\":{\"@type\":\"ImageObject\",\"inLanguage\":\"pt-BR\",\"@id\":\"https:\/\/www.manaus.am.gov.br\/semtepi\/#\/schema\/person\/image\/\",\"url\":\"https:\/\/secure.gravatar.com\/avatar\/9c877d1a6adc2a055330e5c09a8653ce?s=96&d=mm&r=g\",\"contentUrl\":\"https:\/\/secure.gravatar.com\/avatar\/9c877d1a6adc2a055330e5c09a8653ce?s=96&d=mm&r=g\",\"caption\":\"Bruna Greco\"}}]}<\/script>\n<!-- \/ Yoast SEO plugin. -->","yoast_head_json":{"title":"Sine Manaus oferta 366 vagas de emprego nesta segunda-feira","description":"Prefeitura de Manaus, por meio do Sine Manaus, oferta 366 vagas de emprego em v\u00e1rias \u00e1reas de atua\u00e7\u00e3o, nesta segunda-feira, 25\/8.","robots":{"index":"noindex","follow":"follow"},"og_locale":"pt_BR","og_type":"article","og_title":"Sine Manaus oferta 366 vagas de emprego nesta segunda-feira","og_description":"Prefeitura de Manaus, por meio do Sine Manaus, oferta 366 vagas de emprego em v\u00e1rias \u00e1reas de atua\u00e7\u00e3o, nesta segunda-feira, 25\/8.","og_url":"https:\/\/www.manaus.am.gov.br\/semtepi\/oportunidade\/sine-manaus-366-vagas-emprego-25-8\/","og_site_name":"SEMTEPI","article_published_time":"2025-08-24T12:24:13+00:00","article_modified_time":"2025-08-24T12:33:38+00:00","og_image":[{"width":2048,"height":1365,"url":"https:\/\/www.manaus.am.gov.br\/semtepi\/wp-content\/uploads\/sites\/20\/2025\/08\/54522862502_85a80cbd64_k.jpg","type":"image\/jpeg"}],"author":"Bruna Greco","twitter_card":"summary_large_image","twitter_misc":{"Written by":"Bruna Greco","Est. reading time":"28 minutos"},"schema":{"@context":"https:\/\/schema.org","@graph":[{"@type":"Article","@id":"https:\/\/www.manaus.am.gov.br\/semtepi\/oportunidade\/sine-manaus-366-vagas-emprego-25-8\/#article","isPartOf":{"@id":"https:\/\/www.manaus.am.gov.br\/semtepi\/oportunidade\/sine-manaus-366-vagas-emprego-25-8\/"},"author":{"name":"Bruna Greco","@id":"https:\/\/www.manaus.am.gov.br\/semtepi\/#\/schema\/person\/05d223aea2bf115f9883a6ff3683d81b"},"headline":"Sine Manaus oferta 366 vagas de emprego nesta segunda-feira, 25\/8","datePublished":"2025-08-24T12:24:13+00:00","dateModified":"2025-08-24T12:33:38+00:00","mainEntityOfPage":{"@id":"https:\/\/www.manaus.am.gov.br\/semtepi\/oportunidade\/sine-manaus-366-vagas-emprego-25-8\/"},"wordCount":6017,"publisher":{"@id":"https:\/\/www.manaus.am.gov.br\/semtepi\/#organization"},"image":{"@id":"https:\/\/www.manaus.am.gov.br\/semtepi\/oportunidade\/sine-manaus-366-vagas-emprego-25-8\/#primaryimage"},"thumbnailUrl":"https:\/\/www.manaus.am.gov.br\/semtepi\/wp-content\/uploads\/sites\/20\/2025\/08\/54522862502_85a80cbd64_k.jpg","keywords":["25\/8","366 vagas de emprego","oportunidade","prefeitura de manaus","Semtepi","sine manaus"],"articleSection":["Oportunidade"],"inLanguage":"pt-BR"},{"@type":"WebPage","@id":"https:\/\/www.manaus.am.gov.br\/semtepi\/oportunidade\/sine-manaus-366-vagas-emprego-25-8\/","url":"https:\/\/www.manaus.am.gov.br\/semtepi\/oportunidade\/sine-manaus-366-vagas-emprego-25-8\/","name":"Sine Manaus oferta 366 vagas de emprego nesta segunda-feira","isPartOf":{"@id":"https:\/\/www.manaus.am.gov.br\/semtepi\/#website"},"primaryImageOfPage":{"@id":"https:\/\/www.manaus.am.gov.br\/semtepi\/oportunidade\/sine-manaus-366-vagas-emprego-25-8\/#primaryimage"},"image":{"@id":"https:\/\/www.manaus.am.gov.br\/semtepi\/oportunidade\/sine-manaus-366-vagas-emprego-25-8\/#primaryimage"},"thumbnailUrl":"https:\/\/www.manaus.am.gov.br\/semtepi\/wp-content\/uploads\/sites\/20\/2025\/08\/54522862502_85a80cbd64_k.jpg","datePublished":"2025-08-24T12:24:13+00:00","dateModified":"2025-08-24T12:33:38+00:00","description":"Prefeitura de Manaus, por meio do Sine Manaus, oferta 366 vagas de emprego em v\u00e1rias \u00e1reas de atua\u00e7\u00e3o, nesta segunda-feira, 25\/8.","breadcrumb":{"@id":"https:\/\/www.manaus.am.gov.br\/semtepi\/oportunidade\/sine-manaus-366-vagas-emprego-25-8\/#breadcrumb"},"inLanguage":"pt-BR","potentialAction":[{"@type":"ReadAction","target":["https:\/\/www.manaus.am.gov.br\/semtepi\/oportunidade\/sine-manaus-366-vagas-emprego-25-8\/"]}]},{"@type":"ImageObject","inLanguage":"pt-BR","@id":"https:\/\/www.manaus.am.gov.br\/semtepi\/oportunidade\/sine-manaus-366-vagas-emprego-25-8\/#primaryimage","url":"https:\/\/www.manaus.am.gov.br\/semtepi\/wp-content\/uploads\/sites\/20\/2025\/08\/54522862502_85a80cbd64_k.jpg","contentUrl":"https:\/\/www.manaus.am.gov.br\/semtepi\/wp-content\/uploads\/sites\/20\/2025\/08\/54522862502_85a80cbd64_k.jpg","width":2048,"height":1365,"caption":"#paratodosverem - Jovem recebendo atendimento de vaga de emprego em guich\u00ea do Sine Manaus"},{"@type":"BreadcrumbList","@id":"https:\/\/www.manaus.am.gov.br\/semtepi\/oportunidade\/sine-manaus-366-vagas-emprego-25-8\/#breadcrumb","itemListElement":[{"@type":"ListItem","position":1,"name":"Home","item":"https:\/\/www.manaus.am.gov.br\/semtepi\/"},{"@type":"ListItem","position":2,"name":"Sine Manaus oferta 366 vagas de emprego nesta segunda-feira, 25\/8"}]},{"@type":"WebSite","@id":"https:\/\/www.manaus.am.gov.br\/semtepi\/#website","url":"https:\/\/www.manaus.am.gov.br\/semtepi\/","name":"SEMTEPI","description":"Prefeitura de Manaus","publisher":{"@id":"https:\/\/www.manaus.am.gov.br\/semtepi\/#organization"},"alternateName":"Secretaria Municipal do Trabalho, Empreendedorismo e Inova\u00e7\u00e3o","potentialAction":[{"@type":"SearchAction","target":{"@type":"EntryPoint","urlTemplate":"https:\/\/www.manaus.am.gov.br\/semtepi\/?s={search_term_string}"},"query-input":"required name=search_term_string"}],"inLanguage":"pt-BR"},{"@type":"Organization","@id":"https:\/\/www.manaus.am.gov.br\/semtepi\/#organization","name":"Prefeitura Municipal de Manaus","alternateName":"Prefeitura de Manaus","url":"https:\/\/www.manaus.am.gov.br\/semtepi\/","logo":{"@type":"ImageObject","inLanguage":"pt-BR","@id":"https:\/\/www.manaus.am.gov.br\/semtepi\/#\/schema\/logo\/image\/","url":"https:\/\/www.manaus.am.gov.br\/semtepi\/wp-content\/uploads\/sites\/20\/2024\/07\/favicon.png","contentUrl":"https:\/\/www.manaus.am.gov.br\/semtepi\/wp-content\/uploads\/sites\/20\/2024\/07\/favicon.png","width":300,"height":300,"caption":"Prefeitura Municipal de Manaus"},"image":{"@id":"https:\/\/www.manaus.am.gov.br\/semtepi\/#\/schema\/logo\/image\/"}},{"@type":"Person","@id":"https:\/\/www.manaus.am.gov.br\/semtepi\/#\/schema\/person\/05d223aea2bf115f9883a6ff3683d81b","name":"Bruna Greco","image":{"@type":"ImageObject","inLanguage":"pt-BR","@id":"https:\/\/www.manaus.am.gov.br\/semtepi\/#\/schema\/person\/image\/","url":"https:\/\/secure.gravatar.com\/avatar\/9c877d1a6adc2a055330e5c09a8653ce?s=96&d=mm&r=g","contentUrl":"https:\/\/secure.gravatar.com\/avatar\/9c877d1a6adc2a055330e5c09a8653ce?s=96&d=mm&r=g","caption":"Bruna Greco"}}]}},"_links":{"self":[{"href":"https:\/\/www.manaus.am.gov.br\/semtepi\/wp-json\/wp\/v2\/posts\/6829"}],"collection":[{"href":"https:\/\/www.manaus.am.gov.br\/semtepi\/wp-json\/wp\/v2\/posts"}],"about":[{"href":"https:\/\/www.manaus.am.gov.br\/semtepi\/wp-json\/wp\/v2\/types\/post"}],"author":[{"embeddable":true,"href":"https:\/\/www.manaus.am.gov.br\/semtepi\/wp-json\/wp\/v2\/users\/39"}],"replies":[{"embeddable":true,"href":"https:\/\/www.manaus.am.gov.br\/semtepi\/wp-json\/wp\/v2\/comments?post=6829"}],"version-history":[{"count":1,"href":"https:\/\/www.manaus.am.gov.br\/semtepi\/wp-json\/wp\/v2\/posts\/6829\/revisions"}],"predecessor-version":[{"id":6831,"href":"https:\/\/www.manaus.am.gov.br\/semtepi\/wp-json\/wp\/v2\/posts\/6829\/revisions\/6831"}],"wp:featuredmedia":[{"embeddable":true,"href":"https:\/\/www.manaus.am.gov.br\/semtepi\/wp-json\/wp\/v2\/media\/6830"}],"wp:attachment":[{"href":"https:\/\/www.manaus.am.gov.br\/semtepi\/wp-json\/wp\/v2\/media?parent=6829"}],"wp:term":[{"taxonomy":"category","embeddable":true,"href":"https:\/\/www.manaus.am.gov.br\/semtepi\/wp-json\/wp\/v2\/categories?post=6829"},{"taxonomy":"post_tag","embeddable":true,"href":"https:\/\/www.manaus.am.gov.br\/semtepi\/wp-json\/wp\/v2\/tags?post=6829"}],"curies":[{"name":"wp","href":"https:\/\/api.w.org\/{rel}","templated":true}]}}