{"id":6825,"date":"2025-08-22T13:52:25","date_gmt":"2025-08-22T17:52:25","guid":{"rendered":"https:\/\/www.manaus.am.gov.br\/semtepi\/sem-categoria\/formacao-oficina-designer-sobrancelhas\/"},"modified":"2025-08-22T13:52:25","modified_gmt":"2025-08-22T17:52:25","slug":"formacao-oficina-designer-sobrancelhas","status":"publish","type":"post","link":"https:\/\/www.manaus.am.gov.br\/semtepi\/certificacao\/formacao-oficina-designer-sobrancelhas\/","title":{"rendered":"Mais de 40 alunas concluem forma\u00e7\u00e3o em oficina \u2018Designer de Sobrancelhas\u2019 da Prefeitura de Manaus"},"content":{"rendered":"\n<p>Mais de 40 alunas foram certificadas durante o encerramento da oficina \u201cDesigner de Sobrancelhas\u201d, realizada nesta sexta-feira, 22\/8. A capacita\u00e7\u00e3o, promovida pela Prefeitura de Manaus, por meio da Secretaria Municipal do Trabalho, Empreendedorismo e Inova\u00e7\u00e3o (Semtepi), em parceria com Omar Castro, ocorreu na galeria dos Rem\u00e9dios, localizada na rua Miranda Le\u00e3o, n\u00ba 82, bairro Centro, zona Centro-Sul da capital.<\/p>\n\n\n\n<p>Com dura\u00e7\u00e3o de cinco dias, a oficina reuniu mulheres de diferentes zonas da cidade, oferecendo conte\u00fados te\u00f3ricos e pr\u00e1ticos sobre os principais desafios enfrentados pelos profissionais da est\u00e9tica. Al\u00e9m de adquirir conhecimento, as participantes puderam esclarecer d\u00favidas e aproveitar a oportunidade de dar os primeiros passos para empreender no setor da beleza.<\/p>\n\n\n\n<p>\u201cO trabalho que tem sido feito pela secretaria, na \u00e1rea da qualifica\u00e7\u00e3o profissional, \u00e9 bel\u00edssimo. As novas profissionais, agora certificadas, poder\u00e3o usufruir deste conhecimento para se destacar no mercado, aumentando sua renda e fortalecendo o empreendedorismo em nossa cidade\u201d, destacou o titular da pasta, Alonso Oliveira.<\/p>\n\n\n\n<p>De acordo com a empreendedora e professora da oficina, Nelma Silva, a oportunidade de lecionar em sua \u00e1rea \u00e9 gratificante. \u201cHoje agrade\u00e7o \u00e0 Semtepi pela oportunidade. Isso contribuiu para que as mulheres possam empreender. A principal dificuldade observada foi no alinhamento e na divis\u00e3o dos tra\u00e7os para alcan\u00e7ar um bom design de sobrancelhas\u201d, explicou a ministrante.<\/p>\n\n\n\n<p>A aluna K\u00e9sia Monteiro, atuante na \u00e1rea da beleza h\u00e1 mais de cinco anos, desenvolveu novas habilidades durante a oficina. Para ela, o certificado de conclus\u00e3o \u00e9 uma grande conquista para o profissional que busca validar seus conhecimentos.<\/p>\n\n\n\n<p>\u201cPara mim, a oficina foi um diferencial, principalmente porque sempre trabalhei apenas com a pr\u00e1tica boca a boca, sem apresentar certificados \u00e0s minhas clientes. A partir de hoje, terei um respaldo maior como profissional da \u00e1rea da beleza\u201d, concluiu a empreendedora.<\/p>\n\n\n\n<figure class=\"wp-block-image size-large\"><img loading=\"lazy\" decoding=\"async\" width=\"1024\" height=\"768\" src=\"https:\/\/www.manaus.am.gov.br\/semtepi\/wp-content\/uploads\/sites\/20\/2025\/08\/Oficina-2-1024x768.jpeg\" alt=\"\" class=\"wp-image-6827\" srcset=\"https:\/\/www.manaus.am.gov.br\/semtepi\/wp-content\/uploads\/sites\/20\/2025\/08\/Oficina-2-1024x768.jpeg 1024w, https:\/\/www.manaus.am.gov.br\/semtepi\/wp-content\/uploads\/sites\/20\/2025\/08\/Oficina-2-300x225.jpeg 300w, https:\/\/www.manaus.am.gov.br\/semtepi\/wp-content\/uploads\/sites\/20\/2025\/08\/Oficina-2-768x576.jpeg 768w, https:\/\/www.manaus.am.gov.br\/semtepi\/wp-content\/uploads\/sites\/20\/2025\/08\/Oficina-2-1536x1152.jpeg 1536w, https:\/\/www.manaus.am.gov.br\/semtepi\/wp-content\/uploads\/sites\/20\/2025\/08\/Oficina-2-2048x1536.jpeg 2048w\" sizes=\"(max-width: 1024px) 100vw, 1024px\" \/><\/figure>\n\n\n\n<p>&#8212; &#8212; &#8212;\u00a0<\/p>\n\n\n\n<p><strong>Texto e fotos \u2013 <\/strong>Fabiane Monteiro\/Semtepi<\/p>\n","protected":false},"excerpt":{"rendered":"","protected":false},"author":39,"featured_media":6826,"comment_status":"closed","ping_status":"closed","sticky":false,"template":"","format":"standard","meta":{"footnotes":""},"categories":[842],"tags":[155,1496,1497,8,9],"acf":[],"yoast_head":"<!-- This site is optimized with the Yoast SEO plugin v23.0 - https:\/\/yoast.com\/wordpress\/plugins\/seo\/ -->\n<title>Alunas concluem forma\u00e7\u00e3o em oficina \u2018Designer de Sobrancelhas\u2019<\/title>\n<meta name=\"description\" content=\"Mais de 40 alunas concluem forma\u00e7\u00e3o em oficina \u2018Designer de Sobrancelhas\u2019 da Prefeitura de Manaus, por meio da Semtepi.\" \/>\n<meta name=\"robots\" content=\"noindex, follow\" \/>\n<meta property=\"og:locale\" content=\"pt_BR\" \/>\n<meta property=\"og:type\" content=\"article\" \/>\n<meta property=\"og:title\" content=\"Alunas concluem forma\u00e7\u00e3o em oficina \u2018Designer de Sobrancelhas\u2019\" \/>\n<meta property=\"og:description\" content=\"Mais de 40 alunas concluem forma\u00e7\u00e3o em oficina \u2018Designer de Sobrancelhas\u2019 da Prefeitura de Manaus, por meio da Semtepi.\" \/>\n<meta property=\"og:url\" content=\"https:\/\/www.manaus.am.gov.br\/semtepi\/certificacao\/formacao-oficina-designer-sobrancelhas\/\" \/>\n<meta property=\"og:site_name\" content=\"SEMTEPI\" \/>\n<meta property=\"article:published_time\" content=\"2025-08-22T17:52:25+00:00\" \/>\n<meta property=\"og:image\" content=\"https:\/\/www.manaus.am.gov.br\/semtepi\/wp-content\/uploads\/sites\/20\/2025\/08\/Oficina-1.jpeg\" \/>\n\t<meta property=\"og:image:width\" content=\"4032\" \/>\n\t<meta property=\"og:image:height\" content=\"3024\" \/>\n\t<meta property=\"og:image:type\" content=\"image\/jpeg\" \/>\n<meta name=\"author\" content=\"Bruna Greco\" \/>\n<meta name=\"twitter:card\" content=\"summary_large_image\" \/>\n<meta name=\"twitter:label1\" content=\"Written by\" \/>\n\t<meta name=\"twitter:data1\" content=\"Bruna Greco\" \/>\n\t<meta name=\"twitter:label2\" content=\"Est. reading time\" \/>\n\t<meta name=\"twitter:data2\" content=\"3 minutos\" \/>\n<script type=\"application\/ld+json\" class=\"yoast-schema-graph\">{\"@context\":\"https:\/\/schema.org\",\"@graph\":[{\"@type\":\"Article\",\"@id\":\"https:\/\/www.manaus.am.gov.br\/semtepi\/certificacao\/formacao-oficina-designer-sobrancelhas\/#article\",\"isPartOf\":{\"@id\":\"https:\/\/www.manaus.am.gov.br\/semtepi\/certificacao\/formacao-oficina-designer-sobrancelhas\/\"},\"author\":{\"name\":\"Bruna Greco\",\"@id\":\"https:\/\/www.manaus.am.gov.br\/semtepi\/#\/schema\/person\/05d223aea2bf115f9883a6ff3683d81b\"},\"headline\":\"Mais de 40 alunas concluem forma\u00e7\u00e3o em oficina \u2018Designer de Sobrancelhas\u2019 da Prefeitura de Manaus\",\"datePublished\":\"2025-08-22T17:52:25+00:00\",\"dateModified\":\"2025-08-22T17:52:25+00:00\",\"mainEntityOfPage\":{\"@id\":\"https:\/\/www.manaus.am.gov.br\/semtepi\/certificacao\/formacao-oficina-designer-sobrancelhas\/\"},\"wordCount\":330,\"publisher\":{\"@id\":\"https:\/\/www.manaus.am.gov.br\/semtepi\/#organization\"},\"image\":{\"@id\":\"https:\/\/www.manaus.am.gov.br\/semtepi\/certificacao\/formacao-oficina-designer-sobrancelhas\/#primaryimage\"},\"thumbnailUrl\":\"https:\/\/www.manaus.am.gov.br\/semtepi\/wp-content\/uploads\/sites\/20\/2025\/08\/Oficina-1.jpeg\",\"keywords\":[\"certifica\u00e7\u00e3o\",\"forma\u00e7\u00e3o em oficina \u2018Designer de Sobrancelhas\u2019\",\"Mais de 40 alunas\",\"prefeitura de manaus\",\"Semtepi\"],\"articleSection\":[\"Certifica\u00e7\u00e3o\"],\"inLanguage\":\"pt-BR\"},{\"@type\":\"WebPage\",\"@id\":\"https:\/\/www.manaus.am.gov.br\/semtepi\/certificacao\/formacao-oficina-designer-sobrancelhas\/\",\"url\":\"https:\/\/www.manaus.am.gov.br\/semtepi\/certificacao\/formacao-oficina-designer-sobrancelhas\/\",\"name\":\"Alunas concluem forma\u00e7\u00e3o em oficina \u2018Designer de Sobrancelhas\u2019\",\"isPartOf\":{\"@id\":\"https:\/\/www.manaus.am.gov.br\/semtepi\/#website\"},\"primaryImageOfPage\":{\"@id\":\"https:\/\/www.manaus.am.gov.br\/semtepi\/certificacao\/formacao-oficina-designer-sobrancelhas\/#primaryimage\"},\"image\":{\"@id\":\"https:\/\/www.manaus.am.gov.br\/semtepi\/certificacao\/formacao-oficina-designer-sobrancelhas\/#primaryimage\"},\"thumbnailUrl\":\"https:\/\/www.manaus.am.gov.br\/semtepi\/wp-content\/uploads\/sites\/20\/2025\/08\/Oficina-1.jpeg\",\"datePublished\":\"2025-08-22T17:52:25+00:00\",\"dateModified\":\"2025-08-22T17:52:25+00:00\",\"description\":\"Mais de 40 alunas concluem forma\u00e7\u00e3o em oficina \u2018Designer de Sobrancelhas\u2019 da Prefeitura de Manaus, por meio da Semtepi.\",\"breadcrumb\":{\"@id\":\"https:\/\/www.manaus.am.gov.br\/semtepi\/certificacao\/formacao-oficina-designer-sobrancelhas\/#breadcrumb\"},\"inLanguage\":\"pt-BR\",\"potentialAction\":[{\"@type\":\"ReadAction\",\"target\":[\"https:\/\/www.manaus.am.gov.br\/semtepi\/certificacao\/formacao-oficina-designer-sobrancelhas\/\"]}]},{\"@type\":\"ImageObject\",\"inLanguage\":\"pt-BR\",\"@id\":\"https:\/\/www.manaus.am.gov.br\/semtepi\/certificacao\/formacao-oficina-designer-sobrancelhas\/#primaryimage\",\"url\":\"https:\/\/www.manaus.am.gov.br\/semtepi\/wp-content\/uploads\/sites\/20\/2025\/08\/Oficina-1.jpeg\",\"contentUrl\":\"https:\/\/www.manaus.am.gov.br\/semtepi\/wp-content\/uploads\/sites\/20\/2025\/08\/Oficina-1.jpeg\",\"width\":4032,\"height\":3024,\"caption\":\"#paratodosverem - Alunas com certificados da oficina Designer de Sobrancelhas promovida pela Semtepi\"},{\"@type\":\"BreadcrumbList\",\"@id\":\"https:\/\/www.manaus.am.gov.br\/semtepi\/certificacao\/formacao-oficina-designer-sobrancelhas\/#breadcrumb\",\"itemListElement\":[{\"@type\":\"ListItem\",\"position\":1,\"name\":\"Home\",\"item\":\"https:\/\/www.manaus.am.gov.br\/semtepi\/\"},{\"@type\":\"ListItem\",\"position\":2,\"name\":\"Mais de 40 alunas concluem forma\u00e7\u00e3o em oficina \u2018Designer de Sobrancelhas\u2019 da Prefeitura de Manaus\"}]},{\"@type\":\"WebSite\",\"@id\":\"https:\/\/www.manaus.am.gov.br\/semtepi\/#website\",\"url\":\"https:\/\/www.manaus.am.gov.br\/semtepi\/\",\"name\":\"SEMTEPI\",\"description\":\"Prefeitura de Manaus\",\"publisher\":{\"@id\":\"https:\/\/www.manaus.am.gov.br\/semtepi\/#organization\"},\"alternateName\":\"Secretaria Municipal do Trabalho, Empreendedorismo e Inova\u00e7\u00e3o\",\"potentialAction\":[{\"@type\":\"SearchAction\",\"target\":{\"@type\":\"EntryPoint\",\"urlTemplate\":\"https:\/\/www.manaus.am.gov.br\/semtepi\/?s={search_term_string}\"},\"query-input\":\"required name=search_term_string\"}],\"inLanguage\":\"pt-BR\"},{\"@type\":\"Organization\",\"@id\":\"https:\/\/www.manaus.am.gov.br\/semtepi\/#organization\",\"name\":\"Prefeitura Municipal de Manaus\",\"alternateName\":\"Prefeitura de Manaus\",\"url\":\"https:\/\/www.manaus.am.gov.br\/semtepi\/\",\"logo\":{\"@type\":\"ImageObject\",\"inLanguage\":\"pt-BR\",\"@id\":\"https:\/\/www.manaus.am.gov.br\/semtepi\/#\/schema\/logo\/image\/\",\"url\":\"https:\/\/www.manaus.am.gov.br\/semtepi\/wp-content\/uploads\/sites\/20\/2024\/07\/favicon.png\",\"contentUrl\":\"https:\/\/www.manaus.am.gov.br\/semtepi\/wp-content\/uploads\/sites\/20\/2024\/07\/favicon.png\",\"width\":300,\"height\":300,\"caption\":\"Prefeitura Municipal de Manaus\"},\"image\":{\"@id\":\"https:\/\/www.manaus.am.gov.br\/semtepi\/#\/schema\/logo\/image\/\"}},{\"@type\":\"Person\",\"@id\":\"https:\/\/www.manaus.am.gov.br\/semtepi\/#\/schema\/person\/05d223aea2bf115f9883a6ff3683d81b\",\"name\":\"Bruna Greco\",\"image\":{\"@type\":\"ImageObject\",\"inLanguage\":\"pt-BR\",\"@id\":\"https:\/\/www.manaus.am.gov.br\/semtepi\/#\/schema\/person\/image\/\",\"url\":\"https:\/\/secure.gravatar.com\/avatar\/9c877d1a6adc2a055330e5c09a8653ce?s=96&d=mm&r=g\",\"contentUrl\":\"https:\/\/secure.gravatar.com\/avatar\/9c877d1a6adc2a055330e5c09a8653ce?s=96&d=mm&r=g\",\"caption\":\"Bruna Greco\"}}]}<\/script>\n<!-- \/ Yoast SEO plugin. -->","yoast_head_json":{"title":"Alunas concluem forma\u00e7\u00e3o em oficina \u2018Designer de Sobrancelhas\u2019","description":"Mais de 40 alunas concluem forma\u00e7\u00e3o em oficina \u2018Designer de Sobrancelhas\u2019 da Prefeitura de Manaus, por meio da Semtepi.","robots":{"index":"noindex","follow":"follow"},"og_locale":"pt_BR","og_type":"article","og_title":"Alunas concluem forma\u00e7\u00e3o em oficina \u2018Designer de Sobrancelhas\u2019","og_description":"Mais de 40 alunas concluem forma\u00e7\u00e3o em oficina \u2018Designer de Sobrancelhas\u2019 da Prefeitura de Manaus, por meio da Semtepi.","og_url":"https:\/\/www.manaus.am.gov.br\/semtepi\/certificacao\/formacao-oficina-designer-sobrancelhas\/","og_site_name":"SEMTEPI","article_published_time":"2025-08-22T17:52:25+00:00","og_image":[{"width":4032,"height":3024,"url":"https:\/\/www.manaus.am.gov.br\/semtepi\/wp-content\/uploads\/sites\/20\/2025\/08\/Oficina-1.jpeg","type":"image\/jpeg"}],"author":"Bruna Greco","twitter_card":"summary_large_image","twitter_misc":{"Written by":"Bruna Greco","Est. reading time":"3 minutos"},"schema":{"@context":"https:\/\/schema.org","@graph":[{"@type":"Article","@id":"https:\/\/www.manaus.am.gov.br\/semtepi\/certificacao\/formacao-oficina-designer-sobrancelhas\/#article","isPartOf":{"@id":"https:\/\/www.manaus.am.gov.br\/semtepi\/certificacao\/formacao-oficina-designer-sobrancelhas\/"},"author":{"name":"Bruna Greco","@id":"https:\/\/www.manaus.am.gov.br\/semtepi\/#\/schema\/person\/05d223aea2bf115f9883a6ff3683d81b"},"headline":"Mais de 40 alunas concluem forma\u00e7\u00e3o em oficina \u2018Designer de Sobrancelhas\u2019 da Prefeitura de Manaus","datePublished":"2025-08-22T17:52:25+00:00","dateModified":"2025-08-22T17:52:25+00:00","mainEntityOfPage":{"@id":"https:\/\/www.manaus.am.gov.br\/semtepi\/certificacao\/formacao-oficina-designer-sobrancelhas\/"},"wordCount":330,"publisher":{"@id":"https:\/\/www.manaus.am.gov.br\/semtepi\/#organization"},"image":{"@id":"https:\/\/www.manaus.am.gov.br\/semtepi\/certificacao\/formacao-oficina-designer-sobrancelhas\/#primaryimage"},"thumbnailUrl":"https:\/\/www.manaus.am.gov.br\/semtepi\/wp-content\/uploads\/sites\/20\/2025\/08\/Oficina-1.jpeg","keywords":["certifica\u00e7\u00e3o","forma\u00e7\u00e3o em oficina \u2018Designer de Sobrancelhas\u2019","Mais de 40 alunas","prefeitura de manaus","Semtepi"],"articleSection":["Certifica\u00e7\u00e3o"],"inLanguage":"pt-BR"},{"@type":"WebPage","@id":"https:\/\/www.manaus.am.gov.br\/semtepi\/certificacao\/formacao-oficina-designer-sobrancelhas\/","url":"https:\/\/www.manaus.am.gov.br\/semtepi\/certificacao\/formacao-oficina-designer-sobrancelhas\/","name":"Alunas concluem forma\u00e7\u00e3o em oficina \u2018Designer de Sobrancelhas\u2019","isPartOf":{"@id":"https:\/\/www.manaus.am.gov.br\/semtepi\/#website"},"primaryImageOfPage":{"@id":"https:\/\/www.manaus.am.gov.br\/semtepi\/certificacao\/formacao-oficina-designer-sobrancelhas\/#primaryimage"},"image":{"@id":"https:\/\/www.manaus.am.gov.br\/semtepi\/certificacao\/formacao-oficina-designer-sobrancelhas\/#primaryimage"},"thumbnailUrl":"https:\/\/www.manaus.am.gov.br\/semtepi\/wp-content\/uploads\/sites\/20\/2025\/08\/Oficina-1.jpeg","datePublished":"2025-08-22T17:52:25+00:00","dateModified":"2025-08-22T17:52:25+00:00","description":"Mais de 40 alunas concluem forma\u00e7\u00e3o em oficina \u2018Designer de Sobrancelhas\u2019 da Prefeitura de Manaus, por meio da Semtepi.","breadcrumb":{"@id":"https:\/\/www.manaus.am.gov.br\/semtepi\/certificacao\/formacao-oficina-designer-sobrancelhas\/#breadcrumb"},"inLanguage":"pt-BR","potentialAction":[{"@type":"ReadAction","target":["https:\/\/www.manaus.am.gov.br\/semtepi\/certificacao\/formacao-oficina-designer-sobrancelhas\/"]}]},{"@type":"ImageObject","inLanguage":"pt-BR","@id":"https:\/\/www.manaus.am.gov.br\/semtepi\/certificacao\/formacao-oficina-designer-sobrancelhas\/#primaryimage","url":"https:\/\/www.manaus.am.gov.br\/semtepi\/wp-content\/uploads\/sites\/20\/2025\/08\/Oficina-1.jpeg","contentUrl":"https:\/\/www.manaus.am.gov.br\/semtepi\/wp-content\/uploads\/sites\/20\/2025\/08\/Oficina-1.jpeg","width":4032,"height":3024,"caption":"#paratodosverem - Alunas com certificados da oficina Designer de Sobrancelhas promovida pela Semtepi"},{"@type":"BreadcrumbList","@id":"https:\/\/www.manaus.am.gov.br\/semtepi\/certificacao\/formacao-oficina-designer-sobrancelhas\/#breadcrumb","itemListElement":[{"@type":"ListItem","position":1,"name":"Home","item":"https:\/\/www.manaus.am.gov.br\/semtepi\/"},{"@type":"ListItem","position":2,"name":"Mais de 40 alunas concluem forma\u00e7\u00e3o em oficina \u2018Designer de Sobrancelhas\u2019 da Prefeitura de Manaus"}]},{"@type":"WebSite","@id":"https:\/\/www.manaus.am.gov.br\/semtepi\/#website","url":"https:\/\/www.manaus.am.gov.br\/semtepi\/","name":"SEMTEPI","description":"Prefeitura de Manaus","publisher":{"@id":"https:\/\/www.manaus.am.gov.br\/semtepi\/#organization"},"alternateName":"Secretaria Municipal do Trabalho, Empreendedorismo e Inova\u00e7\u00e3o","potentialAction":[{"@type":"SearchAction","target":{"@type":"EntryPoint","urlTemplate":"https:\/\/www.manaus.am.gov.br\/semtepi\/?s={search_term_string}"},"query-input":"required name=search_term_string"}],"inLanguage":"pt-BR"},{"@type":"Organization","@id":"https:\/\/www.manaus.am.gov.br\/semtepi\/#organization","name":"Prefeitura Municipal de Manaus","alternateName":"Prefeitura de Manaus","url":"https:\/\/www.manaus.am.gov.br\/semtepi\/","logo":{"@type":"ImageObject","inLanguage":"pt-BR","@id":"https:\/\/www.manaus.am.gov.br\/semtepi\/#\/schema\/logo\/image\/","url":"https:\/\/www.manaus.am.gov.br\/semtepi\/wp-content\/uploads\/sites\/20\/2024\/07\/favicon.png","contentUrl":"https:\/\/www.manaus.am.gov.br\/semtepi\/wp-content\/uploads\/sites\/20\/2024\/07\/favicon.png","width":300,"height":300,"caption":"Prefeitura Municipal de Manaus"},"image":{"@id":"https:\/\/www.manaus.am.gov.br\/semtepi\/#\/schema\/logo\/image\/"}},{"@type":"Person","@id":"https:\/\/www.manaus.am.gov.br\/semtepi\/#\/schema\/person\/05d223aea2bf115f9883a6ff3683d81b","name":"Bruna Greco","image":{"@type":"ImageObject","inLanguage":"pt-BR","@id":"https:\/\/www.manaus.am.gov.br\/semtepi\/#\/schema\/person\/image\/","url":"https:\/\/secure.gravatar.com\/avatar\/9c877d1a6adc2a055330e5c09a8653ce?s=96&d=mm&r=g","contentUrl":"https:\/\/secure.gravatar.com\/avatar\/9c877d1a6adc2a055330e5c09a8653ce?s=96&d=mm&r=g","caption":"Bruna Greco"}}]}},"_links":{"self":[{"href":"https:\/\/www.manaus.am.gov.br\/semtepi\/wp-json\/wp\/v2\/posts\/6825"}],"collection":[{"href":"https:\/\/www.manaus.am.gov.br\/semtepi\/wp-json\/wp\/v2\/posts"}],"about":[{"href":"https:\/\/www.manaus.am.gov.br\/semtepi\/wp-json\/wp\/v2\/types\/post"}],"author":[{"embeddable":true,"href":"https:\/\/www.manaus.am.gov.br\/semtepi\/wp-json\/wp\/v2\/users\/39"}],"replies":[{"embeddable":true,"href":"https:\/\/www.manaus.am.gov.br\/semtepi\/wp-json\/wp\/v2\/comments?post=6825"}],"version-history":[{"count":1,"href":"https:\/\/www.manaus.am.gov.br\/semtepi\/wp-json\/wp\/v2\/posts\/6825\/revisions"}],"predecessor-version":[{"id":6828,"href":"https:\/\/www.manaus.am.gov.br\/semtepi\/wp-json\/wp\/v2\/posts\/6825\/revisions\/6828"}],"wp:featuredmedia":[{"embeddable":true,"href":"https:\/\/www.manaus.am.gov.br\/semtepi\/wp-json\/wp\/v2\/media\/6826"}],"wp:attachment":[{"href":"https:\/\/www.manaus.am.gov.br\/semtepi\/wp-json\/wp\/v2\/media?parent=6825"}],"wp:term":[{"taxonomy":"category","embeddable":true,"href":"https:\/\/www.manaus.am.gov.br\/semtepi\/wp-json\/wp\/v2\/categories?post=6825"},{"taxonomy":"post_tag","embeddable":true,"href":"https:\/\/www.manaus.am.gov.br\/semtepi\/wp-json\/wp\/v2\/tags?post=6825"}],"curies":[{"name":"wp","href":"https:\/\/api.w.org\/{rel}","templated":true}]}}