{"id":6815,"date":"2025-08-21T13:07:06","date_gmt":"2025-08-21T17:07:06","guid":{"rendered":"https:\/\/www.manaus.am.gov.br\/semtepi\/sem-categoria\/315a-reuniao-ordinaria-codam\/"},"modified":"2025-08-21T13:07:06","modified_gmt":"2025-08-21T17:07:06","slug":"315a-reuniao-ordinaria-codam","status":"publish","type":"post","link":"https:\/\/www.manaus.am.gov.br\/semtepi\/reuniao\/315a-reuniao-ordinaria-codam\/","title":{"rendered":"Prefeitura de Manaus participa da 315\u00aa reuni\u00e3o ordin\u00e1ria do Conselho de Desenvolvimento do Estado do Amazonas"},"content":{"rendered":"\n<p>A Prefeitura de Manaus, por meio da Secretaria Municipal do Trabalho, Empreendedorismo e Inova\u00e7\u00e3o (Semtepi), participou, nesta quinta-feira, 21\/8, da 315\u00aa reuni\u00e3o ordin\u00e1ria do Conselho de Desenvolvimento do Estado do Amazonas (Codam). O encontro ocorreu no audit\u00f3rio Arivaldo Silveira Fontes, do Servi\u00e7o Nacional de Aprendizagem Industrial (Senai), localizado na avenida General Rodrigo Ot\u00e1vio, n\u00ba 2.394, Distrito Industrial 1, zona Sul da capital.<\/p>\n\n\n\n<p>A edi\u00e7\u00e3o destacou-se por registrar o maior volume de projetos em an\u00e1lise dos \u00faltimos 10 anos, com 64 propostas industriais submetidas \u00e0 aprecia\u00e7\u00e3o, representando tamb\u00e9m o maior n\u00famero deste ano at\u00e9 o momento. A Semtepi integrou a comiss\u00e3o avaliadora respons\u00e1vel pela aprova\u00e7\u00e3o de projetos estrat\u00e9gicos de alto investimento, voltados ao fortalecimento e \u00e0 expans\u00e3o do parque industrial de Manaus, tamb\u00e9m conhecido como Zona Franca de Manaus (ZFM).<\/p>\n\n\n\n<p>\u201cTivemos a oportunidade de receber atualiza\u00e7\u00f5es sobre o hist\u00f3rico e a evolu\u00e7\u00e3o do parque industrial de Manaus, al\u00e9m de informa\u00e7\u00f5es relevantes que proporcionar\u00e3o maior seguran\u00e7a e estabilidade \u00e0 ind\u00fastria e ao com\u00e9rcio local. Estou certo de que este encontro foi essencial para que este ano seja marcado por avan\u00e7os significativos e conquistas para a nossa cidade\u201d, destacou o titular da Semtepi, Alonso Oliveira.<\/p>\n\n\n\n<p>Durante a reuni\u00e3o, foram debatidos temas como o desempenho econ\u00f4mico do Estado, o ambiente favor\u00e1vel \u00e0 atra\u00e7\u00e3o de novos investimentos e o faturamento do Polo Industrial de Manaus (PIM). Na ocasi\u00e3o, tamb\u00e9m foram empossados 12 novos conselheiros.<\/p>\n\n\n\n<figure class=\"wp-block-image size-large\"><img loading=\"lazy\" decoding=\"async\" width=\"1024\" height=\"683\" src=\"https:\/\/www.manaus.am.gov.br\/semtepi\/wp-content\/uploads\/sites\/20\/2025\/08\/Reuniao-2-1024x683.jpeg\" alt=\"\" class=\"wp-image-6816\" srcset=\"https:\/\/www.manaus.am.gov.br\/semtepi\/wp-content\/uploads\/sites\/20\/2025\/08\/Reuniao-2-1024x683.jpeg 1024w, https:\/\/www.manaus.am.gov.br\/semtepi\/wp-content\/uploads\/sites\/20\/2025\/08\/Reuniao-2-300x200.jpeg 300w, https:\/\/www.manaus.am.gov.br\/semtepi\/wp-content\/uploads\/sites\/20\/2025\/08\/Reuniao-2-768x512.jpeg 768w, https:\/\/www.manaus.am.gov.br\/semtepi\/wp-content\/uploads\/sites\/20\/2025\/08\/Reuniao-2-1536x1024.jpeg 1536w, https:\/\/www.manaus.am.gov.br\/semtepi\/wp-content\/uploads\/sites\/20\/2025\/08\/Reuniao-2-2048x1366.jpeg 2048w\" sizes=\"(max-width: 1024px) 100vw, 1024px\" \/><\/figure>\n\n\n\n<p>&#8212; &#8212; &#8212;<\/p>\n\n\n\n<p><strong>Texto \u2013 <\/strong>Fabiane Monteiro\/Semtepi<\/p>\n\n\n\n<p><strong>Fotos \u2013 <\/strong>Ruan Souza\/Semtepi<\/p>\n","protected":false},"excerpt":{"rendered":"","protected":false},"author":39,"featured_media":6817,"comment_status":"closed","ping_status":"closed","sticky":false,"template":"","format":"standard","meta":{"footnotes":""},"categories":[418],"tags":[1493,1494,1495,8,9],"acf":[],"yoast_head":"<!-- This site is optimized with the Yoast SEO plugin v23.0 - https:\/\/yoast.com\/wordpress\/plugins\/seo\/ -->\n<title>Prefeitura participa da 315\u00aa reuni\u00e3o ordin\u00e1ria do Codam<\/title>\n<meta name=\"description\" content=\"Prefeitura de Manaus participa da 315\u00aa reuni\u00e3o ordin\u00e1ria do Conselho de Desenvolvimento do Estado do Amazonas.\" \/>\n<meta name=\"robots\" content=\"noindex, follow\" \/>\n<meta property=\"og:locale\" content=\"pt_BR\" \/>\n<meta property=\"og:type\" content=\"article\" \/>\n<meta property=\"og:title\" content=\"Prefeitura participa da 315\u00aa reuni\u00e3o ordin\u00e1ria do Codam\" \/>\n<meta property=\"og:description\" content=\"Prefeitura de Manaus participa da 315\u00aa reuni\u00e3o ordin\u00e1ria do Conselho de Desenvolvimento do Estado do Amazonas.\" \/>\n<meta property=\"og:url\" content=\"https:\/\/www.manaus.am.gov.br\/semtepi\/reuniao\/315a-reuniao-ordinaria-codam\/\" \/>\n<meta property=\"og:site_name\" content=\"SEMTEPI\" \/>\n<meta property=\"article:published_time\" content=\"2025-08-21T17:07:06+00:00\" \/>\n<meta property=\"og:image\" content=\"https:\/\/www.manaus.am.gov.br\/semtepi\/wp-content\/uploads\/sites\/20\/2025\/08\/Reuniao-1.jpeg\" \/>\n\t<meta property=\"og:image:width\" content=\"4160\" \/>\n\t<meta property=\"og:image:height\" content=\"2774\" \/>\n\t<meta property=\"og:image:type\" content=\"image\/jpeg\" \/>\n<meta name=\"author\" content=\"Bruna Greco\" \/>\n<meta name=\"twitter:card\" content=\"summary_large_image\" \/>\n<meta name=\"twitter:label1\" content=\"Written by\" \/>\n\t<meta name=\"twitter:data1\" content=\"Bruna Greco\" \/>\n\t<meta name=\"twitter:label2\" content=\"Est. reading time\" \/>\n\t<meta name=\"twitter:data2\" content=\"2 minutos\" \/>\n<script type=\"application\/ld+json\" class=\"yoast-schema-graph\">{\"@context\":\"https:\/\/schema.org\",\"@graph\":[{\"@type\":\"Article\",\"@id\":\"https:\/\/www.manaus.am.gov.br\/semtepi\/reuniao\/315a-reuniao-ordinaria-codam\/#article\",\"isPartOf\":{\"@id\":\"https:\/\/www.manaus.am.gov.br\/semtepi\/reuniao\/315a-reuniao-ordinaria-codam\/\"},\"author\":{\"name\":\"Bruna Greco\",\"@id\":\"https:\/\/www.manaus.am.gov.br\/semtepi\/#\/schema\/person\/05d223aea2bf115f9883a6ff3683d81b\"},\"headline\":\"Prefeitura de Manaus participa da 315\u00aa reuni\u00e3o ordin\u00e1ria do Conselho de Desenvolvimento do Estado do Amazonas\",\"datePublished\":\"2025-08-21T17:07:06+00:00\",\"dateModified\":\"2025-08-21T17:07:06+00:00\",\"mainEntityOfPage\":{\"@id\":\"https:\/\/www.manaus.am.gov.br\/semtepi\/reuniao\/315a-reuniao-ordinaria-codam\/\"},\"wordCount\":279,\"publisher\":{\"@id\":\"https:\/\/www.manaus.am.gov.br\/semtepi\/#organization\"},\"image\":{\"@id\":\"https:\/\/www.manaus.am.gov.br\/semtepi\/reuniao\/315a-reuniao-ordinaria-codam\/#primaryimage\"},\"thumbnailUrl\":\"https:\/\/www.manaus.am.gov.br\/semtepi\/wp-content\/uploads\/sites\/20\/2025\/08\/Reuniao-1.jpeg\",\"keywords\":[\"315\u00aa reuni\u00e3o ordin\u00e1ria\",\"Conselho de Desenvolvimento do Estado do Amazonas (Codam)\",\"expans\u00e3o do parque Industrial de Manaus\",\"prefeitura de manaus\",\"Semtepi\"],\"articleSection\":[\"Reuni\u00e3o\"],\"inLanguage\":\"pt-BR\"},{\"@type\":\"WebPage\",\"@id\":\"https:\/\/www.manaus.am.gov.br\/semtepi\/reuniao\/315a-reuniao-ordinaria-codam\/\",\"url\":\"https:\/\/www.manaus.am.gov.br\/semtepi\/reuniao\/315a-reuniao-ordinaria-codam\/\",\"name\":\"Prefeitura participa da 315\u00aa reuni\u00e3o ordin\u00e1ria do Codam\",\"isPartOf\":{\"@id\":\"https:\/\/www.manaus.am.gov.br\/semtepi\/#website\"},\"primaryImageOfPage\":{\"@id\":\"https:\/\/www.manaus.am.gov.br\/semtepi\/reuniao\/315a-reuniao-ordinaria-codam\/#primaryimage\"},\"image\":{\"@id\":\"https:\/\/www.manaus.am.gov.br\/semtepi\/reuniao\/315a-reuniao-ordinaria-codam\/#primaryimage\"},\"thumbnailUrl\":\"https:\/\/www.manaus.am.gov.br\/semtepi\/wp-content\/uploads\/sites\/20\/2025\/08\/Reuniao-1.jpeg\",\"datePublished\":\"2025-08-21T17:07:06+00:00\",\"dateModified\":\"2025-08-21T17:07:06+00:00\",\"description\":\"Prefeitura de Manaus participa da 315\u00aa reuni\u00e3o ordin\u00e1ria do Conselho de Desenvolvimento do Estado do Amazonas.\",\"breadcrumb\":{\"@id\":\"https:\/\/www.manaus.am.gov.br\/semtepi\/reuniao\/315a-reuniao-ordinaria-codam\/#breadcrumb\"},\"inLanguage\":\"pt-BR\",\"potentialAction\":[{\"@type\":\"ReadAction\",\"target\":[\"https:\/\/www.manaus.am.gov.br\/semtepi\/reuniao\/315a-reuniao-ordinaria-codam\/\"]}]},{\"@type\":\"ImageObject\",\"inLanguage\":\"pt-BR\",\"@id\":\"https:\/\/www.manaus.am.gov.br\/semtepi\/reuniao\/315a-reuniao-ordinaria-codam\/#primaryimage\",\"url\":\"https:\/\/www.manaus.am.gov.br\/semtepi\/wp-content\/uploads\/sites\/20\/2025\/08\/Reuniao-1.jpeg\",\"contentUrl\":\"https:\/\/www.manaus.am.gov.br\/semtepi\/wp-content\/uploads\/sites\/20\/2025\/08\/Reuniao-1.jpeg\",\"width\":4160,\"height\":2774,\"caption\":\"#paratodosverem - 315\u00aa reuni\u00e3o ordin\u00e1ria do Conselho de Desenvolvimento do Estado do Amazonas (Codam)\"},{\"@type\":\"BreadcrumbList\",\"@id\":\"https:\/\/www.manaus.am.gov.br\/semtepi\/reuniao\/315a-reuniao-ordinaria-codam\/#breadcrumb\",\"itemListElement\":[{\"@type\":\"ListItem\",\"position\":1,\"name\":\"Home\",\"item\":\"https:\/\/www.manaus.am.gov.br\/semtepi\/\"},{\"@type\":\"ListItem\",\"position\":2,\"name\":\"Prefeitura de Manaus participa da 315\u00aa reuni\u00e3o ordin\u00e1ria do Conselho de Desenvolvimento do Estado do Amazonas\"}]},{\"@type\":\"WebSite\",\"@id\":\"https:\/\/www.manaus.am.gov.br\/semtepi\/#website\",\"url\":\"https:\/\/www.manaus.am.gov.br\/semtepi\/\",\"name\":\"SEMTEPI\",\"description\":\"Prefeitura de Manaus\",\"publisher\":{\"@id\":\"https:\/\/www.manaus.am.gov.br\/semtepi\/#organization\"},\"alternateName\":\"Secretaria Municipal do Trabalho, Empreendedorismo e Inova\u00e7\u00e3o\",\"potentialAction\":[{\"@type\":\"SearchAction\",\"target\":{\"@type\":\"EntryPoint\",\"urlTemplate\":\"https:\/\/www.manaus.am.gov.br\/semtepi\/?s={search_term_string}\"},\"query-input\":\"required name=search_term_string\"}],\"inLanguage\":\"pt-BR\"},{\"@type\":\"Organization\",\"@id\":\"https:\/\/www.manaus.am.gov.br\/semtepi\/#organization\",\"name\":\"Prefeitura Municipal de Manaus\",\"alternateName\":\"Prefeitura de Manaus\",\"url\":\"https:\/\/www.manaus.am.gov.br\/semtepi\/\",\"logo\":{\"@type\":\"ImageObject\",\"inLanguage\":\"pt-BR\",\"@id\":\"https:\/\/www.manaus.am.gov.br\/semtepi\/#\/schema\/logo\/image\/\",\"url\":\"https:\/\/www.manaus.am.gov.br\/semtepi\/wp-content\/uploads\/sites\/20\/2024\/07\/favicon.png\",\"contentUrl\":\"https:\/\/www.manaus.am.gov.br\/semtepi\/wp-content\/uploads\/sites\/20\/2024\/07\/favicon.png\",\"width\":300,\"height\":300,\"caption\":\"Prefeitura Municipal de Manaus\"},\"image\":{\"@id\":\"https:\/\/www.manaus.am.gov.br\/semtepi\/#\/schema\/logo\/image\/\"}},{\"@type\":\"Person\",\"@id\":\"https:\/\/www.manaus.am.gov.br\/semtepi\/#\/schema\/person\/05d223aea2bf115f9883a6ff3683d81b\",\"name\":\"Bruna Greco\",\"image\":{\"@type\":\"ImageObject\",\"inLanguage\":\"pt-BR\",\"@id\":\"https:\/\/www.manaus.am.gov.br\/semtepi\/#\/schema\/person\/image\/\",\"url\":\"https:\/\/secure.gravatar.com\/avatar\/9c877d1a6adc2a055330e5c09a8653ce?s=96&d=mm&r=g\",\"contentUrl\":\"https:\/\/secure.gravatar.com\/avatar\/9c877d1a6adc2a055330e5c09a8653ce?s=96&d=mm&r=g\",\"caption\":\"Bruna Greco\"}}]}<\/script>\n<!-- \/ Yoast SEO plugin. -->","yoast_head_json":{"title":"Prefeitura participa da 315\u00aa reuni\u00e3o ordin\u00e1ria do Codam","description":"Prefeitura de Manaus participa da 315\u00aa reuni\u00e3o ordin\u00e1ria do Conselho de Desenvolvimento do Estado do Amazonas.","robots":{"index":"noindex","follow":"follow"},"og_locale":"pt_BR","og_type":"article","og_title":"Prefeitura participa da 315\u00aa reuni\u00e3o ordin\u00e1ria do Codam","og_description":"Prefeitura de Manaus participa da 315\u00aa reuni\u00e3o ordin\u00e1ria do Conselho de Desenvolvimento do Estado do Amazonas.","og_url":"https:\/\/www.manaus.am.gov.br\/semtepi\/reuniao\/315a-reuniao-ordinaria-codam\/","og_site_name":"SEMTEPI","article_published_time":"2025-08-21T17:07:06+00:00","og_image":[{"width":4160,"height":2774,"url":"https:\/\/www.manaus.am.gov.br\/semtepi\/wp-content\/uploads\/sites\/20\/2025\/08\/Reuniao-1.jpeg","type":"image\/jpeg"}],"author":"Bruna Greco","twitter_card":"summary_large_image","twitter_misc":{"Written by":"Bruna Greco","Est. reading time":"2 minutos"},"schema":{"@context":"https:\/\/schema.org","@graph":[{"@type":"Article","@id":"https:\/\/www.manaus.am.gov.br\/semtepi\/reuniao\/315a-reuniao-ordinaria-codam\/#article","isPartOf":{"@id":"https:\/\/www.manaus.am.gov.br\/semtepi\/reuniao\/315a-reuniao-ordinaria-codam\/"},"author":{"name":"Bruna Greco","@id":"https:\/\/www.manaus.am.gov.br\/semtepi\/#\/schema\/person\/05d223aea2bf115f9883a6ff3683d81b"},"headline":"Prefeitura de Manaus participa da 315\u00aa reuni\u00e3o ordin\u00e1ria do Conselho de Desenvolvimento do Estado do Amazonas","datePublished":"2025-08-21T17:07:06+00:00","dateModified":"2025-08-21T17:07:06+00:00","mainEntityOfPage":{"@id":"https:\/\/www.manaus.am.gov.br\/semtepi\/reuniao\/315a-reuniao-ordinaria-codam\/"},"wordCount":279,"publisher":{"@id":"https:\/\/www.manaus.am.gov.br\/semtepi\/#organization"},"image":{"@id":"https:\/\/www.manaus.am.gov.br\/semtepi\/reuniao\/315a-reuniao-ordinaria-codam\/#primaryimage"},"thumbnailUrl":"https:\/\/www.manaus.am.gov.br\/semtepi\/wp-content\/uploads\/sites\/20\/2025\/08\/Reuniao-1.jpeg","keywords":["315\u00aa reuni\u00e3o ordin\u00e1ria","Conselho de Desenvolvimento do Estado do Amazonas (Codam)","expans\u00e3o do parque Industrial de Manaus","prefeitura de manaus","Semtepi"],"articleSection":["Reuni\u00e3o"],"inLanguage":"pt-BR"},{"@type":"WebPage","@id":"https:\/\/www.manaus.am.gov.br\/semtepi\/reuniao\/315a-reuniao-ordinaria-codam\/","url":"https:\/\/www.manaus.am.gov.br\/semtepi\/reuniao\/315a-reuniao-ordinaria-codam\/","name":"Prefeitura participa da 315\u00aa reuni\u00e3o ordin\u00e1ria do Codam","isPartOf":{"@id":"https:\/\/www.manaus.am.gov.br\/semtepi\/#website"},"primaryImageOfPage":{"@id":"https:\/\/www.manaus.am.gov.br\/semtepi\/reuniao\/315a-reuniao-ordinaria-codam\/#primaryimage"},"image":{"@id":"https:\/\/www.manaus.am.gov.br\/semtepi\/reuniao\/315a-reuniao-ordinaria-codam\/#primaryimage"},"thumbnailUrl":"https:\/\/www.manaus.am.gov.br\/semtepi\/wp-content\/uploads\/sites\/20\/2025\/08\/Reuniao-1.jpeg","datePublished":"2025-08-21T17:07:06+00:00","dateModified":"2025-08-21T17:07:06+00:00","description":"Prefeitura de Manaus participa da 315\u00aa reuni\u00e3o ordin\u00e1ria do Conselho de Desenvolvimento do Estado do Amazonas.","breadcrumb":{"@id":"https:\/\/www.manaus.am.gov.br\/semtepi\/reuniao\/315a-reuniao-ordinaria-codam\/#breadcrumb"},"inLanguage":"pt-BR","potentialAction":[{"@type":"ReadAction","target":["https:\/\/www.manaus.am.gov.br\/semtepi\/reuniao\/315a-reuniao-ordinaria-codam\/"]}]},{"@type":"ImageObject","inLanguage":"pt-BR","@id":"https:\/\/www.manaus.am.gov.br\/semtepi\/reuniao\/315a-reuniao-ordinaria-codam\/#primaryimage","url":"https:\/\/www.manaus.am.gov.br\/semtepi\/wp-content\/uploads\/sites\/20\/2025\/08\/Reuniao-1.jpeg","contentUrl":"https:\/\/www.manaus.am.gov.br\/semtepi\/wp-content\/uploads\/sites\/20\/2025\/08\/Reuniao-1.jpeg","width":4160,"height":2774,"caption":"#paratodosverem - 315\u00aa reuni\u00e3o ordin\u00e1ria do Conselho de Desenvolvimento do Estado do Amazonas (Codam)"},{"@type":"BreadcrumbList","@id":"https:\/\/www.manaus.am.gov.br\/semtepi\/reuniao\/315a-reuniao-ordinaria-codam\/#breadcrumb","itemListElement":[{"@type":"ListItem","position":1,"name":"Home","item":"https:\/\/www.manaus.am.gov.br\/semtepi\/"},{"@type":"ListItem","position":2,"name":"Prefeitura de Manaus participa da 315\u00aa reuni\u00e3o ordin\u00e1ria do Conselho de Desenvolvimento do Estado do Amazonas"}]},{"@type":"WebSite","@id":"https:\/\/www.manaus.am.gov.br\/semtepi\/#website","url":"https:\/\/www.manaus.am.gov.br\/semtepi\/","name":"SEMTEPI","description":"Prefeitura de Manaus","publisher":{"@id":"https:\/\/www.manaus.am.gov.br\/semtepi\/#organization"},"alternateName":"Secretaria Municipal do Trabalho, Empreendedorismo e Inova\u00e7\u00e3o","potentialAction":[{"@type":"SearchAction","target":{"@type":"EntryPoint","urlTemplate":"https:\/\/www.manaus.am.gov.br\/semtepi\/?s={search_term_string}"},"query-input":"required name=search_term_string"}],"inLanguage":"pt-BR"},{"@type":"Organization","@id":"https:\/\/www.manaus.am.gov.br\/semtepi\/#organization","name":"Prefeitura Municipal de Manaus","alternateName":"Prefeitura de Manaus","url":"https:\/\/www.manaus.am.gov.br\/semtepi\/","logo":{"@type":"ImageObject","inLanguage":"pt-BR","@id":"https:\/\/www.manaus.am.gov.br\/semtepi\/#\/schema\/logo\/image\/","url":"https:\/\/www.manaus.am.gov.br\/semtepi\/wp-content\/uploads\/sites\/20\/2024\/07\/favicon.png","contentUrl":"https:\/\/www.manaus.am.gov.br\/semtepi\/wp-content\/uploads\/sites\/20\/2024\/07\/favicon.png","width":300,"height":300,"caption":"Prefeitura Municipal de Manaus"},"image":{"@id":"https:\/\/www.manaus.am.gov.br\/semtepi\/#\/schema\/logo\/image\/"}},{"@type":"Person","@id":"https:\/\/www.manaus.am.gov.br\/semtepi\/#\/schema\/person\/05d223aea2bf115f9883a6ff3683d81b","name":"Bruna Greco","image":{"@type":"ImageObject","inLanguage":"pt-BR","@id":"https:\/\/www.manaus.am.gov.br\/semtepi\/#\/schema\/person\/image\/","url":"https:\/\/secure.gravatar.com\/avatar\/9c877d1a6adc2a055330e5c09a8653ce?s=96&d=mm&r=g","contentUrl":"https:\/\/secure.gravatar.com\/avatar\/9c877d1a6adc2a055330e5c09a8653ce?s=96&d=mm&r=g","caption":"Bruna Greco"}}]}},"_links":{"self":[{"href":"https:\/\/www.manaus.am.gov.br\/semtepi\/wp-json\/wp\/v2\/posts\/6815"}],"collection":[{"href":"https:\/\/www.manaus.am.gov.br\/semtepi\/wp-json\/wp\/v2\/posts"}],"about":[{"href":"https:\/\/www.manaus.am.gov.br\/semtepi\/wp-json\/wp\/v2\/types\/post"}],"author":[{"embeddable":true,"href":"https:\/\/www.manaus.am.gov.br\/semtepi\/wp-json\/wp\/v2\/users\/39"}],"replies":[{"embeddable":true,"href":"https:\/\/www.manaus.am.gov.br\/semtepi\/wp-json\/wp\/v2\/comments?post=6815"}],"version-history":[{"count":1,"href":"https:\/\/www.manaus.am.gov.br\/semtepi\/wp-json\/wp\/v2\/posts\/6815\/revisions"}],"predecessor-version":[{"id":6818,"href":"https:\/\/www.manaus.am.gov.br\/semtepi\/wp-json\/wp\/v2\/posts\/6815\/revisions\/6818"}],"wp:featuredmedia":[{"embeddable":true,"href":"https:\/\/www.manaus.am.gov.br\/semtepi\/wp-json\/wp\/v2\/media\/6817"}],"wp:attachment":[{"href":"https:\/\/www.manaus.am.gov.br\/semtepi\/wp-json\/wp\/v2\/media?parent=6815"}],"wp:term":[{"taxonomy":"category","embeddable":true,"href":"https:\/\/www.manaus.am.gov.br\/semtepi\/wp-json\/wp\/v2\/categories?post=6815"},{"taxonomy":"post_tag","embeddable":true,"href":"https:\/\/www.manaus.am.gov.br\/semtepi\/wp-json\/wp\/v2\/tags?post=6815"}],"curies":[{"name":"wp","href":"https:\/\/api.w.org\/{rel}","templated":true}]}}